{"id":8952,"date":"2021-01-18T11:17:41","date_gmt":"2021-01-18T10:17:41","guid":{"rendered":"https:\/\/www.compagniadisanpaolo.it\/?p=8952"},"modified":"2021-09-08T16:58:19","modified_gmt":"2021-09-08T14:58:19","slug":"nati-per-leggere-piemonte-prosegue-nel-2021","status":"publish","type":"post","link":"https:\/\/www.compagniadisanpaolo.it\/it\/news\/nati-per-leggere-piemonte-prosegue-nel-2021\/","title":{"rendered":"Nati per Leggere Piemonte prosegue nel 2021"},"content":{"rendered":"<div class=\"wpb-content-wrapper\">[vc_row][vc_column][vc_column_text el_class=&#8221;text-headline2&#8243;]<i>La Fondazione Compagnia di San Paolo anche quest&#8217;anno \u00e8 a fianco del progetto che promuove la lettura a voce alta in famiglia come strumento di crescita sana, sviluppo cognitivo e benessere relazionale.<\/i>[\/vc_column_text][\/vc_column][\/vc_row][vc_row][vc_column][vc_column_text]\n<div class=\"info-box mission\">\n\t\t<div class=\"info-box-wrap info-box-hor row pb-0\">\n\n\t\t      \n\t\t      <div class=\"spalla col-12 col-md-12\">\n\t\t\t<div class=\"info-box sharing-box\">\n\t\t\t  <span class=\"label\">Condividi:<\/span>\n\t\t\t  <div class=\"social-sharing\">\n\t\t\t    <span class=\"box\">\n\t\t\t      <a class=\"fb\" href=\"https:\/\/www.facebook.com\/sharer.php?u=https:\/\/www.compagniadisanpaolo.it\/it\/news\/nati-per-leggere-piemonte-prosegue-nel-2021\/\" target=\"_blank\">\n\t\t\t\t<span class=\"sr-only\">Facebook<\/span>\n\t\t\t\t<i class=\"fab fa-facebook-f\"><\/i>\n\t\t\t      <\/a>\n\t\t\t    <\/span>\n\t\t\t    \n\t\t\t    <style>\n.twitter, .twitter:hover{\ncolor:#000000 !important;}\n<\/style>\n\n\n\t\t\t    <span class=\"box\">\n\t\t\t      <a class=\"twitter\" href=\"https:\/\/twitter.com\/intent\/tweet?url=https:\/\/www.compagniadisanpaolo.it\/it\/news\/nati-per-leggere-piemonte-prosegue-nel-2021\/\">\n\t\t\t\t<span class=\"sr-only\">Twitter<\/span>\n\t\t\t\t<i class=\"fa-brands fa-x-twitter\"><\/i>\n\t\t\t      <\/a>\n\t\t\t    <\/span>\n\n\t\t\t    \n\t\t\t    <span class=\"box\">\n\t\t\t      <a class=\"linkedin\" href=\"https:\/\/www.linkedin.com\/shareArticle?mini=true&url=https:\/\/www.compagniadisanpaolo.it\/it\/news\/nati-per-leggere-piemonte-prosegue-nel-2021\/\">\n\t\t\t\t<span class=\"sr-only\">Linkedin<\/span>\n\t\t\t\t  <i class=\"fa-brands fa-linkedin-in\"><\/i>\n\t\t\t      <\/a>\n\t\t\t    <\/span>\n\n\t\t\t    <span class=\"box\">\n\t\t\t      <a class=\"whatsapp\" href=\"whatsapp:\/\/send?text=https:\/\/www.compagniadisanpaolo.it\/it\/news\/nati-per-leggere-piemonte-prosegue-nel-2021\/\" data-action=\"share\/whatsapp\/share\">\n\t\t\t\t<span class=\"sr-only\">Whatsapp<\/span>\n\t\t\t\t<i class=\"fa-brands fa-whatsapp\"><\/i>\n\t\t\t      <\/a>\n\t\t\t    <\/span>\n\n\t\t\t    <span class=\"box\">\n\t\t\t      <a class=\"mail\" href=\"mailto:?subject=Nati per Leggere Piemonte prosegue nel 2021&body=https:\/\/www.compagniadisanpaolo.it\/it\/news\/nati-per-leggere-piemonte-prosegue-nel-2021\/\">\n\t\t\t\t<span class=\"sr-only\">Mail<\/span>\n\t\t\t\t <i class=\"fa-solid fa-envelope\"><\/i>\n\t\t\t      <\/a>\n\t\t\t    <\/span>\n\t\t\t    \n\t\t\t  <\/div>\n\t\t\t<\/div>\n\t      <\/div>\n\t    <\/div><\/div>\n[\/vc_column_text][\/vc_column][\/vc_row][vc_row][vc_column width=&#8221;1\/4&#8243;][vc_column_text]\n\n\n\t\t<div class=\"info-box-wrap\">\n\n\t  <div class=\"info-box date-pub\">\n\t  \t<span class=\"label\">Data di pubblicazione:<\/span>\n\t    <span class=\"value\">18 Gennaio 2021<\/span>\n\t  <\/div>\n\t\t\t\t  <div class=\"info-box obj-culture\">\n\t\t\t\t\t  <div class=\"info-box obj\"><span class=\"label\">Obiettivo<\/span>\n\t\t\t\t\t    <div class=\"obj-small-box\">\n\t\t\t\t\t      <span>Cultura.<\/span>\n\t\t\t\t\t    <\/div>\n\t\t\t\t\t  <\/div>\n\t\t\t\t  <\/div>\n\t\t\t  <div class=\"info-box mission\"><span class=\"label\">Tag<\/span><a href=\"https:\/\/www.compagniadisanpaolo.it\/it\/tags\/risultati\/?_sft_post_tag=comunita-educanti\" class=\"tag-element\">Comunit\u00e0 educanti<\/a><a href=\"https:\/\/www.compagniadisanpaolo.it\/it\/tags\/risultati\/?_sft_post_tag=empowerment-delle-famiglie\" class=\"tag-element\">Empowerment delle famiglie<\/a><a href=\"https:\/\/www.compagniadisanpaolo.it\/it\/tags\/risultati\/?_sft_post_tag=formazione\" class=\"tag-element\">Formazione<\/a><\/div>\t  \n\t<\/div>\n[\/vc_column_text][\/vc_column][vc_column width=&#8221;3\/4&#8243; el_class=&#8221;page-content&#8221;][vc_column_text el_class=&#8221;text&#8221;]Con il 2021 riprendono le attivit\u00e0 di &#8220;<strong>Nati per Leggere Piemonte<\/strong>&#8220;, sostenuto anche quest\u2019anno dalla Fondazione Compagnia di San Paolo in collaborazione con la <strong>Regione Piemonte<\/strong>.<\/p>\n<p>&#8220;Nati per Leggere Piemonte\u201d \u00e8 lo sviluppo su base regionale del progetto nazionale \u201cNati per Leggere\u201d, <strong>rivolto a bambini tra 0 e 6 anni<\/strong>, basato sulla conferma scientifica che la lettura nei primi anni di vita favorisce lo sviluppo cognitivo e affettivo-relazionale del bambino.<\/p>\n<p>Un progetto che ha assunto una rilevanza ancora maggiore in seguito all\u2019emergenza Covid-19, che ha colpito profondamente la vita dei pi\u00f9 giovani, che hanno visto limitare e irrigidire le loro relazioni e le opportunit\u00e0 offerte nei propri ambienti educativi.<\/p>\n<p>In questo contesto, &#8220;Nati per Leggere&#8221; diventa cos\u00ec uno <strong>strumento di aiuto per genitori, educatori e per chi si prende cura dei pi\u00f9 piccoli<\/strong>, grazie alla capacit\u00e0 della lettura ad alta voce di favorire il benessere nelle relazioni familiari e lo sviluppo cognitivo dei bambini.<\/p>\n<p>Nel 2021, <strong>414 biblioteche<\/strong> e i loro <strong>1.100 volontari<\/strong>, <strong>1.200 tra asili nido e scuole d\u2019infanzia<\/strong>, oltre <strong>250 pediatri<\/strong> e numerosi operatori sanitari collaboreranno per diffondere questa abitudine nelle famiglie di <strong>455 Comuni piemontesi<\/strong>, perch\u00e9 contribuisca alla crescita sana ed equilibrata dei bambini anche in questo difficile periodo. Sono previsti: laboratori di lettura, attivit\u00e0 di sensibilizzazione e formazione, la distribuzione nelle case di libri dono e altre iniziative, utilizzando il mezzo digitale dove non sar\u00e0 possibile l\u2019attivit\u00e0 in presenza.<\/p>\n<p>Maggiori informazioni sul progetto e sui Comuni coinvolti da Nati per Leggere Piemonte si trovano <strong><a href=\"https:\/\/www.compagniadisanpaolo.it\/it\/progetti\/nati-per-leggere-piemonte\/\">cliccando qui.<\/a><\/strong>[\/vc_column_text][\/vc_column][\/vc_row][vc_row el_class=&#8221;sdg-list-wrap&#8221;][vc_column][vc_raw_html]JTVCbW9zdHJhU0RHUyU1RA==[\/vc_raw_html][\/vc_column][\/vc_row][vc_row][vc_column]<div class=\"templatera_shortcode\"><div data-vc-full-width=\"true\" data-vc-full-width-temp=\"true\" data-vc-full-width-init=\"false\" class=\"vc_row wpb_row vc_row-fluid newsletter-wrap\"><div class=\"wpb_column vc_column_container vc_col-sm-12\"><div class=\"vc_column-inner\"><div class=\"wpb_wrapper\">\n\t<div class=\"wpb_raw_code wpb_raw_html wpb_content_element\" >\n\t\t<div class=\"wpb_wrapper\">\n\t\t\t    <div class=\"container\">\n      <div class=\"row align-items-center\">\n\t<div class=\"col-12 col-lg-6 col-xl-5 mb-3 mb-lg-0 pr-0\">\n\t  <h2 class=\"title\">Rimani aggiornato sui nostri bandi e sui nostri progetti<\/h2>\n\t<\/div>\n\t<div class=\"col-12 col-lg-6 col-xl-7 pl-xl-4\">\n\t  <a class=\"standard-link-block\" href=\"\/it\/newsletter\/\">\n\t    Compila il form e decidi su quale argomento vuoi ricevere notizie.\t    <strong>\u00a0 ISCRIVITI!<\/strong>\n\t  <\/a>\n\t<\/div>\n      <\/div>\n    <\/div>\n\t\t<\/div>\n\t<\/div>\n<\/div><\/div><\/div><\/div><div class=\"vc_row-full-width vc_clearfix\"><\/div><\/div>[\/vc_column][\/vc_row]\n<\/div>","protected":false},"excerpt":{"rendered":"La Fondazione Compagnia di San Paolo anche quest'anno \u00e8 a fianco del progetto che promuove la lettura a voce alta in famiglia come strumento di crescita sana, sviluppo cognitivo e benessere relazionale. Condividi: Facebook Twitter Linkedin Whatsapp Mail Data di pubblicazione: 18 Gennaio 2021 Obiettivo Cultura. TagComunit\u00e0 educantiEmpowerment delle famiglieFormazione Con il 2021 riprendono le attivit\u00e0 di \"Nati per Leggere Piemonte\", sostenuto anche quest\u2019anno dalla Fondazione Compagnia di San Paolo in collaborazione con la Regione Piemonte. \"Nati per Leggere Piemonte\u201d \u00e8 lo sviluppo su base regionale del progetto nazionale \u201cNati per Leggere\u201d, rivolto a bambini tra 0 e 6 anni, basato sulla conferma scientifica che la lettura nei primi anni di vita favorisce lo sviluppo cognitivo e affettivo-relazionale del bambino. Un progetto che ha assunto una rilevanza ancora maggiore in seguito all\u2019emergenza Covid-19, che ha colpito profondamente la vita dei pi\u00f9 giovani, che hanno visto limitare e irrigidire le loro relazioni e le opportunit\u00e0 offerte nei propri ambienti educativi. In questo contesto, \"Nati per Leggere\" diventa cos\u00ec uno strumento di aiuto per genitori, educatori e per chi si prende cura dei pi\u00f9 piccoli, grazie alla capacit\u00e0 della lettura ad alta voce di favorire il benessere nelle relazioni familiari e lo sviluppo cognitivo dei bambini. Nel 2021, 414 biblioteche e i loro 1.100 volontari, 1.200 tra asili nido e scuole d\u2019infanzia, oltre 250 pediatri e numerosi operatori sanitari collaboreranno per diffondere questa abitudine nelle famiglie di 455 Comuni piemontesi, perch\u00e9 contribuisca alla crescita sana ed equilibrata dei bambini anche in questo difficile periodo. Sono previsti: laboratori di lettura, attivit\u00e0 di sensibilizzazione e formazione, la distribuzione nelle case di libri dono e altre iniziative, utilizzando il mezzo digitale dove non sar\u00e0 possibile l\u2019attivit\u00e0 in presenza. Maggiori informazioni sul progetto e sui Comuni coinvolti da Nati per Leggere Piemonte si trovano cliccando qui. Questo Bando contribuisce al raggiungimento dei seguenti Obiettivi di Sviluppo Sostenibile Rimani aggiornato sui nostri bandi e sui nostri progetti Compila il form e decidi su quale argomento vuoi ricevere notizie. \u00a0 ISCRIVITI!","protected":false},"author":19,"featured_media":7603,"comment_status":"closed","ping_status":"closed","sticky":false,"template":"","format":"standard","meta":{"_acf_changed":false,"content-type":"","footnotes":""},"categories":[17],"tags":[81,80,53],"class_list":["post-8952","post","type-post","status-publish","format-standard","has-post-thumbnail","hentry","category-news","tag-comunita-educanti","tag-empowerment-delle-famiglie","tag-formazione","entry","post-inner"],"acf":[],"yoast_head":"<!-- This site is optimized with the Yoast SEO plugin v27.3 - https:\/\/yoast.com\/product\/yoast-seo-wordpress\/ -->\n<title>Nati per Leggere Piemonte prosegue nel 2021 - Fondazione Compagnia di San Paolo<\/title>\n<meta name=\"description\" content=\"La Fondazione Compagnia di San Paolo \u00e8 a fianco del progetto che promuove la lettura a voce alta in famiglia come strumento di crescita sana.\" \/>\n<meta name=\"robots\" content=\"index, follow, max-snippet:-1, max-image-preview:large, max-video-preview:-1\" \/>\n<link rel=\"canonical\" href=\"https:\/\/www.compagniadisanpaolo.it\/it\/news\/nati-per-leggere-piemonte-prosegue-nel-2021\/\" \/>\n<meta property=\"og:locale\" content=\"it_IT\" \/>\n<meta property=\"og:type\" content=\"article\" \/>\n<meta property=\"og:title\" content=\"Nati per Leggere Piemonte prosegue nel 2021 - Fondazione Compagnia di San Paolo\" \/>\n<meta property=\"og:description\" content=\"La Fondazione Compagnia di San Paolo \u00e8 a fianco del progetto che promuove la lettura a voce alta in famiglia come strumento di crescita sana.\" \/>\n<meta property=\"og:url\" content=\"https:\/\/www.compagniadisanpaolo.it\/it\/news\/nati-per-leggere-piemonte-prosegue-nel-2021\/\" \/>\n<meta property=\"og:site_name\" content=\"Fondazione Compagnia di San Paolo\" \/>\n<meta property=\"article:publisher\" content=\"https:\/\/www.facebook.com\/CompagniaDiSanPaolo\" \/>\n<meta property=\"article:published_time\" content=\"2021-01-18T10:17:41+00:00\" \/>\n<meta property=\"article:modified_time\" content=\"2021-09-08T14:58:19+00:00\" \/>\n<meta property=\"og:image\" content=\"https:\/\/www.compagniadisanpaolo.it\/wp-content\/uploads\/nati_leggere.jpg\" \/>\n\t<meta property=\"og:image:width\" content=\"815\" \/>\n\t<meta property=\"og:image:height\" content=\"350\" \/>\n\t<meta property=\"og:image:type\" content=\"image\/jpeg\" \/>\n<meta name=\"author\" content=\"Federica\" \/>\n<meta name=\"twitter:card\" content=\"summary_large_image\" \/>\n<meta name=\"twitter:creator\" content=\"@CSP_live\" \/>\n<meta name=\"twitter:site\" content=\"@CSP_live\" \/>\n<meta name=\"twitter:label1\" content=\"Scritto da\" \/>\n\t<meta name=\"twitter:data1\" content=\"Federica\" \/>\n\t<meta name=\"twitter:label2\" content=\"Tempo di lettura stimato\" \/>\n\t<meta name=\"twitter:data2\" content=\"2 minuti\" \/>\n<script type=\"application\/ld+json\" class=\"yoast-schema-graph\">{\"@context\":\"https:\\\/\\\/schema.org\",\"@graph\":[{\"@type\":\"Article\",\"@id\":\"https:\\\/\\\/www.compagniadisanpaolo.it\\\/it\\\/news\\\/nati-per-leggere-piemonte-prosegue-nel-2021\\\/#article\",\"isPartOf\":{\"@id\":\"https:\\\/\\\/www.compagniadisanpaolo.it\\\/it\\\/news\\\/nati-per-leggere-piemonte-prosegue-nel-2021\\\/\"},\"author\":{\"name\":\"Federica\",\"@id\":\"https:\\\/\\\/www.compagniadisanpaolo.it\\\/it\\\/#\\\/schema\\\/person\\\/b7d5451541c25c82f29c5be1e78456b2\"},\"headline\":\"Nati per Leggere Piemonte prosegue nel 2021\",\"datePublished\":\"2021-01-18T10:17:41+00:00\",\"dateModified\":\"2021-09-08T14:58:19+00:00\",\"mainEntityOfPage\":{\"@id\":\"https:\\\/\\\/www.compagniadisanpaolo.it\\\/it\\\/news\\\/nati-per-leggere-piemonte-prosegue-nel-2021\\\/\"},\"wordCount\":378,\"publisher\":{\"@id\":\"https:\\\/\\\/www.compagniadisanpaolo.it\\\/it\\\/#organization\"},\"image\":{\"@id\":\"https:\\\/\\\/www.compagniadisanpaolo.it\\\/it\\\/news\\\/nati-per-leggere-piemonte-prosegue-nel-2021\\\/#primaryimage\"},\"thumbnailUrl\":\"https:\\\/\\\/www.compagniadisanpaolo.it\\\/wp-content\\\/uploads\\\/nati_leggere.jpg\",\"keywords\":[\"comunit\u00e0 educanti\",\"empowerment delle famiglie\",\"formazione\"],\"articleSection\":[\"News\"],\"inLanguage\":\"it-IT\"},{\"@type\":\"WebPage\",\"@id\":\"https:\\\/\\\/www.compagniadisanpaolo.it\\\/it\\\/news\\\/nati-per-leggere-piemonte-prosegue-nel-2021\\\/\",\"url\":\"https:\\\/\\\/www.compagniadisanpaolo.it\\\/it\\\/news\\\/nati-per-leggere-piemonte-prosegue-nel-2021\\\/\",\"name\":\"Nati per Leggere Piemonte prosegue nel 2021 - Fondazione Compagnia di San Paolo\",\"isPartOf\":{\"@id\":\"https:\\\/\\\/www.compagniadisanpaolo.it\\\/it\\\/#website\"},\"primaryImageOfPage\":{\"@id\":\"https:\\\/\\\/www.compagniadisanpaolo.it\\\/it\\\/news\\\/nati-per-leggere-piemonte-prosegue-nel-2021\\\/#primaryimage\"},\"image\":{\"@id\":\"https:\\\/\\\/www.compagniadisanpaolo.it\\\/it\\\/news\\\/nati-per-leggere-piemonte-prosegue-nel-2021\\\/#primaryimage\"},\"thumbnailUrl\":\"https:\\\/\\\/www.compagniadisanpaolo.it\\\/wp-content\\\/uploads\\\/nati_leggere.jpg\",\"datePublished\":\"2021-01-18T10:17:41+00:00\",\"dateModified\":\"2021-09-08T14:58:19+00:00\",\"description\":\"La Fondazione Compagnia di San Paolo \u00e8 a fianco del progetto che promuove la lettura a voce alta in famiglia come strumento di crescita sana.\",\"breadcrumb\":{\"@id\":\"https:\\\/\\\/www.compagniadisanpaolo.it\\\/it\\\/news\\\/nati-per-leggere-piemonte-prosegue-nel-2021\\\/#breadcrumb\"},\"inLanguage\":\"it-IT\",\"potentialAction\":[{\"@type\":\"ReadAction\",\"target\":[\"https:\\\/\\\/www.compagniadisanpaolo.it\\\/it\\\/news\\\/nati-per-leggere-piemonte-prosegue-nel-2021\\\/\"]}]},{\"@type\":\"ImageObject\",\"inLanguage\":\"it-IT\",\"@id\":\"https:\\\/\\\/www.compagniadisanpaolo.it\\\/it\\\/news\\\/nati-per-leggere-piemonte-prosegue-nel-2021\\\/#primaryimage\",\"url\":\"https:\\\/\\\/www.compagniadisanpaolo.it\\\/wp-content\\\/uploads\\\/nati_leggere.jpg\",\"contentUrl\":\"https:\\\/\\\/www.compagniadisanpaolo.it\\\/wp-content\\\/uploads\\\/nati_leggere.jpg\",\"width\":815,\"height\":350,\"caption\":\"Nati per Leggere Piemonte\"},{\"@type\":\"BreadcrumbList\",\"@id\":\"https:\\\/\\\/www.compagniadisanpaolo.it\\\/it\\\/news\\\/nati-per-leggere-piemonte-prosegue-nel-2021\\\/#breadcrumb\",\"itemListElement\":[{\"@type\":\"ListItem\",\"position\":1,\"name\":\"Home\",\"item\":\"https:\\\/\\\/www.compagniadisanpaolo.it\\\/it\\\/\"},{\"@type\":\"ListItem\",\"position\":2,\"name\":\"Nati per Leggere Piemonte prosegue nel 2021\"}]},{\"@type\":\"WebSite\",\"@id\":\"https:\\\/\\\/www.compagniadisanpaolo.it\\\/it\\\/#website\",\"url\":\"https:\\\/\\\/www.compagniadisanpaolo.it\\\/it\\\/\",\"name\":\"Fondazione Compagnia di San Paolo\",\"description\":\"\",\"publisher\":{\"@id\":\"https:\\\/\\\/www.compagniadisanpaolo.it\\\/it\\\/#organization\"},\"potentialAction\":[{\"@type\":\"SearchAction\",\"target\":{\"@type\":\"EntryPoint\",\"urlTemplate\":\"https:\\\/\\\/www.compagniadisanpaolo.it\\\/it\\\/?s={search_term_string}\"},\"query-input\":{\"@type\":\"PropertyValueSpecification\",\"valueRequired\":true,\"valueName\":\"search_term_string\"}}],\"inLanguage\":\"it-IT\"},{\"@type\":\"Organization\",\"@id\":\"https:\\\/\\\/www.compagniadisanpaolo.it\\\/it\\\/#organization\",\"name\":\"Fondazione Compagnia di San Paolo\",\"url\":\"https:\\\/\\\/www.compagniadisanpaolo.it\\\/it\\\/\",\"logo\":{\"@type\":\"ImageObject\",\"inLanguage\":\"it-IT\",\"@id\":\"https:\\\/\\\/www.compagniadisanpaolo.it\\\/it\\\/#\\\/schema\\\/logo\\\/image\\\/\",\"url\":\"https:\\\/\\\/www.compagniadisanpaolo.it\\\/wp-content\\\/uploads\\\/logo.svg\",\"contentUrl\":\"https:\\\/\\\/www.compagniadisanpaolo.it\\\/wp-content\\\/uploads\\\/logo.svg\",\"width\":769,\"height\":323,\"caption\":\"Fondazione Compagnia di San Paolo\"},\"image\":{\"@id\":\"https:\\\/\\\/www.compagniadisanpaolo.it\\\/it\\\/#\\\/schema\\\/logo\\\/image\\\/\"},\"sameAs\":[\"https:\\\/\\\/www.facebook.com\\\/CompagniaDiSanPaolo\",\"https:\\\/\\\/x.com\\\/CSP_live\",\"http:\\\/\\\/instagram.com\\\/compagniadisanpaolo?ref=badge\",\"https:\\\/\\\/www.linkedin.com\\\/company\\\/compagnia-di-san-paolo\",\"https:\\\/\\\/www.youtube.com\\\/user\\\/compagniadisanpaolo\",\"https:\\\/\\\/it.wikipedia.org\\\/wiki\\\/Compagnia_di_San_Paolo\"]},{\"@type\":\"Person\",\"@id\":\"https:\\\/\\\/www.compagniadisanpaolo.it\\\/it\\\/#\\\/schema\\\/person\\\/b7d5451541c25c82f29c5be1e78456b2\",\"name\":\"Federica\",\"image\":{\"@type\":\"ImageObject\",\"inLanguage\":\"it-IT\",\"@id\":\"https:\\\/\\\/secure.gravatar.com\\\/avatar\\\/b5698fa13ac389b1f1fb1263a4626e219d853d7ccf112e854aea8c9c087d24ae?s=96&d=mm&r=g\",\"url\":\"https:\\\/\\\/secure.gravatar.com\\\/avatar\\\/b5698fa13ac389b1f1fb1263a4626e219d853d7ccf112e854aea8c9c087d24ae?s=96&d=mm&r=g\",\"contentUrl\":\"https:\\\/\\\/secure.gravatar.com\\\/avatar\\\/b5698fa13ac389b1f1fb1263a4626e219d853d7ccf112e854aea8c9c087d24ae?s=96&d=mm&r=g\",\"caption\":\"Federica\"}}]}<\/script>\n<!-- \/ Yoast SEO plugin. -->","yoast_head_json":{"title":"Nati per Leggere Piemonte prosegue nel 2021 - Fondazione Compagnia di San Paolo","description":"La Fondazione Compagnia di San Paolo \u00e8 a fianco del progetto che promuove la lettura a voce alta in famiglia come strumento di crescita sana.","robots":{"index":"index","follow":"follow","max-snippet":"max-snippet:-1","max-image-preview":"max-image-preview:large","max-video-preview":"max-video-preview:-1"},"canonical":"https:\/\/www.compagniadisanpaolo.it\/it\/news\/nati-per-leggere-piemonte-prosegue-nel-2021\/","og_locale":"it_IT","og_type":"article","og_title":"Nati per Leggere Piemonte prosegue nel 2021 - Fondazione Compagnia di San Paolo","og_description":"La Fondazione Compagnia di San Paolo \u00e8 a fianco del progetto che promuove la lettura a voce alta in famiglia come strumento di crescita sana.","og_url":"https:\/\/www.compagniadisanpaolo.it\/it\/news\/nati-per-leggere-piemonte-prosegue-nel-2021\/","og_site_name":"Fondazione Compagnia di San Paolo","article_publisher":"https:\/\/www.facebook.com\/CompagniaDiSanPaolo","article_published_time":"2021-01-18T10:17:41+00:00","article_modified_time":"2021-09-08T14:58:19+00:00","og_image":[{"width":815,"height":350,"url":"https:\/\/www.compagniadisanpaolo.it\/wp-content\/uploads\/nati_leggere.jpg","type":"image\/jpeg"}],"author":"Federica","twitter_card":"summary_large_image","twitter_creator":"@CSP_live","twitter_site":"@CSP_live","twitter_misc":{"Scritto da":"Federica","Tempo di lettura stimato":"2 minuti"},"schema":{"@context":"https:\/\/schema.org","@graph":[{"@type":"Article","@id":"https:\/\/www.compagniadisanpaolo.it\/it\/news\/nati-per-leggere-piemonte-prosegue-nel-2021\/#article","isPartOf":{"@id":"https:\/\/www.compagniadisanpaolo.it\/it\/news\/nati-per-leggere-piemonte-prosegue-nel-2021\/"},"author":{"name":"Federica","@id":"https:\/\/www.compagniadisanpaolo.it\/it\/#\/schema\/person\/b7d5451541c25c82f29c5be1e78456b2"},"headline":"Nati per Leggere Piemonte prosegue nel 2021","datePublished":"2021-01-18T10:17:41+00:00","dateModified":"2021-09-08T14:58:19+00:00","mainEntityOfPage":{"@id":"https:\/\/www.compagniadisanpaolo.it\/it\/news\/nati-per-leggere-piemonte-prosegue-nel-2021\/"},"wordCount":378,"publisher":{"@id":"https:\/\/www.compagniadisanpaolo.it\/it\/#organization"},"image":{"@id":"https:\/\/www.compagniadisanpaolo.it\/it\/news\/nati-per-leggere-piemonte-prosegue-nel-2021\/#primaryimage"},"thumbnailUrl":"https:\/\/www.compagniadisanpaolo.it\/wp-content\/uploads\/nati_leggere.jpg","keywords":["comunit\u00e0 educanti","empowerment delle famiglie","formazione"],"articleSection":["News"],"inLanguage":"it-IT"},{"@type":"WebPage","@id":"https:\/\/www.compagniadisanpaolo.it\/it\/news\/nati-per-leggere-piemonte-prosegue-nel-2021\/","url":"https:\/\/www.compagniadisanpaolo.it\/it\/news\/nati-per-leggere-piemonte-prosegue-nel-2021\/","name":"Nati per Leggere Piemonte prosegue nel 2021 - Fondazione Compagnia di San Paolo","isPartOf":{"@id":"https:\/\/www.compagniadisanpaolo.it\/it\/#website"},"primaryImageOfPage":{"@id":"https:\/\/www.compagniadisanpaolo.it\/it\/news\/nati-per-leggere-piemonte-prosegue-nel-2021\/#primaryimage"},"image":{"@id":"https:\/\/www.compagniadisanpaolo.it\/it\/news\/nati-per-leggere-piemonte-prosegue-nel-2021\/#primaryimage"},"thumbnailUrl":"https:\/\/www.compagniadisanpaolo.it\/wp-content\/uploads\/nati_leggere.jpg","datePublished":"2021-01-18T10:17:41+00:00","dateModified":"2021-09-08T14:58:19+00:00","description":"La Fondazione Compagnia di San Paolo \u00e8 a fianco del progetto che promuove la lettura a voce alta in famiglia come strumento di crescita sana.","breadcrumb":{"@id":"https:\/\/www.compagniadisanpaolo.it\/it\/news\/nati-per-leggere-piemonte-prosegue-nel-2021\/#breadcrumb"},"inLanguage":"it-IT","potentialAction":[{"@type":"ReadAction","target":["https:\/\/www.compagniadisanpaolo.it\/it\/news\/nati-per-leggere-piemonte-prosegue-nel-2021\/"]}]},{"@type":"ImageObject","inLanguage":"it-IT","@id":"https:\/\/www.compagniadisanpaolo.it\/it\/news\/nati-per-leggere-piemonte-prosegue-nel-2021\/#primaryimage","url":"https:\/\/www.compagniadisanpaolo.it\/wp-content\/uploads\/nati_leggere.jpg","contentUrl":"https:\/\/www.compagniadisanpaolo.it\/wp-content\/uploads\/nati_leggere.jpg","width":815,"height":350,"caption":"Nati per Leggere Piemonte"},{"@type":"BreadcrumbList","@id":"https:\/\/www.compagniadisanpaolo.it\/it\/news\/nati-per-leggere-piemonte-prosegue-nel-2021\/#breadcrumb","itemListElement":[{"@type":"ListItem","position":1,"name":"Home","item":"https:\/\/www.compagniadisanpaolo.it\/it\/"},{"@type":"ListItem","position":2,"name":"Nati per Leggere Piemonte prosegue nel 2021"}]},{"@type":"WebSite","@id":"https:\/\/www.compagniadisanpaolo.it\/it\/#website","url":"https:\/\/www.compagniadisanpaolo.it\/it\/","name":"Fondazione Compagnia di San Paolo","description":"","publisher":{"@id":"https:\/\/www.compagniadisanpaolo.it\/it\/#organization"},"potentialAction":[{"@type":"SearchAction","target":{"@type":"EntryPoint","urlTemplate":"https:\/\/www.compagniadisanpaolo.it\/it\/?s={search_term_string}"},"query-input":{"@type":"PropertyValueSpecification","valueRequired":true,"valueName":"search_term_string"}}],"inLanguage":"it-IT"},{"@type":"Organization","@id":"https:\/\/www.compagniadisanpaolo.it\/it\/#organization","name":"Fondazione Compagnia di San Paolo","url":"https:\/\/www.compagniadisanpaolo.it\/it\/","logo":{"@type":"ImageObject","inLanguage":"it-IT","@id":"https:\/\/www.compagniadisanpaolo.it\/it\/#\/schema\/logo\/image\/","url":"https:\/\/www.compagniadisanpaolo.it\/wp-content\/uploads\/logo.svg","contentUrl":"https:\/\/www.compagniadisanpaolo.it\/wp-content\/uploads\/logo.svg","width":769,"height":323,"caption":"Fondazione Compagnia di San Paolo"},"image":{"@id":"https:\/\/www.compagniadisanpaolo.it\/it\/#\/schema\/logo\/image\/"},"sameAs":["https:\/\/www.facebook.com\/CompagniaDiSanPaolo","https:\/\/x.com\/CSP_live","http:\/\/instagram.com\/compagniadisanpaolo?ref=badge","https:\/\/www.linkedin.com\/company\/compagnia-di-san-paolo","https:\/\/www.youtube.com\/user\/compagniadisanpaolo","https:\/\/it.wikipedia.org\/wiki\/Compagnia_di_San_Paolo"]},{"@type":"Person","@id":"https:\/\/www.compagniadisanpaolo.it\/it\/#\/schema\/person\/b7d5451541c25c82f29c5be1e78456b2","name":"Federica","image":{"@type":"ImageObject","inLanguage":"it-IT","@id":"https:\/\/secure.gravatar.com\/avatar\/b5698fa13ac389b1f1fb1263a4626e219d853d7ccf112e854aea8c9c087d24ae?s=96&d=mm&r=g","url":"https:\/\/secure.gravatar.com\/avatar\/b5698fa13ac389b1f1fb1263a4626e219d853d7ccf112e854aea8c9c087d24ae?s=96&d=mm&r=g","contentUrl":"https:\/\/secure.gravatar.com\/avatar\/b5698fa13ac389b1f1fb1263a4626e219d853d7ccf112e854aea8c9c087d24ae?s=96&d=mm&r=g","caption":"Federica"}}]}},"amp_enabled":true,"_links":{"self":[{"href":"https:\/\/www.compagniadisanpaolo.it\/it\/wp-json\/wp\/v2\/posts\/8952","targetHints":{"allow":["GET"]}}],"collection":[{"href":"https:\/\/www.compagniadisanpaolo.it\/it\/wp-json\/wp\/v2\/posts"}],"about":[{"href":"https:\/\/www.compagniadisanpaolo.it\/it\/wp-json\/wp\/v2\/types\/post"}],"author":[{"embeddable":true,"href":"https:\/\/www.compagniadisanpaolo.it\/it\/wp-json\/wp\/v2\/users\/19"}],"replies":[{"embeddable":true,"href":"https:\/\/www.compagniadisanpaolo.it\/it\/wp-json\/wp\/v2\/comments?post=8952"}],"version-history":[{"count":4,"href":"https:\/\/www.compagniadisanpaolo.it\/it\/wp-json\/wp\/v2\/posts\/8952\/revisions"}],"predecessor-version":[{"id":8956,"href":"https:\/\/www.compagniadisanpaolo.it\/it\/wp-json\/wp\/v2\/posts\/8952\/revisions\/8956"}],"wp:featuredmedia":[{"embeddable":true,"href":"https:\/\/www.compagniadisanpaolo.it\/it\/wp-json\/wp\/v2\/media\/7603"}],"wp:attachment":[{"href":"https:\/\/www.compagniadisanpaolo.it\/it\/wp-json\/wp\/v2\/media?parent=8952"}],"wp:term":[{"taxonomy":"category","embeddable":true,"href":"https:\/\/www.compagniadisanpaolo.it\/it\/wp-json\/wp\/v2\/categories?post=8952"},{"taxonomy":"post_tag","embeddable":true,"href":"https:\/\/www.compagniadisanpaolo.it\/it\/wp-json\/wp\/v2\/tags?post=8952"}],"curies":[{"name":"wp","href":"https:\/\/api.w.org\/{rel}","templated":true}]}}