{"id":7590,"date":"2020-10-19T14:50:33","date_gmt":"2020-10-19T12:50:33","guid":{"rendered":"https:\/\/www.compagniadisanpaolo.it\/?p=7590"},"modified":"2021-09-09T13:54:17","modified_gmt":"2021-09-09T11:54:17","slug":"prosegue-il-progetto-di-social-housing-di-orbassano","status":"publish","type":"post","link":"https:\/\/www.compagniadisanpaolo.it\/it\/news\/prosegue-il-progetto-di-social-housing-di-orbassano\/","title":{"rendered":"Prosegue il progetto di Social Housing di Orbassano"},"content":{"rendered":"<div class=\"wpb-content-wrapper\">[vc_row][vc_column][vc_column_text el_class=&#8221;text-headline2&#8243;]<i>In provincia di Torino, il primo esempio di residenza progettata per accogliere anche persone con grave disabilit\u00e0 motoria.<\/i>[\/vc_column_text][\/vc_column][\/vc_row][vc_row][vc_column][vc_column_text]\n<div class=\"info-box mission\">\n\t\t<div class=\"info-box-wrap info-box-hor row pb-0\">\n\n\t\t      \n\t\t      <div class=\"spalla col-12 col-md-12\">\n\t\t\t<div class=\"info-box sharing-box\">\n\t\t\t  <span class=\"label\">Condividi:<\/span>\n\t\t\t  <div class=\"social-sharing\">\n\t\t\t    <span class=\"box\">\n\t\t\t      <a class=\"fb\" href=\"https:\/\/www.facebook.com\/sharer.php?u=https:\/\/www.compagniadisanpaolo.it\/it\/news\/prosegue-il-progetto-di-social-housing-di-orbassano\/\" target=\"_blank\">\n\t\t\t\t<span class=\"sr-only\">Facebook<\/span>\n\t\t\t\t<i class=\"fab fa-facebook-f\"><\/i>\n\t\t\t      <\/a>\n\t\t\t    <\/span>\n\t\t\t    \n\t\t\t    <style>\n.twitter, .twitter:hover{\ncolor:#000000 !important;}\n<\/style>\n\n\n\t\t\t    <span class=\"box\">\n\t\t\t      <a class=\"twitter\" href=\"https:\/\/twitter.com\/intent\/tweet?url=https:\/\/www.compagniadisanpaolo.it\/it\/news\/prosegue-il-progetto-di-social-housing-di-orbassano\/\">\n\t\t\t\t<span class=\"sr-only\">Twitter<\/span>\n\t\t\t\t<i class=\"fa-brands fa-x-twitter\"><\/i>\n\t\t\t      <\/a>\n\t\t\t    <\/span>\n\n\t\t\t    \n\t\t\t    <span class=\"box\">\n\t\t\t      <a class=\"linkedin\" href=\"https:\/\/www.linkedin.com\/shareArticle?mini=true&url=https:\/\/www.compagniadisanpaolo.it\/it\/news\/prosegue-il-progetto-di-social-housing-di-orbassano\/\">\n\t\t\t\t<span class=\"sr-only\">Linkedin<\/span>\n\t\t\t\t  <i class=\"fa-brands fa-linkedin-in\"><\/i>\n\t\t\t      <\/a>\n\t\t\t    <\/span>\n\n\t\t\t    <span class=\"box\">\n\t\t\t      <a class=\"whatsapp\" href=\"whatsapp:\/\/send?text=https:\/\/www.compagniadisanpaolo.it\/it\/news\/prosegue-il-progetto-di-social-housing-di-orbassano\/\" data-action=\"share\/whatsapp\/share\">\n\t\t\t\t<span class=\"sr-only\">Whatsapp<\/span>\n\t\t\t\t<i class=\"fa-brands fa-whatsapp\"><\/i>\n\t\t\t      <\/a>\n\t\t\t    <\/span>\n\n\t\t\t    <span class=\"box\">\n\t\t\t      <a class=\"mail\" href=\"mailto:?subject=Prosegue il progetto di Social Housing di Orbassano&body=https:\/\/www.compagniadisanpaolo.it\/it\/news\/prosegue-il-progetto-di-social-housing-di-orbassano\/\">\n\t\t\t\t<span class=\"sr-only\">Mail<\/span>\n\t\t\t\t <i class=\"fa-solid fa-envelope\"><\/i>\n\t\t\t      <\/a>\n\t\t\t    <\/span>\n\t\t\t    \n\t\t\t  <\/div>\n\t\t\t<\/div>\n\t      <\/div>\n\t    <\/div><\/div>\n[\/vc_column_text][\/vc_column][\/vc_row][vc_row][vc_column width=&#8221;1\/4&#8243;][vc_column_text]\n\n\n\t\t<div class=\"info-box-wrap\">\n\n\t  <div class=\"info-box date-pub\">\n\t  \t<span class=\"label\">Data di pubblicazione:<\/span>\n\t    <span class=\"value\">19 Ottobre 2020<\/span>\n\t  <\/div>\n\t\t\t\t  <div class=\"info-box obj-people\">\n\t\t\t\t\t  <div class=\"info-box obj\"><span class=\"label\">Obiettivo<\/span>\n\t\t\t\t\t    <div class=\"obj-small-box\">\n\t\t\t\t\t      <span>Persone.<\/span>\n\t\t\t\t\t    <\/div>\n\t\t\t\t\t  <\/div>\n\t\t\t\t  <\/div>\n\t\t\t  <div class=\"info-box mission\"><span class=\"label\">Tag<\/span><a href=\"https:\/\/www.compagniadisanpaolo.it\/it\/tags\/risultati\/?_sft_post_tag=coesione-sociale\" class=\"tag-element\">Coesione sociale<\/a><a href=\"https:\/\/www.compagniadisanpaolo.it\/it\/tags\/risultati\/?_sft_post_tag=housing-collaborativo\" class=\"tag-element\">Housing collaborativo<\/a><a href=\"https:\/\/www.compagniadisanpaolo.it\/it\/tags\/risultati\/?_sft_post_tag=protagonismo-delle-comunita\" class=\"tag-element\">Protagonismo delle comunit\u00e0<\/a><a href=\"https:\/\/www.compagniadisanpaolo.it\/it\/tags\/risultati\/?_sft_post_tag=rigenerazione-urbana\" class=\"tag-element\">Rigenerazione urbana<\/a><a href=\"https:\/\/www.compagniadisanpaolo.it\/it\/tags\/risultati\/?_sft_post_tag=sviluppo-organizzativo\" class=\"tag-element\">Sviluppo organizzativo<\/a><a href=\"https:\/\/www.compagniadisanpaolo.it\/it\/tags\/risultati\/?_sft_post_tag=sviluppo-sostenibile\" class=\"tag-element\">Sviluppo sostenibile<\/a><\/div>\t  \n\t<\/div>\n[\/vc_column_text][\/vc_column][vc_column width=&#8221;3\/4&#8243; el_class=&#8221;page-content&#8221;][vc_column_text el_class=&#8221;text&#8221;]Progettare spazi condivisi, da realizzare favorendo l&#8217;inclusione di soggetti con esigenze particolari, e creare un equilibrio economico per rendere possibile l&#8217;applicazione di canoni sociali. Sono questi gli obiettivi che hanno portato alla nascita del <strong>progetto di Social Housing di Orbassano<\/strong>, in provincia di Torino, immaginato dalla Citt\u00e0 di Orbassano, dalla Cooperativa Giuseppe di Vittorio e sostenuto dal FASP (Fondo Abitare Sostenibile Piemonte), dalla Fondazione Compagnia di San Paolo, CDP Investimenti SGR (del Gruppo Cassa Depositi e Prestiti) e InvestiRE SGR.<\/p>\n<p>Il cantiere avviato e gennaio 2019 si concluder\u00e0, nei tempi stabiliti, entro l&#8217;autunno 2021, con la finalit\u00e0 precisa di offrire una risposta al disagio abitativo della zona e sviluppare un nuovo servizio residenziale dedicato in particolare all&#8217;integrazione di persone affette da disabilit\u00e0 motoria &#8211; alle quali saranno destinate il 10 per cento delle unit\u00e0 abitative &#8211; in collaborazione con il &#8220;Gruppo di Aiuto e Sostegno del Disagio Abitativo delle Persone con gravi disabilit\u00e0&#8221;.<\/p>\n<p>Proprio per la necessit\u00e0 di andare incontro alle esigenze di chi ha una grave disabilit\u00e0, il progetto prevede anche la realizzazione di spazi comuni che ospiteranno attivit\u00e0 e servizi quali: attivit\u00e0 rieducative e assistenza psicologica, isole tecnologiche per laboratori e luoghi collettivi di relazione.<\/p>\n<p>La Fondazione Compagnia di San Paolo, che gi\u00e0 partecipa al fondo FASP con 25 milioni di euro, sostiene con un ulteriore supporto diretto di 350 mila euro le attivit\u00e0 e le lavorazioni specificatamente pensate ai fini della realizzazione della componente dedicata alle persone disabili.<\/p>\n<p>\u201cConsideriamo l\u2019abitare sociale come risposta alle domande emergenti, integrando le esigenze economiche, sociali, relazionali e lavorative delle persone e sperimentando modelli nuovi e replicabili &#8211; dichiara <a href=\"https:\/\/www.compagniadisanpaolo.it\/it\/fondazione\/organi\/francesco-profumo-presidente\/\" target=\"_blank\" rel=\"noopener noreferrer\"><b>Francesco Profumo<\/b>, Presidente della Fondazione Compagnia di San Paolo<\/a> -. Il progetto rappresenta <b>un nuovo modello di Social Housing<\/b> che riteniamo essere estremamente importante: <b>un\u2019infrastruttura sociale che favorisce la vita indipendente delle persone con disabilit\u00e0<\/b>, attraverso percorsi di sviluppo dell\u2019autonomia, <b>ed \u00e8 capace di creare una comunit\u00e0 di persone<\/b> che non solo condividono gli spazi ma una nuova modalit\u00e0 di &#8216;abitare insieme&#8217;.<span class=\"Apple-converted-space\">\u00a0<\/span><\/p>\n<p>Pensiamo che sia un esempio replicabile capace di contribuire al raggiungimento degli Obiettivi di Sviluppo Sostenibile delle Nazioni Unite, in particolare gli SDGs 10, Ridurre le disuguaglianze, e 11, Rendere le citt\u00e0 e gli insediamenti umani inclusivi, sicuri, duraturi e sostenibili\u201d.<\/p>\n<p>Nell&#8217;ambito della sua <a href=\"https:\/\/www.compagniadisanpaolo.it\/it\/le-nostre-sfide\/obiettivo-persone\/abitare-tra-casa-e-territorio\/\" target=\"_blank\" rel=\"noopener noreferrer\"><b>Missione Abitare tra casa e territorio<\/b><\/a>, la Fondazione sostiene, infatti, interventi che rappresentano vere e proprie attivit\u00e0 di rigenerazione urbana, sviluppando infrastrutture sociali dove l\u2019abitare si integra con le dimensioni lavorative, relazionali e socio-culturali per trasformare in modo sostenibile il territorio.[\/vc_column_text][\/vc_column][\/vc_row][vc_row el_class=&#8221;sdg-list-wrap&#8221;][vc_column][vc_raw_html]JTVCU2V6aW9uZV9Eb2N1bWVudGklNUQ=[\/vc_raw_html][\/vc_column][\/vc_row][vc_row][vc_column]<div class=\"templatera_shortcode\"><div data-vc-full-width=\"true\" data-vc-full-width-temp=\"true\" data-vc-full-width-init=\"false\" class=\"vc_row wpb_row vc_row-fluid newsletter-wrap\"><div class=\"wpb_column vc_column_container vc_col-sm-12\"><div class=\"vc_column-inner\"><div class=\"wpb_wrapper\">\n\t<div class=\"wpb_raw_code wpb_raw_html wpb_content_element\" >\n\t\t<div class=\"wpb_wrapper\">\n\t\t\t    <div class=\"container\">\n      <div class=\"row align-items-center\">\n\t<div class=\"col-12 col-lg-6 col-xl-5 mb-3 mb-lg-0 pr-0\">\n\t  <h2 class=\"title\">Rimani aggiornato sui nostri bandi e sui nostri progetti<\/h2>\n\t<\/div>\n\t<div class=\"col-12 col-lg-6 col-xl-7 pl-xl-4\">\n\t  <a class=\"standard-link-block\" href=\"\/it\/newsletter\/\">\n\t    Compila il form e decidi su quale argomento vuoi ricevere notizie.\t    <strong>\u00a0 ISCRIVITI!<\/strong>\n\t  <\/a>\n\t<\/div>\n      <\/div>\n    <\/div>\n\t\t<\/div>\n\t<\/div>\n<\/div><\/div><\/div><\/div><div class=\"vc_row-full-width vc_clearfix\"><\/div><\/div>[\/vc_column][\/vc_row]\n<\/div>","protected":false},"excerpt":{"rendered":"In provincia di Torino, il primo esempio di residenza progettata per accogliere anche persone con grave disabilit\u00e0 motoria. Condividi: Facebook Twitter Linkedin Whatsapp Mail Data di pubblicazione: 19 Ottobre 2020 Obiettivo Persone. TagCoesione socialeHousing collaborativoProtagonismo delle comunit\u00e0Rigenerazione urbanaSviluppo organizzativoSviluppo sostenibile Progettare spazi condivisi, da realizzare favorendo l'inclusione di soggetti con esigenze particolari, e creare un equilibrio economico per rendere possibile l'applicazione di canoni sociali. Sono questi gli obiettivi che hanno portato alla nascita del progetto di Social Housing di Orbassano, in provincia di Torino, immaginato dalla Citt\u00e0 di Orbassano, dalla Cooperativa Giuseppe di Vittorio e sostenuto dal FASP (Fondo Abitare Sostenibile Piemonte), dalla Fondazione Compagnia di San Paolo, CDP Investimenti SGR (del Gruppo Cassa Depositi e Prestiti) e InvestiRE SGR. Il cantiere avviato e gennaio 2019 si concluder\u00e0, nei tempi stabiliti, entro l'autunno 2021, con la finalit\u00e0 precisa di offrire una risposta al disagio abitativo della zona e sviluppare un nuovo servizio residenziale dedicato in particolare all'integrazione di persone affette da disabilit\u00e0 motoria - alle quali saranno destinate il 10 per cento delle unit\u00e0 abitative - in collaborazione con il \"Gruppo di Aiuto e Sostegno del Disagio Abitativo delle Persone con gravi disabilit\u00e0\". Proprio per la necessit\u00e0 di andare incontro alle esigenze di chi ha una grave disabilit\u00e0, il progetto prevede anche la realizzazione di spazi comuni che ospiteranno attivit\u00e0 e servizi quali: attivit\u00e0 rieducative e assistenza psicologica, isole tecnologiche per laboratori e luoghi collettivi di relazione. La Fondazione Compagnia di San Paolo, che gi\u00e0 partecipa al fondo FASP con 25 milioni di euro, sostiene con un ulteriore supporto diretto di 350 mila euro le attivit\u00e0 e le lavorazioni specificatamente pensate ai fini della realizzazione della componente dedicata alle persone disabili. \u201cConsideriamo l\u2019abitare sociale come risposta alle domande emergenti, integrando le esigenze economiche, sociali, relazionali e lavorative delle persone e sperimentando modelli nuovi e replicabili - dichiara Francesco Profumo, Presidente della Fondazione Compagnia di San Paolo -. Il progetto rappresenta un nuovo modello di Social Housing che riteniamo essere estremamente importante: un\u2019infrastruttura sociale che favorisce la vita indipendente delle persone con disabilit\u00e0, attraverso percorsi di sviluppo dell\u2019autonomia, ed \u00e8 capace di creare una comunit\u00e0 di persone che non solo condividono gli spazi ma una nuova modalit\u00e0 di 'abitare insieme'.\u00a0 Pensiamo che sia un esempio replicabile capace di contribuire al raggiungimento degli Obiettivi di Sviluppo Sostenibile delle Nazioni Unite, in particolare gli SDGs 10, Ridurre le disuguaglianze, e 11, Rendere le citt\u00e0 e gli insediamenti umani inclusivi, sicuri, duraturi e sostenibili\u201d. Nell'ambito della sua Missione Abitare tra casa e territorio, la Fondazione sostiene, infatti, interventi che rappresentano vere e proprie attivit\u00e0 di rigenerazione urbana, sviluppando infrastrutture sociali dove l\u2019abitare si integra con le dimensioni lavorative, relazionali e socio-culturali per trasformare in modo sostenibile il territorio. Documenti di riferimento CS Social Housing Orbassano Scarica il documento Rimani aggiornato sui nostri bandi e sui nostri progetti Compila il form e decidi su quale argomento vuoi ricevere notizie. \u00a0 ISCRIVITI!","protected":false},"author":19,"featured_media":7612,"comment_status":"closed","ping_status":"closed","sticky":false,"template":"","format":"standard","meta":{"_acf_changed":false,"content-type":"","footnotes":""},"categories":[17],"tags":[51,76,90,77,61,68],"class_list":["post-7590","post","type-post","status-publish","format-standard","has-post-thumbnail","hentry","category-news","tag-coesione-sociale","tag-housing-collaborativo","tag-protagonismo-delle-comunita","tag-rigenerazione-urbana","tag-sviluppo-organizzativo","tag-sviluppo-sostenibile","entry","post-inner"],"acf":[],"yoast_head":"<!-- This site is optimized with the Yoast SEO plugin v27.3 - https:\/\/yoast.com\/product\/yoast-seo-wordpress\/ -->\n<title>Prosegue il progetto di Social Housing di Orbassano - Fondazione Compagnia di San Paolo<\/title>\n<meta name=\"robots\" content=\"index, follow, max-snippet:-1, max-image-preview:large, max-video-preview:-1\" \/>\n<link rel=\"canonical\" href=\"https:\/\/www.compagniadisanpaolo.it\/it\/news\/prosegue-il-progetto-di-social-housing-di-orbassano\/\" \/>\n<meta property=\"og:locale\" content=\"it_IT\" \/>\n<meta property=\"og:type\" content=\"article\" \/>\n<meta property=\"og:title\" content=\"Prosegue il progetto di Social Housing di Orbassano - Fondazione Compagnia di San Paolo\" \/>\n<meta property=\"og:url\" content=\"https:\/\/www.compagniadisanpaolo.it\/it\/news\/prosegue-il-progetto-di-social-housing-di-orbassano\/\" \/>\n<meta property=\"og:site_name\" content=\"Fondazione Compagnia di San Paolo\" \/>\n<meta property=\"article:publisher\" content=\"https:\/\/www.facebook.com\/CompagniaDiSanPaolo\" \/>\n<meta property=\"article:published_time\" content=\"2020-10-19T12:50:33+00:00\" \/>\n<meta property=\"article:modified_time\" content=\"2021-09-09T11:54:17+00:00\" \/>\n<meta property=\"og:image\" content=\"https:\/\/www.compagniadisanpaolo.it\/wp-content\/uploads\/NEWS-SITO-ORBASSANO.jpg\" \/>\n\t<meta property=\"og:image:width\" content=\"815\" \/>\n\t<meta property=\"og:image:height\" content=\"350\" \/>\n\t<meta property=\"og:image:type\" content=\"image\/jpeg\" \/>\n<meta name=\"author\" content=\"Federica\" \/>\n<meta name=\"twitter:card\" content=\"summary_large_image\" \/>\n<meta name=\"twitter:creator\" content=\"@CSP_live\" \/>\n<meta name=\"twitter:site\" content=\"@CSP_live\" \/>\n<meta name=\"twitter:label1\" content=\"Scritto da\" \/>\n\t<meta name=\"twitter:data1\" content=\"Federica\" \/>\n\t<meta name=\"twitter:label2\" content=\"Tempo di lettura stimato\" \/>\n\t<meta name=\"twitter:data2\" content=\"3 minuti\" \/>\n<script type=\"application\/ld+json\" class=\"yoast-schema-graph\">{\"@context\":\"https:\\\/\\\/schema.org\",\"@graph\":[{\"@type\":\"Article\",\"@id\":\"https:\\\/\\\/www.compagniadisanpaolo.it\\\/it\\\/news\\\/prosegue-il-progetto-di-social-housing-di-orbassano\\\/#article\",\"isPartOf\":{\"@id\":\"https:\\\/\\\/www.compagniadisanpaolo.it\\\/it\\\/news\\\/prosegue-il-progetto-di-social-housing-di-orbassano\\\/\"},\"author\":{\"name\":\"Federica\",\"@id\":\"https:\\\/\\\/www.compagniadisanpaolo.it\\\/it\\\/#\\\/schema\\\/person\\\/b7d5451541c25c82f29c5be1e78456b2\"},\"headline\":\"Prosegue il progetto di Social Housing di Orbassano\",\"datePublished\":\"2020-10-19T12:50:33+00:00\",\"dateModified\":\"2021-09-09T11:54:17+00:00\",\"mainEntityOfPage\":{\"@id\":\"https:\\\/\\\/www.compagniadisanpaolo.it\\\/it\\\/news\\\/prosegue-il-progetto-di-social-housing-di-orbassano\\\/\"},\"wordCount\":536,\"publisher\":{\"@id\":\"https:\\\/\\\/www.compagniadisanpaolo.it\\\/it\\\/#organization\"},\"image\":{\"@id\":\"https:\\\/\\\/www.compagniadisanpaolo.it\\\/it\\\/news\\\/prosegue-il-progetto-di-social-housing-di-orbassano\\\/#primaryimage\"},\"thumbnailUrl\":\"https:\\\/\\\/www.compagniadisanpaolo.it\\\/wp-content\\\/uploads\\\/NEWS-SITO-ORBASSANO.jpg\",\"keywords\":[\"coesione sociale\",\"housing collaborativo\",\"protagonismo delle comunit\u00e0\",\"rigenerazione urbana\",\"sviluppo organizzativo\",\"sviluppo sostenibile\"],\"articleSection\":[\"News\"],\"inLanguage\":\"it-IT\"},{\"@type\":\"WebPage\",\"@id\":\"https:\\\/\\\/www.compagniadisanpaolo.it\\\/it\\\/news\\\/prosegue-il-progetto-di-social-housing-di-orbassano\\\/\",\"url\":\"https:\\\/\\\/www.compagniadisanpaolo.it\\\/it\\\/news\\\/prosegue-il-progetto-di-social-housing-di-orbassano\\\/\",\"name\":\"Prosegue il progetto di Social Housing di Orbassano - Fondazione Compagnia di San Paolo\",\"isPartOf\":{\"@id\":\"https:\\\/\\\/www.compagniadisanpaolo.it\\\/it\\\/#website\"},\"primaryImageOfPage\":{\"@id\":\"https:\\\/\\\/www.compagniadisanpaolo.it\\\/it\\\/news\\\/prosegue-il-progetto-di-social-housing-di-orbassano\\\/#primaryimage\"},\"image\":{\"@id\":\"https:\\\/\\\/www.compagniadisanpaolo.it\\\/it\\\/news\\\/prosegue-il-progetto-di-social-housing-di-orbassano\\\/#primaryimage\"},\"thumbnailUrl\":\"https:\\\/\\\/www.compagniadisanpaolo.it\\\/wp-content\\\/uploads\\\/NEWS-SITO-ORBASSANO.jpg\",\"datePublished\":\"2020-10-19T12:50:33+00:00\",\"dateModified\":\"2021-09-09T11:54:17+00:00\",\"breadcrumb\":{\"@id\":\"https:\\\/\\\/www.compagniadisanpaolo.it\\\/it\\\/news\\\/prosegue-il-progetto-di-social-housing-di-orbassano\\\/#breadcrumb\"},\"inLanguage\":\"it-IT\",\"potentialAction\":[{\"@type\":\"ReadAction\",\"target\":[\"https:\\\/\\\/www.compagniadisanpaolo.it\\\/it\\\/news\\\/prosegue-il-progetto-di-social-housing-di-orbassano\\\/\"]}]},{\"@type\":\"ImageObject\",\"inLanguage\":\"it-IT\",\"@id\":\"https:\\\/\\\/www.compagniadisanpaolo.it\\\/it\\\/news\\\/prosegue-il-progetto-di-social-housing-di-orbassano\\\/#primaryimage\",\"url\":\"https:\\\/\\\/www.compagniadisanpaolo.it\\\/wp-content\\\/uploads\\\/NEWS-SITO-ORBASSANO.jpg\",\"contentUrl\":\"https:\\\/\\\/www.compagniadisanpaolo.it\\\/wp-content\\\/uploads\\\/NEWS-SITO-ORBASSANO.jpg\",\"width\":815,\"height\":350},{\"@type\":\"BreadcrumbList\",\"@id\":\"https:\\\/\\\/www.compagniadisanpaolo.it\\\/it\\\/news\\\/prosegue-il-progetto-di-social-housing-di-orbassano\\\/#breadcrumb\",\"itemListElement\":[{\"@type\":\"ListItem\",\"position\":1,\"name\":\"Home\",\"item\":\"https:\\\/\\\/www.compagniadisanpaolo.it\\\/it\\\/\"},{\"@type\":\"ListItem\",\"position\":2,\"name\":\"Prosegue il progetto di Social Housing di Orbassano\"}]},{\"@type\":\"WebSite\",\"@id\":\"https:\\\/\\\/www.compagniadisanpaolo.it\\\/it\\\/#website\",\"url\":\"https:\\\/\\\/www.compagniadisanpaolo.it\\\/it\\\/\",\"name\":\"Fondazione Compagnia di San Paolo\",\"description\":\"\",\"publisher\":{\"@id\":\"https:\\\/\\\/www.compagniadisanpaolo.it\\\/it\\\/#organization\"},\"potentialAction\":[{\"@type\":\"SearchAction\",\"target\":{\"@type\":\"EntryPoint\",\"urlTemplate\":\"https:\\\/\\\/www.compagniadisanpaolo.it\\\/it\\\/?s={search_term_string}\"},\"query-input\":{\"@type\":\"PropertyValueSpecification\",\"valueRequired\":true,\"valueName\":\"search_term_string\"}}],\"inLanguage\":\"it-IT\"},{\"@type\":\"Organization\",\"@id\":\"https:\\\/\\\/www.compagniadisanpaolo.it\\\/it\\\/#organization\",\"name\":\"Fondazione Compagnia di San Paolo\",\"url\":\"https:\\\/\\\/www.compagniadisanpaolo.it\\\/it\\\/\",\"logo\":{\"@type\":\"ImageObject\",\"inLanguage\":\"it-IT\",\"@id\":\"https:\\\/\\\/www.compagniadisanpaolo.it\\\/it\\\/#\\\/schema\\\/logo\\\/image\\\/\",\"url\":\"https:\\\/\\\/www.compagniadisanpaolo.it\\\/wp-content\\\/uploads\\\/logo.svg\",\"contentUrl\":\"https:\\\/\\\/www.compagniadisanpaolo.it\\\/wp-content\\\/uploads\\\/logo.svg\",\"width\":769,\"height\":323,\"caption\":\"Fondazione Compagnia di San Paolo\"},\"image\":{\"@id\":\"https:\\\/\\\/www.compagniadisanpaolo.it\\\/it\\\/#\\\/schema\\\/logo\\\/image\\\/\"},\"sameAs\":[\"https:\\\/\\\/www.facebook.com\\\/CompagniaDiSanPaolo\",\"https:\\\/\\\/x.com\\\/CSP_live\",\"http:\\\/\\\/instagram.com\\\/compagniadisanpaolo?ref=badge\",\"https:\\\/\\\/www.linkedin.com\\\/company\\\/compagnia-di-san-paolo\",\"https:\\\/\\\/www.youtube.com\\\/user\\\/compagniadisanpaolo\",\"https:\\\/\\\/it.wikipedia.org\\\/wiki\\\/Compagnia_di_San_Paolo\"]},{\"@type\":\"Person\",\"@id\":\"https:\\\/\\\/www.compagniadisanpaolo.it\\\/it\\\/#\\\/schema\\\/person\\\/b7d5451541c25c82f29c5be1e78456b2\",\"name\":\"Federica\",\"image\":{\"@type\":\"ImageObject\",\"inLanguage\":\"it-IT\",\"@id\":\"https:\\\/\\\/secure.gravatar.com\\\/avatar\\\/b5698fa13ac389b1f1fb1263a4626e219d853d7ccf112e854aea8c9c087d24ae?s=96&d=mm&r=g\",\"url\":\"https:\\\/\\\/secure.gravatar.com\\\/avatar\\\/b5698fa13ac389b1f1fb1263a4626e219d853d7ccf112e854aea8c9c087d24ae?s=96&d=mm&r=g\",\"contentUrl\":\"https:\\\/\\\/secure.gravatar.com\\\/avatar\\\/b5698fa13ac389b1f1fb1263a4626e219d853d7ccf112e854aea8c9c087d24ae?s=96&d=mm&r=g\",\"caption\":\"Federica\"}}]}<\/script>\n<!-- \/ Yoast SEO plugin. -->","yoast_head_json":{"title":"Prosegue il progetto di Social Housing di Orbassano - Fondazione Compagnia di San Paolo","robots":{"index":"index","follow":"follow","max-snippet":"max-snippet:-1","max-image-preview":"max-image-preview:large","max-video-preview":"max-video-preview:-1"},"canonical":"https:\/\/www.compagniadisanpaolo.it\/it\/news\/prosegue-il-progetto-di-social-housing-di-orbassano\/","og_locale":"it_IT","og_type":"article","og_title":"Prosegue il progetto di Social Housing di Orbassano - Fondazione Compagnia di San Paolo","og_url":"https:\/\/www.compagniadisanpaolo.it\/it\/news\/prosegue-il-progetto-di-social-housing-di-orbassano\/","og_site_name":"Fondazione Compagnia di San Paolo","article_publisher":"https:\/\/www.facebook.com\/CompagniaDiSanPaolo","article_published_time":"2020-10-19T12:50:33+00:00","article_modified_time":"2021-09-09T11:54:17+00:00","og_image":[{"width":815,"height":350,"url":"https:\/\/www.compagniadisanpaolo.it\/wp-content\/uploads\/NEWS-SITO-ORBASSANO.jpg","type":"image\/jpeg"}],"author":"Federica","twitter_card":"summary_large_image","twitter_creator":"@CSP_live","twitter_site":"@CSP_live","twitter_misc":{"Scritto da":"Federica","Tempo di lettura stimato":"3 minuti"},"schema":{"@context":"https:\/\/schema.org","@graph":[{"@type":"Article","@id":"https:\/\/www.compagniadisanpaolo.it\/it\/news\/prosegue-il-progetto-di-social-housing-di-orbassano\/#article","isPartOf":{"@id":"https:\/\/www.compagniadisanpaolo.it\/it\/news\/prosegue-il-progetto-di-social-housing-di-orbassano\/"},"author":{"name":"Federica","@id":"https:\/\/www.compagniadisanpaolo.it\/it\/#\/schema\/person\/b7d5451541c25c82f29c5be1e78456b2"},"headline":"Prosegue il progetto di Social Housing di Orbassano","datePublished":"2020-10-19T12:50:33+00:00","dateModified":"2021-09-09T11:54:17+00:00","mainEntityOfPage":{"@id":"https:\/\/www.compagniadisanpaolo.it\/it\/news\/prosegue-il-progetto-di-social-housing-di-orbassano\/"},"wordCount":536,"publisher":{"@id":"https:\/\/www.compagniadisanpaolo.it\/it\/#organization"},"image":{"@id":"https:\/\/www.compagniadisanpaolo.it\/it\/news\/prosegue-il-progetto-di-social-housing-di-orbassano\/#primaryimage"},"thumbnailUrl":"https:\/\/www.compagniadisanpaolo.it\/wp-content\/uploads\/NEWS-SITO-ORBASSANO.jpg","keywords":["coesione sociale","housing collaborativo","protagonismo delle comunit\u00e0","rigenerazione urbana","sviluppo organizzativo","sviluppo sostenibile"],"articleSection":["News"],"inLanguage":"it-IT"},{"@type":"WebPage","@id":"https:\/\/www.compagniadisanpaolo.it\/it\/news\/prosegue-il-progetto-di-social-housing-di-orbassano\/","url":"https:\/\/www.compagniadisanpaolo.it\/it\/news\/prosegue-il-progetto-di-social-housing-di-orbassano\/","name":"Prosegue il progetto di Social Housing di Orbassano - Fondazione Compagnia di San Paolo","isPartOf":{"@id":"https:\/\/www.compagniadisanpaolo.it\/it\/#website"},"primaryImageOfPage":{"@id":"https:\/\/www.compagniadisanpaolo.it\/it\/news\/prosegue-il-progetto-di-social-housing-di-orbassano\/#primaryimage"},"image":{"@id":"https:\/\/www.compagniadisanpaolo.it\/it\/news\/prosegue-il-progetto-di-social-housing-di-orbassano\/#primaryimage"},"thumbnailUrl":"https:\/\/www.compagniadisanpaolo.it\/wp-content\/uploads\/NEWS-SITO-ORBASSANO.jpg","datePublished":"2020-10-19T12:50:33+00:00","dateModified":"2021-09-09T11:54:17+00:00","breadcrumb":{"@id":"https:\/\/www.compagniadisanpaolo.it\/it\/news\/prosegue-il-progetto-di-social-housing-di-orbassano\/#breadcrumb"},"inLanguage":"it-IT","potentialAction":[{"@type":"ReadAction","target":["https:\/\/www.compagniadisanpaolo.it\/it\/news\/prosegue-il-progetto-di-social-housing-di-orbassano\/"]}]},{"@type":"ImageObject","inLanguage":"it-IT","@id":"https:\/\/www.compagniadisanpaolo.it\/it\/news\/prosegue-il-progetto-di-social-housing-di-orbassano\/#primaryimage","url":"https:\/\/www.compagniadisanpaolo.it\/wp-content\/uploads\/NEWS-SITO-ORBASSANO.jpg","contentUrl":"https:\/\/www.compagniadisanpaolo.it\/wp-content\/uploads\/NEWS-SITO-ORBASSANO.jpg","width":815,"height":350},{"@type":"BreadcrumbList","@id":"https:\/\/www.compagniadisanpaolo.it\/it\/news\/prosegue-il-progetto-di-social-housing-di-orbassano\/#breadcrumb","itemListElement":[{"@type":"ListItem","position":1,"name":"Home","item":"https:\/\/www.compagniadisanpaolo.it\/it\/"},{"@type":"ListItem","position":2,"name":"Prosegue il progetto di Social Housing di Orbassano"}]},{"@type":"WebSite","@id":"https:\/\/www.compagniadisanpaolo.it\/it\/#website","url":"https:\/\/www.compagniadisanpaolo.it\/it\/","name":"Fondazione Compagnia di San Paolo","description":"","publisher":{"@id":"https:\/\/www.compagniadisanpaolo.it\/it\/#organization"},"potentialAction":[{"@type":"SearchAction","target":{"@type":"EntryPoint","urlTemplate":"https:\/\/www.compagniadisanpaolo.it\/it\/?s={search_term_string}"},"query-input":{"@type":"PropertyValueSpecification","valueRequired":true,"valueName":"search_term_string"}}],"inLanguage":"it-IT"},{"@type":"Organization","@id":"https:\/\/www.compagniadisanpaolo.it\/it\/#organization","name":"Fondazione Compagnia di San Paolo","url":"https:\/\/www.compagniadisanpaolo.it\/it\/","logo":{"@type":"ImageObject","inLanguage":"it-IT","@id":"https:\/\/www.compagniadisanpaolo.it\/it\/#\/schema\/logo\/image\/","url":"https:\/\/www.compagniadisanpaolo.it\/wp-content\/uploads\/logo.svg","contentUrl":"https:\/\/www.compagniadisanpaolo.it\/wp-content\/uploads\/logo.svg","width":769,"height":323,"caption":"Fondazione Compagnia di San Paolo"},"image":{"@id":"https:\/\/www.compagniadisanpaolo.it\/it\/#\/schema\/logo\/image\/"},"sameAs":["https:\/\/www.facebook.com\/CompagniaDiSanPaolo","https:\/\/x.com\/CSP_live","http:\/\/instagram.com\/compagniadisanpaolo?ref=badge","https:\/\/www.linkedin.com\/company\/compagnia-di-san-paolo","https:\/\/www.youtube.com\/user\/compagniadisanpaolo","https:\/\/it.wikipedia.org\/wiki\/Compagnia_di_San_Paolo"]},{"@type":"Person","@id":"https:\/\/www.compagniadisanpaolo.it\/it\/#\/schema\/person\/b7d5451541c25c82f29c5be1e78456b2","name":"Federica","image":{"@type":"ImageObject","inLanguage":"it-IT","@id":"https:\/\/secure.gravatar.com\/avatar\/b5698fa13ac389b1f1fb1263a4626e219d853d7ccf112e854aea8c9c087d24ae?s=96&d=mm&r=g","url":"https:\/\/secure.gravatar.com\/avatar\/b5698fa13ac389b1f1fb1263a4626e219d853d7ccf112e854aea8c9c087d24ae?s=96&d=mm&r=g","contentUrl":"https:\/\/secure.gravatar.com\/avatar\/b5698fa13ac389b1f1fb1263a4626e219d853d7ccf112e854aea8c9c087d24ae?s=96&d=mm&r=g","caption":"Federica"}}]}},"amp_enabled":true,"_links":{"self":[{"href":"https:\/\/www.compagniadisanpaolo.it\/it\/wp-json\/wp\/v2\/posts\/7590","targetHints":{"allow":["GET"]}}],"collection":[{"href":"https:\/\/www.compagniadisanpaolo.it\/it\/wp-json\/wp\/v2\/posts"}],"about":[{"href":"https:\/\/www.compagniadisanpaolo.it\/it\/wp-json\/wp\/v2\/types\/post"}],"author":[{"embeddable":true,"href":"https:\/\/www.compagniadisanpaolo.it\/it\/wp-json\/wp\/v2\/users\/19"}],"replies":[{"embeddable":true,"href":"https:\/\/www.compagniadisanpaolo.it\/it\/wp-json\/wp\/v2\/comments?post=7590"}],"version-history":[{"count":3,"href":"https:\/\/www.compagniadisanpaolo.it\/it\/wp-json\/wp\/v2\/posts\/7590\/revisions"}],"predecessor-version":[{"id":7605,"href":"https:\/\/www.compagniadisanpaolo.it\/it\/wp-json\/wp\/v2\/posts\/7590\/revisions\/7605"}],"wp:featuredmedia":[{"embeddable":true,"href":"https:\/\/www.compagniadisanpaolo.it\/it\/wp-json\/wp\/v2\/media\/7612"}],"wp:attachment":[{"href":"https:\/\/www.compagniadisanpaolo.it\/it\/wp-json\/wp\/v2\/media?parent=7590"}],"wp:term":[{"taxonomy":"category","embeddable":true,"href":"https:\/\/www.compagniadisanpaolo.it\/it\/wp-json\/wp\/v2\/categories?post=7590"},{"taxonomy":"post_tag","embeddable":true,"href":"https:\/\/www.compagniadisanpaolo.it\/it\/wp-json\/wp\/v2\/tags?post=7590"}],"curies":[{"name":"wp","href":"https:\/\/api.w.org\/{rel}","templated":true}]}}