{"id":6653,"date":"2020-09-11T11:20:12","date_gmt":"2020-09-11T09:20:12","guid":{"rendered":"https:\/\/www.compagniadisanpaolo.it\/?p=6653"},"modified":"2021-09-10T19:39:42","modified_gmt":"2021-09-10T17:39:42","slug":"2020-un-autunno-insieme-uniniziativa-per-ripensare-insieme-leducazione","status":"publish","type":"post","link":"https:\/\/www.compagniadisanpaolo.it\/it\/news\/2020-un-autunno-insieme-uniniziativa-per-ripensare-insieme-leducazione\/","title":{"rendered":"2020. Un autunno insieme: un&#8217;iniziativa per ripensare insieme l&#8217;educazione"},"content":{"rendered":"<div class=\"wpb-content-wrapper\">[vc_row][vc_column][vc_column_text el_class=&#8221;text-headline2&#8243;]<i>Con il webseminar \u201cEstate 2020: un laboratorio per l\u2019educazione guardando all\u2019autunno\u201d, in programma il 15 settembre alle 15.00, inizia un ciclo di seminari volti a riflettere su un nuovo modello di educazione.<\/i>[\/vc_column_text][\/vc_column][\/vc_row][vc_row][vc_column][vc_column_text]\n<div class=\"info-box mission\">\n\t\t<div class=\"info-box-wrap info-box-hor row pb-0\">\n\n\t\t      \n\t\t      <div class=\"spalla col-12 col-md-12\">\n\t\t\t<div class=\"info-box sharing-box\">\n\t\t\t  <span class=\"label\">Condividi:<\/span>\n\t\t\t  <div class=\"social-sharing\">\n\t\t\t    <span class=\"box\">\n\t\t\t      <a class=\"fb\" href=\"https:\/\/www.facebook.com\/sharer.php?u=https:\/\/www.compagniadisanpaolo.it\/it\/news\/2020-un-autunno-insieme-uniniziativa-per-ripensare-insieme-leducazione\/\" target=\"_blank\">\n\t\t\t\t<span class=\"sr-only\">Facebook<\/span>\n\t\t\t\t<i class=\"fab fa-facebook-f\"><\/i>\n\t\t\t      <\/a>\n\t\t\t    <\/span>\n\t\t\t    \n\t\t\t    <style>\n.twitter, .twitter:hover{\ncolor:#000000 !important;}\n<\/style>\n\n\n\t\t\t    <span class=\"box\">\n\t\t\t      <a class=\"twitter\" href=\"https:\/\/twitter.com\/intent\/tweet?url=https:\/\/www.compagniadisanpaolo.it\/it\/news\/2020-un-autunno-insieme-uniniziativa-per-ripensare-insieme-leducazione\/\">\n\t\t\t\t<span class=\"sr-only\">Twitter<\/span>\n\t\t\t\t<i class=\"fa-brands fa-x-twitter\"><\/i>\n\t\t\t      <\/a>\n\t\t\t    <\/span>\n\n\t\t\t    \n\t\t\t    <span class=\"box\">\n\t\t\t      <a class=\"linkedin\" href=\"https:\/\/www.linkedin.com\/shareArticle?mini=true&url=https:\/\/www.compagniadisanpaolo.it\/it\/news\/2020-un-autunno-insieme-uniniziativa-per-ripensare-insieme-leducazione\/\">\n\t\t\t\t<span class=\"sr-only\">Linkedin<\/span>\n\t\t\t\t  <i class=\"fa-brands fa-linkedin-in\"><\/i>\n\t\t\t      <\/a>\n\t\t\t    <\/span>\n\n\t\t\t    <span class=\"box\">\n\t\t\t      <a class=\"whatsapp\" href=\"whatsapp:\/\/send?text=https:\/\/www.compagniadisanpaolo.it\/it\/news\/2020-un-autunno-insieme-uniniziativa-per-ripensare-insieme-leducazione\/\" data-action=\"share\/whatsapp\/share\">\n\t\t\t\t<span class=\"sr-only\">Whatsapp<\/span>\n\t\t\t\t<i class=\"fa-brands fa-whatsapp\"><\/i>\n\t\t\t      <\/a>\n\t\t\t    <\/span>\n\n\t\t\t    <span class=\"box\">\n\t\t\t      <a class=\"mail\" href=\"mailto:?subject=2020. Un autunno insieme: un'iniziativa per ripensare insieme l'educazione&body=https:\/\/www.compagniadisanpaolo.it\/it\/news\/2020-un-autunno-insieme-uniniziativa-per-ripensare-insieme-leducazione\/\">\n\t\t\t\t<span class=\"sr-only\">Mail<\/span>\n\t\t\t\t <i class=\"fa-solid fa-envelope\"><\/i>\n\t\t\t      <\/a>\n\t\t\t    <\/span>\n\t\t\t    \n\t\t\t  <\/div>\n\t\t\t<\/div>\n\t      <\/div>\n\t    <\/div><\/div>\n[\/vc_column_text][\/vc_column][\/vc_row][vc_row][vc_column width=&#8221;1\/4&#8243;][vc_column_text]\n\n\n\t\t<div class=\"info-box-wrap\">\n\n\t  <div class=\"info-box date-pub\">\n\t  \t<span class=\"label\">Data di pubblicazione:<\/span>\n\t    <span class=\"value\">11 Settembre 2020<\/span>\n\t  <\/div>\n\t\t\t\t  <div class=\"info-box obj-people\">\n\t\t\t\t\t  <div class=\"info-box obj\"><span class=\"label\">Obiettivo<\/span>\n\t\t\t\t\t    <div class=\"obj-small-box\">\n\t\t\t\t\t      <span>Persone.<\/span>\n\t\t\t\t\t    <\/div>\n\t\t\t\t\t  <\/div>\n\t\t\t\t  <\/div>\n\t\t\t  \n\t\t  \t   <div class=\"info-box obj-culture\">\n\t\t\t\t  <div class=\"info-box obj\"><span class=\"label\">Obiettivo<\/span>\n\t\t\t\t    <div class=\"obj-small-box\">\n\t\t\t\t      <span>Cultura.<\/span>\n\t\t\t\t    <\/div>\n\t\t\t\t  <\/div>\n\t\t\t  <\/div><div class=\"info-box mission\"><span class=\"label\">Tag<\/span><a href=\"https:\/\/www.compagniadisanpaolo.it\/it\/tags\/risultati\/?_sft_post_tag=coesione-sociale\" class=\"tag-element\">Coesione sociale<\/a><a href=\"https:\/\/www.compagniadisanpaolo.it\/it\/tags\/risultati\/?_sft_post_tag=comunita-educanti\" class=\"tag-element\">Comunit\u00e0 educanti<\/a><a href=\"https:\/\/www.compagniadisanpaolo.it\/it\/tags\/risultati\/?_sft_post_tag=creativita-ed-esperienze-attive\" class=\"tag-element\">Creativit\u00e0 ed esperienze attive<\/a><a href=\"https:\/\/www.compagniadisanpaolo.it\/it\/tags\/risultati\/?_sft_post_tag=gruppo-compagnia\" class=\"tag-element\">Gruppo compagnia<\/a><a href=\"https:\/\/www.compagniadisanpaolo.it\/it\/tags\/risultati\/?_sft_post_tag=nuove-generazioni\" class=\"tag-element\">Nuove generazioni<\/a><a href=\"https:\/\/www.compagniadisanpaolo.it\/it\/tags\/risultati\/?_sft_post_tag=orientamento\" class=\"tag-element\">Orientamento<\/a><\/div>\t  \n\t<\/div>\n[\/vc_column_text][\/vc_column][vc_column width=&#8221;3\/4&#8243; el_class=&#8221;page-content&#8221;][vc_column_text el_class=&#8221;text&#8221;]Il 15 settembre alle 15.00 \u00e8 in programma il webseminar \u201c<b><i>Estate 2020: un laboratorio per l\u2019educazione guardando all\u2019autunno\u201d<\/i><\/b>, un incontro pensato per restituire alle scuole, ai dirigenti e docenti, ai soggetti del terzo settore e agli attori istituzionali le lezioni apprese durante l\u2019estate anche attraverso il progetto \u201c<a href=\"https:\/\/www.compagniadisanpaolo.it\/it\/news\/2020-unestate-insieme-un-progetto-coordinato-per-dare-nuove-opportunita-e-fiducia-ai-piu-giovani\/\" target=\"_blank\" rel=\"noopener noreferrer\">2020. Un\u2019estate insieme<\/a>\u201d. In particolare nel corso del seminario, al quale parteciper\u00e0 il <b>Presidente della Fondazione Compagnia di San Paolo <\/b><a href=\"https:\/\/www.compagniadisanpaolo.it\/it\/fondazione\/organi\/francesco-profumo-presidente\/\" target=\"_blank\" rel=\"noopener noreferrer\"><b>Francesco Profumo<\/b><\/a>, interverranno le persone che hanno animato le attivit\u00e0 estive.\u00a0Un\u2019importante occasione per consegnare alle scuole il patrimonio di esperienze apprese in estate attraverso storiche collaborazioni (Provaci ancora Sam, Riconnessioni, Estate Ragazzi, Estate Bimbi, le attivit\u00e0 estive degli oratori di Noi Torino e AGS per il territorio) e mediante nuove opportunit\u00e0, strumenti, modelli di intervento, contenuti (Sam non va in vacanza, La Bella Estate, Spazio Lungo\u00a0 e Spazio Tappa ZeroSei).<\/p>\n<p>Il successo delle iniziative messe in campo grazie alla proficua collaborazione tra l\u2019<a href=\"http:\/\/www.istruzionepiemonte.it\/\" target=\"_blank\" rel=\"noopener noreferrer\">Ufficio Scolastico Regionale<\/a>, <a href=\"http:\/\/www.comune.torino.it\" target=\"_blank\" rel=\"noopener noreferrer\">Citt\u00e0 di Torino<\/a> e Fondazione Compagnia di San Paolo con l\u2019<a href=\"https:\/\/www.compagniadisanpaolo.it\/it\/le-nostre-sfide\/obiettivo-persone\/\" target=\"_blank\" rel=\"noopener noreferrer\">Obiettivo Persone<\/a>\u00a0e\u00a0l\u2019<a href=\"https:\/\/www.compagniadisanpaolo.it\/it\/le-nostre-sfide\/obiettivo-cultura\/\" target=\"_blank\" rel=\"noopener noreferrer\">Obiettivo Cultura<\/a>, insieme a <a href=\"https:\/\/www.fondazionescuola.it\" target=\"_blank\" rel=\"noopener noreferrer\">Fondazione per la Scuola<\/a>, <a href=\"https:\/\/ufficiopio.it\" target=\"_blank\" rel=\"noopener noreferrer\">Ufficio Pio<\/a>, <a href=\"http:\/\/www.xkezerotredici.it\" target=\"_blank\" rel=\"noopener noreferrer\">Consorzio Xk\u00e8 Zerotredici<\/a>, spinge ora a compiere un ulteriore passo per costruire una riflessione e stimolare un dibattito intorno alla sfida\u00a0di un nuovo modello di educazione, in grado di tessere insieme le dimensioni educative, culturali, di socializzazione coinvolgendo spazi e luoghi, attori inediti, interlocutori cittadini. Per questo abbiamo pensato ad un percorso <b>\u201c2020. Un autunno insieme\u201d<\/b>, che prende avvio con un ciclo di seminari online per approfondire il tema dell\u2019educazione, oggi pi\u00f9 urgente che mai.<\/p>\n<p>Questo il programma del webinar del 15 settembre, al quale seguiranno due appuntamenti:\u00a0 il primo dal titolo \u201c<b>Didattica diffusa e ibrida: una sfida da costruire<\/b>\u201d e il secondo dal titolo \u201c<b>Come dare valore alle competenze degli studenti<\/b>&#8220;.<\/p>\n<p><strong>15.00<\/strong> Introduzione e saluti.<\/p>\n<p>Francesco Profumo, Presidente Fondazione Compagnia di San Paolo<\/p>\n<p>Antonietta Di Martino, Assessora all\u2019Istruzione Citt\u00e0 di Torino<\/p>\n<p>Fabrizio Manca, Direttore Ufficio Scolastico Regionale Piemonte<\/p>\n<p><strong>15. 30<\/strong> \u00a0 2020. Un\u2019estate insieme &#8230; in pillole<\/p>\n<p><strong>15.35<\/strong> Lezioni estive<\/p>\n<p>Testimonianze di enti del terzo settore, organizzazioni del territorio, enti locali, istituzioni scolastiche. Federica Massagrande (Associazione Altres\u00ec), Valentina Bello (Endas), Paola Matossi (Museo Egizio), Luca Ramello (Ufficio per la Pastorale dei Giovani e dei Ragazzi), Maria Grazia Tiozzo (Circolo Didattico 11 di Torino)<\/p>\n<p>Modera Ludovico Albert, Presidente Fondazione per la Scuola della Compagnia di San Paolo<\/p>\n<p><strong>16.10<\/strong>\u00a0 \u00a0 La parola alla scuola. Pietro Perrone (Dirigente scolastico IC Racconigi)<\/p>\n<p><strong>16.20<\/strong>\u00a0 \u00a0 L\u2019entusiasmo dei bambini (video)<\/p>\n<p><strong>16.25<\/strong>\u00a0 \u00a0 Conclusioni Claudia Mandrile, Responsabile Missione Educare per cresce insieme, Obiettivo Persone Fondazione Compagnia di San Paolo<\/p>\n<p>La partecipazione al webinar \u00e8 su invito.[\/vc_column_text][\/vc_column][\/vc_row][vc_row][vc_column][vc_video link=&#8221;https:\/\/vimeo.com\/458223963\/ff04b8dacb&#8221;][\/vc_column][\/vc_row][vc_row el_class=&#8221;video-wrap&#8221;][vc_column][vc_video link=&#8221;https:\/\/youtu.be\/C21mBxRGgK4&#8243; align=&#8221;center&#8221;][\/vc_column][\/vc_row][vc_row][vc_column]<div class=\"templatera_shortcode\"><div data-vc-full-width=\"true\" data-vc-full-width-temp=\"true\" data-vc-full-width-init=\"false\" class=\"vc_row wpb_row vc_row-fluid newsletter-wrap\"><div class=\"wpb_column vc_column_container vc_col-sm-12\"><div class=\"vc_column-inner\"><div class=\"wpb_wrapper\">\n\t<div class=\"wpb_raw_code wpb_raw_html wpb_content_element\" >\n\t\t<div class=\"wpb_wrapper\">\n\t\t\t    <div class=\"container\">\n      <div class=\"row align-items-center\">\n\t<div class=\"col-12 col-lg-6 col-xl-5 mb-3 mb-lg-0 pr-0\">\n\t  <h2 class=\"title\">Rimani aggiornato sui nostri bandi e sui nostri progetti<\/h2>\n\t<\/div>\n\t<div class=\"col-12 col-lg-6 col-xl-7 pl-xl-4\">\n\t  <a class=\"standard-link-block\" href=\"\/it\/newsletter\/\">\n\t    Compila il form e decidi su quale argomento vuoi ricevere notizie.\t    <strong>\u00a0 ISCRIVITI!<\/strong>\n\t  <\/a>\n\t<\/div>\n      <\/div>\n    <\/div>\n\t\t<\/div>\n\t<\/div>\n<\/div><\/div><\/div><\/div><div class=\"vc_row-full-width vc_clearfix\"><\/div><\/div>[\/vc_column][\/vc_row]\n<\/div>","protected":false},"excerpt":{"rendered":"Con il webseminar \u201cEstate 2020: un laboratorio per l\u2019educazione guardando all\u2019autunno\u201d, in programma il 15 settembre alle 15.00, inizia un ciclo di seminari volti a riflettere su un nuovo modello di educazione. Condividi: Facebook Twitter Linkedin Whatsapp Mail Data di pubblicazione: 11 Settembre 2020 Obiettivo Persone. Obiettivo Cultura. TagCoesione socialeComunit\u00e0 educantiCreativit\u00e0 ed esperienze attiveGruppo compagniaNuove generazioniOrientamento Il 15 settembre alle 15.00 \u00e8 in programma il webseminar \u201cEstate 2020: un laboratorio per l\u2019educazione guardando all\u2019autunno\u201d, un incontro pensato per restituire alle scuole, ai dirigenti e docenti, ai soggetti del terzo settore e agli attori istituzionali le lezioni apprese durante l\u2019estate anche attraverso il progetto \u201c2020. Un\u2019estate insieme\u201d. In particolare nel corso del seminario, al quale parteciper\u00e0 il Presidente della Fondazione Compagnia di San Paolo Francesco Profumo, interverranno le persone che hanno animato le attivit\u00e0 estive.\u00a0Un\u2019importante occasione per consegnare alle scuole il patrimonio di esperienze apprese in estate attraverso storiche collaborazioni (Provaci ancora Sam, Riconnessioni, Estate Ragazzi, Estate Bimbi, le attivit\u00e0 estive degli oratori di Noi Torino e AGS per il territorio) e mediante nuove opportunit\u00e0, strumenti, modelli di intervento, contenuti (Sam non va in vacanza, La Bella Estate, Spazio Lungo\u00a0 e Spazio Tappa ZeroSei). Il successo delle iniziative messe in campo grazie alla proficua collaborazione tra l\u2019Ufficio Scolastico Regionale, Citt\u00e0 di Torino e Fondazione Compagnia di San Paolo con l\u2019Obiettivo Persone\u00a0e\u00a0l\u2019Obiettivo Cultura, insieme a Fondazione per la Scuola, Ufficio Pio, Consorzio Xk\u00e8 Zerotredici, spinge ora a compiere un ulteriore passo per costruire una riflessione e stimolare un dibattito intorno alla sfida\u00a0di un nuovo modello di educazione, in grado di tessere insieme le dimensioni educative, culturali, di socializzazione coinvolgendo spazi e luoghi, attori inediti, interlocutori cittadini. Per questo abbiamo pensato ad un percorso \u201c2020. Un autunno insieme\u201d, che prende avvio con un ciclo di seminari online per approfondire il tema dell\u2019educazione, oggi pi\u00f9 urgente che mai. Questo il programma del webinar del 15 settembre, al quale seguiranno due appuntamenti:\u00a0 il primo dal titolo \u201cDidattica diffusa e ibrida: una sfida da costruire\u201d e il secondo dal titolo \u201cCome dare valore alle competenze degli studenti\". 15.00 Introduzione e saluti. Francesco Profumo, Presidente Fondazione Compagnia di San Paolo Antonietta Di Martino, Assessora all\u2019Istruzione Citt\u00e0 di Torino Fabrizio Manca, Direttore Ufficio Scolastico Regionale Piemonte 15. 30 \u00a0 2020. Un\u2019estate insieme ... in pillole 15.35 Lezioni estive Testimonianze di enti del terzo settore, organizzazioni del territorio, enti locali, istituzioni scolastiche. Federica Massagrande (Associazione Altres\u00ec), Valentina Bello (Endas), Paola Matossi (Museo Egizio), Luca Ramello (Ufficio per la Pastorale dei Giovani e dei Ragazzi), Maria Grazia Tiozzo (Circolo Didattico 11 di Torino) Modera Ludovico Albert, Presidente Fondazione per la Scuola della Compagnia di San Paolo 16.10\u00a0 \u00a0 La parola alla scuola. Pietro Perrone (Dirigente scolastico IC Racconigi) 16.20\u00a0 \u00a0 L\u2019entusiasmo dei bambini (video) 16.25\u00a0 \u00a0 Conclusioni Claudia Mandrile, Responsabile Missione Educare per cresce insieme, Obiettivo Persone Fondazione Compagnia di San Paolo La partecipazione al webinar \u00e8 su invito. Rimani aggiornato sui nostri bandi e sui nostri progetti Compila il form e decidi su quale argomento vuoi ricevere notizie. \u00a0 ISCRIVITI!","protected":false},"author":19,"featured_media":6654,"comment_status":"closed","ping_status":"closed","sticky":false,"template":"","format":"standard","meta":{"_acf_changed":false,"content-type":"","footnotes":""},"categories":[17],"tags":[51,81,63,66,54,85],"class_list":["post-6653","post","type-post","status-publish","format-standard","has-post-thumbnail","hentry","category-news","tag-coesione-sociale","tag-comunita-educanti","tag-creativita-ed-esperienze-attive","tag-gruppo-compagnia","tag-nuove-generazioni","tag-orientamento","entry","post-inner"],"acf":[],"yoast_head":"<!-- This site is optimized with the Yoast SEO plugin v27.3 - https:\/\/yoast.com\/product\/yoast-seo-wordpress\/ -->\n<title>2020. Un autunno insieme: un&#039;iniziativa per ripensare insieme l&#039;educazione - Fondazione Compagnia di San Paolo<\/title>\n<meta name=\"robots\" content=\"index, follow, max-snippet:-1, max-image-preview:large, max-video-preview:-1\" \/>\n<link rel=\"canonical\" href=\"https:\/\/www.compagniadisanpaolo.it\/it\/news\/2020-un-autunno-insieme-uniniziativa-per-ripensare-insieme-leducazione\/\" \/>\n<meta property=\"og:locale\" content=\"it_IT\" \/>\n<meta property=\"og:type\" content=\"article\" \/>\n<meta property=\"og:title\" content=\"2020. Un autunno insieme: un&#039;iniziativa per ripensare insieme l&#039;educazione - Fondazione Compagnia di San Paolo\" \/>\n<meta property=\"og:url\" content=\"https:\/\/www.compagniadisanpaolo.it\/it\/news\/2020-un-autunno-insieme-uniniziativa-per-ripensare-insieme-leducazione\/\" \/>\n<meta property=\"og:site_name\" content=\"Fondazione Compagnia di San Paolo\" \/>\n<meta property=\"article:publisher\" content=\"https:\/\/www.facebook.com\/CompagniaDiSanPaolo\" \/>\n<meta property=\"article:published_time\" content=\"2020-09-11T09:20:12+00:00\" \/>\n<meta property=\"article:modified_time\" content=\"2021-09-10T17:39:42+00:00\" \/>\n<meta property=\"og:image\" content=\"https:\/\/www.compagniadisanpaolo.it\/wp-content\/uploads\/estate-insieme-sito.jpg\" \/>\n\t<meta property=\"og:image:width\" content=\"815\" \/>\n\t<meta property=\"og:image:height\" content=\"350\" \/>\n\t<meta property=\"og:image:type\" content=\"image\/jpeg\" \/>\n<meta name=\"author\" content=\"Federica\" \/>\n<meta name=\"twitter:card\" content=\"summary_large_image\" \/>\n<meta name=\"twitter:creator\" content=\"@CSP_live\" \/>\n<meta name=\"twitter:site\" content=\"@CSP_live\" \/>\n<meta name=\"twitter:label1\" content=\"Scritto da\" \/>\n\t<meta name=\"twitter:data1\" content=\"Federica\" \/>\n\t<meta name=\"twitter:label2\" content=\"Tempo di lettura stimato\" \/>\n\t<meta name=\"twitter:data2\" content=\"3 minuti\" \/>\n<script type=\"application\/ld+json\" class=\"yoast-schema-graph\">{\"@context\":\"https:\\\/\\\/schema.org\",\"@graph\":[{\"@type\":\"Article\",\"@id\":\"https:\\\/\\\/www.compagniadisanpaolo.it\\\/it\\\/news\\\/2020-un-autunno-insieme-uniniziativa-per-ripensare-insieme-leducazione\\\/#article\",\"isPartOf\":{\"@id\":\"https:\\\/\\\/www.compagniadisanpaolo.it\\\/it\\\/news\\\/2020-un-autunno-insieme-uniniziativa-per-ripensare-insieme-leducazione\\\/\"},\"author\":{\"name\":\"Federica\",\"@id\":\"https:\\\/\\\/www.compagniadisanpaolo.it\\\/it\\\/#\\\/schema\\\/person\\\/b7d5451541c25c82f29c5be1e78456b2\"},\"headline\":\"2020. Un autunno insieme: un&#8217;iniziativa per ripensare insieme l&#8217;educazione\",\"datePublished\":\"2020-09-11T09:20:12+00:00\",\"dateModified\":\"2021-09-10T17:39:42+00:00\",\"mainEntityOfPage\":{\"@id\":\"https:\\\/\\\/www.compagniadisanpaolo.it\\\/it\\\/news\\\/2020-un-autunno-insieme-uniniziativa-per-ripensare-insieme-leducazione\\\/\"},\"wordCount\":570,\"publisher\":{\"@id\":\"https:\\\/\\\/www.compagniadisanpaolo.it\\\/it\\\/#organization\"},\"image\":{\"@id\":\"https:\\\/\\\/www.compagniadisanpaolo.it\\\/it\\\/news\\\/2020-un-autunno-insieme-uniniziativa-per-ripensare-insieme-leducazione\\\/#primaryimage\"},\"thumbnailUrl\":\"https:\\\/\\\/www.compagniadisanpaolo.it\\\/wp-content\\\/uploads\\\/estate-insieme-sito.jpg\",\"keywords\":[\"coesione sociale\",\"comunit\u00e0 educanti\",\"creativit\u00e0 ed esperienze attive\",\"gruppo compagnia\",\"nuove generazioni\",\"orientamento\"],\"articleSection\":[\"News\"],\"inLanguage\":\"it-IT\"},{\"@type\":\"WebPage\",\"@id\":\"https:\\\/\\\/www.compagniadisanpaolo.it\\\/it\\\/news\\\/2020-un-autunno-insieme-uniniziativa-per-ripensare-insieme-leducazione\\\/\",\"url\":\"https:\\\/\\\/www.compagniadisanpaolo.it\\\/it\\\/news\\\/2020-un-autunno-insieme-uniniziativa-per-ripensare-insieme-leducazione\\\/\",\"name\":\"2020. Un autunno insieme: un'iniziativa per ripensare insieme l'educazione - Fondazione Compagnia di San Paolo\",\"isPartOf\":{\"@id\":\"https:\\\/\\\/www.compagniadisanpaolo.it\\\/it\\\/#website\"},\"primaryImageOfPage\":{\"@id\":\"https:\\\/\\\/www.compagniadisanpaolo.it\\\/it\\\/news\\\/2020-un-autunno-insieme-uniniziativa-per-ripensare-insieme-leducazione\\\/#primaryimage\"},\"image\":{\"@id\":\"https:\\\/\\\/www.compagniadisanpaolo.it\\\/it\\\/news\\\/2020-un-autunno-insieme-uniniziativa-per-ripensare-insieme-leducazione\\\/#primaryimage\"},\"thumbnailUrl\":\"https:\\\/\\\/www.compagniadisanpaolo.it\\\/wp-content\\\/uploads\\\/estate-insieme-sito.jpg\",\"datePublished\":\"2020-09-11T09:20:12+00:00\",\"dateModified\":\"2021-09-10T17:39:42+00:00\",\"breadcrumb\":{\"@id\":\"https:\\\/\\\/www.compagniadisanpaolo.it\\\/it\\\/news\\\/2020-un-autunno-insieme-uniniziativa-per-ripensare-insieme-leducazione\\\/#breadcrumb\"},\"inLanguage\":\"it-IT\",\"potentialAction\":[{\"@type\":\"ReadAction\",\"target\":[\"https:\\\/\\\/www.compagniadisanpaolo.it\\\/it\\\/news\\\/2020-un-autunno-insieme-uniniziativa-per-ripensare-insieme-leducazione\\\/\"]}]},{\"@type\":\"ImageObject\",\"inLanguage\":\"it-IT\",\"@id\":\"https:\\\/\\\/www.compagniadisanpaolo.it\\\/it\\\/news\\\/2020-un-autunno-insieme-uniniziativa-per-ripensare-insieme-leducazione\\\/#primaryimage\",\"url\":\"https:\\\/\\\/www.compagniadisanpaolo.it\\\/wp-content\\\/uploads\\\/estate-insieme-sito.jpg\",\"contentUrl\":\"https:\\\/\\\/www.compagniadisanpaolo.it\\\/wp-content\\\/uploads\\\/estate-insieme-sito.jpg\",\"width\":815,\"height\":350},{\"@type\":\"BreadcrumbList\",\"@id\":\"https:\\\/\\\/www.compagniadisanpaolo.it\\\/it\\\/news\\\/2020-un-autunno-insieme-uniniziativa-per-ripensare-insieme-leducazione\\\/#breadcrumb\",\"itemListElement\":[{\"@type\":\"ListItem\",\"position\":1,\"name\":\"Home\",\"item\":\"https:\\\/\\\/www.compagniadisanpaolo.it\\\/it\\\/\"},{\"@type\":\"ListItem\",\"position\":2,\"name\":\"2020. Un autunno insieme: un&#8217;iniziativa per ripensare insieme l&#8217;educazione\"}]},{\"@type\":\"WebSite\",\"@id\":\"https:\\\/\\\/www.compagniadisanpaolo.it\\\/it\\\/#website\",\"url\":\"https:\\\/\\\/www.compagniadisanpaolo.it\\\/it\\\/\",\"name\":\"Fondazione Compagnia di San Paolo\",\"description\":\"\",\"publisher\":{\"@id\":\"https:\\\/\\\/www.compagniadisanpaolo.it\\\/it\\\/#organization\"},\"potentialAction\":[{\"@type\":\"SearchAction\",\"target\":{\"@type\":\"EntryPoint\",\"urlTemplate\":\"https:\\\/\\\/www.compagniadisanpaolo.it\\\/it\\\/?s={search_term_string}\"},\"query-input\":{\"@type\":\"PropertyValueSpecification\",\"valueRequired\":true,\"valueName\":\"search_term_string\"}}],\"inLanguage\":\"it-IT\"},{\"@type\":\"Organization\",\"@id\":\"https:\\\/\\\/www.compagniadisanpaolo.it\\\/it\\\/#organization\",\"name\":\"Fondazione Compagnia di San Paolo\",\"url\":\"https:\\\/\\\/www.compagniadisanpaolo.it\\\/it\\\/\",\"logo\":{\"@type\":\"ImageObject\",\"inLanguage\":\"it-IT\",\"@id\":\"https:\\\/\\\/www.compagniadisanpaolo.it\\\/it\\\/#\\\/schema\\\/logo\\\/image\\\/\",\"url\":\"https:\\\/\\\/www.compagniadisanpaolo.it\\\/wp-content\\\/uploads\\\/logo.svg\",\"contentUrl\":\"https:\\\/\\\/www.compagniadisanpaolo.it\\\/wp-content\\\/uploads\\\/logo.svg\",\"width\":769,\"height\":323,\"caption\":\"Fondazione Compagnia di San Paolo\"},\"image\":{\"@id\":\"https:\\\/\\\/www.compagniadisanpaolo.it\\\/it\\\/#\\\/schema\\\/logo\\\/image\\\/\"},\"sameAs\":[\"https:\\\/\\\/www.facebook.com\\\/CompagniaDiSanPaolo\",\"https:\\\/\\\/x.com\\\/CSP_live\",\"http:\\\/\\\/instagram.com\\\/compagniadisanpaolo?ref=badge\",\"https:\\\/\\\/www.linkedin.com\\\/company\\\/compagnia-di-san-paolo\",\"https:\\\/\\\/www.youtube.com\\\/user\\\/compagniadisanpaolo\",\"https:\\\/\\\/it.wikipedia.org\\\/wiki\\\/Compagnia_di_San_Paolo\"]},{\"@type\":\"Person\",\"@id\":\"https:\\\/\\\/www.compagniadisanpaolo.it\\\/it\\\/#\\\/schema\\\/person\\\/b7d5451541c25c82f29c5be1e78456b2\",\"name\":\"Federica\",\"image\":{\"@type\":\"ImageObject\",\"inLanguage\":\"it-IT\",\"@id\":\"https:\\\/\\\/secure.gravatar.com\\\/avatar\\\/b5698fa13ac389b1f1fb1263a4626e219d853d7ccf112e854aea8c9c087d24ae?s=96&d=mm&r=g\",\"url\":\"https:\\\/\\\/secure.gravatar.com\\\/avatar\\\/b5698fa13ac389b1f1fb1263a4626e219d853d7ccf112e854aea8c9c087d24ae?s=96&d=mm&r=g\",\"contentUrl\":\"https:\\\/\\\/secure.gravatar.com\\\/avatar\\\/b5698fa13ac389b1f1fb1263a4626e219d853d7ccf112e854aea8c9c087d24ae?s=96&d=mm&r=g\",\"caption\":\"Federica\"}}]}<\/script>\n<!-- \/ Yoast SEO plugin. -->","yoast_head_json":{"title":"2020. Un autunno insieme: un'iniziativa per ripensare insieme l'educazione - Fondazione Compagnia di San Paolo","robots":{"index":"index","follow":"follow","max-snippet":"max-snippet:-1","max-image-preview":"max-image-preview:large","max-video-preview":"max-video-preview:-1"},"canonical":"https:\/\/www.compagniadisanpaolo.it\/it\/news\/2020-un-autunno-insieme-uniniziativa-per-ripensare-insieme-leducazione\/","og_locale":"it_IT","og_type":"article","og_title":"2020. Un autunno insieme: un'iniziativa per ripensare insieme l'educazione - Fondazione Compagnia di San Paolo","og_url":"https:\/\/www.compagniadisanpaolo.it\/it\/news\/2020-un-autunno-insieme-uniniziativa-per-ripensare-insieme-leducazione\/","og_site_name":"Fondazione Compagnia di San Paolo","article_publisher":"https:\/\/www.facebook.com\/CompagniaDiSanPaolo","article_published_time":"2020-09-11T09:20:12+00:00","article_modified_time":"2021-09-10T17:39:42+00:00","og_image":[{"width":815,"height":350,"url":"https:\/\/www.compagniadisanpaolo.it\/wp-content\/uploads\/estate-insieme-sito.jpg","type":"image\/jpeg"}],"author":"Federica","twitter_card":"summary_large_image","twitter_creator":"@CSP_live","twitter_site":"@CSP_live","twitter_misc":{"Scritto da":"Federica","Tempo di lettura stimato":"3 minuti"},"schema":{"@context":"https:\/\/schema.org","@graph":[{"@type":"Article","@id":"https:\/\/www.compagniadisanpaolo.it\/it\/news\/2020-un-autunno-insieme-uniniziativa-per-ripensare-insieme-leducazione\/#article","isPartOf":{"@id":"https:\/\/www.compagniadisanpaolo.it\/it\/news\/2020-un-autunno-insieme-uniniziativa-per-ripensare-insieme-leducazione\/"},"author":{"name":"Federica","@id":"https:\/\/www.compagniadisanpaolo.it\/it\/#\/schema\/person\/b7d5451541c25c82f29c5be1e78456b2"},"headline":"2020. Un autunno insieme: un&#8217;iniziativa per ripensare insieme l&#8217;educazione","datePublished":"2020-09-11T09:20:12+00:00","dateModified":"2021-09-10T17:39:42+00:00","mainEntityOfPage":{"@id":"https:\/\/www.compagniadisanpaolo.it\/it\/news\/2020-un-autunno-insieme-uniniziativa-per-ripensare-insieme-leducazione\/"},"wordCount":570,"publisher":{"@id":"https:\/\/www.compagniadisanpaolo.it\/it\/#organization"},"image":{"@id":"https:\/\/www.compagniadisanpaolo.it\/it\/news\/2020-un-autunno-insieme-uniniziativa-per-ripensare-insieme-leducazione\/#primaryimage"},"thumbnailUrl":"https:\/\/www.compagniadisanpaolo.it\/wp-content\/uploads\/estate-insieme-sito.jpg","keywords":["coesione sociale","comunit\u00e0 educanti","creativit\u00e0 ed esperienze attive","gruppo compagnia","nuove generazioni","orientamento"],"articleSection":["News"],"inLanguage":"it-IT"},{"@type":"WebPage","@id":"https:\/\/www.compagniadisanpaolo.it\/it\/news\/2020-un-autunno-insieme-uniniziativa-per-ripensare-insieme-leducazione\/","url":"https:\/\/www.compagniadisanpaolo.it\/it\/news\/2020-un-autunno-insieme-uniniziativa-per-ripensare-insieme-leducazione\/","name":"2020. Un autunno insieme: un'iniziativa per ripensare insieme l'educazione - Fondazione Compagnia di San Paolo","isPartOf":{"@id":"https:\/\/www.compagniadisanpaolo.it\/it\/#website"},"primaryImageOfPage":{"@id":"https:\/\/www.compagniadisanpaolo.it\/it\/news\/2020-un-autunno-insieme-uniniziativa-per-ripensare-insieme-leducazione\/#primaryimage"},"image":{"@id":"https:\/\/www.compagniadisanpaolo.it\/it\/news\/2020-un-autunno-insieme-uniniziativa-per-ripensare-insieme-leducazione\/#primaryimage"},"thumbnailUrl":"https:\/\/www.compagniadisanpaolo.it\/wp-content\/uploads\/estate-insieme-sito.jpg","datePublished":"2020-09-11T09:20:12+00:00","dateModified":"2021-09-10T17:39:42+00:00","breadcrumb":{"@id":"https:\/\/www.compagniadisanpaolo.it\/it\/news\/2020-un-autunno-insieme-uniniziativa-per-ripensare-insieme-leducazione\/#breadcrumb"},"inLanguage":"it-IT","potentialAction":[{"@type":"ReadAction","target":["https:\/\/www.compagniadisanpaolo.it\/it\/news\/2020-un-autunno-insieme-uniniziativa-per-ripensare-insieme-leducazione\/"]}]},{"@type":"ImageObject","inLanguage":"it-IT","@id":"https:\/\/www.compagniadisanpaolo.it\/it\/news\/2020-un-autunno-insieme-uniniziativa-per-ripensare-insieme-leducazione\/#primaryimage","url":"https:\/\/www.compagniadisanpaolo.it\/wp-content\/uploads\/estate-insieme-sito.jpg","contentUrl":"https:\/\/www.compagniadisanpaolo.it\/wp-content\/uploads\/estate-insieme-sito.jpg","width":815,"height":350},{"@type":"BreadcrumbList","@id":"https:\/\/www.compagniadisanpaolo.it\/it\/news\/2020-un-autunno-insieme-uniniziativa-per-ripensare-insieme-leducazione\/#breadcrumb","itemListElement":[{"@type":"ListItem","position":1,"name":"Home","item":"https:\/\/www.compagniadisanpaolo.it\/it\/"},{"@type":"ListItem","position":2,"name":"2020. Un autunno insieme: un&#8217;iniziativa per ripensare insieme l&#8217;educazione"}]},{"@type":"WebSite","@id":"https:\/\/www.compagniadisanpaolo.it\/it\/#website","url":"https:\/\/www.compagniadisanpaolo.it\/it\/","name":"Fondazione Compagnia di San Paolo","description":"","publisher":{"@id":"https:\/\/www.compagniadisanpaolo.it\/it\/#organization"},"potentialAction":[{"@type":"SearchAction","target":{"@type":"EntryPoint","urlTemplate":"https:\/\/www.compagniadisanpaolo.it\/it\/?s={search_term_string}"},"query-input":{"@type":"PropertyValueSpecification","valueRequired":true,"valueName":"search_term_string"}}],"inLanguage":"it-IT"},{"@type":"Organization","@id":"https:\/\/www.compagniadisanpaolo.it\/it\/#organization","name":"Fondazione Compagnia di San Paolo","url":"https:\/\/www.compagniadisanpaolo.it\/it\/","logo":{"@type":"ImageObject","inLanguage":"it-IT","@id":"https:\/\/www.compagniadisanpaolo.it\/it\/#\/schema\/logo\/image\/","url":"https:\/\/www.compagniadisanpaolo.it\/wp-content\/uploads\/logo.svg","contentUrl":"https:\/\/www.compagniadisanpaolo.it\/wp-content\/uploads\/logo.svg","width":769,"height":323,"caption":"Fondazione Compagnia di San Paolo"},"image":{"@id":"https:\/\/www.compagniadisanpaolo.it\/it\/#\/schema\/logo\/image\/"},"sameAs":["https:\/\/www.facebook.com\/CompagniaDiSanPaolo","https:\/\/x.com\/CSP_live","http:\/\/instagram.com\/compagniadisanpaolo?ref=badge","https:\/\/www.linkedin.com\/company\/compagnia-di-san-paolo","https:\/\/www.youtube.com\/user\/compagniadisanpaolo","https:\/\/it.wikipedia.org\/wiki\/Compagnia_di_San_Paolo"]},{"@type":"Person","@id":"https:\/\/www.compagniadisanpaolo.it\/it\/#\/schema\/person\/b7d5451541c25c82f29c5be1e78456b2","name":"Federica","image":{"@type":"ImageObject","inLanguage":"it-IT","@id":"https:\/\/secure.gravatar.com\/avatar\/b5698fa13ac389b1f1fb1263a4626e219d853d7ccf112e854aea8c9c087d24ae?s=96&d=mm&r=g","url":"https:\/\/secure.gravatar.com\/avatar\/b5698fa13ac389b1f1fb1263a4626e219d853d7ccf112e854aea8c9c087d24ae?s=96&d=mm&r=g","contentUrl":"https:\/\/secure.gravatar.com\/avatar\/b5698fa13ac389b1f1fb1263a4626e219d853d7ccf112e854aea8c9c087d24ae?s=96&d=mm&r=g","caption":"Federica"}}]}},"amp_enabled":true,"_links":{"self":[{"href":"https:\/\/www.compagniadisanpaolo.it\/it\/wp-json\/wp\/v2\/posts\/6653","targetHints":{"allow":["GET"]}}],"collection":[{"href":"https:\/\/www.compagniadisanpaolo.it\/it\/wp-json\/wp\/v2\/posts"}],"about":[{"href":"https:\/\/www.compagniadisanpaolo.it\/it\/wp-json\/wp\/v2\/types\/post"}],"author":[{"embeddable":true,"href":"https:\/\/www.compagniadisanpaolo.it\/it\/wp-json\/wp\/v2\/users\/19"}],"replies":[{"embeddable":true,"href":"https:\/\/www.compagniadisanpaolo.it\/it\/wp-json\/wp\/v2\/comments?post=6653"}],"version-history":[{"count":10,"href":"https:\/\/www.compagniadisanpaolo.it\/it\/wp-json\/wp\/v2\/posts\/6653\/revisions"}],"predecessor-version":[{"id":6710,"href":"https:\/\/www.compagniadisanpaolo.it\/it\/wp-json\/wp\/v2\/posts\/6653\/revisions\/6710"}],"wp:featuredmedia":[{"embeddable":true,"href":"https:\/\/www.compagniadisanpaolo.it\/it\/wp-json\/wp\/v2\/media\/6654"}],"wp:attachment":[{"href":"https:\/\/www.compagniadisanpaolo.it\/it\/wp-json\/wp\/v2\/media?parent=6653"}],"wp:term":[{"taxonomy":"category","embeddable":true,"href":"https:\/\/www.compagniadisanpaolo.it\/it\/wp-json\/wp\/v2\/categories?post=6653"},{"taxonomy":"post_tag","embeddable":true,"href":"https:\/\/www.compagniadisanpaolo.it\/it\/wp-json\/wp\/v2\/tags?post=6653"}],"curies":[{"name":"wp","href":"https:\/\/api.w.org\/{rel}","templated":true}]}}