{"id":5972,"date":"2020-07-20T16:29:52","date_gmt":"2020-07-20T14:29:52","guid":{"rendered":"https:\/\/www.compagniadisanpaolo.it\/?p=5972"},"modified":"2021-09-12T23:44:32","modified_gmt":"2021-09-12T21:44:32","slug":"al-via-la-nuova-edizione-di-techstars-smart-mobility-accelerator","status":"publish","type":"post","link":"https:\/\/www.compagniadisanpaolo.it\/it\/news\/al-via-la-nuova-edizione-di-techstars-smart-mobility-accelerator\/","title":{"rendered":"Al via la nuova edizione di Techstars Smart Mobility Accelerator"},"content":{"rendered":"<div class=\"wpb-content-wrapper\">[vc_row][vc_column][vc_column_text el_class=&#8221;text-headline2&#8243;]<i>Il focus di quest\u2019anno sar\u00e0 la smart mobility. Candidature aperte da luned\u00ec 20 luglio all\u201911 ottobre 2020.<\/i>[\/vc_column_text][\/vc_column][\/vc_row][vc_row][vc_column][vc_column_text]\n<div class=\"info-box mission\">\n\t\t<div class=\"info-box-wrap info-box-hor row pb-0\">\n\n\t\t      \n\t\t      <div class=\"spalla col-12 col-md-12\">\n\t\t\t<div class=\"info-box sharing-box\">\n\t\t\t  <span class=\"label\">Condividi:<\/span>\n\t\t\t  <div class=\"social-sharing\">\n\t\t\t    <span class=\"box\">\n\t\t\t      <a class=\"fb\" href=\"https:\/\/www.facebook.com\/sharer.php?u=https:\/\/www.compagniadisanpaolo.it\/it\/news\/al-via-la-nuova-edizione-di-techstars-smart-mobility-accelerator\/\" target=\"_blank\">\n\t\t\t\t<span class=\"sr-only\">Facebook<\/span>\n\t\t\t\t<i class=\"fab fa-facebook-f\"><\/i>\n\t\t\t      <\/a>\n\t\t\t    <\/span>\n\t\t\t    \n\t\t\t    <style>\n.twitter, .twitter:hover{\ncolor:#000000 !important;}\n<\/style>\n\n\n\t\t\t    <span class=\"box\">\n\t\t\t      <a class=\"twitter\" href=\"https:\/\/twitter.com\/intent\/tweet?url=https:\/\/www.compagniadisanpaolo.it\/it\/news\/al-via-la-nuova-edizione-di-techstars-smart-mobility-accelerator\/\">\n\t\t\t\t<span class=\"sr-only\">Twitter<\/span>\n\t\t\t\t<i class=\"fa-brands fa-x-twitter\"><\/i>\n\t\t\t      <\/a>\n\t\t\t    <\/span>\n\n\t\t\t    \n\t\t\t    <span class=\"box\">\n\t\t\t      <a class=\"linkedin\" href=\"https:\/\/www.linkedin.com\/shareArticle?mini=true&url=https:\/\/www.compagniadisanpaolo.it\/it\/news\/al-via-la-nuova-edizione-di-techstars-smart-mobility-accelerator\/\">\n\t\t\t\t<span class=\"sr-only\">Linkedin<\/span>\n\t\t\t\t  <i class=\"fa-brands fa-linkedin-in\"><\/i>\n\t\t\t      <\/a>\n\t\t\t    <\/span>\n\n\t\t\t    <span class=\"box\">\n\t\t\t      <a class=\"whatsapp\" href=\"whatsapp:\/\/send?text=https:\/\/www.compagniadisanpaolo.it\/it\/news\/al-via-la-nuova-edizione-di-techstars-smart-mobility-accelerator\/\" data-action=\"share\/whatsapp\/share\">\n\t\t\t\t<span class=\"sr-only\">Whatsapp<\/span>\n\t\t\t\t<i class=\"fa-brands fa-whatsapp\"><\/i>\n\t\t\t      <\/a>\n\t\t\t    <\/span>\n\n\t\t\t    <span class=\"box\">\n\t\t\t      <a class=\"mail\" href=\"mailto:?subject=Al via la nuova edizione di Techstars Smart Mobility Accelerator&body=https:\/\/www.compagniadisanpaolo.it\/it\/news\/al-via-la-nuova-edizione-di-techstars-smart-mobility-accelerator\/\">\n\t\t\t\t<span class=\"sr-only\">Mail<\/span>\n\t\t\t\t <i class=\"fa-solid fa-envelope\"><\/i>\n\t\t\t      <\/a>\n\t\t\t    <\/span>\n\t\t\t    \n\t\t\t  <\/div>\n\t\t\t<\/div>\n\t      <\/div>\n\t    <\/div><\/div>\n[\/vc_column_text][\/vc_column][\/vc_row][vc_row][vc_column width=&#8221;1\/4&#8243;][vc_column_text]\n\n\n\t\t<div class=\"info-box-wrap\">\n\n\t  <div class=\"info-box date-pub\">\n\t  \t<span class=\"label\">Data di pubblicazione:<\/span>\n\t    <span class=\"value\">20 Luglio 2020<\/span>\n\t  <\/div>\n\t\t\t\t  <div class=\"info-box obj-institutional\">\n\t\t\t\t\t  <div class=\"info-box obj\">\n\t\t\t\t\t    <div class=\"obj-small-box\">\n\t\t\t\t\t      <span>Istituzionale<\/span>\n\t\t\t\t\t    <\/div>\n\t\t\t\t\t  <\/div>\n\t\t\t\t  <\/div>\n\t\t\t  <div class=\"info-box mission\"><span class=\"label\">Tag<\/span><a href=\"https:\/\/www.compagniadisanpaolo.it\/it\/tags\/risultati\/?_sft_post_tag=innovazione\" class=\"tag-element\">Innovazione<\/a><a href=\"https:\/\/www.compagniadisanpaolo.it\/it\/tags\/risultati\/?_sft_post_tag=investitori\" class=\"tag-element\">Investitori<\/a><a href=\"https:\/\/www.compagniadisanpaolo.it\/it\/tags\/risultati\/?_sft_post_tag=mobilita-sostenibile\" class=\"tag-element\">Mobilit\u00e0 sostenibile<\/a><a href=\"https:\/\/www.compagniadisanpaolo.it\/it\/tags\/risultati\/?_sft_post_tag=sviluppo-organizzativo\" class=\"tag-element\">Sviluppo organizzativo<\/a><a href=\"https:\/\/www.compagniadisanpaolo.it\/it\/tags\/risultati\/?_sft_post_tag=svolta-green\" class=\"tag-element\">Svolta green<\/a><\/div>\t  \n\t<\/div>\n[\/vc_column_text][\/vc_column][vc_column width=&#8221;3\/4&#8243; el_class=&#8221;page-content&#8221;][vc_column_text el_class=&#8221;text&#8221;]Parte il 20 luglio la nuova edizione di<b> Techstars Smart Mobility Accelerator<\/b>, il primo programma di accelerazione di start up in Europa dedicato alla<b> smart mobility<\/b>. L\u2019iniziativa, attivata un anno fa nell\u2019ambito della partnership avviata tra <b>Techstars<\/b>, <b>Fondazione Compagnia di San Paolo<\/b>, <b>Fondazione CRT<\/b> e <b>Intesa Sanpaolo Innovation Center<\/b>, \u00e8 finalizzata a favorire lo sviluppo della citt\u00e0 di Torino come ecosistema internazionale per l&#8217;innovazione e la sua affermazione come modello di successo in Italia e in Europa.<\/p>\n<p>Il programma si svolger\u00e0 alle OGR Tech, l\u2019hub internazionale dell\u2019innovazione delle Officine Grandi Riparazioni di Torino riqualificate da Fondazione CRT, dove le start up beneficeranno anche del supporto strategico di mentor e manager con significative esperienze nel settore.<\/p>\n<p>Il focus sar\u00e0 la smart mobility, in particolare le tecnologie volte a migliorare la circolazione di merci, persone e servizi, le tecnologie relative alle Smart Cities, alle Smart Infrastructures e agli Smart Environments, inclusi settori quali Intelligenza Artificiale, Big Data, IoT, Blockchain, VR\/AR, robotica e Circular Economy.<span class=\"Apple-converted-space\">\u00a0<\/span><\/p>\n<p>Questo il commento di <a href=\"https:\/\/www.compagniadisanpaolo.it\/it\/fondazione\/organi\/francesco-profumo-presidente\/\">Francesco Profumo, Presidente della Fondazione Compagnia di San Paolo<\/a>:<span class=\"Apple-converted-space\">\u00a0<\/span><\/p>\n<p>\u201cNel suo ruolo di \u2018ecosystem developer\u2019, la Compagnia di San Paolo considera le startup come \u2018moltiplicatori\u2019, nel perseguimento delle sue strategie di sviluppo territoriale in chiave di SDG. L\u2019integrazione delle startup Techstars all\u2019interno del tessuto industriale locale costituisce quindi un tassello importante di una pi\u00f9 ampia azione di semina nell\u2019ecosistema dell\u2019innovazione a Torino. L\u2019aggregazione di una pluralit\u00e0 di attori tra loro complementari, tra cui founder, investitori, grandi aziende, istituzioni, atenei ed incubatori \u00e8 il modello vincente per un territorio che sta trovando un nuovo modello di sviluppo. A guidare questo sforzo \u00e8 il desiderio di rafforzare il posizionamento strategico di Torino come hub internazionale degli innovatori in grado di esercitare una forza centripeta per l\u2019attrazione di capitale umano eccellente.\u201d<\/p>\n<p>La prima edizione del programma triennale ha accelerato 11 startup in 13 settimane, coinvolgendo oltre 120 mentori ed \u00e8 stata divisa in tre fasi: mentoring, growth e investments, dedicate al confronto, all\u2019ascolto, allo sviluppo, allo studio di modelli di business e marketing.<\/p>\n<p>Le candidature saranno aperte da luned\u00ec 20 luglio all\u201911 ottobre 2020; il programma si terr\u00e0 dal 25 gennaio al 22 aprile 2021, e si concluder\u00e0 con il Demo Day, un evento per presentare i risultati ottenuti a una platea di venture capitalist, business angel, investitori, imprenditori e istituzioni, e raccogliere i finanziamenti necessari a far decollare le loro idee.<\/p>\n<p>Le startup interessate possono approfondire tutte le informazioni a\u00a0<a href=\"https:\/\/www.techstars.com\/programs\/smart-mobility-program\" target=\"_blank\" rel=\"noopener noreferrer\">questo link.<\/a>[\/vc_column_text][\/vc_column][\/vc_row][vc_row][vc_column][vc_raw_html]JTVCU2V6aW9uZV9Eb2N1bWVudGklNUQ=[\/vc_raw_html][\/vc_column][\/vc_row][vc_row][vc_column]<div class=\"templatera_shortcode\"><div data-vc-full-width=\"true\" data-vc-full-width-temp=\"true\" data-vc-full-width-init=\"false\" class=\"vc_row wpb_row vc_row-fluid newsletter-wrap\"><div class=\"wpb_column vc_column_container vc_col-sm-12\"><div class=\"vc_column-inner\"><div class=\"wpb_wrapper\">\n\t<div class=\"wpb_raw_code wpb_raw_html wpb_content_element\" >\n\t\t<div class=\"wpb_wrapper\">\n\t\t\t    <div class=\"container\">\n      <div class=\"row align-items-center\">\n\t<div class=\"col-12 col-lg-6 col-xl-5 mb-3 mb-lg-0 pr-0\">\n\t  <h2 class=\"title\">Rimani aggiornato sui nostri bandi e sui nostri progetti<\/h2>\n\t<\/div>\n\t<div class=\"col-12 col-lg-6 col-xl-7 pl-xl-4\">\n\t  <a class=\"standard-link-block\" href=\"\/it\/newsletter\/\">\n\t    Compila il form e decidi su quale argomento vuoi ricevere notizie.\t    <strong>\u00a0 ISCRIVITI!<\/strong>\n\t  <\/a>\n\t<\/div>\n      <\/div>\n    <\/div>\n\t\t<\/div>\n\t<\/div>\n<\/div><\/div><\/div><\/div><div class=\"vc_row-full-width vc_clearfix\"><\/div><\/div>[\/vc_column][\/vc_row]\n<\/div>","protected":false},"excerpt":{"rendered":"Il focus di quest\u2019anno sar\u00e0 la smart mobility. Candidature aperte da luned\u00ec 20 luglio all\u201911 ottobre 2020. Condividi: Facebook Twitter Linkedin Whatsapp Mail Data di pubblicazione: 20 Luglio 2020 Istituzionale TagInnovazioneInvestitoriMobilit\u00e0 sostenibileSviluppo organizzativoSvolta green Parte il 20 luglio la nuova edizione di Techstars Smart Mobility Accelerator, il primo programma di accelerazione di start up in Europa dedicato alla smart mobility. L\u2019iniziativa, attivata un anno fa nell\u2019ambito della partnership avviata tra Techstars, Fondazione Compagnia di San Paolo, Fondazione CRT e Intesa Sanpaolo Innovation Center, \u00e8 finalizzata a favorire lo sviluppo della citt\u00e0 di Torino come ecosistema internazionale per l'innovazione e la sua affermazione come modello di successo in Italia e in Europa. Il programma si svolger\u00e0 alle OGR Tech, l\u2019hub internazionale dell\u2019innovazione delle Officine Grandi Riparazioni di Torino riqualificate da Fondazione CRT, dove le start up beneficeranno anche del supporto strategico di mentor e manager con significative esperienze nel settore. Il focus sar\u00e0 la smart mobility, in particolare le tecnologie volte a migliorare la circolazione di merci, persone e servizi, le tecnologie relative alle Smart Cities, alle Smart Infrastructures e agli Smart Environments, inclusi settori quali Intelligenza Artificiale, Big Data, IoT, Blockchain, VR\/AR, robotica e Circular Economy.\u00a0 Questo il commento di Francesco Profumo, Presidente della Fondazione Compagnia di San Paolo:\u00a0 \u201cNel suo ruolo di \u2018ecosystem developer\u2019, la Compagnia di San Paolo considera le startup come \u2018moltiplicatori\u2019, nel perseguimento delle sue strategie di sviluppo territoriale in chiave di SDG. L\u2019integrazione delle startup Techstars all\u2019interno del tessuto industriale locale costituisce quindi un tassello importante di una pi\u00f9 ampia azione di semina nell\u2019ecosistema dell\u2019innovazione a Torino. L\u2019aggregazione di una pluralit\u00e0 di attori tra loro complementari, tra cui founder, investitori, grandi aziende, istituzioni, atenei ed incubatori \u00e8 il modello vincente per un territorio che sta trovando un nuovo modello di sviluppo. A guidare questo sforzo \u00e8 il desiderio di rafforzare il posizionamento strategico di Torino come hub internazionale degli innovatori in grado di esercitare una forza centripeta per l\u2019attrazione di capitale umano eccellente.\u201d La prima edizione del programma triennale ha accelerato 11 startup in 13 settimane, coinvolgendo oltre 120 mentori ed \u00e8 stata divisa in tre fasi: mentoring, growth e investments, dedicate al confronto, all\u2019ascolto, allo sviluppo, allo studio di modelli di business e marketing. Le candidature saranno aperte da luned\u00ec 20 luglio all\u201911 ottobre 2020; il programma si terr\u00e0 dal 25 gennaio al 22 aprile 2021, e si concluder\u00e0 con il Demo Day, un evento per presentare i risultati ottenuti a una platea di venture capitalist, business angel, investitori, imprenditori e istituzioni, e raccogliere i finanziamenti necessari a far decollare le loro idee. Le startup interessate possono approfondire tutte le informazioni a\u00a0questo link. Rimani aggiornato sui nostri bandi e sui nostri progetti Compila il form e decidi su quale argomento vuoi ricevere notizie. \u00a0 ISCRIVITI!","protected":false},"author":19,"featured_media":5973,"comment_status":"closed","ping_status":"closed","sticky":false,"template":"","format":"standard","meta":{"_acf_changed":false,"content-type":"","footnotes":""},"categories":[17],"tags":[59,60,102,61,72],"class_list":["post-5972","post","type-post","status-publish","format-standard","has-post-thumbnail","hentry","category-news","tag-innovazione","tag-investitori","tag-mobilita-sostenibile","tag-sviluppo-organizzativo","tag-svolta-green","entry","post-inner"],"acf":[],"yoast_head":"<!-- This site is optimized with the Yoast SEO plugin v27.3 - https:\/\/yoast.com\/product\/yoast-seo-wordpress\/ -->\n<title>Al via la nuova edizione di Techstars Smart Mobility Accelerator - Fondazione Compagnia di San Paolo<\/title>\n<meta name=\"robots\" content=\"index, follow, max-snippet:-1, max-image-preview:large, max-video-preview:-1\" \/>\n<link rel=\"canonical\" href=\"https:\/\/www.compagniadisanpaolo.it\/it\/news\/al-via-la-nuova-edizione-di-techstars-smart-mobility-accelerator\/\" \/>\n<meta property=\"og:locale\" content=\"it_IT\" \/>\n<meta property=\"og:type\" content=\"article\" \/>\n<meta property=\"og:title\" content=\"Al via la nuova edizione di Techstars Smart Mobility Accelerator - Fondazione Compagnia di San Paolo\" \/>\n<meta property=\"og:url\" content=\"https:\/\/www.compagniadisanpaolo.it\/it\/news\/al-via-la-nuova-edizione-di-techstars-smart-mobility-accelerator\/\" \/>\n<meta property=\"og:site_name\" content=\"Fondazione Compagnia di San Paolo\" \/>\n<meta property=\"article:publisher\" content=\"https:\/\/www.facebook.com\/CompagniaDiSanPaolo\" \/>\n<meta property=\"article:published_time\" content=\"2020-07-20T14:29:52+00:00\" \/>\n<meta property=\"article:modified_time\" content=\"2021-09-12T21:44:32+00:00\" \/>\n<meta property=\"og:image\" content=\"https:\/\/www.compagniadisanpaolo.it\/wp-content\/uploads\/NEWS-4-1.jpg\" \/>\n\t<meta property=\"og:image:width\" content=\"815\" \/>\n\t<meta property=\"og:image:height\" content=\"350\" \/>\n\t<meta property=\"og:image:type\" content=\"image\/jpeg\" \/>\n<meta name=\"author\" content=\"Federica\" \/>\n<meta name=\"twitter:card\" content=\"summary_large_image\" \/>\n<meta name=\"twitter:creator\" content=\"@CSP_live\" \/>\n<meta name=\"twitter:site\" content=\"@CSP_live\" \/>\n<meta name=\"twitter:label1\" content=\"Scritto da\" \/>\n\t<meta name=\"twitter:data1\" content=\"Federica\" \/>\n\t<meta name=\"twitter:label2\" content=\"Tempo di lettura stimato\" \/>\n\t<meta name=\"twitter:data2\" content=\"3 minuti\" \/>\n<script type=\"application\/ld+json\" class=\"yoast-schema-graph\">{\"@context\":\"https:\\\/\\\/schema.org\",\"@graph\":[{\"@type\":\"Article\",\"@id\":\"https:\\\/\\\/www.compagniadisanpaolo.it\\\/it\\\/news\\\/al-via-la-nuova-edizione-di-techstars-smart-mobility-accelerator\\\/#article\",\"isPartOf\":{\"@id\":\"https:\\\/\\\/www.compagniadisanpaolo.it\\\/it\\\/news\\\/al-via-la-nuova-edizione-di-techstars-smart-mobility-accelerator\\\/\"},\"author\":{\"name\":\"Federica\",\"@id\":\"https:\\\/\\\/www.compagniadisanpaolo.it\\\/it\\\/#\\\/schema\\\/person\\\/b7d5451541c25c82f29c5be1e78456b2\"},\"headline\":\"Al via la nuova edizione di Techstars Smart Mobility Accelerator\",\"datePublished\":\"2020-07-20T14:29:52+00:00\",\"dateModified\":\"2021-09-12T21:44:32+00:00\",\"mainEntityOfPage\":{\"@id\":\"https:\\\/\\\/www.compagniadisanpaolo.it\\\/it\\\/news\\\/al-via-la-nuova-edizione-di-techstars-smart-mobility-accelerator\\\/\"},\"wordCount\":528,\"publisher\":{\"@id\":\"https:\\\/\\\/www.compagniadisanpaolo.it\\\/it\\\/#organization\"},\"image\":{\"@id\":\"https:\\\/\\\/www.compagniadisanpaolo.it\\\/it\\\/news\\\/al-via-la-nuova-edizione-di-techstars-smart-mobility-accelerator\\\/#primaryimage\"},\"thumbnailUrl\":\"https:\\\/\\\/www.compagniadisanpaolo.it\\\/wp-content\\\/uploads\\\/NEWS-4-1.jpg\",\"keywords\":[\"innovazione\",\"investitori\",\"mobilit\u00e0 sostenibile\",\"sviluppo organizzativo\",\"svolta green\"],\"articleSection\":[\"News\"],\"inLanguage\":\"it-IT\"},{\"@type\":\"WebPage\",\"@id\":\"https:\\\/\\\/www.compagniadisanpaolo.it\\\/it\\\/news\\\/al-via-la-nuova-edizione-di-techstars-smart-mobility-accelerator\\\/\",\"url\":\"https:\\\/\\\/www.compagniadisanpaolo.it\\\/it\\\/news\\\/al-via-la-nuova-edizione-di-techstars-smart-mobility-accelerator\\\/\",\"name\":\"Al via la nuova edizione di Techstars Smart Mobility Accelerator - Fondazione Compagnia di San Paolo\",\"isPartOf\":{\"@id\":\"https:\\\/\\\/www.compagniadisanpaolo.it\\\/it\\\/#website\"},\"primaryImageOfPage\":{\"@id\":\"https:\\\/\\\/www.compagniadisanpaolo.it\\\/it\\\/news\\\/al-via-la-nuova-edizione-di-techstars-smart-mobility-accelerator\\\/#primaryimage\"},\"image\":{\"@id\":\"https:\\\/\\\/www.compagniadisanpaolo.it\\\/it\\\/news\\\/al-via-la-nuova-edizione-di-techstars-smart-mobility-accelerator\\\/#primaryimage\"},\"thumbnailUrl\":\"https:\\\/\\\/www.compagniadisanpaolo.it\\\/wp-content\\\/uploads\\\/NEWS-4-1.jpg\",\"datePublished\":\"2020-07-20T14:29:52+00:00\",\"dateModified\":\"2021-09-12T21:44:32+00:00\",\"breadcrumb\":{\"@id\":\"https:\\\/\\\/www.compagniadisanpaolo.it\\\/it\\\/news\\\/al-via-la-nuova-edizione-di-techstars-smart-mobility-accelerator\\\/#breadcrumb\"},\"inLanguage\":\"it-IT\",\"potentialAction\":[{\"@type\":\"ReadAction\",\"target\":[\"https:\\\/\\\/www.compagniadisanpaolo.it\\\/it\\\/news\\\/al-via-la-nuova-edizione-di-techstars-smart-mobility-accelerator\\\/\"]}]},{\"@type\":\"ImageObject\",\"inLanguage\":\"it-IT\",\"@id\":\"https:\\\/\\\/www.compagniadisanpaolo.it\\\/it\\\/news\\\/al-via-la-nuova-edizione-di-techstars-smart-mobility-accelerator\\\/#primaryimage\",\"url\":\"https:\\\/\\\/www.compagniadisanpaolo.it\\\/wp-content\\\/uploads\\\/NEWS-4-1.jpg\",\"contentUrl\":\"https:\\\/\\\/www.compagniadisanpaolo.it\\\/wp-content\\\/uploads\\\/NEWS-4-1.jpg\",\"width\":815,\"height\":350},{\"@type\":\"BreadcrumbList\",\"@id\":\"https:\\\/\\\/www.compagniadisanpaolo.it\\\/it\\\/news\\\/al-via-la-nuova-edizione-di-techstars-smart-mobility-accelerator\\\/#breadcrumb\",\"itemListElement\":[{\"@type\":\"ListItem\",\"position\":1,\"name\":\"Home\",\"item\":\"https:\\\/\\\/www.compagniadisanpaolo.it\\\/it\\\/\"},{\"@type\":\"ListItem\",\"position\":2,\"name\":\"Al via la nuova edizione di Techstars Smart Mobility Accelerator\"}]},{\"@type\":\"WebSite\",\"@id\":\"https:\\\/\\\/www.compagniadisanpaolo.it\\\/it\\\/#website\",\"url\":\"https:\\\/\\\/www.compagniadisanpaolo.it\\\/it\\\/\",\"name\":\"Fondazione Compagnia di San Paolo\",\"description\":\"\",\"publisher\":{\"@id\":\"https:\\\/\\\/www.compagniadisanpaolo.it\\\/it\\\/#organization\"},\"potentialAction\":[{\"@type\":\"SearchAction\",\"target\":{\"@type\":\"EntryPoint\",\"urlTemplate\":\"https:\\\/\\\/www.compagniadisanpaolo.it\\\/it\\\/?s={search_term_string}\"},\"query-input\":{\"@type\":\"PropertyValueSpecification\",\"valueRequired\":true,\"valueName\":\"search_term_string\"}}],\"inLanguage\":\"it-IT\"},{\"@type\":\"Organization\",\"@id\":\"https:\\\/\\\/www.compagniadisanpaolo.it\\\/it\\\/#organization\",\"name\":\"Fondazione Compagnia di San Paolo\",\"url\":\"https:\\\/\\\/www.compagniadisanpaolo.it\\\/it\\\/\",\"logo\":{\"@type\":\"ImageObject\",\"inLanguage\":\"it-IT\",\"@id\":\"https:\\\/\\\/www.compagniadisanpaolo.it\\\/it\\\/#\\\/schema\\\/logo\\\/image\\\/\",\"url\":\"https:\\\/\\\/www.compagniadisanpaolo.it\\\/wp-content\\\/uploads\\\/logo.svg\",\"contentUrl\":\"https:\\\/\\\/www.compagniadisanpaolo.it\\\/wp-content\\\/uploads\\\/logo.svg\",\"width\":769,\"height\":323,\"caption\":\"Fondazione Compagnia di San Paolo\"},\"image\":{\"@id\":\"https:\\\/\\\/www.compagniadisanpaolo.it\\\/it\\\/#\\\/schema\\\/logo\\\/image\\\/\"},\"sameAs\":[\"https:\\\/\\\/www.facebook.com\\\/CompagniaDiSanPaolo\",\"https:\\\/\\\/x.com\\\/CSP_live\",\"http:\\\/\\\/instagram.com\\\/compagniadisanpaolo?ref=badge\",\"https:\\\/\\\/www.linkedin.com\\\/company\\\/compagnia-di-san-paolo\",\"https:\\\/\\\/www.youtube.com\\\/user\\\/compagniadisanpaolo\",\"https:\\\/\\\/it.wikipedia.org\\\/wiki\\\/Compagnia_di_San_Paolo\"]},{\"@type\":\"Person\",\"@id\":\"https:\\\/\\\/www.compagniadisanpaolo.it\\\/it\\\/#\\\/schema\\\/person\\\/b7d5451541c25c82f29c5be1e78456b2\",\"name\":\"Federica\",\"image\":{\"@type\":\"ImageObject\",\"inLanguage\":\"it-IT\",\"@id\":\"https:\\\/\\\/secure.gravatar.com\\\/avatar\\\/b5698fa13ac389b1f1fb1263a4626e219d853d7ccf112e854aea8c9c087d24ae?s=96&d=mm&r=g\",\"url\":\"https:\\\/\\\/secure.gravatar.com\\\/avatar\\\/b5698fa13ac389b1f1fb1263a4626e219d853d7ccf112e854aea8c9c087d24ae?s=96&d=mm&r=g\",\"contentUrl\":\"https:\\\/\\\/secure.gravatar.com\\\/avatar\\\/b5698fa13ac389b1f1fb1263a4626e219d853d7ccf112e854aea8c9c087d24ae?s=96&d=mm&r=g\",\"caption\":\"Federica\"}}]}<\/script>\n<!-- \/ Yoast SEO plugin. -->","yoast_head_json":{"title":"Al via la nuova edizione di Techstars Smart Mobility Accelerator - Fondazione Compagnia di San Paolo","robots":{"index":"index","follow":"follow","max-snippet":"max-snippet:-1","max-image-preview":"max-image-preview:large","max-video-preview":"max-video-preview:-1"},"canonical":"https:\/\/www.compagniadisanpaolo.it\/it\/news\/al-via-la-nuova-edizione-di-techstars-smart-mobility-accelerator\/","og_locale":"it_IT","og_type":"article","og_title":"Al via la nuova edizione di Techstars Smart Mobility Accelerator - Fondazione Compagnia di San Paolo","og_url":"https:\/\/www.compagniadisanpaolo.it\/it\/news\/al-via-la-nuova-edizione-di-techstars-smart-mobility-accelerator\/","og_site_name":"Fondazione Compagnia di San Paolo","article_publisher":"https:\/\/www.facebook.com\/CompagniaDiSanPaolo","article_published_time":"2020-07-20T14:29:52+00:00","article_modified_time":"2021-09-12T21:44:32+00:00","og_image":[{"width":815,"height":350,"url":"https:\/\/www.compagniadisanpaolo.it\/wp-content\/uploads\/NEWS-4-1.jpg","type":"image\/jpeg"}],"author":"Federica","twitter_card":"summary_large_image","twitter_creator":"@CSP_live","twitter_site":"@CSP_live","twitter_misc":{"Scritto da":"Federica","Tempo di lettura stimato":"3 minuti"},"schema":{"@context":"https:\/\/schema.org","@graph":[{"@type":"Article","@id":"https:\/\/www.compagniadisanpaolo.it\/it\/news\/al-via-la-nuova-edizione-di-techstars-smart-mobility-accelerator\/#article","isPartOf":{"@id":"https:\/\/www.compagniadisanpaolo.it\/it\/news\/al-via-la-nuova-edizione-di-techstars-smart-mobility-accelerator\/"},"author":{"name":"Federica","@id":"https:\/\/www.compagniadisanpaolo.it\/it\/#\/schema\/person\/b7d5451541c25c82f29c5be1e78456b2"},"headline":"Al via la nuova edizione di Techstars Smart Mobility Accelerator","datePublished":"2020-07-20T14:29:52+00:00","dateModified":"2021-09-12T21:44:32+00:00","mainEntityOfPage":{"@id":"https:\/\/www.compagniadisanpaolo.it\/it\/news\/al-via-la-nuova-edizione-di-techstars-smart-mobility-accelerator\/"},"wordCount":528,"publisher":{"@id":"https:\/\/www.compagniadisanpaolo.it\/it\/#organization"},"image":{"@id":"https:\/\/www.compagniadisanpaolo.it\/it\/news\/al-via-la-nuova-edizione-di-techstars-smart-mobility-accelerator\/#primaryimage"},"thumbnailUrl":"https:\/\/www.compagniadisanpaolo.it\/wp-content\/uploads\/NEWS-4-1.jpg","keywords":["innovazione","investitori","mobilit\u00e0 sostenibile","sviluppo organizzativo","svolta green"],"articleSection":["News"],"inLanguage":"it-IT"},{"@type":"WebPage","@id":"https:\/\/www.compagniadisanpaolo.it\/it\/news\/al-via-la-nuova-edizione-di-techstars-smart-mobility-accelerator\/","url":"https:\/\/www.compagniadisanpaolo.it\/it\/news\/al-via-la-nuova-edizione-di-techstars-smart-mobility-accelerator\/","name":"Al via la nuova edizione di Techstars Smart Mobility Accelerator - Fondazione Compagnia di San Paolo","isPartOf":{"@id":"https:\/\/www.compagniadisanpaolo.it\/it\/#website"},"primaryImageOfPage":{"@id":"https:\/\/www.compagniadisanpaolo.it\/it\/news\/al-via-la-nuova-edizione-di-techstars-smart-mobility-accelerator\/#primaryimage"},"image":{"@id":"https:\/\/www.compagniadisanpaolo.it\/it\/news\/al-via-la-nuova-edizione-di-techstars-smart-mobility-accelerator\/#primaryimage"},"thumbnailUrl":"https:\/\/www.compagniadisanpaolo.it\/wp-content\/uploads\/NEWS-4-1.jpg","datePublished":"2020-07-20T14:29:52+00:00","dateModified":"2021-09-12T21:44:32+00:00","breadcrumb":{"@id":"https:\/\/www.compagniadisanpaolo.it\/it\/news\/al-via-la-nuova-edizione-di-techstars-smart-mobility-accelerator\/#breadcrumb"},"inLanguage":"it-IT","potentialAction":[{"@type":"ReadAction","target":["https:\/\/www.compagniadisanpaolo.it\/it\/news\/al-via-la-nuova-edizione-di-techstars-smart-mobility-accelerator\/"]}]},{"@type":"ImageObject","inLanguage":"it-IT","@id":"https:\/\/www.compagniadisanpaolo.it\/it\/news\/al-via-la-nuova-edizione-di-techstars-smart-mobility-accelerator\/#primaryimage","url":"https:\/\/www.compagniadisanpaolo.it\/wp-content\/uploads\/NEWS-4-1.jpg","contentUrl":"https:\/\/www.compagniadisanpaolo.it\/wp-content\/uploads\/NEWS-4-1.jpg","width":815,"height":350},{"@type":"BreadcrumbList","@id":"https:\/\/www.compagniadisanpaolo.it\/it\/news\/al-via-la-nuova-edizione-di-techstars-smart-mobility-accelerator\/#breadcrumb","itemListElement":[{"@type":"ListItem","position":1,"name":"Home","item":"https:\/\/www.compagniadisanpaolo.it\/it\/"},{"@type":"ListItem","position":2,"name":"Al via la nuova edizione di Techstars Smart Mobility Accelerator"}]},{"@type":"WebSite","@id":"https:\/\/www.compagniadisanpaolo.it\/it\/#website","url":"https:\/\/www.compagniadisanpaolo.it\/it\/","name":"Fondazione Compagnia di San Paolo","description":"","publisher":{"@id":"https:\/\/www.compagniadisanpaolo.it\/it\/#organization"},"potentialAction":[{"@type":"SearchAction","target":{"@type":"EntryPoint","urlTemplate":"https:\/\/www.compagniadisanpaolo.it\/it\/?s={search_term_string}"},"query-input":{"@type":"PropertyValueSpecification","valueRequired":true,"valueName":"search_term_string"}}],"inLanguage":"it-IT"},{"@type":"Organization","@id":"https:\/\/www.compagniadisanpaolo.it\/it\/#organization","name":"Fondazione Compagnia di San Paolo","url":"https:\/\/www.compagniadisanpaolo.it\/it\/","logo":{"@type":"ImageObject","inLanguage":"it-IT","@id":"https:\/\/www.compagniadisanpaolo.it\/it\/#\/schema\/logo\/image\/","url":"https:\/\/www.compagniadisanpaolo.it\/wp-content\/uploads\/logo.svg","contentUrl":"https:\/\/www.compagniadisanpaolo.it\/wp-content\/uploads\/logo.svg","width":769,"height":323,"caption":"Fondazione Compagnia di San Paolo"},"image":{"@id":"https:\/\/www.compagniadisanpaolo.it\/it\/#\/schema\/logo\/image\/"},"sameAs":["https:\/\/www.facebook.com\/CompagniaDiSanPaolo","https:\/\/x.com\/CSP_live","http:\/\/instagram.com\/compagniadisanpaolo?ref=badge","https:\/\/www.linkedin.com\/company\/compagnia-di-san-paolo","https:\/\/www.youtube.com\/user\/compagniadisanpaolo","https:\/\/it.wikipedia.org\/wiki\/Compagnia_di_San_Paolo"]},{"@type":"Person","@id":"https:\/\/www.compagniadisanpaolo.it\/it\/#\/schema\/person\/b7d5451541c25c82f29c5be1e78456b2","name":"Federica","image":{"@type":"ImageObject","inLanguage":"it-IT","@id":"https:\/\/secure.gravatar.com\/avatar\/b5698fa13ac389b1f1fb1263a4626e219d853d7ccf112e854aea8c9c087d24ae?s=96&d=mm&r=g","url":"https:\/\/secure.gravatar.com\/avatar\/b5698fa13ac389b1f1fb1263a4626e219d853d7ccf112e854aea8c9c087d24ae?s=96&d=mm&r=g","contentUrl":"https:\/\/secure.gravatar.com\/avatar\/b5698fa13ac389b1f1fb1263a4626e219d853d7ccf112e854aea8c9c087d24ae?s=96&d=mm&r=g","caption":"Federica"}}]}},"amp_enabled":true,"_links":{"self":[{"href":"https:\/\/www.compagniadisanpaolo.it\/it\/wp-json\/wp\/v2\/posts\/5972","targetHints":{"allow":["GET"]}}],"collection":[{"href":"https:\/\/www.compagniadisanpaolo.it\/it\/wp-json\/wp\/v2\/posts"}],"about":[{"href":"https:\/\/www.compagniadisanpaolo.it\/it\/wp-json\/wp\/v2\/types\/post"}],"author":[{"embeddable":true,"href":"https:\/\/www.compagniadisanpaolo.it\/it\/wp-json\/wp\/v2\/users\/19"}],"replies":[{"embeddable":true,"href":"https:\/\/www.compagniadisanpaolo.it\/it\/wp-json\/wp\/v2\/comments?post=5972"}],"version-history":[{"count":3,"href":"https:\/\/www.compagniadisanpaolo.it\/it\/wp-json\/wp\/v2\/posts\/5972\/revisions"}],"predecessor-version":[{"id":6266,"href":"https:\/\/www.compagniadisanpaolo.it\/it\/wp-json\/wp\/v2\/posts\/5972\/revisions\/6266"}],"wp:featuredmedia":[{"embeddable":true,"href":"https:\/\/www.compagniadisanpaolo.it\/it\/wp-json\/wp\/v2\/media\/5973"}],"wp:attachment":[{"href":"https:\/\/www.compagniadisanpaolo.it\/it\/wp-json\/wp\/v2\/media?parent=5972"}],"wp:term":[{"taxonomy":"category","embeddable":true,"href":"https:\/\/www.compagniadisanpaolo.it\/it\/wp-json\/wp\/v2\/categories?post=5972"},{"taxonomy":"post_tag","embeddable":true,"href":"https:\/\/www.compagniadisanpaolo.it\/it\/wp-json\/wp\/v2\/tags?post=5972"}],"curies":[{"name":"wp","href":"https:\/\/api.w.org\/{rel}","templated":true}]}}