{"id":4955,"date":"2020-07-06T13:17:44","date_gmt":"2020-07-06T11:17:44","guid":{"rendered":"https:\/\/www.compagniadisanpaolo.it\/?p=4955"},"modified":"2021-09-10T19:00:58","modified_gmt":"2021-09-10T17:00:58","slug":"sam-non-va-in-vacanza-il-progetto-estivo-che-mira-a-una-comunita-sempre-piu-inclusiva","status":"publish","type":"post","link":"https:\/\/www.compagniadisanpaolo.it\/it\/news\/sam-non-va-in-vacanza-il-progetto-estivo-che-mira-a-una-comunita-sempre-piu-inclusiva\/","title":{"rendered":"Sam non va in vacanza: il progetto estivo che mira a una comunit\u00e0 sempre pi\u00f9 inclusiva"},"content":{"rendered":"<div class=\"wpb-content-wrapper\">[vc_row][vc_column][vc_column_text el_class=&#8221;text-headline2&#8243;]<i><span class=\"Apple-converted-space\">\u00a0<\/span>Il progetto \u2013 che vuole coinvolgere oltre 2000 ragazzi e ragazze &#8211; <\/i><i>rientra nell\u2019ambito di &#8220;2020. Un\u2019estate insieme\u201d, iniziativa tesa restituire <\/i><i>ai giovani serenit\u00e0, socialit\u00e0 e nuove opportunit\u00e0 educative in un momento delicato come quello che stiamo vivendo.<\/i>[\/vc_column_text][\/vc_column][\/vc_row][vc_row][vc_column][vc_column_text]\n<div class=\"info-box mission\">\n\t\t<div class=\"info-box-wrap info-box-hor row pb-0\">\n\n\t\t      \n\t\t      <div class=\"spalla col-12 col-md-12\">\n\t\t\t<div class=\"info-box sharing-box\">\n\t\t\t  <span class=\"label\">Condividi:<\/span>\n\t\t\t  <div class=\"social-sharing\">\n\t\t\t    <span class=\"box\">\n\t\t\t      <a class=\"fb\" href=\"https:\/\/www.facebook.com\/sharer.php?u=https:\/\/www.compagniadisanpaolo.it\/it\/news\/sam-non-va-in-vacanza-il-progetto-estivo-che-mira-a-una-comunita-sempre-piu-inclusiva\/\" target=\"_blank\">\n\t\t\t\t<span class=\"sr-only\">Facebook<\/span>\n\t\t\t\t<i class=\"fab fa-facebook-f\"><\/i>\n\t\t\t      <\/a>\n\t\t\t    <\/span>\n\t\t\t    \n\t\t\t    <style>\n.twitter, .twitter:hover{\ncolor:#000000 !important;}\n<\/style>\n\n\n\t\t\t    <span class=\"box\">\n\t\t\t      <a class=\"twitter\" href=\"https:\/\/twitter.com\/intent\/tweet?url=https:\/\/www.compagniadisanpaolo.it\/it\/news\/sam-non-va-in-vacanza-il-progetto-estivo-che-mira-a-una-comunita-sempre-piu-inclusiva\/\">\n\t\t\t\t<span class=\"sr-only\">Twitter<\/span>\n\t\t\t\t<i class=\"fa-brands fa-x-twitter\"><\/i>\n\t\t\t      <\/a>\n\t\t\t    <\/span>\n\n\t\t\t    \n\t\t\t    <span class=\"box\">\n\t\t\t      <a class=\"linkedin\" href=\"https:\/\/www.linkedin.com\/shareArticle?mini=true&url=https:\/\/www.compagniadisanpaolo.it\/it\/news\/sam-non-va-in-vacanza-il-progetto-estivo-che-mira-a-una-comunita-sempre-piu-inclusiva\/\">\n\t\t\t\t<span class=\"sr-only\">Linkedin<\/span>\n\t\t\t\t  <i class=\"fa-brands fa-linkedin-in\"><\/i>\n\t\t\t      <\/a>\n\t\t\t    <\/span>\n\n\t\t\t    <span class=\"box\">\n\t\t\t      <a class=\"whatsapp\" href=\"whatsapp:\/\/send?text=https:\/\/www.compagniadisanpaolo.it\/it\/news\/sam-non-va-in-vacanza-il-progetto-estivo-che-mira-a-una-comunita-sempre-piu-inclusiva\/\" data-action=\"share\/whatsapp\/share\">\n\t\t\t\t<span class=\"sr-only\">Whatsapp<\/span>\n\t\t\t\t<i class=\"fa-brands fa-whatsapp\"><\/i>\n\t\t\t      <\/a>\n\t\t\t    <\/span>\n\n\t\t\t    <span class=\"box\">\n\t\t\t      <a class=\"mail\" href=\"mailto:?subject=Sam non va in vacanza: il progetto estivo che mira a una comunit\u00e0 sempre pi\u00f9 inclusiva&body=https:\/\/www.compagniadisanpaolo.it\/it\/news\/sam-non-va-in-vacanza-il-progetto-estivo-che-mira-a-una-comunita-sempre-piu-inclusiva\/\">\n\t\t\t\t<span class=\"sr-only\">Mail<\/span>\n\t\t\t\t <i class=\"fa-solid fa-envelope\"><\/i>\n\t\t\t      <\/a>\n\t\t\t    <\/span>\n\t\t\t    \n\t\t\t  <\/div>\n\t\t\t<\/div>\n\t      <\/div>\n\t    <\/div><\/div>\n[\/vc_column_text][\/vc_column][\/vc_row][vc_row][vc_column width=&#8221;1\/4&#8243;][vc_column_text]\n\n\n\t\t<div class=\"info-box-wrap\">\n\n\t  <div class=\"info-box date-pub\">\n\t  \t<span class=\"label\">Data di pubblicazione:<\/span>\n\t    <span class=\"value\">6 Luglio 2020<\/span>\n\t  <\/div>\n\t\t\t\t  <div class=\"info-box obj-people\">\n\t\t\t\t\t  <div class=\"info-box obj\"><span class=\"label\">Obiettivo<\/span>\n\t\t\t\t\t    <div class=\"obj-small-box\">\n\t\t\t\t\t      <span>Persone.<\/span>\n\t\t\t\t\t    <\/div>\n\t\t\t\t\t  <\/div>\n\t\t\t\t  <\/div>\n\t\t\t  \n\t\t  \t   <div class=\"info-box obj-culture\">\n\t\t\t\t  <div class=\"info-box obj\"><span class=\"label\">Obiettivo<\/span>\n\t\t\t\t    <div class=\"obj-small-box\">\n\t\t\t\t      <span>Cultura.<\/span>\n\t\t\t\t    <\/div>\n\t\t\t\t  <\/div>\n\t\t\t  <\/div><div class=\"info-box mission\"><span class=\"label\">Tag<\/span><a href=\"https:\/\/www.compagniadisanpaolo.it\/it\/tags\/risultati\/?_sft_post_tag=comunita-educanti\" class=\"tag-element\">Comunit\u00e0 educanti<\/a><a href=\"https:\/\/www.compagniadisanpaolo.it\/it\/tags\/risultati\/?_sft_post_tag=formazione\" class=\"tag-element\">Formazione<\/a><a href=\"https:\/\/www.compagniadisanpaolo.it\/it\/tags\/risultati\/?_sft_post_tag=nuove-generazioni\" class=\"tag-element\">Nuove generazioni<\/a><a href=\"https:\/\/www.compagniadisanpaolo.it\/it\/tags\/risultati\/?_sft_post_tag=pari-opportunita\" class=\"tag-element\">Pari opportunit\u00e0<\/a><a href=\"https:\/\/www.compagniadisanpaolo.it\/it\/tags\/risultati\/?_sft_post_tag=partnership-con-enti-istituzionali\" class=\"tag-element\">Partnership con enti istituzionali<\/a><\/div>\t  \n\t<\/div>\n[\/vc_column_text][\/vc_column][vc_column width=&#8221;3\/4&#8243; el_class=&#8221;page-content&#8221;][vc_column_text el_class=&#8221;text&#8221;]Avendo reso necessaria la chiusura delle scuole, l\u2019emergenza coronavirus ha influito negativamente sulla quotidianit\u00e0 dei pi\u00f9 giovani, minandone la socialit\u00e0 e rendendo pi\u00f9 complesse le dinamiche scolastiche.<span class=\"Apple-converted-space\">\u00a0<\/span><\/p>\n<p>Per permettere ai ragazzi maggiormente in difficolt\u00e0 di recuperare, ed evitare quindi che restino indietro negli apprendimenti, la Fondazione Compagnia di San Paolo e <a href=\"https:\/\/www.fondazionescuola.it\" target=\"_blank\" rel=\"noopener noreferrer\">Fondazione per la Scuola<\/a>\u00a0promuovono questa estate il progetto <b>Sam non va in vacanza<\/b>, dedicato ai bambini delle classi quarta e quinta delle 33 scuole primarie, e ai ragazzi delle 32 scuole secondarie di Torino che aderiscono al progetto <b>Provaci ancora Sam <\/b>realizzato con <b><a href=\"http:\/\/www.comune.torino.it\/\" target=\"_blank\" rel=\"noopener noreferrer\">Citt\u00e0 di Torino<\/a>, <a href=\"https:\/\/ufficiopio.it\/\" target=\"_blank\" rel=\"noopener noreferrer\">Ufficio Pio<\/a>, Ufficio Scolastico Regionale Piemonte <\/b>ed enti del terzo settore.<\/p>\n<p>L\u2019obiettivo del progetto, che si protrarr\u00e0 per 7 settimane dai primi di luglio al 7 agosto, \u00e8 <b>stimolare gli apprendimenti disciplinari e sostenere le competenze dei ragazzi pi\u00f9 fragili <\/b>attraverso l\u2019integrazione di diverse professionalit\u00e0 e in stretto raccordo con le istituzioni scolastiche di provenienza.<span class=\"Apple-converted-space\">\u00a0<\/span><\/p>\n<p>Questo il commento di <a href=\"https:\/\/www.compagniadisanpaolo.it\/it\/fondazione\/organi\/francesco-profumo-presidente\/\"><strong>Francesco Profumo<\/strong>, Presidente della Fondazione Compagnia di San Paolo<\/a>:<span class=\"Apple-converted-space\">\u00a0<\/span><\/p>\n<p>\u201cLa scuola \u00e8 stata investita negli ultimi quattro mesi da un cambiamento epocale. Sappiamo con certezza che l\u2019esperienza scolastica, ma anche educativa, culturale, sportiva, di relazione, di appartenenza alla citt\u00e0, non sar\u00e0 pi\u00f9 la stessa e l\u2019estate, se utilizzata bene, consentir\u00e0 di preparare il rientro a scuola e di far recuperare fiducia nella ripartenza. Per questa ragione la Fondazione Compagnia di San Paolo ha voluto valorizzare le esperienze estive &#8211; ampiamente consolidate dalla collaborazione con Citt\u00e0 di Torino, Ufficio Pio, Xk\u00e8? Laboratorio della curiosit\u00e0, oratori salesiani e diocesani \u2013 pensando agli apprendimenti da recuperare, anche mediante nuove modalit\u00e0 comprese quelle informali. In particolare con Sam non va in vacanza si investir\u00e0 per rinforzare le competenze degli studenti all\u2019interno di una pi\u00f9 ampia azione educativa per l\u2019estate 2020, in cui una molteplicit\u00e0 di attori (enti locali, scuole, istituzioni e associazioni del terzo settore, sportive, culturali, fondazioni) concorrono fin dal periodo estivo ad una alleanza educativa che vuole accompagnare la comunit\u00e0 educante verso un nuovo modello di educazione, integrato, diffuso, multidimensionale.\u201d<\/p>\n<p>Sam non va in vacanza si inserisce nell\u2019ambito della pi\u00f9 ampia iniziativa <a href=\"https:\/\/www.compagniadisanpaolo.it\/it\/news\/2020-unestate-insieme-un-progetto-coordinato-per-dare-nuove-opportunita-e-fiducia-ai-piu-giovani\/\" target=\"_blank\" rel=\"noopener noreferrer\"><b>2020. Un\u2019estate insieme <\/b><\/a>messa a punto dalla Fondazione Compagnia di San Paolo e dai suoi enti strumentali e partecipati (Fondazione per la Scuola, <a href=\"https:\/\/ufficiopio.it\/\" target=\"_blank\" rel=\"noopener noreferrer\">Ufficio Pio<\/a>, <a href=\"http:\/\/www.xkezerotredici.it\" target=\"_blank\" rel=\"noopener noreferrer\">Consorzio Xk\u00e8? ZeroTredici<\/a>): un ricco programma estivo che mira a restituire ai giovani serenit\u00e0, attraverso nuove modalit\u00e0 e occasioni relazionali ed educative.[\/vc_column_text][\/vc_column][\/vc_row][vc_row el_class=&#8221;sdg-list-wrap&#8221;][vc_column][vc_raw_html]JTVCbW9zdHJhU0RHUyU1RA==[\/vc_raw_html][\/vc_column][\/vc_row][vc_row][vc_column][vc_raw_html]JTVCU2V6aW9uZV9Eb2N1bWVudGklNUQ=[\/vc_raw_html][\/vc_column][\/vc_row][vc_row][vc_column]<div class=\"templatera_shortcode\"><div data-vc-full-width=\"true\" data-vc-full-width-temp=\"true\" data-vc-full-width-init=\"false\" class=\"vc_row wpb_row vc_row-fluid newsletter-wrap\"><div class=\"wpb_column vc_column_container vc_col-sm-12\"><div class=\"vc_column-inner\"><div class=\"wpb_wrapper\">\n\t<div class=\"wpb_raw_code wpb_raw_html wpb_content_element\" >\n\t\t<div class=\"wpb_wrapper\">\n\t\t\t    <div class=\"container\">\n      <div class=\"row align-items-center\">\n\t<div class=\"col-12 col-lg-6 col-xl-5 mb-3 mb-lg-0 pr-0\">\n\t  <h2 class=\"title\">Rimani aggiornato sui nostri bandi e sui nostri progetti<\/h2>\n\t<\/div>\n\t<div class=\"col-12 col-lg-6 col-xl-7 pl-xl-4\">\n\t  <a class=\"standard-link-block\" href=\"\/it\/newsletter\/\">\n\t    Compila il form e decidi su quale argomento vuoi ricevere notizie.\t    <strong>\u00a0 ISCRIVITI!<\/strong>\n\t  <\/a>\n\t<\/div>\n      <\/div>\n    <\/div>\n\t\t<\/div>\n\t<\/div>\n<\/div><\/div><\/div><\/div><div class=\"vc_row-full-width vc_clearfix\"><\/div><\/div>[\/vc_column][\/vc_row]\n<\/div>","protected":false},"excerpt":{"rendered":"\u00a0Il progetto \u2013 che vuole coinvolgere oltre 2000 ragazzi e ragazze - rientra nell\u2019ambito di \"2020. Un\u2019estate insieme\u201d, iniziativa tesa restituire ai giovani serenit\u00e0, socialit\u00e0 e nuove opportunit\u00e0 educative in un momento delicato come quello che stiamo vivendo. Condividi: Facebook Twitter Linkedin Whatsapp Mail Data di pubblicazione: 6 Luglio 2020 Obiettivo Persone. Obiettivo Cultura. TagComunit\u00e0 educantiFormazioneNuove generazioniPari opportunit\u00e0Partnership con enti istituzionali Avendo reso necessaria la chiusura delle scuole, l\u2019emergenza coronavirus ha influito negativamente sulla quotidianit\u00e0 dei pi\u00f9 giovani, minandone la socialit\u00e0 e rendendo pi\u00f9 complesse le dinamiche scolastiche.\u00a0 Per permettere ai ragazzi maggiormente in difficolt\u00e0 di recuperare, ed evitare quindi che restino indietro negli apprendimenti, la Fondazione Compagnia di San Paolo e Fondazione per la Scuola\u00a0promuovono questa estate il progetto Sam non va in vacanza, dedicato ai bambini delle classi quarta e quinta delle 33 scuole primarie, e ai ragazzi delle 32 scuole secondarie di Torino che aderiscono al progetto Provaci ancora Sam realizzato con Citt\u00e0 di Torino, Ufficio Pio, Ufficio Scolastico Regionale Piemonte ed enti del terzo settore. L\u2019obiettivo del progetto, che si protrarr\u00e0 per 7 settimane dai primi di luglio al 7 agosto, \u00e8 stimolare gli apprendimenti disciplinari e sostenere le competenze dei ragazzi pi\u00f9 fragili attraverso l\u2019integrazione di diverse professionalit\u00e0 e in stretto raccordo con le istituzioni scolastiche di provenienza.\u00a0 Questo il commento di Francesco Profumo, Presidente della Fondazione Compagnia di San Paolo:\u00a0 \u201cLa scuola \u00e8 stata investita negli ultimi quattro mesi da un cambiamento epocale. Sappiamo con certezza che l\u2019esperienza scolastica, ma anche educativa, culturale, sportiva, di relazione, di appartenenza alla citt\u00e0, non sar\u00e0 pi\u00f9 la stessa e l\u2019estate, se utilizzata bene, consentir\u00e0 di preparare il rientro a scuola e di far recuperare fiducia nella ripartenza. Per questa ragione la Fondazione Compagnia di San Paolo ha voluto valorizzare le esperienze estive - ampiamente consolidate dalla collaborazione con Citt\u00e0 di Torino, Ufficio Pio, Xk\u00e8? Laboratorio della curiosit\u00e0, oratori salesiani e diocesani \u2013 pensando agli apprendimenti da recuperare, anche mediante nuove modalit\u00e0 comprese quelle informali. In particolare con Sam non va in vacanza si investir\u00e0 per rinforzare le competenze degli studenti all\u2019interno di una pi\u00f9 ampia azione educativa per l\u2019estate 2020, in cui una molteplicit\u00e0 di attori (enti locali, scuole, istituzioni e associazioni del terzo settore, sportive, culturali, fondazioni) concorrono fin dal periodo estivo ad una alleanza educativa che vuole accompagnare la comunit\u00e0 educante verso un nuovo modello di educazione, integrato, diffuso, multidimensionale.\u201d Sam non va in vacanza si inserisce nell\u2019ambito della pi\u00f9 ampia iniziativa 2020. Un\u2019estate insieme messa a punto dalla Fondazione Compagnia di San Paolo e dai suoi enti strumentali e partecipati (Fondazione per la Scuola, Ufficio Pio, Consorzio Xk\u00e8? ZeroTredici): un ricco programma estivo che mira a restituire ai giovani serenit\u00e0, attraverso nuove modalit\u00e0 e occasioni relazionali ed educative. Questa iniziativa contribuisce al raggiungimento dei seguenti Obiettivi di Sviluppo Sostenibile Documenti di riferimento CS \"Sam non va in vacanza\" Scarica il documento Rimani aggiornato sui nostri bandi e sui nostri progetti Compila il form e decidi su quale argomento vuoi ricevere notizie. \u00a0 ISCRIVITI!","protected":false},"author":19,"featured_media":4962,"comment_status":"closed","ping_status":"closed","sticky":false,"template":"","format":"standard","meta":{"_acf_changed":false,"content-type":"","footnotes":""},"categories":[17],"tags":[81,53,54,79,62],"class_list":["post-4955","post","type-post","status-publish","format-standard","has-post-thumbnail","hentry","category-news","tag-comunita-educanti","tag-formazione","tag-nuove-generazioni","tag-pari-opportunita","tag-partnership-con-enti-istituzionali","entry","post-inner"],"acf":[],"yoast_head":"<!-- This site is optimized with the Yoast SEO plugin v27.3 - https:\/\/yoast.com\/product\/yoast-seo-wordpress\/ -->\n<title>Sam non va in vacanza: il progetto estivo che mira a una comunit\u00e0 sempre pi\u00f9 inclusiva - Fondazione Compagnia di San Paolo<\/title>\n<meta name=\"robots\" content=\"index, follow, max-snippet:-1, max-image-preview:large, max-video-preview:-1\" \/>\n<link rel=\"canonical\" href=\"https:\/\/www.compagniadisanpaolo.it\/it\/news\/sam-non-va-in-vacanza-il-progetto-estivo-che-mira-a-una-comunita-sempre-piu-inclusiva\/\" \/>\n<meta property=\"og:locale\" content=\"it_IT\" \/>\n<meta property=\"og:type\" content=\"article\" \/>\n<meta property=\"og:title\" content=\"Sam non va in vacanza: il progetto estivo che mira a una comunit\u00e0 sempre pi\u00f9 inclusiva - Fondazione Compagnia di San Paolo\" \/>\n<meta property=\"og:url\" content=\"https:\/\/www.compagniadisanpaolo.it\/it\/news\/sam-non-va-in-vacanza-il-progetto-estivo-che-mira-a-una-comunita-sempre-piu-inclusiva\/\" \/>\n<meta property=\"og:site_name\" content=\"Fondazione Compagnia di San Paolo\" \/>\n<meta property=\"article:publisher\" content=\"https:\/\/www.facebook.com\/CompagniaDiSanPaolo\" \/>\n<meta property=\"article:published_time\" content=\"2020-07-06T11:17:44+00:00\" \/>\n<meta property=\"article:modified_time\" content=\"2021-09-10T17:00:58+00:00\" \/>\n<meta property=\"og:image\" content=\"https:\/\/www.compagniadisanpaolo.it\/wp-content\/uploads\/NEWS-1.jpg\" \/>\n\t<meta property=\"og:image:width\" content=\"815\" \/>\n\t<meta property=\"og:image:height\" content=\"350\" \/>\n\t<meta property=\"og:image:type\" content=\"image\/jpeg\" \/>\n<meta name=\"author\" content=\"Federica\" \/>\n<meta name=\"twitter:card\" content=\"summary_large_image\" \/>\n<meta name=\"twitter:creator\" content=\"@CSP_live\" \/>\n<meta name=\"twitter:site\" content=\"@CSP_live\" \/>\n<meta name=\"twitter:label1\" content=\"Scritto da\" \/>\n\t<meta name=\"twitter:data1\" content=\"Federica\" \/>\n\t<meta name=\"twitter:label2\" content=\"Tempo di lettura stimato\" \/>\n\t<meta name=\"twitter:data2\" content=\"3 minuti\" \/>\n<script type=\"application\/ld+json\" class=\"yoast-schema-graph\">{\"@context\":\"https:\\\/\\\/schema.org\",\"@graph\":[{\"@type\":\"Article\",\"@id\":\"https:\\\/\\\/www.compagniadisanpaolo.it\\\/it\\\/news\\\/sam-non-va-in-vacanza-il-progetto-estivo-che-mira-a-una-comunita-sempre-piu-inclusiva\\\/#article\",\"isPartOf\":{\"@id\":\"https:\\\/\\\/www.compagniadisanpaolo.it\\\/it\\\/news\\\/sam-non-va-in-vacanza-il-progetto-estivo-che-mira-a-una-comunita-sempre-piu-inclusiva\\\/\"},\"author\":{\"name\":\"Federica\",\"@id\":\"https:\\\/\\\/www.compagniadisanpaolo.it\\\/it\\\/#\\\/schema\\\/person\\\/b7d5451541c25c82f29c5be1e78456b2\"},\"headline\":\"Sam non va in vacanza: il progetto estivo che mira a una comunit\u00e0 sempre pi\u00f9 inclusiva\",\"datePublished\":\"2020-07-06T11:17:44+00:00\",\"dateModified\":\"2021-09-10T17:00:58+00:00\",\"mainEntityOfPage\":{\"@id\":\"https:\\\/\\\/www.compagniadisanpaolo.it\\\/it\\\/news\\\/sam-non-va-in-vacanza-il-progetto-estivo-che-mira-a-una-comunita-sempre-piu-inclusiva\\\/\"},\"wordCount\":565,\"publisher\":{\"@id\":\"https:\\\/\\\/www.compagniadisanpaolo.it\\\/it\\\/#organization\"},\"image\":{\"@id\":\"https:\\\/\\\/www.compagniadisanpaolo.it\\\/it\\\/news\\\/sam-non-va-in-vacanza-il-progetto-estivo-che-mira-a-una-comunita-sempre-piu-inclusiva\\\/#primaryimage\"},\"thumbnailUrl\":\"https:\\\/\\\/www.compagniadisanpaolo.it\\\/wp-content\\\/uploads\\\/NEWS-1.jpg\",\"keywords\":[\"comunit\u00e0 educanti\",\"formazione\",\"nuove generazioni\",\"pari opportunit\u00e0\",\"partnership con enti istituzionali\"],\"articleSection\":[\"News\"],\"inLanguage\":\"it-IT\"},{\"@type\":\"WebPage\",\"@id\":\"https:\\\/\\\/www.compagniadisanpaolo.it\\\/it\\\/news\\\/sam-non-va-in-vacanza-il-progetto-estivo-che-mira-a-una-comunita-sempre-piu-inclusiva\\\/\",\"url\":\"https:\\\/\\\/www.compagniadisanpaolo.it\\\/it\\\/news\\\/sam-non-va-in-vacanza-il-progetto-estivo-che-mira-a-una-comunita-sempre-piu-inclusiva\\\/\",\"name\":\"Sam non va in vacanza: il progetto estivo che mira a una comunit\u00e0 sempre pi\u00f9 inclusiva - Fondazione Compagnia di San Paolo\",\"isPartOf\":{\"@id\":\"https:\\\/\\\/www.compagniadisanpaolo.it\\\/it\\\/#website\"},\"primaryImageOfPage\":{\"@id\":\"https:\\\/\\\/www.compagniadisanpaolo.it\\\/it\\\/news\\\/sam-non-va-in-vacanza-il-progetto-estivo-che-mira-a-una-comunita-sempre-piu-inclusiva\\\/#primaryimage\"},\"image\":{\"@id\":\"https:\\\/\\\/www.compagniadisanpaolo.it\\\/it\\\/news\\\/sam-non-va-in-vacanza-il-progetto-estivo-che-mira-a-una-comunita-sempre-piu-inclusiva\\\/#primaryimage\"},\"thumbnailUrl\":\"https:\\\/\\\/www.compagniadisanpaolo.it\\\/wp-content\\\/uploads\\\/NEWS-1.jpg\",\"datePublished\":\"2020-07-06T11:17:44+00:00\",\"dateModified\":\"2021-09-10T17:00:58+00:00\",\"breadcrumb\":{\"@id\":\"https:\\\/\\\/www.compagniadisanpaolo.it\\\/it\\\/news\\\/sam-non-va-in-vacanza-il-progetto-estivo-che-mira-a-una-comunita-sempre-piu-inclusiva\\\/#breadcrumb\"},\"inLanguage\":\"it-IT\",\"potentialAction\":[{\"@type\":\"ReadAction\",\"target\":[\"https:\\\/\\\/www.compagniadisanpaolo.it\\\/it\\\/news\\\/sam-non-va-in-vacanza-il-progetto-estivo-che-mira-a-una-comunita-sempre-piu-inclusiva\\\/\"]}]},{\"@type\":\"ImageObject\",\"inLanguage\":\"it-IT\",\"@id\":\"https:\\\/\\\/www.compagniadisanpaolo.it\\\/it\\\/news\\\/sam-non-va-in-vacanza-il-progetto-estivo-che-mira-a-una-comunita-sempre-piu-inclusiva\\\/#primaryimage\",\"url\":\"https:\\\/\\\/www.compagniadisanpaolo.it\\\/wp-content\\\/uploads\\\/NEWS-1.jpg\",\"contentUrl\":\"https:\\\/\\\/www.compagniadisanpaolo.it\\\/wp-content\\\/uploads\\\/NEWS-1.jpg\",\"width\":815,\"height\":350},{\"@type\":\"BreadcrumbList\",\"@id\":\"https:\\\/\\\/www.compagniadisanpaolo.it\\\/it\\\/news\\\/sam-non-va-in-vacanza-il-progetto-estivo-che-mira-a-una-comunita-sempre-piu-inclusiva\\\/#breadcrumb\",\"itemListElement\":[{\"@type\":\"ListItem\",\"position\":1,\"name\":\"Home\",\"item\":\"https:\\\/\\\/www.compagniadisanpaolo.it\\\/it\\\/\"},{\"@type\":\"ListItem\",\"position\":2,\"name\":\"Sam non va in vacanza: il progetto estivo che mira a una comunit\u00e0 sempre pi\u00f9 inclusiva\"}]},{\"@type\":\"WebSite\",\"@id\":\"https:\\\/\\\/www.compagniadisanpaolo.it\\\/it\\\/#website\",\"url\":\"https:\\\/\\\/www.compagniadisanpaolo.it\\\/it\\\/\",\"name\":\"Fondazione Compagnia di San Paolo\",\"description\":\"\",\"publisher\":{\"@id\":\"https:\\\/\\\/www.compagniadisanpaolo.it\\\/it\\\/#organization\"},\"potentialAction\":[{\"@type\":\"SearchAction\",\"target\":{\"@type\":\"EntryPoint\",\"urlTemplate\":\"https:\\\/\\\/www.compagniadisanpaolo.it\\\/it\\\/?s={search_term_string}\"},\"query-input\":{\"@type\":\"PropertyValueSpecification\",\"valueRequired\":true,\"valueName\":\"search_term_string\"}}],\"inLanguage\":\"it-IT\"},{\"@type\":\"Organization\",\"@id\":\"https:\\\/\\\/www.compagniadisanpaolo.it\\\/it\\\/#organization\",\"name\":\"Fondazione Compagnia di San Paolo\",\"url\":\"https:\\\/\\\/www.compagniadisanpaolo.it\\\/it\\\/\",\"logo\":{\"@type\":\"ImageObject\",\"inLanguage\":\"it-IT\",\"@id\":\"https:\\\/\\\/www.compagniadisanpaolo.it\\\/it\\\/#\\\/schema\\\/logo\\\/image\\\/\",\"url\":\"https:\\\/\\\/www.compagniadisanpaolo.it\\\/wp-content\\\/uploads\\\/logo.svg\",\"contentUrl\":\"https:\\\/\\\/www.compagniadisanpaolo.it\\\/wp-content\\\/uploads\\\/logo.svg\",\"width\":769,\"height\":323,\"caption\":\"Fondazione Compagnia di San Paolo\"},\"image\":{\"@id\":\"https:\\\/\\\/www.compagniadisanpaolo.it\\\/it\\\/#\\\/schema\\\/logo\\\/image\\\/\"},\"sameAs\":[\"https:\\\/\\\/www.facebook.com\\\/CompagniaDiSanPaolo\",\"https:\\\/\\\/x.com\\\/CSP_live\",\"http:\\\/\\\/instagram.com\\\/compagniadisanpaolo?ref=badge\",\"https:\\\/\\\/www.linkedin.com\\\/company\\\/compagnia-di-san-paolo\",\"https:\\\/\\\/www.youtube.com\\\/user\\\/compagniadisanpaolo\",\"https:\\\/\\\/it.wikipedia.org\\\/wiki\\\/Compagnia_di_San_Paolo\"]},{\"@type\":\"Person\",\"@id\":\"https:\\\/\\\/www.compagniadisanpaolo.it\\\/it\\\/#\\\/schema\\\/person\\\/b7d5451541c25c82f29c5be1e78456b2\",\"name\":\"Federica\",\"image\":{\"@type\":\"ImageObject\",\"inLanguage\":\"it-IT\",\"@id\":\"https:\\\/\\\/secure.gravatar.com\\\/avatar\\\/b5698fa13ac389b1f1fb1263a4626e219d853d7ccf112e854aea8c9c087d24ae?s=96&d=mm&r=g\",\"url\":\"https:\\\/\\\/secure.gravatar.com\\\/avatar\\\/b5698fa13ac389b1f1fb1263a4626e219d853d7ccf112e854aea8c9c087d24ae?s=96&d=mm&r=g\",\"contentUrl\":\"https:\\\/\\\/secure.gravatar.com\\\/avatar\\\/b5698fa13ac389b1f1fb1263a4626e219d853d7ccf112e854aea8c9c087d24ae?s=96&d=mm&r=g\",\"caption\":\"Federica\"}}]}<\/script>\n<!-- \/ Yoast SEO plugin. -->","yoast_head_json":{"title":"Sam non va in vacanza: il progetto estivo che mira a una comunit\u00e0 sempre pi\u00f9 inclusiva - Fondazione Compagnia di San Paolo","robots":{"index":"index","follow":"follow","max-snippet":"max-snippet:-1","max-image-preview":"max-image-preview:large","max-video-preview":"max-video-preview:-1"},"canonical":"https:\/\/www.compagniadisanpaolo.it\/it\/news\/sam-non-va-in-vacanza-il-progetto-estivo-che-mira-a-una-comunita-sempre-piu-inclusiva\/","og_locale":"it_IT","og_type":"article","og_title":"Sam non va in vacanza: il progetto estivo che mira a una comunit\u00e0 sempre pi\u00f9 inclusiva - Fondazione Compagnia di San Paolo","og_url":"https:\/\/www.compagniadisanpaolo.it\/it\/news\/sam-non-va-in-vacanza-il-progetto-estivo-che-mira-a-una-comunita-sempre-piu-inclusiva\/","og_site_name":"Fondazione Compagnia di San Paolo","article_publisher":"https:\/\/www.facebook.com\/CompagniaDiSanPaolo","article_published_time":"2020-07-06T11:17:44+00:00","article_modified_time":"2021-09-10T17:00:58+00:00","og_image":[{"width":815,"height":350,"url":"https:\/\/www.compagniadisanpaolo.it\/wp-content\/uploads\/NEWS-1.jpg","type":"image\/jpeg"}],"author":"Federica","twitter_card":"summary_large_image","twitter_creator":"@CSP_live","twitter_site":"@CSP_live","twitter_misc":{"Scritto da":"Federica","Tempo di lettura stimato":"3 minuti"},"schema":{"@context":"https:\/\/schema.org","@graph":[{"@type":"Article","@id":"https:\/\/www.compagniadisanpaolo.it\/it\/news\/sam-non-va-in-vacanza-il-progetto-estivo-che-mira-a-una-comunita-sempre-piu-inclusiva\/#article","isPartOf":{"@id":"https:\/\/www.compagniadisanpaolo.it\/it\/news\/sam-non-va-in-vacanza-il-progetto-estivo-che-mira-a-una-comunita-sempre-piu-inclusiva\/"},"author":{"name":"Federica","@id":"https:\/\/www.compagniadisanpaolo.it\/it\/#\/schema\/person\/b7d5451541c25c82f29c5be1e78456b2"},"headline":"Sam non va in vacanza: il progetto estivo che mira a una comunit\u00e0 sempre pi\u00f9 inclusiva","datePublished":"2020-07-06T11:17:44+00:00","dateModified":"2021-09-10T17:00:58+00:00","mainEntityOfPage":{"@id":"https:\/\/www.compagniadisanpaolo.it\/it\/news\/sam-non-va-in-vacanza-il-progetto-estivo-che-mira-a-una-comunita-sempre-piu-inclusiva\/"},"wordCount":565,"publisher":{"@id":"https:\/\/www.compagniadisanpaolo.it\/it\/#organization"},"image":{"@id":"https:\/\/www.compagniadisanpaolo.it\/it\/news\/sam-non-va-in-vacanza-il-progetto-estivo-che-mira-a-una-comunita-sempre-piu-inclusiva\/#primaryimage"},"thumbnailUrl":"https:\/\/www.compagniadisanpaolo.it\/wp-content\/uploads\/NEWS-1.jpg","keywords":["comunit\u00e0 educanti","formazione","nuove generazioni","pari opportunit\u00e0","partnership con enti istituzionali"],"articleSection":["News"],"inLanguage":"it-IT"},{"@type":"WebPage","@id":"https:\/\/www.compagniadisanpaolo.it\/it\/news\/sam-non-va-in-vacanza-il-progetto-estivo-che-mira-a-una-comunita-sempre-piu-inclusiva\/","url":"https:\/\/www.compagniadisanpaolo.it\/it\/news\/sam-non-va-in-vacanza-il-progetto-estivo-che-mira-a-una-comunita-sempre-piu-inclusiva\/","name":"Sam non va in vacanza: il progetto estivo che mira a una comunit\u00e0 sempre pi\u00f9 inclusiva - Fondazione Compagnia di San Paolo","isPartOf":{"@id":"https:\/\/www.compagniadisanpaolo.it\/it\/#website"},"primaryImageOfPage":{"@id":"https:\/\/www.compagniadisanpaolo.it\/it\/news\/sam-non-va-in-vacanza-il-progetto-estivo-che-mira-a-una-comunita-sempre-piu-inclusiva\/#primaryimage"},"image":{"@id":"https:\/\/www.compagniadisanpaolo.it\/it\/news\/sam-non-va-in-vacanza-il-progetto-estivo-che-mira-a-una-comunita-sempre-piu-inclusiva\/#primaryimage"},"thumbnailUrl":"https:\/\/www.compagniadisanpaolo.it\/wp-content\/uploads\/NEWS-1.jpg","datePublished":"2020-07-06T11:17:44+00:00","dateModified":"2021-09-10T17:00:58+00:00","breadcrumb":{"@id":"https:\/\/www.compagniadisanpaolo.it\/it\/news\/sam-non-va-in-vacanza-il-progetto-estivo-che-mira-a-una-comunita-sempre-piu-inclusiva\/#breadcrumb"},"inLanguage":"it-IT","potentialAction":[{"@type":"ReadAction","target":["https:\/\/www.compagniadisanpaolo.it\/it\/news\/sam-non-va-in-vacanza-il-progetto-estivo-che-mira-a-una-comunita-sempre-piu-inclusiva\/"]}]},{"@type":"ImageObject","inLanguage":"it-IT","@id":"https:\/\/www.compagniadisanpaolo.it\/it\/news\/sam-non-va-in-vacanza-il-progetto-estivo-che-mira-a-una-comunita-sempre-piu-inclusiva\/#primaryimage","url":"https:\/\/www.compagniadisanpaolo.it\/wp-content\/uploads\/NEWS-1.jpg","contentUrl":"https:\/\/www.compagniadisanpaolo.it\/wp-content\/uploads\/NEWS-1.jpg","width":815,"height":350},{"@type":"BreadcrumbList","@id":"https:\/\/www.compagniadisanpaolo.it\/it\/news\/sam-non-va-in-vacanza-il-progetto-estivo-che-mira-a-una-comunita-sempre-piu-inclusiva\/#breadcrumb","itemListElement":[{"@type":"ListItem","position":1,"name":"Home","item":"https:\/\/www.compagniadisanpaolo.it\/it\/"},{"@type":"ListItem","position":2,"name":"Sam non va in vacanza: il progetto estivo che mira a una comunit\u00e0 sempre pi\u00f9 inclusiva"}]},{"@type":"WebSite","@id":"https:\/\/www.compagniadisanpaolo.it\/it\/#website","url":"https:\/\/www.compagniadisanpaolo.it\/it\/","name":"Fondazione Compagnia di San Paolo","description":"","publisher":{"@id":"https:\/\/www.compagniadisanpaolo.it\/it\/#organization"},"potentialAction":[{"@type":"SearchAction","target":{"@type":"EntryPoint","urlTemplate":"https:\/\/www.compagniadisanpaolo.it\/it\/?s={search_term_string}"},"query-input":{"@type":"PropertyValueSpecification","valueRequired":true,"valueName":"search_term_string"}}],"inLanguage":"it-IT"},{"@type":"Organization","@id":"https:\/\/www.compagniadisanpaolo.it\/it\/#organization","name":"Fondazione Compagnia di San Paolo","url":"https:\/\/www.compagniadisanpaolo.it\/it\/","logo":{"@type":"ImageObject","inLanguage":"it-IT","@id":"https:\/\/www.compagniadisanpaolo.it\/it\/#\/schema\/logo\/image\/","url":"https:\/\/www.compagniadisanpaolo.it\/wp-content\/uploads\/logo.svg","contentUrl":"https:\/\/www.compagniadisanpaolo.it\/wp-content\/uploads\/logo.svg","width":769,"height":323,"caption":"Fondazione Compagnia di San Paolo"},"image":{"@id":"https:\/\/www.compagniadisanpaolo.it\/it\/#\/schema\/logo\/image\/"},"sameAs":["https:\/\/www.facebook.com\/CompagniaDiSanPaolo","https:\/\/x.com\/CSP_live","http:\/\/instagram.com\/compagniadisanpaolo?ref=badge","https:\/\/www.linkedin.com\/company\/compagnia-di-san-paolo","https:\/\/www.youtube.com\/user\/compagniadisanpaolo","https:\/\/it.wikipedia.org\/wiki\/Compagnia_di_San_Paolo"]},{"@type":"Person","@id":"https:\/\/www.compagniadisanpaolo.it\/it\/#\/schema\/person\/b7d5451541c25c82f29c5be1e78456b2","name":"Federica","image":{"@type":"ImageObject","inLanguage":"it-IT","@id":"https:\/\/secure.gravatar.com\/avatar\/b5698fa13ac389b1f1fb1263a4626e219d853d7ccf112e854aea8c9c087d24ae?s=96&d=mm&r=g","url":"https:\/\/secure.gravatar.com\/avatar\/b5698fa13ac389b1f1fb1263a4626e219d853d7ccf112e854aea8c9c087d24ae?s=96&d=mm&r=g","contentUrl":"https:\/\/secure.gravatar.com\/avatar\/b5698fa13ac389b1f1fb1263a4626e219d853d7ccf112e854aea8c9c087d24ae?s=96&d=mm&r=g","caption":"Federica"}}]}},"amp_enabled":true,"_links":{"self":[{"href":"https:\/\/www.compagniadisanpaolo.it\/it\/wp-json\/wp\/v2\/posts\/4955","targetHints":{"allow":["GET"]}}],"collection":[{"href":"https:\/\/www.compagniadisanpaolo.it\/it\/wp-json\/wp\/v2\/posts"}],"about":[{"href":"https:\/\/www.compagniadisanpaolo.it\/it\/wp-json\/wp\/v2\/types\/post"}],"author":[{"embeddable":true,"href":"https:\/\/www.compagniadisanpaolo.it\/it\/wp-json\/wp\/v2\/users\/19"}],"replies":[{"embeddable":true,"href":"https:\/\/www.compagniadisanpaolo.it\/it\/wp-json\/wp\/v2\/comments?post=4955"}],"version-history":[{"count":7,"href":"https:\/\/www.compagniadisanpaolo.it\/it\/wp-json\/wp\/v2\/posts\/4955\/revisions"}],"predecessor-version":[{"id":6270,"href":"https:\/\/www.compagniadisanpaolo.it\/it\/wp-json\/wp\/v2\/posts\/4955\/revisions\/6270"}],"wp:featuredmedia":[{"embeddable":true,"href":"https:\/\/www.compagniadisanpaolo.it\/it\/wp-json\/wp\/v2\/media\/4962"}],"wp:attachment":[{"href":"https:\/\/www.compagniadisanpaolo.it\/it\/wp-json\/wp\/v2\/media?parent=4955"}],"wp:term":[{"taxonomy":"category","embeddable":true,"href":"https:\/\/www.compagniadisanpaolo.it\/it\/wp-json\/wp\/v2\/categories?post=4955"},{"taxonomy":"post_tag","embeddable":true,"href":"https:\/\/www.compagniadisanpaolo.it\/it\/wp-json\/wp\/v2\/tags?post=4955"}],"curies":[{"name":"wp","href":"https:\/\/api.w.org\/{rel}","templated":true}]}}