{"id":46184,"date":"2026-09-04T16:31:29","date_gmt":"2026-09-04T14:31:29","guid":{"rendered":"https:\/\/www.compagniadisanpaolo.it\/?p=46184"},"modified":"2026-09-04T16:32:10","modified_gmt":"2026-09-04T14:32:10","slug":"collective-projects-ancora-aperta-la-call-2026-2027-rivolta-agli-ets","status":"publish","type":"post","link":"https:\/\/www.compagniadisanpaolo.it\/it\/news\/collective-projects-ancora-aperta-la-call-2026-2027-rivolta-agli-ets\/","title":{"rendered":"Collective Projects: ancora aperta la call 2026\/2027 rivolta agli ETS"},"content":{"rendered":"<div class=\"wpb-content-wrapper\">[vc_row][vc_column][vc_column_text css=&#8221;&#8221; el_class=&#8221;text-headline2&#8243;]Fino al prossimo 30 settembre \u00e8 possibile candidarsi alla nuova edizione dei Collective Projects, il programma che mette in relazione startup, PMI ed Enti del Terzo Settore con gli studenti di ESCP Business School per sviluppare risposte innovative a sfide organizzative e strategiche.[\/vc_column_text][\/vc_column][\/vc_row][vc_row][vc_column][vc_column_text]\n<div class=\"info-box mission\">\n\t\t<div class=\"info-box-wrap info-box-hor row pb-0\">\n\n\t\t      \n\t\t      <div class=\"spalla col-12 col-md-12\">\n\t\t\t<div class=\"info-box sharing-box\">\n\t\t\t  <span class=\"label\">Condividi:<\/span>\n\t\t\t  <div class=\"social-sharing\">\n\t\t\t    <span class=\"box\">\n\t\t\t      <a class=\"fb\" href=\"https:\/\/www.facebook.com\/sharer.php?u=https:\/\/www.compagniadisanpaolo.it\/it\/news\/collective-projects-ancora-aperta-la-call-2026-2027-rivolta-agli-ets\/\" target=\"_blank\">\n\t\t\t\t<span class=\"sr-only\">Facebook<\/span>\n\t\t\t\t<i class=\"fab fa-facebook-f\"><\/i>\n\t\t\t      <\/a>\n\t\t\t    <\/span>\n\t\t\t    \n\t\t\t    <style>\n.twitter, .twitter:hover{\ncolor:#000000 !important;}\n<\/style>\n\n\n\t\t\t    <span class=\"box\">\n\t\t\t      <a class=\"twitter\" href=\"https:\/\/twitter.com\/intent\/tweet?url=https:\/\/www.compagniadisanpaolo.it\/it\/news\/collective-projects-ancora-aperta-la-call-2026-2027-rivolta-agli-ets\/\">\n\t\t\t\t<span class=\"sr-only\">Twitter<\/span>\n\t\t\t\t<i class=\"fa-brands fa-x-twitter\"><\/i>\n\t\t\t      <\/a>\n\t\t\t    <\/span>\n\n\t\t\t    \n\t\t\t    <span class=\"box\">\n\t\t\t      <a class=\"linkedin\" href=\"https:\/\/www.linkedin.com\/shareArticle?mini=true&url=https:\/\/www.compagniadisanpaolo.it\/it\/news\/collective-projects-ancora-aperta-la-call-2026-2027-rivolta-agli-ets\/\">\n\t\t\t\t<span class=\"sr-only\">Linkedin<\/span>\n\t\t\t\t  <i class=\"fa-brands fa-linkedin-in\"><\/i>\n\t\t\t      <\/a>\n\t\t\t    <\/span>\n\n\t\t\t    <span class=\"box\">\n\t\t\t      <a class=\"whatsapp\" href=\"whatsapp:\/\/send?text=https:\/\/www.compagniadisanpaolo.it\/it\/news\/collective-projects-ancora-aperta-la-call-2026-2027-rivolta-agli-ets\/\" data-action=\"share\/whatsapp\/share\">\n\t\t\t\t<span class=\"sr-only\">Whatsapp<\/span>\n\t\t\t\t<i class=\"fa-brands fa-whatsapp\"><\/i>\n\t\t\t      <\/a>\n\t\t\t    <\/span>\n\n\t\t\t    <span class=\"box\">\n\t\t\t      <a class=\"mail\" href=\"mailto:?subject=Collective Projects: ancora aperta la call 2026\/2027 rivolta agli ETS&body=https:\/\/www.compagniadisanpaolo.it\/it\/news\/collective-projects-ancora-aperta-la-call-2026-2027-rivolta-agli-ets\/\">\n\t\t\t\t<span class=\"sr-only\">Mail<\/span>\n\t\t\t\t <i class=\"fa-solid fa-envelope\"><\/i>\n\t\t\t      <\/a>\n\t\t\t    <\/span>\n\t\t\t    \n\t\t\t  <\/div>\n\t\t\t<\/div>\n\t      <\/div>\n\t    <\/div><\/div>\n[\/vc_column_text][\/vc_column][\/vc_row][vc_row][vc_column width=&#8221;1\/4&#8243;][vc_column_text]\n\n\n\t\t<div class=\"info-box-wrap\">\n\n\t  <div class=\"info-box date-pub\">\n\t  \t<span class=\"label\">Data di pubblicazione:<\/span>\n\t    <span class=\"value\">4 Settembre 2026<\/span>\n\t  <\/div><div class=\"info-box post-terms\"><span class=\"label\">Obiettivi:<\/span>\n\t\t\t\t\t<span class=\"post-term\">\n\t\t\t\t\t\t<span class=\"post-term__dot\" style=\"display:inline-block;width:32px;height:32px;background-color:#008FD2;vertical-align:middle;margin-right:6px;\"><\/span>\n\t\t\t\t\t\t<span class=\"post__term__label\">Pianeta<\/span>\n\t\t\t\t\t<\/span><\/div><div class=\"info-box mission\"><span class=\"label\">Tag<\/span><a href=\"https:\/\/www.compagniadisanpaolo.it\/it\/tags\/risultati\/?_sft_post_tag=open-innovation\" class=\"tag-element\">Open innovation<\/a><a href=\"https:\/\/www.compagniadisanpaolo.it\/it\/tags\/risultati\/?_sft_post_tag=opportunita-di-professionalizzazione\" class=\"tag-element\">Opportunit\u00e0 di professionalizzazione<\/a><a href=\"https:\/\/www.compagniadisanpaolo.it\/it\/tags\/risultati\/?_sft_post_tag=sostenibilita\" class=\"tag-element\">Sostenibilit\u00e0<\/a><a href=\"https:\/\/www.compagniadisanpaolo.it\/it\/tags\/risultati\/?_sft_post_tag=sviluppo-organizzativo\" class=\"tag-element\">Sviluppo organizzativo<\/a><a href=\"https:\/\/www.compagniadisanpaolo.it\/it\/tags\/risultati\/?_sft_post_tag=universita\" class=\"tag-element\">Universit\u00e0<\/a><\/div>\t  \n\t<\/div>\n[\/vc_column_text][\/vc_column][vc_column width=&#8221;3\/4&#8243; el_class=&#8221;page-content&#8221;][vc_column_text css=&#8221;&#8221; el_class=&#8221;text&#8221;]\u00c8 ancora possibile inviare la candidature nell\u2019ambito dell\u2019edizione 2026\/2027 dei <strong>Collective Projects<\/strong>, il programma promosso da R\u00e9seau Entreprendre Piemonte in collaborazione con il campus di Torino della ESCP Business School e con il sostegno della Fondazione Compagnia di San Paolo. Per gli Enti del Terzo Settore, il programma rappresenta un&#8217;opportunit\u00e0 per affrontare concrete sfide di innovazione e sviluppo organizzativo, affiancati da un team internazionale di studenti e da un <strong>percorso dedicato di capacity building<\/strong>.<\/p>\n<p>Gli ETS selezionati potranno proporre una <strong>sfida<\/strong> <strong>progettuale<\/strong>, da sviluppare insieme a un team multiculturale di sei o sette partecipanti al secondo anno del <strong>Bachelor in Management di ESCP Business School<\/strong>.<\/p>\n<p>Per circa cinque mesi, da novembre 2026 ad aprile 2027, gli studenti lavoreranno alla definizione di <strong>proposte e strumenti operativi<\/strong>, dedicando complessivamente circa 240 ore al progetto. Le attivit\u00e0 potranno riguardare, tra gli altri, ambiti quali <strong>marketing, internazionalizzazione, fundraising, sostenibilit\u00e0 e sviluppo organizzativo<\/strong>.<\/p>\n<p>A questo si aggiunge, per gli ETS selezionati, un <strong>percorso dedicato di capacity building<\/strong>. Tra gennaio e marzo 2027 i referenti degli enti parteciperanno a <strong>workshop e sessioni di tutoring individuale<\/strong> finalizzati a rafforzare le competenze organizzative e ad accompagnare i processi di innovazione e di efficientamento avviati con il contributo dei team di studenti.<\/p>\n<p>L&#8217;obiettivo \u00e8 <strong>consolidare strumenti e metodologie<\/strong> che possano continuare a generare valore anche oltre la durata del progetto.<\/p>\n<p>Tra le novit\u00e0 di questa nuova edizione figura l&#8217;<strong>introduzione dell&#8217;intelligenza artificiale<\/strong> come strumento trasversale a supporto delle attivit\u00e0 progettuali. <strong>Gli studenti potranno impiegare strumenti di IA per sviluppare prototipi, automatizzare processi e realizzare soluzioni coerenti con gli obiettivi delle organizzazioni partner<\/strong>, dichiarandone modalit\u00e0 e finalit\u00e0 d&#8217;uso nel report finale e nel rispetto della normativa sulla protezione dei dati e delle policy di riservatezza.<\/p>\n<p>I Collective Projects costituiscono un&#8217;attivit\u00e0 curricolare del <strong>Bachelor in Management di ESCP Business School<\/strong> e favoriscono l\u2019incontro tra il mondo accademico internazionale e il sistema imprenditoriale e sociale del territorio. Nell&#8217;ultima edizione sono stati coinvolti <strong>417 studenti<\/strong>, impegnati in <strong>61 progetti<\/strong> realizzati in collaborazione con <strong>48 organizzazioni tra imprese e realt\u00e0 del Terzo Settore<\/strong>.<\/p>\n<p>La partecipazione \u00e8 gratuita per tutte le organizzazioni selezionate. Per candidarsi \u00e8 necessario presentare una sfida progettuale concreta attraverso il form dedicato, corredato dal relativo brief progettuale. Le candidature dovranno essere presentate <strong>entro il 30 settembre 2026<\/strong> e redatte in lingua inglese, che sar\u00e0 utilizzata anche durante lo svolgimento delle attivit\u00e0 e nelle interazioni con i team internazionali. \u00c8 inoltre richiesta la partecipazione obbligatoria del referente dell&#8217;organizzazione a <strong>due momenti in presenza presso il Campus ESCP di Torino<\/strong>, dedicati all&#8217;avvio dei progetti e alla presentazione finale dei risultati.<\/p>\n<p>Per consultare il bando completo e approfondire le modalit\u00e0 di partecipazione \u00e8 possibile fare riferimento ai canali ufficiali di <a href=\"https:\/\/www.reseau-entreprendre.org\/piemonte\/collective-projects-2026-2027\/\" target=\"_blank\" rel=\"noopener\"><strong>R\u00e9seau Entreprendre Piemonte<\/strong><\/a>.[\/vc_column_text][\/vc_column][\/vc_row][vc_row el_class=&#8221;sdg-list-wrap&#8221;][vc_column][vc_raw_html]JTVCbW9zdHJhU0RHUyU1RA==[\/vc_raw_html][vc_raw_html]JTVCU2V6aW9uZV9Eb2N1bWVudGklNUQ=[\/vc_raw_html][\/vc_column][\/vc_row][vc_row][vc_column]<div class=\"templatera_shortcode\"><div data-vc-full-width=\"true\" data-vc-full-width-temp=\"true\" data-vc-full-width-init=\"false\" class=\"vc_row wpb_row vc_row-fluid newsletter-wrap\"><div class=\"wpb_column vc_column_container vc_col-sm-12\"><div class=\"vc_column-inner\"><div class=\"wpb_wrapper\">\n\t<div class=\"wpb_raw_code wpb_raw_html wpb_content_element\" >\n\t\t<div class=\"wpb_wrapper\">\n\t\t\t    <div class=\"container\">\n      <div class=\"row align-items-center\">\n\t<div class=\"col-12 col-lg-6 col-xl-5 mb-3 mb-lg-0 pr-0\">\n\t  <h2 class=\"title\">Rimani aggiornato sui nostri bandi e sui nostri progetti<\/h2>\n\t<\/div>\n\t<div class=\"col-12 col-lg-6 col-xl-7 pl-xl-4\">\n\t  <a class=\"standard-link-block\" href=\"\/it\/newsletter\/\">\n\t    Compila il form e decidi su quale argomento vuoi ricevere notizie.\t    <strong>\u00a0 ISCRIVITI!<\/strong>\n\t  <\/a>\n\t<\/div>\n      <\/div>\n    <\/div>\n\t\t<\/div>\n\t<\/div>\n<\/div><\/div><\/div><\/div><div class=\"vc_row-full-width vc_clearfix\"><\/div><\/div>[\/vc_column][\/vc_row]\n<\/div>","protected":false},"excerpt":{"rendered":"<p>Fino al prossimo 30 settembre \u00e8 possibile candidarsi alla nuova edizione dei Collective Projects, il programma che mette in relazione startup, PMI ed Enti del Terzo Settore con gli studenti di ESCP Business School per sviluppare risposte innovative a sfide organizzative e strategiche. <\/p>\n","protected":false},"author":19,"featured_media":46189,"comment_status":"closed","ping_status":"closed","sticky":false,"template":"","format":"standard","meta":{"_acf_changed":false,"content-type":"","footnotes":""},"categories":[17],"tags":[253,71,207,61,254],"class_list":["post-46184","post","type-post","status-publish","format-standard","has-post-thumbnail","hentry","category-news","tag-open-innovation","tag-opportunita-di-professionalizzazione","tag-sostenibilita","tag-sviluppo-organizzativo","tag-universita","entry","post-inner"],"acf":[],"yoast_head":"<!-- This site is optimized with the Yoast SEO plugin v28.1 - https:\/\/yoast.com\/product\/yoast-seo-wordpress\/ -->\n<title>Collective Projects: ancora aperta la call 2026\/2027 rivolta agli ETS - Fondazione Compagnia di San Paolo<\/title>\n<meta name=\"description\" content=\"Fino al prossimo 30 settembre \u00e8 possibile candidarsi alla nuova edizione dei Collective Projects.\" \/>\n<meta name=\"robots\" content=\"index, follow, max-snippet:-1, max-image-preview:large, max-video-preview:-1\" \/>\n<link rel=\"canonical\" href=\"https:\/\/www.compagniadisanpaolo.it\/it\/news\/collective-projects-ancora-aperta-la-call-2026-2027-rivolta-agli-ets\/\" \/>\n<meta property=\"og:locale\" content=\"it_IT\" \/>\n<meta property=\"og:type\" content=\"article\" \/>\n<meta property=\"og:title\" content=\"Collective Projects: ancora aperta la call 2026\/2027 rivolta agli ETS - Fondazione Compagnia di San Paolo\" \/>\n<meta property=\"og:description\" content=\"Fino al prossimo 30 settembre \u00e8 possibile candidarsi alla nuova edizione dei Collective Projects.\" \/>\n<meta property=\"og:url\" content=\"https:\/\/www.compagniadisanpaolo.it\/it\/news\/collective-projects-ancora-aperta-la-call-2026-2027-rivolta-agli-ets\/\" \/>\n<meta property=\"og:site_name\" content=\"Fondazione Compagnia di San Paolo\" \/>\n<meta property=\"article:publisher\" content=\"https:\/\/www.facebook.com\/CompagniaDiSanPaolo\" \/>\n<meta property=\"article:published_time\" content=\"2026-09-04T14:31:29+00:00\" \/>\n<meta property=\"article:modified_time\" content=\"2026-09-04T14:32:10+00:00\" \/>\n<meta property=\"og:image\" content=\"https:\/\/www.compagniadisanpaolo.it\/wp-content\/uploads\/CSP_NEWS_Bando-Collective-Projects-2026_2027_815x350.png\" \/>\n\t<meta property=\"og:image:width\" content=\"815\" \/>\n\t<meta property=\"og:image:height\" content=\"350\" \/>\n\t<meta property=\"og:image:type\" content=\"image\/png\" \/>\n<meta name=\"author\" content=\"Federica\" \/>\n<meta name=\"twitter:card\" content=\"summary_large_image\" \/>\n<meta name=\"twitter:creator\" content=\"@CSP_live\" \/>\n<meta name=\"twitter:site\" content=\"@CSP_live\" \/>\n<meta name=\"twitter:label1\" content=\"Scritto da\" \/>\n\t<meta name=\"twitter:data1\" content=\"Federica\" \/>\n\t<meta name=\"twitter:label2\" content=\"Tempo di lettura stimato\" \/>\n\t<meta name=\"twitter:data2\" content=\"3 minuti\" \/>\n<script type=\"application\/ld+json\" class=\"yoast-schema-graph\">{\"@context\":\"https:\\\/\\\/schema.org\",\"@graph\":[{\"@type\":\"Article\",\"@id\":\"https:\\\/\\\/www.compagniadisanpaolo.it\\\/it\\\/news\\\/collective-projects-ancora-aperta-la-call-2026-2027-rivolta-agli-ets\\\/#article\",\"isPartOf\":{\"@id\":\"https:\\\/\\\/www.compagniadisanpaolo.it\\\/it\\\/news\\\/collective-projects-ancora-aperta-la-call-2026-2027-rivolta-agli-ets\\\/\"},\"author\":{\"name\":\"Federica\",\"@id\":\"https:\\\/\\\/www.compagniadisanpaolo.it\\\/it\\\/#\\\/schema\\\/person\\\/b7d5451541c25c82f29c5be1e78456b2\"},\"headline\":\"Collective Projects: ancora aperta la call 2026\\\/2027 rivolta agli ETS\",\"datePublished\":\"2026-09-04T14:31:29+00:00\",\"dateModified\":\"2026-09-04T14:32:10+00:00\",\"mainEntityOfPage\":{\"@id\":\"https:\\\/\\\/www.compagniadisanpaolo.it\\\/it\\\/news\\\/collective-projects-ancora-aperta-la-call-2026-2027-rivolta-agli-ets\\\/\"},\"wordCount\":599,\"publisher\":{\"@id\":\"https:\\\/\\\/www.compagniadisanpaolo.it\\\/it\\\/#organization\"},\"image\":{\"@id\":\"https:\\\/\\\/www.compagniadisanpaolo.it\\\/it\\\/news\\\/collective-projects-ancora-aperta-la-call-2026-2027-rivolta-agli-ets\\\/#primaryimage\"},\"thumbnailUrl\":\"https:\\\/\\\/www.compagniadisanpaolo.it\\\/wp-content\\\/uploads\\\/CSP_NEWS_Bando-Collective-Projects-2026_2027_815x350.png\",\"keywords\":[\"open innovation\",\"opportunit\u00e0 di professionalizzazione\",\"sostenibilit\u00e0\",\"sviluppo organizzativo\",\"universit\u00e0\"],\"articleSection\":[\"News\"],\"inLanguage\":\"it-IT\"},{\"@type\":\"WebPage\",\"@id\":\"https:\\\/\\\/www.compagniadisanpaolo.it\\\/it\\\/news\\\/collective-projects-ancora-aperta-la-call-2026-2027-rivolta-agli-ets\\\/\",\"url\":\"https:\\\/\\\/www.compagniadisanpaolo.it\\\/it\\\/news\\\/collective-projects-ancora-aperta-la-call-2026-2027-rivolta-agli-ets\\\/\",\"name\":\"Collective Projects: ancora aperta la call 2026\\\/2027 rivolta agli ETS - Fondazione Compagnia di San Paolo\",\"isPartOf\":{\"@id\":\"https:\\\/\\\/www.compagniadisanpaolo.it\\\/it\\\/#website\"},\"primaryImageOfPage\":{\"@id\":\"https:\\\/\\\/www.compagniadisanpaolo.it\\\/it\\\/news\\\/collective-projects-ancora-aperta-la-call-2026-2027-rivolta-agli-ets\\\/#primaryimage\"},\"image\":{\"@id\":\"https:\\\/\\\/www.compagniadisanpaolo.it\\\/it\\\/news\\\/collective-projects-ancora-aperta-la-call-2026-2027-rivolta-agli-ets\\\/#primaryimage\"},\"thumbnailUrl\":\"https:\\\/\\\/www.compagniadisanpaolo.it\\\/wp-content\\\/uploads\\\/CSP_NEWS_Bando-Collective-Projects-2026_2027_815x350.png\",\"datePublished\":\"2026-09-04T14:31:29+00:00\",\"dateModified\":\"2026-09-04T14:32:10+00:00\",\"description\":\"Fino al prossimo 30 settembre \u00e8 possibile candidarsi alla nuova edizione dei Collective Projects.\",\"breadcrumb\":{\"@id\":\"https:\\\/\\\/www.compagniadisanpaolo.it\\\/it\\\/news\\\/collective-projects-ancora-aperta-la-call-2026-2027-rivolta-agli-ets\\\/#breadcrumb\"},\"inLanguage\":\"it-IT\",\"potentialAction\":[{\"@type\":\"ReadAction\",\"target\":[\"https:\\\/\\\/www.compagniadisanpaolo.it\\\/it\\\/news\\\/collective-projects-ancora-aperta-la-call-2026-2027-rivolta-agli-ets\\\/\"]}]},{\"@type\":\"ImageObject\",\"inLanguage\":\"it-IT\",\"@id\":\"https:\\\/\\\/www.compagniadisanpaolo.it\\\/it\\\/news\\\/collective-projects-ancora-aperta-la-call-2026-2027-rivolta-agli-ets\\\/#primaryimage\",\"url\":\"https:\\\/\\\/www.compagniadisanpaolo.it\\\/wp-content\\\/uploads\\\/CSP_NEWS_Bando-Collective-Projects-2026_2027_815x350.png\",\"contentUrl\":\"https:\\\/\\\/www.compagniadisanpaolo.it\\\/wp-content\\\/uploads\\\/CSP_NEWS_Bando-Collective-Projects-2026_2027_815x350.png\",\"width\":815,\"height\":350},{\"@type\":\"BreadcrumbList\",\"@id\":\"https:\\\/\\\/www.compagniadisanpaolo.it\\\/it\\\/news\\\/collective-projects-ancora-aperta-la-call-2026-2027-rivolta-agli-ets\\\/#breadcrumb\",\"itemListElement\":[{\"@type\":\"ListItem\",\"position\":1,\"name\":\"Home\",\"item\":\"https:\\\/\\\/www.compagniadisanpaolo.it\\\/it\\\/\"},{\"@type\":\"ListItem\",\"position\":2,\"name\":\"Collective Projects: ancora aperta la call 2026\\\/2027 rivolta agli ETS\"}]},{\"@type\":\"WebSite\",\"@id\":\"https:\\\/\\\/www.compagniadisanpaolo.it\\\/it\\\/#website\",\"url\":\"https:\\\/\\\/www.compagniadisanpaolo.it\\\/it\\\/\",\"name\":\"Fondazione Compagnia di San Paolo\",\"description\":\"\",\"publisher\":{\"@id\":\"https:\\\/\\\/www.compagniadisanpaolo.it\\\/it\\\/#organization\"},\"potentialAction\":[{\"@type\":\"SearchAction\",\"target\":{\"@type\":\"EntryPoint\",\"urlTemplate\":\"https:\\\/\\\/www.compagniadisanpaolo.it\\\/it\\\/?s={search_term_string}\"},\"query-input\":{\"@type\":\"PropertyValueSpecification\",\"valueRequired\":true,\"valueName\":\"search_term_string\"}}],\"inLanguage\":\"it-IT\"},{\"@type\":\"Organization\",\"@id\":\"https:\\\/\\\/www.compagniadisanpaolo.it\\\/it\\\/#organization\",\"name\":\"Fondazione Compagnia di San Paolo\",\"url\":\"https:\\\/\\\/www.compagniadisanpaolo.it\\\/it\\\/\",\"logo\":{\"@type\":\"ImageObject\",\"inLanguage\":\"it-IT\",\"@id\":\"https:\\\/\\\/www.compagniadisanpaolo.it\\\/it\\\/#\\\/schema\\\/logo\\\/image\\\/\",\"url\":\"https:\\\/\\\/www.compagniadisanpaolo.it\\\/wp-content\\\/uploads\\\/logo.svg\",\"contentUrl\":\"https:\\\/\\\/www.compagniadisanpaolo.it\\\/wp-content\\\/uploads\\\/logo.svg\",\"width\":769,\"height\":323,\"caption\":\"Fondazione Compagnia di San Paolo\"},\"image\":{\"@id\":\"https:\\\/\\\/www.compagniadisanpaolo.it\\\/it\\\/#\\\/schema\\\/logo\\\/image\\\/\"},\"sameAs\":[\"https:\\\/\\\/www.facebook.com\\\/CompagniaDiSanPaolo\",\"https:\\\/\\\/x.com\\\/CSP_live\",\"http:\\\/\\\/instagram.com\\\/compagniadisanpaolo?ref=badge\",\"https:\\\/\\\/www.linkedin.com\\\/company\\\/compagnia-di-san-paolo\",\"https:\\\/\\\/www.youtube.com\\\/user\\\/compagniadisanpaolo\",\"https:\\\/\\\/it.wikipedia.org\\\/wiki\\\/Compagnia_di_San_Paolo\"]},{\"@type\":\"Person\",\"@id\":\"https:\\\/\\\/www.compagniadisanpaolo.it\\\/it\\\/#\\\/schema\\\/person\\\/b7d5451541c25c82f29c5be1e78456b2\",\"name\":\"Federica\",\"image\":{\"@type\":\"ImageObject\",\"inLanguage\":\"it-IT\",\"@id\":\"https:\\\/\\\/secure.gravatar.com\\\/avatar\\\/b5698fa13ac389b1f1fb1263a4626e219d853d7ccf112e854aea8c9c087d24ae?s=96&d=mm&r=g\",\"url\":\"https:\\\/\\\/secure.gravatar.com\\\/avatar\\\/b5698fa13ac389b1f1fb1263a4626e219d853d7ccf112e854aea8c9c087d24ae?s=96&d=mm&r=g\",\"contentUrl\":\"https:\\\/\\\/secure.gravatar.com\\\/avatar\\\/b5698fa13ac389b1f1fb1263a4626e219d853d7ccf112e854aea8c9c087d24ae?s=96&d=mm&r=g\",\"caption\":\"Federica\"}}]}<\/script>\n<!-- \/ Yoast SEO plugin. -->","yoast_head_json":{"title":"Collective Projects: ancora aperta la call 2026\/2027 rivolta agli ETS - Fondazione Compagnia di San Paolo","description":"Fino al prossimo 30 settembre \u00e8 possibile candidarsi alla nuova edizione dei Collective Projects.","robots":{"index":"index","follow":"follow","max-snippet":"max-snippet:-1","max-image-preview":"max-image-preview:large","max-video-preview":"max-video-preview:-1"},"canonical":"https:\/\/www.compagniadisanpaolo.it\/it\/news\/collective-projects-ancora-aperta-la-call-2026-2027-rivolta-agli-ets\/","og_locale":"it_IT","og_type":"article","og_title":"Collective Projects: ancora aperta la call 2026\/2027 rivolta agli ETS - Fondazione Compagnia di San Paolo","og_description":"Fino al prossimo 30 settembre \u00e8 possibile candidarsi alla nuova edizione dei Collective Projects.","og_url":"https:\/\/www.compagniadisanpaolo.it\/it\/news\/collective-projects-ancora-aperta-la-call-2026-2027-rivolta-agli-ets\/","og_site_name":"Fondazione Compagnia di San Paolo","article_publisher":"https:\/\/www.facebook.com\/CompagniaDiSanPaolo","article_published_time":"2026-09-04T14:31:29+00:00","article_modified_time":"2026-09-04T14:32:10+00:00","og_image":[{"width":815,"height":350,"url":"https:\/\/www.compagniadisanpaolo.it\/wp-content\/uploads\/CSP_NEWS_Bando-Collective-Projects-2026_2027_815x350.png","type":"image\/png"}],"author":"Federica","twitter_card":"summary_large_image","twitter_creator":"@CSP_live","twitter_site":"@CSP_live","twitter_misc":{"Scritto da":"Federica","Tempo di lettura stimato":"3 minuti"},"schema":{"@context":"https:\/\/schema.org","@graph":[{"@type":"Article","@id":"https:\/\/www.compagniadisanpaolo.it\/it\/news\/collective-projects-ancora-aperta-la-call-2026-2027-rivolta-agli-ets\/#article","isPartOf":{"@id":"https:\/\/www.compagniadisanpaolo.it\/it\/news\/collective-projects-ancora-aperta-la-call-2026-2027-rivolta-agli-ets\/"},"author":{"name":"Federica","@id":"https:\/\/www.compagniadisanpaolo.it\/it\/#\/schema\/person\/b7d5451541c25c82f29c5be1e78456b2"},"headline":"Collective Projects: ancora aperta la call 2026\/2027 rivolta agli ETS","datePublished":"2026-09-04T14:31:29+00:00","dateModified":"2026-09-04T14:32:10+00:00","mainEntityOfPage":{"@id":"https:\/\/www.compagniadisanpaolo.it\/it\/news\/collective-projects-ancora-aperta-la-call-2026-2027-rivolta-agli-ets\/"},"wordCount":599,"publisher":{"@id":"https:\/\/www.compagniadisanpaolo.it\/it\/#organization"},"image":{"@id":"https:\/\/www.compagniadisanpaolo.it\/it\/news\/collective-projects-ancora-aperta-la-call-2026-2027-rivolta-agli-ets\/#primaryimage"},"thumbnailUrl":"https:\/\/www.compagniadisanpaolo.it\/wp-content\/uploads\/CSP_NEWS_Bando-Collective-Projects-2026_2027_815x350.png","keywords":["open innovation","opportunit\u00e0 di professionalizzazione","sostenibilit\u00e0","sviluppo organizzativo","universit\u00e0"],"articleSection":["News"],"inLanguage":"it-IT"},{"@type":"WebPage","@id":"https:\/\/www.compagniadisanpaolo.it\/it\/news\/collective-projects-ancora-aperta-la-call-2026-2027-rivolta-agli-ets\/","url":"https:\/\/www.compagniadisanpaolo.it\/it\/news\/collective-projects-ancora-aperta-la-call-2026-2027-rivolta-agli-ets\/","name":"Collective Projects: ancora aperta la call 2026\/2027 rivolta agli ETS - Fondazione Compagnia di San Paolo","isPartOf":{"@id":"https:\/\/www.compagniadisanpaolo.it\/it\/#website"},"primaryImageOfPage":{"@id":"https:\/\/www.compagniadisanpaolo.it\/it\/news\/collective-projects-ancora-aperta-la-call-2026-2027-rivolta-agli-ets\/#primaryimage"},"image":{"@id":"https:\/\/www.compagniadisanpaolo.it\/it\/news\/collective-projects-ancora-aperta-la-call-2026-2027-rivolta-agli-ets\/#primaryimage"},"thumbnailUrl":"https:\/\/www.compagniadisanpaolo.it\/wp-content\/uploads\/CSP_NEWS_Bando-Collective-Projects-2026_2027_815x350.png","datePublished":"2026-09-04T14:31:29+00:00","dateModified":"2026-09-04T14:32:10+00:00","description":"Fino al prossimo 30 settembre \u00e8 possibile candidarsi alla nuova edizione dei Collective Projects.","breadcrumb":{"@id":"https:\/\/www.compagniadisanpaolo.it\/it\/news\/collective-projects-ancora-aperta-la-call-2026-2027-rivolta-agli-ets\/#breadcrumb"},"inLanguage":"it-IT","potentialAction":[{"@type":"ReadAction","target":["https:\/\/www.compagniadisanpaolo.it\/it\/news\/collective-projects-ancora-aperta-la-call-2026-2027-rivolta-agli-ets\/"]}]},{"@type":"ImageObject","inLanguage":"it-IT","@id":"https:\/\/www.compagniadisanpaolo.it\/it\/news\/collective-projects-ancora-aperta-la-call-2026-2027-rivolta-agli-ets\/#primaryimage","url":"https:\/\/www.compagniadisanpaolo.it\/wp-content\/uploads\/CSP_NEWS_Bando-Collective-Projects-2026_2027_815x350.png","contentUrl":"https:\/\/www.compagniadisanpaolo.it\/wp-content\/uploads\/CSP_NEWS_Bando-Collective-Projects-2026_2027_815x350.png","width":815,"height":350},{"@type":"BreadcrumbList","@id":"https:\/\/www.compagniadisanpaolo.it\/it\/news\/collective-projects-ancora-aperta-la-call-2026-2027-rivolta-agli-ets\/#breadcrumb","itemListElement":[{"@type":"ListItem","position":1,"name":"Home","item":"https:\/\/www.compagniadisanpaolo.it\/it\/"},{"@type":"ListItem","position":2,"name":"Collective Projects: ancora aperta la call 2026\/2027 rivolta agli ETS"}]},{"@type":"WebSite","@id":"https:\/\/www.compagniadisanpaolo.it\/it\/#website","url":"https:\/\/www.compagniadisanpaolo.it\/it\/","name":"Fondazione Compagnia di San Paolo","description":"","publisher":{"@id":"https:\/\/www.compagniadisanpaolo.it\/it\/#organization"},"potentialAction":[{"@type":"SearchAction","target":{"@type":"EntryPoint","urlTemplate":"https:\/\/www.compagniadisanpaolo.it\/it\/?s={search_term_string}"},"query-input":{"@type":"PropertyValueSpecification","valueRequired":true,"valueName":"search_term_string"}}],"inLanguage":"it-IT"},{"@type":"Organization","@id":"https:\/\/www.compagniadisanpaolo.it\/it\/#organization","name":"Fondazione Compagnia di San Paolo","url":"https:\/\/www.compagniadisanpaolo.it\/it\/","logo":{"@type":"ImageObject","inLanguage":"it-IT","@id":"https:\/\/www.compagniadisanpaolo.it\/it\/#\/schema\/logo\/image\/","url":"https:\/\/www.compagniadisanpaolo.it\/wp-content\/uploads\/logo.svg","contentUrl":"https:\/\/www.compagniadisanpaolo.it\/wp-content\/uploads\/logo.svg","width":769,"height":323,"caption":"Fondazione Compagnia di San Paolo"},"image":{"@id":"https:\/\/www.compagniadisanpaolo.it\/it\/#\/schema\/logo\/image\/"},"sameAs":["https:\/\/www.facebook.com\/CompagniaDiSanPaolo","https:\/\/x.com\/CSP_live","http:\/\/instagram.com\/compagniadisanpaolo?ref=badge","https:\/\/www.linkedin.com\/company\/compagnia-di-san-paolo","https:\/\/www.youtube.com\/user\/compagniadisanpaolo","https:\/\/it.wikipedia.org\/wiki\/Compagnia_di_San_Paolo"]},{"@type":"Person","@id":"https:\/\/www.compagniadisanpaolo.it\/it\/#\/schema\/person\/b7d5451541c25c82f29c5be1e78456b2","name":"Federica","image":{"@type":"ImageObject","inLanguage":"it-IT","@id":"https:\/\/secure.gravatar.com\/avatar\/b5698fa13ac389b1f1fb1263a4626e219d853d7ccf112e854aea8c9c087d24ae?s=96&d=mm&r=g","url":"https:\/\/secure.gravatar.com\/avatar\/b5698fa13ac389b1f1fb1263a4626e219d853d7ccf112e854aea8c9c087d24ae?s=96&d=mm&r=g","contentUrl":"https:\/\/secure.gravatar.com\/avatar\/b5698fa13ac389b1f1fb1263a4626e219d853d7ccf112e854aea8c9c087d24ae?s=96&d=mm&r=g","caption":"Federica"}}]}},"amp_enabled":true,"_links":{"self":[{"href":"https:\/\/www.compagniadisanpaolo.it\/it\/wp-json\/wp\/v2\/posts\/46184","targetHints":{"allow":["GET"]}}],"collection":[{"href":"https:\/\/www.compagniadisanpaolo.it\/it\/wp-json\/wp\/v2\/posts"}],"about":[{"href":"https:\/\/www.compagniadisanpaolo.it\/it\/wp-json\/wp\/v2\/types\/post"}],"author":[{"embeddable":true,"href":"https:\/\/www.compagniadisanpaolo.it\/it\/wp-json\/wp\/v2\/users\/19"}],"replies":[{"embeddable":true,"href":"https:\/\/www.compagniadisanpaolo.it\/it\/wp-json\/wp\/v2\/comments?post=46184"}],"version-history":[{"count":2,"href":"https:\/\/www.compagniadisanpaolo.it\/it\/wp-json\/wp\/v2\/posts\/46184\/revisions"}],"predecessor-version":[{"id":46192,"href":"https:\/\/www.compagniadisanpaolo.it\/it\/wp-json\/wp\/v2\/posts\/46184\/revisions\/46192"}],"wp:featuredmedia":[{"embeddable":true,"href":"https:\/\/www.compagniadisanpaolo.it\/it\/wp-json\/wp\/v2\/media\/46189"}],"wp:attachment":[{"href":"https:\/\/www.compagniadisanpaolo.it\/it\/wp-json\/wp\/v2\/media?parent=46184"}],"wp:term":[{"taxonomy":"category","embeddable":true,"href":"https:\/\/www.compagniadisanpaolo.it\/it\/wp-json\/wp\/v2\/categories?post=46184"},{"taxonomy":"post_tag","embeddable":true,"href":"https:\/\/www.compagniadisanpaolo.it\/it\/wp-json\/wp\/v2\/tags?post=46184"}],"curies":[{"name":"wp","href":"https:\/\/api.w.org\/{rel}","templated":true}]}}