{"id":4393,"date":"2020-06-25T14:35:07","date_gmt":"2020-06-25T12:35:07","guid":{"rendered":"https:\/\/www.compagniadisanpaolo.it\/?p=4393"},"modified":"2021-09-10T15:21:19","modified_gmt":"2021-09-10T13:21:19","slug":"arriva-la-quarta-edizione-del-festival-dello-spazio","status":"publish","type":"post","link":"https:\/\/www.compagniadisanpaolo.it\/it\/eventi\/arriva-la-quarta-edizione-del-festival-dello-spazio\/","title":{"rendered":"Arriva la quarta edizione del Festival dello Spazio"},"content":{"rendered":"<div class=\"wpb-content-wrapper\">[vc_row][vc_column][vc_column_text el_class=&#8221;text-headline2&#8243;]L\u2019evento, sostenuto dalla Fondazione Compagnia di San Paolo, si terr\u00e0 alla Villa Borzino di Busalla dal 3 al 5 luglio.[\/vc_column_text][\/vc_column][\/vc_row][vc_row][vc_column][vc_column_text]\n<div class=\"info-box mission\">\n\t\t<div class=\"info-box-wrap info-box-hor row pb-0\">\n\n\t\t      \n\t\t      <div class=\"spalla col-12 col-md-12\">\n\t\t\t<div class=\"info-box sharing-box\">\n\t\t\t  <span class=\"label\">Condividi:<\/span>\n\t\t\t  <div class=\"social-sharing\">\n\t\t\t    <span class=\"box\">\n\t\t\t      <a class=\"fb\" href=\"https:\/\/www.facebook.com\/sharer.php?u=https:\/\/www.compagniadisanpaolo.it\/it\/eventi\/arriva-la-quarta-edizione-del-festival-dello-spazio\/\" target=\"_blank\">\n\t\t\t\t<span class=\"sr-only\">Facebook<\/span>\n\t\t\t\t<i class=\"fab fa-facebook-f\"><\/i>\n\t\t\t      <\/a>\n\t\t\t    <\/span>\n\t\t\t    \n\t\t\t    <style>\n.twitter, .twitter:hover{\ncolor:#000000 !important;}\n<\/style>\n\n\n\t\t\t    <span class=\"box\">\n\t\t\t      <a class=\"twitter\" href=\"https:\/\/twitter.com\/intent\/tweet?url=https:\/\/www.compagniadisanpaolo.it\/it\/eventi\/arriva-la-quarta-edizione-del-festival-dello-spazio\/\">\n\t\t\t\t<span class=\"sr-only\">Twitter<\/span>\n\t\t\t\t<i class=\"fa-brands fa-x-twitter\"><\/i>\n\t\t\t      <\/a>\n\t\t\t    <\/span>\n\n\t\t\t    \n\t\t\t    <span class=\"box\">\n\t\t\t      <a class=\"linkedin\" href=\"https:\/\/www.linkedin.com\/shareArticle?mini=true&url=https:\/\/www.compagniadisanpaolo.it\/it\/eventi\/arriva-la-quarta-edizione-del-festival-dello-spazio\/\">\n\t\t\t\t<span class=\"sr-only\">Linkedin<\/span>\n\t\t\t\t  <i class=\"fa-brands fa-linkedin-in\"><\/i>\n\t\t\t      <\/a>\n\t\t\t    <\/span>\n\n\t\t\t    <span class=\"box\">\n\t\t\t      <a class=\"whatsapp\" href=\"whatsapp:\/\/send?text=https:\/\/www.compagniadisanpaolo.it\/it\/eventi\/arriva-la-quarta-edizione-del-festival-dello-spazio\/\" data-action=\"share\/whatsapp\/share\">\n\t\t\t\t<span class=\"sr-only\">Whatsapp<\/span>\n\t\t\t\t<i class=\"fa-brands fa-whatsapp\"><\/i>\n\t\t\t      <\/a>\n\t\t\t    <\/span>\n\n\t\t\t    <span class=\"box\">\n\t\t\t      <a class=\"mail\" href=\"mailto:?subject=Arriva la quarta edizione del Festival dello Spazio&body=https:\/\/www.compagniadisanpaolo.it\/it\/eventi\/arriva-la-quarta-edizione-del-festival-dello-spazio\/\">\n\t\t\t\t<span class=\"sr-only\">Mail<\/span>\n\t\t\t\t <i class=\"fa-solid fa-envelope\"><\/i>\n\t\t\t      <\/a>\n\t\t\t    <\/span>\n\t\t\t    \n\t\t\t  <\/div>\n\t\t\t<\/div>\n\t      <\/div>\n\t    <\/div><\/div>\n[\/vc_column_text][\/vc_column][\/vc_row][vc_row][vc_column width=&#8221;1\/4&#8243;][vc_column_text]\n\n\n\t\t<div class=\"info-box-wrap\">\n\n\t  <div class=\"info-box date-pub\">\n\t  \t<span class=\"label\">Data di pubblicazione:<\/span>\n\t    <span class=\"value\">25 Giugno 2020<\/span>\n\t  <\/div>\n\t\t\t\t  <div class=\"info-box obj-culture\">\n\t\t\t\t\t  <div class=\"info-box obj\"><span class=\"label\">Obiettivo<\/span>\n\t\t\t\t\t    <div class=\"obj-small-box\">\n\t\t\t\t\t      <span>Cultura.<\/span>\n\t\t\t\t\t    <\/div>\n\t\t\t\t\t  <\/div>\n\t\t\t\t  <\/div>\n\t\t\t  <div class=\"info-box mission\"><span class=\"label\">Tag<\/span><a href=\"https:\/\/www.compagniadisanpaolo.it\/it\/tags\/risultati\/?_sft_post_tag=agenda-2030\" class=\"tag-element\">Agenda 2030<\/a><a href=\"https:\/\/www.compagniadisanpaolo.it\/it\/tags\/risultati\/?_sft_post_tag=cittadinanza-attiva\" class=\"tag-element\">Cittadinanza attiva<\/a><a href=\"https:\/\/www.compagniadisanpaolo.it\/it\/tags\/risultati\/?_sft_post_tag=oltre-lerogazione\" class=\"tag-element\">Oltre l'erogazione<\/a><\/div>\t  \n\t<\/div>\n[\/vc_column_text][\/vc_column][vc_column width=&#8221;3\/4&#8243; el_class=&#8221;page-content&#8221;][vc_column_text el_class=&#8221;text&#8221;]\u00c8 in partenza la quarta edizione del <a href=\"https:\/\/www.festivaldellospazio.com\/\" target=\"_blank\" rel=\"noopener noreferrer\"><strong>Festival dello Spazio<\/strong><\/a>. L\u2019evento, che si terr\u00e0 alla Villa Borzino di Busalla dal 3 al 5 luglio, richiamer\u00e0 come ogni anno i protagonisti della scienza e dell\u2019industria spaziale d\u2019Europa e del mondo.\u00a0 Un momento di informazione, cultura e partecipazione, che dar\u00e0 la possibilit\u00e0 ai senior del settore di ritrovarsi, e ai pi\u00f9 giovani di avvicinarsi e approfondire l\u2019affascinante tematica.<\/p>\n<p>Questo il commento del <a href=\"https:\/\/www.compagniadisanpaolo.it\/it\/fondazione\/organi\/francesco-profumo-presidente\/\"><strong>Presidente della Fondazione Compagnia di San Paolo<\/strong>,<strong> Francesco Profumo<\/strong><\/a>:<\/p>\n<p>\u201cNell\u2019ambito nel nostro nuovo approccio ai progetti che guarda ai 17 obiettivi di sviluppo sostenibile dell\u2019agenda ONU 2030, la Fondazione Compagnia di San Paolo ha radicato la convinzione che il sapere scientifico sia parte essenziale dell\u2019esperienza culturale in considerazione del suo valore nel processo di formazione di una cittadinanza partecipe e consapevole. Il festival dello spazio consente proprio di alzare lo sguardo e percorrere questa traiettoria e pertanto la Fondazione \u00e8 lieta di sostenerne, anche in quest\u2019anno particolare, la realizzazione.\u201d<\/p>\n<p>Il Festival sar\u00e0 declinato in un ricco programma di incontri, workshop, mostre ed eventi di intrattenimento; tutto, ovviamente, a carattere scientifico e spaziale.<\/p>\n<p>Tra gli appuntamenti in programma, da non perdere in questa quarta edizione la testimonianza di <strong>Fred Haise<\/strong>, astronauta dell\u2019<strong>Apollo 13<\/strong>, che aprir\u00e0 il Festival indicando la strada per ritornare alla Luna e raccontando il terrore di quel naufragio nello spazio, avvenuto esattamente cinquant\u2019anni fa.<\/p>\n<p>Per conoscere i dettagli e consultare il programma completo visita il <a href=\"https:\/\/www.festivaldellospazio.com\/\" target=\"_blank\" rel=\"noopener noreferrer\">sito ufficiale dell&#8217;evento<\/a>.<\/p>\n<p>&nbsp;<\/p>\n<p><em>A causa delle limitazioni imposte dall\u2019emergenza Covid-19, \u00e8 consigliabile prenotare il proprio posto a questo link: <\/em><em><u><a href=\"https:\/\/bit.ly\/3eug0pd\">https:\/\/bit.ly\/3eug0pd<\/a><\/u><\/em><em>. Le conferenze saranno inoltre trasmesse in diretta sulla pagina Facebook \u201cFestival dello Spazio Busalla\u201d. <\/em>[\/vc_column_text][\/vc_column][\/vc_row][vc_row][vc_column]<div class=\"templatera_shortcode\"><div data-vc-full-width=\"true\" data-vc-full-width-temp=\"true\" data-vc-full-width-init=\"false\" class=\"vc_row wpb_row vc_row-fluid newsletter-wrap\"><div class=\"wpb_column vc_column_container vc_col-sm-12\"><div class=\"vc_column-inner\"><div class=\"wpb_wrapper\">\n\t<div class=\"wpb_raw_code wpb_raw_html wpb_content_element\" >\n\t\t<div class=\"wpb_wrapper\">\n\t\t\t    <div class=\"container\">\n      <div class=\"row align-items-center\">\n\t<div class=\"col-12 col-lg-6 col-xl-5 mb-3 mb-lg-0 pr-0\">\n\t  <h2 class=\"title\">Rimani aggiornato sui nostri bandi e sui nostri progetti<\/h2>\n\t<\/div>\n\t<div class=\"col-12 col-lg-6 col-xl-7 pl-xl-4\">\n\t  <a class=\"standard-link-block\" href=\"\/it\/newsletter\/\">\n\t    Compila il form e decidi su quale argomento vuoi ricevere notizie.\t    <strong>\u00a0 ISCRIVITI!<\/strong>\n\t  <\/a>\n\t<\/div>\n      <\/div>\n    <\/div>\n\t\t<\/div>\n\t<\/div>\n<\/div><\/div><\/div><\/div><div class=\"vc_row-full-width vc_clearfix\"><\/div><\/div>[\/vc_column][\/vc_row]\n<\/div>","protected":false},"excerpt":{"rendered":"L\u2019evento, sostenuto dalla Fondazione Compagnia di San Paolo, si terr\u00e0 alla Villa Borzino di Busalla dal 3 al 5 luglio. Condividi: Facebook Twitter Linkedin Whatsapp Mail Data di pubblicazione: 25 Giugno 2020 Obiettivo Cultura. TagAgenda 2030Cittadinanza attivaOltre l'erogazione \u00c8 in partenza la quarta edizione del Festival dello Spazio. L\u2019evento, che si terr\u00e0 alla Villa Borzino di Busalla dal 3 al 5 luglio, richiamer\u00e0 come ogni anno i protagonisti della scienza e dell\u2019industria spaziale d\u2019Europa e del mondo.\u00a0 Un momento di informazione, cultura e partecipazione, che dar\u00e0 la possibilit\u00e0 ai senior del settore di ritrovarsi, e ai pi\u00f9 giovani di avvicinarsi e approfondire l\u2019affascinante tematica. Questo il commento del Presidente della Fondazione Compagnia di San Paolo, Francesco Profumo: \u201cNell\u2019ambito nel nostro nuovo approccio ai progetti che guarda ai 17 obiettivi di sviluppo sostenibile dell\u2019agenda ONU 2030, la Fondazione Compagnia di San Paolo ha radicato la convinzione che il sapere scientifico sia parte essenziale dell\u2019esperienza culturale in considerazione del suo valore nel processo di formazione di una cittadinanza partecipe e consapevole. Il festival dello spazio consente proprio di alzare lo sguardo e percorrere questa traiettoria e pertanto la Fondazione \u00e8 lieta di sostenerne, anche in quest\u2019anno particolare, la realizzazione.\u201d Il Festival sar\u00e0 declinato in un ricco programma di incontri, workshop, mostre ed eventi di intrattenimento; tutto, ovviamente, a carattere scientifico e spaziale. Tra gli appuntamenti in programma, da non perdere in questa quarta edizione la testimonianza di Fred Haise, astronauta dell\u2019Apollo 13, che aprir\u00e0 il Festival indicando la strada per ritornare alla Luna e raccontando il terrore di quel naufragio nello spazio, avvenuto esattamente cinquant\u2019anni fa. Per conoscere i dettagli e consultare il programma completo visita il sito ufficiale dell'evento. &nbsp; A causa delle limitazioni imposte dall\u2019emergenza Covid-19, \u00e8 consigliabile prenotare il proprio posto a questo link: https:\/\/bit.ly\/3eug0pd. Le conferenze saranno inoltre trasmesse in diretta sulla pagina Facebook \u201cFestival dello Spazio Busalla\u201d. Rimani aggiornato sui nostri bandi e sui nostri progetti Compila il form e decidi su quale argomento vuoi ricevere notizie. \u00a0 ISCRIVITI!","protected":false},"author":19,"featured_media":4394,"comment_status":"closed","ping_status":"closed","sticky":false,"template":"","format":"standard","meta":{"_acf_changed":false,"content-type":"","footnotes":""},"categories":[4],"tags":[67,84,69],"class_list":["post-4393","post","type-post","status-publish","format-standard","has-post-thumbnail","hentry","category-eventi","tag-agenda-2030","tag-cittadinanza-attiva","tag-oltre-lerogazione","entry","post-inner"],"acf":[],"yoast_head":"<!-- This site is optimized with the Yoast SEO plugin v27.3 - https:\/\/yoast.com\/product\/yoast-seo-wordpress\/ -->\n<title>Arriva la quarta edizione del Festival dello Spazio - Fondazione Compagnia di San Paolo<\/title>\n<meta name=\"robots\" content=\"index, follow, max-snippet:-1, max-image-preview:large, max-video-preview:-1\" \/>\n<link rel=\"canonical\" href=\"https:\/\/www.compagniadisanpaolo.it\/it\/eventi\/arriva-la-quarta-edizione-del-festival-dello-spazio\/\" \/>\n<meta property=\"og:locale\" content=\"it_IT\" \/>\n<meta property=\"og:type\" content=\"article\" \/>\n<meta property=\"og:title\" content=\"Arriva la quarta edizione del Festival dello Spazio - Fondazione Compagnia di San Paolo\" \/>\n<meta property=\"og:url\" content=\"https:\/\/www.compagniadisanpaolo.it\/it\/eventi\/arriva-la-quarta-edizione-del-festival-dello-spazio\/\" \/>\n<meta property=\"og:site_name\" content=\"Fondazione Compagnia di San Paolo\" \/>\n<meta property=\"article:publisher\" content=\"https:\/\/www.facebook.com\/CompagniaDiSanPaolo\" \/>\n<meta property=\"article:published_time\" content=\"2020-06-25T12:35:07+00:00\" \/>\n<meta property=\"article:modified_time\" content=\"2021-09-10T13:21:19+00:00\" \/>\n<meta property=\"og:image\" content=\"https:\/\/www.compagniadisanpaolo.it\/wp-content\/uploads\/CSP_News_FestivalSpazio.jpg\" \/>\n\t<meta property=\"og:image:width\" content=\"815\" \/>\n\t<meta property=\"og:image:height\" content=\"350\" \/>\n\t<meta property=\"og:image:type\" content=\"image\/jpeg\" \/>\n<meta name=\"author\" content=\"Federica\" \/>\n<meta name=\"twitter:card\" content=\"summary_large_image\" \/>\n<meta name=\"twitter:creator\" content=\"@CSP_live\" \/>\n<meta name=\"twitter:site\" content=\"@CSP_live\" \/>\n<meta name=\"twitter:label1\" content=\"Scritto da\" \/>\n\t<meta name=\"twitter:data1\" content=\"Federica\" \/>\n\t<meta name=\"twitter:label2\" content=\"Tempo di lettura stimato\" \/>\n\t<meta name=\"twitter:data2\" content=\"2 minuti\" \/>\n<script type=\"application\/ld+json\" class=\"yoast-schema-graph\">{\"@context\":\"https:\\\/\\\/schema.org\",\"@graph\":[{\"@type\":\"Article\",\"@id\":\"https:\\\/\\\/www.compagniadisanpaolo.it\\\/it\\\/eventi\\\/arriva-la-quarta-edizione-del-festival-dello-spazio\\\/#article\",\"isPartOf\":{\"@id\":\"https:\\\/\\\/www.compagniadisanpaolo.it\\\/it\\\/eventi\\\/arriva-la-quarta-edizione-del-festival-dello-spazio\\\/\"},\"author\":{\"name\":\"Federica\",\"@id\":\"https:\\\/\\\/www.compagniadisanpaolo.it\\\/it\\\/#\\\/schema\\\/person\\\/b7d5451541c25c82f29c5be1e78456b2\"},\"headline\":\"Arriva la quarta edizione del Festival dello Spazio\",\"datePublished\":\"2020-06-25T12:35:07+00:00\",\"dateModified\":\"2021-09-10T13:21:19+00:00\",\"mainEntityOfPage\":{\"@id\":\"https:\\\/\\\/www.compagniadisanpaolo.it\\\/it\\\/eventi\\\/arriva-la-quarta-edizione-del-festival-dello-spazio\\\/\"},\"wordCount\":382,\"publisher\":{\"@id\":\"https:\\\/\\\/www.compagniadisanpaolo.it\\\/it\\\/#organization\"},\"image\":{\"@id\":\"https:\\\/\\\/www.compagniadisanpaolo.it\\\/it\\\/eventi\\\/arriva-la-quarta-edizione-del-festival-dello-spazio\\\/#primaryimage\"},\"thumbnailUrl\":\"https:\\\/\\\/www.compagniadisanpaolo.it\\\/wp-content\\\/uploads\\\/CSP_News_FestivalSpazio.jpg\",\"keywords\":[\"agenda 2030\",\"cittadinanza attiva\",\"oltre l'erogazione\"],\"articleSection\":[\"Eventi\"],\"inLanguage\":\"it-IT\"},{\"@type\":\"WebPage\",\"@id\":\"https:\\\/\\\/www.compagniadisanpaolo.it\\\/it\\\/eventi\\\/arriva-la-quarta-edizione-del-festival-dello-spazio\\\/\",\"url\":\"https:\\\/\\\/www.compagniadisanpaolo.it\\\/it\\\/eventi\\\/arriva-la-quarta-edizione-del-festival-dello-spazio\\\/\",\"name\":\"Arriva la quarta edizione del Festival dello Spazio - Fondazione Compagnia di San Paolo\",\"isPartOf\":{\"@id\":\"https:\\\/\\\/www.compagniadisanpaolo.it\\\/it\\\/#website\"},\"primaryImageOfPage\":{\"@id\":\"https:\\\/\\\/www.compagniadisanpaolo.it\\\/it\\\/eventi\\\/arriva-la-quarta-edizione-del-festival-dello-spazio\\\/#primaryimage\"},\"image\":{\"@id\":\"https:\\\/\\\/www.compagniadisanpaolo.it\\\/it\\\/eventi\\\/arriva-la-quarta-edizione-del-festival-dello-spazio\\\/#primaryimage\"},\"thumbnailUrl\":\"https:\\\/\\\/www.compagniadisanpaolo.it\\\/wp-content\\\/uploads\\\/CSP_News_FestivalSpazio.jpg\",\"datePublished\":\"2020-06-25T12:35:07+00:00\",\"dateModified\":\"2021-09-10T13:21:19+00:00\",\"breadcrumb\":{\"@id\":\"https:\\\/\\\/www.compagniadisanpaolo.it\\\/it\\\/eventi\\\/arriva-la-quarta-edizione-del-festival-dello-spazio\\\/#breadcrumb\"},\"inLanguage\":\"it-IT\",\"potentialAction\":[{\"@type\":\"ReadAction\",\"target\":[\"https:\\\/\\\/www.compagniadisanpaolo.it\\\/it\\\/eventi\\\/arriva-la-quarta-edizione-del-festival-dello-spazio\\\/\"]}]},{\"@type\":\"ImageObject\",\"inLanguage\":\"it-IT\",\"@id\":\"https:\\\/\\\/www.compagniadisanpaolo.it\\\/it\\\/eventi\\\/arriva-la-quarta-edizione-del-festival-dello-spazio\\\/#primaryimage\",\"url\":\"https:\\\/\\\/www.compagniadisanpaolo.it\\\/wp-content\\\/uploads\\\/CSP_News_FestivalSpazio.jpg\",\"contentUrl\":\"https:\\\/\\\/www.compagniadisanpaolo.it\\\/wp-content\\\/uploads\\\/CSP_News_FestivalSpazio.jpg\",\"width\":815,\"height\":350},{\"@type\":\"BreadcrumbList\",\"@id\":\"https:\\\/\\\/www.compagniadisanpaolo.it\\\/it\\\/eventi\\\/arriva-la-quarta-edizione-del-festival-dello-spazio\\\/#breadcrumb\",\"itemListElement\":[{\"@type\":\"ListItem\",\"position\":1,\"name\":\"Home\",\"item\":\"https:\\\/\\\/www.compagniadisanpaolo.it\\\/it\\\/\"},{\"@type\":\"ListItem\",\"position\":2,\"name\":\"Arriva la quarta edizione del Festival dello Spazio\"}]},{\"@type\":\"WebSite\",\"@id\":\"https:\\\/\\\/www.compagniadisanpaolo.it\\\/it\\\/#website\",\"url\":\"https:\\\/\\\/www.compagniadisanpaolo.it\\\/it\\\/\",\"name\":\"Fondazione Compagnia di San Paolo\",\"description\":\"\",\"publisher\":{\"@id\":\"https:\\\/\\\/www.compagniadisanpaolo.it\\\/it\\\/#organization\"},\"potentialAction\":[{\"@type\":\"SearchAction\",\"target\":{\"@type\":\"EntryPoint\",\"urlTemplate\":\"https:\\\/\\\/www.compagniadisanpaolo.it\\\/it\\\/?s={search_term_string}\"},\"query-input\":{\"@type\":\"PropertyValueSpecification\",\"valueRequired\":true,\"valueName\":\"search_term_string\"}}],\"inLanguage\":\"it-IT\"},{\"@type\":\"Organization\",\"@id\":\"https:\\\/\\\/www.compagniadisanpaolo.it\\\/it\\\/#organization\",\"name\":\"Fondazione Compagnia di San Paolo\",\"url\":\"https:\\\/\\\/www.compagniadisanpaolo.it\\\/it\\\/\",\"logo\":{\"@type\":\"ImageObject\",\"inLanguage\":\"it-IT\",\"@id\":\"https:\\\/\\\/www.compagniadisanpaolo.it\\\/it\\\/#\\\/schema\\\/logo\\\/image\\\/\",\"url\":\"https:\\\/\\\/www.compagniadisanpaolo.it\\\/wp-content\\\/uploads\\\/logo.svg\",\"contentUrl\":\"https:\\\/\\\/www.compagniadisanpaolo.it\\\/wp-content\\\/uploads\\\/logo.svg\",\"width\":769,\"height\":323,\"caption\":\"Fondazione Compagnia di San Paolo\"},\"image\":{\"@id\":\"https:\\\/\\\/www.compagniadisanpaolo.it\\\/it\\\/#\\\/schema\\\/logo\\\/image\\\/\"},\"sameAs\":[\"https:\\\/\\\/www.facebook.com\\\/CompagniaDiSanPaolo\",\"https:\\\/\\\/x.com\\\/CSP_live\",\"http:\\\/\\\/instagram.com\\\/compagniadisanpaolo?ref=badge\",\"https:\\\/\\\/www.linkedin.com\\\/company\\\/compagnia-di-san-paolo\",\"https:\\\/\\\/www.youtube.com\\\/user\\\/compagniadisanpaolo\",\"https:\\\/\\\/it.wikipedia.org\\\/wiki\\\/Compagnia_di_San_Paolo\"]},{\"@type\":\"Person\",\"@id\":\"https:\\\/\\\/www.compagniadisanpaolo.it\\\/it\\\/#\\\/schema\\\/person\\\/b7d5451541c25c82f29c5be1e78456b2\",\"name\":\"Federica\",\"image\":{\"@type\":\"ImageObject\",\"inLanguage\":\"it-IT\",\"@id\":\"https:\\\/\\\/secure.gravatar.com\\\/avatar\\\/b5698fa13ac389b1f1fb1263a4626e219d853d7ccf112e854aea8c9c087d24ae?s=96&d=mm&r=g\",\"url\":\"https:\\\/\\\/secure.gravatar.com\\\/avatar\\\/b5698fa13ac389b1f1fb1263a4626e219d853d7ccf112e854aea8c9c087d24ae?s=96&d=mm&r=g\",\"contentUrl\":\"https:\\\/\\\/secure.gravatar.com\\\/avatar\\\/b5698fa13ac389b1f1fb1263a4626e219d853d7ccf112e854aea8c9c087d24ae?s=96&d=mm&r=g\",\"caption\":\"Federica\"}}]}<\/script>\n<!-- \/ Yoast SEO plugin. -->","yoast_head_json":{"title":"Arriva la quarta edizione del Festival dello Spazio - Fondazione Compagnia di San Paolo","robots":{"index":"index","follow":"follow","max-snippet":"max-snippet:-1","max-image-preview":"max-image-preview:large","max-video-preview":"max-video-preview:-1"},"canonical":"https:\/\/www.compagniadisanpaolo.it\/it\/eventi\/arriva-la-quarta-edizione-del-festival-dello-spazio\/","og_locale":"it_IT","og_type":"article","og_title":"Arriva la quarta edizione del Festival dello Spazio - Fondazione Compagnia di San Paolo","og_url":"https:\/\/www.compagniadisanpaolo.it\/it\/eventi\/arriva-la-quarta-edizione-del-festival-dello-spazio\/","og_site_name":"Fondazione Compagnia di San Paolo","article_publisher":"https:\/\/www.facebook.com\/CompagniaDiSanPaolo","article_published_time":"2020-06-25T12:35:07+00:00","article_modified_time":"2021-09-10T13:21:19+00:00","og_image":[{"width":815,"height":350,"url":"https:\/\/www.compagniadisanpaolo.it\/wp-content\/uploads\/CSP_News_FestivalSpazio.jpg","type":"image\/jpeg"}],"author":"Federica","twitter_card":"summary_large_image","twitter_creator":"@CSP_live","twitter_site":"@CSP_live","twitter_misc":{"Scritto da":"Federica","Tempo di lettura stimato":"2 minuti"},"schema":{"@context":"https:\/\/schema.org","@graph":[{"@type":"Article","@id":"https:\/\/www.compagniadisanpaolo.it\/it\/eventi\/arriva-la-quarta-edizione-del-festival-dello-spazio\/#article","isPartOf":{"@id":"https:\/\/www.compagniadisanpaolo.it\/it\/eventi\/arriva-la-quarta-edizione-del-festival-dello-spazio\/"},"author":{"name":"Federica","@id":"https:\/\/www.compagniadisanpaolo.it\/it\/#\/schema\/person\/b7d5451541c25c82f29c5be1e78456b2"},"headline":"Arriva la quarta edizione del Festival dello Spazio","datePublished":"2020-06-25T12:35:07+00:00","dateModified":"2021-09-10T13:21:19+00:00","mainEntityOfPage":{"@id":"https:\/\/www.compagniadisanpaolo.it\/it\/eventi\/arriva-la-quarta-edizione-del-festival-dello-spazio\/"},"wordCount":382,"publisher":{"@id":"https:\/\/www.compagniadisanpaolo.it\/it\/#organization"},"image":{"@id":"https:\/\/www.compagniadisanpaolo.it\/it\/eventi\/arriva-la-quarta-edizione-del-festival-dello-spazio\/#primaryimage"},"thumbnailUrl":"https:\/\/www.compagniadisanpaolo.it\/wp-content\/uploads\/CSP_News_FestivalSpazio.jpg","keywords":["agenda 2030","cittadinanza attiva","oltre l'erogazione"],"articleSection":["Eventi"],"inLanguage":"it-IT"},{"@type":"WebPage","@id":"https:\/\/www.compagniadisanpaolo.it\/it\/eventi\/arriva-la-quarta-edizione-del-festival-dello-spazio\/","url":"https:\/\/www.compagniadisanpaolo.it\/it\/eventi\/arriva-la-quarta-edizione-del-festival-dello-spazio\/","name":"Arriva la quarta edizione del Festival dello Spazio - Fondazione Compagnia di San Paolo","isPartOf":{"@id":"https:\/\/www.compagniadisanpaolo.it\/it\/#website"},"primaryImageOfPage":{"@id":"https:\/\/www.compagniadisanpaolo.it\/it\/eventi\/arriva-la-quarta-edizione-del-festival-dello-spazio\/#primaryimage"},"image":{"@id":"https:\/\/www.compagniadisanpaolo.it\/it\/eventi\/arriva-la-quarta-edizione-del-festival-dello-spazio\/#primaryimage"},"thumbnailUrl":"https:\/\/www.compagniadisanpaolo.it\/wp-content\/uploads\/CSP_News_FestivalSpazio.jpg","datePublished":"2020-06-25T12:35:07+00:00","dateModified":"2021-09-10T13:21:19+00:00","breadcrumb":{"@id":"https:\/\/www.compagniadisanpaolo.it\/it\/eventi\/arriva-la-quarta-edizione-del-festival-dello-spazio\/#breadcrumb"},"inLanguage":"it-IT","potentialAction":[{"@type":"ReadAction","target":["https:\/\/www.compagniadisanpaolo.it\/it\/eventi\/arriva-la-quarta-edizione-del-festival-dello-spazio\/"]}]},{"@type":"ImageObject","inLanguage":"it-IT","@id":"https:\/\/www.compagniadisanpaolo.it\/it\/eventi\/arriva-la-quarta-edizione-del-festival-dello-spazio\/#primaryimage","url":"https:\/\/www.compagniadisanpaolo.it\/wp-content\/uploads\/CSP_News_FestivalSpazio.jpg","contentUrl":"https:\/\/www.compagniadisanpaolo.it\/wp-content\/uploads\/CSP_News_FestivalSpazio.jpg","width":815,"height":350},{"@type":"BreadcrumbList","@id":"https:\/\/www.compagniadisanpaolo.it\/it\/eventi\/arriva-la-quarta-edizione-del-festival-dello-spazio\/#breadcrumb","itemListElement":[{"@type":"ListItem","position":1,"name":"Home","item":"https:\/\/www.compagniadisanpaolo.it\/it\/"},{"@type":"ListItem","position":2,"name":"Arriva la quarta edizione del Festival dello Spazio"}]},{"@type":"WebSite","@id":"https:\/\/www.compagniadisanpaolo.it\/it\/#website","url":"https:\/\/www.compagniadisanpaolo.it\/it\/","name":"Fondazione Compagnia di San Paolo","description":"","publisher":{"@id":"https:\/\/www.compagniadisanpaolo.it\/it\/#organization"},"potentialAction":[{"@type":"SearchAction","target":{"@type":"EntryPoint","urlTemplate":"https:\/\/www.compagniadisanpaolo.it\/it\/?s={search_term_string}"},"query-input":{"@type":"PropertyValueSpecification","valueRequired":true,"valueName":"search_term_string"}}],"inLanguage":"it-IT"},{"@type":"Organization","@id":"https:\/\/www.compagniadisanpaolo.it\/it\/#organization","name":"Fondazione Compagnia di San Paolo","url":"https:\/\/www.compagniadisanpaolo.it\/it\/","logo":{"@type":"ImageObject","inLanguage":"it-IT","@id":"https:\/\/www.compagniadisanpaolo.it\/it\/#\/schema\/logo\/image\/","url":"https:\/\/www.compagniadisanpaolo.it\/wp-content\/uploads\/logo.svg","contentUrl":"https:\/\/www.compagniadisanpaolo.it\/wp-content\/uploads\/logo.svg","width":769,"height":323,"caption":"Fondazione Compagnia di San Paolo"},"image":{"@id":"https:\/\/www.compagniadisanpaolo.it\/it\/#\/schema\/logo\/image\/"},"sameAs":["https:\/\/www.facebook.com\/CompagniaDiSanPaolo","https:\/\/x.com\/CSP_live","http:\/\/instagram.com\/compagniadisanpaolo?ref=badge","https:\/\/www.linkedin.com\/company\/compagnia-di-san-paolo","https:\/\/www.youtube.com\/user\/compagniadisanpaolo","https:\/\/it.wikipedia.org\/wiki\/Compagnia_di_San_Paolo"]},{"@type":"Person","@id":"https:\/\/www.compagniadisanpaolo.it\/it\/#\/schema\/person\/b7d5451541c25c82f29c5be1e78456b2","name":"Federica","image":{"@type":"ImageObject","inLanguage":"it-IT","@id":"https:\/\/secure.gravatar.com\/avatar\/b5698fa13ac389b1f1fb1263a4626e219d853d7ccf112e854aea8c9c087d24ae?s=96&d=mm&r=g","url":"https:\/\/secure.gravatar.com\/avatar\/b5698fa13ac389b1f1fb1263a4626e219d853d7ccf112e854aea8c9c087d24ae?s=96&d=mm&r=g","contentUrl":"https:\/\/secure.gravatar.com\/avatar\/b5698fa13ac389b1f1fb1263a4626e219d853d7ccf112e854aea8c9c087d24ae?s=96&d=mm&r=g","caption":"Federica"}}]}},"amp_enabled":true,"_links":{"self":[{"href":"https:\/\/www.compagniadisanpaolo.it\/it\/wp-json\/wp\/v2\/posts\/4393","targetHints":{"allow":["GET"]}}],"collection":[{"href":"https:\/\/www.compagniadisanpaolo.it\/it\/wp-json\/wp\/v2\/posts"}],"about":[{"href":"https:\/\/www.compagniadisanpaolo.it\/it\/wp-json\/wp\/v2\/types\/post"}],"author":[{"embeddable":true,"href":"https:\/\/www.compagniadisanpaolo.it\/it\/wp-json\/wp\/v2\/users\/19"}],"replies":[{"embeddable":true,"href":"https:\/\/www.compagniadisanpaolo.it\/it\/wp-json\/wp\/v2\/comments?post=4393"}],"version-history":[{"count":3,"href":"https:\/\/www.compagniadisanpaolo.it\/it\/wp-json\/wp\/v2\/posts\/4393\/revisions"}],"predecessor-version":[{"id":14861,"href":"https:\/\/www.compagniadisanpaolo.it\/it\/wp-json\/wp\/v2\/posts\/4393\/revisions\/14861"}],"wp:featuredmedia":[{"embeddable":true,"href":"https:\/\/www.compagniadisanpaolo.it\/it\/wp-json\/wp\/v2\/media\/4394"}],"wp:attachment":[{"href":"https:\/\/www.compagniadisanpaolo.it\/it\/wp-json\/wp\/v2\/media?parent=4393"}],"wp:term":[{"taxonomy":"category","embeddable":true,"href":"https:\/\/www.compagniadisanpaolo.it\/it\/wp-json\/wp\/v2\/categories?post=4393"},{"taxonomy":"post_tag","embeddable":true,"href":"https:\/\/www.compagniadisanpaolo.it\/it\/wp-json\/wp\/v2\/tags?post=4393"}],"curies":[{"name":"wp","href":"https:\/\/api.w.org\/{rel}","templated":true}]}}