{"id":4208,"date":"2020-06-10T15:00:37","date_gmt":"2020-06-10T13:00:37","guid":{"rendered":"https:\/\/www.compagniadisanpaolo.it\/?p=4208"},"modified":"2021-09-10T14:58:20","modified_gmt":"2021-09-10T12:58:20","slug":"call-per-la-bella-estate-un-palinsesto-di-attivita-dedicato-a-bambini-e-ragazzi","status":"publish","type":"post","link":"https:\/\/www.compagniadisanpaolo.it\/it\/news\/call-per-la-bella-estate-un-palinsesto-di-attivita-dedicato-a-bambini-e-ragazzi\/","title":{"rendered":"Call per La Bella Estate &#8211; Un palinsesto di attivit\u00e0 dedicato a bambini e ragazzi"},"content":{"rendered":"<div class=\"wpb-content-wrapper\">[vc_row][vc_column][vc_column_text el_class=&#8221;text-headline2&#8243;]Nell&#8217;ambito della pi\u00f9 ampia iniziativa<strong> <a href=\"https:\/\/www.compagniadisanpaolo.it\/it\/news\/2020-unestate-insieme-un-progetto-coordinato-per-dare-nuove-opportunita-e-fiducia-ai-piu-giovani\/\" target=\"_blank\" rel=\"noopener noreferrer\">2020. Un&#8217;estate insieme<\/a><\/strong>, la Fondazione Compagnia di San Paolo, in collaborazione con il Consorzio Xk\u00e9? ZeroTredici, lancia &#8220;La Bella Estate&#8221;, una call per raccogliere proposte da parte di istituzioni ed enti culturali e costruire un programma di attivit\u00e0 estive dedicato ai pi\u00f9 giovani.[\/vc_column_text][\/vc_column][\/vc_row][vc_row][vc_column][vc_column_text]\n<div class=\"info-box mission\">\n\t\t<div class=\"info-box-wrap info-box-hor row pb-0\">\n\n\t\t      \n\t\t      <div class=\"spalla col-12 col-md-12\">\n\t\t\t<div class=\"info-box sharing-box\">\n\t\t\t  <span class=\"label\">Condividi:<\/span>\n\t\t\t  <div class=\"social-sharing\">\n\t\t\t    <span class=\"box\">\n\t\t\t      <a class=\"fb\" href=\"https:\/\/www.facebook.com\/sharer.php?u=https:\/\/www.compagniadisanpaolo.it\/it\/news\/call-per-la-bella-estate-un-palinsesto-di-attivita-dedicato-a-bambini-e-ragazzi\/\" target=\"_blank\">\n\t\t\t\t<span class=\"sr-only\">Facebook<\/span>\n\t\t\t\t<i class=\"fab fa-facebook-f\"><\/i>\n\t\t\t      <\/a>\n\t\t\t    <\/span>\n\t\t\t    \n\t\t\t    <style>\n.twitter, .twitter:hover{\ncolor:#000000 !important;}\n<\/style>\n\n\n\t\t\t    <span class=\"box\">\n\t\t\t      <a class=\"twitter\" href=\"https:\/\/twitter.com\/intent\/tweet?url=https:\/\/www.compagniadisanpaolo.it\/it\/news\/call-per-la-bella-estate-un-palinsesto-di-attivita-dedicato-a-bambini-e-ragazzi\/\">\n\t\t\t\t<span class=\"sr-only\">Twitter<\/span>\n\t\t\t\t<i class=\"fa-brands fa-x-twitter\"><\/i>\n\t\t\t      <\/a>\n\t\t\t    <\/span>\n\n\t\t\t    \n\t\t\t    <span class=\"box\">\n\t\t\t      <a class=\"linkedin\" href=\"https:\/\/www.linkedin.com\/shareArticle?mini=true&url=https:\/\/www.compagniadisanpaolo.it\/it\/news\/call-per-la-bella-estate-un-palinsesto-di-attivita-dedicato-a-bambini-e-ragazzi\/\">\n\t\t\t\t<span class=\"sr-only\">Linkedin<\/span>\n\t\t\t\t  <i class=\"fa-brands fa-linkedin-in\"><\/i>\n\t\t\t      <\/a>\n\t\t\t    <\/span>\n\n\t\t\t    <span class=\"box\">\n\t\t\t      <a class=\"whatsapp\" href=\"whatsapp:\/\/send?text=https:\/\/www.compagniadisanpaolo.it\/it\/news\/call-per-la-bella-estate-un-palinsesto-di-attivita-dedicato-a-bambini-e-ragazzi\/\" data-action=\"share\/whatsapp\/share\">\n\t\t\t\t<span class=\"sr-only\">Whatsapp<\/span>\n\t\t\t\t<i class=\"fa-brands fa-whatsapp\"><\/i>\n\t\t\t      <\/a>\n\t\t\t    <\/span>\n\n\t\t\t    <span class=\"box\">\n\t\t\t      <a class=\"mail\" href=\"mailto:?subject=Call per La Bella Estate - Un palinsesto di attivit\u00e0 dedicato a bambini e ragazzi&body=https:\/\/www.compagniadisanpaolo.it\/it\/news\/call-per-la-bella-estate-un-palinsesto-di-attivita-dedicato-a-bambini-e-ragazzi\/\">\n\t\t\t\t<span class=\"sr-only\">Mail<\/span>\n\t\t\t\t <i class=\"fa-solid fa-envelope\"><\/i>\n\t\t\t      <\/a>\n\t\t\t    <\/span>\n\t\t\t    \n\t\t\t  <\/div>\n\t\t\t<\/div>\n\t      <\/div>\n\t    <\/div><\/div>\n[\/vc_column_text][\/vc_column][\/vc_row][vc_row][vc_column width=&#8221;1\/4&#8243;][vc_column_text]\n\n\n\t\t<div class=\"info-box-wrap\">\n\n\t  <div class=\"info-box date-pub\">\n\t  \t<span class=\"label\">Data di pubblicazione:<\/span>\n\t    <span class=\"value\">10 Giugno 2020<\/span>\n\t  <\/div>\n\t\t\t\t  <div class=\"info-box obj-culture\">\n\t\t\t\t\t  <div class=\"info-box obj\"><span class=\"label\">Obiettivo<\/span>\n\t\t\t\t\t    <div class=\"obj-small-box\">\n\t\t\t\t\t      <span>Cultura.<\/span>\n\t\t\t\t\t    <\/div>\n\t\t\t\t\t  <\/div>\n\t\t\t\t  <\/div>\n\t\t\t  \n\t\t  \t   <div class=\"info-box obj-people\">\n\t\t\t\t  <div class=\"info-box obj\"><span class=\"label\">Obiettivo<\/span>\n\t\t\t\t    <div class=\"obj-small-box\">\n\t\t\t\t      <span>Persone.<\/span>\n\t\t\t\t    <\/div>\n\t\t\t\t  <\/div>\n\t\t\t  <\/div><div class=\"info-box mission\"><span class=\"label\">Tag<\/span><a href=\"https:\/\/www.compagniadisanpaolo.it\/it\/tags\/risultati\/?_sft_post_tag=coesione-sociale\" class=\"tag-element\">Coesione sociale<\/a><a href=\"https:\/\/www.compagniadisanpaolo.it\/it\/tags\/risultati\/?_sft_post_tag=comunita-educanti\" class=\"tag-element\">Comunit\u00e0 educanti<\/a><a href=\"https:\/\/www.compagniadisanpaolo.it\/it\/tags\/risultati\/?_sft_post_tag=creativita-ed-esperienze-attive\" class=\"tag-element\">Creativit\u00e0 ed esperienze attive<\/a><a href=\"https:\/\/www.compagniadisanpaolo.it\/it\/tags\/risultati\/?_sft_post_tag=gruppo-compagnia\" class=\"tag-element\">Gruppo compagnia<\/a><a href=\"https:\/\/www.compagniadisanpaolo.it\/it\/tags\/risultati\/?_sft_post_tag=nuove-generazioni\" class=\"tag-element\">Nuove generazioni<\/a><a href=\"https:\/\/www.compagniadisanpaolo.it\/it\/tags\/risultati\/?_sft_post_tag=orientamento\" class=\"tag-element\">Orientamento<\/a><\/div>\t  \n\t<\/div>\n[\/vc_column_text][\/vc_column][vc_column width=&#8221;3\/4&#8243; el_class=&#8221;page-content&#8221;][vc_column_text el_class=&#8221;text&#8221;]L&#8217;emergenza coronavirus ha condizionato molto la vita di tutti noi, ma a farne maggiormente le spese sono stati i bambini e i ragazzi che hanno dovuto rinunciare, spesso senza capirne il perch\u00e9, alla loro dimensione relazionale, di crescita e apprendimento. Restituire loro contesti dimensione di relazione, ludici ed educativi, \u00e8 oggi fondamentale, e richiede uno sforzo da parte di tutti.<\/p>\n<p>Al fine di costruire una progettualit\u00e0 ampia, di qualit\u00e0, poliedrica, multiforme e inclusiva che risponda a questa esigenza, la Fondazione Compagnia di San Paolo e il <a href=\"http:\/\/www.xkezerotredici.it\" target=\"_blank\" rel=\"noopener noreferrer\">Consorzio Xk\u00e9? ZeroTredici<\/a> hanno deciso di dare vita all&#8217;iniziativa &#8220;<strong>La Bella Estate<\/strong>&#8220;.<\/p>\n<p>L&#8217;obiettivo \u00e8 quello di raccogliere proposte da parte di istituzioni ed enti culturali del territorio per elaborare un progetto unitario e di qualit\u00e0 in grado di abbracciare il pi\u00f9 vasto numero di mondi possibili, di attrarre e rendere partecipi e attivi migliaia di bambini e ragazzi. Il tutto senza ovviamente rinunciare all&#8217;imprescindibile rispetto delle disposizioni per il contenimento del contagio.<\/p>\n<p>L&#8217;idea \u00e8 quella di costruire un vero e proprio palinsesto di attivit\u00e0 rivolte ai pi\u00f9 giovani, da offrire a tutti i centri e attivit\u00e0 estive in Citt\u00e0, mettendo a fattor comune diverse iniziative, intrecciate ma autonome: un modo per potenziare le occasioni di partecipazione, condivisione e crescita attraverso attivit\u00e0 didattiche nei musei, passeggiate urbane, e altri appuntamenti a sfondo ludico-didattico.<\/p>\n<p>La Fondazione Compagnia di San Paolo apre quindi la raccolta di proposte, una manifestazione di interesse per acquisire le disponibilit\u00e0 da parte di <strong>Enti e Istituzioni culturali operanti a Torino e nella prima cintura<\/strong> a partecipare al Palinsesto La Bella Estate, <strong>dal 29 giugno al 30 agosto 2020<\/strong>, attraverso <strong>attivit\u00e0 specifiche per la fascia 6\/13 anni<\/strong>.<\/p>\n<p><strong>A chi \u00e8 rivolta la call for proposals? <\/strong><\/p>\n<p>La call \u00e8 rivolta a musei, biblioteche, enti di spettacolo dal vivo o altri soggetti culturali non profit, aventi le seguenti caratteristiche:<\/p>\n<ul>\n<li>avere a disposizione, a Torino o nella prima cintura, spazi propri o affidati in gestione, in grado di accogliere piccoli gruppi di bambini per un tempo adeguato allo svolgimento delle attivit\u00e0 proposte;<\/li>\n<li>avere esperienza pregressa nel campo della didattica per bambini o in generale nell&#8217;organizzazione di attivit\u00e0 ludico\/creative\/esperienziali rivolte alla fascia di et\u00e0 indicata;<\/li>\n<li>capacit\u00e0 autonoma di garantire la progettazione e la realizzazione delle attivit\u00e0 proposte, in termini di personale, spazi, materiali e ogni altra occorrenza.<\/li>\n<\/ul>\n<p>Per aderire, gli Enti dovranno compilare il form raggiungibile tramite <a href=\"https:\/\/firebasehostingproxy.page.link\/198886819888\/forms.gle\/s88iWVaQcSMc8L6CA?_imcp=1\" target=\"_blank\" rel=\"noopener noreferrer\">questo link<\/a> entro il <strong>15 giugno<\/strong>. La Fondazione Compagnia di San Paolo, in collaborazione con Xk\u00e8? ZeroTredici e insieme ai principali stakeholder del territorio, proceder\u00e0 entro il <strong>22 giugno<\/strong> alla messa a punto del palinsesto condiviso delle attivit\u00e0, sulla base delle adesioni raccolte dalla call for <em>proposals<\/em>.<\/p>\n<p>Una volta definito il calendario delle attivit\u00e0 che concorreranno al Palinsesto <em>La Bella Estate<\/em>, andr\u00e0 definito con ognuno dei soggetti aderenti uno specifico accordo di adesione a \u201cLa bella Estate\u201d che discipliner\u00e0 gli aspetti organizzativi (centro unificato di prenotazione per gruppi), di comunicazione (per facilitare l\u2019adesione dei gruppi), di promozione (per valorizzare sforzo congiunto) e di concorso economico.<\/p>\n<p>Al fine di favorire la partecipazione di enti e Istituzioni culturali al Palinsesto, si segnala che saranno previsti meccanismi economici di incentivazione. La realizzazione dell\u2019attivit\u00e0 rimarr\u00e0 peraltro a carico dell\u2019Ente che decider\u00e0 di aderire al progetto, indipendentemente dall\u2019incentivazione riconosciuta in forza della presente progettualit\u00e0.<\/p>\n<p>Per avere approfondimenti aggiuntivi, \u00e8 possibile scrivere all\u2019indirizzo e-mail <a href=\"mailto:labellaestate@compagniadisanpaolo.it\">labellaestate@compagniadisanpaolo.it<\/a>.[\/vc_column_text][\/vc_column][\/vc_row][vc_row el_class=&#8221;sdg-list-wrap&#8221;][vc_column][vc_raw_html]JTVCbW9zdHJhU0RHUyU1RA==[\/vc_raw_html][\/vc_column][\/vc_row][vc_row][vc_column]<div class=\"templatera_shortcode\"><div data-vc-full-width=\"true\" data-vc-full-width-temp=\"true\" data-vc-full-width-init=\"false\" class=\"vc_row wpb_row vc_row-fluid newsletter-wrap\"><div class=\"wpb_column vc_column_container vc_col-sm-12\"><div class=\"vc_column-inner\"><div class=\"wpb_wrapper\">\n\t<div class=\"wpb_raw_code wpb_raw_html wpb_content_element\" >\n\t\t<div class=\"wpb_wrapper\">\n\t\t\t    <div class=\"container\">\n      <div class=\"row align-items-center\">\n\t<div class=\"col-12 col-lg-6 col-xl-5 mb-3 mb-lg-0 pr-0\">\n\t  <h2 class=\"title\">Rimani aggiornato sui nostri bandi e sui nostri progetti<\/h2>\n\t<\/div>\n\t<div class=\"col-12 col-lg-6 col-xl-7 pl-xl-4\">\n\t  <a class=\"standard-link-block\" href=\"\/it\/newsletter\/\">\n\t    Compila il form e decidi su quale argomento vuoi ricevere notizie.\t    <strong>\u00a0 ISCRIVITI!<\/strong>\n\t  <\/a>\n\t<\/div>\n      <\/div>\n    <\/div>\n\t\t<\/div>\n\t<\/div>\n<\/div><\/div><\/div><\/div><div class=\"vc_row-full-width vc_clearfix\"><\/div><\/div>[\/vc_column][\/vc_row]\n<\/div>","protected":false},"excerpt":{"rendered":"Nell'ambito della pi\u00f9 ampia iniziativa 2020. Un'estate insieme, la Fondazione Compagnia di San Paolo, in collaborazione con il Consorzio Xk\u00e9? ZeroTredici, lancia \"La Bella Estate\", una call per raccogliere proposte da parte di istituzioni ed enti culturali e costruire un programma di attivit\u00e0 estive dedicato ai pi\u00f9 giovani. Condividi: Facebook Twitter Linkedin Whatsapp Mail Data di pubblicazione: 10 Giugno 2020 Obiettivo Cultura. Obiettivo Persone. TagCoesione socialeComunit\u00e0 educantiCreativit\u00e0 ed esperienze attiveGruppo compagniaNuove generazioniOrientamento L'emergenza coronavirus ha condizionato molto la vita di tutti noi, ma a farne maggiormente le spese sono stati i bambini e i ragazzi che hanno dovuto rinunciare, spesso senza capirne il perch\u00e9, alla loro dimensione relazionale, di crescita e apprendimento. Restituire loro contesti dimensione di relazione, ludici ed educativi, \u00e8 oggi fondamentale, e richiede uno sforzo da parte di tutti. Al fine di costruire una progettualit\u00e0 ampia, di qualit\u00e0, poliedrica, multiforme e inclusiva che risponda a questa esigenza, la Fondazione Compagnia di San Paolo e il Consorzio Xk\u00e9? ZeroTredici hanno deciso di dare vita all'iniziativa \"La Bella Estate\". L'obiettivo \u00e8 quello di raccogliere proposte da parte di istituzioni ed enti culturali del territorio per elaborare un progetto unitario e di qualit\u00e0 in grado di abbracciare il pi\u00f9 vasto numero di mondi possibili, di attrarre e rendere partecipi e attivi migliaia di bambini e ragazzi. Il tutto senza ovviamente rinunciare all'imprescindibile rispetto delle disposizioni per il contenimento del contagio. L'idea \u00e8 quella di costruire un vero e proprio palinsesto di attivit\u00e0 rivolte ai pi\u00f9 giovani, da offrire a tutti i centri e attivit\u00e0 estive in Citt\u00e0, mettendo a fattor comune diverse iniziative, intrecciate ma autonome: un modo per potenziare le occasioni di partecipazione, condivisione e crescita attraverso attivit\u00e0 didattiche nei musei, passeggiate urbane, e altri appuntamenti a sfondo ludico-didattico. La Fondazione Compagnia di San Paolo apre quindi la raccolta di proposte, una manifestazione di interesse per acquisire le disponibilit\u00e0 da parte di Enti e Istituzioni culturali operanti a Torino e nella prima cintura a partecipare al Palinsesto La Bella Estate, dal 29 giugno al 30 agosto 2020, attraverso attivit\u00e0 specifiche per la fascia 6\/13 anni. A chi \u00e8 rivolta la call for proposals? La call \u00e8 rivolta a musei, biblioteche, enti di spettacolo dal vivo o altri soggetti culturali non profit, aventi le seguenti caratteristiche: avere a disposizione, a Torino o nella prima cintura, spazi propri o affidati in gestione, in grado di accogliere piccoli gruppi di bambini per un tempo adeguato allo svolgimento delle attivit\u00e0 proposte; avere esperienza pregressa nel campo della didattica per bambini o in generale nell'organizzazione di attivit\u00e0 ludico\/creative\/esperienziali rivolte alla fascia di et\u00e0 indicata; capacit\u00e0 autonoma di garantire la progettazione e la realizzazione delle attivit\u00e0 proposte, in termini di personale, spazi, materiali e ogni altra occorrenza. Per aderire, gli Enti dovranno compilare il form raggiungibile tramite questo link entro il 15 giugno. La Fondazione Compagnia di San Paolo, in collaborazione con Xk\u00e8? ZeroTredici e insieme ai principali stakeholder del territorio, proceder\u00e0 entro il 22 giugno alla messa a punto del palinsesto condiviso delle attivit\u00e0, sulla base delle adesioni raccolte dalla call for proposals. Una volta definito il calendario delle attivit\u00e0 che concorreranno al Palinsesto La Bella Estate, andr\u00e0 definito con ognuno dei soggetti aderenti uno specifico accordo di adesione a \u201cLa bella Estate\u201d che discipliner\u00e0 gli aspetti organizzativi (centro unificato di prenotazione per gruppi), di comunicazione (per facilitare l\u2019adesione dei gruppi), di promozione (per valorizzare sforzo congiunto) e di concorso economico. Al fine di favorire la partecipazione di enti e Istituzioni culturali al Palinsesto, si segnala che saranno previsti meccanismi economici di incentivazione. La realizzazione dell\u2019attivit\u00e0 rimarr\u00e0 peraltro a carico dell\u2019Ente che decider\u00e0 di aderire al progetto, indipendentemente dall\u2019incentivazione riconosciuta in forza della presente progettualit\u00e0. Per avere approfondimenti aggiuntivi, \u00e8 possibile scrivere all\u2019indirizzo e-mail labellaestate@compagniadisanpaolo.it. Questa iniziativa contribuisce al raggiungimento dei seguenti Obiettivi di Sviluppo Sostenibile Rimani aggiornato sui nostri bandi e sui nostri progetti Compila il form e decidi su quale argomento vuoi ricevere notizie. \u00a0 ISCRIVITI!","protected":false},"author":19,"featured_media":4214,"comment_status":"closed","ping_status":"closed","sticky":false,"template":"","format":"standard","meta":{"_acf_changed":false,"content-type":"","footnotes":""},"categories":[17],"tags":[51,81,63,66,54,85],"class_list":["post-4208","post","type-post","status-publish","format-standard","has-post-thumbnail","hentry","category-news","tag-coesione-sociale","tag-comunita-educanti","tag-creativita-ed-esperienze-attive","tag-gruppo-compagnia","tag-nuove-generazioni","tag-orientamento","entry","post-inner"],"acf":[],"yoast_head":"<!-- This site is optimized with the Yoast SEO plugin v27.3 - https:\/\/yoast.com\/product\/yoast-seo-wordpress\/ -->\n<title>Call per La Bella Estate - Un palinsesto di attivit\u00e0 dedicato a bambini e ragazzi - Fondazione Compagnia di San Paolo<\/title>\n<meta name=\"robots\" content=\"index, follow, max-snippet:-1, max-image-preview:large, max-video-preview:-1\" \/>\n<link rel=\"canonical\" href=\"https:\/\/www.compagniadisanpaolo.it\/it\/news\/call-per-la-bella-estate-un-palinsesto-di-attivita-dedicato-a-bambini-e-ragazzi\/\" \/>\n<meta property=\"og:locale\" content=\"it_IT\" \/>\n<meta property=\"og:type\" content=\"article\" \/>\n<meta property=\"og:title\" content=\"Call per La Bella Estate - Un palinsesto di attivit\u00e0 dedicato a bambini e ragazzi - Fondazione Compagnia di San Paolo\" \/>\n<meta property=\"og:url\" content=\"https:\/\/www.compagniadisanpaolo.it\/it\/news\/call-per-la-bella-estate-un-palinsesto-di-attivita-dedicato-a-bambini-e-ragazzi\/\" \/>\n<meta property=\"og:site_name\" content=\"Fondazione Compagnia di San Paolo\" \/>\n<meta property=\"article:publisher\" content=\"https:\/\/www.facebook.com\/CompagniaDiSanPaolo\" \/>\n<meta property=\"article:published_time\" content=\"2020-06-10T13:00:37+00:00\" \/>\n<meta property=\"article:modified_time\" content=\"2021-09-10T12:58:20+00:00\" \/>\n<meta property=\"og:image\" content=\"https:\/\/www.compagniadisanpaolo.it\/wp-content\/uploads\/BELLA-ESTATE-815x350-1.jpg\" \/>\n\t<meta property=\"og:image:width\" content=\"815\" \/>\n\t<meta property=\"og:image:height\" content=\"350\" \/>\n\t<meta property=\"og:image:type\" content=\"image\/jpeg\" \/>\n<meta name=\"author\" content=\"Federica\" \/>\n<meta name=\"twitter:card\" content=\"summary_large_image\" \/>\n<meta name=\"twitter:creator\" content=\"@CSP_live\" \/>\n<meta name=\"twitter:site\" content=\"@CSP_live\" \/>\n<meta name=\"twitter:label1\" content=\"Scritto da\" \/>\n\t<meta name=\"twitter:data1\" content=\"Federica\" \/>\n\t<meta name=\"twitter:label2\" content=\"Tempo di lettura stimato\" \/>\n\t<meta name=\"twitter:data2\" content=\"3 minuti\" \/>\n<script type=\"application\/ld+json\" class=\"yoast-schema-graph\">{\"@context\":\"https:\\\/\\\/schema.org\",\"@graph\":[{\"@type\":\"Article\",\"@id\":\"https:\\\/\\\/www.compagniadisanpaolo.it\\\/it\\\/news\\\/call-per-la-bella-estate-un-palinsesto-di-attivita-dedicato-a-bambini-e-ragazzi\\\/#article\",\"isPartOf\":{\"@id\":\"https:\\\/\\\/www.compagniadisanpaolo.it\\\/it\\\/news\\\/call-per-la-bella-estate-un-palinsesto-di-attivita-dedicato-a-bambini-e-ragazzi\\\/\"},\"author\":{\"name\":\"Federica\",\"@id\":\"https:\\\/\\\/www.compagniadisanpaolo.it\\\/it\\\/#\\\/schema\\\/person\\\/b7d5451541c25c82f29c5be1e78456b2\"},\"headline\":\"Call per La Bella Estate &#8211; Un palinsesto di attivit\u00e0 dedicato a bambini e ragazzi\",\"datePublished\":\"2020-06-10T13:00:37+00:00\",\"dateModified\":\"2021-09-10T12:58:20+00:00\",\"mainEntityOfPage\":{\"@id\":\"https:\\\/\\\/www.compagniadisanpaolo.it\\\/it\\\/news\\\/call-per-la-bella-estate-un-palinsesto-di-attivita-dedicato-a-bambini-e-ragazzi\\\/\"},\"wordCount\":705,\"publisher\":{\"@id\":\"https:\\\/\\\/www.compagniadisanpaolo.it\\\/it\\\/#organization\"},\"image\":{\"@id\":\"https:\\\/\\\/www.compagniadisanpaolo.it\\\/it\\\/news\\\/call-per-la-bella-estate-un-palinsesto-di-attivita-dedicato-a-bambini-e-ragazzi\\\/#primaryimage\"},\"thumbnailUrl\":\"https:\\\/\\\/www.compagniadisanpaolo.it\\\/wp-content\\\/uploads\\\/BELLA-ESTATE-815x350-1.jpg\",\"keywords\":[\"coesione sociale\",\"comunit\u00e0 educanti\",\"creativit\u00e0 ed esperienze attive\",\"gruppo compagnia\",\"nuove generazioni\",\"orientamento\"],\"articleSection\":[\"News\"],\"inLanguage\":\"it-IT\"},{\"@type\":\"WebPage\",\"@id\":\"https:\\\/\\\/www.compagniadisanpaolo.it\\\/it\\\/news\\\/call-per-la-bella-estate-un-palinsesto-di-attivita-dedicato-a-bambini-e-ragazzi\\\/\",\"url\":\"https:\\\/\\\/www.compagniadisanpaolo.it\\\/it\\\/news\\\/call-per-la-bella-estate-un-palinsesto-di-attivita-dedicato-a-bambini-e-ragazzi\\\/\",\"name\":\"Call per La Bella Estate - Un palinsesto di attivit\u00e0 dedicato a bambini e ragazzi - Fondazione Compagnia di San Paolo\",\"isPartOf\":{\"@id\":\"https:\\\/\\\/www.compagniadisanpaolo.it\\\/it\\\/#website\"},\"primaryImageOfPage\":{\"@id\":\"https:\\\/\\\/www.compagniadisanpaolo.it\\\/it\\\/news\\\/call-per-la-bella-estate-un-palinsesto-di-attivita-dedicato-a-bambini-e-ragazzi\\\/#primaryimage\"},\"image\":{\"@id\":\"https:\\\/\\\/www.compagniadisanpaolo.it\\\/it\\\/news\\\/call-per-la-bella-estate-un-palinsesto-di-attivita-dedicato-a-bambini-e-ragazzi\\\/#primaryimage\"},\"thumbnailUrl\":\"https:\\\/\\\/www.compagniadisanpaolo.it\\\/wp-content\\\/uploads\\\/BELLA-ESTATE-815x350-1.jpg\",\"datePublished\":\"2020-06-10T13:00:37+00:00\",\"dateModified\":\"2021-09-10T12:58:20+00:00\",\"breadcrumb\":{\"@id\":\"https:\\\/\\\/www.compagniadisanpaolo.it\\\/it\\\/news\\\/call-per-la-bella-estate-un-palinsesto-di-attivita-dedicato-a-bambini-e-ragazzi\\\/#breadcrumb\"},\"inLanguage\":\"it-IT\",\"potentialAction\":[{\"@type\":\"ReadAction\",\"target\":[\"https:\\\/\\\/www.compagniadisanpaolo.it\\\/it\\\/news\\\/call-per-la-bella-estate-un-palinsesto-di-attivita-dedicato-a-bambini-e-ragazzi\\\/\"]}]},{\"@type\":\"ImageObject\",\"inLanguage\":\"it-IT\",\"@id\":\"https:\\\/\\\/www.compagniadisanpaolo.it\\\/it\\\/news\\\/call-per-la-bella-estate-un-palinsesto-di-attivita-dedicato-a-bambini-e-ragazzi\\\/#primaryimage\",\"url\":\"https:\\\/\\\/www.compagniadisanpaolo.it\\\/wp-content\\\/uploads\\\/BELLA-ESTATE-815x350-1.jpg\",\"contentUrl\":\"https:\\\/\\\/www.compagniadisanpaolo.it\\\/wp-content\\\/uploads\\\/BELLA-ESTATE-815x350-1.jpg\",\"width\":815,\"height\":350},{\"@type\":\"BreadcrumbList\",\"@id\":\"https:\\\/\\\/www.compagniadisanpaolo.it\\\/it\\\/news\\\/call-per-la-bella-estate-un-palinsesto-di-attivita-dedicato-a-bambini-e-ragazzi\\\/#breadcrumb\",\"itemListElement\":[{\"@type\":\"ListItem\",\"position\":1,\"name\":\"Home\",\"item\":\"https:\\\/\\\/www.compagniadisanpaolo.it\\\/it\\\/\"},{\"@type\":\"ListItem\",\"position\":2,\"name\":\"Call per La Bella Estate &#8211; Un palinsesto di attivit\u00e0 dedicato a bambini e ragazzi\"}]},{\"@type\":\"WebSite\",\"@id\":\"https:\\\/\\\/www.compagniadisanpaolo.it\\\/it\\\/#website\",\"url\":\"https:\\\/\\\/www.compagniadisanpaolo.it\\\/it\\\/\",\"name\":\"Fondazione Compagnia di San Paolo\",\"description\":\"\",\"publisher\":{\"@id\":\"https:\\\/\\\/www.compagniadisanpaolo.it\\\/it\\\/#organization\"},\"potentialAction\":[{\"@type\":\"SearchAction\",\"target\":{\"@type\":\"EntryPoint\",\"urlTemplate\":\"https:\\\/\\\/www.compagniadisanpaolo.it\\\/it\\\/?s={search_term_string}\"},\"query-input\":{\"@type\":\"PropertyValueSpecification\",\"valueRequired\":true,\"valueName\":\"search_term_string\"}}],\"inLanguage\":\"it-IT\"},{\"@type\":\"Organization\",\"@id\":\"https:\\\/\\\/www.compagniadisanpaolo.it\\\/it\\\/#organization\",\"name\":\"Fondazione Compagnia di San Paolo\",\"url\":\"https:\\\/\\\/www.compagniadisanpaolo.it\\\/it\\\/\",\"logo\":{\"@type\":\"ImageObject\",\"inLanguage\":\"it-IT\",\"@id\":\"https:\\\/\\\/www.compagniadisanpaolo.it\\\/it\\\/#\\\/schema\\\/logo\\\/image\\\/\",\"url\":\"https:\\\/\\\/www.compagniadisanpaolo.it\\\/wp-content\\\/uploads\\\/logo.svg\",\"contentUrl\":\"https:\\\/\\\/www.compagniadisanpaolo.it\\\/wp-content\\\/uploads\\\/logo.svg\",\"width\":769,\"height\":323,\"caption\":\"Fondazione Compagnia di San Paolo\"},\"image\":{\"@id\":\"https:\\\/\\\/www.compagniadisanpaolo.it\\\/it\\\/#\\\/schema\\\/logo\\\/image\\\/\"},\"sameAs\":[\"https:\\\/\\\/www.facebook.com\\\/CompagniaDiSanPaolo\",\"https:\\\/\\\/x.com\\\/CSP_live\",\"http:\\\/\\\/instagram.com\\\/compagniadisanpaolo?ref=badge\",\"https:\\\/\\\/www.linkedin.com\\\/company\\\/compagnia-di-san-paolo\",\"https:\\\/\\\/www.youtube.com\\\/user\\\/compagniadisanpaolo\",\"https:\\\/\\\/it.wikipedia.org\\\/wiki\\\/Compagnia_di_San_Paolo\"]},{\"@type\":\"Person\",\"@id\":\"https:\\\/\\\/www.compagniadisanpaolo.it\\\/it\\\/#\\\/schema\\\/person\\\/b7d5451541c25c82f29c5be1e78456b2\",\"name\":\"Federica\",\"image\":{\"@type\":\"ImageObject\",\"inLanguage\":\"it-IT\",\"@id\":\"https:\\\/\\\/secure.gravatar.com\\\/avatar\\\/b5698fa13ac389b1f1fb1263a4626e219d853d7ccf112e854aea8c9c087d24ae?s=96&d=mm&r=g\",\"url\":\"https:\\\/\\\/secure.gravatar.com\\\/avatar\\\/b5698fa13ac389b1f1fb1263a4626e219d853d7ccf112e854aea8c9c087d24ae?s=96&d=mm&r=g\",\"contentUrl\":\"https:\\\/\\\/secure.gravatar.com\\\/avatar\\\/b5698fa13ac389b1f1fb1263a4626e219d853d7ccf112e854aea8c9c087d24ae?s=96&d=mm&r=g\",\"caption\":\"Federica\"}}]}<\/script>\n<!-- \/ Yoast SEO plugin. -->","yoast_head_json":{"title":"Call per La Bella Estate - Un palinsesto di attivit\u00e0 dedicato a bambini e ragazzi - Fondazione Compagnia di San Paolo","robots":{"index":"index","follow":"follow","max-snippet":"max-snippet:-1","max-image-preview":"max-image-preview:large","max-video-preview":"max-video-preview:-1"},"canonical":"https:\/\/www.compagniadisanpaolo.it\/it\/news\/call-per-la-bella-estate-un-palinsesto-di-attivita-dedicato-a-bambini-e-ragazzi\/","og_locale":"it_IT","og_type":"article","og_title":"Call per La Bella Estate - Un palinsesto di attivit\u00e0 dedicato a bambini e ragazzi - Fondazione Compagnia di San Paolo","og_url":"https:\/\/www.compagniadisanpaolo.it\/it\/news\/call-per-la-bella-estate-un-palinsesto-di-attivita-dedicato-a-bambini-e-ragazzi\/","og_site_name":"Fondazione Compagnia di San Paolo","article_publisher":"https:\/\/www.facebook.com\/CompagniaDiSanPaolo","article_published_time":"2020-06-10T13:00:37+00:00","article_modified_time":"2021-09-10T12:58:20+00:00","og_image":[{"width":815,"height":350,"url":"https:\/\/www.compagniadisanpaolo.it\/wp-content\/uploads\/BELLA-ESTATE-815x350-1.jpg","type":"image\/jpeg"}],"author":"Federica","twitter_card":"summary_large_image","twitter_creator":"@CSP_live","twitter_site":"@CSP_live","twitter_misc":{"Scritto da":"Federica","Tempo di lettura stimato":"3 minuti"},"schema":{"@context":"https:\/\/schema.org","@graph":[{"@type":"Article","@id":"https:\/\/www.compagniadisanpaolo.it\/it\/news\/call-per-la-bella-estate-un-palinsesto-di-attivita-dedicato-a-bambini-e-ragazzi\/#article","isPartOf":{"@id":"https:\/\/www.compagniadisanpaolo.it\/it\/news\/call-per-la-bella-estate-un-palinsesto-di-attivita-dedicato-a-bambini-e-ragazzi\/"},"author":{"name":"Federica","@id":"https:\/\/www.compagniadisanpaolo.it\/it\/#\/schema\/person\/b7d5451541c25c82f29c5be1e78456b2"},"headline":"Call per La Bella Estate &#8211; Un palinsesto di attivit\u00e0 dedicato a bambini e ragazzi","datePublished":"2020-06-10T13:00:37+00:00","dateModified":"2021-09-10T12:58:20+00:00","mainEntityOfPage":{"@id":"https:\/\/www.compagniadisanpaolo.it\/it\/news\/call-per-la-bella-estate-un-palinsesto-di-attivita-dedicato-a-bambini-e-ragazzi\/"},"wordCount":705,"publisher":{"@id":"https:\/\/www.compagniadisanpaolo.it\/it\/#organization"},"image":{"@id":"https:\/\/www.compagniadisanpaolo.it\/it\/news\/call-per-la-bella-estate-un-palinsesto-di-attivita-dedicato-a-bambini-e-ragazzi\/#primaryimage"},"thumbnailUrl":"https:\/\/www.compagniadisanpaolo.it\/wp-content\/uploads\/BELLA-ESTATE-815x350-1.jpg","keywords":["coesione sociale","comunit\u00e0 educanti","creativit\u00e0 ed esperienze attive","gruppo compagnia","nuove generazioni","orientamento"],"articleSection":["News"],"inLanguage":"it-IT"},{"@type":"WebPage","@id":"https:\/\/www.compagniadisanpaolo.it\/it\/news\/call-per-la-bella-estate-un-palinsesto-di-attivita-dedicato-a-bambini-e-ragazzi\/","url":"https:\/\/www.compagniadisanpaolo.it\/it\/news\/call-per-la-bella-estate-un-palinsesto-di-attivita-dedicato-a-bambini-e-ragazzi\/","name":"Call per La Bella Estate - Un palinsesto di attivit\u00e0 dedicato a bambini e ragazzi - Fondazione Compagnia di San Paolo","isPartOf":{"@id":"https:\/\/www.compagniadisanpaolo.it\/it\/#website"},"primaryImageOfPage":{"@id":"https:\/\/www.compagniadisanpaolo.it\/it\/news\/call-per-la-bella-estate-un-palinsesto-di-attivita-dedicato-a-bambini-e-ragazzi\/#primaryimage"},"image":{"@id":"https:\/\/www.compagniadisanpaolo.it\/it\/news\/call-per-la-bella-estate-un-palinsesto-di-attivita-dedicato-a-bambini-e-ragazzi\/#primaryimage"},"thumbnailUrl":"https:\/\/www.compagniadisanpaolo.it\/wp-content\/uploads\/BELLA-ESTATE-815x350-1.jpg","datePublished":"2020-06-10T13:00:37+00:00","dateModified":"2021-09-10T12:58:20+00:00","breadcrumb":{"@id":"https:\/\/www.compagniadisanpaolo.it\/it\/news\/call-per-la-bella-estate-un-palinsesto-di-attivita-dedicato-a-bambini-e-ragazzi\/#breadcrumb"},"inLanguage":"it-IT","potentialAction":[{"@type":"ReadAction","target":["https:\/\/www.compagniadisanpaolo.it\/it\/news\/call-per-la-bella-estate-un-palinsesto-di-attivita-dedicato-a-bambini-e-ragazzi\/"]}]},{"@type":"ImageObject","inLanguage":"it-IT","@id":"https:\/\/www.compagniadisanpaolo.it\/it\/news\/call-per-la-bella-estate-un-palinsesto-di-attivita-dedicato-a-bambini-e-ragazzi\/#primaryimage","url":"https:\/\/www.compagniadisanpaolo.it\/wp-content\/uploads\/BELLA-ESTATE-815x350-1.jpg","contentUrl":"https:\/\/www.compagniadisanpaolo.it\/wp-content\/uploads\/BELLA-ESTATE-815x350-1.jpg","width":815,"height":350},{"@type":"BreadcrumbList","@id":"https:\/\/www.compagniadisanpaolo.it\/it\/news\/call-per-la-bella-estate-un-palinsesto-di-attivita-dedicato-a-bambini-e-ragazzi\/#breadcrumb","itemListElement":[{"@type":"ListItem","position":1,"name":"Home","item":"https:\/\/www.compagniadisanpaolo.it\/it\/"},{"@type":"ListItem","position":2,"name":"Call per La Bella Estate &#8211; Un palinsesto di attivit\u00e0 dedicato a bambini e ragazzi"}]},{"@type":"WebSite","@id":"https:\/\/www.compagniadisanpaolo.it\/it\/#website","url":"https:\/\/www.compagniadisanpaolo.it\/it\/","name":"Fondazione Compagnia di San Paolo","description":"","publisher":{"@id":"https:\/\/www.compagniadisanpaolo.it\/it\/#organization"},"potentialAction":[{"@type":"SearchAction","target":{"@type":"EntryPoint","urlTemplate":"https:\/\/www.compagniadisanpaolo.it\/it\/?s={search_term_string}"},"query-input":{"@type":"PropertyValueSpecification","valueRequired":true,"valueName":"search_term_string"}}],"inLanguage":"it-IT"},{"@type":"Organization","@id":"https:\/\/www.compagniadisanpaolo.it\/it\/#organization","name":"Fondazione Compagnia di San Paolo","url":"https:\/\/www.compagniadisanpaolo.it\/it\/","logo":{"@type":"ImageObject","inLanguage":"it-IT","@id":"https:\/\/www.compagniadisanpaolo.it\/it\/#\/schema\/logo\/image\/","url":"https:\/\/www.compagniadisanpaolo.it\/wp-content\/uploads\/logo.svg","contentUrl":"https:\/\/www.compagniadisanpaolo.it\/wp-content\/uploads\/logo.svg","width":769,"height":323,"caption":"Fondazione Compagnia di San Paolo"},"image":{"@id":"https:\/\/www.compagniadisanpaolo.it\/it\/#\/schema\/logo\/image\/"},"sameAs":["https:\/\/www.facebook.com\/CompagniaDiSanPaolo","https:\/\/x.com\/CSP_live","http:\/\/instagram.com\/compagniadisanpaolo?ref=badge","https:\/\/www.linkedin.com\/company\/compagnia-di-san-paolo","https:\/\/www.youtube.com\/user\/compagniadisanpaolo","https:\/\/it.wikipedia.org\/wiki\/Compagnia_di_San_Paolo"]},{"@type":"Person","@id":"https:\/\/www.compagniadisanpaolo.it\/it\/#\/schema\/person\/b7d5451541c25c82f29c5be1e78456b2","name":"Federica","image":{"@type":"ImageObject","inLanguage":"it-IT","@id":"https:\/\/secure.gravatar.com\/avatar\/b5698fa13ac389b1f1fb1263a4626e219d853d7ccf112e854aea8c9c087d24ae?s=96&d=mm&r=g","url":"https:\/\/secure.gravatar.com\/avatar\/b5698fa13ac389b1f1fb1263a4626e219d853d7ccf112e854aea8c9c087d24ae?s=96&d=mm&r=g","contentUrl":"https:\/\/secure.gravatar.com\/avatar\/b5698fa13ac389b1f1fb1263a4626e219d853d7ccf112e854aea8c9c087d24ae?s=96&d=mm&r=g","caption":"Federica"}}]}},"amp_enabled":true,"_links":{"self":[{"href":"https:\/\/www.compagniadisanpaolo.it\/it\/wp-json\/wp\/v2\/posts\/4208","targetHints":{"allow":["GET"]}}],"collection":[{"href":"https:\/\/www.compagniadisanpaolo.it\/it\/wp-json\/wp\/v2\/posts"}],"about":[{"href":"https:\/\/www.compagniadisanpaolo.it\/it\/wp-json\/wp\/v2\/types\/post"}],"author":[{"embeddable":true,"href":"https:\/\/www.compagniadisanpaolo.it\/it\/wp-json\/wp\/v2\/users\/19"}],"replies":[{"embeddable":true,"href":"https:\/\/www.compagniadisanpaolo.it\/it\/wp-json\/wp\/v2\/comments?post=4208"}],"version-history":[{"count":6,"href":"https:\/\/www.compagniadisanpaolo.it\/it\/wp-json\/wp\/v2\/posts\/4208\/revisions"}],"predecessor-version":[{"id":12460,"href":"https:\/\/www.compagniadisanpaolo.it\/it\/wp-json\/wp\/v2\/posts\/4208\/revisions\/12460"}],"wp:featuredmedia":[{"embeddable":true,"href":"https:\/\/www.compagniadisanpaolo.it\/it\/wp-json\/wp\/v2\/media\/4214"}],"wp:attachment":[{"href":"https:\/\/www.compagniadisanpaolo.it\/it\/wp-json\/wp\/v2\/media?parent=4208"}],"wp:term":[{"taxonomy":"category","embeddable":true,"href":"https:\/\/www.compagniadisanpaolo.it\/it\/wp-json\/wp\/v2\/categories?post=4208"},{"taxonomy":"post_tag","embeddable":true,"href":"https:\/\/www.compagniadisanpaolo.it\/it\/wp-json\/wp\/v2\/tags?post=4208"}],"curies":[{"name":"wp","href":"https:\/\/api.w.org\/{rel}","templated":true}]}}