{"id":4203,"date":"2020-06-10T12:48:20","date_gmt":"2020-06-10T10:48:20","guid":{"rendered":"https:\/\/www.compagniadisanpaolo.it\/?p=4203"},"modified":"2021-09-10T14:41:01","modified_gmt":"2021-09-10T12:41:01","slug":"un-webinar-per-discutere-sul-ruolo-delle-fondazioni-nel-contrasto-allemergenza","status":"publish","type":"post","link":"https:\/\/www.compagniadisanpaolo.it\/it\/eventi\/un-webinar-per-discutere-sul-ruolo-delle-fondazioni-nel-contrasto-allemergenza\/","title":{"rendered":"Un webinar per discutere sul ruolo delle Fondazioni nel contrasto all\u2019emergenza"},"content":{"rendered":"<div class=\"wpb-content-wrapper\">[vc_row][vc_column][vc_column_text el_class=&#8221;text-headline2&#8243;]<i>L\u2019evento rientra nel ricco calendario di incontri online di ArtLab20, di cui la Fondazione Compagnia di San Paolo \u00e8 partner. Appuntamento il 10 giugno alle ore 16.00. Interverr\u00e0 anche Matteo Bagnasco, responsabile dell\u2019Obiettivo Cultura.<\/i>[\/vc_column_text][\/vc_column][\/vc_row][vc_row][vc_column][vc_column_text]\n<div class=\"info-box mission\">\n\t\t<div class=\"info-box-wrap info-box-hor row pb-0\">\n\n\t\t      \n\t\t      <div class=\"spalla col-12 col-md-12\">\n\t\t\t<div class=\"info-box sharing-box\">\n\t\t\t  <span class=\"label\">Condividi:<\/span>\n\t\t\t  <div class=\"social-sharing\">\n\t\t\t    <span class=\"box\">\n\t\t\t      <a class=\"fb\" href=\"https:\/\/www.facebook.com\/sharer.php?u=https:\/\/www.compagniadisanpaolo.it\/it\/eventi\/un-webinar-per-discutere-sul-ruolo-delle-fondazioni-nel-contrasto-allemergenza\/\" target=\"_blank\">\n\t\t\t\t<span class=\"sr-only\">Facebook<\/span>\n\t\t\t\t<i class=\"fab fa-facebook-f\"><\/i>\n\t\t\t      <\/a>\n\t\t\t    <\/span>\n\t\t\t    \n\t\t\t    <style>\n.twitter, .twitter:hover{\ncolor:#000000 !important;}\n<\/style>\n\n\n\t\t\t    <span class=\"box\">\n\t\t\t      <a class=\"twitter\" href=\"https:\/\/twitter.com\/intent\/tweet?url=https:\/\/www.compagniadisanpaolo.it\/it\/eventi\/un-webinar-per-discutere-sul-ruolo-delle-fondazioni-nel-contrasto-allemergenza\/\">\n\t\t\t\t<span class=\"sr-only\">Twitter<\/span>\n\t\t\t\t<i class=\"fa-brands fa-x-twitter\"><\/i>\n\t\t\t      <\/a>\n\t\t\t    <\/span>\n\n\t\t\t    \n\t\t\t    <span class=\"box\">\n\t\t\t      <a class=\"linkedin\" href=\"https:\/\/www.linkedin.com\/shareArticle?mini=true&url=https:\/\/www.compagniadisanpaolo.it\/it\/eventi\/un-webinar-per-discutere-sul-ruolo-delle-fondazioni-nel-contrasto-allemergenza\/\">\n\t\t\t\t<span class=\"sr-only\">Linkedin<\/span>\n\t\t\t\t  <i class=\"fa-brands fa-linkedin-in\"><\/i>\n\t\t\t      <\/a>\n\t\t\t    <\/span>\n\n\t\t\t    <span class=\"box\">\n\t\t\t      <a class=\"whatsapp\" href=\"whatsapp:\/\/send?text=https:\/\/www.compagniadisanpaolo.it\/it\/eventi\/un-webinar-per-discutere-sul-ruolo-delle-fondazioni-nel-contrasto-allemergenza\/\" data-action=\"share\/whatsapp\/share\">\n\t\t\t\t<span class=\"sr-only\">Whatsapp<\/span>\n\t\t\t\t<i class=\"fa-brands fa-whatsapp\"><\/i>\n\t\t\t      <\/a>\n\t\t\t    <\/span>\n\n\t\t\t    <span class=\"box\">\n\t\t\t      <a class=\"mail\" href=\"mailto:?subject=Un webinar per discutere sul ruolo delle Fondazioni nel contrasto all\u2019emergenza&body=https:\/\/www.compagniadisanpaolo.it\/it\/eventi\/un-webinar-per-discutere-sul-ruolo-delle-fondazioni-nel-contrasto-allemergenza\/\">\n\t\t\t\t<span class=\"sr-only\">Mail<\/span>\n\t\t\t\t <i class=\"fa-solid fa-envelope\"><\/i>\n\t\t\t      <\/a>\n\t\t\t    <\/span>\n\t\t\t    \n\t\t\t  <\/div>\n\t\t\t<\/div>\n\t      <\/div>\n\t    <\/div><\/div>\n[\/vc_column_text][\/vc_column][\/vc_row][vc_row][vc_column width=&#8221;1\/4&#8243;][vc_column_text]\n\n\n\t\t<div class=\"info-box-wrap\">\n\n\t  <div class=\"info-box date-pub\">\n\t  \t<span class=\"label\">Data di pubblicazione:<\/span>\n\t    <span class=\"value\">10 Giugno 2020<\/span>\n\t  <\/div>\n\t\t\t\t  <div class=\"info-box obj-culture\">\n\t\t\t\t\t  <div class=\"info-box obj\"><span class=\"label\">Obiettivo<\/span>\n\t\t\t\t\t    <div class=\"obj-small-box\">\n\t\t\t\t\t      <span>Cultura.<\/span>\n\t\t\t\t\t    <\/div>\n\t\t\t\t\t  <\/div>\n\t\t\t\t  <\/div>\n\t\t\t  <div class=\"info-box mission\"><span class=\"label\">Tag<\/span><a href=\"https:\/\/www.compagniadisanpaolo.it\/it\/tags\/risultati\/?_sft_post_tag=oltre-lerogazione\" class=\"tag-element\">Oltre l'erogazione<\/a><a href=\"https:\/\/www.compagniadisanpaolo.it\/it\/tags\/risultati\/?_sft_post_tag=sviluppo-sostenibile\" class=\"tag-element\">Sviluppo sostenibile<\/a><\/div>\t  \n\t<\/div>\n[\/vc_column_text][\/vc_column][vc_column width=&#8221;3\/4&#8243; el_class=&#8221;page-content&#8221;][vc_column_text el_class=&#8221;text&#8221;]La crisi generata dall\u2019emergenza coronavirus rende necessaria un\u2019attenta riflessione sulle trasformazioni in atto: oggi pi\u00f9 che mai \u00e8 importante pensare e quindi impostare una progettualit\u00e0 che possa contribuire alla ripartenza del territorio su pi\u00f9 fronti. In questa direzione, <b>la cultura gioca un ruolo fondamentale<\/b>.<span class=\"Apple-converted-space\">\u00a0<\/span><\/p>\n<p>Per riflettere su quali siano le <b>prospettive del settore culturale e creativo nel post-emergenza<\/b>, torna, seppur virtualmente, <a href=\"https:\/\/artlab.fitzcarraldo.it\/it\" target=\"_blank\" rel=\"noopener noreferrer\"><b>ArtLab. Territori, Cultura, Innovazione<\/b><\/a>, piattaforma indipendente promossa dalla <a href=\"https:\/\/www.fitzcarraldo.it\" target=\"_blank\" rel=\"noopener noreferrer\"><b>Fondazione Fitzcarraldo <\/b><\/a>e dedicata all&#8217;innovazione delle politiche, dei programmi e delle pratiche culturali.<span class=\"Apple-converted-space\">\u00a0<\/span><\/p>\n<p>Un ricco calendario di appuntamenti online, tra incontri, pillole di approfondimento e webinar, declinati su due tappe identificate con i nomi di due citt\u00e0 rappresentative del Sud e del Nord Italia: Matera (dal 9 al 13 giugno) e Bergamo (dal 24 al 26 settembre).<span class=\"Apple-converted-space\">\u00a0<\/span><\/p>\n<p>Il 10 giugno, dalle 16.00 alle 17.30, si discuter\u00e0 del <b>ruolo delle Fondazioni nel contrasto all\u2019emergenza<\/b>: gli interventi messi in atto nel corso della fase pi\u00f9 critica sono stati fondamentali per sostenere la cultura e incoraggiare nuove sperimentazioni ed esperienze; ma qual \u00e8, ora, la situazione a livello europeo? Come stanno reagendo le Fondazioni in questa nuova fase? Quali le principali azioni da prevedere e programmare per contribuire al rilancio della cultura e quindi del territorio? In che modo sostenere e tutelare lavoratori culturali autonomi? Di questo e altro si parler\u00e0 nel corso dell\u2019incontro, al quale parteciper\u00e0 anche <b>Matteo Bagnasco<\/b>, responsabile dell\u2019Obiettivo Cultura.<span class=\"Apple-converted-space\">\u00a0<\/span><\/p>\n<p>Questo il link per seguire la diretta e consultare il programma dettagliato dell\u2019evento: <a href=\"https:\/\/bit.ly\/2zfGtXY\" target=\"_blank\" rel=\"noopener noreferrer\">https:\/\/bit.ly\/2zfGtXY<\/a><\/p>\n<p><span class=\"Apple-converted-space\">\u00a0<\/span>[\/vc_column_text][\/vc_column][\/vc_row][vc_row][vc_column]<div class=\"templatera_shortcode\"><div data-vc-full-width=\"true\" data-vc-full-width-temp=\"true\" data-vc-full-width-init=\"false\" class=\"vc_row wpb_row vc_row-fluid newsletter-wrap\"><div class=\"wpb_column vc_column_container vc_col-sm-12\"><div class=\"vc_column-inner\"><div class=\"wpb_wrapper\">\n\t<div class=\"wpb_raw_code wpb_raw_html wpb_content_element\" >\n\t\t<div class=\"wpb_wrapper\">\n\t\t\t    <div class=\"container\">\n      <div class=\"row align-items-center\">\n\t<div class=\"col-12 col-lg-6 col-xl-5 mb-3 mb-lg-0 pr-0\">\n\t  <h2 class=\"title\">Rimani aggiornato sui nostri bandi e sui nostri progetti<\/h2>\n\t<\/div>\n\t<div class=\"col-12 col-lg-6 col-xl-7 pl-xl-4\">\n\t  <a class=\"standard-link-block\" href=\"\/it\/newsletter\/\">\n\t    Compila il form e decidi su quale argomento vuoi ricevere notizie.\t    <strong>\u00a0 ISCRIVITI!<\/strong>\n\t  <\/a>\n\t<\/div>\n      <\/div>\n    <\/div>\n\t\t<\/div>\n\t<\/div>\n<\/div><\/div><\/div><\/div><div class=\"vc_row-full-width vc_clearfix\"><\/div><\/div>[\/vc_column][\/vc_row]\n<\/div>","protected":false},"excerpt":{"rendered":"L\u2019evento rientra nel ricco calendario di incontri online di ArtLab20, di cui la Fondazione Compagnia di San Paolo \u00e8 partner. Appuntamento il 10 giugno alle ore 16.00. Interverr\u00e0 anche Matteo Bagnasco, responsabile dell\u2019Obiettivo Cultura. Condividi: Facebook Twitter Linkedin Whatsapp Mail Data di pubblicazione: 10 Giugno 2020 Obiettivo Cultura. TagOltre l'erogazioneSviluppo sostenibile La crisi generata dall\u2019emergenza coronavirus rende necessaria un\u2019attenta riflessione sulle trasformazioni in atto: oggi pi\u00f9 che mai \u00e8 importante pensare e quindi impostare una progettualit\u00e0 che possa contribuire alla ripartenza del territorio su pi\u00f9 fronti. In questa direzione, la cultura gioca un ruolo fondamentale.\u00a0 Per riflettere su quali siano le prospettive del settore culturale e creativo nel post-emergenza, torna, seppur virtualmente, ArtLab. Territori, Cultura, Innovazione, piattaforma indipendente promossa dalla Fondazione Fitzcarraldo e dedicata all'innovazione delle politiche, dei programmi e delle pratiche culturali.\u00a0 Un ricco calendario di appuntamenti online, tra incontri, pillole di approfondimento e webinar, declinati su due tappe identificate con i nomi di due citt\u00e0 rappresentative del Sud e del Nord Italia: Matera (dal 9 al 13 giugno) e Bergamo (dal 24 al 26 settembre).\u00a0 Il 10 giugno, dalle 16.00 alle 17.30, si discuter\u00e0 del ruolo delle Fondazioni nel contrasto all\u2019emergenza: gli interventi messi in atto nel corso della fase pi\u00f9 critica sono stati fondamentali per sostenere la cultura e incoraggiare nuove sperimentazioni ed esperienze; ma qual \u00e8, ora, la situazione a livello europeo? Come stanno reagendo le Fondazioni in questa nuova fase? Quali le principali azioni da prevedere e programmare per contribuire al rilancio della cultura e quindi del territorio? In che modo sostenere e tutelare lavoratori culturali autonomi? Di questo e altro si parler\u00e0 nel corso dell\u2019incontro, al quale parteciper\u00e0 anche Matteo Bagnasco, responsabile dell\u2019Obiettivo Cultura.\u00a0 Questo il link per seguire la diretta e consultare il programma dettagliato dell\u2019evento: https:\/\/bit.ly\/2zfGtXY \u00a0 Rimani aggiornato sui nostri bandi e sui nostri progetti Compila il form e decidi su quale argomento vuoi ricevere notizie. \u00a0 ISCRIVITI!","protected":false},"author":19,"featured_media":2563,"comment_status":"closed","ping_status":"closed","sticky":false,"template":"","format":"standard","meta":{"_acf_changed":false,"content-type":"","footnotes":""},"categories":[4],"tags":[69,68],"class_list":["post-4203","post","type-post","status-publish","format-standard","has-post-thumbnail","hentry","category-eventi","tag-oltre-lerogazione","tag-sviluppo-sostenibile","entry","post-inner"],"acf":[],"yoast_head":"<!-- This site is optimized with the Yoast SEO plugin v27.3 - https:\/\/yoast.com\/product\/yoast-seo-wordpress\/ -->\n<title>Un webinar per discutere sul ruolo delle Fondazioni nel contrasto all\u2019emergenza - Fondazione Compagnia di San Paolo<\/title>\n<meta name=\"robots\" content=\"index, follow, max-snippet:-1, max-image-preview:large, max-video-preview:-1\" \/>\n<link rel=\"canonical\" href=\"https:\/\/www.compagniadisanpaolo.it\/it\/eventi\/un-webinar-per-discutere-sul-ruolo-delle-fondazioni-nel-contrasto-allemergenza\/\" \/>\n<meta property=\"og:locale\" content=\"it_IT\" \/>\n<meta property=\"og:type\" content=\"article\" \/>\n<meta property=\"og:title\" content=\"Un webinar per discutere sul ruolo delle Fondazioni nel contrasto all\u2019emergenza - Fondazione Compagnia di San Paolo\" \/>\n<meta property=\"og:url\" content=\"https:\/\/www.compagniadisanpaolo.it\/it\/eventi\/un-webinar-per-discutere-sul-ruolo-delle-fondazioni-nel-contrasto-allemergenza\/\" \/>\n<meta property=\"og:site_name\" content=\"Fondazione Compagnia di San Paolo\" \/>\n<meta property=\"article:publisher\" content=\"https:\/\/www.facebook.com\/CompagniaDiSanPaolo\" \/>\n<meta property=\"article:published_time\" content=\"2020-06-10T10:48:20+00:00\" \/>\n<meta property=\"article:modified_time\" content=\"2021-09-10T12:41:01+00:00\" \/>\n<meta property=\"og:image\" content=\"https:\/\/www.compagniadisanpaolo.it\/wp-content\/uploads\/PLACEHOLDER-OBIETTIVI-CULTURA-BIG.jpg\" \/>\n\t<meta property=\"og:image:width\" content=\"1600\" \/>\n\t<meta property=\"og:image:height\" content=\"900\" \/>\n\t<meta property=\"og:image:type\" content=\"image\/jpeg\" \/>\n<meta name=\"author\" content=\"Federica\" \/>\n<meta name=\"twitter:card\" content=\"summary_large_image\" \/>\n<meta name=\"twitter:creator\" content=\"@CSP_live\" \/>\n<meta name=\"twitter:site\" content=\"@CSP_live\" \/>\n<meta name=\"twitter:label1\" content=\"Scritto da\" \/>\n\t<meta name=\"twitter:data1\" content=\"Federica\" \/>\n\t<meta name=\"twitter:label2\" content=\"Tempo di lettura stimato\" \/>\n\t<meta name=\"twitter:data2\" content=\"2 minuti\" \/>\n<script type=\"application\/ld+json\" class=\"yoast-schema-graph\">{\"@context\":\"https:\\\/\\\/schema.org\",\"@graph\":[{\"@type\":\"Article\",\"@id\":\"https:\\\/\\\/www.compagniadisanpaolo.it\\\/it\\\/eventi\\\/un-webinar-per-discutere-sul-ruolo-delle-fondazioni-nel-contrasto-allemergenza\\\/#article\",\"isPartOf\":{\"@id\":\"https:\\\/\\\/www.compagniadisanpaolo.it\\\/it\\\/eventi\\\/un-webinar-per-discutere-sul-ruolo-delle-fondazioni-nel-contrasto-allemergenza\\\/\"},\"author\":{\"name\":\"Federica\",\"@id\":\"https:\\\/\\\/www.compagniadisanpaolo.it\\\/it\\\/#\\\/schema\\\/person\\\/b7d5451541c25c82f29c5be1e78456b2\"},\"headline\":\"Un webinar per discutere sul ruolo delle Fondazioni nel contrasto all\u2019emergenza\",\"datePublished\":\"2020-06-10T10:48:20+00:00\",\"dateModified\":\"2021-09-10T12:41:01+00:00\",\"mainEntityOfPage\":{\"@id\":\"https:\\\/\\\/www.compagniadisanpaolo.it\\\/it\\\/eventi\\\/un-webinar-per-discutere-sul-ruolo-delle-fondazioni-nel-contrasto-allemergenza\\\/\"},\"wordCount\":364,\"publisher\":{\"@id\":\"https:\\\/\\\/www.compagniadisanpaolo.it\\\/it\\\/#organization\"},\"image\":{\"@id\":\"https:\\\/\\\/www.compagniadisanpaolo.it\\\/it\\\/eventi\\\/un-webinar-per-discutere-sul-ruolo-delle-fondazioni-nel-contrasto-allemergenza\\\/#primaryimage\"},\"thumbnailUrl\":\"https:\\\/\\\/www.compagniadisanpaolo.it\\\/wp-content\\\/uploads\\\/PLACEHOLDER-OBIETTIVI-CULTURA-BIG.jpg\",\"keywords\":[\"oltre l'erogazione\",\"sviluppo sostenibile\"],\"articleSection\":[\"Eventi\"],\"inLanguage\":\"it-IT\"},{\"@type\":\"WebPage\",\"@id\":\"https:\\\/\\\/www.compagniadisanpaolo.it\\\/it\\\/eventi\\\/un-webinar-per-discutere-sul-ruolo-delle-fondazioni-nel-contrasto-allemergenza\\\/\",\"url\":\"https:\\\/\\\/www.compagniadisanpaolo.it\\\/it\\\/eventi\\\/un-webinar-per-discutere-sul-ruolo-delle-fondazioni-nel-contrasto-allemergenza\\\/\",\"name\":\"Un webinar per discutere sul ruolo delle Fondazioni nel contrasto all\u2019emergenza - Fondazione Compagnia di San Paolo\",\"isPartOf\":{\"@id\":\"https:\\\/\\\/www.compagniadisanpaolo.it\\\/it\\\/#website\"},\"primaryImageOfPage\":{\"@id\":\"https:\\\/\\\/www.compagniadisanpaolo.it\\\/it\\\/eventi\\\/un-webinar-per-discutere-sul-ruolo-delle-fondazioni-nel-contrasto-allemergenza\\\/#primaryimage\"},\"image\":{\"@id\":\"https:\\\/\\\/www.compagniadisanpaolo.it\\\/it\\\/eventi\\\/un-webinar-per-discutere-sul-ruolo-delle-fondazioni-nel-contrasto-allemergenza\\\/#primaryimage\"},\"thumbnailUrl\":\"https:\\\/\\\/www.compagniadisanpaolo.it\\\/wp-content\\\/uploads\\\/PLACEHOLDER-OBIETTIVI-CULTURA-BIG.jpg\",\"datePublished\":\"2020-06-10T10:48:20+00:00\",\"dateModified\":\"2021-09-10T12:41:01+00:00\",\"breadcrumb\":{\"@id\":\"https:\\\/\\\/www.compagniadisanpaolo.it\\\/it\\\/eventi\\\/un-webinar-per-discutere-sul-ruolo-delle-fondazioni-nel-contrasto-allemergenza\\\/#breadcrumb\"},\"inLanguage\":\"it-IT\",\"potentialAction\":[{\"@type\":\"ReadAction\",\"target\":[\"https:\\\/\\\/www.compagniadisanpaolo.it\\\/it\\\/eventi\\\/un-webinar-per-discutere-sul-ruolo-delle-fondazioni-nel-contrasto-allemergenza\\\/\"]}]},{\"@type\":\"ImageObject\",\"inLanguage\":\"it-IT\",\"@id\":\"https:\\\/\\\/www.compagniadisanpaolo.it\\\/it\\\/eventi\\\/un-webinar-per-discutere-sul-ruolo-delle-fondazioni-nel-contrasto-allemergenza\\\/#primaryimage\",\"url\":\"https:\\\/\\\/www.compagniadisanpaolo.it\\\/wp-content\\\/uploads\\\/PLACEHOLDER-OBIETTIVI-CULTURA-BIG.jpg\",\"contentUrl\":\"https:\\\/\\\/www.compagniadisanpaolo.it\\\/wp-content\\\/uploads\\\/PLACEHOLDER-OBIETTIVI-CULTURA-BIG.jpg\",\"width\":1600,\"height\":900},{\"@type\":\"BreadcrumbList\",\"@id\":\"https:\\\/\\\/www.compagniadisanpaolo.it\\\/it\\\/eventi\\\/un-webinar-per-discutere-sul-ruolo-delle-fondazioni-nel-contrasto-allemergenza\\\/#breadcrumb\",\"itemListElement\":[{\"@type\":\"ListItem\",\"position\":1,\"name\":\"Home\",\"item\":\"https:\\\/\\\/www.compagniadisanpaolo.it\\\/it\\\/\"},{\"@type\":\"ListItem\",\"position\":2,\"name\":\"Un webinar per discutere sul ruolo delle Fondazioni nel contrasto all\u2019emergenza\"}]},{\"@type\":\"WebSite\",\"@id\":\"https:\\\/\\\/www.compagniadisanpaolo.it\\\/it\\\/#website\",\"url\":\"https:\\\/\\\/www.compagniadisanpaolo.it\\\/it\\\/\",\"name\":\"Fondazione Compagnia di San Paolo\",\"description\":\"\",\"publisher\":{\"@id\":\"https:\\\/\\\/www.compagniadisanpaolo.it\\\/it\\\/#organization\"},\"potentialAction\":[{\"@type\":\"SearchAction\",\"target\":{\"@type\":\"EntryPoint\",\"urlTemplate\":\"https:\\\/\\\/www.compagniadisanpaolo.it\\\/it\\\/?s={search_term_string}\"},\"query-input\":{\"@type\":\"PropertyValueSpecification\",\"valueRequired\":true,\"valueName\":\"search_term_string\"}}],\"inLanguage\":\"it-IT\"},{\"@type\":\"Organization\",\"@id\":\"https:\\\/\\\/www.compagniadisanpaolo.it\\\/it\\\/#organization\",\"name\":\"Fondazione Compagnia di San Paolo\",\"url\":\"https:\\\/\\\/www.compagniadisanpaolo.it\\\/it\\\/\",\"logo\":{\"@type\":\"ImageObject\",\"inLanguage\":\"it-IT\",\"@id\":\"https:\\\/\\\/www.compagniadisanpaolo.it\\\/it\\\/#\\\/schema\\\/logo\\\/image\\\/\",\"url\":\"https:\\\/\\\/www.compagniadisanpaolo.it\\\/wp-content\\\/uploads\\\/logo.svg\",\"contentUrl\":\"https:\\\/\\\/www.compagniadisanpaolo.it\\\/wp-content\\\/uploads\\\/logo.svg\",\"width\":769,\"height\":323,\"caption\":\"Fondazione Compagnia di San Paolo\"},\"image\":{\"@id\":\"https:\\\/\\\/www.compagniadisanpaolo.it\\\/it\\\/#\\\/schema\\\/logo\\\/image\\\/\"},\"sameAs\":[\"https:\\\/\\\/www.facebook.com\\\/CompagniaDiSanPaolo\",\"https:\\\/\\\/x.com\\\/CSP_live\",\"http:\\\/\\\/instagram.com\\\/compagniadisanpaolo?ref=badge\",\"https:\\\/\\\/www.linkedin.com\\\/company\\\/compagnia-di-san-paolo\",\"https:\\\/\\\/www.youtube.com\\\/user\\\/compagniadisanpaolo\",\"https:\\\/\\\/it.wikipedia.org\\\/wiki\\\/Compagnia_di_San_Paolo\"]},{\"@type\":\"Person\",\"@id\":\"https:\\\/\\\/www.compagniadisanpaolo.it\\\/it\\\/#\\\/schema\\\/person\\\/b7d5451541c25c82f29c5be1e78456b2\",\"name\":\"Federica\",\"image\":{\"@type\":\"ImageObject\",\"inLanguage\":\"it-IT\",\"@id\":\"https:\\\/\\\/secure.gravatar.com\\\/avatar\\\/b5698fa13ac389b1f1fb1263a4626e219d853d7ccf112e854aea8c9c087d24ae?s=96&d=mm&r=g\",\"url\":\"https:\\\/\\\/secure.gravatar.com\\\/avatar\\\/b5698fa13ac389b1f1fb1263a4626e219d853d7ccf112e854aea8c9c087d24ae?s=96&d=mm&r=g\",\"contentUrl\":\"https:\\\/\\\/secure.gravatar.com\\\/avatar\\\/b5698fa13ac389b1f1fb1263a4626e219d853d7ccf112e854aea8c9c087d24ae?s=96&d=mm&r=g\",\"caption\":\"Federica\"}}]}<\/script>\n<!-- \/ Yoast SEO plugin. -->","yoast_head_json":{"title":"Un webinar per discutere sul ruolo delle Fondazioni nel contrasto all\u2019emergenza - Fondazione Compagnia di San Paolo","robots":{"index":"index","follow":"follow","max-snippet":"max-snippet:-1","max-image-preview":"max-image-preview:large","max-video-preview":"max-video-preview:-1"},"canonical":"https:\/\/www.compagniadisanpaolo.it\/it\/eventi\/un-webinar-per-discutere-sul-ruolo-delle-fondazioni-nel-contrasto-allemergenza\/","og_locale":"it_IT","og_type":"article","og_title":"Un webinar per discutere sul ruolo delle Fondazioni nel contrasto all\u2019emergenza - Fondazione Compagnia di San Paolo","og_url":"https:\/\/www.compagniadisanpaolo.it\/it\/eventi\/un-webinar-per-discutere-sul-ruolo-delle-fondazioni-nel-contrasto-allemergenza\/","og_site_name":"Fondazione Compagnia di San Paolo","article_publisher":"https:\/\/www.facebook.com\/CompagniaDiSanPaolo","article_published_time":"2020-06-10T10:48:20+00:00","article_modified_time":"2021-09-10T12:41:01+00:00","og_image":[{"width":1600,"height":900,"url":"https:\/\/www.compagniadisanpaolo.it\/wp-content\/uploads\/PLACEHOLDER-OBIETTIVI-CULTURA-BIG.jpg","type":"image\/jpeg"}],"author":"Federica","twitter_card":"summary_large_image","twitter_creator":"@CSP_live","twitter_site":"@CSP_live","twitter_misc":{"Scritto da":"Federica","Tempo di lettura stimato":"2 minuti"},"schema":{"@context":"https:\/\/schema.org","@graph":[{"@type":"Article","@id":"https:\/\/www.compagniadisanpaolo.it\/it\/eventi\/un-webinar-per-discutere-sul-ruolo-delle-fondazioni-nel-contrasto-allemergenza\/#article","isPartOf":{"@id":"https:\/\/www.compagniadisanpaolo.it\/it\/eventi\/un-webinar-per-discutere-sul-ruolo-delle-fondazioni-nel-contrasto-allemergenza\/"},"author":{"name":"Federica","@id":"https:\/\/www.compagniadisanpaolo.it\/it\/#\/schema\/person\/b7d5451541c25c82f29c5be1e78456b2"},"headline":"Un webinar per discutere sul ruolo delle Fondazioni nel contrasto all\u2019emergenza","datePublished":"2020-06-10T10:48:20+00:00","dateModified":"2021-09-10T12:41:01+00:00","mainEntityOfPage":{"@id":"https:\/\/www.compagniadisanpaolo.it\/it\/eventi\/un-webinar-per-discutere-sul-ruolo-delle-fondazioni-nel-contrasto-allemergenza\/"},"wordCount":364,"publisher":{"@id":"https:\/\/www.compagniadisanpaolo.it\/it\/#organization"},"image":{"@id":"https:\/\/www.compagniadisanpaolo.it\/it\/eventi\/un-webinar-per-discutere-sul-ruolo-delle-fondazioni-nel-contrasto-allemergenza\/#primaryimage"},"thumbnailUrl":"https:\/\/www.compagniadisanpaolo.it\/wp-content\/uploads\/PLACEHOLDER-OBIETTIVI-CULTURA-BIG.jpg","keywords":["oltre l'erogazione","sviluppo sostenibile"],"articleSection":["Eventi"],"inLanguage":"it-IT"},{"@type":"WebPage","@id":"https:\/\/www.compagniadisanpaolo.it\/it\/eventi\/un-webinar-per-discutere-sul-ruolo-delle-fondazioni-nel-contrasto-allemergenza\/","url":"https:\/\/www.compagniadisanpaolo.it\/it\/eventi\/un-webinar-per-discutere-sul-ruolo-delle-fondazioni-nel-contrasto-allemergenza\/","name":"Un webinar per discutere sul ruolo delle Fondazioni nel contrasto all\u2019emergenza - Fondazione Compagnia di San Paolo","isPartOf":{"@id":"https:\/\/www.compagniadisanpaolo.it\/it\/#website"},"primaryImageOfPage":{"@id":"https:\/\/www.compagniadisanpaolo.it\/it\/eventi\/un-webinar-per-discutere-sul-ruolo-delle-fondazioni-nel-contrasto-allemergenza\/#primaryimage"},"image":{"@id":"https:\/\/www.compagniadisanpaolo.it\/it\/eventi\/un-webinar-per-discutere-sul-ruolo-delle-fondazioni-nel-contrasto-allemergenza\/#primaryimage"},"thumbnailUrl":"https:\/\/www.compagniadisanpaolo.it\/wp-content\/uploads\/PLACEHOLDER-OBIETTIVI-CULTURA-BIG.jpg","datePublished":"2020-06-10T10:48:20+00:00","dateModified":"2021-09-10T12:41:01+00:00","breadcrumb":{"@id":"https:\/\/www.compagniadisanpaolo.it\/it\/eventi\/un-webinar-per-discutere-sul-ruolo-delle-fondazioni-nel-contrasto-allemergenza\/#breadcrumb"},"inLanguage":"it-IT","potentialAction":[{"@type":"ReadAction","target":["https:\/\/www.compagniadisanpaolo.it\/it\/eventi\/un-webinar-per-discutere-sul-ruolo-delle-fondazioni-nel-contrasto-allemergenza\/"]}]},{"@type":"ImageObject","inLanguage":"it-IT","@id":"https:\/\/www.compagniadisanpaolo.it\/it\/eventi\/un-webinar-per-discutere-sul-ruolo-delle-fondazioni-nel-contrasto-allemergenza\/#primaryimage","url":"https:\/\/www.compagniadisanpaolo.it\/wp-content\/uploads\/PLACEHOLDER-OBIETTIVI-CULTURA-BIG.jpg","contentUrl":"https:\/\/www.compagniadisanpaolo.it\/wp-content\/uploads\/PLACEHOLDER-OBIETTIVI-CULTURA-BIG.jpg","width":1600,"height":900},{"@type":"BreadcrumbList","@id":"https:\/\/www.compagniadisanpaolo.it\/it\/eventi\/un-webinar-per-discutere-sul-ruolo-delle-fondazioni-nel-contrasto-allemergenza\/#breadcrumb","itemListElement":[{"@type":"ListItem","position":1,"name":"Home","item":"https:\/\/www.compagniadisanpaolo.it\/it\/"},{"@type":"ListItem","position":2,"name":"Un webinar per discutere sul ruolo delle Fondazioni nel contrasto all\u2019emergenza"}]},{"@type":"WebSite","@id":"https:\/\/www.compagniadisanpaolo.it\/it\/#website","url":"https:\/\/www.compagniadisanpaolo.it\/it\/","name":"Fondazione Compagnia di San Paolo","description":"","publisher":{"@id":"https:\/\/www.compagniadisanpaolo.it\/it\/#organization"},"potentialAction":[{"@type":"SearchAction","target":{"@type":"EntryPoint","urlTemplate":"https:\/\/www.compagniadisanpaolo.it\/it\/?s={search_term_string}"},"query-input":{"@type":"PropertyValueSpecification","valueRequired":true,"valueName":"search_term_string"}}],"inLanguage":"it-IT"},{"@type":"Organization","@id":"https:\/\/www.compagniadisanpaolo.it\/it\/#organization","name":"Fondazione Compagnia di San Paolo","url":"https:\/\/www.compagniadisanpaolo.it\/it\/","logo":{"@type":"ImageObject","inLanguage":"it-IT","@id":"https:\/\/www.compagniadisanpaolo.it\/it\/#\/schema\/logo\/image\/","url":"https:\/\/www.compagniadisanpaolo.it\/wp-content\/uploads\/logo.svg","contentUrl":"https:\/\/www.compagniadisanpaolo.it\/wp-content\/uploads\/logo.svg","width":769,"height":323,"caption":"Fondazione Compagnia di San Paolo"},"image":{"@id":"https:\/\/www.compagniadisanpaolo.it\/it\/#\/schema\/logo\/image\/"},"sameAs":["https:\/\/www.facebook.com\/CompagniaDiSanPaolo","https:\/\/x.com\/CSP_live","http:\/\/instagram.com\/compagniadisanpaolo?ref=badge","https:\/\/www.linkedin.com\/company\/compagnia-di-san-paolo","https:\/\/www.youtube.com\/user\/compagniadisanpaolo","https:\/\/it.wikipedia.org\/wiki\/Compagnia_di_San_Paolo"]},{"@type":"Person","@id":"https:\/\/www.compagniadisanpaolo.it\/it\/#\/schema\/person\/b7d5451541c25c82f29c5be1e78456b2","name":"Federica","image":{"@type":"ImageObject","inLanguage":"it-IT","@id":"https:\/\/secure.gravatar.com\/avatar\/b5698fa13ac389b1f1fb1263a4626e219d853d7ccf112e854aea8c9c087d24ae?s=96&d=mm&r=g","url":"https:\/\/secure.gravatar.com\/avatar\/b5698fa13ac389b1f1fb1263a4626e219d853d7ccf112e854aea8c9c087d24ae?s=96&d=mm&r=g","contentUrl":"https:\/\/secure.gravatar.com\/avatar\/b5698fa13ac389b1f1fb1263a4626e219d853d7ccf112e854aea8c9c087d24ae?s=96&d=mm&r=g","caption":"Federica"}}]}},"amp_enabled":true,"_links":{"self":[{"href":"https:\/\/www.compagniadisanpaolo.it\/it\/wp-json\/wp\/v2\/posts\/4203","targetHints":{"allow":["GET"]}}],"collection":[{"href":"https:\/\/www.compagniadisanpaolo.it\/it\/wp-json\/wp\/v2\/posts"}],"about":[{"href":"https:\/\/www.compagniadisanpaolo.it\/it\/wp-json\/wp\/v2\/types\/post"}],"author":[{"embeddable":true,"href":"https:\/\/www.compagniadisanpaolo.it\/it\/wp-json\/wp\/v2\/users\/19"}],"replies":[{"embeddable":true,"href":"https:\/\/www.compagniadisanpaolo.it\/it\/wp-json\/wp\/v2\/comments?post=4203"}],"version-history":[{"count":3,"href":"https:\/\/www.compagniadisanpaolo.it\/it\/wp-json\/wp\/v2\/posts\/4203\/revisions"}],"predecessor-version":[{"id":4207,"href":"https:\/\/www.compagniadisanpaolo.it\/it\/wp-json\/wp\/v2\/posts\/4203\/revisions\/4207"}],"wp:featuredmedia":[{"embeddable":true,"href":"https:\/\/www.compagniadisanpaolo.it\/it\/wp-json\/wp\/v2\/media\/2563"}],"wp:attachment":[{"href":"https:\/\/www.compagniadisanpaolo.it\/it\/wp-json\/wp\/v2\/media?parent=4203"}],"wp:term":[{"taxonomy":"category","embeddable":true,"href":"https:\/\/www.compagniadisanpaolo.it\/it\/wp-json\/wp\/v2\/categories?post=4203"},{"taxonomy":"post_tag","embeddable":true,"href":"https:\/\/www.compagniadisanpaolo.it\/it\/wp-json\/wp\/v2\/tags?post=4203"}],"curies":[{"name":"wp","href":"https:\/\/api.w.org\/{rel}","templated":true}]}}