{"id":41524,"date":"2026-01-28T14:28:59","date_gmt":"2026-01-28T13:28:59","guid":{"rendered":"https:\/\/www.compagniadisanpaolo.it\/?p=41524"},"modified":"2026-01-28T17:08:31","modified_gmt":"2026-01-28T16:08:31","slug":"al-via-un-nuovo-progetto-di-social-housing-per-il-quartiere-falchera","status":"publish","type":"post","link":"https:\/\/www.compagniadisanpaolo.it\/it\/news\/al-via-un-nuovo-progetto-di-social-housing-per-il-quartiere-falchera\/","title":{"rendered":"Al via un nuovo progetto di social housing per il quartiere Falchera"},"content":{"rendered":"<div class=\"wpb-content-wrapper\">[vc_row][vc_column][vc_column_text css=&#8221;&#8221; el_class=&#8221;text-headline2&#8243;]Un intervento strutturale per rispondere al bisogno di offerta abitativa accessibile, attraverso la realizzazione di 263 alloggi a canone calmierato. Frutto del lavoro di un partenariato pubblico privato \u2013 di cui la Fondazione Compagnia di San Paolo \u00e8 parte attiva attraverso il Fondo Abitare Sostenibile Piemonte \u2013 il progetto si inserisce in una strategia condivisa per l\u2019abitare accessibile, la rigenerazione urbana e la coesione sociale.[\/vc_column_text][\/vc_column][\/vc_row][vc_row][vc_column][vc_column_text]\n<div class=\"info-box mission\">\n\t\t<div class=\"info-box-wrap info-box-hor row pb-0\">\n\n\t\t      \n\t\t      <div class=\"spalla col-12 col-md-12\">\n\t\t\t<div class=\"info-box sharing-box\">\n\t\t\t  <span class=\"label\">Condividi:<\/span>\n\t\t\t  <div class=\"social-sharing\">\n\t\t\t    <span class=\"box\">\n\t\t\t      <a class=\"fb\" href=\"https:\/\/www.facebook.com\/sharer.php?u=https:\/\/www.compagniadisanpaolo.it\/it\/news\/al-via-un-nuovo-progetto-di-social-housing-per-il-quartiere-falchera\/\" target=\"_blank\">\n\t\t\t\t<span class=\"sr-only\">Facebook<\/span>\n\t\t\t\t<i class=\"fab fa-facebook-f\"><\/i>\n\t\t\t      <\/a>\n\t\t\t    <\/span>\n\t\t\t    \n\t\t\t    <style>\n.twitter, .twitter:hover{\ncolor:#000000 !important;}\n<\/style>\n\n\n\t\t\t    <span class=\"box\">\n\t\t\t      <a class=\"twitter\" href=\"https:\/\/twitter.com\/intent\/tweet?url=https:\/\/www.compagniadisanpaolo.it\/it\/news\/al-via-un-nuovo-progetto-di-social-housing-per-il-quartiere-falchera\/\">\n\t\t\t\t<span class=\"sr-only\">Twitter<\/span>\n\t\t\t\t<i class=\"fa-brands fa-x-twitter\"><\/i>\n\t\t\t      <\/a>\n\t\t\t    <\/span>\n\n\t\t\t    \n\t\t\t    <span class=\"box\">\n\t\t\t      <a class=\"linkedin\" href=\"https:\/\/www.linkedin.com\/shareArticle?mini=true&url=https:\/\/www.compagniadisanpaolo.it\/it\/news\/al-via-un-nuovo-progetto-di-social-housing-per-il-quartiere-falchera\/\">\n\t\t\t\t<span class=\"sr-only\">Linkedin<\/span>\n\t\t\t\t  <i class=\"fa-brands fa-linkedin-in\"><\/i>\n\t\t\t      <\/a>\n\t\t\t    <\/span>\n\n\t\t\t    <span class=\"box\">\n\t\t\t      <a class=\"whatsapp\" href=\"whatsapp:\/\/send?text=https:\/\/www.compagniadisanpaolo.it\/it\/news\/al-via-un-nuovo-progetto-di-social-housing-per-il-quartiere-falchera\/\" data-action=\"share\/whatsapp\/share\">\n\t\t\t\t<span class=\"sr-only\">Whatsapp<\/span>\n\t\t\t\t<i class=\"fa-brands fa-whatsapp\"><\/i>\n\t\t\t      <\/a>\n\t\t\t    <\/span>\n\n\t\t\t    <span class=\"box\">\n\t\t\t      <a class=\"mail\" href=\"mailto:?subject=Al via un nuovo progetto di social housing per il quartiere Falchera&body=https:\/\/www.compagniadisanpaolo.it\/it\/news\/al-via-un-nuovo-progetto-di-social-housing-per-il-quartiere-falchera\/\">\n\t\t\t\t<span class=\"sr-only\">Mail<\/span>\n\t\t\t\t <i class=\"fa-solid fa-envelope\"><\/i>\n\t\t\t      <\/a>\n\t\t\t    <\/span>\n\t\t\t    \n\t\t\t  <\/div>\n\t\t\t<\/div>\n\t      <\/div>\n\t    <\/div><\/div>\n[\/vc_column_text][\/vc_column][\/vc_row][vc_row][vc_column width=&#8221;1\/4&#8243;][vc_column_text]\n\n\n\t\t<div class=\"info-box-wrap\">\n\n\t  <div class=\"info-box date-pub\">\n\t  \t<span class=\"label\">Data di pubblicazione:<\/span>\n\t    <span class=\"value\">28 Gennaio 2026<\/span>\n\t  <\/div>\n\t\t\t\t  <div class=\"info-box obj-people\">\n\t\t\t\t\t  <div class=\"info-box obj\"><span class=\"label\">Obiettivo<\/span>\n\t\t\t\t\t    <div class=\"obj-small-box\">\n\t\t\t\t\t      <span>Persone.<\/span>\n\t\t\t\t\t    <\/div>\n\t\t\t\t\t  <\/div>\n\t\t\t\t  <\/div>\n\t\t\t  <div class=\"info-box mission\"><span class=\"label\">Tag<\/span><a href=\"https:\/\/www.compagniadisanpaolo.it\/it\/tags\/risultati\/?_sft_post_tag=conservazione-del-patrimonio\" class=\"tag-element\">Conservazione del patrimonio<\/a><a href=\"https:\/\/www.compagniadisanpaolo.it\/it\/tags\/risultati\/?_sft_post_tag=housing-collaborativo\" class=\"tag-element\">Housing collaborativo<\/a><a href=\"https:\/\/www.compagniadisanpaolo.it\/it\/tags\/risultati\/?_sft_post_tag=oltre-lerogazione\" class=\"tag-element\">Oltre l'erogazione<\/a><a href=\"https:\/\/www.compagniadisanpaolo.it\/it\/tags\/risultati\/?_sft_post_tag=piena-cittadinanza-e-diritti\" class=\"tag-element\">Piena cittadinanza e diritti<\/a><a href=\"https:\/\/www.compagniadisanpaolo.it\/it\/tags\/risultati\/?_sft_post_tag=rigenerazione-urbana\" class=\"tag-element\">Rigenerazione urbana<\/a><\/div>\t  \n\t<\/div>\n[\/vc_column_text][\/vc_column][vc_column width=&#8221;3\/4&#8243; el_class=&#8221;page-content&#8221;][vc_column_text css=&#8221;&#8221; el_class=&#8221;text&#8221;]Questa mattina, nel quartiere <strong>Falchera<\/strong> di Torino, \u00e8 stato presentato un nuovo progetto di <strong>Social Housing<\/strong>, un intervento attualmente in corso di realizzazione e destinato <strong>a rafforzare in modo strutturale l\u2019offerta di abitazioni accessibili<\/strong> con un\u2019attenzione particolare per famiglie e giovani coppie. L\u2019obiettivo \u00e8 quello di ridurre i costi abitativi, favorendo percorsi di stabilit\u00e0 e inclusione.<\/p>\n<p>La presentazione, introdotta dall\u2019intervento del Sindaco di Torino <strong>Stefano Lo Russo<\/strong>, ha visto la partecipazione dei principali esponenti delle realt\u00e0 coinvolte nell\u2019iniziativa, tra cui <strong>Alberto Anfossi<\/strong>, Segretario Generale della Fondazione Compagnia di San Paolo, <strong>Paolo Mazzoleni<\/strong>, Assessore all\u2019Urbanistica del Comune di Torino, e <strong>Jacopo Rosatelli<\/strong>, Assessore alle Politiche Sociali.<\/p>\n<p>Erano inoltre presenti rappresentanti di <strong>CDP Real Asset<\/strong>, <strong>Investire SGR<\/strong>, <strong>Finint Investments<\/strong>, <strong>Sinloc<\/strong>, della <strong>Fondazione Housing Sociale<\/strong>, dello <strong>Studio Picco Architetti<\/strong>, della <strong>Cooperativa G. Di Vittorio<\/strong> e dell\u2019i<strong>mpresa COGEFA<\/strong>, ciascuno con un ruolo chiave nella progettazione, realizzazione e gestione dell\u2019intervento, cos\u00ec come <strong>membri del Comitato Falchera<\/strong>.<\/p>\n<p>Il progetto \u00e8 promosso dal <strong>Fondo Abitare Sostenibile Piemonte<\/strong> (<strong>FASP<\/strong>), gestito da <strong>Investire SGR<\/strong>, con la partecipazione di <strong>CDP Real Asset<\/strong>, della <strong>Fondazione Compagnia di San Paolo<\/strong> e delle <strong>principali fondazioni bancarie piemontesi<\/strong>, e si inserisce in un programma di investimenti di lungo periodo sul territorio. A supportare l\u2019iniziativa contribuisce un <strong>finanziamento di 10 milioni di euro del Fondo Piani Urbani Integrati<\/strong> (<strong>PUI<\/strong>), gestito dalla Banca Europea per gli Investimenti nell\u2019ambito del PNRR e attuato con il supporto del <strong>Gruppo Banca Finint e Sinloc<\/strong>.<\/p>\n<p>Come sottolineato da <strong>Alberto Anfossi<\/strong>, Segretario Generale della Fondazione Compagnia di San Paolo:<br \/>\n\u201cIl Fondo Abitare Sostenibile Piemonte (FASP) \u00e8 lo strumento che consente di passare dalla necessit\u00e0 all\u2019intervento: mette insieme risorse, competenze e una visione di lungo periodo per realizzare social housing di qualit\u00e0. La Fondazione Compagnia di San Paolo e le altre fondazioni piemontesi sostengono, attraverso il FASP, questo progetto con capitale paziente e, soprattutto, con un orientamento all\u2019impatto: l\u2019obiettivo non \u00e8 solo costruire alloggi, ma creare condizioni di benessere e coesione, perch\u00e9 l\u2019abitare accessibile \u00e8 la base di una citt\u00e0 pi\u00f9 giusta e inclusiva\u201d<\/p>\n<p>Con <strong>un investimento complessivo di circa 60 milioni di euro<\/strong>, il progetto <strong>Social Housing LivingTO<\/strong> <strong>nel quartiere Falchera<\/strong> si configura come una r<strong>isposta sistemica alle difficolt\u00e0 abitative<\/strong>, superando gli interventi emergenziali e offrendo nuove opportunit\u00e0.<\/p>\n<p>Coerentemente con la strategia delineata dalla <strong>Missione<\/strong> \u201c<strong>Abitare<\/strong> <strong>tra casa e territorio<\/strong>\u201d dell\u2019<strong>Obiettivo Persone<\/strong>, <strong>l\u2019iniziativa va oltre la costruzione di nuovi edifici, trasformandosi in un\u2019infrastruttura sociale e urbana che attiva servizi, relazioni e vantaggi per la comunit\u00e0<\/strong>.<\/p>\n<p>Gli alloggi diventano cos\u00ec il <strong>punto di partenza per rafforzare il tessuto sociale<\/strong>, ridurre le disuguaglianze e promuovere la permanenza sul territorio. <strong>Falchera<\/strong> si propone come un <strong>laboratorio di politiche abitative integrate<\/strong>, capace di coniugare qualit\u00e0 urbana, coesione sociale e sviluppo locale.<\/p>\n<p><strong>Le prime assegnazioni<\/strong> degli alloggi sono previste subito dopo il <strong>termine dei lavori<\/strong>, previsto per <strong>dicembre 2026<\/strong>, e saranno gestite dalla Cooperativa G. Di Vittorio, incaricata non solo delle locazioni, ma anche del coordinamento delle attivit\u00e0 di comunit\u00e0.<\/p>\n<p>In questo modo, il progetto consolida il proprio valore come strumento per costruire una comunit\u00e0 attiva, inclusiva e sostenibile, in piena coerenza con la visione strategica della Fondazione Compagnia di San Paolo.<br \/>\nPer ulteriori approfondimenti \u00e8 possibile leggere il comunicato stampa disponibile di seguito.[\/vc_column_text][vc_empty_space][vc_masonry_media_grid element_width=&#8221;3&#8243; css=&#8221;&#8221; grid_id=&#8221;vc_gid:1769616477190-f54c6f10-4c73-1&#8243; include=&#8221;41555,41547,41541,41543,41551,41553,41539,41560&#8243;][\/vc_column][\/vc_row][vc_row el_class=&#8221;sdg-list-wrap&#8221;][vc_column][vc_raw_html]JTVCbW9zdHJhU0RHUyU1RA==[\/vc_raw_html][\/vc_column][\/vc_row][vc_row el_class=&#8221;sdg-list-wrap&#8221;][vc_column][vc_raw_html]JTVCU2V6aW9uZV9Eb2N1bWVudGklNUQ=[\/vc_raw_html][\/vc_column][\/vc_row][vc_row][vc_column]<div class=\"templatera_shortcode\"><div data-vc-full-width=\"true\" data-vc-full-width-temp=\"true\" data-vc-full-width-init=\"false\" class=\"vc_row wpb_row vc_row-fluid newsletter-wrap\"><div class=\"wpb_column vc_column_container vc_col-sm-12\"><div class=\"vc_column-inner\"><div class=\"wpb_wrapper\">\n\t<div class=\"wpb_raw_code wpb_raw_html wpb_content_element\" >\n\t\t<div class=\"wpb_wrapper\">\n\t\t\t    <div class=\"container\">\n      <div class=\"row align-items-center\">\n\t<div class=\"col-12 col-lg-6 col-xl-5 mb-3 mb-lg-0 pr-0\">\n\t  <h2 class=\"title\">Rimani aggiornato sui nostri bandi e sui nostri progetti<\/h2>\n\t<\/div>\n\t<div class=\"col-12 col-lg-6 col-xl-7 pl-xl-4\">\n\t  <a class=\"standard-link-block\" href=\"\/it\/newsletter\/\">\n\t    Compila il form e decidi su quale argomento vuoi ricevere notizie.\t    <strong>\u00a0 ISCRIVITI!<\/strong>\n\t  <\/a>\n\t<\/div>\n      <\/div>\n    <\/div>\n\t\t<\/div>\n\t<\/div>\n<\/div><\/div><\/div><\/div><div class=\"vc_row-full-width vc_clearfix\"><\/div><\/div>[\/vc_column][\/vc_row]\n<\/div>","protected":false},"excerpt":{"rendered":"<p>Un intervento strutturale per rispondere al bisogno di offerta abitativa accessibile, attraverso la realizzazione di 263 alloggi a canone calmierato. Frutto del lavoro di un partenariato pubblico privato \u2013 di cui la Fondazione Compagnia di San Paolo \u00e8 parte attiva attraverso il Fondo Abitare Sostenibile Piemonte \u2013 il progetto si inserisce in una strategia condivisa per l\u2019abitare accessibile, la rigenerazione urbana e la coesione sociale.<\/p>\n","protected":false},"author":19,"featured_media":41533,"comment_status":"closed","ping_status":"closed","sticky":false,"template":"","format":"standard","meta":{"_acf_changed":false,"content-type":"","footnotes":""},"categories":[17],"tags":[91,76,69,93,77],"class_list":["post-41524","post","type-post","status-publish","format-standard","has-post-thumbnail","hentry","category-news","tag-conservazione-del-patrimonio","tag-housing-collaborativo","tag-oltre-lerogazione","tag-piena-cittadinanza-e-diritti","tag-rigenerazione-urbana","entry","post-inner"],"acf":[],"yoast_head":"<!-- This site is optimized with the Yoast SEO plugin v27.3 - https:\/\/yoast.com\/product\/yoast-seo-wordpress\/ -->\n<title>Al via un nuovo progetto di social housing per il quartiere Falchera - Fondazione Compagnia di San Paolo<\/title>\n<meta name=\"description\" content=\"Un intervento strutturale per rispondere al bisogno di offerta abitativa accessibile andando oltre le logiche di intervento emergenziali.\" \/>\n<meta name=\"robots\" content=\"index, follow, max-snippet:-1, max-image-preview:large, max-video-preview:-1\" \/>\n<link rel=\"canonical\" href=\"https:\/\/www.compagniadisanpaolo.it\/it\/news\/al-via-un-nuovo-progetto-di-social-housing-per-il-quartiere-falchera\/\" \/>\n<meta property=\"og:locale\" content=\"it_IT\" \/>\n<meta property=\"og:type\" content=\"article\" \/>\n<meta property=\"og:title\" content=\"Al via un nuovo progetto di social housing per il quartiere Falchera - Fondazione Compagnia di San Paolo\" \/>\n<meta property=\"og:description\" content=\"Un intervento strutturale per rispondere al bisogno di offerta abitativa accessibile andando oltre le logiche di intervento emergenziali.\" \/>\n<meta property=\"og:url\" content=\"https:\/\/www.compagniadisanpaolo.it\/it\/news\/al-via-un-nuovo-progetto-di-social-housing-per-il-quartiere-falchera\/\" \/>\n<meta property=\"og:site_name\" content=\"Fondazione Compagnia di San Paolo\" \/>\n<meta property=\"article:publisher\" content=\"https:\/\/www.facebook.com\/CompagniaDiSanPaolo\" \/>\n<meta property=\"article:published_time\" content=\"2026-01-28T13:28:59+00:00\" \/>\n<meta property=\"article:modified_time\" content=\"2026-01-28T16:08:31+00:00\" \/>\n<meta property=\"og:image\" content=\"https:\/\/www.compagniadisanpaolo.it\/wp-content\/uploads\/CSP_NEWS_Al-via-un-nuovo-progetto-di-social-housing-per-il-quartiere-Falchera_-815x350-1.png\" \/>\n\t<meta property=\"og:image:width\" content=\"815\" \/>\n\t<meta property=\"og:image:height\" content=\"350\" \/>\n\t<meta property=\"og:image:type\" content=\"image\/png\" \/>\n<meta name=\"author\" content=\"Federica\" \/>\n<meta name=\"twitter:card\" content=\"summary_large_image\" \/>\n<meta name=\"twitter:creator\" content=\"@CSP_live\" \/>\n<meta name=\"twitter:site\" content=\"@CSP_live\" \/>\n<meta name=\"twitter:label1\" content=\"Scritto da\" \/>\n\t<meta name=\"twitter:data1\" content=\"Federica\" \/>\n\t<meta name=\"twitter:label2\" content=\"Tempo di lettura stimato\" \/>\n\t<meta name=\"twitter:data2\" content=\"6 minuti\" \/>\n<script type=\"application\/ld+json\" class=\"yoast-schema-graph\">{\"@context\":\"https:\\\/\\\/schema.org\",\"@graph\":[{\"@type\":\"Article\",\"@id\":\"https:\\\/\\\/www.compagniadisanpaolo.it\\\/it\\\/news\\\/al-via-un-nuovo-progetto-di-social-housing-per-il-quartiere-falchera\\\/#article\",\"isPartOf\":{\"@id\":\"https:\\\/\\\/www.compagniadisanpaolo.it\\\/it\\\/news\\\/al-via-un-nuovo-progetto-di-social-housing-per-il-quartiere-falchera\\\/\"},\"author\":{\"name\":\"Federica\",\"@id\":\"https:\\\/\\\/www.compagniadisanpaolo.it\\\/it\\\/#\\\/schema\\\/person\\\/b7d5451541c25c82f29c5be1e78456b2\"},\"headline\":\"Al via un nuovo progetto di social housing per il quartiere Falchera\",\"datePublished\":\"2026-01-28T13:28:59+00:00\",\"dateModified\":\"2026-01-28T16:08:31+00:00\",\"mainEntityOfPage\":{\"@id\":\"https:\\\/\\\/www.compagniadisanpaolo.it\\\/it\\\/news\\\/al-via-un-nuovo-progetto-di-social-housing-per-il-quartiere-falchera\\\/\"},\"wordCount\":753,\"publisher\":{\"@id\":\"https:\\\/\\\/www.compagniadisanpaolo.it\\\/it\\\/#organization\"},\"image\":{\"@id\":\"https:\\\/\\\/www.compagniadisanpaolo.it\\\/it\\\/news\\\/al-via-un-nuovo-progetto-di-social-housing-per-il-quartiere-falchera\\\/#primaryimage\"},\"thumbnailUrl\":\"https:\\\/\\\/www.compagniadisanpaolo.it\\\/wp-content\\\/uploads\\\/CSP_NEWS_Al-via-un-nuovo-progetto-di-social-housing-per-il-quartiere-Falchera_-815x350-1.png\",\"keywords\":[\"conservazione del patrimonio\",\"housing collaborativo\",\"oltre l'erogazione\",\"piena cittadinanza e diritti\",\"rigenerazione urbana\"],\"articleSection\":[\"News\"],\"inLanguage\":\"it-IT\"},{\"@type\":\"WebPage\",\"@id\":\"https:\\\/\\\/www.compagniadisanpaolo.it\\\/it\\\/news\\\/al-via-un-nuovo-progetto-di-social-housing-per-il-quartiere-falchera\\\/\",\"url\":\"https:\\\/\\\/www.compagniadisanpaolo.it\\\/it\\\/news\\\/al-via-un-nuovo-progetto-di-social-housing-per-il-quartiere-falchera\\\/\",\"name\":\"Al via un nuovo progetto di social housing per il quartiere Falchera - Fondazione Compagnia di San Paolo\",\"isPartOf\":{\"@id\":\"https:\\\/\\\/www.compagniadisanpaolo.it\\\/it\\\/#website\"},\"primaryImageOfPage\":{\"@id\":\"https:\\\/\\\/www.compagniadisanpaolo.it\\\/it\\\/news\\\/al-via-un-nuovo-progetto-di-social-housing-per-il-quartiere-falchera\\\/#primaryimage\"},\"image\":{\"@id\":\"https:\\\/\\\/www.compagniadisanpaolo.it\\\/it\\\/news\\\/al-via-un-nuovo-progetto-di-social-housing-per-il-quartiere-falchera\\\/#primaryimage\"},\"thumbnailUrl\":\"https:\\\/\\\/www.compagniadisanpaolo.it\\\/wp-content\\\/uploads\\\/CSP_NEWS_Al-via-un-nuovo-progetto-di-social-housing-per-il-quartiere-Falchera_-815x350-1.png\",\"datePublished\":\"2026-01-28T13:28:59+00:00\",\"dateModified\":\"2026-01-28T16:08:31+00:00\",\"description\":\"Un intervento strutturale per rispondere al bisogno di offerta abitativa accessibile andando oltre le logiche di intervento emergenziali.\",\"breadcrumb\":{\"@id\":\"https:\\\/\\\/www.compagniadisanpaolo.it\\\/it\\\/news\\\/al-via-un-nuovo-progetto-di-social-housing-per-il-quartiere-falchera\\\/#breadcrumb\"},\"inLanguage\":\"it-IT\",\"potentialAction\":[{\"@type\":\"ReadAction\",\"target\":[\"https:\\\/\\\/www.compagniadisanpaolo.it\\\/it\\\/news\\\/al-via-un-nuovo-progetto-di-social-housing-per-il-quartiere-falchera\\\/\"]}]},{\"@type\":\"ImageObject\",\"inLanguage\":\"it-IT\",\"@id\":\"https:\\\/\\\/www.compagniadisanpaolo.it\\\/it\\\/news\\\/al-via-un-nuovo-progetto-di-social-housing-per-il-quartiere-falchera\\\/#primaryimage\",\"url\":\"https:\\\/\\\/www.compagniadisanpaolo.it\\\/wp-content\\\/uploads\\\/CSP_NEWS_Al-via-un-nuovo-progetto-di-social-housing-per-il-quartiere-Falchera_-815x350-1.png\",\"contentUrl\":\"https:\\\/\\\/www.compagniadisanpaolo.it\\\/wp-content\\\/uploads\\\/CSP_NEWS_Al-via-un-nuovo-progetto-di-social-housing-per-il-quartiere-Falchera_-815x350-1.png\",\"width\":815,\"height\":350},{\"@type\":\"BreadcrumbList\",\"@id\":\"https:\\\/\\\/www.compagniadisanpaolo.it\\\/it\\\/news\\\/al-via-un-nuovo-progetto-di-social-housing-per-il-quartiere-falchera\\\/#breadcrumb\",\"itemListElement\":[{\"@type\":\"ListItem\",\"position\":1,\"name\":\"Home\",\"item\":\"https:\\\/\\\/www.compagniadisanpaolo.it\\\/it\\\/\"},{\"@type\":\"ListItem\",\"position\":2,\"name\":\"Al via un nuovo progetto di social housing per il quartiere Falchera\"}]},{\"@type\":\"WebSite\",\"@id\":\"https:\\\/\\\/www.compagniadisanpaolo.it\\\/it\\\/#website\",\"url\":\"https:\\\/\\\/www.compagniadisanpaolo.it\\\/it\\\/\",\"name\":\"Fondazione Compagnia di San Paolo\",\"description\":\"\",\"publisher\":{\"@id\":\"https:\\\/\\\/www.compagniadisanpaolo.it\\\/it\\\/#organization\"},\"potentialAction\":[{\"@type\":\"SearchAction\",\"target\":{\"@type\":\"EntryPoint\",\"urlTemplate\":\"https:\\\/\\\/www.compagniadisanpaolo.it\\\/it\\\/?s={search_term_string}\"},\"query-input\":{\"@type\":\"PropertyValueSpecification\",\"valueRequired\":true,\"valueName\":\"search_term_string\"}}],\"inLanguage\":\"it-IT\"},{\"@type\":\"Organization\",\"@id\":\"https:\\\/\\\/www.compagniadisanpaolo.it\\\/it\\\/#organization\",\"name\":\"Fondazione Compagnia di San Paolo\",\"url\":\"https:\\\/\\\/www.compagniadisanpaolo.it\\\/it\\\/\",\"logo\":{\"@type\":\"ImageObject\",\"inLanguage\":\"it-IT\",\"@id\":\"https:\\\/\\\/www.compagniadisanpaolo.it\\\/it\\\/#\\\/schema\\\/logo\\\/image\\\/\",\"url\":\"https:\\\/\\\/www.compagniadisanpaolo.it\\\/wp-content\\\/uploads\\\/logo.svg\",\"contentUrl\":\"https:\\\/\\\/www.compagniadisanpaolo.it\\\/wp-content\\\/uploads\\\/logo.svg\",\"width\":769,\"height\":323,\"caption\":\"Fondazione Compagnia di San Paolo\"},\"image\":{\"@id\":\"https:\\\/\\\/www.compagniadisanpaolo.it\\\/it\\\/#\\\/schema\\\/logo\\\/image\\\/\"},\"sameAs\":[\"https:\\\/\\\/www.facebook.com\\\/CompagniaDiSanPaolo\",\"https:\\\/\\\/x.com\\\/CSP_live\",\"http:\\\/\\\/instagram.com\\\/compagniadisanpaolo?ref=badge\",\"https:\\\/\\\/www.linkedin.com\\\/company\\\/compagnia-di-san-paolo\",\"https:\\\/\\\/www.youtube.com\\\/user\\\/compagniadisanpaolo\",\"https:\\\/\\\/it.wikipedia.org\\\/wiki\\\/Compagnia_di_San_Paolo\"]},{\"@type\":\"Person\",\"@id\":\"https:\\\/\\\/www.compagniadisanpaolo.it\\\/it\\\/#\\\/schema\\\/person\\\/b7d5451541c25c82f29c5be1e78456b2\",\"name\":\"Federica\",\"image\":{\"@type\":\"ImageObject\",\"inLanguage\":\"it-IT\",\"@id\":\"https:\\\/\\\/secure.gravatar.com\\\/avatar\\\/b5698fa13ac389b1f1fb1263a4626e219d853d7ccf112e854aea8c9c087d24ae?s=96&d=mm&r=g\",\"url\":\"https:\\\/\\\/secure.gravatar.com\\\/avatar\\\/b5698fa13ac389b1f1fb1263a4626e219d853d7ccf112e854aea8c9c087d24ae?s=96&d=mm&r=g\",\"contentUrl\":\"https:\\\/\\\/secure.gravatar.com\\\/avatar\\\/b5698fa13ac389b1f1fb1263a4626e219d853d7ccf112e854aea8c9c087d24ae?s=96&d=mm&r=g\",\"caption\":\"Federica\"}}]}<\/script>\n<!-- \/ Yoast SEO plugin. -->","yoast_head_json":{"title":"Al via un nuovo progetto di social housing per il quartiere Falchera - Fondazione Compagnia di San Paolo","description":"Un intervento strutturale per rispondere al bisogno di offerta abitativa accessibile andando oltre le logiche di intervento emergenziali.","robots":{"index":"index","follow":"follow","max-snippet":"max-snippet:-1","max-image-preview":"max-image-preview:large","max-video-preview":"max-video-preview:-1"},"canonical":"https:\/\/www.compagniadisanpaolo.it\/it\/news\/al-via-un-nuovo-progetto-di-social-housing-per-il-quartiere-falchera\/","og_locale":"it_IT","og_type":"article","og_title":"Al via un nuovo progetto di social housing per il quartiere Falchera - Fondazione Compagnia di San Paolo","og_description":"Un intervento strutturale per rispondere al bisogno di offerta abitativa accessibile andando oltre le logiche di intervento emergenziali.","og_url":"https:\/\/www.compagniadisanpaolo.it\/it\/news\/al-via-un-nuovo-progetto-di-social-housing-per-il-quartiere-falchera\/","og_site_name":"Fondazione Compagnia di San Paolo","article_publisher":"https:\/\/www.facebook.com\/CompagniaDiSanPaolo","article_published_time":"2026-01-28T13:28:59+00:00","article_modified_time":"2026-01-28T16:08:31+00:00","og_image":[{"width":815,"height":350,"url":"https:\/\/www.compagniadisanpaolo.it\/wp-content\/uploads\/CSP_NEWS_Al-via-un-nuovo-progetto-di-social-housing-per-il-quartiere-Falchera_-815x350-1.png","type":"image\/png"}],"author":"Federica","twitter_card":"summary_large_image","twitter_creator":"@CSP_live","twitter_site":"@CSP_live","twitter_misc":{"Scritto da":"Federica","Tempo di lettura stimato":"6 minuti"},"schema":{"@context":"https:\/\/schema.org","@graph":[{"@type":"Article","@id":"https:\/\/www.compagniadisanpaolo.it\/it\/news\/al-via-un-nuovo-progetto-di-social-housing-per-il-quartiere-falchera\/#article","isPartOf":{"@id":"https:\/\/www.compagniadisanpaolo.it\/it\/news\/al-via-un-nuovo-progetto-di-social-housing-per-il-quartiere-falchera\/"},"author":{"name":"Federica","@id":"https:\/\/www.compagniadisanpaolo.it\/it\/#\/schema\/person\/b7d5451541c25c82f29c5be1e78456b2"},"headline":"Al via un nuovo progetto di social housing per il quartiere Falchera","datePublished":"2026-01-28T13:28:59+00:00","dateModified":"2026-01-28T16:08:31+00:00","mainEntityOfPage":{"@id":"https:\/\/www.compagniadisanpaolo.it\/it\/news\/al-via-un-nuovo-progetto-di-social-housing-per-il-quartiere-falchera\/"},"wordCount":753,"publisher":{"@id":"https:\/\/www.compagniadisanpaolo.it\/it\/#organization"},"image":{"@id":"https:\/\/www.compagniadisanpaolo.it\/it\/news\/al-via-un-nuovo-progetto-di-social-housing-per-il-quartiere-falchera\/#primaryimage"},"thumbnailUrl":"https:\/\/www.compagniadisanpaolo.it\/wp-content\/uploads\/CSP_NEWS_Al-via-un-nuovo-progetto-di-social-housing-per-il-quartiere-Falchera_-815x350-1.png","keywords":["conservazione del patrimonio","housing collaborativo","oltre l'erogazione","piena cittadinanza e diritti","rigenerazione urbana"],"articleSection":["News"],"inLanguage":"it-IT"},{"@type":"WebPage","@id":"https:\/\/www.compagniadisanpaolo.it\/it\/news\/al-via-un-nuovo-progetto-di-social-housing-per-il-quartiere-falchera\/","url":"https:\/\/www.compagniadisanpaolo.it\/it\/news\/al-via-un-nuovo-progetto-di-social-housing-per-il-quartiere-falchera\/","name":"Al via un nuovo progetto di social housing per il quartiere Falchera - Fondazione Compagnia di San Paolo","isPartOf":{"@id":"https:\/\/www.compagniadisanpaolo.it\/it\/#website"},"primaryImageOfPage":{"@id":"https:\/\/www.compagniadisanpaolo.it\/it\/news\/al-via-un-nuovo-progetto-di-social-housing-per-il-quartiere-falchera\/#primaryimage"},"image":{"@id":"https:\/\/www.compagniadisanpaolo.it\/it\/news\/al-via-un-nuovo-progetto-di-social-housing-per-il-quartiere-falchera\/#primaryimage"},"thumbnailUrl":"https:\/\/www.compagniadisanpaolo.it\/wp-content\/uploads\/CSP_NEWS_Al-via-un-nuovo-progetto-di-social-housing-per-il-quartiere-Falchera_-815x350-1.png","datePublished":"2026-01-28T13:28:59+00:00","dateModified":"2026-01-28T16:08:31+00:00","description":"Un intervento strutturale per rispondere al bisogno di offerta abitativa accessibile andando oltre le logiche di intervento emergenziali.","breadcrumb":{"@id":"https:\/\/www.compagniadisanpaolo.it\/it\/news\/al-via-un-nuovo-progetto-di-social-housing-per-il-quartiere-falchera\/#breadcrumb"},"inLanguage":"it-IT","potentialAction":[{"@type":"ReadAction","target":["https:\/\/www.compagniadisanpaolo.it\/it\/news\/al-via-un-nuovo-progetto-di-social-housing-per-il-quartiere-falchera\/"]}]},{"@type":"ImageObject","inLanguage":"it-IT","@id":"https:\/\/www.compagniadisanpaolo.it\/it\/news\/al-via-un-nuovo-progetto-di-social-housing-per-il-quartiere-falchera\/#primaryimage","url":"https:\/\/www.compagniadisanpaolo.it\/wp-content\/uploads\/CSP_NEWS_Al-via-un-nuovo-progetto-di-social-housing-per-il-quartiere-Falchera_-815x350-1.png","contentUrl":"https:\/\/www.compagniadisanpaolo.it\/wp-content\/uploads\/CSP_NEWS_Al-via-un-nuovo-progetto-di-social-housing-per-il-quartiere-Falchera_-815x350-1.png","width":815,"height":350},{"@type":"BreadcrumbList","@id":"https:\/\/www.compagniadisanpaolo.it\/it\/news\/al-via-un-nuovo-progetto-di-social-housing-per-il-quartiere-falchera\/#breadcrumb","itemListElement":[{"@type":"ListItem","position":1,"name":"Home","item":"https:\/\/www.compagniadisanpaolo.it\/it\/"},{"@type":"ListItem","position":2,"name":"Al via un nuovo progetto di social housing per il quartiere Falchera"}]},{"@type":"WebSite","@id":"https:\/\/www.compagniadisanpaolo.it\/it\/#website","url":"https:\/\/www.compagniadisanpaolo.it\/it\/","name":"Fondazione Compagnia di San Paolo","description":"","publisher":{"@id":"https:\/\/www.compagniadisanpaolo.it\/it\/#organization"},"potentialAction":[{"@type":"SearchAction","target":{"@type":"EntryPoint","urlTemplate":"https:\/\/www.compagniadisanpaolo.it\/it\/?s={search_term_string}"},"query-input":{"@type":"PropertyValueSpecification","valueRequired":true,"valueName":"search_term_string"}}],"inLanguage":"it-IT"},{"@type":"Organization","@id":"https:\/\/www.compagniadisanpaolo.it\/it\/#organization","name":"Fondazione Compagnia di San Paolo","url":"https:\/\/www.compagniadisanpaolo.it\/it\/","logo":{"@type":"ImageObject","inLanguage":"it-IT","@id":"https:\/\/www.compagniadisanpaolo.it\/it\/#\/schema\/logo\/image\/","url":"https:\/\/www.compagniadisanpaolo.it\/wp-content\/uploads\/logo.svg","contentUrl":"https:\/\/www.compagniadisanpaolo.it\/wp-content\/uploads\/logo.svg","width":769,"height":323,"caption":"Fondazione Compagnia di San Paolo"},"image":{"@id":"https:\/\/www.compagniadisanpaolo.it\/it\/#\/schema\/logo\/image\/"},"sameAs":["https:\/\/www.facebook.com\/CompagniaDiSanPaolo","https:\/\/x.com\/CSP_live","http:\/\/instagram.com\/compagniadisanpaolo?ref=badge","https:\/\/www.linkedin.com\/company\/compagnia-di-san-paolo","https:\/\/www.youtube.com\/user\/compagniadisanpaolo","https:\/\/it.wikipedia.org\/wiki\/Compagnia_di_San_Paolo"]},{"@type":"Person","@id":"https:\/\/www.compagniadisanpaolo.it\/it\/#\/schema\/person\/b7d5451541c25c82f29c5be1e78456b2","name":"Federica","image":{"@type":"ImageObject","inLanguage":"it-IT","@id":"https:\/\/secure.gravatar.com\/avatar\/b5698fa13ac389b1f1fb1263a4626e219d853d7ccf112e854aea8c9c087d24ae?s=96&d=mm&r=g","url":"https:\/\/secure.gravatar.com\/avatar\/b5698fa13ac389b1f1fb1263a4626e219d853d7ccf112e854aea8c9c087d24ae?s=96&d=mm&r=g","contentUrl":"https:\/\/secure.gravatar.com\/avatar\/b5698fa13ac389b1f1fb1263a4626e219d853d7ccf112e854aea8c9c087d24ae?s=96&d=mm&r=g","caption":"Federica"}}]}},"amp_enabled":true,"_links":{"self":[{"href":"https:\/\/www.compagniadisanpaolo.it\/it\/wp-json\/wp\/v2\/posts\/41524","targetHints":{"allow":["GET"]}}],"collection":[{"href":"https:\/\/www.compagniadisanpaolo.it\/it\/wp-json\/wp\/v2\/posts"}],"about":[{"href":"https:\/\/www.compagniadisanpaolo.it\/it\/wp-json\/wp\/v2\/types\/post"}],"author":[{"embeddable":true,"href":"https:\/\/www.compagniadisanpaolo.it\/it\/wp-json\/wp\/v2\/users\/19"}],"replies":[{"embeddable":true,"href":"https:\/\/www.compagniadisanpaolo.it\/it\/wp-json\/wp\/v2\/comments?post=41524"}],"version-history":[{"count":5,"href":"https:\/\/www.compagniadisanpaolo.it\/it\/wp-json\/wp\/v2\/posts\/41524\/revisions"}],"predecessor-version":[{"id":41568,"href":"https:\/\/www.compagniadisanpaolo.it\/it\/wp-json\/wp\/v2\/posts\/41524\/revisions\/41568"}],"wp:featuredmedia":[{"embeddable":true,"href":"https:\/\/www.compagniadisanpaolo.it\/it\/wp-json\/wp\/v2\/media\/41533"}],"wp:attachment":[{"href":"https:\/\/www.compagniadisanpaolo.it\/it\/wp-json\/wp\/v2\/media?parent=41524"}],"wp:term":[{"taxonomy":"category","embeddable":true,"href":"https:\/\/www.compagniadisanpaolo.it\/it\/wp-json\/wp\/v2\/categories?post=41524"},{"taxonomy":"post_tag","embeddable":true,"href":"https:\/\/www.compagniadisanpaolo.it\/it\/wp-json\/wp\/v2\/tags?post=41524"}],"curies":[{"name":"wp","href":"https:\/\/api.w.org\/{rel}","templated":true}]}}