{"id":41343,"date":"2026-01-21T14:27:13","date_gmt":"2026-01-21T13:27:13","guid":{"rendered":"https:\/\/www.compagniadisanpaolo.it\/?p=41343"},"modified":"2026-01-21T15:11:24","modified_gmt":"2026-01-21T14:11:24","slug":"430-anni-di-storie-che-parlano-al-futuro","status":"publish","type":"post","link":"https:\/\/www.compagniadisanpaolo.it\/it\/news\/430-anni-di-storie-che-parlano-al-futuro\/","title":{"rendered":"430 anni di storie che parlano al futuro"},"content":{"rendered":"<div class=\"wpb-content-wrapper\">[vc_row][vc_column][vc_column_text css=&#8221;&#8221; el_class=&#8221;text-headline2&#8243;]Alla presenza del Presidente della Repubblica Sergio Mattarella, l\u2019evento per i 430 anni della Fondazione Ufficio Pio ha offerto l\u2019occasione per rileggere una storia secolare alla luce delle sfide contemporanee. Un anniversario che racconta un\u2019eredit\u00e0, ma anche una visione condivisa dal Gruppo Compagnia di San Paolo, impegnato a generare cambiamento sociale duraturo attraverso una filantropia orientata al futuro delle persone, delle comunit\u00e0 e del Pianeta.[\/vc_column_text][\/vc_column][\/vc_row][vc_row][vc_column][vc_column_text]\n<div class=\"info-box mission\">\n\t\t<div class=\"info-box-wrap info-box-hor row pb-0\">\n\n\t\t      \n\t\t      <div class=\"spalla col-12 col-md-12\">\n\t\t\t<div class=\"info-box sharing-box\">\n\t\t\t  <span class=\"label\">Condividi:<\/span>\n\t\t\t  <div class=\"social-sharing\">\n\t\t\t    <span class=\"box\">\n\t\t\t      <a class=\"fb\" href=\"https:\/\/www.facebook.com\/sharer.php?u=https:\/\/www.compagniadisanpaolo.it\/it\/news\/430-anni-di-storie-che-parlano-al-futuro\/\" target=\"_blank\">\n\t\t\t\t<span class=\"sr-only\">Facebook<\/span>\n\t\t\t\t<i class=\"fab fa-facebook-f\"><\/i>\n\t\t\t      <\/a>\n\t\t\t    <\/span>\n\t\t\t    \n\t\t\t    <style>\n.twitter, .twitter:hover{\ncolor:#000000 !important;}\n<\/style>\n\n\n\t\t\t    <span class=\"box\">\n\t\t\t      <a class=\"twitter\" href=\"https:\/\/twitter.com\/intent\/tweet?url=https:\/\/www.compagniadisanpaolo.it\/it\/news\/430-anni-di-storie-che-parlano-al-futuro\/\">\n\t\t\t\t<span class=\"sr-only\">Twitter<\/span>\n\t\t\t\t<i class=\"fa-brands fa-x-twitter\"><\/i>\n\t\t\t      <\/a>\n\t\t\t    <\/span>\n\n\t\t\t    \n\t\t\t    <span class=\"box\">\n\t\t\t      <a class=\"linkedin\" href=\"https:\/\/www.linkedin.com\/shareArticle?mini=true&url=https:\/\/www.compagniadisanpaolo.it\/it\/news\/430-anni-di-storie-che-parlano-al-futuro\/\">\n\t\t\t\t<span class=\"sr-only\">Linkedin<\/span>\n\t\t\t\t  <i class=\"fa-brands fa-linkedin-in\"><\/i>\n\t\t\t      <\/a>\n\t\t\t    <\/span>\n\n\t\t\t    <span class=\"box\">\n\t\t\t      <a class=\"whatsapp\" href=\"whatsapp:\/\/send?text=https:\/\/www.compagniadisanpaolo.it\/it\/news\/430-anni-di-storie-che-parlano-al-futuro\/\" data-action=\"share\/whatsapp\/share\">\n\t\t\t\t<span class=\"sr-only\">Whatsapp<\/span>\n\t\t\t\t<i class=\"fa-brands fa-whatsapp\"><\/i>\n\t\t\t      <\/a>\n\t\t\t    <\/span>\n\n\t\t\t    <span class=\"box\">\n\t\t\t      <a class=\"mail\" href=\"mailto:?subject=430 anni di storie che parlano al futuro&body=https:\/\/www.compagniadisanpaolo.it\/it\/news\/430-anni-di-storie-che-parlano-al-futuro\/\">\n\t\t\t\t<span class=\"sr-only\">Mail<\/span>\n\t\t\t\t <i class=\"fa-solid fa-envelope\"><\/i>\n\t\t\t      <\/a>\n\t\t\t    <\/span>\n\t\t\t    \n\t\t\t  <\/div>\n\t\t\t<\/div>\n\t      <\/div>\n\t    <\/div><\/div>\n[\/vc_column_text][\/vc_column][\/vc_row][vc_row][vc_column width=&#8221;1\/4&#8243;][vc_column_text]\n\n\n\t\t<div class=\"info-box-wrap\">\n\n\t  <div class=\"info-box date-pub\">\n\t  \t<span class=\"label\">Data di pubblicazione:<\/span>\n\t    <span class=\"value\">21 Gennaio 2026<\/span>\n\t  <\/div>\n\t\t\t\t  <div class=\"info-box obj-people\">\n\t\t\t\t\t  <div class=\"info-box obj\"><span class=\"label\">Obiettivo<\/span>\n\t\t\t\t\t    <div class=\"obj-small-box\">\n\t\t\t\t\t      <span>Persone.<\/span>\n\t\t\t\t\t    <\/div>\n\t\t\t\t\t  <\/div>\n\t\t\t\t  <\/div>\n\t\t\t  <div class=\"info-box mission\"><span class=\"label\">Tag<\/span><a href=\"https:\/\/www.compagniadisanpaolo.it\/it\/tags\/risultati\/?_sft_post_tag=benessere-delle-comunita\" class=\"tag-element\">Benessere delle comunit\u00e0<\/a><a href=\"https:\/\/www.compagniadisanpaolo.it\/it\/tags\/risultati\/?_sft_post_tag=capitale-sociale\" class=\"tag-element\">Capitale sociale<\/a><a href=\"https:\/\/www.compagniadisanpaolo.it\/it\/tags\/risultati\/?_sft_post_tag=empowerment-delle-famiglie\" class=\"tag-element\">Empowerment delle famiglie<\/a><a href=\"https:\/\/www.compagniadisanpaolo.it\/it\/tags\/risultati\/?_sft_post_tag=gruppo-compagnia\" class=\"tag-element\">Gruppo compagnia<\/a><a href=\"https:\/\/www.compagniadisanpaolo.it\/it\/tags\/risultati\/?_sft_post_tag=lotta-alla-poverta\" class=\"tag-element\">Lotta alla povert\u00e0<\/a><a href=\"https:\/\/www.compagniadisanpaolo.it\/it\/tags\/risultati\/?_sft_post_tag=protagonismo-delle-comunita\" class=\"tag-element\">Protagonismo delle comunit\u00e0<\/a><a href=\"https:\/\/www.compagniadisanpaolo.it\/it\/tags\/risultati\/?_sft_post_tag=riduzione-delle-disuguaglianze\" class=\"tag-element\">Riduzione delle disuguaglianze<\/a><\/div>\t  \n\t<\/div>\n[\/vc_column_text][\/vc_column][vc_column width=&#8221;3\/4&#8243; el_class=&#8221;page-content&#8221;][vc_column_text css=&#8221;&#8221; el_class=&#8221;text&#8221;]Si \u00e8 tenuto lo scorso 20 gennaio, alla presenza del <strong>Presidente della Repubblica Sergio Mattarella<\/strong>, l\u2019evento \u201c<strong>430 anni di storie e cambiamento sociale<\/strong>\u201d. Promosso in occasione dei festeggiamenti dell\u2019anniversario della <strong>Fondazione Ufficio Pio<\/strong>, l\u2019incontro si \u00e8 tenuto presso le <strong>Gallerie d\u2019Italia<\/strong> di <strong>Intesa Sanpaolo.<\/strong><\/p>\n<p>La cerimonia ha visto la partecipazione delle principali autorit\u00e0 del territorio e del mondo istituzionale. Tra loro, il Presidente della Fondazione Compagnia di San Paolo <strong>Marco Gilli<\/strong> con il Segretario Generale <strong>Alberto Anfossi<\/strong>, la Presidente della Fondazione Ufficio Pio <strong>Franca Maino<\/strong> con il Direttore<strong> William Revello<\/strong>, il Presidente della Regione Piemonte <strong>Alberto Cirio<\/strong>, il Sindaco di Torino <strong>Stefano Lo Russo<\/strong>, il Prefetto <strong>Donato Cafagna<\/strong> e l\u2019Arcivescovo di Torino, Cardinale <strong>Roberto Repole<\/strong>.<\/p>\n<p>Numerose personalit\u00e0 civili, militari e religiose, insieme a rappresentanti del mondo sociale, culturale e istituzionale, hanno contribuito a rendere l\u2019incontro un <strong>momento di condivisione e riflessione<\/strong> sul <strong>valore della storia e dell\u2019impegno collettivo<\/strong>, in un contesto solenne e profondamente orientato al futuro, che ha offerto l\u2019occasione per <strong>ripercorrere il ruolo dell\u2019Ufficio Pio <\/strong>come parte integrante della <strong>visione pi\u00f9 ampia del Gruppo Fondazione Compagnia di San Paolo<\/strong>.<\/p>\n<p>Fondata nel 1595, la <strong>Fondazione Ufficio Pio<\/strong> \u00e8 infatti uno degli <strong>esempi pi\u00f9 longevi di impegno strutturato contro la povert\u00e0 e le disuguaglianze<\/strong>, che all\u2019interno dell\u2019intero Gruppo opera come <strong>laboratorio di innovazione sociale<\/strong>, capace di intercettare le nuove forme di vulnerabilit\u00e0 \u2013 economiche, educative, abitative e relazionali \u2013 e di trasformarle in ambiti di sperimentazione.<\/p>\n<p>\u00c8 in questo contesto di continuit\u00e0 storica e di azione sul territorio che il Presidente della Fondazione Compagnia di San Paolo, <strong>Marco Gilli<\/strong>, ha ribadito l\u2019importanza della filantropia contemporanea e della responsabilit\u00e0 del Gruppo:<\/p>\n<p>\u00ab<em>La Fondazione Ufficio Pio esprime una filantropia contemporanea, orientata ad agire sulle cause delle disuguaglianze. In questa giornata di particolare rilievo, alla presenza del Presidente della Repubblica Sergio Mattarella, la Fondazione Compagnia di San Paolo conferma il pieno sostegno a questo approccio e rinnova la propria responsabilit\u00e0 istituzionale a servizio del Paese. Forti della nostra storia e dei modelli di collaborazione costruiti nel tempo, intendiamo contribuire a un cambiamento concreto, misurabile e duraturo, per costruire comunit\u00e0 pi\u00f9 giuste e una societ\u00e0 pi\u00f9 coesa, capace di affrontare le sfide che ci attendono, nel solco dei valori democratici e con uno sguardo di fiducia rivolto alle giovani generazioni<\/em>\u00bb, ha dichiarato il <strong>Presidente<\/strong> <strong>Gilli<\/strong>.<\/p>\n<p>I <strong>percorsi<\/strong> <strong>di accompagnamento<\/strong> <strong>e attivazione<\/strong> promossi dall\u2019Ufficio Pio <strong>coinvolgono ogni anno oltre 17.000 persone<\/strong>, con interventi progettati per rafforzare autonomia, responsabilizzazione ed empowerment.<\/p>\n<p><strong>Un\u2019esperienza tangibile che incarna un tassello chiave della strategia complessiva del Gruppo <\/strong>delineata dal Presidente <strong>Marco Gilli<\/strong> nel corso del suo intervento, <strong>e che traduce l\u2019eredit\u00e0 storica della Compagnia<\/strong> <strong>di San Paolo in una risposta sistemica alle sfide contemporanee<\/strong>, come la transizione tecnologica e il calo demografico.<\/p>\n<p><strong>Al centro dell\u2019azione della Fondazione Compagnia di San Paolo c\u2019\u00e8 un <\/strong>\u201c<strong>piano per i giovani<\/strong>\u201d, un impegno volto a <strong>offrire opportunit\u00e0 di riscatto e crescita<\/strong> <strong>attraverso un modello di partnership avanzata<\/strong>, che unisce forze pubbliche, private e filantropiche. Un <strong>approccio che poggia su tre pilastri<\/strong> fondamentali \u2013 <strong>educazione<\/strong>, <strong>innovazione<\/strong> e <strong>partecipazione<\/strong> \u2013 trasformando l\u2019<strong>operato del Gruppo <\/strong>in un<strong> motore di cambiamento misurabile<\/strong>, in cui le nuove generazioni diventano protagoniste attive delle scelte istituzionali.<\/p>\n<p><strong>A rendere efficace questa strategia \u00e8 il metodo<\/strong> con cui viene applicata. Nel corso dell\u2019evento il <strong>Segretario Generale Alberto Anfossi<\/strong> ha illustrato come il Gruppo traduca le proprie priorit\u00e0 in azioni, configurandosi come una vera e propria<strong> infrastruttura sociale<\/strong>.<\/p>\n<p><strong>Un modello operativo che si fonda sulla costruzione di<\/strong> <strong>relazioni di fiducia<\/strong> con gli enti realizzatori, basate sui risultati e sulla sostenibilit\u00e0 pi\u00f9 che sulla semplice rendicontazione, <strong>sull\u2019assunzione di un rischio razionale<\/strong> per sostenere progetti complessi e di lungo periodo e <strong>su un apprendimento continuo che nasce dalla raccolta e dall\u2019analisi dei dati<\/strong>.<\/p>\n<p>Questo approccio prende forma attraverso un modello di <strong>partnership avanzata tra pubblico<\/strong>, <strong>privato<\/strong> e <strong>filantropia<\/strong>, uno strumento essenziale per <strong>mobilitare risorse<\/strong>, <strong>promuovere innovazione<\/strong> sociale ed economica e <strong>garantire un impatto concreto <\/strong>sulle nuove generazioni e sulle comunit\u00e0 coinvolte.<\/p>\n<p><strong>Ogni progetto nasce per generare impatto tangibile<\/strong> e <strong>duraturo<\/strong>, trasformando patrimonio ed esperienza in strumenti di cambiamento sociale.<\/p>\n<p>In questo ecosistema, <strong>l\u2019Ufficio Pio conferma il ruolo di soggetto anticipatore<\/strong>, offrendo stimoli essenziali per innovare le politiche del Gruppo a favore delle generazioni future.<\/p>\n<p>Le celebrazioni per i 430 anni della Fondazione Ufficio Pio hanno restituito l\u2019immagine di una <strong>storia<\/strong> che non si limita a essere ricordata, ma <strong>continua a generare valore<\/strong>.<\/p>\n<p>Ed \u00e8 nella <strong>continuit\u00e0 tra memoria e progetto futuro che si riconosce l\u2019impegno del Gruppo Fondazione Compagnia di San Paolo<\/strong>: contribuire alla costruzione di una societ\u00e0 pi\u00f9 equa, coesa e inclusiva, capace di trasformare un patrimonio secolare in un motore di innovazione per il Paese.<\/p>\n<p>Ulteriori approfondimenti sull\u2019evento \u201c<strong>430 anni di storie e cambiamento sociale<\/strong>\u201d e sul progetto editoriale \u201c<a href=\"https:\/\/voltapagina.ufficiopio.it\/\" target=\"_blank\" rel=\"noopener\">Volta pagina<\/a>\u201d &#8211; sono disponibili all\u2019interno del <a href=\"https:\/\/www.compagniadisanpaolo.it\/it\/comunicati-stampa\/la-fondazione-ufficio-pio-festeggia-430-anni-di-storie-innovazione-e-cambiamento-sociale\/\" target=\"_blank\" rel=\"noopener\"><strong>comunicato stampa<\/strong><\/a> mentre il dettaglio di <strong>tutte le iniziative in programma per i 430 anni della Fondazione Ufficio Pio<\/strong> sono disponibili a <strong>questo link<\/strong> <a href=\"https:\/\/www.ufficiopio.it\/quattrocentotrenta\/\" target=\"_blank\" rel=\"noopener\"><strong>ufficiopio.it\/quattrocentotrenta\/ <\/strong><\/a><\/p>\n<p>La registrazione dell\u2019evento trasmesso in streaming \u00e8 invece disponibile sul <a href=\"https:\/\/www.youtube.com\/channel\/UCS7cZPdTwPL71_4si9PXSXA\" target=\"_blank\" rel=\"noopener\"><strong>canale YouTube della Fondazione Ufficio Pio<\/strong><\/a>.[\/vc_column_text][vc_empty_space][vc_masonry_media_grid css=&#8221;&#8221; grid_id=&#8221;vc_gid:1769004637256-38711b39-89fe-1&#8243; include=&#8221;41410,41346,41404,41390,41388,41378,41412,41376,41374,41384,41394,41398,41368,41350,41348,41414,41352,41354,41356,41438,41358,41360,41366,41392,41396,41406,41408,41380,41370,41364,41372,41416,41418,41420,41422,41424,41426,41428,41430,41432,41434,41436&#8243;][\/vc_column][\/vc_row][vc_row el_class=&#8221;sdg-list-wrap&#8221;][vc_column][vc_raw_html]JTVCbW9zdHJhU0RHUyU1RA==[\/vc_raw_html][\/vc_column][\/vc_row][vc_row el_class=&#8221;sdg-list-wrap&#8221;][vc_column][vc_raw_html]JTVCU2V6aW9uZV9Eb2N1bWVudGklNUQ=[\/vc_raw_html][\/vc_column][\/vc_row][vc_row][vc_column]<div class=\"templatera_shortcode\"><div data-vc-full-width=\"true\" data-vc-full-width-temp=\"true\" data-vc-full-width-init=\"false\" class=\"vc_row wpb_row vc_row-fluid newsletter-wrap\"><div class=\"wpb_column vc_column_container vc_col-sm-12\"><div class=\"vc_column-inner\"><div class=\"wpb_wrapper\">\n\t<div class=\"wpb_raw_code wpb_raw_html wpb_content_element\" >\n\t\t<div class=\"wpb_wrapper\">\n\t\t\t    <div class=\"container\">\n      <div class=\"row align-items-center\">\n\t<div class=\"col-12 col-lg-6 col-xl-5 mb-3 mb-lg-0 pr-0\">\n\t  <h2 class=\"title\">Rimani aggiornato sui nostri bandi e sui nostri progetti<\/h2>\n\t<\/div>\n\t<div class=\"col-12 col-lg-6 col-xl-7 pl-xl-4\">\n\t  <a class=\"standard-link-block\" href=\"\/it\/newsletter\/\">\n\t    Compila il form e decidi su quale argomento vuoi ricevere notizie.\t    <strong>\u00a0 ISCRIVITI!<\/strong>\n\t  <\/a>\n\t<\/div>\n      <\/div>\n    <\/div>\n\t\t<\/div>\n\t<\/div>\n<\/div><\/div><\/div><\/div><div class=\"vc_row-full-width vc_clearfix\"><\/div><\/div>[\/vc_column][\/vc_row]\n<\/div>","protected":false},"excerpt":{"rendered":"<p>Alla presenza del Presidente della Repubblica Sergio Mattarella, l\u2019evento per i 430 anni della Fondazione Ufficio Pio ha offerto l\u2019occasione per rileggere una storia secolare alla luce delle sfide contemporanee. Un anniversario che racconta un\u2019eredit\u00e0, ma anche una visione condivisa dal Gruppo Compagnia di San Paolo, impegnato a generare cambiamento sociale duraturo attraverso una filantropia orientata al futuro delle persone, delle comunit\u00e0 e del Pianeta.<\/p>\n","protected":false},"author":19,"featured_media":41440,"comment_status":"closed","ping_status":"closed","sticky":false,"template":"","format":"standard","meta":{"_acf_changed":false,"content-type":"","footnotes":""},"categories":[17],"tags":[200,104,80,66,240,90,239],"class_list":["post-41343","post","type-post","status-publish","format-standard","has-post-thumbnail","hentry","category-news","tag-benessere-delle-comunita","tag-capitale-sociale","tag-empowerment-delle-famiglie","tag-gruppo-compagnia","tag-lotta-alla-poverta","tag-protagonismo-delle-comunita","tag-riduzione-delle-disuguaglianze","entry","post-inner"],"acf":[],"yoast_head":"<!-- This site is optimized with the Yoast SEO plugin v27.3 - https:\/\/yoast.com\/product\/yoast-seo-wordpress\/ -->\n<title>430 anni di storie che parlano al futuro - Fondazione Compagnia di San Paolo<\/title>\n<meta name=\"description\" content=\"Un anniversario svoltosi alla presenza del Presidente della Repubblica Sergio Mattarella che racconta un\u2019eredit\u00e0 e una visione condivisa dal Gruppo Compagnia di San Paolo.\" \/>\n<meta name=\"robots\" content=\"index, follow, max-snippet:-1, max-image-preview:large, max-video-preview:-1\" \/>\n<link rel=\"canonical\" href=\"https:\/\/www.compagniadisanpaolo.it\/it\/news\/430-anni-di-storie-che-parlano-al-futuro\/\" \/>\n<meta property=\"og:locale\" content=\"it_IT\" \/>\n<meta property=\"og:type\" content=\"article\" \/>\n<meta property=\"og:title\" content=\"430 anni di storie che parlano al futuro - Fondazione Compagnia di San Paolo\" \/>\n<meta property=\"og:description\" content=\"Un anniversario svoltosi alla presenza del Presidente della Repubblica Sergio Mattarella che racconta un\u2019eredit\u00e0 e una visione condivisa dal Gruppo Compagnia di San Paolo.\" \/>\n<meta property=\"og:url\" content=\"https:\/\/www.compagniadisanpaolo.it\/it\/news\/430-anni-di-storie-che-parlano-al-futuro\/\" \/>\n<meta property=\"og:site_name\" content=\"Fondazione Compagnia di San Paolo\" \/>\n<meta property=\"article:publisher\" content=\"https:\/\/www.facebook.com\/CompagniaDiSanPaolo\" \/>\n<meta property=\"article:published_time\" content=\"2026-01-21T13:27:13+00:00\" \/>\n<meta property=\"article:modified_time\" content=\"2026-01-21T14:11:24+00:00\" \/>\n<meta property=\"og:image\" content=\"https:\/\/www.compagniadisanpaolo.it\/wp-content\/uploads\/CSP_NEWS_Focus-on-430-anni-PIo_-815x350-1.png\" \/>\n\t<meta property=\"og:image:width\" content=\"815\" \/>\n\t<meta property=\"og:image:height\" content=\"350\" \/>\n\t<meta property=\"og:image:type\" content=\"image\/png\" \/>\n<meta name=\"author\" content=\"Federica\" \/>\n<meta name=\"twitter:card\" content=\"summary_large_image\" \/>\n<meta name=\"twitter:creator\" content=\"@CSP_live\" \/>\n<meta name=\"twitter:site\" content=\"@CSP_live\" \/>\n<meta name=\"twitter:label1\" content=\"Scritto da\" \/>\n\t<meta name=\"twitter:data1\" content=\"Federica\" \/>\n\t<meta name=\"twitter:label2\" content=\"Tempo di lettura stimato\" \/>\n\t<meta name=\"twitter:data2\" content=\"6 minuti\" \/>\n<script type=\"application\/ld+json\" class=\"yoast-schema-graph\">{\"@context\":\"https:\\\/\\\/schema.org\",\"@graph\":[{\"@type\":\"Article\",\"@id\":\"https:\\\/\\\/www.compagniadisanpaolo.it\\\/it\\\/news\\\/430-anni-di-storie-che-parlano-al-futuro\\\/#article\",\"isPartOf\":{\"@id\":\"https:\\\/\\\/www.compagniadisanpaolo.it\\\/it\\\/news\\\/430-anni-di-storie-che-parlano-al-futuro\\\/\"},\"author\":{\"name\":\"Federica\",\"@id\":\"https:\\\/\\\/www.compagniadisanpaolo.it\\\/it\\\/#\\\/schema\\\/person\\\/b7d5451541c25c82f29c5be1e78456b2\"},\"headline\":\"430 anni di storie che parlano al futuro\",\"datePublished\":\"2026-01-21T13:27:13+00:00\",\"dateModified\":\"2026-01-21T14:11:24+00:00\",\"mainEntityOfPage\":{\"@id\":\"https:\\\/\\\/www.compagniadisanpaolo.it\\\/it\\\/news\\\/430-anni-di-storie-che-parlano-al-futuro\\\/\"},\"wordCount\":1057,\"publisher\":{\"@id\":\"https:\\\/\\\/www.compagniadisanpaolo.it\\\/it\\\/#organization\"},\"image\":{\"@id\":\"https:\\\/\\\/www.compagniadisanpaolo.it\\\/it\\\/news\\\/430-anni-di-storie-che-parlano-al-futuro\\\/#primaryimage\"},\"thumbnailUrl\":\"https:\\\/\\\/www.compagniadisanpaolo.it\\\/wp-content\\\/uploads\\\/CSP_NEWS_Focus-on-430-anni-PIo_-815x350-1.png\",\"keywords\":[\"benessere delle comunit\u00e0\",\"capitale sociale\",\"empowerment delle famiglie\",\"gruppo compagnia\",\"lotta alla povert\u00e0\",\"protagonismo delle comunit\u00e0\",\"riduzione delle disuguaglianze\"],\"articleSection\":[\"News\"],\"inLanguage\":\"it-IT\"},{\"@type\":\"WebPage\",\"@id\":\"https:\\\/\\\/www.compagniadisanpaolo.it\\\/it\\\/news\\\/430-anni-di-storie-che-parlano-al-futuro\\\/\",\"url\":\"https:\\\/\\\/www.compagniadisanpaolo.it\\\/it\\\/news\\\/430-anni-di-storie-che-parlano-al-futuro\\\/\",\"name\":\"430 anni di storie che parlano al futuro - Fondazione Compagnia di San Paolo\",\"isPartOf\":{\"@id\":\"https:\\\/\\\/www.compagniadisanpaolo.it\\\/it\\\/#website\"},\"primaryImageOfPage\":{\"@id\":\"https:\\\/\\\/www.compagniadisanpaolo.it\\\/it\\\/news\\\/430-anni-di-storie-che-parlano-al-futuro\\\/#primaryimage\"},\"image\":{\"@id\":\"https:\\\/\\\/www.compagniadisanpaolo.it\\\/it\\\/news\\\/430-anni-di-storie-che-parlano-al-futuro\\\/#primaryimage\"},\"thumbnailUrl\":\"https:\\\/\\\/www.compagniadisanpaolo.it\\\/wp-content\\\/uploads\\\/CSP_NEWS_Focus-on-430-anni-PIo_-815x350-1.png\",\"datePublished\":\"2026-01-21T13:27:13+00:00\",\"dateModified\":\"2026-01-21T14:11:24+00:00\",\"description\":\"Un anniversario svoltosi alla presenza del Presidente della Repubblica Sergio Mattarella che racconta un\u2019eredit\u00e0 e una visione condivisa dal Gruppo Compagnia di San Paolo.\",\"breadcrumb\":{\"@id\":\"https:\\\/\\\/www.compagniadisanpaolo.it\\\/it\\\/news\\\/430-anni-di-storie-che-parlano-al-futuro\\\/#breadcrumb\"},\"inLanguage\":\"it-IT\",\"potentialAction\":[{\"@type\":\"ReadAction\",\"target\":[\"https:\\\/\\\/www.compagniadisanpaolo.it\\\/it\\\/news\\\/430-anni-di-storie-che-parlano-al-futuro\\\/\"]}]},{\"@type\":\"ImageObject\",\"inLanguage\":\"it-IT\",\"@id\":\"https:\\\/\\\/www.compagniadisanpaolo.it\\\/it\\\/news\\\/430-anni-di-storie-che-parlano-al-futuro\\\/#primaryimage\",\"url\":\"https:\\\/\\\/www.compagniadisanpaolo.it\\\/wp-content\\\/uploads\\\/CSP_NEWS_Focus-on-430-anni-PIo_-815x350-1.png\",\"contentUrl\":\"https:\\\/\\\/www.compagniadisanpaolo.it\\\/wp-content\\\/uploads\\\/CSP_NEWS_Focus-on-430-anni-PIo_-815x350-1.png\",\"width\":815,\"height\":350},{\"@type\":\"BreadcrumbList\",\"@id\":\"https:\\\/\\\/www.compagniadisanpaolo.it\\\/it\\\/news\\\/430-anni-di-storie-che-parlano-al-futuro\\\/#breadcrumb\",\"itemListElement\":[{\"@type\":\"ListItem\",\"position\":1,\"name\":\"Home\",\"item\":\"https:\\\/\\\/www.compagniadisanpaolo.it\\\/it\\\/\"},{\"@type\":\"ListItem\",\"position\":2,\"name\":\"430 anni di storie che parlano al futuro\"}]},{\"@type\":\"WebSite\",\"@id\":\"https:\\\/\\\/www.compagniadisanpaolo.it\\\/it\\\/#website\",\"url\":\"https:\\\/\\\/www.compagniadisanpaolo.it\\\/it\\\/\",\"name\":\"Fondazione Compagnia di San Paolo\",\"description\":\"\",\"publisher\":{\"@id\":\"https:\\\/\\\/www.compagniadisanpaolo.it\\\/it\\\/#organization\"},\"potentialAction\":[{\"@type\":\"SearchAction\",\"target\":{\"@type\":\"EntryPoint\",\"urlTemplate\":\"https:\\\/\\\/www.compagniadisanpaolo.it\\\/it\\\/?s={search_term_string}\"},\"query-input\":{\"@type\":\"PropertyValueSpecification\",\"valueRequired\":true,\"valueName\":\"search_term_string\"}}],\"inLanguage\":\"it-IT\"},{\"@type\":\"Organization\",\"@id\":\"https:\\\/\\\/www.compagniadisanpaolo.it\\\/it\\\/#organization\",\"name\":\"Fondazione Compagnia di San Paolo\",\"url\":\"https:\\\/\\\/www.compagniadisanpaolo.it\\\/it\\\/\",\"logo\":{\"@type\":\"ImageObject\",\"inLanguage\":\"it-IT\",\"@id\":\"https:\\\/\\\/www.compagniadisanpaolo.it\\\/it\\\/#\\\/schema\\\/logo\\\/image\\\/\",\"url\":\"https:\\\/\\\/www.compagniadisanpaolo.it\\\/wp-content\\\/uploads\\\/logo.svg\",\"contentUrl\":\"https:\\\/\\\/www.compagniadisanpaolo.it\\\/wp-content\\\/uploads\\\/logo.svg\",\"width\":769,\"height\":323,\"caption\":\"Fondazione Compagnia di San Paolo\"},\"image\":{\"@id\":\"https:\\\/\\\/www.compagniadisanpaolo.it\\\/it\\\/#\\\/schema\\\/logo\\\/image\\\/\"},\"sameAs\":[\"https:\\\/\\\/www.facebook.com\\\/CompagniaDiSanPaolo\",\"https:\\\/\\\/x.com\\\/CSP_live\",\"http:\\\/\\\/instagram.com\\\/compagniadisanpaolo?ref=badge\",\"https:\\\/\\\/www.linkedin.com\\\/company\\\/compagnia-di-san-paolo\",\"https:\\\/\\\/www.youtube.com\\\/user\\\/compagniadisanpaolo\",\"https:\\\/\\\/it.wikipedia.org\\\/wiki\\\/Compagnia_di_San_Paolo\"]},{\"@type\":\"Person\",\"@id\":\"https:\\\/\\\/www.compagniadisanpaolo.it\\\/it\\\/#\\\/schema\\\/person\\\/b7d5451541c25c82f29c5be1e78456b2\",\"name\":\"Federica\",\"image\":{\"@type\":\"ImageObject\",\"inLanguage\":\"it-IT\",\"@id\":\"https:\\\/\\\/secure.gravatar.com\\\/avatar\\\/b5698fa13ac389b1f1fb1263a4626e219d853d7ccf112e854aea8c9c087d24ae?s=96&d=mm&r=g\",\"url\":\"https:\\\/\\\/secure.gravatar.com\\\/avatar\\\/b5698fa13ac389b1f1fb1263a4626e219d853d7ccf112e854aea8c9c087d24ae?s=96&d=mm&r=g\",\"contentUrl\":\"https:\\\/\\\/secure.gravatar.com\\\/avatar\\\/b5698fa13ac389b1f1fb1263a4626e219d853d7ccf112e854aea8c9c087d24ae?s=96&d=mm&r=g\",\"caption\":\"Federica\"}}]}<\/script>\n<!-- \/ Yoast SEO plugin. -->","yoast_head_json":{"title":"430 anni di storie che parlano al futuro - Fondazione Compagnia di San Paolo","description":"Un anniversario svoltosi alla presenza del Presidente della Repubblica Sergio Mattarella che racconta un\u2019eredit\u00e0 e una visione condivisa dal Gruppo Compagnia di San Paolo.","robots":{"index":"index","follow":"follow","max-snippet":"max-snippet:-1","max-image-preview":"max-image-preview:large","max-video-preview":"max-video-preview:-1"},"canonical":"https:\/\/www.compagniadisanpaolo.it\/it\/news\/430-anni-di-storie-che-parlano-al-futuro\/","og_locale":"it_IT","og_type":"article","og_title":"430 anni di storie che parlano al futuro - Fondazione Compagnia di San Paolo","og_description":"Un anniversario svoltosi alla presenza del Presidente della Repubblica Sergio Mattarella che racconta un\u2019eredit\u00e0 e una visione condivisa dal Gruppo Compagnia di San Paolo.","og_url":"https:\/\/www.compagniadisanpaolo.it\/it\/news\/430-anni-di-storie-che-parlano-al-futuro\/","og_site_name":"Fondazione Compagnia di San Paolo","article_publisher":"https:\/\/www.facebook.com\/CompagniaDiSanPaolo","article_published_time":"2026-01-21T13:27:13+00:00","article_modified_time":"2026-01-21T14:11:24+00:00","og_image":[{"width":815,"height":350,"url":"https:\/\/www.compagniadisanpaolo.it\/wp-content\/uploads\/CSP_NEWS_Focus-on-430-anni-PIo_-815x350-1.png","type":"image\/png"}],"author":"Federica","twitter_card":"summary_large_image","twitter_creator":"@CSP_live","twitter_site":"@CSP_live","twitter_misc":{"Scritto da":"Federica","Tempo di lettura stimato":"6 minuti"},"schema":{"@context":"https:\/\/schema.org","@graph":[{"@type":"Article","@id":"https:\/\/www.compagniadisanpaolo.it\/it\/news\/430-anni-di-storie-che-parlano-al-futuro\/#article","isPartOf":{"@id":"https:\/\/www.compagniadisanpaolo.it\/it\/news\/430-anni-di-storie-che-parlano-al-futuro\/"},"author":{"name":"Federica","@id":"https:\/\/www.compagniadisanpaolo.it\/it\/#\/schema\/person\/b7d5451541c25c82f29c5be1e78456b2"},"headline":"430 anni di storie che parlano al futuro","datePublished":"2026-01-21T13:27:13+00:00","dateModified":"2026-01-21T14:11:24+00:00","mainEntityOfPage":{"@id":"https:\/\/www.compagniadisanpaolo.it\/it\/news\/430-anni-di-storie-che-parlano-al-futuro\/"},"wordCount":1057,"publisher":{"@id":"https:\/\/www.compagniadisanpaolo.it\/it\/#organization"},"image":{"@id":"https:\/\/www.compagniadisanpaolo.it\/it\/news\/430-anni-di-storie-che-parlano-al-futuro\/#primaryimage"},"thumbnailUrl":"https:\/\/www.compagniadisanpaolo.it\/wp-content\/uploads\/CSP_NEWS_Focus-on-430-anni-PIo_-815x350-1.png","keywords":["benessere delle comunit\u00e0","capitale sociale","empowerment delle famiglie","gruppo compagnia","lotta alla povert\u00e0","protagonismo delle comunit\u00e0","riduzione delle disuguaglianze"],"articleSection":["News"],"inLanguage":"it-IT"},{"@type":"WebPage","@id":"https:\/\/www.compagniadisanpaolo.it\/it\/news\/430-anni-di-storie-che-parlano-al-futuro\/","url":"https:\/\/www.compagniadisanpaolo.it\/it\/news\/430-anni-di-storie-che-parlano-al-futuro\/","name":"430 anni di storie che parlano al futuro - Fondazione Compagnia di San Paolo","isPartOf":{"@id":"https:\/\/www.compagniadisanpaolo.it\/it\/#website"},"primaryImageOfPage":{"@id":"https:\/\/www.compagniadisanpaolo.it\/it\/news\/430-anni-di-storie-che-parlano-al-futuro\/#primaryimage"},"image":{"@id":"https:\/\/www.compagniadisanpaolo.it\/it\/news\/430-anni-di-storie-che-parlano-al-futuro\/#primaryimage"},"thumbnailUrl":"https:\/\/www.compagniadisanpaolo.it\/wp-content\/uploads\/CSP_NEWS_Focus-on-430-anni-PIo_-815x350-1.png","datePublished":"2026-01-21T13:27:13+00:00","dateModified":"2026-01-21T14:11:24+00:00","description":"Un anniversario svoltosi alla presenza del Presidente della Repubblica Sergio Mattarella che racconta un\u2019eredit\u00e0 e una visione condivisa dal Gruppo Compagnia di San Paolo.","breadcrumb":{"@id":"https:\/\/www.compagniadisanpaolo.it\/it\/news\/430-anni-di-storie-che-parlano-al-futuro\/#breadcrumb"},"inLanguage":"it-IT","potentialAction":[{"@type":"ReadAction","target":["https:\/\/www.compagniadisanpaolo.it\/it\/news\/430-anni-di-storie-che-parlano-al-futuro\/"]}]},{"@type":"ImageObject","inLanguage":"it-IT","@id":"https:\/\/www.compagniadisanpaolo.it\/it\/news\/430-anni-di-storie-che-parlano-al-futuro\/#primaryimage","url":"https:\/\/www.compagniadisanpaolo.it\/wp-content\/uploads\/CSP_NEWS_Focus-on-430-anni-PIo_-815x350-1.png","contentUrl":"https:\/\/www.compagniadisanpaolo.it\/wp-content\/uploads\/CSP_NEWS_Focus-on-430-anni-PIo_-815x350-1.png","width":815,"height":350},{"@type":"BreadcrumbList","@id":"https:\/\/www.compagniadisanpaolo.it\/it\/news\/430-anni-di-storie-che-parlano-al-futuro\/#breadcrumb","itemListElement":[{"@type":"ListItem","position":1,"name":"Home","item":"https:\/\/www.compagniadisanpaolo.it\/it\/"},{"@type":"ListItem","position":2,"name":"430 anni di storie che parlano al futuro"}]},{"@type":"WebSite","@id":"https:\/\/www.compagniadisanpaolo.it\/it\/#website","url":"https:\/\/www.compagniadisanpaolo.it\/it\/","name":"Fondazione Compagnia di San Paolo","description":"","publisher":{"@id":"https:\/\/www.compagniadisanpaolo.it\/it\/#organization"},"potentialAction":[{"@type":"SearchAction","target":{"@type":"EntryPoint","urlTemplate":"https:\/\/www.compagniadisanpaolo.it\/it\/?s={search_term_string}"},"query-input":{"@type":"PropertyValueSpecification","valueRequired":true,"valueName":"search_term_string"}}],"inLanguage":"it-IT"},{"@type":"Organization","@id":"https:\/\/www.compagniadisanpaolo.it\/it\/#organization","name":"Fondazione Compagnia di San Paolo","url":"https:\/\/www.compagniadisanpaolo.it\/it\/","logo":{"@type":"ImageObject","inLanguage":"it-IT","@id":"https:\/\/www.compagniadisanpaolo.it\/it\/#\/schema\/logo\/image\/","url":"https:\/\/www.compagniadisanpaolo.it\/wp-content\/uploads\/logo.svg","contentUrl":"https:\/\/www.compagniadisanpaolo.it\/wp-content\/uploads\/logo.svg","width":769,"height":323,"caption":"Fondazione Compagnia di San Paolo"},"image":{"@id":"https:\/\/www.compagniadisanpaolo.it\/it\/#\/schema\/logo\/image\/"},"sameAs":["https:\/\/www.facebook.com\/CompagniaDiSanPaolo","https:\/\/x.com\/CSP_live","http:\/\/instagram.com\/compagniadisanpaolo?ref=badge","https:\/\/www.linkedin.com\/company\/compagnia-di-san-paolo","https:\/\/www.youtube.com\/user\/compagniadisanpaolo","https:\/\/it.wikipedia.org\/wiki\/Compagnia_di_San_Paolo"]},{"@type":"Person","@id":"https:\/\/www.compagniadisanpaolo.it\/it\/#\/schema\/person\/b7d5451541c25c82f29c5be1e78456b2","name":"Federica","image":{"@type":"ImageObject","inLanguage":"it-IT","@id":"https:\/\/secure.gravatar.com\/avatar\/b5698fa13ac389b1f1fb1263a4626e219d853d7ccf112e854aea8c9c087d24ae?s=96&d=mm&r=g","url":"https:\/\/secure.gravatar.com\/avatar\/b5698fa13ac389b1f1fb1263a4626e219d853d7ccf112e854aea8c9c087d24ae?s=96&d=mm&r=g","contentUrl":"https:\/\/secure.gravatar.com\/avatar\/b5698fa13ac389b1f1fb1263a4626e219d853d7ccf112e854aea8c9c087d24ae?s=96&d=mm&r=g","caption":"Federica"}}]}},"amp_enabled":true,"_links":{"self":[{"href":"https:\/\/www.compagniadisanpaolo.it\/it\/wp-json\/wp\/v2\/posts\/41343","targetHints":{"allow":["GET"]}}],"collection":[{"href":"https:\/\/www.compagniadisanpaolo.it\/it\/wp-json\/wp\/v2\/posts"}],"about":[{"href":"https:\/\/www.compagniadisanpaolo.it\/it\/wp-json\/wp\/v2\/types\/post"}],"author":[{"embeddable":true,"href":"https:\/\/www.compagniadisanpaolo.it\/it\/wp-json\/wp\/v2\/users\/19"}],"replies":[{"embeddable":true,"href":"https:\/\/www.compagniadisanpaolo.it\/it\/wp-json\/wp\/v2\/comments?post=41343"}],"version-history":[{"count":4,"href":"https:\/\/www.compagniadisanpaolo.it\/it\/wp-json\/wp\/v2\/posts\/41343\/revisions"}],"predecessor-version":[{"id":41451,"href":"https:\/\/www.compagniadisanpaolo.it\/it\/wp-json\/wp\/v2\/posts\/41343\/revisions\/41451"}],"wp:featuredmedia":[{"embeddable":true,"href":"https:\/\/www.compagniadisanpaolo.it\/it\/wp-json\/wp\/v2\/media\/41440"}],"wp:attachment":[{"href":"https:\/\/www.compagniadisanpaolo.it\/it\/wp-json\/wp\/v2\/media?parent=41343"}],"wp:term":[{"taxonomy":"category","embeddable":true,"href":"https:\/\/www.compagniadisanpaolo.it\/it\/wp-json\/wp\/v2\/categories?post=41343"},{"taxonomy":"post_tag","embeddable":true,"href":"https:\/\/www.compagniadisanpaolo.it\/it\/wp-json\/wp\/v2\/tags?post=41343"}],"curies":[{"name":"wp","href":"https:\/\/api.w.org\/{rel}","templated":true}]}}