{"id":40637,"date":"2025-12-02T16:54:36","date_gmt":"2025-12-02T15:54:36","guid":{"rendered":"https:\/\/www.compagniadisanpaolo.it\/?p=40637"},"modified":"2025-12-02T16:57:36","modified_gmt":"2025-12-02T15:57:36","slug":"al-via-il-percorso-verso-la-candidatura-di-torino-a-capitale-europea-della-cultura","status":"publish","type":"post","link":"https:\/\/www.compagniadisanpaolo.it\/it\/news\/al-via-il-percorso-verso-la-candidatura-di-torino-a-capitale-europea-della-cultura\/","title":{"rendered":"Al via il percorso verso la candidatura di Torino a Capitale Europea della Cultura"},"content":{"rendered":"<div class=\"wpb-content-wrapper\">[vc_row][vc_column][vc_column_text css=&#8221;&#8221; el_class=&#8221;text-headline2&#8243;]Il Tavolo Strategico della candidatura di Torino a Capitale Europea della Cultura 2033 si \u00e8 riunito per condividere gli avanzamenti e definire le priorit\u00e0 dei prossimi anni. Un momento chiave che conferma l\u2019impegno di istituzioni e realt\u00e0 del territorio nel costruire un processo condiviso, aperto e orientato all\u2019impatto.[\/vc_column_text][\/vc_column][\/vc_row][vc_row][vc_column][vc_column_text]\n<div class=\"info-box mission\">\n\t\t<div class=\"info-box-wrap info-box-hor row pb-0\">\n\n\t\t      \n\t\t      <div class=\"spalla col-12 col-md-12\">\n\t\t\t<div class=\"info-box sharing-box\">\n\t\t\t  <span class=\"label\">Condividi:<\/span>\n\t\t\t  <div class=\"social-sharing\">\n\t\t\t    <span class=\"box\">\n\t\t\t      <a class=\"fb\" href=\"https:\/\/www.facebook.com\/sharer.php?u=https:\/\/www.compagniadisanpaolo.it\/it\/news\/al-via-il-percorso-verso-la-candidatura-di-torino-a-capitale-europea-della-cultura\/\" target=\"_blank\">\n\t\t\t\t<span class=\"sr-only\">Facebook<\/span>\n\t\t\t\t<i class=\"fab fa-facebook-f\"><\/i>\n\t\t\t      <\/a>\n\t\t\t    <\/span>\n\t\t\t    \n\t\t\t    <style>\n.twitter, .twitter:hover{\ncolor:#000000 !important;}\n<\/style>\n\n\n\t\t\t    <span class=\"box\">\n\t\t\t      <a class=\"twitter\" href=\"https:\/\/twitter.com\/intent\/tweet?url=https:\/\/www.compagniadisanpaolo.it\/it\/news\/al-via-il-percorso-verso-la-candidatura-di-torino-a-capitale-europea-della-cultura\/\">\n\t\t\t\t<span class=\"sr-only\">Twitter<\/span>\n\t\t\t\t<i class=\"fa-brands fa-x-twitter\"><\/i>\n\t\t\t      <\/a>\n\t\t\t    <\/span>\n\n\t\t\t    \n\t\t\t    <span class=\"box\">\n\t\t\t      <a class=\"linkedin\" href=\"https:\/\/www.linkedin.com\/shareArticle?mini=true&url=https:\/\/www.compagniadisanpaolo.it\/it\/news\/al-via-il-percorso-verso-la-candidatura-di-torino-a-capitale-europea-della-cultura\/\">\n\t\t\t\t<span class=\"sr-only\">Linkedin<\/span>\n\t\t\t\t  <i class=\"fa-brands fa-linkedin-in\"><\/i>\n\t\t\t      <\/a>\n\t\t\t    <\/span>\n\n\t\t\t    <span class=\"box\">\n\t\t\t      <a class=\"whatsapp\" href=\"whatsapp:\/\/send?text=https:\/\/www.compagniadisanpaolo.it\/it\/news\/al-via-il-percorso-verso-la-candidatura-di-torino-a-capitale-europea-della-cultura\/\" data-action=\"share\/whatsapp\/share\">\n\t\t\t\t<span class=\"sr-only\">Whatsapp<\/span>\n\t\t\t\t<i class=\"fa-brands fa-whatsapp\"><\/i>\n\t\t\t      <\/a>\n\t\t\t    <\/span>\n\n\t\t\t    <span class=\"box\">\n\t\t\t      <a class=\"mail\" href=\"mailto:?subject=Al via il percorso verso la candidatura di Torino a Capitale Europea della Cultura&body=https:\/\/www.compagniadisanpaolo.it\/it\/news\/al-via-il-percorso-verso-la-candidatura-di-torino-a-capitale-europea-della-cultura\/\">\n\t\t\t\t<span class=\"sr-only\">Mail<\/span>\n\t\t\t\t <i class=\"fa-solid fa-envelope\"><\/i>\n\t\t\t      <\/a>\n\t\t\t    <\/span>\n\t\t\t    \n\t\t\t  <\/div>\n\t\t\t<\/div>\n\t      <\/div>\n\t    <\/div><\/div>\n[\/vc_column_text][\/vc_column][\/vc_row][vc_row][vc_column width=&#8221;1\/4&#8243;][vc_column_text]\n\n\n\t\t<div class=\"info-box-wrap\">\n\n\t  <div class=\"info-box date-pub\">\n\t  \t<span class=\"label\">Data di pubblicazione:<\/span>\n\t    <span class=\"value\">2 Dicembre 2025<\/span>\n\t  <\/div>\n\t\t\t\t  <div class=\"info-box obj-culture\">\n\t\t\t\t\t  <div class=\"info-box obj\"><span class=\"label\">Obiettivo<\/span>\n\t\t\t\t\t    <div class=\"obj-small-box\">\n\t\t\t\t\t      <span>Cultura.<\/span>\n\t\t\t\t\t    <\/div>\n\t\t\t\t\t  <\/div>\n\t\t\t\t  <\/div>\n\t\t\t  <div class=\"info-box mission\"><span class=\"label\">Tag<\/span><a href=\"https:\/\/www.compagniadisanpaolo.it\/it\/tags\/risultati\/?_sft_post_tag=creativita-ed-esperienze-attive\" class=\"tag-element\">Creativit\u00e0 ed esperienze attive<\/a><a href=\"https:\/\/www.compagniadisanpaolo.it\/it\/tags\/risultati\/?_sft_post_tag=creazione-di-reti-solide\" class=\"tag-element\">Creazione di reti solide<\/a><a href=\"https:\/\/www.compagniadisanpaolo.it\/it\/tags\/risultati\/?_sft_post_tag=cultura-contemporanea-e-design\" class=\"tag-element\">Cultura contemporanea e design<\/a><a href=\"https:\/\/www.compagniadisanpaolo.it\/it\/tags\/risultati\/?_sft_post_tag=eventi-culturali\" class=\"tag-element\">Eventi culturali<\/a><a href=\"https:\/\/www.compagniadisanpaolo.it\/it\/tags\/risultati\/?_sft_post_tag=identita-culturali\" class=\"tag-element\">Identit\u00e0 culturali<\/a><a href=\"https:\/\/www.compagniadisanpaolo.it\/it\/tags\/risultati\/?_sft_post_tag=oltre-lerogazione\" class=\"tag-element\">Oltre l'erogazione<\/a><a href=\"https:\/\/www.compagniadisanpaolo.it\/it\/tags\/risultati\/?_sft_post_tag=opportunita\" class=\"tag-element\">Opportunit\u00e0<\/a><a href=\"https:\/\/www.compagniadisanpaolo.it\/it\/tags\/risultati\/?_sft_post_tag=partnership-con-enti-istituzionali\" class=\"tag-element\">Partnership con enti istituzionali<\/a><a href=\"https:\/\/www.compagniadisanpaolo.it\/it\/tags\/risultati\/?_sft_post_tag=protagonismo-delle-comunita\" class=\"tag-element\">Protagonismo delle comunit\u00e0<\/a><\/div>\t  \n\t<\/div>\n[\/vc_column_text][\/vc_column][vc_column width=&#8221;3\/4&#8243; el_class=&#8221;page-content&#8221;][vc_column_text css=&#8221;&#8221; el_class=&#8221;text&#8221;]Si \u00e8 riunito lo scorso 28 novembre il Tavolo Strategico della candidatura di <strong>Torino a Capitale Europea della Cultura 2033<\/strong>, presieduto dal sindaco <strong data-start=\"291\" data-end=\"311\">Stefano Lo Russo<\/strong> e composto da rappresentanti delle principali istituzioni civili, accademiche e filantropiche del territorio.<\/p>\n<p>All\u2019incontro hanno preso parte l\u2019assessora regionale alla Cultura <strong data-start=\"488\" data-end=\"508\">Marina Chiarelli<\/strong>, l\u2019assessora comunale <strong data-start=\"531\" data-end=\"550\">Rosanna Purchia<\/strong>, il presidente della Camera di commercio <strong data-start=\"592\" data-end=\"619\">Massimiliano Cipolletta<\/strong>, la vicerettrice del Politecnico di Torino <strong data-start=\"663\" data-end=\"681\">Silvia Barbero<\/strong>, la rettrice dell\u2019Universit\u00e0 di Torino <strong data-start=\"721\" data-end=\"740\">Cristina Prandi<\/strong>, la presidente della Fondazione CRT <strong data-start=\"777\" data-end=\"797\">Anna Maria Poggi<\/strong> e, per la Fondazione Compagnia di San Paolo, il responsabile di Obiettivo Cultura <strong data-start=\"880\" data-end=\"899\">Matteo Bagnasco<\/strong>.<\/p>\n<p>Un passaggio significativo, che ha permesso ai membri del Tavolo di confrontarsi sul <strong>percorso compiuto e sulle priorit\u00e0 operative dei prossimi anni<\/strong>.<\/p>\n<p>Nel corso del 2025, il lavoro congiunto tra enti pubblici, universit\u00e0, fondazioni e attori culturali ha posto le basi per un <strong>metodo di cooperazione stabile e orientato all\u2019impatto<\/strong>. La Fondazione Compagnia di San Paolo, attraverso il proprio <strong>Obiettivo Cultura<\/strong>, ha contribuito a rafforzare un approccio che fa della ricerca, della partecipazione e della visione sistemica i propri punti cardine.<\/p>\n<p>La costruzione della candidatura \u00e8 infatti diventata <strong>un\u2019occasione per attivare nuove forme di collaborazione<\/strong>, testare strumenti innovativi di valutazione e <strong>sviluppare un ecosistema<\/strong> in cui cultura, conoscenza e innovazione sociale dialogano in modo sempre pi\u00f9 strutturato.<\/p>\n<p>L\u2019impegno condiviso si \u00e8 tradotto <strong>nell\u2019attivazione di percorsi di ascolto e co-progettazione<\/strong>, nella <strong>sperimentazione di un modello di valutazione d\u2019impatto<\/strong> e in un\u2019ampia <strong>mobilitazione di cittadini e organizzazioni culturali<\/strong>, coinvolti attraverso iniziative pubbliche e attivit\u00e0 formative.<\/p>\n<p>In parallelo, la <strong>dimensione europea della candidatura<\/strong> si \u00e8 rafforzata grazie all\u2019apertura di nuove relazioni internazionali e a un <strong>dialogo sempre pi\u00f9 intenso con citt\u00e0 e reti culturali del continente<\/strong>.<\/p>\n<p>Guardando al <strong>2026<\/strong>, il <strong>Tavolo Strategico <\/strong>ha indicato una direzione chiara ovvero quella di <strong>trasformare l\u2019impianto costruito in questi mesi in un programma di azioni capaci di generare valore per la citt\u00e0 e il territorio<\/strong>.<\/p>\n<p>Un percorso che richieder\u00e0 la collaborazione di istituzioni, presidi culturali, scuole, reti civiche e comunit\u00e0 creative, e che punta a consolidare Torino come laboratorio di innovazione culturale e sociale, in linea con le aspettative europee.<\/p>\n<p>La <strong>Fondazione Compagnia di San Paolo<\/strong> continuer\u00e0 a sostenere questo processo mettendo a disposizione <strong>competenze<\/strong>, <strong>visione<\/strong> e <strong>strumenti<\/strong> per favorire una <strong>crescita culturale inc<\/strong>lusiva, <strong>partecipata e orientata al lungo periodo<\/strong>.<\/p>\n<p>La candidatura rappresenta infatti un\u2019opportunit\u00e0 per ripensare la citt\u00e0 attraverso la cultura, valorizzando talenti, risorse e nuove forme di cooperazione.<\/p>\n<p>Per conoscere tutti i dettagli dell\u2019incontro del Tavolo Strategico e dei prossimi passi della candidatura, \u00e8 possibile consultare il <a href=\"https:\/\/www.comune.torino.it\/novita\/comunicati\/verso-torino-capitale-europea-della-cultura-2033-tavolo-strategico-traccia-rotta\" target=\"_blank\" rel=\"noopener\"><strong>comunicato stampa completo<\/strong><\/a>.<\/p>\n<p>Ulteriori informazioni sono disponibili su <a href=\"https:\/\/torino2033.com\/\" target=\"_blank\" rel=\"noopener\"><strong>torino2033.com<\/strong><\/a>.[\/vc_column_text][vc_empty_space height=&#8221;120px&#8221;][\/vc_column][\/vc_row][vc_row el_class=&#8221;sdg-list-wrap&#8221;][vc_column][vc_raw_html]JTVCbW9zdHJhU0RHUyU1RA==[\/vc_raw_html][\/vc_column][\/vc_row][vc_row el_class=&#8221;sdg-list-wrap&#8221;][vc_column][vc_raw_html]JTVCU2V6aW9uZV9Eb2N1bWVudGklNUQ=[\/vc_raw_html][\/vc_column][\/vc_row][vc_row][vc_column]<div class=\"templatera_shortcode\"><div data-vc-full-width=\"true\" data-vc-full-width-temp=\"true\" data-vc-full-width-init=\"false\" class=\"vc_row wpb_row vc_row-fluid newsletter-wrap\"><div class=\"wpb_column vc_column_container vc_col-sm-12\"><div class=\"vc_column-inner\"><div class=\"wpb_wrapper\">\n\t<div class=\"wpb_raw_code wpb_raw_html wpb_content_element\" >\n\t\t<div class=\"wpb_wrapper\">\n\t\t\t    <div class=\"container\">\n      <div class=\"row align-items-center\">\n\t<div class=\"col-12 col-lg-6 col-xl-5 mb-3 mb-lg-0 pr-0\">\n\t  <h2 class=\"title\">Rimani aggiornato sui nostri bandi e sui nostri progetti<\/h2>\n\t<\/div>\n\t<div class=\"col-12 col-lg-6 col-xl-7 pl-xl-4\">\n\t  <a class=\"standard-link-block\" href=\"\/it\/newsletter\/\">\n\t    Compila il form e decidi su quale argomento vuoi ricevere notizie.\t    <strong>\u00a0 ISCRIVITI!<\/strong>\n\t  <\/a>\n\t<\/div>\n      <\/div>\n    <\/div>\n\t\t<\/div>\n\t<\/div>\n<\/div><\/div><\/div><\/div><div class=\"vc_row-full-width vc_clearfix\"><\/div><\/div>[\/vc_column][\/vc_row]\n<\/div>","protected":false},"excerpt":{"rendered":"<p>Il Tavolo Strategico della candidatura di Torino a Capitale Europea della Cultura 2033 si \u00e8 riunito per condividere gli avanzamenti e definire le priorit\u00e0 dei prossimi anni. Un momento chiave che conferma l\u2019impegno di istituzioni e realt\u00e0 del territorio nel costruire un processo condiviso, aperto e orientato all\u2019impatto. <\/p>\n","protected":false},"author":19,"featured_media":40632,"comment_status":"closed","ping_status":"closed","sticky":false,"template":"","format":"standard","meta":{"_acf_changed":false,"content-type":"","footnotes":""},"categories":[17],"tags":[63,70,86,194,94,69,52,62,90],"class_list":["post-40637","post","type-post","status-publish","format-standard","has-post-thumbnail","hentry","category-news","tag-creativita-ed-esperienze-attive","tag-creazione-di-reti-solide","tag-cultura-contemporanea-e-design","tag-eventi-culturali","tag-identita-culturali","tag-oltre-lerogazione","tag-opportunita","tag-partnership-con-enti-istituzionali","tag-protagonismo-delle-comunita","entry","post-inner"],"acf":[],"yoast_head":"<!-- This site is optimized with the Yoast SEO plugin v27.3 - https:\/\/yoast.com\/product\/yoast-seo-wordpress\/ -->\n<title>Al via il percorso verso la candidatura di Torino a Capitale Europea della Cultura - Fondazione Compagnia di San Paolo<\/title>\n<meta name=\"description\" content=\"Il Tavolo Strategico della candidatura di Torino a Capitale Europea della Cultura 2033 si \u00e8 riunito lo scorso 28 novembre.\" \/>\n<meta name=\"robots\" content=\"index, follow, max-snippet:-1, max-image-preview:large, max-video-preview:-1\" \/>\n<link rel=\"canonical\" href=\"https:\/\/www.compagniadisanpaolo.it\/it\/news\/al-via-il-percorso-verso-la-candidatura-di-torino-a-capitale-europea-della-cultura\/\" \/>\n<meta property=\"og:locale\" content=\"it_IT\" \/>\n<meta property=\"og:type\" content=\"article\" \/>\n<meta property=\"og:title\" content=\"Al via il percorso verso la candidatura di Torino a Capitale Europea della Cultura - Fondazione Compagnia di San Paolo\" \/>\n<meta property=\"og:description\" content=\"Il Tavolo Strategico della candidatura di Torino a Capitale Europea della Cultura 2033 si \u00e8 riunito lo scorso 28 novembre.\" \/>\n<meta property=\"og:url\" content=\"https:\/\/www.compagniadisanpaolo.it\/it\/news\/al-via-il-percorso-verso-la-candidatura-di-torino-a-capitale-europea-della-cultura\/\" \/>\n<meta property=\"og:site_name\" content=\"Fondazione Compagnia di San Paolo\" \/>\n<meta property=\"article:publisher\" content=\"https:\/\/www.facebook.com\/CompagniaDiSanPaolo\" \/>\n<meta property=\"article:published_time\" content=\"2025-12-02T15:54:36+00:00\" \/>\n<meta property=\"article:modified_time\" content=\"2025-12-02T15:57:36+00:00\" \/>\n<meta property=\"og:image\" content=\"https:\/\/www.compagniadisanpaolo.it\/wp-content\/uploads\/CSP_NEWS_tavolo-capitale-cultura_-815x350-.png.png\" \/>\n\t<meta property=\"og:image:width\" content=\"815\" \/>\n\t<meta property=\"og:image:height\" content=\"350\" \/>\n\t<meta property=\"og:image:type\" content=\"image\/png\" \/>\n<meta name=\"author\" content=\"Federica\" \/>\n<meta name=\"twitter:card\" content=\"summary_large_image\" \/>\n<meta name=\"twitter:creator\" content=\"@CSP_live\" \/>\n<meta name=\"twitter:site\" content=\"@CSP_live\" \/>\n<meta name=\"twitter:label1\" content=\"Scritto da\" \/>\n\t<meta name=\"twitter:data1\" content=\"Federica\" \/>\n\t<meta name=\"twitter:label2\" content=\"Tempo di lettura stimato\" \/>\n\t<meta name=\"twitter:data2\" content=\"3 minuti\" \/>\n<script type=\"application\/ld+json\" class=\"yoast-schema-graph\">{\"@context\":\"https:\\\/\\\/schema.org\",\"@graph\":[{\"@type\":\"Article\",\"@id\":\"https:\\\/\\\/www.compagniadisanpaolo.it\\\/it\\\/news\\\/al-via-il-percorso-verso-la-candidatura-di-torino-a-capitale-europea-della-cultura\\\/#article\",\"isPartOf\":{\"@id\":\"https:\\\/\\\/www.compagniadisanpaolo.it\\\/it\\\/news\\\/al-via-il-percorso-verso-la-candidatura-di-torino-a-capitale-europea-della-cultura\\\/\"},\"author\":{\"name\":\"Federica\",\"@id\":\"https:\\\/\\\/www.compagniadisanpaolo.it\\\/it\\\/#\\\/schema\\\/person\\\/b7d5451541c25c82f29c5be1e78456b2\"},\"headline\":\"Al via il percorso verso la candidatura di Torino a Capitale Europea della Cultura\",\"datePublished\":\"2025-12-02T15:54:36+00:00\",\"dateModified\":\"2025-12-02T15:57:36+00:00\",\"mainEntityOfPage\":{\"@id\":\"https:\\\/\\\/www.compagniadisanpaolo.it\\\/it\\\/news\\\/al-via-il-percorso-verso-la-candidatura-di-torino-a-capitale-europea-della-cultura\\\/\"},\"wordCount\":626,\"publisher\":{\"@id\":\"https:\\\/\\\/www.compagniadisanpaolo.it\\\/it\\\/#organization\"},\"image\":{\"@id\":\"https:\\\/\\\/www.compagniadisanpaolo.it\\\/it\\\/news\\\/al-via-il-percorso-verso-la-candidatura-di-torino-a-capitale-europea-della-cultura\\\/#primaryimage\"},\"thumbnailUrl\":\"https:\\\/\\\/www.compagniadisanpaolo.it\\\/wp-content\\\/uploads\\\/CSP_NEWS_tavolo-capitale-cultura_-815x350-.png.png\",\"keywords\":[\"creativit\u00e0 ed esperienze attive\",\"creazione di reti solide\",\"cultura contemporanea e design\",\"eventi culturali\",\"identit\u00e0 culturali\",\"oltre l'erogazione\",\"opportunit\u00e0\",\"partnership con enti istituzionali\",\"protagonismo delle comunit\u00e0\"],\"articleSection\":[\"News\"],\"inLanguage\":\"it-IT\"},{\"@type\":\"WebPage\",\"@id\":\"https:\\\/\\\/www.compagniadisanpaolo.it\\\/it\\\/news\\\/al-via-il-percorso-verso-la-candidatura-di-torino-a-capitale-europea-della-cultura\\\/\",\"url\":\"https:\\\/\\\/www.compagniadisanpaolo.it\\\/it\\\/news\\\/al-via-il-percorso-verso-la-candidatura-di-torino-a-capitale-europea-della-cultura\\\/\",\"name\":\"Al via il percorso verso la candidatura di Torino a Capitale Europea della Cultura - Fondazione Compagnia di San Paolo\",\"isPartOf\":{\"@id\":\"https:\\\/\\\/www.compagniadisanpaolo.it\\\/it\\\/#website\"},\"primaryImageOfPage\":{\"@id\":\"https:\\\/\\\/www.compagniadisanpaolo.it\\\/it\\\/news\\\/al-via-il-percorso-verso-la-candidatura-di-torino-a-capitale-europea-della-cultura\\\/#primaryimage\"},\"image\":{\"@id\":\"https:\\\/\\\/www.compagniadisanpaolo.it\\\/it\\\/news\\\/al-via-il-percorso-verso-la-candidatura-di-torino-a-capitale-europea-della-cultura\\\/#primaryimage\"},\"thumbnailUrl\":\"https:\\\/\\\/www.compagniadisanpaolo.it\\\/wp-content\\\/uploads\\\/CSP_NEWS_tavolo-capitale-cultura_-815x350-.png.png\",\"datePublished\":\"2025-12-02T15:54:36+00:00\",\"dateModified\":\"2025-12-02T15:57:36+00:00\",\"description\":\"Il Tavolo Strategico della candidatura di Torino a Capitale Europea della Cultura 2033 si \u00e8 riunito lo scorso 28 novembre.\",\"breadcrumb\":{\"@id\":\"https:\\\/\\\/www.compagniadisanpaolo.it\\\/it\\\/news\\\/al-via-il-percorso-verso-la-candidatura-di-torino-a-capitale-europea-della-cultura\\\/#breadcrumb\"},\"inLanguage\":\"it-IT\",\"potentialAction\":[{\"@type\":\"ReadAction\",\"target\":[\"https:\\\/\\\/www.compagniadisanpaolo.it\\\/it\\\/news\\\/al-via-il-percorso-verso-la-candidatura-di-torino-a-capitale-europea-della-cultura\\\/\"]}]},{\"@type\":\"ImageObject\",\"inLanguage\":\"it-IT\",\"@id\":\"https:\\\/\\\/www.compagniadisanpaolo.it\\\/it\\\/news\\\/al-via-il-percorso-verso-la-candidatura-di-torino-a-capitale-europea-della-cultura\\\/#primaryimage\",\"url\":\"https:\\\/\\\/www.compagniadisanpaolo.it\\\/wp-content\\\/uploads\\\/CSP_NEWS_tavolo-capitale-cultura_-815x350-.png.png\",\"contentUrl\":\"https:\\\/\\\/www.compagniadisanpaolo.it\\\/wp-content\\\/uploads\\\/CSP_NEWS_tavolo-capitale-cultura_-815x350-.png.png\",\"width\":815,\"height\":350},{\"@type\":\"BreadcrumbList\",\"@id\":\"https:\\\/\\\/www.compagniadisanpaolo.it\\\/it\\\/news\\\/al-via-il-percorso-verso-la-candidatura-di-torino-a-capitale-europea-della-cultura\\\/#breadcrumb\",\"itemListElement\":[{\"@type\":\"ListItem\",\"position\":1,\"name\":\"Home\",\"item\":\"https:\\\/\\\/www.compagniadisanpaolo.it\\\/it\\\/\"},{\"@type\":\"ListItem\",\"position\":2,\"name\":\"Al via il percorso verso la candidatura di Torino a Capitale Europea della Cultura\"}]},{\"@type\":\"WebSite\",\"@id\":\"https:\\\/\\\/www.compagniadisanpaolo.it\\\/it\\\/#website\",\"url\":\"https:\\\/\\\/www.compagniadisanpaolo.it\\\/it\\\/\",\"name\":\"Fondazione Compagnia di San Paolo\",\"description\":\"\",\"publisher\":{\"@id\":\"https:\\\/\\\/www.compagniadisanpaolo.it\\\/it\\\/#organization\"},\"potentialAction\":[{\"@type\":\"SearchAction\",\"target\":{\"@type\":\"EntryPoint\",\"urlTemplate\":\"https:\\\/\\\/www.compagniadisanpaolo.it\\\/it\\\/?s={search_term_string}\"},\"query-input\":{\"@type\":\"PropertyValueSpecification\",\"valueRequired\":true,\"valueName\":\"search_term_string\"}}],\"inLanguage\":\"it-IT\"},{\"@type\":\"Organization\",\"@id\":\"https:\\\/\\\/www.compagniadisanpaolo.it\\\/it\\\/#organization\",\"name\":\"Fondazione Compagnia di San Paolo\",\"url\":\"https:\\\/\\\/www.compagniadisanpaolo.it\\\/it\\\/\",\"logo\":{\"@type\":\"ImageObject\",\"inLanguage\":\"it-IT\",\"@id\":\"https:\\\/\\\/www.compagniadisanpaolo.it\\\/it\\\/#\\\/schema\\\/logo\\\/image\\\/\",\"url\":\"https:\\\/\\\/www.compagniadisanpaolo.it\\\/wp-content\\\/uploads\\\/logo.svg\",\"contentUrl\":\"https:\\\/\\\/www.compagniadisanpaolo.it\\\/wp-content\\\/uploads\\\/logo.svg\",\"width\":769,\"height\":323,\"caption\":\"Fondazione Compagnia di San Paolo\"},\"image\":{\"@id\":\"https:\\\/\\\/www.compagniadisanpaolo.it\\\/it\\\/#\\\/schema\\\/logo\\\/image\\\/\"},\"sameAs\":[\"https:\\\/\\\/www.facebook.com\\\/CompagniaDiSanPaolo\",\"https:\\\/\\\/x.com\\\/CSP_live\",\"http:\\\/\\\/instagram.com\\\/compagniadisanpaolo?ref=badge\",\"https:\\\/\\\/www.linkedin.com\\\/company\\\/compagnia-di-san-paolo\",\"https:\\\/\\\/www.youtube.com\\\/user\\\/compagniadisanpaolo\",\"https:\\\/\\\/it.wikipedia.org\\\/wiki\\\/Compagnia_di_San_Paolo\"]},{\"@type\":\"Person\",\"@id\":\"https:\\\/\\\/www.compagniadisanpaolo.it\\\/it\\\/#\\\/schema\\\/person\\\/b7d5451541c25c82f29c5be1e78456b2\",\"name\":\"Federica\",\"image\":{\"@type\":\"ImageObject\",\"inLanguage\":\"it-IT\",\"@id\":\"https:\\\/\\\/secure.gravatar.com\\\/avatar\\\/b5698fa13ac389b1f1fb1263a4626e219d853d7ccf112e854aea8c9c087d24ae?s=96&d=mm&r=g\",\"url\":\"https:\\\/\\\/secure.gravatar.com\\\/avatar\\\/b5698fa13ac389b1f1fb1263a4626e219d853d7ccf112e854aea8c9c087d24ae?s=96&d=mm&r=g\",\"contentUrl\":\"https:\\\/\\\/secure.gravatar.com\\\/avatar\\\/b5698fa13ac389b1f1fb1263a4626e219d853d7ccf112e854aea8c9c087d24ae?s=96&d=mm&r=g\",\"caption\":\"Federica\"}}]}<\/script>\n<!-- \/ Yoast SEO plugin. -->","yoast_head_json":{"title":"Al via il percorso verso la candidatura di Torino a Capitale Europea della Cultura - Fondazione Compagnia di San Paolo","description":"Il Tavolo Strategico della candidatura di Torino a Capitale Europea della Cultura 2033 si \u00e8 riunito lo scorso 28 novembre.","robots":{"index":"index","follow":"follow","max-snippet":"max-snippet:-1","max-image-preview":"max-image-preview:large","max-video-preview":"max-video-preview:-1"},"canonical":"https:\/\/www.compagniadisanpaolo.it\/it\/news\/al-via-il-percorso-verso-la-candidatura-di-torino-a-capitale-europea-della-cultura\/","og_locale":"it_IT","og_type":"article","og_title":"Al via il percorso verso la candidatura di Torino a Capitale Europea della Cultura - Fondazione Compagnia di San Paolo","og_description":"Il Tavolo Strategico della candidatura di Torino a Capitale Europea della Cultura 2033 si \u00e8 riunito lo scorso 28 novembre.","og_url":"https:\/\/www.compagniadisanpaolo.it\/it\/news\/al-via-il-percorso-verso-la-candidatura-di-torino-a-capitale-europea-della-cultura\/","og_site_name":"Fondazione Compagnia di San Paolo","article_publisher":"https:\/\/www.facebook.com\/CompagniaDiSanPaolo","article_published_time":"2025-12-02T15:54:36+00:00","article_modified_time":"2025-12-02T15:57:36+00:00","og_image":[{"width":815,"height":350,"url":"https:\/\/www.compagniadisanpaolo.it\/wp-content\/uploads\/CSP_NEWS_tavolo-capitale-cultura_-815x350-.png.png","type":"image\/png"}],"author":"Federica","twitter_card":"summary_large_image","twitter_creator":"@CSP_live","twitter_site":"@CSP_live","twitter_misc":{"Scritto da":"Federica","Tempo di lettura stimato":"3 minuti"},"schema":{"@context":"https:\/\/schema.org","@graph":[{"@type":"Article","@id":"https:\/\/www.compagniadisanpaolo.it\/it\/news\/al-via-il-percorso-verso-la-candidatura-di-torino-a-capitale-europea-della-cultura\/#article","isPartOf":{"@id":"https:\/\/www.compagniadisanpaolo.it\/it\/news\/al-via-il-percorso-verso-la-candidatura-di-torino-a-capitale-europea-della-cultura\/"},"author":{"name":"Federica","@id":"https:\/\/www.compagniadisanpaolo.it\/it\/#\/schema\/person\/b7d5451541c25c82f29c5be1e78456b2"},"headline":"Al via il percorso verso la candidatura di Torino a Capitale Europea della Cultura","datePublished":"2025-12-02T15:54:36+00:00","dateModified":"2025-12-02T15:57:36+00:00","mainEntityOfPage":{"@id":"https:\/\/www.compagniadisanpaolo.it\/it\/news\/al-via-il-percorso-verso-la-candidatura-di-torino-a-capitale-europea-della-cultura\/"},"wordCount":626,"publisher":{"@id":"https:\/\/www.compagniadisanpaolo.it\/it\/#organization"},"image":{"@id":"https:\/\/www.compagniadisanpaolo.it\/it\/news\/al-via-il-percorso-verso-la-candidatura-di-torino-a-capitale-europea-della-cultura\/#primaryimage"},"thumbnailUrl":"https:\/\/www.compagniadisanpaolo.it\/wp-content\/uploads\/CSP_NEWS_tavolo-capitale-cultura_-815x350-.png.png","keywords":["creativit\u00e0 ed esperienze attive","creazione di reti solide","cultura contemporanea e design","eventi culturali","identit\u00e0 culturali","oltre l'erogazione","opportunit\u00e0","partnership con enti istituzionali","protagonismo delle comunit\u00e0"],"articleSection":["News"],"inLanguage":"it-IT"},{"@type":"WebPage","@id":"https:\/\/www.compagniadisanpaolo.it\/it\/news\/al-via-il-percorso-verso-la-candidatura-di-torino-a-capitale-europea-della-cultura\/","url":"https:\/\/www.compagniadisanpaolo.it\/it\/news\/al-via-il-percorso-verso-la-candidatura-di-torino-a-capitale-europea-della-cultura\/","name":"Al via il percorso verso la candidatura di Torino a Capitale Europea della Cultura - Fondazione Compagnia di San Paolo","isPartOf":{"@id":"https:\/\/www.compagniadisanpaolo.it\/it\/#website"},"primaryImageOfPage":{"@id":"https:\/\/www.compagniadisanpaolo.it\/it\/news\/al-via-il-percorso-verso-la-candidatura-di-torino-a-capitale-europea-della-cultura\/#primaryimage"},"image":{"@id":"https:\/\/www.compagniadisanpaolo.it\/it\/news\/al-via-il-percorso-verso-la-candidatura-di-torino-a-capitale-europea-della-cultura\/#primaryimage"},"thumbnailUrl":"https:\/\/www.compagniadisanpaolo.it\/wp-content\/uploads\/CSP_NEWS_tavolo-capitale-cultura_-815x350-.png.png","datePublished":"2025-12-02T15:54:36+00:00","dateModified":"2025-12-02T15:57:36+00:00","description":"Il Tavolo Strategico della candidatura di Torino a Capitale Europea della Cultura 2033 si \u00e8 riunito lo scorso 28 novembre.","breadcrumb":{"@id":"https:\/\/www.compagniadisanpaolo.it\/it\/news\/al-via-il-percorso-verso-la-candidatura-di-torino-a-capitale-europea-della-cultura\/#breadcrumb"},"inLanguage":"it-IT","potentialAction":[{"@type":"ReadAction","target":["https:\/\/www.compagniadisanpaolo.it\/it\/news\/al-via-il-percorso-verso-la-candidatura-di-torino-a-capitale-europea-della-cultura\/"]}]},{"@type":"ImageObject","inLanguage":"it-IT","@id":"https:\/\/www.compagniadisanpaolo.it\/it\/news\/al-via-il-percorso-verso-la-candidatura-di-torino-a-capitale-europea-della-cultura\/#primaryimage","url":"https:\/\/www.compagniadisanpaolo.it\/wp-content\/uploads\/CSP_NEWS_tavolo-capitale-cultura_-815x350-.png.png","contentUrl":"https:\/\/www.compagniadisanpaolo.it\/wp-content\/uploads\/CSP_NEWS_tavolo-capitale-cultura_-815x350-.png.png","width":815,"height":350},{"@type":"BreadcrumbList","@id":"https:\/\/www.compagniadisanpaolo.it\/it\/news\/al-via-il-percorso-verso-la-candidatura-di-torino-a-capitale-europea-della-cultura\/#breadcrumb","itemListElement":[{"@type":"ListItem","position":1,"name":"Home","item":"https:\/\/www.compagniadisanpaolo.it\/it\/"},{"@type":"ListItem","position":2,"name":"Al via il percorso verso la candidatura di Torino a Capitale Europea della Cultura"}]},{"@type":"WebSite","@id":"https:\/\/www.compagniadisanpaolo.it\/it\/#website","url":"https:\/\/www.compagniadisanpaolo.it\/it\/","name":"Fondazione Compagnia di San Paolo","description":"","publisher":{"@id":"https:\/\/www.compagniadisanpaolo.it\/it\/#organization"},"potentialAction":[{"@type":"SearchAction","target":{"@type":"EntryPoint","urlTemplate":"https:\/\/www.compagniadisanpaolo.it\/it\/?s={search_term_string}"},"query-input":{"@type":"PropertyValueSpecification","valueRequired":true,"valueName":"search_term_string"}}],"inLanguage":"it-IT"},{"@type":"Organization","@id":"https:\/\/www.compagniadisanpaolo.it\/it\/#organization","name":"Fondazione Compagnia di San Paolo","url":"https:\/\/www.compagniadisanpaolo.it\/it\/","logo":{"@type":"ImageObject","inLanguage":"it-IT","@id":"https:\/\/www.compagniadisanpaolo.it\/it\/#\/schema\/logo\/image\/","url":"https:\/\/www.compagniadisanpaolo.it\/wp-content\/uploads\/logo.svg","contentUrl":"https:\/\/www.compagniadisanpaolo.it\/wp-content\/uploads\/logo.svg","width":769,"height":323,"caption":"Fondazione Compagnia di San Paolo"},"image":{"@id":"https:\/\/www.compagniadisanpaolo.it\/it\/#\/schema\/logo\/image\/"},"sameAs":["https:\/\/www.facebook.com\/CompagniaDiSanPaolo","https:\/\/x.com\/CSP_live","http:\/\/instagram.com\/compagniadisanpaolo?ref=badge","https:\/\/www.linkedin.com\/company\/compagnia-di-san-paolo","https:\/\/www.youtube.com\/user\/compagniadisanpaolo","https:\/\/it.wikipedia.org\/wiki\/Compagnia_di_San_Paolo"]},{"@type":"Person","@id":"https:\/\/www.compagniadisanpaolo.it\/it\/#\/schema\/person\/b7d5451541c25c82f29c5be1e78456b2","name":"Federica","image":{"@type":"ImageObject","inLanguage":"it-IT","@id":"https:\/\/secure.gravatar.com\/avatar\/b5698fa13ac389b1f1fb1263a4626e219d853d7ccf112e854aea8c9c087d24ae?s=96&d=mm&r=g","url":"https:\/\/secure.gravatar.com\/avatar\/b5698fa13ac389b1f1fb1263a4626e219d853d7ccf112e854aea8c9c087d24ae?s=96&d=mm&r=g","contentUrl":"https:\/\/secure.gravatar.com\/avatar\/b5698fa13ac389b1f1fb1263a4626e219d853d7ccf112e854aea8c9c087d24ae?s=96&d=mm&r=g","caption":"Federica"}}]}},"amp_enabled":true,"_links":{"self":[{"href":"https:\/\/www.compagniadisanpaolo.it\/it\/wp-json\/wp\/v2\/posts\/40637","targetHints":{"allow":["GET"]}}],"collection":[{"href":"https:\/\/www.compagniadisanpaolo.it\/it\/wp-json\/wp\/v2\/posts"}],"about":[{"href":"https:\/\/www.compagniadisanpaolo.it\/it\/wp-json\/wp\/v2\/types\/post"}],"author":[{"embeddable":true,"href":"https:\/\/www.compagniadisanpaolo.it\/it\/wp-json\/wp\/v2\/users\/19"}],"replies":[{"embeddable":true,"href":"https:\/\/www.compagniadisanpaolo.it\/it\/wp-json\/wp\/v2\/comments?post=40637"}],"version-history":[{"count":2,"href":"https:\/\/www.compagniadisanpaolo.it\/it\/wp-json\/wp\/v2\/posts\/40637\/revisions"}],"predecessor-version":[{"id":40639,"href":"https:\/\/www.compagniadisanpaolo.it\/it\/wp-json\/wp\/v2\/posts\/40637\/revisions\/40639"}],"wp:featuredmedia":[{"embeddable":true,"href":"https:\/\/www.compagniadisanpaolo.it\/it\/wp-json\/wp\/v2\/media\/40632"}],"wp:attachment":[{"href":"https:\/\/www.compagniadisanpaolo.it\/it\/wp-json\/wp\/v2\/media?parent=40637"}],"wp:term":[{"taxonomy":"category","embeddable":true,"href":"https:\/\/www.compagniadisanpaolo.it\/it\/wp-json\/wp\/v2\/categories?post=40637"},{"taxonomy":"post_tag","embeddable":true,"href":"https:\/\/www.compagniadisanpaolo.it\/it\/wp-json\/wp\/v2\/tags?post=40637"}],"curies":[{"name":"wp","href":"https:\/\/api.w.org\/{rel}","templated":true}]}}