{"id":40599,"date":"2025-12-01T10:44:54","date_gmt":"2025-12-01T09:44:54","guid":{"rendered":"https:\/\/www.compagniadisanpaolo.it\/?p=40599"},"modified":"2025-12-10T15:20:59","modified_gmt":"2025-12-10T14:20:59","slug":"unlock-your-sprint-al-via-la-call-per-partecipare-al-design-sprint-festival","status":"publish","type":"post","link":"https:\/\/www.compagniadisanpaolo.it\/it\/news\/unlock-your-sprint-al-via-la-call-per-partecipare-al-design-sprint-festival\/","title":{"rendered":"Unlock your Sprint \u2013 Al via la call per partecipare al Design Sprint Festival"},"content":{"rendered":"<div class=\"wpb-content-wrapper\">[vc_row][vc_column][vc_column_text css=&#8221;&#8221; el_class=&#8221;text-headline2&#8243;]Fino al 17 dicembre \u00e8 possibile candidarsi alla call promossa dalla Fondazione Compagnia di San Paolo, in collaborazione con Studio Shift, per partecipare a Unlock your Sprint \u2013 DS Festival. Un percorso intensivo di co-progettazione &#8211; nell\u2019ambito di Citt\u00e0 dell\u2019Educazione &#8211; dedicato a studenti, giovani laureati e professionisti che vogliono sviluppare nuove soluzioni per avvicinare i giovani al mondo del lavoro.[\/vc_column_text][\/vc_column][\/vc_row][vc_row][vc_column][vc_column_text]\n<div class=\"info-box mission\">\n\t\t<div class=\"info-box-wrap info-box-hor row pb-0\">\n\n\t\t      \n\t\t      <div class=\"spalla col-12 col-md-12\">\n\t\t\t<div class=\"info-box sharing-box\">\n\t\t\t  <span class=\"label\">Condividi:<\/span>\n\t\t\t  <div class=\"social-sharing\">\n\t\t\t    <span class=\"box\">\n\t\t\t      <a class=\"fb\" href=\"https:\/\/www.facebook.com\/sharer.php?u=https:\/\/www.compagniadisanpaolo.it\/it\/news\/unlock-your-sprint-al-via-la-call-per-partecipare-al-design-sprint-festival\/\" target=\"_blank\">\n\t\t\t\t<span class=\"sr-only\">Facebook<\/span>\n\t\t\t\t<i class=\"fab fa-facebook-f\"><\/i>\n\t\t\t      <\/a>\n\t\t\t    <\/span>\n\t\t\t    \n\t\t\t    <style>\n.twitter, .twitter:hover{\ncolor:#000000 !important;}\n<\/style>\n\n\n\t\t\t    <span class=\"box\">\n\t\t\t      <a class=\"twitter\" href=\"https:\/\/twitter.com\/intent\/tweet?url=https:\/\/www.compagniadisanpaolo.it\/it\/news\/unlock-your-sprint-al-via-la-call-per-partecipare-al-design-sprint-festival\/\">\n\t\t\t\t<span class=\"sr-only\">Twitter<\/span>\n\t\t\t\t<i class=\"fa-brands fa-x-twitter\"><\/i>\n\t\t\t      <\/a>\n\t\t\t    <\/span>\n\n\t\t\t    \n\t\t\t    <span class=\"box\">\n\t\t\t      <a class=\"linkedin\" href=\"https:\/\/www.linkedin.com\/shareArticle?mini=true&url=https:\/\/www.compagniadisanpaolo.it\/it\/news\/unlock-your-sprint-al-via-la-call-per-partecipare-al-design-sprint-festival\/\">\n\t\t\t\t<span class=\"sr-only\">Linkedin<\/span>\n\t\t\t\t  <i class=\"fa-brands fa-linkedin-in\"><\/i>\n\t\t\t      <\/a>\n\t\t\t    <\/span>\n\n\t\t\t    <span class=\"box\">\n\t\t\t      <a class=\"whatsapp\" href=\"whatsapp:\/\/send?text=https:\/\/www.compagniadisanpaolo.it\/it\/news\/unlock-your-sprint-al-via-la-call-per-partecipare-al-design-sprint-festival\/\" data-action=\"share\/whatsapp\/share\">\n\t\t\t\t<span class=\"sr-only\">Whatsapp<\/span>\n\t\t\t\t<i class=\"fa-brands fa-whatsapp\"><\/i>\n\t\t\t      <\/a>\n\t\t\t    <\/span>\n\n\t\t\t    <span class=\"box\">\n\t\t\t      <a class=\"mail\" href=\"mailto:?subject=Unlock your Sprint \u2013 Al via la call per partecipare al Design Sprint Festival&body=https:\/\/www.compagniadisanpaolo.it\/it\/news\/unlock-your-sprint-al-via-la-call-per-partecipare-al-design-sprint-festival\/\">\n\t\t\t\t<span class=\"sr-only\">Mail<\/span>\n\t\t\t\t <i class=\"fa-solid fa-envelope\"><\/i>\n\t\t\t      <\/a>\n\t\t\t    <\/span>\n\t\t\t    \n\t\t\t  <\/div>\n\t\t\t<\/div>\n\t      <\/div>\n\t    <\/div><\/div>\n[\/vc_column_text][\/vc_column][\/vc_row][vc_row][vc_column width=&#8221;1\/4&#8243;][vc_column_text]\n\n\n\t\t<div class=\"info-box-wrap\">\n\n\t  <div class=\"info-box date-pub\">\n\t  \t<span class=\"label\">Data di pubblicazione:<\/span>\n\t    <span class=\"value\">1 Dicembre 2025<\/span>\n\t  <\/div>\n\t\t\t\t  <div class=\"info-box obj-people\">\n\t\t\t\t\t  <div class=\"info-box obj\"><span class=\"label\">Obiettivo<\/span>\n\t\t\t\t\t    <div class=\"obj-small-box\">\n\t\t\t\t\t      <span>Persone.<\/span>\n\t\t\t\t\t    <\/div>\n\t\t\t\t\t  <\/div>\n\t\t\t\t  <\/div>\n\t\t\t  <div class=\"info-box mission\"><span class=\"label\">Tag<\/span><a href=\"https:\/\/www.compagniadisanpaolo.it\/it\/tags\/risultati\/?_sft_post_tag=coesione-sociale\" class=\"tag-element\">Coesione sociale<\/a><a href=\"https:\/\/www.compagniadisanpaolo.it\/it\/tags\/risultati\/?_sft_post_tag=comunita-educanti\" class=\"tag-element\">Comunit\u00e0 educanti<\/a><a href=\"https:\/\/www.compagniadisanpaolo.it\/it\/tags\/risultati\/?_sft_post_tag=creazione-di-reti-solide\" class=\"tag-element\">Creazione di reti solide<\/a><a href=\"https:\/\/www.compagniadisanpaolo.it\/it\/tags\/risultati\/?_sft_post_tag=formazione\" class=\"tag-element\">Formazione<\/a><a href=\"https:\/\/www.compagniadisanpaolo.it\/it\/tags\/risultati\/?_sft_post_tag=istruzione-di-qualita\" class=\"tag-element\">Istruzione di qualit\u00e0<\/a><a href=\"https:\/\/www.compagniadisanpaolo.it\/it\/tags\/risultati\/?_sft_post_tag=lavoro\" class=\"tag-element\">Lavoro<\/a><a href=\"https:\/\/www.compagniadisanpaolo.it\/it\/tags\/risultati\/?_sft_post_tag=nuove-generazioni\" class=\"tag-element\">Nuove generazioni<\/a><a href=\"https:\/\/www.compagniadisanpaolo.it\/it\/tags\/risultati\/?_sft_post_tag=opportunita-di-professionalizzazione\" class=\"tag-element\">Opportunit\u00e0 di professionalizzazione<\/a><a href=\"https:\/\/www.compagniadisanpaolo.it\/it\/tags\/risultati\/?_sft_post_tag=piena-cittadinanza-e-diritti\" class=\"tag-element\">Piena cittadinanza e diritti<\/a><a href=\"https:\/\/www.compagniadisanpaolo.it\/it\/tags\/risultati\/?_sft_post_tag=protagonismo-delle-comunita\" class=\"tag-element\">Protagonismo delle comunit\u00e0<\/a><\/div>\t  \n\t<\/div>\n[\/vc_column_text][\/vc_column][vc_column width=&#8221;3\/4&#8243; el_class=&#8221;page-content&#8221;][vc_column_text css=&#8221;&#8221; el_class=&#8221;text&#8221;]Accompagnare le nuove generazioni nella costruzione del proprio futuro significa ripensare continuamente strumenti, approcci e modi di ingaggio capaci di intercettare i loro bisogni reali.<\/p>\n<p>All\u2019interno dell\u2019iniziativa strategica <strong>Citt\u00e0 dell\u2019Educazione<\/strong>, la Fondazione Compagnia di San Paolo promuove un ecosistema di azioni che mira a <strong>rafforzare le opportunit\u00e0 educative, ridurre le disparit\u00e0 e valorizzare i talenti dei giovani<\/strong>. In questo quadro si inserisce l\u2019<strong>intervento 16+<\/strong>, rivolto ai ragazzi tra i <strong>16 e i 29 anni<\/strong> che rischiano di rimanere ai margini dei percorsi formativi e lavorativi, spesso a causa di ostacoli socioeconomici o di una visione incerta del proprio futuro.<\/p>\n<p>\u00c8 proprio da questa esigenza di innovare e sperimentare soluzioni pi\u00f9 coinvolgenti e personalizzate che nasce <strong>Unlock your Sprint \u2013 DS Festival<\/strong>, un percorso pensato per generare idee, prototipi e prospettive capaci di rafforzare il rapporto dei giovani con il mondo del lavoro e le figure adulte di riferimento.<\/p>\n<p>Il Festival, realizzato dalla <strong>Fondazione Compagnia di San Paolo<\/strong> in collaborazione con <strong>Studio SHIFT<\/strong>, si terr\u00e0 in presenza il <strong>16 e 17 gennaio 2026<\/strong>, dalle <strong>9:00 alle 19:00<\/strong>, presso il <strong>Collegio Carlo Alberto di Torino<\/strong>, e offrir\u00e0 un percorso intensivo di co-progettazione basato sulla metodologia dei <strong>Design Sprint 2.0<\/strong>.<\/p>\n<p>Il <strong>Design Sprint Festival <\/strong>prevede <strong>due giornate intensive di<\/strong> <strong>co-progettazione<\/strong>, nelle quali i partecipanti saranno <strong>guidati a trasformare le informazioni che saranno messe a disposizione in prototipi di alto livello<\/strong>, in grado di essere immediatamente testati nell\u2019ambito delle progettualit\u00e0 promosse dalla Fondazione a favore dei\/delle giovani. Un processo guidato per la <strong>messa a terra di soluzioni concrete<\/strong> e centrate sui reali bisogni delle nuove generazioni.<\/p>\n<p>Le sfide progettuali riguarderanno a titolo di esempio l\u2019ideazione di <strong>nuovi spazi, dispositivi e soluzioni <\/strong>\u2013 anche digitali \u2013 in grado di <strong>facilitare l\u2019accesso alle opportunit\u00e0<\/strong>, <strong>migliorare l\u2019orientamento<\/strong>, <strong>potenziare le reti territoriali <\/strong>e promuovere <strong>narrazioni pi\u00f9 autentiche e costruttive<\/strong> sul lavoro e sul futuro.<\/p>\n<p><strong>La call si rivolge a<\/strong> <strong>change-maker<\/strong> con profili diversi, tra cui <strong>designer<\/strong>, <strong>architetti<\/strong>, <strong>ingegneri<\/strong>, <strong>esperti di tecnologia <\/strong>e <strong>programmazione<\/strong>, professionisti della <strong>comunicazione<\/strong>, <strong>startupper<\/strong> ed professionisti in ambito <strong>educativo e sociale<\/strong>.<\/p>\n<p><strong>Accanto a loro potranno candidarsi<\/strong> anche <strong>giovani tra i 18 e i 29 anni <\/strong>che vivono sulla loro pelle la difficolt\u00e0 dell\u2019ingresso o della permanenza nel mondo del lavoro.<\/p>\n<p>L\u2019obiettivo \u00e8 quello <strong>di far dialogare competenze professionali e vissuti reali<\/strong>, creando un confronto capace di favorire la creazione di soluzioni utili e concrete.<\/p>\n<p>I <strong>50 partecipanti che verranno selezionati<\/strong> saranno quindi organizzati in <strong>gruppi misti e multidisciplinari<\/strong>, cos\u00ec da garantire un equilibrio tra competenze tecniche, approcci progettuali ed esperienze dirette della transizione scuola-lavoro, un elemento essenziale per arricchire il processo di co-progettazione.<\/p>\n<p>Le idee che otterranno la migliore valutazione potranno <strong>accedere a un percorso di accompagnamento alla messa a terra della soluzione<\/strong>, realizzato dallo Studio SHIFT in collaborazione con lo studio Kernel. Un supporto pensato per trasformare le idee in soluzioni da testare sul campo.<\/p>\n<p>Per partecipare &#8211; in forma individuale o in modalit\u00e0 team di Solver &#8211; \u00a0\u00e8 necessario compilare il modulo online disponibile al <a href=\"https:\/\/docs.google.com\/forms\/d\/e\/1FAIpQLSdkPS9SQk5wu16-EENNv7MWKeYCoG0Q0HfVp27rF0Y5cfO3tQ\/viewform\" target=\"_blank\" rel=\"noopener\"><strong>presente link<\/strong><\/a> entro e non oltre il <strong>17 dicembre 2025<\/strong>.<\/p>\n<p>Ulteriori approfondimenti e tutti i dettagli relativi ai requisiti per accedere all&#8217;iniziativa sono disponibili all\u2019interno del <strong><a href=\"https:\/\/www.compagniadisanpaolo.it\/wp-content\/uploads\/UNLOCK-YOUR-SPRINT-CALL-FOR-PARTICIPANT_1%C2%B0-dicembre-2025.pdf\" target=\"_blank\" rel=\"noopener\">testo completo della call<\/a><\/strong>.<\/p>\n<p>Per informazioni \u00e8 possibile contattare <a href=\"mailto:hello@studioshift.it\" target=\"_blank\" rel=\"noopener\">hello@studioshift.it<\/a>.[\/vc_column_text][vc_empty_space][\/vc_column][\/vc_row][vc_row el_class=&#8221;sdg-list-wrap&#8221;][vc_column][vc_raw_html]JTVCbW9zdHJhU0RHUyU1RA==[\/vc_raw_html][\/vc_column][\/vc_row][vc_row el_class=&#8221;sdg-list-wrap&#8221;][vc_column][vc_raw_html]JTVCU2V6aW9uZV9Eb2N1bWVudGklNUQ=[\/vc_raw_html][\/vc_column][\/vc_row][vc_row][vc_column]<div class=\"templatera_shortcode\"><div data-vc-full-width=\"true\" data-vc-full-width-temp=\"true\" data-vc-full-width-init=\"false\" class=\"vc_row wpb_row vc_row-fluid newsletter-wrap\"><div class=\"wpb_column vc_column_container vc_col-sm-12\"><div class=\"vc_column-inner\"><div class=\"wpb_wrapper\">\n\t<div class=\"wpb_raw_code wpb_raw_html wpb_content_element\" >\n\t\t<div class=\"wpb_wrapper\">\n\t\t\t    <div class=\"container\">\n      <div class=\"row align-items-center\">\n\t<div class=\"col-12 col-lg-6 col-xl-5 mb-3 mb-lg-0 pr-0\">\n\t  <h2 class=\"title\">Rimani aggiornato sui nostri bandi e sui nostri progetti<\/h2>\n\t<\/div>\n\t<div class=\"col-12 col-lg-6 col-xl-7 pl-xl-4\">\n\t  <a class=\"standard-link-block\" href=\"\/it\/newsletter\/\">\n\t    Compila il form e decidi su quale argomento vuoi ricevere notizie.\t    <strong>\u00a0 ISCRIVITI!<\/strong>\n\t  <\/a>\n\t<\/div>\n      <\/div>\n    <\/div>\n\t\t<\/div>\n\t<\/div>\n<\/div><\/div><\/div><\/div><div class=\"vc_row-full-width vc_clearfix\"><\/div><\/div>[\/vc_column][\/vc_row]\n<\/div>","protected":false},"excerpt":{"rendered":"<p>Fino al 17 dicembre \u00e8 possibile candidarsi alla call promossa dalla Fondazione Compagnia di San Paolo, in collaborazione con Studio Shift, per partecipare a Unlock your Sprint \u2013 DS Festival. Un percorso intensivo di co-progettazione &#8211; nell\u2019ambito di Citt\u00e0 dell\u2019Educazione &#8211; dedicato a studenti, giovani laureati e professionisti che vogliono sviluppare nuove soluzioni per avvicinare i giovani al mondo del lavoro. <\/p>\n","protected":false},"author":19,"featured_media":40600,"comment_status":"closed","ping_status":"closed","sticky":false,"template":"","format":"standard","meta":{"_acf_changed":false,"content-type":"","footnotes":""},"categories":[17],"tags":[51,81,70,53,213,462,54,71,93,90],"class_list":["post-40599","post","type-post","status-publish","format-standard","has-post-thumbnail","hentry","category-news","tag-coesione-sociale","tag-comunita-educanti","tag-creazione-di-reti-solide","tag-formazione","tag-istruzione-di-qualita","tag-lavoro","tag-nuove-generazioni","tag-opportunita-di-professionalizzazione","tag-piena-cittadinanza-e-diritti","tag-protagonismo-delle-comunita","entry","post-inner"],"acf":[],"yoast_head":"<!-- This site is optimized with the Yoast SEO plugin v27.3 - https:\/\/yoast.com\/product\/yoast-seo-wordpress\/ -->\n<title>Unlock your Sprint \u2013 Al via la call per partecipare al Design Sprint Festival - Fondazione Compagnia di San Paolo<\/title>\n<meta name=\"description\" content=\"Fino al 17 dicembre \u00e8 possibile candidarsi alla call promossa dalla Fondazione Compagnia di San Paolo, in collaborazione con Studio Shift.\" \/>\n<meta name=\"robots\" content=\"index, follow, max-snippet:-1, max-image-preview:large, max-video-preview:-1\" \/>\n<link rel=\"canonical\" href=\"https:\/\/www.compagniadisanpaolo.it\/it\/news\/unlock-your-sprint-al-via-la-call-per-partecipare-al-design-sprint-festival\/\" \/>\n<meta property=\"og:locale\" content=\"it_IT\" \/>\n<meta property=\"og:type\" content=\"article\" \/>\n<meta property=\"og:title\" content=\"Unlock your Sprint \u2013 Al via la call per partecipare al Design Sprint Festival - Fondazione Compagnia di San Paolo\" \/>\n<meta property=\"og:description\" content=\"Fino al 17 dicembre \u00e8 possibile candidarsi alla call promossa dalla Fondazione Compagnia di San Paolo, in collaborazione con Studio Shift.\" \/>\n<meta property=\"og:url\" content=\"https:\/\/www.compagniadisanpaolo.it\/it\/news\/unlock-your-sprint-al-via-la-call-per-partecipare-al-design-sprint-festival\/\" \/>\n<meta property=\"og:site_name\" content=\"Fondazione Compagnia di San Paolo\" \/>\n<meta property=\"article:publisher\" content=\"https:\/\/www.facebook.com\/CompagniaDiSanPaolo\" \/>\n<meta property=\"article:published_time\" content=\"2025-12-01T09:44:54+00:00\" \/>\n<meta property=\"article:modified_time\" content=\"2025-12-10T14:20:59+00:00\" \/>\n<meta property=\"og:image\" content=\"https:\/\/www.compagniadisanpaolo.it\/wp-content\/uploads\/CSP_NEWS_UNLOCK-YOUR-SPRINT-CALL-FOR-PARTICIPANT_-815x350-1.png\" \/>\n\t<meta property=\"og:image:width\" content=\"815\" \/>\n\t<meta property=\"og:image:height\" content=\"350\" \/>\n\t<meta property=\"og:image:type\" content=\"image\/png\" \/>\n<meta name=\"author\" content=\"Federica\" \/>\n<meta name=\"twitter:card\" content=\"summary_large_image\" \/>\n<meta name=\"twitter:creator\" content=\"@CSP_live\" \/>\n<meta name=\"twitter:site\" content=\"@CSP_live\" \/>\n<meta name=\"twitter:label1\" content=\"Scritto da\" \/>\n\t<meta name=\"twitter:data1\" content=\"Federica\" \/>\n\t<meta name=\"twitter:label2\" content=\"Tempo di lettura stimato\" \/>\n\t<meta name=\"twitter:data2\" content=\"4 minuti\" \/>\n<script type=\"application\/ld+json\" class=\"yoast-schema-graph\">{\"@context\":\"https:\\\/\\\/schema.org\",\"@graph\":[{\"@type\":\"Article\",\"@id\":\"https:\\\/\\\/www.compagniadisanpaolo.it\\\/it\\\/news\\\/unlock-your-sprint-al-via-la-call-per-partecipare-al-design-sprint-festival\\\/#article\",\"isPartOf\":{\"@id\":\"https:\\\/\\\/www.compagniadisanpaolo.it\\\/it\\\/news\\\/unlock-your-sprint-al-via-la-call-per-partecipare-al-design-sprint-festival\\\/\"},\"author\":{\"name\":\"Federica\",\"@id\":\"https:\\\/\\\/www.compagniadisanpaolo.it\\\/it\\\/#\\\/schema\\\/person\\\/b7d5451541c25c82f29c5be1e78456b2\"},\"headline\":\"Unlock your Sprint \u2013 Al via la call per partecipare al Design Sprint Festival\",\"datePublished\":\"2025-12-01T09:44:54+00:00\",\"dateModified\":\"2025-12-10T14:20:59+00:00\",\"mainEntityOfPage\":{\"@id\":\"https:\\\/\\\/www.compagniadisanpaolo.it\\\/it\\\/news\\\/unlock-your-sprint-al-via-la-call-per-partecipare-al-design-sprint-festival\\\/\"},\"wordCount\":720,\"publisher\":{\"@id\":\"https:\\\/\\\/www.compagniadisanpaolo.it\\\/it\\\/#organization\"},\"image\":{\"@id\":\"https:\\\/\\\/www.compagniadisanpaolo.it\\\/it\\\/news\\\/unlock-your-sprint-al-via-la-call-per-partecipare-al-design-sprint-festival\\\/#primaryimage\"},\"thumbnailUrl\":\"https:\\\/\\\/www.compagniadisanpaolo.it\\\/wp-content\\\/uploads\\\/CSP_NEWS_UNLOCK-YOUR-SPRINT-CALL-FOR-PARTICIPANT_-815x350-1.png\",\"keywords\":[\"coesione sociale\",\"comunit\u00e0 educanti\",\"creazione di reti solide\",\"formazione\",\"istruzione di qualit\u00e0\",\"lavoro\",\"nuove generazioni\",\"opportunit\u00e0 di professionalizzazione\",\"piena cittadinanza e diritti\",\"protagonismo delle comunit\u00e0\"],\"articleSection\":[\"News\"],\"inLanguage\":\"it-IT\"},{\"@type\":\"WebPage\",\"@id\":\"https:\\\/\\\/www.compagniadisanpaolo.it\\\/it\\\/news\\\/unlock-your-sprint-al-via-la-call-per-partecipare-al-design-sprint-festival\\\/\",\"url\":\"https:\\\/\\\/www.compagniadisanpaolo.it\\\/it\\\/news\\\/unlock-your-sprint-al-via-la-call-per-partecipare-al-design-sprint-festival\\\/\",\"name\":\"Unlock your Sprint \u2013 Al via la call per partecipare al Design Sprint Festival - Fondazione Compagnia di San Paolo\",\"isPartOf\":{\"@id\":\"https:\\\/\\\/www.compagniadisanpaolo.it\\\/it\\\/#website\"},\"primaryImageOfPage\":{\"@id\":\"https:\\\/\\\/www.compagniadisanpaolo.it\\\/it\\\/news\\\/unlock-your-sprint-al-via-la-call-per-partecipare-al-design-sprint-festival\\\/#primaryimage\"},\"image\":{\"@id\":\"https:\\\/\\\/www.compagniadisanpaolo.it\\\/it\\\/news\\\/unlock-your-sprint-al-via-la-call-per-partecipare-al-design-sprint-festival\\\/#primaryimage\"},\"thumbnailUrl\":\"https:\\\/\\\/www.compagniadisanpaolo.it\\\/wp-content\\\/uploads\\\/CSP_NEWS_UNLOCK-YOUR-SPRINT-CALL-FOR-PARTICIPANT_-815x350-1.png\",\"datePublished\":\"2025-12-01T09:44:54+00:00\",\"dateModified\":\"2025-12-10T14:20:59+00:00\",\"description\":\"Fino al 17 dicembre \u00e8 possibile candidarsi alla call promossa dalla Fondazione Compagnia di San Paolo, in collaborazione con Studio Shift.\",\"breadcrumb\":{\"@id\":\"https:\\\/\\\/www.compagniadisanpaolo.it\\\/it\\\/news\\\/unlock-your-sprint-al-via-la-call-per-partecipare-al-design-sprint-festival\\\/#breadcrumb\"},\"inLanguage\":\"it-IT\",\"potentialAction\":[{\"@type\":\"ReadAction\",\"target\":[\"https:\\\/\\\/www.compagniadisanpaolo.it\\\/it\\\/news\\\/unlock-your-sprint-al-via-la-call-per-partecipare-al-design-sprint-festival\\\/\"]}]},{\"@type\":\"ImageObject\",\"inLanguage\":\"it-IT\",\"@id\":\"https:\\\/\\\/www.compagniadisanpaolo.it\\\/it\\\/news\\\/unlock-your-sprint-al-via-la-call-per-partecipare-al-design-sprint-festival\\\/#primaryimage\",\"url\":\"https:\\\/\\\/www.compagniadisanpaolo.it\\\/wp-content\\\/uploads\\\/CSP_NEWS_UNLOCK-YOUR-SPRINT-CALL-FOR-PARTICIPANT_-815x350-1.png\",\"contentUrl\":\"https:\\\/\\\/www.compagniadisanpaolo.it\\\/wp-content\\\/uploads\\\/CSP_NEWS_UNLOCK-YOUR-SPRINT-CALL-FOR-PARTICIPANT_-815x350-1.png\",\"width\":815,\"height\":350},{\"@type\":\"BreadcrumbList\",\"@id\":\"https:\\\/\\\/www.compagniadisanpaolo.it\\\/it\\\/news\\\/unlock-your-sprint-al-via-la-call-per-partecipare-al-design-sprint-festival\\\/#breadcrumb\",\"itemListElement\":[{\"@type\":\"ListItem\",\"position\":1,\"name\":\"Home\",\"item\":\"https:\\\/\\\/www.compagniadisanpaolo.it\\\/it\\\/\"},{\"@type\":\"ListItem\",\"position\":2,\"name\":\"Unlock your Sprint \u2013 Al via la call per partecipare al Design Sprint Festival\"}]},{\"@type\":\"WebSite\",\"@id\":\"https:\\\/\\\/www.compagniadisanpaolo.it\\\/it\\\/#website\",\"url\":\"https:\\\/\\\/www.compagniadisanpaolo.it\\\/it\\\/\",\"name\":\"Fondazione Compagnia di San Paolo\",\"description\":\"\",\"publisher\":{\"@id\":\"https:\\\/\\\/www.compagniadisanpaolo.it\\\/it\\\/#organization\"},\"potentialAction\":[{\"@type\":\"SearchAction\",\"target\":{\"@type\":\"EntryPoint\",\"urlTemplate\":\"https:\\\/\\\/www.compagniadisanpaolo.it\\\/it\\\/?s={search_term_string}\"},\"query-input\":{\"@type\":\"PropertyValueSpecification\",\"valueRequired\":true,\"valueName\":\"search_term_string\"}}],\"inLanguage\":\"it-IT\"},{\"@type\":\"Organization\",\"@id\":\"https:\\\/\\\/www.compagniadisanpaolo.it\\\/it\\\/#organization\",\"name\":\"Fondazione Compagnia di San Paolo\",\"url\":\"https:\\\/\\\/www.compagniadisanpaolo.it\\\/it\\\/\",\"logo\":{\"@type\":\"ImageObject\",\"inLanguage\":\"it-IT\",\"@id\":\"https:\\\/\\\/www.compagniadisanpaolo.it\\\/it\\\/#\\\/schema\\\/logo\\\/image\\\/\",\"url\":\"https:\\\/\\\/www.compagniadisanpaolo.it\\\/wp-content\\\/uploads\\\/logo.svg\",\"contentUrl\":\"https:\\\/\\\/www.compagniadisanpaolo.it\\\/wp-content\\\/uploads\\\/logo.svg\",\"width\":769,\"height\":323,\"caption\":\"Fondazione Compagnia di San Paolo\"},\"image\":{\"@id\":\"https:\\\/\\\/www.compagniadisanpaolo.it\\\/it\\\/#\\\/schema\\\/logo\\\/image\\\/\"},\"sameAs\":[\"https:\\\/\\\/www.facebook.com\\\/CompagniaDiSanPaolo\",\"https:\\\/\\\/x.com\\\/CSP_live\",\"http:\\\/\\\/instagram.com\\\/compagniadisanpaolo?ref=badge\",\"https:\\\/\\\/www.linkedin.com\\\/company\\\/compagnia-di-san-paolo\",\"https:\\\/\\\/www.youtube.com\\\/user\\\/compagniadisanpaolo\",\"https:\\\/\\\/it.wikipedia.org\\\/wiki\\\/Compagnia_di_San_Paolo\"]},{\"@type\":\"Person\",\"@id\":\"https:\\\/\\\/www.compagniadisanpaolo.it\\\/it\\\/#\\\/schema\\\/person\\\/b7d5451541c25c82f29c5be1e78456b2\",\"name\":\"Federica\",\"image\":{\"@type\":\"ImageObject\",\"inLanguage\":\"it-IT\",\"@id\":\"https:\\\/\\\/secure.gravatar.com\\\/avatar\\\/b5698fa13ac389b1f1fb1263a4626e219d853d7ccf112e854aea8c9c087d24ae?s=96&d=mm&r=g\",\"url\":\"https:\\\/\\\/secure.gravatar.com\\\/avatar\\\/b5698fa13ac389b1f1fb1263a4626e219d853d7ccf112e854aea8c9c087d24ae?s=96&d=mm&r=g\",\"contentUrl\":\"https:\\\/\\\/secure.gravatar.com\\\/avatar\\\/b5698fa13ac389b1f1fb1263a4626e219d853d7ccf112e854aea8c9c087d24ae?s=96&d=mm&r=g\",\"caption\":\"Federica\"}}]}<\/script>\n<!-- \/ Yoast SEO plugin. -->","yoast_head_json":{"title":"Unlock your Sprint \u2013 Al via la call per partecipare al Design Sprint Festival - Fondazione Compagnia di San Paolo","description":"Fino al 17 dicembre \u00e8 possibile candidarsi alla call promossa dalla Fondazione Compagnia di San Paolo, in collaborazione con Studio Shift.","robots":{"index":"index","follow":"follow","max-snippet":"max-snippet:-1","max-image-preview":"max-image-preview:large","max-video-preview":"max-video-preview:-1"},"canonical":"https:\/\/www.compagniadisanpaolo.it\/it\/news\/unlock-your-sprint-al-via-la-call-per-partecipare-al-design-sprint-festival\/","og_locale":"it_IT","og_type":"article","og_title":"Unlock your Sprint \u2013 Al via la call per partecipare al Design Sprint Festival - Fondazione Compagnia di San Paolo","og_description":"Fino al 17 dicembre \u00e8 possibile candidarsi alla call promossa dalla Fondazione Compagnia di San Paolo, in collaborazione con Studio Shift.","og_url":"https:\/\/www.compagniadisanpaolo.it\/it\/news\/unlock-your-sprint-al-via-la-call-per-partecipare-al-design-sprint-festival\/","og_site_name":"Fondazione Compagnia di San Paolo","article_publisher":"https:\/\/www.facebook.com\/CompagniaDiSanPaolo","article_published_time":"2025-12-01T09:44:54+00:00","article_modified_time":"2025-12-10T14:20:59+00:00","og_image":[{"width":815,"height":350,"url":"https:\/\/www.compagniadisanpaolo.it\/wp-content\/uploads\/CSP_NEWS_UNLOCK-YOUR-SPRINT-CALL-FOR-PARTICIPANT_-815x350-1.png","type":"image\/png"}],"author":"Federica","twitter_card":"summary_large_image","twitter_creator":"@CSP_live","twitter_site":"@CSP_live","twitter_misc":{"Scritto da":"Federica","Tempo di lettura stimato":"4 minuti"},"schema":{"@context":"https:\/\/schema.org","@graph":[{"@type":"Article","@id":"https:\/\/www.compagniadisanpaolo.it\/it\/news\/unlock-your-sprint-al-via-la-call-per-partecipare-al-design-sprint-festival\/#article","isPartOf":{"@id":"https:\/\/www.compagniadisanpaolo.it\/it\/news\/unlock-your-sprint-al-via-la-call-per-partecipare-al-design-sprint-festival\/"},"author":{"name":"Federica","@id":"https:\/\/www.compagniadisanpaolo.it\/it\/#\/schema\/person\/b7d5451541c25c82f29c5be1e78456b2"},"headline":"Unlock your Sprint \u2013 Al via la call per partecipare al Design Sprint Festival","datePublished":"2025-12-01T09:44:54+00:00","dateModified":"2025-12-10T14:20:59+00:00","mainEntityOfPage":{"@id":"https:\/\/www.compagniadisanpaolo.it\/it\/news\/unlock-your-sprint-al-via-la-call-per-partecipare-al-design-sprint-festival\/"},"wordCount":720,"publisher":{"@id":"https:\/\/www.compagniadisanpaolo.it\/it\/#organization"},"image":{"@id":"https:\/\/www.compagniadisanpaolo.it\/it\/news\/unlock-your-sprint-al-via-la-call-per-partecipare-al-design-sprint-festival\/#primaryimage"},"thumbnailUrl":"https:\/\/www.compagniadisanpaolo.it\/wp-content\/uploads\/CSP_NEWS_UNLOCK-YOUR-SPRINT-CALL-FOR-PARTICIPANT_-815x350-1.png","keywords":["coesione sociale","comunit\u00e0 educanti","creazione di reti solide","formazione","istruzione di qualit\u00e0","lavoro","nuove generazioni","opportunit\u00e0 di professionalizzazione","piena cittadinanza e diritti","protagonismo delle comunit\u00e0"],"articleSection":["News"],"inLanguage":"it-IT"},{"@type":"WebPage","@id":"https:\/\/www.compagniadisanpaolo.it\/it\/news\/unlock-your-sprint-al-via-la-call-per-partecipare-al-design-sprint-festival\/","url":"https:\/\/www.compagniadisanpaolo.it\/it\/news\/unlock-your-sprint-al-via-la-call-per-partecipare-al-design-sprint-festival\/","name":"Unlock your Sprint \u2013 Al via la call per partecipare al Design Sprint Festival - Fondazione Compagnia di San Paolo","isPartOf":{"@id":"https:\/\/www.compagniadisanpaolo.it\/it\/#website"},"primaryImageOfPage":{"@id":"https:\/\/www.compagniadisanpaolo.it\/it\/news\/unlock-your-sprint-al-via-la-call-per-partecipare-al-design-sprint-festival\/#primaryimage"},"image":{"@id":"https:\/\/www.compagniadisanpaolo.it\/it\/news\/unlock-your-sprint-al-via-la-call-per-partecipare-al-design-sprint-festival\/#primaryimage"},"thumbnailUrl":"https:\/\/www.compagniadisanpaolo.it\/wp-content\/uploads\/CSP_NEWS_UNLOCK-YOUR-SPRINT-CALL-FOR-PARTICIPANT_-815x350-1.png","datePublished":"2025-12-01T09:44:54+00:00","dateModified":"2025-12-10T14:20:59+00:00","description":"Fino al 17 dicembre \u00e8 possibile candidarsi alla call promossa dalla Fondazione Compagnia di San Paolo, in collaborazione con Studio Shift.","breadcrumb":{"@id":"https:\/\/www.compagniadisanpaolo.it\/it\/news\/unlock-your-sprint-al-via-la-call-per-partecipare-al-design-sprint-festival\/#breadcrumb"},"inLanguage":"it-IT","potentialAction":[{"@type":"ReadAction","target":["https:\/\/www.compagniadisanpaolo.it\/it\/news\/unlock-your-sprint-al-via-la-call-per-partecipare-al-design-sprint-festival\/"]}]},{"@type":"ImageObject","inLanguage":"it-IT","@id":"https:\/\/www.compagniadisanpaolo.it\/it\/news\/unlock-your-sprint-al-via-la-call-per-partecipare-al-design-sprint-festival\/#primaryimage","url":"https:\/\/www.compagniadisanpaolo.it\/wp-content\/uploads\/CSP_NEWS_UNLOCK-YOUR-SPRINT-CALL-FOR-PARTICIPANT_-815x350-1.png","contentUrl":"https:\/\/www.compagniadisanpaolo.it\/wp-content\/uploads\/CSP_NEWS_UNLOCK-YOUR-SPRINT-CALL-FOR-PARTICIPANT_-815x350-1.png","width":815,"height":350},{"@type":"BreadcrumbList","@id":"https:\/\/www.compagniadisanpaolo.it\/it\/news\/unlock-your-sprint-al-via-la-call-per-partecipare-al-design-sprint-festival\/#breadcrumb","itemListElement":[{"@type":"ListItem","position":1,"name":"Home","item":"https:\/\/www.compagniadisanpaolo.it\/it\/"},{"@type":"ListItem","position":2,"name":"Unlock your Sprint \u2013 Al via la call per partecipare al Design Sprint Festival"}]},{"@type":"WebSite","@id":"https:\/\/www.compagniadisanpaolo.it\/it\/#website","url":"https:\/\/www.compagniadisanpaolo.it\/it\/","name":"Fondazione Compagnia di San Paolo","description":"","publisher":{"@id":"https:\/\/www.compagniadisanpaolo.it\/it\/#organization"},"potentialAction":[{"@type":"SearchAction","target":{"@type":"EntryPoint","urlTemplate":"https:\/\/www.compagniadisanpaolo.it\/it\/?s={search_term_string}"},"query-input":{"@type":"PropertyValueSpecification","valueRequired":true,"valueName":"search_term_string"}}],"inLanguage":"it-IT"},{"@type":"Organization","@id":"https:\/\/www.compagniadisanpaolo.it\/it\/#organization","name":"Fondazione Compagnia di San Paolo","url":"https:\/\/www.compagniadisanpaolo.it\/it\/","logo":{"@type":"ImageObject","inLanguage":"it-IT","@id":"https:\/\/www.compagniadisanpaolo.it\/it\/#\/schema\/logo\/image\/","url":"https:\/\/www.compagniadisanpaolo.it\/wp-content\/uploads\/logo.svg","contentUrl":"https:\/\/www.compagniadisanpaolo.it\/wp-content\/uploads\/logo.svg","width":769,"height":323,"caption":"Fondazione Compagnia di San Paolo"},"image":{"@id":"https:\/\/www.compagniadisanpaolo.it\/it\/#\/schema\/logo\/image\/"},"sameAs":["https:\/\/www.facebook.com\/CompagniaDiSanPaolo","https:\/\/x.com\/CSP_live","http:\/\/instagram.com\/compagniadisanpaolo?ref=badge","https:\/\/www.linkedin.com\/company\/compagnia-di-san-paolo","https:\/\/www.youtube.com\/user\/compagniadisanpaolo","https:\/\/it.wikipedia.org\/wiki\/Compagnia_di_San_Paolo"]},{"@type":"Person","@id":"https:\/\/www.compagniadisanpaolo.it\/it\/#\/schema\/person\/b7d5451541c25c82f29c5be1e78456b2","name":"Federica","image":{"@type":"ImageObject","inLanguage":"it-IT","@id":"https:\/\/secure.gravatar.com\/avatar\/b5698fa13ac389b1f1fb1263a4626e219d853d7ccf112e854aea8c9c087d24ae?s=96&d=mm&r=g","url":"https:\/\/secure.gravatar.com\/avatar\/b5698fa13ac389b1f1fb1263a4626e219d853d7ccf112e854aea8c9c087d24ae?s=96&d=mm&r=g","contentUrl":"https:\/\/secure.gravatar.com\/avatar\/b5698fa13ac389b1f1fb1263a4626e219d853d7ccf112e854aea8c9c087d24ae?s=96&d=mm&r=g","caption":"Federica"}}]}},"amp_enabled":true,"_links":{"self":[{"href":"https:\/\/www.compagniadisanpaolo.it\/it\/wp-json\/wp\/v2\/posts\/40599","targetHints":{"allow":["GET"]}}],"collection":[{"href":"https:\/\/www.compagniadisanpaolo.it\/it\/wp-json\/wp\/v2\/posts"}],"about":[{"href":"https:\/\/www.compagniadisanpaolo.it\/it\/wp-json\/wp\/v2\/types\/post"}],"author":[{"embeddable":true,"href":"https:\/\/www.compagniadisanpaolo.it\/it\/wp-json\/wp\/v2\/users\/19"}],"replies":[{"embeddable":true,"href":"https:\/\/www.compagniadisanpaolo.it\/it\/wp-json\/wp\/v2\/comments?post=40599"}],"version-history":[{"count":5,"href":"https:\/\/www.compagniadisanpaolo.it\/it\/wp-json\/wp\/v2\/posts\/40599\/revisions"}],"predecessor-version":[{"id":40726,"href":"https:\/\/www.compagniadisanpaolo.it\/it\/wp-json\/wp\/v2\/posts\/40599\/revisions\/40726"}],"wp:featuredmedia":[{"embeddable":true,"href":"https:\/\/www.compagniadisanpaolo.it\/it\/wp-json\/wp\/v2\/media\/40600"}],"wp:attachment":[{"href":"https:\/\/www.compagniadisanpaolo.it\/it\/wp-json\/wp\/v2\/media?parent=40599"}],"wp:term":[{"taxonomy":"category","embeddable":true,"href":"https:\/\/www.compagniadisanpaolo.it\/it\/wp-json\/wp\/v2\/categories?post=40599"},{"taxonomy":"post_tag","embeddable":true,"href":"https:\/\/www.compagniadisanpaolo.it\/it\/wp-json\/wp\/v2\/tags?post=40599"}],"curies":[{"name":"wp","href":"https:\/\/api.w.org\/{rel}","templated":true}]}}