{"id":4048,"date":"2020-06-05T14:32:20","date_gmt":"2020-06-05T12:32:20","guid":{"rendered":"https:\/\/www.compagniadisanpaolo.it\/?p=4048"},"modified":"2021-09-09T20:26:47","modified_gmt":"2021-09-09T18:26:47","slug":"archivissima-e-la-notte-degli-archivi-tornano-in-versione-digitale","status":"publish","type":"post","link":"https:\/\/www.compagniadisanpaolo.it\/it\/eventi\/archivissima-e-la-notte-degli-archivi-tornano-in-versione-digitale\/","title":{"rendered":"Al via da oggi Archivissima e La Notte degli Archivi"},"content":{"rendered":"<div class=\"wpb-content-wrapper\">[vc_row][vc_column][vc_column_text el_class=&#8221;text-headline2&#8243;]<i>Dal 5 all\u20198 giugno il pubblico potr\u00e0 fruire gratuitamente di numerosi contributi digitali, tra podcast e video, dedicati al mondo delle donne.<\/i>[\/vc_column_text][\/vc_column][\/vc_row][vc_row][vc_column][vc_column_text]\n<div class=\"info-box mission\">\n\t\t<div class=\"info-box-wrap info-box-hor row pb-0\">\n\n\t\t      \n\t\t      <div class=\"spalla col-12 col-md-12\">\n\t\t\t<div class=\"info-box sharing-box\">\n\t\t\t  <span class=\"label\">Condividi:<\/span>\n\t\t\t  <div class=\"social-sharing\">\n\t\t\t    <span class=\"box\">\n\t\t\t      <a class=\"fb\" href=\"https:\/\/www.facebook.com\/sharer.php?u=https:\/\/www.compagniadisanpaolo.it\/it\/eventi\/archivissima-e-la-notte-degli-archivi-tornano-in-versione-digitale\/\" target=\"_blank\">\n\t\t\t\t<span class=\"sr-only\">Facebook<\/span>\n\t\t\t\t<i class=\"fab fa-facebook-f\"><\/i>\n\t\t\t      <\/a>\n\t\t\t    <\/span>\n\t\t\t    \n\t\t\t    <style>\n.twitter, .twitter:hover{\ncolor:#000000 !important;}\n<\/style>\n\n\n\t\t\t    <span class=\"box\">\n\t\t\t      <a class=\"twitter\" href=\"https:\/\/twitter.com\/intent\/tweet?url=https:\/\/www.compagniadisanpaolo.it\/it\/eventi\/archivissima-e-la-notte-degli-archivi-tornano-in-versione-digitale\/\">\n\t\t\t\t<span class=\"sr-only\">Twitter<\/span>\n\t\t\t\t<i class=\"fa-brands fa-x-twitter\"><\/i>\n\t\t\t      <\/a>\n\t\t\t    <\/span>\n\n\t\t\t    \n\t\t\t    <span class=\"box\">\n\t\t\t      <a class=\"linkedin\" href=\"https:\/\/www.linkedin.com\/shareArticle?mini=true&url=https:\/\/www.compagniadisanpaolo.it\/it\/eventi\/archivissima-e-la-notte-degli-archivi-tornano-in-versione-digitale\/\">\n\t\t\t\t<span class=\"sr-only\">Linkedin<\/span>\n\t\t\t\t  <i class=\"fa-brands fa-linkedin-in\"><\/i>\n\t\t\t      <\/a>\n\t\t\t    <\/span>\n\n\t\t\t    <span class=\"box\">\n\t\t\t      <a class=\"whatsapp\" href=\"whatsapp:\/\/send?text=https:\/\/www.compagniadisanpaolo.it\/it\/eventi\/archivissima-e-la-notte-degli-archivi-tornano-in-versione-digitale\/\" data-action=\"share\/whatsapp\/share\">\n\t\t\t\t<span class=\"sr-only\">Whatsapp<\/span>\n\t\t\t\t<i class=\"fa-brands fa-whatsapp\"><\/i>\n\t\t\t      <\/a>\n\t\t\t    <\/span>\n\n\t\t\t    <span class=\"box\">\n\t\t\t      <a class=\"mail\" href=\"mailto:?subject=Al via da oggi Archivissima e La Notte degli Archivi&body=https:\/\/www.compagniadisanpaolo.it\/it\/eventi\/archivissima-e-la-notte-degli-archivi-tornano-in-versione-digitale\/\">\n\t\t\t\t<span class=\"sr-only\">Mail<\/span>\n\t\t\t\t <i class=\"fa-solid fa-envelope\"><\/i>\n\t\t\t      <\/a>\n\t\t\t    <\/span>\n\t\t\t    \n\t\t\t  <\/div>\n\t\t\t<\/div>\n\t      <\/div>\n\t    <\/div><\/div>\n[\/vc_column_text][\/vc_column][\/vc_row][vc_row][vc_column width=&#8221;1\/4&#8243;][vc_column_text]\n\n\n\t\t<div class=\"info-box-wrap\">\n\n\t  <div class=\"info-box date-pub\">\n\t  \t<span class=\"label\">Data di pubblicazione:<\/span>\n\t    <span class=\"value\">5 Giugno 2020<\/span>\n\t  <\/div>\n\t\t\t\t  <div class=\"info-box obj-culture\">\n\t\t\t\t\t  <div class=\"info-box obj\"><span class=\"label\">Obiettivo<\/span>\n\t\t\t\t\t    <div class=\"obj-small-box\">\n\t\t\t\t\t      <span>Cultura.<\/span>\n\t\t\t\t\t    <\/div>\n\t\t\t\t\t  <\/div>\n\t\t\t\t  <\/div>\n\t\t\t  <div class=\"info-box mission\"><span class=\"label\">Tag<\/span><a href=\"https:\/\/www.compagniadisanpaolo.it\/it\/tags\/risultati\/?_sft_post_tag=arte-e-musei\" class=\"tag-element\">Arte e musei<\/a><a href=\"https:\/\/www.compagniadisanpaolo.it\/it\/tags\/risultati\/?_sft_post_tag=identita-culturali\" class=\"tag-element\">Identit\u00e0 culturali<\/a><a href=\"https:\/\/www.compagniadisanpaolo.it\/it\/tags\/risultati\/?_sft_post_tag=oltre-lerogazione\" class=\"tag-element\">Oltre l'erogazione<\/a><a href=\"https:\/\/www.compagniadisanpaolo.it\/it\/tags\/risultati\/?_sft_post_tag=pari-opportunita\" class=\"tag-element\">Pari opportunit\u00e0<\/a><a href=\"https:\/\/www.compagniadisanpaolo.it\/it\/tags\/risultati\/?_sft_post_tag=protagonismo-delle-comunita\" class=\"tag-element\">Protagonismo delle comunit\u00e0<\/a><\/div>\t  \n\t<\/div>\n[\/vc_column_text][\/vc_column][vc_column width=&#8221;3\/4&#8243; el_class=&#8221;page-content&#8221;][vc_column_text el_class=&#8221;text&#8221;]L\u2019emergenza Coronavirus non ferma Archivissima e La Notte degli Archivi, che si svolgeranno quest\u2019anno in versione digitale, dal 5 all\u20198 giugno 2020.<span class=\"Apple-converted-space\">\u00a0<\/span><\/p>\n<p>La manifestazione, sostenuta dalla Fondazione Compagnia di San Paolo, prevede un ricchissimo palinsesto articolato in oltre 50 puntate. Tra queste, 17 podcast d\u2019autore prodotti da Archivissima e curati dalla giornalista Valentina De Poli che ci porter\u00e0 alla scoperta delle carte conservati negli archivi selezionati. A questo si aggiungono circa 80 podcast realizzati da singoli archivi partecipanti e oltre 100 video.<span class=\"Apple-converted-space\">\u00a0<\/span><\/p>\n<p>L\u2019edizione di quest\u2019anno, #WOMEN, \u00e8 dedicata al mondo femminile e prevede numerosi contributi tesi a testimoniare il fondamentale ruolo delle donne nei processi di trasformazione in diversi ambiti del nostro vissuto, dalla politica, al lavoro, alla letteratura, alla medicina, allo sport.<\/p>\n<p>La Notte degli Archivi si svolger\u00e0 il 5 giugno e per la prima volta coinvolger\u00e0 tutte le regioni italiane, divenendo la prima Notte degli Archivi nazionale, patrocinata quest\u2019anno da ANAI, Associazione nazionale archivistica italiana.<\/p>\n<p>Tutti i contributi potranno essere fruiti gratuitamente sui canali di <a href=\"http:\/\/www.archivissima.it\/\" target=\"_blank\" rel=\"noopener noreferrer\">Archivissima<\/a> e sui profili social (Instagram e Facebook) della manifestazione e di tutti i partner e archivi aderenti.<\/p>\n<p>Questo il commento di Sandra Aloia<i>, <\/i>responsabile della Missione Favorire partecipazione attiva della Fondazione Compagnia di San Paolo:<i> <\/i>\u201c<i>La Fondazione Compagnia di San Paolo sostiene Archivissima sin dalla sua prima edizione riconoscendo in questo \u201cFestival degli Archivi\u201d, la grande capacit\u00e0 di valorizzare il patrimonio storico, artistico, culturale e industriale conservato negli archivi di enti, istituzioni, e grandi aziende attraverso un racconto partecipato dedicato alla cittadinanza. Grazie alla pluralit\u00e0 di azioni avviate, il Festival \u00e8 in grado di proporre nuovi modi di vivere i luoghi della cultura invitando i cittadini a scoprire e approfondire il mondo degli archivi storici e stimolando la partecipazione giovanile. L\u2019edizione 2020, ripensata interamente in chiave digitale, consentir\u00e0 di aprirsi ulteriormente a nuovi pubblici ed a nuovi archivi e per questo auguriamo il massimo successo. Archivissima \u00e8 un progetto dalla missione \u201cfavorire partecipazione attiva\u201d nell\u2019ambito dell\u2019Obiettivo Cultura. La missione orienta l\u2019attivit\u00e0 proprio nell\u2019ottica di far nascere un nuovo spirito di condivisione con cui ripensare gli spazi culturali e civici, interpretandoli in una nuova prospettiva che li renda pi\u00f9 inclusivi e coinvolgenti\u201d.<\/i><\/p>\n<p><span class=\"Apple-converted-space\">\u00a0<\/span>[\/vc_column_text][\/vc_column][\/vc_row][vc_row full_width=&#8221;stretch_row&#8221; el_class=&#8221;download-area-wrap mt-0 mb-0&#8243; css=&#8221;.vc_custom_1587069376729{margin-bottom: 0px !important;}&#8221;][vc_column el_class=&#8221;download-area&#8221;][vc_row_inner][vc_column_inner][vc_column_text]\n<h2 class=\"title\">Documenti di approfondimento<\/h2>\n[\/vc_column_text][\/vc_column_inner][\/vc_row_inner][vc_row_inner][vc_column_inner][vc_column_text el_class=&#8221;download-box&#8221;]\n<h3 class=\"title\">Comunicato stampa<\/h3>\n<p><a class=\"standard-link\" href=\"https:\/\/www.compagniadisanpaolo.it\/wp-content\/uploads\/ARCHIVISSIMA_COMUNICATO-STAMPA.pdf\" target=\"_blank\" rel=\"noopener noreferrer\">Scarica il documento<\/a>[\/vc_column_text][\/vc_column_inner][\/vc_row_inner][\/vc_column][\/vc_row][vc_row][vc_column]<div class=\"templatera_shortcode\"><div data-vc-full-width=\"true\" data-vc-full-width-temp=\"true\" data-vc-full-width-init=\"false\" class=\"vc_row wpb_row vc_row-fluid newsletter-wrap\"><div class=\"wpb_column vc_column_container vc_col-sm-12\"><div class=\"vc_column-inner\"><div class=\"wpb_wrapper\">\n\t<div class=\"wpb_raw_code wpb_raw_html wpb_content_element\" >\n\t\t<div class=\"wpb_wrapper\">\n\t\t\t    <div class=\"container\">\n      <div class=\"row align-items-center\">\n\t<div class=\"col-12 col-lg-6 col-xl-5 mb-3 mb-lg-0 pr-0\">\n\t  <h2 class=\"title\">Rimani aggiornato sui nostri bandi e sui nostri progetti<\/h2>\n\t<\/div>\n\t<div class=\"col-12 col-lg-6 col-xl-7 pl-xl-4\">\n\t  <a class=\"standard-link-block\" href=\"\/it\/newsletter\/\">\n\t    Compila il form e decidi su quale argomento vuoi ricevere notizie.\t    <strong>\u00a0 ISCRIVITI!<\/strong>\n\t  <\/a>\n\t<\/div>\n      <\/div>\n    <\/div>\n\t\t<\/div>\n\t<\/div>\n<\/div><\/div><\/div><\/div><div class=\"vc_row-full-width vc_clearfix\"><\/div><\/div>[\/vc_column][\/vc_row]\n<\/div>","protected":false},"excerpt":{"rendered":"Dal 5 all\u20198 giugno il pubblico potr\u00e0 fruire gratuitamente di numerosi contributi digitali, tra podcast e video, dedicati al mondo delle donne. Condividi: Facebook Twitter Linkedin Whatsapp Mail Data di pubblicazione: 5 Giugno 2020 Obiettivo Cultura. TagArte e museiIdentit\u00e0 culturaliOltre l'erogazionePari opportunit\u00e0Protagonismo delle comunit\u00e0 L\u2019emergenza Coronavirus non ferma Archivissima e La Notte degli Archivi, che si svolgeranno quest\u2019anno in versione digitale, dal 5 all\u20198 giugno 2020.\u00a0 La manifestazione, sostenuta dalla Fondazione Compagnia di San Paolo, prevede un ricchissimo palinsesto articolato in oltre 50 puntate. Tra queste, 17 podcast d\u2019autore prodotti da Archivissima e curati dalla giornalista Valentina De Poli che ci porter\u00e0 alla scoperta delle carte conservati negli archivi selezionati. A questo si aggiungono circa 80 podcast realizzati da singoli archivi partecipanti e oltre 100 video.\u00a0 L\u2019edizione di quest\u2019anno, #WOMEN, \u00e8 dedicata al mondo femminile e prevede numerosi contributi tesi a testimoniare il fondamentale ruolo delle donne nei processi di trasformazione in diversi ambiti del nostro vissuto, dalla politica, al lavoro, alla letteratura, alla medicina, allo sport. La Notte degli Archivi si svolger\u00e0 il 5 giugno e per la prima volta coinvolger\u00e0 tutte le regioni italiane, divenendo la prima Notte degli Archivi nazionale, patrocinata quest\u2019anno da ANAI, Associazione nazionale archivistica italiana. Tutti i contributi potranno essere fruiti gratuitamente sui canali di Archivissima e sui profili social (Instagram e Facebook) della manifestazione e di tutti i partner e archivi aderenti. Questo il commento di Sandra Aloia, responsabile della Missione Favorire partecipazione attiva della Fondazione Compagnia di San Paolo: \u201cLa Fondazione Compagnia di San Paolo sostiene Archivissima sin dalla sua prima edizione riconoscendo in questo \u201cFestival degli Archivi\u201d, la grande capacit\u00e0 di valorizzare il patrimonio storico, artistico, culturale e industriale conservato negli archivi di enti, istituzioni, e grandi aziende attraverso un racconto partecipato dedicato alla cittadinanza. Grazie alla pluralit\u00e0 di azioni avviate, il Festival \u00e8 in grado di proporre nuovi modi di vivere i luoghi della cultura invitando i cittadini a scoprire e approfondire il mondo degli archivi storici e stimolando la partecipazione giovanile. L\u2019edizione 2020, ripensata interamente in chiave digitale, consentir\u00e0 di aprirsi ulteriormente a nuovi pubblici ed a nuovi archivi e per questo auguriamo il massimo successo. Archivissima \u00e8 un progetto dalla missione \u201cfavorire partecipazione attiva\u201d nell\u2019ambito dell\u2019Obiettivo Cultura. La missione orienta l\u2019attivit\u00e0 proprio nell\u2019ottica di far nascere un nuovo spirito di condivisione con cui ripensare gli spazi culturali e civici, interpretandoli in una nuova prospettiva che li renda pi\u00f9 inclusivi e coinvolgenti\u201d. \u00a0 Documenti di approfondimento Comunicato stampa Scarica il documento Rimani aggiornato sui nostri bandi e sui nostri progetti Compila il form e decidi su quale argomento vuoi ricevere notizie. \u00a0 ISCRIVITI!","protected":false},"author":19,"featured_media":4147,"comment_status":"closed","ping_status":"closed","sticky":false,"template":"","format":"standard","meta":{"_acf_changed":false,"content-type":"","footnotes":""},"categories":[4],"tags":[87,94,69,79,90],"class_list":["post-4048","post","type-post","status-publish","format-standard","has-post-thumbnail","hentry","category-eventi","tag-arte-e-musei","tag-identita-culturali","tag-oltre-lerogazione","tag-pari-opportunita","tag-protagonismo-delle-comunita","entry","post-inner"],"acf":[],"yoast_head":"<!-- This site is optimized with the Yoast SEO plugin v27.3 - https:\/\/yoast.com\/product\/yoast-seo-wordpress\/ -->\n<title>Al via da oggi Archivissima e La Notte degli Archivi - Fondazione Compagnia di San Paolo<\/title>\n<meta name=\"robots\" content=\"index, follow, max-snippet:-1, max-image-preview:large, max-video-preview:-1\" \/>\n<link rel=\"canonical\" href=\"https:\/\/www.compagniadisanpaolo.it\/it\/eventi\/archivissima-e-la-notte-degli-archivi-tornano-in-versione-digitale\/\" \/>\n<meta property=\"og:locale\" content=\"it_IT\" \/>\n<meta property=\"og:type\" content=\"article\" \/>\n<meta property=\"og:title\" content=\"Al via da oggi Archivissima e La Notte degli Archivi - Fondazione Compagnia di San Paolo\" \/>\n<meta property=\"og:url\" content=\"https:\/\/www.compagniadisanpaolo.it\/it\/eventi\/archivissima-e-la-notte-degli-archivi-tornano-in-versione-digitale\/\" \/>\n<meta property=\"og:site_name\" content=\"Fondazione Compagnia di San Paolo\" \/>\n<meta property=\"article:publisher\" content=\"https:\/\/www.facebook.com\/CompagniaDiSanPaolo\" \/>\n<meta property=\"article:published_time\" content=\"2020-06-05T12:32:20+00:00\" \/>\n<meta property=\"article:modified_time\" content=\"2021-09-09T18:26:47+00:00\" \/>\n<meta property=\"og:image\" content=\"https:\/\/www.compagniadisanpaolo.it\/wp-content\/uploads\/Archivissima_news-3.jpg\" \/>\n\t<meta property=\"og:image:width\" content=\"815\" \/>\n\t<meta property=\"og:image:height\" content=\"350\" \/>\n\t<meta property=\"og:image:type\" content=\"image\/jpeg\" \/>\n<meta name=\"author\" content=\"Federica\" \/>\n<meta name=\"twitter:card\" content=\"summary_large_image\" \/>\n<meta name=\"twitter:creator\" content=\"@CSP_live\" \/>\n<meta name=\"twitter:site\" content=\"@CSP_live\" \/>\n<meta name=\"twitter:label1\" content=\"Scritto da\" \/>\n\t<meta name=\"twitter:data1\" content=\"Federica\" \/>\n\t<meta name=\"twitter:label2\" content=\"Tempo di lettura stimato\" \/>\n\t<meta name=\"twitter:data2\" content=\"3 minuti\" \/>\n<script type=\"application\/ld+json\" class=\"yoast-schema-graph\">{\"@context\":\"https:\\\/\\\/schema.org\",\"@graph\":[{\"@type\":\"Article\",\"@id\":\"https:\\\/\\\/www.compagniadisanpaolo.it\\\/it\\\/eventi\\\/archivissima-e-la-notte-degli-archivi-tornano-in-versione-digitale\\\/#article\",\"isPartOf\":{\"@id\":\"https:\\\/\\\/www.compagniadisanpaolo.it\\\/it\\\/eventi\\\/archivissima-e-la-notte-degli-archivi-tornano-in-versione-digitale\\\/\"},\"author\":{\"name\":\"Federica\",\"@id\":\"https:\\\/\\\/www.compagniadisanpaolo.it\\\/it\\\/#\\\/schema\\\/person\\\/b7d5451541c25c82f29c5be1e78456b2\"},\"headline\":\"Al via da oggi Archivissima e La Notte degli Archivi\",\"datePublished\":\"2020-06-05T12:32:20+00:00\",\"dateModified\":\"2021-09-09T18:26:47+00:00\",\"mainEntityOfPage\":{\"@id\":\"https:\\\/\\\/www.compagniadisanpaolo.it\\\/it\\\/eventi\\\/archivissima-e-la-notte-degli-archivi-tornano-in-versione-digitale\\\/\"},\"wordCount\":539,\"publisher\":{\"@id\":\"https:\\\/\\\/www.compagniadisanpaolo.it\\\/it\\\/#organization\"},\"image\":{\"@id\":\"https:\\\/\\\/www.compagniadisanpaolo.it\\\/it\\\/eventi\\\/archivissima-e-la-notte-degli-archivi-tornano-in-versione-digitale\\\/#primaryimage\"},\"thumbnailUrl\":\"https:\\\/\\\/www.compagniadisanpaolo.it\\\/wp-content\\\/uploads\\\/Archivissima_news-3.jpg\",\"keywords\":[\"arte e musei\",\"identit\u00e0 culturali\",\"oltre l'erogazione\",\"pari opportunit\u00e0\",\"protagonismo delle comunit\u00e0\"],\"articleSection\":[\"Eventi\"],\"inLanguage\":\"it-IT\"},{\"@type\":\"WebPage\",\"@id\":\"https:\\\/\\\/www.compagniadisanpaolo.it\\\/it\\\/eventi\\\/archivissima-e-la-notte-degli-archivi-tornano-in-versione-digitale\\\/\",\"url\":\"https:\\\/\\\/www.compagniadisanpaolo.it\\\/it\\\/eventi\\\/archivissima-e-la-notte-degli-archivi-tornano-in-versione-digitale\\\/\",\"name\":\"Al via da oggi Archivissima e La Notte degli Archivi - Fondazione Compagnia di San Paolo\",\"isPartOf\":{\"@id\":\"https:\\\/\\\/www.compagniadisanpaolo.it\\\/it\\\/#website\"},\"primaryImageOfPage\":{\"@id\":\"https:\\\/\\\/www.compagniadisanpaolo.it\\\/it\\\/eventi\\\/archivissima-e-la-notte-degli-archivi-tornano-in-versione-digitale\\\/#primaryimage\"},\"image\":{\"@id\":\"https:\\\/\\\/www.compagniadisanpaolo.it\\\/it\\\/eventi\\\/archivissima-e-la-notte-degli-archivi-tornano-in-versione-digitale\\\/#primaryimage\"},\"thumbnailUrl\":\"https:\\\/\\\/www.compagniadisanpaolo.it\\\/wp-content\\\/uploads\\\/Archivissima_news-3.jpg\",\"datePublished\":\"2020-06-05T12:32:20+00:00\",\"dateModified\":\"2021-09-09T18:26:47+00:00\",\"breadcrumb\":{\"@id\":\"https:\\\/\\\/www.compagniadisanpaolo.it\\\/it\\\/eventi\\\/archivissima-e-la-notte-degli-archivi-tornano-in-versione-digitale\\\/#breadcrumb\"},\"inLanguage\":\"it-IT\",\"potentialAction\":[{\"@type\":\"ReadAction\",\"target\":[\"https:\\\/\\\/www.compagniadisanpaolo.it\\\/it\\\/eventi\\\/archivissima-e-la-notte-degli-archivi-tornano-in-versione-digitale\\\/\"]}]},{\"@type\":\"ImageObject\",\"inLanguage\":\"it-IT\",\"@id\":\"https:\\\/\\\/www.compagniadisanpaolo.it\\\/it\\\/eventi\\\/archivissima-e-la-notte-degli-archivi-tornano-in-versione-digitale\\\/#primaryimage\",\"url\":\"https:\\\/\\\/www.compagniadisanpaolo.it\\\/wp-content\\\/uploads\\\/Archivissima_news-3.jpg\",\"contentUrl\":\"https:\\\/\\\/www.compagniadisanpaolo.it\\\/wp-content\\\/uploads\\\/Archivissima_news-3.jpg\",\"width\":815,\"height\":350},{\"@type\":\"BreadcrumbList\",\"@id\":\"https:\\\/\\\/www.compagniadisanpaolo.it\\\/it\\\/eventi\\\/archivissima-e-la-notte-degli-archivi-tornano-in-versione-digitale\\\/#breadcrumb\",\"itemListElement\":[{\"@type\":\"ListItem\",\"position\":1,\"name\":\"Home\",\"item\":\"https:\\\/\\\/www.compagniadisanpaolo.it\\\/it\\\/\"},{\"@type\":\"ListItem\",\"position\":2,\"name\":\"Al via da oggi Archivissima e La Notte degli Archivi\"}]},{\"@type\":\"WebSite\",\"@id\":\"https:\\\/\\\/www.compagniadisanpaolo.it\\\/it\\\/#website\",\"url\":\"https:\\\/\\\/www.compagniadisanpaolo.it\\\/it\\\/\",\"name\":\"Fondazione Compagnia di San Paolo\",\"description\":\"\",\"publisher\":{\"@id\":\"https:\\\/\\\/www.compagniadisanpaolo.it\\\/it\\\/#organization\"},\"potentialAction\":[{\"@type\":\"SearchAction\",\"target\":{\"@type\":\"EntryPoint\",\"urlTemplate\":\"https:\\\/\\\/www.compagniadisanpaolo.it\\\/it\\\/?s={search_term_string}\"},\"query-input\":{\"@type\":\"PropertyValueSpecification\",\"valueRequired\":true,\"valueName\":\"search_term_string\"}}],\"inLanguage\":\"it-IT\"},{\"@type\":\"Organization\",\"@id\":\"https:\\\/\\\/www.compagniadisanpaolo.it\\\/it\\\/#organization\",\"name\":\"Fondazione Compagnia di San Paolo\",\"url\":\"https:\\\/\\\/www.compagniadisanpaolo.it\\\/it\\\/\",\"logo\":{\"@type\":\"ImageObject\",\"inLanguage\":\"it-IT\",\"@id\":\"https:\\\/\\\/www.compagniadisanpaolo.it\\\/it\\\/#\\\/schema\\\/logo\\\/image\\\/\",\"url\":\"https:\\\/\\\/www.compagniadisanpaolo.it\\\/wp-content\\\/uploads\\\/logo.svg\",\"contentUrl\":\"https:\\\/\\\/www.compagniadisanpaolo.it\\\/wp-content\\\/uploads\\\/logo.svg\",\"width\":769,\"height\":323,\"caption\":\"Fondazione Compagnia di San Paolo\"},\"image\":{\"@id\":\"https:\\\/\\\/www.compagniadisanpaolo.it\\\/it\\\/#\\\/schema\\\/logo\\\/image\\\/\"},\"sameAs\":[\"https:\\\/\\\/www.facebook.com\\\/CompagniaDiSanPaolo\",\"https:\\\/\\\/x.com\\\/CSP_live\",\"http:\\\/\\\/instagram.com\\\/compagniadisanpaolo?ref=badge\",\"https:\\\/\\\/www.linkedin.com\\\/company\\\/compagnia-di-san-paolo\",\"https:\\\/\\\/www.youtube.com\\\/user\\\/compagniadisanpaolo\",\"https:\\\/\\\/it.wikipedia.org\\\/wiki\\\/Compagnia_di_San_Paolo\"]},{\"@type\":\"Person\",\"@id\":\"https:\\\/\\\/www.compagniadisanpaolo.it\\\/it\\\/#\\\/schema\\\/person\\\/b7d5451541c25c82f29c5be1e78456b2\",\"name\":\"Federica\",\"image\":{\"@type\":\"ImageObject\",\"inLanguage\":\"it-IT\",\"@id\":\"https:\\\/\\\/secure.gravatar.com\\\/avatar\\\/b5698fa13ac389b1f1fb1263a4626e219d853d7ccf112e854aea8c9c087d24ae?s=96&d=mm&r=g\",\"url\":\"https:\\\/\\\/secure.gravatar.com\\\/avatar\\\/b5698fa13ac389b1f1fb1263a4626e219d853d7ccf112e854aea8c9c087d24ae?s=96&d=mm&r=g\",\"contentUrl\":\"https:\\\/\\\/secure.gravatar.com\\\/avatar\\\/b5698fa13ac389b1f1fb1263a4626e219d853d7ccf112e854aea8c9c087d24ae?s=96&d=mm&r=g\",\"caption\":\"Federica\"}}]}<\/script>\n<!-- \/ Yoast SEO plugin. -->","yoast_head_json":{"title":"Al via da oggi Archivissima e La Notte degli Archivi - Fondazione Compagnia di San Paolo","robots":{"index":"index","follow":"follow","max-snippet":"max-snippet:-1","max-image-preview":"max-image-preview:large","max-video-preview":"max-video-preview:-1"},"canonical":"https:\/\/www.compagniadisanpaolo.it\/it\/eventi\/archivissima-e-la-notte-degli-archivi-tornano-in-versione-digitale\/","og_locale":"it_IT","og_type":"article","og_title":"Al via da oggi Archivissima e La Notte degli Archivi - Fondazione Compagnia di San Paolo","og_url":"https:\/\/www.compagniadisanpaolo.it\/it\/eventi\/archivissima-e-la-notte-degli-archivi-tornano-in-versione-digitale\/","og_site_name":"Fondazione Compagnia di San Paolo","article_publisher":"https:\/\/www.facebook.com\/CompagniaDiSanPaolo","article_published_time":"2020-06-05T12:32:20+00:00","article_modified_time":"2021-09-09T18:26:47+00:00","og_image":[{"width":815,"height":350,"url":"https:\/\/www.compagniadisanpaolo.it\/wp-content\/uploads\/Archivissima_news-3.jpg","type":"image\/jpeg"}],"author":"Federica","twitter_card":"summary_large_image","twitter_creator":"@CSP_live","twitter_site":"@CSP_live","twitter_misc":{"Scritto da":"Federica","Tempo di lettura stimato":"3 minuti"},"schema":{"@context":"https:\/\/schema.org","@graph":[{"@type":"Article","@id":"https:\/\/www.compagniadisanpaolo.it\/it\/eventi\/archivissima-e-la-notte-degli-archivi-tornano-in-versione-digitale\/#article","isPartOf":{"@id":"https:\/\/www.compagniadisanpaolo.it\/it\/eventi\/archivissima-e-la-notte-degli-archivi-tornano-in-versione-digitale\/"},"author":{"name":"Federica","@id":"https:\/\/www.compagniadisanpaolo.it\/it\/#\/schema\/person\/b7d5451541c25c82f29c5be1e78456b2"},"headline":"Al via da oggi Archivissima e La Notte degli Archivi","datePublished":"2020-06-05T12:32:20+00:00","dateModified":"2021-09-09T18:26:47+00:00","mainEntityOfPage":{"@id":"https:\/\/www.compagniadisanpaolo.it\/it\/eventi\/archivissima-e-la-notte-degli-archivi-tornano-in-versione-digitale\/"},"wordCount":539,"publisher":{"@id":"https:\/\/www.compagniadisanpaolo.it\/it\/#organization"},"image":{"@id":"https:\/\/www.compagniadisanpaolo.it\/it\/eventi\/archivissima-e-la-notte-degli-archivi-tornano-in-versione-digitale\/#primaryimage"},"thumbnailUrl":"https:\/\/www.compagniadisanpaolo.it\/wp-content\/uploads\/Archivissima_news-3.jpg","keywords":["arte e musei","identit\u00e0 culturali","oltre l'erogazione","pari opportunit\u00e0","protagonismo delle comunit\u00e0"],"articleSection":["Eventi"],"inLanguage":"it-IT"},{"@type":"WebPage","@id":"https:\/\/www.compagniadisanpaolo.it\/it\/eventi\/archivissima-e-la-notte-degli-archivi-tornano-in-versione-digitale\/","url":"https:\/\/www.compagniadisanpaolo.it\/it\/eventi\/archivissima-e-la-notte-degli-archivi-tornano-in-versione-digitale\/","name":"Al via da oggi Archivissima e La Notte degli Archivi - Fondazione Compagnia di San Paolo","isPartOf":{"@id":"https:\/\/www.compagniadisanpaolo.it\/it\/#website"},"primaryImageOfPage":{"@id":"https:\/\/www.compagniadisanpaolo.it\/it\/eventi\/archivissima-e-la-notte-degli-archivi-tornano-in-versione-digitale\/#primaryimage"},"image":{"@id":"https:\/\/www.compagniadisanpaolo.it\/it\/eventi\/archivissima-e-la-notte-degli-archivi-tornano-in-versione-digitale\/#primaryimage"},"thumbnailUrl":"https:\/\/www.compagniadisanpaolo.it\/wp-content\/uploads\/Archivissima_news-3.jpg","datePublished":"2020-06-05T12:32:20+00:00","dateModified":"2021-09-09T18:26:47+00:00","breadcrumb":{"@id":"https:\/\/www.compagniadisanpaolo.it\/it\/eventi\/archivissima-e-la-notte-degli-archivi-tornano-in-versione-digitale\/#breadcrumb"},"inLanguage":"it-IT","potentialAction":[{"@type":"ReadAction","target":["https:\/\/www.compagniadisanpaolo.it\/it\/eventi\/archivissima-e-la-notte-degli-archivi-tornano-in-versione-digitale\/"]}]},{"@type":"ImageObject","inLanguage":"it-IT","@id":"https:\/\/www.compagniadisanpaolo.it\/it\/eventi\/archivissima-e-la-notte-degli-archivi-tornano-in-versione-digitale\/#primaryimage","url":"https:\/\/www.compagniadisanpaolo.it\/wp-content\/uploads\/Archivissima_news-3.jpg","contentUrl":"https:\/\/www.compagniadisanpaolo.it\/wp-content\/uploads\/Archivissima_news-3.jpg","width":815,"height":350},{"@type":"BreadcrumbList","@id":"https:\/\/www.compagniadisanpaolo.it\/it\/eventi\/archivissima-e-la-notte-degli-archivi-tornano-in-versione-digitale\/#breadcrumb","itemListElement":[{"@type":"ListItem","position":1,"name":"Home","item":"https:\/\/www.compagniadisanpaolo.it\/it\/"},{"@type":"ListItem","position":2,"name":"Al via da oggi Archivissima e La Notte degli Archivi"}]},{"@type":"WebSite","@id":"https:\/\/www.compagniadisanpaolo.it\/it\/#website","url":"https:\/\/www.compagniadisanpaolo.it\/it\/","name":"Fondazione Compagnia di San Paolo","description":"","publisher":{"@id":"https:\/\/www.compagniadisanpaolo.it\/it\/#organization"},"potentialAction":[{"@type":"SearchAction","target":{"@type":"EntryPoint","urlTemplate":"https:\/\/www.compagniadisanpaolo.it\/it\/?s={search_term_string}"},"query-input":{"@type":"PropertyValueSpecification","valueRequired":true,"valueName":"search_term_string"}}],"inLanguage":"it-IT"},{"@type":"Organization","@id":"https:\/\/www.compagniadisanpaolo.it\/it\/#organization","name":"Fondazione Compagnia di San Paolo","url":"https:\/\/www.compagniadisanpaolo.it\/it\/","logo":{"@type":"ImageObject","inLanguage":"it-IT","@id":"https:\/\/www.compagniadisanpaolo.it\/it\/#\/schema\/logo\/image\/","url":"https:\/\/www.compagniadisanpaolo.it\/wp-content\/uploads\/logo.svg","contentUrl":"https:\/\/www.compagniadisanpaolo.it\/wp-content\/uploads\/logo.svg","width":769,"height":323,"caption":"Fondazione Compagnia di San Paolo"},"image":{"@id":"https:\/\/www.compagniadisanpaolo.it\/it\/#\/schema\/logo\/image\/"},"sameAs":["https:\/\/www.facebook.com\/CompagniaDiSanPaolo","https:\/\/x.com\/CSP_live","http:\/\/instagram.com\/compagniadisanpaolo?ref=badge","https:\/\/www.linkedin.com\/company\/compagnia-di-san-paolo","https:\/\/www.youtube.com\/user\/compagniadisanpaolo","https:\/\/it.wikipedia.org\/wiki\/Compagnia_di_San_Paolo"]},{"@type":"Person","@id":"https:\/\/www.compagniadisanpaolo.it\/it\/#\/schema\/person\/b7d5451541c25c82f29c5be1e78456b2","name":"Federica","image":{"@type":"ImageObject","inLanguage":"it-IT","@id":"https:\/\/secure.gravatar.com\/avatar\/b5698fa13ac389b1f1fb1263a4626e219d853d7ccf112e854aea8c9c087d24ae?s=96&d=mm&r=g","url":"https:\/\/secure.gravatar.com\/avatar\/b5698fa13ac389b1f1fb1263a4626e219d853d7ccf112e854aea8c9c087d24ae?s=96&d=mm&r=g","contentUrl":"https:\/\/secure.gravatar.com\/avatar\/b5698fa13ac389b1f1fb1263a4626e219d853d7ccf112e854aea8c9c087d24ae?s=96&d=mm&r=g","caption":"Federica"}}]}},"amp_enabled":true,"_links":{"self":[{"href":"https:\/\/www.compagniadisanpaolo.it\/it\/wp-json\/wp\/v2\/posts\/4048","targetHints":{"allow":["GET"]}}],"collection":[{"href":"https:\/\/www.compagniadisanpaolo.it\/it\/wp-json\/wp\/v2\/posts"}],"about":[{"href":"https:\/\/www.compagniadisanpaolo.it\/it\/wp-json\/wp\/v2\/types\/post"}],"author":[{"embeddable":true,"href":"https:\/\/www.compagniadisanpaolo.it\/it\/wp-json\/wp\/v2\/users\/19"}],"replies":[{"embeddable":true,"href":"https:\/\/www.compagniadisanpaolo.it\/it\/wp-json\/wp\/v2\/comments?post=4048"}],"version-history":[{"count":5,"href":"https:\/\/www.compagniadisanpaolo.it\/it\/wp-json\/wp\/v2\/posts\/4048\/revisions"}],"predecessor-version":[{"id":4154,"href":"https:\/\/www.compagniadisanpaolo.it\/it\/wp-json\/wp\/v2\/posts\/4048\/revisions\/4154"}],"wp:featuredmedia":[{"embeddable":true,"href":"https:\/\/www.compagniadisanpaolo.it\/it\/wp-json\/wp\/v2\/media\/4147"}],"wp:attachment":[{"href":"https:\/\/www.compagniadisanpaolo.it\/it\/wp-json\/wp\/v2\/media?parent=4048"}],"wp:term":[{"taxonomy":"category","embeddable":true,"href":"https:\/\/www.compagniadisanpaolo.it\/it\/wp-json\/wp\/v2\/categories?post=4048"},{"taxonomy":"post_tag","embeddable":true,"href":"https:\/\/www.compagniadisanpaolo.it\/it\/wp-json\/wp\/v2\/tags?post=4048"}],"curies":[{"name":"wp","href":"https:\/\/api.w.org\/{rel}","templated":true}]}}