{"id":3998,"date":"2020-05-25T16:49:51","date_gmt":"2020-05-25T14:49:51","guid":{"rendered":"https:\/\/www.compagniadisanpaolo.it\/?p=3998"},"modified":"2021-09-09T20:18:42","modified_gmt":"2021-09-09T18:18:42","slug":"un-convegno-per-parlare-dei-nuovi-paradigmi-digitali-per-la-cultura","status":"publish","type":"post","link":"https:\/\/www.compagniadisanpaolo.it\/it\/eventi\/un-convegno-per-parlare-dei-nuovi-paradigmi-digitali-per-la-cultura\/","title":{"rendered":"Un convegno per parlare dei nuovi paradigmi digitali per la cultura"},"content":{"rendered":"<div class=\"wpb-content-wrapper\">[vc_row][vc_column][vc_column_text el_class=&#8221;text-headline2&#8243;]<i>Durante il convegno online \u201cDall\u2019emergenza nuovi paradigmi digitali per la cultura\u201d, in programma il 27 maggio, verranno discussi i dati e le evidenze empiriche raccolti in un anno di ricerche dall\u2019Osservatorio Innovazione Digitali nei Beni e Attivit\u00e0 Culturali.<\/i>[\/vc_column_text][\/vc_column][\/vc_row][vc_row][vc_column][vc_column_text]\n<div class=\"info-box mission\">\n\t\t<div class=\"info-box-wrap info-box-hor row pb-0\">\n\n\t\t      \n\t\t      <div class=\"spalla col-12 col-md-12\">\n\t\t\t<div class=\"info-box sharing-box\">\n\t\t\t  <span class=\"label\">Condividi:<\/span>\n\t\t\t  <div class=\"social-sharing\">\n\t\t\t    <span class=\"box\">\n\t\t\t      <a class=\"fb\" href=\"https:\/\/www.facebook.com\/sharer.php?u=https:\/\/www.compagniadisanpaolo.it\/it\/eventi\/un-convegno-per-parlare-dei-nuovi-paradigmi-digitali-per-la-cultura\/\" target=\"_blank\">\n\t\t\t\t<span class=\"sr-only\">Facebook<\/span>\n\t\t\t\t<i class=\"fab fa-facebook-f\"><\/i>\n\t\t\t      <\/a>\n\t\t\t    <\/span>\n\t\t\t    \n\t\t\t    <style>\n.twitter, .twitter:hover{\ncolor:#000000 !important;}\n<\/style>\n\n\n\t\t\t    <span class=\"box\">\n\t\t\t      <a class=\"twitter\" href=\"https:\/\/twitter.com\/intent\/tweet?url=https:\/\/www.compagniadisanpaolo.it\/it\/eventi\/un-convegno-per-parlare-dei-nuovi-paradigmi-digitali-per-la-cultura\/\">\n\t\t\t\t<span class=\"sr-only\">Twitter<\/span>\n\t\t\t\t<i class=\"fa-brands fa-x-twitter\"><\/i>\n\t\t\t      <\/a>\n\t\t\t    <\/span>\n\n\t\t\t    \n\t\t\t    <span class=\"box\">\n\t\t\t      <a class=\"linkedin\" href=\"https:\/\/www.linkedin.com\/shareArticle?mini=true&url=https:\/\/www.compagniadisanpaolo.it\/it\/eventi\/un-convegno-per-parlare-dei-nuovi-paradigmi-digitali-per-la-cultura\/\">\n\t\t\t\t<span class=\"sr-only\">Linkedin<\/span>\n\t\t\t\t  <i class=\"fa-brands fa-linkedin-in\"><\/i>\n\t\t\t      <\/a>\n\t\t\t    <\/span>\n\n\t\t\t    <span class=\"box\">\n\t\t\t      <a class=\"whatsapp\" href=\"whatsapp:\/\/send?text=https:\/\/www.compagniadisanpaolo.it\/it\/eventi\/un-convegno-per-parlare-dei-nuovi-paradigmi-digitali-per-la-cultura\/\" data-action=\"share\/whatsapp\/share\">\n\t\t\t\t<span class=\"sr-only\">Whatsapp<\/span>\n\t\t\t\t<i class=\"fa-brands fa-whatsapp\"><\/i>\n\t\t\t      <\/a>\n\t\t\t    <\/span>\n\n\t\t\t    <span class=\"box\">\n\t\t\t      <a class=\"mail\" href=\"mailto:?subject=Un convegno per parlare dei nuovi paradigmi digitali per la cultura&body=https:\/\/www.compagniadisanpaolo.it\/it\/eventi\/un-convegno-per-parlare-dei-nuovi-paradigmi-digitali-per-la-cultura\/\">\n\t\t\t\t<span class=\"sr-only\">Mail<\/span>\n\t\t\t\t <i class=\"fa-solid fa-envelope\"><\/i>\n\t\t\t      <\/a>\n\t\t\t    <\/span>\n\t\t\t    \n\t\t\t  <\/div>\n\t\t\t<\/div>\n\t      <\/div>\n\t    <\/div><\/div>\n[\/vc_column_text][\/vc_column][\/vc_row][vc_row][vc_column width=&#8221;1\/4&#8243;][vc_column_text]\n\n\n\t\t<div class=\"info-box-wrap\">\n\n\t  <div class=\"info-box date-pub\">\n\t  \t<span class=\"label\">Data di pubblicazione:<\/span>\n\t    <span class=\"value\">25 Maggio 2020<\/span>\n\t  <\/div>\n\t\t\t\t  <div class=\"info-box obj-culture\">\n\t\t\t\t\t  <div class=\"info-box obj\"><span class=\"label\">Obiettivo<\/span>\n\t\t\t\t\t    <div class=\"obj-small-box\">\n\t\t\t\t\t      <span>Cultura.<\/span>\n\t\t\t\t\t    <\/div>\n\t\t\t\t\t  <\/div>\n\t\t\t\t  <\/div>\n\t\t\t  <div class=\"info-box mission\"><span class=\"label\">Tag<\/span><a href=\"https:\/\/www.compagniadisanpaolo.it\/it\/tags\/risultati\/?_sft_post_tag=digitale\" class=\"tag-element\">Digitale<\/a><a href=\"https:\/\/www.compagniadisanpaolo.it\/it\/tags\/risultati\/?_sft_post_tag=innovazione\" class=\"tag-element\">Innovazione<\/a><a href=\"https:\/\/www.compagniadisanpaolo.it\/it\/tags\/risultati\/?_sft_post_tag=oltre-lerogazione\" class=\"tag-element\">Oltre l'erogazione<\/a><a href=\"https:\/\/www.compagniadisanpaolo.it\/it\/tags\/risultati\/?_sft_post_tag=sviluppo-organizzativo\" class=\"tag-element\">Sviluppo organizzativo<\/a><\/div>\t  \n\t<\/div>\n[\/vc_column_text][\/vc_column][vc_column width=&#8221;3\/4&#8243; el_class=&#8221;page-content&#8221;][vc_column_text el_class=&#8221;text&#8221;]L\u2019emergenza coronavirus ha modificato totalmente le modalit\u00e0 e i ritmi delle nostre relazioni private e professionali, accelerando all\u2019improvviso l\u2019uso delle nuove tecnologie. Una trasformazione che se inizialmente ha creato qualche inevitabile disagio, pu\u00f2 oggi diventare un\u2019opportunit\u00e0 di crescita e rinnovamento.<span class=\"Apple-converted-space\">\u00a0<\/span><\/p>\n<p>Per riflettere sul tema e cercare di fare il punto su come le istituzioni culturali stanno affrontando la sfida della digitalizzazione, \u00e8 in programma, il 27 maggio alle ore 9.30, il Convegno \u201cDall\u2019emergenza nuovi paradigmi digitali per la cultura\u201d.<span class=\"Apple-converted-space\">\u00a0<\/span><\/p>\n<p>Attraverso dati ed evidenze empiriche raccolti in un anno di ricerche dall\u2019<b>Osservatorio Innovazione Digitali nei Beni e Attivit\u00e0 Culturali<\/b>, sostenuto dalla Fondazione Compagnia di San Paolo, verranno approfondite le modalit\u00e0 messe in atto nel corso dell\u2019emergenza dagli enti culturali per gestire in modo innovativo la propria presenza online: quali sono gli strumenti digitali pi\u00f9 diffusi ed efficaci per supportare l&#8217;esperienza onsite e online? Quali per i processi gestionali? Quali competenze sono necessarie per la digitalizzazione? In che modo le startup sostengono l&#8217;innovazione dell&#8217;ecosistema?<\/p>\n<p>Nel corso del Convegno, fruibile <b>esclusivamente in streaming<\/b>, verr\u00e0 distribuito un codice per scaricare il report in digitale con la sintesi dei risultati della ricerca.<\/p>\n<p>Alla fine dell\u2019incontro sar\u00e0 assegnato il Premio Gianluca Spina per l&#8217;Innovazione Digitale nei Beni e Attivit\u00e0 Culturali.<\/p>\n<p>Per partecipare \u00e8 necessario iscriversi (previa registrazione al sito) a questo <a href=\"https:\/\/www.osservatori.net\/it_it\">link<\/a>.<\/p>\n<p><span class=\"Apple-converted-space\">\u00a0<\/span>[\/vc_column_text][\/vc_column][\/vc_row][vc_row][vc_column]<div class=\"templatera_shortcode\"><div data-vc-full-width=\"true\" data-vc-full-width-temp=\"true\" data-vc-full-width-init=\"false\" class=\"vc_row wpb_row vc_row-fluid newsletter-wrap\"><div class=\"wpb_column vc_column_container vc_col-sm-12\"><div class=\"vc_column-inner\"><div class=\"wpb_wrapper\">\n\t<div class=\"wpb_raw_code wpb_raw_html wpb_content_element\" >\n\t\t<div class=\"wpb_wrapper\">\n\t\t\t    <div class=\"container\">\n      <div class=\"row align-items-center\">\n\t<div class=\"col-12 col-lg-6 col-xl-5 mb-3 mb-lg-0 pr-0\">\n\t  <h2 class=\"title\">Rimani aggiornato sui nostri bandi e sui nostri progetti<\/h2>\n\t<\/div>\n\t<div class=\"col-12 col-lg-6 col-xl-7 pl-xl-4\">\n\t  <a class=\"standard-link-block\" href=\"\/it\/newsletter\/\">\n\t    Compila il form e decidi su quale argomento vuoi ricevere notizie.\t    <strong>\u00a0 ISCRIVITI!<\/strong>\n\t  <\/a>\n\t<\/div>\n      <\/div>\n    <\/div>\n\t\t<\/div>\n\t<\/div>\n<\/div><\/div><\/div><\/div><div class=\"vc_row-full-width vc_clearfix\"><\/div><\/div>[\/vc_column][\/vc_row]\n<\/div>","protected":false},"excerpt":{"rendered":"Durante il convegno online \u201cDall\u2019emergenza nuovi paradigmi digitali per la cultura\u201d, in programma il 27 maggio, verranno discussi i dati e le evidenze empiriche raccolti in un anno di ricerche dall\u2019Osservatorio Innovazione Digitali nei Beni e Attivit\u00e0 Culturali. Condividi: Facebook Twitter Linkedin Whatsapp Mail Data di pubblicazione: 25 Maggio 2020 Obiettivo Cultura. TagDigitaleInnovazioneOltre l'erogazioneSviluppo organizzativo L\u2019emergenza coronavirus ha modificato totalmente le modalit\u00e0 e i ritmi delle nostre relazioni private e professionali, accelerando all\u2019improvviso l\u2019uso delle nuove tecnologie. Una trasformazione che se inizialmente ha creato qualche inevitabile disagio, pu\u00f2 oggi diventare un\u2019opportunit\u00e0 di crescita e rinnovamento.\u00a0 Per riflettere sul tema e cercare di fare il punto su come le istituzioni culturali stanno affrontando la sfida della digitalizzazione, \u00e8 in programma, il 27 maggio alle ore 9.30, il Convegno \u201cDall\u2019emergenza nuovi paradigmi digitali per la cultura\u201d.\u00a0 Attraverso dati ed evidenze empiriche raccolti in un anno di ricerche dall\u2019Osservatorio Innovazione Digitali nei Beni e Attivit\u00e0 Culturali, sostenuto dalla Fondazione Compagnia di San Paolo, verranno approfondite le modalit\u00e0 messe in atto nel corso dell\u2019emergenza dagli enti culturali per gestire in modo innovativo la propria presenza online: quali sono gli strumenti digitali pi\u00f9 diffusi ed efficaci per supportare l'esperienza onsite e online? Quali per i processi gestionali? Quali competenze sono necessarie per la digitalizzazione? In che modo le startup sostengono l'innovazione dell'ecosistema? Nel corso del Convegno, fruibile esclusivamente in streaming, verr\u00e0 distribuito un codice per scaricare il report in digitale con la sintesi dei risultati della ricerca. Alla fine dell\u2019incontro sar\u00e0 assegnato il Premio Gianluca Spina per l'Innovazione Digitale nei Beni e Attivit\u00e0 Culturali. Per partecipare \u00e8 necessario iscriversi (previa registrazione al sito) a questo link. \u00a0 Rimani aggiornato sui nostri bandi e sui nostri progetti Compila il form e decidi su quale argomento vuoi ricevere notizie. \u00a0 ISCRIVITI!","protected":false},"author":19,"featured_media":2563,"comment_status":"closed","ping_status":"closed","sticky":false,"template":"","format":"standard","meta":{"_acf_changed":false,"content-type":"","footnotes":""},"categories":[4],"tags":[97,59,69,61],"class_list":["post-3998","post","type-post","status-publish","format-standard","has-post-thumbnail","hentry","category-eventi","tag-digitale","tag-innovazione","tag-oltre-lerogazione","tag-sviluppo-organizzativo","entry","post-inner"],"acf":[],"yoast_head":"<!-- This site is optimized with the Yoast SEO plugin v27.3 - https:\/\/yoast.com\/product\/yoast-seo-wordpress\/ -->\n<title>Un convegno per parlare dei nuovi paradigmi digitali per la cultura - Fondazione Compagnia di San Paolo<\/title>\n<meta name=\"robots\" content=\"index, follow, max-snippet:-1, max-image-preview:large, max-video-preview:-1\" \/>\n<link rel=\"canonical\" href=\"https:\/\/www.compagniadisanpaolo.it\/it\/eventi\/un-convegno-per-parlare-dei-nuovi-paradigmi-digitali-per-la-cultura\/\" \/>\n<meta property=\"og:locale\" content=\"it_IT\" \/>\n<meta property=\"og:type\" content=\"article\" \/>\n<meta property=\"og:title\" content=\"Un convegno per parlare dei nuovi paradigmi digitali per la cultura - Fondazione Compagnia di San Paolo\" \/>\n<meta property=\"og:url\" content=\"https:\/\/www.compagniadisanpaolo.it\/it\/eventi\/un-convegno-per-parlare-dei-nuovi-paradigmi-digitali-per-la-cultura\/\" \/>\n<meta property=\"og:site_name\" content=\"Fondazione Compagnia di San Paolo\" \/>\n<meta property=\"article:publisher\" content=\"https:\/\/www.facebook.com\/CompagniaDiSanPaolo\" \/>\n<meta property=\"article:published_time\" content=\"2020-05-25T14:49:51+00:00\" \/>\n<meta property=\"article:modified_time\" content=\"2021-09-09T18:18:42+00:00\" \/>\n<meta property=\"og:image\" content=\"https:\/\/www.compagniadisanpaolo.it\/wp-content\/uploads\/PLACEHOLDER-OBIETTIVI-CULTURA-BIG.jpg\" \/>\n\t<meta property=\"og:image:width\" content=\"1600\" \/>\n\t<meta property=\"og:image:height\" content=\"900\" \/>\n\t<meta property=\"og:image:type\" content=\"image\/jpeg\" \/>\n<meta name=\"author\" content=\"Federica\" \/>\n<meta name=\"twitter:card\" content=\"summary_large_image\" \/>\n<meta name=\"twitter:creator\" content=\"@CSP_live\" \/>\n<meta name=\"twitter:site\" content=\"@CSP_live\" \/>\n<meta name=\"twitter:label1\" content=\"Scritto da\" \/>\n\t<meta name=\"twitter:data1\" content=\"Federica\" \/>\n\t<meta name=\"twitter:label2\" content=\"Tempo di lettura stimato\" \/>\n\t<meta name=\"twitter:data2\" content=\"2 minuti\" \/>\n<script type=\"application\/ld+json\" class=\"yoast-schema-graph\">{\"@context\":\"https:\\\/\\\/schema.org\",\"@graph\":[{\"@type\":\"Article\",\"@id\":\"https:\\\/\\\/www.compagniadisanpaolo.it\\\/it\\\/eventi\\\/un-convegno-per-parlare-dei-nuovi-paradigmi-digitali-per-la-cultura\\\/#article\",\"isPartOf\":{\"@id\":\"https:\\\/\\\/www.compagniadisanpaolo.it\\\/it\\\/eventi\\\/un-convegno-per-parlare-dei-nuovi-paradigmi-digitali-per-la-cultura\\\/\"},\"author\":{\"name\":\"Federica\",\"@id\":\"https:\\\/\\\/www.compagniadisanpaolo.it\\\/it\\\/#\\\/schema\\\/person\\\/b7d5451541c25c82f29c5be1e78456b2\"},\"headline\":\"Un convegno per parlare dei nuovi paradigmi digitali per la cultura\",\"datePublished\":\"2020-05-25T14:49:51+00:00\",\"dateModified\":\"2021-09-09T18:18:42+00:00\",\"mainEntityOfPage\":{\"@id\":\"https:\\\/\\\/www.compagniadisanpaolo.it\\\/it\\\/eventi\\\/un-convegno-per-parlare-dei-nuovi-paradigmi-digitali-per-la-cultura\\\/\"},\"wordCount\":346,\"publisher\":{\"@id\":\"https:\\\/\\\/www.compagniadisanpaolo.it\\\/it\\\/#organization\"},\"image\":{\"@id\":\"https:\\\/\\\/www.compagniadisanpaolo.it\\\/it\\\/eventi\\\/un-convegno-per-parlare-dei-nuovi-paradigmi-digitali-per-la-cultura\\\/#primaryimage\"},\"thumbnailUrl\":\"https:\\\/\\\/www.compagniadisanpaolo.it\\\/wp-content\\\/uploads\\\/PLACEHOLDER-OBIETTIVI-CULTURA-BIG.jpg\",\"keywords\":[\"digitale\",\"innovazione\",\"oltre l'erogazione\",\"sviluppo organizzativo\"],\"articleSection\":[\"Eventi\"],\"inLanguage\":\"it-IT\"},{\"@type\":\"WebPage\",\"@id\":\"https:\\\/\\\/www.compagniadisanpaolo.it\\\/it\\\/eventi\\\/un-convegno-per-parlare-dei-nuovi-paradigmi-digitali-per-la-cultura\\\/\",\"url\":\"https:\\\/\\\/www.compagniadisanpaolo.it\\\/it\\\/eventi\\\/un-convegno-per-parlare-dei-nuovi-paradigmi-digitali-per-la-cultura\\\/\",\"name\":\"Un convegno per parlare dei nuovi paradigmi digitali per la cultura - Fondazione Compagnia di San Paolo\",\"isPartOf\":{\"@id\":\"https:\\\/\\\/www.compagniadisanpaolo.it\\\/it\\\/#website\"},\"primaryImageOfPage\":{\"@id\":\"https:\\\/\\\/www.compagniadisanpaolo.it\\\/it\\\/eventi\\\/un-convegno-per-parlare-dei-nuovi-paradigmi-digitali-per-la-cultura\\\/#primaryimage\"},\"image\":{\"@id\":\"https:\\\/\\\/www.compagniadisanpaolo.it\\\/it\\\/eventi\\\/un-convegno-per-parlare-dei-nuovi-paradigmi-digitali-per-la-cultura\\\/#primaryimage\"},\"thumbnailUrl\":\"https:\\\/\\\/www.compagniadisanpaolo.it\\\/wp-content\\\/uploads\\\/PLACEHOLDER-OBIETTIVI-CULTURA-BIG.jpg\",\"datePublished\":\"2020-05-25T14:49:51+00:00\",\"dateModified\":\"2021-09-09T18:18:42+00:00\",\"breadcrumb\":{\"@id\":\"https:\\\/\\\/www.compagniadisanpaolo.it\\\/it\\\/eventi\\\/un-convegno-per-parlare-dei-nuovi-paradigmi-digitali-per-la-cultura\\\/#breadcrumb\"},\"inLanguage\":\"it-IT\",\"potentialAction\":[{\"@type\":\"ReadAction\",\"target\":[\"https:\\\/\\\/www.compagniadisanpaolo.it\\\/it\\\/eventi\\\/un-convegno-per-parlare-dei-nuovi-paradigmi-digitali-per-la-cultura\\\/\"]}]},{\"@type\":\"ImageObject\",\"inLanguage\":\"it-IT\",\"@id\":\"https:\\\/\\\/www.compagniadisanpaolo.it\\\/it\\\/eventi\\\/un-convegno-per-parlare-dei-nuovi-paradigmi-digitali-per-la-cultura\\\/#primaryimage\",\"url\":\"https:\\\/\\\/www.compagniadisanpaolo.it\\\/wp-content\\\/uploads\\\/PLACEHOLDER-OBIETTIVI-CULTURA-BIG.jpg\",\"contentUrl\":\"https:\\\/\\\/www.compagniadisanpaolo.it\\\/wp-content\\\/uploads\\\/PLACEHOLDER-OBIETTIVI-CULTURA-BIG.jpg\",\"width\":1600,\"height\":900},{\"@type\":\"BreadcrumbList\",\"@id\":\"https:\\\/\\\/www.compagniadisanpaolo.it\\\/it\\\/eventi\\\/un-convegno-per-parlare-dei-nuovi-paradigmi-digitali-per-la-cultura\\\/#breadcrumb\",\"itemListElement\":[{\"@type\":\"ListItem\",\"position\":1,\"name\":\"Home\",\"item\":\"https:\\\/\\\/www.compagniadisanpaolo.it\\\/it\\\/\"},{\"@type\":\"ListItem\",\"position\":2,\"name\":\"Un convegno per parlare dei nuovi paradigmi digitali per la cultura\"}]},{\"@type\":\"WebSite\",\"@id\":\"https:\\\/\\\/www.compagniadisanpaolo.it\\\/it\\\/#website\",\"url\":\"https:\\\/\\\/www.compagniadisanpaolo.it\\\/it\\\/\",\"name\":\"Fondazione Compagnia di San Paolo\",\"description\":\"\",\"publisher\":{\"@id\":\"https:\\\/\\\/www.compagniadisanpaolo.it\\\/it\\\/#organization\"},\"potentialAction\":[{\"@type\":\"SearchAction\",\"target\":{\"@type\":\"EntryPoint\",\"urlTemplate\":\"https:\\\/\\\/www.compagniadisanpaolo.it\\\/it\\\/?s={search_term_string}\"},\"query-input\":{\"@type\":\"PropertyValueSpecification\",\"valueRequired\":true,\"valueName\":\"search_term_string\"}}],\"inLanguage\":\"it-IT\"},{\"@type\":\"Organization\",\"@id\":\"https:\\\/\\\/www.compagniadisanpaolo.it\\\/it\\\/#organization\",\"name\":\"Fondazione Compagnia di San Paolo\",\"url\":\"https:\\\/\\\/www.compagniadisanpaolo.it\\\/it\\\/\",\"logo\":{\"@type\":\"ImageObject\",\"inLanguage\":\"it-IT\",\"@id\":\"https:\\\/\\\/www.compagniadisanpaolo.it\\\/it\\\/#\\\/schema\\\/logo\\\/image\\\/\",\"url\":\"https:\\\/\\\/www.compagniadisanpaolo.it\\\/wp-content\\\/uploads\\\/logo.svg\",\"contentUrl\":\"https:\\\/\\\/www.compagniadisanpaolo.it\\\/wp-content\\\/uploads\\\/logo.svg\",\"width\":769,\"height\":323,\"caption\":\"Fondazione Compagnia di San Paolo\"},\"image\":{\"@id\":\"https:\\\/\\\/www.compagniadisanpaolo.it\\\/it\\\/#\\\/schema\\\/logo\\\/image\\\/\"},\"sameAs\":[\"https:\\\/\\\/www.facebook.com\\\/CompagniaDiSanPaolo\",\"https:\\\/\\\/x.com\\\/CSP_live\",\"http:\\\/\\\/instagram.com\\\/compagniadisanpaolo?ref=badge\",\"https:\\\/\\\/www.linkedin.com\\\/company\\\/compagnia-di-san-paolo\",\"https:\\\/\\\/www.youtube.com\\\/user\\\/compagniadisanpaolo\",\"https:\\\/\\\/it.wikipedia.org\\\/wiki\\\/Compagnia_di_San_Paolo\"]},{\"@type\":\"Person\",\"@id\":\"https:\\\/\\\/www.compagniadisanpaolo.it\\\/it\\\/#\\\/schema\\\/person\\\/b7d5451541c25c82f29c5be1e78456b2\",\"name\":\"Federica\",\"image\":{\"@type\":\"ImageObject\",\"inLanguage\":\"it-IT\",\"@id\":\"https:\\\/\\\/secure.gravatar.com\\\/avatar\\\/b5698fa13ac389b1f1fb1263a4626e219d853d7ccf112e854aea8c9c087d24ae?s=96&d=mm&r=g\",\"url\":\"https:\\\/\\\/secure.gravatar.com\\\/avatar\\\/b5698fa13ac389b1f1fb1263a4626e219d853d7ccf112e854aea8c9c087d24ae?s=96&d=mm&r=g\",\"contentUrl\":\"https:\\\/\\\/secure.gravatar.com\\\/avatar\\\/b5698fa13ac389b1f1fb1263a4626e219d853d7ccf112e854aea8c9c087d24ae?s=96&d=mm&r=g\",\"caption\":\"Federica\"}}]}<\/script>\n<!-- \/ Yoast SEO plugin. -->","yoast_head_json":{"title":"Un convegno per parlare dei nuovi paradigmi digitali per la cultura - Fondazione Compagnia di San Paolo","robots":{"index":"index","follow":"follow","max-snippet":"max-snippet:-1","max-image-preview":"max-image-preview:large","max-video-preview":"max-video-preview:-1"},"canonical":"https:\/\/www.compagniadisanpaolo.it\/it\/eventi\/un-convegno-per-parlare-dei-nuovi-paradigmi-digitali-per-la-cultura\/","og_locale":"it_IT","og_type":"article","og_title":"Un convegno per parlare dei nuovi paradigmi digitali per la cultura - Fondazione Compagnia di San Paolo","og_url":"https:\/\/www.compagniadisanpaolo.it\/it\/eventi\/un-convegno-per-parlare-dei-nuovi-paradigmi-digitali-per-la-cultura\/","og_site_name":"Fondazione Compagnia di San Paolo","article_publisher":"https:\/\/www.facebook.com\/CompagniaDiSanPaolo","article_published_time":"2020-05-25T14:49:51+00:00","article_modified_time":"2021-09-09T18:18:42+00:00","og_image":[{"width":1600,"height":900,"url":"https:\/\/www.compagniadisanpaolo.it\/wp-content\/uploads\/PLACEHOLDER-OBIETTIVI-CULTURA-BIG.jpg","type":"image\/jpeg"}],"author":"Federica","twitter_card":"summary_large_image","twitter_creator":"@CSP_live","twitter_site":"@CSP_live","twitter_misc":{"Scritto da":"Federica","Tempo di lettura stimato":"2 minuti"},"schema":{"@context":"https:\/\/schema.org","@graph":[{"@type":"Article","@id":"https:\/\/www.compagniadisanpaolo.it\/it\/eventi\/un-convegno-per-parlare-dei-nuovi-paradigmi-digitali-per-la-cultura\/#article","isPartOf":{"@id":"https:\/\/www.compagniadisanpaolo.it\/it\/eventi\/un-convegno-per-parlare-dei-nuovi-paradigmi-digitali-per-la-cultura\/"},"author":{"name":"Federica","@id":"https:\/\/www.compagniadisanpaolo.it\/it\/#\/schema\/person\/b7d5451541c25c82f29c5be1e78456b2"},"headline":"Un convegno per parlare dei nuovi paradigmi digitali per la cultura","datePublished":"2020-05-25T14:49:51+00:00","dateModified":"2021-09-09T18:18:42+00:00","mainEntityOfPage":{"@id":"https:\/\/www.compagniadisanpaolo.it\/it\/eventi\/un-convegno-per-parlare-dei-nuovi-paradigmi-digitali-per-la-cultura\/"},"wordCount":346,"publisher":{"@id":"https:\/\/www.compagniadisanpaolo.it\/it\/#organization"},"image":{"@id":"https:\/\/www.compagniadisanpaolo.it\/it\/eventi\/un-convegno-per-parlare-dei-nuovi-paradigmi-digitali-per-la-cultura\/#primaryimage"},"thumbnailUrl":"https:\/\/www.compagniadisanpaolo.it\/wp-content\/uploads\/PLACEHOLDER-OBIETTIVI-CULTURA-BIG.jpg","keywords":["digitale","innovazione","oltre l'erogazione","sviluppo organizzativo"],"articleSection":["Eventi"],"inLanguage":"it-IT"},{"@type":"WebPage","@id":"https:\/\/www.compagniadisanpaolo.it\/it\/eventi\/un-convegno-per-parlare-dei-nuovi-paradigmi-digitali-per-la-cultura\/","url":"https:\/\/www.compagniadisanpaolo.it\/it\/eventi\/un-convegno-per-parlare-dei-nuovi-paradigmi-digitali-per-la-cultura\/","name":"Un convegno per parlare dei nuovi paradigmi digitali per la cultura - Fondazione Compagnia di San Paolo","isPartOf":{"@id":"https:\/\/www.compagniadisanpaolo.it\/it\/#website"},"primaryImageOfPage":{"@id":"https:\/\/www.compagniadisanpaolo.it\/it\/eventi\/un-convegno-per-parlare-dei-nuovi-paradigmi-digitali-per-la-cultura\/#primaryimage"},"image":{"@id":"https:\/\/www.compagniadisanpaolo.it\/it\/eventi\/un-convegno-per-parlare-dei-nuovi-paradigmi-digitali-per-la-cultura\/#primaryimage"},"thumbnailUrl":"https:\/\/www.compagniadisanpaolo.it\/wp-content\/uploads\/PLACEHOLDER-OBIETTIVI-CULTURA-BIG.jpg","datePublished":"2020-05-25T14:49:51+00:00","dateModified":"2021-09-09T18:18:42+00:00","breadcrumb":{"@id":"https:\/\/www.compagniadisanpaolo.it\/it\/eventi\/un-convegno-per-parlare-dei-nuovi-paradigmi-digitali-per-la-cultura\/#breadcrumb"},"inLanguage":"it-IT","potentialAction":[{"@type":"ReadAction","target":["https:\/\/www.compagniadisanpaolo.it\/it\/eventi\/un-convegno-per-parlare-dei-nuovi-paradigmi-digitali-per-la-cultura\/"]}]},{"@type":"ImageObject","inLanguage":"it-IT","@id":"https:\/\/www.compagniadisanpaolo.it\/it\/eventi\/un-convegno-per-parlare-dei-nuovi-paradigmi-digitali-per-la-cultura\/#primaryimage","url":"https:\/\/www.compagniadisanpaolo.it\/wp-content\/uploads\/PLACEHOLDER-OBIETTIVI-CULTURA-BIG.jpg","contentUrl":"https:\/\/www.compagniadisanpaolo.it\/wp-content\/uploads\/PLACEHOLDER-OBIETTIVI-CULTURA-BIG.jpg","width":1600,"height":900},{"@type":"BreadcrumbList","@id":"https:\/\/www.compagniadisanpaolo.it\/it\/eventi\/un-convegno-per-parlare-dei-nuovi-paradigmi-digitali-per-la-cultura\/#breadcrumb","itemListElement":[{"@type":"ListItem","position":1,"name":"Home","item":"https:\/\/www.compagniadisanpaolo.it\/it\/"},{"@type":"ListItem","position":2,"name":"Un convegno per parlare dei nuovi paradigmi digitali per la cultura"}]},{"@type":"WebSite","@id":"https:\/\/www.compagniadisanpaolo.it\/it\/#website","url":"https:\/\/www.compagniadisanpaolo.it\/it\/","name":"Fondazione Compagnia di San Paolo","description":"","publisher":{"@id":"https:\/\/www.compagniadisanpaolo.it\/it\/#organization"},"potentialAction":[{"@type":"SearchAction","target":{"@type":"EntryPoint","urlTemplate":"https:\/\/www.compagniadisanpaolo.it\/it\/?s={search_term_string}"},"query-input":{"@type":"PropertyValueSpecification","valueRequired":true,"valueName":"search_term_string"}}],"inLanguage":"it-IT"},{"@type":"Organization","@id":"https:\/\/www.compagniadisanpaolo.it\/it\/#organization","name":"Fondazione Compagnia di San Paolo","url":"https:\/\/www.compagniadisanpaolo.it\/it\/","logo":{"@type":"ImageObject","inLanguage":"it-IT","@id":"https:\/\/www.compagniadisanpaolo.it\/it\/#\/schema\/logo\/image\/","url":"https:\/\/www.compagniadisanpaolo.it\/wp-content\/uploads\/logo.svg","contentUrl":"https:\/\/www.compagniadisanpaolo.it\/wp-content\/uploads\/logo.svg","width":769,"height":323,"caption":"Fondazione Compagnia di San Paolo"},"image":{"@id":"https:\/\/www.compagniadisanpaolo.it\/it\/#\/schema\/logo\/image\/"},"sameAs":["https:\/\/www.facebook.com\/CompagniaDiSanPaolo","https:\/\/x.com\/CSP_live","http:\/\/instagram.com\/compagniadisanpaolo?ref=badge","https:\/\/www.linkedin.com\/company\/compagnia-di-san-paolo","https:\/\/www.youtube.com\/user\/compagniadisanpaolo","https:\/\/it.wikipedia.org\/wiki\/Compagnia_di_San_Paolo"]},{"@type":"Person","@id":"https:\/\/www.compagniadisanpaolo.it\/it\/#\/schema\/person\/b7d5451541c25c82f29c5be1e78456b2","name":"Federica","image":{"@type":"ImageObject","inLanguage":"it-IT","@id":"https:\/\/secure.gravatar.com\/avatar\/b5698fa13ac389b1f1fb1263a4626e219d853d7ccf112e854aea8c9c087d24ae?s=96&d=mm&r=g","url":"https:\/\/secure.gravatar.com\/avatar\/b5698fa13ac389b1f1fb1263a4626e219d853d7ccf112e854aea8c9c087d24ae?s=96&d=mm&r=g","contentUrl":"https:\/\/secure.gravatar.com\/avatar\/b5698fa13ac389b1f1fb1263a4626e219d853d7ccf112e854aea8c9c087d24ae?s=96&d=mm&r=g","caption":"Federica"}}]}},"amp_enabled":true,"_links":{"self":[{"href":"https:\/\/www.compagniadisanpaolo.it\/it\/wp-json\/wp\/v2\/posts\/3998","targetHints":{"allow":["GET"]}}],"collection":[{"href":"https:\/\/www.compagniadisanpaolo.it\/it\/wp-json\/wp\/v2\/posts"}],"about":[{"href":"https:\/\/www.compagniadisanpaolo.it\/it\/wp-json\/wp\/v2\/types\/post"}],"author":[{"embeddable":true,"href":"https:\/\/www.compagniadisanpaolo.it\/it\/wp-json\/wp\/v2\/users\/19"}],"replies":[{"embeddable":true,"href":"https:\/\/www.compagniadisanpaolo.it\/it\/wp-json\/wp\/v2\/comments?post=3998"}],"version-history":[{"count":2,"href":"https:\/\/www.compagniadisanpaolo.it\/it\/wp-json\/wp\/v2\/posts\/3998\/revisions"}],"predecessor-version":[{"id":4000,"href":"https:\/\/www.compagniadisanpaolo.it\/it\/wp-json\/wp\/v2\/posts\/3998\/revisions\/4000"}],"wp:featuredmedia":[{"embeddable":true,"href":"https:\/\/www.compagniadisanpaolo.it\/it\/wp-json\/wp\/v2\/media\/2563"}],"wp:attachment":[{"href":"https:\/\/www.compagniadisanpaolo.it\/it\/wp-json\/wp\/v2\/media?parent=3998"}],"wp:term":[{"taxonomy":"category","embeddable":true,"href":"https:\/\/www.compagniadisanpaolo.it\/it\/wp-json\/wp\/v2\/categories?post=3998"},{"taxonomy":"post_tag","embeddable":true,"href":"https:\/\/www.compagniadisanpaolo.it\/it\/wp-json\/wp\/v2\/tags?post=3998"}],"curies":[{"name":"wp","href":"https:\/\/api.w.org\/{rel}","templated":true}]}}