{"id":3941,"date":"2020-02-18T18:14:27","date_gmt":"2020-02-18T17:14:27","guid":{"rendered":"https:\/\/www.compagniadisanpaolo.it\/?p=3941"},"modified":"2021-09-09T13:49:38","modified_gmt":"2021-09-09T11:49:38","slug":"cultura-persone-pianeta-la-riorganizzazione-della-fondazione","status":"publish","type":"post","link":"https:\/\/www.compagniadisanpaolo.it\/it\/news\/cultura-persone-pianeta-la-riorganizzazione-della-fondazione\/","title":{"rendered":"Cultura, Persone, Pianeta: la riorganizzazione della Fondazione"},"content":{"rendered":"<div class=\"wpb-content-wrapper\">[vc_row][vc_column][vc_column_text el_class=&#8221;text-headline2&#8243;]Dopo la presentazione del 24 gennaio a Torino la Compagnia di San Paolo ha presentato anche a Genova il suo nuovo modello organizzativo[\/vc_column_text][\/vc_column][\/vc_row][vc_row][vc_column][vc_column_text]\n<div class=\"info-box mission\">\n\t\t<div class=\"info-box-wrap info-box-hor row pb-0\">\n\n\t\t      \n\t\t      <div class=\"spalla col-12 col-md-12\">\n\t\t\t<div class=\"info-box sharing-box\">\n\t\t\t  <span class=\"label\">Condividi:<\/span>\n\t\t\t  <div class=\"social-sharing\">\n\t\t\t    <span class=\"box\">\n\t\t\t      <a class=\"fb\" href=\"https:\/\/www.facebook.com\/sharer.php?u=https:\/\/www.compagniadisanpaolo.it\/it\/news\/cultura-persone-pianeta-la-riorganizzazione-della-fondazione\/\" target=\"_blank\">\n\t\t\t\t<span class=\"sr-only\">Facebook<\/span>\n\t\t\t\t<i class=\"fab fa-facebook-f\"><\/i>\n\t\t\t      <\/a>\n\t\t\t    <\/span>\n\t\t\t    \n\t\t\t    <style>\n.twitter, .twitter:hover{\ncolor:#000000 !important;}\n<\/style>\n\n\n\t\t\t    <span class=\"box\">\n\t\t\t      <a class=\"twitter\" href=\"https:\/\/twitter.com\/intent\/tweet?url=https:\/\/www.compagniadisanpaolo.it\/it\/news\/cultura-persone-pianeta-la-riorganizzazione-della-fondazione\/\">\n\t\t\t\t<span class=\"sr-only\">Twitter<\/span>\n\t\t\t\t<i class=\"fa-brands fa-x-twitter\"><\/i>\n\t\t\t      <\/a>\n\t\t\t    <\/span>\n\n\t\t\t    \n\t\t\t    <span class=\"box\">\n\t\t\t      <a class=\"linkedin\" href=\"https:\/\/www.linkedin.com\/shareArticle?mini=true&url=https:\/\/www.compagniadisanpaolo.it\/it\/news\/cultura-persone-pianeta-la-riorganizzazione-della-fondazione\/\">\n\t\t\t\t<span class=\"sr-only\">Linkedin<\/span>\n\t\t\t\t  <i class=\"fa-brands fa-linkedin-in\"><\/i>\n\t\t\t      <\/a>\n\t\t\t    <\/span>\n\n\t\t\t    <span class=\"box\">\n\t\t\t      <a class=\"whatsapp\" href=\"whatsapp:\/\/send?text=https:\/\/www.compagniadisanpaolo.it\/it\/news\/cultura-persone-pianeta-la-riorganizzazione-della-fondazione\/\" data-action=\"share\/whatsapp\/share\">\n\t\t\t\t<span class=\"sr-only\">Whatsapp<\/span>\n\t\t\t\t<i class=\"fa-brands fa-whatsapp\"><\/i>\n\t\t\t      <\/a>\n\t\t\t    <\/span>\n\n\t\t\t    <span class=\"box\">\n\t\t\t      <a class=\"mail\" href=\"mailto:?subject=Cultura, Persone, Pianeta: la riorganizzazione della Fondazione&body=https:\/\/www.compagniadisanpaolo.it\/it\/news\/cultura-persone-pianeta-la-riorganizzazione-della-fondazione\/\">\n\t\t\t\t<span class=\"sr-only\">Mail<\/span>\n\t\t\t\t <i class=\"fa-solid fa-envelope\"><\/i>\n\t\t\t      <\/a>\n\t\t\t    <\/span>\n\t\t\t    \n\t\t\t  <\/div>\n\t\t\t<\/div>\n\t      <\/div>\n\t    <\/div><\/div>\n[\/vc_column_text][\/vc_column][\/vc_row][vc_row][vc_column width=&#8221;1\/4&#8243;][vc_column_text]\n\n\n\t\t<div class=\"info-box-wrap\">\n\n\t  <div class=\"info-box date-pub\">\n\t  \t<span class=\"label\">Data di pubblicazione:<\/span>\n\t    <span class=\"value\">18 Febbraio 2020<\/span>\n\t  <\/div>\n\t\t\t\t  <div class=\"info-box obj-institutional\">\n\t\t\t\t\t  <div class=\"info-box obj\">\n\t\t\t\t\t    <div class=\"obj-small-box\">\n\t\t\t\t\t      <span>Istituzionale<\/span>\n\t\t\t\t\t    <\/div>\n\t\t\t\t\t  <\/div>\n\t\t\t\t  <\/div>\n\t\t\t  <div class=\"info-box mission\"><span class=\"label\">Tag<\/span><a href=\"https:\/\/www.compagniadisanpaolo.it\/it\/tags\/risultati\/?_sft_post_tag=agenda-2030\" class=\"tag-element\">Agenda 2030<\/a><a href=\"https:\/\/www.compagniadisanpaolo.it\/it\/tags\/risultati\/?_sft_post_tag=gruppo-compagnia\" class=\"tag-element\">Gruppo compagnia<\/a><\/div>\t  \n\t<\/div>\n[\/vc_column_text][\/vc_column][vc_column width=&#8221;3\/4&#8243; el_class=&#8221;page-content&#8221;][vc_column_text el_class=&#8221;text&#8221;]Torino, 24 gennaio 2020 \u2013\u00a0<a href=\"https:\/\/www.compagniadisanpaolo.it\/it\/fondazione\/organi\/francesco-profumo-presidente\/\"><strong>Francesco Profumo<\/strong>, Presidente della Compagnia di San Paolo<\/a>, ha presentato oggi, insieme al <a href=\"https:\/\/www.compagniadisanpaolo.it\/it\/fondazione\/organi\/alberto-anfossi-segretario-generale\/\">Segretario Generale\u00a0<strong>Alberto Anfossi<\/strong><\/a>, le <a href=\"https:\/\/www.compagniadisanpaolo.it\/it\/documenti-istituzionali\/linee-programmatiche-annuali\/\">Linee Programmatiche<\/a> per il 2020, la riorganizzazione della Fondazione alla luce del modello degli SDGs promossi dall&#8217;ONU nell&#8217;ambito dell&#8217;Agenda 2030 per lo Sviluppo Sostenibile e la nuova\u00a0brand identity della fondazione torinese.<\/p>\n<p>&#8220;La nostra sfida \u00e8 stata lavorare quotidianamente per la competitivit\u00e0 di sistema e la sostenibilit\u00e0 sociale creando opportunit\u00e0 per tutti. Percorrere questa strada \u00e8 un cammino di continuit\u00e0 avendo gi\u00e0 dimostrato come le nostre azioni concorrano da tempo ai\u00a0Sustainable Development Goals.&#8221; \u2013 ha dichiarato\u00a0<strong>Francesco Profumo<\/strong>\u00a0\u2013 &#8220;Dal 2017 la Compagnia ha proposto un modello di Fondazione centrato sul tema dell&#8217;educazione per formare cittadini pi\u00f9 responsabili e intervenire in modo efficace sulle disuguaglianze. Per raggiungere gli obiettivi, siamo partiti da tre pilastri: l&#8217;educazione, l&#8217;innovazione e lo sviluppo. Concetti che in questi anni si sono evoluti e ampliati. All&#8217;inizio del nostro percorso, l&#8217;orizzonte era il territorio; oggi parliamo di comunit\u00e0. L&#8217;educazione, che resta il punto di partenza dei nostri progetti, \u00e8 un concetto che ha trovato anche luoghi fisici in cui crescere. Lo sviluppo, ispirato dall&#8217;agenda Onu, \u00e8 diventato sostenibile. L&#8217;innovazione sociale, tecnologica e culturale, \u00e8 diventata indispensabile anche nell&#8217;approccio alla finanza, all&#8217;organizzazione, all&#8217;ambiente. Il modello operativo si \u00e8 evoluto con un approccio sperimentale: questa modalit\u00e0 ci ha consentito di costruire le giuste azioni per supportare le idee. Oggi la Compagnia di San Paolo \u00e8 un agente di sviluppo moderno e sostenibile.&#8221;<\/p>\n<p>&#8220;La Compagnia di San Paolo non cambia missione n\u00e9 opzioni strategiche di fondo.&#8221; \u2013 ha dichiarato\u00a0<strong>Alberto Anfossi<\/strong>\u00a0\u2013 &#8220;Quello che il 2020 vedr\u00e0 \u00e8 un aggiornamento e un arricchimento della propria capacit\u00e0 realizzativa in base alle necessit\u00e0 dei nostri tempi e allo scenario in cui \u00e8 essa inserita, locale come globale. Non ci nascondiamo che la sfida dello sviluppo sostenibile \u00e8 ardua a tutti i livelli, e certamente anche al nostro: siamo per\u00f2 certi che con l&#8217;adesione al modello dei Sustainable Development Goals, la Compagnia sar\u00e0 in grado di rendere ancor pi\u00f9 efficace, trasparente e condiviso l&#8217;impatto del suo lavoro tra le persone e nei territori.&#8221;<\/p>\n<p>La Compagnia di San Paolo \u00e8 la prima Fondazione in Italia ad aver adottato un nuovo modello organizzativo mutuato dall&#8217;Agenda 2030 per lo Sviluppo Sostenibile, documento promosso dalle Nazioni Unite in cui sono stati formulati 17 Obiettivi di Sviluppo Sostenibile, i &#8220;Sustainable Development Goals&#8221; (SDGs), il raggiungimento dei quali dovrebbe, garantire un futuro alla societ\u00e0 e al mondo in cui viviamo, promuovendo lo sviluppo sostenibile del pianeta e dell&#8217;umanit\u00e0.[\/vc_column_text][\/vc_column][\/vc_row][vc_row el_class=&#8221;video-wrap&#8221;][vc_column][vc_video link=&#8221;https:\/\/vimeo.com\/386960340&#8243; align=&#8221;center&#8221;][\/vc_column][\/vc_row][vc_row el_class=&#8221;gallery-slider-wrap&#8221;][vc_column]<style type='text\/css'>\n\t\t\t\t#gallery-1 {\n\t\t\t\t\tmargin: auto;\n\t\t\t\t}\n\t\t\t\t#gallery-1.FGM-Collage .fg-gallery-item {\n\t\t\t\t\ttext-align: center;\t\t\t\n\t\t\t\t}\n\t\t\t\t#gallery-1 .fg-gallery-caption {\n\t\t\t\t\tmargin-left: 0;\n\t\t\t\t}\n\t\t\t\t#gallery-1.fastgallery_mosaic .fg-gallery-caption, \n\t\t\t\t#gallery-1.fastgallery_mosaic .fg-gallery-caption:hover {\n\t\t\t\t\tbackground-color:rgba( 4 , 106 , 56 , 1);\n\t\t\t\t}\n\t\t\t\t#gallery-1.fastgallery_mosaic.gallery .gallery-icon .fg_zoom a, \n\t\t\t\t#gallery-1.fastgallery_mosaic.gallery .gallery-icon .fg_zoom a:hover {\n\t\t\t\t\tcolor:#046a38;\n\t\t\t\t}\n\t\t\t\t#gallery-1.fastgallery_mosaic.fg_style1 .fg-gallery-caption {\n\t\t\t\t\tcolor:#ffffff;\t\n\t\t\t\t}\n\t\t\t\t#gallery-1.fastgallery_mosaic.gallery.fg_style2 .gallery-icon .fg_zoom a {\n\t\t\t\t\tbackground:rgba( 255 , 255 , 255 , 0.3);\n\t\t\t\t}\n\t\t\t\t#gallery-1.fastgallery_mosaic.fg_style2 .fg-gallery-caption {\n\t\t\t\t\tcolor:#ffffff;\t\n\t\t\t\t}\t\t\t\n\t\t\t\t#gallery-1.fastgallery_mosaic.gallery.fg_style3 .fg_zoom, #gallery-1.fastgallery_mosaic.gallery.fg_style3 .fg_zoom:hover {\n\t\t\t\t\tbackground:rgba( 4 , 106 , 56 , 1);\n\t\t\t\t}\n\t\t\t\t#gallery-1.fastgallery_mosaic.fg_style3 .fg-gallery-caption {\n\t\t\t\t\tcolor:#ffffff;\t\n\t\t\t\t}\t\t\t\t\n\t\t\t\t#gallery-1.fastgallery_mosaic.fg_style4 .fg-gallery-caption,\t\t\t\n\t\t\t\t#gallery-1.fastgallery_mosaic.gallery.fg_style4 .gallery-icon .fg_zoom a, \n\t\t\t\t#gallery-1.fastgallery_mosaic.gallery.fg_style4 .gallery-icon .fg_zoom a:hover {\n\t\t\t\t\tcolor:#ffffff;\n\t\t\t\t}\n\t\t\t\t#gallery-1.fastgallery_mosaic.gallery.fg_style4 .gallery-icon .fg_zoom a, \n\t\t\t\t#gallery-1.fastgallery_mosaic.gallery.fg_style4 .gallery-icon .fg_zoom a:hover\t{\n\t\t\t\t\tbackground:rgba( 4 , 106 , 56 , 1);\n\t\t\t\t}\t\t\t\n\t\t\t\t#gallery-1.fastgallery_mosaic.gallery.fg_style5 .gallery-icon .fg_zoom a, \n\t\t\t\t#gallery-1.fastgallery_mosaic.gallery.fg_style5 .gallery-icon .fg_zoom a:hover\t{\n\t\t\t\t\tcolor:#ffffff;\n\t\t\t\t\tbackground-color:rgba( 4 , 106 , 56 , 1);\n\t\t\t\t}\t\t\t\t\t\n\t\t\t\t#gallery-1.fastgallery_mosaic.gallery.fg_style6 .gallery-icon .fg_zoom a,\n\t\t\t\t#gallery-1.fastgallery_mosaic.gallery.fg_style6 .gallery-icon .fg_zoom a:hover {\n\t\t\t\t\tcolor:#ffffff;\n\t\t\t\t\tbackground:rgba( 4 , 106 , 56 , 1);\t\t\t\t\n\t\t\t\t}\n\t\t\t\n\t\t\t\t#gallery-1.fastgallery_mosaic.fg_style6 .fg-gallery-caption {\n\t\t\t\t\tcolor:#ffffff;\t\n\t\t\t\t}\n\t\t\t\t#gallery-1.fastgallery_mosaic.gallery.fg_style7 .gallery-icon .fg_zoom a,\n\t\t\t\t#gallery-1.fastgallery_mosaic.gallery.fg_style7 .gallery-icon .fg_zoom a:hover {\n\t\t\t\t\tcolor:#ffffff;\n\t\t\t\t\tbackground:rgba( 4 , 106 , 56 , 1);\t\t\t\t\n\t\t\t\t}\t\t\n\t\t\t\t#gallery-1.fastgallery_mosaic.fg_style7 .fg-gallery-caption {\n\t\t\t\t\tcolor:#ffffff;\t\n\t\t\t\t}\n\t\t\t\t\n\t\t\t\t#gallery-1.fastgallery_mosaic.gallery.fg_style8 .gallery-icon .fg_zoom a,\n\t\t\t\t#gallery-1.fastgallery_mosaic.gallery.fg_style8 .gallery-icon .fg_zoom a:hover {\n\t\t\t\t\tcolor:#ffffff;\n\t\t\t\t\tbackground:rgba( 4 , 106 , 56 , 1);\t\t\t\t\n\t\t\t\t}\n\t\t\t\n\t\t\t\t#gallery-1.fastgallery_mosaic.fg_style8 .fg-gallery-caption {\n\t\t\t\t\tcolor:#ffffff;\t\n\t\t\t\t}\n\t\t\t\t\n\t\t\t\t#gallery-1.fastgallery_mosaic.gallery.fg_style9 .gallery-icon .fg_zoom a,\n\t\t\t\t#gallery-1.fastgallery_mosaic.gallery.fg_style9 .gallery-icon .fg_zoom a:hover {\n\t\t\t\t\tcolor:#ffffff;\n\t\t\t\t\tbackground:rgba( 4 , 106 , 56 , 1);\t\t\t\t\n\t\t\t\t}\t\t\n\t\t\t\t#gallery-1.fastgallery_mosaic.fg_style9 .fg-gallery-caption {\n\t\t\t\t\tcolor:#ffffff;\t\n\t\t\t\t}\n\t\t\t\t\n\t\t\t\t#gallery-1.fastgallery_mosaic.gallery.fg_style10 .gallery-icon .fg_zoom a,\n\t\t\t\t#gallery-1.fastgallery_mosaic.gallery.fg_style10 .gallery-icon .fg_zoom a:hover {\n\t\t\t\t\tcolor:#ffffff;\n\t\t\t\t\tbackground:rgba( 4 , 106 , 56 , 1);\t\t\t\t\n\t\t\t\t}\t\t\n\t\t\t\t#gallery-1.fastgallery_mosaic.fg_style10 .fg-gallery-caption {\n\t\t\t\t\tcolor:#ffffff;\t\n\t\t\t\t}#gallery-1.fastgallery_mosaic.gallery .gallery-icon .icon-plus:before {\t\n\t\t\t\t\t\t\t\t\t\tcontent: \"\\e6ef\"!important;\n\t\t\t\t\t}#gallery-1.fastgallery_mosaic.gallery span {\n\t\t\t\t\t\t\t\t\t\tfont-size:20px!important;\n\t\t\t\t\t}\n\t\t\t\t\t#gallery-1.fastgallery_mosaic.gallery .gallery-icon .fg-zoom-icon {\n\t\t\t\t\t\t\t\t\t\tmargin-left:-10px!important;\n\t\t\t\t\t\t\t\t\t\tmargin-top:-40px;\n\t\t\t\t\t}\n\t\t\t\t\t#gallery-1.fastgallery_mosaic.gallery.fg_style2 .gallery-icon .fg-zoom-icon,\n\t\t\t\t\t#gallery-1.fastgallery_mosaic.gallery.fg_style5 .gallery-icon .fg-zoom-icon  {\n\t\t\t\t\t\t\t\t\t\tmargin-top:-10px;\n\t\t\t\t\t}\t\t\n\t\t\t\t\t#gallery-1.fastgallery_mosaic.gallery .gallery-icon.no-caption .fg-zoom-icon {\n\t\t\t\t\t\t\t\t\t\tmargin-top:-10px!important;\n\t\t\t\t\t}\n\t\t\t\t\t#gallery-1.fastgallery_mosaic.fg_style7 .fg-gallery-caption,\n\t\t\t\t\t#gallery-1.fastgallery_mosaic.fg_style8 .fg-gallery-caption {\n\t\t\t\t\t\t\t\t\t\ttop:55%;\n\t\t\t\t\t}\n\t\t\t\t\t<\/style>\n\t\t<script type=\"text\/javascript\">jQuery(function($){\n\t\t\t\t\t\t$(window).load(function () {\n\t\t\t\t\t\t\t\t\t$(document).ready(function(){\n\t\t\t\t\t\t\t\t\t\tcollage();\n\t\t\t\t\t\t\t\t\t});\n\t\t\t\t\t\t\t\t\tfunction collage() {\n\t\t\t\t\t\t\t\t\t\t$('#gallery-1.FGM-Collage').removeWhitespace().collagePlus(\n\t\t\t\t\t\t\t\t\t\t{\n\t\t\t\t\t\t\t\t\t\t\t\t'targetHeight'  \t\t: 300,\n\t\t\t\t\t\t\t\t\t\t\t\t'padding'\t\t\t\t: 20,\n\t\t\t\t\t\t\t\t\t\t\t\t'allowPartialLastRow'   : true\n\t\t\t\t\t\t\t\t\t\t\t}\n\t\t\t\t\t\t\t\t\t\t);\n\t\t\t\t\t\t\t\t\t};\t\n\t\t\t\t\t\t\t\t\tvar resizeTimer = null;\n\t\t\t\t\t\t\t\t\t$(window).bind('resize', function() {\n\t\t\t\t\t\t\t\t\t\t$('.FGM-Collage .fg-gallery-item').css(\"opacity\", 0);\n\t\t\t\t\t\t\t\t\t\tif (resizeTimer) clearTimeout(resizeTimer);\n\t\t\t\t\t\t\t\t\t\tresizeTimer = setTimeout(collage, 200);\n\t\t\t\t\t\t\t\t\t});\t\n\t\t\t\t\t});\n\t\t\t\t\t});<\/script><script type=\"text\/javascript\">\n\t\t\t\t\t\tjQuery(function($){\n\t\t\t\t\t\t\t$('#gallery-1.gallery.fastgallery_mosaic').lightGallery({\n\t\t\t\t\t\t\t\tmode:'slide',\n\t\t\t\t\t\t\t\tspeed: 2000,\n\t\t\t\t\t\t\t\tthumbnail: true,\n\t\t\t\t\t\t\t\tcontrols: true\t\t\t\t\t\t\t\t\n\t\t\t\t\t\t\t});\n\t\t\t\t\t\t});\t\t\n\t\t\t\t\t<\/script>\n\t\t<div id='gallery-1' class='FGM-Collage gallery galleryid-1 gallery-size-fg_layout1 fastgallery_mosaic fg_responsive fg_style1 fg_over_image_off fg_layout1'><div data-src='https:\/\/www.compagniadisanpaolo.it\/wp-content\/uploads\/CSP_Carignano2401-209-scaled.jpg' class='fg-gallery-item  '><div class='gallery-icon landscape no-caption'><div class='fg_zoom'><img loading=\"lazy\" decoding=\"async\" width=\"1000\" height=\"665\" src=\"https:\/\/www.compagniadisanpaolo.it\/wp-content\/uploads\/CSP_Carignano2401-209-scaled.jpg\" class=\"attachment-fgm-2-6 size-fgm-2-6\" alt=\"\" srcset=\"https:\/\/www.compagniadisanpaolo.it\/wp-content\/uploads\/CSP_Carignano2401-209-scaled.jpg 2560w, https:\/\/www.compagniadisanpaolo.it\/wp-content\/uploads\/CSP_Carignano2401-209-300x200.jpg 300w, https:\/\/www.compagniadisanpaolo.it\/wp-content\/uploads\/CSP_Carignano2401-209-768x511.jpg 768w, https:\/\/www.compagniadisanpaolo.it\/wp-content\/uploads\/CSP_Carignano2401-209-1024x681.jpg 1024w, https:\/\/www.compagniadisanpaolo.it\/wp-content\/uploads\/CSP_Carignano2401-209-1536x1022.jpg 1536w, https:\/\/www.compagniadisanpaolo.it\/wp-content\/uploads\/CSP_Carignano2401-209-2048x1363.jpg 2048w\" sizes=\"auto, (max-width: 1000px) 100vw, 1000px\" \/><a href='https:\/\/www.compagniadisanpaolo.it\/wp-content\/uploads\/CSP_Carignano2401-209-scaled.jpg'><span class='fg-zoom-icon icon-plus'><\/span><\/a><\/div><\/div><\/div><div data-src='https:\/\/www.compagniadisanpaolo.it\/wp-content\/uploads\/CSP_Carignano2401-176-scaled.jpg' class='fg-gallery-item  '><div class='gallery-icon landscape no-caption'><div class='fg_zoom'><img loading=\"lazy\" decoding=\"async\" width=\"1400\" height=\"787\" src=\"https:\/\/www.compagniadisanpaolo.it\/wp-content\/uploads\/CSP_Carignano2401-176-scaled.jpg\" class=\"attachment-fgm-1-6 size-fgm-1-6\" alt=\"\" srcset=\"https:\/\/www.compagniadisanpaolo.it\/wp-content\/uploads\/CSP_Carignano2401-176-scaled.jpg 2560w, https:\/\/www.compagniadisanpaolo.it\/wp-content\/uploads\/CSP_Carignano2401-176-300x169.jpg 300w, https:\/\/www.compagniadisanpaolo.it\/wp-content\/uploads\/CSP_Carignano2401-176-768x432.jpg 768w, https:\/\/www.compagniadisanpaolo.it\/wp-content\/uploads\/CSP_Carignano2401-176-1024x576.jpg 1024w, https:\/\/www.compagniadisanpaolo.it\/wp-content\/uploads\/CSP_Carignano2401-176-1536x863.jpg 1536w, https:\/\/www.compagniadisanpaolo.it\/wp-content\/uploads\/CSP_Carignano2401-176-2048x1151.jpg 2048w\" sizes=\"auto, (max-width: 1400px) 100vw, 1400px\" \/><a href='https:\/\/www.compagniadisanpaolo.it\/wp-content\/uploads\/CSP_Carignano2401-176-scaled.jpg'><span class='fg-zoom-icon icon-plus'><\/span><\/a><\/div><\/div><\/div><div data-src='https:\/\/www.compagniadisanpaolo.it\/wp-content\/uploads\/CSP_Carignano2401-075-scaled.jpg' class='fg-gallery-item  '><div class='gallery-icon landscape no-caption'><div class='fg_zoom'><img loading=\"lazy\" decoding=\"async\" width=\"1200\" height=\"675\" src=\"https:\/\/www.compagniadisanpaolo.it\/wp-content\/uploads\/CSP_Carignano2401-075-scaled.jpg\" class=\"attachment-fgm-3-6 size-fgm-3-6\" alt=\"Cultura, Persone, Pianeta\" srcset=\"https:\/\/www.compagniadisanpaolo.it\/wp-content\/uploads\/CSP_Carignano2401-075-scaled.jpg 2560w, https:\/\/www.compagniadisanpaolo.it\/wp-content\/uploads\/CSP_Carignano2401-075-300x169.jpg 300w, https:\/\/www.compagniadisanpaolo.it\/wp-content\/uploads\/CSP_Carignano2401-075-768x432.jpg 768w, https:\/\/www.compagniadisanpaolo.it\/wp-content\/uploads\/CSP_Carignano2401-075-1024x576.jpg 1024w, https:\/\/www.compagniadisanpaolo.it\/wp-content\/uploads\/CSP_Carignano2401-075-1536x863.jpg 1536w, https:\/\/www.compagniadisanpaolo.it\/wp-content\/uploads\/CSP_Carignano2401-075-2048x1151.jpg 2048w\" sizes=\"auto, (max-width: 1200px) 100vw, 1200px\" \/><a href='https:\/\/www.compagniadisanpaolo.it\/wp-content\/uploads\/CSP_Carignano2401-075-scaled.jpg'><span class='fg-zoom-icon icon-plus'><\/span><\/a><\/div><\/div><\/div><div data-src='https:\/\/www.compagniadisanpaolo.it\/wp-content\/uploads\/CSP_Carignano2401-132-scaled.jpg' class='fg-gallery-item  '><div class='gallery-icon landscape no-caption'><div class='fg_zoom'><img loading=\"lazy\" decoding=\"async\" width=\"1400\" height=\"787\" src=\"https:\/\/www.compagniadisanpaolo.it\/wp-content\/uploads\/CSP_Carignano2401-132-scaled.jpg\" class=\"attachment-fgm-1-6 size-fgm-1-6\" alt=\"Cultura, Persone, Pianeta\" srcset=\"https:\/\/www.compagniadisanpaolo.it\/wp-content\/uploads\/CSP_Carignano2401-132-scaled.jpg 2560w, https:\/\/www.compagniadisanpaolo.it\/wp-content\/uploads\/CSP_Carignano2401-132-300x169.jpg 300w, https:\/\/www.compagniadisanpaolo.it\/wp-content\/uploads\/CSP_Carignano2401-132-768x432.jpg 768w, https:\/\/www.compagniadisanpaolo.it\/wp-content\/uploads\/CSP_Carignano2401-132-1024x576.jpg 1024w, https:\/\/www.compagniadisanpaolo.it\/wp-content\/uploads\/CSP_Carignano2401-132-1536x863.jpg 1536w, https:\/\/www.compagniadisanpaolo.it\/wp-content\/uploads\/CSP_Carignano2401-132-2048x1151.jpg 2048w\" sizes=\"auto, (max-width: 1400px) 100vw, 1400px\" \/><a href='https:\/\/www.compagniadisanpaolo.it\/wp-content\/uploads\/CSP_Carignano2401-132-scaled.jpg'><span class='fg-zoom-icon icon-plus'><\/span><\/a><\/div><\/div><\/div><div data-src='https:\/\/www.compagniadisanpaolo.it\/wp-content\/uploads\/CSP_Carignano2401-104-scaled.jpg' class='fg-gallery-item  '><div class='gallery-icon landscape no-caption'><div class='fg_zoom'><img loading=\"lazy\" decoding=\"async\" width=\"1000\" height=\"665\" src=\"https:\/\/www.compagniadisanpaolo.it\/wp-content\/uploads\/CSP_Carignano2401-104-scaled.jpg\" class=\"attachment-fgm-2-6 size-fgm-2-6\" alt=\"Cultura, Persone, Pianeta\" srcset=\"https:\/\/www.compagniadisanpaolo.it\/wp-content\/uploads\/CSP_Carignano2401-104-scaled.jpg 2560w, https:\/\/www.compagniadisanpaolo.it\/wp-content\/uploads\/CSP_Carignano2401-104-300x200.jpg 300w, https:\/\/www.compagniadisanpaolo.it\/wp-content\/uploads\/CSP_Carignano2401-104-768x511.jpg 768w, https:\/\/www.compagniadisanpaolo.it\/wp-content\/uploads\/CSP_Carignano2401-104-1024x681.jpg 1024w, https:\/\/www.compagniadisanpaolo.it\/wp-content\/uploads\/CSP_Carignano2401-104-1536x1022.jpg 1536w, https:\/\/www.compagniadisanpaolo.it\/wp-content\/uploads\/CSP_Carignano2401-104-2048x1363.jpg 2048w\" sizes=\"auto, (max-width: 1000px) 100vw, 1000px\" \/><a href='https:\/\/www.compagniadisanpaolo.it\/wp-content\/uploads\/CSP_Carignano2401-104-scaled.jpg'><span class='fg-zoom-icon icon-plus'><\/span><\/a><\/div><\/div><\/div><div data-src='https:\/\/www.compagniadisanpaolo.it\/wp-content\/uploads\/CSP_Carignano2401-226-scaled.jpg' class='fg-gallery-item  '><div class='gallery-icon landscape no-caption'><div class='fg_zoom'><img loading=\"lazy\" decoding=\"async\" width=\"1200\" height=\"798\" src=\"https:\/\/www.compagniadisanpaolo.it\/wp-content\/uploads\/CSP_Carignano2401-226-scaled.jpg\" class=\"attachment-fgm-3-6 size-fgm-3-6\" alt=\"\" srcset=\"https:\/\/www.compagniadisanpaolo.it\/wp-content\/uploads\/CSP_Carignano2401-226-scaled.jpg 2560w, https:\/\/www.compagniadisanpaolo.it\/wp-content\/uploads\/CSP_Carignano2401-226-300x200.jpg 300w, https:\/\/www.compagniadisanpaolo.it\/wp-content\/uploads\/CSP_Carignano2401-226-768x511.jpg 768w, https:\/\/www.compagniadisanpaolo.it\/wp-content\/uploads\/CSP_Carignano2401-226-1024x681.jpg 1024w, https:\/\/www.compagniadisanpaolo.it\/wp-content\/uploads\/CSP_Carignano2401-226-1536x1022.jpg 1536w, https:\/\/www.compagniadisanpaolo.it\/wp-content\/uploads\/CSP_Carignano2401-226-2048x1363.jpg 2048w\" sizes=\"auto, (max-width: 1200px) 100vw, 1200px\" \/><a href='https:\/\/www.compagniadisanpaolo.it\/wp-content\/uploads\/CSP_Carignano2401-226-scaled.jpg'><span class='fg-zoom-icon icon-plus'><\/span><\/a><\/div><\/div><\/div><div data-src='https:\/\/www.compagniadisanpaolo.it\/wp-content\/uploads\/CSP_Carignano2401-250-scaled.jpg' class='fg-gallery-item  '><div class='gallery-icon landscape no-caption'><div class='fg_zoom'><img loading=\"lazy\" decoding=\"async\" width=\"1200\" height=\"798\" src=\"https:\/\/www.compagniadisanpaolo.it\/wp-content\/uploads\/CSP_Carignano2401-250-scaled.jpg\" class=\"attachment-fgm-3-6 size-fgm-3-6\" alt=\"\" srcset=\"https:\/\/www.compagniadisanpaolo.it\/wp-content\/uploads\/CSP_Carignano2401-250-scaled.jpg 2560w, https:\/\/www.compagniadisanpaolo.it\/wp-content\/uploads\/CSP_Carignano2401-250-300x200.jpg 300w, https:\/\/www.compagniadisanpaolo.it\/wp-content\/uploads\/CSP_Carignano2401-250-768x511.jpg 768w, https:\/\/www.compagniadisanpaolo.it\/wp-content\/uploads\/CSP_Carignano2401-250-1024x681.jpg 1024w, https:\/\/www.compagniadisanpaolo.it\/wp-content\/uploads\/CSP_Carignano2401-250-1536x1022.jpg 1536w, https:\/\/www.compagniadisanpaolo.it\/wp-content\/uploads\/CSP_Carignano2401-250-2048x1363.jpg 2048w\" sizes=\"auto, (max-width: 1200px) 100vw, 1200px\" \/><a href='https:\/\/www.compagniadisanpaolo.it\/wp-content\/uploads\/CSP_Carignano2401-250-scaled.jpg'><span class='fg-zoom-icon icon-plus'><\/span><\/a><\/div><\/div><\/div><div data-src='https:\/\/www.compagniadisanpaolo.it\/wp-content\/uploads\/CSP_Carignano2401-072-scaled.jpg' class='fg-gallery-item  '><div class='gallery-icon landscape no-caption'><div class='fg_zoom'><img loading=\"lazy\" decoding=\"async\" width=\"1000\" height=\"665\" src=\"https:\/\/www.compagniadisanpaolo.it\/wp-content\/uploads\/CSP_Carignano2401-072-scaled.jpg\" class=\"attachment-fgm-2-6 size-fgm-2-6\" alt=\"Cultura, Persone, Pianeta\" srcset=\"https:\/\/www.compagniadisanpaolo.it\/wp-content\/uploads\/CSP_Carignano2401-072-scaled.jpg 2560w, https:\/\/www.compagniadisanpaolo.it\/wp-content\/uploads\/CSP_Carignano2401-072-300x200.jpg 300w, https:\/\/www.compagniadisanpaolo.it\/wp-content\/uploads\/CSP_Carignano2401-072-768x511.jpg 768w, https:\/\/www.compagniadisanpaolo.it\/wp-content\/uploads\/CSP_Carignano2401-072-1024x681.jpg 1024w, https:\/\/www.compagniadisanpaolo.it\/wp-content\/uploads\/CSP_Carignano2401-072-1536x1022.jpg 1536w, https:\/\/www.compagniadisanpaolo.it\/wp-content\/uploads\/CSP_Carignano2401-072-2048x1363.jpg 2048w\" sizes=\"auto, (max-width: 1000px) 100vw, 1000px\" \/><a href='https:\/\/www.compagniadisanpaolo.it\/wp-content\/uploads\/CSP_Carignano2401-072-scaled.jpg'><span class='fg-zoom-icon icon-plus'><\/span><\/a><\/div><\/div><\/div><div data-src='https:\/\/www.compagniadisanpaolo.it\/wp-content\/uploads\/FCSP_GENOVA-114.jpg' class='fg-gallery-item  '><div class='gallery-icon landscape no-caption'><div class='fg_zoom'><img loading=\"lazy\" decoding=\"async\" width=\"1201\" height=\"800\" src=\"https:\/\/www.compagniadisanpaolo.it\/wp-content\/uploads\/FCSP_GENOVA-114.jpg\" class=\"attachment-fgm-1-6 size-fgm-1-6\" alt=\"\" srcset=\"https:\/\/www.compagniadisanpaolo.it\/wp-content\/uploads\/FCSP_GENOVA-114.jpg 2362w, https:\/\/www.compagniadisanpaolo.it\/wp-content\/uploads\/FCSP_GENOVA-114-300x200.jpg 300w, https:\/\/www.compagniadisanpaolo.it\/wp-content\/uploads\/FCSP_GENOVA-114-768x511.jpg 768w, https:\/\/www.compagniadisanpaolo.it\/wp-content\/uploads\/FCSP_GENOVA-114-1024x682.jpg 1024w, https:\/\/www.compagniadisanpaolo.it\/wp-content\/uploads\/FCSP_GENOVA-114-1536x1023.jpg 1536w, https:\/\/www.compagniadisanpaolo.it\/wp-content\/uploads\/FCSP_GENOVA-114-2048x1364.jpg 2048w\" sizes=\"auto, (max-width: 1201px) 100vw, 1201px\" \/><a href='https:\/\/www.compagniadisanpaolo.it\/wp-content\/uploads\/FCSP_GENOVA-114.jpg'><span class='fg-zoom-icon icon-plus'><\/span><\/a><\/div><\/div><\/div><div data-src='https:\/\/www.compagniadisanpaolo.it\/wp-content\/uploads\/FCSP_GENOVA-222.jpg' class='fg-gallery-item  '><div class='gallery-icon portrait no-caption'><div class='fg_zoom'><img loading=\"lazy\" decoding=\"async\" width=\"532\" height=\"800\" src=\"https:\/\/www.compagniadisanpaolo.it\/wp-content\/uploads\/FCSP_GENOVA-222.jpg\" class=\"attachment-fgm-2-6 size-fgm-2-6\" alt=\"\" srcset=\"https:\/\/www.compagniadisanpaolo.it\/wp-content\/uploads\/FCSP_GENOVA-222.jpg 1572w, https:\/\/www.compagniadisanpaolo.it\/wp-content\/uploads\/FCSP_GENOVA-222-200x300.jpg 200w, https:\/\/www.compagniadisanpaolo.it\/wp-content\/uploads\/FCSP_GENOVA-222-768x1154.jpg 768w, https:\/\/www.compagniadisanpaolo.it\/wp-content\/uploads\/FCSP_GENOVA-222-682x1024.jpg 682w, https:\/\/www.compagniadisanpaolo.it\/wp-content\/uploads\/FCSP_GENOVA-222-1022x1536.jpg 1022w, https:\/\/www.compagniadisanpaolo.it\/wp-content\/uploads\/FCSP_GENOVA-222-1363x2048.jpg 1363w\" sizes=\"auto, (max-width: 532px) 100vw, 532px\" \/><a href='https:\/\/www.compagniadisanpaolo.it\/wp-content\/uploads\/FCSP_GENOVA-222.jpg'><span class='fg-zoom-icon icon-plus'><\/span><\/a><\/div><\/div><\/div><div data-src='https:\/\/www.compagniadisanpaolo.it\/wp-content\/uploads\/FCSP_GENOVA-179.jpg' class='fg-gallery-item  '><div class='gallery-icon landscape no-caption'><div class='fg_zoom'><img loading=\"lazy\" decoding=\"async\" width=\"1202\" height=\"800\" src=\"https:\/\/www.compagniadisanpaolo.it\/wp-content\/uploads\/FCSP_GENOVA-179.jpg\" class=\"attachment-fgm-1-6 size-fgm-1-6\" alt=\"\" srcset=\"https:\/\/www.compagniadisanpaolo.it\/wp-content\/uploads\/FCSP_GENOVA-179.jpg 2362w, https:\/\/www.compagniadisanpaolo.it\/wp-content\/uploads\/FCSP_GENOVA-179-300x200.jpg 300w, https:\/\/www.compagniadisanpaolo.it\/wp-content\/uploads\/FCSP_GENOVA-179-768x511.jpg 768w, https:\/\/www.compagniadisanpaolo.it\/wp-content\/uploads\/FCSP_GENOVA-179-1024x682.jpg 1024w, https:\/\/www.compagniadisanpaolo.it\/wp-content\/uploads\/FCSP_GENOVA-179-1536x1022.jpg 1536w, https:\/\/www.compagniadisanpaolo.it\/wp-content\/uploads\/FCSP_GENOVA-179-2048x1363.jpg 2048w\" sizes=\"auto, (max-width: 1202px) 100vw, 1202px\" \/><a href='https:\/\/www.compagniadisanpaolo.it\/wp-content\/uploads\/FCSP_GENOVA-179.jpg'><span class='fg-zoom-icon icon-plus'><\/span><\/a><\/div><\/div><\/div><div data-src='https:\/\/www.compagniadisanpaolo.it\/wp-content\/uploads\/FCSP_GENOVA-050.jpg' class='fg-gallery-item  '><div class='gallery-icon landscape no-caption'><div class='fg_zoom'><img loading=\"lazy\" decoding=\"async\" width=\"1200\" height=\"800\" src=\"https:\/\/www.compagniadisanpaolo.it\/wp-content\/uploads\/FCSP_GENOVA-050.jpg\" class=\"attachment-fgm-3-6 size-fgm-3-6\" alt=\"\" srcset=\"https:\/\/www.compagniadisanpaolo.it\/wp-content\/uploads\/FCSP_GENOVA-050.jpg 2362w, https:\/\/www.compagniadisanpaolo.it\/wp-content\/uploads\/FCSP_GENOVA-050-300x200.jpg 300w, https:\/\/www.compagniadisanpaolo.it\/wp-content\/uploads\/FCSP_GENOVA-050-768x511.jpg 768w, https:\/\/www.compagniadisanpaolo.it\/wp-content\/uploads\/FCSP_GENOVA-050-1024x682.jpg 1024w, https:\/\/www.compagniadisanpaolo.it\/wp-content\/uploads\/FCSP_GENOVA-050-2048x1363.jpg 2048w\" sizes=\"auto, (max-width: 1200px) 100vw, 1200px\" \/><a href='https:\/\/www.compagniadisanpaolo.it\/wp-content\/uploads\/FCSP_GENOVA-050.jpg'><span class='fg-zoom-icon icon-plus'><\/span><\/a><\/div><\/div><\/div>\n\t\t\t\t\t<\/div>\n[\/vc_column][\/vc_row][vc_row full_width=&#8221;stretch_row&#8221; el_class=&#8221;download-area-wrap mt-0 mb-0&#8243; css=&#8221;.vc_custom_1587069376729{margin-bottom: 0px !important;}&#8221;][vc_column el_class=&#8221;download-area&#8221;][vc_row_inner][vc_column_inner][vc_column_text]\n<h2 class=\"title\">Documenti di approfondimento<\/h2>\n[\/vc_column_text][\/vc_column_inner][\/vc_row_inner][vc_row_inner][vc_column_inner width=&#8221;1\/2&#8243;][vc_column_text el_class=&#8221;download-box&#8221;]\n<h3 class=\"title\">CS &#8211; Cultura Persone Pianeta<\/h3>\n<p><a class=\"standard-link\" href=\"https:\/\/www.compagniadisanpaolo.it\/wp-content\/uploads\/Comunicato-stampa-Cultura-Persone-Pianeta-1.pdf\">Scarica il documento<\/a>[\/vc_column_text][\/vc_column_inner][vc_column_inner width=&#8221;1\/2&#8243;][vc_column_text el_class=&#8221;download-box&#8221;]\n<h3 class=\"title\">Cultura Persone Pianeta &#8211; Presentazione di Francesco Profumo<\/h3>\n<p><a class=\"standard-link\" href=\"https:\/\/www.compagniadisanpaolo.it\/wp-content\/uploads\/Cultura-Persone-Pianeta-Presentazione-di-Francesco-Profumo.pdf\" target=\"_blank\" rel=\"noopener noreferrer\">Scarica il documento<\/a>[\/vc_column_text][\/vc_column_inner][\/vc_row_inner][vc_row_inner][vc_column_inner width=&#8221;1\/2&#8243;][vc_column_text el_class=&#8221;download-box&#8221;]\n<h3 class=\"title\">Cultura Persone Pianeta &#8211; Presentazione di Alberto Anfossi<\/h3>\n<p><a class=\"standard-link\" href=\"https:\/\/www.compagniadisanpaolo.it\/wp-content\/uploads\/Cultura-Persone-Pianeta-Presentazione-di-Alberto-Anfossi.pdf\" target=\"_blank\" rel=\"noopener noreferrer\">Scarica il documento<\/a>[\/vc_column_text][\/vc_column_inner][vc_column_inner width=&#8221;1\/2&#8243;][vc_column_text el_class=&#8221;download-box&#8221;]\n<h3 class=\"title\">Comunicato Stampa CDAY2020 &#8211; Genova<\/h3>\n<p><a class=\"standard-link\" href=\"https:\/\/www.compagniadisanpaolo.it\/wp-content\/uploads\/cs-CDAY-2020-GENOVA.pdf\" target=\"_blank\" rel=\"noopener noreferrer\">Scarica il documento<\/a>[\/vc_column_text][\/vc_column_inner][\/vc_row_inner][vc_row_inner][vc_column_inner width=&#8221;1\/2&#8243;][vc_column_text el_class=&#8221;download-box&#8221;]\n<h3 class=\"title\">Cultura Persone Pianeta \u2013 Presentazione di Francesco Profumo a Genova<\/h3>\n<p><a class=\"standard-link\" href=\"https:\/\/www.compagniadisanpaolo.it\/wp-content\/uploads\/Cultura-Persone-Pianeta-Presentazione-di-Alberto-Anfossi.pdf\" target=\"_blank\" rel=\"noopener noreferrer\">Scarica il documento<\/a>[\/vc_column_text][\/vc_column_inner][vc_column_inner width=&#8221;1\/2&#8243;][vc_column_text el_class=&#8221;download-box&#8221;]\n<h3 class=\"title\">Cultura Persone Pianeta \u2013 Presentazione di Alberto Anfossi a Genova<\/h3>\n<p><a class=\"standard-link\" href=\"https:\/\/www.compagniadisanpaolo.it\/wp-content\/uploads\/Presentazione-di-Alberto-Anfossi-a-Genova.pdf\" target=\"_blank\" rel=\"noopener noreferrer\">Scarica il documento<\/a>[\/vc_column_text][\/vc_column_inner][\/vc_row_inner][\/vc_column][\/vc_row][vc_row][vc_column]<div class=\"templatera_shortcode\"><div data-vc-full-width=\"true\" data-vc-full-width-temp=\"true\" data-vc-full-width-init=\"false\" class=\"vc_row wpb_row vc_row-fluid newsletter-wrap\"><div class=\"wpb_column vc_column_container vc_col-sm-12\"><div class=\"vc_column-inner\"><div class=\"wpb_wrapper\">\n\t<div class=\"wpb_raw_code wpb_raw_html wpb_content_element\" >\n\t\t<div class=\"wpb_wrapper\">\n\t\t\t    <div class=\"container\">\n      <div class=\"row align-items-center\">\n\t<div class=\"col-12 col-lg-6 col-xl-5 mb-3 mb-lg-0 pr-0\">\n\t  <h2 class=\"title\">Rimani aggiornato sui nostri bandi e sui nostri progetti<\/h2>\n\t<\/div>\n\t<div class=\"col-12 col-lg-6 col-xl-7 pl-xl-4\">\n\t  <a class=\"standard-link-block\" href=\"\/it\/newsletter\/\">\n\t    Compila il form e decidi su quale argomento vuoi ricevere notizie.\t    <strong>\u00a0 ISCRIVITI!<\/strong>\n\t  <\/a>\n\t<\/div>\n      <\/div>\n    <\/div>\n\t\t<\/div>\n\t<\/div>\n<\/div><\/div><\/div><\/div><div class=\"vc_row-full-width vc_clearfix\"><\/div><\/div>[\/vc_column][\/vc_row]\n<\/div>","protected":false},"excerpt":{"rendered":"Dopo la presentazione del 24 gennaio a Torino la Compagnia di San Paolo ha presentato anche a Genova il suo nuovo modello organizzativo Condividi: Facebook Twitter Linkedin Whatsapp Mail Data di pubblicazione: 18 Febbraio 2020 Istituzionale TagAgenda 2030Gruppo compagnia Torino, 24 gennaio 2020 \u2013\u00a0Francesco Profumo, Presidente della Compagnia di San Paolo, ha presentato oggi, insieme al Segretario Generale\u00a0Alberto Anfossi, le Linee Programmatiche per il 2020, la riorganizzazione della Fondazione alla luce del modello degli SDGs promossi dall'ONU nell'ambito dell'Agenda 2030 per lo Sviluppo Sostenibile e la nuova\u00a0brand identity della fondazione torinese. \"La nostra sfida \u00e8 stata lavorare quotidianamente per la competitivit\u00e0 di sistema e la sostenibilit\u00e0 sociale creando opportunit\u00e0 per tutti. Percorrere questa strada \u00e8 un cammino di continuit\u00e0 avendo gi\u00e0 dimostrato come le nostre azioni concorrano da tempo ai\u00a0Sustainable Development Goals.\" \u2013 ha dichiarato\u00a0Francesco Profumo\u00a0\u2013 \"Dal 2017 la Compagnia ha proposto un modello di Fondazione centrato sul tema dell'educazione per formare cittadini pi\u00f9 responsabili e intervenire in modo efficace sulle disuguaglianze. Per raggiungere gli obiettivi, siamo partiti da tre pilastri: l'educazione, l'innovazione e lo sviluppo. Concetti che in questi anni si sono evoluti e ampliati. All'inizio del nostro percorso, l'orizzonte era il territorio; oggi parliamo di comunit\u00e0. L'educazione, che resta il punto di partenza dei nostri progetti, \u00e8 un concetto che ha trovato anche luoghi fisici in cui crescere. Lo sviluppo, ispirato dall'agenda Onu, \u00e8 diventato sostenibile. L'innovazione sociale, tecnologica e culturale, \u00e8 diventata indispensabile anche nell'approccio alla finanza, all'organizzazione, all'ambiente. Il modello operativo si \u00e8 evoluto con un approccio sperimentale: questa modalit\u00e0 ci ha consentito di costruire le giuste azioni per supportare le idee. Oggi la Compagnia di San Paolo \u00e8 un agente di sviluppo moderno e sostenibile.\" \"La Compagnia di San Paolo non cambia missione n\u00e9 opzioni strategiche di fondo.\" \u2013 ha dichiarato\u00a0Alberto Anfossi\u00a0\u2013 \"Quello che il 2020 vedr\u00e0 \u00e8 un aggiornamento e un arricchimento della propria capacit\u00e0 realizzativa in base alle necessit\u00e0 dei nostri tempi e allo scenario in cui \u00e8 essa inserita, locale come globale. Non ci nascondiamo che la sfida dello sviluppo sostenibile \u00e8 ardua a tutti i livelli, e certamente anche al nostro: siamo per\u00f2 certi che con l'adesione al modello dei Sustainable Development Goals, la Compagnia sar\u00e0 in grado di rendere ancor pi\u00f9 efficace, trasparente e condiviso l'impatto del suo lavoro tra le persone e nei territori.\" La Compagnia di San Paolo \u00e8 la prima Fondazione in Italia ad aver adottato un nuovo modello organizzativo mutuato dall'Agenda 2030 per lo Sviluppo Sostenibile, documento promosso dalle Nazioni Unite in cui sono stati formulati 17 Obiettivi di Sviluppo Sostenibile, i \"Sustainable Development Goals\" (SDGs), il raggiungimento dei quali dovrebbe, garantire un futuro alla societ\u00e0 e al mondo in cui viviamo, promuovendo lo sviluppo sostenibile del pianeta e dell'umanit\u00e0. Documenti di approfondimento CS - Cultura Persone Pianeta Scarica il documento Cultura Persone Pianeta - Presentazione di Francesco Profumo Scarica il documento Cultura Persone Pianeta - Presentazione di Alberto Anfossi Scarica il documento Comunicato Stampa CDAY2020 - Genova Scarica il documento Cultura Persone Pianeta \u2013 Presentazione di Francesco Profumo a Genova Scarica il documento Cultura Persone Pianeta \u2013 Presentazione di Alberto Anfossi a Genova Scarica il documento Rimani aggiornato sui nostri bandi e sui nostri progetti Compila il form e decidi su quale argomento vuoi ricevere notizie. \u00a0 ISCRIVITI!","protected":false},"author":17,"featured_media":680,"comment_status":"closed","ping_status":"closed","sticky":false,"template":"","format":"standard","meta":{"_acf_changed":false,"content-type":"","footnotes":""},"categories":[17],"tags":[67,66],"class_list":["post-3941","post","type-post","status-publish","format-standard","has-post-thumbnail","hentry","category-news","tag-agenda-2030","tag-gruppo-compagnia","entry","post-inner"],"acf":[],"yoast_head":"<!-- This site is optimized with the Yoast SEO plugin v27.3 - https:\/\/yoast.com\/product\/yoast-seo-wordpress\/ -->\n<title>Cultura, Persone, Pianeta: la riorganizzazione della Fondazione - Fondazione Compagnia di San Paolo<\/title>\n<meta name=\"robots\" content=\"index, follow, max-snippet:-1, max-image-preview:large, max-video-preview:-1\" \/>\n<link rel=\"canonical\" href=\"https:\/\/www.compagniadisanpaolo.it\/it\/news\/cultura-persone-pianeta-la-riorganizzazione-della-fondazione\/\" \/>\n<meta property=\"og:locale\" content=\"it_IT\" \/>\n<meta property=\"og:type\" content=\"article\" \/>\n<meta property=\"og:title\" content=\"Cultura, Persone, Pianeta: la riorganizzazione della Fondazione - Fondazione Compagnia di San Paolo\" \/>\n<meta property=\"og:url\" content=\"https:\/\/www.compagniadisanpaolo.it\/it\/news\/cultura-persone-pianeta-la-riorganizzazione-della-fondazione\/\" \/>\n<meta property=\"og:site_name\" content=\"Fondazione Compagnia di San Paolo\" \/>\n<meta property=\"article:publisher\" content=\"https:\/\/www.facebook.com\/CompagniaDiSanPaolo\" \/>\n<meta property=\"article:published_time\" content=\"2020-02-18T17:14:27+00:00\" \/>\n<meta property=\"article:modified_time\" content=\"2021-09-09T11:49:38+00:00\" \/>\n<meta property=\"og:image\" content=\"https:\/\/www.compagniadisanpaolo.it\/wp-content\/uploads\/Cultura-Persone-Pianeta-la-presentazione-a-Genova.jpg\" \/>\n\t<meta property=\"og:image:width\" content=\"967\" \/>\n\t<meta property=\"og:image:height\" content=\"425\" \/>\n\t<meta property=\"og:image:type\" content=\"image\/jpeg\" \/>\n<meta name=\"author\" content=\"Fabio Martini\" \/>\n<meta name=\"twitter:card\" content=\"summary_large_image\" \/>\n<meta name=\"twitter:creator\" content=\"@CSP_live\" \/>\n<meta name=\"twitter:site\" content=\"@CSP_live\" \/>\n<meta name=\"twitter:label1\" content=\"Scritto da\" \/>\n\t<meta name=\"twitter:data1\" content=\"Fabio Martini\" \/>\n\t<meta name=\"twitter:label2\" content=\"Tempo di lettura stimato\" \/>\n\t<meta name=\"twitter:data2\" content=\"4 minuti\" \/>\n<script type=\"application\/ld+json\" class=\"yoast-schema-graph\">{\"@context\":\"https:\\\/\\\/schema.org\",\"@graph\":[{\"@type\":\"Article\",\"@id\":\"https:\\\/\\\/www.compagniadisanpaolo.it\\\/it\\\/news\\\/cultura-persone-pianeta-la-riorganizzazione-della-fondazione\\\/#article\",\"isPartOf\":{\"@id\":\"https:\\\/\\\/www.compagniadisanpaolo.it\\\/it\\\/news\\\/cultura-persone-pianeta-la-riorganizzazione-della-fondazione\\\/\"},\"author\":{\"name\":\"Fabio Martini\",\"@id\":\"https:\\\/\\\/www.compagniadisanpaolo.it\\\/it\\\/#\\\/schema\\\/person\\\/9b21f5bbb0e7ae0a0c5e1bea55c83724\"},\"headline\":\"Cultura, Persone, Pianeta: la riorganizzazione della Fondazione\",\"datePublished\":\"2020-02-18T17:14:27+00:00\",\"dateModified\":\"2021-09-09T11:49:38+00:00\",\"mainEntityOfPage\":{\"@id\":\"https:\\\/\\\/www.compagniadisanpaolo.it\\\/it\\\/news\\\/cultura-persone-pianeta-la-riorganizzazione-della-fondazione\\\/\"},\"wordCount\":787,\"publisher\":{\"@id\":\"https:\\\/\\\/www.compagniadisanpaolo.it\\\/it\\\/#organization\"},\"image\":{\"@id\":\"https:\\\/\\\/www.compagniadisanpaolo.it\\\/it\\\/news\\\/cultura-persone-pianeta-la-riorganizzazione-della-fondazione\\\/#primaryimage\"},\"thumbnailUrl\":\"https:\\\/\\\/www.compagniadisanpaolo.it\\\/wp-content\\\/uploads\\\/Cultura-Persone-Pianeta-la-presentazione-a-Genova.jpg\",\"keywords\":[\"agenda 2030\",\"gruppo compagnia\"],\"articleSection\":[\"News\"],\"inLanguage\":\"it-IT\"},{\"@type\":\"WebPage\",\"@id\":\"https:\\\/\\\/www.compagniadisanpaolo.it\\\/it\\\/news\\\/cultura-persone-pianeta-la-riorganizzazione-della-fondazione\\\/\",\"url\":\"https:\\\/\\\/www.compagniadisanpaolo.it\\\/it\\\/news\\\/cultura-persone-pianeta-la-riorganizzazione-della-fondazione\\\/\",\"name\":\"Cultura, Persone, Pianeta: la riorganizzazione della Fondazione - Fondazione Compagnia di San Paolo\",\"isPartOf\":{\"@id\":\"https:\\\/\\\/www.compagniadisanpaolo.it\\\/it\\\/#website\"},\"primaryImageOfPage\":{\"@id\":\"https:\\\/\\\/www.compagniadisanpaolo.it\\\/it\\\/news\\\/cultura-persone-pianeta-la-riorganizzazione-della-fondazione\\\/#primaryimage\"},\"image\":{\"@id\":\"https:\\\/\\\/www.compagniadisanpaolo.it\\\/it\\\/news\\\/cultura-persone-pianeta-la-riorganizzazione-della-fondazione\\\/#primaryimage\"},\"thumbnailUrl\":\"https:\\\/\\\/www.compagniadisanpaolo.it\\\/wp-content\\\/uploads\\\/Cultura-Persone-Pianeta-la-presentazione-a-Genova.jpg\",\"datePublished\":\"2020-02-18T17:14:27+00:00\",\"dateModified\":\"2021-09-09T11:49:38+00:00\",\"breadcrumb\":{\"@id\":\"https:\\\/\\\/www.compagniadisanpaolo.it\\\/it\\\/news\\\/cultura-persone-pianeta-la-riorganizzazione-della-fondazione\\\/#breadcrumb\"},\"inLanguage\":\"it-IT\",\"potentialAction\":[{\"@type\":\"ReadAction\",\"target\":[\"https:\\\/\\\/www.compagniadisanpaolo.it\\\/it\\\/news\\\/cultura-persone-pianeta-la-riorganizzazione-della-fondazione\\\/\"]}]},{\"@type\":\"ImageObject\",\"inLanguage\":\"it-IT\",\"@id\":\"https:\\\/\\\/www.compagniadisanpaolo.it\\\/it\\\/news\\\/cultura-persone-pianeta-la-riorganizzazione-della-fondazione\\\/#primaryimage\",\"url\":\"https:\\\/\\\/www.compagniadisanpaolo.it\\\/wp-content\\\/uploads\\\/Cultura-Persone-Pianeta-la-presentazione-a-Genova.jpg\",\"contentUrl\":\"https:\\\/\\\/www.compagniadisanpaolo.it\\\/wp-content\\\/uploads\\\/Cultura-Persone-Pianeta-la-presentazione-a-Genova.jpg\",\"width\":967,\"height\":425,\"caption\":\"cultura persone pianeta\"},{\"@type\":\"BreadcrumbList\",\"@id\":\"https:\\\/\\\/www.compagniadisanpaolo.it\\\/it\\\/news\\\/cultura-persone-pianeta-la-riorganizzazione-della-fondazione\\\/#breadcrumb\",\"itemListElement\":[{\"@type\":\"ListItem\",\"position\":1,\"name\":\"Home\",\"item\":\"https:\\\/\\\/www.compagniadisanpaolo.it\\\/it\\\/\"},{\"@type\":\"ListItem\",\"position\":2,\"name\":\"Cultura, Persone, Pianeta: la riorganizzazione della Fondazione\"}]},{\"@type\":\"WebSite\",\"@id\":\"https:\\\/\\\/www.compagniadisanpaolo.it\\\/it\\\/#website\",\"url\":\"https:\\\/\\\/www.compagniadisanpaolo.it\\\/it\\\/\",\"name\":\"Fondazione Compagnia di San Paolo\",\"description\":\"\",\"publisher\":{\"@id\":\"https:\\\/\\\/www.compagniadisanpaolo.it\\\/it\\\/#organization\"},\"potentialAction\":[{\"@type\":\"SearchAction\",\"target\":{\"@type\":\"EntryPoint\",\"urlTemplate\":\"https:\\\/\\\/www.compagniadisanpaolo.it\\\/it\\\/?s={search_term_string}\"},\"query-input\":{\"@type\":\"PropertyValueSpecification\",\"valueRequired\":true,\"valueName\":\"search_term_string\"}}],\"inLanguage\":\"it-IT\"},{\"@type\":\"Organization\",\"@id\":\"https:\\\/\\\/www.compagniadisanpaolo.it\\\/it\\\/#organization\",\"name\":\"Fondazione Compagnia di San Paolo\",\"url\":\"https:\\\/\\\/www.compagniadisanpaolo.it\\\/it\\\/\",\"logo\":{\"@type\":\"ImageObject\",\"inLanguage\":\"it-IT\",\"@id\":\"https:\\\/\\\/www.compagniadisanpaolo.it\\\/it\\\/#\\\/schema\\\/logo\\\/image\\\/\",\"url\":\"https:\\\/\\\/www.compagniadisanpaolo.it\\\/wp-content\\\/uploads\\\/logo.svg\",\"contentUrl\":\"https:\\\/\\\/www.compagniadisanpaolo.it\\\/wp-content\\\/uploads\\\/logo.svg\",\"width\":769,\"height\":323,\"caption\":\"Fondazione Compagnia di San Paolo\"},\"image\":{\"@id\":\"https:\\\/\\\/www.compagniadisanpaolo.it\\\/it\\\/#\\\/schema\\\/logo\\\/image\\\/\"},\"sameAs\":[\"https:\\\/\\\/www.facebook.com\\\/CompagniaDiSanPaolo\",\"https:\\\/\\\/x.com\\\/CSP_live\",\"http:\\\/\\\/instagram.com\\\/compagniadisanpaolo?ref=badge\",\"https:\\\/\\\/www.linkedin.com\\\/company\\\/compagnia-di-san-paolo\",\"https:\\\/\\\/www.youtube.com\\\/user\\\/compagniadisanpaolo\",\"https:\\\/\\\/it.wikipedia.org\\\/wiki\\\/Compagnia_di_San_Paolo\"]},{\"@type\":\"Person\",\"@id\":\"https:\\\/\\\/www.compagniadisanpaolo.it\\\/it\\\/#\\\/schema\\\/person\\\/9b21f5bbb0e7ae0a0c5e1bea55c83724\",\"name\":\"Fabio Martini\",\"image\":{\"@type\":\"ImageObject\",\"inLanguage\":\"it-IT\",\"@id\":\"https:\\\/\\\/secure.gravatar.com\\\/avatar\\\/4a3308ae0a8e2cbbe86bddaca4a0eb4789922d1b58e48f4af35bd234b2f28335?s=96&d=mm&r=g\",\"url\":\"https:\\\/\\\/secure.gravatar.com\\\/avatar\\\/4a3308ae0a8e2cbbe86bddaca4a0eb4789922d1b58e48f4af35bd234b2f28335?s=96&d=mm&r=g\",\"contentUrl\":\"https:\\\/\\\/secure.gravatar.com\\\/avatar\\\/4a3308ae0a8e2cbbe86bddaca4a0eb4789922d1b58e48f4af35bd234b2f28335?s=96&d=mm&r=g\",\"caption\":\"Fabio Martini\"}}]}<\/script>\n<!-- \/ Yoast SEO plugin. -->","yoast_head_json":{"title":"Cultura, Persone, Pianeta: la riorganizzazione della Fondazione - Fondazione Compagnia di San Paolo","robots":{"index":"index","follow":"follow","max-snippet":"max-snippet:-1","max-image-preview":"max-image-preview:large","max-video-preview":"max-video-preview:-1"},"canonical":"https:\/\/www.compagniadisanpaolo.it\/it\/news\/cultura-persone-pianeta-la-riorganizzazione-della-fondazione\/","og_locale":"it_IT","og_type":"article","og_title":"Cultura, Persone, Pianeta: la riorganizzazione della Fondazione - Fondazione Compagnia di San Paolo","og_url":"https:\/\/www.compagniadisanpaolo.it\/it\/news\/cultura-persone-pianeta-la-riorganizzazione-della-fondazione\/","og_site_name":"Fondazione Compagnia di San Paolo","article_publisher":"https:\/\/www.facebook.com\/CompagniaDiSanPaolo","article_published_time":"2020-02-18T17:14:27+00:00","article_modified_time":"2021-09-09T11:49:38+00:00","og_image":[{"width":967,"height":425,"url":"https:\/\/www.compagniadisanpaolo.it\/wp-content\/uploads\/Cultura-Persone-Pianeta-la-presentazione-a-Genova.jpg","type":"image\/jpeg"}],"author":"Fabio Martini","twitter_card":"summary_large_image","twitter_creator":"@CSP_live","twitter_site":"@CSP_live","twitter_misc":{"Scritto da":"Fabio Martini","Tempo di lettura stimato":"4 minuti"},"schema":{"@context":"https:\/\/schema.org","@graph":[{"@type":"Article","@id":"https:\/\/www.compagniadisanpaolo.it\/it\/news\/cultura-persone-pianeta-la-riorganizzazione-della-fondazione\/#article","isPartOf":{"@id":"https:\/\/www.compagniadisanpaolo.it\/it\/news\/cultura-persone-pianeta-la-riorganizzazione-della-fondazione\/"},"author":{"name":"Fabio Martini","@id":"https:\/\/www.compagniadisanpaolo.it\/it\/#\/schema\/person\/9b21f5bbb0e7ae0a0c5e1bea55c83724"},"headline":"Cultura, Persone, Pianeta: la riorganizzazione della Fondazione","datePublished":"2020-02-18T17:14:27+00:00","dateModified":"2021-09-09T11:49:38+00:00","mainEntityOfPage":{"@id":"https:\/\/www.compagniadisanpaolo.it\/it\/news\/cultura-persone-pianeta-la-riorganizzazione-della-fondazione\/"},"wordCount":787,"publisher":{"@id":"https:\/\/www.compagniadisanpaolo.it\/it\/#organization"},"image":{"@id":"https:\/\/www.compagniadisanpaolo.it\/it\/news\/cultura-persone-pianeta-la-riorganizzazione-della-fondazione\/#primaryimage"},"thumbnailUrl":"https:\/\/www.compagniadisanpaolo.it\/wp-content\/uploads\/Cultura-Persone-Pianeta-la-presentazione-a-Genova.jpg","keywords":["agenda 2030","gruppo compagnia"],"articleSection":["News"],"inLanguage":"it-IT"},{"@type":"WebPage","@id":"https:\/\/www.compagniadisanpaolo.it\/it\/news\/cultura-persone-pianeta-la-riorganizzazione-della-fondazione\/","url":"https:\/\/www.compagniadisanpaolo.it\/it\/news\/cultura-persone-pianeta-la-riorganizzazione-della-fondazione\/","name":"Cultura, Persone, Pianeta: la riorganizzazione della Fondazione - Fondazione Compagnia di San Paolo","isPartOf":{"@id":"https:\/\/www.compagniadisanpaolo.it\/it\/#website"},"primaryImageOfPage":{"@id":"https:\/\/www.compagniadisanpaolo.it\/it\/news\/cultura-persone-pianeta-la-riorganizzazione-della-fondazione\/#primaryimage"},"image":{"@id":"https:\/\/www.compagniadisanpaolo.it\/it\/news\/cultura-persone-pianeta-la-riorganizzazione-della-fondazione\/#primaryimage"},"thumbnailUrl":"https:\/\/www.compagniadisanpaolo.it\/wp-content\/uploads\/Cultura-Persone-Pianeta-la-presentazione-a-Genova.jpg","datePublished":"2020-02-18T17:14:27+00:00","dateModified":"2021-09-09T11:49:38+00:00","breadcrumb":{"@id":"https:\/\/www.compagniadisanpaolo.it\/it\/news\/cultura-persone-pianeta-la-riorganizzazione-della-fondazione\/#breadcrumb"},"inLanguage":"it-IT","potentialAction":[{"@type":"ReadAction","target":["https:\/\/www.compagniadisanpaolo.it\/it\/news\/cultura-persone-pianeta-la-riorganizzazione-della-fondazione\/"]}]},{"@type":"ImageObject","inLanguage":"it-IT","@id":"https:\/\/www.compagniadisanpaolo.it\/it\/news\/cultura-persone-pianeta-la-riorganizzazione-della-fondazione\/#primaryimage","url":"https:\/\/www.compagniadisanpaolo.it\/wp-content\/uploads\/Cultura-Persone-Pianeta-la-presentazione-a-Genova.jpg","contentUrl":"https:\/\/www.compagniadisanpaolo.it\/wp-content\/uploads\/Cultura-Persone-Pianeta-la-presentazione-a-Genova.jpg","width":967,"height":425,"caption":"cultura persone pianeta"},{"@type":"BreadcrumbList","@id":"https:\/\/www.compagniadisanpaolo.it\/it\/news\/cultura-persone-pianeta-la-riorganizzazione-della-fondazione\/#breadcrumb","itemListElement":[{"@type":"ListItem","position":1,"name":"Home","item":"https:\/\/www.compagniadisanpaolo.it\/it\/"},{"@type":"ListItem","position":2,"name":"Cultura, Persone, Pianeta: la riorganizzazione della Fondazione"}]},{"@type":"WebSite","@id":"https:\/\/www.compagniadisanpaolo.it\/it\/#website","url":"https:\/\/www.compagniadisanpaolo.it\/it\/","name":"Fondazione Compagnia di San Paolo","description":"","publisher":{"@id":"https:\/\/www.compagniadisanpaolo.it\/it\/#organization"},"potentialAction":[{"@type":"SearchAction","target":{"@type":"EntryPoint","urlTemplate":"https:\/\/www.compagniadisanpaolo.it\/it\/?s={search_term_string}"},"query-input":{"@type":"PropertyValueSpecification","valueRequired":true,"valueName":"search_term_string"}}],"inLanguage":"it-IT"},{"@type":"Organization","@id":"https:\/\/www.compagniadisanpaolo.it\/it\/#organization","name":"Fondazione Compagnia di San Paolo","url":"https:\/\/www.compagniadisanpaolo.it\/it\/","logo":{"@type":"ImageObject","inLanguage":"it-IT","@id":"https:\/\/www.compagniadisanpaolo.it\/it\/#\/schema\/logo\/image\/","url":"https:\/\/www.compagniadisanpaolo.it\/wp-content\/uploads\/logo.svg","contentUrl":"https:\/\/www.compagniadisanpaolo.it\/wp-content\/uploads\/logo.svg","width":769,"height":323,"caption":"Fondazione Compagnia di San Paolo"},"image":{"@id":"https:\/\/www.compagniadisanpaolo.it\/it\/#\/schema\/logo\/image\/"},"sameAs":["https:\/\/www.facebook.com\/CompagniaDiSanPaolo","https:\/\/x.com\/CSP_live","http:\/\/instagram.com\/compagniadisanpaolo?ref=badge","https:\/\/www.linkedin.com\/company\/compagnia-di-san-paolo","https:\/\/www.youtube.com\/user\/compagniadisanpaolo","https:\/\/it.wikipedia.org\/wiki\/Compagnia_di_San_Paolo"]},{"@type":"Person","@id":"https:\/\/www.compagniadisanpaolo.it\/it\/#\/schema\/person\/9b21f5bbb0e7ae0a0c5e1bea55c83724","name":"Fabio Martini","image":{"@type":"ImageObject","inLanguage":"it-IT","@id":"https:\/\/secure.gravatar.com\/avatar\/4a3308ae0a8e2cbbe86bddaca4a0eb4789922d1b58e48f4af35bd234b2f28335?s=96&d=mm&r=g","url":"https:\/\/secure.gravatar.com\/avatar\/4a3308ae0a8e2cbbe86bddaca4a0eb4789922d1b58e48f4af35bd234b2f28335?s=96&d=mm&r=g","contentUrl":"https:\/\/secure.gravatar.com\/avatar\/4a3308ae0a8e2cbbe86bddaca4a0eb4789922d1b58e48f4af35bd234b2f28335?s=96&d=mm&r=g","caption":"Fabio Martini"}}]}},"amp_enabled":true,"_links":{"self":[{"href":"https:\/\/www.compagniadisanpaolo.it\/it\/wp-json\/wp\/v2\/posts\/3941","targetHints":{"allow":["GET"]}}],"collection":[{"href":"https:\/\/www.compagniadisanpaolo.it\/it\/wp-json\/wp\/v2\/posts"}],"about":[{"href":"https:\/\/www.compagniadisanpaolo.it\/it\/wp-json\/wp\/v2\/types\/post"}],"author":[{"embeddable":true,"href":"https:\/\/www.compagniadisanpaolo.it\/it\/wp-json\/wp\/v2\/users\/17"}],"replies":[{"embeddable":true,"href":"https:\/\/www.compagniadisanpaolo.it\/it\/wp-json\/wp\/v2\/comments?post=3941"}],"version-history":[{"count":4,"href":"https:\/\/www.compagniadisanpaolo.it\/it\/wp-json\/wp\/v2\/posts\/3941\/revisions"}],"predecessor-version":[{"id":6292,"href":"https:\/\/www.compagniadisanpaolo.it\/it\/wp-json\/wp\/v2\/posts\/3941\/revisions\/6292"}],"wp:featuredmedia":[{"embeddable":true,"href":"https:\/\/www.compagniadisanpaolo.it\/it\/wp-json\/wp\/v2\/media\/680"}],"wp:attachment":[{"href":"https:\/\/www.compagniadisanpaolo.it\/it\/wp-json\/wp\/v2\/media?parent=3941"}],"wp:term":[{"taxonomy":"category","embeddable":true,"href":"https:\/\/www.compagniadisanpaolo.it\/it\/wp-json\/wp\/v2\/categories?post=3941"},{"taxonomy":"post_tag","embeddable":true,"href":"https:\/\/www.compagniadisanpaolo.it\/it\/wp-json\/wp\/v2\/tags?post=3941"}],"curies":[{"name":"wp","href":"https:\/\/api.w.org\/{rel}","templated":true}]}}