{"id":36733,"date":"2025-04-17T12:30:06","date_gmt":"2025-04-17T10:30:06","guid":{"rendered":"https:\/\/www.compagniadisanpaolo.it\/?p=36733"},"modified":"2025-04-17T12:30:06","modified_gmt":"2025-04-17T10:30:06","slug":"al-via-il-concorso-internazionale-per-il-futuro-della-gam","status":"publish","type":"post","link":"https:\/\/www.compagniadisanpaolo.it\/it\/news\/al-via-il-concorso-internazionale-per-il-futuro-della-gam\/","title":{"rendered":"Al via il concorso internazionale per il futuro della GAM"},"content":{"rendered":"<div class=\"wpb-content-wrapper\">[vc_row][vc_column][vc_column_text css=&#8221;&#8221; el_class=&#8221;text-headline2&#8243;]Sulla piattaforma concorsiarchibo.eu \u00e8 stato pubblicato il concorso \u201cLa nuova GAM 4.0\u201d. Con il supporto della Fondazione Compagnia di San Paolo, l&#8217;iconico museo civico d&#8217;arte moderna si prepara a una trasformazione epocale all&#8217;insegna di innovazione, sostenibilit\u00e0 e recupero del suo spirito pionieristico.[\/vc_column_text][\/vc_column][\/vc_row][vc_row][vc_column][vc_column_text]\n<div class=\"info-box mission\">\n\t\t<div class=\"info-box-wrap info-box-hor row pb-0\">\n\n\t\t      \n\t\t      <div class=\"spalla col-12 col-md-12\">\n\t\t\t<div class=\"info-box sharing-box\">\n\t\t\t  <span class=\"label\">Condividi:<\/span>\n\t\t\t  <div class=\"social-sharing\">\n\t\t\t    <span class=\"box\">\n\t\t\t      <a class=\"fb\" href=\"https:\/\/www.facebook.com\/sharer.php?u=https:\/\/www.compagniadisanpaolo.it\/it\/news\/al-via-il-concorso-internazionale-per-il-futuro-della-gam\/\" target=\"_blank\">\n\t\t\t\t<span class=\"sr-only\">Facebook<\/span>\n\t\t\t\t<i class=\"fab fa-facebook-f\"><\/i>\n\t\t\t      <\/a>\n\t\t\t    <\/span>\n\t\t\t    \n\t\t\t    <style>\n.twitter, .twitter:hover{\ncolor:#000000 !important;}\n<\/style>\n\n\n\t\t\t    <span class=\"box\">\n\t\t\t      <a class=\"twitter\" href=\"https:\/\/twitter.com\/intent\/tweet?url=https:\/\/www.compagniadisanpaolo.it\/it\/news\/al-via-il-concorso-internazionale-per-il-futuro-della-gam\/\">\n\t\t\t\t<span class=\"sr-only\">Twitter<\/span>\n\t\t\t\t<i class=\"fa-brands fa-x-twitter\"><\/i>\n\t\t\t      <\/a>\n\t\t\t    <\/span>\n\n\t\t\t    \n\t\t\t    <span class=\"box\">\n\t\t\t      <a class=\"linkedin\" href=\"https:\/\/www.linkedin.com\/shareArticle?mini=true&url=https:\/\/www.compagniadisanpaolo.it\/it\/news\/al-via-il-concorso-internazionale-per-il-futuro-della-gam\/\">\n\t\t\t\t<span class=\"sr-only\">Linkedin<\/span>\n\t\t\t\t  <i class=\"fa-brands fa-linkedin-in\"><\/i>\n\t\t\t      <\/a>\n\t\t\t    <\/span>\n\n\t\t\t    <span class=\"box\">\n\t\t\t      <a class=\"whatsapp\" href=\"whatsapp:\/\/send?text=https:\/\/www.compagniadisanpaolo.it\/it\/news\/al-via-il-concorso-internazionale-per-il-futuro-della-gam\/\" data-action=\"share\/whatsapp\/share\">\n\t\t\t\t<span class=\"sr-only\">Whatsapp<\/span>\n\t\t\t\t<i class=\"fa-brands fa-whatsapp\"><\/i>\n\t\t\t      <\/a>\n\t\t\t    <\/span>\n\n\t\t\t    <span class=\"box\">\n\t\t\t      <a class=\"mail\" href=\"mailto:?subject=Al via il concorso internazionale per il futuro della GAM&body=https:\/\/www.compagniadisanpaolo.it\/it\/news\/al-via-il-concorso-internazionale-per-il-futuro-della-gam\/\">\n\t\t\t\t<span class=\"sr-only\">Mail<\/span>\n\t\t\t\t <i class=\"fa-solid fa-envelope\"><\/i>\n\t\t\t      <\/a>\n\t\t\t    <\/span>\n\t\t\t    \n\t\t\t  <\/div>\n\t\t\t<\/div>\n\t      <\/div>\n\t    <\/div><\/div>\n[\/vc_column_text][\/vc_column][\/vc_row][vc_row][vc_column width=&#8221;1\/4&#8243;][vc_column_text]\n\n\n\t\t<div class=\"info-box-wrap\">\n\n\t  <div class=\"info-box date-pub\">\n\t  \t<span class=\"label\">Data di pubblicazione:<\/span>\n\t    <span class=\"value\">17 Aprile 2025<\/span>\n\t  <\/div>\n\t\t\t\t  <div class=\"info-box obj-culture\">\n\t\t\t\t\t  <div class=\"info-box obj\"><span class=\"label\">Obiettivo<\/span>\n\t\t\t\t\t    <div class=\"obj-small-box\">\n\t\t\t\t\t      <span>Cultura.<\/span>\n\t\t\t\t\t    <\/div>\n\t\t\t\t\t  <\/div>\n\t\t\t\t  <\/div>\n\t\t\t  <div class=\"info-box mission\"><span class=\"label\">Tag<\/span><a href=\"https:\/\/www.compagniadisanpaolo.it\/it\/tags\/risultati\/?_sft_post_tag=arte-e-musei\" class=\"tag-element\">Arte e musei<\/a><a href=\"https:\/\/www.compagniadisanpaolo.it\/it\/tags\/risultati\/?_sft_post_tag=capitale-sociale\" class=\"tag-element\">Capitale sociale<\/a><a href=\"https:\/\/www.compagniadisanpaolo.it\/it\/tags\/risultati\/?_sft_post_tag=creativita-ed-esperienze-attive\" class=\"tag-element\">Creativit\u00e0 ed esperienze attive<\/a><a href=\"https:\/\/www.compagniadisanpaolo.it\/it\/tags\/risultati\/?_sft_post_tag=cultura-contemporanea-e-design\" class=\"tag-element\">Cultura contemporanea e design<\/a><a href=\"https:\/\/www.compagniadisanpaolo.it\/it\/tags\/risultati\/?_sft_post_tag=opportunita\" class=\"tag-element\">Opportunit\u00e0<\/a><a href=\"https:\/\/www.compagniadisanpaolo.it\/it\/tags\/risultati\/?_sft_post_tag=performing-arts\" class=\"tag-element\">Performing arts<\/a><a href=\"https:\/\/www.compagniadisanpaolo.it\/it\/tags\/risultati\/?_sft_post_tag=sviluppo-sostenibile\" class=\"tag-element\">Sviluppo sostenibile<\/a><\/div>\t  \n\t<\/div>\n[\/vc_column_text][\/vc_column][vc_column width=&#8221;3\/4&#8243; el_class=&#8221;page-content&#8221;][vc_column_text css=&#8221;&#8221; el_class=&#8221;text&#8221;]Torino \u00e8 pronta a scrivere un nuovo capitolo nella storia della sua <strong>Galleria Civica d\u2019Arte Moderna<\/strong> <strong>e Contemporanea<\/strong> (<strong>GAM<\/strong>), con il lancio del <strong>concorso internazionale di progettazione per la riqualificazione, il rilancio e la valorizzazione<\/strong> di questo storico museo, il pi\u00f9 antico museo civico d\u2019arte moderna in Italia.<\/p>\n<p>La pubblicazione dell\u2019iniziativa sulla piattaforma <strong>concorsiarchibo.eu<\/strong> dell\u2019<strong>Ordine degli Architetti di Bologna<\/strong> segna ufficialmente l&#8217;inizio di una trasformazione che proietta la citt\u00e0 verso il futuro.<\/p>\n<p>Il concorso, dal titolo &#8220;<strong>La nuova GAM 4.0<\/strong>&#8220;, nasce dalla collaborazione tra la <strong>Fondazione Torino Musei<\/strong>, la <strong>Citt\u00e0 di Torino<\/strong> e la <strong>Fondazione Compagnia di San Paolo<\/strong>, con il supporto della <strong>Fondazione per l\u2019architettura<\/strong> <strong>\/ Torino<\/strong>.<\/p>\n<p>Questo ambizioso progetto mira a rigenerare l\u2019anima avanguardistica della GAM, mantenendo intatto il rispetto per il suo storico disegno, ma integrando al contempo i pi\u00f9 avanzati principi di sostenibilit\u00e0 ambientale e risparmio energetico.<\/p>\n<p>L\u2019obiettivo principale \u00e8 quello di restituire al pubblico una GAM trasformata in <strong>un esempio internazionale di museo del XXI secolo<\/strong>, che combini innovazione tecnologica, sostenibilit\u00e0 e valorizzazione del patrimonio.<\/p>\n<p>Grazie al sostegno della <strong>Fondazione Compagnia di San Paolo<\/strong> &#8211; che finanzier\u00e0 la progettazione del restauro e una parte significativa dell\u2019investimento necessario alla sua realizzazione &#8211; e alla partecipazione della sua Societ\u00e0 PR.I.S.MA, La &#8220;nuova GAM&#8221; non si limiter\u00e0 a un rinnovamento dell\u2019involucro architettonico, ma avr\u00e0 anche un <strong>impatto diretto sulle collezioni e sul percorso espositivo<\/strong>.<\/p>\n<p><em>\u201cL\u2019erogazione di risorse finanziarie \u00e8 tradizionalmente uno strumento chiave della filantropia. Tuttavia, il percorso di innovazione che stiamo portando avanti ci permette di adottare un approccio pi\u00f9 avanzato, basato su una pluralit\u00e0 di strumenti che valorizzano le migliori esperienze della filantropia internazionale. Questo \u00e8 ci\u00f2 che intendiamo per Filantropia Evoluta, ed \u00e8 grazie a questo approccio che, in collaborazione con l\u2019Area operazioni immobiliari e Social Housing di PR.I.S.MA S.c.r.l. e il Back Office Cultura del Centro Conservazione e Restauro \u201cLa Venaria Reale\u201d, supportiamo la Fondazione Torino Musei nell\u2019iter di pubblicazione del concorso internazionale di progettazione. In linea con il nostro impegno per la conservazione e la manutenzione del patrimonio culturale, la rifunzionalizzazione della GAM rappresenta un\u2019enorme opportunit\u00e0 per Torino. Non solo permette di riqualificare il patrimonio museale, ma, data la particolarit\u00e0 dell\u2019edificio, si configura come uno dei cantieri di progettazione pi\u00f9 rilevanti a livello nazionale, e sono convinto che sar\u00e0 capace di attrarre l\u2019interesse di gruppi di professionisti altamente qualificati.\u201d \u2013 <\/em><strong>dichiara sul tema Marco Gilli, Presidente della Fondazione Compagnia di San Paolo<\/strong>.<\/p>\n<p>Il concorso si articola in due fasi distinte. La prima fase, dedicata alla preselezione, \u00e8 aperta a tutti i professionisti in possesso dei requisiti, con <strong>scadenza per la presentazione delle candidature fissata al 5 giugno 2025<\/strong>.<\/p>\n<p>I cinque candidati selezionati accederanno quindi alla seconda fase, in cui dovranno presentare un progetto di fattibilit\u00e0 tecnica ed economica entro il <strong>16 ottobre 2025<\/strong>.<\/p>\n<p>Il vincitore sar\u00e0 proclamato nel novembre 2025 e ricever\u00e0 un premio di <strong>100.000,00 euro<\/strong> a titolo di acconto per le fasi successive di progettazione. I concorrenti classificati dal secondo al quinto posto riceveranno rimborsi spese.<\/p>\n<p>Il concorso \u201c<a href=\"https:\/\/concorsiarchibo.eu\/gam-torino\/\" target=\"_blank\" rel=\"noopener\">La nuova GAM 4.0<\/a>\u201d segna un passo significativo nel rafforzare il legame tra Torino e la sua identit\u00e0 culturale, contribuendo a creare una citt\u00e0 sempre pi\u00f9 all\u2019avanguardia nel panorama internazionale.<\/p>\n<p>Per ulteriori informazioni e per approfondimenti vi invitiamo a leggere il <a href=\"https:\/\/www.compagniadisanpaolo.it\/wp-content\/uploads\/CS_GAM_Concorso-Internazionale.pdf\" target=\"_blank\" rel=\"noopener\"><strong>comunicato stampa<\/strong><\/a> disponibile di seguito.[\/vc_column_text][\/vc_column][\/vc_row][vc_row el_class=&#8221;sdg-list-wrap&#8221;][vc_column][vc_raw_html]JTVCbW9zdHJhU0RHUyU1RA==[\/vc_raw_html][\/vc_column][\/vc_row][vc_row][vc_column][vc_raw_html]JTVCU2V6aW9uZV9Eb2N1bWVudGklNUQ=[\/vc_raw_html][\/vc_column][\/vc_row][vc_row][vc_column]<div class=\"templatera_shortcode\"><div data-vc-full-width=\"true\" data-vc-full-width-temp=\"true\" data-vc-full-width-init=\"false\" class=\"vc_row wpb_row vc_row-fluid newsletter-wrap\"><div class=\"wpb_column vc_column_container vc_col-sm-12\"><div class=\"vc_column-inner\"><div class=\"wpb_wrapper\">\n\t<div class=\"wpb_raw_code wpb_raw_html wpb_content_element\" >\n\t\t<div class=\"wpb_wrapper\">\n\t\t\t    <div class=\"container\">\n      <div class=\"row align-items-center\">\n\t<div class=\"col-12 col-lg-6 col-xl-5 mb-3 mb-lg-0 pr-0\">\n\t  <h2 class=\"title\">Rimani aggiornato sui nostri bandi e sui nostri progetti<\/h2>\n\t<\/div>\n\t<div class=\"col-12 col-lg-6 col-xl-7 pl-xl-4\">\n\t  <a class=\"standard-link-block\" href=\"\/it\/newsletter\/\">\n\t    Compila il form e decidi su quale argomento vuoi ricevere notizie.\t    <strong>\u00a0 ISCRIVITI!<\/strong>\n\t  <\/a>\n\t<\/div>\n      <\/div>\n    <\/div>\n\t\t<\/div>\n\t<\/div>\n<\/div><\/div><\/div><\/div><div class=\"vc_row-full-width vc_clearfix\"><\/div><\/div>[\/vc_column][\/vc_row]\n<\/div>","protected":false},"excerpt":{"rendered":"<p>Sulla piattaforma concorsiarchibo.eu \u00e8 stato pubblicato il concorso \u201cLa nuova GAM 4.0\u201d. Con il supporto della Fondazione Compagnia di San Paolo, l&#8217;iconico museo civico d&#8217;arte moderna si prepara a una trasformazione epocale all&#8217;insegna di innovazione, sostenibilit\u00e0 e recupero del suo spirito pionieristico.<\/p>\n","protected":false},"author":19,"featured_media":36736,"comment_status":"closed","ping_status":"closed","sticky":false,"template":"","format":"standard","meta":{"_acf_changed":false,"content-type":"","footnotes":""},"categories":[17],"tags":[87,104,63,86,52,64,68],"class_list":["post-36733","post","type-post","status-publish","format-standard","has-post-thumbnail","hentry","category-news","tag-arte-e-musei","tag-capitale-sociale","tag-creativita-ed-esperienze-attive","tag-cultura-contemporanea-e-design","tag-opportunita","tag-performing-arts","tag-sviluppo-sostenibile","entry","post-inner"],"acf":[],"yoast_head":"<!-- This site is optimized with the Yoast SEO plugin v27.3 - https:\/\/yoast.com\/product\/yoast-seo-wordpress\/ -->\n<title>Al via il concorso internazionale per il futuro della GAM - Fondazione Compagnia di San Paolo<\/title>\n<meta name=\"description\" content=\"Sulla piattaforma concorsiarchibo.eu \u00e8 stato pubblicato il concorso \u201cLa nuova GAM 4.0\u201d.\" \/>\n<meta name=\"robots\" content=\"index, follow, max-snippet:-1, max-image-preview:large, max-video-preview:-1\" \/>\n<link rel=\"canonical\" href=\"https:\/\/www.compagniadisanpaolo.it\/it\/news\/al-via-il-concorso-internazionale-per-il-futuro-della-gam\/\" \/>\n<meta property=\"og:locale\" content=\"it_IT\" \/>\n<meta property=\"og:type\" content=\"article\" \/>\n<meta property=\"og:title\" content=\"Al via il concorso internazionale per il futuro della GAM - Fondazione Compagnia di San Paolo\" \/>\n<meta property=\"og:description\" content=\"Sulla piattaforma concorsiarchibo.eu \u00e8 stato pubblicato il concorso \u201cLa nuova GAM 4.0\u201d.\" \/>\n<meta property=\"og:url\" content=\"https:\/\/www.compagniadisanpaolo.it\/it\/news\/al-via-il-concorso-internazionale-per-il-futuro-della-gam\/\" \/>\n<meta property=\"og:site_name\" content=\"Fondazione Compagnia di San Paolo\" \/>\n<meta property=\"article:publisher\" content=\"https:\/\/www.facebook.com\/CompagniaDiSanPaolo\" \/>\n<meta property=\"article:published_time\" content=\"2025-04-17T10:30:06+00:00\" \/>\n<meta property=\"og:image\" content=\"https:\/\/www.compagniadisanpaolo.it\/wp-content\/uploads\/CSP_NEWS_GAM_642x500.jpg\" \/>\n\t<meta property=\"og:image:width\" content=\"642\" \/>\n\t<meta property=\"og:image:height\" content=\"500\" \/>\n\t<meta property=\"og:image:type\" content=\"image\/jpeg\" \/>\n<meta name=\"author\" content=\"Federica\" \/>\n<meta name=\"twitter:card\" content=\"summary_large_image\" \/>\n<meta name=\"twitter:creator\" content=\"@CSP_live\" \/>\n<meta name=\"twitter:site\" content=\"@CSP_live\" \/>\n<meta name=\"twitter:label1\" content=\"Scritto da\" \/>\n\t<meta name=\"twitter:data1\" content=\"Federica\" \/>\n\t<meta name=\"twitter:label2\" content=\"Tempo di lettura stimato\" \/>\n\t<meta name=\"twitter:data2\" content=\"4 minuti\" \/>\n<script type=\"application\/ld+json\" class=\"yoast-schema-graph\">{\"@context\":\"https:\\\/\\\/schema.org\",\"@graph\":[{\"@type\":\"Article\",\"@id\":\"https:\\\/\\\/www.compagniadisanpaolo.it\\\/it\\\/news\\\/al-via-il-concorso-internazionale-per-il-futuro-della-gam\\\/#article\",\"isPartOf\":{\"@id\":\"https:\\\/\\\/www.compagniadisanpaolo.it\\\/it\\\/news\\\/al-via-il-concorso-internazionale-per-il-futuro-della-gam\\\/\"},\"author\":{\"name\":\"Federica\",\"@id\":\"https:\\\/\\\/www.compagniadisanpaolo.it\\\/it\\\/#\\\/schema\\\/person\\\/b7d5451541c25c82f29c5be1e78456b2\"},\"headline\":\"Al via il concorso internazionale per il futuro della GAM\",\"datePublished\":\"2025-04-17T10:30:06+00:00\",\"mainEntityOfPage\":{\"@id\":\"https:\\\/\\\/www.compagniadisanpaolo.it\\\/it\\\/news\\\/al-via-il-concorso-internazionale-per-il-futuro-della-gam\\\/\"},\"wordCount\":724,\"publisher\":{\"@id\":\"https:\\\/\\\/www.compagniadisanpaolo.it\\\/it\\\/#organization\"},\"image\":{\"@id\":\"https:\\\/\\\/www.compagniadisanpaolo.it\\\/it\\\/news\\\/al-via-il-concorso-internazionale-per-il-futuro-della-gam\\\/#primaryimage\"},\"thumbnailUrl\":\"https:\\\/\\\/www.compagniadisanpaolo.it\\\/wp-content\\\/uploads\\\/CSP_NEWS_GAM_642x500.jpg\",\"keywords\":[\"arte e musei\",\"capitale sociale\",\"creativit\u00e0 ed esperienze attive\",\"cultura contemporanea e design\",\"opportunit\u00e0\",\"performing arts\",\"sviluppo sostenibile\"],\"articleSection\":[\"News\"],\"inLanguage\":\"it-IT\"},{\"@type\":\"WebPage\",\"@id\":\"https:\\\/\\\/www.compagniadisanpaolo.it\\\/it\\\/news\\\/al-via-il-concorso-internazionale-per-il-futuro-della-gam\\\/\",\"url\":\"https:\\\/\\\/www.compagniadisanpaolo.it\\\/it\\\/news\\\/al-via-il-concorso-internazionale-per-il-futuro-della-gam\\\/\",\"name\":\"Al via il concorso internazionale per il futuro della GAM - Fondazione Compagnia di San Paolo\",\"isPartOf\":{\"@id\":\"https:\\\/\\\/www.compagniadisanpaolo.it\\\/it\\\/#website\"},\"primaryImageOfPage\":{\"@id\":\"https:\\\/\\\/www.compagniadisanpaolo.it\\\/it\\\/news\\\/al-via-il-concorso-internazionale-per-il-futuro-della-gam\\\/#primaryimage\"},\"image\":{\"@id\":\"https:\\\/\\\/www.compagniadisanpaolo.it\\\/it\\\/news\\\/al-via-il-concorso-internazionale-per-il-futuro-della-gam\\\/#primaryimage\"},\"thumbnailUrl\":\"https:\\\/\\\/www.compagniadisanpaolo.it\\\/wp-content\\\/uploads\\\/CSP_NEWS_GAM_642x500.jpg\",\"datePublished\":\"2025-04-17T10:30:06+00:00\",\"description\":\"Sulla piattaforma concorsiarchibo.eu \u00e8 stato pubblicato il concorso \u201cLa nuova GAM 4.0\u201d.\",\"breadcrumb\":{\"@id\":\"https:\\\/\\\/www.compagniadisanpaolo.it\\\/it\\\/news\\\/al-via-il-concorso-internazionale-per-il-futuro-della-gam\\\/#breadcrumb\"},\"inLanguage\":\"it-IT\",\"potentialAction\":[{\"@type\":\"ReadAction\",\"target\":[\"https:\\\/\\\/www.compagniadisanpaolo.it\\\/it\\\/news\\\/al-via-il-concorso-internazionale-per-il-futuro-della-gam\\\/\"]}]},{\"@type\":\"ImageObject\",\"inLanguage\":\"it-IT\",\"@id\":\"https:\\\/\\\/www.compagniadisanpaolo.it\\\/it\\\/news\\\/al-via-il-concorso-internazionale-per-il-futuro-della-gam\\\/#primaryimage\",\"url\":\"https:\\\/\\\/www.compagniadisanpaolo.it\\\/wp-content\\\/uploads\\\/CSP_NEWS_GAM_642x500.jpg\",\"contentUrl\":\"https:\\\/\\\/www.compagniadisanpaolo.it\\\/wp-content\\\/uploads\\\/CSP_NEWS_GAM_642x500.jpg\",\"width\":642,\"height\":500},{\"@type\":\"BreadcrumbList\",\"@id\":\"https:\\\/\\\/www.compagniadisanpaolo.it\\\/it\\\/news\\\/al-via-il-concorso-internazionale-per-il-futuro-della-gam\\\/#breadcrumb\",\"itemListElement\":[{\"@type\":\"ListItem\",\"position\":1,\"name\":\"Home\",\"item\":\"https:\\\/\\\/www.compagniadisanpaolo.it\\\/it\\\/\"},{\"@type\":\"ListItem\",\"position\":2,\"name\":\"Al via il concorso internazionale per il futuro della GAM\"}]},{\"@type\":\"WebSite\",\"@id\":\"https:\\\/\\\/www.compagniadisanpaolo.it\\\/it\\\/#website\",\"url\":\"https:\\\/\\\/www.compagniadisanpaolo.it\\\/it\\\/\",\"name\":\"Fondazione Compagnia di San Paolo\",\"description\":\"\",\"publisher\":{\"@id\":\"https:\\\/\\\/www.compagniadisanpaolo.it\\\/it\\\/#organization\"},\"potentialAction\":[{\"@type\":\"SearchAction\",\"target\":{\"@type\":\"EntryPoint\",\"urlTemplate\":\"https:\\\/\\\/www.compagniadisanpaolo.it\\\/it\\\/?s={search_term_string}\"},\"query-input\":{\"@type\":\"PropertyValueSpecification\",\"valueRequired\":true,\"valueName\":\"search_term_string\"}}],\"inLanguage\":\"it-IT\"},{\"@type\":\"Organization\",\"@id\":\"https:\\\/\\\/www.compagniadisanpaolo.it\\\/it\\\/#organization\",\"name\":\"Fondazione Compagnia di San Paolo\",\"url\":\"https:\\\/\\\/www.compagniadisanpaolo.it\\\/it\\\/\",\"logo\":{\"@type\":\"ImageObject\",\"inLanguage\":\"it-IT\",\"@id\":\"https:\\\/\\\/www.compagniadisanpaolo.it\\\/it\\\/#\\\/schema\\\/logo\\\/image\\\/\",\"url\":\"https:\\\/\\\/www.compagniadisanpaolo.it\\\/wp-content\\\/uploads\\\/logo.svg\",\"contentUrl\":\"https:\\\/\\\/www.compagniadisanpaolo.it\\\/wp-content\\\/uploads\\\/logo.svg\",\"width\":769,\"height\":323,\"caption\":\"Fondazione Compagnia di San Paolo\"},\"image\":{\"@id\":\"https:\\\/\\\/www.compagniadisanpaolo.it\\\/it\\\/#\\\/schema\\\/logo\\\/image\\\/\"},\"sameAs\":[\"https:\\\/\\\/www.facebook.com\\\/CompagniaDiSanPaolo\",\"https:\\\/\\\/x.com\\\/CSP_live\",\"http:\\\/\\\/instagram.com\\\/compagniadisanpaolo?ref=badge\",\"https:\\\/\\\/www.linkedin.com\\\/company\\\/compagnia-di-san-paolo\",\"https:\\\/\\\/www.youtube.com\\\/user\\\/compagniadisanpaolo\",\"https:\\\/\\\/it.wikipedia.org\\\/wiki\\\/Compagnia_di_San_Paolo\"]},{\"@type\":\"Person\",\"@id\":\"https:\\\/\\\/www.compagniadisanpaolo.it\\\/it\\\/#\\\/schema\\\/person\\\/b7d5451541c25c82f29c5be1e78456b2\",\"name\":\"Federica\",\"image\":{\"@type\":\"ImageObject\",\"inLanguage\":\"it-IT\",\"@id\":\"https:\\\/\\\/secure.gravatar.com\\\/avatar\\\/b5698fa13ac389b1f1fb1263a4626e219d853d7ccf112e854aea8c9c087d24ae?s=96&d=mm&r=g\",\"url\":\"https:\\\/\\\/secure.gravatar.com\\\/avatar\\\/b5698fa13ac389b1f1fb1263a4626e219d853d7ccf112e854aea8c9c087d24ae?s=96&d=mm&r=g\",\"contentUrl\":\"https:\\\/\\\/secure.gravatar.com\\\/avatar\\\/b5698fa13ac389b1f1fb1263a4626e219d853d7ccf112e854aea8c9c087d24ae?s=96&d=mm&r=g\",\"caption\":\"Federica\"}}]}<\/script>\n<!-- \/ Yoast SEO plugin. -->","yoast_head_json":{"title":"Al via il concorso internazionale per il futuro della GAM - Fondazione Compagnia di San Paolo","description":"Sulla piattaforma concorsiarchibo.eu \u00e8 stato pubblicato il concorso \u201cLa nuova GAM 4.0\u201d.","robots":{"index":"index","follow":"follow","max-snippet":"max-snippet:-1","max-image-preview":"max-image-preview:large","max-video-preview":"max-video-preview:-1"},"canonical":"https:\/\/www.compagniadisanpaolo.it\/it\/news\/al-via-il-concorso-internazionale-per-il-futuro-della-gam\/","og_locale":"it_IT","og_type":"article","og_title":"Al via il concorso internazionale per il futuro della GAM - Fondazione Compagnia di San Paolo","og_description":"Sulla piattaforma concorsiarchibo.eu \u00e8 stato pubblicato il concorso \u201cLa nuova GAM 4.0\u201d.","og_url":"https:\/\/www.compagniadisanpaolo.it\/it\/news\/al-via-il-concorso-internazionale-per-il-futuro-della-gam\/","og_site_name":"Fondazione Compagnia di San Paolo","article_publisher":"https:\/\/www.facebook.com\/CompagniaDiSanPaolo","article_published_time":"2025-04-17T10:30:06+00:00","og_image":[{"width":642,"height":500,"url":"https:\/\/www.compagniadisanpaolo.it\/wp-content\/uploads\/CSP_NEWS_GAM_642x500.jpg","type":"image\/jpeg"}],"author":"Federica","twitter_card":"summary_large_image","twitter_creator":"@CSP_live","twitter_site":"@CSP_live","twitter_misc":{"Scritto da":"Federica","Tempo di lettura stimato":"4 minuti"},"schema":{"@context":"https:\/\/schema.org","@graph":[{"@type":"Article","@id":"https:\/\/www.compagniadisanpaolo.it\/it\/news\/al-via-il-concorso-internazionale-per-il-futuro-della-gam\/#article","isPartOf":{"@id":"https:\/\/www.compagniadisanpaolo.it\/it\/news\/al-via-il-concorso-internazionale-per-il-futuro-della-gam\/"},"author":{"name":"Federica","@id":"https:\/\/www.compagniadisanpaolo.it\/it\/#\/schema\/person\/b7d5451541c25c82f29c5be1e78456b2"},"headline":"Al via il concorso internazionale per il futuro della GAM","datePublished":"2025-04-17T10:30:06+00:00","mainEntityOfPage":{"@id":"https:\/\/www.compagniadisanpaolo.it\/it\/news\/al-via-il-concorso-internazionale-per-il-futuro-della-gam\/"},"wordCount":724,"publisher":{"@id":"https:\/\/www.compagniadisanpaolo.it\/it\/#organization"},"image":{"@id":"https:\/\/www.compagniadisanpaolo.it\/it\/news\/al-via-il-concorso-internazionale-per-il-futuro-della-gam\/#primaryimage"},"thumbnailUrl":"https:\/\/www.compagniadisanpaolo.it\/wp-content\/uploads\/CSP_NEWS_GAM_642x500.jpg","keywords":["arte e musei","capitale sociale","creativit\u00e0 ed esperienze attive","cultura contemporanea e design","opportunit\u00e0","performing arts","sviluppo sostenibile"],"articleSection":["News"],"inLanguage":"it-IT"},{"@type":"WebPage","@id":"https:\/\/www.compagniadisanpaolo.it\/it\/news\/al-via-il-concorso-internazionale-per-il-futuro-della-gam\/","url":"https:\/\/www.compagniadisanpaolo.it\/it\/news\/al-via-il-concorso-internazionale-per-il-futuro-della-gam\/","name":"Al via il concorso internazionale per il futuro della GAM - Fondazione Compagnia di San Paolo","isPartOf":{"@id":"https:\/\/www.compagniadisanpaolo.it\/it\/#website"},"primaryImageOfPage":{"@id":"https:\/\/www.compagniadisanpaolo.it\/it\/news\/al-via-il-concorso-internazionale-per-il-futuro-della-gam\/#primaryimage"},"image":{"@id":"https:\/\/www.compagniadisanpaolo.it\/it\/news\/al-via-il-concorso-internazionale-per-il-futuro-della-gam\/#primaryimage"},"thumbnailUrl":"https:\/\/www.compagniadisanpaolo.it\/wp-content\/uploads\/CSP_NEWS_GAM_642x500.jpg","datePublished":"2025-04-17T10:30:06+00:00","description":"Sulla piattaforma concorsiarchibo.eu \u00e8 stato pubblicato il concorso \u201cLa nuova GAM 4.0\u201d.","breadcrumb":{"@id":"https:\/\/www.compagniadisanpaolo.it\/it\/news\/al-via-il-concorso-internazionale-per-il-futuro-della-gam\/#breadcrumb"},"inLanguage":"it-IT","potentialAction":[{"@type":"ReadAction","target":["https:\/\/www.compagniadisanpaolo.it\/it\/news\/al-via-il-concorso-internazionale-per-il-futuro-della-gam\/"]}]},{"@type":"ImageObject","inLanguage":"it-IT","@id":"https:\/\/www.compagniadisanpaolo.it\/it\/news\/al-via-il-concorso-internazionale-per-il-futuro-della-gam\/#primaryimage","url":"https:\/\/www.compagniadisanpaolo.it\/wp-content\/uploads\/CSP_NEWS_GAM_642x500.jpg","contentUrl":"https:\/\/www.compagniadisanpaolo.it\/wp-content\/uploads\/CSP_NEWS_GAM_642x500.jpg","width":642,"height":500},{"@type":"BreadcrumbList","@id":"https:\/\/www.compagniadisanpaolo.it\/it\/news\/al-via-il-concorso-internazionale-per-il-futuro-della-gam\/#breadcrumb","itemListElement":[{"@type":"ListItem","position":1,"name":"Home","item":"https:\/\/www.compagniadisanpaolo.it\/it\/"},{"@type":"ListItem","position":2,"name":"Al via il concorso internazionale per il futuro della GAM"}]},{"@type":"WebSite","@id":"https:\/\/www.compagniadisanpaolo.it\/it\/#website","url":"https:\/\/www.compagniadisanpaolo.it\/it\/","name":"Fondazione Compagnia di San Paolo","description":"","publisher":{"@id":"https:\/\/www.compagniadisanpaolo.it\/it\/#organization"},"potentialAction":[{"@type":"SearchAction","target":{"@type":"EntryPoint","urlTemplate":"https:\/\/www.compagniadisanpaolo.it\/it\/?s={search_term_string}"},"query-input":{"@type":"PropertyValueSpecification","valueRequired":true,"valueName":"search_term_string"}}],"inLanguage":"it-IT"},{"@type":"Organization","@id":"https:\/\/www.compagniadisanpaolo.it\/it\/#organization","name":"Fondazione Compagnia di San Paolo","url":"https:\/\/www.compagniadisanpaolo.it\/it\/","logo":{"@type":"ImageObject","inLanguage":"it-IT","@id":"https:\/\/www.compagniadisanpaolo.it\/it\/#\/schema\/logo\/image\/","url":"https:\/\/www.compagniadisanpaolo.it\/wp-content\/uploads\/logo.svg","contentUrl":"https:\/\/www.compagniadisanpaolo.it\/wp-content\/uploads\/logo.svg","width":769,"height":323,"caption":"Fondazione Compagnia di San Paolo"},"image":{"@id":"https:\/\/www.compagniadisanpaolo.it\/it\/#\/schema\/logo\/image\/"},"sameAs":["https:\/\/www.facebook.com\/CompagniaDiSanPaolo","https:\/\/x.com\/CSP_live","http:\/\/instagram.com\/compagniadisanpaolo?ref=badge","https:\/\/www.linkedin.com\/company\/compagnia-di-san-paolo","https:\/\/www.youtube.com\/user\/compagniadisanpaolo","https:\/\/it.wikipedia.org\/wiki\/Compagnia_di_San_Paolo"]},{"@type":"Person","@id":"https:\/\/www.compagniadisanpaolo.it\/it\/#\/schema\/person\/b7d5451541c25c82f29c5be1e78456b2","name":"Federica","image":{"@type":"ImageObject","inLanguage":"it-IT","@id":"https:\/\/secure.gravatar.com\/avatar\/b5698fa13ac389b1f1fb1263a4626e219d853d7ccf112e854aea8c9c087d24ae?s=96&d=mm&r=g","url":"https:\/\/secure.gravatar.com\/avatar\/b5698fa13ac389b1f1fb1263a4626e219d853d7ccf112e854aea8c9c087d24ae?s=96&d=mm&r=g","contentUrl":"https:\/\/secure.gravatar.com\/avatar\/b5698fa13ac389b1f1fb1263a4626e219d853d7ccf112e854aea8c9c087d24ae?s=96&d=mm&r=g","caption":"Federica"}}]}},"amp_enabled":true,"_links":{"self":[{"href":"https:\/\/www.compagniadisanpaolo.it\/it\/wp-json\/wp\/v2\/posts\/36733","targetHints":{"allow":["GET"]}}],"collection":[{"href":"https:\/\/www.compagniadisanpaolo.it\/it\/wp-json\/wp\/v2\/posts"}],"about":[{"href":"https:\/\/www.compagniadisanpaolo.it\/it\/wp-json\/wp\/v2\/types\/post"}],"author":[{"embeddable":true,"href":"https:\/\/www.compagniadisanpaolo.it\/it\/wp-json\/wp\/v2\/users\/19"}],"replies":[{"embeddable":true,"href":"https:\/\/www.compagniadisanpaolo.it\/it\/wp-json\/wp\/v2\/comments?post=36733"}],"version-history":[{"count":4,"href":"https:\/\/www.compagniadisanpaolo.it\/it\/wp-json\/wp\/v2\/posts\/36733\/revisions"}],"predecessor-version":[{"id":36746,"href":"https:\/\/www.compagniadisanpaolo.it\/it\/wp-json\/wp\/v2\/posts\/36733\/revisions\/36746"}],"wp:featuredmedia":[{"embeddable":true,"href":"https:\/\/www.compagniadisanpaolo.it\/it\/wp-json\/wp\/v2\/media\/36736"}],"wp:attachment":[{"href":"https:\/\/www.compagniadisanpaolo.it\/it\/wp-json\/wp\/v2\/media?parent=36733"}],"wp:term":[{"taxonomy":"category","embeddable":true,"href":"https:\/\/www.compagniadisanpaolo.it\/it\/wp-json\/wp\/v2\/categories?post=36733"},{"taxonomy":"post_tag","embeddable":true,"href":"https:\/\/www.compagniadisanpaolo.it\/it\/wp-json\/wp\/v2\/tags?post=36733"}],"curies":[{"name":"wp","href":"https:\/\/api.w.org\/{rel}","templated":true}]}}