{"id":36602,"date":"2025-04-10T15:06:59","date_gmt":"2025-04-10T13:06:59","guid":{"rendered":"https:\/\/www.compagniadisanpaolo.it\/?p=36602"},"modified":"2025-04-15T11:57:55","modified_gmt":"2025-04-15T09:57:55","slug":"salone-internazionale-del-libro-di-torino-2025","status":"publish","type":"post","link":"https:\/\/www.compagniadisanpaolo.it\/it\/news\/salone-internazionale-del-libro-di-torino-2025\/","title":{"rendered":"Salone Internazionale del Libro di Torino 2025"},"content":{"rendered":"<div class=\"wpb-content-wrapper\">[vc_row][vc_column][vc_column_text css=&#8221;&#8221; el_class=&#8221;text-headline2&#8243;]La Fondazione conferma il proprio sostegno alla manifestazione, rinnovando l\u2019impegno nella promozione di cultura, conoscenza e cittadinanza attiva come strumenti per costruire fiducia, soprattutto tra le giovani generazioni.[\/vc_column_text][\/vc_column][\/vc_row][vc_row][vc_column][vc_column_text]\n<div class=\"info-box mission\">\n\t\t<div class=\"info-box-wrap info-box-hor row pb-0\">\n\n\t\t      \n\t\t      <div class=\"spalla col-12 col-md-12\">\n\t\t\t<div class=\"info-box sharing-box\">\n\t\t\t  <span class=\"label\">Condividi:<\/span>\n\t\t\t  <div class=\"social-sharing\">\n\t\t\t    <span class=\"box\">\n\t\t\t      <a class=\"fb\" href=\"https:\/\/www.facebook.com\/sharer.php?u=https:\/\/www.compagniadisanpaolo.it\/it\/news\/salone-internazionale-del-libro-di-torino-2025\/\" target=\"_blank\">\n\t\t\t\t<span class=\"sr-only\">Facebook<\/span>\n\t\t\t\t<i class=\"fab fa-facebook-f\"><\/i>\n\t\t\t      <\/a>\n\t\t\t    <\/span>\n\t\t\t    \n\t\t\t    <style>\n.twitter, .twitter:hover{\ncolor:#000000 !important;}\n<\/style>\n\n\n\t\t\t    <span class=\"box\">\n\t\t\t      <a class=\"twitter\" href=\"https:\/\/twitter.com\/intent\/tweet?url=https:\/\/www.compagniadisanpaolo.it\/it\/news\/salone-internazionale-del-libro-di-torino-2025\/\">\n\t\t\t\t<span class=\"sr-only\">Twitter<\/span>\n\t\t\t\t<i class=\"fa-brands fa-x-twitter\"><\/i>\n\t\t\t      <\/a>\n\t\t\t    <\/span>\n\n\t\t\t    \n\t\t\t    <span class=\"box\">\n\t\t\t      <a class=\"linkedin\" href=\"https:\/\/www.linkedin.com\/shareArticle?mini=true&url=https:\/\/www.compagniadisanpaolo.it\/it\/news\/salone-internazionale-del-libro-di-torino-2025\/\">\n\t\t\t\t<span class=\"sr-only\">Linkedin<\/span>\n\t\t\t\t  <i class=\"fa-brands fa-linkedin-in\"><\/i>\n\t\t\t      <\/a>\n\t\t\t    <\/span>\n\n\t\t\t    <span class=\"box\">\n\t\t\t      <a class=\"whatsapp\" href=\"whatsapp:\/\/send?text=https:\/\/www.compagniadisanpaolo.it\/it\/news\/salone-internazionale-del-libro-di-torino-2025\/\" data-action=\"share\/whatsapp\/share\">\n\t\t\t\t<span class=\"sr-only\">Whatsapp<\/span>\n\t\t\t\t<i class=\"fa-brands fa-whatsapp\"><\/i>\n\t\t\t      <\/a>\n\t\t\t    <\/span>\n\n\t\t\t    <span class=\"box\">\n\t\t\t      <a class=\"mail\" href=\"mailto:?subject=Salone Internazionale del Libro di Torino 2025&body=https:\/\/www.compagniadisanpaolo.it\/it\/news\/salone-internazionale-del-libro-di-torino-2025\/\">\n\t\t\t\t<span class=\"sr-only\">Mail<\/span>\n\t\t\t\t <i class=\"fa-solid fa-envelope\"><\/i>\n\t\t\t      <\/a>\n\t\t\t    <\/span>\n\t\t\t    \n\t\t\t  <\/div>\n\t\t\t<\/div>\n\t      <\/div>\n\t    <\/div><\/div>\n[\/vc_column_text][\/vc_column][\/vc_row][vc_row][vc_column width=&#8221;1\/4&#8243;][vc_column_text]\n\n\n\t\t<div class=\"info-box-wrap\">\n\n\t  <div class=\"info-box date-pub\">\n\t  \t<span class=\"label\">Data di pubblicazione:<\/span>\n\t    <span class=\"value\">10 Aprile 2025<\/span>\n\t  <\/div>\n\t\t\t\t  <div class=\"info-box obj-culture\">\n\t\t\t\t\t  <div class=\"info-box obj\"><span class=\"label\">Obiettivo<\/span>\n\t\t\t\t\t    <div class=\"obj-small-box\">\n\t\t\t\t\t      <span>Cultura.<\/span>\n\t\t\t\t\t    <\/div>\n\t\t\t\t\t  <\/div>\n\t\t\t\t  <\/div>\n\t\t\t  <div class=\"info-box mission\"><span class=\"label\">Tag<\/span><a href=\"https:\/\/www.compagniadisanpaolo.it\/it\/tags\/risultati\/?_sft_post_tag=cittadinanza-attiva\" class=\"tag-element\">Cittadinanza attiva<\/a><a href=\"https:\/\/www.compagniadisanpaolo.it\/it\/tags\/risultati\/?_sft_post_tag=comunita-educanti\" class=\"tag-element\">Comunit\u00e0 educanti<\/a><a href=\"https:\/\/www.compagniadisanpaolo.it\/it\/tags\/risultati\/?_sft_post_tag=creativita-ed-esperienze-attive\" class=\"tag-element\">Creativit\u00e0 ed esperienze attive<\/a><a href=\"https:\/\/www.compagniadisanpaolo.it\/it\/tags\/risultati\/?_sft_post_tag=educazione-di-qualita\" class=\"tag-element\">Educazione di qualit\u00e0<\/a><a href=\"https:\/\/www.compagniadisanpaolo.it\/it\/tags\/risultati\/?_sft_post_tag=gruppo-compagnia\" class=\"tag-element\">Gruppo compagnia<\/a><a href=\"https:\/\/www.compagniadisanpaolo.it\/it\/tags\/risultati\/?_sft_post_tag=identita-culturali\" class=\"tag-element\">Identit\u00e0 culturali<\/a><a href=\"https:\/\/www.compagniadisanpaolo.it\/it\/tags\/risultati\/?_sft_post_tag=leadership-dei-minori\" class=\"tag-element\">Leadership dei minori<\/a><a href=\"https:\/\/www.compagniadisanpaolo.it\/it\/tags\/risultati\/?_sft_post_tag=saperi\" class=\"tag-element\">Saperi<\/a><\/div>\t  \n\t<\/div>\n[\/vc_column_text][\/vc_column][vc_column width=&#8221;3\/4&#8243; el_class=&#8221;page-content&#8221;][vc_column_text css=&#8221;&#8221; el_class=&#8221;text&#8221;]Dal <strong>15 al 19 maggio 2025<\/strong>, il <strong>Lingotto Fiere di Torino<\/strong> ospiter\u00e0 la <strong>XXXVII edizione del Salone Internazionale del Libro<\/strong>, uno degli appuntamenti culturali pi\u00f9 attesi a livello nazionale, che nel 2025 si riconferma come uno spazio di dialogo e crescita condivisa. A ispirare la manifestazione sar\u00e0 il tema \u201c<strong>Le parole tra noi leggere<\/strong>\u201d, un invito a riscoprire il valore del confronto e della relazione, attraverso un linguaggio capace di costruire ponti tra le persone e di generare nuovi sguardi sul presente.<\/p>\n<p>In continuit\u00e0 con le precedenti edizioni, la <strong>Fondazione Compagnia di San Paolo<\/strong> conferma il proprio sostegno al Salone, affiancando numerosi partner pubblici e privati e contribuendo alla realizzazione di iniziative che mettono al centro <strong>cultura<\/strong>, <strong>educazione<\/strong> e <strong>partecipazione<\/strong> delle giovani generazioni.<\/p>\n<p>In particolare, l\u2019Ente filantropico torinese rinnova la propria presenza come partner strategico del <strong>Bookstock<\/strong>, l\u2019area del Salone dedicata a bambine, bambini, ragazze, ragazzi e famiglie: uno spazio dinamico e inclusivo, pensato per offrire strumenti di orientamento e riflessione in un contesto sempre pi\u00f9 complesso e in continua evoluzione.<\/p>\n<p>Quest\u2019anno, in linea con il proprio <strong>Piano Strategico<\/strong> e con uno dei suoi <strong>pilastri fondamentali<\/strong> \u2014 la <strong>fiducia<\/strong> \u2014 la Fondazione ha scelto di dedicare a questo tema le attivit\u00e0 dei suoi due spazi laboratoriali, il \u201c<strong>Circolo degli Audaci<\/strong>\u201d e il \u201c<strong>Circolo dei Saggi<\/strong>\u201d all\u2019interno di Bookstock. Qui, in collaborazione con diversi enti del territorio, verr\u00e0 promosso un <strong>dialogo aperto <\/strong>per riflettere insieme sulle grandi domande che riguardano il futuro delle giovani generazioni e della societ\u00e0.<\/p>\n<p>Sono oltre <strong>40<\/strong> le attivit\u00e0 proposte rivolte principalmente alle scuole, alle famiglie, ai ragazzi e alle ragazze e <strong>13<\/strong> gli enti coinvolti: <strong>Associazione Abbracciarti e Art&amp;Job Accademy <\/strong>del Comune di Verbania, <strong>Camera Centro Italiano per la Fotografia<\/strong>, <strong>Fondazione<\/strong> <strong>Circolo dei Lettori<\/strong>, <strong>Fondazione Italia Digitale <\/strong>con MagIA (Universit\u00e0 di Torino) e con la Cooperativa D.O.C. s.c.s. Torino, il <strong>Museo A come Ambiente<\/strong>, <strong>YEPP Italia APS, PRS Srl Impresa Sociale &#8211; Paratissima Kids<\/strong>, <strong>The Good Lobby,<\/strong> <strong>\u00a0<\/strong>il <strong>Teatro degli Acerbi <\/strong>e il<strong> Teatro della Caduta.<\/strong><\/p>\n<p>Tra gli enti del Gruppo Compagnia saranno presenti: il <strong>Consorzio Xk\u00e8? ZeroTredici <\/strong>con Xk\u00e8? Il laboratorio della curiosit\u00e0 che presenter\u00e0 l\u2019attivit\u00e0 \u201cNewsroom\u201d dove gli studenti sono chiamati a diventare cronisti scientifici per indagare su notizie vere o solo verosimili; la <strong>Fondazione 1563 per <\/strong><strong>l\u2019Arte e la Cultura <\/strong>che curer\u00e0 le attivit\u00e0 in <strong>bibliotheca veritas<\/strong> con la Biblioteca Nazionale Universitaria di Torino, la Soprintendenza Archivistica e Bibliografica del Piemonte e la Biblioteca Norberto Bobbio dell\u2019Universit\u00e0 degli Studi di Torino. La <strong>Fondazione per la Scuola<\/strong>, invece, curer\u00e0, il 16 maggio alle 15.30, la presentazione del Volume &#8220;<strong>Sguardi sulla Valutazione<\/strong>&#8221; della collana il Mulino alla presenza di Stefano Suraniti, Cristiano Corsini, Giulia Guglielmini e Roberto Trinchero.<\/p>\n<p>L\u2019<strong>Arena Bookstock<\/strong>, inoltre, accoglier\u00e0 l\u2019incontro \u201c<strong>Fidarsi \u00e8 bene, sapersi informare \u00e8 meglio. Come orientarsi tra fake-news, infodemia e polarismi<\/strong>?\u201d, un momento di approfondimento che offrir\u00e0 spunti di riflessione sul ruolo dell\u2019informazione nella societ\u00e0 contemporanea.<\/p>\n<p>L\u2019appuntamento, in programma <strong>gioved\u00ec 15 maggio alle ore 13:00<\/strong>, vedr\u00e0 protagonista il giornalista Francesco Costa e si aprir\u00e0 con i saluti istituzionali del Presidente della Fondazione Compagnia di San Paolo <strong>Marco Gilli<\/strong>.<\/p>\n<p>Luned\u00ec\u00a0<b>19 maggio alle ore 14:00<\/b>, la musica sar\u00e0 protagonista nella\u00a0<b>Sala Auditorium del Salone<\/b>, dove 350 alunne e alunni delle scuole primarie comporranno una grande orchestra per &#8220;<b>Lalla e Romano a Consonanze. Un concerto per ritrovare le parole<\/b><strong>&#8220;, <\/strong>performance musicale accompagnata dal racconto inedito \u201c<b>Lalla, Romano e le parole da ritrovare<\/b>\u201c. Un evento corale che rappresenta il momento conclusivo di <strong>Consonanze<\/strong>, iniziativa promossa dalla <strong>Fondazione Compagnia di San Paolo e sviluppata con Fondazione per la Scuola<\/strong>, nata per valorizzare il ruolo della musica a scuola come leva per lo sviluppo di competenze curricolari e trasversali.<\/p>\n<p>Sempre il <strong>19 maggio<\/strong>, <strong>alle ore 16:00<\/strong>, presso lo spazio <strong>Circolo dei Saggi<\/strong>, si terr\u00e0 l\u2019evento \u201c<strong>I benefici della musica a scuola. Il caso di Consonanze, dall\u2019esperienza ai dati<\/strong>\u201d: una tavola rotonda che, in continuit\u00e0 con il concerto, presenter\u00e0 i risultati della ricerca sull\u2019impatto del progetto su bambine, bambini, docenti e comunit\u00e0 educanti, offrendo nuovi spunti di riflessione sul ruolo della musica nei percorsi educativi.<\/p>\n<p>Per esplorare il programma completo degli <strong><a href=\"https:\/\/www.compagniadisanpaolo.it\/wp-content\/uploads\/FCSP_calendario-eventi-Gruppo-al-Salone-del-Libro-2025.pdf\" target=\"_blank\" rel=\"noopener\">eventi<\/a><\/strong> e dei <a href=\"https:\/\/www.compagniadisanpaolo.it\/wp-content\/uploads\/FCSP_i-laboratori-al-Salone-del-Libro-2025.pdf\" target=\"_blank\" rel=\"noopener\"><strong>laboratori<\/strong><\/a> organizzati dal Gruppo Compagnia di San Paolo, vi invitiamo a consultare i programmi disponibili di seguito.<\/p>\n<p>Anche la Consulta delle <strong>Fondazioni di origine bancaria del Piemonte e della Liguria<\/strong> \u2013 <strong>presieduta dal Presidente Marco Gilli<\/strong> &#8211; conferma il proprio impegno a favore del mondo scolastico, sostenendo numerose iniziative che favoriscono l\u2019accesso delle scuole al Salone e promuovono la lettura tra i pi\u00f9 giovani. Tra le iniziative previste si conferma <em>\u201c<\/em><strong>Un libro tante scuole<\/strong><em>\u201d<\/em>, il progetto di lettura condivisa che coinvolge ogni anno centinaia di scuole in tutta Italia, promuovendo la nascita di una comunit\u00e0 di lettori attivi e consapevoli.<\/p>\n<p>Prosegue inoltre il sostegno ad <em>\u201cAdotta uno Scrittore\u201d<\/em>, storico progetto realizzato in sinergia con la <strong>Fondazione con il Sud<\/strong>, che offre a studentesse e studenti l\u2019opportunit\u00e0 di incontrare e dialogare direttamente con autrici e autori contemporanei.<\/p>\n<p>Il Salone Internazionale del Libro di Torino si conferma cos\u00ec un <strong>luogo di incontro e crescita dedicato alle nuove generazioni <\/strong>anche grazie all\u2019impegno della Fondazione Compagnia di San Paolo. Un impegno che ribadisce il valore della cultura come strumento di cittadinanza attiva e consapevole, e che si traduce in un\u2019alleanza concreta tra istituzioni, territorio e comunit\u00e0 educanti.<\/p>\n<p>Per consultare il programma e per ulteriori approfondimenti vi invitiamo a visitare il sito del <a href=\"https:\/\/www.salonelibro.it\/programma\/salone.html?ta=113&amp;se=149\" target=\"_blank\" rel=\"noopener\"><strong>Salone Internazionale del Libro di Torino<\/strong><\/a>.[\/vc_column_text][\/vc_column][\/vc_row][vc_row el_class=&#8221;sdg-list-wrap&#8221;][vc_column][vc_raw_html]JTVCbW9zdHJhU0RHUyU1RA==[\/vc_raw_html][\/vc_column][\/vc_row][vc_row full_width=&#8221;stretch_row&#8221; el_class=&#8221;download-area-wrap mt-0 mb-0&#8243; css=&#8221;.vc_custom_1649781722387{margin-bottom: 0px !important;}&#8221;][vc_column el_class=&#8221;download-area&#8221;][vc_raw_html]JTVCU2V6aW9uZV9Eb2N1bWVudGklNUQ=[\/vc_raw_html][\/vc_column][\/vc_row][vc_row][vc_column]<div class=\"templatera_shortcode\"><div data-vc-full-width=\"true\" data-vc-full-width-temp=\"true\" data-vc-full-width-init=\"false\" class=\"vc_row wpb_row vc_row-fluid newsletter-wrap\"><div class=\"wpb_column vc_column_container vc_col-sm-12\"><div class=\"vc_column-inner\"><div class=\"wpb_wrapper\">\n\t<div class=\"wpb_raw_code wpb_raw_html wpb_content_element\" >\n\t\t<div class=\"wpb_wrapper\">\n\t\t\t    <div class=\"container\">\n      <div class=\"row align-items-center\">\n\t<div class=\"col-12 col-lg-6 col-xl-5 mb-3 mb-lg-0 pr-0\">\n\t  <h2 class=\"title\">Rimani aggiornato sui nostri bandi e sui nostri progetti<\/h2>\n\t<\/div>\n\t<div class=\"col-12 col-lg-6 col-xl-7 pl-xl-4\">\n\t  <a class=\"standard-link-block\" href=\"\/it\/newsletter\/\">\n\t    Compila il form e decidi su quale argomento vuoi ricevere notizie.\t    <strong>\u00a0 ISCRIVITI!<\/strong>\n\t  <\/a>\n\t<\/div>\n      <\/div>\n    <\/div>\n\t\t<\/div>\n\t<\/div>\n<\/div><\/div><\/div><\/div><div class=\"vc_row-full-width vc_clearfix\"><\/div><\/div>[\/vc_column][\/vc_row]\n<\/div>","protected":false},"excerpt":{"rendered":"<p>La Fondazione conferma il proprio sostegno alla manifestazione, rinnovando l\u2019impegno nella promozione di cultura, conoscenza e cittadinanza attiva come strumenti per costruire fiducia, soprattutto tra le giovani generazioni.<\/p>\n","protected":false},"author":19,"featured_media":36605,"comment_status":"closed","ping_status":"closed","sticky":false,"template":"","format":"standard","meta":{"_acf_changed":false,"content-type":"","footnotes":""},"categories":[17],"tags":[84,81,63,238,66,94,56,58],"class_list":["post-36602","post","type-post","status-publish","format-standard","has-post-thumbnail","hentry","category-news","tag-cittadinanza-attiva","tag-comunita-educanti","tag-creativita-ed-esperienze-attive","tag-educazione-di-qualita","tag-gruppo-compagnia","tag-identita-culturali","tag-leadership-dei-minori","tag-saperi","entry","post-inner"],"acf":[],"yoast_head":"<!-- This site is optimized with the Yoast SEO plugin v27.3 - https:\/\/yoast.com\/product\/yoast-seo-wordpress\/ -->\n<title>Salone Internazionale del Libro di Torino 2025 - Fondazione Compagnia di San Paolo<\/title>\n<meta name=\"description\" content=\"La Fondazione conferma il proprio sostegno alla manifestazione, rinnovando l\u2019impegno nella promozione di cultura, conoscenza e cittadinanza attiva.\" \/>\n<meta name=\"robots\" content=\"index, follow, max-snippet:-1, max-image-preview:large, max-video-preview:-1\" \/>\n<link rel=\"canonical\" href=\"https:\/\/www.compagniadisanpaolo.it\/it\/news\/salone-internazionale-del-libro-di-torino-2025\/\" \/>\n<meta property=\"og:locale\" content=\"it_IT\" \/>\n<meta property=\"og:type\" content=\"article\" \/>\n<meta property=\"og:title\" content=\"Salone Internazionale del Libro di Torino 2025 - Fondazione Compagnia di San Paolo\" \/>\n<meta property=\"og:description\" content=\"La Fondazione conferma il proprio sostegno alla manifestazione, rinnovando l\u2019impegno nella promozione di cultura, conoscenza e cittadinanza attiva.\" \/>\n<meta property=\"og:url\" content=\"https:\/\/www.compagniadisanpaolo.it\/it\/news\/salone-internazionale-del-libro-di-torino-2025\/\" \/>\n<meta property=\"og:site_name\" content=\"Fondazione Compagnia di San Paolo\" \/>\n<meta property=\"article:publisher\" content=\"https:\/\/www.facebook.com\/CompagniaDiSanPaolo\" \/>\n<meta property=\"article:published_time\" content=\"2025-04-10T13:06:59+00:00\" \/>\n<meta property=\"article:modified_time\" content=\"2025-04-15T09:57:55+00:00\" \/>\n<meta property=\"og:image\" content=\"https:\/\/www.compagniadisanpaolo.it\/wp-content\/uploads\/salone-del-libro-2025-csp-815X350.jpg\" \/>\n\t<meta property=\"og:image:width\" content=\"815\" \/>\n\t<meta property=\"og:image:height\" content=\"350\" \/>\n\t<meta property=\"og:image:type\" content=\"image\/jpeg\" \/>\n<meta name=\"author\" content=\"Federica\" \/>\n<meta name=\"twitter:card\" content=\"summary_large_image\" \/>\n<meta name=\"twitter:creator\" content=\"@CSP_live\" \/>\n<meta name=\"twitter:site\" content=\"@CSP_live\" \/>\n<meta name=\"twitter:label1\" content=\"Scritto da\" \/>\n\t<meta name=\"twitter:data1\" content=\"Federica\" \/>\n\t<meta name=\"twitter:label2\" content=\"Tempo di lettura stimato\" \/>\n\t<meta name=\"twitter:data2\" content=\"6 minuti\" \/>\n<script type=\"application\/ld+json\" class=\"yoast-schema-graph\">{\"@context\":\"https:\\\/\\\/schema.org\",\"@graph\":[{\"@type\":\"Article\",\"@id\":\"https:\\\/\\\/www.compagniadisanpaolo.it\\\/it\\\/news\\\/salone-internazionale-del-libro-di-torino-2025\\\/#article\",\"isPartOf\":{\"@id\":\"https:\\\/\\\/www.compagniadisanpaolo.it\\\/it\\\/news\\\/salone-internazionale-del-libro-di-torino-2025\\\/\"},\"author\":{\"name\":\"Federica\",\"@id\":\"https:\\\/\\\/www.compagniadisanpaolo.it\\\/it\\\/#\\\/schema\\\/person\\\/b7d5451541c25c82f29c5be1e78456b2\"},\"headline\":\"Salone Internazionale del Libro di Torino 2025\",\"datePublished\":\"2025-04-10T13:06:59+00:00\",\"dateModified\":\"2025-04-15T09:57:55+00:00\",\"mainEntityOfPage\":{\"@id\":\"https:\\\/\\\/www.compagniadisanpaolo.it\\\/it\\\/news\\\/salone-internazionale-del-libro-di-torino-2025\\\/\"},\"wordCount\":1069,\"publisher\":{\"@id\":\"https:\\\/\\\/www.compagniadisanpaolo.it\\\/it\\\/#organization\"},\"image\":{\"@id\":\"https:\\\/\\\/www.compagniadisanpaolo.it\\\/it\\\/news\\\/salone-internazionale-del-libro-di-torino-2025\\\/#primaryimage\"},\"thumbnailUrl\":\"https:\\\/\\\/www.compagniadisanpaolo.it\\\/wp-content\\\/uploads\\\/salone-del-libro-2025-csp-815X350.jpg\",\"keywords\":[\"cittadinanza attiva\",\"comunit\u00e0 educanti\",\"creativit\u00e0 ed esperienze attive\",\"educazione di qualit\u00e0\",\"gruppo compagnia\",\"identit\u00e0 culturali\",\"leadership dei minori\",\"saperi\"],\"articleSection\":[\"News\"],\"inLanguage\":\"it-IT\"},{\"@type\":\"WebPage\",\"@id\":\"https:\\\/\\\/www.compagniadisanpaolo.it\\\/it\\\/news\\\/salone-internazionale-del-libro-di-torino-2025\\\/\",\"url\":\"https:\\\/\\\/www.compagniadisanpaolo.it\\\/it\\\/news\\\/salone-internazionale-del-libro-di-torino-2025\\\/\",\"name\":\"Salone Internazionale del Libro di Torino 2025 - Fondazione Compagnia di San Paolo\",\"isPartOf\":{\"@id\":\"https:\\\/\\\/www.compagniadisanpaolo.it\\\/it\\\/#website\"},\"primaryImageOfPage\":{\"@id\":\"https:\\\/\\\/www.compagniadisanpaolo.it\\\/it\\\/news\\\/salone-internazionale-del-libro-di-torino-2025\\\/#primaryimage\"},\"image\":{\"@id\":\"https:\\\/\\\/www.compagniadisanpaolo.it\\\/it\\\/news\\\/salone-internazionale-del-libro-di-torino-2025\\\/#primaryimage\"},\"thumbnailUrl\":\"https:\\\/\\\/www.compagniadisanpaolo.it\\\/wp-content\\\/uploads\\\/salone-del-libro-2025-csp-815X350.jpg\",\"datePublished\":\"2025-04-10T13:06:59+00:00\",\"dateModified\":\"2025-04-15T09:57:55+00:00\",\"description\":\"La Fondazione conferma il proprio sostegno alla manifestazione, rinnovando l\u2019impegno nella promozione di cultura, conoscenza e cittadinanza attiva.\",\"breadcrumb\":{\"@id\":\"https:\\\/\\\/www.compagniadisanpaolo.it\\\/it\\\/news\\\/salone-internazionale-del-libro-di-torino-2025\\\/#breadcrumb\"},\"inLanguage\":\"it-IT\",\"potentialAction\":[{\"@type\":\"ReadAction\",\"target\":[\"https:\\\/\\\/www.compagniadisanpaolo.it\\\/it\\\/news\\\/salone-internazionale-del-libro-di-torino-2025\\\/\"]}]},{\"@type\":\"ImageObject\",\"inLanguage\":\"it-IT\",\"@id\":\"https:\\\/\\\/www.compagniadisanpaolo.it\\\/it\\\/news\\\/salone-internazionale-del-libro-di-torino-2025\\\/#primaryimage\",\"url\":\"https:\\\/\\\/www.compagniadisanpaolo.it\\\/wp-content\\\/uploads\\\/salone-del-libro-2025-csp-815X350.jpg\",\"contentUrl\":\"https:\\\/\\\/www.compagniadisanpaolo.it\\\/wp-content\\\/uploads\\\/salone-del-libro-2025-csp-815X350.jpg\",\"width\":815,\"height\":350},{\"@type\":\"BreadcrumbList\",\"@id\":\"https:\\\/\\\/www.compagniadisanpaolo.it\\\/it\\\/news\\\/salone-internazionale-del-libro-di-torino-2025\\\/#breadcrumb\",\"itemListElement\":[{\"@type\":\"ListItem\",\"position\":1,\"name\":\"Home\",\"item\":\"https:\\\/\\\/www.compagniadisanpaolo.it\\\/it\\\/\"},{\"@type\":\"ListItem\",\"position\":2,\"name\":\"Salone Internazionale del Libro di Torino 2025\"}]},{\"@type\":\"WebSite\",\"@id\":\"https:\\\/\\\/www.compagniadisanpaolo.it\\\/it\\\/#website\",\"url\":\"https:\\\/\\\/www.compagniadisanpaolo.it\\\/it\\\/\",\"name\":\"Fondazione Compagnia di San Paolo\",\"description\":\"\",\"publisher\":{\"@id\":\"https:\\\/\\\/www.compagniadisanpaolo.it\\\/it\\\/#organization\"},\"potentialAction\":[{\"@type\":\"SearchAction\",\"target\":{\"@type\":\"EntryPoint\",\"urlTemplate\":\"https:\\\/\\\/www.compagniadisanpaolo.it\\\/it\\\/?s={search_term_string}\"},\"query-input\":{\"@type\":\"PropertyValueSpecification\",\"valueRequired\":true,\"valueName\":\"search_term_string\"}}],\"inLanguage\":\"it-IT\"},{\"@type\":\"Organization\",\"@id\":\"https:\\\/\\\/www.compagniadisanpaolo.it\\\/it\\\/#organization\",\"name\":\"Fondazione Compagnia di San Paolo\",\"url\":\"https:\\\/\\\/www.compagniadisanpaolo.it\\\/it\\\/\",\"logo\":{\"@type\":\"ImageObject\",\"inLanguage\":\"it-IT\",\"@id\":\"https:\\\/\\\/www.compagniadisanpaolo.it\\\/it\\\/#\\\/schema\\\/logo\\\/image\\\/\",\"url\":\"https:\\\/\\\/www.compagniadisanpaolo.it\\\/wp-content\\\/uploads\\\/logo.svg\",\"contentUrl\":\"https:\\\/\\\/www.compagniadisanpaolo.it\\\/wp-content\\\/uploads\\\/logo.svg\",\"width\":769,\"height\":323,\"caption\":\"Fondazione Compagnia di San Paolo\"},\"image\":{\"@id\":\"https:\\\/\\\/www.compagniadisanpaolo.it\\\/it\\\/#\\\/schema\\\/logo\\\/image\\\/\"},\"sameAs\":[\"https:\\\/\\\/www.facebook.com\\\/CompagniaDiSanPaolo\",\"https:\\\/\\\/x.com\\\/CSP_live\",\"http:\\\/\\\/instagram.com\\\/compagniadisanpaolo?ref=badge\",\"https:\\\/\\\/www.linkedin.com\\\/company\\\/compagnia-di-san-paolo\",\"https:\\\/\\\/www.youtube.com\\\/user\\\/compagniadisanpaolo\",\"https:\\\/\\\/it.wikipedia.org\\\/wiki\\\/Compagnia_di_San_Paolo\"]},{\"@type\":\"Person\",\"@id\":\"https:\\\/\\\/www.compagniadisanpaolo.it\\\/it\\\/#\\\/schema\\\/person\\\/b7d5451541c25c82f29c5be1e78456b2\",\"name\":\"Federica\",\"image\":{\"@type\":\"ImageObject\",\"inLanguage\":\"it-IT\",\"@id\":\"https:\\\/\\\/secure.gravatar.com\\\/avatar\\\/b5698fa13ac389b1f1fb1263a4626e219d853d7ccf112e854aea8c9c087d24ae?s=96&d=mm&r=g\",\"url\":\"https:\\\/\\\/secure.gravatar.com\\\/avatar\\\/b5698fa13ac389b1f1fb1263a4626e219d853d7ccf112e854aea8c9c087d24ae?s=96&d=mm&r=g\",\"contentUrl\":\"https:\\\/\\\/secure.gravatar.com\\\/avatar\\\/b5698fa13ac389b1f1fb1263a4626e219d853d7ccf112e854aea8c9c087d24ae?s=96&d=mm&r=g\",\"caption\":\"Federica\"}}]}<\/script>\n<!-- \/ Yoast SEO plugin. -->","yoast_head_json":{"title":"Salone Internazionale del Libro di Torino 2025 - Fondazione Compagnia di San Paolo","description":"La Fondazione conferma il proprio sostegno alla manifestazione, rinnovando l\u2019impegno nella promozione di cultura, conoscenza e cittadinanza attiva.","robots":{"index":"index","follow":"follow","max-snippet":"max-snippet:-1","max-image-preview":"max-image-preview:large","max-video-preview":"max-video-preview:-1"},"canonical":"https:\/\/www.compagniadisanpaolo.it\/it\/news\/salone-internazionale-del-libro-di-torino-2025\/","og_locale":"it_IT","og_type":"article","og_title":"Salone Internazionale del Libro di Torino 2025 - Fondazione Compagnia di San Paolo","og_description":"La Fondazione conferma il proprio sostegno alla manifestazione, rinnovando l\u2019impegno nella promozione di cultura, conoscenza e cittadinanza attiva.","og_url":"https:\/\/www.compagniadisanpaolo.it\/it\/news\/salone-internazionale-del-libro-di-torino-2025\/","og_site_name":"Fondazione Compagnia di San Paolo","article_publisher":"https:\/\/www.facebook.com\/CompagniaDiSanPaolo","article_published_time":"2025-04-10T13:06:59+00:00","article_modified_time":"2025-04-15T09:57:55+00:00","og_image":[{"width":815,"height":350,"url":"https:\/\/www.compagniadisanpaolo.it\/wp-content\/uploads\/salone-del-libro-2025-csp-815X350.jpg","type":"image\/jpeg"}],"author":"Federica","twitter_card":"summary_large_image","twitter_creator":"@CSP_live","twitter_site":"@CSP_live","twitter_misc":{"Scritto da":"Federica","Tempo di lettura stimato":"6 minuti"},"schema":{"@context":"https:\/\/schema.org","@graph":[{"@type":"Article","@id":"https:\/\/www.compagniadisanpaolo.it\/it\/news\/salone-internazionale-del-libro-di-torino-2025\/#article","isPartOf":{"@id":"https:\/\/www.compagniadisanpaolo.it\/it\/news\/salone-internazionale-del-libro-di-torino-2025\/"},"author":{"name":"Federica","@id":"https:\/\/www.compagniadisanpaolo.it\/it\/#\/schema\/person\/b7d5451541c25c82f29c5be1e78456b2"},"headline":"Salone Internazionale del Libro di Torino 2025","datePublished":"2025-04-10T13:06:59+00:00","dateModified":"2025-04-15T09:57:55+00:00","mainEntityOfPage":{"@id":"https:\/\/www.compagniadisanpaolo.it\/it\/news\/salone-internazionale-del-libro-di-torino-2025\/"},"wordCount":1069,"publisher":{"@id":"https:\/\/www.compagniadisanpaolo.it\/it\/#organization"},"image":{"@id":"https:\/\/www.compagniadisanpaolo.it\/it\/news\/salone-internazionale-del-libro-di-torino-2025\/#primaryimage"},"thumbnailUrl":"https:\/\/www.compagniadisanpaolo.it\/wp-content\/uploads\/salone-del-libro-2025-csp-815X350.jpg","keywords":["cittadinanza attiva","comunit\u00e0 educanti","creativit\u00e0 ed esperienze attive","educazione di qualit\u00e0","gruppo compagnia","identit\u00e0 culturali","leadership dei minori","saperi"],"articleSection":["News"],"inLanguage":"it-IT"},{"@type":"WebPage","@id":"https:\/\/www.compagniadisanpaolo.it\/it\/news\/salone-internazionale-del-libro-di-torino-2025\/","url":"https:\/\/www.compagniadisanpaolo.it\/it\/news\/salone-internazionale-del-libro-di-torino-2025\/","name":"Salone Internazionale del Libro di Torino 2025 - Fondazione Compagnia di San Paolo","isPartOf":{"@id":"https:\/\/www.compagniadisanpaolo.it\/it\/#website"},"primaryImageOfPage":{"@id":"https:\/\/www.compagniadisanpaolo.it\/it\/news\/salone-internazionale-del-libro-di-torino-2025\/#primaryimage"},"image":{"@id":"https:\/\/www.compagniadisanpaolo.it\/it\/news\/salone-internazionale-del-libro-di-torino-2025\/#primaryimage"},"thumbnailUrl":"https:\/\/www.compagniadisanpaolo.it\/wp-content\/uploads\/salone-del-libro-2025-csp-815X350.jpg","datePublished":"2025-04-10T13:06:59+00:00","dateModified":"2025-04-15T09:57:55+00:00","description":"La Fondazione conferma il proprio sostegno alla manifestazione, rinnovando l\u2019impegno nella promozione di cultura, conoscenza e cittadinanza attiva.","breadcrumb":{"@id":"https:\/\/www.compagniadisanpaolo.it\/it\/news\/salone-internazionale-del-libro-di-torino-2025\/#breadcrumb"},"inLanguage":"it-IT","potentialAction":[{"@type":"ReadAction","target":["https:\/\/www.compagniadisanpaolo.it\/it\/news\/salone-internazionale-del-libro-di-torino-2025\/"]}]},{"@type":"ImageObject","inLanguage":"it-IT","@id":"https:\/\/www.compagniadisanpaolo.it\/it\/news\/salone-internazionale-del-libro-di-torino-2025\/#primaryimage","url":"https:\/\/www.compagniadisanpaolo.it\/wp-content\/uploads\/salone-del-libro-2025-csp-815X350.jpg","contentUrl":"https:\/\/www.compagniadisanpaolo.it\/wp-content\/uploads\/salone-del-libro-2025-csp-815X350.jpg","width":815,"height":350},{"@type":"BreadcrumbList","@id":"https:\/\/www.compagniadisanpaolo.it\/it\/news\/salone-internazionale-del-libro-di-torino-2025\/#breadcrumb","itemListElement":[{"@type":"ListItem","position":1,"name":"Home","item":"https:\/\/www.compagniadisanpaolo.it\/it\/"},{"@type":"ListItem","position":2,"name":"Salone Internazionale del Libro di Torino 2025"}]},{"@type":"WebSite","@id":"https:\/\/www.compagniadisanpaolo.it\/it\/#website","url":"https:\/\/www.compagniadisanpaolo.it\/it\/","name":"Fondazione Compagnia di San Paolo","description":"","publisher":{"@id":"https:\/\/www.compagniadisanpaolo.it\/it\/#organization"},"potentialAction":[{"@type":"SearchAction","target":{"@type":"EntryPoint","urlTemplate":"https:\/\/www.compagniadisanpaolo.it\/it\/?s={search_term_string}"},"query-input":{"@type":"PropertyValueSpecification","valueRequired":true,"valueName":"search_term_string"}}],"inLanguage":"it-IT"},{"@type":"Organization","@id":"https:\/\/www.compagniadisanpaolo.it\/it\/#organization","name":"Fondazione Compagnia di San Paolo","url":"https:\/\/www.compagniadisanpaolo.it\/it\/","logo":{"@type":"ImageObject","inLanguage":"it-IT","@id":"https:\/\/www.compagniadisanpaolo.it\/it\/#\/schema\/logo\/image\/","url":"https:\/\/www.compagniadisanpaolo.it\/wp-content\/uploads\/logo.svg","contentUrl":"https:\/\/www.compagniadisanpaolo.it\/wp-content\/uploads\/logo.svg","width":769,"height":323,"caption":"Fondazione Compagnia di San Paolo"},"image":{"@id":"https:\/\/www.compagniadisanpaolo.it\/it\/#\/schema\/logo\/image\/"},"sameAs":["https:\/\/www.facebook.com\/CompagniaDiSanPaolo","https:\/\/x.com\/CSP_live","http:\/\/instagram.com\/compagniadisanpaolo?ref=badge","https:\/\/www.linkedin.com\/company\/compagnia-di-san-paolo","https:\/\/www.youtube.com\/user\/compagniadisanpaolo","https:\/\/it.wikipedia.org\/wiki\/Compagnia_di_San_Paolo"]},{"@type":"Person","@id":"https:\/\/www.compagniadisanpaolo.it\/it\/#\/schema\/person\/b7d5451541c25c82f29c5be1e78456b2","name":"Federica","image":{"@type":"ImageObject","inLanguage":"it-IT","@id":"https:\/\/secure.gravatar.com\/avatar\/b5698fa13ac389b1f1fb1263a4626e219d853d7ccf112e854aea8c9c087d24ae?s=96&d=mm&r=g","url":"https:\/\/secure.gravatar.com\/avatar\/b5698fa13ac389b1f1fb1263a4626e219d853d7ccf112e854aea8c9c087d24ae?s=96&d=mm&r=g","contentUrl":"https:\/\/secure.gravatar.com\/avatar\/b5698fa13ac389b1f1fb1263a4626e219d853d7ccf112e854aea8c9c087d24ae?s=96&d=mm&r=g","caption":"Federica"}}]}},"amp_enabled":true,"_links":{"self":[{"href":"https:\/\/www.compagniadisanpaolo.it\/it\/wp-json\/wp\/v2\/posts\/36602","targetHints":{"allow":["GET"]}}],"collection":[{"href":"https:\/\/www.compagniadisanpaolo.it\/it\/wp-json\/wp\/v2\/posts"}],"about":[{"href":"https:\/\/www.compagniadisanpaolo.it\/it\/wp-json\/wp\/v2\/types\/post"}],"author":[{"embeddable":true,"href":"https:\/\/www.compagniadisanpaolo.it\/it\/wp-json\/wp\/v2\/users\/19"}],"replies":[{"embeddable":true,"href":"https:\/\/www.compagniadisanpaolo.it\/it\/wp-json\/wp\/v2\/comments?post=36602"}],"version-history":[{"count":5,"href":"https:\/\/www.compagniadisanpaolo.it\/it\/wp-json\/wp\/v2\/posts\/36602\/revisions"}],"predecessor-version":[{"id":36641,"href":"https:\/\/www.compagniadisanpaolo.it\/it\/wp-json\/wp\/v2\/posts\/36602\/revisions\/36641"}],"wp:featuredmedia":[{"embeddable":true,"href":"https:\/\/www.compagniadisanpaolo.it\/it\/wp-json\/wp\/v2\/media\/36605"}],"wp:attachment":[{"href":"https:\/\/www.compagniadisanpaolo.it\/it\/wp-json\/wp\/v2\/media?parent=36602"}],"wp:term":[{"taxonomy":"category","embeddable":true,"href":"https:\/\/www.compagniadisanpaolo.it\/it\/wp-json\/wp\/v2\/categories?post=36602"},{"taxonomy":"post_tag","embeddable":true,"href":"https:\/\/www.compagniadisanpaolo.it\/it\/wp-json\/wp\/v2\/tags?post=36602"}],"curies":[{"name":"wp","href":"https:\/\/api.w.org\/{rel}","templated":true}]}}