{"id":36494,"date":"2025-04-17T14:48:04","date_gmt":"2025-04-17T12:48:04","guid":{"rendered":"https:\/\/www.compagniadisanpaolo.it\/?p=36494"},"modified":"2025-04-17T15:32:07","modified_gmt":"2025-04-17T13:32:07","slug":"al-via-i-bandi-semi-di-futuro-0-6-e-6-19-a-savona","status":"publish","type":"post","link":"https:\/\/www.compagniadisanpaolo.it\/it\/news\/al-via-i-bandi-semi-di-futuro-0-6-e-6-19-a-savona\/","title":{"rendered":"Al via i bandi Semi di Futuro 0-6 e 6-19 a Savona"},"content":{"rendered":"<div class=\"wpb-content-wrapper\">[vc_row][vc_column][vc_column_text css=&#8221;&#8221; el_class=&#8221;text-headline2&#8243;]Partono due nuove iniziative nate per potenziare il sistema educativo savonese e promuovere il benessere dei pi\u00f9 giovani. I bandi sono pensati per sostenere due specifiche fasce di et\u00e0: 0-6 anni e 6-19 anni, promuovendo opportunit\u00e0 complementari ai servizi esistenti sul territorio savonese.[\/vc_column_text][\/vc_column][\/vc_row][vc_row][vc_column][vc_column_text]\n<div class=\"info-box mission\">\n\t\t<div class=\"info-box-wrap info-box-hor row pb-0\">\n\n\t\t      \n\t\t      <div class=\"spalla col-12 col-md-12\">\n\t\t\t<div class=\"info-box sharing-box\">\n\t\t\t  <span class=\"label\">Condividi:<\/span>\n\t\t\t  <div class=\"social-sharing\">\n\t\t\t    <span class=\"box\">\n\t\t\t      <a class=\"fb\" href=\"https:\/\/www.facebook.com\/sharer.php?u=https:\/\/www.compagniadisanpaolo.it\/it\/news\/al-via-i-bandi-semi-di-futuro-0-6-e-6-19-a-savona\/\" target=\"_blank\">\n\t\t\t\t<span class=\"sr-only\">Facebook<\/span>\n\t\t\t\t<i class=\"fab fa-facebook-f\"><\/i>\n\t\t\t      <\/a>\n\t\t\t    <\/span>\n\t\t\t    \n\t\t\t    <style>\n.twitter, .twitter:hover{\ncolor:#000000 !important;}\n<\/style>\n\n\n\t\t\t    <span class=\"box\">\n\t\t\t      <a class=\"twitter\" href=\"https:\/\/twitter.com\/intent\/tweet?url=https:\/\/www.compagniadisanpaolo.it\/it\/news\/al-via-i-bandi-semi-di-futuro-0-6-e-6-19-a-savona\/\">\n\t\t\t\t<span class=\"sr-only\">Twitter<\/span>\n\t\t\t\t<i class=\"fa-brands fa-x-twitter\"><\/i>\n\t\t\t      <\/a>\n\t\t\t    <\/span>\n\n\t\t\t    \n\t\t\t    <span class=\"box\">\n\t\t\t      <a class=\"linkedin\" href=\"https:\/\/www.linkedin.com\/shareArticle?mini=true&url=https:\/\/www.compagniadisanpaolo.it\/it\/news\/al-via-i-bandi-semi-di-futuro-0-6-e-6-19-a-savona\/\">\n\t\t\t\t<span class=\"sr-only\">Linkedin<\/span>\n\t\t\t\t  <i class=\"fa-brands fa-linkedin-in\"><\/i>\n\t\t\t      <\/a>\n\t\t\t    <\/span>\n\n\t\t\t    <span class=\"box\">\n\t\t\t      <a class=\"whatsapp\" href=\"whatsapp:\/\/send?text=https:\/\/www.compagniadisanpaolo.it\/it\/news\/al-via-i-bandi-semi-di-futuro-0-6-e-6-19-a-savona\/\" data-action=\"share\/whatsapp\/share\">\n\t\t\t\t<span class=\"sr-only\">Whatsapp<\/span>\n\t\t\t\t<i class=\"fa-brands fa-whatsapp\"><\/i>\n\t\t\t      <\/a>\n\t\t\t    <\/span>\n\n\t\t\t    <span class=\"box\">\n\t\t\t      <a class=\"mail\" href=\"mailto:?subject=Al via i bandi Semi di Futuro 0-6 e 6-19 a Savona&body=https:\/\/www.compagniadisanpaolo.it\/it\/news\/al-via-i-bandi-semi-di-futuro-0-6-e-6-19-a-savona\/\">\n\t\t\t\t<span class=\"sr-only\">Mail<\/span>\n\t\t\t\t <i class=\"fa-solid fa-envelope\"><\/i>\n\t\t\t      <\/a>\n\t\t\t    <\/span>\n\t\t\t    \n\t\t\t  <\/div>\n\t\t\t<\/div>\n\t      <\/div>\n\t    <\/div><\/div>\n[\/vc_column_text][\/vc_column][\/vc_row][vc_row][vc_column width=&#8221;1\/4&#8243;][vc_column_text]\n\n\n\t\t<div class=\"info-box-wrap\">\n\n\t  <div class=\"info-box date-pub\">\n\t  \t<span class=\"label\">Data di pubblicazione:<\/span>\n\t    <span class=\"value\">17 Aprile 2025<\/span>\n\t  <\/div>\n\t\t\t\t  <div class=\"info-box obj-people\">\n\t\t\t\t\t  <div class=\"info-box obj\"><span class=\"label\">Obiettivo<\/span>\n\t\t\t\t\t    <div class=\"obj-small-box\">\n\t\t\t\t\t      <span>Persone.<\/span>\n\t\t\t\t\t    <\/div>\n\t\t\t\t\t  <\/div>\n\t\t\t\t  <\/div>\n\t\t\t  <div class=\"info-box mission\"><span class=\"label\">Tag<\/span><a href=\"https:\/\/www.compagniadisanpaolo.it\/it\/tags\/risultati\/?_sft_post_tag=coesione-sociale\" class=\"tag-element\">Coesione sociale<\/a><a href=\"https:\/\/www.compagniadisanpaolo.it\/it\/tags\/risultati\/?_sft_post_tag=comunita-educanti\" class=\"tag-element\">Comunit\u00e0 educanti<\/a><a href=\"https:\/\/www.compagniadisanpaolo.it\/it\/tags\/risultati\/?_sft_post_tag=creazione-di-reti-solide\" class=\"tag-element\">Creazione di reti solide<\/a><a href=\"https:\/\/www.compagniadisanpaolo.it\/it\/tags\/risultati\/?_sft_post_tag=formazione\" class=\"tag-element\">Formazione<\/a><a href=\"https:\/\/www.compagniadisanpaolo.it\/it\/tags\/risultati\/?_sft_post_tag=istruzione-di-qualita\" class=\"tag-element\">Istruzione di qualit\u00e0<\/a><a href=\"https:\/\/www.compagniadisanpaolo.it\/it\/tags\/risultati\/?_sft_post_tag=nuove-generazioni\" class=\"tag-element\">Nuove generazioni<\/a><a href=\"https:\/\/www.compagniadisanpaolo.it\/it\/tags\/risultati\/?_sft_post_tag=piena-cittadinanza-e-diritti\" class=\"tag-element\">Piena cittadinanza e diritti<\/a><a href=\"https:\/\/www.compagniadisanpaolo.it\/it\/tags\/risultati\/?_sft_post_tag=protagonismo-delle-comunita\" class=\"tag-element\">Protagonismo delle comunit\u00e0<\/a><\/div>\t  \n\t<\/div>\n[\/vc_column_text][\/vc_column][vc_column width=&#8221;3\/4&#8243; el_class=&#8221;page-content&#8221;][vc_column_text css=&#8221;&#8221; el_class=&#8221;text&#8221;]<strong>Semi di Futuro 0-6 <\/strong>e<strong> Semi di Futuro 6-19, realizzati con la Fondazione De Mari CR Savona, <\/strong>rappresentano due importanti tasselli di<strong> Citt\u00e0 dell\u2019Educazione<\/strong>, l\u2019iniziativa della <strong>Fondazione Compagnia di San Paolo<\/strong> che pone l\u2019<strong>educazione al centro dello sviluppo locale<\/strong>. L\u2019iniziativa mira a creare una <strong>comunit\u00e0 educante solida e inclusiva<\/strong>, coinvolgendo <strong>amministrazioni<\/strong>, <strong>scuole<\/strong>, enti del <strong>Terzo Settore<\/strong> e <strong>famiglie<\/strong> per garantire ai pi\u00f9 giovani opportunit\u00e0 di crescita e un\u2019educazione di qualit\u00e0.<\/p>\n<p>Entrambi i bandi si concentrano sul territorio di Savona, una delle quattro Citt\u00e0 dell\u2019Educazione.<\/p>\n<p>In particolare, l\u2019intervento per <strong>la fascia 0-6 anni a Savona<\/strong> punta a creare una <strong>&#8220;primavera&#8221; di opportunit\u00e0 educative e di cura per bambini e famiglie<\/strong>, <strong>rafforzando servizi e pratiche educative gi\u00e0 esistenti e ampliando l\u2019offerta per la prima infanzia<\/strong>.<\/p>\n<p>I primi anni di vita sono infatti determinanti per lo sviluppo delle competenze cognitive, sociali e di cittadinanza. In questa fase si formano fino al 90% delle connessioni cerebrali, essenziali per sviluppare abilit\u00e0 come il problem solving, la creativit\u00e0 e la costanza, che accompagneranno i bambini per tutta la vita. <strong>Investire in servizi di qualit\u00e0 per la prima infanzia<\/strong> non solo <strong>riduce le disuguaglianze<\/strong> sociali, ma <strong>genera effetti positivi a lungo termine<\/strong>, promuovendo competenze che arricchiranno il futuro di bambine e bambini.<\/p>\n<p>Oggi circa il 68% dei bambini sotto i 3 anni non ha accesso a servizi educativi 06 di qualit\u00e0. Con questo bando, la Fondazione intende rispondere concretamente alle necessit\u00e0 del territorio savonese che, come molte altre citt\u00e0, deve far fronte a sfide importanti, tra cui la denatalit\u00e0 e la <strong>carenza di servizi educativi<\/strong> per la prima infanzia.<\/p>\n<p>Nell\u2019ambito dell\u2019intervento <strong>Citt\u00e0 dell&#8217;Educazione 6-19 Savona<\/strong>, il bando <strong>Semi di Futuro 6-19<\/strong> coinvolge gli studenti e le studentesse del primo e secondo ciclo della citt\u00e0, le famiglie e tutti i soggetti impegnati con attivit\u00e0 in campo formativo, educativo, sportivo e culturale a favore della fascia d\u2019et\u00e0 6-19 sul territorio cittadino. Il Bando valorizza l\u2019esperienza della Fondazione De Mari CR Savona maturata negli anni passati in seno a iniziative quali La scuola come casa, La scuola ti ascolta, Improve your English.<\/p>\n<p>Al centro di questo impegno c\u2019\u00e8 la volont\u00e0 di valorizzare i talenti e le potenzialit\u00e0 delle nuove generazioni, con l\u2019obiettivo di <strong>ridurre le disuguaglianze legate a condizioni di svantaggio economico<\/strong>, <strong>culturale<\/strong>, di <strong>genere<\/strong> o <strong>migratorio<\/strong>, in linea con i principi di uguaglianza sanciti dagli articoli 3 e 34 della Costituzione.<\/p>\n<p>Il bando <strong>Semi di Futuro 6-19<\/strong> si articola in tre principali ambiti di intervento.<\/p>\n<p>Il <strong>primo<\/strong> riguarda <strong>le attivit\u00e0 educative durante l&#8217;orario scolastico<\/strong>, sostenendo iniziative per sviluppare competenze chiave europee e socio-emotive, laboratori artistici, percorsi di inclusione scolastica, potenziamento delle lingue straniere e formazione per insegnanti.<\/p>\n<p>Il <strong>secondo ambito<\/strong> si concentra sulle <strong>attivit\u00e0 socioeducative extra-scolastiche<\/strong>, ampliando le opportunit\u00e0 educative nel tempo libero, con particolare attenzione ai giovani in situazioni di vulnerabilit\u00e0. Quest\u2019ambito mira a sostenere progetti legati allo sport, alla cultura, alla sostenibilit\u00e0 ambientale e all\u2019educazione socio-emotiva, puntando ad ampliare le opportunit\u00e0 di apprendimento e crescita.<\/p>\n<p>Infine, il <strong>terzo ambito<\/strong> riguarda i <strong>servizi di supporto al benessere psicologico<\/strong>, attraverso l\u2019attivazione di sportelli di ascolto, laboratori dedicati alle competenze socio-emotive e percorsi di formazione per genitori, docenti e operatori, con l&#8217;obiettivo di rafforzare la rete di sostegno alla crescita dei pi\u00f9 giovani.<\/p>\n<p>I bandi <strong>Semi di Futuro 0-6<\/strong> e <strong>Semi di Futuro 6-19<\/strong> sono realizzati in collaborazione con il <strong>Comune di Savona <\/strong>e l\u2019<strong>Ufficio Scolastico<\/strong> <strong>Territoriale di Savona<\/strong>.<\/p>\n<p>Di seguito alcune informazioni per partecipare.<\/p>\n<p><strong>Semi di Futuro 0-6 <\/strong>si rivolge a <strong>enti pubblici e no profit<\/strong> con <strong>esperienza nel settore 0-6 anni<\/strong>, come cooperative sociali, associazioni di volontariato, imprese sociali, societ\u00e0 o associazioni sportive dilettantistiche e altri soggetti con finalit\u00e0 sociali. \u00c8 possibile candidarsi individualmente, ma \u00e8 <strong>auspicata la partecipazione in partenariato con altri enti del territorio <\/strong>con competenze fra loro eterogenee e complementari. Le proposte progettuali dovranno riguardare attivit\u00e0 strutturate da realizzarsi tra settembre 2025 e luglio 2026.<\/p>\n<p>Le domande dovranno essere presentate <strong>entro <\/strong><strong>le ore 15.00 del 30 giugno 2025<\/strong>, secondo le indicazioni riportate nella sezione Contributi, a <a href=\"https:\/\/www.compagniadisanpaolo.it\/it\/contributi\/bando-semi-di-futuro-0-6-opportunita-educative-per-crescere-bene-insieme\/?noamp=mobile\" target=\"_blank\" rel=\"noopener\"><strong>questo link<\/strong><\/a>.<\/p>\n<p><strong>Semi di Futuro 6-19 <\/strong>si rivolge a partenariati pubblico-privati composti da enti del <strong>Terzo Settore<\/strong>, tra cui cooperative e imprese sociali, associazioni di volontariato e promozione sociale, <strong>enti culturali e religiosi<\/strong> e da <strong>istituti scolastici statali e paritari<\/strong>, <strong>anche in rete<\/strong> tra loro. Anche le <strong>societ\u00e0 e le associazioni sportive dilettantistiche iscritte al CONI <\/strong>sono invitate a partecipare ai partenariati, contribuendo cos\u00ec ad ampliare le opportunit\u00e0 educative e di crescita per bambine, bambini, ragazze e ragazzi.<\/p>\n<p>Le domande dovranno essere presentate <strong>entro le ore 15.00 del 20 giugno 2025<\/strong>, secondo le indicazioni riportate nella sezione Contributi, a <a href=\"https:\/\/www.compagniadisanpaolo.it\/it\/contributi\/bando-semi-di-futuro-6-19-opportunita-educative-per-crescere-bene-insieme\/?noamp=mobilehttps:\/\/www.compagniadisanpaolo.it\/it\/contributi\/bando-semi-di-futuro-6-19-opportunita-educative-per-crescere-bene-insieme\/?noamp=mobile\" target=\"_blank\" rel=\"noopener\"><strong>questo link<\/strong><\/a>.<\/p>\n<p>Entrambi i bandi prevedono, per gli enti o i partenariati selezionati, la partecipazione a un <strong>percorso di accompagnamento<\/strong>, <strong>capacity building e formazione<\/strong>, coordinato dalla Fondazione Compagnia di San Paolo insieme alla Fondazione De Mari CR Savona, al Comune di Savona e all\u2019Ufficio Scolastico Territoriale di Savona.<\/p>\n<p>Il percorso ha tra i suoi principali obiettivi il <strong>rafforzamento della rete tra i soggetti coinvolti<\/strong>, la <strong>valorizzazione delle competenze attive nei diversi ambiti<\/strong>, la <strong>promozione di linguaggi condivisi<\/strong> e di una identit\u00e0 territoriale comune. Un\u2019attenzione particolare sar\u00e0 dedicata allo <strong>scambio di buone pratiche<\/strong>, sia all\u2019interno della rete locale, sia in dialogo con le esperienze maturate dalle altre citt\u00e0 coinvolte da <strong>Citt\u00e0 dell\u2019Educazione<\/strong>.<\/p>\n<p>Queste attivit\u00e0 si avvarranno del contributo di <strong>esperti esterni<\/strong>, <strong>enti e istituti di ricerca<\/strong>, individuati secondo le modalit\u00e0 previste dall\u2019<strong>Avviso per il conferimento di un incarico professionale per attivit\u00e0 di accompagnamento, capacity building e formazione per l\u2019iniziativa Savona Citt\u00e0 dell\u2019Educazione <\/strong>\u2013 <strong>Intervento 0-6 e 6-19<\/strong>, disponibile al <a href=\"https:\/\/www.compagniadisanpaolo.it\/wp-content\/uploads\/PERSONE_AVVISO-consulenza-CDE-Savona_aprile_17_25.pdf\" target=\"_blank\" rel=\"noopener\">presente link<\/a>.[\/vc_column_text][vc_empty_space][\/vc_column][\/vc_row][vc_row el_class=&#8221;sdg-list-wrap&#8221;][vc_column][vc_raw_html]JTVCbW9zdHJhU0RHUyU1RA==[\/vc_raw_html][\/vc_column][\/vc_row][vc_row el_class=&#8221;sdg-list-wrap&#8221;][vc_column][vc_raw_html]JTVCU2V6aW9uZV9Eb2N1bWVudGklNUQ=[\/vc_raw_html][\/vc_column][\/vc_row][vc_row][vc_column]<div class=\"templatera_shortcode\"><div data-vc-full-width=\"true\" data-vc-full-width-temp=\"true\" data-vc-full-width-init=\"false\" class=\"vc_row wpb_row vc_row-fluid newsletter-wrap\"><div class=\"wpb_column vc_column_container vc_col-sm-12\"><div class=\"vc_column-inner\"><div class=\"wpb_wrapper\">\n\t<div class=\"wpb_raw_code wpb_raw_html wpb_content_element\" >\n\t\t<div class=\"wpb_wrapper\">\n\t\t\t    <div class=\"container\">\n      <div class=\"row align-items-center\">\n\t<div class=\"col-12 col-lg-6 col-xl-5 mb-3 mb-lg-0 pr-0\">\n\t  <h2 class=\"title\">Rimani aggiornato sui nostri bandi e sui nostri progetti<\/h2>\n\t<\/div>\n\t<div class=\"col-12 col-lg-6 col-xl-7 pl-xl-4\">\n\t  <a class=\"standard-link-block\" href=\"\/it\/newsletter\/\">\n\t    Compila il form e decidi su quale argomento vuoi ricevere notizie.\t    <strong>\u00a0 ISCRIVITI!<\/strong>\n\t  <\/a>\n\t<\/div>\n      <\/div>\n    <\/div>\n\t\t<\/div>\n\t<\/div>\n<\/div><\/div><\/div><\/div><div class=\"vc_row-full-width vc_clearfix\"><\/div><\/div>[\/vc_column][\/vc_row]\n<\/div>","protected":false},"excerpt":{"rendered":"<p>Partono due nuove iniziative nate per potenziare il sistema educativo savonese e promuovere il benessere dei pi\u00f9 giovani. I bandi sono pensati per sostenere due specifiche fasce di et\u00e0: 0-6 anni e 6-19 anni, promuovendo opportunit\u00e0 complementari ai servizi esistenti sul territorio savonese.<\/p>\n","protected":false},"author":19,"featured_media":36731,"comment_status":"closed","ping_status":"closed","sticky":false,"template":"","format":"standard","meta":{"_acf_changed":false,"content-type":"","footnotes":""},"categories":[17],"tags":[51,81,70,53,213,54,93,90],"class_list":["post-36494","post","type-post","status-publish","format-standard","has-post-thumbnail","hentry","category-news","tag-coesione-sociale","tag-comunita-educanti","tag-creazione-di-reti-solide","tag-formazione","tag-istruzione-di-qualita","tag-nuove-generazioni","tag-piena-cittadinanza-e-diritti","tag-protagonismo-delle-comunita","entry","post-inner"],"acf":[],"yoast_head":"<!-- This site is optimized with the Yoast SEO plugin v27.3 - https:\/\/yoast.com\/product\/yoast-seo-wordpress\/ -->\n<title>Al via i bandi Semi di Futuro 0-6 e 6-19 a Savona - Fondazione Compagnia di San Paolo<\/title>\n<meta name=\"description\" content=\"Partono due nuove iniziative nate per potenziare il sistema educativo savonese e promuovere il benessere dei pi\u00f9 giovani.\" \/>\n<meta name=\"robots\" content=\"index, follow, max-snippet:-1, max-image-preview:large, max-video-preview:-1\" \/>\n<link rel=\"canonical\" href=\"https:\/\/www.compagniadisanpaolo.it\/it\/news\/al-via-i-bandi-semi-di-futuro-0-6-e-6-19-a-savona\/\" \/>\n<meta property=\"og:locale\" content=\"it_IT\" \/>\n<meta property=\"og:type\" content=\"article\" \/>\n<meta property=\"og:title\" content=\"Al via i bandi Semi di Futuro 0-6 e 6-19 a Savona - Fondazione Compagnia di San Paolo\" \/>\n<meta property=\"og:description\" content=\"Partono due nuove iniziative nate per potenziare il sistema educativo savonese e promuovere il benessere dei pi\u00f9 giovani.\" \/>\n<meta property=\"og:url\" content=\"https:\/\/www.compagniadisanpaolo.it\/it\/news\/al-via-i-bandi-semi-di-futuro-0-6-e-6-19-a-savona\/\" \/>\n<meta property=\"og:site_name\" content=\"Fondazione Compagnia di San Paolo\" \/>\n<meta property=\"article:publisher\" content=\"https:\/\/www.facebook.com\/CompagniaDiSanPaolo\" \/>\n<meta property=\"article:published_time\" content=\"2025-04-17T12:48:04+00:00\" \/>\n<meta property=\"article:modified_time\" content=\"2025-04-17T13:32:07+00:00\" \/>\n<meta property=\"og:image\" content=\"https:\/\/www.compagniadisanpaolo.it\/wp-content\/uploads\/CSP_SEMI-DI-FUTURO-NEWS_815X350.jpg\" \/>\n\t<meta property=\"og:image:width\" content=\"815\" \/>\n\t<meta property=\"og:image:height\" content=\"350\" \/>\n\t<meta property=\"og:image:type\" content=\"image\/jpeg\" \/>\n<meta name=\"author\" content=\"Federica\" \/>\n<meta name=\"twitter:card\" content=\"summary_large_image\" \/>\n<meta name=\"twitter:creator\" content=\"@CSP_live\" \/>\n<meta name=\"twitter:site\" content=\"@CSP_live\" \/>\n<meta name=\"twitter:label1\" content=\"Scritto da\" \/>\n\t<meta name=\"twitter:data1\" content=\"Federica\" \/>\n\t<meta name=\"twitter:label2\" content=\"Tempo di lettura stimato\" \/>\n\t<meta name=\"twitter:data2\" content=\"6 minuti\" \/>\n<script type=\"application\/ld+json\" class=\"yoast-schema-graph\">{\"@context\":\"https:\\\/\\\/schema.org\",\"@graph\":[{\"@type\":\"Article\",\"@id\":\"https:\\\/\\\/www.compagniadisanpaolo.it\\\/it\\\/news\\\/al-via-i-bandi-semi-di-futuro-0-6-e-6-19-a-savona\\\/#article\",\"isPartOf\":{\"@id\":\"https:\\\/\\\/www.compagniadisanpaolo.it\\\/it\\\/news\\\/al-via-i-bandi-semi-di-futuro-0-6-e-6-19-a-savona\\\/\"},\"author\":{\"name\":\"Federica\",\"@id\":\"https:\\\/\\\/www.compagniadisanpaolo.it\\\/it\\\/#\\\/schema\\\/person\\\/b7d5451541c25c82f29c5be1e78456b2\"},\"headline\":\"Al via i bandi Semi di Futuro 0-6 e 6-19 a Savona\",\"datePublished\":\"2025-04-17T12:48:04+00:00\",\"dateModified\":\"2025-04-17T13:32:07+00:00\",\"mainEntityOfPage\":{\"@id\":\"https:\\\/\\\/www.compagniadisanpaolo.it\\\/it\\\/news\\\/al-via-i-bandi-semi-di-futuro-0-6-e-6-19-a-savona\\\/\"},\"wordCount\":1108,\"publisher\":{\"@id\":\"https:\\\/\\\/www.compagniadisanpaolo.it\\\/it\\\/#organization\"},\"image\":{\"@id\":\"https:\\\/\\\/www.compagniadisanpaolo.it\\\/it\\\/news\\\/al-via-i-bandi-semi-di-futuro-0-6-e-6-19-a-savona\\\/#primaryimage\"},\"thumbnailUrl\":\"https:\\\/\\\/www.compagniadisanpaolo.it\\\/wp-content\\\/uploads\\\/CSP_SEMI-DI-FUTURO-NEWS_815X350.jpg\",\"keywords\":[\"coesione sociale\",\"comunit\u00e0 educanti\",\"creazione di reti solide\",\"formazione\",\"istruzione di qualit\u00e0\",\"nuove generazioni\",\"piena cittadinanza e diritti\",\"protagonismo delle comunit\u00e0\"],\"articleSection\":[\"News\"],\"inLanguage\":\"it-IT\"},{\"@type\":\"WebPage\",\"@id\":\"https:\\\/\\\/www.compagniadisanpaolo.it\\\/it\\\/news\\\/al-via-i-bandi-semi-di-futuro-0-6-e-6-19-a-savona\\\/\",\"url\":\"https:\\\/\\\/www.compagniadisanpaolo.it\\\/it\\\/news\\\/al-via-i-bandi-semi-di-futuro-0-6-e-6-19-a-savona\\\/\",\"name\":\"Al via i bandi Semi di Futuro 0-6 e 6-19 a Savona - Fondazione Compagnia di San Paolo\",\"isPartOf\":{\"@id\":\"https:\\\/\\\/www.compagniadisanpaolo.it\\\/it\\\/#website\"},\"primaryImageOfPage\":{\"@id\":\"https:\\\/\\\/www.compagniadisanpaolo.it\\\/it\\\/news\\\/al-via-i-bandi-semi-di-futuro-0-6-e-6-19-a-savona\\\/#primaryimage\"},\"image\":{\"@id\":\"https:\\\/\\\/www.compagniadisanpaolo.it\\\/it\\\/news\\\/al-via-i-bandi-semi-di-futuro-0-6-e-6-19-a-savona\\\/#primaryimage\"},\"thumbnailUrl\":\"https:\\\/\\\/www.compagniadisanpaolo.it\\\/wp-content\\\/uploads\\\/CSP_SEMI-DI-FUTURO-NEWS_815X350.jpg\",\"datePublished\":\"2025-04-17T12:48:04+00:00\",\"dateModified\":\"2025-04-17T13:32:07+00:00\",\"description\":\"Partono due nuove iniziative nate per potenziare il sistema educativo savonese e promuovere il benessere dei pi\u00f9 giovani.\",\"breadcrumb\":{\"@id\":\"https:\\\/\\\/www.compagniadisanpaolo.it\\\/it\\\/news\\\/al-via-i-bandi-semi-di-futuro-0-6-e-6-19-a-savona\\\/#breadcrumb\"},\"inLanguage\":\"it-IT\",\"potentialAction\":[{\"@type\":\"ReadAction\",\"target\":[\"https:\\\/\\\/www.compagniadisanpaolo.it\\\/it\\\/news\\\/al-via-i-bandi-semi-di-futuro-0-6-e-6-19-a-savona\\\/\"]}]},{\"@type\":\"ImageObject\",\"inLanguage\":\"it-IT\",\"@id\":\"https:\\\/\\\/www.compagniadisanpaolo.it\\\/it\\\/news\\\/al-via-i-bandi-semi-di-futuro-0-6-e-6-19-a-savona\\\/#primaryimage\",\"url\":\"https:\\\/\\\/www.compagniadisanpaolo.it\\\/wp-content\\\/uploads\\\/CSP_SEMI-DI-FUTURO-NEWS_815X350.jpg\",\"contentUrl\":\"https:\\\/\\\/www.compagniadisanpaolo.it\\\/wp-content\\\/uploads\\\/CSP_SEMI-DI-FUTURO-NEWS_815X350.jpg\",\"width\":815,\"height\":350},{\"@type\":\"BreadcrumbList\",\"@id\":\"https:\\\/\\\/www.compagniadisanpaolo.it\\\/it\\\/news\\\/al-via-i-bandi-semi-di-futuro-0-6-e-6-19-a-savona\\\/#breadcrumb\",\"itemListElement\":[{\"@type\":\"ListItem\",\"position\":1,\"name\":\"Home\",\"item\":\"https:\\\/\\\/www.compagniadisanpaolo.it\\\/it\\\/\"},{\"@type\":\"ListItem\",\"position\":2,\"name\":\"Al via i bandi Semi di Futuro 0-6 e 6-19 a Savona\"}]},{\"@type\":\"WebSite\",\"@id\":\"https:\\\/\\\/www.compagniadisanpaolo.it\\\/it\\\/#website\",\"url\":\"https:\\\/\\\/www.compagniadisanpaolo.it\\\/it\\\/\",\"name\":\"Fondazione Compagnia di San Paolo\",\"description\":\"\",\"publisher\":{\"@id\":\"https:\\\/\\\/www.compagniadisanpaolo.it\\\/it\\\/#organization\"},\"potentialAction\":[{\"@type\":\"SearchAction\",\"target\":{\"@type\":\"EntryPoint\",\"urlTemplate\":\"https:\\\/\\\/www.compagniadisanpaolo.it\\\/it\\\/?s={search_term_string}\"},\"query-input\":{\"@type\":\"PropertyValueSpecification\",\"valueRequired\":true,\"valueName\":\"search_term_string\"}}],\"inLanguage\":\"it-IT\"},{\"@type\":\"Organization\",\"@id\":\"https:\\\/\\\/www.compagniadisanpaolo.it\\\/it\\\/#organization\",\"name\":\"Fondazione Compagnia di San Paolo\",\"url\":\"https:\\\/\\\/www.compagniadisanpaolo.it\\\/it\\\/\",\"logo\":{\"@type\":\"ImageObject\",\"inLanguage\":\"it-IT\",\"@id\":\"https:\\\/\\\/www.compagniadisanpaolo.it\\\/it\\\/#\\\/schema\\\/logo\\\/image\\\/\",\"url\":\"https:\\\/\\\/www.compagniadisanpaolo.it\\\/wp-content\\\/uploads\\\/logo.svg\",\"contentUrl\":\"https:\\\/\\\/www.compagniadisanpaolo.it\\\/wp-content\\\/uploads\\\/logo.svg\",\"width\":769,\"height\":323,\"caption\":\"Fondazione Compagnia di San Paolo\"},\"image\":{\"@id\":\"https:\\\/\\\/www.compagniadisanpaolo.it\\\/it\\\/#\\\/schema\\\/logo\\\/image\\\/\"},\"sameAs\":[\"https:\\\/\\\/www.facebook.com\\\/CompagniaDiSanPaolo\",\"https:\\\/\\\/x.com\\\/CSP_live\",\"http:\\\/\\\/instagram.com\\\/compagniadisanpaolo?ref=badge\",\"https:\\\/\\\/www.linkedin.com\\\/company\\\/compagnia-di-san-paolo\",\"https:\\\/\\\/www.youtube.com\\\/user\\\/compagniadisanpaolo\",\"https:\\\/\\\/it.wikipedia.org\\\/wiki\\\/Compagnia_di_San_Paolo\"]},{\"@type\":\"Person\",\"@id\":\"https:\\\/\\\/www.compagniadisanpaolo.it\\\/it\\\/#\\\/schema\\\/person\\\/b7d5451541c25c82f29c5be1e78456b2\",\"name\":\"Federica\",\"image\":{\"@type\":\"ImageObject\",\"inLanguage\":\"it-IT\",\"@id\":\"https:\\\/\\\/secure.gravatar.com\\\/avatar\\\/b5698fa13ac389b1f1fb1263a4626e219d853d7ccf112e854aea8c9c087d24ae?s=96&d=mm&r=g\",\"url\":\"https:\\\/\\\/secure.gravatar.com\\\/avatar\\\/b5698fa13ac389b1f1fb1263a4626e219d853d7ccf112e854aea8c9c087d24ae?s=96&d=mm&r=g\",\"contentUrl\":\"https:\\\/\\\/secure.gravatar.com\\\/avatar\\\/b5698fa13ac389b1f1fb1263a4626e219d853d7ccf112e854aea8c9c087d24ae?s=96&d=mm&r=g\",\"caption\":\"Federica\"}}]}<\/script>\n<!-- \/ Yoast SEO plugin. -->","yoast_head_json":{"title":"Al via i bandi Semi di Futuro 0-6 e 6-19 a Savona - Fondazione Compagnia di San Paolo","description":"Partono due nuove iniziative nate per potenziare il sistema educativo savonese e promuovere il benessere dei pi\u00f9 giovani.","robots":{"index":"index","follow":"follow","max-snippet":"max-snippet:-1","max-image-preview":"max-image-preview:large","max-video-preview":"max-video-preview:-1"},"canonical":"https:\/\/www.compagniadisanpaolo.it\/it\/news\/al-via-i-bandi-semi-di-futuro-0-6-e-6-19-a-savona\/","og_locale":"it_IT","og_type":"article","og_title":"Al via i bandi Semi di Futuro 0-6 e 6-19 a Savona - Fondazione Compagnia di San Paolo","og_description":"Partono due nuove iniziative nate per potenziare il sistema educativo savonese e promuovere il benessere dei pi\u00f9 giovani.","og_url":"https:\/\/www.compagniadisanpaolo.it\/it\/news\/al-via-i-bandi-semi-di-futuro-0-6-e-6-19-a-savona\/","og_site_name":"Fondazione Compagnia di San Paolo","article_publisher":"https:\/\/www.facebook.com\/CompagniaDiSanPaolo","article_published_time":"2025-04-17T12:48:04+00:00","article_modified_time":"2025-04-17T13:32:07+00:00","og_image":[{"width":815,"height":350,"url":"https:\/\/www.compagniadisanpaolo.it\/wp-content\/uploads\/CSP_SEMI-DI-FUTURO-NEWS_815X350.jpg","type":"image\/jpeg"}],"author":"Federica","twitter_card":"summary_large_image","twitter_creator":"@CSP_live","twitter_site":"@CSP_live","twitter_misc":{"Scritto da":"Federica","Tempo di lettura stimato":"6 minuti"},"schema":{"@context":"https:\/\/schema.org","@graph":[{"@type":"Article","@id":"https:\/\/www.compagniadisanpaolo.it\/it\/news\/al-via-i-bandi-semi-di-futuro-0-6-e-6-19-a-savona\/#article","isPartOf":{"@id":"https:\/\/www.compagniadisanpaolo.it\/it\/news\/al-via-i-bandi-semi-di-futuro-0-6-e-6-19-a-savona\/"},"author":{"name":"Federica","@id":"https:\/\/www.compagniadisanpaolo.it\/it\/#\/schema\/person\/b7d5451541c25c82f29c5be1e78456b2"},"headline":"Al via i bandi Semi di Futuro 0-6 e 6-19 a Savona","datePublished":"2025-04-17T12:48:04+00:00","dateModified":"2025-04-17T13:32:07+00:00","mainEntityOfPage":{"@id":"https:\/\/www.compagniadisanpaolo.it\/it\/news\/al-via-i-bandi-semi-di-futuro-0-6-e-6-19-a-savona\/"},"wordCount":1108,"publisher":{"@id":"https:\/\/www.compagniadisanpaolo.it\/it\/#organization"},"image":{"@id":"https:\/\/www.compagniadisanpaolo.it\/it\/news\/al-via-i-bandi-semi-di-futuro-0-6-e-6-19-a-savona\/#primaryimage"},"thumbnailUrl":"https:\/\/www.compagniadisanpaolo.it\/wp-content\/uploads\/CSP_SEMI-DI-FUTURO-NEWS_815X350.jpg","keywords":["coesione sociale","comunit\u00e0 educanti","creazione di reti solide","formazione","istruzione di qualit\u00e0","nuove generazioni","piena cittadinanza e diritti","protagonismo delle comunit\u00e0"],"articleSection":["News"],"inLanguage":"it-IT"},{"@type":"WebPage","@id":"https:\/\/www.compagniadisanpaolo.it\/it\/news\/al-via-i-bandi-semi-di-futuro-0-6-e-6-19-a-savona\/","url":"https:\/\/www.compagniadisanpaolo.it\/it\/news\/al-via-i-bandi-semi-di-futuro-0-6-e-6-19-a-savona\/","name":"Al via i bandi Semi di Futuro 0-6 e 6-19 a Savona - Fondazione Compagnia di San Paolo","isPartOf":{"@id":"https:\/\/www.compagniadisanpaolo.it\/it\/#website"},"primaryImageOfPage":{"@id":"https:\/\/www.compagniadisanpaolo.it\/it\/news\/al-via-i-bandi-semi-di-futuro-0-6-e-6-19-a-savona\/#primaryimage"},"image":{"@id":"https:\/\/www.compagniadisanpaolo.it\/it\/news\/al-via-i-bandi-semi-di-futuro-0-6-e-6-19-a-savona\/#primaryimage"},"thumbnailUrl":"https:\/\/www.compagniadisanpaolo.it\/wp-content\/uploads\/CSP_SEMI-DI-FUTURO-NEWS_815X350.jpg","datePublished":"2025-04-17T12:48:04+00:00","dateModified":"2025-04-17T13:32:07+00:00","description":"Partono due nuove iniziative nate per potenziare il sistema educativo savonese e promuovere il benessere dei pi\u00f9 giovani.","breadcrumb":{"@id":"https:\/\/www.compagniadisanpaolo.it\/it\/news\/al-via-i-bandi-semi-di-futuro-0-6-e-6-19-a-savona\/#breadcrumb"},"inLanguage":"it-IT","potentialAction":[{"@type":"ReadAction","target":["https:\/\/www.compagniadisanpaolo.it\/it\/news\/al-via-i-bandi-semi-di-futuro-0-6-e-6-19-a-savona\/"]}]},{"@type":"ImageObject","inLanguage":"it-IT","@id":"https:\/\/www.compagniadisanpaolo.it\/it\/news\/al-via-i-bandi-semi-di-futuro-0-6-e-6-19-a-savona\/#primaryimage","url":"https:\/\/www.compagniadisanpaolo.it\/wp-content\/uploads\/CSP_SEMI-DI-FUTURO-NEWS_815X350.jpg","contentUrl":"https:\/\/www.compagniadisanpaolo.it\/wp-content\/uploads\/CSP_SEMI-DI-FUTURO-NEWS_815X350.jpg","width":815,"height":350},{"@type":"BreadcrumbList","@id":"https:\/\/www.compagniadisanpaolo.it\/it\/news\/al-via-i-bandi-semi-di-futuro-0-6-e-6-19-a-savona\/#breadcrumb","itemListElement":[{"@type":"ListItem","position":1,"name":"Home","item":"https:\/\/www.compagniadisanpaolo.it\/it\/"},{"@type":"ListItem","position":2,"name":"Al via i bandi Semi di Futuro 0-6 e 6-19 a Savona"}]},{"@type":"WebSite","@id":"https:\/\/www.compagniadisanpaolo.it\/it\/#website","url":"https:\/\/www.compagniadisanpaolo.it\/it\/","name":"Fondazione Compagnia di San Paolo","description":"","publisher":{"@id":"https:\/\/www.compagniadisanpaolo.it\/it\/#organization"},"potentialAction":[{"@type":"SearchAction","target":{"@type":"EntryPoint","urlTemplate":"https:\/\/www.compagniadisanpaolo.it\/it\/?s={search_term_string}"},"query-input":{"@type":"PropertyValueSpecification","valueRequired":true,"valueName":"search_term_string"}}],"inLanguage":"it-IT"},{"@type":"Organization","@id":"https:\/\/www.compagniadisanpaolo.it\/it\/#organization","name":"Fondazione Compagnia di San Paolo","url":"https:\/\/www.compagniadisanpaolo.it\/it\/","logo":{"@type":"ImageObject","inLanguage":"it-IT","@id":"https:\/\/www.compagniadisanpaolo.it\/it\/#\/schema\/logo\/image\/","url":"https:\/\/www.compagniadisanpaolo.it\/wp-content\/uploads\/logo.svg","contentUrl":"https:\/\/www.compagniadisanpaolo.it\/wp-content\/uploads\/logo.svg","width":769,"height":323,"caption":"Fondazione Compagnia di San Paolo"},"image":{"@id":"https:\/\/www.compagniadisanpaolo.it\/it\/#\/schema\/logo\/image\/"},"sameAs":["https:\/\/www.facebook.com\/CompagniaDiSanPaolo","https:\/\/x.com\/CSP_live","http:\/\/instagram.com\/compagniadisanpaolo?ref=badge","https:\/\/www.linkedin.com\/company\/compagnia-di-san-paolo","https:\/\/www.youtube.com\/user\/compagniadisanpaolo","https:\/\/it.wikipedia.org\/wiki\/Compagnia_di_San_Paolo"]},{"@type":"Person","@id":"https:\/\/www.compagniadisanpaolo.it\/it\/#\/schema\/person\/b7d5451541c25c82f29c5be1e78456b2","name":"Federica","image":{"@type":"ImageObject","inLanguage":"it-IT","@id":"https:\/\/secure.gravatar.com\/avatar\/b5698fa13ac389b1f1fb1263a4626e219d853d7ccf112e854aea8c9c087d24ae?s=96&d=mm&r=g","url":"https:\/\/secure.gravatar.com\/avatar\/b5698fa13ac389b1f1fb1263a4626e219d853d7ccf112e854aea8c9c087d24ae?s=96&d=mm&r=g","contentUrl":"https:\/\/secure.gravatar.com\/avatar\/b5698fa13ac389b1f1fb1263a4626e219d853d7ccf112e854aea8c9c087d24ae?s=96&d=mm&r=g","caption":"Federica"}}]}},"amp_enabled":true,"_links":{"self":[{"href":"https:\/\/www.compagniadisanpaolo.it\/it\/wp-json\/wp\/v2\/posts\/36494","targetHints":{"allow":["GET"]}}],"collection":[{"href":"https:\/\/www.compagniadisanpaolo.it\/it\/wp-json\/wp\/v2\/posts"}],"about":[{"href":"https:\/\/www.compagniadisanpaolo.it\/it\/wp-json\/wp\/v2\/types\/post"}],"author":[{"embeddable":true,"href":"https:\/\/www.compagniadisanpaolo.it\/it\/wp-json\/wp\/v2\/users\/19"}],"replies":[{"embeddable":true,"href":"https:\/\/www.compagniadisanpaolo.it\/it\/wp-json\/wp\/v2\/comments?post=36494"}],"version-history":[{"count":6,"href":"https:\/\/www.compagniadisanpaolo.it\/it\/wp-json\/wp\/v2\/posts\/36494\/revisions"}],"predecessor-version":[{"id":36771,"href":"https:\/\/www.compagniadisanpaolo.it\/it\/wp-json\/wp\/v2\/posts\/36494\/revisions\/36771"}],"wp:featuredmedia":[{"embeddable":true,"href":"https:\/\/www.compagniadisanpaolo.it\/it\/wp-json\/wp\/v2\/media\/36731"}],"wp:attachment":[{"href":"https:\/\/www.compagniadisanpaolo.it\/it\/wp-json\/wp\/v2\/media?parent=36494"}],"wp:term":[{"taxonomy":"category","embeddable":true,"href":"https:\/\/www.compagniadisanpaolo.it\/it\/wp-json\/wp\/v2\/categories?post=36494"},{"taxonomy":"post_tag","embeddable":true,"href":"https:\/\/www.compagniadisanpaolo.it\/it\/wp-json\/wp\/v2\/tags?post=36494"}],"curies":[{"name":"wp","href":"https:\/\/api.w.org\/{rel}","templated":true}]}}