{"id":36307,"date":"2025-04-03T16:05:49","date_gmt":"2025-04-03T14:05:49","guid":{"rendered":"https:\/\/www.compagniadisanpaolo.it\/?p=36307"},"modified":"2025-04-03T16:05:49","modified_gmt":"2025-04-03T14:05:49","slug":"estate-ragazzi-2025","status":"publish","type":"post","link":"https:\/\/www.compagniadisanpaolo.it\/it\/news\/estate-ragazzi-2025\/","title":{"rendered":"Estate Ragazzi 2025"},"content":{"rendered":"<div class=\"wpb-content-wrapper\">[vc_row][vc_column][vc_column_text css=&#8221;&#8221; el_class=&#8221;text-headline2&#8243;]La Fondazione Compagnia di San Paolo, in sinergia con gli enti del territorio, torna ad arricchire l\u2019estate dei torinesi pi\u00f9 giovani per offrire tante occasioni di intrattenimento all\u2019insegna della socializzazione, dell\u2019apprendimento e del benessere.[\/vc_column_text][\/vc_column][\/vc_row][vc_row][vc_column][vc_column_text]\n<div class=\"info-box mission\">\n\t\t<div class=\"info-box-wrap info-box-hor row pb-0\">\n\n\t\t      \n\t\t      <div class=\"spalla col-12 col-md-12\">\n\t\t\t<div class=\"info-box sharing-box\">\n\t\t\t  <span class=\"label\">Condividi:<\/span>\n\t\t\t  <div class=\"social-sharing\">\n\t\t\t    <span class=\"box\">\n\t\t\t      <a class=\"fb\" href=\"https:\/\/www.facebook.com\/sharer.php?u=https:\/\/www.compagniadisanpaolo.it\/it\/news\/estate-ragazzi-2025\/\" target=\"_blank\">\n\t\t\t\t<span class=\"sr-only\">Facebook<\/span>\n\t\t\t\t<i class=\"fab fa-facebook-f\"><\/i>\n\t\t\t      <\/a>\n\t\t\t    <\/span>\n\t\t\t    \n\t\t\t    <style>\n.twitter, .twitter:hover{\ncolor:#000000 !important;}\n<\/style>\n\n\n\t\t\t    <span class=\"box\">\n\t\t\t      <a class=\"twitter\" href=\"https:\/\/twitter.com\/intent\/tweet?url=https:\/\/www.compagniadisanpaolo.it\/it\/news\/estate-ragazzi-2025\/\">\n\t\t\t\t<span class=\"sr-only\">Twitter<\/span>\n\t\t\t\t<i class=\"fa-brands fa-x-twitter\"><\/i>\n\t\t\t      <\/a>\n\t\t\t    <\/span>\n\n\t\t\t    \n\t\t\t    <span class=\"box\">\n\t\t\t      <a class=\"linkedin\" href=\"https:\/\/www.linkedin.com\/shareArticle?mini=true&url=https:\/\/www.compagniadisanpaolo.it\/it\/news\/estate-ragazzi-2025\/\">\n\t\t\t\t<span class=\"sr-only\">Linkedin<\/span>\n\t\t\t\t  <i class=\"fa-brands fa-linkedin-in\"><\/i>\n\t\t\t      <\/a>\n\t\t\t    <\/span>\n\n\t\t\t    <span class=\"box\">\n\t\t\t      <a class=\"whatsapp\" href=\"whatsapp:\/\/send?text=https:\/\/www.compagniadisanpaolo.it\/it\/news\/estate-ragazzi-2025\/\" data-action=\"share\/whatsapp\/share\">\n\t\t\t\t<span class=\"sr-only\">Whatsapp<\/span>\n\t\t\t\t<i class=\"fa-brands fa-whatsapp\"><\/i>\n\t\t\t      <\/a>\n\t\t\t    <\/span>\n\n\t\t\t    <span class=\"box\">\n\t\t\t      <a class=\"mail\" href=\"mailto:?subject=Estate Ragazzi 2025&body=https:\/\/www.compagniadisanpaolo.it\/it\/news\/estate-ragazzi-2025\/\">\n\t\t\t\t<span class=\"sr-only\">Mail<\/span>\n\t\t\t\t <i class=\"fa-solid fa-envelope\"><\/i>\n\t\t\t      <\/a>\n\t\t\t    <\/span>\n\t\t\t    \n\t\t\t  <\/div>\n\t\t\t<\/div>\n\t      <\/div>\n\t    <\/div><\/div>\n[\/vc_column_text][\/vc_column][\/vc_row][vc_row][vc_column width=&#8221;1\/4&#8243;][vc_column_text]\n\n\n\t\t<div class=\"info-box-wrap\">\n\n\t  <div class=\"info-box date-pub\">\n\t  \t<span class=\"label\">Data di pubblicazione:<\/span>\n\t    <span class=\"value\">3 Aprile 2025<\/span>\n\t  <\/div>\n\t\t\t\t  <div class=\"info-box obj-people\">\n\t\t\t\t\t  <div class=\"info-box obj\"><span class=\"label\">Obiettivo<\/span>\n\t\t\t\t\t    <div class=\"obj-small-box\">\n\t\t\t\t\t      <span>Persone.<\/span>\n\t\t\t\t\t    <\/div>\n\t\t\t\t\t  <\/div>\n\t\t\t\t  <\/div>\n\t\t\t  \n\t\t  \t   <div class=\"info-box obj-culture\">\n\t\t\t\t  <div class=\"info-box obj\"><span class=\"label\">Obiettivo<\/span>\n\t\t\t\t    <div class=\"obj-small-box\">\n\t\t\t\t      <span>Cultura.<\/span>\n\t\t\t\t    <\/div>\n\t\t\t\t  <\/div>\n\t\t\t  <\/div><div class=\"info-box mission\"><span class=\"label\">Tag<\/span><a href=\"https:\/\/www.compagniadisanpaolo.it\/it\/tags\/risultati\/?_sft_post_tag=coesione-sociale\" class=\"tag-element\">Coesione sociale<\/a><a href=\"https:\/\/www.compagniadisanpaolo.it\/it\/tags\/risultati\/?_sft_post_tag=comunita-educanti\" class=\"tag-element\">Comunit\u00e0 educanti<\/a><a href=\"https:\/\/www.compagniadisanpaolo.it\/it\/tags\/risultati\/?_sft_post_tag=creativita-ed-esperienze-attive\" class=\"tag-element\">Creativit\u00e0 ed esperienze attive<\/a><a href=\"https:\/\/www.compagniadisanpaolo.it\/it\/tags\/risultati\/?_sft_post_tag=formazione\" class=\"tag-element\">Formazione<\/a><a href=\"https:\/\/www.compagniadisanpaolo.it\/it\/tags\/risultati\/?_sft_post_tag=nuove-generazioni\" class=\"tag-element\">Nuove generazioni<\/a><a href=\"https:\/\/www.compagniadisanpaolo.it\/it\/tags\/risultati\/?_sft_post_tag=oltre-lerogazione\" class=\"tag-element\">Oltre l'erogazione<\/a><\/div>\t  \n\t<\/div>\n[\/vc_column_text][\/vc_column][vc_column width=&#8221;3\/4&#8243; el_class=&#8221;page-content&#8221;][vc_column_text css=&#8221;&#8221; el_class=&#8221;text&#8221;]Torna \u201c<strong>2025. Un\u2019estate insieme<\/strong>\u201d e con lei anche \u201c<strong>Estate Ragazzi<\/strong>&#8220;, l\u2019iniziativa progettata allo scopo di arricchire l\u2019estate delle bambine, dei bambini e degli adolescenti torinesi attraverso\u00a0<strong>un\u2019offerta<\/strong>\u00a0diversificata di appuntamenti e\u00a0<strong>attivit\u00e0<\/strong>\u00a0<strong>ludiche<\/strong>\u00a0e\u00a0<strong>formative<\/strong>.<\/p>\n<p>Il modello d\u2019intervento integrato \u201c<strong>2025. Un\u2019estate insieme<\/strong> \u201c, \u00e8 frutto della collaborazione sinergica tra la Fondazione Compagnia di San Paolo, il Comune di Torino, la\u00a0<strong>Fondazione Ufficio Pio<\/strong>, la\u00a0<strong>Fondazione per la Scuola<\/strong>, il\u00a0<strong>Consorzio Xk\u00e8? ZeroTredici<\/strong>, in collaborazione con gli\u00a0<strong>oratori diocesani e salesiani<\/strong>, le\u00a0<strong>scuole<\/strong>, gli\u00a0<strong>enti del Terzo Settore<\/strong>, l\u2019<strong>Associazione Abbonamento Musei\u00a0<\/strong>e altre\u00a0<strong>istituzioni culturali del territorio<\/strong>.<\/p>\n<p><strong>Per quanto riguarda l\u2019Estate ragazzi dal 9 giugno al 25 luglio<\/strong> saranno attivi <strong>47 centri estivi<\/strong>, ospitati negli istituti comprensivi e diffusi in tutte le circoscrizioni, che saranno gestiti da <strong>16 Enti qualificati<\/strong>, garantendo un\u2019offerta diversificata e di qualit\u00e0.<\/p>\n<p><strong>Nel 2025<\/strong> l\u2019iniziativa porta con s\u00e9 <strong>diverse novit\u00e0<\/strong> che arricchiranno l&#8217;offerta e garantiranno un&#8217;esperienza ancora pi\u00f9 inclusiva e coinvolgente.<\/p>\n<p>Per la prima volta, le iscrizioni ai servizi estivi rivolti ai bambini da 0 a 11 anni, inclusi i centri estivi, apriranno in un\u2019unica data: <strong>luned\u00ec 7 aprile 2025<\/strong>, a partire dalle ore 8:00, esclusivamente online sul sito <a href=\"https:\/\/estateragazzitorino.it\/\" target=\"_blank\" rel=\"noopener\"><u>www.estateragazzitorino.it<\/u><\/a>, utilizzando le credenziali SPID o CIE.<\/p>\n<p>Per facilitare il processo di iscrizione, le famiglie potranno avvalersi del supporto della <strong>rete degli Sportelli di Facilitazione Digitale<\/strong>, delle <strong>Case del quartiere<\/strong> e di uno <strong>sportello digitale dedicato<\/strong>, attivo su prenotazione presso ITER in via Bardonecchia 34, grazie al contributo di giovani in servizio civile.<\/p>\n<p>Un&#8217;altra importante novit\u00e0 riguarda l\u2019ampliamento dei <strong>Centri Estivi Specializzati per Minori<\/strong> (<strong>CESM<\/strong>), con l\u2019attivazione di <strong>due nuovi servizi dedicati ai bambini con disabilit\u00e0<\/strong> che necessitano di un <strong>supporto intensivo<\/strong>. Inoltre, la collaborazione con l\u2019associazione <strong>AIESEC<\/strong> porter\u00e0 nei centri estivi <strong>47 giovani volontari provenienti da tutta Europa<\/strong>, che affiancheranno gli animatori con attivit\u00e0 ludiche e laboratori in lingua, arricchendo l\u2019esperienza con un respiro internazionale.<\/p>\n<p>Anche i pi\u00f9 piccoli potranno vivere un\u2019estate ricca di esperienze grazie ai servizi <strong>Nidi d\u2019Estate<\/strong> e <strong>Bimbi Estate<\/strong>, con attivit\u00e0 pensate per le diverse fasce d\u2019et\u00e0.<\/p>\n<p>Il servizio <strong>Nidi d\u2019Estate<\/strong>, dedicato ai bambini da 0 a 3 anni, garantir\u00e0 continuit\u00e0 educativa nelle strutture gi\u00e0 frequentate durante l\u2019anno scolastico. Sar\u00e0 attivo nel mese di luglio in 20 nidi d\u2019infanzia comunali a gestione diretta e in 16 nidi in appalto, mentre ad agosto proseguir\u00e0 in 3 nidi in appalto.<\/p>\n<p>Per i bambini dai 3 ai 6 anni, il programma <strong>Bimbi Estate<\/strong> proporr\u00e0 attivit\u00e0 di animazione in collaborazione con le agenzie educative del territorio. Le iniziative si svolgeranno a luglio in 30 scuole dell\u2019infanzia comunali e ad agosto in 4 scuole dell\u2019infanzia. Inoltre, il servizio prevede un palinsesto speciale, realizzato con il supporto delle <strong>biblioteche civiche torinesi<\/strong> e del <strong>Consorzio Xk\u00e8? ZeroTredici<\/strong>, offrendo momenti di lettura e scoperta degli spazi bibliotecari di prossimit\u00e0. Nell\u2019ambito di <strong>Bimbi Estate<\/strong> rientrano anche le attivit\u00e0 proposte da <strong>Spazio ZeroSei<\/strong>.<\/p>\n<p>L\u2019accesso ai servizi per la fascia 0-6 anni non prevede un numero chiuso, garantendo un\u2019offerta inclusiva e aperta a tutte le famiglie.<\/p>\n<p>Il programma 2025 di Estate Ragazzi potr\u00e0 nuovamente arricchirsi con <strong>La Bella Stagione<\/strong>, palinsesto per i gruppi dei centri estivi con attivit\u00e0 creative, esperienziali, di scoperta, socialit\u00e0 e movimento nei musei, nelle istituzioni culturali e nelle associazioni del territorio a Torino e nella prima cintura promosso dalla Fondazione Compagnia di San Paolo in collaborazione con il Consorzio Xk\u00e9? ZeroTredici e con l\u2019Associazione Abbonamento Musei.<\/p>\n<p>Xk\u00e9? Il laboratorio della curiosit\u00e0 \u2013 come consuetudine \u2013 sar\u00e0 coinvolto ne La Bella Stagione come snodo di funzionamento, oltre a offrire alcune attivit\u00e0 a vocazione scientifica a titolo gratuito per i centri estivi del territorio.<\/p>\n<p>&#8220;<em>Anche quest\u2019anno, il Gruppo Compagnia di San Paolo rinnova il suo impegno nel sostenere e ampliare l\u2019offerta educativa estiva, collaborando in stretta sinergia con la Citt\u00e0 di Torino, gli oratori, le scuole e gli enti del terzo settore, l\u2019Associazione Abbonamento Musei e le istituzioni culturali. Il progetto &#8216;Un\u2019estate insieme&#8217; mira a promuovere il benessere di bambini e bambine, ragazzi e ragazze, attraverso azioni di socializzazione tra pari, occasioni di svago, apprendimento, conoscenza del territorio e autonomia. Rivolta a tutte e tutti, con riguardo alle situazioni di maggiore vulnerabilit\u00e0, l\u2019iniziativa si propone di essere una misura di contrasto della povert\u00e0 educativa<\/em>\u201d afferma <strong>Alberto Anfossi<\/strong>, Segretario Generale della Fondazione Compagnia di San Paolo.<\/p>\n<p>I numeri dello scorso anno confermano l\u2019impatto positivo di Estate Ragazzi sull\u2019intera comunit\u00e0. Nel 2024 hanno partecipato <strong>21.145 tra bambini e ragazzi<\/strong>, con considerevoli risultati anche per la fascia 0-3 anni (<strong>1.968<\/strong>) e <strong>2.643<\/strong> nella fascia <strong>3-6 anni<\/strong>. Sono stati coinvolti, inoltre, <strong>390 bambini e bambine con disabilit\u00e0<\/strong>, registrando un aumento importante rispetto al 2023.<\/p>\n<p>Le iscrizioni ai Centri Estivi di Estate Ragazzi hanno raggiunto le <strong>3.946 unit\u00e0<\/strong>, con un incremento di 445 rispetto all\u2019anno precedente, mentre gli oratori salesiani e diocesani hanno accolto <strong>9.824 ragazzi dai 6 ai 16 anni<\/strong>; parallelamente, il progetto AGS per il Territorio e l\u2019Associazione NOI Torino hanno coinvolto rispettivamente <strong>3.272 minori e 6.552 partecipanti<\/strong>.<\/p>\n<p>Per garantire ambienti inclusivi e accoglienti, anche quest&#8217;anno \u00e8 stato previsto un <strong>percorso di formazione gratuito rivolto agli animatori e agli educatori<\/strong> dei centri, con un\u2019attenzione specifica alle <strong>metodologie educative per i bambini con disabilit\u00e0<\/strong>. Il corso, strutturato in quattro incontri teorici e un tirocinio pratico di 40 ore, \u00e8 promosso da ITER con il supporto della Fondazione Compagnia di San Paolo e della Fondazione Ufficio Pio, in collaborazione con Area Onlus, Fondazione Oz, Lapolismile, Il Margine, Minollo, Safatletica, Un Sogno per Tutti e Paidea.<\/p>\n<p>Si rafforza anche la collaborazione con gli <strong>oratori cittadini<\/strong>, con <strong>45 strutture aderenti<\/strong>, per offrire un servizio di animazione estiva coordinato e favorire l\u2019inserimento di bambini provenienti da famiglie in condizione di vulnerabilit\u00e0 socioeconomica.<\/p>\n<p>Estate Ragazzi 2025 si conferma un&#8217;opportunit\u00e0 preziosa per le famiglie torinesi, offrendo ai pi\u00f9 piccoli un\u2019estate di esperienze positive, stimolanti e divertenti. Per ulteriori approfondimenti vi invitiamo a leggere il comunicato stampa disponibile di seguito.[\/vc_column_text][\/vc_column][\/vc_row][vc_row el_class=&#8221;sdg-list-wrap&#8221;][vc_column][vc_raw_html]JTVCbW9zdHJhU0RHUyU1RA==[\/vc_raw_html][\/vc_column][\/vc_row][vc_row el_class=&#8221;sdg-list-wrap&#8221;][vc_column][vc_raw_html]JTVCU2V6aW9uZV9Eb2N1bWVudGklNUQ=[\/vc_raw_html][\/vc_column][\/vc_row][vc_row][vc_column]<div class=\"templatera_shortcode\"><div data-vc-full-width=\"true\" data-vc-full-width-temp=\"true\" data-vc-full-width-init=\"false\" class=\"vc_row wpb_row vc_row-fluid newsletter-wrap\"><div class=\"wpb_column vc_column_container vc_col-sm-12\"><div class=\"vc_column-inner\"><div class=\"wpb_wrapper\">\n\t<div class=\"wpb_raw_code wpb_raw_html wpb_content_element\" >\n\t\t<div class=\"wpb_wrapper\">\n\t\t\t    <div class=\"container\">\n      <div class=\"row align-items-center\">\n\t<div class=\"col-12 col-lg-6 col-xl-5 mb-3 mb-lg-0 pr-0\">\n\t  <h2 class=\"title\">Rimani aggiornato sui nostri bandi e sui nostri progetti<\/h2>\n\t<\/div>\n\t<div class=\"col-12 col-lg-6 col-xl-7 pl-xl-4\">\n\t  <a class=\"standard-link-block\" href=\"\/it\/newsletter\/\">\n\t    Compila il form e decidi su quale argomento vuoi ricevere notizie.\t    <strong>\u00a0 ISCRIVITI!<\/strong>\n\t  <\/a>\n\t<\/div>\n      <\/div>\n    <\/div>\n\t\t<\/div>\n\t<\/div>\n<\/div><\/div><\/div><\/div><div class=\"vc_row-full-width vc_clearfix\"><\/div><\/div>[\/vc_column][\/vc_row]\n<\/div>","protected":false},"excerpt":{"rendered":"<p>La Fondazione Compagnia di San Paolo, in sinergia con gli enti del territorio, torna ad arricchire l\u2019estate dei torinesi pi\u00f9 giovani per offrire tante occasioni di intrattenimento all\u2019insegna della socializzazione, dell\u2019apprendimento e del benessere.<\/p>\n","protected":false},"author":19,"featured_media":4192,"comment_status":"closed","ping_status":"closed","sticky":false,"template":"","format":"standard","meta":{"_acf_changed":false,"content-type":"","footnotes":""},"categories":[17],"tags":[51,81,63,53,54,69],"class_list":["post-36307","post","type-post","status-publish","format-standard","has-post-thumbnail","hentry","category-news","tag-coesione-sociale","tag-comunita-educanti","tag-creativita-ed-esperienze-attive","tag-formazione","tag-nuove-generazioni","tag-oltre-lerogazione","entry","post-inner"],"acf":[],"yoast_head":"<!-- This site is optimized with the Yoast SEO plugin v27.3 - https:\/\/yoast.com\/product\/yoast-seo-wordpress\/ -->\n<title>Estate Ragazzi 2025 - Fondazione Compagnia di San Paolo<\/title>\n<meta name=\"description\" content=\"La Fondazione Compagnia di San Paolo, in sinergia con gli enti del territorio, torna ad arricchire l\u2019estate dei torinesi pi\u00f9 giovani per offrire tante occasioni di intrattenimento all\u2019insegna della socializzazione, dell\u2019apprendimento e del benessere.\" \/>\n<meta name=\"robots\" content=\"index, follow, max-snippet:-1, max-image-preview:large, max-video-preview:-1\" \/>\n<link rel=\"canonical\" href=\"https:\/\/www.compagniadisanpaolo.it\/it\/news\/estate-ragazzi-2025\/\" \/>\n<meta property=\"og:locale\" content=\"it_IT\" \/>\n<meta property=\"og:type\" content=\"article\" \/>\n<meta property=\"og:title\" content=\"Estate Ragazzi 2025 - Fondazione Compagnia di San Paolo\" \/>\n<meta property=\"og:description\" content=\"La Fondazione Compagnia di San Paolo, in sinergia con gli enti del territorio, torna ad arricchire l\u2019estate dei torinesi pi\u00f9 giovani per offrire tante occasioni di intrattenimento all\u2019insegna della socializzazione, dell\u2019apprendimento e del benessere.\" \/>\n<meta property=\"og:url\" content=\"https:\/\/www.compagniadisanpaolo.it\/it\/news\/estate-ragazzi-2025\/\" \/>\n<meta property=\"og:site_name\" content=\"Fondazione Compagnia di San Paolo\" \/>\n<meta property=\"article:publisher\" content=\"https:\/\/www.facebook.com\/CompagniaDiSanPaolo\" \/>\n<meta property=\"article:published_time\" content=\"2025-04-03T14:05:49+00:00\" \/>\n<meta property=\"og:image\" content=\"https:\/\/www.compagniadisanpaolo.it\/wp-content\/uploads\/815x350-sito.jpg\" \/>\n\t<meta property=\"og:image:width\" content=\"815\" \/>\n\t<meta property=\"og:image:height\" content=\"350\" \/>\n\t<meta property=\"og:image:type\" content=\"image\/jpeg\" \/>\n<meta name=\"author\" content=\"Federica\" \/>\n<meta name=\"twitter:card\" content=\"summary_large_image\" \/>\n<meta name=\"twitter:creator\" content=\"@CSP_live\" \/>\n<meta name=\"twitter:site\" content=\"@CSP_live\" \/>\n<meta name=\"twitter:label1\" content=\"Scritto da\" \/>\n\t<meta name=\"twitter:data1\" content=\"Federica\" \/>\n\t<meta name=\"twitter:label2\" content=\"Tempo di lettura stimato\" \/>\n\t<meta name=\"twitter:data2\" content=\"6 minuti\" \/>\n<script type=\"application\/ld+json\" class=\"yoast-schema-graph\">{\"@context\":\"https:\\\/\\\/schema.org\",\"@graph\":[{\"@type\":\"Article\",\"@id\":\"https:\\\/\\\/www.compagniadisanpaolo.it\\\/it\\\/news\\\/estate-ragazzi-2025\\\/#article\",\"isPartOf\":{\"@id\":\"https:\\\/\\\/www.compagniadisanpaolo.it\\\/it\\\/news\\\/estate-ragazzi-2025\\\/\"},\"author\":{\"name\":\"Federica\",\"@id\":\"https:\\\/\\\/www.compagniadisanpaolo.it\\\/it\\\/#\\\/schema\\\/person\\\/b7d5451541c25c82f29c5be1e78456b2\"},\"headline\":\"Estate Ragazzi 2025\",\"datePublished\":\"2025-04-03T14:05:49+00:00\",\"mainEntityOfPage\":{\"@id\":\"https:\\\/\\\/www.compagniadisanpaolo.it\\\/it\\\/news\\\/estate-ragazzi-2025\\\/\"},\"wordCount\":1124,\"publisher\":{\"@id\":\"https:\\\/\\\/www.compagniadisanpaolo.it\\\/it\\\/#organization\"},\"image\":{\"@id\":\"https:\\\/\\\/www.compagniadisanpaolo.it\\\/it\\\/news\\\/estate-ragazzi-2025\\\/#primaryimage\"},\"thumbnailUrl\":\"https:\\\/\\\/www.compagniadisanpaolo.it\\\/wp-content\\\/uploads\\\/815x350-sito.jpg\",\"keywords\":[\"coesione sociale\",\"comunit\u00e0 educanti\",\"creativit\u00e0 ed esperienze attive\",\"formazione\",\"nuove generazioni\",\"oltre l'erogazione\"],\"articleSection\":[\"News\"],\"inLanguage\":\"it-IT\"},{\"@type\":\"WebPage\",\"@id\":\"https:\\\/\\\/www.compagniadisanpaolo.it\\\/it\\\/news\\\/estate-ragazzi-2025\\\/\",\"url\":\"https:\\\/\\\/www.compagniadisanpaolo.it\\\/it\\\/news\\\/estate-ragazzi-2025\\\/\",\"name\":\"Estate Ragazzi 2025 - Fondazione Compagnia di San Paolo\",\"isPartOf\":{\"@id\":\"https:\\\/\\\/www.compagniadisanpaolo.it\\\/it\\\/#website\"},\"primaryImageOfPage\":{\"@id\":\"https:\\\/\\\/www.compagniadisanpaolo.it\\\/it\\\/news\\\/estate-ragazzi-2025\\\/#primaryimage\"},\"image\":{\"@id\":\"https:\\\/\\\/www.compagniadisanpaolo.it\\\/it\\\/news\\\/estate-ragazzi-2025\\\/#primaryimage\"},\"thumbnailUrl\":\"https:\\\/\\\/www.compagniadisanpaolo.it\\\/wp-content\\\/uploads\\\/815x350-sito.jpg\",\"datePublished\":\"2025-04-03T14:05:49+00:00\",\"description\":\"La Fondazione Compagnia di San Paolo, in sinergia con gli enti del territorio, torna ad arricchire l\u2019estate dei torinesi pi\u00f9 giovani per offrire tante occasioni di intrattenimento all\u2019insegna della socializzazione, dell\u2019apprendimento e del benessere.\",\"breadcrumb\":{\"@id\":\"https:\\\/\\\/www.compagniadisanpaolo.it\\\/it\\\/news\\\/estate-ragazzi-2025\\\/#breadcrumb\"},\"inLanguage\":\"it-IT\",\"potentialAction\":[{\"@type\":\"ReadAction\",\"target\":[\"https:\\\/\\\/www.compagniadisanpaolo.it\\\/it\\\/news\\\/estate-ragazzi-2025\\\/\"]}]},{\"@type\":\"ImageObject\",\"inLanguage\":\"it-IT\",\"@id\":\"https:\\\/\\\/www.compagniadisanpaolo.it\\\/it\\\/news\\\/estate-ragazzi-2025\\\/#primaryimage\",\"url\":\"https:\\\/\\\/www.compagniadisanpaolo.it\\\/wp-content\\\/uploads\\\/815x350-sito.jpg\",\"contentUrl\":\"https:\\\/\\\/www.compagniadisanpaolo.it\\\/wp-content\\\/uploads\\\/815x350-sito.jpg\",\"width\":815,\"height\":350},{\"@type\":\"BreadcrumbList\",\"@id\":\"https:\\\/\\\/www.compagniadisanpaolo.it\\\/it\\\/news\\\/estate-ragazzi-2025\\\/#breadcrumb\",\"itemListElement\":[{\"@type\":\"ListItem\",\"position\":1,\"name\":\"Home\",\"item\":\"https:\\\/\\\/www.compagniadisanpaolo.it\\\/it\\\/\"},{\"@type\":\"ListItem\",\"position\":2,\"name\":\"Estate Ragazzi 2025\"}]},{\"@type\":\"WebSite\",\"@id\":\"https:\\\/\\\/www.compagniadisanpaolo.it\\\/it\\\/#website\",\"url\":\"https:\\\/\\\/www.compagniadisanpaolo.it\\\/it\\\/\",\"name\":\"Fondazione Compagnia di San Paolo\",\"description\":\"\",\"publisher\":{\"@id\":\"https:\\\/\\\/www.compagniadisanpaolo.it\\\/it\\\/#organization\"},\"potentialAction\":[{\"@type\":\"SearchAction\",\"target\":{\"@type\":\"EntryPoint\",\"urlTemplate\":\"https:\\\/\\\/www.compagniadisanpaolo.it\\\/it\\\/?s={search_term_string}\"},\"query-input\":{\"@type\":\"PropertyValueSpecification\",\"valueRequired\":true,\"valueName\":\"search_term_string\"}}],\"inLanguage\":\"it-IT\"},{\"@type\":\"Organization\",\"@id\":\"https:\\\/\\\/www.compagniadisanpaolo.it\\\/it\\\/#organization\",\"name\":\"Fondazione Compagnia di San Paolo\",\"url\":\"https:\\\/\\\/www.compagniadisanpaolo.it\\\/it\\\/\",\"logo\":{\"@type\":\"ImageObject\",\"inLanguage\":\"it-IT\",\"@id\":\"https:\\\/\\\/www.compagniadisanpaolo.it\\\/it\\\/#\\\/schema\\\/logo\\\/image\\\/\",\"url\":\"https:\\\/\\\/www.compagniadisanpaolo.it\\\/wp-content\\\/uploads\\\/logo.svg\",\"contentUrl\":\"https:\\\/\\\/www.compagniadisanpaolo.it\\\/wp-content\\\/uploads\\\/logo.svg\",\"width\":769,\"height\":323,\"caption\":\"Fondazione Compagnia di San Paolo\"},\"image\":{\"@id\":\"https:\\\/\\\/www.compagniadisanpaolo.it\\\/it\\\/#\\\/schema\\\/logo\\\/image\\\/\"},\"sameAs\":[\"https:\\\/\\\/www.facebook.com\\\/CompagniaDiSanPaolo\",\"https:\\\/\\\/x.com\\\/CSP_live\",\"http:\\\/\\\/instagram.com\\\/compagniadisanpaolo?ref=badge\",\"https:\\\/\\\/www.linkedin.com\\\/company\\\/compagnia-di-san-paolo\",\"https:\\\/\\\/www.youtube.com\\\/user\\\/compagniadisanpaolo\",\"https:\\\/\\\/it.wikipedia.org\\\/wiki\\\/Compagnia_di_San_Paolo\"]},{\"@type\":\"Person\",\"@id\":\"https:\\\/\\\/www.compagniadisanpaolo.it\\\/it\\\/#\\\/schema\\\/person\\\/b7d5451541c25c82f29c5be1e78456b2\",\"name\":\"Federica\",\"image\":{\"@type\":\"ImageObject\",\"inLanguage\":\"it-IT\",\"@id\":\"https:\\\/\\\/secure.gravatar.com\\\/avatar\\\/b5698fa13ac389b1f1fb1263a4626e219d853d7ccf112e854aea8c9c087d24ae?s=96&d=mm&r=g\",\"url\":\"https:\\\/\\\/secure.gravatar.com\\\/avatar\\\/b5698fa13ac389b1f1fb1263a4626e219d853d7ccf112e854aea8c9c087d24ae?s=96&d=mm&r=g\",\"contentUrl\":\"https:\\\/\\\/secure.gravatar.com\\\/avatar\\\/b5698fa13ac389b1f1fb1263a4626e219d853d7ccf112e854aea8c9c087d24ae?s=96&d=mm&r=g\",\"caption\":\"Federica\"}}]}<\/script>\n<!-- \/ Yoast SEO plugin. -->","yoast_head_json":{"title":"Estate Ragazzi 2025 - Fondazione Compagnia di San Paolo","description":"La Fondazione Compagnia di San Paolo, in sinergia con gli enti del territorio, torna ad arricchire l\u2019estate dei torinesi pi\u00f9 giovani per offrire tante occasioni di intrattenimento all\u2019insegna della socializzazione, dell\u2019apprendimento e del benessere.","robots":{"index":"index","follow":"follow","max-snippet":"max-snippet:-1","max-image-preview":"max-image-preview:large","max-video-preview":"max-video-preview:-1"},"canonical":"https:\/\/www.compagniadisanpaolo.it\/it\/news\/estate-ragazzi-2025\/","og_locale":"it_IT","og_type":"article","og_title":"Estate Ragazzi 2025 - Fondazione Compagnia di San Paolo","og_description":"La Fondazione Compagnia di San Paolo, in sinergia con gli enti del territorio, torna ad arricchire l\u2019estate dei torinesi pi\u00f9 giovani per offrire tante occasioni di intrattenimento all\u2019insegna della socializzazione, dell\u2019apprendimento e del benessere.","og_url":"https:\/\/www.compagniadisanpaolo.it\/it\/news\/estate-ragazzi-2025\/","og_site_name":"Fondazione Compagnia di San Paolo","article_publisher":"https:\/\/www.facebook.com\/CompagniaDiSanPaolo","article_published_time":"2025-04-03T14:05:49+00:00","og_image":[{"width":815,"height":350,"url":"https:\/\/www.compagniadisanpaolo.it\/wp-content\/uploads\/815x350-sito.jpg","type":"image\/jpeg"}],"author":"Federica","twitter_card":"summary_large_image","twitter_creator":"@CSP_live","twitter_site":"@CSP_live","twitter_misc":{"Scritto da":"Federica","Tempo di lettura stimato":"6 minuti"},"schema":{"@context":"https:\/\/schema.org","@graph":[{"@type":"Article","@id":"https:\/\/www.compagniadisanpaolo.it\/it\/news\/estate-ragazzi-2025\/#article","isPartOf":{"@id":"https:\/\/www.compagniadisanpaolo.it\/it\/news\/estate-ragazzi-2025\/"},"author":{"name":"Federica","@id":"https:\/\/www.compagniadisanpaolo.it\/it\/#\/schema\/person\/b7d5451541c25c82f29c5be1e78456b2"},"headline":"Estate Ragazzi 2025","datePublished":"2025-04-03T14:05:49+00:00","mainEntityOfPage":{"@id":"https:\/\/www.compagniadisanpaolo.it\/it\/news\/estate-ragazzi-2025\/"},"wordCount":1124,"publisher":{"@id":"https:\/\/www.compagniadisanpaolo.it\/it\/#organization"},"image":{"@id":"https:\/\/www.compagniadisanpaolo.it\/it\/news\/estate-ragazzi-2025\/#primaryimage"},"thumbnailUrl":"https:\/\/www.compagniadisanpaolo.it\/wp-content\/uploads\/815x350-sito.jpg","keywords":["coesione sociale","comunit\u00e0 educanti","creativit\u00e0 ed esperienze attive","formazione","nuove generazioni","oltre l'erogazione"],"articleSection":["News"],"inLanguage":"it-IT"},{"@type":"WebPage","@id":"https:\/\/www.compagniadisanpaolo.it\/it\/news\/estate-ragazzi-2025\/","url":"https:\/\/www.compagniadisanpaolo.it\/it\/news\/estate-ragazzi-2025\/","name":"Estate Ragazzi 2025 - Fondazione Compagnia di San Paolo","isPartOf":{"@id":"https:\/\/www.compagniadisanpaolo.it\/it\/#website"},"primaryImageOfPage":{"@id":"https:\/\/www.compagniadisanpaolo.it\/it\/news\/estate-ragazzi-2025\/#primaryimage"},"image":{"@id":"https:\/\/www.compagniadisanpaolo.it\/it\/news\/estate-ragazzi-2025\/#primaryimage"},"thumbnailUrl":"https:\/\/www.compagniadisanpaolo.it\/wp-content\/uploads\/815x350-sito.jpg","datePublished":"2025-04-03T14:05:49+00:00","description":"La Fondazione Compagnia di San Paolo, in sinergia con gli enti del territorio, torna ad arricchire l\u2019estate dei torinesi pi\u00f9 giovani per offrire tante occasioni di intrattenimento all\u2019insegna della socializzazione, dell\u2019apprendimento e del benessere.","breadcrumb":{"@id":"https:\/\/www.compagniadisanpaolo.it\/it\/news\/estate-ragazzi-2025\/#breadcrumb"},"inLanguage":"it-IT","potentialAction":[{"@type":"ReadAction","target":["https:\/\/www.compagniadisanpaolo.it\/it\/news\/estate-ragazzi-2025\/"]}]},{"@type":"ImageObject","inLanguage":"it-IT","@id":"https:\/\/www.compagniadisanpaolo.it\/it\/news\/estate-ragazzi-2025\/#primaryimage","url":"https:\/\/www.compagniadisanpaolo.it\/wp-content\/uploads\/815x350-sito.jpg","contentUrl":"https:\/\/www.compagniadisanpaolo.it\/wp-content\/uploads\/815x350-sito.jpg","width":815,"height":350},{"@type":"BreadcrumbList","@id":"https:\/\/www.compagniadisanpaolo.it\/it\/news\/estate-ragazzi-2025\/#breadcrumb","itemListElement":[{"@type":"ListItem","position":1,"name":"Home","item":"https:\/\/www.compagniadisanpaolo.it\/it\/"},{"@type":"ListItem","position":2,"name":"Estate Ragazzi 2025"}]},{"@type":"WebSite","@id":"https:\/\/www.compagniadisanpaolo.it\/it\/#website","url":"https:\/\/www.compagniadisanpaolo.it\/it\/","name":"Fondazione Compagnia di San Paolo","description":"","publisher":{"@id":"https:\/\/www.compagniadisanpaolo.it\/it\/#organization"},"potentialAction":[{"@type":"SearchAction","target":{"@type":"EntryPoint","urlTemplate":"https:\/\/www.compagniadisanpaolo.it\/it\/?s={search_term_string}"},"query-input":{"@type":"PropertyValueSpecification","valueRequired":true,"valueName":"search_term_string"}}],"inLanguage":"it-IT"},{"@type":"Organization","@id":"https:\/\/www.compagniadisanpaolo.it\/it\/#organization","name":"Fondazione Compagnia di San Paolo","url":"https:\/\/www.compagniadisanpaolo.it\/it\/","logo":{"@type":"ImageObject","inLanguage":"it-IT","@id":"https:\/\/www.compagniadisanpaolo.it\/it\/#\/schema\/logo\/image\/","url":"https:\/\/www.compagniadisanpaolo.it\/wp-content\/uploads\/logo.svg","contentUrl":"https:\/\/www.compagniadisanpaolo.it\/wp-content\/uploads\/logo.svg","width":769,"height":323,"caption":"Fondazione Compagnia di San Paolo"},"image":{"@id":"https:\/\/www.compagniadisanpaolo.it\/it\/#\/schema\/logo\/image\/"},"sameAs":["https:\/\/www.facebook.com\/CompagniaDiSanPaolo","https:\/\/x.com\/CSP_live","http:\/\/instagram.com\/compagniadisanpaolo?ref=badge","https:\/\/www.linkedin.com\/company\/compagnia-di-san-paolo","https:\/\/www.youtube.com\/user\/compagniadisanpaolo","https:\/\/it.wikipedia.org\/wiki\/Compagnia_di_San_Paolo"]},{"@type":"Person","@id":"https:\/\/www.compagniadisanpaolo.it\/it\/#\/schema\/person\/b7d5451541c25c82f29c5be1e78456b2","name":"Federica","image":{"@type":"ImageObject","inLanguage":"it-IT","@id":"https:\/\/secure.gravatar.com\/avatar\/b5698fa13ac389b1f1fb1263a4626e219d853d7ccf112e854aea8c9c087d24ae?s=96&d=mm&r=g","url":"https:\/\/secure.gravatar.com\/avatar\/b5698fa13ac389b1f1fb1263a4626e219d853d7ccf112e854aea8c9c087d24ae?s=96&d=mm&r=g","contentUrl":"https:\/\/secure.gravatar.com\/avatar\/b5698fa13ac389b1f1fb1263a4626e219d853d7ccf112e854aea8c9c087d24ae?s=96&d=mm&r=g","caption":"Federica"}}]}},"amp_enabled":true,"_links":{"self":[{"href":"https:\/\/www.compagniadisanpaolo.it\/it\/wp-json\/wp\/v2\/posts\/36307","targetHints":{"allow":["GET"]}}],"collection":[{"href":"https:\/\/www.compagniadisanpaolo.it\/it\/wp-json\/wp\/v2\/posts"}],"about":[{"href":"https:\/\/www.compagniadisanpaolo.it\/it\/wp-json\/wp\/v2\/types\/post"}],"author":[{"embeddable":true,"href":"https:\/\/www.compagniadisanpaolo.it\/it\/wp-json\/wp\/v2\/users\/19"}],"replies":[{"embeddable":true,"href":"https:\/\/www.compagniadisanpaolo.it\/it\/wp-json\/wp\/v2\/comments?post=36307"}],"version-history":[{"count":2,"href":"https:\/\/www.compagniadisanpaolo.it\/it\/wp-json\/wp\/v2\/posts\/36307\/revisions"}],"predecessor-version":[{"id":36312,"href":"https:\/\/www.compagniadisanpaolo.it\/it\/wp-json\/wp\/v2\/posts\/36307\/revisions\/36312"}],"wp:featuredmedia":[{"embeddable":true,"href":"https:\/\/www.compagniadisanpaolo.it\/it\/wp-json\/wp\/v2\/media\/4192"}],"wp:attachment":[{"href":"https:\/\/www.compagniadisanpaolo.it\/it\/wp-json\/wp\/v2\/media?parent=36307"}],"wp:term":[{"taxonomy":"category","embeddable":true,"href":"https:\/\/www.compagniadisanpaolo.it\/it\/wp-json\/wp\/v2\/categories?post=36307"},{"taxonomy":"post_tag","embeddable":true,"href":"https:\/\/www.compagniadisanpaolo.it\/it\/wp-json\/wp\/v2\/tags?post=36307"}],"curies":[{"name":"wp","href":"https:\/\/api.w.org\/{rel}","templated":true}]}}