{"id":36105,"date":"2025-03-31T11:19:42","date_gmt":"2025-03-31T09:19:42","guid":{"rendered":"https:\/\/www.compagniadisanpaolo.it\/?p=36105"},"modified":"2025-05-22T10:40:23","modified_gmt":"2025-05-22T08:40:23","slug":"citta-delleducazione-al-via-la-call-for-action-unlock-opportunita-per-i-giovani-scelte-per-il-futuro","status":"publish","type":"post","link":"https:\/\/www.compagniadisanpaolo.it\/it\/news\/citta-delleducazione-al-via-la-call-for-action-unlock-opportunita-per-i-giovani-scelte-per-il-futuro\/","title":{"rendered":"Citt\u00e0 dell&#8217;Educazione: Al via la Call for Action UNLOCK. Opportunit\u00e0 per i giovani, scelte per il futuro."},"content":{"rendered":"<div class=\"wpb-content-wrapper\">[vc_row][vc_column][vc_column_text css=&#8221;&#8221; el_class=&#8221;text-headline2&#8243;]Attraverso la Call for Action UNLOCK, la Fondazione si propone di promuovere e consolidare le alleanze strategiche sul territorio della Citt\u00e0 di Torino per definire e sostenere la messa a punto di un sistema di opportunit\u00e0 integrato e complementare rispetto ai servizi e alle progettualit\u00e0 esistenti, e finalizzato al rafforzamento delle competenze formali e non formali dei\/delle giovani tra i 16 e 29 anni e all\u2019aumento della loro partecipazione al mercato del lavoro.[\/vc_column_text][\/vc_column][\/vc_row][vc_row][vc_column][vc_column_text]\n<div class=\"info-box mission\">\n\t\t<div class=\"info-box-wrap info-box-hor row pb-0\">\n\n\t\t      \n\t\t      <div class=\"spalla col-12 col-md-12\">\n\t\t\t<div class=\"info-box sharing-box\">\n\t\t\t  <span class=\"label\">Condividi:<\/span>\n\t\t\t  <div class=\"social-sharing\">\n\t\t\t    <span class=\"box\">\n\t\t\t      <a class=\"fb\" href=\"https:\/\/www.facebook.com\/sharer.php?u=https:\/\/www.compagniadisanpaolo.it\/it\/news\/citta-delleducazione-al-via-la-call-for-action-unlock-opportunita-per-i-giovani-scelte-per-il-futuro\/\" target=\"_blank\">\n\t\t\t\t<span class=\"sr-only\">Facebook<\/span>\n\t\t\t\t<i class=\"fab fa-facebook-f\"><\/i>\n\t\t\t      <\/a>\n\t\t\t    <\/span>\n\t\t\t    \n\t\t\t    <style>\n.twitter, .twitter:hover{\ncolor:#000000 !important;}\n<\/style>\n\n\n\t\t\t    <span class=\"box\">\n\t\t\t      <a class=\"twitter\" href=\"https:\/\/twitter.com\/intent\/tweet?url=https:\/\/www.compagniadisanpaolo.it\/it\/news\/citta-delleducazione-al-via-la-call-for-action-unlock-opportunita-per-i-giovani-scelte-per-il-futuro\/\">\n\t\t\t\t<span class=\"sr-only\">Twitter<\/span>\n\t\t\t\t<i class=\"fa-brands fa-x-twitter\"><\/i>\n\t\t\t      <\/a>\n\t\t\t    <\/span>\n\n\t\t\t    \n\t\t\t    <span class=\"box\">\n\t\t\t      <a class=\"linkedin\" href=\"https:\/\/www.linkedin.com\/shareArticle?mini=true&url=https:\/\/www.compagniadisanpaolo.it\/it\/news\/citta-delleducazione-al-via-la-call-for-action-unlock-opportunita-per-i-giovani-scelte-per-il-futuro\/\">\n\t\t\t\t<span class=\"sr-only\">Linkedin<\/span>\n\t\t\t\t  <i class=\"fa-brands fa-linkedin-in\"><\/i>\n\t\t\t      <\/a>\n\t\t\t    <\/span>\n\n\t\t\t    <span class=\"box\">\n\t\t\t      <a class=\"whatsapp\" href=\"whatsapp:\/\/send?text=https:\/\/www.compagniadisanpaolo.it\/it\/news\/citta-delleducazione-al-via-la-call-for-action-unlock-opportunita-per-i-giovani-scelte-per-il-futuro\/\" data-action=\"share\/whatsapp\/share\">\n\t\t\t\t<span class=\"sr-only\">Whatsapp<\/span>\n\t\t\t\t<i class=\"fa-brands fa-whatsapp\"><\/i>\n\t\t\t      <\/a>\n\t\t\t    <\/span>\n\n\t\t\t    <span class=\"box\">\n\t\t\t      <a class=\"mail\" href=\"mailto:?subject=Citt\u00e0 dell'Educazione: Al via la Call for Action UNLOCK. Opportunit\u00e0 per i giovani, scelte per il futuro.&body=https:\/\/www.compagniadisanpaolo.it\/it\/news\/citta-delleducazione-al-via-la-call-for-action-unlock-opportunita-per-i-giovani-scelte-per-il-futuro\/\">\n\t\t\t\t<span class=\"sr-only\">Mail<\/span>\n\t\t\t\t <i class=\"fa-solid fa-envelope\"><\/i>\n\t\t\t      <\/a>\n\t\t\t    <\/span>\n\t\t\t    \n\t\t\t  <\/div>\n\t\t\t<\/div>\n\t      <\/div>\n\t    <\/div><\/div>\n[\/vc_column_text][\/vc_column][\/vc_row][vc_row][vc_column width=&#8221;1\/4&#8243;][vc_column_text]\n\n\n\t\t<div class=\"info-box-wrap\">\n\n\t  <div class=\"info-box date-pub\">\n\t  \t<span class=\"label\">Data di pubblicazione:<\/span>\n\t    <span class=\"value\">31 Marzo 2025<\/span>\n\t  <\/div>\n\t\t\t\t  <div class=\"info-box obj-people\">\n\t\t\t\t\t  <div class=\"info-box obj\"><span class=\"label\">Obiettivo<\/span>\n\t\t\t\t\t    <div class=\"obj-small-box\">\n\t\t\t\t\t      <span>Persone.<\/span>\n\t\t\t\t\t    <\/div>\n\t\t\t\t\t  <\/div>\n\t\t\t\t  <\/div>\n\t\t\t  <div class=\"info-box mission\"><span class=\"label\">Tag<\/span><a href=\"https:\/\/www.compagniadisanpaolo.it\/it\/tags\/risultati\/?_sft_post_tag=coesione-sociale\" class=\"tag-element\">Coesione sociale<\/a><a href=\"https:\/\/www.compagniadisanpaolo.it\/it\/tags\/risultati\/?_sft_post_tag=comunita-educanti\" class=\"tag-element\">Comunit\u00e0 educanti<\/a><a href=\"https:\/\/www.compagniadisanpaolo.it\/it\/tags\/risultati\/?_sft_post_tag=creazione-di-reti-solide\" class=\"tag-element\">Creazione di reti solide<\/a><a href=\"https:\/\/www.compagniadisanpaolo.it\/it\/tags\/risultati\/?_sft_post_tag=formazione\" class=\"tag-element\">Formazione<\/a><a href=\"https:\/\/www.compagniadisanpaolo.it\/it\/tags\/risultati\/?_sft_post_tag=istruzione-di-qualita\" class=\"tag-element\">Istruzione di qualit\u00e0<\/a><a href=\"https:\/\/www.compagniadisanpaolo.it\/it\/tags\/risultati\/?_sft_post_tag=lavoro\" class=\"tag-element\">Lavoro<\/a><a href=\"https:\/\/www.compagniadisanpaolo.it\/it\/tags\/risultati\/?_sft_post_tag=nuove-generazioni\" class=\"tag-element\">Nuove generazioni<\/a><a href=\"https:\/\/www.compagniadisanpaolo.it\/it\/tags\/risultati\/?_sft_post_tag=opportunita-di-professionalizzazione\" class=\"tag-element\">Opportunit\u00e0 di professionalizzazione<\/a><a href=\"https:\/\/www.compagniadisanpaolo.it\/it\/tags\/risultati\/?_sft_post_tag=piena-cittadinanza-e-diritti\" class=\"tag-element\">Piena cittadinanza e diritti<\/a><a href=\"https:\/\/www.compagniadisanpaolo.it\/it\/tags\/risultati\/?_sft_post_tag=protagonismo-delle-comunita\" class=\"tag-element\">Protagonismo delle comunit\u00e0<\/a><\/div>\t  \n\t<\/div>\n[\/vc_column_text][\/vc_column][vc_column width=&#8221;3\/4&#8243; el_class=&#8221;page-content&#8221;][vc_column_text css=&#8221;&#8221; el_class=&#8221;text&#8221;]La Call si inserisce nell&#8217;ambito dell\u2019iniziativa <strong>Citt\u00e0 dell&#8217;Educazione, <\/strong>attraverso la quale la Fondazione \u00a0lancia una importante sfida ai territori con i quali collabora: considerare l\u2019<strong>educazione e il protagonismo dei giovani al<\/strong><strong> centro delle politiche di trasformazione di lungo periodo delle citt\u00e0<\/strong>, in un momento storico caratterizzato dal calo demografico e quindi dalla diminuzione\u00a0 delle generazioni pi\u00f9 giovani, per offrire opportunit\u00e0 educative e formative di qualit\u00e0, innovazione pedagogica per l\u2019inclusione e apprendimento continuo e coinvolgendo scuole, famiglie, enti e amministrazioni locali, associazioni di rappresentanza e imprese.<\/p>\n<p>Nello specifico, l\u2019<strong>intervento Citt\u00e0 dell\u2019Educazione rivolto alla fascia di et\u00e0 <a href=\"https:\/\/www.compagniadisanpaolo.it\/it\/i-progetti\/intervento-16-torino\/?noamp=mobile\" target=\"_blank\" rel=\"noopener\">16-29 anni<\/a><\/strong>, <strong>\u00a0<\/strong>sar\u00e0 realizzato in<strong> collaborazione con il Comune di Torino<\/strong> nel quadro del \u201cPatto per il lavoro e lo sviluppo\u201d promosso dalla Citt\u00e0 e dell\u2019infrastrutturazione di una rete dei Poli dell\u2019Occupabilit\u00e0 plus che vedr\u00e0, attraverso risorse del Pon Metro plus, la creazione di luoghi per l\u2019occupazione dove poter affrontare le sfide del mercato del lavoro insieme alle Associazioni Datoriali e i principali stakeholder delle Politiche Attive del Lavoro.<\/p>\n<p>La Call for Action <strong>UNLOCK. <\/strong><strong>Opportunit\u00e0 per i giovani, scelte per il futuro <\/strong>\u00e8 una prima linea di azione del pi\u00f9 ampio piano di lavoro quadriennale dell\u2019Intervento 16+ per sostenere ragazze e ragazzi che si trovano in una fase di incertezza rispetto al proprio percorso formativo e professionale.<\/p>\n<p>La Call si rivolge a partenariati tra enti pubblici e del privato sociale, in cui siano presenti almeno tre <strong>soggetti accreditati per i servizi al lavoro e un ente accreditato per la formazione, \u00a0minimo due e fino a sei ulteriori soggetti <\/strong>con competenze diversificate in ambito socioeducativo, artistico-culturale, digitale e creativo. Sar\u00e0 considerata <strong>premiante ai fini della valutazione<\/strong> la presenza di soggetti con <strong>competenze in educativa di strada<\/strong> e <strong>animazione<\/strong> <strong>giovanile<\/strong> e di realt\u00e0 con esperienza di lavoro in <strong>quartieri periferici della Citt\u00e0. <\/strong><\/p>\n<p><strong>UNLOCK <\/strong>si articoler\u00e0 in due fasi. Nella prima, i soggetti interessati presenteranno una prima idea progettuale inviando una richiesta online entro il <strong>5 giugno 2025<\/strong>. Saranno, quindi, selezionate fino a due candidature per ciascuna area territoriale oggetto di intervento* (Lotto 1 \u2013 Distretto Nord-ovest e Sud-Ovest; Lotto 2 \u2013 Distretto Nord-Est e Sud-est), che parteciperanno a un <strong>percorso di accompagnamento alla progettazione di dettaglio. <\/strong>\u00a0Al termine di questo percorso, tra tutti i soggetti che avranno presentato entro il <strong>19 settembre 2025 <\/strong>un progetto di dettaglio tramite la procedura on line<strong>, <\/strong>saranno selezionate solo due candidature.<\/p>\n<p>Nella <strong>seconda fase<\/strong>, i partenariati selezionati saranno invitati a sedere ad un <strong>tavolo di progettazione partecipata<\/strong> per contribuire a comporre il sistema di opportunit\u00e0 dell\u2019intervento Citt\u00e0 dell\u2019educazione 16+. Il focus sar\u00e0 su due dimensioni: l\u2019animazione del territorio e il rafforzamento dell\u2019ecosistema locale per la formazione e il lavoro; l\u2019emersione, l\u2019aggancio e il coinvolgimento dei\/delle giovani.<\/p>\n<p>Scopo ultimo della Call \u00e8 quello di <strong>coinvolgere<\/strong>, nei prossimi 36 mesi, almeno<strong> 9.000 giovani <\/strong>in fase di emersione e aggancio. Di questi,<strong> 4.500 <\/strong>entreranno <strong>nel sistema di opportunit\u00e0 dell\u2019intervento<\/strong>, con l\u2019obiettivo di<strong> favorire l\u2019inserimento lavorativo <\/strong>di almeno<strong> 1.500 ragazze e ragazzi.<\/strong><\/p>\n<p>Contestualmente al lancio di <strong>UNLOCK<\/strong>, la Fondazione promuove un <strong>Avviso per l\u2019affidamento di un incarico professionale <\/strong>a societ\u00e0, enti qualificati o persone fisiche in possesso di partita IVA, per il coordinamento dei processi e delle azione collegate alla fase attuativa della Call for Action, da realizzarsi in stretta collaborazione con la Fondazione.<\/p>\n<p>L\u2019incarico professionale prevede <strong>la gestione delle attivit\u00e0 di Project management e di supporto alla governance dell\u2019iniziativa<\/strong>, l\u2019accompagnamento e il <strong>rafforzamento<\/strong> <strong>delle competenze delle reti selezionate, <\/strong>la supervisione rispetto al raggiungimento degli obiettivi. Comprende, inoltre, la pianificazione e l\u2019attivazione di momenti di lavoro condiviso attraverso l\u2019approccio della progettazione partecipata finalizzato alla creazione del sistema di opportunit\u00e0 dell\u2019intervento 16+ da realizzarsi in stretto coordinamento con le amministrazioni locali e i principali portatori di interesse.<\/p>\n<p>I professionisti dovranno possedere competenze consolidate in <strong>politiche attive del lavoro<\/strong>, <strong>politiche giovanili<\/strong>, <strong>sviluppo locale e innovazione sociale<\/strong>, nonch\u00e9 una conoscenza approfondita del contesto territoriale torinese.<\/p>\n<p>Gioved\u00ec <strong>17 aprile 2025<\/strong>, dalle ore 10:00, si terr\u00e0 un <strong>webinar<\/strong> di presentazione per esplorare le opportunit\u00e0 offerte dalla call for action UNLOCK, un&#8217;occasione di approfondimento rivolta a tutte le realt\u00e0 interessate a candidarsi per l&#8217;iniziativa.<br \/>\nL&#8217;appuntamento vedr\u00e0 la partecipazione della <strong>Vicesindaca Michela Favaro<\/strong> e del <strong>Segretario Generale della Fondazione Compagnia di San Paolo<\/strong>, <b>Alberto Anfossi<\/b>.<\/p>\n<p>Per iscriversi, \u00e8 necessario visitare il <strong><a href=\"https:\/\/actingout-it.zoom.us\/webinar\/register\/WN_PyAId56HR-6lEUAWfQxvMA#\/registration\" target=\"_blank\" rel=\"noopener\">presente link<\/a><\/strong>.<\/p>\n<p>Sia la Call for Action <strong>UNLOCK <\/strong>che l&#8217;<strong>Avviso per l&#8217;incarico professionale <\/strong>rappresentano un esempio tangibile dell\u2019impegno della Fondazione Compagnia di San Paolo nel creare opportunit\u00e0 concrete e durature per i\/le \u00a0giovani del territorio.<\/p>\n<p>Per maggiori informazioni e per consultare la documentazione completa, vi invitiamo a visitare la sezione <a href=\"https:\/\/www.compagniadisanpaolo.it\/it\/contributi\/call-for-action-unlock-opportunita-per-i-giovani-scelte-per-il-futuro\/?noamp=mobile\" target=\"_blank\" rel=\"noopener\"><strong>Contributi<\/strong><\/a> del sito della Fondazione.<\/p>\n<p>&nbsp;<\/p>\n<p>&nbsp;<\/p>\n<p><sup>* Area 1: Circoscrizioni 4 e 5 (Distretto Nord Ovest); Circoscrizioni 2 e 3 (Distretto Sud Ovest). Requisito per candidarsi per l&#8217;Area 1: Il gruppo di organizzazioni deve avere sedi operative in almeno due tra le circoscrizioni 2, 3, 4 e 5.<\/sup><sup>\u2028<\/sup><sup>Area 2: Comprende le seguenti circoscrizioni: Circoscrizioni 6 e 7 (Distretto Nord Est), Circoscrizioni 1 e 8 (Distretto Sud Est). Requisito per candidarsi per l&#8217;Area 2: Il gruppo di organizzazioni deve avere sedi operative in almeno due tra le circoscrizioni 1, 6, 7 e 8<\/sup>[\/vc_column_text][vc_empty_space][vc_video link=&#8221;https:\/\/www.youtube.com\/watch?v=ig7-Wt3FWUQ&#8221; css=&#8221;&#8221;][\/vc_column][\/vc_row][vc_row el_class=&#8221;sdg-list-wrap&#8221;][vc_column][vc_raw_html]JTVCbW9zdHJhU0RHUyU1RA==[\/vc_raw_html][\/vc_column][\/vc_row][vc_row el_class=&#8221;sdg-list-wrap&#8221;][vc_column][vc_raw_html]JTVCU2V6aW9uZV9Eb2N1bWVudGklNUQ=[\/vc_raw_html][\/vc_column][\/vc_row][vc_row][vc_column]<div class=\"templatera_shortcode\"><div data-vc-full-width=\"true\" data-vc-full-width-temp=\"true\" data-vc-full-width-init=\"false\" class=\"vc_row wpb_row vc_row-fluid newsletter-wrap\"><div class=\"wpb_column vc_column_container vc_col-sm-12\"><div class=\"vc_column-inner\"><div class=\"wpb_wrapper\">\n\t<div class=\"wpb_raw_code wpb_raw_html wpb_content_element\" >\n\t\t<div class=\"wpb_wrapper\">\n\t\t\t    <div class=\"container\">\n      <div class=\"row align-items-center\">\n\t<div class=\"col-12 col-lg-6 col-xl-5 mb-3 mb-lg-0 pr-0\">\n\t  <h2 class=\"title\">Rimani aggiornato sui nostri bandi e sui nostri progetti<\/h2>\n\t<\/div>\n\t<div class=\"col-12 col-lg-6 col-xl-7 pl-xl-4\">\n\t  <a class=\"standard-link-block\" href=\"\/it\/newsletter\/\">\n\t    Compila il form e decidi su quale argomento vuoi ricevere notizie.\t    <strong>\u00a0 ISCRIVITI!<\/strong>\n\t  <\/a>\n\t<\/div>\n      <\/div>\n    <\/div>\n\t\t<\/div>\n\t<\/div>\n<\/div><\/div><\/div><\/div><div class=\"vc_row-full-width vc_clearfix\"><\/div><\/div>[\/vc_column][\/vc_row]\n<\/div>","protected":false},"excerpt":{"rendered":"<p>Attraverso la Call for Action UNLOCK, la Fondazione si propone di promuovere e consolidare le alleanze strategiche sul territorio della Citt\u00e0 di Torino per definire e sostenere la messa a punto di un sistema di opportunit\u00e0 integrato e complementare rispetto ai servizi e alle progettualit\u00e0 esistenti, e finalizzato al rafforzamento delle competenze formali e non formali dei\/delle giovani tra i 16 e 29 anni e all\u2019aumento della loro partecipazione al mercato del lavoro.<\/p>\n","protected":false},"author":19,"featured_media":36092,"comment_status":"closed","ping_status":"closed","sticky":false,"template":"","format":"standard","meta":{"_acf_changed":false,"content-type":"","footnotes":""},"categories":[17],"tags":[51,81,70,53,213,462,54,71,93,90],"class_list":["post-36105","post","type-post","status-publish","format-standard","has-post-thumbnail","hentry","category-news","tag-coesione-sociale","tag-comunita-educanti","tag-creazione-di-reti-solide","tag-formazione","tag-istruzione-di-qualita","tag-lavoro","tag-nuove-generazioni","tag-opportunita-di-professionalizzazione","tag-piena-cittadinanza-e-diritti","tag-protagonismo-delle-comunita","entry","post-inner"],"acf":[],"yoast_head":"<!-- This site is optimized with the Yoast SEO plugin v27.3 - https:\/\/yoast.com\/product\/yoast-seo-wordpress\/ -->\n<title>Citt\u00e0 dell&#039;Educazione: Al via la Call for Action UNLOCK. Opportunit\u00e0 per i giovani, scelte per il futuro. - Fondazione Compagnia di San Paolo<\/title>\n<meta name=\"description\" content=\"Call for Action UNLOCK: per definire e sostenere la messa a punto di un sistema di opportunit\u00e0 integrato e finalizzato al rafforzamento delle competenze dei\/delle giovani tra i 16 e 29 anni.\" \/>\n<meta name=\"robots\" content=\"index, follow, max-snippet:-1, max-image-preview:large, max-video-preview:-1\" \/>\n<link rel=\"canonical\" href=\"https:\/\/www.compagniadisanpaolo.it\/it\/news\/citta-delleducazione-al-via-la-call-for-action-unlock-opportunita-per-i-giovani-scelte-per-il-futuro\/\" \/>\n<meta property=\"og:locale\" content=\"it_IT\" \/>\n<meta property=\"og:type\" content=\"article\" \/>\n<meta property=\"og:title\" content=\"Citt\u00e0 dell&#039;Educazione: Al via la Call for Action UNLOCK. Opportunit\u00e0 per i giovani, scelte per il futuro. - Fondazione Compagnia di San Paolo\" \/>\n<meta property=\"og:description\" content=\"Call for Action UNLOCK: per definire e sostenere la messa a punto di un sistema di opportunit\u00e0 integrato e finalizzato al rafforzamento delle competenze dei\/delle giovani tra i 16 e 29 anni.\" \/>\n<meta property=\"og:url\" content=\"https:\/\/www.compagniadisanpaolo.it\/it\/news\/citta-delleducazione-al-via-la-call-for-action-unlock-opportunita-per-i-giovani-scelte-per-il-futuro\/\" \/>\n<meta property=\"og:site_name\" content=\"Fondazione Compagnia di San Paolo\" \/>\n<meta property=\"article:publisher\" content=\"https:\/\/www.facebook.com\/CompagniaDiSanPaolo\" \/>\n<meta property=\"article:published_time\" content=\"2025-03-31T09:19:42+00:00\" \/>\n<meta property=\"article:modified_time\" content=\"2025-05-22T08:40:23+00:00\" \/>\n<meta property=\"og:image\" content=\"https:\/\/www.compagniadisanpaolo.it\/wp-content\/uploads\/CSP_unlock-banner-sito-815x350-2.jpg\" \/>\n\t<meta property=\"og:image:width\" content=\"815\" \/>\n\t<meta property=\"og:image:height\" content=\"350\" \/>\n\t<meta property=\"og:image:type\" content=\"image\/jpeg\" \/>\n<meta name=\"author\" content=\"Federica\" \/>\n<meta name=\"twitter:card\" content=\"summary_large_image\" \/>\n<meta name=\"twitter:creator\" content=\"@CSP_live\" \/>\n<meta name=\"twitter:site\" content=\"@CSP_live\" \/>\n<meta name=\"twitter:label1\" content=\"Scritto da\" \/>\n\t<meta name=\"twitter:data1\" content=\"Federica\" \/>\n\t<meta name=\"twitter:label2\" content=\"Tempo di lettura stimato\" \/>\n\t<meta name=\"twitter:data2\" content=\"6 minuti\" \/>\n<script type=\"application\/ld+json\" class=\"yoast-schema-graph\">{\"@context\":\"https:\\\/\\\/schema.org\",\"@graph\":[{\"@type\":\"Article\",\"@id\":\"https:\\\/\\\/www.compagniadisanpaolo.it\\\/it\\\/news\\\/citta-delleducazione-al-via-la-call-for-action-unlock-opportunita-per-i-giovani-scelte-per-il-futuro\\\/#article\",\"isPartOf\":{\"@id\":\"https:\\\/\\\/www.compagniadisanpaolo.it\\\/it\\\/news\\\/citta-delleducazione-al-via-la-call-for-action-unlock-opportunita-per-i-giovani-scelte-per-il-futuro\\\/\"},\"author\":{\"name\":\"Federica\",\"@id\":\"https:\\\/\\\/www.compagniadisanpaolo.it\\\/it\\\/#\\\/schema\\\/person\\\/b7d5451541c25c82f29c5be1e78456b2\"},\"headline\":\"Citt\u00e0 dell&#8217;Educazione: Al via la Call for Action UNLOCK. Opportunit\u00e0 per i giovani, scelte per il futuro.\",\"datePublished\":\"2025-03-31T09:19:42+00:00\",\"dateModified\":\"2025-05-22T08:40:23+00:00\",\"mainEntityOfPage\":{\"@id\":\"https:\\\/\\\/www.compagniadisanpaolo.it\\\/it\\\/news\\\/citta-delleducazione-al-via-la-call-for-action-unlock-opportunita-per-i-giovani-scelte-per-il-futuro\\\/\"},\"wordCount\":1058,\"publisher\":{\"@id\":\"https:\\\/\\\/www.compagniadisanpaolo.it\\\/it\\\/#organization\"},\"image\":{\"@id\":\"https:\\\/\\\/www.compagniadisanpaolo.it\\\/it\\\/news\\\/citta-delleducazione-al-via-la-call-for-action-unlock-opportunita-per-i-giovani-scelte-per-il-futuro\\\/#primaryimage\"},\"thumbnailUrl\":\"https:\\\/\\\/www.compagniadisanpaolo.it\\\/wp-content\\\/uploads\\\/CSP_unlock-banner-sito-815x350-2.jpg\",\"keywords\":[\"coesione sociale\",\"comunit\u00e0 educanti\",\"creazione di reti solide\",\"formazione\",\"istruzione di qualit\u00e0\",\"lavoro\",\"nuove generazioni\",\"opportunit\u00e0 di professionalizzazione\",\"piena cittadinanza e diritti\",\"protagonismo delle comunit\u00e0\"],\"articleSection\":[\"News\"],\"inLanguage\":\"it-IT\"},{\"@type\":\"WebPage\",\"@id\":\"https:\\\/\\\/www.compagniadisanpaolo.it\\\/it\\\/news\\\/citta-delleducazione-al-via-la-call-for-action-unlock-opportunita-per-i-giovani-scelte-per-il-futuro\\\/\",\"url\":\"https:\\\/\\\/www.compagniadisanpaolo.it\\\/it\\\/news\\\/citta-delleducazione-al-via-la-call-for-action-unlock-opportunita-per-i-giovani-scelte-per-il-futuro\\\/\",\"name\":\"Citt\u00e0 dell'Educazione: Al via la Call for Action UNLOCK. Opportunit\u00e0 per i giovani, scelte per il futuro. - Fondazione Compagnia di San Paolo\",\"isPartOf\":{\"@id\":\"https:\\\/\\\/www.compagniadisanpaolo.it\\\/it\\\/#website\"},\"primaryImageOfPage\":{\"@id\":\"https:\\\/\\\/www.compagniadisanpaolo.it\\\/it\\\/news\\\/citta-delleducazione-al-via-la-call-for-action-unlock-opportunita-per-i-giovani-scelte-per-il-futuro\\\/#primaryimage\"},\"image\":{\"@id\":\"https:\\\/\\\/www.compagniadisanpaolo.it\\\/it\\\/news\\\/citta-delleducazione-al-via-la-call-for-action-unlock-opportunita-per-i-giovani-scelte-per-il-futuro\\\/#primaryimage\"},\"thumbnailUrl\":\"https:\\\/\\\/www.compagniadisanpaolo.it\\\/wp-content\\\/uploads\\\/CSP_unlock-banner-sito-815x350-2.jpg\",\"datePublished\":\"2025-03-31T09:19:42+00:00\",\"dateModified\":\"2025-05-22T08:40:23+00:00\",\"description\":\"Call for Action UNLOCK: per definire e sostenere la messa a punto di un sistema di opportunit\u00e0 integrato e finalizzato al rafforzamento delle competenze dei\\\/delle giovani tra i 16 e 29 anni.\",\"breadcrumb\":{\"@id\":\"https:\\\/\\\/www.compagniadisanpaolo.it\\\/it\\\/news\\\/citta-delleducazione-al-via-la-call-for-action-unlock-opportunita-per-i-giovani-scelte-per-il-futuro\\\/#breadcrumb\"},\"inLanguage\":\"it-IT\",\"potentialAction\":[{\"@type\":\"ReadAction\",\"target\":[\"https:\\\/\\\/www.compagniadisanpaolo.it\\\/it\\\/news\\\/citta-delleducazione-al-via-la-call-for-action-unlock-opportunita-per-i-giovani-scelte-per-il-futuro\\\/\"]}]},{\"@type\":\"ImageObject\",\"inLanguage\":\"it-IT\",\"@id\":\"https:\\\/\\\/www.compagniadisanpaolo.it\\\/it\\\/news\\\/citta-delleducazione-al-via-la-call-for-action-unlock-opportunita-per-i-giovani-scelte-per-il-futuro\\\/#primaryimage\",\"url\":\"https:\\\/\\\/www.compagniadisanpaolo.it\\\/wp-content\\\/uploads\\\/CSP_unlock-banner-sito-815x350-2.jpg\",\"contentUrl\":\"https:\\\/\\\/www.compagniadisanpaolo.it\\\/wp-content\\\/uploads\\\/CSP_unlock-banner-sito-815x350-2.jpg\",\"width\":815,\"height\":350},{\"@type\":\"BreadcrumbList\",\"@id\":\"https:\\\/\\\/www.compagniadisanpaolo.it\\\/it\\\/news\\\/citta-delleducazione-al-via-la-call-for-action-unlock-opportunita-per-i-giovani-scelte-per-il-futuro\\\/#breadcrumb\",\"itemListElement\":[{\"@type\":\"ListItem\",\"position\":1,\"name\":\"Home\",\"item\":\"https:\\\/\\\/www.compagniadisanpaolo.it\\\/it\\\/\"},{\"@type\":\"ListItem\",\"position\":2,\"name\":\"Citt\u00e0 dell&#8217;Educazione: Al via la Call for Action UNLOCK. Opportunit\u00e0 per i giovani, scelte per il futuro.\"}]},{\"@type\":\"WebSite\",\"@id\":\"https:\\\/\\\/www.compagniadisanpaolo.it\\\/it\\\/#website\",\"url\":\"https:\\\/\\\/www.compagniadisanpaolo.it\\\/it\\\/\",\"name\":\"Fondazione Compagnia di San Paolo\",\"description\":\"\",\"publisher\":{\"@id\":\"https:\\\/\\\/www.compagniadisanpaolo.it\\\/it\\\/#organization\"},\"potentialAction\":[{\"@type\":\"SearchAction\",\"target\":{\"@type\":\"EntryPoint\",\"urlTemplate\":\"https:\\\/\\\/www.compagniadisanpaolo.it\\\/it\\\/?s={search_term_string}\"},\"query-input\":{\"@type\":\"PropertyValueSpecification\",\"valueRequired\":true,\"valueName\":\"search_term_string\"}}],\"inLanguage\":\"it-IT\"},{\"@type\":\"Organization\",\"@id\":\"https:\\\/\\\/www.compagniadisanpaolo.it\\\/it\\\/#organization\",\"name\":\"Fondazione Compagnia di San Paolo\",\"url\":\"https:\\\/\\\/www.compagniadisanpaolo.it\\\/it\\\/\",\"logo\":{\"@type\":\"ImageObject\",\"inLanguage\":\"it-IT\",\"@id\":\"https:\\\/\\\/www.compagniadisanpaolo.it\\\/it\\\/#\\\/schema\\\/logo\\\/image\\\/\",\"url\":\"https:\\\/\\\/www.compagniadisanpaolo.it\\\/wp-content\\\/uploads\\\/logo.svg\",\"contentUrl\":\"https:\\\/\\\/www.compagniadisanpaolo.it\\\/wp-content\\\/uploads\\\/logo.svg\",\"width\":769,\"height\":323,\"caption\":\"Fondazione Compagnia di San Paolo\"},\"image\":{\"@id\":\"https:\\\/\\\/www.compagniadisanpaolo.it\\\/it\\\/#\\\/schema\\\/logo\\\/image\\\/\"},\"sameAs\":[\"https:\\\/\\\/www.facebook.com\\\/CompagniaDiSanPaolo\",\"https:\\\/\\\/x.com\\\/CSP_live\",\"http:\\\/\\\/instagram.com\\\/compagniadisanpaolo?ref=badge\",\"https:\\\/\\\/www.linkedin.com\\\/company\\\/compagnia-di-san-paolo\",\"https:\\\/\\\/www.youtube.com\\\/user\\\/compagniadisanpaolo\",\"https:\\\/\\\/it.wikipedia.org\\\/wiki\\\/Compagnia_di_San_Paolo\"]},{\"@type\":\"Person\",\"@id\":\"https:\\\/\\\/www.compagniadisanpaolo.it\\\/it\\\/#\\\/schema\\\/person\\\/b7d5451541c25c82f29c5be1e78456b2\",\"name\":\"Federica\",\"image\":{\"@type\":\"ImageObject\",\"inLanguage\":\"it-IT\",\"@id\":\"https:\\\/\\\/secure.gravatar.com\\\/avatar\\\/b5698fa13ac389b1f1fb1263a4626e219d853d7ccf112e854aea8c9c087d24ae?s=96&d=mm&r=g\",\"url\":\"https:\\\/\\\/secure.gravatar.com\\\/avatar\\\/b5698fa13ac389b1f1fb1263a4626e219d853d7ccf112e854aea8c9c087d24ae?s=96&d=mm&r=g\",\"contentUrl\":\"https:\\\/\\\/secure.gravatar.com\\\/avatar\\\/b5698fa13ac389b1f1fb1263a4626e219d853d7ccf112e854aea8c9c087d24ae?s=96&d=mm&r=g\",\"caption\":\"Federica\"}}]}<\/script>\n<!-- \/ Yoast SEO plugin. -->","yoast_head_json":{"title":"Citt\u00e0 dell'Educazione: Al via la Call for Action UNLOCK. Opportunit\u00e0 per i giovani, scelte per il futuro. - Fondazione Compagnia di San Paolo","description":"Call for Action UNLOCK: per definire e sostenere la messa a punto di un sistema di opportunit\u00e0 integrato e finalizzato al rafforzamento delle competenze dei\/delle giovani tra i 16 e 29 anni.","robots":{"index":"index","follow":"follow","max-snippet":"max-snippet:-1","max-image-preview":"max-image-preview:large","max-video-preview":"max-video-preview:-1"},"canonical":"https:\/\/www.compagniadisanpaolo.it\/it\/news\/citta-delleducazione-al-via-la-call-for-action-unlock-opportunita-per-i-giovani-scelte-per-il-futuro\/","og_locale":"it_IT","og_type":"article","og_title":"Citt\u00e0 dell'Educazione: Al via la Call for Action UNLOCK. Opportunit\u00e0 per i giovani, scelte per il futuro. - Fondazione Compagnia di San Paolo","og_description":"Call for Action UNLOCK: per definire e sostenere la messa a punto di un sistema di opportunit\u00e0 integrato e finalizzato al rafforzamento delle competenze dei\/delle giovani tra i 16 e 29 anni.","og_url":"https:\/\/www.compagniadisanpaolo.it\/it\/news\/citta-delleducazione-al-via-la-call-for-action-unlock-opportunita-per-i-giovani-scelte-per-il-futuro\/","og_site_name":"Fondazione Compagnia di San Paolo","article_publisher":"https:\/\/www.facebook.com\/CompagniaDiSanPaolo","article_published_time":"2025-03-31T09:19:42+00:00","article_modified_time":"2025-05-22T08:40:23+00:00","og_image":[{"width":815,"height":350,"url":"https:\/\/www.compagniadisanpaolo.it\/wp-content\/uploads\/CSP_unlock-banner-sito-815x350-2.jpg","type":"image\/jpeg"}],"author":"Federica","twitter_card":"summary_large_image","twitter_creator":"@CSP_live","twitter_site":"@CSP_live","twitter_misc":{"Scritto da":"Federica","Tempo di lettura stimato":"6 minuti"},"schema":{"@context":"https:\/\/schema.org","@graph":[{"@type":"Article","@id":"https:\/\/www.compagniadisanpaolo.it\/it\/news\/citta-delleducazione-al-via-la-call-for-action-unlock-opportunita-per-i-giovani-scelte-per-il-futuro\/#article","isPartOf":{"@id":"https:\/\/www.compagniadisanpaolo.it\/it\/news\/citta-delleducazione-al-via-la-call-for-action-unlock-opportunita-per-i-giovani-scelte-per-il-futuro\/"},"author":{"name":"Federica","@id":"https:\/\/www.compagniadisanpaolo.it\/it\/#\/schema\/person\/b7d5451541c25c82f29c5be1e78456b2"},"headline":"Citt\u00e0 dell&#8217;Educazione: Al via la Call for Action UNLOCK. Opportunit\u00e0 per i giovani, scelte per il futuro.","datePublished":"2025-03-31T09:19:42+00:00","dateModified":"2025-05-22T08:40:23+00:00","mainEntityOfPage":{"@id":"https:\/\/www.compagniadisanpaolo.it\/it\/news\/citta-delleducazione-al-via-la-call-for-action-unlock-opportunita-per-i-giovani-scelte-per-il-futuro\/"},"wordCount":1058,"publisher":{"@id":"https:\/\/www.compagniadisanpaolo.it\/it\/#organization"},"image":{"@id":"https:\/\/www.compagniadisanpaolo.it\/it\/news\/citta-delleducazione-al-via-la-call-for-action-unlock-opportunita-per-i-giovani-scelte-per-il-futuro\/#primaryimage"},"thumbnailUrl":"https:\/\/www.compagniadisanpaolo.it\/wp-content\/uploads\/CSP_unlock-banner-sito-815x350-2.jpg","keywords":["coesione sociale","comunit\u00e0 educanti","creazione di reti solide","formazione","istruzione di qualit\u00e0","lavoro","nuove generazioni","opportunit\u00e0 di professionalizzazione","piena cittadinanza e diritti","protagonismo delle comunit\u00e0"],"articleSection":["News"],"inLanguage":"it-IT"},{"@type":"WebPage","@id":"https:\/\/www.compagniadisanpaolo.it\/it\/news\/citta-delleducazione-al-via-la-call-for-action-unlock-opportunita-per-i-giovani-scelte-per-il-futuro\/","url":"https:\/\/www.compagniadisanpaolo.it\/it\/news\/citta-delleducazione-al-via-la-call-for-action-unlock-opportunita-per-i-giovani-scelte-per-il-futuro\/","name":"Citt\u00e0 dell'Educazione: Al via la Call for Action UNLOCK. Opportunit\u00e0 per i giovani, scelte per il futuro. - Fondazione Compagnia di San Paolo","isPartOf":{"@id":"https:\/\/www.compagniadisanpaolo.it\/it\/#website"},"primaryImageOfPage":{"@id":"https:\/\/www.compagniadisanpaolo.it\/it\/news\/citta-delleducazione-al-via-la-call-for-action-unlock-opportunita-per-i-giovani-scelte-per-il-futuro\/#primaryimage"},"image":{"@id":"https:\/\/www.compagniadisanpaolo.it\/it\/news\/citta-delleducazione-al-via-la-call-for-action-unlock-opportunita-per-i-giovani-scelte-per-il-futuro\/#primaryimage"},"thumbnailUrl":"https:\/\/www.compagniadisanpaolo.it\/wp-content\/uploads\/CSP_unlock-banner-sito-815x350-2.jpg","datePublished":"2025-03-31T09:19:42+00:00","dateModified":"2025-05-22T08:40:23+00:00","description":"Call for Action UNLOCK: per definire e sostenere la messa a punto di un sistema di opportunit\u00e0 integrato e finalizzato al rafforzamento delle competenze dei\/delle giovani tra i 16 e 29 anni.","breadcrumb":{"@id":"https:\/\/www.compagniadisanpaolo.it\/it\/news\/citta-delleducazione-al-via-la-call-for-action-unlock-opportunita-per-i-giovani-scelte-per-il-futuro\/#breadcrumb"},"inLanguage":"it-IT","potentialAction":[{"@type":"ReadAction","target":["https:\/\/www.compagniadisanpaolo.it\/it\/news\/citta-delleducazione-al-via-la-call-for-action-unlock-opportunita-per-i-giovani-scelte-per-il-futuro\/"]}]},{"@type":"ImageObject","inLanguage":"it-IT","@id":"https:\/\/www.compagniadisanpaolo.it\/it\/news\/citta-delleducazione-al-via-la-call-for-action-unlock-opportunita-per-i-giovani-scelte-per-il-futuro\/#primaryimage","url":"https:\/\/www.compagniadisanpaolo.it\/wp-content\/uploads\/CSP_unlock-banner-sito-815x350-2.jpg","contentUrl":"https:\/\/www.compagniadisanpaolo.it\/wp-content\/uploads\/CSP_unlock-banner-sito-815x350-2.jpg","width":815,"height":350},{"@type":"BreadcrumbList","@id":"https:\/\/www.compagniadisanpaolo.it\/it\/news\/citta-delleducazione-al-via-la-call-for-action-unlock-opportunita-per-i-giovani-scelte-per-il-futuro\/#breadcrumb","itemListElement":[{"@type":"ListItem","position":1,"name":"Home","item":"https:\/\/www.compagniadisanpaolo.it\/it\/"},{"@type":"ListItem","position":2,"name":"Citt\u00e0 dell&#8217;Educazione: Al via la Call for Action UNLOCK. Opportunit\u00e0 per i giovani, scelte per il futuro."}]},{"@type":"WebSite","@id":"https:\/\/www.compagniadisanpaolo.it\/it\/#website","url":"https:\/\/www.compagniadisanpaolo.it\/it\/","name":"Fondazione Compagnia di San Paolo","description":"","publisher":{"@id":"https:\/\/www.compagniadisanpaolo.it\/it\/#organization"},"potentialAction":[{"@type":"SearchAction","target":{"@type":"EntryPoint","urlTemplate":"https:\/\/www.compagniadisanpaolo.it\/it\/?s={search_term_string}"},"query-input":{"@type":"PropertyValueSpecification","valueRequired":true,"valueName":"search_term_string"}}],"inLanguage":"it-IT"},{"@type":"Organization","@id":"https:\/\/www.compagniadisanpaolo.it\/it\/#organization","name":"Fondazione Compagnia di San Paolo","url":"https:\/\/www.compagniadisanpaolo.it\/it\/","logo":{"@type":"ImageObject","inLanguage":"it-IT","@id":"https:\/\/www.compagniadisanpaolo.it\/it\/#\/schema\/logo\/image\/","url":"https:\/\/www.compagniadisanpaolo.it\/wp-content\/uploads\/logo.svg","contentUrl":"https:\/\/www.compagniadisanpaolo.it\/wp-content\/uploads\/logo.svg","width":769,"height":323,"caption":"Fondazione Compagnia di San Paolo"},"image":{"@id":"https:\/\/www.compagniadisanpaolo.it\/it\/#\/schema\/logo\/image\/"},"sameAs":["https:\/\/www.facebook.com\/CompagniaDiSanPaolo","https:\/\/x.com\/CSP_live","http:\/\/instagram.com\/compagniadisanpaolo?ref=badge","https:\/\/www.linkedin.com\/company\/compagnia-di-san-paolo","https:\/\/www.youtube.com\/user\/compagniadisanpaolo","https:\/\/it.wikipedia.org\/wiki\/Compagnia_di_San_Paolo"]},{"@type":"Person","@id":"https:\/\/www.compagniadisanpaolo.it\/it\/#\/schema\/person\/b7d5451541c25c82f29c5be1e78456b2","name":"Federica","image":{"@type":"ImageObject","inLanguage":"it-IT","@id":"https:\/\/secure.gravatar.com\/avatar\/b5698fa13ac389b1f1fb1263a4626e219d853d7ccf112e854aea8c9c087d24ae?s=96&d=mm&r=g","url":"https:\/\/secure.gravatar.com\/avatar\/b5698fa13ac389b1f1fb1263a4626e219d853d7ccf112e854aea8c9c087d24ae?s=96&d=mm&r=g","contentUrl":"https:\/\/secure.gravatar.com\/avatar\/b5698fa13ac389b1f1fb1263a4626e219d853d7ccf112e854aea8c9c087d24ae?s=96&d=mm&r=g","caption":"Federica"}}]}},"amp_enabled":true,"_links":{"self":[{"href":"https:\/\/www.compagniadisanpaolo.it\/it\/wp-json\/wp\/v2\/posts\/36105","targetHints":{"allow":["GET"]}}],"collection":[{"href":"https:\/\/www.compagniadisanpaolo.it\/it\/wp-json\/wp\/v2\/posts"}],"about":[{"href":"https:\/\/www.compagniadisanpaolo.it\/it\/wp-json\/wp\/v2\/types\/post"}],"author":[{"embeddable":true,"href":"https:\/\/www.compagniadisanpaolo.it\/it\/wp-json\/wp\/v2\/users\/19"}],"replies":[{"embeddable":true,"href":"https:\/\/www.compagniadisanpaolo.it\/it\/wp-json\/wp\/v2\/comments?post=36105"}],"version-history":[{"count":5,"href":"https:\/\/www.compagniadisanpaolo.it\/it\/wp-json\/wp\/v2\/posts\/36105\/revisions"}],"predecessor-version":[{"id":37667,"href":"https:\/\/www.compagniadisanpaolo.it\/it\/wp-json\/wp\/v2\/posts\/36105\/revisions\/37667"}],"wp:featuredmedia":[{"embeddable":true,"href":"https:\/\/www.compagniadisanpaolo.it\/it\/wp-json\/wp\/v2\/media\/36092"}],"wp:attachment":[{"href":"https:\/\/www.compagniadisanpaolo.it\/it\/wp-json\/wp\/v2\/media?parent=36105"}],"wp:term":[{"taxonomy":"category","embeddable":true,"href":"https:\/\/www.compagniadisanpaolo.it\/it\/wp-json\/wp\/v2\/categories?post=36105"},{"taxonomy":"post_tag","embeddable":true,"href":"https:\/\/www.compagniadisanpaolo.it\/it\/wp-json\/wp\/v2\/tags?post=36105"}],"curies":[{"name":"wp","href":"https:\/\/api.w.org\/{rel}","templated":true}]}}