{"id":34091,"date":"2025-02-06T16:43:18","date_gmt":"2025-02-06T15:43:18","guid":{"rendered":"https:\/\/www.compagniadisanpaolo.it\/?p=34091"},"modified":"2025-02-06T16:43:18","modified_gmt":"2025-02-06T15:43:18","slug":"villa-della-regina-presentato-il-progetto-per-il-restauro-e-la-valorizzazione","status":"publish","type":"post","link":"https:\/\/www.compagniadisanpaolo.it\/it\/news\/villa-della-regina-presentato-il-progetto-per-il-restauro-e-la-valorizzazione\/","title":{"rendered":"Villa della Regina: presentato il progetto per il restauro e la valorizzazione"},"content":{"rendered":"<div class=\"wpb-content-wrapper\">[vc_row][vc_column][vc_column_text el_class=&#8221;text-headline2&#8243;]Inaugurata una nuova fase per il sito, alla riscoperta della sua storica vocazione come spazio dedicato alla natura e alla cultura. Sempre pi\u00f9 accogliente e accessibile alla cittadinanza, la Villa ambisce a diventare un polo culturale di riferimento per la Citt\u00e0.[\/vc_column_text][\/vc_column][\/vc_row][vc_row][vc_column][vc_column_text]\n<div class=\"info-box mission\">\n\t\t<div class=\"info-box-wrap info-box-hor row pb-0\">\n\n\t\t      \n\t\t      <div class=\"spalla col-12 col-md-12\">\n\t\t\t<div class=\"info-box sharing-box\">\n\t\t\t  <span class=\"label\">Condividi:<\/span>\n\t\t\t  <div class=\"social-sharing\">\n\t\t\t    <span class=\"box\">\n\t\t\t      <a class=\"fb\" href=\"https:\/\/www.facebook.com\/sharer.php?u=https:\/\/www.compagniadisanpaolo.it\/it\/news\/villa-della-regina-presentato-il-progetto-per-il-restauro-e-la-valorizzazione\/\" target=\"_blank\">\n\t\t\t\t<span class=\"sr-only\">Facebook<\/span>\n\t\t\t\t<i class=\"fab fa-facebook-f\"><\/i>\n\t\t\t      <\/a>\n\t\t\t    <\/span>\n\t\t\t    \n\t\t\t    <style>\n.twitter, .twitter:hover{\ncolor:#000000 !important;}\n<\/style>\n\n\n\t\t\t    <span class=\"box\">\n\t\t\t      <a class=\"twitter\" href=\"https:\/\/twitter.com\/intent\/tweet?url=https:\/\/www.compagniadisanpaolo.it\/it\/news\/villa-della-regina-presentato-il-progetto-per-il-restauro-e-la-valorizzazione\/\">\n\t\t\t\t<span class=\"sr-only\">Twitter<\/span>\n\t\t\t\t<i class=\"fa-brands fa-x-twitter\"><\/i>\n\t\t\t      <\/a>\n\t\t\t    <\/span>\n\n\t\t\t    \n\t\t\t    <span class=\"box\">\n\t\t\t      <a class=\"linkedin\" href=\"https:\/\/www.linkedin.com\/shareArticle?mini=true&url=https:\/\/www.compagniadisanpaolo.it\/it\/news\/villa-della-regina-presentato-il-progetto-per-il-restauro-e-la-valorizzazione\/\">\n\t\t\t\t<span class=\"sr-only\">Linkedin<\/span>\n\t\t\t\t  <i class=\"fa-brands fa-linkedin-in\"><\/i>\n\t\t\t      <\/a>\n\t\t\t    <\/span>\n\n\t\t\t    <span class=\"box\">\n\t\t\t      <a class=\"whatsapp\" href=\"whatsapp:\/\/send?text=https:\/\/www.compagniadisanpaolo.it\/it\/news\/villa-della-regina-presentato-il-progetto-per-il-restauro-e-la-valorizzazione\/\" data-action=\"share\/whatsapp\/share\">\n\t\t\t\t<span class=\"sr-only\">Whatsapp<\/span>\n\t\t\t\t<i class=\"fa-brands fa-whatsapp\"><\/i>\n\t\t\t      <\/a>\n\t\t\t    <\/span>\n\n\t\t\t    <span class=\"box\">\n\t\t\t      <a class=\"mail\" href=\"mailto:?subject=Villa della Regina: presentato il progetto per il restauro e la valorizzazione&body=https:\/\/www.compagniadisanpaolo.it\/it\/news\/villa-della-regina-presentato-il-progetto-per-il-restauro-e-la-valorizzazione\/\">\n\t\t\t\t<span class=\"sr-only\">Mail<\/span>\n\t\t\t\t <i class=\"fa-solid fa-envelope\"><\/i>\n\t\t\t      <\/a>\n\t\t\t    <\/span>\n\t\t\t    \n\t\t\t  <\/div>\n\t\t\t<\/div>\n\t      <\/div>\n\t    <\/div><\/div>\n[\/vc_column_text][\/vc_column][\/vc_row][vc_row][vc_column width=&#8221;1\/4&#8243;][vc_column_text]\n\n\n\t\t<div class=\"info-box-wrap\">\n\n\t  <div class=\"info-box date-pub\">\n\t  \t<span class=\"label\">Data di pubblicazione:<\/span>\n\t    <span class=\"value\">6 Febbraio 2025<\/span>\n\t  <\/div>\n\t\t\t\t  <div class=\"info-box obj-institutional\">\n\t\t\t\t\t  <div class=\"info-box obj\">\n\t\t\t\t\t    <div class=\"obj-small-box\">\n\t\t\t\t\t      <span>Istituzionale<\/span>\n\t\t\t\t\t    <\/div>\n\t\t\t\t\t  <\/div>\n\t\t\t\t  <\/div>\n\t\t\t  <div class=\"info-box mission\"><span class=\"label\">Tag<\/span><a href=\"https:\/\/www.compagniadisanpaolo.it\/it\/tags\/risultati\/?_sft_post_tag=cultura\" class=\"tag-element\">Cultura<\/a><a href=\"https:\/\/www.compagniadisanpaolo.it\/it\/tags\/risultati\/?_sft_post_tag=cultura-contemporanea\" class=\"tag-element\">Cultura contemporanea<\/a><a href=\"https:\/\/www.compagniadisanpaolo.it\/it\/tags\/risultati\/?_sft_post_tag=oltre-lerogazione\" class=\"tag-element\">Oltre l'erogazione<\/a><\/div>\t  \n\t<\/div>\n[\/vc_column_text][\/vc_column][vc_column width=&#8221;3\/4&#8243; el_class=&#8221;page-content&#8221;][vc_column_text el_class=&#8221;text&#8221;]Questa mattina \u00e8 stato presentato il<strong> progetto<\/strong> per il <strong>restauro<\/strong> e la <strong>valorizzazione<\/strong> <strong>del complesso museale Villa della Regina<\/strong>, un&#8217;azione che sancisce l&#8217;impegno congiunto della <strong>Direzione Generale Musei<\/strong>, delle <strong>Residenze Reali Sabaude<\/strong> e della <strong>Fondazione Compagnia di San Paolo<\/strong>.<\/p>\n<p>La presentazione ufficiale del progetto di riqualificazione si \u00e8 svolta nel Salone d\u2019Onore di Villa della Regina, alla presenza di <strong>rappresentanti<\/strong> <strong>istituzionali<\/strong> ed <strong>esperti del settore<\/strong>. Ad aprire l\u2019evento \u00e8 stato <strong>Roberto Vannata<\/strong>, Dirigente del Servizio II \u2013 <strong>Sistema Museale Nazionale della Direzione Generale Musei<\/strong>, seguito dagli interventi di <strong>Filippo Masino<\/strong>, Direttore delle <strong>Residenze Reali Sabaude<\/strong>, <strong>Cristina Lucca<\/strong> della <strong>Soprintendenza Archeologia<\/strong>, <strong>Belle<\/strong> <strong>Arti<\/strong> <strong>e Paesaggio<\/strong> per la citt\u00e0 metropolitana di Torino, <strong>Sara Lyla<\/strong> <strong>Mantica<\/strong>, \u00a0<strong>Direttrice di Villa della Regina<\/strong>, i progettisti <strong>Salvatore Simonetti<\/strong> e <strong>Federico Fontana<\/strong> e del Segretario Generale della Fondazione Compagnia di San Paolo <strong>Alberto Anfossi<\/strong> che ha dichiarato:<\/p>\n<p>\u201cSiamo nuovamente accanto al Ministero della cultura per un progetto che siamo certi possa avere un grande significato per Torino, ponendosi come modello a livello nazionale. Il nostro impegno \u00e8 affiancare strategicamente gli enti pubblici nella tutela e valorizzazione del patrimonio culturale, non solo con risorse economiche, ma fornendo competenze aggiuntive per il buon andamento del progetto. Il nostro obiettivo \u00e8 creare le condizioni per una gestione del patrimonio sostenibile e ragionata sul lungo periodo, capace di massimizzare l\u2019impatto degli interventi. Con la Villa della Regina intendiamo supportare un percorso che unisca conservazione, innovazione e sviluppo, offrendo strumenti concreti per la rifunzionalizzazione di una delle pi\u00f9 interessanti tra le Residenze Sabaude\u201d.<\/p>\n<p>Il progetto si inserisce in un\u2019<strong>ampia visione strategica<\/strong>, volta a rendere la Villa un <strong>modello di museo sostenibile<\/strong> e un <strong>punto di riferimento per l\u2019intera comunit\u00e0<\/strong>.<\/p>\n<p>Cuore della presentazione \u00e8 stato il <strong>masterplan<\/strong> \u201c<strong>Vigna della Regina. Studio di fattibilit\u00e0 per un museo sostenibile<\/strong>\u201d, donato dalla <strong>Fondazione Compagnia di San Paolo<\/strong> alle Residenze Reali Sabaude.<\/p>\n<p>Il documento, frutto del lavoro di un team di professionisti guidato dagli architetti <strong>Salvatore Simonetti e Federico Fontana<\/strong>, delinea un ambizioso programma di interventi mirati alla <strong>riqualificazione e valorizzazione del compendio culturale<\/strong>, integrandosi con i <strong>progetti gi\u00e0 avviati<\/strong> con <strong>fondi PNRR<\/strong> dalla Direzione Generale Musei e dalle Residenze Reali Sabaude.<\/p>\n<p>Nello specifico, il <strong>masterplan<\/strong> prevede <strong>tre principali ambiti di intervento<\/strong>, ovvero:<\/p>\n<p><strong>il recupero del sistema verde storico<\/strong>: che intende valorizzare l&#8217;equilibrio tra giardini formali e aree agricole. Questo include il ripristino di orti e frutteti, la rimozione della vegetazione infestante e il <strong>recupero della<\/strong> <strong>Casa del Vignolante<\/strong>, che sar\u00e0 destinata a laboratori didattici sulla sostenibilit\u00e0 ambientale.<\/p>\n<p><strong>Miglioramento delle aree di libero accesso<\/strong>: l&#8217;intervento riguarder\u00e0 il <strong>viale d\u2019ingresso<\/strong>, che sar\u00e0 oggetto di un intervento di <strong>restauro paesaggistico<\/strong> per migliorare l\u2019<strong>accessibilit\u00e0<\/strong> e l\u2019accoglienza. Inoltre, nell\u2019area dove un tempo sorgeva il Palazzo Chiablese, verr\u00e0 realizzata una struttura contemporanea in acciaio e vetro, destinata a ospitare una caffetteria panoramica con vista sulla citt\u00e0.<\/p>\n<p><strong>Riqualificazione della residenza e del museo<\/strong>: il restauro delle facciate e degli interni permetter\u00e0 di riaprire i piani superiori della Villa. Questi nuovi spazi saranno dedicati a esposizioni, attivit\u00e0 culturali e percorsi formativi incentrati sull&#8217;arte e sulla sostenibilit\u00e0.<\/p>\n<p>Parallelamente, il piano prevede interventi di miglioramento dell\u2019accessibilit\u00e0 e della mobilit\u00e0 sostenibile, con la sistemazione dell\u2019area parcheggio e l\u2019introduzione di una nuova fermata del trasporto pubblico locale.<\/p>\n<p>Grazie alla collaborazione tra istituzioni pubbliche e Fondazione Compagnia di San Paolo, <strong>Villa della Regina<\/strong> si avvia a diventare un <strong>polo culturale e ambientale d\u2019eccellenza<\/strong>, capace di coniugare <strong>storia<\/strong>, <strong>innovazione<\/strong> e <strong>sostenibilit\u00e0<\/strong> per restituire alla comunit\u00e0 un luogo dal valore inestimabile.<\/p>\n<p>Per ulteriori approfondimenti vi invitiamo a consultare il <a href=\"https:\/\/www.compagniadisanpaolo.it\/it\/comunicati-stampa\/villa-della-regina-per-una-citta-sostenibile\/\" target=\"_blank\" rel=\"noopener\">comunicato stampa<\/a>.[\/vc_column_text][vc_empty_space][vc_masonry_media_grid grid_id=&#8221;vc_gid:1738856307918-8e9875c8-a3ac-4&#8243; include=&#8221;34095,34097,34099,34101,34103,34105,34107,34109,34111&#8243;][\/vc_column][\/vc_row][vc_row el_class=&#8221;sdg-list-wrap&#8221;][vc_column][vc_raw_html]JTVCbW9zdHJhU0RHUyU1RA==[\/vc_raw_html][vc_raw_html]JTVCU2V6aW9uZV9Eb2N1bWVudGklNUQ=[\/vc_raw_html][\/vc_column][\/vc_row][vc_row][vc_column]<div class=\"templatera_shortcode\"><div data-vc-full-width=\"true\" data-vc-full-width-temp=\"true\" data-vc-full-width-init=\"false\" class=\"vc_row wpb_row vc_row-fluid newsletter-wrap\"><div class=\"wpb_column vc_column_container vc_col-sm-12\"><div class=\"vc_column-inner\"><div class=\"wpb_wrapper\">\n\t<div class=\"wpb_raw_code wpb_raw_html wpb_content_element\" >\n\t\t<div class=\"wpb_wrapper\">\n\t\t\t    <div class=\"container\">\n      <div class=\"row align-items-center\">\n\t<div class=\"col-12 col-lg-6 col-xl-5 mb-3 mb-lg-0 pr-0\">\n\t  <h2 class=\"title\">Rimani aggiornato sui nostri bandi e sui nostri progetti<\/h2>\n\t<\/div>\n\t<div class=\"col-12 col-lg-6 col-xl-7 pl-xl-4\">\n\t  <a class=\"standard-link-block\" href=\"\/it\/newsletter\/\">\n\t    Compila il form e decidi su quale argomento vuoi ricevere notizie.\t    <strong>\u00a0 ISCRIVITI!<\/strong>\n\t  <\/a>\n\t<\/div>\n      <\/div>\n    <\/div>\n\t\t<\/div>\n\t<\/div>\n<\/div><\/div><\/div><\/div><div class=\"vc_row-full-width vc_clearfix\"><\/div><\/div>[\/vc_column][\/vc_row]\n<\/div>","protected":false},"excerpt":{"rendered":"<p>Inaugurata una nuova fase per il sito, alla riscoperta della sua storica vocazione come spazio dedicato alla natura e alla cultura. Sempre pi\u00f9 accogliente e accessibile alla cittadinanza, la Villa ambisce a diventare un polo culturale di riferimento per la Citt\u00e0.<\/p>\n","protected":false},"author":19,"featured_media":34093,"comment_status":"closed","ping_status":"closed","sticky":false,"template":"","format":"standard","meta":{"_acf_changed":false,"content-type":"","footnotes":""},"categories":[17],"tags":[198,196,69],"class_list":["post-34091","post","type-post","status-publish","format-standard","has-post-thumbnail","hentry","category-news","tag-cultura","tag-cultura-contemporanea","tag-oltre-lerogazione","entry","post-inner"],"acf":[],"yoast_head":"<!-- This site is optimized with the Yoast SEO plugin v27.3 - https:\/\/yoast.com\/product\/yoast-seo-wordpress\/ -->\n<title>Villa della Regina: presentato il progetto per il restauro e la valorizzazione - Fondazione Compagnia di San Paolo<\/title>\n<meta name=\"description\" content=\"Inaugurata una nuova fase per il sito, alla riscoperta della sua storica vocazione come spazio dedicato alla natura e alla cultura.\" \/>\n<meta name=\"robots\" content=\"index, follow, max-snippet:-1, max-image-preview:large, max-video-preview:-1\" \/>\n<link rel=\"canonical\" href=\"https:\/\/www.compagniadisanpaolo.it\/it\/news\/villa-della-regina-presentato-il-progetto-per-il-restauro-e-la-valorizzazione\/\" \/>\n<meta property=\"og:locale\" content=\"it_IT\" \/>\n<meta property=\"og:type\" content=\"article\" \/>\n<meta property=\"og:title\" content=\"Villa della Regina: presentato il progetto per il restauro e la valorizzazione - Fondazione Compagnia di San Paolo\" \/>\n<meta property=\"og:description\" content=\"Inaugurata una nuova fase per il sito, alla riscoperta della sua storica vocazione come spazio dedicato alla natura e alla cultura.\" \/>\n<meta property=\"og:url\" content=\"https:\/\/www.compagniadisanpaolo.it\/it\/news\/villa-della-regina-presentato-il-progetto-per-il-restauro-e-la-valorizzazione\/\" \/>\n<meta property=\"og:site_name\" content=\"Fondazione Compagnia di San Paolo\" \/>\n<meta property=\"article:publisher\" content=\"https:\/\/www.facebook.com\/CompagniaDiSanPaolo\" \/>\n<meta property=\"article:published_time\" content=\"2025-02-06T15:43:18+00:00\" \/>\n<meta property=\"og:image\" content=\"https:\/\/www.compagniadisanpaolo.it\/wp-content\/uploads\/villa-della-regina_presentazione-progetto_815X350.png\" \/>\n\t<meta property=\"og:image:width\" content=\"815\" \/>\n\t<meta property=\"og:image:height\" content=\"350\" \/>\n\t<meta property=\"og:image:type\" content=\"image\/png\" \/>\n<meta name=\"author\" content=\"Federica\" \/>\n<meta name=\"twitter:card\" content=\"summary_large_image\" \/>\n<meta name=\"twitter:creator\" content=\"@CSP_live\" \/>\n<meta name=\"twitter:site\" content=\"@CSP_live\" \/>\n<meta name=\"twitter:label1\" content=\"Scritto da\" \/>\n\t<meta name=\"twitter:data1\" content=\"Federica\" \/>\n\t<meta name=\"twitter:label2\" content=\"Tempo di lettura stimato\" \/>\n\t<meta name=\"twitter:data2\" content=\"4 minuti\" \/>\n<script type=\"application\/ld+json\" class=\"yoast-schema-graph\">{\"@context\":\"https:\\\/\\\/schema.org\",\"@graph\":[{\"@type\":\"Article\",\"@id\":\"https:\\\/\\\/www.compagniadisanpaolo.it\\\/it\\\/news\\\/villa-della-regina-presentato-il-progetto-per-il-restauro-e-la-valorizzazione\\\/#article\",\"isPartOf\":{\"@id\":\"https:\\\/\\\/www.compagniadisanpaolo.it\\\/it\\\/news\\\/villa-della-regina-presentato-il-progetto-per-il-restauro-e-la-valorizzazione\\\/\"},\"author\":{\"name\":\"Federica\",\"@id\":\"https:\\\/\\\/www.compagniadisanpaolo.it\\\/it\\\/#\\\/schema\\\/person\\\/b7d5451541c25c82f29c5be1e78456b2\"},\"headline\":\"Villa della Regina: presentato il progetto per il restauro e la valorizzazione\",\"datePublished\":\"2025-02-06T15:43:18+00:00\",\"mainEntityOfPage\":{\"@id\":\"https:\\\/\\\/www.compagniadisanpaolo.it\\\/it\\\/news\\\/villa-della-regina-presentato-il-progetto-per-il-restauro-e-la-valorizzazione\\\/\"},\"wordCount\":766,\"publisher\":{\"@id\":\"https:\\\/\\\/www.compagniadisanpaolo.it\\\/it\\\/#organization\"},\"image\":{\"@id\":\"https:\\\/\\\/www.compagniadisanpaolo.it\\\/it\\\/news\\\/villa-della-regina-presentato-il-progetto-per-il-restauro-e-la-valorizzazione\\\/#primaryimage\"},\"thumbnailUrl\":\"https:\\\/\\\/www.compagniadisanpaolo.it\\\/wp-content\\\/uploads\\\/villa-della-regina_presentazione-progetto_815X350.png\",\"keywords\":[\"cultura\",\"cultura contemporanea\",\"oltre l'erogazione\"],\"articleSection\":[\"News\"],\"inLanguage\":\"it-IT\"},{\"@type\":\"WebPage\",\"@id\":\"https:\\\/\\\/www.compagniadisanpaolo.it\\\/it\\\/news\\\/villa-della-regina-presentato-il-progetto-per-il-restauro-e-la-valorizzazione\\\/\",\"url\":\"https:\\\/\\\/www.compagniadisanpaolo.it\\\/it\\\/news\\\/villa-della-regina-presentato-il-progetto-per-il-restauro-e-la-valorizzazione\\\/\",\"name\":\"Villa della Regina: presentato il progetto per il restauro e la valorizzazione - Fondazione Compagnia di San Paolo\",\"isPartOf\":{\"@id\":\"https:\\\/\\\/www.compagniadisanpaolo.it\\\/it\\\/#website\"},\"primaryImageOfPage\":{\"@id\":\"https:\\\/\\\/www.compagniadisanpaolo.it\\\/it\\\/news\\\/villa-della-regina-presentato-il-progetto-per-il-restauro-e-la-valorizzazione\\\/#primaryimage\"},\"image\":{\"@id\":\"https:\\\/\\\/www.compagniadisanpaolo.it\\\/it\\\/news\\\/villa-della-regina-presentato-il-progetto-per-il-restauro-e-la-valorizzazione\\\/#primaryimage\"},\"thumbnailUrl\":\"https:\\\/\\\/www.compagniadisanpaolo.it\\\/wp-content\\\/uploads\\\/villa-della-regina_presentazione-progetto_815X350.png\",\"datePublished\":\"2025-02-06T15:43:18+00:00\",\"description\":\"Inaugurata una nuova fase per il sito, alla riscoperta della sua storica vocazione come spazio dedicato alla natura e alla cultura.\",\"breadcrumb\":{\"@id\":\"https:\\\/\\\/www.compagniadisanpaolo.it\\\/it\\\/news\\\/villa-della-regina-presentato-il-progetto-per-il-restauro-e-la-valorizzazione\\\/#breadcrumb\"},\"inLanguage\":\"it-IT\",\"potentialAction\":[{\"@type\":\"ReadAction\",\"target\":[\"https:\\\/\\\/www.compagniadisanpaolo.it\\\/it\\\/news\\\/villa-della-regina-presentato-il-progetto-per-il-restauro-e-la-valorizzazione\\\/\"]}]},{\"@type\":\"ImageObject\",\"inLanguage\":\"it-IT\",\"@id\":\"https:\\\/\\\/www.compagniadisanpaolo.it\\\/it\\\/news\\\/villa-della-regina-presentato-il-progetto-per-il-restauro-e-la-valorizzazione\\\/#primaryimage\",\"url\":\"https:\\\/\\\/www.compagniadisanpaolo.it\\\/wp-content\\\/uploads\\\/villa-della-regina_presentazione-progetto_815X350.png\",\"contentUrl\":\"https:\\\/\\\/www.compagniadisanpaolo.it\\\/wp-content\\\/uploads\\\/villa-della-regina_presentazione-progetto_815X350.png\",\"width\":815,\"height\":350},{\"@type\":\"BreadcrumbList\",\"@id\":\"https:\\\/\\\/www.compagniadisanpaolo.it\\\/it\\\/news\\\/villa-della-regina-presentato-il-progetto-per-il-restauro-e-la-valorizzazione\\\/#breadcrumb\",\"itemListElement\":[{\"@type\":\"ListItem\",\"position\":1,\"name\":\"Home\",\"item\":\"https:\\\/\\\/www.compagniadisanpaolo.it\\\/it\\\/\"},{\"@type\":\"ListItem\",\"position\":2,\"name\":\"Villa della Regina: presentato il progetto per il restauro e la valorizzazione\"}]},{\"@type\":\"WebSite\",\"@id\":\"https:\\\/\\\/www.compagniadisanpaolo.it\\\/it\\\/#website\",\"url\":\"https:\\\/\\\/www.compagniadisanpaolo.it\\\/it\\\/\",\"name\":\"Fondazione Compagnia di San Paolo\",\"description\":\"\",\"publisher\":{\"@id\":\"https:\\\/\\\/www.compagniadisanpaolo.it\\\/it\\\/#organization\"},\"potentialAction\":[{\"@type\":\"SearchAction\",\"target\":{\"@type\":\"EntryPoint\",\"urlTemplate\":\"https:\\\/\\\/www.compagniadisanpaolo.it\\\/it\\\/?s={search_term_string}\"},\"query-input\":{\"@type\":\"PropertyValueSpecification\",\"valueRequired\":true,\"valueName\":\"search_term_string\"}}],\"inLanguage\":\"it-IT\"},{\"@type\":\"Organization\",\"@id\":\"https:\\\/\\\/www.compagniadisanpaolo.it\\\/it\\\/#organization\",\"name\":\"Fondazione Compagnia di San Paolo\",\"url\":\"https:\\\/\\\/www.compagniadisanpaolo.it\\\/it\\\/\",\"logo\":{\"@type\":\"ImageObject\",\"inLanguage\":\"it-IT\",\"@id\":\"https:\\\/\\\/www.compagniadisanpaolo.it\\\/it\\\/#\\\/schema\\\/logo\\\/image\\\/\",\"url\":\"https:\\\/\\\/www.compagniadisanpaolo.it\\\/wp-content\\\/uploads\\\/logo.svg\",\"contentUrl\":\"https:\\\/\\\/www.compagniadisanpaolo.it\\\/wp-content\\\/uploads\\\/logo.svg\",\"width\":769,\"height\":323,\"caption\":\"Fondazione Compagnia di San Paolo\"},\"image\":{\"@id\":\"https:\\\/\\\/www.compagniadisanpaolo.it\\\/it\\\/#\\\/schema\\\/logo\\\/image\\\/\"},\"sameAs\":[\"https:\\\/\\\/www.facebook.com\\\/CompagniaDiSanPaolo\",\"https:\\\/\\\/x.com\\\/CSP_live\",\"http:\\\/\\\/instagram.com\\\/compagniadisanpaolo?ref=badge\",\"https:\\\/\\\/www.linkedin.com\\\/company\\\/compagnia-di-san-paolo\",\"https:\\\/\\\/www.youtube.com\\\/user\\\/compagniadisanpaolo\",\"https:\\\/\\\/it.wikipedia.org\\\/wiki\\\/Compagnia_di_San_Paolo\"]},{\"@type\":\"Person\",\"@id\":\"https:\\\/\\\/www.compagniadisanpaolo.it\\\/it\\\/#\\\/schema\\\/person\\\/b7d5451541c25c82f29c5be1e78456b2\",\"name\":\"Federica\",\"image\":{\"@type\":\"ImageObject\",\"inLanguage\":\"it-IT\",\"@id\":\"https:\\\/\\\/secure.gravatar.com\\\/avatar\\\/b5698fa13ac389b1f1fb1263a4626e219d853d7ccf112e854aea8c9c087d24ae?s=96&d=mm&r=g\",\"url\":\"https:\\\/\\\/secure.gravatar.com\\\/avatar\\\/b5698fa13ac389b1f1fb1263a4626e219d853d7ccf112e854aea8c9c087d24ae?s=96&d=mm&r=g\",\"contentUrl\":\"https:\\\/\\\/secure.gravatar.com\\\/avatar\\\/b5698fa13ac389b1f1fb1263a4626e219d853d7ccf112e854aea8c9c087d24ae?s=96&d=mm&r=g\",\"caption\":\"Federica\"}}]}<\/script>\n<!-- \/ Yoast SEO plugin. -->","yoast_head_json":{"title":"Villa della Regina: presentato il progetto per il restauro e la valorizzazione - Fondazione Compagnia di San Paolo","description":"Inaugurata una nuova fase per il sito, alla riscoperta della sua storica vocazione come spazio dedicato alla natura e alla cultura.","robots":{"index":"index","follow":"follow","max-snippet":"max-snippet:-1","max-image-preview":"max-image-preview:large","max-video-preview":"max-video-preview:-1"},"canonical":"https:\/\/www.compagniadisanpaolo.it\/it\/news\/villa-della-regina-presentato-il-progetto-per-il-restauro-e-la-valorizzazione\/","og_locale":"it_IT","og_type":"article","og_title":"Villa della Regina: presentato il progetto per il restauro e la valorizzazione - Fondazione Compagnia di San Paolo","og_description":"Inaugurata una nuova fase per il sito, alla riscoperta della sua storica vocazione come spazio dedicato alla natura e alla cultura.","og_url":"https:\/\/www.compagniadisanpaolo.it\/it\/news\/villa-della-regina-presentato-il-progetto-per-il-restauro-e-la-valorizzazione\/","og_site_name":"Fondazione Compagnia di San Paolo","article_publisher":"https:\/\/www.facebook.com\/CompagniaDiSanPaolo","article_published_time":"2025-02-06T15:43:18+00:00","og_image":[{"width":815,"height":350,"url":"https:\/\/www.compagniadisanpaolo.it\/wp-content\/uploads\/villa-della-regina_presentazione-progetto_815X350.png","type":"image\/png"}],"author":"Federica","twitter_card":"summary_large_image","twitter_creator":"@CSP_live","twitter_site":"@CSP_live","twitter_misc":{"Scritto da":"Federica","Tempo di lettura stimato":"4 minuti"},"schema":{"@context":"https:\/\/schema.org","@graph":[{"@type":"Article","@id":"https:\/\/www.compagniadisanpaolo.it\/it\/news\/villa-della-regina-presentato-il-progetto-per-il-restauro-e-la-valorizzazione\/#article","isPartOf":{"@id":"https:\/\/www.compagniadisanpaolo.it\/it\/news\/villa-della-regina-presentato-il-progetto-per-il-restauro-e-la-valorizzazione\/"},"author":{"name":"Federica","@id":"https:\/\/www.compagniadisanpaolo.it\/it\/#\/schema\/person\/b7d5451541c25c82f29c5be1e78456b2"},"headline":"Villa della Regina: presentato il progetto per il restauro e la valorizzazione","datePublished":"2025-02-06T15:43:18+00:00","mainEntityOfPage":{"@id":"https:\/\/www.compagniadisanpaolo.it\/it\/news\/villa-della-regina-presentato-il-progetto-per-il-restauro-e-la-valorizzazione\/"},"wordCount":766,"publisher":{"@id":"https:\/\/www.compagniadisanpaolo.it\/it\/#organization"},"image":{"@id":"https:\/\/www.compagniadisanpaolo.it\/it\/news\/villa-della-regina-presentato-il-progetto-per-il-restauro-e-la-valorizzazione\/#primaryimage"},"thumbnailUrl":"https:\/\/www.compagniadisanpaolo.it\/wp-content\/uploads\/villa-della-regina_presentazione-progetto_815X350.png","keywords":["cultura","cultura contemporanea","oltre l'erogazione"],"articleSection":["News"],"inLanguage":"it-IT"},{"@type":"WebPage","@id":"https:\/\/www.compagniadisanpaolo.it\/it\/news\/villa-della-regina-presentato-il-progetto-per-il-restauro-e-la-valorizzazione\/","url":"https:\/\/www.compagniadisanpaolo.it\/it\/news\/villa-della-regina-presentato-il-progetto-per-il-restauro-e-la-valorizzazione\/","name":"Villa della Regina: presentato il progetto per il restauro e la valorizzazione - Fondazione Compagnia di San Paolo","isPartOf":{"@id":"https:\/\/www.compagniadisanpaolo.it\/it\/#website"},"primaryImageOfPage":{"@id":"https:\/\/www.compagniadisanpaolo.it\/it\/news\/villa-della-regina-presentato-il-progetto-per-il-restauro-e-la-valorizzazione\/#primaryimage"},"image":{"@id":"https:\/\/www.compagniadisanpaolo.it\/it\/news\/villa-della-regina-presentato-il-progetto-per-il-restauro-e-la-valorizzazione\/#primaryimage"},"thumbnailUrl":"https:\/\/www.compagniadisanpaolo.it\/wp-content\/uploads\/villa-della-regina_presentazione-progetto_815X350.png","datePublished":"2025-02-06T15:43:18+00:00","description":"Inaugurata una nuova fase per il sito, alla riscoperta della sua storica vocazione come spazio dedicato alla natura e alla cultura.","breadcrumb":{"@id":"https:\/\/www.compagniadisanpaolo.it\/it\/news\/villa-della-regina-presentato-il-progetto-per-il-restauro-e-la-valorizzazione\/#breadcrumb"},"inLanguage":"it-IT","potentialAction":[{"@type":"ReadAction","target":["https:\/\/www.compagniadisanpaolo.it\/it\/news\/villa-della-regina-presentato-il-progetto-per-il-restauro-e-la-valorizzazione\/"]}]},{"@type":"ImageObject","inLanguage":"it-IT","@id":"https:\/\/www.compagniadisanpaolo.it\/it\/news\/villa-della-regina-presentato-il-progetto-per-il-restauro-e-la-valorizzazione\/#primaryimage","url":"https:\/\/www.compagniadisanpaolo.it\/wp-content\/uploads\/villa-della-regina_presentazione-progetto_815X350.png","contentUrl":"https:\/\/www.compagniadisanpaolo.it\/wp-content\/uploads\/villa-della-regina_presentazione-progetto_815X350.png","width":815,"height":350},{"@type":"BreadcrumbList","@id":"https:\/\/www.compagniadisanpaolo.it\/it\/news\/villa-della-regina-presentato-il-progetto-per-il-restauro-e-la-valorizzazione\/#breadcrumb","itemListElement":[{"@type":"ListItem","position":1,"name":"Home","item":"https:\/\/www.compagniadisanpaolo.it\/it\/"},{"@type":"ListItem","position":2,"name":"Villa della Regina: presentato il progetto per il restauro e la valorizzazione"}]},{"@type":"WebSite","@id":"https:\/\/www.compagniadisanpaolo.it\/it\/#website","url":"https:\/\/www.compagniadisanpaolo.it\/it\/","name":"Fondazione Compagnia di San Paolo","description":"","publisher":{"@id":"https:\/\/www.compagniadisanpaolo.it\/it\/#organization"},"potentialAction":[{"@type":"SearchAction","target":{"@type":"EntryPoint","urlTemplate":"https:\/\/www.compagniadisanpaolo.it\/it\/?s={search_term_string}"},"query-input":{"@type":"PropertyValueSpecification","valueRequired":true,"valueName":"search_term_string"}}],"inLanguage":"it-IT"},{"@type":"Organization","@id":"https:\/\/www.compagniadisanpaolo.it\/it\/#organization","name":"Fondazione Compagnia di San Paolo","url":"https:\/\/www.compagniadisanpaolo.it\/it\/","logo":{"@type":"ImageObject","inLanguage":"it-IT","@id":"https:\/\/www.compagniadisanpaolo.it\/it\/#\/schema\/logo\/image\/","url":"https:\/\/www.compagniadisanpaolo.it\/wp-content\/uploads\/logo.svg","contentUrl":"https:\/\/www.compagniadisanpaolo.it\/wp-content\/uploads\/logo.svg","width":769,"height":323,"caption":"Fondazione Compagnia di San Paolo"},"image":{"@id":"https:\/\/www.compagniadisanpaolo.it\/it\/#\/schema\/logo\/image\/"},"sameAs":["https:\/\/www.facebook.com\/CompagniaDiSanPaolo","https:\/\/x.com\/CSP_live","http:\/\/instagram.com\/compagniadisanpaolo?ref=badge","https:\/\/www.linkedin.com\/company\/compagnia-di-san-paolo","https:\/\/www.youtube.com\/user\/compagniadisanpaolo","https:\/\/it.wikipedia.org\/wiki\/Compagnia_di_San_Paolo"]},{"@type":"Person","@id":"https:\/\/www.compagniadisanpaolo.it\/it\/#\/schema\/person\/b7d5451541c25c82f29c5be1e78456b2","name":"Federica","image":{"@type":"ImageObject","inLanguage":"it-IT","@id":"https:\/\/secure.gravatar.com\/avatar\/b5698fa13ac389b1f1fb1263a4626e219d853d7ccf112e854aea8c9c087d24ae?s=96&d=mm&r=g","url":"https:\/\/secure.gravatar.com\/avatar\/b5698fa13ac389b1f1fb1263a4626e219d853d7ccf112e854aea8c9c087d24ae?s=96&d=mm&r=g","contentUrl":"https:\/\/secure.gravatar.com\/avatar\/b5698fa13ac389b1f1fb1263a4626e219d853d7ccf112e854aea8c9c087d24ae?s=96&d=mm&r=g","caption":"Federica"}}]}},"amp_enabled":true,"_links":{"self":[{"href":"https:\/\/www.compagniadisanpaolo.it\/it\/wp-json\/wp\/v2\/posts\/34091","targetHints":{"allow":["GET"]}}],"collection":[{"href":"https:\/\/www.compagniadisanpaolo.it\/it\/wp-json\/wp\/v2\/posts"}],"about":[{"href":"https:\/\/www.compagniadisanpaolo.it\/it\/wp-json\/wp\/v2\/types\/post"}],"author":[{"embeddable":true,"href":"https:\/\/www.compagniadisanpaolo.it\/it\/wp-json\/wp\/v2\/users\/19"}],"replies":[{"embeddable":true,"href":"https:\/\/www.compagniadisanpaolo.it\/it\/wp-json\/wp\/v2\/comments?post=34091"}],"version-history":[{"count":3,"href":"https:\/\/www.compagniadisanpaolo.it\/it\/wp-json\/wp\/v2\/posts\/34091\/revisions"}],"predecessor-version":[{"id":34115,"href":"https:\/\/www.compagniadisanpaolo.it\/it\/wp-json\/wp\/v2\/posts\/34091\/revisions\/34115"}],"wp:featuredmedia":[{"embeddable":true,"href":"https:\/\/www.compagniadisanpaolo.it\/it\/wp-json\/wp\/v2\/media\/34093"}],"wp:attachment":[{"href":"https:\/\/www.compagniadisanpaolo.it\/it\/wp-json\/wp\/v2\/media?parent=34091"}],"wp:term":[{"taxonomy":"category","embeddable":true,"href":"https:\/\/www.compagniadisanpaolo.it\/it\/wp-json\/wp\/v2\/categories?post=34091"},{"taxonomy":"post_tag","embeddable":true,"href":"https:\/\/www.compagniadisanpaolo.it\/it\/wp-json\/wp\/v2\/tags?post=34091"}],"curies":[{"name":"wp","href":"https:\/\/api.w.org\/{rel}","templated":true}]}}