{"id":33797,"date":"2025-01-20T12:56:57","date_gmt":"2025-01-20T11:56:57","guid":{"rendered":"https:\/\/www.compagniadisanpaolo.it\/?p=33797"},"modified":"2025-01-20T17:15:51","modified_gmt":"2025-01-20T16:15:51","slug":"giardini-reali-presentato-il-protocollo-dintesa-tra-la-fondazione-e-i-musei-reali","status":"publish","type":"post","link":"https:\/\/www.compagniadisanpaolo.it\/it\/news\/giardini-reali-presentato-il-protocollo-dintesa-tra-la-fondazione-e-i-musei-reali\/","title":{"rendered":"Giardini Reali: presentato il protocollo d\u2019intesa tra la Fondazione e i Musei Reali"},"content":{"rendered":"<div class=\"wpb-content-wrapper\">[vc_row][vc_column][vc_column_text el_class=&#8221;text-headline2&#8243;]L\u2019accordo illustrato questa mattina traccia il percorso a un progetto ambizioso, volto a trasformare quest\u2019area di straordinario valore storico e ambientale in un centro culturale vivace e accessibile. Un luogo in cui l\u2019esperienza di visita si trasformer\u00e0 grazie a un\u2019offerta culturale sempre pi\u00f9 ricca e a servizi innovativi pensati per coinvolgere attivamente il pubblico.[\/vc_column_text][\/vc_column][\/vc_row][vc_row][vc_column][vc_column_text]\n<div class=\"info-box mission\">\n\t\t<div class=\"info-box-wrap info-box-hor row pb-0\">\n\n\t\t      \n\t\t      <div class=\"spalla col-12 col-md-12\">\n\t\t\t<div class=\"info-box sharing-box\">\n\t\t\t  <span class=\"label\">Condividi:<\/span>\n\t\t\t  <div class=\"social-sharing\">\n\t\t\t    <span class=\"box\">\n\t\t\t      <a class=\"fb\" href=\"https:\/\/www.facebook.com\/sharer.php?u=https:\/\/www.compagniadisanpaolo.it\/it\/news\/giardini-reali-presentato-il-protocollo-dintesa-tra-la-fondazione-e-i-musei-reali\/\" target=\"_blank\">\n\t\t\t\t<span class=\"sr-only\">Facebook<\/span>\n\t\t\t\t<i class=\"fab fa-facebook-f\"><\/i>\n\t\t\t      <\/a>\n\t\t\t    <\/span>\n\t\t\t    \n\t\t\t    <style>\n.twitter, .twitter:hover{\ncolor:#000000 !important;}\n<\/style>\n\n\n\t\t\t    <span class=\"box\">\n\t\t\t      <a class=\"twitter\" href=\"https:\/\/twitter.com\/intent\/tweet?url=https:\/\/www.compagniadisanpaolo.it\/it\/news\/giardini-reali-presentato-il-protocollo-dintesa-tra-la-fondazione-e-i-musei-reali\/\">\n\t\t\t\t<span class=\"sr-only\">Twitter<\/span>\n\t\t\t\t<i class=\"fa-brands fa-x-twitter\"><\/i>\n\t\t\t      <\/a>\n\t\t\t    <\/span>\n\n\t\t\t    \n\t\t\t    <span class=\"box\">\n\t\t\t      <a class=\"linkedin\" href=\"https:\/\/www.linkedin.com\/shareArticle?mini=true&url=https:\/\/www.compagniadisanpaolo.it\/it\/news\/giardini-reali-presentato-il-protocollo-dintesa-tra-la-fondazione-e-i-musei-reali\/\">\n\t\t\t\t<span class=\"sr-only\">Linkedin<\/span>\n\t\t\t\t  <i class=\"fa-brands fa-linkedin-in\"><\/i>\n\t\t\t      <\/a>\n\t\t\t    <\/span>\n\n\t\t\t    <span class=\"box\">\n\t\t\t      <a class=\"whatsapp\" href=\"whatsapp:\/\/send?text=https:\/\/www.compagniadisanpaolo.it\/it\/news\/giardini-reali-presentato-il-protocollo-dintesa-tra-la-fondazione-e-i-musei-reali\/\" data-action=\"share\/whatsapp\/share\">\n\t\t\t\t<span class=\"sr-only\">Whatsapp<\/span>\n\t\t\t\t<i class=\"fa-brands fa-whatsapp\"><\/i>\n\t\t\t      <\/a>\n\t\t\t    <\/span>\n\n\t\t\t    <span class=\"box\">\n\t\t\t      <a class=\"mail\" href=\"mailto:?subject=Giardini Reali: presentato il protocollo d\u2019intesa tra la Fondazione e i Musei Reali&body=https:\/\/www.compagniadisanpaolo.it\/it\/news\/giardini-reali-presentato-il-protocollo-dintesa-tra-la-fondazione-e-i-musei-reali\/\">\n\t\t\t\t<span class=\"sr-only\">Mail<\/span>\n\t\t\t\t <i class=\"fa-solid fa-envelope\"><\/i>\n\t\t\t      <\/a>\n\t\t\t    <\/span>\n\t\t\t    \n\t\t\t  <\/div>\n\t\t\t<\/div>\n\t      <\/div>\n\t    <\/div><\/div>\n[\/vc_column_text][\/vc_column][\/vc_row][vc_row][vc_column width=&#8221;1\/4&#8243;][vc_column_text]\n\n\n\t\t<div class=\"info-box-wrap\">\n\n\t  <div class=\"info-box date-pub\">\n\t  \t<span class=\"label\">Data di pubblicazione:<\/span>\n\t    <span class=\"value\">20 Gennaio 2025<\/span>\n\t  <\/div>\n\t\t\t\t  <div class=\"info-box obj-institutional\">\n\t\t\t\t\t  <div class=\"info-box obj\">\n\t\t\t\t\t    <div class=\"obj-small-box\">\n\t\t\t\t\t      <span>Istituzionale<\/span>\n\t\t\t\t\t    <\/div>\n\t\t\t\t\t  <\/div>\n\t\t\t\t  <\/div>\n\t\t\t  <div class=\"info-box mission\"><span class=\"label\">Tag<\/span><a href=\"https:\/\/www.compagniadisanpaolo.it\/it\/tags\/risultati\/?_sft_post_tag=cultura\" class=\"tag-element\">Cultura<\/a><a href=\"https:\/\/www.compagniadisanpaolo.it\/it\/tags\/risultati\/?_sft_post_tag=cultura-contemporanea\" class=\"tag-element\">Cultura contemporanea<\/a><a href=\"https:\/\/www.compagniadisanpaolo.it\/it\/tags\/risultati\/?_sft_post_tag=oltre-lerogazione\" class=\"tag-element\">Oltre l'erogazione<\/a><\/div>\t  \n\t<\/div>\n[\/vc_column_text][\/vc_column][vc_column width=&#8221;3\/4&#8243; el_class=&#8221;page-content&#8221;][vc_column_text el_class=&#8221;text&#8221;]La<strong> Fondazione Compagnia di San Paolo <\/strong>e i <strong>Musei Reali di Torino<\/strong> uniscono le forze per valorizzare i <strong>Giardini Reali<\/strong>. Il protocollo d\u2019intesa, presentato nel Salone delle Guardie Svizzere di Palazzo Reale, segna l\u2019inizio di un progetto ambizioso volto a trasformare questo straordinario patrimonio storico e ambientale in un <strong>punto di riferimento culturale<\/strong> e <strong>sociale<\/strong> per la citt\u00e0 e i visitatori.<\/p>\n<p>Durante la presentazione, sono intervenuti <strong>Mario Turetta<\/strong>, Capo Dipartimento per le Attivit\u00e0 Culturali del <strong>Ministero della Cultura<\/strong> e Direttore delegato dei Musei Reali di Torino; <strong>Marco Gilli<\/strong>, Presidente della Fondazione Compagnia di San Paolo; <strong>Alberto Anfossi<\/strong>, Segretario Generale della Fondazione Compagnia di San Paolo e <strong>Filippo Masino<\/strong>, Direttore della Direzione regionale Musei del Piemonte, che hanno illustrato il valore e le prospettive di questa collaborazione.<\/p>\n<p><em>&#8220;La Fondazione Compagnia di San Paolo collabora con le istituzioni in modo proattivo e innovativo promuovendo una visione strategica e azioni concertate per l\u2019attuazione di progetti d\u2019impatto. Nell\u2019ambito della valorizzazione del patrimonio culturale, questo protocollo rappresenta un modello di prassi operativa oltre ad offrire una cornice ideale per la creazione di un tavolo tecnico congiunto tra i Musei Reali e la Fondazione Compagnia di San Paolo, con il coinvolgimento della Citt\u00e0 di Torino, della Soprintendenza Archeologia Belle Arti e Paesaggio, della Citt\u00e0 Metropolitana di Torino e di tutti i soggetti pubblici e privati interessati nella valorizzazione dell\u2019area. Lavorando insieme, puntiamo a sviluppare un piano strategico per valorizzare l\u2019intera area dei Giardini Reali, coordinando interventi e risorse per garantirne il futuro di questo straordinario luogo della cultura e la sua fruizione da parte della collettivit\u00e0.\u201d Ha commentato <\/em><strong>Marco Gilli<\/strong>, Presidente della Fondazione Compagnia di San Paolo.<\/p>\n<p><em>&#8220;Siamo convinti che la riqualificazione dei Giardini Reali, e in particolare modo la riapertura e la valorizzazione di tutte le loro porzioni, sia fondamentale per restituire alla citt\u00e0 un patrimonio culturale di enorme importanza per la sua storia e per la sua eccezionale posizione nel cuore del centro storico. La vicinanza tra i Giardini Reali e la Cavallerizza Reale offre inoltre l\u2019opportunit\u00e0 di sviluppare percorsi progettuali comuni, valorizzando entrambe le aree in modo integrato e sostenibile. Il nostro impegno nella riqualificazione della Cavallerizza Reale, si inserisce perfettamente in questa visione, con l\u2019obiettivo di rendere questi luoghi accessibili, vivi e dinamici, e pertanto utili alla comunit\u00e0\u201d<\/em><em>\u2013 Ha aggiunto <\/em><strong>Alberto Anfossi<\/strong>, Segretario Generale della Fondazione Compagnia di San Paolo.<\/p>\n<p>Grazie alla collaborazione tra i <strong>Musei Reali<\/strong> e la <strong>Fondazione Compagnia di San Paolo<\/strong>, i Giardini Reali si preparano a diventare un luogo accessibile e dinamico. L\u2019accordo prevede il <strong>completamento del restauro delle Serre Reali<\/strong>, il <strong>miglioramento dell\u2019accessibilit\u00e0 fisica<\/strong> alle <strong>aree archeologiche<\/strong>, con la loro integrazione nel percorso museale e <strong>l\u2019apertura al pubblico dei Giardini Reali bassi<\/strong>. Inoltre, il protocollo include il <strong>coordinamento dei cantieri e degli investimenti nel Bastione della Cavallerizza<\/strong>, con interventi mirati a potenziare l\u2019accessibilit\u00e0 e a creare nuovi percorsi e servizi dedicati al pubblico. Un masterplan strategico guider\u00e0 tutte le attivit\u00e0 di valorizzazione, garantendo una <strong>gestione integrata e sostenibile dell\u2019area<\/strong>.<\/p>\n<p>L\u2019investimento, pari a <strong>oltre un milione di euro da parte della Fondazione Compagnia di San Paolo nel triennio 2025-2028<\/strong>, testimonia l\u2019impegno per trasformare i Giardini Reali in un modello di integrazione culturale e ambientale, capace di connettere storia, natura e comunit\u00e0.<\/p>\n<p>Per ulteriori dettagli, leggi il <a href=\"https:\/\/www.compagniadisanpaolo.it\/it\/comunicati-stampa\/musei-reali-e-fondazione-compagnia-di-san-paolo-presentato-il-protocollo-dintesa-per-il-futuro-dei-giardini-reali-di-torino\/?noamp=mobile\" target=\"_blank\" rel=\"noopener\"><strong>comunicato stampa<\/strong><\/a> completo e visita il sito dei <strong><a href=\"https:\/\/museireali.beniculturali.it\/musei-reali-e-fondazione-compagnia-di-san-paolo-presentato-il-protocollo-dintesa-per-il-futuro-dei-giardini-reali-di-torino\/\" target=\"_blank\" rel=\"noopener\">Musei Reali<\/a><\/strong>.[\/vc_column_text][vc_empty_space][\/vc_column][\/vc_row][vc_row el_class=&#8221;sdg-list-wrap&#8221;][vc_column][vc_raw_html]JTVCbW9zdHJhU0RHUyU1RA==[\/vc_raw_html][vc_raw_html]JTVCU2V6aW9uZV9Eb2N1bWVudGklNUQ=[\/vc_raw_html][\/vc_column][\/vc_row][vc_row][vc_column]<div class=\"templatera_shortcode\"><div data-vc-full-width=\"true\" data-vc-full-width-temp=\"true\" data-vc-full-width-init=\"false\" class=\"vc_row wpb_row vc_row-fluid newsletter-wrap\"><div class=\"wpb_column vc_column_container vc_col-sm-12\"><div class=\"vc_column-inner\"><div class=\"wpb_wrapper\">\n\t<div class=\"wpb_raw_code wpb_raw_html wpb_content_element\" >\n\t\t<div class=\"wpb_wrapper\">\n\t\t\t    <div class=\"container\">\n      <div class=\"row align-items-center\">\n\t<div class=\"col-12 col-lg-6 col-xl-5 mb-3 mb-lg-0 pr-0\">\n\t  <h2 class=\"title\">Rimani aggiornato sui nostri bandi e sui nostri progetti<\/h2>\n\t<\/div>\n\t<div class=\"col-12 col-lg-6 col-xl-7 pl-xl-4\">\n\t  <a class=\"standard-link-block\" href=\"\/it\/newsletter\/\">\n\t    Compila il form e decidi su quale argomento vuoi ricevere notizie.\t    <strong>\u00a0 ISCRIVITI!<\/strong>\n\t  <\/a>\n\t<\/div>\n      <\/div>\n    <\/div>\n\t\t<\/div>\n\t<\/div>\n<\/div><\/div><\/div><\/div><div class=\"vc_row-full-width vc_clearfix\"><\/div><\/div>[\/vc_column][\/vc_row]\n<\/div>","protected":false},"excerpt":{"rendered":"<p>L\u2019accordo illustrato questa mattina traccia il percorso a un progetto ambizioso, volto a trasformare quest\u2019area di straordinario valore storico e ambientale in un centro culturale vivace e accessibile. Un luogo in cui l\u2019esperienza di visita si trasformer\u00e0 grazie a un\u2019offerta culturale sempre pi\u00f9 ricca e a servizi innovativi pensati per coinvolgere attivamente il pubblico.<\/p>\n","protected":false},"author":19,"featured_media":33819,"comment_status":"closed","ping_status":"closed","sticky":false,"template":"","format":"standard","meta":{"_acf_changed":false,"content-type":"","footnotes":""},"categories":[17],"tags":[198,196,69],"class_list":["post-33797","post","type-post","status-publish","format-standard","has-post-thumbnail","hentry","category-news","tag-cultura","tag-cultura-contemporanea","tag-oltre-lerogazione","entry","post-inner"],"acf":[],"yoast_head":"<!-- This site is optimized with the Yoast SEO plugin v27.3 - https:\/\/yoast.com\/product\/yoast-seo-wordpress\/ -->\n<title>Giardini Reali: presentato il protocollo d\u2019intesa tra la Fondazione e i Musei Reali - Fondazione Compagnia di San Paolo<\/title>\n<meta name=\"description\" content=\"L\u2019accordo traccia il percorso a un progetto ambizioso, volto a trasformare quest\u2019area di straordinario valore in un centro culturale vivace e accessibile.\" \/>\n<meta name=\"robots\" content=\"index, follow, max-snippet:-1, max-image-preview:large, max-video-preview:-1\" \/>\n<link rel=\"canonical\" href=\"https:\/\/www.compagniadisanpaolo.it\/it\/news\/giardini-reali-presentato-il-protocollo-dintesa-tra-la-fondazione-e-i-musei-reali\/\" \/>\n<meta property=\"og:locale\" content=\"it_IT\" \/>\n<meta property=\"og:type\" content=\"article\" \/>\n<meta property=\"og:title\" content=\"Giardini Reali: presentato il protocollo d\u2019intesa tra la Fondazione e i Musei Reali - Fondazione Compagnia di San Paolo\" \/>\n<meta property=\"og:description\" content=\"L\u2019accordo traccia il percorso a un progetto ambizioso, volto a trasformare quest\u2019area di straordinario valore in un centro culturale vivace e accessibile.\" \/>\n<meta property=\"og:url\" content=\"https:\/\/www.compagniadisanpaolo.it\/it\/news\/giardini-reali-presentato-il-protocollo-dintesa-tra-la-fondazione-e-i-musei-reali\/\" \/>\n<meta property=\"og:site_name\" content=\"Fondazione Compagnia di San Paolo\" \/>\n<meta property=\"article:publisher\" content=\"https:\/\/www.facebook.com\/CompagniaDiSanPaolo\" \/>\n<meta property=\"article:published_time\" content=\"2025-01-20T11:56:57+00:00\" \/>\n<meta property=\"article:modified_time\" content=\"2025-01-20T16:15:51+00:00\" \/>\n<meta property=\"og:image\" content=\"https:\/\/www.compagniadisanpaolo.it\/wp-content\/uploads\/CSP_MUSEI-REALI_PROTOCOLLO_CSP_815X350.jpg\" \/>\n\t<meta property=\"og:image:width\" content=\"815\" \/>\n\t<meta property=\"og:image:height\" content=\"350\" \/>\n\t<meta property=\"og:image:type\" content=\"image\/jpeg\" \/>\n<meta name=\"author\" content=\"Federica\" \/>\n<meta name=\"twitter:card\" content=\"summary_large_image\" \/>\n<meta name=\"twitter:creator\" content=\"@CSP_live\" \/>\n<meta name=\"twitter:site\" content=\"@CSP_live\" \/>\n<meta name=\"twitter:label1\" content=\"Scritto da\" \/>\n\t<meta name=\"twitter:data1\" content=\"Federica\" \/>\n\t<meta name=\"twitter:label2\" content=\"Tempo di lettura stimato\" \/>\n\t<meta name=\"twitter:data2\" content=\"4 minuti\" \/>\n<script type=\"application\/ld+json\" class=\"yoast-schema-graph\">{\"@context\":\"https:\\\/\\\/schema.org\",\"@graph\":[{\"@type\":\"Article\",\"@id\":\"https:\\\/\\\/www.compagniadisanpaolo.it\\\/it\\\/news\\\/giardini-reali-presentato-il-protocollo-dintesa-tra-la-fondazione-e-i-musei-reali\\\/#article\",\"isPartOf\":{\"@id\":\"https:\\\/\\\/www.compagniadisanpaolo.it\\\/it\\\/news\\\/giardini-reali-presentato-il-protocollo-dintesa-tra-la-fondazione-e-i-musei-reali\\\/\"},\"author\":{\"name\":\"Federica\",\"@id\":\"https:\\\/\\\/www.compagniadisanpaolo.it\\\/it\\\/#\\\/schema\\\/person\\\/b7d5451541c25c82f29c5be1e78456b2\"},\"headline\":\"Giardini Reali: presentato il protocollo d\u2019intesa tra la Fondazione e i Musei Reali\",\"datePublished\":\"2025-01-20T11:56:57+00:00\",\"dateModified\":\"2025-01-20T16:15:51+00:00\",\"mainEntityOfPage\":{\"@id\":\"https:\\\/\\\/www.compagniadisanpaolo.it\\\/it\\\/news\\\/giardini-reali-presentato-il-protocollo-dintesa-tra-la-fondazione-e-i-musei-reali\\\/\"},\"wordCount\":749,\"publisher\":{\"@id\":\"https:\\\/\\\/www.compagniadisanpaolo.it\\\/it\\\/#organization\"},\"image\":{\"@id\":\"https:\\\/\\\/www.compagniadisanpaolo.it\\\/it\\\/news\\\/giardini-reali-presentato-il-protocollo-dintesa-tra-la-fondazione-e-i-musei-reali\\\/#primaryimage\"},\"thumbnailUrl\":\"https:\\\/\\\/www.compagniadisanpaolo.it\\\/wp-content\\\/uploads\\\/CSP_MUSEI-REALI_PROTOCOLLO_CSP_815X350.jpg\",\"keywords\":[\"cultura\",\"cultura contemporanea\",\"oltre l'erogazione\"],\"articleSection\":[\"News\"],\"inLanguage\":\"it-IT\"},{\"@type\":\"WebPage\",\"@id\":\"https:\\\/\\\/www.compagniadisanpaolo.it\\\/it\\\/news\\\/giardini-reali-presentato-il-protocollo-dintesa-tra-la-fondazione-e-i-musei-reali\\\/\",\"url\":\"https:\\\/\\\/www.compagniadisanpaolo.it\\\/it\\\/news\\\/giardini-reali-presentato-il-protocollo-dintesa-tra-la-fondazione-e-i-musei-reali\\\/\",\"name\":\"Giardini Reali: presentato il protocollo d\u2019intesa tra la Fondazione e i Musei Reali - Fondazione Compagnia di San Paolo\",\"isPartOf\":{\"@id\":\"https:\\\/\\\/www.compagniadisanpaolo.it\\\/it\\\/#website\"},\"primaryImageOfPage\":{\"@id\":\"https:\\\/\\\/www.compagniadisanpaolo.it\\\/it\\\/news\\\/giardini-reali-presentato-il-protocollo-dintesa-tra-la-fondazione-e-i-musei-reali\\\/#primaryimage\"},\"image\":{\"@id\":\"https:\\\/\\\/www.compagniadisanpaolo.it\\\/it\\\/news\\\/giardini-reali-presentato-il-protocollo-dintesa-tra-la-fondazione-e-i-musei-reali\\\/#primaryimage\"},\"thumbnailUrl\":\"https:\\\/\\\/www.compagniadisanpaolo.it\\\/wp-content\\\/uploads\\\/CSP_MUSEI-REALI_PROTOCOLLO_CSP_815X350.jpg\",\"datePublished\":\"2025-01-20T11:56:57+00:00\",\"dateModified\":\"2025-01-20T16:15:51+00:00\",\"description\":\"L\u2019accordo traccia il percorso a un progetto ambizioso, volto a trasformare quest\u2019area di straordinario valore in un centro culturale vivace e accessibile.\",\"breadcrumb\":{\"@id\":\"https:\\\/\\\/www.compagniadisanpaolo.it\\\/it\\\/news\\\/giardini-reali-presentato-il-protocollo-dintesa-tra-la-fondazione-e-i-musei-reali\\\/#breadcrumb\"},\"inLanguage\":\"it-IT\",\"potentialAction\":[{\"@type\":\"ReadAction\",\"target\":[\"https:\\\/\\\/www.compagniadisanpaolo.it\\\/it\\\/news\\\/giardini-reali-presentato-il-protocollo-dintesa-tra-la-fondazione-e-i-musei-reali\\\/\"]}]},{\"@type\":\"ImageObject\",\"inLanguage\":\"it-IT\",\"@id\":\"https:\\\/\\\/www.compagniadisanpaolo.it\\\/it\\\/news\\\/giardini-reali-presentato-il-protocollo-dintesa-tra-la-fondazione-e-i-musei-reali\\\/#primaryimage\",\"url\":\"https:\\\/\\\/www.compagniadisanpaolo.it\\\/wp-content\\\/uploads\\\/CSP_MUSEI-REALI_PROTOCOLLO_CSP_815X350.jpg\",\"contentUrl\":\"https:\\\/\\\/www.compagniadisanpaolo.it\\\/wp-content\\\/uploads\\\/CSP_MUSEI-REALI_PROTOCOLLO_CSP_815X350.jpg\",\"width\":815,\"height\":350},{\"@type\":\"BreadcrumbList\",\"@id\":\"https:\\\/\\\/www.compagniadisanpaolo.it\\\/it\\\/news\\\/giardini-reali-presentato-il-protocollo-dintesa-tra-la-fondazione-e-i-musei-reali\\\/#breadcrumb\",\"itemListElement\":[{\"@type\":\"ListItem\",\"position\":1,\"name\":\"Home\",\"item\":\"https:\\\/\\\/www.compagniadisanpaolo.it\\\/it\\\/\"},{\"@type\":\"ListItem\",\"position\":2,\"name\":\"Giardini Reali: presentato il protocollo d\u2019intesa tra la Fondazione e i Musei Reali\"}]},{\"@type\":\"WebSite\",\"@id\":\"https:\\\/\\\/www.compagniadisanpaolo.it\\\/it\\\/#website\",\"url\":\"https:\\\/\\\/www.compagniadisanpaolo.it\\\/it\\\/\",\"name\":\"Fondazione Compagnia di San Paolo\",\"description\":\"\",\"publisher\":{\"@id\":\"https:\\\/\\\/www.compagniadisanpaolo.it\\\/it\\\/#organization\"},\"potentialAction\":[{\"@type\":\"SearchAction\",\"target\":{\"@type\":\"EntryPoint\",\"urlTemplate\":\"https:\\\/\\\/www.compagniadisanpaolo.it\\\/it\\\/?s={search_term_string}\"},\"query-input\":{\"@type\":\"PropertyValueSpecification\",\"valueRequired\":true,\"valueName\":\"search_term_string\"}}],\"inLanguage\":\"it-IT\"},{\"@type\":\"Organization\",\"@id\":\"https:\\\/\\\/www.compagniadisanpaolo.it\\\/it\\\/#organization\",\"name\":\"Fondazione Compagnia di San Paolo\",\"url\":\"https:\\\/\\\/www.compagniadisanpaolo.it\\\/it\\\/\",\"logo\":{\"@type\":\"ImageObject\",\"inLanguage\":\"it-IT\",\"@id\":\"https:\\\/\\\/www.compagniadisanpaolo.it\\\/it\\\/#\\\/schema\\\/logo\\\/image\\\/\",\"url\":\"https:\\\/\\\/www.compagniadisanpaolo.it\\\/wp-content\\\/uploads\\\/logo.svg\",\"contentUrl\":\"https:\\\/\\\/www.compagniadisanpaolo.it\\\/wp-content\\\/uploads\\\/logo.svg\",\"width\":769,\"height\":323,\"caption\":\"Fondazione Compagnia di San Paolo\"},\"image\":{\"@id\":\"https:\\\/\\\/www.compagniadisanpaolo.it\\\/it\\\/#\\\/schema\\\/logo\\\/image\\\/\"},\"sameAs\":[\"https:\\\/\\\/www.facebook.com\\\/CompagniaDiSanPaolo\",\"https:\\\/\\\/x.com\\\/CSP_live\",\"http:\\\/\\\/instagram.com\\\/compagniadisanpaolo?ref=badge\",\"https:\\\/\\\/www.linkedin.com\\\/company\\\/compagnia-di-san-paolo\",\"https:\\\/\\\/www.youtube.com\\\/user\\\/compagniadisanpaolo\",\"https:\\\/\\\/it.wikipedia.org\\\/wiki\\\/Compagnia_di_San_Paolo\"]},{\"@type\":\"Person\",\"@id\":\"https:\\\/\\\/www.compagniadisanpaolo.it\\\/it\\\/#\\\/schema\\\/person\\\/b7d5451541c25c82f29c5be1e78456b2\",\"name\":\"Federica\",\"image\":{\"@type\":\"ImageObject\",\"inLanguage\":\"it-IT\",\"@id\":\"https:\\\/\\\/secure.gravatar.com\\\/avatar\\\/b5698fa13ac389b1f1fb1263a4626e219d853d7ccf112e854aea8c9c087d24ae?s=96&d=mm&r=g\",\"url\":\"https:\\\/\\\/secure.gravatar.com\\\/avatar\\\/b5698fa13ac389b1f1fb1263a4626e219d853d7ccf112e854aea8c9c087d24ae?s=96&d=mm&r=g\",\"contentUrl\":\"https:\\\/\\\/secure.gravatar.com\\\/avatar\\\/b5698fa13ac389b1f1fb1263a4626e219d853d7ccf112e854aea8c9c087d24ae?s=96&d=mm&r=g\",\"caption\":\"Federica\"}}]}<\/script>\n<!-- \/ Yoast SEO plugin. -->","yoast_head_json":{"title":"Giardini Reali: presentato il protocollo d\u2019intesa tra la Fondazione e i Musei Reali - Fondazione Compagnia di San Paolo","description":"L\u2019accordo traccia il percorso a un progetto ambizioso, volto a trasformare quest\u2019area di straordinario valore in un centro culturale vivace e accessibile.","robots":{"index":"index","follow":"follow","max-snippet":"max-snippet:-1","max-image-preview":"max-image-preview:large","max-video-preview":"max-video-preview:-1"},"canonical":"https:\/\/www.compagniadisanpaolo.it\/it\/news\/giardini-reali-presentato-il-protocollo-dintesa-tra-la-fondazione-e-i-musei-reali\/","og_locale":"it_IT","og_type":"article","og_title":"Giardini Reali: presentato il protocollo d\u2019intesa tra la Fondazione e i Musei Reali - Fondazione Compagnia di San Paolo","og_description":"L\u2019accordo traccia il percorso a un progetto ambizioso, volto a trasformare quest\u2019area di straordinario valore in un centro culturale vivace e accessibile.","og_url":"https:\/\/www.compagniadisanpaolo.it\/it\/news\/giardini-reali-presentato-il-protocollo-dintesa-tra-la-fondazione-e-i-musei-reali\/","og_site_name":"Fondazione Compagnia di San Paolo","article_publisher":"https:\/\/www.facebook.com\/CompagniaDiSanPaolo","article_published_time":"2025-01-20T11:56:57+00:00","article_modified_time":"2025-01-20T16:15:51+00:00","og_image":[{"width":815,"height":350,"url":"https:\/\/www.compagniadisanpaolo.it\/wp-content\/uploads\/CSP_MUSEI-REALI_PROTOCOLLO_CSP_815X350.jpg","type":"image\/jpeg"}],"author":"Federica","twitter_card":"summary_large_image","twitter_creator":"@CSP_live","twitter_site":"@CSP_live","twitter_misc":{"Scritto da":"Federica","Tempo di lettura stimato":"4 minuti"},"schema":{"@context":"https:\/\/schema.org","@graph":[{"@type":"Article","@id":"https:\/\/www.compagniadisanpaolo.it\/it\/news\/giardini-reali-presentato-il-protocollo-dintesa-tra-la-fondazione-e-i-musei-reali\/#article","isPartOf":{"@id":"https:\/\/www.compagniadisanpaolo.it\/it\/news\/giardini-reali-presentato-il-protocollo-dintesa-tra-la-fondazione-e-i-musei-reali\/"},"author":{"name":"Federica","@id":"https:\/\/www.compagniadisanpaolo.it\/it\/#\/schema\/person\/b7d5451541c25c82f29c5be1e78456b2"},"headline":"Giardini Reali: presentato il protocollo d\u2019intesa tra la Fondazione e i Musei Reali","datePublished":"2025-01-20T11:56:57+00:00","dateModified":"2025-01-20T16:15:51+00:00","mainEntityOfPage":{"@id":"https:\/\/www.compagniadisanpaolo.it\/it\/news\/giardini-reali-presentato-il-protocollo-dintesa-tra-la-fondazione-e-i-musei-reali\/"},"wordCount":749,"publisher":{"@id":"https:\/\/www.compagniadisanpaolo.it\/it\/#organization"},"image":{"@id":"https:\/\/www.compagniadisanpaolo.it\/it\/news\/giardini-reali-presentato-il-protocollo-dintesa-tra-la-fondazione-e-i-musei-reali\/#primaryimage"},"thumbnailUrl":"https:\/\/www.compagniadisanpaolo.it\/wp-content\/uploads\/CSP_MUSEI-REALI_PROTOCOLLO_CSP_815X350.jpg","keywords":["cultura","cultura contemporanea","oltre l'erogazione"],"articleSection":["News"],"inLanguage":"it-IT"},{"@type":"WebPage","@id":"https:\/\/www.compagniadisanpaolo.it\/it\/news\/giardini-reali-presentato-il-protocollo-dintesa-tra-la-fondazione-e-i-musei-reali\/","url":"https:\/\/www.compagniadisanpaolo.it\/it\/news\/giardini-reali-presentato-il-protocollo-dintesa-tra-la-fondazione-e-i-musei-reali\/","name":"Giardini Reali: presentato il protocollo d\u2019intesa tra la Fondazione e i Musei Reali - Fondazione Compagnia di San Paolo","isPartOf":{"@id":"https:\/\/www.compagniadisanpaolo.it\/it\/#website"},"primaryImageOfPage":{"@id":"https:\/\/www.compagniadisanpaolo.it\/it\/news\/giardini-reali-presentato-il-protocollo-dintesa-tra-la-fondazione-e-i-musei-reali\/#primaryimage"},"image":{"@id":"https:\/\/www.compagniadisanpaolo.it\/it\/news\/giardini-reali-presentato-il-protocollo-dintesa-tra-la-fondazione-e-i-musei-reali\/#primaryimage"},"thumbnailUrl":"https:\/\/www.compagniadisanpaolo.it\/wp-content\/uploads\/CSP_MUSEI-REALI_PROTOCOLLO_CSP_815X350.jpg","datePublished":"2025-01-20T11:56:57+00:00","dateModified":"2025-01-20T16:15:51+00:00","description":"L\u2019accordo traccia il percorso a un progetto ambizioso, volto a trasformare quest\u2019area di straordinario valore in un centro culturale vivace e accessibile.","breadcrumb":{"@id":"https:\/\/www.compagniadisanpaolo.it\/it\/news\/giardini-reali-presentato-il-protocollo-dintesa-tra-la-fondazione-e-i-musei-reali\/#breadcrumb"},"inLanguage":"it-IT","potentialAction":[{"@type":"ReadAction","target":["https:\/\/www.compagniadisanpaolo.it\/it\/news\/giardini-reali-presentato-il-protocollo-dintesa-tra-la-fondazione-e-i-musei-reali\/"]}]},{"@type":"ImageObject","inLanguage":"it-IT","@id":"https:\/\/www.compagniadisanpaolo.it\/it\/news\/giardini-reali-presentato-il-protocollo-dintesa-tra-la-fondazione-e-i-musei-reali\/#primaryimage","url":"https:\/\/www.compagniadisanpaolo.it\/wp-content\/uploads\/CSP_MUSEI-REALI_PROTOCOLLO_CSP_815X350.jpg","contentUrl":"https:\/\/www.compagniadisanpaolo.it\/wp-content\/uploads\/CSP_MUSEI-REALI_PROTOCOLLO_CSP_815X350.jpg","width":815,"height":350},{"@type":"BreadcrumbList","@id":"https:\/\/www.compagniadisanpaolo.it\/it\/news\/giardini-reali-presentato-il-protocollo-dintesa-tra-la-fondazione-e-i-musei-reali\/#breadcrumb","itemListElement":[{"@type":"ListItem","position":1,"name":"Home","item":"https:\/\/www.compagniadisanpaolo.it\/it\/"},{"@type":"ListItem","position":2,"name":"Giardini Reali: presentato il protocollo d\u2019intesa tra la Fondazione e i Musei Reali"}]},{"@type":"WebSite","@id":"https:\/\/www.compagniadisanpaolo.it\/it\/#website","url":"https:\/\/www.compagniadisanpaolo.it\/it\/","name":"Fondazione Compagnia di San Paolo","description":"","publisher":{"@id":"https:\/\/www.compagniadisanpaolo.it\/it\/#organization"},"potentialAction":[{"@type":"SearchAction","target":{"@type":"EntryPoint","urlTemplate":"https:\/\/www.compagniadisanpaolo.it\/it\/?s={search_term_string}"},"query-input":{"@type":"PropertyValueSpecification","valueRequired":true,"valueName":"search_term_string"}}],"inLanguage":"it-IT"},{"@type":"Organization","@id":"https:\/\/www.compagniadisanpaolo.it\/it\/#organization","name":"Fondazione Compagnia di San Paolo","url":"https:\/\/www.compagniadisanpaolo.it\/it\/","logo":{"@type":"ImageObject","inLanguage":"it-IT","@id":"https:\/\/www.compagniadisanpaolo.it\/it\/#\/schema\/logo\/image\/","url":"https:\/\/www.compagniadisanpaolo.it\/wp-content\/uploads\/logo.svg","contentUrl":"https:\/\/www.compagniadisanpaolo.it\/wp-content\/uploads\/logo.svg","width":769,"height":323,"caption":"Fondazione Compagnia di San Paolo"},"image":{"@id":"https:\/\/www.compagniadisanpaolo.it\/it\/#\/schema\/logo\/image\/"},"sameAs":["https:\/\/www.facebook.com\/CompagniaDiSanPaolo","https:\/\/x.com\/CSP_live","http:\/\/instagram.com\/compagniadisanpaolo?ref=badge","https:\/\/www.linkedin.com\/company\/compagnia-di-san-paolo","https:\/\/www.youtube.com\/user\/compagniadisanpaolo","https:\/\/it.wikipedia.org\/wiki\/Compagnia_di_San_Paolo"]},{"@type":"Person","@id":"https:\/\/www.compagniadisanpaolo.it\/it\/#\/schema\/person\/b7d5451541c25c82f29c5be1e78456b2","name":"Federica","image":{"@type":"ImageObject","inLanguage":"it-IT","@id":"https:\/\/secure.gravatar.com\/avatar\/b5698fa13ac389b1f1fb1263a4626e219d853d7ccf112e854aea8c9c087d24ae?s=96&d=mm&r=g","url":"https:\/\/secure.gravatar.com\/avatar\/b5698fa13ac389b1f1fb1263a4626e219d853d7ccf112e854aea8c9c087d24ae?s=96&d=mm&r=g","contentUrl":"https:\/\/secure.gravatar.com\/avatar\/b5698fa13ac389b1f1fb1263a4626e219d853d7ccf112e854aea8c9c087d24ae?s=96&d=mm&r=g","caption":"Federica"}}]}},"amp_enabled":true,"_links":{"self":[{"href":"https:\/\/www.compagniadisanpaolo.it\/it\/wp-json\/wp\/v2\/posts\/33797","targetHints":{"allow":["GET"]}}],"collection":[{"href":"https:\/\/www.compagniadisanpaolo.it\/it\/wp-json\/wp\/v2\/posts"}],"about":[{"href":"https:\/\/www.compagniadisanpaolo.it\/it\/wp-json\/wp\/v2\/types\/post"}],"author":[{"embeddable":true,"href":"https:\/\/www.compagniadisanpaolo.it\/it\/wp-json\/wp\/v2\/users\/19"}],"replies":[{"embeddable":true,"href":"https:\/\/www.compagniadisanpaolo.it\/it\/wp-json\/wp\/v2\/comments?post=33797"}],"version-history":[{"count":5,"href":"https:\/\/www.compagniadisanpaolo.it\/it\/wp-json\/wp\/v2\/posts\/33797\/revisions"}],"predecessor-version":[{"id":33823,"href":"https:\/\/www.compagniadisanpaolo.it\/it\/wp-json\/wp\/v2\/posts\/33797\/revisions\/33823"}],"wp:featuredmedia":[{"embeddable":true,"href":"https:\/\/www.compagniadisanpaolo.it\/it\/wp-json\/wp\/v2\/media\/33819"}],"wp:attachment":[{"href":"https:\/\/www.compagniadisanpaolo.it\/it\/wp-json\/wp\/v2\/media?parent=33797"}],"wp:term":[{"taxonomy":"category","embeddable":true,"href":"https:\/\/www.compagniadisanpaolo.it\/it\/wp-json\/wp\/v2\/categories?post=33797"},{"taxonomy":"post_tag","embeddable":true,"href":"https:\/\/www.compagniadisanpaolo.it\/it\/wp-json\/wp\/v2\/tags?post=33797"}],"curies":[{"name":"wp","href":"https:\/\/api.w.org\/{rel}","templated":true}]}}