{"id":33764,"date":"2025-01-17T10:58:46","date_gmt":"2025-01-17T09:58:46","guid":{"rendered":"https:\/\/www.compagniadisanpaolo.it\/?p=33764"},"modified":"2025-01-17T10:58:46","modified_gmt":"2025-01-17T09:58:46","slug":"bando-sportivi-per-natura-appuntamento-a-genova-l8-febbraio","status":"publish","type":"post","link":"https:\/\/www.compagniadisanpaolo.it\/it\/news\/bando-sportivi-per-natura-appuntamento-a-genova-l8-febbraio\/","title":{"rendered":"Bando Sportivi per Natura: appuntamento a Genova l&#8217;8 febbraio"},"content":{"rendered":"<div class=\"wpb-content-wrapper\">[vc_row][vc_column][vc_column_text el_class=&#8221;text-headline2&#8243;]La Fondazione Compagnia di San Paolo invita associazioni ed enti interessati a partecipare alla nuova edizione del Bando Sportivi per Natura a un evento speciale che si terr\u00e0 l&#8217;8 febbraio nel Capoluogo ligure. L&#8217;appuntamento offrir\u00e0 un&#8217;occasione unica per approfondire le opportunit\u00e0 del bando e sviluppare collaborazioni strategiche tra realt\u00e0 che operano in ambiti diversi.[\/vc_column_text][\/vc_column][\/vc_row][vc_row][vc_column][vc_column_text]\n<div class=\"info-box mission\">\n\t\t<div class=\"info-box-wrap info-box-hor row pb-0\">\n\n\t\t      \n\t\t      <div class=\"spalla col-12 col-md-12\">\n\t\t\t<div class=\"info-box sharing-box\">\n\t\t\t  <span class=\"label\">Condividi:<\/span>\n\t\t\t  <div class=\"social-sharing\">\n\t\t\t    <span class=\"box\">\n\t\t\t      <a class=\"fb\" href=\"https:\/\/www.facebook.com\/sharer.php?u=https:\/\/www.compagniadisanpaolo.it\/it\/news\/bando-sportivi-per-natura-appuntamento-a-genova-l8-febbraio\/\" target=\"_blank\">\n\t\t\t\t<span class=\"sr-only\">Facebook<\/span>\n\t\t\t\t<i class=\"fab fa-facebook-f\"><\/i>\n\t\t\t      <\/a>\n\t\t\t    <\/span>\n\t\t\t    \n\t\t\t    <style>\n.twitter, .twitter:hover{\ncolor:#000000 !important;}\n<\/style>\n\n\n\t\t\t    <span class=\"box\">\n\t\t\t      <a class=\"twitter\" href=\"https:\/\/twitter.com\/intent\/tweet?url=https:\/\/www.compagniadisanpaolo.it\/it\/news\/bando-sportivi-per-natura-appuntamento-a-genova-l8-febbraio\/\">\n\t\t\t\t<span class=\"sr-only\">Twitter<\/span>\n\t\t\t\t<i class=\"fa-brands fa-x-twitter\"><\/i>\n\t\t\t      <\/a>\n\t\t\t    <\/span>\n\n\t\t\t    \n\t\t\t    <span class=\"box\">\n\t\t\t      <a class=\"linkedin\" href=\"https:\/\/www.linkedin.com\/shareArticle?mini=true&url=https:\/\/www.compagniadisanpaolo.it\/it\/news\/bando-sportivi-per-natura-appuntamento-a-genova-l8-febbraio\/\">\n\t\t\t\t<span class=\"sr-only\">Linkedin<\/span>\n\t\t\t\t  <i class=\"fa-brands fa-linkedin-in\"><\/i>\n\t\t\t      <\/a>\n\t\t\t    <\/span>\n\n\t\t\t    <span class=\"box\">\n\t\t\t      <a class=\"whatsapp\" href=\"whatsapp:\/\/send?text=https:\/\/www.compagniadisanpaolo.it\/it\/news\/bando-sportivi-per-natura-appuntamento-a-genova-l8-febbraio\/\" data-action=\"share\/whatsapp\/share\">\n\t\t\t\t<span class=\"sr-only\">Whatsapp<\/span>\n\t\t\t\t<i class=\"fa-brands fa-whatsapp\"><\/i>\n\t\t\t      <\/a>\n\t\t\t    <\/span>\n\n\t\t\t    <span class=\"box\">\n\t\t\t      <a class=\"mail\" href=\"mailto:?subject=Bando Sportivi per Natura: appuntamento a Genova l'8 febbraio&body=https:\/\/www.compagniadisanpaolo.it\/it\/news\/bando-sportivi-per-natura-appuntamento-a-genova-l8-febbraio\/\">\n\t\t\t\t<span class=\"sr-only\">Mail<\/span>\n\t\t\t\t <i class=\"fa-solid fa-envelope\"><\/i>\n\t\t\t      <\/a>\n\t\t\t    <\/span>\n\t\t\t    \n\t\t\t  <\/div>\n\t\t\t<\/div>\n\t      <\/div>\n\t    <\/div><\/div>\n[\/vc_column_text][\/vc_column][\/vc_row][vc_row][vc_column width=&#8221;1\/4&#8243;][vc_column_text]\n\n\n\t\t<div class=\"info-box-wrap\">\n\n\t  <div class=\"info-box date-pub\">\n\t  \t<span class=\"label\">Data di pubblicazione:<\/span>\n\t    <span class=\"value\">17 Gennaio 2025<\/span>\n\t  <\/div>\n\t\t\t\t  <div class=\"info-box obj-planet\">\n\t\t\t\t\t  <div class=\"info-box obj\"><span class=\"label\">Obiettivo<\/span>\n\t\t\t\t\t    <div class=\"obj-small-box\">\n\t\t\t\t\t      <span>Pianeta.<\/span>\n\t\t\t\t\t    <\/div>\n\t\t\t\t\t  <\/div>\n\t\t\t\t  <\/div>\n\t\t\t  <div class=\"info-box mission\"><span class=\"label\">Tag<\/span><a href=\"https:\/\/www.compagniadisanpaolo.it\/it\/tags\/risultati\/?_sft_post_tag=attivita-fisica-e-sport\" class=\"tag-element\">Attivit\u00e0 fisica e sport<\/a><a href=\"https:\/\/www.compagniadisanpaolo.it\/it\/tags\/risultati\/?_sft_post_tag=sani-stili-di-vita\" class=\"tag-element\">Sani stili di vita<\/a><a href=\"https:\/\/www.compagniadisanpaolo.it\/it\/tags\/risultati\/?_sft_post_tag=sviluppo-sostenibile\" class=\"tag-element\">Sviluppo sostenibile<\/a><a href=\"https:\/\/www.compagniadisanpaolo.it\/it\/tags\/risultati\/?_sft_post_tag=svolta-green\" class=\"tag-element\">Svolta green<\/a><\/div>\t  \n\t<\/div>\n[\/vc_column_text][\/vc_column][vc_column width=&#8221;3\/4&#8243; el_class=&#8221;page-content&#8221;][vc_column_text el_class=&#8221;text&#8221;]<strong>Nell\u2019ambito della nuova edizione del bando \u201c<\/strong><strong>Sportivi per natura<\/strong><strong>\u201d la <\/strong><strong>Fondazione Compagnia di San Paolo<\/strong><strong> invita<\/strong> tutte le realt\u00e0 interessate a presentare la propria candidatura a prendere parte a un\u2019occasione unica di approfondimento. L&#8217;evento, in programma a <strong>Genova<\/strong>, presso i Magazzini del Cotone, <strong>il prossimo febbraio<\/strong>, \u00e8 stato infatti concepito per <strong>ispirare e promuovere lo scambio tra le diverse realt\u00e0 attive sul territorio<\/strong>, operanti in ambiti differenti tra loro. La giornata si svilupper\u00e0 attraverso momenti informativi e workshop interattivi, creando occasioni di dialogo e confronto.<\/p>\n<p>I partecipanti avranno l\u2019opportunit\u00e0 di <strong>ascoltare le testimonianze dei protagonisti delle prime due edizioni<\/strong> dell\u2019iniziativa e di <strong>interagire con gli esperti della Fondazione<\/strong>, approfondendo gli aspetti distintivi del bando.<\/p>\n<p>Il fulcro dell\u2019evento sar\u00e0 rappresentato da due <strong>workshop<\/strong>, <strong>progettati per favorire la costruzione di partenariati misti<\/strong>. Questi spazi di collaborazione mirano a <strong>incoraggiare il lavoro congiunto tra associazioni <\/strong>che solitamente non operano insieme, riconoscendo nella <strong>sinergia tra realt\u00e0 diverse<\/strong> un <strong>elemento fondamentale per lo sviluppo di progetti innovativi e sostenibili<\/strong>.<\/p>\n<p>Nello specifico, il <strong>primo workshop<\/strong> sar\u00e0 <strong>dedicato al project management<\/strong>, un tema centrale per chiunque voglia sviluppare progetti di successo. I partecipanti avranno qui l\u2019opportunit\u00e0 di <strong>apprendere i principi fondamentali della pianificazione<\/strong>, <strong>gestione<\/strong> e <strong>monitoraggio<\/strong> di un progetto. Attraverso l\u2019analisi di un caso concreto, i partecipanti saranno guidati nell\u2019utilizzo di strumenti e metodi pratici per affrontare le sfide tipiche del project management, come la <strong>gestione dei tempi e l\u2019allocazione delle risorse<\/strong>. Il laboratorio rappresenter\u00e0 un\u2019occasione importante per <strong>favorire la collaborazione tra associazioni ed enti<\/strong>, con un\u2019attenzione particolare ai <strong>valori dello sport<\/strong>, della <strong>vita sana<\/strong> e della <strong>protezione ambientale<\/strong>, promuovendo un approccio integrato alla salute e al benessere.<\/p>\n<p>Il <strong>secondo workshop<\/strong>, invece, si concentrer\u00e0 sulla <strong>gestione dei processi collaborativi<\/strong>, approfondendo le <strong>competenze necessarie per favorire la creazione e il buon funzionamento di partenariati<\/strong>. Attraverso un percorso pratico, i partecipanti saranno chiamati a esplorare sia il \u201c<strong>cosa fare<\/strong>\u201d che il \u201c<strong>come fare<\/strong>\u201d in un processo di collaborazione: da un lato, verranno presentate <strong>tecniche utili per favorire l\u2019emersione condivisa di idee<\/strong> e per selezionare in modo efficace le proposte; dall\u2019altro, <strong>si lavorer\u00e0 sulle capacit\u00e0 comunicative e relazionali <\/strong>per creare un clima positivo, prevenire conflitti e trasformare eventuali criticit\u00e0 in opportunit\u00e0 generative.<\/p>\n<p><strong>Per prendere parte all\u2019evento del prossimo 8 febbraio<\/strong> \u00e8 necessario iscriversi <strong>entro il 30 gennaio 2025<\/strong>, per ulteriori approfondimenti vi invitiamo a consultare <a href=\"https:\/\/www.eventbrite.com\/e\/biglietti-fondazione-compagnia-di-san-paolo-roadshow-sportivi-per-natura-genova-1111048508999?aff=oddtdtcreator&amp;utm_campaign=Prova+Bando+FCSP&amp;utm_medium=email&amp;utm_source=brevo\" target=\"_blank\" rel=\"noopener\"><strong>questo link<\/strong><\/a>.<\/p>\n<p>Il <strong>Bando sportivi per natura 2025<\/strong> si inserisce nella visione innovativa della Fondazione Compagnia di San Paolo, che promuove il concetto di salute circolare, un approccio integrato che unisce benessere umano e tutela degli ecosistemi. Attraverso questa iniziativa, la Fondazione sostiene progetti che <strong>favoriscono il benessere psicofisico tramite l&#8217;attivit\u00e0 sportiva outdoor<\/strong>, <strong>rafforzano l&#8217;educazione ambientale <\/strong>e promuovono un <strong>approccio integrato alla salute secondo il modello \u201cOne Health\u201d<\/strong>.<\/p>\n<p>Possono partecipare al bando enti privati senza scopo di lucro, come associazioni e fondazioni, con sede in Piemonte, Liguria o Valle d\u2019Aosta.<\/p>\n<p><strong>La Fondazione valorizza particolarmente le collaborazioni tra pi\u00f9 soggetti, attribuendo una premialit\u00e0 ai progetti presentati in partenariato<\/strong>.<\/p>\n<p>Il <strong>termine per la presentazione delle candidature<\/strong> \u00e8 fissato per le ore <strong>13:00 del 20 marzo 2025<\/strong>.<\/p>\n<p>Il testo completo del bando, con tutte le informazioni utili, \u00e8 disponibile nella sezione <strong><a href=\"https:\/\/www.compagniadisanpaolo.it\/it\/contributi\/sportivi-per-natura-il-benessere-circolare-tra-natura-movimento-e-vita-sana\/?noamp=mobile\" target=\"_blank\" rel=\"noopener\">Contributi<\/a><\/strong> del sito della Fondazione Compagnia di San Paolo.[\/vc_column_text][\/vc_column][\/vc_row][vc_row el_class=&#8221;sdg-list-wrap&#8221;][vc_column][vc_raw_html]JTVCbW9zdHJhU0RHUyU1RA==[\/vc_raw_html][\/vc_column][\/vc_row][vc_row el_class=&#8221;sdg-list-wrap&#8221;][vc_column][vc_raw_html]JTVCU2V6aW9uZV9Eb2N1bWVudGklNUQ=[\/vc_raw_html][\/vc_column][\/vc_row][vc_row][vc_column]<div class=\"templatera_shortcode\"><div data-vc-full-width=\"true\" data-vc-full-width-temp=\"true\" data-vc-full-width-init=\"false\" class=\"vc_row wpb_row vc_row-fluid newsletter-wrap\"><div class=\"wpb_column vc_column_container vc_col-sm-12\"><div class=\"vc_column-inner\"><div class=\"wpb_wrapper\">\n\t<div class=\"wpb_raw_code wpb_raw_html wpb_content_element\" >\n\t\t<div class=\"wpb_wrapper\">\n\t\t\t    <div class=\"container\">\n      <div class=\"row align-items-center\">\n\t<div class=\"col-12 col-lg-6 col-xl-5 mb-3 mb-lg-0 pr-0\">\n\t  <h2 class=\"title\">Rimani aggiornato sui nostri bandi e sui nostri progetti<\/h2>\n\t<\/div>\n\t<div class=\"col-12 col-lg-6 col-xl-7 pl-xl-4\">\n\t  <a class=\"standard-link-block\" href=\"\/it\/newsletter\/\">\n\t    Compila il form e decidi su quale argomento vuoi ricevere notizie.\t    <strong>\u00a0 ISCRIVITI!<\/strong>\n\t  <\/a>\n\t<\/div>\n      <\/div>\n    <\/div>\n\t\t<\/div>\n\t<\/div>\n<\/div><\/div><\/div><\/div><div class=\"vc_row-full-width vc_clearfix\"><\/div><\/div>[\/vc_column][\/vc_row]\n<\/div>","protected":false},"excerpt":{"rendered":"<p>La Fondazione Compagnia di San Paolo invita associazioni ed enti interessati a partecipare alla nuova edizione del Bando Sportivi per Natura a un evento speciale che si terr\u00e0 l&#8217;8 febbraio nel Capoluogo ligure. L&#8217;appuntamento offrir\u00e0 un&#8217;occasione unica per approfondire le opportunit\u00e0 del bando e sviluppare collaborazioni strategiche tra realt\u00e0 che operano in ambiti diversi.<\/p>\n","protected":false},"author":19,"featured_media":33547,"comment_status":"closed","ping_status":"closed","sticky":false,"template":"","format":"standard","meta":{"_acf_changed":false,"content-type":"","footnotes":""},"categories":[17],"tags":[83,82,68,72],"class_list":["post-33764","post","type-post","status-publish","format-standard","has-post-thumbnail","hentry","category-news","tag-attivita-fisica-e-sport","tag-sani-stili-di-vita","tag-sviluppo-sostenibile","tag-svolta-green","entry","post-inner"],"acf":[],"yoast_head":"<!-- This site is optimized with the Yoast SEO plugin v27.3 - https:\/\/yoast.com\/product\/yoast-seo-wordpress\/ -->\n<title>Bando Sportivi per Natura: appuntamento a Genova l&#039;8 febbraio - Fondazione Compagnia di San Paolo<\/title>\n<meta name=\"description\" content=\"Un&#039;opportunit\u00e0 unica per approfondire il bando e creare collaborazioni strategiche tra associazioni ed enti.\" \/>\n<meta name=\"robots\" content=\"index, follow, max-snippet:-1, max-image-preview:large, max-video-preview:-1\" \/>\n<link rel=\"canonical\" href=\"https:\/\/www.compagniadisanpaolo.it\/it\/news\/bando-sportivi-per-natura-appuntamento-a-genova-l8-febbraio\/\" \/>\n<meta property=\"og:locale\" content=\"it_IT\" \/>\n<meta property=\"og:type\" content=\"article\" \/>\n<meta property=\"og:title\" content=\"Bando Sportivi per Natura: appuntamento a Genova l&#039;8 febbraio - Fondazione Compagnia di San Paolo\" \/>\n<meta property=\"og:description\" content=\"Un&#039;opportunit\u00e0 unica per approfondire il bando e creare collaborazioni strategiche tra associazioni ed enti.\" \/>\n<meta property=\"og:url\" content=\"https:\/\/www.compagniadisanpaolo.it\/it\/news\/bando-sportivi-per-natura-appuntamento-a-genova-l8-febbraio\/\" \/>\n<meta property=\"og:site_name\" content=\"Fondazione Compagnia di San Paolo\" \/>\n<meta property=\"article:publisher\" content=\"https:\/\/www.facebook.com\/CompagniaDiSanPaolo\" \/>\n<meta property=\"article:published_time\" content=\"2025-01-17T09:58:46+00:00\" \/>\n<meta property=\"og:image\" content=\"https:\/\/www.compagniadisanpaolo.it\/wp-content\/uploads\/CSP_sportivi-per-natura-banner-sito-815x350-1.jpg\" \/>\n\t<meta property=\"og:image:width\" content=\"1630\" \/>\n\t<meta property=\"og:image:height\" content=\"700\" \/>\n\t<meta property=\"og:image:type\" content=\"image\/jpeg\" \/>\n<meta name=\"author\" content=\"Federica\" \/>\n<meta name=\"twitter:card\" content=\"summary_large_image\" \/>\n<meta name=\"twitter:creator\" content=\"@CSP_live\" \/>\n<meta name=\"twitter:site\" content=\"@CSP_live\" \/>\n<meta name=\"twitter:label1\" content=\"Scritto da\" \/>\n\t<meta name=\"twitter:data1\" content=\"Federica\" \/>\n\t<meta name=\"twitter:label2\" content=\"Tempo di lettura stimato\" \/>\n\t<meta name=\"twitter:data2\" content=\"4 minuti\" \/>\n<script type=\"application\/ld+json\" class=\"yoast-schema-graph\">{\"@context\":\"https:\\\/\\\/schema.org\",\"@graph\":[{\"@type\":\"Article\",\"@id\":\"https:\\\/\\\/www.compagniadisanpaolo.it\\\/it\\\/news\\\/bando-sportivi-per-natura-appuntamento-a-genova-l8-febbraio\\\/#article\",\"isPartOf\":{\"@id\":\"https:\\\/\\\/www.compagniadisanpaolo.it\\\/it\\\/news\\\/bando-sportivi-per-natura-appuntamento-a-genova-l8-febbraio\\\/\"},\"author\":{\"name\":\"Federica\",\"@id\":\"https:\\\/\\\/www.compagniadisanpaolo.it\\\/it\\\/#\\\/schema\\\/person\\\/b7d5451541c25c82f29c5be1e78456b2\"},\"headline\":\"Bando Sportivi per Natura: appuntamento a Genova l&#8217;8 febbraio\",\"datePublished\":\"2025-01-17T09:58:46+00:00\",\"mainEntityOfPage\":{\"@id\":\"https:\\\/\\\/www.compagniadisanpaolo.it\\\/it\\\/news\\\/bando-sportivi-per-natura-appuntamento-a-genova-l8-febbraio\\\/\"},\"wordCount\":720,\"publisher\":{\"@id\":\"https:\\\/\\\/www.compagniadisanpaolo.it\\\/it\\\/#organization\"},\"image\":{\"@id\":\"https:\\\/\\\/www.compagniadisanpaolo.it\\\/it\\\/news\\\/bando-sportivi-per-natura-appuntamento-a-genova-l8-febbraio\\\/#primaryimage\"},\"thumbnailUrl\":\"https:\\\/\\\/www.compagniadisanpaolo.it\\\/wp-content\\\/uploads\\\/CSP_sportivi-per-natura-banner-sito-815x350-1.jpg\",\"keywords\":[\"attivit\u00e0 fisica e sport\",\"sani stili di vita\",\"sviluppo sostenibile\",\"svolta green\"],\"articleSection\":[\"News\"],\"inLanguage\":\"it-IT\"},{\"@type\":\"WebPage\",\"@id\":\"https:\\\/\\\/www.compagniadisanpaolo.it\\\/it\\\/news\\\/bando-sportivi-per-natura-appuntamento-a-genova-l8-febbraio\\\/\",\"url\":\"https:\\\/\\\/www.compagniadisanpaolo.it\\\/it\\\/news\\\/bando-sportivi-per-natura-appuntamento-a-genova-l8-febbraio\\\/\",\"name\":\"Bando Sportivi per Natura: appuntamento a Genova l'8 febbraio - Fondazione Compagnia di San Paolo\",\"isPartOf\":{\"@id\":\"https:\\\/\\\/www.compagniadisanpaolo.it\\\/it\\\/#website\"},\"primaryImageOfPage\":{\"@id\":\"https:\\\/\\\/www.compagniadisanpaolo.it\\\/it\\\/news\\\/bando-sportivi-per-natura-appuntamento-a-genova-l8-febbraio\\\/#primaryimage\"},\"image\":{\"@id\":\"https:\\\/\\\/www.compagniadisanpaolo.it\\\/it\\\/news\\\/bando-sportivi-per-natura-appuntamento-a-genova-l8-febbraio\\\/#primaryimage\"},\"thumbnailUrl\":\"https:\\\/\\\/www.compagniadisanpaolo.it\\\/wp-content\\\/uploads\\\/CSP_sportivi-per-natura-banner-sito-815x350-1.jpg\",\"datePublished\":\"2025-01-17T09:58:46+00:00\",\"description\":\"Un'opportunit\u00e0 unica per approfondire il bando e creare collaborazioni strategiche tra associazioni ed enti.\",\"breadcrumb\":{\"@id\":\"https:\\\/\\\/www.compagniadisanpaolo.it\\\/it\\\/news\\\/bando-sportivi-per-natura-appuntamento-a-genova-l8-febbraio\\\/#breadcrumb\"},\"inLanguage\":\"it-IT\",\"potentialAction\":[{\"@type\":\"ReadAction\",\"target\":[\"https:\\\/\\\/www.compagniadisanpaolo.it\\\/it\\\/news\\\/bando-sportivi-per-natura-appuntamento-a-genova-l8-febbraio\\\/\"]}]},{\"@type\":\"ImageObject\",\"inLanguage\":\"it-IT\",\"@id\":\"https:\\\/\\\/www.compagniadisanpaolo.it\\\/it\\\/news\\\/bando-sportivi-per-natura-appuntamento-a-genova-l8-febbraio\\\/#primaryimage\",\"url\":\"https:\\\/\\\/www.compagniadisanpaolo.it\\\/wp-content\\\/uploads\\\/CSP_sportivi-per-natura-banner-sito-815x350-1.jpg\",\"contentUrl\":\"https:\\\/\\\/www.compagniadisanpaolo.it\\\/wp-content\\\/uploads\\\/CSP_sportivi-per-natura-banner-sito-815x350-1.jpg\",\"width\":1630,\"height\":700},{\"@type\":\"BreadcrumbList\",\"@id\":\"https:\\\/\\\/www.compagniadisanpaolo.it\\\/it\\\/news\\\/bando-sportivi-per-natura-appuntamento-a-genova-l8-febbraio\\\/#breadcrumb\",\"itemListElement\":[{\"@type\":\"ListItem\",\"position\":1,\"name\":\"Home\",\"item\":\"https:\\\/\\\/www.compagniadisanpaolo.it\\\/it\\\/\"},{\"@type\":\"ListItem\",\"position\":2,\"name\":\"Bando Sportivi per Natura: appuntamento a Genova l&#8217;8 febbraio\"}]},{\"@type\":\"WebSite\",\"@id\":\"https:\\\/\\\/www.compagniadisanpaolo.it\\\/it\\\/#website\",\"url\":\"https:\\\/\\\/www.compagniadisanpaolo.it\\\/it\\\/\",\"name\":\"Fondazione Compagnia di San Paolo\",\"description\":\"\",\"publisher\":{\"@id\":\"https:\\\/\\\/www.compagniadisanpaolo.it\\\/it\\\/#organization\"},\"potentialAction\":[{\"@type\":\"SearchAction\",\"target\":{\"@type\":\"EntryPoint\",\"urlTemplate\":\"https:\\\/\\\/www.compagniadisanpaolo.it\\\/it\\\/?s={search_term_string}\"},\"query-input\":{\"@type\":\"PropertyValueSpecification\",\"valueRequired\":true,\"valueName\":\"search_term_string\"}}],\"inLanguage\":\"it-IT\"},{\"@type\":\"Organization\",\"@id\":\"https:\\\/\\\/www.compagniadisanpaolo.it\\\/it\\\/#organization\",\"name\":\"Fondazione Compagnia di San Paolo\",\"url\":\"https:\\\/\\\/www.compagniadisanpaolo.it\\\/it\\\/\",\"logo\":{\"@type\":\"ImageObject\",\"inLanguage\":\"it-IT\",\"@id\":\"https:\\\/\\\/www.compagniadisanpaolo.it\\\/it\\\/#\\\/schema\\\/logo\\\/image\\\/\",\"url\":\"https:\\\/\\\/www.compagniadisanpaolo.it\\\/wp-content\\\/uploads\\\/logo.svg\",\"contentUrl\":\"https:\\\/\\\/www.compagniadisanpaolo.it\\\/wp-content\\\/uploads\\\/logo.svg\",\"width\":769,\"height\":323,\"caption\":\"Fondazione Compagnia di San Paolo\"},\"image\":{\"@id\":\"https:\\\/\\\/www.compagniadisanpaolo.it\\\/it\\\/#\\\/schema\\\/logo\\\/image\\\/\"},\"sameAs\":[\"https:\\\/\\\/www.facebook.com\\\/CompagniaDiSanPaolo\",\"https:\\\/\\\/x.com\\\/CSP_live\",\"http:\\\/\\\/instagram.com\\\/compagniadisanpaolo?ref=badge\",\"https:\\\/\\\/www.linkedin.com\\\/company\\\/compagnia-di-san-paolo\",\"https:\\\/\\\/www.youtube.com\\\/user\\\/compagniadisanpaolo\",\"https:\\\/\\\/it.wikipedia.org\\\/wiki\\\/Compagnia_di_San_Paolo\"]},{\"@type\":\"Person\",\"@id\":\"https:\\\/\\\/www.compagniadisanpaolo.it\\\/it\\\/#\\\/schema\\\/person\\\/b7d5451541c25c82f29c5be1e78456b2\",\"name\":\"Federica\",\"image\":{\"@type\":\"ImageObject\",\"inLanguage\":\"it-IT\",\"@id\":\"https:\\\/\\\/secure.gravatar.com\\\/avatar\\\/b5698fa13ac389b1f1fb1263a4626e219d853d7ccf112e854aea8c9c087d24ae?s=96&d=mm&r=g\",\"url\":\"https:\\\/\\\/secure.gravatar.com\\\/avatar\\\/b5698fa13ac389b1f1fb1263a4626e219d853d7ccf112e854aea8c9c087d24ae?s=96&d=mm&r=g\",\"contentUrl\":\"https:\\\/\\\/secure.gravatar.com\\\/avatar\\\/b5698fa13ac389b1f1fb1263a4626e219d853d7ccf112e854aea8c9c087d24ae?s=96&d=mm&r=g\",\"caption\":\"Federica\"}}]}<\/script>\n<!-- \/ Yoast SEO plugin. -->","yoast_head_json":{"title":"Bando Sportivi per Natura: appuntamento a Genova l'8 febbraio - Fondazione Compagnia di San Paolo","description":"Un'opportunit\u00e0 unica per approfondire il bando e creare collaborazioni strategiche tra associazioni ed enti.","robots":{"index":"index","follow":"follow","max-snippet":"max-snippet:-1","max-image-preview":"max-image-preview:large","max-video-preview":"max-video-preview:-1"},"canonical":"https:\/\/www.compagniadisanpaolo.it\/it\/news\/bando-sportivi-per-natura-appuntamento-a-genova-l8-febbraio\/","og_locale":"it_IT","og_type":"article","og_title":"Bando Sportivi per Natura: appuntamento a Genova l'8 febbraio - Fondazione Compagnia di San Paolo","og_description":"Un'opportunit\u00e0 unica per approfondire il bando e creare collaborazioni strategiche tra associazioni ed enti.","og_url":"https:\/\/www.compagniadisanpaolo.it\/it\/news\/bando-sportivi-per-natura-appuntamento-a-genova-l8-febbraio\/","og_site_name":"Fondazione Compagnia di San Paolo","article_publisher":"https:\/\/www.facebook.com\/CompagniaDiSanPaolo","article_published_time":"2025-01-17T09:58:46+00:00","og_image":[{"width":1630,"height":700,"url":"https:\/\/www.compagniadisanpaolo.it\/wp-content\/uploads\/CSP_sportivi-per-natura-banner-sito-815x350-1.jpg","type":"image\/jpeg"}],"author":"Federica","twitter_card":"summary_large_image","twitter_creator":"@CSP_live","twitter_site":"@CSP_live","twitter_misc":{"Scritto da":"Federica","Tempo di lettura stimato":"4 minuti"},"schema":{"@context":"https:\/\/schema.org","@graph":[{"@type":"Article","@id":"https:\/\/www.compagniadisanpaolo.it\/it\/news\/bando-sportivi-per-natura-appuntamento-a-genova-l8-febbraio\/#article","isPartOf":{"@id":"https:\/\/www.compagniadisanpaolo.it\/it\/news\/bando-sportivi-per-natura-appuntamento-a-genova-l8-febbraio\/"},"author":{"name":"Federica","@id":"https:\/\/www.compagniadisanpaolo.it\/it\/#\/schema\/person\/b7d5451541c25c82f29c5be1e78456b2"},"headline":"Bando Sportivi per Natura: appuntamento a Genova l&#8217;8 febbraio","datePublished":"2025-01-17T09:58:46+00:00","mainEntityOfPage":{"@id":"https:\/\/www.compagniadisanpaolo.it\/it\/news\/bando-sportivi-per-natura-appuntamento-a-genova-l8-febbraio\/"},"wordCount":720,"publisher":{"@id":"https:\/\/www.compagniadisanpaolo.it\/it\/#organization"},"image":{"@id":"https:\/\/www.compagniadisanpaolo.it\/it\/news\/bando-sportivi-per-natura-appuntamento-a-genova-l8-febbraio\/#primaryimage"},"thumbnailUrl":"https:\/\/www.compagniadisanpaolo.it\/wp-content\/uploads\/CSP_sportivi-per-natura-banner-sito-815x350-1.jpg","keywords":["attivit\u00e0 fisica e sport","sani stili di vita","sviluppo sostenibile","svolta green"],"articleSection":["News"],"inLanguage":"it-IT"},{"@type":"WebPage","@id":"https:\/\/www.compagniadisanpaolo.it\/it\/news\/bando-sportivi-per-natura-appuntamento-a-genova-l8-febbraio\/","url":"https:\/\/www.compagniadisanpaolo.it\/it\/news\/bando-sportivi-per-natura-appuntamento-a-genova-l8-febbraio\/","name":"Bando Sportivi per Natura: appuntamento a Genova l'8 febbraio - Fondazione Compagnia di San Paolo","isPartOf":{"@id":"https:\/\/www.compagniadisanpaolo.it\/it\/#website"},"primaryImageOfPage":{"@id":"https:\/\/www.compagniadisanpaolo.it\/it\/news\/bando-sportivi-per-natura-appuntamento-a-genova-l8-febbraio\/#primaryimage"},"image":{"@id":"https:\/\/www.compagniadisanpaolo.it\/it\/news\/bando-sportivi-per-natura-appuntamento-a-genova-l8-febbraio\/#primaryimage"},"thumbnailUrl":"https:\/\/www.compagniadisanpaolo.it\/wp-content\/uploads\/CSP_sportivi-per-natura-banner-sito-815x350-1.jpg","datePublished":"2025-01-17T09:58:46+00:00","description":"Un'opportunit\u00e0 unica per approfondire il bando e creare collaborazioni strategiche tra associazioni ed enti.","breadcrumb":{"@id":"https:\/\/www.compagniadisanpaolo.it\/it\/news\/bando-sportivi-per-natura-appuntamento-a-genova-l8-febbraio\/#breadcrumb"},"inLanguage":"it-IT","potentialAction":[{"@type":"ReadAction","target":["https:\/\/www.compagniadisanpaolo.it\/it\/news\/bando-sportivi-per-natura-appuntamento-a-genova-l8-febbraio\/"]}]},{"@type":"ImageObject","inLanguage":"it-IT","@id":"https:\/\/www.compagniadisanpaolo.it\/it\/news\/bando-sportivi-per-natura-appuntamento-a-genova-l8-febbraio\/#primaryimage","url":"https:\/\/www.compagniadisanpaolo.it\/wp-content\/uploads\/CSP_sportivi-per-natura-banner-sito-815x350-1.jpg","contentUrl":"https:\/\/www.compagniadisanpaolo.it\/wp-content\/uploads\/CSP_sportivi-per-natura-banner-sito-815x350-1.jpg","width":1630,"height":700},{"@type":"BreadcrumbList","@id":"https:\/\/www.compagniadisanpaolo.it\/it\/news\/bando-sportivi-per-natura-appuntamento-a-genova-l8-febbraio\/#breadcrumb","itemListElement":[{"@type":"ListItem","position":1,"name":"Home","item":"https:\/\/www.compagniadisanpaolo.it\/it\/"},{"@type":"ListItem","position":2,"name":"Bando Sportivi per Natura: appuntamento a Genova l&#8217;8 febbraio"}]},{"@type":"WebSite","@id":"https:\/\/www.compagniadisanpaolo.it\/it\/#website","url":"https:\/\/www.compagniadisanpaolo.it\/it\/","name":"Fondazione Compagnia di San Paolo","description":"","publisher":{"@id":"https:\/\/www.compagniadisanpaolo.it\/it\/#organization"},"potentialAction":[{"@type":"SearchAction","target":{"@type":"EntryPoint","urlTemplate":"https:\/\/www.compagniadisanpaolo.it\/it\/?s={search_term_string}"},"query-input":{"@type":"PropertyValueSpecification","valueRequired":true,"valueName":"search_term_string"}}],"inLanguage":"it-IT"},{"@type":"Organization","@id":"https:\/\/www.compagniadisanpaolo.it\/it\/#organization","name":"Fondazione Compagnia di San Paolo","url":"https:\/\/www.compagniadisanpaolo.it\/it\/","logo":{"@type":"ImageObject","inLanguage":"it-IT","@id":"https:\/\/www.compagniadisanpaolo.it\/it\/#\/schema\/logo\/image\/","url":"https:\/\/www.compagniadisanpaolo.it\/wp-content\/uploads\/logo.svg","contentUrl":"https:\/\/www.compagniadisanpaolo.it\/wp-content\/uploads\/logo.svg","width":769,"height":323,"caption":"Fondazione Compagnia di San Paolo"},"image":{"@id":"https:\/\/www.compagniadisanpaolo.it\/it\/#\/schema\/logo\/image\/"},"sameAs":["https:\/\/www.facebook.com\/CompagniaDiSanPaolo","https:\/\/x.com\/CSP_live","http:\/\/instagram.com\/compagniadisanpaolo?ref=badge","https:\/\/www.linkedin.com\/company\/compagnia-di-san-paolo","https:\/\/www.youtube.com\/user\/compagniadisanpaolo","https:\/\/it.wikipedia.org\/wiki\/Compagnia_di_San_Paolo"]},{"@type":"Person","@id":"https:\/\/www.compagniadisanpaolo.it\/it\/#\/schema\/person\/b7d5451541c25c82f29c5be1e78456b2","name":"Federica","image":{"@type":"ImageObject","inLanguage":"it-IT","@id":"https:\/\/secure.gravatar.com\/avatar\/b5698fa13ac389b1f1fb1263a4626e219d853d7ccf112e854aea8c9c087d24ae?s=96&d=mm&r=g","url":"https:\/\/secure.gravatar.com\/avatar\/b5698fa13ac389b1f1fb1263a4626e219d853d7ccf112e854aea8c9c087d24ae?s=96&d=mm&r=g","contentUrl":"https:\/\/secure.gravatar.com\/avatar\/b5698fa13ac389b1f1fb1263a4626e219d853d7ccf112e854aea8c9c087d24ae?s=96&d=mm&r=g","caption":"Federica"}}]}},"amp_enabled":true,"_links":{"self":[{"href":"https:\/\/www.compagniadisanpaolo.it\/it\/wp-json\/wp\/v2\/posts\/33764","targetHints":{"allow":["GET"]}}],"collection":[{"href":"https:\/\/www.compagniadisanpaolo.it\/it\/wp-json\/wp\/v2\/posts"}],"about":[{"href":"https:\/\/www.compagniadisanpaolo.it\/it\/wp-json\/wp\/v2\/types\/post"}],"author":[{"embeddable":true,"href":"https:\/\/www.compagniadisanpaolo.it\/it\/wp-json\/wp\/v2\/users\/19"}],"replies":[{"embeddable":true,"href":"https:\/\/www.compagniadisanpaolo.it\/it\/wp-json\/wp\/v2\/comments?post=33764"}],"version-history":[{"count":2,"href":"https:\/\/www.compagniadisanpaolo.it\/it\/wp-json\/wp\/v2\/posts\/33764\/revisions"}],"predecessor-version":[{"id":33767,"href":"https:\/\/www.compagniadisanpaolo.it\/it\/wp-json\/wp\/v2\/posts\/33764\/revisions\/33767"}],"wp:featuredmedia":[{"embeddable":true,"href":"https:\/\/www.compagniadisanpaolo.it\/it\/wp-json\/wp\/v2\/media\/33547"}],"wp:attachment":[{"href":"https:\/\/www.compagniadisanpaolo.it\/it\/wp-json\/wp\/v2\/media?parent=33764"}],"wp:term":[{"taxonomy":"category","embeddable":true,"href":"https:\/\/www.compagniadisanpaolo.it\/it\/wp-json\/wp\/v2\/categories?post=33764"},{"taxonomy":"post_tag","embeddable":true,"href":"https:\/\/www.compagniadisanpaolo.it\/it\/wp-json\/wp\/v2\/tags?post=33764"}],"curies":[{"name":"wp","href":"https:\/\/api.w.org\/{rel}","templated":true}]}}