{"id":33758,"date":"2025-01-16T10:04:44","date_gmt":"2025-01-16T09:04:44","guid":{"rendered":"https:\/\/www.compagniadisanpaolo.it\/?p=33758"},"modified":"2025-01-17T10:48:14","modified_gmt":"2025-01-17T09:48:14","slug":"i-webinar-di-equilibri-quali-nuovi-modi-per-vivere-pienamente-la-paternita","status":"publish","type":"post","link":"https:\/\/www.compagniadisanpaolo.it\/it\/news\/i-webinar-di-equilibri-quali-nuovi-modi-per-vivere-pienamente-la-paternita\/","title":{"rendered":"I webinar di Equilibri: quali nuovi modi per vivere pienamente la paternit\u00e0?"},"content":{"rendered":"<div class=\"wpb-content-wrapper\">[vc_row][vc_column][vc_column_text el_class=&#8221;text-headline2&#8243;]Appuntamento il prossimo 23 gennaio con il quinto webinar previsto dal percorso di approfondimento tracciato dalla Call for Action \u201cEquilibri\u201d. Al centro dell\u2019incontro il tema della paternit\u00e0: cosa vuol dire essere padri oggi?[\/vc_column_text][\/vc_column][\/vc_row][vc_row][vc_column][vc_column_text]\n<div class=\"info-box mission\">\n\t\t<div class=\"info-box-wrap info-box-hor row pb-0\">\n\n\t\t      \n\t\t      <div class=\"spalla col-12 col-md-12\">\n\t\t\t<div class=\"info-box sharing-box\">\n\t\t\t  <span class=\"label\">Condividi:<\/span>\n\t\t\t  <div class=\"social-sharing\">\n\t\t\t    <span class=\"box\">\n\t\t\t      <a class=\"fb\" href=\"https:\/\/www.facebook.com\/sharer.php?u=https:\/\/www.compagniadisanpaolo.it\/it\/news\/i-webinar-di-equilibri-quali-nuovi-modi-per-vivere-pienamente-la-paternita\/\" target=\"_blank\">\n\t\t\t\t<span class=\"sr-only\">Facebook<\/span>\n\t\t\t\t<i class=\"fab fa-facebook-f\"><\/i>\n\t\t\t      <\/a>\n\t\t\t    <\/span>\n\t\t\t    \n\t\t\t    <style>\n.twitter, .twitter:hover{\ncolor:#000000 !important;}\n<\/style>\n\n\n\t\t\t    <span class=\"box\">\n\t\t\t      <a class=\"twitter\" href=\"https:\/\/twitter.com\/intent\/tweet?url=https:\/\/www.compagniadisanpaolo.it\/it\/news\/i-webinar-di-equilibri-quali-nuovi-modi-per-vivere-pienamente-la-paternita\/\">\n\t\t\t\t<span class=\"sr-only\">Twitter<\/span>\n\t\t\t\t<i class=\"fa-brands fa-x-twitter\"><\/i>\n\t\t\t      <\/a>\n\t\t\t    <\/span>\n\n\t\t\t    \n\t\t\t    <span class=\"box\">\n\t\t\t      <a class=\"linkedin\" href=\"https:\/\/www.linkedin.com\/shareArticle?mini=true&url=https:\/\/www.compagniadisanpaolo.it\/it\/news\/i-webinar-di-equilibri-quali-nuovi-modi-per-vivere-pienamente-la-paternita\/\">\n\t\t\t\t<span class=\"sr-only\">Linkedin<\/span>\n\t\t\t\t  <i class=\"fa-brands fa-linkedin-in\"><\/i>\n\t\t\t      <\/a>\n\t\t\t    <\/span>\n\n\t\t\t    <span class=\"box\">\n\t\t\t      <a class=\"whatsapp\" href=\"whatsapp:\/\/send?text=https:\/\/www.compagniadisanpaolo.it\/it\/news\/i-webinar-di-equilibri-quali-nuovi-modi-per-vivere-pienamente-la-paternita\/\" data-action=\"share\/whatsapp\/share\">\n\t\t\t\t<span class=\"sr-only\">Whatsapp<\/span>\n\t\t\t\t<i class=\"fa-brands fa-whatsapp\"><\/i>\n\t\t\t      <\/a>\n\t\t\t    <\/span>\n\n\t\t\t    <span class=\"box\">\n\t\t\t      <a class=\"mail\" href=\"mailto:?subject=I webinar di Equilibri: quali nuovi modi per vivere pienamente la paternit\u00e0?&body=https:\/\/www.compagniadisanpaolo.it\/it\/news\/i-webinar-di-equilibri-quali-nuovi-modi-per-vivere-pienamente-la-paternita\/\">\n\t\t\t\t<span class=\"sr-only\">Mail<\/span>\n\t\t\t\t <i class=\"fa-solid fa-envelope\"><\/i>\n\t\t\t      <\/a>\n\t\t\t    <\/span>\n\t\t\t    \n\t\t\t  <\/div>\n\t\t\t<\/div>\n\t      <\/div>\n\t    <\/div><\/div>\n[\/vc_column_text][\/vc_column][\/vc_row][vc_row][vc_column width=&#8221;1\/4&#8243;][vc_column_text]\n\n\n\t\t<div class=\"info-box-wrap\">\n\n\t  <div class=\"info-box date-pub\">\n\t  \t<span class=\"label\">Data di pubblicazione:<\/span>\n\t    <span class=\"value\">16 Gennaio 2025<\/span>\n\t  <\/div>\n\t\t\t\t  <div class=\"info-box obj-people\">\n\t\t\t\t\t  <div class=\"info-box obj\"><span class=\"label\">Obiettivo<\/span>\n\t\t\t\t\t    <div class=\"obj-small-box\">\n\t\t\t\t\t      <span>Persone.<\/span>\n\t\t\t\t\t    <\/div>\n\t\t\t\t\t  <\/div>\n\t\t\t\t  <\/div>\n\t\t\t  <div class=\"info-box mission\"><span class=\"label\">Tag<\/span><a href=\"https:\/\/www.compagniadisanpaolo.it\/it\/tags\/risultati\/?_sft_post_tag=coesione-sociale\" class=\"tag-element\">Coesione sociale<\/a><a href=\"https:\/\/www.compagniadisanpaolo.it\/it\/tags\/risultati\/?_sft_post_tag=leadership-dei-minori\" class=\"tag-element\">Leadership dei minori<\/a><a href=\"https:\/\/www.compagniadisanpaolo.it\/it\/tags\/risultati\/?_sft_post_tag=pari-opportunita\" class=\"tag-element\">Pari opportunit\u00e0<\/a><a href=\"https:\/\/www.compagniadisanpaolo.it\/it\/tags\/risultati\/?_sft_post_tag=piena-cittadinanza-e-diritti\" class=\"tag-element\">Piena cittadinanza e diritti<\/a><\/div>\t  \n\t<\/div>\n[\/vc_column_text][\/vc_column][vc_column width=&#8221;3\/4&#8243; el_class=&#8221;page-content&#8221;][vc_column_text el_class=&#8221;text&#8221;]La Fondazione Compagnia di San Paolo prosegue il suo percorso di approfondimento sui temi legati alla <strong>Call for Action \u201cEquilibri\u201d<\/strong>, un\u2019azione che si propone di <strong>promuovere il lavoro femminile<\/strong>, i <strong>servizi di conciliazione<\/strong>, le <strong>misure di contrasto alla povert\u00e0 educativa<\/strong> e la <strong>valorizzazione dei servizi educativi di qualit\u00e0<\/strong>.<\/p>\n<p>Il quinto appuntamento di questo ciclo di incontri \u00e8 dedicato a un tema importante per il raggiungimento di una societ\u00e0 pi\u00f9 equa e inclusiva: <strong>la paternit\u00e0<\/strong>.<\/p>\n<p>Il webinar, dal titolo \u201c<strong>Progettare opportunit\u00e0, un percorso di approfondimento sui temi di Equilibri: Quali nuovi modi per vivere pienamente la paternit\u00e0?<\/strong>\u201d, in programma il <strong>prossimo 23 gennaio<\/strong>, affronter\u00e0 le sfide e le opportunit\u00e0 dell&#8217;essere padre oggi, esplorando come <strong>una maggiore equit\u00e0 nella distribuzione dei ruoli genitoriali<\/strong> possa contribuire a scardinare gli stereotipi di genere e a promuovere un <strong>cambiamento culturale<\/strong>.<\/p>\n<p>Quando il ruolo genitoriale viene condiviso, si crea infatti un <strong>equilibrio<\/strong> che <strong>apre spazi per una distribuzione pi\u00f9 equa delle responsabilit\u00e0 familiari<\/strong>. Una prospettiva fondamentale per <strong>costruire una societ\u00e0 pi\u00f9 inclusiva<\/strong>, capace di valorizzare appieno le potenzialit\u00e0 di ogni individuo.<\/p>\n<p>Questo nuovo appuntamento del percorso di approfondimento si propone di <strong>favorire una riflessione collettiva sul ruolo della paternit\u00e0 <\/strong>e sul suo <strong>impatto nelle dinamiche familiari e sociali<\/strong>.<\/p>\n<p>Attraverso il dialogo e la condivisione di esperienze, si intende <strong>promuovere una maggiore consapevolezza sui temi legati alla condivisione delle responsabilit\u00e0 genitoriali<\/strong>, contribuendo a una trasformazione culturale che riconosca e valorizzi pienamente il ruolo del padre nel contesto educativo e familiare.<\/p>\n<p>Il webinar, moderato da <strong>Angelo Perez<\/strong>, <strong>Project Manager di Equilibri<\/strong>, sar\u00e0 introdotto da <strong>Nicoletta Pamparato<\/strong>, della Missione &#8220;<strong>Favorire il lavoro dignitoso<\/strong>&#8220;, che aprir\u00e0 l\u2019incontro.<\/p>\n<p>A seguire, la Professoressa <strong>Maddalena Cannito <\/strong>offrir\u00e0 una visione accademica sull&#8217;evoluzione del ruolo paterno, mettendo in luce come la paternit\u00e0 sia cambiata nel tempo. <strong>Esplorando le trasformazioni culturali che hanno modificato il modo di intendere la figura del padre<\/strong>, si metter\u00e0 in luce <strong>l\u2019impatto delle politiche di congedo parentale<\/strong>, approfondendo come il <strong>maggiore tempo trascorso con i figli contribuiscano a un significativo cambiamento culturale <\/strong>per gli uomini, sia come genitori che come individui.<\/p>\n<p><strong>Maddalena Cannito<\/strong> \u00e8 <strong>Ricercatrice<\/strong> presso il Dipartimento di Culture, Politica e Societ\u00e0 dell\u2019<strong>Universit\u00e0 di Torino<\/strong>.<\/p>\n<p>I suoi interessi di ricerca sono legati ai <strong>men\u2019s studies<\/strong>, agli <strong>studi di genere<\/strong> e alla <strong>sociologia<\/strong> <strong>della<\/strong> <strong>famiglia<\/strong> e in particolare: alla <strong>costruzione sociale della maschilit\u00e0<\/strong>, della <strong>paternit\u00e0<\/strong> e dei <strong>ruoli di genere nel welfare<\/strong>, negli ambienti di lavoro pubblici e privati e all\u2019interno della famiglia; alle politiche nazionali, locali e aziendali per la genitorialit\u00e0 e la conciliazione vita-lavoro; alla violenza maschile contro le donne e il lavoro di rete territoriale per contrastarla. \u00c8 autrice, per Il Mulino, del volume \u201cFare spazio alla paternit\u00e0. Essere padri in Italia tra trasformazioni del welfare, ambienti di lavoro e modelli di maschilit\u00e0\u201d, pubblicato nel 2022.<\/p>\n<p>A seguire, l\u2019intervento di <strong>Andrea Santoro<\/strong> si focalizzer\u00e0 su una <strong>visione della paternit\u00e0 come risorsa e occasione di relazione e incontro<\/strong> all\u2019interno della famiglia, sottolineando come questa possa rappresentare un <strong>fattore di evoluzione per uomini<\/strong>, <strong>donne<\/strong> e <strong>famiglie<\/strong>. Le sue riflessioni offriranno spunti preziosi per <strong>ripensare il ruolo paterno<\/strong> in modo consapevole e partecipativo, evidenziandone le sfide e le opportunit\u00e0.<\/p>\n<p><strong>Andrea Santoro<\/strong> \u00e8 <strong>counselor<\/strong>, <strong>ricercatore<\/strong> e <strong>scrittore<\/strong> sui temi della maschilit\u00e0 e della paternit\u00e0. Presidente dell\u2019associazione <strong>Cerchio degli uomini<\/strong> e membro del gruppo di coordinamento del <strong>CUAV Centro per il disagio maschile e la prevenzione della violenza a donne e minori<\/strong>.<\/p>\n<p>Il webinar si terr\u00e0 il prossimo 23 gennaio a partire dalle ore 10:00. Per prendere parte al webinar \u201c<strong>Progettare opportunit\u00e0, un percorso di approfondimento sui temi di Equilibri: Quali nuovi modi per vivere pienamente la paternit\u00e0?<\/strong>\u201d \u00e8 possibile registrarsi a <a href=\"https:\/\/actingout-it.zoom.us\/webinar\/register\/WN_RHEY6FH-TQCXuTwj6X7KQA#\/registration\" target=\"_blank\" rel=\"noopener\"><strong>questo link<\/strong><\/a>.[\/vc_column_text][vc_empty_space height=&#8221;60px&#8221;][\/vc_column][\/vc_row][vc_row el_class=&#8221;sdg-list-wrap&#8221;][vc_column][vc_raw_html]JTVCbW9zdHJhU0RHUyU1RA==[\/vc_raw_html][\/vc_column][\/vc_row][vc_row][vc_column][vc_raw_html]JTVCU2V6aW9uZV9Eb2N1bWVudGklNUQ=[\/vc_raw_html][\/vc_column][\/vc_row][vc_row][vc_column]<div class=\"templatera_shortcode\"><div data-vc-full-width=\"true\" data-vc-full-width-temp=\"true\" data-vc-full-width-init=\"false\" class=\"vc_row wpb_row vc_row-fluid newsletter-wrap\"><div class=\"wpb_column vc_column_container vc_col-sm-12\"><div class=\"vc_column-inner\"><div class=\"wpb_wrapper\">\n\t<div class=\"wpb_raw_code wpb_raw_html wpb_content_element\" >\n\t\t<div class=\"wpb_wrapper\">\n\t\t\t    <div class=\"container\">\n      <div class=\"row align-items-center\">\n\t<div class=\"col-12 col-lg-6 col-xl-5 mb-3 mb-lg-0 pr-0\">\n\t  <h2 class=\"title\">Rimani aggiornato sui nostri bandi e sui nostri progetti<\/h2>\n\t<\/div>\n\t<div class=\"col-12 col-lg-6 col-xl-7 pl-xl-4\">\n\t  <a class=\"standard-link-block\" href=\"\/it\/newsletter\/\">\n\t    Compila il form e decidi su quale argomento vuoi ricevere notizie.\t    <strong>\u00a0 ISCRIVITI!<\/strong>\n\t  <\/a>\n\t<\/div>\n      <\/div>\n    <\/div>\n\t\t<\/div>\n\t<\/div>\n<\/div><\/div><\/div><\/div><div class=\"vc_row-full-width vc_clearfix\"><\/div><\/div>[\/vc_column][\/vc_row]\n<\/div>","protected":false},"excerpt":{"rendered":"<p>Appuntamento il prossimo 23 gennaio con il quinto webinar previsto dal percorso di approfondimento tracciato dalla Call for Action \u201cEquilibri\u201d. Al centro dell\u2019incontro il tema della paternit\u00e0: cosa vuol dire essere padri oggi?<\/p>\n","protected":false},"author":19,"featured_media":15546,"comment_status":"closed","ping_status":"closed","sticky":false,"template":"","format":"standard","meta":{"_acf_changed":false,"content-type":"","footnotes":""},"categories":[17],"tags":[51,56,79,93],"class_list":["post-33758","post","type-post","status-publish","format-standard","has-post-thumbnail","hentry","category-news","tag-coesione-sociale","tag-leadership-dei-minori","tag-pari-opportunita","tag-piena-cittadinanza-e-diritti","entry","post-inner"],"acf":[],"yoast_head":"<!-- This site is optimized with the Yoast SEO plugin v27.3 - https:\/\/yoast.com\/product\/yoast-seo-wordpress\/ -->\n<title>I webinar di Equilibri: quali nuovi modi per vivere pienamente la paternit\u00e0? - Fondazione Compagnia di San Paolo<\/title>\n<meta name=\"description\" content=\"Appuntamento il prossimo 23 gennaio con il quinto webinar del percorso di approfondimento tracciato dalla Call for Action \u201cEquilibri\u201d.\" \/>\n<meta name=\"robots\" content=\"index, follow, max-snippet:-1, max-image-preview:large, max-video-preview:-1\" \/>\n<link rel=\"canonical\" href=\"https:\/\/www.compagniadisanpaolo.it\/it\/news\/i-webinar-di-equilibri-quali-nuovi-modi-per-vivere-pienamente-la-paternita\/\" \/>\n<meta property=\"og:locale\" content=\"it_IT\" \/>\n<meta property=\"og:type\" content=\"article\" \/>\n<meta property=\"og:title\" content=\"I webinar di Equilibri: quali nuovi modi per vivere pienamente la paternit\u00e0? - Fondazione Compagnia di San Paolo\" \/>\n<meta property=\"og:description\" content=\"Appuntamento il prossimo 23 gennaio con il quinto webinar del percorso di approfondimento tracciato dalla Call for Action \u201cEquilibri\u201d.\" \/>\n<meta property=\"og:url\" content=\"https:\/\/www.compagniadisanpaolo.it\/it\/news\/i-webinar-di-equilibri-quali-nuovi-modi-per-vivere-pienamente-la-paternita\/\" \/>\n<meta property=\"og:site_name\" content=\"Fondazione Compagnia di San Paolo\" \/>\n<meta property=\"article:publisher\" content=\"https:\/\/www.facebook.com\/CompagniaDiSanPaolo\" \/>\n<meta property=\"article:published_time\" content=\"2025-01-16T09:04:44+00:00\" \/>\n<meta property=\"article:modified_time\" content=\"2025-01-17T09:48:14+00:00\" \/>\n<meta property=\"og:image\" content=\"https:\/\/www.compagniadisanpaolo.it\/wp-content\/uploads\/equilibri-head-1.jpg\" \/>\n\t<meta property=\"og:image:width\" content=\"815\" \/>\n\t<meta property=\"og:image:height\" content=\"350\" \/>\n\t<meta property=\"og:image:type\" content=\"image\/jpeg\" \/>\n<meta name=\"author\" content=\"Federica\" \/>\n<meta name=\"twitter:card\" content=\"summary_large_image\" \/>\n<meta name=\"twitter:creator\" content=\"@CSP_live\" \/>\n<meta name=\"twitter:site\" content=\"@CSP_live\" \/>\n<meta name=\"twitter:label1\" content=\"Scritto da\" \/>\n\t<meta name=\"twitter:data1\" content=\"Federica\" \/>\n\t<meta name=\"twitter:label2\" content=\"Tempo di lettura stimato\" \/>\n\t<meta name=\"twitter:data2\" content=\"4 minuti\" \/>\n<script type=\"application\/ld+json\" class=\"yoast-schema-graph\">{\"@context\":\"https:\\\/\\\/schema.org\",\"@graph\":[{\"@type\":\"Article\",\"@id\":\"https:\\\/\\\/www.compagniadisanpaolo.it\\\/it\\\/news\\\/i-webinar-di-equilibri-quali-nuovi-modi-per-vivere-pienamente-la-paternita\\\/#article\",\"isPartOf\":{\"@id\":\"https:\\\/\\\/www.compagniadisanpaolo.it\\\/it\\\/news\\\/i-webinar-di-equilibri-quali-nuovi-modi-per-vivere-pienamente-la-paternita\\\/\"},\"author\":{\"name\":\"Federica\",\"@id\":\"https:\\\/\\\/www.compagniadisanpaolo.it\\\/it\\\/#\\\/schema\\\/person\\\/b7d5451541c25c82f29c5be1e78456b2\"},\"headline\":\"I webinar di Equilibri: quali nuovi modi per vivere pienamente la paternit\u00e0?\",\"datePublished\":\"2025-01-16T09:04:44+00:00\",\"dateModified\":\"2025-01-17T09:48:14+00:00\",\"mainEntityOfPage\":{\"@id\":\"https:\\\/\\\/www.compagniadisanpaolo.it\\\/it\\\/news\\\/i-webinar-di-equilibri-quali-nuovi-modi-per-vivere-pienamente-la-paternita\\\/\"},\"wordCount\":769,\"publisher\":{\"@id\":\"https:\\\/\\\/www.compagniadisanpaolo.it\\\/it\\\/#organization\"},\"image\":{\"@id\":\"https:\\\/\\\/www.compagniadisanpaolo.it\\\/it\\\/news\\\/i-webinar-di-equilibri-quali-nuovi-modi-per-vivere-pienamente-la-paternita\\\/#primaryimage\"},\"thumbnailUrl\":\"https:\\\/\\\/www.compagniadisanpaolo.it\\\/wp-content\\\/uploads\\\/equilibri-head-1.jpg\",\"keywords\":[\"coesione sociale\",\"leadership dei minori\",\"pari opportunit\u00e0\",\"piena cittadinanza e diritti\"],\"articleSection\":[\"News\"],\"inLanguage\":\"it-IT\"},{\"@type\":\"WebPage\",\"@id\":\"https:\\\/\\\/www.compagniadisanpaolo.it\\\/it\\\/news\\\/i-webinar-di-equilibri-quali-nuovi-modi-per-vivere-pienamente-la-paternita\\\/\",\"url\":\"https:\\\/\\\/www.compagniadisanpaolo.it\\\/it\\\/news\\\/i-webinar-di-equilibri-quali-nuovi-modi-per-vivere-pienamente-la-paternita\\\/\",\"name\":\"I webinar di Equilibri: quali nuovi modi per vivere pienamente la paternit\u00e0? - Fondazione Compagnia di San Paolo\",\"isPartOf\":{\"@id\":\"https:\\\/\\\/www.compagniadisanpaolo.it\\\/it\\\/#website\"},\"primaryImageOfPage\":{\"@id\":\"https:\\\/\\\/www.compagniadisanpaolo.it\\\/it\\\/news\\\/i-webinar-di-equilibri-quali-nuovi-modi-per-vivere-pienamente-la-paternita\\\/#primaryimage\"},\"image\":{\"@id\":\"https:\\\/\\\/www.compagniadisanpaolo.it\\\/it\\\/news\\\/i-webinar-di-equilibri-quali-nuovi-modi-per-vivere-pienamente-la-paternita\\\/#primaryimage\"},\"thumbnailUrl\":\"https:\\\/\\\/www.compagniadisanpaolo.it\\\/wp-content\\\/uploads\\\/equilibri-head-1.jpg\",\"datePublished\":\"2025-01-16T09:04:44+00:00\",\"dateModified\":\"2025-01-17T09:48:14+00:00\",\"description\":\"Appuntamento il prossimo 23 gennaio con il quinto webinar del percorso di approfondimento tracciato dalla Call for Action \u201cEquilibri\u201d.\",\"breadcrumb\":{\"@id\":\"https:\\\/\\\/www.compagniadisanpaolo.it\\\/it\\\/news\\\/i-webinar-di-equilibri-quali-nuovi-modi-per-vivere-pienamente-la-paternita\\\/#breadcrumb\"},\"inLanguage\":\"it-IT\",\"potentialAction\":[{\"@type\":\"ReadAction\",\"target\":[\"https:\\\/\\\/www.compagniadisanpaolo.it\\\/it\\\/news\\\/i-webinar-di-equilibri-quali-nuovi-modi-per-vivere-pienamente-la-paternita\\\/\"]}]},{\"@type\":\"ImageObject\",\"inLanguage\":\"it-IT\",\"@id\":\"https:\\\/\\\/www.compagniadisanpaolo.it\\\/it\\\/news\\\/i-webinar-di-equilibri-quali-nuovi-modi-per-vivere-pienamente-la-paternita\\\/#primaryimage\",\"url\":\"https:\\\/\\\/www.compagniadisanpaolo.it\\\/wp-content\\\/uploads\\\/equilibri-head-1.jpg\",\"contentUrl\":\"https:\\\/\\\/www.compagniadisanpaolo.it\\\/wp-content\\\/uploads\\\/equilibri-head-1.jpg\",\"width\":815,\"height\":350},{\"@type\":\"BreadcrumbList\",\"@id\":\"https:\\\/\\\/www.compagniadisanpaolo.it\\\/it\\\/news\\\/i-webinar-di-equilibri-quali-nuovi-modi-per-vivere-pienamente-la-paternita\\\/#breadcrumb\",\"itemListElement\":[{\"@type\":\"ListItem\",\"position\":1,\"name\":\"Home\",\"item\":\"https:\\\/\\\/www.compagniadisanpaolo.it\\\/it\\\/\"},{\"@type\":\"ListItem\",\"position\":2,\"name\":\"I webinar di Equilibri: quali nuovi modi per vivere pienamente la paternit\u00e0?\"}]},{\"@type\":\"WebSite\",\"@id\":\"https:\\\/\\\/www.compagniadisanpaolo.it\\\/it\\\/#website\",\"url\":\"https:\\\/\\\/www.compagniadisanpaolo.it\\\/it\\\/\",\"name\":\"Fondazione Compagnia di San Paolo\",\"description\":\"\",\"publisher\":{\"@id\":\"https:\\\/\\\/www.compagniadisanpaolo.it\\\/it\\\/#organization\"},\"potentialAction\":[{\"@type\":\"SearchAction\",\"target\":{\"@type\":\"EntryPoint\",\"urlTemplate\":\"https:\\\/\\\/www.compagniadisanpaolo.it\\\/it\\\/?s={search_term_string}\"},\"query-input\":{\"@type\":\"PropertyValueSpecification\",\"valueRequired\":true,\"valueName\":\"search_term_string\"}}],\"inLanguage\":\"it-IT\"},{\"@type\":\"Organization\",\"@id\":\"https:\\\/\\\/www.compagniadisanpaolo.it\\\/it\\\/#organization\",\"name\":\"Fondazione Compagnia di San Paolo\",\"url\":\"https:\\\/\\\/www.compagniadisanpaolo.it\\\/it\\\/\",\"logo\":{\"@type\":\"ImageObject\",\"inLanguage\":\"it-IT\",\"@id\":\"https:\\\/\\\/www.compagniadisanpaolo.it\\\/it\\\/#\\\/schema\\\/logo\\\/image\\\/\",\"url\":\"https:\\\/\\\/www.compagniadisanpaolo.it\\\/wp-content\\\/uploads\\\/logo.svg\",\"contentUrl\":\"https:\\\/\\\/www.compagniadisanpaolo.it\\\/wp-content\\\/uploads\\\/logo.svg\",\"width\":769,\"height\":323,\"caption\":\"Fondazione Compagnia di San Paolo\"},\"image\":{\"@id\":\"https:\\\/\\\/www.compagniadisanpaolo.it\\\/it\\\/#\\\/schema\\\/logo\\\/image\\\/\"},\"sameAs\":[\"https:\\\/\\\/www.facebook.com\\\/CompagniaDiSanPaolo\",\"https:\\\/\\\/x.com\\\/CSP_live\",\"http:\\\/\\\/instagram.com\\\/compagniadisanpaolo?ref=badge\",\"https:\\\/\\\/www.linkedin.com\\\/company\\\/compagnia-di-san-paolo\",\"https:\\\/\\\/www.youtube.com\\\/user\\\/compagniadisanpaolo\",\"https:\\\/\\\/it.wikipedia.org\\\/wiki\\\/Compagnia_di_San_Paolo\"]},{\"@type\":\"Person\",\"@id\":\"https:\\\/\\\/www.compagniadisanpaolo.it\\\/it\\\/#\\\/schema\\\/person\\\/b7d5451541c25c82f29c5be1e78456b2\",\"name\":\"Federica\",\"image\":{\"@type\":\"ImageObject\",\"inLanguage\":\"it-IT\",\"@id\":\"https:\\\/\\\/secure.gravatar.com\\\/avatar\\\/b5698fa13ac389b1f1fb1263a4626e219d853d7ccf112e854aea8c9c087d24ae?s=96&d=mm&r=g\",\"url\":\"https:\\\/\\\/secure.gravatar.com\\\/avatar\\\/b5698fa13ac389b1f1fb1263a4626e219d853d7ccf112e854aea8c9c087d24ae?s=96&d=mm&r=g\",\"contentUrl\":\"https:\\\/\\\/secure.gravatar.com\\\/avatar\\\/b5698fa13ac389b1f1fb1263a4626e219d853d7ccf112e854aea8c9c087d24ae?s=96&d=mm&r=g\",\"caption\":\"Federica\"}}]}<\/script>\n<!-- \/ Yoast SEO plugin. -->","yoast_head_json":{"title":"I webinar di Equilibri: quali nuovi modi per vivere pienamente la paternit\u00e0? - Fondazione Compagnia di San Paolo","description":"Appuntamento il prossimo 23 gennaio con il quinto webinar del percorso di approfondimento tracciato dalla Call for Action \u201cEquilibri\u201d.","robots":{"index":"index","follow":"follow","max-snippet":"max-snippet:-1","max-image-preview":"max-image-preview:large","max-video-preview":"max-video-preview:-1"},"canonical":"https:\/\/www.compagniadisanpaolo.it\/it\/news\/i-webinar-di-equilibri-quali-nuovi-modi-per-vivere-pienamente-la-paternita\/","og_locale":"it_IT","og_type":"article","og_title":"I webinar di Equilibri: quali nuovi modi per vivere pienamente la paternit\u00e0? - Fondazione Compagnia di San Paolo","og_description":"Appuntamento il prossimo 23 gennaio con il quinto webinar del percorso di approfondimento tracciato dalla Call for Action \u201cEquilibri\u201d.","og_url":"https:\/\/www.compagniadisanpaolo.it\/it\/news\/i-webinar-di-equilibri-quali-nuovi-modi-per-vivere-pienamente-la-paternita\/","og_site_name":"Fondazione Compagnia di San Paolo","article_publisher":"https:\/\/www.facebook.com\/CompagniaDiSanPaolo","article_published_time":"2025-01-16T09:04:44+00:00","article_modified_time":"2025-01-17T09:48:14+00:00","og_image":[{"width":815,"height":350,"url":"https:\/\/www.compagniadisanpaolo.it\/wp-content\/uploads\/equilibri-head-1.jpg","type":"image\/jpeg"}],"author":"Federica","twitter_card":"summary_large_image","twitter_creator":"@CSP_live","twitter_site":"@CSP_live","twitter_misc":{"Scritto da":"Federica","Tempo di lettura stimato":"4 minuti"},"schema":{"@context":"https:\/\/schema.org","@graph":[{"@type":"Article","@id":"https:\/\/www.compagniadisanpaolo.it\/it\/news\/i-webinar-di-equilibri-quali-nuovi-modi-per-vivere-pienamente-la-paternita\/#article","isPartOf":{"@id":"https:\/\/www.compagniadisanpaolo.it\/it\/news\/i-webinar-di-equilibri-quali-nuovi-modi-per-vivere-pienamente-la-paternita\/"},"author":{"name":"Federica","@id":"https:\/\/www.compagniadisanpaolo.it\/it\/#\/schema\/person\/b7d5451541c25c82f29c5be1e78456b2"},"headline":"I webinar di Equilibri: quali nuovi modi per vivere pienamente la paternit\u00e0?","datePublished":"2025-01-16T09:04:44+00:00","dateModified":"2025-01-17T09:48:14+00:00","mainEntityOfPage":{"@id":"https:\/\/www.compagniadisanpaolo.it\/it\/news\/i-webinar-di-equilibri-quali-nuovi-modi-per-vivere-pienamente-la-paternita\/"},"wordCount":769,"publisher":{"@id":"https:\/\/www.compagniadisanpaolo.it\/it\/#organization"},"image":{"@id":"https:\/\/www.compagniadisanpaolo.it\/it\/news\/i-webinar-di-equilibri-quali-nuovi-modi-per-vivere-pienamente-la-paternita\/#primaryimage"},"thumbnailUrl":"https:\/\/www.compagniadisanpaolo.it\/wp-content\/uploads\/equilibri-head-1.jpg","keywords":["coesione sociale","leadership dei minori","pari opportunit\u00e0","piena cittadinanza e diritti"],"articleSection":["News"],"inLanguage":"it-IT"},{"@type":"WebPage","@id":"https:\/\/www.compagniadisanpaolo.it\/it\/news\/i-webinar-di-equilibri-quali-nuovi-modi-per-vivere-pienamente-la-paternita\/","url":"https:\/\/www.compagniadisanpaolo.it\/it\/news\/i-webinar-di-equilibri-quali-nuovi-modi-per-vivere-pienamente-la-paternita\/","name":"I webinar di Equilibri: quali nuovi modi per vivere pienamente la paternit\u00e0? - Fondazione Compagnia di San Paolo","isPartOf":{"@id":"https:\/\/www.compagniadisanpaolo.it\/it\/#website"},"primaryImageOfPage":{"@id":"https:\/\/www.compagniadisanpaolo.it\/it\/news\/i-webinar-di-equilibri-quali-nuovi-modi-per-vivere-pienamente-la-paternita\/#primaryimage"},"image":{"@id":"https:\/\/www.compagniadisanpaolo.it\/it\/news\/i-webinar-di-equilibri-quali-nuovi-modi-per-vivere-pienamente-la-paternita\/#primaryimage"},"thumbnailUrl":"https:\/\/www.compagniadisanpaolo.it\/wp-content\/uploads\/equilibri-head-1.jpg","datePublished":"2025-01-16T09:04:44+00:00","dateModified":"2025-01-17T09:48:14+00:00","description":"Appuntamento il prossimo 23 gennaio con il quinto webinar del percorso di approfondimento tracciato dalla Call for Action \u201cEquilibri\u201d.","breadcrumb":{"@id":"https:\/\/www.compagniadisanpaolo.it\/it\/news\/i-webinar-di-equilibri-quali-nuovi-modi-per-vivere-pienamente-la-paternita\/#breadcrumb"},"inLanguage":"it-IT","potentialAction":[{"@type":"ReadAction","target":["https:\/\/www.compagniadisanpaolo.it\/it\/news\/i-webinar-di-equilibri-quali-nuovi-modi-per-vivere-pienamente-la-paternita\/"]}]},{"@type":"ImageObject","inLanguage":"it-IT","@id":"https:\/\/www.compagniadisanpaolo.it\/it\/news\/i-webinar-di-equilibri-quali-nuovi-modi-per-vivere-pienamente-la-paternita\/#primaryimage","url":"https:\/\/www.compagniadisanpaolo.it\/wp-content\/uploads\/equilibri-head-1.jpg","contentUrl":"https:\/\/www.compagniadisanpaolo.it\/wp-content\/uploads\/equilibri-head-1.jpg","width":815,"height":350},{"@type":"BreadcrumbList","@id":"https:\/\/www.compagniadisanpaolo.it\/it\/news\/i-webinar-di-equilibri-quali-nuovi-modi-per-vivere-pienamente-la-paternita\/#breadcrumb","itemListElement":[{"@type":"ListItem","position":1,"name":"Home","item":"https:\/\/www.compagniadisanpaolo.it\/it\/"},{"@type":"ListItem","position":2,"name":"I webinar di Equilibri: quali nuovi modi per vivere pienamente la paternit\u00e0?"}]},{"@type":"WebSite","@id":"https:\/\/www.compagniadisanpaolo.it\/it\/#website","url":"https:\/\/www.compagniadisanpaolo.it\/it\/","name":"Fondazione Compagnia di San Paolo","description":"","publisher":{"@id":"https:\/\/www.compagniadisanpaolo.it\/it\/#organization"},"potentialAction":[{"@type":"SearchAction","target":{"@type":"EntryPoint","urlTemplate":"https:\/\/www.compagniadisanpaolo.it\/it\/?s={search_term_string}"},"query-input":{"@type":"PropertyValueSpecification","valueRequired":true,"valueName":"search_term_string"}}],"inLanguage":"it-IT"},{"@type":"Organization","@id":"https:\/\/www.compagniadisanpaolo.it\/it\/#organization","name":"Fondazione Compagnia di San Paolo","url":"https:\/\/www.compagniadisanpaolo.it\/it\/","logo":{"@type":"ImageObject","inLanguage":"it-IT","@id":"https:\/\/www.compagniadisanpaolo.it\/it\/#\/schema\/logo\/image\/","url":"https:\/\/www.compagniadisanpaolo.it\/wp-content\/uploads\/logo.svg","contentUrl":"https:\/\/www.compagniadisanpaolo.it\/wp-content\/uploads\/logo.svg","width":769,"height":323,"caption":"Fondazione Compagnia di San Paolo"},"image":{"@id":"https:\/\/www.compagniadisanpaolo.it\/it\/#\/schema\/logo\/image\/"},"sameAs":["https:\/\/www.facebook.com\/CompagniaDiSanPaolo","https:\/\/x.com\/CSP_live","http:\/\/instagram.com\/compagniadisanpaolo?ref=badge","https:\/\/www.linkedin.com\/company\/compagnia-di-san-paolo","https:\/\/www.youtube.com\/user\/compagniadisanpaolo","https:\/\/it.wikipedia.org\/wiki\/Compagnia_di_San_Paolo"]},{"@type":"Person","@id":"https:\/\/www.compagniadisanpaolo.it\/it\/#\/schema\/person\/b7d5451541c25c82f29c5be1e78456b2","name":"Federica","image":{"@type":"ImageObject","inLanguage":"it-IT","@id":"https:\/\/secure.gravatar.com\/avatar\/b5698fa13ac389b1f1fb1263a4626e219d853d7ccf112e854aea8c9c087d24ae?s=96&d=mm&r=g","url":"https:\/\/secure.gravatar.com\/avatar\/b5698fa13ac389b1f1fb1263a4626e219d853d7ccf112e854aea8c9c087d24ae?s=96&d=mm&r=g","contentUrl":"https:\/\/secure.gravatar.com\/avatar\/b5698fa13ac389b1f1fb1263a4626e219d853d7ccf112e854aea8c9c087d24ae?s=96&d=mm&r=g","caption":"Federica"}}]}},"amp_enabled":true,"_links":{"self":[{"href":"https:\/\/www.compagniadisanpaolo.it\/it\/wp-json\/wp\/v2\/posts\/33758","targetHints":{"allow":["GET"]}}],"collection":[{"href":"https:\/\/www.compagniadisanpaolo.it\/it\/wp-json\/wp\/v2\/posts"}],"about":[{"href":"https:\/\/www.compagniadisanpaolo.it\/it\/wp-json\/wp\/v2\/types\/post"}],"author":[{"embeddable":true,"href":"https:\/\/www.compagniadisanpaolo.it\/it\/wp-json\/wp\/v2\/users\/19"}],"replies":[{"embeddable":true,"href":"https:\/\/www.compagniadisanpaolo.it\/it\/wp-json\/wp\/v2\/comments?post=33758"}],"version-history":[{"count":3,"href":"https:\/\/www.compagniadisanpaolo.it\/it\/wp-json\/wp\/v2\/posts\/33758\/revisions"}],"predecessor-version":[{"id":33766,"href":"https:\/\/www.compagniadisanpaolo.it\/it\/wp-json\/wp\/v2\/posts\/33758\/revisions\/33766"}],"wp:featuredmedia":[{"embeddable":true,"href":"https:\/\/www.compagniadisanpaolo.it\/it\/wp-json\/wp\/v2\/media\/15546"}],"wp:attachment":[{"href":"https:\/\/www.compagniadisanpaolo.it\/it\/wp-json\/wp\/v2\/media?parent=33758"}],"wp:term":[{"taxonomy":"category","embeddable":true,"href":"https:\/\/www.compagniadisanpaolo.it\/it\/wp-json\/wp\/v2\/categories?post=33758"},{"taxonomy":"post_tag","embeddable":true,"href":"https:\/\/www.compagniadisanpaolo.it\/it\/wp-json\/wp\/v2\/tags?post=33758"}],"curies":[{"name":"wp","href":"https:\/\/api.w.org\/{rel}","templated":true}]}}