{"id":33122,"date":"2024-12-02T16:29:47","date_gmt":"2024-12-02T15:29:47","guid":{"rendered":"https:\/\/www.compagniadisanpaolo.it\/?p=33122"},"modified":"2024-12-04T12:47:32","modified_gmt":"2024-12-04T11:47:32","slug":"dal-carcere-per-chiedere-perdono-il-teatro-come-ponte-tra-detenzione-e-comunita","status":"publish","type":"post","link":"https:\/\/www.compagniadisanpaolo.it\/it\/news\/dal-carcere-per-chiedere-perdono-il-teatro-come-ponte-tra-detenzione-e-comunita\/","title":{"rendered":"\u201cDal carcere per chiedere perdono\u201d: il teatro come ponte tra detenzione e comunit\u00e0"},"content":{"rendered":"<div class=\"wpb-content-wrapper\">[vc_row][vc_column][vc_column_text el_class=&#8221;text-headline2&#8243;]Il progetto teatrale sar\u00e0 presentato al pubblico e alle scuole di Torino nel dicembre 2024. Con il sostegno della Fondazione, di ACRI e di diverse altre istituzioni del territorio, la rappresentazione unisce opportunit\u00e0 di cultura, educazione e inclusione sociale per le persone detenute.[\/vc_column_text][\/vc_column][\/vc_row][vc_row][vc_column][vc_column_text]\n<div class=\"info-box mission\">\n\t\t<div class=\"info-box-wrap info-box-hor row pb-0\">\n\n\t\t      \n\t\t      <div class=\"spalla col-12 col-md-12\">\n\t\t\t<div class=\"info-box sharing-box\">\n\t\t\t  <span class=\"label\">Condividi:<\/span>\n\t\t\t  <div class=\"social-sharing\">\n\t\t\t    <span class=\"box\">\n\t\t\t      <a class=\"fb\" href=\"https:\/\/www.facebook.com\/sharer.php?u=https:\/\/www.compagniadisanpaolo.it\/it\/news\/dal-carcere-per-chiedere-perdono-il-teatro-come-ponte-tra-detenzione-e-comunita\/\" target=\"_blank\">\n\t\t\t\t<span class=\"sr-only\">Facebook<\/span>\n\t\t\t\t<i class=\"fab fa-facebook-f\"><\/i>\n\t\t\t      <\/a>\n\t\t\t    <\/span>\n\t\t\t    \n\t\t\t    <style>\n.twitter, .twitter:hover{\ncolor:#000000 !important;}\n<\/style>\n\n\n\t\t\t    <span class=\"box\">\n\t\t\t      <a class=\"twitter\" href=\"https:\/\/twitter.com\/intent\/tweet?url=https:\/\/www.compagniadisanpaolo.it\/it\/news\/dal-carcere-per-chiedere-perdono-il-teatro-come-ponte-tra-detenzione-e-comunita\/\">\n\t\t\t\t<span class=\"sr-only\">Twitter<\/span>\n\t\t\t\t<i class=\"fa-brands fa-x-twitter\"><\/i>\n\t\t\t      <\/a>\n\t\t\t    <\/span>\n\n\t\t\t    \n\t\t\t    <span class=\"box\">\n\t\t\t      <a class=\"linkedin\" href=\"https:\/\/www.linkedin.com\/shareArticle?mini=true&url=https:\/\/www.compagniadisanpaolo.it\/it\/news\/dal-carcere-per-chiedere-perdono-il-teatro-come-ponte-tra-detenzione-e-comunita\/\">\n\t\t\t\t<span class=\"sr-only\">Linkedin<\/span>\n\t\t\t\t  <i class=\"fa-brands fa-linkedin-in\"><\/i>\n\t\t\t      <\/a>\n\t\t\t    <\/span>\n\n\t\t\t    <span class=\"box\">\n\t\t\t      <a class=\"whatsapp\" href=\"whatsapp:\/\/send?text=https:\/\/www.compagniadisanpaolo.it\/it\/news\/dal-carcere-per-chiedere-perdono-il-teatro-come-ponte-tra-detenzione-e-comunita\/\" data-action=\"share\/whatsapp\/share\">\n\t\t\t\t<span class=\"sr-only\">Whatsapp<\/span>\n\t\t\t\t<i class=\"fa-brands fa-whatsapp\"><\/i>\n\t\t\t      <\/a>\n\t\t\t    <\/span>\n\n\t\t\t    <span class=\"box\">\n\t\t\t      <a class=\"mail\" href=\"mailto:?subject=\u201cDal carcere per chiedere perdono\u201d: il teatro come ponte tra detenzione e comunit\u00e0&body=https:\/\/www.compagniadisanpaolo.it\/it\/news\/dal-carcere-per-chiedere-perdono-il-teatro-come-ponte-tra-detenzione-e-comunita\/\">\n\t\t\t\t<span class=\"sr-only\">Mail<\/span>\n\t\t\t\t <i class=\"fa-solid fa-envelope\"><\/i>\n\t\t\t      <\/a>\n\t\t\t    <\/span>\n\t\t\t    \n\t\t\t  <\/div>\n\t\t\t<\/div>\n\t      <\/div>\n\t    <\/div><\/div>\n[\/vc_column_text][\/vc_column][\/vc_row][vc_row][vc_column width=&#8221;1\/4&#8243;][vc_column_text]\n\n\n\t\t<div class=\"info-box-wrap\">\n\n\t  <div class=\"info-box date-pub\">\n\t  \t<span class=\"label\">Data di pubblicazione:<\/span>\n\t    <span class=\"value\">2 Dicembre 2024<\/span>\n\t  <\/div>\n\t\t\t\t  <div class=\"info-box obj-people\">\n\t\t\t\t\t  <div class=\"info-box obj\"><span class=\"label\">Obiettivo<\/span>\n\t\t\t\t\t    <div class=\"obj-small-box\">\n\t\t\t\t\t      <span>Persone.<\/span>\n\t\t\t\t\t    <\/div>\n\t\t\t\t\t  <\/div>\n\t\t\t\t  <\/div>\n\t\t\t  <div class=\"info-box mission\"><span class=\"label\">Tag<\/span><a href=\"https:\/\/www.compagniadisanpaolo.it\/it\/tags\/risultati\/?_sft_post_tag=coesione-sociale\" class=\"tag-element\">Coesione sociale<\/a><a href=\"https:\/\/www.compagniadisanpaolo.it\/it\/tags\/risultati\/?_sft_post_tag=non-discriminazione\" class=\"tag-element\">Non discriminazione<\/a><a href=\"https:\/\/www.compagniadisanpaolo.it\/it\/tags\/risultati\/?_sft_post_tag=piena-cittadinanza-e-diritti\" class=\"tag-element\">Piena cittadinanza e diritti<\/a><a href=\"https:\/\/www.compagniadisanpaolo.it\/it\/tags\/risultati\/?_sft_post_tag=wellbeing\" class=\"tag-element\">Wellbeing<\/a><\/div>\t  \n\t<\/div>\n[\/vc_column_text][\/vc_column][vc_column width=&#8221;3\/4&#8243; el_class=&#8221;page-content&#8221;][vc_column_text el_class=&#8221;text&#8221;]A partire dal prossimo <strong>14 dicembre<\/strong>, sar\u00e0 offerta alla citt\u00e0 un\u2019esperienza teatrale unica, \u201c<strong>Ottantaquattro Pagine &#8211; Dal carcere per chiedere perdono<\/strong>\u201d, uno spettacolo risultato dei laboratori teatrali condotti all\u2019interno della Casa Circondariale Lorusso Cutugno di Torino e che ora apre ai torinesi e agli studenti dei licei. L\u2019iniziativa si ispira a una lettera del 1919, conservata nell\u2019archivio del <strong>Museo di Antropologia Criminale Cesare Lombroso<\/strong>, che diventa il punto di partenza per un racconto artistico.<\/p>\n<p>La Fondazione Compagnia di San Paolo conferma il proprio impegno nel favorire <strong>percorsi di inclusione sociale attraverso la cultura<\/strong>, sostenendo il progetto teatrale, realizzato dalla <strong>Compagnia Teatro e Societ\u00e0 presso la Casa Circondariale di Torino<\/strong><\/p>\n<p>La rappresentazione si inserisce nell\u2019ambito di \u201c<strong>Per ASPERA ad ASTRA<\/strong>\u201d, un programma nazionale promosso dall\u2019<strong>Associazione di Fondazioni e di Casse di Risparmio (ACRI) <\/strong>con il sostegno di undici Fondazioni di origine bancaria, tra cui la <strong>Fondazione Compagnia di San Paolo per il territorio di Torino e Genova<\/strong>. Un programma dal forte valore sociale, capace di coniugare arte e formazione, libert\u00e0 e comunit\u00e0, che, <strong>dal 2018, ha coinvolto pi\u00f9 di mille detenuti in quindici istituti penitenziari italiani<\/strong>, fra cui due istituti per minorenni, \u00a0grazie alla collaborazione definita dal \u00a0<strong>Protocollo d\u2019intesa<\/strong>\u00a0 sottoscritto, nel 2021, dal\u00a0<strong>Dipartimento dell\u2019Amministrazione Penitenziaria e da ACRI<\/strong>.<\/p>\n<p>\u201cOttantaquattro Pagine\u201d rappresenta un esempio di <strong>integrazione tra diverse realt\u00e0<\/strong>. La Casa <strong>Circondariale di Torino<\/strong> ha infatti ospitato i <strong>laboratori teatrali condotti da Franco Carapelle, Elisabetta Baro, Diego Coscia di Teatro e Societ\u00e0, in collaborazione col Teatro Stabile di Torino \u2013 Teatro Nazionale<\/strong>, offrendo ai partecipanti un\u2019occasione per riflettere su temi profondi come il <strong>pentimento<\/strong>, il <strong>perdono<\/strong> e la <strong>consapevolezza<\/strong>.<\/p>\n<p>La regia di <strong>Claudio Montagna<\/strong> guida una <strong>performance che unisce testi poetici<\/strong>, musiche &#8211; curate da Alberto Occhiena e Paolo Morella &#8211; e <strong>interpretazioni di attori in esecuzione penale esterna<\/strong>, affiancati da <strong>giovani coinvolti nei laboratori teatrali<\/strong>.<\/p>\n<p>La scenotecnica \u00e8 stata realizzata da <strong>Claudio Cantele per il Teatro Stabile di Torino<\/strong> \u2013 <strong>Teatro Nazionale<\/strong>, mentre gli <strong>studenti dell\u2019IPIA Plana, coordinati dalla prof.ssa Sara Brugo, hanno contribuito a scenografie ed effetti scenici<\/strong>. La collaborazione ha coinvolto anche il <strong>Primo Liceo Artistico di Torino con la prof.ssa Annalisa Gallo, l\u2019IIS Giulio con il prof. Tazio Brusasco e il coordinamento accademico del tirocinio su teatro e carcere curato dalla prof.ssa Silvia Sordella<\/strong>.<\/p>\n<p>Il Museo Lombroso ha invece contribuito mettendo a disposizione <strong>preziosi materiali d\u2019archivio<\/strong> e ospitando, il 14 dicembre, due repliche dello spettacolo, la cui rappresentazione principale si terr\u00e0 invece il <strong>18 dicembre al Teatro Esedra<\/strong>.<\/p>\n<p>Contestualmente, sono previste <strong>due repliche dedicate a 500 studenti torinesi<\/strong>,<\/p>\n<p>Il progetto teatrale \u201c<strong>Ottantaquattro Pagine &#8211; Dal carcere per chiedere perdono<\/strong>\u201d rappresenta un esempio concreto di come la collaborazione tra Fondazioni, istituzioni locali, realt\u00e0 culturali e scuole possa dare vita a percorsi di riscatto sociale, dimostrando il potere trasformativo della cultura nel costruire legami e opportunit\u00e0.<\/p>\n<p>La partecipazione agli spettacoli \u00e8 gratuita, previa prenotazione. Per maggiori informazioni vi invitiamo a consultare il comunicato stampa disponibile di seguito.[\/vc_column_text][vc_empty_space][\/vc_column][\/vc_row][vc_row el_class=&#8221;sdg-list-wrap&#8221;][vc_column][vc_raw_html]JTVCbW9zdHJhU0RHUyU1RA==[\/vc_raw_html][vc_raw_html]JTVCU2V6aW9uZV9Eb2N1bWVudGklNUQ=[\/vc_raw_html][\/vc_column][\/vc_row][vc_row][vc_column]<div class=\"templatera_shortcode\"><div data-vc-full-width=\"true\" data-vc-full-width-temp=\"true\" data-vc-full-width-init=\"false\" class=\"vc_row wpb_row vc_row-fluid newsletter-wrap\"><div class=\"wpb_column vc_column_container vc_col-sm-12\"><div class=\"vc_column-inner\"><div class=\"wpb_wrapper\">\n\t<div class=\"wpb_raw_code wpb_raw_html wpb_content_element\" >\n\t\t<div class=\"wpb_wrapper\">\n\t\t\t    <div class=\"container\">\n      <div class=\"row align-items-center\">\n\t<div class=\"col-12 col-lg-6 col-xl-5 mb-3 mb-lg-0 pr-0\">\n\t  <h2 class=\"title\">Rimani aggiornato sui nostri bandi e sui nostri progetti<\/h2>\n\t<\/div>\n\t<div class=\"col-12 col-lg-6 col-xl-7 pl-xl-4\">\n\t  <a class=\"standard-link-block\" href=\"\/it\/newsletter\/\">\n\t    Compila il form e decidi su quale argomento vuoi ricevere notizie.\t    <strong>\u00a0 ISCRIVITI!<\/strong>\n\t  <\/a>\n\t<\/div>\n      <\/div>\n    <\/div>\n\t\t<\/div>\n\t<\/div>\n<\/div><\/div><\/div><\/div><div class=\"vc_row-full-width vc_clearfix\"><\/div><\/div>[\/vc_column][\/vc_row]\n<\/div>","protected":false},"excerpt":{"rendered":"<p>Il progetto teatrale sar\u00e0 presentata al pubblico e alle scuole di Torino nel dicembre 2024. Con il sostegno della Fondazione, di ACRI e di diverse altre istituzioni del territorio, la rappresentazione unisce opportunit\u00e0 di cultura, educazione e inclusione sociale per le persone detenute.<\/p>\n","protected":false},"author":19,"featured_media":33126,"comment_status":"closed","ping_status":"closed","sticky":false,"template":"","format":"standard","meta":{"_acf_changed":false,"content-type":"","footnotes":""},"categories":[17],"tags":[51,50,93,78],"class_list":["post-33122","post","type-post","status-publish","format-standard","has-post-thumbnail","hentry","category-news","tag-coesione-sociale","tag-non-discriminazione","tag-piena-cittadinanza-e-diritti","tag-wellbeing","entry","post-inner"],"acf":[],"yoast_head":"<!-- This site is optimized with the Yoast SEO plugin v27.3 - https:\/\/yoast.com\/product\/yoast-seo-wordpress\/ -->\n<title>\u201cDal carcere per chiedere perdono\u201d: il teatro come ponte tra detenzione e comunit\u00e0 - Fondazione Compagnia di San Paolo<\/title>\n<meta name=\"description\" content=\"Il progetto teatrale sar\u00e0 presentata al pubblico e alle scuole di Torino nel dicembre 2024, con il sostegno della Fondazione, di ACRI e di diverse altre istituzioni del territorio.\" \/>\n<meta name=\"robots\" content=\"index, follow, max-snippet:-1, max-image-preview:large, max-video-preview:-1\" \/>\n<link rel=\"canonical\" href=\"https:\/\/www.compagniadisanpaolo.it\/it\/news\/dal-carcere-per-chiedere-perdono-il-teatro-come-ponte-tra-detenzione-e-comunita\/\" \/>\n<meta property=\"og:locale\" content=\"it_IT\" \/>\n<meta property=\"og:type\" content=\"article\" \/>\n<meta property=\"og:title\" content=\"\u201cDal carcere per chiedere perdono\u201d: il teatro come ponte tra detenzione e comunit\u00e0 - Fondazione Compagnia di San Paolo\" \/>\n<meta property=\"og:description\" content=\"Il progetto teatrale sar\u00e0 presentata al pubblico e alle scuole di Torino nel dicembre 2024, con il sostegno della Fondazione, di ACRI e di diverse altre istituzioni del territorio.\" \/>\n<meta property=\"og:url\" content=\"https:\/\/www.compagniadisanpaolo.it\/it\/news\/dal-carcere-per-chiedere-perdono-il-teatro-come-ponte-tra-detenzione-e-comunita\/\" \/>\n<meta property=\"og:site_name\" content=\"Fondazione Compagnia di San Paolo\" \/>\n<meta property=\"article:publisher\" content=\"https:\/\/www.facebook.com\/CompagniaDiSanPaolo\" \/>\n<meta property=\"article:published_time\" content=\"2024-12-02T15:29:47+00:00\" \/>\n<meta property=\"article:modified_time\" content=\"2024-12-04T11:47:32+00:00\" \/>\n<meta property=\"og:image\" content=\"https:\/\/www.compagniadisanpaolo.it\/wp-content\/uploads\/csp-Dal-carcere-per-chiedere-perdono_815X350.jpg\" \/>\n\t<meta property=\"og:image:width\" content=\"815\" \/>\n\t<meta property=\"og:image:height\" content=\"350\" \/>\n\t<meta property=\"og:image:type\" content=\"image\/jpeg\" \/>\n<meta name=\"author\" content=\"Federica\" \/>\n<meta name=\"twitter:card\" content=\"summary_large_image\" \/>\n<meta name=\"twitter:creator\" content=\"@CSP_live\" \/>\n<meta name=\"twitter:site\" content=\"@CSP_live\" \/>\n<meta name=\"twitter:label1\" content=\"Scritto da\" \/>\n\t<meta name=\"twitter:data1\" content=\"Federica\" \/>\n\t<meta name=\"twitter:label2\" content=\"Tempo di lettura stimato\" \/>\n\t<meta name=\"twitter:data2\" content=\"4 minuti\" \/>\n<script type=\"application\/ld+json\" class=\"yoast-schema-graph\">{\"@context\":\"https:\\\/\\\/schema.org\",\"@graph\":[{\"@type\":\"Article\",\"@id\":\"https:\\\/\\\/www.compagniadisanpaolo.it\\\/it\\\/news\\\/dal-carcere-per-chiedere-perdono-il-teatro-come-ponte-tra-detenzione-e-comunita\\\/#article\",\"isPartOf\":{\"@id\":\"https:\\\/\\\/www.compagniadisanpaolo.it\\\/it\\\/news\\\/dal-carcere-per-chiedere-perdono-il-teatro-come-ponte-tra-detenzione-e-comunita\\\/\"},\"author\":{\"name\":\"Federica\",\"@id\":\"https:\\\/\\\/www.compagniadisanpaolo.it\\\/it\\\/#\\\/schema\\\/person\\\/b7d5451541c25c82f29c5be1e78456b2\"},\"headline\":\"\u201cDal carcere per chiedere perdono\u201d: il teatro come ponte tra detenzione e comunit\u00e0\",\"datePublished\":\"2024-12-02T15:29:47+00:00\",\"dateModified\":\"2024-12-04T11:47:32+00:00\",\"mainEntityOfPage\":{\"@id\":\"https:\\\/\\\/www.compagniadisanpaolo.it\\\/it\\\/news\\\/dal-carcere-per-chiedere-perdono-il-teatro-come-ponte-tra-detenzione-e-comunita\\\/\"},\"wordCount\":660,\"publisher\":{\"@id\":\"https:\\\/\\\/www.compagniadisanpaolo.it\\\/it\\\/#organization\"},\"image\":{\"@id\":\"https:\\\/\\\/www.compagniadisanpaolo.it\\\/it\\\/news\\\/dal-carcere-per-chiedere-perdono-il-teatro-come-ponte-tra-detenzione-e-comunita\\\/#primaryimage\"},\"thumbnailUrl\":\"https:\\\/\\\/www.compagniadisanpaolo.it\\\/wp-content\\\/uploads\\\/csp-Dal-carcere-per-chiedere-perdono_815X350.jpg\",\"keywords\":[\"coesione sociale\",\"non discriminazione\",\"piena cittadinanza e diritti\",\"wellbeing\"],\"articleSection\":[\"News\"],\"inLanguage\":\"it-IT\"},{\"@type\":\"WebPage\",\"@id\":\"https:\\\/\\\/www.compagniadisanpaolo.it\\\/it\\\/news\\\/dal-carcere-per-chiedere-perdono-il-teatro-come-ponte-tra-detenzione-e-comunita\\\/\",\"url\":\"https:\\\/\\\/www.compagniadisanpaolo.it\\\/it\\\/news\\\/dal-carcere-per-chiedere-perdono-il-teatro-come-ponte-tra-detenzione-e-comunita\\\/\",\"name\":\"\u201cDal carcere per chiedere perdono\u201d: il teatro come ponte tra detenzione e comunit\u00e0 - Fondazione Compagnia di San Paolo\",\"isPartOf\":{\"@id\":\"https:\\\/\\\/www.compagniadisanpaolo.it\\\/it\\\/#website\"},\"primaryImageOfPage\":{\"@id\":\"https:\\\/\\\/www.compagniadisanpaolo.it\\\/it\\\/news\\\/dal-carcere-per-chiedere-perdono-il-teatro-come-ponte-tra-detenzione-e-comunita\\\/#primaryimage\"},\"image\":{\"@id\":\"https:\\\/\\\/www.compagniadisanpaolo.it\\\/it\\\/news\\\/dal-carcere-per-chiedere-perdono-il-teatro-come-ponte-tra-detenzione-e-comunita\\\/#primaryimage\"},\"thumbnailUrl\":\"https:\\\/\\\/www.compagniadisanpaolo.it\\\/wp-content\\\/uploads\\\/csp-Dal-carcere-per-chiedere-perdono_815X350.jpg\",\"datePublished\":\"2024-12-02T15:29:47+00:00\",\"dateModified\":\"2024-12-04T11:47:32+00:00\",\"description\":\"Il progetto teatrale sar\u00e0 presentata al pubblico e alle scuole di Torino nel dicembre 2024, con il sostegno della Fondazione, di ACRI e di diverse altre istituzioni del territorio.\",\"breadcrumb\":{\"@id\":\"https:\\\/\\\/www.compagniadisanpaolo.it\\\/it\\\/news\\\/dal-carcere-per-chiedere-perdono-il-teatro-come-ponte-tra-detenzione-e-comunita\\\/#breadcrumb\"},\"inLanguage\":\"it-IT\",\"potentialAction\":[{\"@type\":\"ReadAction\",\"target\":[\"https:\\\/\\\/www.compagniadisanpaolo.it\\\/it\\\/news\\\/dal-carcere-per-chiedere-perdono-il-teatro-come-ponte-tra-detenzione-e-comunita\\\/\"]}]},{\"@type\":\"ImageObject\",\"inLanguage\":\"it-IT\",\"@id\":\"https:\\\/\\\/www.compagniadisanpaolo.it\\\/it\\\/news\\\/dal-carcere-per-chiedere-perdono-il-teatro-come-ponte-tra-detenzione-e-comunita\\\/#primaryimage\",\"url\":\"https:\\\/\\\/www.compagniadisanpaolo.it\\\/wp-content\\\/uploads\\\/csp-Dal-carcere-per-chiedere-perdono_815X350.jpg\",\"contentUrl\":\"https:\\\/\\\/www.compagniadisanpaolo.it\\\/wp-content\\\/uploads\\\/csp-Dal-carcere-per-chiedere-perdono_815X350.jpg\",\"width\":815,\"height\":350},{\"@type\":\"BreadcrumbList\",\"@id\":\"https:\\\/\\\/www.compagniadisanpaolo.it\\\/it\\\/news\\\/dal-carcere-per-chiedere-perdono-il-teatro-come-ponte-tra-detenzione-e-comunita\\\/#breadcrumb\",\"itemListElement\":[{\"@type\":\"ListItem\",\"position\":1,\"name\":\"Home\",\"item\":\"https:\\\/\\\/www.compagniadisanpaolo.it\\\/it\\\/\"},{\"@type\":\"ListItem\",\"position\":2,\"name\":\"\u201cDal carcere per chiedere perdono\u201d: il teatro come ponte tra detenzione e comunit\u00e0\"}]},{\"@type\":\"WebSite\",\"@id\":\"https:\\\/\\\/www.compagniadisanpaolo.it\\\/it\\\/#website\",\"url\":\"https:\\\/\\\/www.compagniadisanpaolo.it\\\/it\\\/\",\"name\":\"Fondazione Compagnia di San Paolo\",\"description\":\"\",\"publisher\":{\"@id\":\"https:\\\/\\\/www.compagniadisanpaolo.it\\\/it\\\/#organization\"},\"potentialAction\":[{\"@type\":\"SearchAction\",\"target\":{\"@type\":\"EntryPoint\",\"urlTemplate\":\"https:\\\/\\\/www.compagniadisanpaolo.it\\\/it\\\/?s={search_term_string}\"},\"query-input\":{\"@type\":\"PropertyValueSpecification\",\"valueRequired\":true,\"valueName\":\"search_term_string\"}}],\"inLanguage\":\"it-IT\"},{\"@type\":\"Organization\",\"@id\":\"https:\\\/\\\/www.compagniadisanpaolo.it\\\/it\\\/#organization\",\"name\":\"Fondazione Compagnia di San Paolo\",\"url\":\"https:\\\/\\\/www.compagniadisanpaolo.it\\\/it\\\/\",\"logo\":{\"@type\":\"ImageObject\",\"inLanguage\":\"it-IT\",\"@id\":\"https:\\\/\\\/www.compagniadisanpaolo.it\\\/it\\\/#\\\/schema\\\/logo\\\/image\\\/\",\"url\":\"https:\\\/\\\/www.compagniadisanpaolo.it\\\/wp-content\\\/uploads\\\/logo.svg\",\"contentUrl\":\"https:\\\/\\\/www.compagniadisanpaolo.it\\\/wp-content\\\/uploads\\\/logo.svg\",\"width\":769,\"height\":323,\"caption\":\"Fondazione Compagnia di San Paolo\"},\"image\":{\"@id\":\"https:\\\/\\\/www.compagniadisanpaolo.it\\\/it\\\/#\\\/schema\\\/logo\\\/image\\\/\"},\"sameAs\":[\"https:\\\/\\\/www.facebook.com\\\/CompagniaDiSanPaolo\",\"https:\\\/\\\/x.com\\\/CSP_live\",\"http:\\\/\\\/instagram.com\\\/compagniadisanpaolo?ref=badge\",\"https:\\\/\\\/www.linkedin.com\\\/company\\\/compagnia-di-san-paolo\",\"https:\\\/\\\/www.youtube.com\\\/user\\\/compagniadisanpaolo\",\"https:\\\/\\\/it.wikipedia.org\\\/wiki\\\/Compagnia_di_San_Paolo\"]},{\"@type\":\"Person\",\"@id\":\"https:\\\/\\\/www.compagniadisanpaolo.it\\\/it\\\/#\\\/schema\\\/person\\\/b7d5451541c25c82f29c5be1e78456b2\",\"name\":\"Federica\",\"image\":{\"@type\":\"ImageObject\",\"inLanguage\":\"it-IT\",\"@id\":\"https:\\\/\\\/secure.gravatar.com\\\/avatar\\\/b5698fa13ac389b1f1fb1263a4626e219d853d7ccf112e854aea8c9c087d24ae?s=96&d=mm&r=g\",\"url\":\"https:\\\/\\\/secure.gravatar.com\\\/avatar\\\/b5698fa13ac389b1f1fb1263a4626e219d853d7ccf112e854aea8c9c087d24ae?s=96&d=mm&r=g\",\"contentUrl\":\"https:\\\/\\\/secure.gravatar.com\\\/avatar\\\/b5698fa13ac389b1f1fb1263a4626e219d853d7ccf112e854aea8c9c087d24ae?s=96&d=mm&r=g\",\"caption\":\"Federica\"}}]}<\/script>\n<!-- \/ Yoast SEO plugin. -->","yoast_head_json":{"title":"\u201cDal carcere per chiedere perdono\u201d: il teatro come ponte tra detenzione e comunit\u00e0 - Fondazione Compagnia di San Paolo","description":"Il progetto teatrale sar\u00e0 presentata al pubblico e alle scuole di Torino nel dicembre 2024, con il sostegno della Fondazione, di ACRI e di diverse altre istituzioni del territorio.","robots":{"index":"index","follow":"follow","max-snippet":"max-snippet:-1","max-image-preview":"max-image-preview:large","max-video-preview":"max-video-preview:-1"},"canonical":"https:\/\/www.compagniadisanpaolo.it\/it\/news\/dal-carcere-per-chiedere-perdono-il-teatro-come-ponte-tra-detenzione-e-comunita\/","og_locale":"it_IT","og_type":"article","og_title":"\u201cDal carcere per chiedere perdono\u201d: il teatro come ponte tra detenzione e comunit\u00e0 - Fondazione Compagnia di San Paolo","og_description":"Il progetto teatrale sar\u00e0 presentata al pubblico e alle scuole di Torino nel dicembre 2024, con il sostegno della Fondazione, di ACRI e di diverse altre istituzioni del territorio.","og_url":"https:\/\/www.compagniadisanpaolo.it\/it\/news\/dal-carcere-per-chiedere-perdono-il-teatro-come-ponte-tra-detenzione-e-comunita\/","og_site_name":"Fondazione Compagnia di San Paolo","article_publisher":"https:\/\/www.facebook.com\/CompagniaDiSanPaolo","article_published_time":"2024-12-02T15:29:47+00:00","article_modified_time":"2024-12-04T11:47:32+00:00","og_image":[{"width":815,"height":350,"url":"https:\/\/www.compagniadisanpaolo.it\/wp-content\/uploads\/csp-Dal-carcere-per-chiedere-perdono_815X350.jpg","type":"image\/jpeg"}],"author":"Federica","twitter_card":"summary_large_image","twitter_creator":"@CSP_live","twitter_site":"@CSP_live","twitter_misc":{"Scritto da":"Federica","Tempo di lettura stimato":"4 minuti"},"schema":{"@context":"https:\/\/schema.org","@graph":[{"@type":"Article","@id":"https:\/\/www.compagniadisanpaolo.it\/it\/news\/dal-carcere-per-chiedere-perdono-il-teatro-come-ponte-tra-detenzione-e-comunita\/#article","isPartOf":{"@id":"https:\/\/www.compagniadisanpaolo.it\/it\/news\/dal-carcere-per-chiedere-perdono-il-teatro-come-ponte-tra-detenzione-e-comunita\/"},"author":{"name":"Federica","@id":"https:\/\/www.compagniadisanpaolo.it\/it\/#\/schema\/person\/b7d5451541c25c82f29c5be1e78456b2"},"headline":"\u201cDal carcere per chiedere perdono\u201d: il teatro come ponte tra detenzione e comunit\u00e0","datePublished":"2024-12-02T15:29:47+00:00","dateModified":"2024-12-04T11:47:32+00:00","mainEntityOfPage":{"@id":"https:\/\/www.compagniadisanpaolo.it\/it\/news\/dal-carcere-per-chiedere-perdono-il-teatro-come-ponte-tra-detenzione-e-comunita\/"},"wordCount":660,"publisher":{"@id":"https:\/\/www.compagniadisanpaolo.it\/it\/#organization"},"image":{"@id":"https:\/\/www.compagniadisanpaolo.it\/it\/news\/dal-carcere-per-chiedere-perdono-il-teatro-come-ponte-tra-detenzione-e-comunita\/#primaryimage"},"thumbnailUrl":"https:\/\/www.compagniadisanpaolo.it\/wp-content\/uploads\/csp-Dal-carcere-per-chiedere-perdono_815X350.jpg","keywords":["coesione sociale","non discriminazione","piena cittadinanza e diritti","wellbeing"],"articleSection":["News"],"inLanguage":"it-IT"},{"@type":"WebPage","@id":"https:\/\/www.compagniadisanpaolo.it\/it\/news\/dal-carcere-per-chiedere-perdono-il-teatro-come-ponte-tra-detenzione-e-comunita\/","url":"https:\/\/www.compagniadisanpaolo.it\/it\/news\/dal-carcere-per-chiedere-perdono-il-teatro-come-ponte-tra-detenzione-e-comunita\/","name":"\u201cDal carcere per chiedere perdono\u201d: il teatro come ponte tra detenzione e comunit\u00e0 - Fondazione Compagnia di San Paolo","isPartOf":{"@id":"https:\/\/www.compagniadisanpaolo.it\/it\/#website"},"primaryImageOfPage":{"@id":"https:\/\/www.compagniadisanpaolo.it\/it\/news\/dal-carcere-per-chiedere-perdono-il-teatro-come-ponte-tra-detenzione-e-comunita\/#primaryimage"},"image":{"@id":"https:\/\/www.compagniadisanpaolo.it\/it\/news\/dal-carcere-per-chiedere-perdono-il-teatro-come-ponte-tra-detenzione-e-comunita\/#primaryimage"},"thumbnailUrl":"https:\/\/www.compagniadisanpaolo.it\/wp-content\/uploads\/csp-Dal-carcere-per-chiedere-perdono_815X350.jpg","datePublished":"2024-12-02T15:29:47+00:00","dateModified":"2024-12-04T11:47:32+00:00","description":"Il progetto teatrale sar\u00e0 presentata al pubblico e alle scuole di Torino nel dicembre 2024, con il sostegno della Fondazione, di ACRI e di diverse altre istituzioni del territorio.","breadcrumb":{"@id":"https:\/\/www.compagniadisanpaolo.it\/it\/news\/dal-carcere-per-chiedere-perdono-il-teatro-come-ponte-tra-detenzione-e-comunita\/#breadcrumb"},"inLanguage":"it-IT","potentialAction":[{"@type":"ReadAction","target":["https:\/\/www.compagniadisanpaolo.it\/it\/news\/dal-carcere-per-chiedere-perdono-il-teatro-come-ponte-tra-detenzione-e-comunita\/"]}]},{"@type":"ImageObject","inLanguage":"it-IT","@id":"https:\/\/www.compagniadisanpaolo.it\/it\/news\/dal-carcere-per-chiedere-perdono-il-teatro-come-ponte-tra-detenzione-e-comunita\/#primaryimage","url":"https:\/\/www.compagniadisanpaolo.it\/wp-content\/uploads\/csp-Dal-carcere-per-chiedere-perdono_815X350.jpg","contentUrl":"https:\/\/www.compagniadisanpaolo.it\/wp-content\/uploads\/csp-Dal-carcere-per-chiedere-perdono_815X350.jpg","width":815,"height":350},{"@type":"BreadcrumbList","@id":"https:\/\/www.compagniadisanpaolo.it\/it\/news\/dal-carcere-per-chiedere-perdono-il-teatro-come-ponte-tra-detenzione-e-comunita\/#breadcrumb","itemListElement":[{"@type":"ListItem","position":1,"name":"Home","item":"https:\/\/www.compagniadisanpaolo.it\/it\/"},{"@type":"ListItem","position":2,"name":"\u201cDal carcere per chiedere perdono\u201d: il teatro come ponte tra detenzione e comunit\u00e0"}]},{"@type":"WebSite","@id":"https:\/\/www.compagniadisanpaolo.it\/it\/#website","url":"https:\/\/www.compagniadisanpaolo.it\/it\/","name":"Fondazione Compagnia di San Paolo","description":"","publisher":{"@id":"https:\/\/www.compagniadisanpaolo.it\/it\/#organization"},"potentialAction":[{"@type":"SearchAction","target":{"@type":"EntryPoint","urlTemplate":"https:\/\/www.compagniadisanpaolo.it\/it\/?s={search_term_string}"},"query-input":{"@type":"PropertyValueSpecification","valueRequired":true,"valueName":"search_term_string"}}],"inLanguage":"it-IT"},{"@type":"Organization","@id":"https:\/\/www.compagniadisanpaolo.it\/it\/#organization","name":"Fondazione Compagnia di San Paolo","url":"https:\/\/www.compagniadisanpaolo.it\/it\/","logo":{"@type":"ImageObject","inLanguage":"it-IT","@id":"https:\/\/www.compagniadisanpaolo.it\/it\/#\/schema\/logo\/image\/","url":"https:\/\/www.compagniadisanpaolo.it\/wp-content\/uploads\/logo.svg","contentUrl":"https:\/\/www.compagniadisanpaolo.it\/wp-content\/uploads\/logo.svg","width":769,"height":323,"caption":"Fondazione Compagnia di San Paolo"},"image":{"@id":"https:\/\/www.compagniadisanpaolo.it\/it\/#\/schema\/logo\/image\/"},"sameAs":["https:\/\/www.facebook.com\/CompagniaDiSanPaolo","https:\/\/x.com\/CSP_live","http:\/\/instagram.com\/compagniadisanpaolo?ref=badge","https:\/\/www.linkedin.com\/company\/compagnia-di-san-paolo","https:\/\/www.youtube.com\/user\/compagniadisanpaolo","https:\/\/it.wikipedia.org\/wiki\/Compagnia_di_San_Paolo"]},{"@type":"Person","@id":"https:\/\/www.compagniadisanpaolo.it\/it\/#\/schema\/person\/b7d5451541c25c82f29c5be1e78456b2","name":"Federica","image":{"@type":"ImageObject","inLanguage":"it-IT","@id":"https:\/\/secure.gravatar.com\/avatar\/b5698fa13ac389b1f1fb1263a4626e219d853d7ccf112e854aea8c9c087d24ae?s=96&d=mm&r=g","url":"https:\/\/secure.gravatar.com\/avatar\/b5698fa13ac389b1f1fb1263a4626e219d853d7ccf112e854aea8c9c087d24ae?s=96&d=mm&r=g","contentUrl":"https:\/\/secure.gravatar.com\/avatar\/b5698fa13ac389b1f1fb1263a4626e219d853d7ccf112e854aea8c9c087d24ae?s=96&d=mm&r=g","caption":"Federica"}}]}},"amp_enabled":true,"_links":{"self":[{"href":"https:\/\/www.compagniadisanpaolo.it\/it\/wp-json\/wp\/v2\/posts\/33122","targetHints":{"allow":["GET"]}}],"collection":[{"href":"https:\/\/www.compagniadisanpaolo.it\/it\/wp-json\/wp\/v2\/posts"}],"about":[{"href":"https:\/\/www.compagniadisanpaolo.it\/it\/wp-json\/wp\/v2\/types\/post"}],"author":[{"embeddable":true,"href":"https:\/\/www.compagniadisanpaolo.it\/it\/wp-json\/wp\/v2\/users\/19"}],"replies":[{"embeddable":true,"href":"https:\/\/www.compagniadisanpaolo.it\/it\/wp-json\/wp\/v2\/comments?post=33122"}],"version-history":[{"count":3,"href":"https:\/\/www.compagniadisanpaolo.it\/it\/wp-json\/wp\/v2\/posts\/33122\/revisions"}],"predecessor-version":[{"id":33134,"href":"https:\/\/www.compagniadisanpaolo.it\/it\/wp-json\/wp\/v2\/posts\/33122\/revisions\/33134"}],"wp:featuredmedia":[{"embeddable":true,"href":"https:\/\/www.compagniadisanpaolo.it\/it\/wp-json\/wp\/v2\/media\/33126"}],"wp:attachment":[{"href":"https:\/\/www.compagniadisanpaolo.it\/it\/wp-json\/wp\/v2\/media?parent=33122"}],"wp:term":[{"taxonomy":"category","embeddable":true,"href":"https:\/\/www.compagniadisanpaolo.it\/it\/wp-json\/wp\/v2\/categories?post=33122"},{"taxonomy":"post_tag","embeddable":true,"href":"https:\/\/www.compagniadisanpaolo.it\/it\/wp-json\/wp\/v2\/tags?post=33122"}],"curies":[{"name":"wp","href":"https:\/\/api.w.org\/{rel}","templated":true}]}}