{"id":32313,"date":"2024-11-04T12:04:38","date_gmt":"2024-11-04T11:04:38","guid":{"rendered":"https:\/\/www.compagniadisanpaolo.it\/?p=32313"},"modified":"2024-11-04T15:46:10","modified_gmt":"2024-11-04T14:46:10","slug":"orientaragazzi-2024-ospita-il-convegno-di-presentazione-di-citta-delleducazione","status":"publish","type":"post","link":"https:\/\/www.compagniadisanpaolo.it\/it\/news\/orientaragazzi-2024-ospita-il-convegno-di-presentazione-di-citta-delleducazione\/","title":{"rendered":"OrientaRagazzi 2024 ospita il Convegno di presentazione di Citt\u00e0 dell\u2019Educazione"},"content":{"rendered":"<div class=\"wpb-content-wrapper\">[vc_row][vc_column][vc_column_text el_class=&#8221;text-headline2&#8243;]Appuntamento il prossimo 6 novembre con il Convegno di presentazione di Citt\u00e0 dell\u2019Educazione nell\u2019ambito di OrientaRagazzi, il tradizionale appuntamento per l\u2019orientamento dei giovani savonesi creato per offrire occasioni di confronto, approfondimento e scoperta dei percorsi scolastici e professionali.[\/vc_column_text][\/vc_column][\/vc_row][vc_row][vc_column][vc_column_text]\n<div class=\"info-box mission\">\n\t\t<div class=\"info-box-wrap info-box-hor row pb-0\">\n\n\t\t      \n\t\t      <div class=\"spalla col-12 col-md-12\">\n\t\t\t<div class=\"info-box sharing-box\">\n\t\t\t  <span class=\"label\">Condividi:<\/span>\n\t\t\t  <div class=\"social-sharing\">\n\t\t\t    <span class=\"box\">\n\t\t\t      <a class=\"fb\" href=\"https:\/\/www.facebook.com\/sharer.php?u=https:\/\/www.compagniadisanpaolo.it\/it\/news\/orientaragazzi-2024-ospita-il-convegno-di-presentazione-di-citta-delleducazione\/\" target=\"_blank\">\n\t\t\t\t<span class=\"sr-only\">Facebook<\/span>\n\t\t\t\t<i class=\"fab fa-facebook-f\"><\/i>\n\t\t\t      <\/a>\n\t\t\t    <\/span>\n\t\t\t    \n\t\t\t    <style>\n.twitter, .twitter:hover{\ncolor:#000000 !important;}\n<\/style>\n\n\n\t\t\t    <span class=\"box\">\n\t\t\t      <a class=\"twitter\" href=\"https:\/\/twitter.com\/intent\/tweet?url=https:\/\/www.compagniadisanpaolo.it\/it\/news\/orientaragazzi-2024-ospita-il-convegno-di-presentazione-di-citta-delleducazione\/\">\n\t\t\t\t<span class=\"sr-only\">Twitter<\/span>\n\t\t\t\t<i class=\"fa-brands fa-x-twitter\"><\/i>\n\t\t\t      <\/a>\n\t\t\t    <\/span>\n\n\t\t\t    \n\t\t\t    <span class=\"box\">\n\t\t\t      <a class=\"linkedin\" href=\"https:\/\/www.linkedin.com\/shareArticle?mini=true&url=https:\/\/www.compagniadisanpaolo.it\/it\/news\/orientaragazzi-2024-ospita-il-convegno-di-presentazione-di-citta-delleducazione\/\">\n\t\t\t\t<span class=\"sr-only\">Linkedin<\/span>\n\t\t\t\t  <i class=\"fa-brands fa-linkedin-in\"><\/i>\n\t\t\t      <\/a>\n\t\t\t    <\/span>\n\n\t\t\t    <span class=\"box\">\n\t\t\t      <a class=\"whatsapp\" href=\"whatsapp:\/\/send?text=https:\/\/www.compagniadisanpaolo.it\/it\/news\/orientaragazzi-2024-ospita-il-convegno-di-presentazione-di-citta-delleducazione\/\" data-action=\"share\/whatsapp\/share\">\n\t\t\t\t<span class=\"sr-only\">Whatsapp<\/span>\n\t\t\t\t<i class=\"fa-brands fa-whatsapp\"><\/i>\n\t\t\t      <\/a>\n\t\t\t    <\/span>\n\n\t\t\t    <span class=\"box\">\n\t\t\t      <a class=\"mail\" href=\"mailto:?subject=OrientaRagazzi 2024 ospita il Convegno di presentazione di Citt\u00e0 dell\u2019Educazione&body=https:\/\/www.compagniadisanpaolo.it\/it\/news\/orientaragazzi-2024-ospita-il-convegno-di-presentazione-di-citta-delleducazione\/\">\n\t\t\t\t<span class=\"sr-only\">Mail<\/span>\n\t\t\t\t <i class=\"fa-solid fa-envelope\"><\/i>\n\t\t\t      <\/a>\n\t\t\t    <\/span>\n\t\t\t    \n\t\t\t  <\/div>\n\t\t\t<\/div>\n\t      <\/div>\n\t    <\/div><\/div>\n[\/vc_column_text][\/vc_column][\/vc_row][vc_row][vc_column width=&#8221;1\/4&#8243;][vc_column_text]\n\n\n\t\t<div class=\"info-box-wrap\">\n\n\t  <div class=\"info-box date-pub\">\n\t  \t<span class=\"label\">Data di pubblicazione:<\/span>\n\t    <span class=\"value\">4 Novembre 2024<\/span>\n\t  <\/div>\n\t\t\t\t  <div class=\"info-box obj-people\">\n\t\t\t\t\t  <div class=\"info-box obj\"><span class=\"label\">Obiettivo<\/span>\n\t\t\t\t\t    <div class=\"obj-small-box\">\n\t\t\t\t\t      <span>Persone.<\/span>\n\t\t\t\t\t    <\/div>\n\t\t\t\t\t  <\/div>\n\t\t\t\t  <\/div>\n\t\t\t  <div class=\"info-box mission\"><span class=\"label\">Tag<\/span><a href=\"https:\/\/www.compagniadisanpaolo.it\/it\/tags\/risultati\/?_sft_post_tag=coesione-sociale\" class=\"tag-element\">Coesione sociale<\/a><a href=\"https:\/\/www.compagniadisanpaolo.it\/it\/tags\/risultati\/?_sft_post_tag=comunita-educanti\" class=\"tag-element\">Comunit\u00e0 educanti<\/a><a href=\"https:\/\/www.compagniadisanpaolo.it\/it\/tags\/risultati\/?_sft_post_tag=creazione-di-reti-solide\" class=\"tag-element\">Creazione di reti solide<\/a><a href=\"https:\/\/www.compagniadisanpaolo.it\/it\/tags\/risultati\/?_sft_post_tag=istruzione-di-qualita\" class=\"tag-element\">Istruzione di qualit\u00e0<\/a><a href=\"https:\/\/www.compagniadisanpaolo.it\/it\/tags\/risultati\/?_sft_post_tag=protagonismo-delle-comunita\" class=\"tag-element\">Protagonismo delle comunit\u00e0<\/a><\/div>\t  \n\t<\/div>\n[\/vc_column_text][\/vc_column][vc_column width=&#8221;3\/4&#8243; el_class=&#8221;page-content&#8221;][vc_column_text el_class=&#8221;text&#8221;]OrientaRagazzi la manifestazione organizzata dal <strong>Comune di Savona<\/strong>, con il contributo di <strong>Fondazione De Mari<\/strong> e la collaborazione di <strong>Orientamenti (Regione Liguria)<\/strong>, <strong>Provincia di Savona<\/strong>, <strong>Alfa Liguria<\/strong>, <strong>Universit\u00e0<\/strong> <strong>di Genova<\/strong>, <strong>Unione degli Industriali di Savona<\/strong> e <strong>Camera di Commercio<\/strong> torna alla <strong>Fortezza<\/strong> <strong>del Priamar a Savona dal 5 al 9 novembre 2024.<\/strong><\/p>\n<p>Nell&#8217;ambito dell\u2019evento, progettato per fornire a ragazze e ragazzi un\u2019opportunit\u00e0 di confronto sul proprio <strong>futuro scolastico e professionale<\/strong>, offrendo al contempo <strong>nuove prospettive in ambito di orientamento<\/strong>, verr\u00e0 presentata l\u2019iniziativa Citt\u00e0 dell\u2019Educazione.<\/p>\n<p>L\u2019iniziativa promossa dalla <strong>Fondazione Compagnia di San Paolo<\/strong>, in collaborazione con la <strong>Fondazione per la Scuola e altri importanti stakeholder<\/strong>, che porta sul territorio nuove collaborazioni e iniziative per promuovere l&#8217;educazione e il benessere dei giovani, sar\u00e0 infatti protagonista di uno degli appuntamenti previsti dal programma.<\/p>\n<p>\u201c<em>Orientaragazzi \u00e8 una ottima occasione per la Fondazione Compagnia di San Paolo, insieme alla Fondazione per la Scuola e a importanti stakeholder istituzionali, per presentare Citt\u00e0 dell\u2019Educazione a Savona<\/em>.\u201d &#8211; Afferma <strong>Alberto Anfossi<\/strong>, Segretario Generale della Fondazione Compagnia di San Paolo. &#8211; \u201c<em>Citt\u00e0 dell\u2019Educazione si propone di realizzare a Savona e a Genova in Liguria, cos\u00ec come a Torino e Vercelli in Piemonte, vere e proprie Citt\u00e0 dell\u2019educazione, con forti caratteristiche di inclusione, innovazione pedagogica e sostenibilit\u00e0, che coinvolgano tutti gli attori del territorio, contribuendo ad un rinnovato dibattito culturale sull\u2019importanza cruciale dell\u2019educazione cos\u00ec da cambiare l\u2019agenda politica per la crescita e il benessere del nostro Paese<\/em>\u201d.<\/p>\n<p>Attraverso <strong>Citt\u00e0 dell\u2019Educazione<\/strong>, si intende quindi <strong>coinvolgere attivamente le scuole<\/strong>, le <strong>famiglie<\/strong> e le <strong>comunit\u00e0<\/strong> in un <strong>dialogo costruttivo e continuativo sull\u2019importanza dell\u2019educazione<\/strong>, affinch\u00e9 diventi una <strong>leva centrale per lo sviluppo del territorio<\/strong>.<\/p>\n<p><strong>Fondazione Compagnia di San Paolo e Fondazione per la Scuola<\/strong> confermano cos\u00ec il loro impegno a sostegno di progetti educativi e di orientamento per i giovani e le loro famiglie.<\/p>\n<p>In quest\u2019ottica, il <strong>Convegno di presentazione di Citt\u00e0 dell\u2019Educazione Savona<\/strong>, del prossimo <strong>6 novembre<\/strong> sar\u00e0 l\u2019occasione per illustrare le azioni principali che coinvolgeranno il sistema educativo del territorio.<\/p>\n<p>Il dibattito si concentrer\u00e0 sul ruolo cruciale della scuola e dell&#8217;intera comunit\u00e0 educante, a partire dalle famiglie, come catalizzatore per una <strong>trasformazione duratura<\/strong> e una <strong>crescita sostenibile<\/strong> del Paese e dei suoi territori. Durante l\u2019evento, saranno inoltre presentati anche dati e tendenze sui percorsi formativi degli studenti della citt\u00e0. L\u2019incontro \u00e8 aperto a tutta la cittadinanza, con particolare attenzione per dirigenti scolastici, docenti, educatori, operatori del terzo settore e studenti dei licei delle scienze umane.<\/p>\n<p>Per prendere parte alla Conferenza e per ulteriori informazioni vi invitiamo a scrivere all\u2019indirizzo mail <a href=\"mailto:orientaragazzi.savona@gmail.com\" target=\"_blank\" rel=\"noopener\">orientaragazzi.savona@gmail.com<\/a>.<\/p>\n<p>&nbsp;<\/p>\n<p>Per maggiori informazioni su Orientaragazzi 2024 vi invitiamo a consultare il sito del <strong><a href=\"https:\/\/www.comune.savona.it\/it\/news\/1977-orientaragazzi-savona-2024.html\" target=\"_blank\" rel=\"noopener\">Comune Savona<\/a><\/strong> e a consultare il comunicato stampa disponibile di seguito.[\/vc_column_text][vc_empty_space][\/vc_column][\/vc_row][vc_row el_class=&#8221;sdg-list-wrap&#8221;][vc_column][vc_raw_html]JTVCbW9zdHJhU0RHUyU1RA==[\/vc_raw_html][\/vc_column][\/vc_row][vc_row el_class=&#8221;sdg-list-wrap&#8221;][vc_column][vc_raw_html]JTVCU2V6aW9uZV9Eb2N1bWVudGklNUQ=[\/vc_raw_html][\/vc_column][\/vc_row][vc_row][vc_column]<div class=\"templatera_shortcode\"><div data-vc-full-width=\"true\" data-vc-full-width-temp=\"true\" data-vc-full-width-init=\"false\" class=\"vc_row wpb_row vc_row-fluid newsletter-wrap\"><div class=\"wpb_column vc_column_container vc_col-sm-12\"><div class=\"vc_column-inner\"><div class=\"wpb_wrapper\">\n\t<div class=\"wpb_raw_code wpb_raw_html wpb_content_element\" >\n\t\t<div class=\"wpb_wrapper\">\n\t\t\t    <div class=\"container\">\n      <div class=\"row align-items-center\">\n\t<div class=\"col-12 col-lg-6 col-xl-5 mb-3 mb-lg-0 pr-0\">\n\t  <h2 class=\"title\">Rimani aggiornato sui nostri bandi e sui nostri progetti<\/h2>\n\t<\/div>\n\t<div class=\"col-12 col-lg-6 col-xl-7 pl-xl-4\">\n\t  <a class=\"standard-link-block\" href=\"\/it\/newsletter\/\">\n\t    Compila il form e decidi su quale argomento vuoi ricevere notizie.\t    <strong>\u00a0 ISCRIVITI!<\/strong>\n\t  <\/a>\n\t<\/div>\n      <\/div>\n    <\/div>\n\t\t<\/div>\n\t<\/div>\n<\/div><\/div><\/div><\/div><div class=\"vc_row-full-width vc_clearfix\"><\/div><\/div>[\/vc_column][\/vc_row]\n<\/div>","protected":false},"excerpt":{"rendered":"<p>Appuntamento il prossimo 6 novembre con il Convegno di presentazione di Citt\u00e0 dell\u2019Educazione nell\u2019ambito di OrientaRagazzi, il tradizionale appuntamento per l\u2019orientamento dei giovani savonesi creato per offrire occasioni di confronto, approfondimento e scoperta dei percorsi scolastici e professionali.<\/p>\n","protected":false},"author":19,"featured_media":28839,"comment_status":"closed","ping_status":"closed","sticky":false,"template":"","format":"standard","meta":{"_acf_changed":false,"content-type":"","footnotes":""},"categories":[17],"tags":[51,81,70,213,90],"class_list":["post-32313","post","type-post","status-publish","format-standard","has-post-thumbnail","hentry","category-news","tag-coesione-sociale","tag-comunita-educanti","tag-creazione-di-reti-solide","tag-istruzione-di-qualita","tag-protagonismo-delle-comunita","entry","post-inner"],"acf":[],"yoast_head":"<!-- This site is optimized with the Yoast SEO plugin v27.3 - https:\/\/yoast.com\/product\/yoast-seo-wordpress\/ -->\n<title>OrientaRagazzi 2024 ospita il Convegno di presentazione di Citt\u00e0 dell\u2019Educazione - Fondazione Compagnia di San Paolo<\/title>\n<meta name=\"description\" content=\"Appuntamento il prossimo 6 novembre con il Convegno di presentazione di Citt\u00e0 dell\u2019Educazione nell\u2019ambito di OrientaRagazzi, il tradizionale appuntamento per l\u2019orientamento dei giovani savonesi creato per offrire occasioni di confronto, approfondimento e scoperta dei percorsi scolastici e professionali.\" \/>\n<meta name=\"robots\" content=\"index, follow, max-snippet:-1, max-image-preview:large, max-video-preview:-1\" \/>\n<link rel=\"canonical\" href=\"https:\/\/www.compagniadisanpaolo.it\/it\/news\/orientaragazzi-2024-ospita-il-convegno-di-presentazione-di-citta-delleducazione\/\" \/>\n<meta property=\"og:locale\" content=\"it_IT\" \/>\n<meta property=\"og:type\" content=\"article\" \/>\n<meta property=\"og:title\" content=\"OrientaRagazzi 2024 ospita il Convegno di presentazione di Citt\u00e0 dell\u2019Educazione - Fondazione Compagnia di San Paolo\" \/>\n<meta property=\"og:description\" content=\"Appuntamento il prossimo 6 novembre con il Convegno di presentazione di Citt\u00e0 dell\u2019Educazione nell\u2019ambito di OrientaRagazzi, il tradizionale appuntamento per l\u2019orientamento dei giovani savonesi creato per offrire occasioni di confronto, approfondimento e scoperta dei percorsi scolastici e professionali.\" \/>\n<meta property=\"og:url\" content=\"https:\/\/www.compagniadisanpaolo.it\/it\/news\/orientaragazzi-2024-ospita-il-convegno-di-presentazione-di-citta-delleducazione\/\" \/>\n<meta property=\"og:site_name\" content=\"Fondazione Compagnia di San Paolo\" \/>\n<meta property=\"article:publisher\" content=\"https:\/\/www.facebook.com\/CompagniaDiSanPaolo\" \/>\n<meta property=\"article:published_time\" content=\"2024-11-04T11:04:38+00:00\" \/>\n<meta property=\"article:modified_time\" content=\"2024-11-04T14:46:10+00:00\" \/>\n<meta property=\"og:image\" content=\"https:\/\/www.compagniadisanpaolo.it\/wp-content\/uploads\/CSP-taglio-immagine-news-CSP-Avviso-pubblico-Comune-Torino-ludoteche_815X350.jpg\" \/>\n\t<meta property=\"og:image:width\" content=\"815\" \/>\n\t<meta property=\"og:image:height\" content=\"350\" \/>\n\t<meta property=\"og:image:type\" content=\"image\/jpeg\" \/>\n<meta name=\"author\" content=\"Federica\" \/>\n<meta name=\"twitter:card\" content=\"summary_large_image\" \/>\n<meta name=\"twitter:creator\" content=\"@CSP_live\" \/>\n<meta name=\"twitter:site\" content=\"@CSP_live\" \/>\n<meta name=\"twitter:label1\" content=\"Scritto da\" \/>\n\t<meta name=\"twitter:data1\" content=\"Federica\" \/>\n\t<meta name=\"twitter:label2\" content=\"Tempo di lettura stimato\" \/>\n\t<meta name=\"twitter:data2\" content=\"3 minuti\" \/>\n<script type=\"application\/ld+json\" class=\"yoast-schema-graph\">{\"@context\":\"https:\\\/\\\/schema.org\",\"@graph\":[{\"@type\":\"Article\",\"@id\":\"https:\\\/\\\/www.compagniadisanpaolo.it\\\/it\\\/news\\\/orientaragazzi-2024-ospita-il-convegno-di-presentazione-di-citta-delleducazione\\\/#article\",\"isPartOf\":{\"@id\":\"https:\\\/\\\/www.compagniadisanpaolo.it\\\/it\\\/news\\\/orientaragazzi-2024-ospita-il-convegno-di-presentazione-di-citta-delleducazione\\\/\"},\"author\":{\"name\":\"Federica\",\"@id\":\"https:\\\/\\\/www.compagniadisanpaolo.it\\\/it\\\/#\\\/schema\\\/person\\\/b7d5451541c25c82f29c5be1e78456b2\"},\"headline\":\"OrientaRagazzi 2024 ospita il Convegno di presentazione di Citt\u00e0 dell\u2019Educazione\",\"datePublished\":\"2024-11-04T11:04:38+00:00\",\"dateModified\":\"2024-11-04T14:46:10+00:00\",\"mainEntityOfPage\":{\"@id\":\"https:\\\/\\\/www.compagniadisanpaolo.it\\\/it\\\/news\\\/orientaragazzi-2024-ospita-il-convegno-di-presentazione-di-citta-delleducazione\\\/\"},\"wordCount\":634,\"publisher\":{\"@id\":\"https:\\\/\\\/www.compagniadisanpaolo.it\\\/it\\\/#organization\"},\"image\":{\"@id\":\"https:\\\/\\\/www.compagniadisanpaolo.it\\\/it\\\/news\\\/orientaragazzi-2024-ospita-il-convegno-di-presentazione-di-citta-delleducazione\\\/#primaryimage\"},\"thumbnailUrl\":\"https:\\\/\\\/www.compagniadisanpaolo.it\\\/wp-content\\\/uploads\\\/CSP-taglio-immagine-news-CSP-Avviso-pubblico-Comune-Torino-ludoteche_815X350.jpg\",\"keywords\":[\"coesione sociale\",\"comunit\u00e0 educanti\",\"creazione di reti solide\",\"istruzione di qualit\u00e0\",\"protagonismo delle comunit\u00e0\"],\"articleSection\":[\"News\"],\"inLanguage\":\"it-IT\"},{\"@type\":\"WebPage\",\"@id\":\"https:\\\/\\\/www.compagniadisanpaolo.it\\\/it\\\/news\\\/orientaragazzi-2024-ospita-il-convegno-di-presentazione-di-citta-delleducazione\\\/\",\"url\":\"https:\\\/\\\/www.compagniadisanpaolo.it\\\/it\\\/news\\\/orientaragazzi-2024-ospita-il-convegno-di-presentazione-di-citta-delleducazione\\\/\",\"name\":\"OrientaRagazzi 2024 ospita il Convegno di presentazione di Citt\u00e0 dell\u2019Educazione - Fondazione Compagnia di San Paolo\",\"isPartOf\":{\"@id\":\"https:\\\/\\\/www.compagniadisanpaolo.it\\\/it\\\/#website\"},\"primaryImageOfPage\":{\"@id\":\"https:\\\/\\\/www.compagniadisanpaolo.it\\\/it\\\/news\\\/orientaragazzi-2024-ospita-il-convegno-di-presentazione-di-citta-delleducazione\\\/#primaryimage\"},\"image\":{\"@id\":\"https:\\\/\\\/www.compagniadisanpaolo.it\\\/it\\\/news\\\/orientaragazzi-2024-ospita-il-convegno-di-presentazione-di-citta-delleducazione\\\/#primaryimage\"},\"thumbnailUrl\":\"https:\\\/\\\/www.compagniadisanpaolo.it\\\/wp-content\\\/uploads\\\/CSP-taglio-immagine-news-CSP-Avviso-pubblico-Comune-Torino-ludoteche_815X350.jpg\",\"datePublished\":\"2024-11-04T11:04:38+00:00\",\"dateModified\":\"2024-11-04T14:46:10+00:00\",\"description\":\"Appuntamento il prossimo 6 novembre con il Convegno di presentazione di Citt\u00e0 dell\u2019Educazione nell\u2019ambito di OrientaRagazzi, il tradizionale appuntamento per l\u2019orientamento dei giovani savonesi creato per offrire occasioni di confronto, approfondimento e scoperta dei percorsi scolastici e professionali.\",\"breadcrumb\":{\"@id\":\"https:\\\/\\\/www.compagniadisanpaolo.it\\\/it\\\/news\\\/orientaragazzi-2024-ospita-il-convegno-di-presentazione-di-citta-delleducazione\\\/#breadcrumb\"},\"inLanguage\":\"it-IT\",\"potentialAction\":[{\"@type\":\"ReadAction\",\"target\":[\"https:\\\/\\\/www.compagniadisanpaolo.it\\\/it\\\/news\\\/orientaragazzi-2024-ospita-il-convegno-di-presentazione-di-citta-delleducazione\\\/\"]}]},{\"@type\":\"ImageObject\",\"inLanguage\":\"it-IT\",\"@id\":\"https:\\\/\\\/www.compagniadisanpaolo.it\\\/it\\\/news\\\/orientaragazzi-2024-ospita-il-convegno-di-presentazione-di-citta-delleducazione\\\/#primaryimage\",\"url\":\"https:\\\/\\\/www.compagniadisanpaolo.it\\\/wp-content\\\/uploads\\\/CSP-taglio-immagine-news-CSP-Avviso-pubblico-Comune-Torino-ludoteche_815X350.jpg\",\"contentUrl\":\"https:\\\/\\\/www.compagniadisanpaolo.it\\\/wp-content\\\/uploads\\\/CSP-taglio-immagine-news-CSP-Avviso-pubblico-Comune-Torino-ludoteche_815X350.jpg\",\"width\":815,\"height\":350},{\"@type\":\"BreadcrumbList\",\"@id\":\"https:\\\/\\\/www.compagniadisanpaolo.it\\\/it\\\/news\\\/orientaragazzi-2024-ospita-il-convegno-di-presentazione-di-citta-delleducazione\\\/#breadcrumb\",\"itemListElement\":[{\"@type\":\"ListItem\",\"position\":1,\"name\":\"Home\",\"item\":\"https:\\\/\\\/www.compagniadisanpaolo.it\\\/it\\\/\"},{\"@type\":\"ListItem\",\"position\":2,\"name\":\"OrientaRagazzi 2024 ospita il Convegno di presentazione di Citt\u00e0 dell\u2019Educazione\"}]},{\"@type\":\"WebSite\",\"@id\":\"https:\\\/\\\/www.compagniadisanpaolo.it\\\/it\\\/#website\",\"url\":\"https:\\\/\\\/www.compagniadisanpaolo.it\\\/it\\\/\",\"name\":\"Fondazione Compagnia di San Paolo\",\"description\":\"\",\"publisher\":{\"@id\":\"https:\\\/\\\/www.compagniadisanpaolo.it\\\/it\\\/#organization\"},\"potentialAction\":[{\"@type\":\"SearchAction\",\"target\":{\"@type\":\"EntryPoint\",\"urlTemplate\":\"https:\\\/\\\/www.compagniadisanpaolo.it\\\/it\\\/?s={search_term_string}\"},\"query-input\":{\"@type\":\"PropertyValueSpecification\",\"valueRequired\":true,\"valueName\":\"search_term_string\"}}],\"inLanguage\":\"it-IT\"},{\"@type\":\"Organization\",\"@id\":\"https:\\\/\\\/www.compagniadisanpaolo.it\\\/it\\\/#organization\",\"name\":\"Fondazione Compagnia di San Paolo\",\"url\":\"https:\\\/\\\/www.compagniadisanpaolo.it\\\/it\\\/\",\"logo\":{\"@type\":\"ImageObject\",\"inLanguage\":\"it-IT\",\"@id\":\"https:\\\/\\\/www.compagniadisanpaolo.it\\\/it\\\/#\\\/schema\\\/logo\\\/image\\\/\",\"url\":\"https:\\\/\\\/www.compagniadisanpaolo.it\\\/wp-content\\\/uploads\\\/logo.svg\",\"contentUrl\":\"https:\\\/\\\/www.compagniadisanpaolo.it\\\/wp-content\\\/uploads\\\/logo.svg\",\"width\":769,\"height\":323,\"caption\":\"Fondazione Compagnia di San Paolo\"},\"image\":{\"@id\":\"https:\\\/\\\/www.compagniadisanpaolo.it\\\/it\\\/#\\\/schema\\\/logo\\\/image\\\/\"},\"sameAs\":[\"https:\\\/\\\/www.facebook.com\\\/CompagniaDiSanPaolo\",\"https:\\\/\\\/x.com\\\/CSP_live\",\"http:\\\/\\\/instagram.com\\\/compagniadisanpaolo?ref=badge\",\"https:\\\/\\\/www.linkedin.com\\\/company\\\/compagnia-di-san-paolo\",\"https:\\\/\\\/www.youtube.com\\\/user\\\/compagniadisanpaolo\",\"https:\\\/\\\/it.wikipedia.org\\\/wiki\\\/Compagnia_di_San_Paolo\"]},{\"@type\":\"Person\",\"@id\":\"https:\\\/\\\/www.compagniadisanpaolo.it\\\/it\\\/#\\\/schema\\\/person\\\/b7d5451541c25c82f29c5be1e78456b2\",\"name\":\"Federica\",\"image\":{\"@type\":\"ImageObject\",\"inLanguage\":\"it-IT\",\"@id\":\"https:\\\/\\\/secure.gravatar.com\\\/avatar\\\/b5698fa13ac389b1f1fb1263a4626e219d853d7ccf112e854aea8c9c087d24ae?s=96&d=mm&r=g\",\"url\":\"https:\\\/\\\/secure.gravatar.com\\\/avatar\\\/b5698fa13ac389b1f1fb1263a4626e219d853d7ccf112e854aea8c9c087d24ae?s=96&d=mm&r=g\",\"contentUrl\":\"https:\\\/\\\/secure.gravatar.com\\\/avatar\\\/b5698fa13ac389b1f1fb1263a4626e219d853d7ccf112e854aea8c9c087d24ae?s=96&d=mm&r=g\",\"caption\":\"Federica\"}}]}<\/script>\n<!-- \/ Yoast SEO plugin. -->","yoast_head_json":{"title":"OrientaRagazzi 2024 ospita il Convegno di presentazione di Citt\u00e0 dell\u2019Educazione - Fondazione Compagnia di San Paolo","description":"Appuntamento il prossimo 6 novembre con il Convegno di presentazione di Citt\u00e0 dell\u2019Educazione nell\u2019ambito di OrientaRagazzi, il tradizionale appuntamento per l\u2019orientamento dei giovani savonesi creato per offrire occasioni di confronto, approfondimento e scoperta dei percorsi scolastici e professionali.","robots":{"index":"index","follow":"follow","max-snippet":"max-snippet:-1","max-image-preview":"max-image-preview:large","max-video-preview":"max-video-preview:-1"},"canonical":"https:\/\/www.compagniadisanpaolo.it\/it\/news\/orientaragazzi-2024-ospita-il-convegno-di-presentazione-di-citta-delleducazione\/","og_locale":"it_IT","og_type":"article","og_title":"OrientaRagazzi 2024 ospita il Convegno di presentazione di Citt\u00e0 dell\u2019Educazione - Fondazione Compagnia di San Paolo","og_description":"Appuntamento il prossimo 6 novembre con il Convegno di presentazione di Citt\u00e0 dell\u2019Educazione nell\u2019ambito di OrientaRagazzi, il tradizionale appuntamento per l\u2019orientamento dei giovani savonesi creato per offrire occasioni di confronto, approfondimento e scoperta dei percorsi scolastici e professionali.","og_url":"https:\/\/www.compagniadisanpaolo.it\/it\/news\/orientaragazzi-2024-ospita-il-convegno-di-presentazione-di-citta-delleducazione\/","og_site_name":"Fondazione Compagnia di San Paolo","article_publisher":"https:\/\/www.facebook.com\/CompagniaDiSanPaolo","article_published_time":"2024-11-04T11:04:38+00:00","article_modified_time":"2024-11-04T14:46:10+00:00","og_image":[{"width":815,"height":350,"url":"https:\/\/www.compagniadisanpaolo.it\/wp-content\/uploads\/CSP-taglio-immagine-news-CSP-Avviso-pubblico-Comune-Torino-ludoteche_815X350.jpg","type":"image\/jpeg"}],"author":"Federica","twitter_card":"summary_large_image","twitter_creator":"@CSP_live","twitter_site":"@CSP_live","twitter_misc":{"Scritto da":"Federica","Tempo di lettura stimato":"3 minuti"},"schema":{"@context":"https:\/\/schema.org","@graph":[{"@type":"Article","@id":"https:\/\/www.compagniadisanpaolo.it\/it\/news\/orientaragazzi-2024-ospita-il-convegno-di-presentazione-di-citta-delleducazione\/#article","isPartOf":{"@id":"https:\/\/www.compagniadisanpaolo.it\/it\/news\/orientaragazzi-2024-ospita-il-convegno-di-presentazione-di-citta-delleducazione\/"},"author":{"name":"Federica","@id":"https:\/\/www.compagniadisanpaolo.it\/it\/#\/schema\/person\/b7d5451541c25c82f29c5be1e78456b2"},"headline":"OrientaRagazzi 2024 ospita il Convegno di presentazione di Citt\u00e0 dell\u2019Educazione","datePublished":"2024-11-04T11:04:38+00:00","dateModified":"2024-11-04T14:46:10+00:00","mainEntityOfPage":{"@id":"https:\/\/www.compagniadisanpaolo.it\/it\/news\/orientaragazzi-2024-ospita-il-convegno-di-presentazione-di-citta-delleducazione\/"},"wordCount":634,"publisher":{"@id":"https:\/\/www.compagniadisanpaolo.it\/it\/#organization"},"image":{"@id":"https:\/\/www.compagniadisanpaolo.it\/it\/news\/orientaragazzi-2024-ospita-il-convegno-di-presentazione-di-citta-delleducazione\/#primaryimage"},"thumbnailUrl":"https:\/\/www.compagniadisanpaolo.it\/wp-content\/uploads\/CSP-taglio-immagine-news-CSP-Avviso-pubblico-Comune-Torino-ludoteche_815X350.jpg","keywords":["coesione sociale","comunit\u00e0 educanti","creazione di reti solide","istruzione di qualit\u00e0","protagonismo delle comunit\u00e0"],"articleSection":["News"],"inLanguage":"it-IT"},{"@type":"WebPage","@id":"https:\/\/www.compagniadisanpaolo.it\/it\/news\/orientaragazzi-2024-ospita-il-convegno-di-presentazione-di-citta-delleducazione\/","url":"https:\/\/www.compagniadisanpaolo.it\/it\/news\/orientaragazzi-2024-ospita-il-convegno-di-presentazione-di-citta-delleducazione\/","name":"OrientaRagazzi 2024 ospita il Convegno di presentazione di Citt\u00e0 dell\u2019Educazione - Fondazione Compagnia di San Paolo","isPartOf":{"@id":"https:\/\/www.compagniadisanpaolo.it\/it\/#website"},"primaryImageOfPage":{"@id":"https:\/\/www.compagniadisanpaolo.it\/it\/news\/orientaragazzi-2024-ospita-il-convegno-di-presentazione-di-citta-delleducazione\/#primaryimage"},"image":{"@id":"https:\/\/www.compagniadisanpaolo.it\/it\/news\/orientaragazzi-2024-ospita-il-convegno-di-presentazione-di-citta-delleducazione\/#primaryimage"},"thumbnailUrl":"https:\/\/www.compagniadisanpaolo.it\/wp-content\/uploads\/CSP-taglio-immagine-news-CSP-Avviso-pubblico-Comune-Torino-ludoteche_815X350.jpg","datePublished":"2024-11-04T11:04:38+00:00","dateModified":"2024-11-04T14:46:10+00:00","description":"Appuntamento il prossimo 6 novembre con il Convegno di presentazione di Citt\u00e0 dell\u2019Educazione nell\u2019ambito di OrientaRagazzi, il tradizionale appuntamento per l\u2019orientamento dei giovani savonesi creato per offrire occasioni di confronto, approfondimento e scoperta dei percorsi scolastici e professionali.","breadcrumb":{"@id":"https:\/\/www.compagniadisanpaolo.it\/it\/news\/orientaragazzi-2024-ospita-il-convegno-di-presentazione-di-citta-delleducazione\/#breadcrumb"},"inLanguage":"it-IT","potentialAction":[{"@type":"ReadAction","target":["https:\/\/www.compagniadisanpaolo.it\/it\/news\/orientaragazzi-2024-ospita-il-convegno-di-presentazione-di-citta-delleducazione\/"]}]},{"@type":"ImageObject","inLanguage":"it-IT","@id":"https:\/\/www.compagniadisanpaolo.it\/it\/news\/orientaragazzi-2024-ospita-il-convegno-di-presentazione-di-citta-delleducazione\/#primaryimage","url":"https:\/\/www.compagniadisanpaolo.it\/wp-content\/uploads\/CSP-taglio-immagine-news-CSP-Avviso-pubblico-Comune-Torino-ludoteche_815X350.jpg","contentUrl":"https:\/\/www.compagniadisanpaolo.it\/wp-content\/uploads\/CSP-taglio-immagine-news-CSP-Avviso-pubblico-Comune-Torino-ludoteche_815X350.jpg","width":815,"height":350},{"@type":"BreadcrumbList","@id":"https:\/\/www.compagniadisanpaolo.it\/it\/news\/orientaragazzi-2024-ospita-il-convegno-di-presentazione-di-citta-delleducazione\/#breadcrumb","itemListElement":[{"@type":"ListItem","position":1,"name":"Home","item":"https:\/\/www.compagniadisanpaolo.it\/it\/"},{"@type":"ListItem","position":2,"name":"OrientaRagazzi 2024 ospita il Convegno di presentazione di Citt\u00e0 dell\u2019Educazione"}]},{"@type":"WebSite","@id":"https:\/\/www.compagniadisanpaolo.it\/it\/#website","url":"https:\/\/www.compagniadisanpaolo.it\/it\/","name":"Fondazione Compagnia di San Paolo","description":"","publisher":{"@id":"https:\/\/www.compagniadisanpaolo.it\/it\/#organization"},"potentialAction":[{"@type":"SearchAction","target":{"@type":"EntryPoint","urlTemplate":"https:\/\/www.compagniadisanpaolo.it\/it\/?s={search_term_string}"},"query-input":{"@type":"PropertyValueSpecification","valueRequired":true,"valueName":"search_term_string"}}],"inLanguage":"it-IT"},{"@type":"Organization","@id":"https:\/\/www.compagniadisanpaolo.it\/it\/#organization","name":"Fondazione Compagnia di San Paolo","url":"https:\/\/www.compagniadisanpaolo.it\/it\/","logo":{"@type":"ImageObject","inLanguage":"it-IT","@id":"https:\/\/www.compagniadisanpaolo.it\/it\/#\/schema\/logo\/image\/","url":"https:\/\/www.compagniadisanpaolo.it\/wp-content\/uploads\/logo.svg","contentUrl":"https:\/\/www.compagniadisanpaolo.it\/wp-content\/uploads\/logo.svg","width":769,"height":323,"caption":"Fondazione Compagnia di San Paolo"},"image":{"@id":"https:\/\/www.compagniadisanpaolo.it\/it\/#\/schema\/logo\/image\/"},"sameAs":["https:\/\/www.facebook.com\/CompagniaDiSanPaolo","https:\/\/x.com\/CSP_live","http:\/\/instagram.com\/compagniadisanpaolo?ref=badge","https:\/\/www.linkedin.com\/company\/compagnia-di-san-paolo","https:\/\/www.youtube.com\/user\/compagniadisanpaolo","https:\/\/it.wikipedia.org\/wiki\/Compagnia_di_San_Paolo"]},{"@type":"Person","@id":"https:\/\/www.compagniadisanpaolo.it\/it\/#\/schema\/person\/b7d5451541c25c82f29c5be1e78456b2","name":"Federica","image":{"@type":"ImageObject","inLanguage":"it-IT","@id":"https:\/\/secure.gravatar.com\/avatar\/b5698fa13ac389b1f1fb1263a4626e219d853d7ccf112e854aea8c9c087d24ae?s=96&d=mm&r=g","url":"https:\/\/secure.gravatar.com\/avatar\/b5698fa13ac389b1f1fb1263a4626e219d853d7ccf112e854aea8c9c087d24ae?s=96&d=mm&r=g","contentUrl":"https:\/\/secure.gravatar.com\/avatar\/b5698fa13ac389b1f1fb1263a4626e219d853d7ccf112e854aea8c9c087d24ae?s=96&d=mm&r=g","caption":"Federica"}}]}},"amp_enabled":true,"_links":{"self":[{"href":"https:\/\/www.compagniadisanpaolo.it\/it\/wp-json\/wp\/v2\/posts\/32313","targetHints":{"allow":["GET"]}}],"collection":[{"href":"https:\/\/www.compagniadisanpaolo.it\/it\/wp-json\/wp\/v2\/posts"}],"about":[{"href":"https:\/\/www.compagniadisanpaolo.it\/it\/wp-json\/wp\/v2\/types\/post"}],"author":[{"embeddable":true,"href":"https:\/\/www.compagniadisanpaolo.it\/it\/wp-json\/wp\/v2\/users\/19"}],"replies":[{"embeddable":true,"href":"https:\/\/www.compagniadisanpaolo.it\/it\/wp-json\/wp\/v2\/comments?post=32313"}],"version-history":[{"count":5,"href":"https:\/\/www.compagniadisanpaolo.it\/it\/wp-json\/wp\/v2\/posts\/32313\/revisions"}],"predecessor-version":[{"id":32325,"href":"https:\/\/www.compagniadisanpaolo.it\/it\/wp-json\/wp\/v2\/posts\/32313\/revisions\/32325"}],"wp:featuredmedia":[{"embeddable":true,"href":"https:\/\/www.compagniadisanpaolo.it\/it\/wp-json\/wp\/v2\/media\/28839"}],"wp:attachment":[{"href":"https:\/\/www.compagniadisanpaolo.it\/it\/wp-json\/wp\/v2\/media?parent=32313"}],"wp:term":[{"taxonomy":"category","embeddable":true,"href":"https:\/\/www.compagniadisanpaolo.it\/it\/wp-json\/wp\/v2\/categories?post=32313"},{"taxonomy":"post_tag","embeddable":true,"href":"https:\/\/www.compagniadisanpaolo.it\/it\/wp-json\/wp\/v2\/tags?post=32313"}],"curies":[{"name":"wp","href":"https:\/\/api.w.org\/{rel}","templated":true}]}}