{"id":32146,"date":"2024-10-24T17:27:54","date_gmt":"2024-10-24T15:27:54","guid":{"rendered":"https:\/\/www.compagniadisanpaolo.it\/?p=32146"},"modified":"2024-10-25T15:11:37","modified_gmt":"2024-10-25T13:11:37","slug":"torino-si-riaccende-con-il-contemporaneo","status":"publish","type":"post","link":"https:\/\/www.compagniadisanpaolo.it\/it\/news\/torino-si-riaccende-con-il-contemporaneo\/","title":{"rendered":"Torino \u201csi riaccende\u201d con il contemporaneo"},"content":{"rendered":"<div class=\"wpb-content-wrapper\">[vc_row][vc_column][vc_column_text el_class=&#8221;text-headline2&#8243;]Il Capoluogo piemontese torna a immergersi in un periodo ricco di eventi e manifestazioni dedicate a celebrare la cultura contemporanea. Anche grazie al supporto della Fondazione Compagnia di San Paolo, la citt\u00e0 torna ad animarsi e \u201cilluminarsi\u201d attraverso iniziative che promettono di coinvolgere e ispirare.[\/vc_column_text][\/vc_column][\/vc_row][vc_row][vc_column][vc_column_text]\n<div class=\"info-box mission\">\n\t\t<div class=\"info-box-wrap info-box-hor row pb-0\">\n\n\t\t      \n\t\t      <div class=\"spalla col-12 col-md-12\">\n\t\t\t<div class=\"info-box sharing-box\">\n\t\t\t  <span class=\"label\">Condividi:<\/span>\n\t\t\t  <div class=\"social-sharing\">\n\t\t\t    <span class=\"box\">\n\t\t\t      <a class=\"fb\" href=\"https:\/\/www.facebook.com\/sharer.php?u=https:\/\/www.compagniadisanpaolo.it\/it\/news\/torino-si-riaccende-con-il-contemporaneo\/\" target=\"_blank\">\n\t\t\t\t<span class=\"sr-only\">Facebook<\/span>\n\t\t\t\t<i class=\"fab fa-facebook-f\"><\/i>\n\t\t\t      <\/a>\n\t\t\t    <\/span>\n\t\t\t    \n\t\t\t    <style>\n.twitter, .twitter:hover{\ncolor:#000000 !important;}\n<\/style>\n\n\n\t\t\t    <span class=\"box\">\n\t\t\t      <a class=\"twitter\" href=\"https:\/\/twitter.com\/intent\/tweet?url=https:\/\/www.compagniadisanpaolo.it\/it\/news\/torino-si-riaccende-con-il-contemporaneo\/\">\n\t\t\t\t<span class=\"sr-only\">Twitter<\/span>\n\t\t\t\t<i class=\"fa-brands fa-x-twitter\"><\/i>\n\t\t\t      <\/a>\n\t\t\t    <\/span>\n\n\t\t\t    \n\t\t\t    <span class=\"box\">\n\t\t\t      <a class=\"linkedin\" href=\"https:\/\/www.linkedin.com\/shareArticle?mini=true&url=https:\/\/www.compagniadisanpaolo.it\/it\/news\/torino-si-riaccende-con-il-contemporaneo\/\">\n\t\t\t\t<span class=\"sr-only\">Linkedin<\/span>\n\t\t\t\t  <i class=\"fa-brands fa-linkedin-in\"><\/i>\n\t\t\t      <\/a>\n\t\t\t    <\/span>\n\n\t\t\t    <span class=\"box\">\n\t\t\t      <a class=\"whatsapp\" href=\"whatsapp:\/\/send?text=https:\/\/www.compagniadisanpaolo.it\/it\/news\/torino-si-riaccende-con-il-contemporaneo\/\" data-action=\"share\/whatsapp\/share\">\n\t\t\t\t<span class=\"sr-only\">Whatsapp<\/span>\n\t\t\t\t<i class=\"fa-brands fa-whatsapp\"><\/i>\n\t\t\t      <\/a>\n\t\t\t    <\/span>\n\n\t\t\t    <span class=\"box\">\n\t\t\t      <a class=\"mail\" href=\"mailto:?subject=Torino \u201csi riaccende\u201d con il contemporaneo&body=https:\/\/www.compagniadisanpaolo.it\/it\/news\/torino-si-riaccende-con-il-contemporaneo\/\">\n\t\t\t\t<span class=\"sr-only\">Mail<\/span>\n\t\t\t\t <i class=\"fa-solid fa-envelope\"><\/i>\n\t\t\t      <\/a>\n\t\t\t    <\/span>\n\t\t\t    \n\t\t\t  <\/div>\n\t\t\t<\/div>\n\t      <\/div>\n\t    <\/div><\/div>\n[\/vc_column_text][\/vc_column][\/vc_row][vc_row][vc_column width=&#8221;1\/4&#8243;][vc_column_text]\n\n\n\t\t<div class=\"info-box-wrap\">\n\n\t  <div class=\"info-box date-pub\">\n\t  \t<span class=\"label\">Data di pubblicazione:<\/span>\n\t    <span class=\"value\">24 Ottobre 2024<\/span>\n\t  <\/div>\n\t\t\t\t  <div class=\"info-box obj-culture\">\n\t\t\t\t\t  <div class=\"info-box obj\"><span class=\"label\">Obiettivo<\/span>\n\t\t\t\t\t    <div class=\"obj-small-box\">\n\t\t\t\t\t      <span>Cultura.<\/span>\n\t\t\t\t\t    <\/div>\n\t\t\t\t\t  <\/div>\n\t\t\t\t  <\/div>\n\t\t\t  <div class=\"info-box mission\"><span class=\"label\">Tag<\/span><a href=\"https:\/\/www.compagniadisanpaolo.it\/it\/tags\/risultati\/?_sft_post_tag=creativita-ed-esperienze-attive\" class=\"tag-element\">Creativit\u00e0 ed esperienze attive<\/a><a href=\"https:\/\/www.compagniadisanpaolo.it\/it\/tags\/risultati\/?_sft_post_tag=cultura-contemporanea-e-design\" class=\"tag-element\">Cultura contemporanea e design<\/a><a href=\"https:\/\/www.compagniadisanpaolo.it\/it\/tags\/risultati\/?_sft_post_tag=performing-arts\" class=\"tag-element\">Performing arts<\/a><\/div>\t  \n\t<\/div>\n[\/vc_column_text][\/vc_column][vc_column width=&#8221;3\/4&#8243; el_class=&#8221;page-content&#8221;][vc_column_text el_class=&#8221;text&#8221;]La Fondazione Compagnia di San Paolo riconosce nella<strong> cultura contemporanea <\/strong>non solo un <strong>motore di innovazione e creativit\u00e0<\/strong>, ma anche un <strong>fattore strategico per lo sviluppo sostenibile del territorio<\/strong>. Attraverso il supporto a progetti artistici e culturali, l\u2019Ente filantropico torinese mira a rafforzare il legame tra comunit\u00e0 e spazi urbani, promuovendo opportunit\u00e0 di professionalizzazione e valorizzando il patrimonio culturale della citt\u00e0.<\/p>\n<p>L&#8217;<strong>arte contemporanea <\/strong>diventa quindi un <strong>veicolo per esplorare nuove prospettive<\/strong>, <strong>rafforzare l\u2019identit\u00e0 culturale <\/strong>delle comunit\u00e0 e <strong>promuovere linguaggi espressivi innovativi<\/strong>.<\/p>\n<p>Tra la fine di ottobre e l&#8217;inizio di novembre, Torino sar\u00e0 animata da <strong>eventi che celebrano il contemporaneo<\/strong> che, supportati dalla Fondazione Compagnia di San Paolo, creeranno percorsi capaci di unire arte, comunit\u00e0 e innovazione.<\/p>\n<p>&nbsp;<\/p>\n<p><a href=\"https:\/\/www.lucidartistatorino.org\/\" target=\"_blank\" rel=\"noopener\"><strong><u>Luci d&#8217;Artista<\/u><\/strong><\/a><\/p>\n<p>\u00c8 stata annunciata oggi la <strong>ventisettesima edizione di Luci d&#8217;Artista<\/strong>, che dal <strong>25 ottobre 2024 al 12 gennaio 2025<\/strong> illuminer\u00e0 nuovamente le strade di Torino con spettacolari installazioni create da artisti di fama internazionale. Quest&#8217;anno la manifestazione si arricchisce con <strong>due nuove opere<\/strong>: <strong>VR Man<\/strong> di <strong>Andreas Angelidakis<\/strong> e <strong>Scia\u2019Mano <\/strong>di <strong>Luigi Ontani<\/strong>, che mettono in risalto i temi della sostenibilit\u00e0 e dell&#8217;inclusivit\u00e0.<\/p>\n<p>La manifestazione non si limita a decorare la citt\u00e0, ma crea un dialogo profondo tra arte e comunit\u00e0, invitando i cittadini a riflettere sul ruolo dell&#8217;arte contemporanea nel tessuto urbano. La prima installazione verr\u00e0 accesa il <strong>25 ottobre alle 18:00 <\/strong>in piazza Vittorio Veneto, segnando l&#8217;inizio di un percorso luminoso che unisce arte e territorio.<\/p>\n<p><a href=\"https:\/\/www.artissima.art\/\" target=\"_blank\" rel=\"noopener\"><strong><u>Artissima<\/u><\/strong><\/a><\/p>\n<p>La fiera dell\u2019Arte contemporanea, alla sua <strong>XXXI edizione<\/strong>, torna a Torino <strong>dal 1 al 3 novembre<\/strong>.<\/p>\n<p>La novit\u00e0 di quest\u2019anno sar\u00e0 la sezione <strong>WoW \u2013 Worlds of Words<\/strong> nata all\u2019interno di <strong>Identity<\/strong>, il percorso triennale che ripercorre e mette in luce i tratti identitari della fiera, creato per offrire a ogni edizione dei focus progettuali di approfondimento e per mettere in luce quelle linee strategiche che in 31 anni di storia hanno contribuito all\u2019attuale posizionamento di Artissima nel mondo dell\u2019arte.<\/p>\n<p>Il progetto nasce dalla collaborazione con la Fondazione Compagnia di San Paolo, da sempre partner della fiera nella creazione di progetti e contenuti con propositi di valorizzazione e innovazione.<\/p>\n<p>Dal 1\u00b0 al 3 novembre, saranno disponibili le <strong>AudioGuide<\/strong> sulla piattaforma <a href=\"https:\/\/www.artissima.art\/\">artissima.art<\/a>, offrendo un percorso trasversale per esplorare le opere della fiera. Curate dai mediatori di <strong>Arteco<\/strong>, queste guide propongono <strong>chiavi di lettura innovative<\/strong>, adatte sia agli appassionati che ai professionisti del settore.<\/p>\n<p><strong>Dal 2017, <\/strong>la Fondazione ha sostenuto la<strong> trasformazione digitale di Artissima<\/strong>, unendo innovazione tecnologica e fruizione culturale con l\u2019obiettivo di contribuire a rendere l\u2019arte sempre pi\u00f9 accessibile e coinvolgente attraverso questi strumenti.<\/p>\n<p>Altro progetto di rilievo di questa edizione \u00e8 <strong>MADE IN<\/strong>, che vuole favorire il dialogo tra artisti e imprese locali attraverso <strong>residenze artistiche<\/strong>, promuovendo opportunit\u00e0 per giovani creativi e creando sinergie con il tessuto imprenditoriale della citt\u00e0.<\/p>\n<p>&nbsp;<\/p>\n<p><a href=\"https:\/\/clubtoclub.it\/event\/c2cfestival-2024\/\" target=\"_blank\" rel=\"noopener\"><strong><u>C2C Festival<\/u><\/strong><\/a><\/p>\n<p>La Fondazione Compagnia di San Paolo rinnova il suo supporto al <strong>C2C Festival<\/strong>, evento internazionale di musica d\u2019avanguardia, che si terr\u00e0 a <strong>Torino dal 31 ottobre al 3 novembre 2024<\/strong>, durante la <strong>Contemporary Art Week<\/strong>. Grazie alla sua capacit\u00e0 di fondere innovazione e valorizzazione delle identit\u00e0 culturali locali, il festival continua a posizionare Torino come un <strong>punto di riferimento globale per la cultura contemporanea<\/strong>.<\/p>\n<p>Alberto Anfossi, Segretario Generale della Fondazione, ha sottolineato l&#8217;importanza di sostenere il C2C Festival, evidenziando il suo ruolo di <strong>player fondamentale per la valorizzazione del territorio<\/strong>.<\/p>\n<p><a href=\"https:\/\/www.paratissima.it\/paratissima-venti\/\" target=\"_blank\" rel=\"noopener\"><strong><u>Paratissima VENTI<\/u><\/strong><\/a><\/p>\n<p>Dal 31 ottobre al 3 novembre 2024, Paratissima celebra il suo ventesimo anniversario con oltre 350 artisti partecipanti. Supportata dalla Fondazione <strong>la fiera continua a promuovere l&#8217;accessibilit\u00e0 e l&#8217;inclusivit\u00e0 dell&#8217;arte<\/strong>, offrendo spazi in cui artisti e pubblico possono dialogare e interagire. Questa edizione speciale dedicata ai vent\u2019anni della manifestazione offre l\u2019opportunit\u00e0 di riflettere sulle radici dell\u2019arte contemporanea e di stimolare la crescita dei nuovi talenti.<\/p>\n<p>&nbsp;<\/p>\n<p><a href=\"https:\/\/www.flashback.to.it\/gallerie\" target=\"_blank\" rel=\"noopener\"><strong><u>Flashback Art Fair 2024<\/u><\/strong><\/a><\/p>\n<p>Con il tema &#8220;Invisible&#8221;, la <strong>Flashback Art Fair 2024<\/strong> esplorer\u00e0 l&#8217;arte come strumento di connessione e scoperta <strong>dal 31 ottobre al 3 novembre 2024<\/strong>. La Fondazione Compagnia di San Paolo, impegnata nella promozione di artisti emergenti, contribuisce a creare opportunit\u00e0 di dialogo tra pubblico e artisti, arricchendo il panorama culturale torinese e nazionale.<\/p>\n<p><a href=\"https:\/\/shareproject.cargo.site\/2024-ALL-NATURAL\" target=\"_blank\" rel=\"noopener\"><strong><u>Share Festival<\/u><\/strong><\/a><\/p>\n<p>Tra gli sponsor principali dello Share Festival, la Fondazione continua a sostenere progetti innovativi come Cristallo di Luce di Diego Scroppo, vincitore del bando ART~WAVES. Quest\u2019opera pubblica, installata presso l&#8217;Environment Park di Torino, \u00e8 un simbolo dell\u2019armonia tra tecnologia e natura, utilizzando materiali come vetro, acciaio e sistemi fotovoltaici, rappresentando un esempio concreto di sostenibilit\u00e0 energetica.<\/p>\n<p><a href=\"https:\/\/www.theothersartfair.com\/\" target=\"_blank\" rel=\"noopener\"><strong><u>XIII edizione di The Others Art Fair<\/u><\/strong><\/a><\/p>\n<p>La Fondazione Compagnia di San Paolo continua a sostenere la XIII edizione di The Others Art Fair, offrendo spazi espositivi in cui i visitatori possono esplorare nuovi linguaggi creativi e affrontare temi globali come la multiculturalit\u00e0 e l\u2019integrazione. La collaborazione con The Others rafforza il ruolo di Torino come polo di creativit\u00e0 contemporanea, proiettandola sul palcoscenico internazionale.<\/p>\n<p>Per maggiori dettagli su ciascuna delle manifestazioni citate, <strong>si invita a consultare i comunicati stampa disponibili di seguito<\/strong>.[\/vc_column_text][\/vc_column][\/vc_row][vc_row el_class=&#8221;sdg-list-wrap&#8221;][vc_column][vc_raw_html]JTVCbW9zdHJhU0RHUyU1RA==[\/vc_raw_html][\/vc_column][\/vc_row][vc_row][vc_column][vc_raw_html]JTVCU2V6aW9uZV9Eb2N1bWVudGklNUQ=[\/vc_raw_html][\/vc_column][\/vc_row][vc_row][vc_column]<div class=\"templatera_shortcode\"><div data-vc-full-width=\"true\" data-vc-full-width-temp=\"true\" data-vc-full-width-init=\"false\" class=\"vc_row wpb_row vc_row-fluid newsletter-wrap\"><div class=\"wpb_column vc_column_container vc_col-sm-12\"><div class=\"vc_column-inner\"><div class=\"wpb_wrapper\">\n\t<div class=\"wpb_raw_code wpb_raw_html wpb_content_element\" >\n\t\t<div class=\"wpb_wrapper\">\n\t\t\t    <div class=\"container\">\n      <div class=\"row align-items-center\">\n\t<div class=\"col-12 col-lg-6 col-xl-5 mb-3 mb-lg-0 pr-0\">\n\t  <h2 class=\"title\">Rimani aggiornato sui nostri bandi e sui nostri progetti<\/h2>\n\t<\/div>\n\t<div class=\"col-12 col-lg-6 col-xl-7 pl-xl-4\">\n\t  <a class=\"standard-link-block\" href=\"\/it\/newsletter\/\">\n\t    Compila il form e decidi su quale argomento vuoi ricevere notizie.\t    <strong>\u00a0 ISCRIVITI!<\/strong>\n\t  <\/a>\n\t<\/div>\n      <\/div>\n    <\/div>\n\t\t<\/div>\n\t<\/div>\n<\/div><\/div><\/div><\/div><div class=\"vc_row-full-width vc_clearfix\"><\/div><\/div>[\/vc_column][\/vc_row]\n<\/div>","protected":false},"excerpt":{"rendered":"<p>Il Capoluogo piemontese torna a immergersi in un periodo ricco di eventi e manifestazioni dedicate a celebrare la cultura contemporanea. Anche grazie al supporto della Fondazione Compagnia di San Paolo, la citt\u00e0 torna ad animarsi e \u201cilluminarsi\u201d attraverso iniziative che promettono di coinvolgere e ispirare.<\/p>\n","protected":false},"author":19,"featured_media":32153,"comment_status":"closed","ping_status":"closed","sticky":false,"template":"","format":"standard","meta":{"_acf_changed":false,"content-type":"","footnotes":""},"categories":[17],"tags":[63,86,64],"class_list":["post-32146","post","type-post","status-publish","format-standard","has-post-thumbnail","hentry","category-news","tag-creativita-ed-esperienze-attive","tag-cultura-contemporanea-e-design","tag-performing-arts","entry","post-inner"],"acf":[],"yoast_head":"<!-- This site is optimized with the Yoast SEO plugin v27.3 - https:\/\/yoast.com\/product\/yoast-seo-wordpress\/ -->\n<title>Torino \u201csi riaccende\u201d con il contemporaneo - Fondazione Compagnia di San Paolo<\/title>\n<meta name=\"description\" content=\"Il Capoluogo piemontese torna a immergersi in un periodo ricco di eventi e manifestazioni dedicate a celebrare la cultura contemporanea.\" \/>\n<meta name=\"robots\" content=\"index, follow, max-snippet:-1, max-image-preview:large, max-video-preview:-1\" \/>\n<link rel=\"canonical\" href=\"https:\/\/www.compagniadisanpaolo.it\/it\/news\/torino-si-riaccende-con-il-contemporaneo\/\" \/>\n<meta property=\"og:locale\" content=\"it_IT\" \/>\n<meta property=\"og:type\" content=\"article\" \/>\n<meta property=\"og:title\" content=\"Torino \u201csi riaccende\u201d con il contemporaneo - Fondazione Compagnia di San Paolo\" \/>\n<meta property=\"og:description\" content=\"Il Capoluogo piemontese torna a immergersi in un periodo ricco di eventi e manifestazioni dedicate a celebrare la cultura contemporanea.\" \/>\n<meta property=\"og:url\" content=\"https:\/\/www.compagniadisanpaolo.it\/it\/news\/torino-si-riaccende-con-il-contemporaneo\/\" \/>\n<meta property=\"og:site_name\" content=\"Fondazione Compagnia di San Paolo\" \/>\n<meta property=\"article:publisher\" content=\"https:\/\/www.facebook.com\/CompagniaDiSanPaolo\" \/>\n<meta property=\"article:published_time\" content=\"2024-10-24T15:27:54+00:00\" \/>\n<meta property=\"article:modified_time\" content=\"2024-10-25T13:11:37+00:00\" \/>\n<meta property=\"og:image\" content=\"https:\/\/www.compagniadisanpaolo.it\/wp-content\/uploads\/CSP-Articolo-Contemporaneo-2024_815X350.png\" \/>\n\t<meta property=\"og:image:width\" content=\"815\" \/>\n\t<meta property=\"og:image:height\" content=\"350\" \/>\n\t<meta property=\"og:image:type\" content=\"image\/png\" \/>\n<meta name=\"author\" content=\"Federica\" \/>\n<meta name=\"twitter:card\" content=\"summary_large_image\" \/>\n<meta name=\"twitter:creator\" content=\"@CSP_live\" \/>\n<meta name=\"twitter:site\" content=\"@CSP_live\" \/>\n<meta name=\"twitter:label1\" content=\"Scritto da\" \/>\n\t<meta name=\"twitter:data1\" content=\"Federica\" \/>\n\t<meta name=\"twitter:label2\" content=\"Tempo di lettura stimato\" \/>\n\t<meta name=\"twitter:data2\" content=\"5 minuti\" \/>\n<script type=\"application\/ld+json\" class=\"yoast-schema-graph\">{\"@context\":\"https:\\\/\\\/schema.org\",\"@graph\":[{\"@type\":\"Article\",\"@id\":\"https:\\\/\\\/www.compagniadisanpaolo.it\\\/it\\\/news\\\/torino-si-riaccende-con-il-contemporaneo\\\/#article\",\"isPartOf\":{\"@id\":\"https:\\\/\\\/www.compagniadisanpaolo.it\\\/it\\\/news\\\/torino-si-riaccende-con-il-contemporaneo\\\/\"},\"author\":{\"name\":\"Federica\",\"@id\":\"https:\\\/\\\/www.compagniadisanpaolo.it\\\/it\\\/#\\\/schema\\\/person\\\/b7d5451541c25c82f29c5be1e78456b2\"},\"headline\":\"Torino \u201csi riaccende\u201d con il contemporaneo\",\"datePublished\":\"2024-10-24T15:27:54+00:00\",\"dateModified\":\"2024-10-25T13:11:37+00:00\",\"mainEntityOfPage\":{\"@id\":\"https:\\\/\\\/www.compagniadisanpaolo.it\\\/it\\\/news\\\/torino-si-riaccende-con-il-contemporaneo\\\/\"},\"wordCount\":980,\"publisher\":{\"@id\":\"https:\\\/\\\/www.compagniadisanpaolo.it\\\/it\\\/#organization\"},\"image\":{\"@id\":\"https:\\\/\\\/www.compagniadisanpaolo.it\\\/it\\\/news\\\/torino-si-riaccende-con-il-contemporaneo\\\/#primaryimage\"},\"thumbnailUrl\":\"https:\\\/\\\/www.compagniadisanpaolo.it\\\/wp-content\\\/uploads\\\/CSP-Articolo-Contemporaneo-2024_815X350.png\",\"keywords\":[\"creativit\u00e0 ed esperienze attive\",\"cultura contemporanea e design\",\"performing arts\"],\"articleSection\":[\"News\"],\"inLanguage\":\"it-IT\"},{\"@type\":\"WebPage\",\"@id\":\"https:\\\/\\\/www.compagniadisanpaolo.it\\\/it\\\/news\\\/torino-si-riaccende-con-il-contemporaneo\\\/\",\"url\":\"https:\\\/\\\/www.compagniadisanpaolo.it\\\/it\\\/news\\\/torino-si-riaccende-con-il-contemporaneo\\\/\",\"name\":\"Torino \u201csi riaccende\u201d con il contemporaneo - Fondazione Compagnia di San Paolo\",\"isPartOf\":{\"@id\":\"https:\\\/\\\/www.compagniadisanpaolo.it\\\/it\\\/#website\"},\"primaryImageOfPage\":{\"@id\":\"https:\\\/\\\/www.compagniadisanpaolo.it\\\/it\\\/news\\\/torino-si-riaccende-con-il-contemporaneo\\\/#primaryimage\"},\"image\":{\"@id\":\"https:\\\/\\\/www.compagniadisanpaolo.it\\\/it\\\/news\\\/torino-si-riaccende-con-il-contemporaneo\\\/#primaryimage\"},\"thumbnailUrl\":\"https:\\\/\\\/www.compagniadisanpaolo.it\\\/wp-content\\\/uploads\\\/CSP-Articolo-Contemporaneo-2024_815X350.png\",\"datePublished\":\"2024-10-24T15:27:54+00:00\",\"dateModified\":\"2024-10-25T13:11:37+00:00\",\"description\":\"Il Capoluogo piemontese torna a immergersi in un periodo ricco di eventi e manifestazioni dedicate a celebrare la cultura contemporanea.\",\"breadcrumb\":{\"@id\":\"https:\\\/\\\/www.compagniadisanpaolo.it\\\/it\\\/news\\\/torino-si-riaccende-con-il-contemporaneo\\\/#breadcrumb\"},\"inLanguage\":\"it-IT\",\"potentialAction\":[{\"@type\":\"ReadAction\",\"target\":[\"https:\\\/\\\/www.compagniadisanpaolo.it\\\/it\\\/news\\\/torino-si-riaccende-con-il-contemporaneo\\\/\"]}]},{\"@type\":\"ImageObject\",\"inLanguage\":\"it-IT\",\"@id\":\"https:\\\/\\\/www.compagniadisanpaolo.it\\\/it\\\/news\\\/torino-si-riaccende-con-il-contemporaneo\\\/#primaryimage\",\"url\":\"https:\\\/\\\/www.compagniadisanpaolo.it\\\/wp-content\\\/uploads\\\/CSP-Articolo-Contemporaneo-2024_815X350.png\",\"contentUrl\":\"https:\\\/\\\/www.compagniadisanpaolo.it\\\/wp-content\\\/uploads\\\/CSP-Articolo-Contemporaneo-2024_815X350.png\",\"width\":815,\"height\":350},{\"@type\":\"BreadcrumbList\",\"@id\":\"https:\\\/\\\/www.compagniadisanpaolo.it\\\/it\\\/news\\\/torino-si-riaccende-con-il-contemporaneo\\\/#breadcrumb\",\"itemListElement\":[{\"@type\":\"ListItem\",\"position\":1,\"name\":\"Home\",\"item\":\"https:\\\/\\\/www.compagniadisanpaolo.it\\\/it\\\/\"},{\"@type\":\"ListItem\",\"position\":2,\"name\":\"Torino \u201csi riaccende\u201d con il contemporaneo\"}]},{\"@type\":\"WebSite\",\"@id\":\"https:\\\/\\\/www.compagniadisanpaolo.it\\\/it\\\/#website\",\"url\":\"https:\\\/\\\/www.compagniadisanpaolo.it\\\/it\\\/\",\"name\":\"Fondazione Compagnia di San Paolo\",\"description\":\"\",\"publisher\":{\"@id\":\"https:\\\/\\\/www.compagniadisanpaolo.it\\\/it\\\/#organization\"},\"potentialAction\":[{\"@type\":\"SearchAction\",\"target\":{\"@type\":\"EntryPoint\",\"urlTemplate\":\"https:\\\/\\\/www.compagniadisanpaolo.it\\\/it\\\/?s={search_term_string}\"},\"query-input\":{\"@type\":\"PropertyValueSpecification\",\"valueRequired\":true,\"valueName\":\"search_term_string\"}}],\"inLanguage\":\"it-IT\"},{\"@type\":\"Organization\",\"@id\":\"https:\\\/\\\/www.compagniadisanpaolo.it\\\/it\\\/#organization\",\"name\":\"Fondazione Compagnia di San Paolo\",\"url\":\"https:\\\/\\\/www.compagniadisanpaolo.it\\\/it\\\/\",\"logo\":{\"@type\":\"ImageObject\",\"inLanguage\":\"it-IT\",\"@id\":\"https:\\\/\\\/www.compagniadisanpaolo.it\\\/it\\\/#\\\/schema\\\/logo\\\/image\\\/\",\"url\":\"https:\\\/\\\/www.compagniadisanpaolo.it\\\/wp-content\\\/uploads\\\/logo.svg\",\"contentUrl\":\"https:\\\/\\\/www.compagniadisanpaolo.it\\\/wp-content\\\/uploads\\\/logo.svg\",\"width\":769,\"height\":323,\"caption\":\"Fondazione Compagnia di San Paolo\"},\"image\":{\"@id\":\"https:\\\/\\\/www.compagniadisanpaolo.it\\\/it\\\/#\\\/schema\\\/logo\\\/image\\\/\"},\"sameAs\":[\"https:\\\/\\\/www.facebook.com\\\/CompagniaDiSanPaolo\",\"https:\\\/\\\/x.com\\\/CSP_live\",\"http:\\\/\\\/instagram.com\\\/compagniadisanpaolo?ref=badge\",\"https:\\\/\\\/www.linkedin.com\\\/company\\\/compagnia-di-san-paolo\",\"https:\\\/\\\/www.youtube.com\\\/user\\\/compagniadisanpaolo\",\"https:\\\/\\\/it.wikipedia.org\\\/wiki\\\/Compagnia_di_San_Paolo\"]},{\"@type\":\"Person\",\"@id\":\"https:\\\/\\\/www.compagniadisanpaolo.it\\\/it\\\/#\\\/schema\\\/person\\\/b7d5451541c25c82f29c5be1e78456b2\",\"name\":\"Federica\",\"image\":{\"@type\":\"ImageObject\",\"inLanguage\":\"it-IT\",\"@id\":\"https:\\\/\\\/secure.gravatar.com\\\/avatar\\\/b5698fa13ac389b1f1fb1263a4626e219d853d7ccf112e854aea8c9c087d24ae?s=96&d=mm&r=g\",\"url\":\"https:\\\/\\\/secure.gravatar.com\\\/avatar\\\/b5698fa13ac389b1f1fb1263a4626e219d853d7ccf112e854aea8c9c087d24ae?s=96&d=mm&r=g\",\"contentUrl\":\"https:\\\/\\\/secure.gravatar.com\\\/avatar\\\/b5698fa13ac389b1f1fb1263a4626e219d853d7ccf112e854aea8c9c087d24ae?s=96&d=mm&r=g\",\"caption\":\"Federica\"}}]}<\/script>\n<!-- \/ Yoast SEO plugin. -->","yoast_head_json":{"title":"Torino \u201csi riaccende\u201d con il contemporaneo - Fondazione Compagnia di San Paolo","description":"Il Capoluogo piemontese torna a immergersi in un periodo ricco di eventi e manifestazioni dedicate a celebrare la cultura contemporanea.","robots":{"index":"index","follow":"follow","max-snippet":"max-snippet:-1","max-image-preview":"max-image-preview:large","max-video-preview":"max-video-preview:-1"},"canonical":"https:\/\/www.compagniadisanpaolo.it\/it\/news\/torino-si-riaccende-con-il-contemporaneo\/","og_locale":"it_IT","og_type":"article","og_title":"Torino \u201csi riaccende\u201d con il contemporaneo - Fondazione Compagnia di San Paolo","og_description":"Il Capoluogo piemontese torna a immergersi in un periodo ricco di eventi e manifestazioni dedicate a celebrare la cultura contemporanea.","og_url":"https:\/\/www.compagniadisanpaolo.it\/it\/news\/torino-si-riaccende-con-il-contemporaneo\/","og_site_name":"Fondazione Compagnia di San Paolo","article_publisher":"https:\/\/www.facebook.com\/CompagniaDiSanPaolo","article_published_time":"2024-10-24T15:27:54+00:00","article_modified_time":"2024-10-25T13:11:37+00:00","og_image":[{"width":815,"height":350,"url":"https:\/\/www.compagniadisanpaolo.it\/wp-content\/uploads\/CSP-Articolo-Contemporaneo-2024_815X350.png","type":"image\/png"}],"author":"Federica","twitter_card":"summary_large_image","twitter_creator":"@CSP_live","twitter_site":"@CSP_live","twitter_misc":{"Scritto da":"Federica","Tempo di lettura stimato":"5 minuti"},"schema":{"@context":"https:\/\/schema.org","@graph":[{"@type":"Article","@id":"https:\/\/www.compagniadisanpaolo.it\/it\/news\/torino-si-riaccende-con-il-contemporaneo\/#article","isPartOf":{"@id":"https:\/\/www.compagniadisanpaolo.it\/it\/news\/torino-si-riaccende-con-il-contemporaneo\/"},"author":{"name":"Federica","@id":"https:\/\/www.compagniadisanpaolo.it\/it\/#\/schema\/person\/b7d5451541c25c82f29c5be1e78456b2"},"headline":"Torino \u201csi riaccende\u201d con il contemporaneo","datePublished":"2024-10-24T15:27:54+00:00","dateModified":"2024-10-25T13:11:37+00:00","mainEntityOfPage":{"@id":"https:\/\/www.compagniadisanpaolo.it\/it\/news\/torino-si-riaccende-con-il-contemporaneo\/"},"wordCount":980,"publisher":{"@id":"https:\/\/www.compagniadisanpaolo.it\/it\/#organization"},"image":{"@id":"https:\/\/www.compagniadisanpaolo.it\/it\/news\/torino-si-riaccende-con-il-contemporaneo\/#primaryimage"},"thumbnailUrl":"https:\/\/www.compagniadisanpaolo.it\/wp-content\/uploads\/CSP-Articolo-Contemporaneo-2024_815X350.png","keywords":["creativit\u00e0 ed esperienze attive","cultura contemporanea e design","performing arts"],"articleSection":["News"],"inLanguage":"it-IT"},{"@type":"WebPage","@id":"https:\/\/www.compagniadisanpaolo.it\/it\/news\/torino-si-riaccende-con-il-contemporaneo\/","url":"https:\/\/www.compagniadisanpaolo.it\/it\/news\/torino-si-riaccende-con-il-contemporaneo\/","name":"Torino \u201csi riaccende\u201d con il contemporaneo - Fondazione Compagnia di San Paolo","isPartOf":{"@id":"https:\/\/www.compagniadisanpaolo.it\/it\/#website"},"primaryImageOfPage":{"@id":"https:\/\/www.compagniadisanpaolo.it\/it\/news\/torino-si-riaccende-con-il-contemporaneo\/#primaryimage"},"image":{"@id":"https:\/\/www.compagniadisanpaolo.it\/it\/news\/torino-si-riaccende-con-il-contemporaneo\/#primaryimage"},"thumbnailUrl":"https:\/\/www.compagniadisanpaolo.it\/wp-content\/uploads\/CSP-Articolo-Contemporaneo-2024_815X350.png","datePublished":"2024-10-24T15:27:54+00:00","dateModified":"2024-10-25T13:11:37+00:00","description":"Il Capoluogo piemontese torna a immergersi in un periodo ricco di eventi e manifestazioni dedicate a celebrare la cultura contemporanea.","breadcrumb":{"@id":"https:\/\/www.compagniadisanpaolo.it\/it\/news\/torino-si-riaccende-con-il-contemporaneo\/#breadcrumb"},"inLanguage":"it-IT","potentialAction":[{"@type":"ReadAction","target":["https:\/\/www.compagniadisanpaolo.it\/it\/news\/torino-si-riaccende-con-il-contemporaneo\/"]}]},{"@type":"ImageObject","inLanguage":"it-IT","@id":"https:\/\/www.compagniadisanpaolo.it\/it\/news\/torino-si-riaccende-con-il-contemporaneo\/#primaryimage","url":"https:\/\/www.compagniadisanpaolo.it\/wp-content\/uploads\/CSP-Articolo-Contemporaneo-2024_815X350.png","contentUrl":"https:\/\/www.compagniadisanpaolo.it\/wp-content\/uploads\/CSP-Articolo-Contemporaneo-2024_815X350.png","width":815,"height":350},{"@type":"BreadcrumbList","@id":"https:\/\/www.compagniadisanpaolo.it\/it\/news\/torino-si-riaccende-con-il-contemporaneo\/#breadcrumb","itemListElement":[{"@type":"ListItem","position":1,"name":"Home","item":"https:\/\/www.compagniadisanpaolo.it\/it\/"},{"@type":"ListItem","position":2,"name":"Torino \u201csi riaccende\u201d con il contemporaneo"}]},{"@type":"WebSite","@id":"https:\/\/www.compagniadisanpaolo.it\/it\/#website","url":"https:\/\/www.compagniadisanpaolo.it\/it\/","name":"Fondazione Compagnia di San Paolo","description":"","publisher":{"@id":"https:\/\/www.compagniadisanpaolo.it\/it\/#organization"},"potentialAction":[{"@type":"SearchAction","target":{"@type":"EntryPoint","urlTemplate":"https:\/\/www.compagniadisanpaolo.it\/it\/?s={search_term_string}"},"query-input":{"@type":"PropertyValueSpecification","valueRequired":true,"valueName":"search_term_string"}}],"inLanguage":"it-IT"},{"@type":"Organization","@id":"https:\/\/www.compagniadisanpaolo.it\/it\/#organization","name":"Fondazione Compagnia di San Paolo","url":"https:\/\/www.compagniadisanpaolo.it\/it\/","logo":{"@type":"ImageObject","inLanguage":"it-IT","@id":"https:\/\/www.compagniadisanpaolo.it\/it\/#\/schema\/logo\/image\/","url":"https:\/\/www.compagniadisanpaolo.it\/wp-content\/uploads\/logo.svg","contentUrl":"https:\/\/www.compagniadisanpaolo.it\/wp-content\/uploads\/logo.svg","width":769,"height":323,"caption":"Fondazione Compagnia di San Paolo"},"image":{"@id":"https:\/\/www.compagniadisanpaolo.it\/it\/#\/schema\/logo\/image\/"},"sameAs":["https:\/\/www.facebook.com\/CompagniaDiSanPaolo","https:\/\/x.com\/CSP_live","http:\/\/instagram.com\/compagniadisanpaolo?ref=badge","https:\/\/www.linkedin.com\/company\/compagnia-di-san-paolo","https:\/\/www.youtube.com\/user\/compagniadisanpaolo","https:\/\/it.wikipedia.org\/wiki\/Compagnia_di_San_Paolo"]},{"@type":"Person","@id":"https:\/\/www.compagniadisanpaolo.it\/it\/#\/schema\/person\/b7d5451541c25c82f29c5be1e78456b2","name":"Federica","image":{"@type":"ImageObject","inLanguage":"it-IT","@id":"https:\/\/secure.gravatar.com\/avatar\/b5698fa13ac389b1f1fb1263a4626e219d853d7ccf112e854aea8c9c087d24ae?s=96&d=mm&r=g","url":"https:\/\/secure.gravatar.com\/avatar\/b5698fa13ac389b1f1fb1263a4626e219d853d7ccf112e854aea8c9c087d24ae?s=96&d=mm&r=g","contentUrl":"https:\/\/secure.gravatar.com\/avatar\/b5698fa13ac389b1f1fb1263a4626e219d853d7ccf112e854aea8c9c087d24ae?s=96&d=mm&r=g","caption":"Federica"}}]}},"amp_enabled":true,"_links":{"self":[{"href":"https:\/\/www.compagniadisanpaolo.it\/it\/wp-json\/wp\/v2\/posts\/32146","targetHints":{"allow":["GET"]}}],"collection":[{"href":"https:\/\/www.compagniadisanpaolo.it\/it\/wp-json\/wp\/v2\/posts"}],"about":[{"href":"https:\/\/www.compagniadisanpaolo.it\/it\/wp-json\/wp\/v2\/types\/post"}],"author":[{"embeddable":true,"href":"https:\/\/www.compagniadisanpaolo.it\/it\/wp-json\/wp\/v2\/users\/19"}],"replies":[{"embeddable":true,"href":"https:\/\/www.compagniadisanpaolo.it\/it\/wp-json\/wp\/v2\/comments?post=32146"}],"version-history":[{"count":5,"href":"https:\/\/www.compagniadisanpaolo.it\/it\/wp-json\/wp\/v2\/posts\/32146\/revisions"}],"predecessor-version":[{"id":32207,"href":"https:\/\/www.compagniadisanpaolo.it\/it\/wp-json\/wp\/v2\/posts\/32146\/revisions\/32207"}],"wp:featuredmedia":[{"embeddable":true,"href":"https:\/\/www.compagniadisanpaolo.it\/it\/wp-json\/wp\/v2\/media\/32153"}],"wp:attachment":[{"href":"https:\/\/www.compagniadisanpaolo.it\/it\/wp-json\/wp\/v2\/media?parent=32146"}],"wp:term":[{"taxonomy":"category","embeddable":true,"href":"https:\/\/www.compagniadisanpaolo.it\/it\/wp-json\/wp\/v2\/categories?post=32146"},{"taxonomy":"post_tag","embeddable":true,"href":"https:\/\/www.compagniadisanpaolo.it\/it\/wp-json\/wp\/v2\/tags?post=32146"}],"curies":[{"name":"wp","href":"https:\/\/api.w.org\/{rel}","templated":true}]}}