{"id":31728,"date":"2024-10-08T15:38:27","date_gmt":"2024-10-08T13:38:27","guid":{"rendered":"https:\/\/www.compagniadisanpaolo.it\/?p=31728"},"modified":"2024-10-11T15:27:28","modified_gmt":"2024-10-11T13:27:28","slug":"torino-design-city-2024","status":"publish","type":"post","link":"https:\/\/www.compagniadisanpaolo.it\/it\/news\/torino-design-city-2024\/","title":{"rendered":"Torino Design City 2024"},"content":{"rendered":"<div class=\"wpb-content-wrapper\">[vc_row][vc_column][vc_column_text el_class=&#8221;text-headline2&#8243;]Si \u00e8 tenuta questa mattina la conferenza stampa di lancio di Torino Design City, l\u2019evento che animer\u00e0 il capoluogo piemontese nel corso del mese di ottobre 2024. La Fondazione Compagnia di San Paolo \u00e8 tra i principali sostenitori di questa iniziativa, che celebra il Decennale della nomina di Torino a Citt\u00e0 Creativa UNESCO del Design.[\/vc_column_text][\/vc_column][\/vc_row][vc_row][vc_column][vc_column_text]\n<div class=\"info-box mission\">\n\t\t<div class=\"info-box-wrap info-box-hor row pb-0\">\n\n\t\t      \n\t\t      <div class=\"spalla col-12 col-md-12\">\n\t\t\t<div class=\"info-box sharing-box\">\n\t\t\t  <span class=\"label\">Condividi:<\/span>\n\t\t\t  <div class=\"social-sharing\">\n\t\t\t    <span class=\"box\">\n\t\t\t      <a class=\"fb\" href=\"https:\/\/www.facebook.com\/sharer.php?u=https:\/\/www.compagniadisanpaolo.it\/it\/news\/torino-design-city-2024\/\" target=\"_blank\">\n\t\t\t\t<span class=\"sr-only\">Facebook<\/span>\n\t\t\t\t<i class=\"fab fa-facebook-f\"><\/i>\n\t\t\t      <\/a>\n\t\t\t    <\/span>\n\t\t\t    \n\t\t\t    <style>\n.twitter, .twitter:hover{\ncolor:#000000 !important;}\n<\/style>\n\n\n\t\t\t    <span class=\"box\">\n\t\t\t      <a class=\"twitter\" href=\"https:\/\/twitter.com\/intent\/tweet?url=https:\/\/www.compagniadisanpaolo.it\/it\/news\/torino-design-city-2024\/\">\n\t\t\t\t<span class=\"sr-only\">Twitter<\/span>\n\t\t\t\t<i class=\"fa-brands fa-x-twitter\"><\/i>\n\t\t\t      <\/a>\n\t\t\t    <\/span>\n\n\t\t\t    \n\t\t\t    <span class=\"box\">\n\t\t\t      <a class=\"linkedin\" href=\"https:\/\/www.linkedin.com\/shareArticle?mini=true&url=https:\/\/www.compagniadisanpaolo.it\/it\/news\/torino-design-city-2024\/\">\n\t\t\t\t<span class=\"sr-only\">Linkedin<\/span>\n\t\t\t\t  <i class=\"fa-brands fa-linkedin-in\"><\/i>\n\t\t\t      <\/a>\n\t\t\t    <\/span>\n\n\t\t\t    <span class=\"box\">\n\t\t\t      <a class=\"whatsapp\" href=\"whatsapp:\/\/send?text=https:\/\/www.compagniadisanpaolo.it\/it\/news\/torino-design-city-2024\/\" data-action=\"share\/whatsapp\/share\">\n\t\t\t\t<span class=\"sr-only\">Whatsapp<\/span>\n\t\t\t\t<i class=\"fa-brands fa-whatsapp\"><\/i>\n\t\t\t      <\/a>\n\t\t\t    <\/span>\n\n\t\t\t    <span class=\"box\">\n\t\t\t      <a class=\"mail\" href=\"mailto:?subject=Torino Design City 2024&body=https:\/\/www.compagniadisanpaolo.it\/it\/news\/torino-design-city-2024\/\">\n\t\t\t\t<span class=\"sr-only\">Mail<\/span>\n\t\t\t\t <i class=\"fa-solid fa-envelope\"><\/i>\n\t\t\t      <\/a>\n\t\t\t    <\/span>\n\t\t\t    \n\t\t\t  <\/div>\n\t\t\t<\/div>\n\t      <\/div>\n\t    <\/div><\/div>\n[\/vc_column_text][\/vc_column][\/vc_row][vc_row][vc_column width=&#8221;1\/4&#8243;][vc_column_text]\n\n\n\t\t<div class=\"info-box-wrap\">\n\n\t  <div class=\"info-box date-pub\">\n\t  \t<span class=\"label\">Data di pubblicazione:<\/span>\n\t    <span class=\"value\">8 Ottobre 2024<\/span>\n\t  <\/div>\n\t\t\t\t  <div class=\"info-box obj-culture\">\n\t\t\t\t\t  <div class=\"info-box obj\"><span class=\"label\">Obiettivo<\/span>\n\t\t\t\t\t    <div class=\"obj-small-box\">\n\t\t\t\t\t      <span>Cultura.<\/span>\n\t\t\t\t\t    <\/div>\n\t\t\t\t\t  <\/div>\n\t\t\t\t  <\/div>\n\t\t\t  <div class=\"info-box mission\"><span class=\"label\">Tag<\/span><a href=\"https:\/\/www.compagniadisanpaolo.it\/it\/tags\/risultati\/?_sft_post_tag=creativita-ed-esperienze-attive\" class=\"tag-element\">Creativit\u00e0 ed esperienze attive<\/a><a href=\"https:\/\/www.compagniadisanpaolo.it\/it\/tags\/risultati\/?_sft_post_tag=cultura-contemporanea-e-design\" class=\"tag-element\">Cultura contemporanea e design<\/a><\/div>\t  \n\t<\/div>\n[\/vc_column_text][\/vc_column][vc_column width=&#8221;3\/4&#8243; el_class=&#8221;page-content&#8221;][vc_column_text el_class=&#8221;text&#8221;]Nel mese di ottobre, attraverso <strong>Design City<\/strong>, <strong>Torino<\/strong> si prepara a celebrare il <strong>Decennale della nomina a Citt\u00e0 Creativa UNESCO del Design<\/strong>, un prestigioso riconoscimento che mette in luce l&#8217;impegno della citt\u00e0 nel <strong>promuovere la cultura del design<\/strong> come strumento per l&#8217;innovazione, la creativit\u00e0 e lo sviluppo sostenibile.<\/p>\n<p>Dal <strong>13 al 26 ottobre 2024<\/strong> la Citt\u00e0 offrir\u00e0 un palinsesto di appuntamenti gratuiti con il principale obiettivo di promuovere il riconoscimento ricevuto dall\u2019UNESCO e raccontare le diverse declinazioni del Design torinese. Grazie al <strong>sostegno di Fondazione Compagnia di San Paolo, Camera di commercio<\/strong>, <strong>Fondazione CRT <\/strong>e con il <strong>supporto del Politecnico<\/strong>, la manifestazione offrir\u00e0 una serie di iniziative realizzate da <strong>Urban<\/strong> <strong>Lab<\/strong> e <strong>Turismo<\/strong> <strong>Torino<\/strong> <strong>e<\/strong> <strong>Provincia<\/strong> in collaborazione con il <strong>Circolo del Design<\/strong> e il <strong>Polo del \u2018900<\/strong>, con il contributo del <strong>Ministero del Turismo<\/strong>.<\/p>\n<p><strong>la Fondazione, nell\u2019ambito della Missione Creare Attrattivit\u00e0 dell\u2019Obiettivo Cultura, guarda al design come asset strategico <\/strong>\u00a0<strong>per rafforzare l&#8217;identit\u00e0 culturale di Torino<\/strong>, contribuendo al contempo allo sviluppo economico e sociale del territorio.<\/p>\n<p>Le celebrazioni per questo Decennale non si limiteranno a un evento isolato, ma si estenderanno a un ampio <strong>calendario di iniziative destinate a coinvolgere la cittadinanza e a valorizzare il design in tutte le sue forme<\/strong>. Saranno previsti <strong>incontri dedicati a raccontare le imprese iconiche del territorio<\/strong>, oltre a <strong>talk<\/strong> con importanti <strong>designer<\/strong> e ospiti internazionali. Inoltre, verr\u00e0 presentata la nuova <strong>Mappa del Design a Torino<\/strong>, a cura di Urban Lab, Circolo del Design e Turismo Torino e Provincia. Una vera e propria guida del sistema del design torinese, utile a rendere accessibili i luoghi e le storie legate a questa importante disciplina, a supporto della promozione e del turismo.<\/p>\n<p>La manifestazione prevede inoltre la realizzazione di <strong>itinerari tematici<\/strong> che permetteranno di scoprire il design a Torino, coinvolgendo in particolare gli studenti e i cittadini, affinch\u00e9 possano diventare veri ambasciatori della citt\u00e0.<\/p>\n<p>Tra le iniziative in programma, si prevede una <strong>mostra diffusa che si svolger\u00e0 dal 14 al 30 ottobre<\/strong> sotto i portici del centro, per celebrare l&#8217;arte e la creativit\u00e0 torinese. Non mancheranno anche <strong>attivit\u00e0 formative e workshop<\/strong> condotti da architetti e designer, mirati a stimolare la formazione delle nuove generazioni di professionisti nel settore.<\/p>\n<p>Queste iniziative si inseriscono in una strategia a lungo termine che mira a rafforzare la cultura del design a Torino, creando sinergie tra le istituzioni e i professionisti del settore. Con un approccio inclusivo e collaborativo, la <strong>Fondazione Compagnia di San Paolo<\/strong> intende contribuire in modo significativo a questo importante capitolo della storia torinese, creando nuove opportunit\u00e0 e valorizzando l&#8217;eredit\u00e0 culturale della citt\u00e0.<\/p>\n<p>La <strong>Fondazione Compagnia di San Paolo, <\/strong>tra i sostenitori di <em>Torino Design City<\/em> &#8211; crede fermamente che il design possa fungere da catalizzatore per l&#8217;innovazione, non solo nel settore creativo, ma anche nell&#8217;ambito della sostenibilit\u00e0 e della rigenerazione urbana.<\/p>\n<p>Ed \u00e8 proprio in quest\u2019ottica che l\u2019Ente, partecipa attivamente al <strong>Tavolo Consultivo del Design<\/strong>, un gruppo composto da oltre 50 membri tra istituzioni pubbliche e private, associazioni di categoria e designer, impegnato a promuovere un ecosistema collaborativo e inclusivo.<\/p>\n<p>Le attivit\u00e0 previste per celebrare il decennale <strong>della nomina di Torino a Citt\u00e0 Creativa UNESCO del Design<\/strong> non si limiteranno al 2024, ma daranno avvio a un calendario che si estender\u00e0 fino all&#8217;autunno 2025, unendo eventi promossi anche da altri soggetti.<\/p>\n<p>Per maggiori informazioni vi invitiamo a consultare il comunicato stampa disponibile di seguito.<\/p>\n<p>L\u2019evento inaugurale di <em>Torino Design City<\/em> \u00e8 previsto per <strong>domenica 13 ottobre<\/strong> a partire dalle ore 16:00 presso i Giardini Reali. Il calendario completo, con il dettaglio dei singoli appuntamenti previsti dalla manifestazione \u00e8 invece consultabile sul sito <strong><a href=\"https:\/\/www.torinodesigncity.it\/programma2024\/\" target=\"_blank\" rel=\"noopener\">www.torinodesigncity.it<\/a><\/strong>.[\/vc_column_text][\/vc_column][\/vc_row][vc_row el_class=&#8221;sdg-list-wrap&#8221;][vc_column][vc_raw_html]JTVCbW9zdHJhU0RHUyU1RA==[\/vc_raw_html][\/vc_column][\/vc_row][vc_row disable_element=&#8221;yes&#8221;][vc_column][vc_raw_html]JTVCU2V6aW9uZV9Eb2N1bWVudGklNUQ=[\/vc_raw_html][\/vc_column][\/vc_row][vc_row][vc_column]<div class=\"templatera_shortcode\"><div data-vc-full-width=\"true\" data-vc-full-width-temp=\"true\" data-vc-full-width-init=\"false\" class=\"vc_row wpb_row vc_row-fluid newsletter-wrap\"><div class=\"wpb_column vc_column_container vc_col-sm-12\"><div class=\"vc_column-inner\"><div class=\"wpb_wrapper\">\n\t<div class=\"wpb_raw_code wpb_raw_html wpb_content_element\" >\n\t\t<div class=\"wpb_wrapper\">\n\t\t\t    <div class=\"container\">\n      <div class=\"row align-items-center\">\n\t<div class=\"col-12 col-lg-6 col-xl-5 mb-3 mb-lg-0 pr-0\">\n\t  <h2 class=\"title\">Rimani aggiornato sui nostri bandi e sui nostri progetti<\/h2>\n\t<\/div>\n\t<div class=\"col-12 col-lg-6 col-xl-7 pl-xl-4\">\n\t  <a class=\"standard-link-block\" href=\"\/it\/newsletter\/\">\n\t    Compila il form e decidi su quale argomento vuoi ricevere notizie.\t    <strong>\u00a0 ISCRIVITI!<\/strong>\n\t  <\/a>\n\t<\/div>\n      <\/div>\n    <\/div>\n\t\t<\/div>\n\t<\/div>\n<\/div><\/div><\/div><\/div><div class=\"vc_row-full-width vc_clearfix\"><\/div><\/div>[\/vc_column][\/vc_row]\n<\/div>","protected":false},"excerpt":{"rendered":"<p>Si \u00e8 tenuta questa mattina la conferenza stampa di lancio di Torino Design City, l\u2019evento che animer\u00e0 il capoluogo piemontese nel corso del mese di ottobre 2024. La Fondazione Compagnia di San Paolo \u00e8 tra i principali sostenitori di questa iniziativa, che celebra il Decennale della nomina di Torino a Citt\u00e0 Creativa UNESCO del Design.<\/p>\n","protected":false},"author":19,"featured_media":31732,"comment_status":"closed","ping_status":"closed","sticky":false,"template":"","format":"standard","meta":{"_acf_changed":false,"content-type":"","footnotes":""},"categories":[17],"tags":[63,86],"class_list":["post-31728","post","type-post","status-publish","format-standard","has-post-thumbnail","hentry","category-news","tag-creativita-ed-esperienze-attive","tag-cultura-contemporanea-e-design","entry","post-inner"],"acf":[],"yoast_head":"<!-- This site is optimized with the Yoast SEO plugin v27.3 - https:\/\/yoast.com\/product\/yoast-seo-wordpress\/ -->\n<title>Torino Design City 2024 - Fondazione Compagnia di San Paolo<\/title>\n<meta name=\"description\" content=\"Si \u00e8 tenuta questa mattina la conferenza stampa di lancio di Torino Design City, l\u2019evento che animer\u00e0 il capoluogo piemontese nel corso del mese di ottobre 2024.\" \/>\n<meta name=\"robots\" content=\"index, follow, max-snippet:-1, max-image-preview:large, max-video-preview:-1\" \/>\n<link rel=\"canonical\" href=\"https:\/\/www.compagniadisanpaolo.it\/it\/news\/torino-design-city-2024\/\" \/>\n<meta property=\"og:locale\" content=\"it_IT\" \/>\n<meta property=\"og:type\" content=\"article\" \/>\n<meta property=\"og:title\" content=\"Torino Design City 2024 - Fondazione Compagnia di San Paolo\" \/>\n<meta property=\"og:description\" content=\"Si \u00e8 tenuta questa mattina la conferenza stampa di lancio di Torino Design City, l\u2019evento che animer\u00e0 il capoluogo piemontese nel corso del mese di ottobre 2024.\" \/>\n<meta property=\"og:url\" content=\"https:\/\/www.compagniadisanpaolo.it\/it\/news\/torino-design-city-2024\/\" \/>\n<meta property=\"og:site_name\" content=\"Fondazione Compagnia di San Paolo\" \/>\n<meta property=\"article:publisher\" content=\"https:\/\/www.facebook.com\/CompagniaDiSanPaolo\" \/>\n<meta property=\"article:published_time\" content=\"2024-10-08T13:38:27+00:00\" \/>\n<meta property=\"article:modified_time\" content=\"2024-10-11T13:27:28+00:00\" \/>\n<meta property=\"og:image\" content=\"https:\/\/www.compagniadisanpaolo.it\/wp-content\/uploads\/NEWS-csp_Torino_design_city.png\" \/>\n\t<meta property=\"og:image:width\" content=\"1698\" \/>\n\t<meta property=\"og:image:height\" content=\"729\" \/>\n\t<meta property=\"og:image:type\" content=\"image\/png\" \/>\n<meta name=\"author\" content=\"Federica\" \/>\n<meta name=\"twitter:card\" content=\"summary_large_image\" \/>\n<meta name=\"twitter:creator\" content=\"@CSP_live\" \/>\n<meta name=\"twitter:site\" content=\"@CSP_live\" \/>\n<meta name=\"twitter:label1\" content=\"Scritto da\" \/>\n\t<meta name=\"twitter:data1\" content=\"Federica\" \/>\n\t<meta name=\"twitter:label2\" content=\"Tempo di lettura stimato\" \/>\n\t<meta name=\"twitter:data2\" content=\"4 minuti\" \/>\n<script type=\"application\/ld+json\" class=\"yoast-schema-graph\">{\"@context\":\"https:\\\/\\\/schema.org\",\"@graph\":[{\"@type\":\"Article\",\"@id\":\"https:\\\/\\\/www.compagniadisanpaolo.it\\\/it\\\/news\\\/torino-design-city-2024\\\/#article\",\"isPartOf\":{\"@id\":\"https:\\\/\\\/www.compagniadisanpaolo.it\\\/it\\\/news\\\/torino-design-city-2024\\\/\"},\"author\":{\"name\":\"Federica\",\"@id\":\"https:\\\/\\\/www.compagniadisanpaolo.it\\\/it\\\/#\\\/schema\\\/person\\\/b7d5451541c25c82f29c5be1e78456b2\"},\"headline\":\"Torino Design City 2024\",\"datePublished\":\"2024-10-08T13:38:27+00:00\",\"dateModified\":\"2024-10-11T13:27:28+00:00\",\"mainEntityOfPage\":{\"@id\":\"https:\\\/\\\/www.compagniadisanpaolo.it\\\/it\\\/news\\\/torino-design-city-2024\\\/\"},\"wordCount\":767,\"publisher\":{\"@id\":\"https:\\\/\\\/www.compagniadisanpaolo.it\\\/it\\\/#organization\"},\"image\":{\"@id\":\"https:\\\/\\\/www.compagniadisanpaolo.it\\\/it\\\/news\\\/torino-design-city-2024\\\/#primaryimage\"},\"thumbnailUrl\":\"https:\\\/\\\/www.compagniadisanpaolo.it\\\/wp-content\\\/uploads\\\/NEWS-csp_Torino_design_city.png\",\"keywords\":[\"creativit\u00e0 ed esperienze attive\",\"cultura contemporanea e design\"],\"articleSection\":[\"News\"],\"inLanguage\":\"it-IT\"},{\"@type\":\"WebPage\",\"@id\":\"https:\\\/\\\/www.compagniadisanpaolo.it\\\/it\\\/news\\\/torino-design-city-2024\\\/\",\"url\":\"https:\\\/\\\/www.compagniadisanpaolo.it\\\/it\\\/news\\\/torino-design-city-2024\\\/\",\"name\":\"Torino Design City 2024 - Fondazione Compagnia di San Paolo\",\"isPartOf\":{\"@id\":\"https:\\\/\\\/www.compagniadisanpaolo.it\\\/it\\\/#website\"},\"primaryImageOfPage\":{\"@id\":\"https:\\\/\\\/www.compagniadisanpaolo.it\\\/it\\\/news\\\/torino-design-city-2024\\\/#primaryimage\"},\"image\":{\"@id\":\"https:\\\/\\\/www.compagniadisanpaolo.it\\\/it\\\/news\\\/torino-design-city-2024\\\/#primaryimage\"},\"thumbnailUrl\":\"https:\\\/\\\/www.compagniadisanpaolo.it\\\/wp-content\\\/uploads\\\/NEWS-csp_Torino_design_city.png\",\"datePublished\":\"2024-10-08T13:38:27+00:00\",\"dateModified\":\"2024-10-11T13:27:28+00:00\",\"description\":\"Si \u00e8 tenuta questa mattina la conferenza stampa di lancio di Torino Design City, l\u2019evento che animer\u00e0 il capoluogo piemontese nel corso del mese di ottobre 2024.\",\"breadcrumb\":{\"@id\":\"https:\\\/\\\/www.compagniadisanpaolo.it\\\/it\\\/news\\\/torino-design-city-2024\\\/#breadcrumb\"},\"inLanguage\":\"it-IT\",\"potentialAction\":[{\"@type\":\"ReadAction\",\"target\":[\"https:\\\/\\\/www.compagniadisanpaolo.it\\\/it\\\/news\\\/torino-design-city-2024\\\/\"]}]},{\"@type\":\"ImageObject\",\"inLanguage\":\"it-IT\",\"@id\":\"https:\\\/\\\/www.compagniadisanpaolo.it\\\/it\\\/news\\\/torino-design-city-2024\\\/#primaryimage\",\"url\":\"https:\\\/\\\/www.compagniadisanpaolo.it\\\/wp-content\\\/uploads\\\/NEWS-csp_Torino_design_city.png\",\"contentUrl\":\"https:\\\/\\\/www.compagniadisanpaolo.it\\\/wp-content\\\/uploads\\\/NEWS-csp_Torino_design_city.png\",\"width\":1698,\"height\":729},{\"@type\":\"BreadcrumbList\",\"@id\":\"https:\\\/\\\/www.compagniadisanpaolo.it\\\/it\\\/news\\\/torino-design-city-2024\\\/#breadcrumb\",\"itemListElement\":[{\"@type\":\"ListItem\",\"position\":1,\"name\":\"Home\",\"item\":\"https:\\\/\\\/www.compagniadisanpaolo.it\\\/it\\\/\"},{\"@type\":\"ListItem\",\"position\":2,\"name\":\"Torino Design City 2024\"}]},{\"@type\":\"WebSite\",\"@id\":\"https:\\\/\\\/www.compagniadisanpaolo.it\\\/it\\\/#website\",\"url\":\"https:\\\/\\\/www.compagniadisanpaolo.it\\\/it\\\/\",\"name\":\"Fondazione Compagnia di San Paolo\",\"description\":\"\",\"publisher\":{\"@id\":\"https:\\\/\\\/www.compagniadisanpaolo.it\\\/it\\\/#organization\"},\"potentialAction\":[{\"@type\":\"SearchAction\",\"target\":{\"@type\":\"EntryPoint\",\"urlTemplate\":\"https:\\\/\\\/www.compagniadisanpaolo.it\\\/it\\\/?s={search_term_string}\"},\"query-input\":{\"@type\":\"PropertyValueSpecification\",\"valueRequired\":true,\"valueName\":\"search_term_string\"}}],\"inLanguage\":\"it-IT\"},{\"@type\":\"Organization\",\"@id\":\"https:\\\/\\\/www.compagniadisanpaolo.it\\\/it\\\/#organization\",\"name\":\"Fondazione Compagnia di San Paolo\",\"url\":\"https:\\\/\\\/www.compagniadisanpaolo.it\\\/it\\\/\",\"logo\":{\"@type\":\"ImageObject\",\"inLanguage\":\"it-IT\",\"@id\":\"https:\\\/\\\/www.compagniadisanpaolo.it\\\/it\\\/#\\\/schema\\\/logo\\\/image\\\/\",\"url\":\"https:\\\/\\\/www.compagniadisanpaolo.it\\\/wp-content\\\/uploads\\\/logo.svg\",\"contentUrl\":\"https:\\\/\\\/www.compagniadisanpaolo.it\\\/wp-content\\\/uploads\\\/logo.svg\",\"width\":769,\"height\":323,\"caption\":\"Fondazione Compagnia di San Paolo\"},\"image\":{\"@id\":\"https:\\\/\\\/www.compagniadisanpaolo.it\\\/it\\\/#\\\/schema\\\/logo\\\/image\\\/\"},\"sameAs\":[\"https:\\\/\\\/www.facebook.com\\\/CompagniaDiSanPaolo\",\"https:\\\/\\\/x.com\\\/CSP_live\",\"http:\\\/\\\/instagram.com\\\/compagniadisanpaolo?ref=badge\",\"https:\\\/\\\/www.linkedin.com\\\/company\\\/compagnia-di-san-paolo\",\"https:\\\/\\\/www.youtube.com\\\/user\\\/compagniadisanpaolo\",\"https:\\\/\\\/it.wikipedia.org\\\/wiki\\\/Compagnia_di_San_Paolo\"]},{\"@type\":\"Person\",\"@id\":\"https:\\\/\\\/www.compagniadisanpaolo.it\\\/it\\\/#\\\/schema\\\/person\\\/b7d5451541c25c82f29c5be1e78456b2\",\"name\":\"Federica\",\"image\":{\"@type\":\"ImageObject\",\"inLanguage\":\"it-IT\",\"@id\":\"https:\\\/\\\/secure.gravatar.com\\\/avatar\\\/b5698fa13ac389b1f1fb1263a4626e219d853d7ccf112e854aea8c9c087d24ae?s=96&d=mm&r=g\",\"url\":\"https:\\\/\\\/secure.gravatar.com\\\/avatar\\\/b5698fa13ac389b1f1fb1263a4626e219d853d7ccf112e854aea8c9c087d24ae?s=96&d=mm&r=g\",\"contentUrl\":\"https:\\\/\\\/secure.gravatar.com\\\/avatar\\\/b5698fa13ac389b1f1fb1263a4626e219d853d7ccf112e854aea8c9c087d24ae?s=96&d=mm&r=g\",\"caption\":\"Federica\"}}]}<\/script>\n<!-- \/ Yoast SEO plugin. -->","yoast_head_json":{"title":"Torino Design City 2024 - Fondazione Compagnia di San Paolo","description":"Si \u00e8 tenuta questa mattina la conferenza stampa di lancio di Torino Design City, l\u2019evento che animer\u00e0 il capoluogo piemontese nel corso del mese di ottobre 2024.","robots":{"index":"index","follow":"follow","max-snippet":"max-snippet:-1","max-image-preview":"max-image-preview:large","max-video-preview":"max-video-preview:-1"},"canonical":"https:\/\/www.compagniadisanpaolo.it\/it\/news\/torino-design-city-2024\/","og_locale":"it_IT","og_type":"article","og_title":"Torino Design City 2024 - Fondazione Compagnia di San Paolo","og_description":"Si \u00e8 tenuta questa mattina la conferenza stampa di lancio di Torino Design City, l\u2019evento che animer\u00e0 il capoluogo piemontese nel corso del mese di ottobre 2024.","og_url":"https:\/\/www.compagniadisanpaolo.it\/it\/news\/torino-design-city-2024\/","og_site_name":"Fondazione Compagnia di San Paolo","article_publisher":"https:\/\/www.facebook.com\/CompagniaDiSanPaolo","article_published_time":"2024-10-08T13:38:27+00:00","article_modified_time":"2024-10-11T13:27:28+00:00","og_image":[{"width":1698,"height":729,"url":"https:\/\/www.compagniadisanpaolo.it\/wp-content\/uploads\/NEWS-csp_Torino_design_city.png","type":"image\/png"}],"author":"Federica","twitter_card":"summary_large_image","twitter_creator":"@CSP_live","twitter_site":"@CSP_live","twitter_misc":{"Scritto da":"Federica","Tempo di lettura stimato":"4 minuti"},"schema":{"@context":"https:\/\/schema.org","@graph":[{"@type":"Article","@id":"https:\/\/www.compagniadisanpaolo.it\/it\/news\/torino-design-city-2024\/#article","isPartOf":{"@id":"https:\/\/www.compagniadisanpaolo.it\/it\/news\/torino-design-city-2024\/"},"author":{"name":"Federica","@id":"https:\/\/www.compagniadisanpaolo.it\/it\/#\/schema\/person\/b7d5451541c25c82f29c5be1e78456b2"},"headline":"Torino Design City 2024","datePublished":"2024-10-08T13:38:27+00:00","dateModified":"2024-10-11T13:27:28+00:00","mainEntityOfPage":{"@id":"https:\/\/www.compagniadisanpaolo.it\/it\/news\/torino-design-city-2024\/"},"wordCount":767,"publisher":{"@id":"https:\/\/www.compagniadisanpaolo.it\/it\/#organization"},"image":{"@id":"https:\/\/www.compagniadisanpaolo.it\/it\/news\/torino-design-city-2024\/#primaryimage"},"thumbnailUrl":"https:\/\/www.compagniadisanpaolo.it\/wp-content\/uploads\/NEWS-csp_Torino_design_city.png","keywords":["creativit\u00e0 ed esperienze attive","cultura contemporanea e design"],"articleSection":["News"],"inLanguage":"it-IT"},{"@type":"WebPage","@id":"https:\/\/www.compagniadisanpaolo.it\/it\/news\/torino-design-city-2024\/","url":"https:\/\/www.compagniadisanpaolo.it\/it\/news\/torino-design-city-2024\/","name":"Torino Design City 2024 - Fondazione Compagnia di San Paolo","isPartOf":{"@id":"https:\/\/www.compagniadisanpaolo.it\/it\/#website"},"primaryImageOfPage":{"@id":"https:\/\/www.compagniadisanpaolo.it\/it\/news\/torino-design-city-2024\/#primaryimage"},"image":{"@id":"https:\/\/www.compagniadisanpaolo.it\/it\/news\/torino-design-city-2024\/#primaryimage"},"thumbnailUrl":"https:\/\/www.compagniadisanpaolo.it\/wp-content\/uploads\/NEWS-csp_Torino_design_city.png","datePublished":"2024-10-08T13:38:27+00:00","dateModified":"2024-10-11T13:27:28+00:00","description":"Si \u00e8 tenuta questa mattina la conferenza stampa di lancio di Torino Design City, l\u2019evento che animer\u00e0 il capoluogo piemontese nel corso del mese di ottobre 2024.","breadcrumb":{"@id":"https:\/\/www.compagniadisanpaolo.it\/it\/news\/torino-design-city-2024\/#breadcrumb"},"inLanguage":"it-IT","potentialAction":[{"@type":"ReadAction","target":["https:\/\/www.compagniadisanpaolo.it\/it\/news\/torino-design-city-2024\/"]}]},{"@type":"ImageObject","inLanguage":"it-IT","@id":"https:\/\/www.compagniadisanpaolo.it\/it\/news\/torino-design-city-2024\/#primaryimage","url":"https:\/\/www.compagniadisanpaolo.it\/wp-content\/uploads\/NEWS-csp_Torino_design_city.png","contentUrl":"https:\/\/www.compagniadisanpaolo.it\/wp-content\/uploads\/NEWS-csp_Torino_design_city.png","width":1698,"height":729},{"@type":"BreadcrumbList","@id":"https:\/\/www.compagniadisanpaolo.it\/it\/news\/torino-design-city-2024\/#breadcrumb","itemListElement":[{"@type":"ListItem","position":1,"name":"Home","item":"https:\/\/www.compagniadisanpaolo.it\/it\/"},{"@type":"ListItem","position":2,"name":"Torino Design City 2024"}]},{"@type":"WebSite","@id":"https:\/\/www.compagniadisanpaolo.it\/it\/#website","url":"https:\/\/www.compagniadisanpaolo.it\/it\/","name":"Fondazione Compagnia di San Paolo","description":"","publisher":{"@id":"https:\/\/www.compagniadisanpaolo.it\/it\/#organization"},"potentialAction":[{"@type":"SearchAction","target":{"@type":"EntryPoint","urlTemplate":"https:\/\/www.compagniadisanpaolo.it\/it\/?s={search_term_string}"},"query-input":{"@type":"PropertyValueSpecification","valueRequired":true,"valueName":"search_term_string"}}],"inLanguage":"it-IT"},{"@type":"Organization","@id":"https:\/\/www.compagniadisanpaolo.it\/it\/#organization","name":"Fondazione Compagnia di San Paolo","url":"https:\/\/www.compagniadisanpaolo.it\/it\/","logo":{"@type":"ImageObject","inLanguage":"it-IT","@id":"https:\/\/www.compagniadisanpaolo.it\/it\/#\/schema\/logo\/image\/","url":"https:\/\/www.compagniadisanpaolo.it\/wp-content\/uploads\/logo.svg","contentUrl":"https:\/\/www.compagniadisanpaolo.it\/wp-content\/uploads\/logo.svg","width":769,"height":323,"caption":"Fondazione Compagnia di San Paolo"},"image":{"@id":"https:\/\/www.compagniadisanpaolo.it\/it\/#\/schema\/logo\/image\/"},"sameAs":["https:\/\/www.facebook.com\/CompagniaDiSanPaolo","https:\/\/x.com\/CSP_live","http:\/\/instagram.com\/compagniadisanpaolo?ref=badge","https:\/\/www.linkedin.com\/company\/compagnia-di-san-paolo","https:\/\/www.youtube.com\/user\/compagniadisanpaolo","https:\/\/it.wikipedia.org\/wiki\/Compagnia_di_San_Paolo"]},{"@type":"Person","@id":"https:\/\/www.compagniadisanpaolo.it\/it\/#\/schema\/person\/b7d5451541c25c82f29c5be1e78456b2","name":"Federica","image":{"@type":"ImageObject","inLanguage":"it-IT","@id":"https:\/\/secure.gravatar.com\/avatar\/b5698fa13ac389b1f1fb1263a4626e219d853d7ccf112e854aea8c9c087d24ae?s=96&d=mm&r=g","url":"https:\/\/secure.gravatar.com\/avatar\/b5698fa13ac389b1f1fb1263a4626e219d853d7ccf112e854aea8c9c087d24ae?s=96&d=mm&r=g","contentUrl":"https:\/\/secure.gravatar.com\/avatar\/b5698fa13ac389b1f1fb1263a4626e219d853d7ccf112e854aea8c9c087d24ae?s=96&d=mm&r=g","caption":"Federica"}}]}},"amp_enabled":true,"_links":{"self":[{"href":"https:\/\/www.compagniadisanpaolo.it\/it\/wp-json\/wp\/v2\/posts\/31728","targetHints":{"allow":["GET"]}}],"collection":[{"href":"https:\/\/www.compagniadisanpaolo.it\/it\/wp-json\/wp\/v2\/posts"}],"about":[{"href":"https:\/\/www.compagniadisanpaolo.it\/it\/wp-json\/wp\/v2\/types\/post"}],"author":[{"embeddable":true,"href":"https:\/\/www.compagniadisanpaolo.it\/it\/wp-json\/wp\/v2\/users\/19"}],"replies":[{"embeddable":true,"href":"https:\/\/www.compagniadisanpaolo.it\/it\/wp-json\/wp\/v2\/comments?post=31728"}],"version-history":[{"count":3,"href":"https:\/\/www.compagniadisanpaolo.it\/it\/wp-json\/wp\/v2\/posts\/31728\/revisions"}],"predecessor-version":[{"id":31735,"href":"https:\/\/www.compagniadisanpaolo.it\/it\/wp-json\/wp\/v2\/posts\/31728\/revisions\/31735"}],"wp:featuredmedia":[{"embeddable":true,"href":"https:\/\/www.compagniadisanpaolo.it\/it\/wp-json\/wp\/v2\/media\/31732"}],"wp:attachment":[{"href":"https:\/\/www.compagniadisanpaolo.it\/it\/wp-json\/wp\/v2\/media?parent=31728"}],"wp:term":[{"taxonomy":"category","embeddable":true,"href":"https:\/\/www.compagniadisanpaolo.it\/it\/wp-json\/wp\/v2\/categories?post=31728"},{"taxonomy":"post_tag","embeddable":true,"href":"https:\/\/www.compagniadisanpaolo.it\/it\/wp-json\/wp\/v2\/tags?post=31728"}],"curies":[{"name":"wp","href":"https:\/\/api.w.org\/{rel}","templated":true}]}}