{"id":31166,"date":"2024-09-12T12:55:43","date_gmt":"2024-09-12T10:55:43","guid":{"rendered":"https:\/\/www.compagniadisanpaolo.it\/?p=31166"},"modified":"2024-09-12T12:55:43","modified_gmt":"2024-09-12T10:55:43","slug":"convegno-la-cura-dei-beni-comuni-tra-teoria-e-prassi-unanalisi-interdisciplinare","status":"publish","type":"post","link":"https:\/\/www.compagniadisanpaolo.it\/it\/news\/convegno-la-cura-dei-beni-comuni-tra-teoria-e-prassi-unanalisi-interdisciplinare\/","title":{"rendered":"Convegno: \u201cLa cura dei Beni comuni, tra teoria e prassi. Un\u2019analisi interdisciplinare\u201d"},"content":{"rendered":"<div class=\"wpb-content-wrapper\">[vc_row][vc_column][vc_column_text el_class=&#8221;text-headline2&#8243;]Nel corso dell\u2019appuntamento verr\u00e0 presentato un nuovo volume che esplora il tema dei beni comuni da una prospettiva sia teorica che pratica, mettendo in luce la collaborazione tra amministrazioni locali, societ\u00e0 civile ed enti privati per la valorizzazione di queste risorse.[\/vc_column_text][\/vc_column][\/vc_row][vc_row][vc_column][vc_column_text]\n<div class=\"info-box mission\">\n\t\t<div class=\"info-box-wrap info-box-hor row pb-0\">\n\n\t\t      \n\t\t      <div class=\"spalla col-12 col-md-12\">\n\t\t\t<div class=\"info-box sharing-box\">\n\t\t\t  <span class=\"label\">Condividi:<\/span>\n\t\t\t  <div class=\"social-sharing\">\n\t\t\t    <span class=\"box\">\n\t\t\t      <a class=\"fb\" href=\"https:\/\/www.facebook.com\/sharer.php?u=https:\/\/www.compagniadisanpaolo.it\/it\/news\/convegno-la-cura-dei-beni-comuni-tra-teoria-e-prassi-unanalisi-interdisciplinare\/\" target=\"_blank\">\n\t\t\t\t<span class=\"sr-only\">Facebook<\/span>\n\t\t\t\t<i class=\"fab fa-facebook-f\"><\/i>\n\t\t\t      <\/a>\n\t\t\t    <\/span>\n\t\t\t    \n\t\t\t    <style>\n.twitter, .twitter:hover{\ncolor:#000000 !important;}\n<\/style>\n\n\n\t\t\t    <span class=\"box\">\n\t\t\t      <a class=\"twitter\" href=\"https:\/\/twitter.com\/intent\/tweet?url=https:\/\/www.compagniadisanpaolo.it\/it\/news\/convegno-la-cura-dei-beni-comuni-tra-teoria-e-prassi-unanalisi-interdisciplinare\/\">\n\t\t\t\t<span class=\"sr-only\">Twitter<\/span>\n\t\t\t\t<i class=\"fa-brands fa-x-twitter\"><\/i>\n\t\t\t      <\/a>\n\t\t\t    <\/span>\n\n\t\t\t    \n\t\t\t    <span class=\"box\">\n\t\t\t      <a class=\"linkedin\" href=\"https:\/\/www.linkedin.com\/shareArticle?mini=true&url=https:\/\/www.compagniadisanpaolo.it\/it\/news\/convegno-la-cura-dei-beni-comuni-tra-teoria-e-prassi-unanalisi-interdisciplinare\/\">\n\t\t\t\t<span class=\"sr-only\">Linkedin<\/span>\n\t\t\t\t  <i class=\"fa-brands fa-linkedin-in\"><\/i>\n\t\t\t      <\/a>\n\t\t\t    <\/span>\n\n\t\t\t    <span class=\"box\">\n\t\t\t      <a class=\"whatsapp\" href=\"whatsapp:\/\/send?text=https:\/\/www.compagniadisanpaolo.it\/it\/news\/convegno-la-cura-dei-beni-comuni-tra-teoria-e-prassi-unanalisi-interdisciplinare\/\" data-action=\"share\/whatsapp\/share\">\n\t\t\t\t<span class=\"sr-only\">Whatsapp<\/span>\n\t\t\t\t<i class=\"fa-brands fa-whatsapp\"><\/i>\n\t\t\t      <\/a>\n\t\t\t    <\/span>\n\n\t\t\t    <span class=\"box\">\n\t\t\t      <a class=\"mail\" href=\"mailto:?subject=Convegno: \u201cLa cura dei Beni comuni, tra teoria e prassi. Un\u2019analisi interdisciplinare\u201d&body=https:\/\/www.compagniadisanpaolo.it\/it\/news\/convegno-la-cura-dei-beni-comuni-tra-teoria-e-prassi-unanalisi-interdisciplinare\/\">\n\t\t\t\t<span class=\"sr-only\">Mail<\/span>\n\t\t\t\t <i class=\"fa-solid fa-envelope\"><\/i>\n\t\t\t      <\/a>\n\t\t\t    <\/span>\n\t\t\t    \n\t\t\t  <\/div>\n\t\t\t<\/div>\n\t      <\/div>\n\t    <\/div><\/div>\n[\/vc_column_text][\/vc_column][\/vc_row][vc_row][vc_column width=&#8221;1\/4&#8243;][vc_column_text]\n\n\n\t\t<div class=\"info-box-wrap\">\n\n\t  <div class=\"info-box date-pub\">\n\t  \t<span class=\"label\">Data di pubblicazione:<\/span>\n\t    <span class=\"value\">12 Settembre 2024<\/span>\n\t  <\/div>\n\t\t\t\t  <div class=\"info-box obj-institutional\">\n\t\t\t\t\t  <div class=\"info-box obj\">\n\t\t\t\t\t    <div class=\"obj-small-box\">\n\t\t\t\t\t      <span>Istituzionale<\/span>\n\t\t\t\t\t    <\/div>\n\t\t\t\t\t  <\/div>\n\t\t\t\t  <\/div>\n\t\t\t  <div class=\"info-box mission\"><span class=\"label\">Tag<\/span><a href=\"https:\/\/www.compagniadisanpaolo.it\/it\/tags\/risultati\/?_sft_post_tag=capitale-sociale\" class=\"tag-element\">Capitale sociale<\/a><a href=\"https:\/\/www.compagniadisanpaolo.it\/it\/tags\/risultati\/?_sft_post_tag=coesione-sociale\" class=\"tag-element\">Coesione sociale<\/a><a href=\"https:\/\/www.compagniadisanpaolo.it\/it\/tags\/risultati\/?_sft_post_tag=creazione-di-reti-solide\" class=\"tag-element\">Creazione di reti solide<\/a><\/div>\t  \n\t<\/div>\n[\/vc_column_text][\/vc_column][vc_column width=&#8221;3\/4&#8243; el_class=&#8221;page-content&#8221;][vc_column_text el_class=&#8221;text&#8221;]<strong>\u201cLa cura dei Beni comuni, tra teoria e prassi. Un\u2019analisi interdisciplinare\u201d<\/strong>: \u00e8 questo il titolo del <strong>convegno<\/strong> che si terr\u00e0 oggi, 11 settembre 2024 presso la sede dell\u2019Associazione Nazionale Comuni Italiani (ANCI) di Roma.<\/p>\n<p>Durante l\u2019evento sar\u00e0 presentato il Volume di sintesi dei primi due anni di attivit\u00e0 e ricerca dell\u2019<strong>Osservatorio dei Beni Comuni<\/strong>, promosso dalla Fondazione Compagnia di San Paolo, la Fondazione Con il Sud, la Fondazione del Monte di Bologna e Ravenna e coordinato operativamente dall\u2019ANCI. Il Volume affronta il tema dei beni comuni sia sotto il profilo teorico, con approccio multidisciplinare, sia in concreto, in un confronto diretto con e tra le amministrazioni locali.<\/p>\n<p>In Italia e non solo, il tema dei beni comuni si \u00e8 guadagnato un&#8217;attenzione crescente nel discorso pubblico in riferimento a una pluralit\u00e0 di profili e intendimenti diversi.<\/p>\n<p>L&#8217;impressione \u00e8 che il successo dell&#8217;espressione sia dovuta anche all&#8217;attuale incertezza dei suoi contorni concettuali, a dispetto dell&#8217;affermazione dei <em>commons<\/em> nel dibattito scientifico, che port\u00f2 Elinor Ostrom a vincere, nel 2009, il premio Nobel per l&#8217;Economia. Cos\u00ec, mentre si assiste a livello locale a un&#8217;attivazione congiunta per il &#8220;bene comune&#8221; della societ\u00e0 civile, delle amministrazioni comunali e di enti privati come le fondazioni di origine bancaria, l&#8217;incertezza in cui ci si muove rischia di vanificare questo patrimonio di collaborazione e azioni solidali.<\/p>\n<p>In questo volume si presentano i risultati prodotti nei suoi primi due anni di attivit\u00e0, con un&#8217;analisi che &#8211; per la prima volta in Italia &#8211; affronta il tema sia sotto il profilo teorico, con approccio multidisciplinare, sia in concreto, in un confronto diretto con e tra le amministrazioni locali.<\/p>\n<p>Si arriva in tal modo a reinterpretare i beni comuni in una lettura obiettiva e disincantata, ma ben fondata in seno al nostro ordinamento, che, al tempo stesso, d\u00e0 conto dell&#8217;efficacia e dei limiti della strumentazione oggi a disposizione per valorizzare questo patrimonio di risorse spontanee e solidali.<\/p>\n<p>Per la Compagnia di San Paolo parteciper\u00e0 all\u2019evento il dott. Marco Demarie, responsabile della Direzione Pianificazione, Studi e Valutazione che ha contribuito, anche economicamente, alla realizzazione del volume.<\/p>\n<p>Il volume \u00e8 scaricabile interamente da questo link:<\/p>\n<p><a href=\"https:\/\/series.francoangeli.it\/index.php\/oa\/catalog\/view\/1191\/1049\/6541\" target=\"_blank\" rel=\"noopener\">https:\/\/series.francoangeli.it\/index.php\/oa\/catalog\/view\/1191\/1049\/6541<\/a><\/p>\n[\/vc_column_text][vc_empty_space height=&#8221;64px&#8221;][\/vc_column][\/vc_row][vc_row el_class=&#8221;sdg-list-wrap&#8221;][vc_column][vc_raw_html]JTVCbW9zdHJhU0RHUyU1RA==[\/vc_raw_html][\/vc_column][\/vc_row][vc_row full_width=&#8221;stretch_row&#8221; el_class=&#8221;download-area-wrap mt-0 mb-0&#8243; css=&#8221;.vc_custom_1649781722387{margin-bottom: 0px !important;}&#8221;][vc_column el_class=&#8221;download-area&#8221;][vc_raw_html]JTVCU2V6aW9uZV9Eb2N1bWVudGklNUQ=[\/vc_raw_html][\/vc_column][\/vc_row][vc_row][vc_column]<div class=\"templatera_shortcode\"><div data-vc-full-width=\"true\" data-vc-full-width-temp=\"true\" data-vc-full-width-init=\"false\" class=\"vc_row wpb_row vc_row-fluid newsletter-wrap\"><div class=\"wpb_column vc_column_container vc_col-sm-12\"><div class=\"vc_column-inner\"><div class=\"wpb_wrapper\">\n\t<div class=\"wpb_raw_code wpb_raw_html wpb_content_element\" >\n\t\t<div class=\"wpb_wrapper\">\n\t\t\t    <div class=\"container\">\n      <div class=\"row align-items-center\">\n\t<div class=\"col-12 col-lg-6 col-xl-5 mb-3 mb-lg-0 pr-0\">\n\t  <h2 class=\"title\">Rimani aggiornato sui nostri bandi e sui nostri progetti<\/h2>\n\t<\/div>\n\t<div class=\"col-12 col-lg-6 col-xl-7 pl-xl-4\">\n\t  <a class=\"standard-link-block\" href=\"\/it\/newsletter\/\">\n\t    Compila il form e decidi su quale argomento vuoi ricevere notizie.\t    <strong>\u00a0 ISCRIVITI!<\/strong>\n\t  <\/a>\n\t<\/div>\n      <\/div>\n    <\/div>\n\t\t<\/div>\n\t<\/div>\n<\/div><\/div><\/div><\/div><div class=\"vc_row-full-width vc_clearfix\"><\/div><\/div>[\/vc_column][\/vc_row]\n<\/div>","protected":false},"excerpt":{"rendered":"<p>Nel corso dell\u2019appuntamento verr\u00e0 presentato un nuovo volume che esplora il tema dei beni comuni da una prospettiva sia teorica che pratica, mettendo in luce la collaborazione tra amministrazioni locali, societ\u00e0 civile ed enti privati per la valorizzazione di queste risorse.<\/p>\n","protected":false},"author":19,"featured_media":31169,"comment_status":"closed","ping_status":"closed","sticky":false,"template":"","format":"standard","meta":{"_acf_changed":false,"content-type":"","footnotes":""},"categories":[17],"tags":[104,51,70],"class_list":["post-31166","post","type-post","status-publish","format-standard","has-post-thumbnail","hentry","category-news","tag-capitale-sociale","tag-coesione-sociale","tag-creazione-di-reti-solide","entry","post-inner"],"acf":[],"yoast_head":"<!-- This site is optimized with the Yoast SEO plugin v27.3 - https:\/\/yoast.com\/product\/yoast-seo-wordpress\/ -->\n<title>Convegno: \u201cLa cura dei Beni comuni, tra teoria e prassi. Un\u2019analisi interdisciplinare\u201d - Fondazione Compagnia di San Paolo<\/title>\n<meta name=\"description\" content=\"Nel corso dell\u2019appuntamento verr\u00e0 presentato un nuovo volume che esplora il tema dei beni comuni da una prospettiva sia teorica che pratica, mettendo in luce la collaborazione tra amministrazioni locali, societ\u00e0 civile ed enti privati per la valorizzazione di queste risorse.\" \/>\n<meta name=\"robots\" content=\"index, follow, max-snippet:-1, max-image-preview:large, max-video-preview:-1\" \/>\n<link rel=\"canonical\" href=\"https:\/\/www.compagniadisanpaolo.it\/it\/news\/convegno-la-cura-dei-beni-comuni-tra-teoria-e-prassi-unanalisi-interdisciplinare\/\" \/>\n<meta property=\"og:locale\" content=\"it_IT\" \/>\n<meta property=\"og:type\" content=\"article\" \/>\n<meta property=\"og:title\" content=\"Convegno: \u201cLa cura dei Beni comuni, tra teoria e prassi. Un\u2019analisi interdisciplinare\u201d - Fondazione Compagnia di San Paolo\" \/>\n<meta property=\"og:description\" content=\"Nel corso dell\u2019appuntamento verr\u00e0 presentato un nuovo volume che esplora il tema dei beni comuni da una prospettiva sia teorica che pratica, mettendo in luce la collaborazione tra amministrazioni locali, societ\u00e0 civile ed enti privati per la valorizzazione di queste risorse.\" \/>\n<meta property=\"og:url\" content=\"https:\/\/www.compagniadisanpaolo.it\/it\/news\/convegno-la-cura-dei-beni-comuni-tra-teoria-e-prassi-unanalisi-interdisciplinare\/\" \/>\n<meta property=\"og:site_name\" content=\"Fondazione Compagnia di San Paolo\" \/>\n<meta property=\"article:publisher\" content=\"https:\/\/www.facebook.com\/CompagniaDiSanPaolo\" \/>\n<meta property=\"article:published_time\" content=\"2024-09-12T10:55:43+00:00\" \/>\n<meta property=\"og:image\" content=\"https:\/\/www.compagniadisanpaolo.it\/wp-content\/uploads\/CSP-convegno-11-SETTEMBRE-La-cura-dei-Beni-comuni_815X350.jpg\" \/>\n\t<meta property=\"og:image:width\" content=\"815\" \/>\n\t<meta property=\"og:image:height\" content=\"350\" \/>\n\t<meta property=\"og:image:type\" content=\"image\/jpeg\" \/>\n<meta name=\"author\" content=\"Federica\" \/>\n<meta name=\"twitter:card\" content=\"summary_large_image\" \/>\n<meta name=\"twitter:creator\" content=\"@CSP_live\" \/>\n<meta name=\"twitter:site\" content=\"@CSP_live\" \/>\n<meta name=\"twitter:label1\" content=\"Scritto da\" \/>\n\t<meta name=\"twitter:data1\" content=\"Federica\" \/>\n\t<meta name=\"twitter:label2\" content=\"Tempo di lettura stimato\" \/>\n\t<meta name=\"twitter:data2\" content=\"3 minuti\" \/>\n<script type=\"application\/ld+json\" class=\"yoast-schema-graph\">{\"@context\":\"https:\\\/\\\/schema.org\",\"@graph\":[{\"@type\":\"Article\",\"@id\":\"https:\\\/\\\/www.compagniadisanpaolo.it\\\/it\\\/news\\\/convegno-la-cura-dei-beni-comuni-tra-teoria-e-prassi-unanalisi-interdisciplinare\\\/#article\",\"isPartOf\":{\"@id\":\"https:\\\/\\\/www.compagniadisanpaolo.it\\\/it\\\/news\\\/convegno-la-cura-dei-beni-comuni-tra-teoria-e-prassi-unanalisi-interdisciplinare\\\/\"},\"author\":{\"name\":\"Federica\",\"@id\":\"https:\\\/\\\/www.compagniadisanpaolo.it\\\/it\\\/#\\\/schema\\\/person\\\/b7d5451541c25c82f29c5be1e78456b2\"},\"headline\":\"Convegno: \u201cLa cura dei Beni comuni, tra teoria e prassi. Un\u2019analisi interdisciplinare\u201d\",\"datePublished\":\"2024-09-12T10:55:43+00:00\",\"mainEntityOfPage\":{\"@id\":\"https:\\\/\\\/www.compagniadisanpaolo.it\\\/it\\\/news\\\/convegno-la-cura-dei-beni-comuni-tra-teoria-e-prassi-unanalisi-interdisciplinare\\\/\"},\"wordCount\":555,\"publisher\":{\"@id\":\"https:\\\/\\\/www.compagniadisanpaolo.it\\\/it\\\/#organization\"},\"image\":{\"@id\":\"https:\\\/\\\/www.compagniadisanpaolo.it\\\/it\\\/news\\\/convegno-la-cura-dei-beni-comuni-tra-teoria-e-prassi-unanalisi-interdisciplinare\\\/#primaryimage\"},\"thumbnailUrl\":\"https:\\\/\\\/www.compagniadisanpaolo.it\\\/wp-content\\\/uploads\\\/CSP-convegno-11-SETTEMBRE-La-cura-dei-Beni-comuni_815X350.jpg\",\"keywords\":[\"capitale sociale\",\"coesione sociale\",\"creazione di reti solide\"],\"articleSection\":[\"News\"],\"inLanguage\":\"it-IT\"},{\"@type\":\"WebPage\",\"@id\":\"https:\\\/\\\/www.compagniadisanpaolo.it\\\/it\\\/news\\\/convegno-la-cura-dei-beni-comuni-tra-teoria-e-prassi-unanalisi-interdisciplinare\\\/\",\"url\":\"https:\\\/\\\/www.compagniadisanpaolo.it\\\/it\\\/news\\\/convegno-la-cura-dei-beni-comuni-tra-teoria-e-prassi-unanalisi-interdisciplinare\\\/\",\"name\":\"Convegno: \u201cLa cura dei Beni comuni, tra teoria e prassi. Un\u2019analisi interdisciplinare\u201d - Fondazione Compagnia di San Paolo\",\"isPartOf\":{\"@id\":\"https:\\\/\\\/www.compagniadisanpaolo.it\\\/it\\\/#website\"},\"primaryImageOfPage\":{\"@id\":\"https:\\\/\\\/www.compagniadisanpaolo.it\\\/it\\\/news\\\/convegno-la-cura-dei-beni-comuni-tra-teoria-e-prassi-unanalisi-interdisciplinare\\\/#primaryimage\"},\"image\":{\"@id\":\"https:\\\/\\\/www.compagniadisanpaolo.it\\\/it\\\/news\\\/convegno-la-cura-dei-beni-comuni-tra-teoria-e-prassi-unanalisi-interdisciplinare\\\/#primaryimage\"},\"thumbnailUrl\":\"https:\\\/\\\/www.compagniadisanpaolo.it\\\/wp-content\\\/uploads\\\/CSP-convegno-11-SETTEMBRE-La-cura-dei-Beni-comuni_815X350.jpg\",\"datePublished\":\"2024-09-12T10:55:43+00:00\",\"description\":\"Nel corso dell\u2019appuntamento verr\u00e0 presentato un nuovo volume che esplora il tema dei beni comuni da una prospettiva sia teorica che pratica, mettendo in luce la collaborazione tra amministrazioni locali, societ\u00e0 civile ed enti privati per la valorizzazione di queste risorse.\",\"breadcrumb\":{\"@id\":\"https:\\\/\\\/www.compagniadisanpaolo.it\\\/it\\\/news\\\/convegno-la-cura-dei-beni-comuni-tra-teoria-e-prassi-unanalisi-interdisciplinare\\\/#breadcrumb\"},\"inLanguage\":\"it-IT\",\"potentialAction\":[{\"@type\":\"ReadAction\",\"target\":[\"https:\\\/\\\/www.compagniadisanpaolo.it\\\/it\\\/news\\\/convegno-la-cura-dei-beni-comuni-tra-teoria-e-prassi-unanalisi-interdisciplinare\\\/\"]}]},{\"@type\":\"ImageObject\",\"inLanguage\":\"it-IT\",\"@id\":\"https:\\\/\\\/www.compagniadisanpaolo.it\\\/it\\\/news\\\/convegno-la-cura-dei-beni-comuni-tra-teoria-e-prassi-unanalisi-interdisciplinare\\\/#primaryimage\",\"url\":\"https:\\\/\\\/www.compagniadisanpaolo.it\\\/wp-content\\\/uploads\\\/CSP-convegno-11-SETTEMBRE-La-cura-dei-Beni-comuni_815X350.jpg\",\"contentUrl\":\"https:\\\/\\\/www.compagniadisanpaolo.it\\\/wp-content\\\/uploads\\\/CSP-convegno-11-SETTEMBRE-La-cura-dei-Beni-comuni_815X350.jpg\",\"width\":815,\"height\":350},{\"@type\":\"BreadcrumbList\",\"@id\":\"https:\\\/\\\/www.compagniadisanpaolo.it\\\/it\\\/news\\\/convegno-la-cura-dei-beni-comuni-tra-teoria-e-prassi-unanalisi-interdisciplinare\\\/#breadcrumb\",\"itemListElement\":[{\"@type\":\"ListItem\",\"position\":1,\"name\":\"Home\",\"item\":\"https:\\\/\\\/www.compagniadisanpaolo.it\\\/it\\\/\"},{\"@type\":\"ListItem\",\"position\":2,\"name\":\"Convegno: \u201cLa cura dei Beni comuni, tra teoria e prassi. Un\u2019analisi interdisciplinare\u201d\"}]},{\"@type\":\"WebSite\",\"@id\":\"https:\\\/\\\/www.compagniadisanpaolo.it\\\/it\\\/#website\",\"url\":\"https:\\\/\\\/www.compagniadisanpaolo.it\\\/it\\\/\",\"name\":\"Fondazione Compagnia di San Paolo\",\"description\":\"\",\"publisher\":{\"@id\":\"https:\\\/\\\/www.compagniadisanpaolo.it\\\/it\\\/#organization\"},\"potentialAction\":[{\"@type\":\"SearchAction\",\"target\":{\"@type\":\"EntryPoint\",\"urlTemplate\":\"https:\\\/\\\/www.compagniadisanpaolo.it\\\/it\\\/?s={search_term_string}\"},\"query-input\":{\"@type\":\"PropertyValueSpecification\",\"valueRequired\":true,\"valueName\":\"search_term_string\"}}],\"inLanguage\":\"it-IT\"},{\"@type\":\"Organization\",\"@id\":\"https:\\\/\\\/www.compagniadisanpaolo.it\\\/it\\\/#organization\",\"name\":\"Fondazione Compagnia di San Paolo\",\"url\":\"https:\\\/\\\/www.compagniadisanpaolo.it\\\/it\\\/\",\"logo\":{\"@type\":\"ImageObject\",\"inLanguage\":\"it-IT\",\"@id\":\"https:\\\/\\\/www.compagniadisanpaolo.it\\\/it\\\/#\\\/schema\\\/logo\\\/image\\\/\",\"url\":\"https:\\\/\\\/www.compagniadisanpaolo.it\\\/wp-content\\\/uploads\\\/logo.svg\",\"contentUrl\":\"https:\\\/\\\/www.compagniadisanpaolo.it\\\/wp-content\\\/uploads\\\/logo.svg\",\"width\":769,\"height\":323,\"caption\":\"Fondazione Compagnia di San Paolo\"},\"image\":{\"@id\":\"https:\\\/\\\/www.compagniadisanpaolo.it\\\/it\\\/#\\\/schema\\\/logo\\\/image\\\/\"},\"sameAs\":[\"https:\\\/\\\/www.facebook.com\\\/CompagniaDiSanPaolo\",\"https:\\\/\\\/x.com\\\/CSP_live\",\"http:\\\/\\\/instagram.com\\\/compagniadisanpaolo?ref=badge\",\"https:\\\/\\\/www.linkedin.com\\\/company\\\/compagnia-di-san-paolo\",\"https:\\\/\\\/www.youtube.com\\\/user\\\/compagniadisanpaolo\",\"https:\\\/\\\/it.wikipedia.org\\\/wiki\\\/Compagnia_di_San_Paolo\"]},{\"@type\":\"Person\",\"@id\":\"https:\\\/\\\/www.compagniadisanpaolo.it\\\/it\\\/#\\\/schema\\\/person\\\/b7d5451541c25c82f29c5be1e78456b2\",\"name\":\"Federica\",\"image\":{\"@type\":\"ImageObject\",\"inLanguage\":\"it-IT\",\"@id\":\"https:\\\/\\\/secure.gravatar.com\\\/avatar\\\/b5698fa13ac389b1f1fb1263a4626e219d853d7ccf112e854aea8c9c087d24ae?s=96&d=mm&r=g\",\"url\":\"https:\\\/\\\/secure.gravatar.com\\\/avatar\\\/b5698fa13ac389b1f1fb1263a4626e219d853d7ccf112e854aea8c9c087d24ae?s=96&d=mm&r=g\",\"contentUrl\":\"https:\\\/\\\/secure.gravatar.com\\\/avatar\\\/b5698fa13ac389b1f1fb1263a4626e219d853d7ccf112e854aea8c9c087d24ae?s=96&d=mm&r=g\",\"caption\":\"Federica\"}}]}<\/script>\n<!-- \/ Yoast SEO plugin. -->","yoast_head_json":{"title":"Convegno: \u201cLa cura dei Beni comuni, tra teoria e prassi. Un\u2019analisi interdisciplinare\u201d - Fondazione Compagnia di San Paolo","description":"Nel corso dell\u2019appuntamento verr\u00e0 presentato un nuovo volume che esplora il tema dei beni comuni da una prospettiva sia teorica che pratica, mettendo in luce la collaborazione tra amministrazioni locali, societ\u00e0 civile ed enti privati per la valorizzazione di queste risorse.","robots":{"index":"index","follow":"follow","max-snippet":"max-snippet:-1","max-image-preview":"max-image-preview:large","max-video-preview":"max-video-preview:-1"},"canonical":"https:\/\/www.compagniadisanpaolo.it\/it\/news\/convegno-la-cura-dei-beni-comuni-tra-teoria-e-prassi-unanalisi-interdisciplinare\/","og_locale":"it_IT","og_type":"article","og_title":"Convegno: \u201cLa cura dei Beni comuni, tra teoria e prassi. Un\u2019analisi interdisciplinare\u201d - Fondazione Compagnia di San Paolo","og_description":"Nel corso dell\u2019appuntamento verr\u00e0 presentato un nuovo volume che esplora il tema dei beni comuni da una prospettiva sia teorica che pratica, mettendo in luce la collaborazione tra amministrazioni locali, societ\u00e0 civile ed enti privati per la valorizzazione di queste risorse.","og_url":"https:\/\/www.compagniadisanpaolo.it\/it\/news\/convegno-la-cura-dei-beni-comuni-tra-teoria-e-prassi-unanalisi-interdisciplinare\/","og_site_name":"Fondazione Compagnia di San Paolo","article_publisher":"https:\/\/www.facebook.com\/CompagniaDiSanPaolo","article_published_time":"2024-09-12T10:55:43+00:00","og_image":[{"width":815,"height":350,"url":"https:\/\/www.compagniadisanpaolo.it\/wp-content\/uploads\/CSP-convegno-11-SETTEMBRE-La-cura-dei-Beni-comuni_815X350.jpg","type":"image\/jpeg"}],"author":"Federica","twitter_card":"summary_large_image","twitter_creator":"@CSP_live","twitter_site":"@CSP_live","twitter_misc":{"Scritto da":"Federica","Tempo di lettura stimato":"3 minuti"},"schema":{"@context":"https:\/\/schema.org","@graph":[{"@type":"Article","@id":"https:\/\/www.compagniadisanpaolo.it\/it\/news\/convegno-la-cura-dei-beni-comuni-tra-teoria-e-prassi-unanalisi-interdisciplinare\/#article","isPartOf":{"@id":"https:\/\/www.compagniadisanpaolo.it\/it\/news\/convegno-la-cura-dei-beni-comuni-tra-teoria-e-prassi-unanalisi-interdisciplinare\/"},"author":{"name":"Federica","@id":"https:\/\/www.compagniadisanpaolo.it\/it\/#\/schema\/person\/b7d5451541c25c82f29c5be1e78456b2"},"headline":"Convegno: \u201cLa cura dei Beni comuni, tra teoria e prassi. Un\u2019analisi interdisciplinare\u201d","datePublished":"2024-09-12T10:55:43+00:00","mainEntityOfPage":{"@id":"https:\/\/www.compagniadisanpaolo.it\/it\/news\/convegno-la-cura-dei-beni-comuni-tra-teoria-e-prassi-unanalisi-interdisciplinare\/"},"wordCount":555,"publisher":{"@id":"https:\/\/www.compagniadisanpaolo.it\/it\/#organization"},"image":{"@id":"https:\/\/www.compagniadisanpaolo.it\/it\/news\/convegno-la-cura-dei-beni-comuni-tra-teoria-e-prassi-unanalisi-interdisciplinare\/#primaryimage"},"thumbnailUrl":"https:\/\/www.compagniadisanpaolo.it\/wp-content\/uploads\/CSP-convegno-11-SETTEMBRE-La-cura-dei-Beni-comuni_815X350.jpg","keywords":["capitale sociale","coesione sociale","creazione di reti solide"],"articleSection":["News"],"inLanguage":"it-IT"},{"@type":"WebPage","@id":"https:\/\/www.compagniadisanpaolo.it\/it\/news\/convegno-la-cura-dei-beni-comuni-tra-teoria-e-prassi-unanalisi-interdisciplinare\/","url":"https:\/\/www.compagniadisanpaolo.it\/it\/news\/convegno-la-cura-dei-beni-comuni-tra-teoria-e-prassi-unanalisi-interdisciplinare\/","name":"Convegno: \u201cLa cura dei Beni comuni, tra teoria e prassi. Un\u2019analisi interdisciplinare\u201d - Fondazione Compagnia di San Paolo","isPartOf":{"@id":"https:\/\/www.compagniadisanpaolo.it\/it\/#website"},"primaryImageOfPage":{"@id":"https:\/\/www.compagniadisanpaolo.it\/it\/news\/convegno-la-cura-dei-beni-comuni-tra-teoria-e-prassi-unanalisi-interdisciplinare\/#primaryimage"},"image":{"@id":"https:\/\/www.compagniadisanpaolo.it\/it\/news\/convegno-la-cura-dei-beni-comuni-tra-teoria-e-prassi-unanalisi-interdisciplinare\/#primaryimage"},"thumbnailUrl":"https:\/\/www.compagniadisanpaolo.it\/wp-content\/uploads\/CSP-convegno-11-SETTEMBRE-La-cura-dei-Beni-comuni_815X350.jpg","datePublished":"2024-09-12T10:55:43+00:00","description":"Nel corso dell\u2019appuntamento verr\u00e0 presentato un nuovo volume che esplora il tema dei beni comuni da una prospettiva sia teorica che pratica, mettendo in luce la collaborazione tra amministrazioni locali, societ\u00e0 civile ed enti privati per la valorizzazione di queste risorse.","breadcrumb":{"@id":"https:\/\/www.compagniadisanpaolo.it\/it\/news\/convegno-la-cura-dei-beni-comuni-tra-teoria-e-prassi-unanalisi-interdisciplinare\/#breadcrumb"},"inLanguage":"it-IT","potentialAction":[{"@type":"ReadAction","target":["https:\/\/www.compagniadisanpaolo.it\/it\/news\/convegno-la-cura-dei-beni-comuni-tra-teoria-e-prassi-unanalisi-interdisciplinare\/"]}]},{"@type":"ImageObject","inLanguage":"it-IT","@id":"https:\/\/www.compagniadisanpaolo.it\/it\/news\/convegno-la-cura-dei-beni-comuni-tra-teoria-e-prassi-unanalisi-interdisciplinare\/#primaryimage","url":"https:\/\/www.compagniadisanpaolo.it\/wp-content\/uploads\/CSP-convegno-11-SETTEMBRE-La-cura-dei-Beni-comuni_815X350.jpg","contentUrl":"https:\/\/www.compagniadisanpaolo.it\/wp-content\/uploads\/CSP-convegno-11-SETTEMBRE-La-cura-dei-Beni-comuni_815X350.jpg","width":815,"height":350},{"@type":"BreadcrumbList","@id":"https:\/\/www.compagniadisanpaolo.it\/it\/news\/convegno-la-cura-dei-beni-comuni-tra-teoria-e-prassi-unanalisi-interdisciplinare\/#breadcrumb","itemListElement":[{"@type":"ListItem","position":1,"name":"Home","item":"https:\/\/www.compagniadisanpaolo.it\/it\/"},{"@type":"ListItem","position":2,"name":"Convegno: \u201cLa cura dei Beni comuni, tra teoria e prassi. Un\u2019analisi interdisciplinare\u201d"}]},{"@type":"WebSite","@id":"https:\/\/www.compagniadisanpaolo.it\/it\/#website","url":"https:\/\/www.compagniadisanpaolo.it\/it\/","name":"Fondazione Compagnia di San Paolo","description":"","publisher":{"@id":"https:\/\/www.compagniadisanpaolo.it\/it\/#organization"},"potentialAction":[{"@type":"SearchAction","target":{"@type":"EntryPoint","urlTemplate":"https:\/\/www.compagniadisanpaolo.it\/it\/?s={search_term_string}"},"query-input":{"@type":"PropertyValueSpecification","valueRequired":true,"valueName":"search_term_string"}}],"inLanguage":"it-IT"},{"@type":"Organization","@id":"https:\/\/www.compagniadisanpaolo.it\/it\/#organization","name":"Fondazione Compagnia di San Paolo","url":"https:\/\/www.compagniadisanpaolo.it\/it\/","logo":{"@type":"ImageObject","inLanguage":"it-IT","@id":"https:\/\/www.compagniadisanpaolo.it\/it\/#\/schema\/logo\/image\/","url":"https:\/\/www.compagniadisanpaolo.it\/wp-content\/uploads\/logo.svg","contentUrl":"https:\/\/www.compagniadisanpaolo.it\/wp-content\/uploads\/logo.svg","width":769,"height":323,"caption":"Fondazione Compagnia di San Paolo"},"image":{"@id":"https:\/\/www.compagniadisanpaolo.it\/it\/#\/schema\/logo\/image\/"},"sameAs":["https:\/\/www.facebook.com\/CompagniaDiSanPaolo","https:\/\/x.com\/CSP_live","http:\/\/instagram.com\/compagniadisanpaolo?ref=badge","https:\/\/www.linkedin.com\/company\/compagnia-di-san-paolo","https:\/\/www.youtube.com\/user\/compagniadisanpaolo","https:\/\/it.wikipedia.org\/wiki\/Compagnia_di_San_Paolo"]},{"@type":"Person","@id":"https:\/\/www.compagniadisanpaolo.it\/it\/#\/schema\/person\/b7d5451541c25c82f29c5be1e78456b2","name":"Federica","image":{"@type":"ImageObject","inLanguage":"it-IT","@id":"https:\/\/secure.gravatar.com\/avatar\/b5698fa13ac389b1f1fb1263a4626e219d853d7ccf112e854aea8c9c087d24ae?s=96&d=mm&r=g","url":"https:\/\/secure.gravatar.com\/avatar\/b5698fa13ac389b1f1fb1263a4626e219d853d7ccf112e854aea8c9c087d24ae?s=96&d=mm&r=g","contentUrl":"https:\/\/secure.gravatar.com\/avatar\/b5698fa13ac389b1f1fb1263a4626e219d853d7ccf112e854aea8c9c087d24ae?s=96&d=mm&r=g","caption":"Federica"}}]}},"amp_enabled":true,"_links":{"self":[{"href":"https:\/\/www.compagniadisanpaolo.it\/it\/wp-json\/wp\/v2\/posts\/31166","targetHints":{"allow":["GET"]}}],"collection":[{"href":"https:\/\/www.compagniadisanpaolo.it\/it\/wp-json\/wp\/v2\/posts"}],"about":[{"href":"https:\/\/www.compagniadisanpaolo.it\/it\/wp-json\/wp\/v2\/types\/post"}],"author":[{"embeddable":true,"href":"https:\/\/www.compagniadisanpaolo.it\/it\/wp-json\/wp\/v2\/users\/19"}],"replies":[{"embeddable":true,"href":"https:\/\/www.compagniadisanpaolo.it\/it\/wp-json\/wp\/v2\/comments?post=31166"}],"version-history":[{"count":1,"href":"https:\/\/www.compagniadisanpaolo.it\/it\/wp-json\/wp\/v2\/posts\/31166\/revisions"}],"predecessor-version":[{"id":31173,"href":"https:\/\/www.compagniadisanpaolo.it\/it\/wp-json\/wp\/v2\/posts\/31166\/revisions\/31173"}],"wp:featuredmedia":[{"embeddable":true,"href":"https:\/\/www.compagniadisanpaolo.it\/it\/wp-json\/wp\/v2\/media\/31169"}],"wp:attachment":[{"href":"https:\/\/www.compagniadisanpaolo.it\/it\/wp-json\/wp\/v2\/media?parent=31166"}],"wp:term":[{"taxonomy":"category","embeddable":true,"href":"https:\/\/www.compagniadisanpaolo.it\/it\/wp-json\/wp\/v2\/categories?post=31166"},{"taxonomy":"post_tag","embeddable":true,"href":"https:\/\/www.compagniadisanpaolo.it\/it\/wp-json\/wp\/v2\/tags?post=31166"}],"curies":[{"name":"wp","href":"https:\/\/api.w.org\/{rel}","templated":true}]}}