{"id":31069,"date":"2024-09-11T12:47:37","date_gmt":"2024-09-11T10:47:37","guid":{"rendered":"https:\/\/www.compagniadisanpaolo.it\/?p=31069"},"modified":"2024-09-11T12:47:37","modified_gmt":"2024-09-11T10:47:37","slug":"torino-si-racconta-al-mondo-nasce-il-nuovo-city-brand","status":"publish","type":"post","link":"https:\/\/www.compagniadisanpaolo.it\/it\/news\/torino-si-racconta-al-mondo-nasce-il-nuovo-city-brand\/","title":{"rendered":"Torino si racconta al mondo: nasce il nuovo City Brand"},"content":{"rendered":"<div class=\"wpb-content-wrapper\">[vc_row][vc_column][vc_column_text el_class=&#8221;text-headline2&#8243;]La Fondazione Compagnia di San Paolo partecipa al nuovo progetto di city branding per rilanciare l&#8217;immagine di Torino nel panorama internazionale. L&#8217;iniziativa, frutto di una collaborazione tra diverse istituzioni locali, mira a costruire un&#8217;identit\u00e0 comune che valorizzi la citt\u00e0, ne aumenti l\u2019attrattivit\u00e0 e rafforzi il legame con la comunit\u00e0.[\/vc_column_text][\/vc_column][\/vc_row][vc_row][vc_column][vc_column_text]\n<div class=\"info-box mission\">\n\t\t<div class=\"info-box-wrap info-box-hor row pb-0\">\n\n\t\t      \n\t\t      <div class=\"spalla col-12 col-md-12\">\n\t\t\t<div class=\"info-box sharing-box\">\n\t\t\t  <span class=\"label\">Condividi:<\/span>\n\t\t\t  <div class=\"social-sharing\">\n\t\t\t    <span class=\"box\">\n\t\t\t      <a class=\"fb\" href=\"https:\/\/www.facebook.com\/sharer.php?u=https:\/\/www.compagniadisanpaolo.it\/it\/news\/torino-si-racconta-al-mondo-nasce-il-nuovo-city-brand\/\" target=\"_blank\">\n\t\t\t\t<span class=\"sr-only\">Facebook<\/span>\n\t\t\t\t<i class=\"fab fa-facebook-f\"><\/i>\n\t\t\t      <\/a>\n\t\t\t    <\/span>\n\t\t\t    \n\t\t\t    <style>\n.twitter, .twitter:hover{\ncolor:#000000 !important;}\n<\/style>\n\n\n\t\t\t    <span class=\"box\">\n\t\t\t      <a class=\"twitter\" href=\"https:\/\/twitter.com\/intent\/tweet?url=https:\/\/www.compagniadisanpaolo.it\/it\/news\/torino-si-racconta-al-mondo-nasce-il-nuovo-city-brand\/\">\n\t\t\t\t<span class=\"sr-only\">Twitter<\/span>\n\t\t\t\t<i class=\"fa-brands fa-x-twitter\"><\/i>\n\t\t\t      <\/a>\n\t\t\t    <\/span>\n\n\t\t\t    \n\t\t\t    <span class=\"box\">\n\t\t\t      <a class=\"linkedin\" href=\"https:\/\/www.linkedin.com\/shareArticle?mini=true&url=https:\/\/www.compagniadisanpaolo.it\/it\/news\/torino-si-racconta-al-mondo-nasce-il-nuovo-city-brand\/\">\n\t\t\t\t<span class=\"sr-only\">Linkedin<\/span>\n\t\t\t\t  <i class=\"fa-brands fa-linkedin-in\"><\/i>\n\t\t\t      <\/a>\n\t\t\t    <\/span>\n\n\t\t\t    <span class=\"box\">\n\t\t\t      <a class=\"whatsapp\" href=\"whatsapp:\/\/send?text=https:\/\/www.compagniadisanpaolo.it\/it\/news\/torino-si-racconta-al-mondo-nasce-il-nuovo-city-brand\/\" data-action=\"share\/whatsapp\/share\">\n\t\t\t\t<span class=\"sr-only\">Whatsapp<\/span>\n\t\t\t\t<i class=\"fa-brands fa-whatsapp\"><\/i>\n\t\t\t      <\/a>\n\t\t\t    <\/span>\n\n\t\t\t    <span class=\"box\">\n\t\t\t      <a class=\"mail\" href=\"mailto:?subject=Torino si racconta al mondo: nasce il nuovo City Brand&body=https:\/\/www.compagniadisanpaolo.it\/it\/news\/torino-si-racconta-al-mondo-nasce-il-nuovo-city-brand\/\">\n\t\t\t\t<span class=\"sr-only\">Mail<\/span>\n\t\t\t\t <i class=\"fa-solid fa-envelope\"><\/i>\n\t\t\t      <\/a>\n\t\t\t    <\/span>\n\t\t\t    \n\t\t\t  <\/div>\n\t\t\t<\/div>\n\t      <\/div>\n\t    <\/div><\/div>\n[\/vc_column_text][\/vc_column][\/vc_row][vc_row][vc_column width=&#8221;1\/4&#8243;][vc_column_text]\n\n\n\t\t<div class=\"info-box-wrap\">\n\n\t  <div class=\"info-box date-pub\">\n\t  \t<span class=\"label\">Data di pubblicazione:<\/span>\n\t    <span class=\"value\">11 Settembre 2024<\/span>\n\t  <\/div>\n\t\t\t\t  <div class=\"info-box obj-institutional\">\n\t\t\t\t\t  <div class=\"info-box obj\">\n\t\t\t\t\t    <div class=\"obj-small-box\">\n\t\t\t\t\t      <span>Istituzionale<\/span>\n\t\t\t\t\t    <\/div>\n\t\t\t\t\t  <\/div>\n\t\t\t\t  <\/div>\n\t\t\t  <div class=\"info-box mission\"><span class=\"label\">Tag<\/span><a href=\"https:\/\/www.compagniadisanpaolo.it\/it\/tags\/risultati\/?_sft_post_tag=capitale-sociale\" class=\"tag-element\">Capitale sociale<\/a><a href=\"https:\/\/www.compagniadisanpaolo.it\/it\/tags\/risultati\/?_sft_post_tag=coesione-sociale\" class=\"tag-element\">Coesione sociale<\/a><a href=\"https:\/\/www.compagniadisanpaolo.it\/it\/tags\/risultati\/?_sft_post_tag=creazione-di-reti-solide\" class=\"tag-element\">Creazione di reti solide<\/a><a href=\"https:\/\/www.compagniadisanpaolo.it\/it\/tags\/risultati\/?_sft_post_tag=formazione\" class=\"tag-element\">Formazione<\/a><a href=\"https:\/\/www.compagniadisanpaolo.it\/it\/tags\/risultati\/?_sft_post_tag=opportunita-di-professionalizzazione\" class=\"tag-element\">Opportunit\u00e0 di professionalizzazione<\/a><a href=\"https:\/\/www.compagniadisanpaolo.it\/it\/tags\/risultati\/?_sft_post_tag=protagonismo-delle-comunita\" class=\"tag-element\">Protagonismo delle comunit\u00e0<\/a><a href=\"https:\/\/www.compagniadisanpaolo.it\/it\/tags\/risultati\/?_sft_post_tag=salute\" class=\"tag-element\">Salute<\/a><a href=\"https:\/\/www.compagniadisanpaolo.it\/it\/tags\/risultati\/?_sft_post_tag=wellbeing\" class=\"tag-element\">Wellbeing<\/a><\/div>\t  \n\t<\/div>\n[\/vc_column_text][\/vc_column][vc_column width=&#8221;3\/4&#8243; el_class=&#8221;page-content&#8221;][vc_column_text el_class=&#8221;text&#8221;]La <strong>Fondazione Compagnia di San Paolo<\/strong> si unisce al nuovo processo di city branding avviato dalla <strong>Citt\u00e0 di Torino<\/strong> con l\u2019obiettivo di contribuire a valorizzare e promuovere il capoluogo piemontese a livello globale.<\/p>\n<p>Attraverso una collaborazione con le principali istituzioni del territorio, il progetto mira a definire e comunicare una <strong>nuova identit\u00e0 cittadina<\/strong> che sappia <strong>attrarre risorse umane ed economiche<\/strong>, <strong>rafforzando<\/strong> <strong>il senso di appartenenza<\/strong> e consolidando l&#8217;immagine di Torino come centro di <strong>eccellenza<\/strong> <strong>culturale<\/strong>, <strong>sociale<\/strong> e <strong>artistica<\/strong>.<\/p>\n<p>Il Capoluogo piemontese si prepara quindi a definire un <strong>nuovo city brand<\/strong>, un\u2019identit\u00e0 unica che racchiuda la sua essenza e racconti la citt\u00e0 in modo coerente e innovativo. Per raggiungere questo obiettivo, questa mattina \u00e8 stato firmato un protocollo d\u2019intesa tra la Citt\u00e0, la <strong>Citt\u00e0 Metropolitana di Torino<\/strong>, la <strong>Camera di Commercio<\/strong>, l\u2019<strong>Universit\u00e0 degli Studi<\/strong>, il <strong>Politecnico<\/strong>, <strong>Fondazione CRT<\/strong> e la <strong>Fondazione Compagnia di San Paolo<\/strong>.<\/p>\n<p>Un\u2019alleanza che mira a costruire una narrazione condivisa e a posizionare Torino tra le metropoli pi\u00f9 dinamiche e attrattive a livello globale.<\/p>\n<p>Presente al momento della firma anche il <strong>Presidente della Fondazione Compagnia di San Paolo<\/strong>, <strong>Marco Gilli<\/strong>, che ha ribadito il l\u2019impegno dell\u2019Ente a supporto dello sviluppo locale e del benessere dei cittadini:&#8221; Il ruolo di un ente filantropico come la Fondazione Compagnia di San Paolo \u00e8 quello di agire ogni giorno per contribuire allo sviluppo locale della Citt\u00e0 e al benessere della popolazione, in sinergia con tutti gli stakeholder del territorio \u2013 afferma <strong>Gilli<\/strong>\u00a0&#8211; Siamo oggi firmatari del protocollo perch\u00e9 riteniamo fondamentale la condivisione di esperienze, competenze e know-how che solo il fare squadra rende possibile, con l\u2019obiettivo di promuovere un\u2019immagine positiva e unica della nostra citt\u00e0, migliorando la qualit\u00e0 urbana e il senso di appartenenza, e attraendo risorse, visitatori e investimenti&#8221;.<\/p>\n<p>Il progetto di city branding ha preso avvio lo scorso anno attraverso una serie di <strong>indagini sulla percezione di Torino<\/strong>, condotte dall&#8217;<strong>Istituto Piepoli<\/strong>, che hanno coinvolto cittadini, turisti e stakeholder locali. L&#8217;iniziativa, che sta per concludersi, intende <strong>raccogliere inoltre le opinioni dei cittadini italiani su scala nazionale<\/strong>, con l\u2019obiettivo di definire un &#8220;manifesto identitario&#8221; che diventi la base della nuova narrazione della citt\u00e0.<\/p>\n<p>I risultati di questa indagine saranno <strong>presentati nelle prossime settimane<\/strong> attraverso un evento pubblico, durante il quale verranno coinvolti ulteriori partner interessati a partecipare allo sviluppo del nuovo brand di Torino.<\/p>\n<p>In parallelo, l\u2019amministrazione comunale lancer\u00e0 una consultazione di mercato per selezionare un\u2019agenzia di comunicazione che curer\u00e0 la promozione strategica del city brand nel prossimo triennio.<\/p>\n<p>Per maggiori approfondimenti vi invitiamo a consultare il comunicato stampa disponibile di seguito.[\/vc_column_text][vc_empty_space height=&#8221;64px&#8221;][\/vc_column][\/vc_row][vc_row el_class=&#8221;sdg-list-wrap&#8221;][vc_column][vc_raw_html]JTVCbW9zdHJhU0RHUyU1RA==[\/vc_raw_html][\/vc_column][\/vc_row][vc_row full_width=&#8221;stretch_row&#8221; el_class=&#8221;download-area-wrap mt-0 mb-0&#8243; css=&#8221;.vc_custom_1649781722387{margin-bottom: 0px !important;}&#8221;][vc_column el_class=&#8221;download-area&#8221;][vc_raw_html]JTVCU2V6aW9uZV9Eb2N1bWVudGklNUQ=[\/vc_raw_html][\/vc_column][\/vc_row][vc_row][vc_column]<div class=\"templatera_shortcode\"><div data-vc-full-width=\"true\" data-vc-full-width-temp=\"true\" data-vc-full-width-init=\"false\" class=\"vc_row wpb_row vc_row-fluid newsletter-wrap\"><div class=\"wpb_column vc_column_container vc_col-sm-12\"><div class=\"vc_column-inner\"><div class=\"wpb_wrapper\">\n\t<div class=\"wpb_raw_code wpb_raw_html wpb_content_element\" >\n\t\t<div class=\"wpb_wrapper\">\n\t\t\t    <div class=\"container\">\n      <div class=\"row align-items-center\">\n\t<div class=\"col-12 col-lg-6 col-xl-5 mb-3 mb-lg-0 pr-0\">\n\t  <h2 class=\"title\">Rimani aggiornato sui nostri bandi e sui nostri progetti<\/h2>\n\t<\/div>\n\t<div class=\"col-12 col-lg-6 col-xl-7 pl-xl-4\">\n\t  <a class=\"standard-link-block\" href=\"\/it\/newsletter\/\">\n\t    Compila il form e decidi su quale argomento vuoi ricevere notizie.\t    <strong>\u00a0 ISCRIVITI!<\/strong>\n\t  <\/a>\n\t<\/div>\n      <\/div>\n    <\/div>\n\t\t<\/div>\n\t<\/div>\n<\/div><\/div><\/div><\/div><div class=\"vc_row-full-width vc_clearfix\"><\/div><\/div>[\/vc_column][\/vc_row]\n<\/div>","protected":false},"excerpt":{"rendered":"<p>La Fondazione Compagnia di San Paolo partecipa al nuovo progetto di city branding per rilanciare l&#8217;immagine di Torino nel panorama internazionale. L&#8217;iniziativa, frutto di una collaborazione tra diverse istituzioni locali, mira a costruire un&#8217;identit\u00e0 comune che valorizzi la citt\u00e0, ne aumenti l\u2019attrattivit\u00e0 e rafforzi il legame con la comunit\u00e0.<\/p>\n","protected":false},"author":19,"featured_media":31076,"comment_status":"closed","ping_status":"closed","sticky":false,"template":"","format":"standard","meta":{"_acf_changed":false,"content-type":"","footnotes":""},"categories":[17],"tags":[104,51,70,53,71,90,251,78],"class_list":["post-31069","post","type-post","status-publish","format-standard","has-post-thumbnail","hentry","category-news","tag-capitale-sociale","tag-coesione-sociale","tag-creazione-di-reti-solide","tag-formazione","tag-opportunita-di-professionalizzazione","tag-protagonismo-delle-comunita","tag-salute","tag-wellbeing","entry","post-inner"],"acf":[],"yoast_head":"<!-- This site is optimized with the Yoast SEO plugin v27.3 - https:\/\/yoast.com\/product\/yoast-seo-wordpress\/ -->\n<title>Torino si racconta al mondo: nasce il nuovo City Brand - Fondazione Compagnia di San Paolo<\/title>\n<meta name=\"description\" content=\"La Fondazione Compagnia di San Paolo partecipa al nuovo progetto di city branding per rilanciare l&#039;immagine di Torino nel panorama internazionale.\" \/>\n<meta name=\"robots\" content=\"index, follow, max-snippet:-1, max-image-preview:large, max-video-preview:-1\" \/>\n<link rel=\"canonical\" href=\"https:\/\/www.compagniadisanpaolo.it\/it\/news\/torino-si-racconta-al-mondo-nasce-il-nuovo-city-brand\/\" \/>\n<meta property=\"og:locale\" content=\"it_IT\" \/>\n<meta property=\"og:type\" content=\"article\" \/>\n<meta property=\"og:title\" content=\"Torino si racconta al mondo: nasce il nuovo City Brand - Fondazione Compagnia di San Paolo\" \/>\n<meta property=\"og:description\" content=\"La Fondazione Compagnia di San Paolo partecipa al nuovo progetto di city branding per rilanciare l&#039;immagine di Torino nel panorama internazionale.\" \/>\n<meta property=\"og:url\" content=\"https:\/\/www.compagniadisanpaolo.it\/it\/news\/torino-si-racconta-al-mondo-nasce-il-nuovo-city-brand\/\" \/>\n<meta property=\"og:site_name\" content=\"Fondazione Compagnia di San Paolo\" \/>\n<meta property=\"article:publisher\" content=\"https:\/\/www.facebook.com\/CompagniaDiSanPaolo\" \/>\n<meta property=\"article:published_time\" content=\"2024-09-11T10:47:37+00:00\" \/>\n<meta property=\"og:image\" content=\"https:\/\/www.compagniadisanpaolo.it\/wp-content\/uploads\/NEWS-CSP_-Taglio-immagini-news-NUOVO-CITY-BRAND-PER-TORINO-foto_815X350.jpg\" \/>\n\t<meta property=\"og:image:width\" content=\"815\" \/>\n\t<meta property=\"og:image:height\" content=\"350\" \/>\n\t<meta property=\"og:image:type\" content=\"image\/jpeg\" \/>\n<meta name=\"author\" content=\"Federica\" \/>\n<meta name=\"twitter:card\" content=\"summary_large_image\" \/>\n<meta name=\"twitter:creator\" content=\"@CSP_live\" \/>\n<meta name=\"twitter:site\" content=\"@CSP_live\" \/>\n<meta name=\"twitter:label1\" content=\"Scritto da\" \/>\n\t<meta name=\"twitter:data1\" content=\"Federica\" \/>\n\t<meta name=\"twitter:label2\" content=\"Tempo di lettura stimato\" \/>\n\t<meta name=\"twitter:data2\" content=\"3 minuti\" \/>\n<script type=\"application\/ld+json\" class=\"yoast-schema-graph\">{\"@context\":\"https:\\\/\\\/schema.org\",\"@graph\":[{\"@type\":\"Article\",\"@id\":\"https:\\\/\\\/www.compagniadisanpaolo.it\\\/it\\\/news\\\/torino-si-racconta-al-mondo-nasce-il-nuovo-city-brand\\\/#article\",\"isPartOf\":{\"@id\":\"https:\\\/\\\/www.compagniadisanpaolo.it\\\/it\\\/news\\\/torino-si-racconta-al-mondo-nasce-il-nuovo-city-brand\\\/\"},\"author\":{\"name\":\"Federica\",\"@id\":\"https:\\\/\\\/www.compagniadisanpaolo.it\\\/it\\\/#\\\/schema\\\/person\\\/b7d5451541c25c82f29c5be1e78456b2\"},\"headline\":\"Torino si racconta al mondo: nasce il nuovo City Brand\",\"datePublished\":\"2024-09-11T10:47:37+00:00\",\"mainEntityOfPage\":{\"@id\":\"https:\\\/\\\/www.compagniadisanpaolo.it\\\/it\\\/news\\\/torino-si-racconta-al-mondo-nasce-il-nuovo-city-brand\\\/\"},\"wordCount\":631,\"publisher\":{\"@id\":\"https:\\\/\\\/www.compagniadisanpaolo.it\\\/it\\\/#organization\"},\"image\":{\"@id\":\"https:\\\/\\\/www.compagniadisanpaolo.it\\\/it\\\/news\\\/torino-si-racconta-al-mondo-nasce-il-nuovo-city-brand\\\/#primaryimage\"},\"thumbnailUrl\":\"https:\\\/\\\/www.compagniadisanpaolo.it\\\/wp-content\\\/uploads\\\/NEWS-CSP_-Taglio-immagini-news-NUOVO-CITY-BRAND-PER-TORINO-foto_815X350.jpg\",\"keywords\":[\"capitale sociale\",\"coesione sociale\",\"creazione di reti solide\",\"formazione\",\"opportunit\u00e0 di professionalizzazione\",\"protagonismo delle comunit\u00e0\",\"salute\",\"wellbeing\"],\"articleSection\":[\"News\"],\"inLanguage\":\"it-IT\"},{\"@type\":\"WebPage\",\"@id\":\"https:\\\/\\\/www.compagniadisanpaolo.it\\\/it\\\/news\\\/torino-si-racconta-al-mondo-nasce-il-nuovo-city-brand\\\/\",\"url\":\"https:\\\/\\\/www.compagniadisanpaolo.it\\\/it\\\/news\\\/torino-si-racconta-al-mondo-nasce-il-nuovo-city-brand\\\/\",\"name\":\"Torino si racconta al mondo: nasce il nuovo City Brand - Fondazione Compagnia di San Paolo\",\"isPartOf\":{\"@id\":\"https:\\\/\\\/www.compagniadisanpaolo.it\\\/it\\\/#website\"},\"primaryImageOfPage\":{\"@id\":\"https:\\\/\\\/www.compagniadisanpaolo.it\\\/it\\\/news\\\/torino-si-racconta-al-mondo-nasce-il-nuovo-city-brand\\\/#primaryimage\"},\"image\":{\"@id\":\"https:\\\/\\\/www.compagniadisanpaolo.it\\\/it\\\/news\\\/torino-si-racconta-al-mondo-nasce-il-nuovo-city-brand\\\/#primaryimage\"},\"thumbnailUrl\":\"https:\\\/\\\/www.compagniadisanpaolo.it\\\/wp-content\\\/uploads\\\/NEWS-CSP_-Taglio-immagini-news-NUOVO-CITY-BRAND-PER-TORINO-foto_815X350.jpg\",\"datePublished\":\"2024-09-11T10:47:37+00:00\",\"description\":\"La Fondazione Compagnia di San Paolo partecipa al nuovo progetto di city branding per rilanciare l'immagine di Torino nel panorama internazionale.\",\"breadcrumb\":{\"@id\":\"https:\\\/\\\/www.compagniadisanpaolo.it\\\/it\\\/news\\\/torino-si-racconta-al-mondo-nasce-il-nuovo-city-brand\\\/#breadcrumb\"},\"inLanguage\":\"it-IT\",\"potentialAction\":[{\"@type\":\"ReadAction\",\"target\":[\"https:\\\/\\\/www.compagniadisanpaolo.it\\\/it\\\/news\\\/torino-si-racconta-al-mondo-nasce-il-nuovo-city-brand\\\/\"]}]},{\"@type\":\"ImageObject\",\"inLanguage\":\"it-IT\",\"@id\":\"https:\\\/\\\/www.compagniadisanpaolo.it\\\/it\\\/news\\\/torino-si-racconta-al-mondo-nasce-il-nuovo-city-brand\\\/#primaryimage\",\"url\":\"https:\\\/\\\/www.compagniadisanpaolo.it\\\/wp-content\\\/uploads\\\/NEWS-CSP_-Taglio-immagini-news-NUOVO-CITY-BRAND-PER-TORINO-foto_815X350.jpg\",\"contentUrl\":\"https:\\\/\\\/www.compagniadisanpaolo.it\\\/wp-content\\\/uploads\\\/NEWS-CSP_-Taglio-immagini-news-NUOVO-CITY-BRAND-PER-TORINO-foto_815X350.jpg\",\"width\":815,\"height\":350},{\"@type\":\"BreadcrumbList\",\"@id\":\"https:\\\/\\\/www.compagniadisanpaolo.it\\\/it\\\/news\\\/torino-si-racconta-al-mondo-nasce-il-nuovo-city-brand\\\/#breadcrumb\",\"itemListElement\":[{\"@type\":\"ListItem\",\"position\":1,\"name\":\"Home\",\"item\":\"https:\\\/\\\/www.compagniadisanpaolo.it\\\/it\\\/\"},{\"@type\":\"ListItem\",\"position\":2,\"name\":\"Torino si racconta al mondo: nasce il nuovo City Brand\"}]},{\"@type\":\"WebSite\",\"@id\":\"https:\\\/\\\/www.compagniadisanpaolo.it\\\/it\\\/#website\",\"url\":\"https:\\\/\\\/www.compagniadisanpaolo.it\\\/it\\\/\",\"name\":\"Fondazione Compagnia di San Paolo\",\"description\":\"\",\"publisher\":{\"@id\":\"https:\\\/\\\/www.compagniadisanpaolo.it\\\/it\\\/#organization\"},\"potentialAction\":[{\"@type\":\"SearchAction\",\"target\":{\"@type\":\"EntryPoint\",\"urlTemplate\":\"https:\\\/\\\/www.compagniadisanpaolo.it\\\/it\\\/?s={search_term_string}\"},\"query-input\":{\"@type\":\"PropertyValueSpecification\",\"valueRequired\":true,\"valueName\":\"search_term_string\"}}],\"inLanguage\":\"it-IT\"},{\"@type\":\"Organization\",\"@id\":\"https:\\\/\\\/www.compagniadisanpaolo.it\\\/it\\\/#organization\",\"name\":\"Fondazione Compagnia di San Paolo\",\"url\":\"https:\\\/\\\/www.compagniadisanpaolo.it\\\/it\\\/\",\"logo\":{\"@type\":\"ImageObject\",\"inLanguage\":\"it-IT\",\"@id\":\"https:\\\/\\\/www.compagniadisanpaolo.it\\\/it\\\/#\\\/schema\\\/logo\\\/image\\\/\",\"url\":\"https:\\\/\\\/www.compagniadisanpaolo.it\\\/wp-content\\\/uploads\\\/logo.svg\",\"contentUrl\":\"https:\\\/\\\/www.compagniadisanpaolo.it\\\/wp-content\\\/uploads\\\/logo.svg\",\"width\":769,\"height\":323,\"caption\":\"Fondazione Compagnia di San Paolo\"},\"image\":{\"@id\":\"https:\\\/\\\/www.compagniadisanpaolo.it\\\/it\\\/#\\\/schema\\\/logo\\\/image\\\/\"},\"sameAs\":[\"https:\\\/\\\/www.facebook.com\\\/CompagniaDiSanPaolo\",\"https:\\\/\\\/x.com\\\/CSP_live\",\"http:\\\/\\\/instagram.com\\\/compagniadisanpaolo?ref=badge\",\"https:\\\/\\\/www.linkedin.com\\\/company\\\/compagnia-di-san-paolo\",\"https:\\\/\\\/www.youtube.com\\\/user\\\/compagniadisanpaolo\",\"https:\\\/\\\/it.wikipedia.org\\\/wiki\\\/Compagnia_di_San_Paolo\"]},{\"@type\":\"Person\",\"@id\":\"https:\\\/\\\/www.compagniadisanpaolo.it\\\/it\\\/#\\\/schema\\\/person\\\/b7d5451541c25c82f29c5be1e78456b2\",\"name\":\"Federica\",\"image\":{\"@type\":\"ImageObject\",\"inLanguage\":\"it-IT\",\"@id\":\"https:\\\/\\\/secure.gravatar.com\\\/avatar\\\/b5698fa13ac389b1f1fb1263a4626e219d853d7ccf112e854aea8c9c087d24ae?s=96&d=mm&r=g\",\"url\":\"https:\\\/\\\/secure.gravatar.com\\\/avatar\\\/b5698fa13ac389b1f1fb1263a4626e219d853d7ccf112e854aea8c9c087d24ae?s=96&d=mm&r=g\",\"contentUrl\":\"https:\\\/\\\/secure.gravatar.com\\\/avatar\\\/b5698fa13ac389b1f1fb1263a4626e219d853d7ccf112e854aea8c9c087d24ae?s=96&d=mm&r=g\",\"caption\":\"Federica\"}}]}<\/script>\n<!-- \/ Yoast SEO plugin. -->","yoast_head_json":{"title":"Torino si racconta al mondo: nasce il nuovo City Brand - Fondazione Compagnia di San Paolo","description":"La Fondazione Compagnia di San Paolo partecipa al nuovo progetto di city branding per rilanciare l'immagine di Torino nel panorama internazionale.","robots":{"index":"index","follow":"follow","max-snippet":"max-snippet:-1","max-image-preview":"max-image-preview:large","max-video-preview":"max-video-preview:-1"},"canonical":"https:\/\/www.compagniadisanpaolo.it\/it\/news\/torino-si-racconta-al-mondo-nasce-il-nuovo-city-brand\/","og_locale":"it_IT","og_type":"article","og_title":"Torino si racconta al mondo: nasce il nuovo City Brand - Fondazione Compagnia di San Paolo","og_description":"La Fondazione Compagnia di San Paolo partecipa al nuovo progetto di city branding per rilanciare l'immagine di Torino nel panorama internazionale.","og_url":"https:\/\/www.compagniadisanpaolo.it\/it\/news\/torino-si-racconta-al-mondo-nasce-il-nuovo-city-brand\/","og_site_name":"Fondazione Compagnia di San Paolo","article_publisher":"https:\/\/www.facebook.com\/CompagniaDiSanPaolo","article_published_time":"2024-09-11T10:47:37+00:00","og_image":[{"width":815,"height":350,"url":"https:\/\/www.compagniadisanpaolo.it\/wp-content\/uploads\/NEWS-CSP_-Taglio-immagini-news-NUOVO-CITY-BRAND-PER-TORINO-foto_815X350.jpg","type":"image\/jpeg"}],"author":"Federica","twitter_card":"summary_large_image","twitter_creator":"@CSP_live","twitter_site":"@CSP_live","twitter_misc":{"Scritto da":"Federica","Tempo di lettura stimato":"3 minuti"},"schema":{"@context":"https:\/\/schema.org","@graph":[{"@type":"Article","@id":"https:\/\/www.compagniadisanpaolo.it\/it\/news\/torino-si-racconta-al-mondo-nasce-il-nuovo-city-brand\/#article","isPartOf":{"@id":"https:\/\/www.compagniadisanpaolo.it\/it\/news\/torino-si-racconta-al-mondo-nasce-il-nuovo-city-brand\/"},"author":{"name":"Federica","@id":"https:\/\/www.compagniadisanpaolo.it\/it\/#\/schema\/person\/b7d5451541c25c82f29c5be1e78456b2"},"headline":"Torino si racconta al mondo: nasce il nuovo City Brand","datePublished":"2024-09-11T10:47:37+00:00","mainEntityOfPage":{"@id":"https:\/\/www.compagniadisanpaolo.it\/it\/news\/torino-si-racconta-al-mondo-nasce-il-nuovo-city-brand\/"},"wordCount":631,"publisher":{"@id":"https:\/\/www.compagniadisanpaolo.it\/it\/#organization"},"image":{"@id":"https:\/\/www.compagniadisanpaolo.it\/it\/news\/torino-si-racconta-al-mondo-nasce-il-nuovo-city-brand\/#primaryimage"},"thumbnailUrl":"https:\/\/www.compagniadisanpaolo.it\/wp-content\/uploads\/NEWS-CSP_-Taglio-immagini-news-NUOVO-CITY-BRAND-PER-TORINO-foto_815X350.jpg","keywords":["capitale sociale","coesione sociale","creazione di reti solide","formazione","opportunit\u00e0 di professionalizzazione","protagonismo delle comunit\u00e0","salute","wellbeing"],"articleSection":["News"],"inLanguage":"it-IT"},{"@type":"WebPage","@id":"https:\/\/www.compagniadisanpaolo.it\/it\/news\/torino-si-racconta-al-mondo-nasce-il-nuovo-city-brand\/","url":"https:\/\/www.compagniadisanpaolo.it\/it\/news\/torino-si-racconta-al-mondo-nasce-il-nuovo-city-brand\/","name":"Torino si racconta al mondo: nasce il nuovo City Brand - Fondazione Compagnia di San Paolo","isPartOf":{"@id":"https:\/\/www.compagniadisanpaolo.it\/it\/#website"},"primaryImageOfPage":{"@id":"https:\/\/www.compagniadisanpaolo.it\/it\/news\/torino-si-racconta-al-mondo-nasce-il-nuovo-city-brand\/#primaryimage"},"image":{"@id":"https:\/\/www.compagniadisanpaolo.it\/it\/news\/torino-si-racconta-al-mondo-nasce-il-nuovo-city-brand\/#primaryimage"},"thumbnailUrl":"https:\/\/www.compagniadisanpaolo.it\/wp-content\/uploads\/NEWS-CSP_-Taglio-immagini-news-NUOVO-CITY-BRAND-PER-TORINO-foto_815X350.jpg","datePublished":"2024-09-11T10:47:37+00:00","description":"La Fondazione Compagnia di San Paolo partecipa al nuovo progetto di city branding per rilanciare l'immagine di Torino nel panorama internazionale.","breadcrumb":{"@id":"https:\/\/www.compagniadisanpaolo.it\/it\/news\/torino-si-racconta-al-mondo-nasce-il-nuovo-city-brand\/#breadcrumb"},"inLanguage":"it-IT","potentialAction":[{"@type":"ReadAction","target":["https:\/\/www.compagniadisanpaolo.it\/it\/news\/torino-si-racconta-al-mondo-nasce-il-nuovo-city-brand\/"]}]},{"@type":"ImageObject","inLanguage":"it-IT","@id":"https:\/\/www.compagniadisanpaolo.it\/it\/news\/torino-si-racconta-al-mondo-nasce-il-nuovo-city-brand\/#primaryimage","url":"https:\/\/www.compagniadisanpaolo.it\/wp-content\/uploads\/NEWS-CSP_-Taglio-immagini-news-NUOVO-CITY-BRAND-PER-TORINO-foto_815X350.jpg","contentUrl":"https:\/\/www.compagniadisanpaolo.it\/wp-content\/uploads\/NEWS-CSP_-Taglio-immagini-news-NUOVO-CITY-BRAND-PER-TORINO-foto_815X350.jpg","width":815,"height":350},{"@type":"BreadcrumbList","@id":"https:\/\/www.compagniadisanpaolo.it\/it\/news\/torino-si-racconta-al-mondo-nasce-il-nuovo-city-brand\/#breadcrumb","itemListElement":[{"@type":"ListItem","position":1,"name":"Home","item":"https:\/\/www.compagniadisanpaolo.it\/it\/"},{"@type":"ListItem","position":2,"name":"Torino si racconta al mondo: nasce il nuovo City Brand"}]},{"@type":"WebSite","@id":"https:\/\/www.compagniadisanpaolo.it\/it\/#website","url":"https:\/\/www.compagniadisanpaolo.it\/it\/","name":"Fondazione Compagnia di San Paolo","description":"","publisher":{"@id":"https:\/\/www.compagniadisanpaolo.it\/it\/#organization"},"potentialAction":[{"@type":"SearchAction","target":{"@type":"EntryPoint","urlTemplate":"https:\/\/www.compagniadisanpaolo.it\/it\/?s={search_term_string}"},"query-input":{"@type":"PropertyValueSpecification","valueRequired":true,"valueName":"search_term_string"}}],"inLanguage":"it-IT"},{"@type":"Organization","@id":"https:\/\/www.compagniadisanpaolo.it\/it\/#organization","name":"Fondazione Compagnia di San Paolo","url":"https:\/\/www.compagniadisanpaolo.it\/it\/","logo":{"@type":"ImageObject","inLanguage":"it-IT","@id":"https:\/\/www.compagniadisanpaolo.it\/it\/#\/schema\/logo\/image\/","url":"https:\/\/www.compagniadisanpaolo.it\/wp-content\/uploads\/logo.svg","contentUrl":"https:\/\/www.compagniadisanpaolo.it\/wp-content\/uploads\/logo.svg","width":769,"height":323,"caption":"Fondazione Compagnia di San Paolo"},"image":{"@id":"https:\/\/www.compagniadisanpaolo.it\/it\/#\/schema\/logo\/image\/"},"sameAs":["https:\/\/www.facebook.com\/CompagniaDiSanPaolo","https:\/\/x.com\/CSP_live","http:\/\/instagram.com\/compagniadisanpaolo?ref=badge","https:\/\/www.linkedin.com\/company\/compagnia-di-san-paolo","https:\/\/www.youtube.com\/user\/compagniadisanpaolo","https:\/\/it.wikipedia.org\/wiki\/Compagnia_di_San_Paolo"]},{"@type":"Person","@id":"https:\/\/www.compagniadisanpaolo.it\/it\/#\/schema\/person\/b7d5451541c25c82f29c5be1e78456b2","name":"Federica","image":{"@type":"ImageObject","inLanguage":"it-IT","@id":"https:\/\/secure.gravatar.com\/avatar\/b5698fa13ac389b1f1fb1263a4626e219d853d7ccf112e854aea8c9c087d24ae?s=96&d=mm&r=g","url":"https:\/\/secure.gravatar.com\/avatar\/b5698fa13ac389b1f1fb1263a4626e219d853d7ccf112e854aea8c9c087d24ae?s=96&d=mm&r=g","contentUrl":"https:\/\/secure.gravatar.com\/avatar\/b5698fa13ac389b1f1fb1263a4626e219d853d7ccf112e854aea8c9c087d24ae?s=96&d=mm&r=g","caption":"Federica"}}]}},"amp_enabled":true,"_links":{"self":[{"href":"https:\/\/www.compagniadisanpaolo.it\/it\/wp-json\/wp\/v2\/posts\/31069","targetHints":{"allow":["GET"]}}],"collection":[{"href":"https:\/\/www.compagniadisanpaolo.it\/it\/wp-json\/wp\/v2\/posts"}],"about":[{"href":"https:\/\/www.compagniadisanpaolo.it\/it\/wp-json\/wp\/v2\/types\/post"}],"author":[{"embeddable":true,"href":"https:\/\/www.compagniadisanpaolo.it\/it\/wp-json\/wp\/v2\/users\/19"}],"replies":[{"embeddable":true,"href":"https:\/\/www.compagniadisanpaolo.it\/it\/wp-json\/wp\/v2\/comments?post=31069"}],"version-history":[{"count":3,"href":"https:\/\/www.compagniadisanpaolo.it\/it\/wp-json\/wp\/v2\/posts\/31069\/revisions"}],"predecessor-version":[{"id":31084,"href":"https:\/\/www.compagniadisanpaolo.it\/it\/wp-json\/wp\/v2\/posts\/31069\/revisions\/31084"}],"wp:featuredmedia":[{"embeddable":true,"href":"https:\/\/www.compagniadisanpaolo.it\/it\/wp-json\/wp\/v2\/media\/31076"}],"wp:attachment":[{"href":"https:\/\/www.compagniadisanpaolo.it\/it\/wp-json\/wp\/v2\/media?parent=31069"}],"wp:term":[{"taxonomy":"category","embeddable":true,"href":"https:\/\/www.compagniadisanpaolo.it\/it\/wp-json\/wp\/v2\/categories?post=31069"},{"taxonomy":"post_tag","embeddable":true,"href":"https:\/\/www.compagniadisanpaolo.it\/it\/wp-json\/wp\/v2\/tags?post=31069"}],"curies":[{"name":"wp","href":"https:\/\/api.w.org\/{rel}","templated":true}]}}