{"id":30865,"date":"2024-07-26T14:45:20","date_gmt":"2024-07-26T12:45:20","guid":{"rendered":"https:\/\/www.compagniadisanpaolo.it\/?p=30865"},"modified":"2024-07-26T14:45:20","modified_gmt":"2024-07-26T12:45:20","slug":"festa-della-nascita-2024","status":"publish","type":"post","link":"https:\/\/www.compagniadisanpaolo.it\/it\/news\/festa-della-nascita-2024\/","title":{"rendered":"Festa della Nascita 2024"},"content":{"rendered":"<div class=\"wpb-content-wrapper\">[vc_row][vc_column][vc_column_text el_class=&#8221;text-headline2&#8243;]Ritorna l\u2019appuntamento di comunit\u00e0 per accogliere e celebrare l&#8217;arrivo delle nuove vite. La quarta edizione della Festa della Nascita, organizzata nell&#8217;ambito del Bando Cultura per Crescere, animer\u00e0 i suggestivi giardini della Reggia di Venaria il prossimo 15 settembre.[\/vc_column_text][\/vc_column][\/vc_row][vc_row][vc_column][vc_column_text]\n<div class=\"info-box mission\">\n\t\t<div class=\"info-box-wrap info-box-hor row pb-0\">\n\n\t\t      \n\t\t      <div class=\"spalla col-12 col-md-12\">\n\t\t\t<div class=\"info-box sharing-box\">\n\t\t\t  <span class=\"label\">Condividi:<\/span>\n\t\t\t  <div class=\"social-sharing\">\n\t\t\t    <span class=\"box\">\n\t\t\t      <a class=\"fb\" href=\"https:\/\/www.facebook.com\/sharer.php?u=https:\/\/www.compagniadisanpaolo.it\/it\/news\/festa-della-nascita-2024\/\" target=\"_blank\">\n\t\t\t\t<span class=\"sr-only\">Facebook<\/span>\n\t\t\t\t<i class=\"fab fa-facebook-f\"><\/i>\n\t\t\t      <\/a>\n\t\t\t    <\/span>\n\t\t\t    \n\t\t\t    <style>\n.twitter, .twitter:hover{\ncolor:#000000 !important;}\n<\/style>\n\n\n\t\t\t    <span class=\"box\">\n\t\t\t      <a class=\"twitter\" href=\"https:\/\/twitter.com\/intent\/tweet?url=https:\/\/www.compagniadisanpaolo.it\/it\/news\/festa-della-nascita-2024\/\">\n\t\t\t\t<span class=\"sr-only\">Twitter<\/span>\n\t\t\t\t<i class=\"fa-brands fa-x-twitter\"><\/i>\n\t\t\t      <\/a>\n\t\t\t    <\/span>\n\n\t\t\t    \n\t\t\t    <span class=\"box\">\n\t\t\t      <a class=\"linkedin\" href=\"https:\/\/www.linkedin.com\/shareArticle?mini=true&url=https:\/\/www.compagniadisanpaolo.it\/it\/news\/festa-della-nascita-2024\/\">\n\t\t\t\t<span class=\"sr-only\">Linkedin<\/span>\n\t\t\t\t  <i class=\"fa-brands fa-linkedin-in\"><\/i>\n\t\t\t      <\/a>\n\t\t\t    <\/span>\n\n\t\t\t    <span class=\"box\">\n\t\t\t      <a class=\"whatsapp\" href=\"whatsapp:\/\/send?text=https:\/\/www.compagniadisanpaolo.it\/it\/news\/festa-della-nascita-2024\/\" data-action=\"share\/whatsapp\/share\">\n\t\t\t\t<span class=\"sr-only\">Whatsapp<\/span>\n\t\t\t\t<i class=\"fa-brands fa-whatsapp\"><\/i>\n\t\t\t      <\/a>\n\t\t\t    <\/span>\n\n\t\t\t    <span class=\"box\">\n\t\t\t      <a class=\"mail\" href=\"mailto:?subject=Festa della Nascita 2024&body=https:\/\/www.compagniadisanpaolo.it\/it\/news\/festa-della-nascita-2024\/\">\n\t\t\t\t<span class=\"sr-only\">Mail<\/span>\n\t\t\t\t <i class=\"fa-solid fa-envelope\"><\/i>\n\t\t\t      <\/a>\n\t\t\t    <\/span>\n\t\t\t    \n\t\t\t  <\/div>\n\t\t\t<\/div>\n\t      <\/div>\n\t    <\/div><\/div>\n[\/vc_column_text][\/vc_column][\/vc_row][vc_row][vc_column width=&#8221;1\/4&#8243;][vc_column_text]\n\n\n\t\t<div class=\"info-box-wrap\">\n\n\t  <div class=\"info-box date-pub\">\n\t  \t<span class=\"label\">Data di pubblicazione:<\/span>\n\t    <span class=\"value\">26 Luglio 2024<\/span>\n\t  <\/div>\n\t\t\t\t  <div class=\"info-box obj-culture\">\n\t\t\t\t\t  <div class=\"info-box obj\"><span class=\"label\">Obiettivo<\/span>\n\t\t\t\t\t    <div class=\"obj-small-box\">\n\t\t\t\t\t      <span>Cultura.<\/span>\n\t\t\t\t\t    <\/div>\n\t\t\t\t\t  <\/div>\n\t\t\t\t  <\/div>\n\t\t\t  <div class=\"info-box mission\"><span class=\"label\">Tag<\/span><a href=\"https:\/\/www.compagniadisanpaolo.it\/it\/tags\/risultati\/?_sft_post_tag=comunita-educanti\" class=\"tag-element\">Comunit\u00e0 educanti<\/a><a href=\"https:\/\/www.compagniadisanpaolo.it\/it\/tags\/risultati\/?_sft_post_tag=empowerment-delle-famiglie\" class=\"tag-element\">Empowerment delle famiglie<\/a><a href=\"https:\/\/www.compagniadisanpaolo.it\/it\/tags\/risultati\/?_sft_post_tag=formazione\" class=\"tag-element\">Formazione<\/a><\/div>\t  \n\t<\/div>\n[\/vc_column_text][\/vc_column][vc_column width=&#8221;3\/4&#8243; el_class=&#8221;page-content&#8221;][vc_column_text el_class=&#8221;text&#8221;]La <strong>Fondazione Compagnia di San Paolo <\/strong>\u00e8 lieta di annunciare, in collaborazione con la <strong>Reggia di Venaria<\/strong> e altri partner istituzionali, la <strong>quarta edizione della Festa della Nascita<\/strong>.<\/p>\n<p>Dopo il grande successo delle precedenti edizioni con oltre duemila partecipanti di Famiglie 0-2, <strong>domenica 15 settembre<\/strong>, nei <strong>giardini della Reggia di Venaria<\/strong>, dalle 10.00 alle 19.00 si svolger\u00e0 l\u2019edizione 2024 di questa iniziativa, volta ad accogliere e celebrare con le loro <strong>Famiglie i bimbi e le bimbe nat<\/strong><strong>i<\/strong><strong> nel 2023 e nel 2024<\/strong>.<\/p>\n<p>Una giornata all\u2019insegna della meraviglia, del relax e della gioia. Una festa, completamente gratuita, <strong>dedicata a tutte le famiglie<\/strong> per consentire loro di <strong>conoscere le opportunit\u00e0 offerte dai servizi locali<\/strong>, dal mondo della <strong>cultura<\/strong> e della <strong>sanit\u00e0<\/strong>, conoscendo e confrontandosi con esperti del settore.<\/p>\n<p>Per tutta la giornata, nelle isole dedicate ai diversi temi, si svolgeranno <strong>laboratori<\/strong>, <strong>attivit\u00e0<\/strong> <strong>ludico<\/strong>&#8211;<strong>ricreative<\/strong> e <strong>informative<\/strong> all\u2019insegna del benessere: esperienze che potranno essere realizzate in seguito in famiglia o nelle diverse realt\u00e0 del territorio, nelle biblioteche, nei centri culturali ed educativi.<\/p>\n<p>L\u2019appuntamento &#8211; curato dalla <strong>Reggia di Venaria<\/strong> in collaborazione con <strong>CCW-Cultural Welfare<\/strong> <strong>Center<\/strong>, <strong>La Rete delle Donne<\/strong>, <strong>l\u2019ASL TO4<\/strong> con la partecipazione degli <strong>ospedali di Ciri\u00e8<\/strong>, <strong>Chivasso<\/strong> <strong>e Ivrea<\/strong> \u2013 vede il coinvolgimento attivo di tutte le aziende ospedaliere della Citt\u00e0 di Torino e dell\u2019area metropolitana: AOU Citt\u00e0 della Salute e della Scienza con l\u2019Ospedale S. Anna, ASL Citt\u00e0 di Torino con gli Ospedali Maria Vittoria e Martini e i Consultori familiari e pediatrici, A.O. Ordine Mauriziano di Torino, ASL TO3 con gli Ospedali di Rivoli, Pinerolo e i Consultori territoriali, ASL TO5.<\/p>\n<p>All&#8217;iniziativa partecipa una <strong>rete di 30 citt\u00e0<\/strong><sup>*<\/sup> dell&#8217;area metropolitana torinese che hanno adottato il <strong>Passaporto culturale &#8211; Nati con la Cultura<\/strong>, ideato <strong>dalla Fondazione Medicina a Misura di Donna<\/strong>. Questo passaporto consente alle famiglie di accedere gratuitamente a oltre <strong>45 musei Family and Kids Friendly della Rete Abbonamento Musei Piemonte<\/strong> durante il primo anno di vita dei bambini. Il passaporto viene consegnato alla nascita in ospedale, inviato dalle amministrazioni cittadine o scaricabile online dal sito <a href=\"http:\/\/www.naticonlacultura.it\">www.naticonlacultura.it<\/a>.<\/p>\n<p>La partecipazione alla <strong>Festa della Nascita 2024<\/strong> \u00e8 aperta a tutte le famiglie con bambini e bambine nati nel 2023 e 2024 (2 adulti per ogni nuovo nato, oltre a fratelli e sorelle) dotati di passaporto culturale. Il progetto rientra nell\u2019azione di sistema \u201c<strong>Milleculle: nutrirsi di cultura<\/strong>\u201d <strong>promossa da Fondazione Compagnia di San Paolo<\/strong> con il bando <strong>Cultura per Crescere<\/strong>, che pone in rete i principali progetti culturali dedicati alla prima infanzia: Nati per Leggere (biblioteche), Nati con la Cultura (musei), Nati per la Musica abbracciano il mondo sanitario, sociale ed educativo a favore delle famiglie.<\/p>\n<p>Anche quest&#8217;anno potranno prendere parte le donne in gravidanza che hanno ricevuto il\u00a0<strong>Passaporto Culturale per la Mamma<\/strong>, consegnato durante i corsi di accompagnamento alla nascita dal mese di settembre 2023.<\/p>\n<p>In caso di maltempo l\u2019appuntamento viene confermato all\u2019interno della Reggia.<\/p>\n<p>L&#8217;evento \u00e8 patrocinato da Fondazione Medicina a Misura di Donna, UNICEF e CSB Centro della Salute del Bambino.<\/p>\n<p>Collaborano all&#8217;iniziativa: AIB \u2013 Nati per Leggere Piemonte, le biblioteche dello SBAM \u2013 Sistema bibliotecario dell\u2019area metropolitana torinese, SBIC &#8211; Sistema bibliotecario Ivrea e Canavese, Biblioteche civiche torinesi, Abbonamento Musei, Associazione Culturale TerraTerra, Associazione Istituto Musicale L. Sinigaglia \u2013 Nati per la Musica, Filieradarte &#8211; Nati per muoverci, Fondazione PAIDEIA, Corso di Laurea Infermieristica Pediatrica e il Corso di Laurea in Ostetricia &#8211; Unito, Fondazione Compagnia di San Paolo, Legalarte, Mito per la Citt\u00e0 &#8211; Fondazione per la Cultura di Torino e Unicef Piemonte.<\/p>\n<p>L&#8217;evento \u00e8 sostenuto da: Centrale del Latte di Torino, Fondo Micol Carrara, Rotary Club Torino San Carlo e Ricola.<\/p>\n<p><strong>Per aderire \u00e8 necessario prenotarsi al seguente link <\/strong><a href=\"https:\/\/festadellanascita2024.eventbrite.it\" target=\"_blank\" rel=\"noopener\"><strong>festadellanascita2024.eventbrite.it<\/strong><\/a><strong> entro il 13 settembre.<\/strong><\/p>\n<p>&nbsp;<\/p>\n<p>&nbsp;<\/p>\n<p>&nbsp;<\/p>\n<p><sup>*Tra i comuni che contribuiscono all&#8217;edizione 2024 ci sono: Alpignano, Avigliana, Beinasco, Borgaro Torinese, Bruino, Carmagnola, Caselle Torinese, Chieri, Chivasso, Ciri\u00e8, Collegno, Cuorgn\u00e8, Druento, Foglizzo, Grugliasco, La Cassa, La Loggia, Lein\u00ec, Moncalieri, Pianezza, Pinerolo, Rivoli, Rosta, San Gillio, San Maurizio Canavese, San Mauro Torinese, Settimo Torinese, Torino, Venaria Reale e Volpiano.<\/sup><\/p>\n[\/vc_column_text][\/vc_column][\/vc_row][vc_row el_class=&#8221;sdg-list-wrap&#8221;][vc_column][vc_raw_html]JTVCbW9zdHJhU0RHUyU1RA==[\/vc_raw_html][\/vc_column][\/vc_row][vc_row disable_element=&#8221;yes&#8221; el_class=&#8221;sdg-list-wrap&#8221;][vc_column][vc_raw_html]JTVCU2V6aW9uZV9Eb2N1bWVudGklNUQ=[\/vc_raw_html][\/vc_column][\/vc_row][vc_row][vc_column]<div class=\"templatera_shortcode\"><div data-vc-full-width=\"true\" data-vc-full-width-temp=\"true\" data-vc-full-width-init=\"false\" class=\"vc_row wpb_row vc_row-fluid newsletter-wrap\"><div class=\"wpb_column vc_column_container vc_col-sm-12\"><div class=\"vc_column-inner\"><div class=\"wpb_wrapper\">\n\t<div class=\"wpb_raw_code wpb_raw_html wpb_content_element\" >\n\t\t<div class=\"wpb_wrapper\">\n\t\t\t    <div class=\"container\">\n      <div class=\"row align-items-center\">\n\t<div class=\"col-12 col-lg-6 col-xl-5 mb-3 mb-lg-0 pr-0\">\n\t  <h2 class=\"title\">Rimani aggiornato sui nostri bandi e sui nostri progetti<\/h2>\n\t<\/div>\n\t<div class=\"col-12 col-lg-6 col-xl-7 pl-xl-4\">\n\t  <a class=\"standard-link-block\" href=\"\/it\/newsletter\/\">\n\t    Compila il form e decidi su quale argomento vuoi ricevere notizie.\t    <strong>\u00a0 ISCRIVITI!<\/strong>\n\t  <\/a>\n\t<\/div>\n      <\/div>\n    <\/div>\n\t\t<\/div>\n\t<\/div>\n<\/div><\/div><\/div><\/div><div class=\"vc_row-full-width vc_clearfix\"><\/div><\/div>[\/vc_column][\/vc_row]\n<\/div>","protected":false},"excerpt":{"rendered":"<p>Ritorna l\u2019appuntamento di comunit\u00e0 per accogliere e celebrare l&#8217;arrivo delle nuove vite. La quarta edizione della Festa della Nascita, organizzata nell&#8217;ambito del Bando Cultura per Crescere, animer\u00e0 i suggestivi giardini della Reggia di Venaria il prossimo 15 settembre. <\/p>\n","protected":false},"author":19,"featured_media":30875,"comment_status":"closed","ping_status":"closed","sticky":false,"template":"","format":"standard","meta":{"_acf_changed":false,"content-type":"","footnotes":""},"categories":[17],"tags":[81,80,53],"class_list":["post-30865","post","type-post","status-publish","format-standard","has-post-thumbnail","hentry","category-news","tag-comunita-educanti","tag-empowerment-delle-famiglie","tag-formazione","entry","post-inner"],"acf":[],"yoast_head":"<!-- This site is optimized with the Yoast SEO plugin v27.3 - https:\/\/yoast.com\/product\/yoast-seo-wordpress\/ -->\n<title>Festa della Nascita 2024 - Fondazione Compagnia di San Paolo<\/title>\n<meta name=\"description\" content=\"Ritorna l\u2019appuntamento di comunit\u00e0 per accogliere e celebrare l&#039;arrivo delle nuove vite. La quarta edizione dell&#039;iniziativa animer\u00e0 i giardini della Reggia di Venaria il prossimo 15 settembre.\" \/>\n<meta name=\"robots\" content=\"index, follow, max-snippet:-1, max-image-preview:large, max-video-preview:-1\" \/>\n<link rel=\"canonical\" href=\"https:\/\/www.compagniadisanpaolo.it\/it\/news\/festa-della-nascita-2024\/\" \/>\n<meta property=\"og:locale\" content=\"it_IT\" \/>\n<meta property=\"og:type\" content=\"article\" \/>\n<meta property=\"og:title\" content=\"Festa della Nascita 2024 - Fondazione Compagnia di San Paolo\" \/>\n<meta property=\"og:description\" content=\"Ritorna l\u2019appuntamento di comunit\u00e0 per accogliere e celebrare l&#039;arrivo delle nuove vite. La quarta edizione dell&#039;iniziativa animer\u00e0 i giardini della Reggia di Venaria il prossimo 15 settembre.\" \/>\n<meta property=\"og:url\" content=\"https:\/\/www.compagniadisanpaolo.it\/it\/news\/festa-della-nascita-2024\/\" \/>\n<meta property=\"og:site_name\" content=\"Fondazione Compagnia di San Paolo\" \/>\n<meta property=\"article:publisher\" content=\"https:\/\/www.facebook.com\/CompagniaDiSanPaolo\" \/>\n<meta property=\"article:published_time\" content=\"2024-07-26T12:45:20+00:00\" \/>\n<meta property=\"og:image\" content=\"https:\/\/www.compagniadisanpaolo.it\/wp-content\/uploads\/CSP-Taglio-immagini-news-Festa-della-Nascita_815X350.jpg\" \/>\n\t<meta property=\"og:image:width\" content=\"815\" \/>\n\t<meta property=\"og:image:height\" content=\"350\" \/>\n\t<meta property=\"og:image:type\" content=\"image\/jpeg\" \/>\n<meta name=\"author\" content=\"Federica\" \/>\n<meta name=\"twitter:card\" content=\"summary_large_image\" \/>\n<meta name=\"twitter:creator\" content=\"@CSP_live\" \/>\n<meta name=\"twitter:site\" content=\"@CSP_live\" \/>\n<meta name=\"twitter:label1\" content=\"Scritto da\" \/>\n\t<meta name=\"twitter:data1\" content=\"Federica\" \/>\n\t<meta name=\"twitter:label2\" content=\"Tempo di lettura stimato\" \/>\n\t<meta name=\"twitter:data2\" content=\"4 minuti\" \/>\n<script type=\"application\/ld+json\" class=\"yoast-schema-graph\">{\"@context\":\"https:\\\/\\\/schema.org\",\"@graph\":[{\"@type\":\"Article\",\"@id\":\"https:\\\/\\\/www.compagniadisanpaolo.it\\\/it\\\/news\\\/festa-della-nascita-2024\\\/#article\",\"isPartOf\":{\"@id\":\"https:\\\/\\\/www.compagniadisanpaolo.it\\\/it\\\/news\\\/festa-della-nascita-2024\\\/\"},\"author\":{\"name\":\"Federica\",\"@id\":\"https:\\\/\\\/www.compagniadisanpaolo.it\\\/it\\\/#\\\/schema\\\/person\\\/b7d5451541c25c82f29c5be1e78456b2\"},\"headline\":\"Festa della Nascita 2024\",\"datePublished\":\"2024-07-26T12:45:20+00:00\",\"mainEntityOfPage\":{\"@id\":\"https:\\\/\\\/www.compagniadisanpaolo.it\\\/it\\\/news\\\/festa-della-nascita-2024\\\/\"},\"wordCount\":820,\"publisher\":{\"@id\":\"https:\\\/\\\/www.compagniadisanpaolo.it\\\/it\\\/#organization\"},\"image\":{\"@id\":\"https:\\\/\\\/www.compagniadisanpaolo.it\\\/it\\\/news\\\/festa-della-nascita-2024\\\/#primaryimage\"},\"thumbnailUrl\":\"https:\\\/\\\/www.compagniadisanpaolo.it\\\/wp-content\\\/uploads\\\/CSP-Taglio-immagini-news-Festa-della-Nascita_815X350.jpg\",\"keywords\":[\"comunit\u00e0 educanti\",\"empowerment delle famiglie\",\"formazione\"],\"articleSection\":[\"News\"],\"inLanguage\":\"it-IT\"},{\"@type\":\"WebPage\",\"@id\":\"https:\\\/\\\/www.compagniadisanpaolo.it\\\/it\\\/news\\\/festa-della-nascita-2024\\\/\",\"url\":\"https:\\\/\\\/www.compagniadisanpaolo.it\\\/it\\\/news\\\/festa-della-nascita-2024\\\/\",\"name\":\"Festa della Nascita 2024 - Fondazione Compagnia di San Paolo\",\"isPartOf\":{\"@id\":\"https:\\\/\\\/www.compagniadisanpaolo.it\\\/it\\\/#website\"},\"primaryImageOfPage\":{\"@id\":\"https:\\\/\\\/www.compagniadisanpaolo.it\\\/it\\\/news\\\/festa-della-nascita-2024\\\/#primaryimage\"},\"image\":{\"@id\":\"https:\\\/\\\/www.compagniadisanpaolo.it\\\/it\\\/news\\\/festa-della-nascita-2024\\\/#primaryimage\"},\"thumbnailUrl\":\"https:\\\/\\\/www.compagniadisanpaolo.it\\\/wp-content\\\/uploads\\\/CSP-Taglio-immagini-news-Festa-della-Nascita_815X350.jpg\",\"datePublished\":\"2024-07-26T12:45:20+00:00\",\"description\":\"Ritorna l\u2019appuntamento di comunit\u00e0 per accogliere e celebrare l'arrivo delle nuove vite. La quarta edizione dell'iniziativa animer\u00e0 i giardini della Reggia di Venaria il prossimo 15 settembre.\",\"breadcrumb\":{\"@id\":\"https:\\\/\\\/www.compagniadisanpaolo.it\\\/it\\\/news\\\/festa-della-nascita-2024\\\/#breadcrumb\"},\"inLanguage\":\"it-IT\",\"potentialAction\":[{\"@type\":\"ReadAction\",\"target\":[\"https:\\\/\\\/www.compagniadisanpaolo.it\\\/it\\\/news\\\/festa-della-nascita-2024\\\/\"]}]},{\"@type\":\"ImageObject\",\"inLanguage\":\"it-IT\",\"@id\":\"https:\\\/\\\/www.compagniadisanpaolo.it\\\/it\\\/news\\\/festa-della-nascita-2024\\\/#primaryimage\",\"url\":\"https:\\\/\\\/www.compagniadisanpaolo.it\\\/wp-content\\\/uploads\\\/CSP-Taglio-immagini-news-Festa-della-Nascita_815X350.jpg\",\"contentUrl\":\"https:\\\/\\\/www.compagniadisanpaolo.it\\\/wp-content\\\/uploads\\\/CSP-Taglio-immagini-news-Festa-della-Nascita_815X350.jpg\",\"width\":815,\"height\":350},{\"@type\":\"BreadcrumbList\",\"@id\":\"https:\\\/\\\/www.compagniadisanpaolo.it\\\/it\\\/news\\\/festa-della-nascita-2024\\\/#breadcrumb\",\"itemListElement\":[{\"@type\":\"ListItem\",\"position\":1,\"name\":\"Home\",\"item\":\"https:\\\/\\\/www.compagniadisanpaolo.it\\\/it\\\/\"},{\"@type\":\"ListItem\",\"position\":2,\"name\":\"Festa della Nascita 2024\"}]},{\"@type\":\"WebSite\",\"@id\":\"https:\\\/\\\/www.compagniadisanpaolo.it\\\/it\\\/#website\",\"url\":\"https:\\\/\\\/www.compagniadisanpaolo.it\\\/it\\\/\",\"name\":\"Fondazione Compagnia di San Paolo\",\"description\":\"\",\"publisher\":{\"@id\":\"https:\\\/\\\/www.compagniadisanpaolo.it\\\/it\\\/#organization\"},\"potentialAction\":[{\"@type\":\"SearchAction\",\"target\":{\"@type\":\"EntryPoint\",\"urlTemplate\":\"https:\\\/\\\/www.compagniadisanpaolo.it\\\/it\\\/?s={search_term_string}\"},\"query-input\":{\"@type\":\"PropertyValueSpecification\",\"valueRequired\":true,\"valueName\":\"search_term_string\"}}],\"inLanguage\":\"it-IT\"},{\"@type\":\"Organization\",\"@id\":\"https:\\\/\\\/www.compagniadisanpaolo.it\\\/it\\\/#organization\",\"name\":\"Fondazione Compagnia di San Paolo\",\"url\":\"https:\\\/\\\/www.compagniadisanpaolo.it\\\/it\\\/\",\"logo\":{\"@type\":\"ImageObject\",\"inLanguage\":\"it-IT\",\"@id\":\"https:\\\/\\\/www.compagniadisanpaolo.it\\\/it\\\/#\\\/schema\\\/logo\\\/image\\\/\",\"url\":\"https:\\\/\\\/www.compagniadisanpaolo.it\\\/wp-content\\\/uploads\\\/logo.svg\",\"contentUrl\":\"https:\\\/\\\/www.compagniadisanpaolo.it\\\/wp-content\\\/uploads\\\/logo.svg\",\"width\":769,\"height\":323,\"caption\":\"Fondazione Compagnia di San Paolo\"},\"image\":{\"@id\":\"https:\\\/\\\/www.compagniadisanpaolo.it\\\/it\\\/#\\\/schema\\\/logo\\\/image\\\/\"},\"sameAs\":[\"https:\\\/\\\/www.facebook.com\\\/CompagniaDiSanPaolo\",\"https:\\\/\\\/x.com\\\/CSP_live\",\"http:\\\/\\\/instagram.com\\\/compagniadisanpaolo?ref=badge\",\"https:\\\/\\\/www.linkedin.com\\\/company\\\/compagnia-di-san-paolo\",\"https:\\\/\\\/www.youtube.com\\\/user\\\/compagniadisanpaolo\",\"https:\\\/\\\/it.wikipedia.org\\\/wiki\\\/Compagnia_di_San_Paolo\"]},{\"@type\":\"Person\",\"@id\":\"https:\\\/\\\/www.compagniadisanpaolo.it\\\/it\\\/#\\\/schema\\\/person\\\/b7d5451541c25c82f29c5be1e78456b2\",\"name\":\"Federica\",\"image\":{\"@type\":\"ImageObject\",\"inLanguage\":\"it-IT\",\"@id\":\"https:\\\/\\\/secure.gravatar.com\\\/avatar\\\/b5698fa13ac389b1f1fb1263a4626e219d853d7ccf112e854aea8c9c087d24ae?s=96&d=mm&r=g\",\"url\":\"https:\\\/\\\/secure.gravatar.com\\\/avatar\\\/b5698fa13ac389b1f1fb1263a4626e219d853d7ccf112e854aea8c9c087d24ae?s=96&d=mm&r=g\",\"contentUrl\":\"https:\\\/\\\/secure.gravatar.com\\\/avatar\\\/b5698fa13ac389b1f1fb1263a4626e219d853d7ccf112e854aea8c9c087d24ae?s=96&d=mm&r=g\",\"caption\":\"Federica\"}}]}<\/script>\n<!-- \/ Yoast SEO plugin. -->","yoast_head_json":{"title":"Festa della Nascita 2024 - Fondazione Compagnia di San Paolo","description":"Ritorna l\u2019appuntamento di comunit\u00e0 per accogliere e celebrare l'arrivo delle nuove vite. La quarta edizione dell'iniziativa animer\u00e0 i giardini della Reggia di Venaria il prossimo 15 settembre.","robots":{"index":"index","follow":"follow","max-snippet":"max-snippet:-1","max-image-preview":"max-image-preview:large","max-video-preview":"max-video-preview:-1"},"canonical":"https:\/\/www.compagniadisanpaolo.it\/it\/news\/festa-della-nascita-2024\/","og_locale":"it_IT","og_type":"article","og_title":"Festa della Nascita 2024 - Fondazione Compagnia di San Paolo","og_description":"Ritorna l\u2019appuntamento di comunit\u00e0 per accogliere e celebrare l'arrivo delle nuove vite. La quarta edizione dell'iniziativa animer\u00e0 i giardini della Reggia di Venaria il prossimo 15 settembre.","og_url":"https:\/\/www.compagniadisanpaolo.it\/it\/news\/festa-della-nascita-2024\/","og_site_name":"Fondazione Compagnia di San Paolo","article_publisher":"https:\/\/www.facebook.com\/CompagniaDiSanPaolo","article_published_time":"2024-07-26T12:45:20+00:00","og_image":[{"width":815,"height":350,"url":"https:\/\/www.compagniadisanpaolo.it\/wp-content\/uploads\/CSP-Taglio-immagini-news-Festa-della-Nascita_815X350.jpg","type":"image\/jpeg"}],"author":"Federica","twitter_card":"summary_large_image","twitter_creator":"@CSP_live","twitter_site":"@CSP_live","twitter_misc":{"Scritto da":"Federica","Tempo di lettura stimato":"4 minuti"},"schema":{"@context":"https:\/\/schema.org","@graph":[{"@type":"Article","@id":"https:\/\/www.compagniadisanpaolo.it\/it\/news\/festa-della-nascita-2024\/#article","isPartOf":{"@id":"https:\/\/www.compagniadisanpaolo.it\/it\/news\/festa-della-nascita-2024\/"},"author":{"name":"Federica","@id":"https:\/\/www.compagniadisanpaolo.it\/it\/#\/schema\/person\/b7d5451541c25c82f29c5be1e78456b2"},"headline":"Festa della Nascita 2024","datePublished":"2024-07-26T12:45:20+00:00","mainEntityOfPage":{"@id":"https:\/\/www.compagniadisanpaolo.it\/it\/news\/festa-della-nascita-2024\/"},"wordCount":820,"publisher":{"@id":"https:\/\/www.compagniadisanpaolo.it\/it\/#organization"},"image":{"@id":"https:\/\/www.compagniadisanpaolo.it\/it\/news\/festa-della-nascita-2024\/#primaryimage"},"thumbnailUrl":"https:\/\/www.compagniadisanpaolo.it\/wp-content\/uploads\/CSP-Taglio-immagini-news-Festa-della-Nascita_815X350.jpg","keywords":["comunit\u00e0 educanti","empowerment delle famiglie","formazione"],"articleSection":["News"],"inLanguage":"it-IT"},{"@type":"WebPage","@id":"https:\/\/www.compagniadisanpaolo.it\/it\/news\/festa-della-nascita-2024\/","url":"https:\/\/www.compagniadisanpaolo.it\/it\/news\/festa-della-nascita-2024\/","name":"Festa della Nascita 2024 - Fondazione Compagnia di San Paolo","isPartOf":{"@id":"https:\/\/www.compagniadisanpaolo.it\/it\/#website"},"primaryImageOfPage":{"@id":"https:\/\/www.compagniadisanpaolo.it\/it\/news\/festa-della-nascita-2024\/#primaryimage"},"image":{"@id":"https:\/\/www.compagniadisanpaolo.it\/it\/news\/festa-della-nascita-2024\/#primaryimage"},"thumbnailUrl":"https:\/\/www.compagniadisanpaolo.it\/wp-content\/uploads\/CSP-Taglio-immagini-news-Festa-della-Nascita_815X350.jpg","datePublished":"2024-07-26T12:45:20+00:00","description":"Ritorna l\u2019appuntamento di comunit\u00e0 per accogliere e celebrare l'arrivo delle nuove vite. La quarta edizione dell'iniziativa animer\u00e0 i giardini della Reggia di Venaria il prossimo 15 settembre.","breadcrumb":{"@id":"https:\/\/www.compagniadisanpaolo.it\/it\/news\/festa-della-nascita-2024\/#breadcrumb"},"inLanguage":"it-IT","potentialAction":[{"@type":"ReadAction","target":["https:\/\/www.compagniadisanpaolo.it\/it\/news\/festa-della-nascita-2024\/"]}]},{"@type":"ImageObject","inLanguage":"it-IT","@id":"https:\/\/www.compagniadisanpaolo.it\/it\/news\/festa-della-nascita-2024\/#primaryimage","url":"https:\/\/www.compagniadisanpaolo.it\/wp-content\/uploads\/CSP-Taglio-immagini-news-Festa-della-Nascita_815X350.jpg","contentUrl":"https:\/\/www.compagniadisanpaolo.it\/wp-content\/uploads\/CSP-Taglio-immagini-news-Festa-della-Nascita_815X350.jpg","width":815,"height":350},{"@type":"BreadcrumbList","@id":"https:\/\/www.compagniadisanpaolo.it\/it\/news\/festa-della-nascita-2024\/#breadcrumb","itemListElement":[{"@type":"ListItem","position":1,"name":"Home","item":"https:\/\/www.compagniadisanpaolo.it\/it\/"},{"@type":"ListItem","position":2,"name":"Festa della Nascita 2024"}]},{"@type":"WebSite","@id":"https:\/\/www.compagniadisanpaolo.it\/it\/#website","url":"https:\/\/www.compagniadisanpaolo.it\/it\/","name":"Fondazione Compagnia di San Paolo","description":"","publisher":{"@id":"https:\/\/www.compagniadisanpaolo.it\/it\/#organization"},"potentialAction":[{"@type":"SearchAction","target":{"@type":"EntryPoint","urlTemplate":"https:\/\/www.compagniadisanpaolo.it\/it\/?s={search_term_string}"},"query-input":{"@type":"PropertyValueSpecification","valueRequired":true,"valueName":"search_term_string"}}],"inLanguage":"it-IT"},{"@type":"Organization","@id":"https:\/\/www.compagniadisanpaolo.it\/it\/#organization","name":"Fondazione Compagnia di San Paolo","url":"https:\/\/www.compagniadisanpaolo.it\/it\/","logo":{"@type":"ImageObject","inLanguage":"it-IT","@id":"https:\/\/www.compagniadisanpaolo.it\/it\/#\/schema\/logo\/image\/","url":"https:\/\/www.compagniadisanpaolo.it\/wp-content\/uploads\/logo.svg","contentUrl":"https:\/\/www.compagniadisanpaolo.it\/wp-content\/uploads\/logo.svg","width":769,"height":323,"caption":"Fondazione Compagnia di San Paolo"},"image":{"@id":"https:\/\/www.compagniadisanpaolo.it\/it\/#\/schema\/logo\/image\/"},"sameAs":["https:\/\/www.facebook.com\/CompagniaDiSanPaolo","https:\/\/x.com\/CSP_live","http:\/\/instagram.com\/compagniadisanpaolo?ref=badge","https:\/\/www.linkedin.com\/company\/compagnia-di-san-paolo","https:\/\/www.youtube.com\/user\/compagniadisanpaolo","https:\/\/it.wikipedia.org\/wiki\/Compagnia_di_San_Paolo"]},{"@type":"Person","@id":"https:\/\/www.compagniadisanpaolo.it\/it\/#\/schema\/person\/b7d5451541c25c82f29c5be1e78456b2","name":"Federica","image":{"@type":"ImageObject","inLanguage":"it-IT","@id":"https:\/\/secure.gravatar.com\/avatar\/b5698fa13ac389b1f1fb1263a4626e219d853d7ccf112e854aea8c9c087d24ae?s=96&d=mm&r=g","url":"https:\/\/secure.gravatar.com\/avatar\/b5698fa13ac389b1f1fb1263a4626e219d853d7ccf112e854aea8c9c087d24ae?s=96&d=mm&r=g","contentUrl":"https:\/\/secure.gravatar.com\/avatar\/b5698fa13ac389b1f1fb1263a4626e219d853d7ccf112e854aea8c9c087d24ae?s=96&d=mm&r=g","caption":"Federica"}}]}},"amp_enabled":true,"_links":{"self":[{"href":"https:\/\/www.compagniadisanpaolo.it\/it\/wp-json\/wp\/v2\/posts\/30865","targetHints":{"allow":["GET"]}}],"collection":[{"href":"https:\/\/www.compagniadisanpaolo.it\/it\/wp-json\/wp\/v2\/posts"}],"about":[{"href":"https:\/\/www.compagniadisanpaolo.it\/it\/wp-json\/wp\/v2\/types\/post"}],"author":[{"embeddable":true,"href":"https:\/\/www.compagniadisanpaolo.it\/it\/wp-json\/wp\/v2\/users\/19"}],"replies":[{"embeddable":true,"href":"https:\/\/www.compagniadisanpaolo.it\/it\/wp-json\/wp\/v2\/comments?post=30865"}],"version-history":[{"count":2,"href":"https:\/\/www.compagniadisanpaolo.it\/it\/wp-json\/wp\/v2\/posts\/30865\/revisions"}],"predecessor-version":[{"id":30867,"href":"https:\/\/www.compagniadisanpaolo.it\/it\/wp-json\/wp\/v2\/posts\/30865\/revisions\/30867"}],"wp:featuredmedia":[{"embeddable":true,"href":"https:\/\/www.compagniadisanpaolo.it\/it\/wp-json\/wp\/v2\/media\/30875"}],"wp:attachment":[{"href":"https:\/\/www.compagniadisanpaolo.it\/it\/wp-json\/wp\/v2\/media?parent=30865"}],"wp:term":[{"taxonomy":"category","embeddable":true,"href":"https:\/\/www.compagniadisanpaolo.it\/it\/wp-json\/wp\/v2\/categories?post=30865"},{"taxonomy":"post_tag","embeddable":true,"href":"https:\/\/www.compagniadisanpaolo.it\/it\/wp-json\/wp\/v2\/tags?post=30865"}],"curies":[{"name":"wp","href":"https:\/\/api.w.org\/{rel}","templated":true}]}}