{"id":30824,"date":"2024-07-25T09:00:33","date_gmt":"2024-07-25T07:00:33","guid":{"rendered":"https:\/\/www.compagniadisanpaolo.it\/?p=30824"},"modified":"2024-07-25T09:00:33","modified_gmt":"2024-07-25T07:00:33","slug":"call-for-paper-il-valore-dei-dati-per-lanalisi-e-il-contrasto-della-dispersione-scolastica","status":"publish","type":"post","link":"https:\/\/www.compagniadisanpaolo.it\/it\/news\/call-for-paper-il-valore-dei-dati-per-lanalisi-e-il-contrasto-della-dispersione-scolastica\/","title":{"rendered":"Call for Paper \u201cIl valore dei dati per l\u2019analisi e il contrasto della dispersione scolastica\u201d"},"content":{"rendered":"<div class=\"wpb-content-wrapper\">[vc_row][vc_column][vc_column_text el_class=&#8221;text-headline2&#8243;]Gli studi selezionati nell&#8217;ambito della Call contribuiranno alla creazione di un nuovo volume che verr\u00e0 pubblicato nel 2025 dalla collana editoriale della Fondazione per la Scuola, edita da Il Mulino e fruibile in modalit\u00e0 Open Access Gold. Un&#8217;opportunit\u00e0 unica per ricercatrici e ricercatori di vedere pubblicato il proprio lavoro e di raggiungere un vasto pubblico.[\/vc_column_text][\/vc_column][\/vc_row][vc_row][vc_column][vc_column_text]\n<div class=\"info-box mission\">\n\t\t<div class=\"info-box-wrap info-box-hor row pb-0\">\n\n\t\t      \n\t\t      <div class=\"spalla col-12 col-md-12\">\n\t\t\t<div class=\"info-box sharing-box\">\n\t\t\t  <span class=\"label\">Condividi:<\/span>\n\t\t\t  <div class=\"social-sharing\">\n\t\t\t    <span class=\"box\">\n\t\t\t      <a class=\"fb\" href=\"https:\/\/www.facebook.com\/sharer.php?u=https:\/\/www.compagniadisanpaolo.it\/it\/news\/call-for-paper-il-valore-dei-dati-per-lanalisi-e-il-contrasto-della-dispersione-scolastica\/\" target=\"_blank\">\n\t\t\t\t<span class=\"sr-only\">Facebook<\/span>\n\t\t\t\t<i class=\"fab fa-facebook-f\"><\/i>\n\t\t\t      <\/a>\n\t\t\t    <\/span>\n\t\t\t    \n\t\t\t    <style>\n.twitter, .twitter:hover{\ncolor:#000000 !important;}\n<\/style>\n\n\n\t\t\t    <span class=\"box\">\n\t\t\t      <a class=\"twitter\" href=\"https:\/\/twitter.com\/intent\/tweet?url=https:\/\/www.compagniadisanpaolo.it\/it\/news\/call-for-paper-il-valore-dei-dati-per-lanalisi-e-il-contrasto-della-dispersione-scolastica\/\">\n\t\t\t\t<span class=\"sr-only\">Twitter<\/span>\n\t\t\t\t<i class=\"fa-brands fa-x-twitter\"><\/i>\n\t\t\t      <\/a>\n\t\t\t    <\/span>\n\n\t\t\t    \n\t\t\t    <span class=\"box\">\n\t\t\t      <a class=\"linkedin\" href=\"https:\/\/www.linkedin.com\/shareArticle?mini=true&url=https:\/\/www.compagniadisanpaolo.it\/it\/news\/call-for-paper-il-valore-dei-dati-per-lanalisi-e-il-contrasto-della-dispersione-scolastica\/\">\n\t\t\t\t<span class=\"sr-only\">Linkedin<\/span>\n\t\t\t\t  <i class=\"fa-brands fa-linkedin-in\"><\/i>\n\t\t\t      <\/a>\n\t\t\t    <\/span>\n\n\t\t\t    <span class=\"box\">\n\t\t\t      <a class=\"whatsapp\" href=\"whatsapp:\/\/send?text=https:\/\/www.compagniadisanpaolo.it\/it\/news\/call-for-paper-il-valore-dei-dati-per-lanalisi-e-il-contrasto-della-dispersione-scolastica\/\" data-action=\"share\/whatsapp\/share\">\n\t\t\t\t<span class=\"sr-only\">Whatsapp<\/span>\n\t\t\t\t<i class=\"fa-brands fa-whatsapp\"><\/i>\n\t\t\t      <\/a>\n\t\t\t    <\/span>\n\n\t\t\t    <span class=\"box\">\n\t\t\t      <a class=\"mail\" href=\"mailto:?subject=Call for Paper \u201cIl valore dei dati per l\u2019analisi e il contrasto della dispersione scolastica\u201d&body=https:\/\/www.compagniadisanpaolo.it\/it\/news\/call-for-paper-il-valore-dei-dati-per-lanalisi-e-il-contrasto-della-dispersione-scolastica\/\">\n\t\t\t\t<span class=\"sr-only\">Mail<\/span>\n\t\t\t\t <i class=\"fa-solid fa-envelope\"><\/i>\n\t\t\t      <\/a>\n\t\t\t    <\/span>\n\t\t\t    \n\t\t\t  <\/div>\n\t\t\t<\/div>\n\t      <\/div>\n\t    <\/div><\/div>\n[\/vc_column_text][\/vc_column][\/vc_row][vc_row][vc_column width=&#8221;1\/4&#8243;][vc_column_text]\n\n\n\t\t<div class=\"info-box-wrap\">\n\n\t  <div class=\"info-box date-pub\">\n\t  \t<span class=\"label\">Data di pubblicazione:<\/span>\n\t    <span class=\"value\">25 Luglio 2024<\/span>\n\t  <\/div>\n\t\t\t\t  <div class=\"info-box obj-people\">\n\t\t\t\t\t  <div class=\"info-box obj\"><span class=\"label\">Obiettivo<\/span>\n\t\t\t\t\t    <div class=\"obj-small-box\">\n\t\t\t\t\t      <span>Persone.<\/span>\n\t\t\t\t\t    <\/div>\n\t\t\t\t\t  <\/div>\n\t\t\t\t  <\/div>\n\t\t\t  <div class=\"info-box mission\"><span class=\"label\">Tag<\/span><a href=\"https:\/\/www.compagniadisanpaolo.it\/it\/tags\/risultati\/?_sft_post_tag=comunita-educanti\" class=\"tag-element\">Comunit\u00e0 educanti<\/a><a href=\"https:\/\/www.compagniadisanpaolo.it\/it\/tags\/risultati\/?_sft_post_tag=creazione-di-reti-solide\" class=\"tag-element\">Creazione di reti solide<\/a><a href=\"https:\/\/www.compagniadisanpaolo.it\/it\/tags\/risultati\/?_sft_post_tag=istruzione-di-qualita\" class=\"tag-element\">Istruzione di qualit\u00e0<\/a><a href=\"https:\/\/www.compagniadisanpaolo.it\/it\/tags\/risultati\/?_sft_post_tag=nuove-generazioni\" class=\"tag-element\">Nuove generazioni<\/a><a href=\"https:\/\/www.compagniadisanpaolo.it\/it\/tags\/risultati\/?_sft_post_tag=poverta-educativa\" class=\"tag-element\">Povert\u00e0 educativa<\/a><a href=\"https:\/\/www.compagniadisanpaolo.it\/it\/tags\/risultati\/?_sft_post_tag=ricerca\" class=\"tag-element\">Ricerca<\/a><a href=\"https:\/\/www.compagniadisanpaolo.it\/it\/tags\/risultati\/?_sft_post_tag=scuola-inclusiva\" class=\"tag-element\">Scuola inclusiva<\/a><a href=\"https:\/\/www.compagniadisanpaolo.it\/it\/tags\/risultati\/?_sft_post_tag=universita\" class=\"tag-element\">Universit\u00e0<\/a><\/div>\t  \n\t<\/div>\n[\/vc_column_text][\/vc_column][vc_column width=&#8221;3\/4&#8243; el_class=&#8221;page-content&#8221;][vc_column_text el_class=&#8221;text&#8221;]La <strong>Fondazione per la Scuola <\/strong>della Compagnia di San Paolo, ha pubblicato nel giugno 2024 la nuova <strong>Call for Paper<\/strong> \u201c<strong>Il valore dei dati per l\u2019analisi e il contrasto della dispersione scolastica<\/strong>\u201d. Aperta a ricercatrici e ricercatori di universit\u00e0 e studi di ricerca, questa iniziativa si rivolge a tutti agli <strong>studiosi<\/strong> &#8211; <strong>italiani e internazionali <\/strong>&#8211; che desiderano contribuire con i loro lavori alla <strong>comprensione e al contrasto del fenomeno della dispersione scolastica<\/strong>.<\/p>\n<p>Nello specifico, la nuova Call for Paper vuole <strong>valorizzare gli studi di natura quantitativa<\/strong>, realizzati utilizzando <strong>dati secondari e primari<\/strong>, che possano offrire nuove prospettive e forme di soluzione al problema della dispersione scolastica. Un fenomeno che rappresenta una sfida articolata e complessa e che si manifesta in molti modi: dall&#8217;<strong>abbandono precoce degli studi<\/strong>, alla <strong>mancanza di competenze fondamentali<\/strong> al termine del percorso scolastico, fino al <strong>dilagare della povert\u00e0 educativa<\/strong>.<\/p>\n<p>In un contesto in continuo cambiamento sociale, \u00e8 quindi fondamentale adottare un approccio multidisciplinare che integri la <strong>ricerca pedagogica<\/strong>, <strong>sociologica<\/strong>, <strong>economica<\/strong> e <strong>statistica<\/strong> con le <strong>pratiche educative<\/strong> per comprendere a fondo questo fenomeno e <strong>individuare soluzioni efficaci<\/strong> al fine di contrastarlo.<\/p>\n<p>Nel corso della sua evoluzione in <strong>data-driven foundation<\/strong>, la <strong>Fondazione Compagnia di San Paolo<\/strong> ha da tempo riconosciuto e promosso l&#8217;importanza di un <strong>approccio basato sui dati in ambito filantropico<\/strong>. Una metodologia fondamentale per informare e guidare le decisioni e le azioni volte al <strong>raggiungimento del bene comune<\/strong> in modo pi\u00f9 efficace e mirato.<\/p>\n<p>In questo scenario, <strong>l&#8217;analisi dei dati quantitativi emerge quindi come uno strumento cruciale<\/strong> per <strong>riconoscere gli studenti a rischio<\/strong>, intervenendo cos\u00ec in modo tempestivo e contribuendo al miglioramento dei risultati di apprendimento delle ragazze e dei ragazzi che vivono ogni giorno le nostre scuole.<\/p>\n<p>Per partecipare alla Call, tutti gli interessati dovranno inviare, <strong>entro il prossimo<\/strong> <strong>2 settembre<\/strong>, un articolato abstract in italiano che fornisca una panoramica chiara del lavoro di ricerca condotto, includendo contesto, obiettivi, dati utilizzati, metodo, risultati e conclusioni.<\/p>\n<p>La valutazione e la selezione degli abstract avverr\u00e0 a cura di un prestigioso <strong>Comitato Scientifico<\/strong> che annovera tra i suoi membri <strong>esperti<\/strong> di rilievo nel <strong>panorama dell\u2019educazione e della statistica<\/strong>.<\/p>\n<p>Gli <strong>studi selezionati<\/strong> contribuiranno quindi alla <strong>creazione di un nuovo volume<\/strong> che verr\u00e0 pubblicato nel 2025 dalla <strong>collana editoriale della Fondazione per la Scuola edita da Il Mulino<\/strong>. Fin dal suo esordio nel 2007, <strong>la serie editoriale dell\u2019ente strumentale della Fondazione Compagnia di San Paolo<\/strong>, che opera nell&#8217;ambito della <strong>Missione Educare per crescere insieme <\/strong>dell\u2019<strong>Obiettivo Persone<\/strong>, si \u00e8 sempre distinta per la capacit\u00e0 di coniugare <strong>rigore scientifico e accessibilit\u00e0<\/strong>. Adottando un approccio interdisciplinare, la serie si \u00e8 aperta a tematiche innovative, trovando risposte efficaci ad alcune delle principali sfide educative individuate con efficacia.<\/p>\n<p>Il volume derivante dalla Call <strong>\u201cIl valore dei dati per l\u2019analisi e il contrasto della dispersione scolastica\u201d<\/strong>, andr\u00e0 quindi a inserirsi in tale tradizione, proponendosi come un <strong>ponte tra ricerca e pratica educativa<\/strong> e rivolgendosi a un pubblico ampio e variegato quale quello che compone l\u2019intera comunit\u00e0 educate.<\/p>\n<p>Tutti coloro che sono interessati a inviare la propria candidatura attraverso la presentazione di un abstract possono consultare il testo della Call, disponibile sul sito della <a href=\"https:\/\/www.fondazionescuola.it\/attivita\/call-for-paper-il-valore-dei-dati-per-lanalisi-e-il-contrasto-della-dispersione-scolastica\/\" target=\"_blank\" rel=\"noopener\"><strong>Fondazione per la Scuola<\/strong><\/a>.[\/vc_column_text][vc_empty_space][\/vc_column][\/vc_row][vc_row el_class=&#8221;sdg-list-wrap&#8221;][vc_column][vc_raw_html]JTVCbW9zdHJhU0RHUyU1RA==[\/vc_raw_html][\/vc_column][\/vc_row][vc_row el_class=&#8221;sdg-list-wrap&#8221;][vc_column][vc_raw_html]JTVCU2V6aW9uZV9Eb2N1bWVudGklNUQ=[\/vc_raw_html][\/vc_column][\/vc_row][vc_row][vc_column]<div class=\"templatera_shortcode\"><div data-vc-full-width=\"true\" data-vc-full-width-temp=\"true\" data-vc-full-width-init=\"false\" class=\"vc_row wpb_row vc_row-fluid newsletter-wrap\"><div class=\"wpb_column vc_column_container vc_col-sm-12\"><div class=\"vc_column-inner\"><div class=\"wpb_wrapper\">\n\t<div class=\"wpb_raw_code wpb_raw_html wpb_content_element\" >\n\t\t<div class=\"wpb_wrapper\">\n\t\t\t    <div class=\"container\">\n      <div class=\"row align-items-center\">\n\t<div class=\"col-12 col-lg-6 col-xl-5 mb-3 mb-lg-0 pr-0\">\n\t  <h2 class=\"title\">Rimani aggiornato sui nostri bandi e sui nostri progetti<\/h2>\n\t<\/div>\n\t<div class=\"col-12 col-lg-6 col-xl-7 pl-xl-4\">\n\t  <a class=\"standard-link-block\" href=\"\/it\/newsletter\/\">\n\t    Compila il form e decidi su quale argomento vuoi ricevere notizie.\t    <strong>\u00a0 ISCRIVITI!<\/strong>\n\t  <\/a>\n\t<\/div>\n      <\/div>\n    <\/div>\n\t\t<\/div>\n\t<\/div>\n<\/div><\/div><\/div><\/div><div class=\"vc_row-full-width vc_clearfix\"><\/div><\/div>[\/vc_column][\/vc_row]\n<\/div>","protected":false},"excerpt":{"rendered":"<p>Gli studi selezionati nell&#8217;ambito della Call contribuiranno alla creazione di un nuovo volume che verr\u00e0 pubblicato nel 2025 dalla collana editoriale della Fondazione per la Scuola, edita da Il Mulino e fruibile in modalit\u00e0 Open Access Gold. Un&#8217;opportunit\u00e0 unica per ricercatrici e ricercatori di vedere pubblicato il proprio lavoro e di raggiungere un vasto pubblico.<\/p>\n","protected":false},"author":19,"featured_media":30430,"comment_status":"closed","ping_status":"closed","sticky":false,"template":"","format":"standard","meta":{"_acf_changed":false,"content-type":"","footnotes":""},"categories":[17],"tags":[81,70,213,54,249,395,214,254],"class_list":["post-30824","post","type-post","status-publish","format-standard","has-post-thumbnail","hentry","category-news","tag-comunita-educanti","tag-creazione-di-reti-solide","tag-istruzione-di-qualita","tag-nuove-generazioni","tag-poverta-educativa","tag-ricerca","tag-scuola-inclusiva","tag-universita","entry","post-inner"],"acf":[],"yoast_head":"<!-- This site is optimized with the Yoast SEO plugin v27.3 - https:\/\/yoast.com\/product\/yoast-seo-wordpress\/ -->\n<title>Call for Paper \u201cIl valore dei dati per l\u2019analisi e il contrasto della dispersione scolastica\u201d - Fondazione Compagnia di San Paolo<\/title>\n<meta name=\"description\" content=\"Gli studi selezionati nell&#039;ambito della Call contribuiranno alla creazione di un nuovo volume che verr\u00e0 pubblicato nel 2025 dalla collana editoriale della Fondazione per la Scuola.\" \/>\n<meta name=\"robots\" content=\"index, follow, max-snippet:-1, max-image-preview:large, max-video-preview:-1\" \/>\n<link rel=\"canonical\" href=\"https:\/\/www.compagniadisanpaolo.it\/it\/news\/call-for-paper-il-valore-dei-dati-per-lanalisi-e-il-contrasto-della-dispersione-scolastica\/\" \/>\n<meta property=\"og:locale\" content=\"it_IT\" \/>\n<meta property=\"og:type\" content=\"article\" \/>\n<meta property=\"og:title\" content=\"Call for Paper \u201cIl valore dei dati per l\u2019analisi e il contrasto della dispersione scolastica\u201d - Fondazione Compagnia di San Paolo\" \/>\n<meta property=\"og:description\" content=\"Gli studi selezionati nell&#039;ambito della Call contribuiranno alla creazione di un nuovo volume che verr\u00e0 pubblicato nel 2025 dalla collana editoriale della Fondazione per la Scuola.\" \/>\n<meta property=\"og:url\" content=\"https:\/\/www.compagniadisanpaolo.it\/it\/news\/call-for-paper-il-valore-dei-dati-per-lanalisi-e-il-contrasto-della-dispersione-scolastica\/\" \/>\n<meta property=\"og:site_name\" content=\"Fondazione Compagnia di San Paolo\" \/>\n<meta property=\"article:publisher\" content=\"https:\/\/www.facebook.com\/CompagniaDiSanPaolo\" \/>\n<meta property=\"article:published_time\" content=\"2024-07-25T07:00:33+00:00\" \/>\n<meta property=\"og:image\" content=\"https:\/\/www.compagniadisanpaolo.it\/wp-content\/uploads\/CSP-taglio-immagini-NEWS-call-FPS-22il-valore-dei-dati22_815X350.jpg\" \/>\n\t<meta property=\"og:image:width\" content=\"815\" \/>\n\t<meta property=\"og:image:height\" content=\"350\" \/>\n\t<meta property=\"og:image:type\" content=\"image\/jpeg\" \/>\n<meta name=\"author\" content=\"Federica\" \/>\n<meta name=\"twitter:card\" content=\"summary_large_image\" \/>\n<meta name=\"twitter:creator\" content=\"@CSP_live\" \/>\n<meta name=\"twitter:site\" content=\"@CSP_live\" \/>\n<meta name=\"twitter:label1\" content=\"Scritto da\" \/>\n\t<meta name=\"twitter:data1\" content=\"Federica\" \/>\n\t<meta name=\"twitter:label2\" content=\"Tempo di lettura stimato\" \/>\n\t<meta name=\"twitter:data2\" content=\"4 minuti\" \/>\n<script type=\"application\/ld+json\" class=\"yoast-schema-graph\">{\"@context\":\"https:\\\/\\\/schema.org\",\"@graph\":[{\"@type\":\"Article\",\"@id\":\"https:\\\/\\\/www.compagniadisanpaolo.it\\\/it\\\/news\\\/call-for-paper-il-valore-dei-dati-per-lanalisi-e-il-contrasto-della-dispersione-scolastica\\\/#article\",\"isPartOf\":{\"@id\":\"https:\\\/\\\/www.compagniadisanpaolo.it\\\/it\\\/news\\\/call-for-paper-il-valore-dei-dati-per-lanalisi-e-il-contrasto-della-dispersione-scolastica\\\/\"},\"author\":{\"name\":\"Federica\",\"@id\":\"https:\\\/\\\/www.compagniadisanpaolo.it\\\/it\\\/#\\\/schema\\\/person\\\/b7d5451541c25c82f29c5be1e78456b2\"},\"headline\":\"Call for Paper \u201cIl valore dei dati per l\u2019analisi e il contrasto della dispersione scolastica\u201d\",\"datePublished\":\"2024-07-25T07:00:33+00:00\",\"mainEntityOfPage\":{\"@id\":\"https:\\\/\\\/www.compagniadisanpaolo.it\\\/it\\\/news\\\/call-for-paper-il-valore-dei-dati-per-lanalisi-e-il-contrasto-della-dispersione-scolastica\\\/\"},\"wordCount\":714,\"publisher\":{\"@id\":\"https:\\\/\\\/www.compagniadisanpaolo.it\\\/it\\\/#organization\"},\"image\":{\"@id\":\"https:\\\/\\\/www.compagniadisanpaolo.it\\\/it\\\/news\\\/call-for-paper-il-valore-dei-dati-per-lanalisi-e-il-contrasto-della-dispersione-scolastica\\\/#primaryimage\"},\"thumbnailUrl\":\"https:\\\/\\\/www.compagniadisanpaolo.it\\\/wp-content\\\/uploads\\\/CSP-taglio-immagini-NEWS-call-FPS-22il-valore-dei-dati22_815X350.jpg\",\"keywords\":[\"comunit\u00e0 educanti\",\"creazione di reti solide\",\"istruzione di qualit\u00e0\",\"nuove generazioni\",\"povert\u00e0 educativa\",\"ricerca\",\"scuola inclusiva\",\"universit\u00e0\"],\"articleSection\":[\"News\"],\"inLanguage\":\"it-IT\"},{\"@type\":\"WebPage\",\"@id\":\"https:\\\/\\\/www.compagniadisanpaolo.it\\\/it\\\/news\\\/call-for-paper-il-valore-dei-dati-per-lanalisi-e-il-contrasto-della-dispersione-scolastica\\\/\",\"url\":\"https:\\\/\\\/www.compagniadisanpaolo.it\\\/it\\\/news\\\/call-for-paper-il-valore-dei-dati-per-lanalisi-e-il-contrasto-della-dispersione-scolastica\\\/\",\"name\":\"Call for Paper \u201cIl valore dei dati per l\u2019analisi e il contrasto della dispersione scolastica\u201d - Fondazione Compagnia di San Paolo\",\"isPartOf\":{\"@id\":\"https:\\\/\\\/www.compagniadisanpaolo.it\\\/it\\\/#website\"},\"primaryImageOfPage\":{\"@id\":\"https:\\\/\\\/www.compagniadisanpaolo.it\\\/it\\\/news\\\/call-for-paper-il-valore-dei-dati-per-lanalisi-e-il-contrasto-della-dispersione-scolastica\\\/#primaryimage\"},\"image\":{\"@id\":\"https:\\\/\\\/www.compagniadisanpaolo.it\\\/it\\\/news\\\/call-for-paper-il-valore-dei-dati-per-lanalisi-e-il-contrasto-della-dispersione-scolastica\\\/#primaryimage\"},\"thumbnailUrl\":\"https:\\\/\\\/www.compagniadisanpaolo.it\\\/wp-content\\\/uploads\\\/CSP-taglio-immagini-NEWS-call-FPS-22il-valore-dei-dati22_815X350.jpg\",\"datePublished\":\"2024-07-25T07:00:33+00:00\",\"description\":\"Gli studi selezionati nell'ambito della Call contribuiranno alla creazione di un nuovo volume che verr\u00e0 pubblicato nel 2025 dalla collana editoriale della Fondazione per la Scuola.\",\"breadcrumb\":{\"@id\":\"https:\\\/\\\/www.compagniadisanpaolo.it\\\/it\\\/news\\\/call-for-paper-il-valore-dei-dati-per-lanalisi-e-il-contrasto-della-dispersione-scolastica\\\/#breadcrumb\"},\"inLanguage\":\"it-IT\",\"potentialAction\":[{\"@type\":\"ReadAction\",\"target\":[\"https:\\\/\\\/www.compagniadisanpaolo.it\\\/it\\\/news\\\/call-for-paper-il-valore-dei-dati-per-lanalisi-e-il-contrasto-della-dispersione-scolastica\\\/\"]}]},{\"@type\":\"ImageObject\",\"inLanguage\":\"it-IT\",\"@id\":\"https:\\\/\\\/www.compagniadisanpaolo.it\\\/it\\\/news\\\/call-for-paper-il-valore-dei-dati-per-lanalisi-e-il-contrasto-della-dispersione-scolastica\\\/#primaryimage\",\"url\":\"https:\\\/\\\/www.compagniadisanpaolo.it\\\/wp-content\\\/uploads\\\/CSP-taglio-immagini-NEWS-call-FPS-22il-valore-dei-dati22_815X350.jpg\",\"contentUrl\":\"https:\\\/\\\/www.compagniadisanpaolo.it\\\/wp-content\\\/uploads\\\/CSP-taglio-immagini-NEWS-call-FPS-22il-valore-dei-dati22_815X350.jpg\",\"width\":815,\"height\":350},{\"@type\":\"BreadcrumbList\",\"@id\":\"https:\\\/\\\/www.compagniadisanpaolo.it\\\/it\\\/news\\\/call-for-paper-il-valore-dei-dati-per-lanalisi-e-il-contrasto-della-dispersione-scolastica\\\/#breadcrumb\",\"itemListElement\":[{\"@type\":\"ListItem\",\"position\":1,\"name\":\"Home\",\"item\":\"https:\\\/\\\/www.compagniadisanpaolo.it\\\/it\\\/\"},{\"@type\":\"ListItem\",\"position\":2,\"name\":\"Call for Paper \u201cIl valore dei dati per l\u2019analisi e il contrasto della dispersione scolastica\u201d\"}]},{\"@type\":\"WebSite\",\"@id\":\"https:\\\/\\\/www.compagniadisanpaolo.it\\\/it\\\/#website\",\"url\":\"https:\\\/\\\/www.compagniadisanpaolo.it\\\/it\\\/\",\"name\":\"Fondazione Compagnia di San Paolo\",\"description\":\"\",\"publisher\":{\"@id\":\"https:\\\/\\\/www.compagniadisanpaolo.it\\\/it\\\/#organization\"},\"potentialAction\":[{\"@type\":\"SearchAction\",\"target\":{\"@type\":\"EntryPoint\",\"urlTemplate\":\"https:\\\/\\\/www.compagniadisanpaolo.it\\\/it\\\/?s={search_term_string}\"},\"query-input\":{\"@type\":\"PropertyValueSpecification\",\"valueRequired\":true,\"valueName\":\"search_term_string\"}}],\"inLanguage\":\"it-IT\"},{\"@type\":\"Organization\",\"@id\":\"https:\\\/\\\/www.compagniadisanpaolo.it\\\/it\\\/#organization\",\"name\":\"Fondazione Compagnia di San Paolo\",\"url\":\"https:\\\/\\\/www.compagniadisanpaolo.it\\\/it\\\/\",\"logo\":{\"@type\":\"ImageObject\",\"inLanguage\":\"it-IT\",\"@id\":\"https:\\\/\\\/www.compagniadisanpaolo.it\\\/it\\\/#\\\/schema\\\/logo\\\/image\\\/\",\"url\":\"https:\\\/\\\/www.compagniadisanpaolo.it\\\/wp-content\\\/uploads\\\/logo.svg\",\"contentUrl\":\"https:\\\/\\\/www.compagniadisanpaolo.it\\\/wp-content\\\/uploads\\\/logo.svg\",\"width\":769,\"height\":323,\"caption\":\"Fondazione Compagnia di San Paolo\"},\"image\":{\"@id\":\"https:\\\/\\\/www.compagniadisanpaolo.it\\\/it\\\/#\\\/schema\\\/logo\\\/image\\\/\"},\"sameAs\":[\"https:\\\/\\\/www.facebook.com\\\/CompagniaDiSanPaolo\",\"https:\\\/\\\/x.com\\\/CSP_live\",\"http:\\\/\\\/instagram.com\\\/compagniadisanpaolo?ref=badge\",\"https:\\\/\\\/www.linkedin.com\\\/company\\\/compagnia-di-san-paolo\",\"https:\\\/\\\/www.youtube.com\\\/user\\\/compagniadisanpaolo\",\"https:\\\/\\\/it.wikipedia.org\\\/wiki\\\/Compagnia_di_San_Paolo\"]},{\"@type\":\"Person\",\"@id\":\"https:\\\/\\\/www.compagniadisanpaolo.it\\\/it\\\/#\\\/schema\\\/person\\\/b7d5451541c25c82f29c5be1e78456b2\",\"name\":\"Federica\",\"image\":{\"@type\":\"ImageObject\",\"inLanguage\":\"it-IT\",\"@id\":\"https:\\\/\\\/secure.gravatar.com\\\/avatar\\\/b5698fa13ac389b1f1fb1263a4626e219d853d7ccf112e854aea8c9c087d24ae?s=96&d=mm&r=g\",\"url\":\"https:\\\/\\\/secure.gravatar.com\\\/avatar\\\/b5698fa13ac389b1f1fb1263a4626e219d853d7ccf112e854aea8c9c087d24ae?s=96&d=mm&r=g\",\"contentUrl\":\"https:\\\/\\\/secure.gravatar.com\\\/avatar\\\/b5698fa13ac389b1f1fb1263a4626e219d853d7ccf112e854aea8c9c087d24ae?s=96&d=mm&r=g\",\"caption\":\"Federica\"}}]}<\/script>\n<!-- \/ Yoast SEO plugin. -->","yoast_head_json":{"title":"Call for Paper \u201cIl valore dei dati per l\u2019analisi e il contrasto della dispersione scolastica\u201d - Fondazione Compagnia di San Paolo","description":"Gli studi selezionati nell'ambito della Call contribuiranno alla creazione di un nuovo volume che verr\u00e0 pubblicato nel 2025 dalla collana editoriale della Fondazione per la Scuola.","robots":{"index":"index","follow":"follow","max-snippet":"max-snippet:-1","max-image-preview":"max-image-preview:large","max-video-preview":"max-video-preview:-1"},"canonical":"https:\/\/www.compagniadisanpaolo.it\/it\/news\/call-for-paper-il-valore-dei-dati-per-lanalisi-e-il-contrasto-della-dispersione-scolastica\/","og_locale":"it_IT","og_type":"article","og_title":"Call for Paper \u201cIl valore dei dati per l\u2019analisi e il contrasto della dispersione scolastica\u201d - Fondazione Compagnia di San Paolo","og_description":"Gli studi selezionati nell'ambito della Call contribuiranno alla creazione di un nuovo volume che verr\u00e0 pubblicato nel 2025 dalla collana editoriale della Fondazione per la Scuola.","og_url":"https:\/\/www.compagniadisanpaolo.it\/it\/news\/call-for-paper-il-valore-dei-dati-per-lanalisi-e-il-contrasto-della-dispersione-scolastica\/","og_site_name":"Fondazione Compagnia di San Paolo","article_publisher":"https:\/\/www.facebook.com\/CompagniaDiSanPaolo","article_published_time":"2024-07-25T07:00:33+00:00","og_image":[{"width":815,"height":350,"url":"https:\/\/www.compagniadisanpaolo.it\/wp-content\/uploads\/CSP-taglio-immagini-NEWS-call-FPS-22il-valore-dei-dati22_815X350.jpg","type":"image\/jpeg"}],"author":"Federica","twitter_card":"summary_large_image","twitter_creator":"@CSP_live","twitter_site":"@CSP_live","twitter_misc":{"Scritto da":"Federica","Tempo di lettura stimato":"4 minuti"},"schema":{"@context":"https:\/\/schema.org","@graph":[{"@type":"Article","@id":"https:\/\/www.compagniadisanpaolo.it\/it\/news\/call-for-paper-il-valore-dei-dati-per-lanalisi-e-il-contrasto-della-dispersione-scolastica\/#article","isPartOf":{"@id":"https:\/\/www.compagniadisanpaolo.it\/it\/news\/call-for-paper-il-valore-dei-dati-per-lanalisi-e-il-contrasto-della-dispersione-scolastica\/"},"author":{"name":"Federica","@id":"https:\/\/www.compagniadisanpaolo.it\/it\/#\/schema\/person\/b7d5451541c25c82f29c5be1e78456b2"},"headline":"Call for Paper \u201cIl valore dei dati per l\u2019analisi e il contrasto della dispersione scolastica\u201d","datePublished":"2024-07-25T07:00:33+00:00","mainEntityOfPage":{"@id":"https:\/\/www.compagniadisanpaolo.it\/it\/news\/call-for-paper-il-valore-dei-dati-per-lanalisi-e-il-contrasto-della-dispersione-scolastica\/"},"wordCount":714,"publisher":{"@id":"https:\/\/www.compagniadisanpaolo.it\/it\/#organization"},"image":{"@id":"https:\/\/www.compagniadisanpaolo.it\/it\/news\/call-for-paper-il-valore-dei-dati-per-lanalisi-e-il-contrasto-della-dispersione-scolastica\/#primaryimage"},"thumbnailUrl":"https:\/\/www.compagniadisanpaolo.it\/wp-content\/uploads\/CSP-taglio-immagini-NEWS-call-FPS-22il-valore-dei-dati22_815X350.jpg","keywords":["comunit\u00e0 educanti","creazione di reti solide","istruzione di qualit\u00e0","nuove generazioni","povert\u00e0 educativa","ricerca","scuola inclusiva","universit\u00e0"],"articleSection":["News"],"inLanguage":"it-IT"},{"@type":"WebPage","@id":"https:\/\/www.compagniadisanpaolo.it\/it\/news\/call-for-paper-il-valore-dei-dati-per-lanalisi-e-il-contrasto-della-dispersione-scolastica\/","url":"https:\/\/www.compagniadisanpaolo.it\/it\/news\/call-for-paper-il-valore-dei-dati-per-lanalisi-e-il-contrasto-della-dispersione-scolastica\/","name":"Call for Paper \u201cIl valore dei dati per l\u2019analisi e il contrasto della dispersione scolastica\u201d - Fondazione Compagnia di San Paolo","isPartOf":{"@id":"https:\/\/www.compagniadisanpaolo.it\/it\/#website"},"primaryImageOfPage":{"@id":"https:\/\/www.compagniadisanpaolo.it\/it\/news\/call-for-paper-il-valore-dei-dati-per-lanalisi-e-il-contrasto-della-dispersione-scolastica\/#primaryimage"},"image":{"@id":"https:\/\/www.compagniadisanpaolo.it\/it\/news\/call-for-paper-il-valore-dei-dati-per-lanalisi-e-il-contrasto-della-dispersione-scolastica\/#primaryimage"},"thumbnailUrl":"https:\/\/www.compagniadisanpaolo.it\/wp-content\/uploads\/CSP-taglio-immagini-NEWS-call-FPS-22il-valore-dei-dati22_815X350.jpg","datePublished":"2024-07-25T07:00:33+00:00","description":"Gli studi selezionati nell'ambito della Call contribuiranno alla creazione di un nuovo volume che verr\u00e0 pubblicato nel 2025 dalla collana editoriale della Fondazione per la Scuola.","breadcrumb":{"@id":"https:\/\/www.compagniadisanpaolo.it\/it\/news\/call-for-paper-il-valore-dei-dati-per-lanalisi-e-il-contrasto-della-dispersione-scolastica\/#breadcrumb"},"inLanguage":"it-IT","potentialAction":[{"@type":"ReadAction","target":["https:\/\/www.compagniadisanpaolo.it\/it\/news\/call-for-paper-il-valore-dei-dati-per-lanalisi-e-il-contrasto-della-dispersione-scolastica\/"]}]},{"@type":"ImageObject","inLanguage":"it-IT","@id":"https:\/\/www.compagniadisanpaolo.it\/it\/news\/call-for-paper-il-valore-dei-dati-per-lanalisi-e-il-contrasto-della-dispersione-scolastica\/#primaryimage","url":"https:\/\/www.compagniadisanpaolo.it\/wp-content\/uploads\/CSP-taglio-immagini-NEWS-call-FPS-22il-valore-dei-dati22_815X350.jpg","contentUrl":"https:\/\/www.compagniadisanpaolo.it\/wp-content\/uploads\/CSP-taglio-immagini-NEWS-call-FPS-22il-valore-dei-dati22_815X350.jpg","width":815,"height":350},{"@type":"BreadcrumbList","@id":"https:\/\/www.compagniadisanpaolo.it\/it\/news\/call-for-paper-il-valore-dei-dati-per-lanalisi-e-il-contrasto-della-dispersione-scolastica\/#breadcrumb","itemListElement":[{"@type":"ListItem","position":1,"name":"Home","item":"https:\/\/www.compagniadisanpaolo.it\/it\/"},{"@type":"ListItem","position":2,"name":"Call for Paper \u201cIl valore dei dati per l\u2019analisi e il contrasto della dispersione scolastica\u201d"}]},{"@type":"WebSite","@id":"https:\/\/www.compagniadisanpaolo.it\/it\/#website","url":"https:\/\/www.compagniadisanpaolo.it\/it\/","name":"Fondazione Compagnia di San Paolo","description":"","publisher":{"@id":"https:\/\/www.compagniadisanpaolo.it\/it\/#organization"},"potentialAction":[{"@type":"SearchAction","target":{"@type":"EntryPoint","urlTemplate":"https:\/\/www.compagniadisanpaolo.it\/it\/?s={search_term_string}"},"query-input":{"@type":"PropertyValueSpecification","valueRequired":true,"valueName":"search_term_string"}}],"inLanguage":"it-IT"},{"@type":"Organization","@id":"https:\/\/www.compagniadisanpaolo.it\/it\/#organization","name":"Fondazione Compagnia di San Paolo","url":"https:\/\/www.compagniadisanpaolo.it\/it\/","logo":{"@type":"ImageObject","inLanguage":"it-IT","@id":"https:\/\/www.compagniadisanpaolo.it\/it\/#\/schema\/logo\/image\/","url":"https:\/\/www.compagniadisanpaolo.it\/wp-content\/uploads\/logo.svg","contentUrl":"https:\/\/www.compagniadisanpaolo.it\/wp-content\/uploads\/logo.svg","width":769,"height":323,"caption":"Fondazione Compagnia di San Paolo"},"image":{"@id":"https:\/\/www.compagniadisanpaolo.it\/it\/#\/schema\/logo\/image\/"},"sameAs":["https:\/\/www.facebook.com\/CompagniaDiSanPaolo","https:\/\/x.com\/CSP_live","http:\/\/instagram.com\/compagniadisanpaolo?ref=badge","https:\/\/www.linkedin.com\/company\/compagnia-di-san-paolo","https:\/\/www.youtube.com\/user\/compagniadisanpaolo","https:\/\/it.wikipedia.org\/wiki\/Compagnia_di_San_Paolo"]},{"@type":"Person","@id":"https:\/\/www.compagniadisanpaolo.it\/it\/#\/schema\/person\/b7d5451541c25c82f29c5be1e78456b2","name":"Federica","image":{"@type":"ImageObject","inLanguage":"it-IT","@id":"https:\/\/secure.gravatar.com\/avatar\/b5698fa13ac389b1f1fb1263a4626e219d853d7ccf112e854aea8c9c087d24ae?s=96&d=mm&r=g","url":"https:\/\/secure.gravatar.com\/avatar\/b5698fa13ac389b1f1fb1263a4626e219d853d7ccf112e854aea8c9c087d24ae?s=96&d=mm&r=g","contentUrl":"https:\/\/secure.gravatar.com\/avatar\/b5698fa13ac389b1f1fb1263a4626e219d853d7ccf112e854aea8c9c087d24ae?s=96&d=mm&r=g","caption":"Federica"}}]}},"amp_enabled":true,"_links":{"self":[{"href":"https:\/\/www.compagniadisanpaolo.it\/it\/wp-json\/wp\/v2\/posts\/30824","targetHints":{"allow":["GET"]}}],"collection":[{"href":"https:\/\/www.compagniadisanpaolo.it\/it\/wp-json\/wp\/v2\/posts"}],"about":[{"href":"https:\/\/www.compagniadisanpaolo.it\/it\/wp-json\/wp\/v2\/types\/post"}],"author":[{"embeddable":true,"href":"https:\/\/www.compagniadisanpaolo.it\/it\/wp-json\/wp\/v2\/users\/19"}],"replies":[{"embeddable":true,"href":"https:\/\/www.compagniadisanpaolo.it\/it\/wp-json\/wp\/v2\/comments?post=30824"}],"version-history":[{"count":2,"href":"https:\/\/www.compagniadisanpaolo.it\/it\/wp-json\/wp\/v2\/posts\/30824\/revisions"}],"predecessor-version":[{"id":30826,"href":"https:\/\/www.compagniadisanpaolo.it\/it\/wp-json\/wp\/v2\/posts\/30824\/revisions\/30826"}],"wp:featuredmedia":[{"embeddable":true,"href":"https:\/\/www.compagniadisanpaolo.it\/it\/wp-json\/wp\/v2\/media\/30430"}],"wp:attachment":[{"href":"https:\/\/www.compagniadisanpaolo.it\/it\/wp-json\/wp\/v2\/media?parent=30824"}],"wp:term":[{"taxonomy":"category","embeddable":true,"href":"https:\/\/www.compagniadisanpaolo.it\/it\/wp-json\/wp\/v2\/categories?post=30824"},{"taxonomy":"post_tag","embeddable":true,"href":"https:\/\/www.compagniadisanpaolo.it\/it\/wp-json\/wp\/v2\/tags?post=30824"}],"curies":[{"name":"wp","href":"https:\/\/api.w.org\/{rel}","templated":true}]}}