{"id":30377,"date":"2024-06-29T10:00:59","date_gmt":"2024-06-29T08:00:59","guid":{"rendered":"https:\/\/www.compagniadisanpaolo.it\/?p=30377"},"modified":"2024-06-28T14:41:05","modified_gmt":"2024-06-28T12:41:05","slug":"presentato-il-bilancio-sociale-2023-della-fondazione-ufficio-pio","status":"publish","type":"post","link":"https:\/\/www.compagniadisanpaolo.it\/it\/news\/presentato-il-bilancio-sociale-2023-della-fondazione-ufficio-pio\/","title":{"rendered":"Presentato il Bilancio Sociale 2023 della Fondazione Ufficio Pio"},"content":{"rendered":"<div class=\"wpb-content-wrapper\">[vc_row][vc_column][vc_column_text el_class=&#8221;text-headline2&#8243;]Con un investimento complessivo di oltre 6 milioni di euro, i programmi pluriennali avviati nel 2023 dalla Fondazione Ufficio Pio hanno raggiunto e supportato 17.561 persone, con un incremento dell&#8217;+ 11% rispetto all&#8217;anno precedente.[\/vc_column_text][\/vc_column][\/vc_row][vc_row][vc_column][vc_column_text]\n<div class=\"info-box mission\">\n\t\t<div class=\"info-box-wrap info-box-hor row pb-0\">\n\n\t\t      \n\t\t      <div class=\"spalla col-12 col-md-12\">\n\t\t\t<div class=\"info-box sharing-box\">\n\t\t\t  <span class=\"label\">Condividi:<\/span>\n\t\t\t  <div class=\"social-sharing\">\n\t\t\t    <span class=\"box\">\n\t\t\t      <a class=\"fb\" href=\"https:\/\/www.facebook.com\/sharer.php?u=https:\/\/www.compagniadisanpaolo.it\/it\/news\/presentato-il-bilancio-sociale-2023-della-fondazione-ufficio-pio\/\" target=\"_blank\">\n\t\t\t\t<span class=\"sr-only\">Facebook<\/span>\n\t\t\t\t<i class=\"fab fa-facebook-f\"><\/i>\n\t\t\t      <\/a>\n\t\t\t    <\/span>\n\t\t\t    \n\t\t\t    <style>\n.twitter, .twitter:hover{\ncolor:#000000 !important;}\n<\/style>\n\n\n\t\t\t    <span class=\"box\">\n\t\t\t      <a class=\"twitter\" href=\"https:\/\/twitter.com\/intent\/tweet?url=https:\/\/www.compagniadisanpaolo.it\/it\/news\/presentato-il-bilancio-sociale-2023-della-fondazione-ufficio-pio\/\">\n\t\t\t\t<span class=\"sr-only\">Twitter<\/span>\n\t\t\t\t<i class=\"fa-brands fa-x-twitter\"><\/i>\n\t\t\t      <\/a>\n\t\t\t    <\/span>\n\n\t\t\t    \n\t\t\t    <span class=\"box\">\n\t\t\t      <a class=\"linkedin\" href=\"https:\/\/www.linkedin.com\/shareArticle?mini=true&url=https:\/\/www.compagniadisanpaolo.it\/it\/news\/presentato-il-bilancio-sociale-2023-della-fondazione-ufficio-pio\/\">\n\t\t\t\t<span class=\"sr-only\">Linkedin<\/span>\n\t\t\t\t  <i class=\"fa-brands fa-linkedin-in\"><\/i>\n\t\t\t      <\/a>\n\t\t\t    <\/span>\n\n\t\t\t    <span class=\"box\">\n\t\t\t      <a class=\"whatsapp\" href=\"whatsapp:\/\/send?text=https:\/\/www.compagniadisanpaolo.it\/it\/news\/presentato-il-bilancio-sociale-2023-della-fondazione-ufficio-pio\/\" data-action=\"share\/whatsapp\/share\">\n\t\t\t\t<span class=\"sr-only\">Whatsapp<\/span>\n\t\t\t\t<i class=\"fa-brands fa-whatsapp\"><\/i>\n\t\t\t      <\/a>\n\t\t\t    <\/span>\n\n\t\t\t    <span class=\"box\">\n\t\t\t      <a class=\"mail\" href=\"mailto:?subject=Presentato il Bilancio Sociale 2023 della Fondazione Ufficio Pio&body=https:\/\/www.compagniadisanpaolo.it\/it\/news\/presentato-il-bilancio-sociale-2023-della-fondazione-ufficio-pio\/\">\n\t\t\t\t<span class=\"sr-only\">Mail<\/span>\n\t\t\t\t <i class=\"fa-solid fa-envelope\"><\/i>\n\t\t\t      <\/a>\n\t\t\t    <\/span>\n\t\t\t    \n\t\t\t  <\/div>\n\t\t\t<\/div>\n\t      <\/div>\n\t    <\/div><\/div>\n[\/vc_column_text][\/vc_column][\/vc_row][vc_row][vc_column width=&#8221;1\/4&#8243;][vc_column_text]\n\n\n\t\t<div class=\"info-box-wrap\">\n\n\t  <div class=\"info-box date-pub\">\n\t  \t<span class=\"label\">Data di pubblicazione:<\/span>\n\t    <span class=\"value\">29 Giugno 2024<\/span>\n\t  <\/div>\n\t\t\t\t  <div class=\"info-box obj-people\">\n\t\t\t\t\t  <div class=\"info-box obj\"><span class=\"label\">Obiettivo<\/span>\n\t\t\t\t\t    <div class=\"obj-small-box\">\n\t\t\t\t\t      <span>Persone.<\/span>\n\t\t\t\t\t    <\/div>\n\t\t\t\t\t  <\/div>\n\t\t\t\t  <\/div>\n\t\t\t  <div class=\"info-box mission\"><span class=\"label\">Tag<\/span><a href=\"https:\/\/www.compagniadisanpaolo.it\/it\/tags\/risultati\/?_sft_post_tag=benessere-delle-comunita\" class=\"tag-element\">Benessere delle comunit\u00e0<\/a><a href=\"https:\/\/www.compagniadisanpaolo.it\/it\/tags\/risultati\/?_sft_post_tag=educazione-di-qualita\" class=\"tag-element\">Educazione di qualit\u00e0<\/a><a href=\"https:\/\/www.compagniadisanpaolo.it\/it\/tags\/risultati\/?_sft_post_tag=gruppo-compagnia\" class=\"tag-element\">Gruppo compagnia<\/a><a href=\"https:\/\/www.compagniadisanpaolo.it\/it\/tags\/risultati\/?_sft_post_tag=lotta-alla-poverta\" class=\"tag-element\">Lotta alla povert\u00e0<\/a><a href=\"https:\/\/www.compagniadisanpaolo.it\/it\/tags\/risultati\/?_sft_post_tag=protagonismo-delle-comunita\" class=\"tag-element\">Protagonismo delle comunit\u00e0<\/a><a href=\"https:\/\/www.compagniadisanpaolo.it\/it\/tags\/risultati\/?_sft_post_tag=riduzione-delle-disuguaglianze\" class=\"tag-element\">Riduzione delle disuguaglianze<\/a><\/div>\t  \n\t<\/div>\n[\/vc_column_text][\/vc_column][vc_column width=&#8221;3\/4&#8243; el_class=&#8221;page-content&#8221;][vc_column_text el_class=&#8221;text&#8221;]La <strong>Fondazione Ufficio Pio<\/strong>, ente strumentale della <strong>Fondazione Compagnia di San Paolo<\/strong> dedicato a fornire un aiuto alle persone in condizioni di vulnerabilit\u00e0 &#8211; offrendo loro le risorse per costruire un avvenire pi\u00f9 prospero per s\u00e9 e per la comunit\u00e0 &#8211; ha presentato nella serata di ieri il Bilancio sociale 2023.<\/p>\n<p>Un documento prezioso, utile a misurare l\u2019impatto generato sul territorio dall\u2019Ente che opera allo scopo di fornire un&#8217;ampia variet\u00e0 di servizi alle comunit\u00e0 che assiste.<\/p>\n<p>Il documento, frutto di un processo collaborativo, ha visto la <strong>partecipazione di 250 stakeholder<\/strong>, tra cui <strong>membri della Fondazione<\/strong>, <strong>partner<\/strong> esterni e, per la prima volta, anche <strong>coloro che beneficiano direttamente dei programmi e progetti<\/strong>.<\/p>\n<p>Tale metodologia ha permesso di integrare diverse prospettive ed esperienze, conferendo al Bilancio Sociale un valore aggiunto significativo.<\/p>\n<p>Tutti i programmi attivati nel corso del 2023 hanno dimostrato, nello specifico un impegno concreto nel fornire supporto educativo e ridurre le disuguaglianze, contribuendo allo sviluppo e al benessere dei giovani e delle loro famiglie.<\/p>\n<p>Durante lo scorso anno, il <strong>progetto Traguardi<\/strong> \u2013 principale iniziativa di contrasto alle povert\u00e0 &#8211; ha accolto <strong>493 nuove famiglie con bambini sotto i due anni<\/strong>. Pi\u00f9 della met\u00e0 di queste <strong>famiglie<\/strong> hanno tre o pi\u00f9 figli e quasi l&#8217;80% hanno un <strong>background migratorio.<\/strong><\/p>\n<p>Parallelamente, al programma <strong>Will Torino<\/strong> hanno partecipato <strong>204 nuove famiglie<\/strong> con <strong>figli in quinta elementare<\/strong>, aiutandoli a risparmiare, in media, <strong>284 euro all&#8217;anno: <\/strong>una somma che la Fondazione Ufficio Pio si impegna a quadruplicare per supportare le spese legate all&#8217;istruzione delle bambine e dei bambini sia in <strong>ambito scolastico<\/strong> che <strong>extrascolastico<\/strong>.<\/p>\n<p>L&#8217;iniziativa <strong>Estate Ragazzi<\/strong>, realizzata con il supporto della <strong>Fondazione Compagnia di San Paolo<\/strong>, del <strong>Comune di Torino<\/strong> e di <strong>ITER<\/strong>, ha offerto invece a <strong>3.501 minori <\/strong>(un terzo dei quali proveniente da famiglie a basso reddito)<strong> un\u2019esperienza estiva unica, ricca di occasioni utili a contribuire allo <\/strong>sviluppo socio-cognitivo di bambine e bambini.<\/p>\n<p>Il programma <strong>DigitAll<\/strong>, iniziato durante la pandemia e proseguito negli anni, ha fornito a <strong>476 persone<\/strong> &#8211; prevalentemente donne straniere con redditi bassi &#8211; <strong>accesso a internet e formazione digitale essenziale<\/strong>.<\/p>\n<p>Infine, il progetto <strong>Percorsi<\/strong> arrivato alla dodicesima edizione, ha continuato a fare la differenza nella vita di oltre <strong>1.600 studenti e studentesse di scuole superiori e universit\u00e0<\/strong> con ISEE inferiore a 9.000 euro.<\/p>\n<p>Durante lo scorso anno, l&#8217;<strong>Area Volontariato <\/strong>della Fondazione Ufficio Pio ha registrato una crescita considerevole, adattandosi alle nuove dinamiche organizzative dell\u2019Ente e consolidando l\u2019impegno verso una <strong>solidariet\u00e0 attiva e inclusiva<\/strong>.<\/p>\n<p>Nel corso del 2023, sono stati <strong>141 <\/strong>i<strong> volontari<\/strong> coinvolti, distinguendosi per una <strong>pi\u00f9 giovane et\u00e0 media<\/strong>, una <strong>maggiore rappresentanza femminile<\/strong> e una <strong>composizione eterogenea <\/strong>che include sia lavoratori che studenti.<\/p>\n<p>Particolarmente significativi in questo senso i risultati raggiunti dal progetto <strong>Tu per Tu<\/strong>, che ha visto <strong>60 coppie con 58 tutor volontari <\/strong>impegnati a supportare persone con background migratorio (tutee).<\/p>\n<p>L\u2019obiettivo del progetto <strong>Tu per Tu <\/strong>\u00e8 duplice: da un lato si intende contribuire a incrementare la competenza linguistica in italiano e, dall&#8217;altro, mira a stimolare la nascita di nuove relazioni interpersonali.<\/p>\n<p>Il Bilancio Sociale 2023 della Fondazione Ufficio Pio \u00e8 disponibile per la consultazione visitando <strong><a href=\"https:\/\/www.ufficiopio.it\/bilanci-sociali\/\" target=\"_blank\" rel=\"noopener\">questo link<\/a><\/strong>.<\/p>\n<p>Per ulteriori approfondimenti vi invitiamo a consultare il <strong>Comunicato Stampa<\/strong> disponibile di seguito.<\/p>\n[\/vc_column_text][vc_empty_space][\/vc_column][\/vc_row][vc_row el_class=&#8221;sdg-list-wrap&#8221;][vc_column][vc_raw_html]JTVCbW9zdHJhU0RHUyU1RA==[\/vc_raw_html][\/vc_column][\/vc_row][vc_row el_class=&#8221;sdg-list-wrap&#8221;][vc_column][vc_raw_html]JTVCU2V6aW9uZV9Eb2N1bWVudGklNUQ=[\/vc_raw_html][\/vc_column][\/vc_row][vc_row][vc_column]<div class=\"templatera_shortcode\"><div data-vc-full-width=\"true\" data-vc-full-width-temp=\"true\" data-vc-full-width-init=\"false\" class=\"vc_row wpb_row vc_row-fluid newsletter-wrap\"><div class=\"wpb_column vc_column_container vc_col-sm-12\"><div class=\"vc_column-inner\"><div class=\"wpb_wrapper\">\n\t<div class=\"wpb_raw_code wpb_raw_html wpb_content_element\" >\n\t\t<div class=\"wpb_wrapper\">\n\t\t\t    <div class=\"container\">\n      <div class=\"row align-items-center\">\n\t<div class=\"col-12 col-lg-6 col-xl-5 mb-3 mb-lg-0 pr-0\">\n\t  <h2 class=\"title\">Rimani aggiornato sui nostri bandi e sui nostri progetti<\/h2>\n\t<\/div>\n\t<div class=\"col-12 col-lg-6 col-xl-7 pl-xl-4\">\n\t  <a class=\"standard-link-block\" href=\"\/it\/newsletter\/\">\n\t    Compila il form e decidi su quale argomento vuoi ricevere notizie.\t    <strong>\u00a0 ISCRIVITI!<\/strong>\n\t  <\/a>\n\t<\/div>\n      <\/div>\n    <\/div>\n\t\t<\/div>\n\t<\/div>\n<\/div><\/div><\/div><\/div><div class=\"vc_row-full-width vc_clearfix\"><\/div><\/div>[\/vc_column][\/vc_row]\n<\/div>","protected":false},"excerpt":{"rendered":"<p>Con un investimento complessivo di oltre 6 milioni di euro, i programmi pluriennali avviati nel 2023 dalla Fondazione Ufficio Pio hanno raggiunto e supportato 17.561 persone, con un incremento dell&#8217;+ 11% rispetto all&#8217;anno precedente.<\/p>\n","protected":false},"author":19,"featured_media":30385,"comment_status":"closed","ping_status":"closed","sticky":false,"template":"","format":"standard","meta":{"_acf_changed":false,"content-type":"","footnotes":""},"categories":[17],"tags":[200,238,66,240,90,239],"class_list":["post-30377","post","type-post","status-publish","format-standard","has-post-thumbnail","hentry","category-news","tag-benessere-delle-comunita","tag-educazione-di-qualita","tag-gruppo-compagnia","tag-lotta-alla-poverta","tag-protagonismo-delle-comunita","tag-riduzione-delle-disuguaglianze","entry","post-inner"],"acf":[],"yoast_head":"<!-- This site is optimized with the Yoast SEO plugin v27.3 - https:\/\/yoast.com\/product\/yoast-seo-wordpress\/ -->\n<title>Presentato il Bilancio Sociale 2023 della Fondazione Ufficio Pio - Fondazione Compagnia di San Paolo<\/title>\n<meta name=\"description\" content=\"Con un investimento complessivo di oltre 6 milioni di euro, i programmi pluriennali avviati nel 2023 dalla Fondazione Ufficio Pio hanno raggiunto e supportato 17.561 persone, con un incremento dell&#039;+ 11% rispetto all&#039;anno precedente.\" \/>\n<meta name=\"robots\" content=\"index, follow, max-snippet:-1, max-image-preview:large, max-video-preview:-1\" \/>\n<link rel=\"canonical\" href=\"https:\/\/www.compagniadisanpaolo.it\/it\/news\/presentato-il-bilancio-sociale-2023-della-fondazione-ufficio-pio\/\" \/>\n<meta property=\"og:locale\" content=\"it_IT\" \/>\n<meta property=\"og:type\" content=\"article\" \/>\n<meta property=\"og:title\" content=\"Presentato il Bilancio Sociale 2023 della Fondazione Ufficio Pio - Fondazione Compagnia di San Paolo\" \/>\n<meta property=\"og:description\" content=\"Con un investimento complessivo di oltre 6 milioni di euro, i programmi pluriennali avviati nel 2023 dalla Fondazione Ufficio Pio hanno raggiunto e supportato 17.561 persone, con un incremento dell&#039;+ 11% rispetto all&#039;anno precedente.\" \/>\n<meta property=\"og:url\" content=\"https:\/\/www.compagniadisanpaolo.it\/it\/news\/presentato-il-bilancio-sociale-2023-della-fondazione-ufficio-pio\/\" \/>\n<meta property=\"og:site_name\" content=\"Fondazione Compagnia di San Paolo\" \/>\n<meta property=\"article:publisher\" content=\"https:\/\/www.facebook.com\/CompagniaDiSanPaolo\" \/>\n<meta property=\"article:published_time\" content=\"2024-06-29T08:00:59+00:00\" \/>\n<meta property=\"og:image\" content=\"https:\/\/www.compagniadisanpaolo.it\/wp-content\/uploads\/NEWS-CSP-taglio-immagini-news-bilancio-social-Ufficio-Pio-2023_815X350.jpg\" \/>\n\t<meta property=\"og:image:width\" content=\"815\" \/>\n\t<meta property=\"og:image:height\" content=\"350\" \/>\n\t<meta property=\"og:image:type\" content=\"image\/jpeg\" \/>\n<meta name=\"author\" content=\"Federica\" \/>\n<meta name=\"twitter:card\" content=\"summary_large_image\" \/>\n<meta name=\"twitter:creator\" content=\"@CSP_live\" \/>\n<meta name=\"twitter:site\" content=\"@CSP_live\" \/>\n<meta name=\"twitter:label1\" content=\"Scritto da\" \/>\n\t<meta name=\"twitter:data1\" content=\"Federica\" \/>\n\t<meta name=\"twitter:label2\" content=\"Tempo di lettura stimato\" \/>\n\t<meta name=\"twitter:data2\" content=\"4 minuti\" \/>\n<script type=\"application\/ld+json\" class=\"yoast-schema-graph\">{\"@context\":\"https:\\\/\\\/schema.org\",\"@graph\":[{\"@type\":\"Article\",\"@id\":\"https:\\\/\\\/www.compagniadisanpaolo.it\\\/it\\\/news\\\/presentato-il-bilancio-sociale-2023-della-fondazione-ufficio-pio\\\/#article\",\"isPartOf\":{\"@id\":\"https:\\\/\\\/www.compagniadisanpaolo.it\\\/it\\\/news\\\/presentato-il-bilancio-sociale-2023-della-fondazione-ufficio-pio\\\/\"},\"author\":{\"name\":\"Federica\",\"@id\":\"https:\\\/\\\/www.compagniadisanpaolo.it\\\/it\\\/#\\\/schema\\\/person\\\/b7d5451541c25c82f29c5be1e78456b2\"},\"headline\":\"Presentato il Bilancio Sociale 2023 della Fondazione Ufficio Pio\",\"datePublished\":\"2024-06-29T08:00:59+00:00\",\"mainEntityOfPage\":{\"@id\":\"https:\\\/\\\/www.compagniadisanpaolo.it\\\/it\\\/news\\\/presentato-il-bilancio-sociale-2023-della-fondazione-ufficio-pio\\\/\"},\"wordCount\":677,\"publisher\":{\"@id\":\"https:\\\/\\\/www.compagniadisanpaolo.it\\\/it\\\/#organization\"},\"image\":{\"@id\":\"https:\\\/\\\/www.compagniadisanpaolo.it\\\/it\\\/news\\\/presentato-il-bilancio-sociale-2023-della-fondazione-ufficio-pio\\\/#primaryimage\"},\"thumbnailUrl\":\"https:\\\/\\\/www.compagniadisanpaolo.it\\\/wp-content\\\/uploads\\\/NEWS-CSP-taglio-immagini-news-bilancio-social-Ufficio-Pio-2023_815X350.jpg\",\"keywords\":[\"benessere delle comunit\u00e0\",\"educazione di qualit\u00e0\",\"gruppo compagnia\",\"lotta alla povert\u00e0\",\"protagonismo delle comunit\u00e0\",\"riduzione delle disuguaglianze\"],\"articleSection\":[\"News\"],\"inLanguage\":\"it-IT\"},{\"@type\":\"WebPage\",\"@id\":\"https:\\\/\\\/www.compagniadisanpaolo.it\\\/it\\\/news\\\/presentato-il-bilancio-sociale-2023-della-fondazione-ufficio-pio\\\/\",\"url\":\"https:\\\/\\\/www.compagniadisanpaolo.it\\\/it\\\/news\\\/presentato-il-bilancio-sociale-2023-della-fondazione-ufficio-pio\\\/\",\"name\":\"Presentato il Bilancio Sociale 2023 della Fondazione Ufficio Pio - Fondazione Compagnia di San Paolo\",\"isPartOf\":{\"@id\":\"https:\\\/\\\/www.compagniadisanpaolo.it\\\/it\\\/#website\"},\"primaryImageOfPage\":{\"@id\":\"https:\\\/\\\/www.compagniadisanpaolo.it\\\/it\\\/news\\\/presentato-il-bilancio-sociale-2023-della-fondazione-ufficio-pio\\\/#primaryimage\"},\"image\":{\"@id\":\"https:\\\/\\\/www.compagniadisanpaolo.it\\\/it\\\/news\\\/presentato-il-bilancio-sociale-2023-della-fondazione-ufficio-pio\\\/#primaryimage\"},\"thumbnailUrl\":\"https:\\\/\\\/www.compagniadisanpaolo.it\\\/wp-content\\\/uploads\\\/NEWS-CSP-taglio-immagini-news-bilancio-social-Ufficio-Pio-2023_815X350.jpg\",\"datePublished\":\"2024-06-29T08:00:59+00:00\",\"description\":\"Con un investimento complessivo di oltre 6 milioni di euro, i programmi pluriennali avviati nel 2023 dalla Fondazione Ufficio Pio hanno raggiunto e supportato 17.561 persone, con un incremento dell'+ 11% rispetto all'anno precedente.\",\"breadcrumb\":{\"@id\":\"https:\\\/\\\/www.compagniadisanpaolo.it\\\/it\\\/news\\\/presentato-il-bilancio-sociale-2023-della-fondazione-ufficio-pio\\\/#breadcrumb\"},\"inLanguage\":\"it-IT\",\"potentialAction\":[{\"@type\":\"ReadAction\",\"target\":[\"https:\\\/\\\/www.compagniadisanpaolo.it\\\/it\\\/news\\\/presentato-il-bilancio-sociale-2023-della-fondazione-ufficio-pio\\\/\"]}]},{\"@type\":\"ImageObject\",\"inLanguage\":\"it-IT\",\"@id\":\"https:\\\/\\\/www.compagniadisanpaolo.it\\\/it\\\/news\\\/presentato-il-bilancio-sociale-2023-della-fondazione-ufficio-pio\\\/#primaryimage\",\"url\":\"https:\\\/\\\/www.compagniadisanpaolo.it\\\/wp-content\\\/uploads\\\/NEWS-CSP-taglio-immagini-news-bilancio-social-Ufficio-Pio-2023_815X350.jpg\",\"contentUrl\":\"https:\\\/\\\/www.compagniadisanpaolo.it\\\/wp-content\\\/uploads\\\/NEWS-CSP-taglio-immagini-news-bilancio-social-Ufficio-Pio-2023_815X350.jpg\",\"width\":815,\"height\":350},{\"@type\":\"BreadcrumbList\",\"@id\":\"https:\\\/\\\/www.compagniadisanpaolo.it\\\/it\\\/news\\\/presentato-il-bilancio-sociale-2023-della-fondazione-ufficio-pio\\\/#breadcrumb\",\"itemListElement\":[{\"@type\":\"ListItem\",\"position\":1,\"name\":\"Home\",\"item\":\"https:\\\/\\\/www.compagniadisanpaolo.it\\\/it\\\/\"},{\"@type\":\"ListItem\",\"position\":2,\"name\":\"Presentato il Bilancio Sociale 2023 della Fondazione Ufficio Pio\"}]},{\"@type\":\"WebSite\",\"@id\":\"https:\\\/\\\/www.compagniadisanpaolo.it\\\/it\\\/#website\",\"url\":\"https:\\\/\\\/www.compagniadisanpaolo.it\\\/it\\\/\",\"name\":\"Fondazione Compagnia di San Paolo\",\"description\":\"\",\"publisher\":{\"@id\":\"https:\\\/\\\/www.compagniadisanpaolo.it\\\/it\\\/#organization\"},\"potentialAction\":[{\"@type\":\"SearchAction\",\"target\":{\"@type\":\"EntryPoint\",\"urlTemplate\":\"https:\\\/\\\/www.compagniadisanpaolo.it\\\/it\\\/?s={search_term_string}\"},\"query-input\":{\"@type\":\"PropertyValueSpecification\",\"valueRequired\":true,\"valueName\":\"search_term_string\"}}],\"inLanguage\":\"it-IT\"},{\"@type\":\"Organization\",\"@id\":\"https:\\\/\\\/www.compagniadisanpaolo.it\\\/it\\\/#organization\",\"name\":\"Fondazione Compagnia di San Paolo\",\"url\":\"https:\\\/\\\/www.compagniadisanpaolo.it\\\/it\\\/\",\"logo\":{\"@type\":\"ImageObject\",\"inLanguage\":\"it-IT\",\"@id\":\"https:\\\/\\\/www.compagniadisanpaolo.it\\\/it\\\/#\\\/schema\\\/logo\\\/image\\\/\",\"url\":\"https:\\\/\\\/www.compagniadisanpaolo.it\\\/wp-content\\\/uploads\\\/logo.svg\",\"contentUrl\":\"https:\\\/\\\/www.compagniadisanpaolo.it\\\/wp-content\\\/uploads\\\/logo.svg\",\"width\":769,\"height\":323,\"caption\":\"Fondazione Compagnia di San Paolo\"},\"image\":{\"@id\":\"https:\\\/\\\/www.compagniadisanpaolo.it\\\/it\\\/#\\\/schema\\\/logo\\\/image\\\/\"},\"sameAs\":[\"https:\\\/\\\/www.facebook.com\\\/CompagniaDiSanPaolo\",\"https:\\\/\\\/x.com\\\/CSP_live\",\"http:\\\/\\\/instagram.com\\\/compagniadisanpaolo?ref=badge\",\"https:\\\/\\\/www.linkedin.com\\\/company\\\/compagnia-di-san-paolo\",\"https:\\\/\\\/www.youtube.com\\\/user\\\/compagniadisanpaolo\",\"https:\\\/\\\/it.wikipedia.org\\\/wiki\\\/Compagnia_di_San_Paolo\"]},{\"@type\":\"Person\",\"@id\":\"https:\\\/\\\/www.compagniadisanpaolo.it\\\/it\\\/#\\\/schema\\\/person\\\/b7d5451541c25c82f29c5be1e78456b2\",\"name\":\"Federica\",\"image\":{\"@type\":\"ImageObject\",\"inLanguage\":\"it-IT\",\"@id\":\"https:\\\/\\\/secure.gravatar.com\\\/avatar\\\/b5698fa13ac389b1f1fb1263a4626e219d853d7ccf112e854aea8c9c087d24ae?s=96&d=mm&r=g\",\"url\":\"https:\\\/\\\/secure.gravatar.com\\\/avatar\\\/b5698fa13ac389b1f1fb1263a4626e219d853d7ccf112e854aea8c9c087d24ae?s=96&d=mm&r=g\",\"contentUrl\":\"https:\\\/\\\/secure.gravatar.com\\\/avatar\\\/b5698fa13ac389b1f1fb1263a4626e219d853d7ccf112e854aea8c9c087d24ae?s=96&d=mm&r=g\",\"caption\":\"Federica\"}}]}<\/script>\n<!-- \/ Yoast SEO plugin. -->","yoast_head_json":{"title":"Presentato il Bilancio Sociale 2023 della Fondazione Ufficio Pio - Fondazione Compagnia di San Paolo","description":"Con un investimento complessivo di oltre 6 milioni di euro, i programmi pluriennali avviati nel 2023 dalla Fondazione Ufficio Pio hanno raggiunto e supportato 17.561 persone, con un incremento dell'+ 11% rispetto all'anno precedente.","robots":{"index":"index","follow":"follow","max-snippet":"max-snippet:-1","max-image-preview":"max-image-preview:large","max-video-preview":"max-video-preview:-1"},"canonical":"https:\/\/www.compagniadisanpaolo.it\/it\/news\/presentato-il-bilancio-sociale-2023-della-fondazione-ufficio-pio\/","og_locale":"it_IT","og_type":"article","og_title":"Presentato il Bilancio Sociale 2023 della Fondazione Ufficio Pio - Fondazione Compagnia di San Paolo","og_description":"Con un investimento complessivo di oltre 6 milioni di euro, i programmi pluriennali avviati nel 2023 dalla Fondazione Ufficio Pio hanno raggiunto e supportato 17.561 persone, con un incremento dell'+ 11% rispetto all'anno precedente.","og_url":"https:\/\/www.compagniadisanpaolo.it\/it\/news\/presentato-il-bilancio-sociale-2023-della-fondazione-ufficio-pio\/","og_site_name":"Fondazione Compagnia di San Paolo","article_publisher":"https:\/\/www.facebook.com\/CompagniaDiSanPaolo","article_published_time":"2024-06-29T08:00:59+00:00","og_image":[{"width":815,"height":350,"url":"https:\/\/www.compagniadisanpaolo.it\/wp-content\/uploads\/NEWS-CSP-taglio-immagini-news-bilancio-social-Ufficio-Pio-2023_815X350.jpg","type":"image\/jpeg"}],"author":"Federica","twitter_card":"summary_large_image","twitter_creator":"@CSP_live","twitter_site":"@CSP_live","twitter_misc":{"Scritto da":"Federica","Tempo di lettura stimato":"4 minuti"},"schema":{"@context":"https:\/\/schema.org","@graph":[{"@type":"Article","@id":"https:\/\/www.compagniadisanpaolo.it\/it\/news\/presentato-il-bilancio-sociale-2023-della-fondazione-ufficio-pio\/#article","isPartOf":{"@id":"https:\/\/www.compagniadisanpaolo.it\/it\/news\/presentato-il-bilancio-sociale-2023-della-fondazione-ufficio-pio\/"},"author":{"name":"Federica","@id":"https:\/\/www.compagniadisanpaolo.it\/it\/#\/schema\/person\/b7d5451541c25c82f29c5be1e78456b2"},"headline":"Presentato il Bilancio Sociale 2023 della Fondazione Ufficio Pio","datePublished":"2024-06-29T08:00:59+00:00","mainEntityOfPage":{"@id":"https:\/\/www.compagniadisanpaolo.it\/it\/news\/presentato-il-bilancio-sociale-2023-della-fondazione-ufficio-pio\/"},"wordCount":677,"publisher":{"@id":"https:\/\/www.compagniadisanpaolo.it\/it\/#organization"},"image":{"@id":"https:\/\/www.compagniadisanpaolo.it\/it\/news\/presentato-il-bilancio-sociale-2023-della-fondazione-ufficio-pio\/#primaryimage"},"thumbnailUrl":"https:\/\/www.compagniadisanpaolo.it\/wp-content\/uploads\/NEWS-CSP-taglio-immagini-news-bilancio-social-Ufficio-Pio-2023_815X350.jpg","keywords":["benessere delle comunit\u00e0","educazione di qualit\u00e0","gruppo compagnia","lotta alla povert\u00e0","protagonismo delle comunit\u00e0","riduzione delle disuguaglianze"],"articleSection":["News"],"inLanguage":"it-IT"},{"@type":"WebPage","@id":"https:\/\/www.compagniadisanpaolo.it\/it\/news\/presentato-il-bilancio-sociale-2023-della-fondazione-ufficio-pio\/","url":"https:\/\/www.compagniadisanpaolo.it\/it\/news\/presentato-il-bilancio-sociale-2023-della-fondazione-ufficio-pio\/","name":"Presentato il Bilancio Sociale 2023 della Fondazione Ufficio Pio - Fondazione Compagnia di San Paolo","isPartOf":{"@id":"https:\/\/www.compagniadisanpaolo.it\/it\/#website"},"primaryImageOfPage":{"@id":"https:\/\/www.compagniadisanpaolo.it\/it\/news\/presentato-il-bilancio-sociale-2023-della-fondazione-ufficio-pio\/#primaryimage"},"image":{"@id":"https:\/\/www.compagniadisanpaolo.it\/it\/news\/presentato-il-bilancio-sociale-2023-della-fondazione-ufficio-pio\/#primaryimage"},"thumbnailUrl":"https:\/\/www.compagniadisanpaolo.it\/wp-content\/uploads\/NEWS-CSP-taglio-immagini-news-bilancio-social-Ufficio-Pio-2023_815X350.jpg","datePublished":"2024-06-29T08:00:59+00:00","description":"Con un investimento complessivo di oltre 6 milioni di euro, i programmi pluriennali avviati nel 2023 dalla Fondazione Ufficio Pio hanno raggiunto e supportato 17.561 persone, con un incremento dell'+ 11% rispetto all'anno precedente.","breadcrumb":{"@id":"https:\/\/www.compagniadisanpaolo.it\/it\/news\/presentato-il-bilancio-sociale-2023-della-fondazione-ufficio-pio\/#breadcrumb"},"inLanguage":"it-IT","potentialAction":[{"@type":"ReadAction","target":["https:\/\/www.compagniadisanpaolo.it\/it\/news\/presentato-il-bilancio-sociale-2023-della-fondazione-ufficio-pio\/"]}]},{"@type":"ImageObject","inLanguage":"it-IT","@id":"https:\/\/www.compagniadisanpaolo.it\/it\/news\/presentato-il-bilancio-sociale-2023-della-fondazione-ufficio-pio\/#primaryimage","url":"https:\/\/www.compagniadisanpaolo.it\/wp-content\/uploads\/NEWS-CSP-taglio-immagini-news-bilancio-social-Ufficio-Pio-2023_815X350.jpg","contentUrl":"https:\/\/www.compagniadisanpaolo.it\/wp-content\/uploads\/NEWS-CSP-taglio-immagini-news-bilancio-social-Ufficio-Pio-2023_815X350.jpg","width":815,"height":350},{"@type":"BreadcrumbList","@id":"https:\/\/www.compagniadisanpaolo.it\/it\/news\/presentato-il-bilancio-sociale-2023-della-fondazione-ufficio-pio\/#breadcrumb","itemListElement":[{"@type":"ListItem","position":1,"name":"Home","item":"https:\/\/www.compagniadisanpaolo.it\/it\/"},{"@type":"ListItem","position":2,"name":"Presentato il Bilancio Sociale 2023 della Fondazione Ufficio Pio"}]},{"@type":"WebSite","@id":"https:\/\/www.compagniadisanpaolo.it\/it\/#website","url":"https:\/\/www.compagniadisanpaolo.it\/it\/","name":"Fondazione Compagnia di San Paolo","description":"","publisher":{"@id":"https:\/\/www.compagniadisanpaolo.it\/it\/#organization"},"potentialAction":[{"@type":"SearchAction","target":{"@type":"EntryPoint","urlTemplate":"https:\/\/www.compagniadisanpaolo.it\/it\/?s={search_term_string}"},"query-input":{"@type":"PropertyValueSpecification","valueRequired":true,"valueName":"search_term_string"}}],"inLanguage":"it-IT"},{"@type":"Organization","@id":"https:\/\/www.compagniadisanpaolo.it\/it\/#organization","name":"Fondazione Compagnia di San Paolo","url":"https:\/\/www.compagniadisanpaolo.it\/it\/","logo":{"@type":"ImageObject","inLanguage":"it-IT","@id":"https:\/\/www.compagniadisanpaolo.it\/it\/#\/schema\/logo\/image\/","url":"https:\/\/www.compagniadisanpaolo.it\/wp-content\/uploads\/logo.svg","contentUrl":"https:\/\/www.compagniadisanpaolo.it\/wp-content\/uploads\/logo.svg","width":769,"height":323,"caption":"Fondazione Compagnia di San Paolo"},"image":{"@id":"https:\/\/www.compagniadisanpaolo.it\/it\/#\/schema\/logo\/image\/"},"sameAs":["https:\/\/www.facebook.com\/CompagniaDiSanPaolo","https:\/\/x.com\/CSP_live","http:\/\/instagram.com\/compagniadisanpaolo?ref=badge","https:\/\/www.linkedin.com\/company\/compagnia-di-san-paolo","https:\/\/www.youtube.com\/user\/compagniadisanpaolo","https:\/\/it.wikipedia.org\/wiki\/Compagnia_di_San_Paolo"]},{"@type":"Person","@id":"https:\/\/www.compagniadisanpaolo.it\/it\/#\/schema\/person\/b7d5451541c25c82f29c5be1e78456b2","name":"Federica","image":{"@type":"ImageObject","inLanguage":"it-IT","@id":"https:\/\/secure.gravatar.com\/avatar\/b5698fa13ac389b1f1fb1263a4626e219d853d7ccf112e854aea8c9c087d24ae?s=96&d=mm&r=g","url":"https:\/\/secure.gravatar.com\/avatar\/b5698fa13ac389b1f1fb1263a4626e219d853d7ccf112e854aea8c9c087d24ae?s=96&d=mm&r=g","contentUrl":"https:\/\/secure.gravatar.com\/avatar\/b5698fa13ac389b1f1fb1263a4626e219d853d7ccf112e854aea8c9c087d24ae?s=96&d=mm&r=g","caption":"Federica"}}]}},"amp_enabled":true,"_links":{"self":[{"href":"https:\/\/www.compagniadisanpaolo.it\/it\/wp-json\/wp\/v2\/posts\/30377","targetHints":{"allow":["GET"]}}],"collection":[{"href":"https:\/\/www.compagniadisanpaolo.it\/it\/wp-json\/wp\/v2\/posts"}],"about":[{"href":"https:\/\/www.compagniadisanpaolo.it\/it\/wp-json\/wp\/v2\/types\/post"}],"author":[{"embeddable":true,"href":"https:\/\/www.compagniadisanpaolo.it\/it\/wp-json\/wp\/v2\/users\/19"}],"replies":[{"embeddable":true,"href":"https:\/\/www.compagniadisanpaolo.it\/it\/wp-json\/wp\/v2\/comments?post=30377"}],"version-history":[{"count":4,"href":"https:\/\/www.compagniadisanpaolo.it\/it\/wp-json\/wp\/v2\/posts\/30377\/revisions"}],"predecessor-version":[{"id":30394,"href":"https:\/\/www.compagniadisanpaolo.it\/it\/wp-json\/wp\/v2\/posts\/30377\/revisions\/30394"}],"wp:featuredmedia":[{"embeddable":true,"href":"https:\/\/www.compagniadisanpaolo.it\/it\/wp-json\/wp\/v2\/media\/30385"}],"wp:attachment":[{"href":"https:\/\/www.compagniadisanpaolo.it\/it\/wp-json\/wp\/v2\/media?parent=30377"}],"wp:term":[{"taxonomy":"category","embeddable":true,"href":"https:\/\/www.compagniadisanpaolo.it\/it\/wp-json\/wp\/v2\/categories?post=30377"},{"taxonomy":"post_tag","embeddable":true,"href":"https:\/\/www.compagniadisanpaolo.it\/it\/wp-json\/wp\/v2\/tags?post=30377"}],"curies":[{"name":"wp","href":"https:\/\/api.w.org\/{rel}","templated":true}]}}