{"id":30185,"date":"2024-06-18T16:33:19","date_gmt":"2024-06-18T14:33:19","guid":{"rendered":"https:\/\/www.compagniadisanpaolo.it\/?p=30185"},"modified":"2024-06-18T16:33:19","modified_gmt":"2024-06-18T14:33:19","slug":"fondazione-faro-presentato-il-bilancio-sociale-2023","status":"publish","type":"post","link":"https:\/\/www.compagniadisanpaolo.it\/it\/news\/fondazione-faro-presentato-il-bilancio-sociale-2023\/","title":{"rendered":"Fondazione Faro: presentato il Bilancio Sociale 2023"},"content":{"rendered":"<div class=\"wpb-content-wrapper\">[vc_row][vc_column][vc_column_text el_class=&#8221;text-headline2&#8243;]Il Bilancio Sociale presentato ieri dalla Fondazione Faro mette in luce i successi ottenuti e delinea gli obiettivi futuri, proseguendo il suo impegno pluridecennale nel fornire cure palliative specialistiche. Un impegno reso possibile anche grazie al sostegno della Fondazione Compagnia di San Paolo.[\/vc_column_text][\/vc_column][\/vc_row][vc_row][vc_column][vc_column_text]\n<div class=\"info-box mission\">\n\t\t<div class=\"info-box-wrap info-box-hor row pb-0\">\n\n\t\t      \n\t\t      <div class=\"spalla col-12 col-md-12\">\n\t\t\t<div class=\"info-box sharing-box\">\n\t\t\t  <span class=\"label\">Condividi:<\/span>\n\t\t\t  <div class=\"social-sharing\">\n\t\t\t    <span class=\"box\">\n\t\t\t      <a class=\"fb\" href=\"https:\/\/www.facebook.com\/sharer.php?u=https:\/\/www.compagniadisanpaolo.it\/it\/news\/fondazione-faro-presentato-il-bilancio-sociale-2023\/\" target=\"_blank\">\n\t\t\t\t<span class=\"sr-only\">Facebook<\/span>\n\t\t\t\t<i class=\"fab fa-facebook-f\"><\/i>\n\t\t\t      <\/a>\n\t\t\t    <\/span>\n\t\t\t    \n\t\t\t    <style>\n.twitter, .twitter:hover{\ncolor:#000000 !important;}\n<\/style>\n\n\n\t\t\t    <span class=\"box\">\n\t\t\t      <a class=\"twitter\" href=\"https:\/\/twitter.com\/intent\/tweet?url=https:\/\/www.compagniadisanpaolo.it\/it\/news\/fondazione-faro-presentato-il-bilancio-sociale-2023\/\">\n\t\t\t\t<span class=\"sr-only\">Twitter<\/span>\n\t\t\t\t<i class=\"fa-brands fa-x-twitter\"><\/i>\n\t\t\t      <\/a>\n\t\t\t    <\/span>\n\n\t\t\t    \n\t\t\t    <span class=\"box\">\n\t\t\t      <a class=\"linkedin\" href=\"https:\/\/www.linkedin.com\/shareArticle?mini=true&url=https:\/\/www.compagniadisanpaolo.it\/it\/news\/fondazione-faro-presentato-il-bilancio-sociale-2023\/\">\n\t\t\t\t<span class=\"sr-only\">Linkedin<\/span>\n\t\t\t\t  <i class=\"fa-brands fa-linkedin-in\"><\/i>\n\t\t\t      <\/a>\n\t\t\t    <\/span>\n\n\t\t\t    <span class=\"box\">\n\t\t\t      <a class=\"whatsapp\" href=\"whatsapp:\/\/send?text=https:\/\/www.compagniadisanpaolo.it\/it\/news\/fondazione-faro-presentato-il-bilancio-sociale-2023\/\" data-action=\"share\/whatsapp\/share\">\n\t\t\t\t<span class=\"sr-only\">Whatsapp<\/span>\n\t\t\t\t<i class=\"fa-brands fa-whatsapp\"><\/i>\n\t\t\t      <\/a>\n\t\t\t    <\/span>\n\n\t\t\t    <span class=\"box\">\n\t\t\t      <a class=\"mail\" href=\"mailto:?subject=Fondazione Faro: presentato il Bilancio Sociale 2023&body=https:\/\/www.compagniadisanpaolo.it\/it\/news\/fondazione-faro-presentato-il-bilancio-sociale-2023\/\">\n\t\t\t\t<span class=\"sr-only\">Mail<\/span>\n\t\t\t\t <i class=\"fa-solid fa-envelope\"><\/i>\n\t\t\t      <\/a>\n\t\t\t    <\/span>\n\t\t\t    \n\t\t\t  <\/div>\n\t\t\t<\/div>\n\t      <\/div>\n\t    <\/div><\/div>\n[\/vc_column_text][\/vc_column][\/vc_row][vc_row][vc_column width=&#8221;1\/4&#8243;][vc_column_text]\n\n\n\t\t<div class=\"info-box-wrap\">\n\n\t  <div class=\"info-box date-pub\">\n\t  \t<span class=\"label\">Data di pubblicazione:<\/span>\n\t    <span class=\"value\">18 Giugno 2024<\/span>\n\t  <\/div>\n\t\t\t\t  <div class=\"info-box obj-people\">\n\t\t\t\t\t  <div class=\"info-box obj\"><span class=\"label\">Obiettivo<\/span>\n\t\t\t\t\t    <div class=\"obj-small-box\">\n\t\t\t\t\t      <span>Persone.<\/span>\n\t\t\t\t\t    <\/div>\n\t\t\t\t\t  <\/div>\n\t\t\t\t  <\/div>\n\t\t\t  <div class=\"info-box mission\"><span class=\"label\">Tag<\/span><a href=\"https:\/\/www.compagniadisanpaolo.it\/it\/tags\/risultati\/?_sft_post_tag=assistenza-ai-malati-e-alle-famiglie\" class=\"tag-element\">Assistenza ai malati e alle famiglie<\/a><a href=\"https:\/\/www.compagniadisanpaolo.it\/it\/tags\/risultati\/?_sft_post_tag=caregiving\" class=\"tag-element\">Caregiving<\/a><a href=\"https:\/\/www.compagniadisanpaolo.it\/it\/tags\/risultati\/?_sft_post_tag=coesione-sociale\" class=\"tag-element\">Coesione sociale<\/a><a href=\"https:\/\/www.compagniadisanpaolo.it\/it\/tags\/risultati\/?_sft_post_tag=creazione-di-reti-solide\" class=\"tag-element\">Creazione di reti solide<\/a><a href=\"https:\/\/www.compagniadisanpaolo.it\/it\/tags\/risultati\/?_sft_post_tag=piena-cittadinanza-e-diritti\" class=\"tag-element\">Piena cittadinanza e diritti<\/a><a href=\"https:\/\/www.compagniadisanpaolo.it\/it\/tags\/risultati\/?_sft_post_tag=protagonismo-delle-comunita\" class=\"tag-element\">Protagonismo delle comunit\u00e0<\/a><a href=\"https:\/\/www.compagniadisanpaolo.it\/it\/tags\/risultati\/?_sft_post_tag=sanita\" class=\"tag-element\">Sanit\u00e0<\/a><\/div>\t  \n\t<\/div>\n[\/vc_column_text][\/vc_column][vc_column width=&#8221;3\/4&#8243; el_class=&#8221;page-content&#8221;][vc_column_text el_class=&#8221;text&#8221;]Lo scorso 17 giugno nella splendida cornice del Palazzo della Luce di Torino, la Fondazione FARO ha presentato il suo <strong>Bilancio Sociale<\/strong>, relativo all\u2019anno <strong>2023<\/strong>.<\/p>\n<p>Alla serata di presentazione, moderata dal giornalista <strong>Beppe Gandolfo<\/strong>, oltre alla vicesindaca della Citt\u00e0 di Torino <strong>Michela Favaro<\/strong>, al direttore generale e al Presidente della Fondazione FARO <strong>Luigi Stella<\/strong> e <strong>Giuseppe Cravetto<\/strong>, era presente anche il <strong>Segretario Generale della Fondazione Compagnia di San Paolo<\/strong>, <strong>Alberto Anfossi<\/strong> che ha dichiarato:<\/p>\n<p>\u00ab<em>La Fondazione Compagnia di San Paolo sostiene da sempre le attivit\u00e0 della Fondazione FARO, con contributi annuali e con ulteriori risorse attraverso il &#8220;Fondo Opera di Alfredo Cornaglia&#8221;. Questo rapporto di collaborazione ci permette di stare accanto alle persone in fase avanzata di malattia e di garantire loro la massima qualit\u00e0 di vita possibile. Siamo lieti di partecipare alla presentazione del bilancio sociale che presenta anche un\u2019analisi di materialit\u00e0 per individuare gli ambiti strategici e gli aspetti prioritari per gli stakeholder e un\u2019analisi dell\u2019impatto sociale della Fondazione negli ultimi 4 anni: consideriamo come Compagnia quanto sia rilevante saper ascoltare i bisogni del contesto, monitorando indicatori e risultati e analizzando i dati per riprogettare costantemente l\u2019azione<\/em>\u00bb.<\/p>\n<p>Nel corso del 2023, la FARO ha continuato a rappresentare un <strong>pilastro fondamentale nell&#8217;ambito delle cure palliative<\/strong>, raggiungendo traguardi significativi che testimoniano il suo impegno costante nel fornire assistenza di alta qualit\u00e0 a pazienti e famiglie.<\/p>\n<p>Nello specifico la Fondazione ha assistito <strong>1.005 pazienti a domicilio<\/strong>, mentre ulteriori <strong>551 persone <\/strong>sono state <strong>curante all\u2019interno dei suoi<\/strong> <strong>tre hospice<\/strong>, garantendo complessivamente <strong>41.205 giornate di assistenza<\/strong>. Numeri importanti che riflettono l&#8217;ampia portata dei servizi offerti dalla Fondazione FARO, che continua a essere un <strong>punto di riferimento essenziale<\/strong> per chi necessita di <strong>cure palliative specialistiche<\/strong>.<\/p>\n<p>Anche i dati relativi al servizio di <strong>supporto psicologico<\/strong> sono decisamente rilevanti con <strong>614 nuclei familiari sostenuti<\/strong> attraverso iniziative mirate come ad esempio il <strong>Progetto Protezione Famiglie Fragili<\/strong> e il servizio &#8220;<strong>FARO dopo<\/strong>&#8220;, pensato per accompagnare le persone nella fase di elaborazione del lutto. Programmi cruciali per offrire un supporto emotivo e psicologico a chi affronta momenti di grande difficolt\u00e0, dimostrando l&#8217;<strong>approccio olistico della Fondazione <\/strong>nel prendersi cura non solo dei pazienti, ma anche delle loro famiglie.<\/p>\n<p>Risultati tangibili e resi possibili dalla forza lavoro della Fondazione FARO, composta da 175 collaboratori, di cui il 64% sono dipendenti e liberi professionisti. Inoltre, la Fondazione beneficia dell&#8217;inestimabile contributo di <strong>221 volontari<\/strong>, che nel 2023 hanno dedicato un totale di <strong>17.510 ore di attivit\u00e0<\/strong>.<\/p>\n<p>Questo impegno collettivo \u00e8 alla base della capacit\u00e0 della FARO di offrire servizi di alta qualit\u00e0 e di rispondere in modo adeguato alle esigenze dei pazienti e delle loro famiglie.<\/p>\n<p>Tutti questi traguardi sottolineano l&#8217;impegno costante della Fondazione FARO nel migliorare la qualit\u00e0 della vita dei pazienti e nel supportare le loro famiglie, consolidando al contempo il <strong>suo ruolo fondamentale nel settore delle cure palliative<\/strong>. La dedizione del personale e dei volontari, unita a una gestione efficiente delle risorse, permetter\u00e0 alla Fondazione di affrontare con successo le sfide presenti e future.<\/p>\n<p>Per consultare il comunicato stampa vi invitiamo a visitare <a href=\"https:\/\/www.compagniadisanpaolo.it\/wp-content\/uploads\/ComunicatoStampa_BilancioSociale2023.pdf\" target=\"_blank\" rel=\"noopener\">questo link<\/a>.[\/vc_column_text][vc_empty_space][vc_masonry_media_grid element_width=&#8221;3&#8243; grid_id=&#8221;vc_gid:1718720924618-9fe4e157-cea6-2&#8243; include=&#8221;30195,30197,30199,30201&#8243;][\/vc_column][\/vc_row][vc_row el_class=&#8221;sdg-list-wrap&#8221;][vc_column][vc_raw_html]JTVCbW9zdHJhU0RHUyU1RA==[\/vc_raw_html][\/vc_column][\/vc_row][vc_row el_class=&#8221;sdg-list-wrap&#8221;][vc_column][vc_raw_html]JTVCU2V6aW9uZV9Eb2N1bWVudGklNUQ=[\/vc_raw_html][\/vc_column][\/vc_row][vc_row][vc_column]<div class=\"templatera_shortcode\"><div data-vc-full-width=\"true\" data-vc-full-width-temp=\"true\" data-vc-full-width-init=\"false\" class=\"vc_row wpb_row vc_row-fluid newsletter-wrap\"><div class=\"wpb_column vc_column_container vc_col-sm-12\"><div class=\"vc_column-inner\"><div class=\"wpb_wrapper\">\n\t<div class=\"wpb_raw_code wpb_raw_html wpb_content_element\" >\n\t\t<div class=\"wpb_wrapper\">\n\t\t\t    <div class=\"container\">\n      <div class=\"row align-items-center\">\n\t<div class=\"col-12 col-lg-6 col-xl-5 mb-3 mb-lg-0 pr-0\">\n\t  <h2 class=\"title\">Rimani aggiornato sui nostri bandi e sui nostri progetti<\/h2>\n\t<\/div>\n\t<div class=\"col-12 col-lg-6 col-xl-7 pl-xl-4\">\n\t  <a class=\"standard-link-block\" href=\"\/it\/newsletter\/\">\n\t    Compila il form e decidi su quale argomento vuoi ricevere notizie.\t    <strong>\u00a0 ISCRIVITI!<\/strong>\n\t  <\/a>\n\t<\/div>\n      <\/div>\n    <\/div>\n\t\t<\/div>\n\t<\/div>\n<\/div><\/div><\/div><\/div><div class=\"vc_row-full-width vc_clearfix\"><\/div><\/div>[\/vc_column][\/vc_row]\n<\/div>","protected":false},"excerpt":{"rendered":"<p>Il Bilancio Sociale presentato ieri dalla Fondazione Faro mette in luce i successi ottenuti e delinea gli obiettivi futuri, proseguendo il suo impegno pluridecennale nel fornire cure palliative specialistiche. Un impegno reso possibile anche grazie al sostegno della Fondazione Compagnia di San Paolo.<\/p>\n","protected":false},"author":19,"featured_media":30191,"comment_status":"closed","ping_status":"closed","sticky":false,"template":"","format":"standard","meta":{"_acf_changed":false,"content-type":"","footnotes":""},"categories":[17],"tags":[192,191,51,70,93,90,190],"class_list":["post-30185","post","type-post","status-publish","format-standard","has-post-thumbnail","hentry","category-news","tag-assistenza-ai-malati-e-alle-famiglie","tag-caregiving","tag-coesione-sociale","tag-creazione-di-reti-solide","tag-piena-cittadinanza-e-diritti","tag-protagonismo-delle-comunita","tag-sanita","entry","post-inner"],"acf":[],"yoast_head":"<!-- This site is optimized with the Yoast SEO plugin v27.3 - https:\/\/yoast.com\/product\/yoast-seo-wordpress\/ -->\n<title>Fondazione Faro: presentato il Bilancio Sociale 2023 - Fondazione Compagnia di San Paolo<\/title>\n<meta name=\"description\" content=\"Il Bilancio Sociale presentato ieri dalla Fondazione Faro mette in luce i successi ottenuti e delinea gli obiettivi futuri, proseguendo il suo impegno nel fornire cure palliative specialistiche.\" \/>\n<meta name=\"robots\" content=\"index, follow, max-snippet:-1, max-image-preview:large, max-video-preview:-1\" \/>\n<link rel=\"canonical\" href=\"https:\/\/www.compagniadisanpaolo.it\/it\/news\/fondazione-faro-presentato-il-bilancio-sociale-2023\/\" \/>\n<meta property=\"og:locale\" content=\"it_IT\" \/>\n<meta property=\"og:type\" content=\"article\" \/>\n<meta property=\"og:title\" content=\"Fondazione Faro: presentato il Bilancio Sociale 2023 - Fondazione Compagnia di San Paolo\" \/>\n<meta property=\"og:description\" content=\"Il Bilancio Sociale presentato ieri dalla Fondazione Faro mette in luce i successi ottenuti e delinea gli obiettivi futuri, proseguendo il suo impegno nel fornire cure palliative specialistiche.\" \/>\n<meta property=\"og:url\" content=\"https:\/\/www.compagniadisanpaolo.it\/it\/news\/fondazione-faro-presentato-il-bilancio-sociale-2023\/\" \/>\n<meta property=\"og:site_name\" content=\"Fondazione Compagnia di San Paolo\" \/>\n<meta property=\"article:publisher\" content=\"https:\/\/www.facebook.com\/CompagniaDiSanPaolo\" \/>\n<meta property=\"article:published_time\" content=\"2024-06-18T14:33:19+00:00\" \/>\n<meta property=\"og:image\" content=\"https:\/\/www.compagniadisanpaolo.it\/wp-content\/uploads\/Taglio-immagini-fondazione-Fondazione-Faro_815X350.jpg\" \/>\n\t<meta property=\"og:image:width\" content=\"815\" \/>\n\t<meta property=\"og:image:height\" content=\"350\" \/>\n\t<meta property=\"og:image:type\" content=\"image\/jpeg\" \/>\n<meta name=\"author\" content=\"Federica\" \/>\n<meta name=\"twitter:card\" content=\"summary_large_image\" \/>\n<meta name=\"twitter:creator\" content=\"@CSP_live\" \/>\n<meta name=\"twitter:site\" content=\"@CSP_live\" \/>\n<meta name=\"twitter:label1\" content=\"Scritto da\" \/>\n\t<meta name=\"twitter:data1\" content=\"Federica\" \/>\n\t<meta name=\"twitter:label2\" content=\"Tempo di lettura stimato\" \/>\n\t<meta name=\"twitter:data2\" content=\"4 minuti\" \/>\n<script type=\"application\/ld+json\" class=\"yoast-schema-graph\">{\"@context\":\"https:\\\/\\\/schema.org\",\"@graph\":[{\"@type\":\"Article\",\"@id\":\"https:\\\/\\\/www.compagniadisanpaolo.it\\\/it\\\/news\\\/fondazione-faro-presentato-il-bilancio-sociale-2023\\\/#article\",\"isPartOf\":{\"@id\":\"https:\\\/\\\/www.compagniadisanpaolo.it\\\/it\\\/news\\\/fondazione-faro-presentato-il-bilancio-sociale-2023\\\/\"},\"author\":{\"name\":\"Federica\",\"@id\":\"https:\\\/\\\/www.compagniadisanpaolo.it\\\/it\\\/#\\\/schema\\\/person\\\/b7d5451541c25c82f29c5be1e78456b2\"},\"headline\":\"Fondazione Faro: presentato il Bilancio Sociale 2023\",\"datePublished\":\"2024-06-18T14:33:19+00:00\",\"mainEntityOfPage\":{\"@id\":\"https:\\\/\\\/www.compagniadisanpaolo.it\\\/it\\\/news\\\/fondazione-faro-presentato-il-bilancio-sociale-2023\\\/\"},\"wordCount\":686,\"publisher\":{\"@id\":\"https:\\\/\\\/www.compagniadisanpaolo.it\\\/it\\\/#organization\"},\"image\":{\"@id\":\"https:\\\/\\\/www.compagniadisanpaolo.it\\\/it\\\/news\\\/fondazione-faro-presentato-il-bilancio-sociale-2023\\\/#primaryimage\"},\"thumbnailUrl\":\"https:\\\/\\\/www.compagniadisanpaolo.it\\\/wp-content\\\/uploads\\\/Taglio-immagini-fondazione-Fondazione-Faro_815X350.jpg\",\"keywords\":[\"assistenza ai malati e alle famiglie\",\"caregiving\",\"coesione sociale\",\"creazione di reti solide\",\"piena cittadinanza e diritti\",\"protagonismo delle comunit\u00e0\",\"sanit\u00e0\"],\"articleSection\":[\"News\"],\"inLanguage\":\"it-IT\"},{\"@type\":\"WebPage\",\"@id\":\"https:\\\/\\\/www.compagniadisanpaolo.it\\\/it\\\/news\\\/fondazione-faro-presentato-il-bilancio-sociale-2023\\\/\",\"url\":\"https:\\\/\\\/www.compagniadisanpaolo.it\\\/it\\\/news\\\/fondazione-faro-presentato-il-bilancio-sociale-2023\\\/\",\"name\":\"Fondazione Faro: presentato il Bilancio Sociale 2023 - Fondazione Compagnia di San Paolo\",\"isPartOf\":{\"@id\":\"https:\\\/\\\/www.compagniadisanpaolo.it\\\/it\\\/#website\"},\"primaryImageOfPage\":{\"@id\":\"https:\\\/\\\/www.compagniadisanpaolo.it\\\/it\\\/news\\\/fondazione-faro-presentato-il-bilancio-sociale-2023\\\/#primaryimage\"},\"image\":{\"@id\":\"https:\\\/\\\/www.compagniadisanpaolo.it\\\/it\\\/news\\\/fondazione-faro-presentato-il-bilancio-sociale-2023\\\/#primaryimage\"},\"thumbnailUrl\":\"https:\\\/\\\/www.compagniadisanpaolo.it\\\/wp-content\\\/uploads\\\/Taglio-immagini-fondazione-Fondazione-Faro_815X350.jpg\",\"datePublished\":\"2024-06-18T14:33:19+00:00\",\"description\":\"Il Bilancio Sociale presentato ieri dalla Fondazione Faro mette in luce i successi ottenuti e delinea gli obiettivi futuri, proseguendo il suo impegno nel fornire cure palliative specialistiche.\",\"breadcrumb\":{\"@id\":\"https:\\\/\\\/www.compagniadisanpaolo.it\\\/it\\\/news\\\/fondazione-faro-presentato-il-bilancio-sociale-2023\\\/#breadcrumb\"},\"inLanguage\":\"it-IT\",\"potentialAction\":[{\"@type\":\"ReadAction\",\"target\":[\"https:\\\/\\\/www.compagniadisanpaolo.it\\\/it\\\/news\\\/fondazione-faro-presentato-il-bilancio-sociale-2023\\\/\"]}]},{\"@type\":\"ImageObject\",\"inLanguage\":\"it-IT\",\"@id\":\"https:\\\/\\\/www.compagniadisanpaolo.it\\\/it\\\/news\\\/fondazione-faro-presentato-il-bilancio-sociale-2023\\\/#primaryimage\",\"url\":\"https:\\\/\\\/www.compagniadisanpaolo.it\\\/wp-content\\\/uploads\\\/Taglio-immagini-fondazione-Fondazione-Faro_815X350.jpg\",\"contentUrl\":\"https:\\\/\\\/www.compagniadisanpaolo.it\\\/wp-content\\\/uploads\\\/Taglio-immagini-fondazione-Fondazione-Faro_815X350.jpg\",\"width\":815,\"height\":350},{\"@type\":\"BreadcrumbList\",\"@id\":\"https:\\\/\\\/www.compagniadisanpaolo.it\\\/it\\\/news\\\/fondazione-faro-presentato-il-bilancio-sociale-2023\\\/#breadcrumb\",\"itemListElement\":[{\"@type\":\"ListItem\",\"position\":1,\"name\":\"Home\",\"item\":\"https:\\\/\\\/www.compagniadisanpaolo.it\\\/it\\\/\"},{\"@type\":\"ListItem\",\"position\":2,\"name\":\"Fondazione Faro: presentato il Bilancio Sociale 2023\"}]},{\"@type\":\"WebSite\",\"@id\":\"https:\\\/\\\/www.compagniadisanpaolo.it\\\/it\\\/#website\",\"url\":\"https:\\\/\\\/www.compagniadisanpaolo.it\\\/it\\\/\",\"name\":\"Fondazione Compagnia di San Paolo\",\"description\":\"\",\"publisher\":{\"@id\":\"https:\\\/\\\/www.compagniadisanpaolo.it\\\/it\\\/#organization\"},\"potentialAction\":[{\"@type\":\"SearchAction\",\"target\":{\"@type\":\"EntryPoint\",\"urlTemplate\":\"https:\\\/\\\/www.compagniadisanpaolo.it\\\/it\\\/?s={search_term_string}\"},\"query-input\":{\"@type\":\"PropertyValueSpecification\",\"valueRequired\":true,\"valueName\":\"search_term_string\"}}],\"inLanguage\":\"it-IT\"},{\"@type\":\"Organization\",\"@id\":\"https:\\\/\\\/www.compagniadisanpaolo.it\\\/it\\\/#organization\",\"name\":\"Fondazione Compagnia di San Paolo\",\"url\":\"https:\\\/\\\/www.compagniadisanpaolo.it\\\/it\\\/\",\"logo\":{\"@type\":\"ImageObject\",\"inLanguage\":\"it-IT\",\"@id\":\"https:\\\/\\\/www.compagniadisanpaolo.it\\\/it\\\/#\\\/schema\\\/logo\\\/image\\\/\",\"url\":\"https:\\\/\\\/www.compagniadisanpaolo.it\\\/wp-content\\\/uploads\\\/logo.svg\",\"contentUrl\":\"https:\\\/\\\/www.compagniadisanpaolo.it\\\/wp-content\\\/uploads\\\/logo.svg\",\"width\":769,\"height\":323,\"caption\":\"Fondazione Compagnia di San Paolo\"},\"image\":{\"@id\":\"https:\\\/\\\/www.compagniadisanpaolo.it\\\/it\\\/#\\\/schema\\\/logo\\\/image\\\/\"},\"sameAs\":[\"https:\\\/\\\/www.facebook.com\\\/CompagniaDiSanPaolo\",\"https:\\\/\\\/x.com\\\/CSP_live\",\"http:\\\/\\\/instagram.com\\\/compagniadisanpaolo?ref=badge\",\"https:\\\/\\\/www.linkedin.com\\\/company\\\/compagnia-di-san-paolo\",\"https:\\\/\\\/www.youtube.com\\\/user\\\/compagniadisanpaolo\",\"https:\\\/\\\/it.wikipedia.org\\\/wiki\\\/Compagnia_di_San_Paolo\"]},{\"@type\":\"Person\",\"@id\":\"https:\\\/\\\/www.compagniadisanpaolo.it\\\/it\\\/#\\\/schema\\\/person\\\/b7d5451541c25c82f29c5be1e78456b2\",\"name\":\"Federica\",\"image\":{\"@type\":\"ImageObject\",\"inLanguage\":\"it-IT\",\"@id\":\"https:\\\/\\\/secure.gravatar.com\\\/avatar\\\/b5698fa13ac389b1f1fb1263a4626e219d853d7ccf112e854aea8c9c087d24ae?s=96&d=mm&r=g\",\"url\":\"https:\\\/\\\/secure.gravatar.com\\\/avatar\\\/b5698fa13ac389b1f1fb1263a4626e219d853d7ccf112e854aea8c9c087d24ae?s=96&d=mm&r=g\",\"contentUrl\":\"https:\\\/\\\/secure.gravatar.com\\\/avatar\\\/b5698fa13ac389b1f1fb1263a4626e219d853d7ccf112e854aea8c9c087d24ae?s=96&d=mm&r=g\",\"caption\":\"Federica\"}}]}<\/script>\n<!-- \/ Yoast SEO plugin. -->","yoast_head_json":{"title":"Fondazione Faro: presentato il Bilancio Sociale 2023 - Fondazione Compagnia di San Paolo","description":"Il Bilancio Sociale presentato ieri dalla Fondazione Faro mette in luce i successi ottenuti e delinea gli obiettivi futuri, proseguendo il suo impegno nel fornire cure palliative specialistiche.","robots":{"index":"index","follow":"follow","max-snippet":"max-snippet:-1","max-image-preview":"max-image-preview:large","max-video-preview":"max-video-preview:-1"},"canonical":"https:\/\/www.compagniadisanpaolo.it\/it\/news\/fondazione-faro-presentato-il-bilancio-sociale-2023\/","og_locale":"it_IT","og_type":"article","og_title":"Fondazione Faro: presentato il Bilancio Sociale 2023 - Fondazione Compagnia di San Paolo","og_description":"Il Bilancio Sociale presentato ieri dalla Fondazione Faro mette in luce i successi ottenuti e delinea gli obiettivi futuri, proseguendo il suo impegno nel fornire cure palliative specialistiche.","og_url":"https:\/\/www.compagniadisanpaolo.it\/it\/news\/fondazione-faro-presentato-il-bilancio-sociale-2023\/","og_site_name":"Fondazione Compagnia di San Paolo","article_publisher":"https:\/\/www.facebook.com\/CompagniaDiSanPaolo","article_published_time":"2024-06-18T14:33:19+00:00","og_image":[{"width":815,"height":350,"url":"https:\/\/www.compagniadisanpaolo.it\/wp-content\/uploads\/Taglio-immagini-fondazione-Fondazione-Faro_815X350.jpg","type":"image\/jpeg"}],"author":"Federica","twitter_card":"summary_large_image","twitter_creator":"@CSP_live","twitter_site":"@CSP_live","twitter_misc":{"Scritto da":"Federica","Tempo di lettura stimato":"4 minuti"},"schema":{"@context":"https:\/\/schema.org","@graph":[{"@type":"Article","@id":"https:\/\/www.compagniadisanpaolo.it\/it\/news\/fondazione-faro-presentato-il-bilancio-sociale-2023\/#article","isPartOf":{"@id":"https:\/\/www.compagniadisanpaolo.it\/it\/news\/fondazione-faro-presentato-il-bilancio-sociale-2023\/"},"author":{"name":"Federica","@id":"https:\/\/www.compagniadisanpaolo.it\/it\/#\/schema\/person\/b7d5451541c25c82f29c5be1e78456b2"},"headline":"Fondazione Faro: presentato il Bilancio Sociale 2023","datePublished":"2024-06-18T14:33:19+00:00","mainEntityOfPage":{"@id":"https:\/\/www.compagniadisanpaolo.it\/it\/news\/fondazione-faro-presentato-il-bilancio-sociale-2023\/"},"wordCount":686,"publisher":{"@id":"https:\/\/www.compagniadisanpaolo.it\/it\/#organization"},"image":{"@id":"https:\/\/www.compagniadisanpaolo.it\/it\/news\/fondazione-faro-presentato-il-bilancio-sociale-2023\/#primaryimage"},"thumbnailUrl":"https:\/\/www.compagniadisanpaolo.it\/wp-content\/uploads\/Taglio-immagini-fondazione-Fondazione-Faro_815X350.jpg","keywords":["assistenza ai malati e alle famiglie","caregiving","coesione sociale","creazione di reti solide","piena cittadinanza e diritti","protagonismo delle comunit\u00e0","sanit\u00e0"],"articleSection":["News"],"inLanguage":"it-IT"},{"@type":"WebPage","@id":"https:\/\/www.compagniadisanpaolo.it\/it\/news\/fondazione-faro-presentato-il-bilancio-sociale-2023\/","url":"https:\/\/www.compagniadisanpaolo.it\/it\/news\/fondazione-faro-presentato-il-bilancio-sociale-2023\/","name":"Fondazione Faro: presentato il Bilancio Sociale 2023 - Fondazione Compagnia di San Paolo","isPartOf":{"@id":"https:\/\/www.compagniadisanpaolo.it\/it\/#website"},"primaryImageOfPage":{"@id":"https:\/\/www.compagniadisanpaolo.it\/it\/news\/fondazione-faro-presentato-il-bilancio-sociale-2023\/#primaryimage"},"image":{"@id":"https:\/\/www.compagniadisanpaolo.it\/it\/news\/fondazione-faro-presentato-il-bilancio-sociale-2023\/#primaryimage"},"thumbnailUrl":"https:\/\/www.compagniadisanpaolo.it\/wp-content\/uploads\/Taglio-immagini-fondazione-Fondazione-Faro_815X350.jpg","datePublished":"2024-06-18T14:33:19+00:00","description":"Il Bilancio Sociale presentato ieri dalla Fondazione Faro mette in luce i successi ottenuti e delinea gli obiettivi futuri, proseguendo il suo impegno nel fornire cure palliative specialistiche.","breadcrumb":{"@id":"https:\/\/www.compagniadisanpaolo.it\/it\/news\/fondazione-faro-presentato-il-bilancio-sociale-2023\/#breadcrumb"},"inLanguage":"it-IT","potentialAction":[{"@type":"ReadAction","target":["https:\/\/www.compagniadisanpaolo.it\/it\/news\/fondazione-faro-presentato-il-bilancio-sociale-2023\/"]}]},{"@type":"ImageObject","inLanguage":"it-IT","@id":"https:\/\/www.compagniadisanpaolo.it\/it\/news\/fondazione-faro-presentato-il-bilancio-sociale-2023\/#primaryimage","url":"https:\/\/www.compagniadisanpaolo.it\/wp-content\/uploads\/Taglio-immagini-fondazione-Fondazione-Faro_815X350.jpg","contentUrl":"https:\/\/www.compagniadisanpaolo.it\/wp-content\/uploads\/Taglio-immagini-fondazione-Fondazione-Faro_815X350.jpg","width":815,"height":350},{"@type":"BreadcrumbList","@id":"https:\/\/www.compagniadisanpaolo.it\/it\/news\/fondazione-faro-presentato-il-bilancio-sociale-2023\/#breadcrumb","itemListElement":[{"@type":"ListItem","position":1,"name":"Home","item":"https:\/\/www.compagniadisanpaolo.it\/it\/"},{"@type":"ListItem","position":2,"name":"Fondazione Faro: presentato il Bilancio Sociale 2023"}]},{"@type":"WebSite","@id":"https:\/\/www.compagniadisanpaolo.it\/it\/#website","url":"https:\/\/www.compagniadisanpaolo.it\/it\/","name":"Fondazione Compagnia di San Paolo","description":"","publisher":{"@id":"https:\/\/www.compagniadisanpaolo.it\/it\/#organization"},"potentialAction":[{"@type":"SearchAction","target":{"@type":"EntryPoint","urlTemplate":"https:\/\/www.compagniadisanpaolo.it\/it\/?s={search_term_string}"},"query-input":{"@type":"PropertyValueSpecification","valueRequired":true,"valueName":"search_term_string"}}],"inLanguage":"it-IT"},{"@type":"Organization","@id":"https:\/\/www.compagniadisanpaolo.it\/it\/#organization","name":"Fondazione Compagnia di San Paolo","url":"https:\/\/www.compagniadisanpaolo.it\/it\/","logo":{"@type":"ImageObject","inLanguage":"it-IT","@id":"https:\/\/www.compagniadisanpaolo.it\/it\/#\/schema\/logo\/image\/","url":"https:\/\/www.compagniadisanpaolo.it\/wp-content\/uploads\/logo.svg","contentUrl":"https:\/\/www.compagniadisanpaolo.it\/wp-content\/uploads\/logo.svg","width":769,"height":323,"caption":"Fondazione Compagnia di San Paolo"},"image":{"@id":"https:\/\/www.compagniadisanpaolo.it\/it\/#\/schema\/logo\/image\/"},"sameAs":["https:\/\/www.facebook.com\/CompagniaDiSanPaolo","https:\/\/x.com\/CSP_live","http:\/\/instagram.com\/compagniadisanpaolo?ref=badge","https:\/\/www.linkedin.com\/company\/compagnia-di-san-paolo","https:\/\/www.youtube.com\/user\/compagniadisanpaolo","https:\/\/it.wikipedia.org\/wiki\/Compagnia_di_San_Paolo"]},{"@type":"Person","@id":"https:\/\/www.compagniadisanpaolo.it\/it\/#\/schema\/person\/b7d5451541c25c82f29c5be1e78456b2","name":"Federica","image":{"@type":"ImageObject","inLanguage":"it-IT","@id":"https:\/\/secure.gravatar.com\/avatar\/b5698fa13ac389b1f1fb1263a4626e219d853d7ccf112e854aea8c9c087d24ae?s=96&d=mm&r=g","url":"https:\/\/secure.gravatar.com\/avatar\/b5698fa13ac389b1f1fb1263a4626e219d853d7ccf112e854aea8c9c087d24ae?s=96&d=mm&r=g","contentUrl":"https:\/\/secure.gravatar.com\/avatar\/b5698fa13ac389b1f1fb1263a4626e219d853d7ccf112e854aea8c9c087d24ae?s=96&d=mm&r=g","caption":"Federica"}}]}},"amp_enabled":true,"_links":{"self":[{"href":"https:\/\/www.compagniadisanpaolo.it\/it\/wp-json\/wp\/v2\/posts\/30185","targetHints":{"allow":["GET"]}}],"collection":[{"href":"https:\/\/www.compagniadisanpaolo.it\/it\/wp-json\/wp\/v2\/posts"}],"about":[{"href":"https:\/\/www.compagniadisanpaolo.it\/it\/wp-json\/wp\/v2\/types\/post"}],"author":[{"embeddable":true,"href":"https:\/\/www.compagniadisanpaolo.it\/it\/wp-json\/wp\/v2\/users\/19"}],"replies":[{"embeddable":true,"href":"https:\/\/www.compagniadisanpaolo.it\/it\/wp-json\/wp\/v2\/comments?post=30185"}],"version-history":[{"count":2,"href":"https:\/\/www.compagniadisanpaolo.it\/it\/wp-json\/wp\/v2\/posts\/30185\/revisions"}],"predecessor-version":[{"id":30204,"href":"https:\/\/www.compagniadisanpaolo.it\/it\/wp-json\/wp\/v2\/posts\/30185\/revisions\/30204"}],"wp:featuredmedia":[{"embeddable":true,"href":"https:\/\/www.compagniadisanpaolo.it\/it\/wp-json\/wp\/v2\/media\/30191"}],"wp:attachment":[{"href":"https:\/\/www.compagniadisanpaolo.it\/it\/wp-json\/wp\/v2\/media?parent=30185"}],"wp:term":[{"taxonomy":"category","embeddable":true,"href":"https:\/\/www.compagniadisanpaolo.it\/it\/wp-json\/wp\/v2\/categories?post=30185"},{"taxonomy":"post_tag","embeddable":true,"href":"https:\/\/www.compagniadisanpaolo.it\/it\/wp-json\/wp\/v2\/tags?post=30185"}],"curies":[{"name":"wp","href":"https:\/\/api.w.org\/{rel}","templated":true}]}}