{"id":29877,"date":"2024-06-06T12:39:40","date_gmt":"2024-06-06T10:39:40","guid":{"rendered":"https:\/\/www.compagniadisanpaolo.it\/?p=29877"},"modified":"2024-06-18T14:38:54","modified_gmt":"2024-06-18T12:38:54","slug":"evento-italia-comunita-digitale-intelligenza-artificiale-e-nuove-competenze","status":"publish","type":"post","link":"https:\/\/www.compagniadisanpaolo.it\/it\/news\/evento-italia-comunita-digitale-intelligenza-artificiale-e-nuove-competenze\/","title":{"rendered":"Evento: \u201cItalia comunit\u00e0 digitale. Intelligenza Artificiale e nuove competenze"},"content":{"rendered":"<div class=\"wpb-content-wrapper\">[vc_row][vc_column][vc_column_text el_class=&#8221;text-headline2&#8243;]L&#8217;impatto dell&#8217;Intelligenza Artificiale sulla societ\u00e0 e le strategie per una transizione digitale inclusiva saranno le tematiche al centro dell\u2019incontro previsto il prossimo 11 giugno. L\u2019appuntamento \u00e8 il settimo incontro del ciclo &#8220;Italia Comunit\u00e0 Digitale&#8221;, promosso da Acri e dal Fondo per la Repubblica Digitale che, a Torino, \u00e8 organizzato dalla Consulta delle Fondazioni di origine bancaria del Piemonte e della Liguria.[\/vc_column_text][\/vc_column][\/vc_row][vc_row][vc_column][vc_column_text]\n<div class=\"info-box mission\">\n\t\t<div class=\"info-box-wrap info-box-hor row pb-0\">\n\n\t\t      \n\t\t      <div class=\"spalla col-12 col-md-12\">\n\t\t\t<div class=\"info-box sharing-box\">\n\t\t\t  <span class=\"label\">Condividi:<\/span>\n\t\t\t  <div class=\"social-sharing\">\n\t\t\t    <span class=\"box\">\n\t\t\t      <a class=\"fb\" href=\"https:\/\/www.facebook.com\/sharer.php?u=https:\/\/www.compagniadisanpaolo.it\/it\/news\/evento-italia-comunita-digitale-intelligenza-artificiale-e-nuove-competenze\/\" target=\"_blank\">\n\t\t\t\t<span class=\"sr-only\">Facebook<\/span>\n\t\t\t\t<i class=\"fab fa-facebook-f\"><\/i>\n\t\t\t      <\/a>\n\t\t\t    <\/span>\n\t\t\t    \n\t\t\t    <style>\n.twitter, .twitter:hover{\ncolor:#000000 !important;}\n<\/style>\n\n\n\t\t\t    <span class=\"box\">\n\t\t\t      <a class=\"twitter\" href=\"https:\/\/twitter.com\/intent\/tweet?url=https:\/\/www.compagniadisanpaolo.it\/it\/news\/evento-italia-comunita-digitale-intelligenza-artificiale-e-nuove-competenze\/\">\n\t\t\t\t<span class=\"sr-only\">Twitter<\/span>\n\t\t\t\t<i class=\"fa-brands fa-x-twitter\"><\/i>\n\t\t\t      <\/a>\n\t\t\t    <\/span>\n\n\t\t\t    \n\t\t\t    <span class=\"box\">\n\t\t\t      <a class=\"linkedin\" href=\"https:\/\/www.linkedin.com\/shareArticle?mini=true&url=https:\/\/www.compagniadisanpaolo.it\/it\/news\/evento-italia-comunita-digitale-intelligenza-artificiale-e-nuove-competenze\/\">\n\t\t\t\t<span class=\"sr-only\">Linkedin<\/span>\n\t\t\t\t  <i class=\"fa-brands fa-linkedin-in\"><\/i>\n\t\t\t      <\/a>\n\t\t\t    <\/span>\n\n\t\t\t    <span class=\"box\">\n\t\t\t      <a class=\"whatsapp\" href=\"whatsapp:\/\/send?text=https:\/\/www.compagniadisanpaolo.it\/it\/news\/evento-italia-comunita-digitale-intelligenza-artificiale-e-nuove-competenze\/\" data-action=\"share\/whatsapp\/share\">\n\t\t\t\t<span class=\"sr-only\">Whatsapp<\/span>\n\t\t\t\t<i class=\"fa-brands fa-whatsapp\"><\/i>\n\t\t\t      <\/a>\n\t\t\t    <\/span>\n\n\t\t\t    <span class=\"box\">\n\t\t\t      <a class=\"mail\" href=\"mailto:?subject=Evento: \u201cItalia comunit\u00e0 digitale. Intelligenza Artificiale e nuove competenze&body=https:\/\/www.compagniadisanpaolo.it\/it\/news\/evento-italia-comunita-digitale-intelligenza-artificiale-e-nuove-competenze\/\">\n\t\t\t\t<span class=\"sr-only\">Mail<\/span>\n\t\t\t\t <i class=\"fa-solid fa-envelope\"><\/i>\n\t\t\t      <\/a>\n\t\t\t    <\/span>\n\t\t\t    \n\t\t\t  <\/div>\n\t\t\t<\/div>\n\t      <\/div>\n\t    <\/div><\/div>\n[\/vc_column_text][\/vc_column][\/vc_row][vc_row][vc_column width=&#8221;1\/4&#8243;][vc_column_text]\n\n\n\t\t<div class=\"info-box-wrap\">\n\n\t  <div class=\"info-box date-pub\">\n\t  \t<span class=\"label\">Data di pubblicazione:<\/span>\n\t    <span class=\"value\">6 Giugno 2024<\/span>\n\t  <\/div>\n\t\t\t\t  <div class=\"info-box obj-institutional\">\n\t\t\t\t\t  <div class=\"info-box obj\">\n\t\t\t\t\t    <div class=\"obj-small-box\">\n\t\t\t\t\t      <span>Istituzionale<\/span>\n\t\t\t\t\t    <\/div>\n\t\t\t\t\t  <\/div>\n\t\t\t\t  <\/div>\n\t\t\t  <div class=\"info-box mission\"><span class=\"label\">Tag<\/span><a href=\"https:\/\/www.compagniadisanpaolo.it\/it\/tags\/risultati\/?_sft_post_tag=innovazione\" class=\"tag-element\">Innovazione<\/a><a href=\"https:\/\/www.compagniadisanpaolo.it\/it\/tags\/risultati\/?_sft_post_tag=oltre-lerogazione\" class=\"tag-element\">Oltre l'erogazione<\/a><a href=\"https:\/\/www.compagniadisanpaolo.it\/it\/tags\/risultati\/?_sft_post_tag=tecnologie-digitali\" class=\"tag-element\">Tecnologie digitali<\/a><\/div>\t  \n\t<\/div>\n[\/vc_column_text][\/vc_column][vc_column width=&#8221;3\/4&#8243; el_class=&#8221;page-content&#8221;][vc_column_text el_class=&#8221;text&#8221;]Che impatto avr\u00e0 l\u2019IA sulla nostra societ\u00e0 e quali strategie si possono mettere in campo per realizzare una transizione digitale inclusiva? Queste le tematiche al centro dell&#8217;incontro &#8220;<strong>Italia comunit\u00e0 digitale. Intelligenza Artificiale e nuove competenze<\/strong>&#8220;, che si terr\u00e0 l&#8217;<strong>11 giugno dalle ore 11:00 <\/strong>presso le <strong>Officine Grandi Riparazioni<\/strong> (OGR) di <strong>Torino<\/strong>.<\/p>\n<p>L\u2019evento, organizzato dalla <strong>Consulta delle Fondazioni di origine bancaria del Piemonte e della Liguria<sup>*<\/sup><\/strong> e promosso da <strong>Acri<\/strong> e dal <strong>Fondo per la Repubblica Digitale<\/strong>, si aprir\u00e0 con i saluti di <strong>Marco Gilli, <\/strong>Presidente della Consulta e della Fondazione Compagnia di San Paolo, di <strong>Giovanni Azzone<\/strong>, Presidente di Acri, e di <strong>Chiara Foglietta<\/strong>, Assessora all\u2019innovazione del Comune di Torino.<\/p>\n<p>L\u2019incontro, moderato dal giornalista <strong>Andrea Signorelli<\/strong>, vedr\u00e0 inoltre la partecipazione di <strong>Fabio Pammolli<\/strong>, Presidente AI4industry \u2013 Fondazione per l\u2019Intelligenza Artificiale, <strong>Barbara Caputo<\/strong>, Direttrice AI-Hub del Politecnico di Torino e Presidentessa di Focoos AI e di <strong>Valeria Sandei<\/strong>, Amministratore delegato di Almawave.<\/p>\n<p>Seguir\u00e0, una tavola rotonda dal titolo \u201c<strong>AI e societ\u00e0: per una transizione digitale inclusiva<\/strong>\u201d durante la quale si confronteranno sul tema: <strong>Giovanni Fosti<\/strong>, Presidente Fondo per la Repubblica Digitale \u2013 Impresa Sociale; <strong>Alessandro Vespignani<\/strong>, Presidente Fondazione ISI, <strong>Emanuela Girardi<\/strong>, Presidente PopAI; <strong>Fabio Ciravegna<\/strong>, Professore ordinario Dipartimento di Informatica Universit\u00e0 degli Studi di Torino, e <strong>Giorgio Metta<\/strong>, direttore scientifico dell\u2019Istituto Italiano di Tecnologia di Genova.<\/p>\n<p>Per prendere parte all\u2019evento in presenza \u00e8 possibile registrarsi a <a href=\"https:\/\/rsvp.agenziauno.com\/italiacomunitadigitale\" target=\"_blank\" rel=\"noopener\"><strong>questo link<\/strong><\/a> fino a esaurimento della disponibilit\u00e0 dei posti.<\/p>\n<p>L\u2019evento sar\u00e0 trasmesso anche in <strong>diretta streaming<\/strong> sul sito web della <a href=\"https:\/\/www.fobnordovest.it\/\" target=\"_blank\" rel=\"noopener\"><strong>Consulta delle Fondazioni di Piemonte e Liguria<\/strong><\/a>.<\/p>\n<p>Il programma \u00e8 disponibile qui di seguito.<\/p>\n<p>\u201cItalia Comunit\u00e0 Digitale\u201d \u00e8 un ciclo di otto eventi organizzati dalle\u00a0<strong>Associazioni e Consulte territoriali di Fondazioni, in collaborazione con Acri e Fondo per la Repubblica Digitale Impresa Sociale<\/strong>, pensato per stimolare il dibattito sul tema delle opportunit\u00e0 e dei rischi connessi alla transizione digitale e al ruolo che le Fondazioni di origine bancaria svolgono sui territori, anche tramite il Fondo per la Repubblica Digitale.<\/p>\n<p>Scopri di pi\u00f9 su <a href=\"https:\/\/www.fondorepubblicadigitale.it\/italia-comunita-digitale\/\" target=\"_blank\" rel=\"noopener\">https:\/\/www.fondorepubblicadigitale.it\/italia-comunita-digitale\/<\/a>[\/vc_column_text][vc_empty_space height=&#8221;64px&#8221;][vc_masonry_media_grid element_width=&#8221;2&#8243; grid_id=&#8221;vc_gid:1718714206819-452e588e-2b33-5&#8243; include=&#8221;30112,30114,30116,30118,30120,30122,30124,30126,30128,30130,30132,30134,30137,30139,30141,30143,30145,30147,30149,30151,30153,30155,30157,30159,30164,30166,30168,30170&#8243;][vc_column_text]<span style=\"text-decoration: underline;\"><strong>Ph. credits Michele d&#8217;Ottavio <\/strong><\/span>[\/vc_column_text][vc_empty_space height=&#8221;72px&#8221;][vc_video link=&#8221;https:\/\/www.youtube.com\/watch?v=jS4-dpOGH7E&#8221;][\/vc_column][\/vc_row][vc_row el_class=&#8221;sdg-list-wrap&#8221;][vc_column][vc_raw_html]JTVCbW9zdHJhU0RHUyU1RA==[\/vc_raw_html][vc_raw_html]JTVCU2V6aW9uZV9Eb2N1bWVudGklNUQ=[\/vc_raw_html][\/vc_column][\/vc_row][vc_row][vc_column]<div class=\"templatera_shortcode\"><div data-vc-full-width=\"true\" data-vc-full-width-temp=\"true\" data-vc-full-width-init=\"false\" class=\"vc_row wpb_row vc_row-fluid newsletter-wrap\"><div class=\"wpb_column vc_column_container vc_col-sm-12\"><div class=\"vc_column-inner\"><div class=\"wpb_wrapper\">\n\t<div class=\"wpb_raw_code wpb_raw_html wpb_content_element\" >\n\t\t<div class=\"wpb_wrapper\">\n\t\t\t    <div class=\"container\">\n      <div class=\"row align-items-center\">\n\t<div class=\"col-12 col-lg-6 col-xl-5 mb-3 mb-lg-0 pr-0\">\n\t  <h2 class=\"title\">Rimani aggiornato sui nostri bandi e sui nostri progetti<\/h2>\n\t<\/div>\n\t<div class=\"col-12 col-lg-6 col-xl-7 pl-xl-4\">\n\t  <a class=\"standard-link-block\" href=\"\/it\/newsletter\/\">\n\t    Compila il form e decidi su quale argomento vuoi ricevere notizie.\t    <strong>\u00a0 ISCRIVITI!<\/strong>\n\t  <\/a>\n\t<\/div>\n      <\/div>\n    <\/div>\n\t\t<\/div>\n\t<\/div>\n<\/div><\/div><\/div><\/div><div class=\"vc_row-full-width vc_clearfix\"><\/div><\/div>[\/vc_column][\/vc_row]\n<\/div>","protected":false},"excerpt":{"rendered":"<p>L&#8217;impatto dell&#8217;Intelligenza Artificiale sulla societ\u00e0 e le strategie per una transizione digitale inclusiva saranno le tematiche al centro dell\u2019incontro previsto il prossimo 11 giugno. L\u2019appuntamento \u00e8 il settimo incontro del ciclo &#8220;Italia Comunit\u00e0 Digitale&#8221;, promosso da Acri e dal Fondo per la Repubblica Digitale che, a Torino, \u00e8 organizzato dalla Consulta delle Fondazioni di origine bancaria del Piemonte e della Liguria.<\/p>\n","protected":false},"author":19,"featured_media":29880,"comment_status":"closed","ping_status":"closed","sticky":false,"template":"","format":"standard","meta":{"_acf_changed":false,"content-type":"","footnotes":""},"categories":[17],"tags":[59,69,225],"class_list":["post-29877","post","type-post","status-publish","format-standard","has-post-thumbnail","hentry","category-news","tag-innovazione","tag-oltre-lerogazione","tag-tecnologie-digitali","entry","post-inner"],"acf":[],"yoast_head":"<!-- This site is optimized with the Yoast SEO plugin v27.3 - https:\/\/yoast.com\/product\/yoast-seo-wordpress\/ -->\n<title>Evento: \u201cItalia comunit\u00e0 digitale. Intelligenza Artificiale e nuove competenze - Fondazione Compagnia di San Paolo<\/title>\n<meta name=\"description\" content=\"L&#039;impatto dell&#039;Intelligenza Artificiale sulla societ\u00e0 e le strategie per una transizione digitale inclusiva saranno le tematiche al centro dell\u2019incontro del prossimo 11 giugno.\" \/>\n<meta name=\"robots\" content=\"index, follow, max-snippet:-1, max-image-preview:large, max-video-preview:-1\" \/>\n<link rel=\"canonical\" href=\"https:\/\/www.compagniadisanpaolo.it\/it\/news\/evento-italia-comunita-digitale-intelligenza-artificiale-e-nuove-competenze\/\" \/>\n<meta property=\"og:locale\" content=\"it_IT\" \/>\n<meta property=\"og:type\" content=\"article\" \/>\n<meta property=\"og:title\" content=\"Evento: \u201cItalia comunit\u00e0 digitale. Intelligenza Artificiale e nuove competenze - Fondazione Compagnia di San Paolo\" \/>\n<meta property=\"og:description\" content=\"L&#039;impatto dell&#039;Intelligenza Artificiale sulla societ\u00e0 e le strategie per una transizione digitale inclusiva saranno le tematiche al centro dell\u2019incontro del prossimo 11 giugno.\" \/>\n<meta property=\"og:url\" content=\"https:\/\/www.compagniadisanpaolo.it\/it\/news\/evento-italia-comunita-digitale-intelligenza-artificiale-e-nuove-competenze\/\" \/>\n<meta property=\"og:site_name\" content=\"Fondazione Compagnia di San Paolo\" \/>\n<meta property=\"article:publisher\" content=\"https:\/\/www.facebook.com\/CompagniaDiSanPaolo\" \/>\n<meta property=\"article:published_time\" content=\"2024-06-06T10:39:40+00:00\" \/>\n<meta property=\"article:modified_time\" content=\"2024-06-18T12:38:54+00:00\" \/>\n<meta property=\"og:image\" content=\"https:\/\/www.compagniadisanpaolo.it\/wp-content\/uploads\/CSP-Bando-FRD-evento-11-giugno_815X350.jpg\" \/>\n\t<meta property=\"og:image:width\" content=\"815\" \/>\n\t<meta property=\"og:image:height\" content=\"350\" \/>\n\t<meta property=\"og:image:type\" content=\"image\/jpeg\" \/>\n<meta name=\"author\" content=\"Federica\" \/>\n<meta name=\"twitter:card\" content=\"summary_large_image\" \/>\n<meta name=\"twitter:creator\" content=\"@CSP_live\" \/>\n<meta name=\"twitter:site\" content=\"@CSP_live\" \/>\n<meta name=\"twitter:label1\" content=\"Scritto da\" \/>\n\t<meta name=\"twitter:data1\" content=\"Federica\" \/>\n\t<meta name=\"twitter:label2\" content=\"Tempo di lettura stimato\" \/>\n\t<meta name=\"twitter:data2\" content=\"8 minuti\" \/>\n<script type=\"application\/ld+json\" class=\"yoast-schema-graph\">{\"@context\":\"https:\\\/\\\/schema.org\",\"@graph\":[{\"@type\":\"Article\",\"@id\":\"https:\\\/\\\/www.compagniadisanpaolo.it\\\/it\\\/news\\\/evento-italia-comunita-digitale-intelligenza-artificiale-e-nuove-competenze\\\/#article\",\"isPartOf\":{\"@id\":\"https:\\\/\\\/www.compagniadisanpaolo.it\\\/it\\\/news\\\/evento-italia-comunita-digitale-intelligenza-artificiale-e-nuove-competenze\\\/\"},\"author\":{\"name\":\"Federica\",\"@id\":\"https:\\\/\\\/www.compagniadisanpaolo.it\\\/it\\\/#\\\/schema\\\/person\\\/b7d5451541c25c82f29c5be1e78456b2\"},\"headline\":\"Evento: \u201cItalia comunit\u00e0 digitale. Intelligenza Artificiale e nuove competenze\",\"datePublished\":\"2024-06-06T10:39:40+00:00\",\"dateModified\":\"2024-06-18T12:38:54+00:00\",\"mainEntityOfPage\":{\"@id\":\"https:\\\/\\\/www.compagniadisanpaolo.it\\\/it\\\/news\\\/evento-italia-comunita-digitale-intelligenza-artificiale-e-nuove-competenze\\\/\"},\"wordCount\":563,\"publisher\":{\"@id\":\"https:\\\/\\\/www.compagniadisanpaolo.it\\\/it\\\/#organization\"},\"image\":{\"@id\":\"https:\\\/\\\/www.compagniadisanpaolo.it\\\/it\\\/news\\\/evento-italia-comunita-digitale-intelligenza-artificiale-e-nuove-competenze\\\/#primaryimage\"},\"thumbnailUrl\":\"https:\\\/\\\/www.compagniadisanpaolo.it\\\/wp-content\\\/uploads\\\/CSP-Bando-FRD-evento-11-giugno_815X350.jpg\",\"keywords\":[\"innovazione\",\"oltre l'erogazione\",\"tecnologie digitali\"],\"articleSection\":[\"News\"],\"inLanguage\":\"it-IT\"},{\"@type\":\"WebPage\",\"@id\":\"https:\\\/\\\/www.compagniadisanpaolo.it\\\/it\\\/news\\\/evento-italia-comunita-digitale-intelligenza-artificiale-e-nuove-competenze\\\/\",\"url\":\"https:\\\/\\\/www.compagniadisanpaolo.it\\\/it\\\/news\\\/evento-italia-comunita-digitale-intelligenza-artificiale-e-nuove-competenze\\\/\",\"name\":\"Evento: \u201cItalia comunit\u00e0 digitale. Intelligenza Artificiale e nuove competenze - Fondazione Compagnia di San Paolo\",\"isPartOf\":{\"@id\":\"https:\\\/\\\/www.compagniadisanpaolo.it\\\/it\\\/#website\"},\"primaryImageOfPage\":{\"@id\":\"https:\\\/\\\/www.compagniadisanpaolo.it\\\/it\\\/news\\\/evento-italia-comunita-digitale-intelligenza-artificiale-e-nuove-competenze\\\/#primaryimage\"},\"image\":{\"@id\":\"https:\\\/\\\/www.compagniadisanpaolo.it\\\/it\\\/news\\\/evento-italia-comunita-digitale-intelligenza-artificiale-e-nuove-competenze\\\/#primaryimage\"},\"thumbnailUrl\":\"https:\\\/\\\/www.compagniadisanpaolo.it\\\/wp-content\\\/uploads\\\/CSP-Bando-FRD-evento-11-giugno_815X350.jpg\",\"datePublished\":\"2024-06-06T10:39:40+00:00\",\"dateModified\":\"2024-06-18T12:38:54+00:00\",\"description\":\"L'impatto dell'Intelligenza Artificiale sulla societ\u00e0 e le strategie per una transizione digitale inclusiva saranno le tematiche al centro dell\u2019incontro del prossimo 11 giugno.\",\"breadcrumb\":{\"@id\":\"https:\\\/\\\/www.compagniadisanpaolo.it\\\/it\\\/news\\\/evento-italia-comunita-digitale-intelligenza-artificiale-e-nuove-competenze\\\/#breadcrumb\"},\"inLanguage\":\"it-IT\",\"potentialAction\":[{\"@type\":\"ReadAction\",\"target\":[\"https:\\\/\\\/www.compagniadisanpaolo.it\\\/it\\\/news\\\/evento-italia-comunita-digitale-intelligenza-artificiale-e-nuove-competenze\\\/\"]}]},{\"@type\":\"ImageObject\",\"inLanguage\":\"it-IT\",\"@id\":\"https:\\\/\\\/www.compagniadisanpaolo.it\\\/it\\\/news\\\/evento-italia-comunita-digitale-intelligenza-artificiale-e-nuove-competenze\\\/#primaryimage\",\"url\":\"https:\\\/\\\/www.compagniadisanpaolo.it\\\/wp-content\\\/uploads\\\/CSP-Bando-FRD-evento-11-giugno_815X350.jpg\",\"contentUrl\":\"https:\\\/\\\/www.compagniadisanpaolo.it\\\/wp-content\\\/uploads\\\/CSP-Bando-FRD-evento-11-giugno_815X350.jpg\",\"width\":815,\"height\":350},{\"@type\":\"BreadcrumbList\",\"@id\":\"https:\\\/\\\/www.compagniadisanpaolo.it\\\/it\\\/news\\\/evento-italia-comunita-digitale-intelligenza-artificiale-e-nuove-competenze\\\/#breadcrumb\",\"itemListElement\":[{\"@type\":\"ListItem\",\"position\":1,\"name\":\"Home\",\"item\":\"https:\\\/\\\/www.compagniadisanpaolo.it\\\/it\\\/\"},{\"@type\":\"ListItem\",\"position\":2,\"name\":\"Evento: \u201cItalia comunit\u00e0 digitale. Intelligenza Artificiale e nuove competenze\"}]},{\"@type\":\"WebSite\",\"@id\":\"https:\\\/\\\/www.compagniadisanpaolo.it\\\/it\\\/#website\",\"url\":\"https:\\\/\\\/www.compagniadisanpaolo.it\\\/it\\\/\",\"name\":\"Fondazione Compagnia di San Paolo\",\"description\":\"\",\"publisher\":{\"@id\":\"https:\\\/\\\/www.compagniadisanpaolo.it\\\/it\\\/#organization\"},\"potentialAction\":[{\"@type\":\"SearchAction\",\"target\":{\"@type\":\"EntryPoint\",\"urlTemplate\":\"https:\\\/\\\/www.compagniadisanpaolo.it\\\/it\\\/?s={search_term_string}\"},\"query-input\":{\"@type\":\"PropertyValueSpecification\",\"valueRequired\":true,\"valueName\":\"search_term_string\"}}],\"inLanguage\":\"it-IT\"},{\"@type\":\"Organization\",\"@id\":\"https:\\\/\\\/www.compagniadisanpaolo.it\\\/it\\\/#organization\",\"name\":\"Fondazione Compagnia di San Paolo\",\"url\":\"https:\\\/\\\/www.compagniadisanpaolo.it\\\/it\\\/\",\"logo\":{\"@type\":\"ImageObject\",\"inLanguage\":\"it-IT\",\"@id\":\"https:\\\/\\\/www.compagniadisanpaolo.it\\\/it\\\/#\\\/schema\\\/logo\\\/image\\\/\",\"url\":\"https:\\\/\\\/www.compagniadisanpaolo.it\\\/wp-content\\\/uploads\\\/logo.svg\",\"contentUrl\":\"https:\\\/\\\/www.compagniadisanpaolo.it\\\/wp-content\\\/uploads\\\/logo.svg\",\"width\":769,\"height\":323,\"caption\":\"Fondazione Compagnia di San Paolo\"},\"image\":{\"@id\":\"https:\\\/\\\/www.compagniadisanpaolo.it\\\/it\\\/#\\\/schema\\\/logo\\\/image\\\/\"},\"sameAs\":[\"https:\\\/\\\/www.facebook.com\\\/CompagniaDiSanPaolo\",\"https:\\\/\\\/x.com\\\/CSP_live\",\"http:\\\/\\\/instagram.com\\\/compagniadisanpaolo?ref=badge\",\"https:\\\/\\\/www.linkedin.com\\\/company\\\/compagnia-di-san-paolo\",\"https:\\\/\\\/www.youtube.com\\\/user\\\/compagniadisanpaolo\",\"https:\\\/\\\/it.wikipedia.org\\\/wiki\\\/Compagnia_di_San_Paolo\"]},{\"@type\":\"Person\",\"@id\":\"https:\\\/\\\/www.compagniadisanpaolo.it\\\/it\\\/#\\\/schema\\\/person\\\/b7d5451541c25c82f29c5be1e78456b2\",\"name\":\"Federica\",\"image\":{\"@type\":\"ImageObject\",\"inLanguage\":\"it-IT\",\"@id\":\"https:\\\/\\\/secure.gravatar.com\\\/avatar\\\/b5698fa13ac389b1f1fb1263a4626e219d853d7ccf112e854aea8c9c087d24ae?s=96&d=mm&r=g\",\"url\":\"https:\\\/\\\/secure.gravatar.com\\\/avatar\\\/b5698fa13ac389b1f1fb1263a4626e219d853d7ccf112e854aea8c9c087d24ae?s=96&d=mm&r=g\",\"contentUrl\":\"https:\\\/\\\/secure.gravatar.com\\\/avatar\\\/b5698fa13ac389b1f1fb1263a4626e219d853d7ccf112e854aea8c9c087d24ae?s=96&d=mm&r=g\",\"caption\":\"Federica\"}}]}<\/script>\n<!-- \/ Yoast SEO plugin. -->","yoast_head_json":{"title":"Evento: \u201cItalia comunit\u00e0 digitale. Intelligenza Artificiale e nuove competenze - Fondazione Compagnia di San Paolo","description":"L'impatto dell'Intelligenza Artificiale sulla societ\u00e0 e le strategie per una transizione digitale inclusiva saranno le tematiche al centro dell\u2019incontro del prossimo 11 giugno.","robots":{"index":"index","follow":"follow","max-snippet":"max-snippet:-1","max-image-preview":"max-image-preview:large","max-video-preview":"max-video-preview:-1"},"canonical":"https:\/\/www.compagniadisanpaolo.it\/it\/news\/evento-italia-comunita-digitale-intelligenza-artificiale-e-nuove-competenze\/","og_locale":"it_IT","og_type":"article","og_title":"Evento: \u201cItalia comunit\u00e0 digitale. Intelligenza Artificiale e nuove competenze - Fondazione Compagnia di San Paolo","og_description":"L'impatto dell'Intelligenza Artificiale sulla societ\u00e0 e le strategie per una transizione digitale inclusiva saranno le tematiche al centro dell\u2019incontro del prossimo 11 giugno.","og_url":"https:\/\/www.compagniadisanpaolo.it\/it\/news\/evento-italia-comunita-digitale-intelligenza-artificiale-e-nuove-competenze\/","og_site_name":"Fondazione Compagnia di San Paolo","article_publisher":"https:\/\/www.facebook.com\/CompagniaDiSanPaolo","article_published_time":"2024-06-06T10:39:40+00:00","article_modified_time":"2024-06-18T12:38:54+00:00","og_image":[{"width":815,"height":350,"url":"https:\/\/www.compagniadisanpaolo.it\/wp-content\/uploads\/CSP-Bando-FRD-evento-11-giugno_815X350.jpg","type":"image\/jpeg"}],"author":"Federica","twitter_card":"summary_large_image","twitter_creator":"@CSP_live","twitter_site":"@CSP_live","twitter_misc":{"Scritto da":"Federica","Tempo di lettura stimato":"8 minuti"},"schema":{"@context":"https:\/\/schema.org","@graph":[{"@type":"Article","@id":"https:\/\/www.compagniadisanpaolo.it\/it\/news\/evento-italia-comunita-digitale-intelligenza-artificiale-e-nuove-competenze\/#article","isPartOf":{"@id":"https:\/\/www.compagniadisanpaolo.it\/it\/news\/evento-italia-comunita-digitale-intelligenza-artificiale-e-nuove-competenze\/"},"author":{"name":"Federica","@id":"https:\/\/www.compagniadisanpaolo.it\/it\/#\/schema\/person\/b7d5451541c25c82f29c5be1e78456b2"},"headline":"Evento: \u201cItalia comunit\u00e0 digitale. Intelligenza Artificiale e nuove competenze","datePublished":"2024-06-06T10:39:40+00:00","dateModified":"2024-06-18T12:38:54+00:00","mainEntityOfPage":{"@id":"https:\/\/www.compagniadisanpaolo.it\/it\/news\/evento-italia-comunita-digitale-intelligenza-artificiale-e-nuove-competenze\/"},"wordCount":563,"publisher":{"@id":"https:\/\/www.compagniadisanpaolo.it\/it\/#organization"},"image":{"@id":"https:\/\/www.compagniadisanpaolo.it\/it\/news\/evento-italia-comunita-digitale-intelligenza-artificiale-e-nuove-competenze\/#primaryimage"},"thumbnailUrl":"https:\/\/www.compagniadisanpaolo.it\/wp-content\/uploads\/CSP-Bando-FRD-evento-11-giugno_815X350.jpg","keywords":["innovazione","oltre l'erogazione","tecnologie digitali"],"articleSection":["News"],"inLanguage":"it-IT"},{"@type":"WebPage","@id":"https:\/\/www.compagniadisanpaolo.it\/it\/news\/evento-italia-comunita-digitale-intelligenza-artificiale-e-nuove-competenze\/","url":"https:\/\/www.compagniadisanpaolo.it\/it\/news\/evento-italia-comunita-digitale-intelligenza-artificiale-e-nuove-competenze\/","name":"Evento: \u201cItalia comunit\u00e0 digitale. Intelligenza Artificiale e nuove competenze - Fondazione Compagnia di San Paolo","isPartOf":{"@id":"https:\/\/www.compagniadisanpaolo.it\/it\/#website"},"primaryImageOfPage":{"@id":"https:\/\/www.compagniadisanpaolo.it\/it\/news\/evento-italia-comunita-digitale-intelligenza-artificiale-e-nuove-competenze\/#primaryimage"},"image":{"@id":"https:\/\/www.compagniadisanpaolo.it\/it\/news\/evento-italia-comunita-digitale-intelligenza-artificiale-e-nuove-competenze\/#primaryimage"},"thumbnailUrl":"https:\/\/www.compagniadisanpaolo.it\/wp-content\/uploads\/CSP-Bando-FRD-evento-11-giugno_815X350.jpg","datePublished":"2024-06-06T10:39:40+00:00","dateModified":"2024-06-18T12:38:54+00:00","description":"L'impatto dell'Intelligenza Artificiale sulla societ\u00e0 e le strategie per una transizione digitale inclusiva saranno le tematiche al centro dell\u2019incontro del prossimo 11 giugno.","breadcrumb":{"@id":"https:\/\/www.compagniadisanpaolo.it\/it\/news\/evento-italia-comunita-digitale-intelligenza-artificiale-e-nuove-competenze\/#breadcrumb"},"inLanguage":"it-IT","potentialAction":[{"@type":"ReadAction","target":["https:\/\/www.compagniadisanpaolo.it\/it\/news\/evento-italia-comunita-digitale-intelligenza-artificiale-e-nuove-competenze\/"]}]},{"@type":"ImageObject","inLanguage":"it-IT","@id":"https:\/\/www.compagniadisanpaolo.it\/it\/news\/evento-italia-comunita-digitale-intelligenza-artificiale-e-nuove-competenze\/#primaryimage","url":"https:\/\/www.compagniadisanpaolo.it\/wp-content\/uploads\/CSP-Bando-FRD-evento-11-giugno_815X350.jpg","contentUrl":"https:\/\/www.compagniadisanpaolo.it\/wp-content\/uploads\/CSP-Bando-FRD-evento-11-giugno_815X350.jpg","width":815,"height":350},{"@type":"BreadcrumbList","@id":"https:\/\/www.compagniadisanpaolo.it\/it\/news\/evento-italia-comunita-digitale-intelligenza-artificiale-e-nuove-competenze\/#breadcrumb","itemListElement":[{"@type":"ListItem","position":1,"name":"Home","item":"https:\/\/www.compagniadisanpaolo.it\/it\/"},{"@type":"ListItem","position":2,"name":"Evento: \u201cItalia comunit\u00e0 digitale. Intelligenza Artificiale e nuove competenze"}]},{"@type":"WebSite","@id":"https:\/\/www.compagniadisanpaolo.it\/it\/#website","url":"https:\/\/www.compagniadisanpaolo.it\/it\/","name":"Fondazione Compagnia di San Paolo","description":"","publisher":{"@id":"https:\/\/www.compagniadisanpaolo.it\/it\/#organization"},"potentialAction":[{"@type":"SearchAction","target":{"@type":"EntryPoint","urlTemplate":"https:\/\/www.compagniadisanpaolo.it\/it\/?s={search_term_string}"},"query-input":{"@type":"PropertyValueSpecification","valueRequired":true,"valueName":"search_term_string"}}],"inLanguage":"it-IT"},{"@type":"Organization","@id":"https:\/\/www.compagniadisanpaolo.it\/it\/#organization","name":"Fondazione Compagnia di San Paolo","url":"https:\/\/www.compagniadisanpaolo.it\/it\/","logo":{"@type":"ImageObject","inLanguage":"it-IT","@id":"https:\/\/www.compagniadisanpaolo.it\/it\/#\/schema\/logo\/image\/","url":"https:\/\/www.compagniadisanpaolo.it\/wp-content\/uploads\/logo.svg","contentUrl":"https:\/\/www.compagniadisanpaolo.it\/wp-content\/uploads\/logo.svg","width":769,"height":323,"caption":"Fondazione Compagnia di San Paolo"},"image":{"@id":"https:\/\/www.compagniadisanpaolo.it\/it\/#\/schema\/logo\/image\/"},"sameAs":["https:\/\/www.facebook.com\/CompagniaDiSanPaolo","https:\/\/x.com\/CSP_live","http:\/\/instagram.com\/compagniadisanpaolo?ref=badge","https:\/\/www.linkedin.com\/company\/compagnia-di-san-paolo","https:\/\/www.youtube.com\/user\/compagniadisanpaolo","https:\/\/it.wikipedia.org\/wiki\/Compagnia_di_San_Paolo"]},{"@type":"Person","@id":"https:\/\/www.compagniadisanpaolo.it\/it\/#\/schema\/person\/b7d5451541c25c82f29c5be1e78456b2","name":"Federica","image":{"@type":"ImageObject","inLanguage":"it-IT","@id":"https:\/\/secure.gravatar.com\/avatar\/b5698fa13ac389b1f1fb1263a4626e219d853d7ccf112e854aea8c9c087d24ae?s=96&d=mm&r=g","url":"https:\/\/secure.gravatar.com\/avatar\/b5698fa13ac389b1f1fb1263a4626e219d853d7ccf112e854aea8c9c087d24ae?s=96&d=mm&r=g","contentUrl":"https:\/\/secure.gravatar.com\/avatar\/b5698fa13ac389b1f1fb1263a4626e219d853d7ccf112e854aea8c9c087d24ae?s=96&d=mm&r=g","caption":"Federica"}}]}},"amp_enabled":true,"_links":{"self":[{"href":"https:\/\/www.compagniadisanpaolo.it\/it\/wp-json\/wp\/v2\/posts\/29877","targetHints":{"allow":["GET"]}}],"collection":[{"href":"https:\/\/www.compagniadisanpaolo.it\/it\/wp-json\/wp\/v2\/posts"}],"about":[{"href":"https:\/\/www.compagniadisanpaolo.it\/it\/wp-json\/wp\/v2\/types\/post"}],"author":[{"embeddable":true,"href":"https:\/\/www.compagniadisanpaolo.it\/it\/wp-json\/wp\/v2\/users\/19"}],"replies":[{"embeddable":true,"href":"https:\/\/www.compagniadisanpaolo.it\/it\/wp-json\/wp\/v2\/comments?post=29877"}],"version-history":[{"count":5,"href":"https:\/\/www.compagniadisanpaolo.it\/it\/wp-json\/wp\/v2\/posts\/29877\/revisions"}],"predecessor-version":[{"id":30183,"href":"https:\/\/www.compagniadisanpaolo.it\/it\/wp-json\/wp\/v2\/posts\/29877\/revisions\/30183"}],"wp:featuredmedia":[{"embeddable":true,"href":"https:\/\/www.compagniadisanpaolo.it\/it\/wp-json\/wp\/v2\/media\/29880"}],"wp:attachment":[{"href":"https:\/\/www.compagniadisanpaolo.it\/it\/wp-json\/wp\/v2\/media?parent=29877"}],"wp:term":[{"taxonomy":"category","embeddable":true,"href":"https:\/\/www.compagniadisanpaolo.it\/it\/wp-json\/wp\/v2\/categories?post=29877"},{"taxonomy":"post_tag","embeddable":true,"href":"https:\/\/www.compagniadisanpaolo.it\/it\/wp-json\/wp\/v2\/tags?post=29877"}],"curies":[{"name":"wp","href":"https:\/\/api.w.org\/{rel}","templated":true}]}}