{"id":29242,"date":"2024-05-17T10:00:37","date_gmt":"2024-05-17T08:00:37","guid":{"rendered":"https:\/\/www.compagniadisanpaolo.it\/?p=29242"},"modified":"2024-05-16T19:19:43","modified_gmt":"2024-05-16T17:19:43","slug":"cultura-studio-e-formazione-professionale-in-carcere","status":"publish","type":"post","link":"https:\/\/www.compagniadisanpaolo.it\/it\/news\/cultura-studio-e-formazione-professionale-in-carcere\/","title":{"rendered":"Cultura, studio e formazione professionale in carcere"},"content":{"rendered":"<div class=\"wpb-content-wrapper\">[vc_row][vc_column][vc_column_text el_class=&#8221;text-headline2&#8243;]Si terr\u00e0 questo pomeriggio il terzo incontro del ciclo di conferenze sulle carceri realizzato da Opera Barolo. Focus di questo appuntamento sar\u00e0 l&#8217;istruzione carceraria per una completa integrazione sociale degli ex detenuti nella societ\u00e0 dei &#8220;liberi&#8221;. Tra i relatori anche la Fondazione Compagnia di San Paolo.[\/vc_column_text][\/vc_column][\/vc_row][vc_row][vc_column][vc_column_text]\n<div class=\"info-box mission\">\n\t\t<div class=\"info-box-wrap info-box-hor row pb-0\">\n\n\t\t      \n\t\t      <div class=\"spalla col-12 col-md-12\">\n\t\t\t<div class=\"info-box sharing-box\">\n\t\t\t  <span class=\"label\">Condividi:<\/span>\n\t\t\t  <div class=\"social-sharing\">\n\t\t\t    <span class=\"box\">\n\t\t\t      <a class=\"fb\" href=\"https:\/\/www.facebook.com\/sharer.php?u=https:\/\/www.compagniadisanpaolo.it\/it\/news\/cultura-studio-e-formazione-professionale-in-carcere\/\" target=\"_blank\">\n\t\t\t\t<span class=\"sr-only\">Facebook<\/span>\n\t\t\t\t<i class=\"fab fa-facebook-f\"><\/i>\n\t\t\t      <\/a>\n\t\t\t    <\/span>\n\t\t\t    \n\t\t\t    <style>\n.twitter, .twitter:hover{\ncolor:#000000 !important;}\n<\/style>\n\n\n\t\t\t    <span class=\"box\">\n\t\t\t      <a class=\"twitter\" href=\"https:\/\/twitter.com\/intent\/tweet?url=https:\/\/www.compagniadisanpaolo.it\/it\/news\/cultura-studio-e-formazione-professionale-in-carcere\/\">\n\t\t\t\t<span class=\"sr-only\">Twitter<\/span>\n\t\t\t\t<i class=\"fa-brands fa-x-twitter\"><\/i>\n\t\t\t      <\/a>\n\t\t\t    <\/span>\n\n\t\t\t    \n\t\t\t    <span class=\"box\">\n\t\t\t      <a class=\"linkedin\" href=\"https:\/\/www.linkedin.com\/shareArticle?mini=true&url=https:\/\/www.compagniadisanpaolo.it\/it\/news\/cultura-studio-e-formazione-professionale-in-carcere\/\">\n\t\t\t\t<span class=\"sr-only\">Linkedin<\/span>\n\t\t\t\t  <i class=\"fa-brands fa-linkedin-in\"><\/i>\n\t\t\t      <\/a>\n\t\t\t    <\/span>\n\n\t\t\t    <span class=\"box\">\n\t\t\t      <a class=\"whatsapp\" href=\"whatsapp:\/\/send?text=https:\/\/www.compagniadisanpaolo.it\/it\/news\/cultura-studio-e-formazione-professionale-in-carcere\/\" data-action=\"share\/whatsapp\/share\">\n\t\t\t\t<span class=\"sr-only\">Whatsapp<\/span>\n\t\t\t\t<i class=\"fa-brands fa-whatsapp\"><\/i>\n\t\t\t      <\/a>\n\t\t\t    <\/span>\n\n\t\t\t    <span class=\"box\">\n\t\t\t      <a class=\"mail\" href=\"mailto:?subject=Cultura, studio e formazione professionale in carcere&body=https:\/\/www.compagniadisanpaolo.it\/it\/news\/cultura-studio-e-formazione-professionale-in-carcere\/\">\n\t\t\t\t<span class=\"sr-only\">Mail<\/span>\n\t\t\t\t <i class=\"fa-solid fa-envelope\"><\/i>\n\t\t\t      <\/a>\n\t\t\t    <\/span>\n\t\t\t    \n\t\t\t  <\/div>\n\t\t\t<\/div>\n\t      <\/div>\n\t    <\/div><\/div>\n[\/vc_column_text][\/vc_column][\/vc_row][vc_row][vc_column width=&#8221;1\/4&#8243;][vc_column_text]\n\n\n\t\t<div class=\"info-box-wrap\">\n\n\t  <div class=\"info-box date-pub\">\n\t  \t<span class=\"label\">Data di pubblicazione:<\/span>\n\t    <span class=\"value\">17 Maggio 2024<\/span>\n\t  <\/div>\n\t\t\t\t  <div class=\"info-box obj-people\">\n\t\t\t\t\t  <div class=\"info-box obj\"><span class=\"label\">Obiettivo<\/span>\n\t\t\t\t\t    <div class=\"obj-small-box\">\n\t\t\t\t\t      <span>Persone.<\/span>\n\t\t\t\t\t    <\/div>\n\t\t\t\t\t  <\/div>\n\t\t\t\t  <\/div>\n\t\t\t  <div class=\"info-box mission\"><span class=\"label\">Tag<\/span><a href=\"https:\/\/www.compagniadisanpaolo.it\/it\/tags\/risultati\/?_sft_post_tag=coesione-sociale\" class=\"tag-element\">Coesione sociale<\/a><a href=\"https:\/\/www.compagniadisanpaolo.it\/it\/tags\/risultati\/?_sft_post_tag=rigenerazione-territoriale\" class=\"tag-element\">Rigenerazione territoriale<\/a><a href=\"https:\/\/www.compagniadisanpaolo.it\/it\/tags\/risultati\/?_sft_post_tag=wellbeing\" class=\"tag-element\">Wellbeing<\/a><\/div>\t  \n\t<\/div>\n[\/vc_column_text][\/vc_column][vc_column width=&#8221;3\/4&#8243; el_class=&#8221;page-content&#8221;][vc_column_text el_class=&#8221;text&#8221;]Questo pomeriggio, il Palazzo Barolo di Torino si trasforma in un luogo di dialogo e riflessione con la conferenza &#8220;<strong>Cultura, studio e formazione professionale in carcere<\/strong>&#8221; con inizio a partire dalle 17:00.<\/p>\n<p>L\u2019evento, parte di una <strong>serie di incontri promossi da Opera Barolo<\/strong>, in onore del 160\u00b0 anniversario della morte della Venerabile Marchesa Giulia Falletti di Barolo \u2013 figura iconica dell&#8217;azione sociale \u2013 intende mettere in luce l&#8217;<strong>importanza dell&#8217;istruzione <\/strong>e della <strong>formazione<\/strong> <strong>professionale<\/strong> come strumenti di riabilitazione sociale e opportunit\u00e0 di un futuro di dignit\u00e0 e integrazione per le persone detenute.<\/p>\n<p>La conferenza sar\u00e0 inaugurata da <strong>Anna Maria Poggi<\/strong>, docente di Diritto costituzionale presso l\u2019Universit\u00e0 di Torino e membro del consiglio di <strong>Opera Barolo<\/strong>, e sar\u00e0 moderata da <strong>Maria Teresa Pichetto<\/strong>, avanguardista nell&#8217;educazione carceraria. Tra i relatori, saranno inoltre presenti <strong>Marzia Sica \u2013 Responsabile dell\u2019Obiettivo Persone della Fondazione Compagnia di San Paolo, Franco Prina<\/strong>, <strong>Paolo Monferino<\/strong>, <strong>Bruno Mellano<\/strong> e <strong>Roberto Gramola<\/strong>.<\/p>\n<p>Quest\u2019ultimo, che ha conseguito la laurea durante la detenzione, sottolineer\u00e0 il <strong>valore dello studio come mezzo di trasformazione e di rieducazione, personale<\/strong> e collettiva, capace di riscrivere la narrazione degli ex detenuti nella societ\u00e0.<\/p>\n<p>La conferenza rappresenta un&#8217;occasione fondamentale per considerare il <strong>potenziale della cultura e dell&#8217;educazione <\/strong>come mezzi di <strong>cambiamento<\/strong> <strong>positivo<\/strong> e di costruzione di percorsi di emancipazione, anche all&#8217;interno delle <strong>strutture penitenziarie<\/strong>.<\/p>\n<p>L&#8217;<strong>accesso a programmi di istruzione<\/strong>, da quella primaria fino agli studi universitari<strong> e di formazione<\/strong> professionale, durante la detenzione, costituisce infatti una concreta opportunit\u00e0 per le persone detenute, in grado di consegnare loro la possibilit\u00e0 di incidere con efficacia su un durevole reinserimento nella comunit\u00e0.<\/p>\n<p>Il ciclo di incontri dedicati alle tematiche del carcere previsti presso <strong>Palazzo Barolo<\/strong> (via delle Orfane 7) conta un totale di <strong>sei appuntamenti in calendario <\/strong>che hanno preso il via lo scorso <strong>19 gennaio e si concluderanno il prossimo 13 dicembre 2024<\/strong>. Ogni appuntamento rappresenta un importante momento di condivisione su temi quali le <strong>condizioni di vita dei detenuti<\/strong> e di chi lavora nei luoghi di reclusione; le <strong>iniziative culturali<\/strong>; le <strong>attivit\u00e0 educative e formative<\/strong> dentro e fuori gli istituti di pena torinesi; <strong>la giustizia riparativa<\/strong>; le <strong>alternative alla reclusione<\/strong> per scontare le condanne e le luci e le ombre del sistema carcerario nel nostro Paese.<\/p>\n<p>Per rimanere aggiornato sui prossimi appuntamenti ti invitiamo a consultare il sito <a href=\"https:\/\/www.operabarolo.it\/\" target=\"_blank\" rel=\"noopener\"><strong>operabarolo.it<\/strong><\/a>.[\/vc_column_text][\/vc_column][\/vc_row][vc_row][vc_column][vc_raw_html]JTVCU2V6aW9uZV9Eb2N1bWVudGklNUQ=[\/vc_raw_html][\/vc_column][\/vc_row][vc_row][vc_column]<div class=\"templatera_shortcode\"><div data-vc-full-width=\"true\" data-vc-full-width-temp=\"true\" data-vc-full-width-init=\"false\" class=\"vc_row wpb_row vc_row-fluid newsletter-wrap\"><div class=\"wpb_column vc_column_container vc_col-sm-12\"><div class=\"vc_column-inner\"><div class=\"wpb_wrapper\">\n\t<div class=\"wpb_raw_code wpb_raw_html wpb_content_element\" >\n\t\t<div class=\"wpb_wrapper\">\n\t\t\t    <div class=\"container\">\n      <div class=\"row align-items-center\">\n\t<div class=\"col-12 col-lg-6 col-xl-5 mb-3 mb-lg-0 pr-0\">\n\t  <h2 class=\"title\">Rimani aggiornato sui nostri bandi e sui nostri progetti<\/h2>\n\t<\/div>\n\t<div class=\"col-12 col-lg-6 col-xl-7 pl-xl-4\">\n\t  <a class=\"standard-link-block\" href=\"\/it\/newsletter\/\">\n\t    Compila il form e decidi su quale argomento vuoi ricevere notizie.\t    <strong>\u00a0 ISCRIVITI!<\/strong>\n\t  <\/a>\n\t<\/div>\n      <\/div>\n    <\/div>\n\t\t<\/div>\n\t<\/div>\n<\/div><\/div><\/div><\/div><div class=\"vc_row-full-width vc_clearfix\"><\/div><\/div>[\/vc_column][\/vc_row]\n<\/div>","protected":false},"excerpt":{"rendered":"<p>Si terr\u00e0 questo pomeriggio il terzo incontro del ciclo di conferenze sulle carceri realizzato da Opera Barolo. Focus di questo appuntamento sar\u00e0 l&#8217;istruzione carceraria per una completa integrazione sociale degli ex detenuti nella societ\u00e0 dei &#8220;liberi&#8221;. Tra i relatori anche la Fondazione Compagnia di San Paolo. <\/p>\n","protected":false},"author":19,"featured_media":28011,"comment_status":"closed","ping_status":"closed","sticky":false,"template":"","format":"standard","meta":{"_acf_changed":false,"content-type":"","footnotes":""},"categories":[17],"tags":[51,75,78],"class_list":["post-29242","post","type-post","status-publish","format-standard","has-post-thumbnail","hentry","category-news","tag-coesione-sociale","tag-rigenerazione-territoriale","tag-wellbeing","entry","post-inner"],"acf":[],"yoast_head":"<!-- This site is optimized with the Yoast SEO plugin v27.3 - https:\/\/yoast.com\/product\/yoast-seo-wordpress\/ -->\n<title>Cultura, studio e formazione professionale in carcere - Fondazione Compagnia di San Paolo<\/title>\n<meta name=\"description\" content=\"Si terr\u00e0 questo pomeriggio il terzo incontro del ciclo di conferenze sulle carceri realizzato da Opera Barolo. Focus dell&#039; appuntamento l&#039;istruzione carceraria per una completa integrazione sociale degli ex detenuti.\" \/>\n<meta name=\"robots\" content=\"index, follow, max-snippet:-1, max-image-preview:large, max-video-preview:-1\" \/>\n<link rel=\"canonical\" href=\"https:\/\/www.compagniadisanpaolo.it\/it\/news\/cultura-studio-e-formazione-professionale-in-carcere\/\" \/>\n<meta property=\"og:locale\" content=\"it_IT\" \/>\n<meta property=\"og:type\" content=\"article\" \/>\n<meta property=\"og:title\" content=\"Cultura, studio e formazione professionale in carcere - Fondazione Compagnia di San Paolo\" \/>\n<meta property=\"og:description\" content=\"Si terr\u00e0 questo pomeriggio il terzo incontro del ciclo di conferenze sulle carceri realizzato da Opera Barolo. Focus dell&#039; appuntamento l&#039;istruzione carceraria per una completa integrazione sociale degli ex detenuti.\" \/>\n<meta property=\"og:url\" content=\"https:\/\/www.compagniadisanpaolo.it\/it\/news\/cultura-studio-e-formazione-professionale-in-carcere\/\" \/>\n<meta property=\"og:site_name\" content=\"Fondazione Compagnia di San Paolo\" \/>\n<meta property=\"article:publisher\" content=\"https:\/\/www.facebook.com\/CompagniaDiSanPaolo\" \/>\n<meta property=\"article:published_time\" content=\"2024-05-17T08:00:37+00:00\" \/>\n<meta property=\"og:image\" content=\"https:\/\/www.compagniadisanpaolo.it\/wp-content\/uploads\/CSP-taglio-immagini-Rinnovato-protocollo-intesadistretto-barolo_815X350.jpg\" \/>\n\t<meta property=\"og:image:width\" content=\"815\" \/>\n\t<meta property=\"og:image:height\" content=\"350\" \/>\n\t<meta property=\"og:image:type\" content=\"image\/jpeg\" \/>\n<meta name=\"author\" content=\"Federica\" \/>\n<meta name=\"twitter:card\" content=\"summary_large_image\" \/>\n<meta name=\"twitter:creator\" content=\"@CSP_live\" \/>\n<meta name=\"twitter:site\" content=\"@CSP_live\" \/>\n<meta name=\"twitter:label1\" content=\"Scritto da\" \/>\n\t<meta name=\"twitter:data1\" content=\"Federica\" \/>\n\t<meta name=\"twitter:label2\" content=\"Tempo di lettura stimato\" \/>\n\t<meta name=\"twitter:data2\" content=\"2 minuti\" \/>\n<script type=\"application\/ld+json\" class=\"yoast-schema-graph\">{\"@context\":\"https:\\\/\\\/schema.org\",\"@graph\":[{\"@type\":\"Article\",\"@id\":\"https:\\\/\\\/www.compagniadisanpaolo.it\\\/it\\\/news\\\/cultura-studio-e-formazione-professionale-in-carcere\\\/#article\",\"isPartOf\":{\"@id\":\"https:\\\/\\\/www.compagniadisanpaolo.it\\\/it\\\/news\\\/cultura-studio-e-formazione-professionale-in-carcere\\\/\"},\"author\":{\"name\":\"Federica\",\"@id\":\"https:\\\/\\\/www.compagniadisanpaolo.it\\\/it\\\/#\\\/schema\\\/person\\\/b7d5451541c25c82f29c5be1e78456b2\"},\"headline\":\"Cultura, studio e formazione professionale in carcere\",\"datePublished\":\"2024-05-17T08:00:37+00:00\",\"mainEntityOfPage\":{\"@id\":\"https:\\\/\\\/www.compagniadisanpaolo.it\\\/it\\\/news\\\/cultura-studio-e-formazione-professionale-in-carcere\\\/\"},\"wordCount\":525,\"publisher\":{\"@id\":\"https:\\\/\\\/www.compagniadisanpaolo.it\\\/it\\\/#organization\"},\"image\":{\"@id\":\"https:\\\/\\\/www.compagniadisanpaolo.it\\\/it\\\/news\\\/cultura-studio-e-formazione-professionale-in-carcere\\\/#primaryimage\"},\"thumbnailUrl\":\"https:\\\/\\\/www.compagniadisanpaolo.it\\\/wp-content\\\/uploads\\\/CSP-taglio-immagini-Rinnovato-protocollo-intesadistretto-barolo_815X350.jpg\",\"keywords\":[\"coesione sociale\",\"rigenerazione territoriale\",\"wellbeing\"],\"articleSection\":[\"News\"],\"inLanguage\":\"it-IT\"},{\"@type\":\"WebPage\",\"@id\":\"https:\\\/\\\/www.compagniadisanpaolo.it\\\/it\\\/news\\\/cultura-studio-e-formazione-professionale-in-carcere\\\/\",\"url\":\"https:\\\/\\\/www.compagniadisanpaolo.it\\\/it\\\/news\\\/cultura-studio-e-formazione-professionale-in-carcere\\\/\",\"name\":\"Cultura, studio e formazione professionale in carcere - Fondazione Compagnia di San Paolo\",\"isPartOf\":{\"@id\":\"https:\\\/\\\/www.compagniadisanpaolo.it\\\/it\\\/#website\"},\"primaryImageOfPage\":{\"@id\":\"https:\\\/\\\/www.compagniadisanpaolo.it\\\/it\\\/news\\\/cultura-studio-e-formazione-professionale-in-carcere\\\/#primaryimage\"},\"image\":{\"@id\":\"https:\\\/\\\/www.compagniadisanpaolo.it\\\/it\\\/news\\\/cultura-studio-e-formazione-professionale-in-carcere\\\/#primaryimage\"},\"thumbnailUrl\":\"https:\\\/\\\/www.compagniadisanpaolo.it\\\/wp-content\\\/uploads\\\/CSP-taglio-immagini-Rinnovato-protocollo-intesadistretto-barolo_815X350.jpg\",\"datePublished\":\"2024-05-17T08:00:37+00:00\",\"description\":\"Si terr\u00e0 questo pomeriggio il terzo incontro del ciclo di conferenze sulle carceri realizzato da Opera Barolo. Focus dell' appuntamento l'istruzione carceraria per una completa integrazione sociale degli ex detenuti.\",\"breadcrumb\":{\"@id\":\"https:\\\/\\\/www.compagniadisanpaolo.it\\\/it\\\/news\\\/cultura-studio-e-formazione-professionale-in-carcere\\\/#breadcrumb\"},\"inLanguage\":\"it-IT\",\"potentialAction\":[{\"@type\":\"ReadAction\",\"target\":[\"https:\\\/\\\/www.compagniadisanpaolo.it\\\/it\\\/news\\\/cultura-studio-e-formazione-professionale-in-carcere\\\/\"]}]},{\"@type\":\"ImageObject\",\"inLanguage\":\"it-IT\",\"@id\":\"https:\\\/\\\/www.compagniadisanpaolo.it\\\/it\\\/news\\\/cultura-studio-e-formazione-professionale-in-carcere\\\/#primaryimage\",\"url\":\"https:\\\/\\\/www.compagniadisanpaolo.it\\\/wp-content\\\/uploads\\\/CSP-taglio-immagini-Rinnovato-protocollo-intesadistretto-barolo_815X350.jpg\",\"contentUrl\":\"https:\\\/\\\/www.compagniadisanpaolo.it\\\/wp-content\\\/uploads\\\/CSP-taglio-immagini-Rinnovato-protocollo-intesadistretto-barolo_815X350.jpg\",\"width\":815,\"height\":350},{\"@type\":\"BreadcrumbList\",\"@id\":\"https:\\\/\\\/www.compagniadisanpaolo.it\\\/it\\\/news\\\/cultura-studio-e-formazione-professionale-in-carcere\\\/#breadcrumb\",\"itemListElement\":[{\"@type\":\"ListItem\",\"position\":1,\"name\":\"Home\",\"item\":\"https:\\\/\\\/www.compagniadisanpaolo.it\\\/it\\\/\"},{\"@type\":\"ListItem\",\"position\":2,\"name\":\"Cultura, studio e formazione professionale in carcere\"}]},{\"@type\":\"WebSite\",\"@id\":\"https:\\\/\\\/www.compagniadisanpaolo.it\\\/it\\\/#website\",\"url\":\"https:\\\/\\\/www.compagniadisanpaolo.it\\\/it\\\/\",\"name\":\"Fondazione Compagnia di San Paolo\",\"description\":\"\",\"publisher\":{\"@id\":\"https:\\\/\\\/www.compagniadisanpaolo.it\\\/it\\\/#organization\"},\"potentialAction\":[{\"@type\":\"SearchAction\",\"target\":{\"@type\":\"EntryPoint\",\"urlTemplate\":\"https:\\\/\\\/www.compagniadisanpaolo.it\\\/it\\\/?s={search_term_string}\"},\"query-input\":{\"@type\":\"PropertyValueSpecification\",\"valueRequired\":true,\"valueName\":\"search_term_string\"}}],\"inLanguage\":\"it-IT\"},{\"@type\":\"Organization\",\"@id\":\"https:\\\/\\\/www.compagniadisanpaolo.it\\\/it\\\/#organization\",\"name\":\"Fondazione Compagnia di San Paolo\",\"url\":\"https:\\\/\\\/www.compagniadisanpaolo.it\\\/it\\\/\",\"logo\":{\"@type\":\"ImageObject\",\"inLanguage\":\"it-IT\",\"@id\":\"https:\\\/\\\/www.compagniadisanpaolo.it\\\/it\\\/#\\\/schema\\\/logo\\\/image\\\/\",\"url\":\"https:\\\/\\\/www.compagniadisanpaolo.it\\\/wp-content\\\/uploads\\\/logo.svg\",\"contentUrl\":\"https:\\\/\\\/www.compagniadisanpaolo.it\\\/wp-content\\\/uploads\\\/logo.svg\",\"width\":769,\"height\":323,\"caption\":\"Fondazione Compagnia di San Paolo\"},\"image\":{\"@id\":\"https:\\\/\\\/www.compagniadisanpaolo.it\\\/it\\\/#\\\/schema\\\/logo\\\/image\\\/\"},\"sameAs\":[\"https:\\\/\\\/www.facebook.com\\\/CompagniaDiSanPaolo\",\"https:\\\/\\\/x.com\\\/CSP_live\",\"http:\\\/\\\/instagram.com\\\/compagniadisanpaolo?ref=badge\",\"https:\\\/\\\/www.linkedin.com\\\/company\\\/compagnia-di-san-paolo\",\"https:\\\/\\\/www.youtube.com\\\/user\\\/compagniadisanpaolo\",\"https:\\\/\\\/it.wikipedia.org\\\/wiki\\\/Compagnia_di_San_Paolo\"]},{\"@type\":\"Person\",\"@id\":\"https:\\\/\\\/www.compagniadisanpaolo.it\\\/it\\\/#\\\/schema\\\/person\\\/b7d5451541c25c82f29c5be1e78456b2\",\"name\":\"Federica\",\"image\":{\"@type\":\"ImageObject\",\"inLanguage\":\"it-IT\",\"@id\":\"https:\\\/\\\/secure.gravatar.com\\\/avatar\\\/b5698fa13ac389b1f1fb1263a4626e219d853d7ccf112e854aea8c9c087d24ae?s=96&d=mm&r=g\",\"url\":\"https:\\\/\\\/secure.gravatar.com\\\/avatar\\\/b5698fa13ac389b1f1fb1263a4626e219d853d7ccf112e854aea8c9c087d24ae?s=96&d=mm&r=g\",\"contentUrl\":\"https:\\\/\\\/secure.gravatar.com\\\/avatar\\\/b5698fa13ac389b1f1fb1263a4626e219d853d7ccf112e854aea8c9c087d24ae?s=96&d=mm&r=g\",\"caption\":\"Federica\"}}]}<\/script>\n<!-- \/ Yoast SEO plugin. -->","yoast_head_json":{"title":"Cultura, studio e formazione professionale in carcere - Fondazione Compagnia di San Paolo","description":"Si terr\u00e0 questo pomeriggio il terzo incontro del ciclo di conferenze sulle carceri realizzato da Opera Barolo. Focus dell' appuntamento l'istruzione carceraria per una completa integrazione sociale degli ex detenuti.","robots":{"index":"index","follow":"follow","max-snippet":"max-snippet:-1","max-image-preview":"max-image-preview:large","max-video-preview":"max-video-preview:-1"},"canonical":"https:\/\/www.compagniadisanpaolo.it\/it\/news\/cultura-studio-e-formazione-professionale-in-carcere\/","og_locale":"it_IT","og_type":"article","og_title":"Cultura, studio e formazione professionale in carcere - Fondazione Compagnia di San Paolo","og_description":"Si terr\u00e0 questo pomeriggio il terzo incontro del ciclo di conferenze sulle carceri realizzato da Opera Barolo. Focus dell' appuntamento l'istruzione carceraria per una completa integrazione sociale degli ex detenuti.","og_url":"https:\/\/www.compagniadisanpaolo.it\/it\/news\/cultura-studio-e-formazione-professionale-in-carcere\/","og_site_name":"Fondazione Compagnia di San Paolo","article_publisher":"https:\/\/www.facebook.com\/CompagniaDiSanPaolo","article_published_time":"2024-05-17T08:00:37+00:00","og_image":[{"width":815,"height":350,"url":"https:\/\/www.compagniadisanpaolo.it\/wp-content\/uploads\/CSP-taglio-immagini-Rinnovato-protocollo-intesadistretto-barolo_815X350.jpg","type":"image\/jpeg"}],"author":"Federica","twitter_card":"summary_large_image","twitter_creator":"@CSP_live","twitter_site":"@CSP_live","twitter_misc":{"Scritto da":"Federica","Tempo di lettura stimato":"2 minuti"},"schema":{"@context":"https:\/\/schema.org","@graph":[{"@type":"Article","@id":"https:\/\/www.compagniadisanpaolo.it\/it\/news\/cultura-studio-e-formazione-professionale-in-carcere\/#article","isPartOf":{"@id":"https:\/\/www.compagniadisanpaolo.it\/it\/news\/cultura-studio-e-formazione-professionale-in-carcere\/"},"author":{"name":"Federica","@id":"https:\/\/www.compagniadisanpaolo.it\/it\/#\/schema\/person\/b7d5451541c25c82f29c5be1e78456b2"},"headline":"Cultura, studio e formazione professionale in carcere","datePublished":"2024-05-17T08:00:37+00:00","mainEntityOfPage":{"@id":"https:\/\/www.compagniadisanpaolo.it\/it\/news\/cultura-studio-e-formazione-professionale-in-carcere\/"},"wordCount":525,"publisher":{"@id":"https:\/\/www.compagniadisanpaolo.it\/it\/#organization"},"image":{"@id":"https:\/\/www.compagniadisanpaolo.it\/it\/news\/cultura-studio-e-formazione-professionale-in-carcere\/#primaryimage"},"thumbnailUrl":"https:\/\/www.compagniadisanpaolo.it\/wp-content\/uploads\/CSP-taglio-immagini-Rinnovato-protocollo-intesadistretto-barolo_815X350.jpg","keywords":["coesione sociale","rigenerazione territoriale","wellbeing"],"articleSection":["News"],"inLanguage":"it-IT"},{"@type":"WebPage","@id":"https:\/\/www.compagniadisanpaolo.it\/it\/news\/cultura-studio-e-formazione-professionale-in-carcere\/","url":"https:\/\/www.compagniadisanpaolo.it\/it\/news\/cultura-studio-e-formazione-professionale-in-carcere\/","name":"Cultura, studio e formazione professionale in carcere - Fondazione Compagnia di San Paolo","isPartOf":{"@id":"https:\/\/www.compagniadisanpaolo.it\/it\/#website"},"primaryImageOfPage":{"@id":"https:\/\/www.compagniadisanpaolo.it\/it\/news\/cultura-studio-e-formazione-professionale-in-carcere\/#primaryimage"},"image":{"@id":"https:\/\/www.compagniadisanpaolo.it\/it\/news\/cultura-studio-e-formazione-professionale-in-carcere\/#primaryimage"},"thumbnailUrl":"https:\/\/www.compagniadisanpaolo.it\/wp-content\/uploads\/CSP-taglio-immagini-Rinnovato-protocollo-intesadistretto-barolo_815X350.jpg","datePublished":"2024-05-17T08:00:37+00:00","description":"Si terr\u00e0 questo pomeriggio il terzo incontro del ciclo di conferenze sulle carceri realizzato da Opera Barolo. Focus dell' appuntamento l'istruzione carceraria per una completa integrazione sociale degli ex detenuti.","breadcrumb":{"@id":"https:\/\/www.compagniadisanpaolo.it\/it\/news\/cultura-studio-e-formazione-professionale-in-carcere\/#breadcrumb"},"inLanguage":"it-IT","potentialAction":[{"@type":"ReadAction","target":["https:\/\/www.compagniadisanpaolo.it\/it\/news\/cultura-studio-e-formazione-professionale-in-carcere\/"]}]},{"@type":"ImageObject","inLanguage":"it-IT","@id":"https:\/\/www.compagniadisanpaolo.it\/it\/news\/cultura-studio-e-formazione-professionale-in-carcere\/#primaryimage","url":"https:\/\/www.compagniadisanpaolo.it\/wp-content\/uploads\/CSP-taglio-immagini-Rinnovato-protocollo-intesadistretto-barolo_815X350.jpg","contentUrl":"https:\/\/www.compagniadisanpaolo.it\/wp-content\/uploads\/CSP-taglio-immagini-Rinnovato-protocollo-intesadistretto-barolo_815X350.jpg","width":815,"height":350},{"@type":"BreadcrumbList","@id":"https:\/\/www.compagniadisanpaolo.it\/it\/news\/cultura-studio-e-formazione-professionale-in-carcere\/#breadcrumb","itemListElement":[{"@type":"ListItem","position":1,"name":"Home","item":"https:\/\/www.compagniadisanpaolo.it\/it\/"},{"@type":"ListItem","position":2,"name":"Cultura, studio e formazione professionale in carcere"}]},{"@type":"WebSite","@id":"https:\/\/www.compagniadisanpaolo.it\/it\/#website","url":"https:\/\/www.compagniadisanpaolo.it\/it\/","name":"Fondazione Compagnia di San Paolo","description":"","publisher":{"@id":"https:\/\/www.compagniadisanpaolo.it\/it\/#organization"},"potentialAction":[{"@type":"SearchAction","target":{"@type":"EntryPoint","urlTemplate":"https:\/\/www.compagniadisanpaolo.it\/it\/?s={search_term_string}"},"query-input":{"@type":"PropertyValueSpecification","valueRequired":true,"valueName":"search_term_string"}}],"inLanguage":"it-IT"},{"@type":"Organization","@id":"https:\/\/www.compagniadisanpaolo.it\/it\/#organization","name":"Fondazione Compagnia di San Paolo","url":"https:\/\/www.compagniadisanpaolo.it\/it\/","logo":{"@type":"ImageObject","inLanguage":"it-IT","@id":"https:\/\/www.compagniadisanpaolo.it\/it\/#\/schema\/logo\/image\/","url":"https:\/\/www.compagniadisanpaolo.it\/wp-content\/uploads\/logo.svg","contentUrl":"https:\/\/www.compagniadisanpaolo.it\/wp-content\/uploads\/logo.svg","width":769,"height":323,"caption":"Fondazione Compagnia di San Paolo"},"image":{"@id":"https:\/\/www.compagniadisanpaolo.it\/it\/#\/schema\/logo\/image\/"},"sameAs":["https:\/\/www.facebook.com\/CompagniaDiSanPaolo","https:\/\/x.com\/CSP_live","http:\/\/instagram.com\/compagniadisanpaolo?ref=badge","https:\/\/www.linkedin.com\/company\/compagnia-di-san-paolo","https:\/\/www.youtube.com\/user\/compagniadisanpaolo","https:\/\/it.wikipedia.org\/wiki\/Compagnia_di_San_Paolo"]},{"@type":"Person","@id":"https:\/\/www.compagniadisanpaolo.it\/it\/#\/schema\/person\/b7d5451541c25c82f29c5be1e78456b2","name":"Federica","image":{"@type":"ImageObject","inLanguage":"it-IT","@id":"https:\/\/secure.gravatar.com\/avatar\/b5698fa13ac389b1f1fb1263a4626e219d853d7ccf112e854aea8c9c087d24ae?s=96&d=mm&r=g","url":"https:\/\/secure.gravatar.com\/avatar\/b5698fa13ac389b1f1fb1263a4626e219d853d7ccf112e854aea8c9c087d24ae?s=96&d=mm&r=g","contentUrl":"https:\/\/secure.gravatar.com\/avatar\/b5698fa13ac389b1f1fb1263a4626e219d853d7ccf112e854aea8c9c087d24ae?s=96&d=mm&r=g","caption":"Federica"}}]}},"amp_enabled":true,"_links":{"self":[{"href":"https:\/\/www.compagniadisanpaolo.it\/it\/wp-json\/wp\/v2\/posts\/29242","targetHints":{"allow":["GET"]}}],"collection":[{"href":"https:\/\/www.compagniadisanpaolo.it\/it\/wp-json\/wp\/v2\/posts"}],"about":[{"href":"https:\/\/www.compagniadisanpaolo.it\/it\/wp-json\/wp\/v2\/types\/post"}],"author":[{"embeddable":true,"href":"https:\/\/www.compagniadisanpaolo.it\/it\/wp-json\/wp\/v2\/users\/19"}],"replies":[{"embeddable":true,"href":"https:\/\/www.compagniadisanpaolo.it\/it\/wp-json\/wp\/v2\/comments?post=29242"}],"version-history":[{"count":4,"href":"https:\/\/www.compagniadisanpaolo.it\/it\/wp-json\/wp\/v2\/posts\/29242\/revisions"}],"predecessor-version":[{"id":29249,"href":"https:\/\/www.compagniadisanpaolo.it\/it\/wp-json\/wp\/v2\/posts\/29242\/revisions\/29249"}],"wp:featuredmedia":[{"embeddable":true,"href":"https:\/\/www.compagniadisanpaolo.it\/it\/wp-json\/wp\/v2\/media\/28011"}],"wp:attachment":[{"href":"https:\/\/www.compagniadisanpaolo.it\/it\/wp-json\/wp\/v2\/media?parent=29242"}],"wp:term":[{"taxonomy":"category","embeddable":true,"href":"https:\/\/www.compagniadisanpaolo.it\/it\/wp-json\/wp\/v2\/categories?post=29242"},{"taxonomy":"post_tag","embeddable":true,"href":"https:\/\/www.compagniadisanpaolo.it\/it\/wp-json\/wp\/v2\/tags?post=29242"}],"curies":[{"name":"wp","href":"https:\/\/api.w.org\/{rel}","templated":true}]}}