{"id":29231,"date":"2024-05-16T11:52:15","date_gmt":"2024-05-16T09:52:15","guid":{"rendered":"https:\/\/www.compagniadisanpaolo.it\/?p=29231"},"modified":"2024-05-16T11:52:15","modified_gmt":"2024-05-16T09:52:15","slug":"a-kind-of-future-al-via-i-graphic-days-torino","status":"publish","type":"post","link":"https:\/\/www.compagniadisanpaolo.it\/it\/news\/a-kind-of-future-al-via-i-graphic-days-torino\/","title":{"rendered":"&#8220;A kind of future&#8221;: al via i Graphic Days\u00ae Torino"},"content":{"rendered":"<div class=\"wpb-content-wrapper\">[vc_row][vc_column][vc_column_text el_class=&#8221;text-headline2&#8243;]La Fondazione Compagnia di San Paolo rinnova il suo sostegno ai Graphic Days<sup>\u00ae<\/sup> evento chiave nel panorama torinese dedicato al design, alla grafica e alla comunicazione visiva. L\u2019iniziativa si conferma come un importante punto di incontro e di ispirazione per professionisti e appassionati del settore.[\/vc_column_text][\/vc_column][\/vc_row][vc_row][vc_column][vc_column_text]\n<div class=\"info-box mission\">\n\t\t<div class=\"info-box-wrap info-box-hor row pb-0\">\n\n\t\t      \n\t\t      <div class=\"spalla col-12 col-md-12\">\n\t\t\t<div class=\"info-box sharing-box\">\n\t\t\t  <span class=\"label\">Condividi:<\/span>\n\t\t\t  <div class=\"social-sharing\">\n\t\t\t    <span class=\"box\">\n\t\t\t      <a class=\"fb\" href=\"https:\/\/www.facebook.com\/sharer.php?u=https:\/\/www.compagniadisanpaolo.it\/it\/news\/a-kind-of-future-al-via-i-graphic-days-torino\/\" target=\"_blank\">\n\t\t\t\t<span class=\"sr-only\">Facebook<\/span>\n\t\t\t\t<i class=\"fab fa-facebook-f\"><\/i>\n\t\t\t      <\/a>\n\t\t\t    <\/span>\n\t\t\t    \n\t\t\t    <style>\n.twitter, .twitter:hover{\ncolor:#000000 !important;}\n<\/style>\n\n\n\t\t\t    <span class=\"box\">\n\t\t\t      <a class=\"twitter\" href=\"https:\/\/twitter.com\/intent\/tweet?url=https:\/\/www.compagniadisanpaolo.it\/it\/news\/a-kind-of-future-al-via-i-graphic-days-torino\/\">\n\t\t\t\t<span class=\"sr-only\">Twitter<\/span>\n\t\t\t\t<i class=\"fa-brands fa-x-twitter\"><\/i>\n\t\t\t      <\/a>\n\t\t\t    <\/span>\n\n\t\t\t    \n\t\t\t    <span class=\"box\">\n\t\t\t      <a class=\"linkedin\" href=\"https:\/\/www.linkedin.com\/shareArticle?mini=true&url=https:\/\/www.compagniadisanpaolo.it\/it\/news\/a-kind-of-future-al-via-i-graphic-days-torino\/\">\n\t\t\t\t<span class=\"sr-only\">Linkedin<\/span>\n\t\t\t\t  <i class=\"fa-brands fa-linkedin-in\"><\/i>\n\t\t\t      <\/a>\n\t\t\t    <\/span>\n\n\t\t\t    <span class=\"box\">\n\t\t\t      <a class=\"whatsapp\" href=\"whatsapp:\/\/send?text=https:\/\/www.compagniadisanpaolo.it\/it\/news\/a-kind-of-future-al-via-i-graphic-days-torino\/\" data-action=\"share\/whatsapp\/share\">\n\t\t\t\t<span class=\"sr-only\">Whatsapp<\/span>\n\t\t\t\t<i class=\"fa-brands fa-whatsapp\"><\/i>\n\t\t\t      <\/a>\n\t\t\t    <\/span>\n\n\t\t\t    <span class=\"box\">\n\t\t\t      <a class=\"mail\" href=\"mailto:?subject=\"A kind of future\": al via i Graphic Days\u00ae Torino&body=https:\/\/www.compagniadisanpaolo.it\/it\/news\/a-kind-of-future-al-via-i-graphic-days-torino\/\">\n\t\t\t\t<span class=\"sr-only\">Mail<\/span>\n\t\t\t\t <i class=\"fa-solid fa-envelope\"><\/i>\n\t\t\t      <\/a>\n\t\t\t    <\/span>\n\t\t\t    \n\t\t\t  <\/div>\n\t\t\t<\/div>\n\t      <\/div>\n\t    <\/div><\/div>\n[\/vc_column_text][\/vc_column][\/vc_row][vc_row][vc_column width=&#8221;1\/4&#8243;][vc_column_text]\n\n\n\t\t<div class=\"info-box-wrap\">\n\n\t  <div class=\"info-box date-pub\">\n\t  \t<span class=\"label\">Data di pubblicazione:<\/span>\n\t    <span class=\"value\">16 Maggio 2024<\/span>\n\t  <\/div>\n\t\t\t\t  <div class=\"info-box obj-culture\">\n\t\t\t\t\t  <div class=\"info-box obj\"><span class=\"label\">Obiettivo<\/span>\n\t\t\t\t\t    <div class=\"obj-small-box\">\n\t\t\t\t\t      <span>Cultura.<\/span>\n\t\t\t\t\t    <\/div>\n\t\t\t\t\t  <\/div>\n\t\t\t\t  <\/div>\n\t\t\t  <div class=\"info-box mission\"><span class=\"label\">Tag<\/span><a href=\"https:\/\/www.compagniadisanpaolo.it\/it\/tags\/risultati\/?_sft_post_tag=arte\" class=\"tag-element\">Arte<\/a><a href=\"https:\/\/www.compagniadisanpaolo.it\/it\/tags\/risultati\/?_sft_post_tag=creativita-ed-esperienze-attive\" class=\"tag-element\">Creativit\u00e0 ed esperienze attive<\/a><a href=\"https:\/\/www.compagniadisanpaolo.it\/it\/tags\/risultati\/?_sft_post_tag=cultura-contemporanea\" class=\"tag-element\">Cultura contemporanea<\/a><a href=\"https:\/\/www.compagniadisanpaolo.it\/it\/tags\/risultati\/?_sft_post_tag=cultura-contemporanea-e-design\" class=\"tag-element\">Cultura contemporanea e design<\/a><\/div>\t  \n\t<\/div>\n[\/vc_column_text][\/vc_column][vc_column width=&#8221;3\/4&#8243; el_class=&#8221;page-content&#8221;][vc_column_text el_class=&#8221;text&#8221;]La Fondazione Compagnia di San Paolo supporta la nona edizione del festival internazionale di visual e social design Graphic Days<sup>\u00ae<\/sup>, che si terr\u00e0 dal 16 al 26 maggio presso gli spazi di Flashback Habitat a Torino. Questo evento rappresenta un&#8217;importante manifestazione della cultura contemporanea, in linea con la missione della Fondazione di promuovere l&#8217;attrattivit\u00e0 e lo sviluppo della Citt\u00e0 attraverso la creativit\u00e0.<\/p>\n<p>Il Festival offrir\u00e0 un percorso espositivo di <strong>20 mostre<\/strong>, con approfondimenti monografici sull&#8217;opera di artisti come <strong>Vincent De Boer<\/strong>, <strong>Matteo Giuntini<\/strong> e <strong>Team Thursday<\/strong>, oltre a focus tematici che metteranno in luce il <strong>contesto culturale italiano e internazionale<\/strong>. Il programma includer\u00e0 anche performance, talk, workshop per adulti e bambini, una mostra mercato e un&#8217;area dedicata alla stampa dal vivo.<\/p>\n<p>Inoltre, il 17 e il 24 maggio, il festival si espander\u00e0 oltre i confini di Flashback Habitat con la serie di eventi &#8220;<strong>In the city<\/strong>&#8220;: <strong>30 appuntamenti organizzati dai principali studi di design della citt\u00e0<\/strong>, che offriranno l&#8217;opportunit\u00e0 di esplorare l&#8217;ecletticit\u00e0 e la creativit\u00e0 della scena torinese.<\/p>\n<p>Sul tema \u00e8 intervenuta<strong> Francesca Gambetta<\/strong>, responsabile della missione Creare attrattivit\u00e0 della Fondazione Compagnia di San Paolo che ha dichiarato: \u201c<em>L\u2019attivit\u00e0 continuativa dell\u2019associazione e l\u2019organizzazione del festival di rilevanza internazionale Graphic Days<\/em><em><sup>\u00ae<\/sup><\/em><em> rappresentano per la comunit\u00e0 locale di professionisti, giovani creativi e studenti occasioni importanti di crescita, professionalizzazione e costruzione di network, grazie alla capacit\u00e0 di creare una rete attiva che coinvolge realt\u00e0 culturali, stakeholder istituzionali e soggetti commerciali, locali, nazionali ed internazionali. Il nostro impegno a favore dei Graphic Days<\/em><em><sup>\u00ae<\/sup><\/em><em> muove quindi in continuit\u00e0 con la nostra convinzione che i linguaggi e le espressioni della contemporaneit\u00e0 e la creazione di network costituiscano due importanti driver per sostenere l\u2019attrattivit\u00e0, la promozione e il posizionamento culturale e turistico di Torino.<\/em><\/p>\n<p><em>\u00a0<\/em>La Fondazione Compagnia di San Paolo gioca da sempre un ruolo cruciale nel valorizzare la <strong>cultura contemporanea<\/strong> come leva strategica per l&#8217;<strong>attrattivit\u00e0 di Torino<\/strong>. La cultura \u00e8 infatti intesa dall\u2019Ente filantropico torinese non solo come un\u2019espressione dell&#8217;identit\u00e0 storica e della ricerca creativa, ma anche come <strong>motore di sviluppo, crescita culturale e rinnovamento urbano<\/strong>.<\/p>\n<p>Nell&#8217;ambito dell&#8217;<strong>Obiettivo Cultura <\/strong>e della <strong>Missione Creare Attrattivit\u00e0<\/strong>, la Fondazione enfatizza l&#8217;importanza dei <strong>linguaggi contemporanei<\/strong>, riconoscendoli come distintivi e rappresentativi di Torino. Questi elementi sono essenziali per promuovere l&#8217;offerta culturale della citt\u00e0, rendendola un luogo ancora pi\u00f9 vivace e attrattiva e contribuendo cos\u00ec allo sviluppo economico, sociale e culturale del territorio torinese<\/p>\n<p>Per approfondire il programma dei <strong>Graphic Days<sup>\u00ae<\/sup> Torino, visita ora <\/strong><a href=\"http:\/\/www.graphicdays.it\/2024\/\" target=\"_blank\" rel=\"noopener\"><strong>www.graphicdays.it\/2024\/<\/strong><\/a>[\/vc_column_text][\/vc_column][\/vc_row][vc_row el_class=&#8221;sdg-list-wrap&#8221;][vc_column][vc_raw_html]JTVCbW9zdHJhU0RHUyU1RA==[\/vc_raw_html][\/vc_column][\/vc_row][vc_row disable_element=&#8221;yes&#8221;][vc_column][vc_raw_html]JTVCU2V6aW9uZV9Eb2N1bWVudGklNUQ=[\/vc_raw_html][\/vc_column][\/vc_row][vc_row][vc_column]<div class=\"templatera_shortcode\"><div data-vc-full-width=\"true\" data-vc-full-width-temp=\"true\" data-vc-full-width-init=\"false\" class=\"vc_row wpb_row vc_row-fluid newsletter-wrap\"><div class=\"wpb_column vc_column_container vc_col-sm-12\"><div class=\"vc_column-inner\"><div class=\"wpb_wrapper\">\n\t<div class=\"wpb_raw_code wpb_raw_html wpb_content_element\" >\n\t\t<div class=\"wpb_wrapper\">\n\t\t\t    <div class=\"container\">\n      <div class=\"row align-items-center\">\n\t<div class=\"col-12 col-lg-6 col-xl-5 mb-3 mb-lg-0 pr-0\">\n\t  <h2 class=\"title\">Rimani aggiornato sui nostri bandi e sui nostri progetti<\/h2>\n\t<\/div>\n\t<div class=\"col-12 col-lg-6 col-xl-7 pl-xl-4\">\n\t  <a class=\"standard-link-block\" href=\"\/it\/newsletter\/\">\n\t    Compila il form e decidi su quale argomento vuoi ricevere notizie.\t    <strong>\u00a0 ISCRIVITI!<\/strong>\n\t  <\/a>\n\t<\/div>\n      <\/div>\n    <\/div>\n\t\t<\/div>\n\t<\/div>\n<\/div><\/div><\/div><\/div><div class=\"vc_row-full-width vc_clearfix\"><\/div><\/div>[\/vc_column][\/vc_row]\n<\/div>","protected":false},"excerpt":{"rendered":"<p>La Fondazione Compagnia di San Paolo rinnova il suo sostegno ai Graphic Days\u00ae evento chiave nel panorama torinese dedicato al design, alla grafica e alla comunicazione visiva. L\u2019iniziativa si conferma come un importante punto di incontro e di ispirazione per professionisti e appassionati del settore.<\/p>\n","protected":false},"author":19,"featured_media":29236,"comment_status":"closed","ping_status":"closed","sticky":false,"template":"","format":"standard","meta":{"_acf_changed":false,"content-type":"","footnotes":""},"categories":[17],"tags":[318,63,196,86],"class_list":["post-29231","post","type-post","status-publish","format-standard","has-post-thumbnail","hentry","category-news","tag-arte","tag-creativita-ed-esperienze-attive","tag-cultura-contemporanea","tag-cultura-contemporanea-e-design","entry","post-inner"],"acf":[],"yoast_head":"<!-- This site is optimized with the Yoast SEO plugin v27.3 - https:\/\/yoast.com\/product\/yoast-seo-wordpress\/ -->\n<title>&quot;A kind of future&quot;: al via i Graphic Days\u00ae Torino - Fondazione Compagnia di San Paolo<\/title>\n<meta name=\"description\" content=\"La Fondazione Compagnia di San Paolo rinnova il suo sostegno ai Graphic Days\u00ae evento chiave nel panorama torinese dedicato al design, alla grafica e alla comunicazione visiva.\" \/>\n<meta name=\"robots\" content=\"index, follow, max-snippet:-1, max-image-preview:large, max-video-preview:-1\" \/>\n<link rel=\"canonical\" href=\"https:\/\/www.compagniadisanpaolo.it\/it\/news\/a-kind-of-future-al-via-i-graphic-days-torino\/\" \/>\n<meta property=\"og:locale\" content=\"it_IT\" \/>\n<meta property=\"og:type\" content=\"article\" \/>\n<meta property=\"og:title\" content=\"&quot;A kind of future&quot;: al via i Graphic Days\u00ae Torino - Fondazione Compagnia di San Paolo\" \/>\n<meta property=\"og:description\" content=\"La Fondazione Compagnia di San Paolo rinnova il suo sostegno ai Graphic Days\u00ae evento chiave nel panorama torinese dedicato al design, alla grafica e alla comunicazione visiva.\" \/>\n<meta property=\"og:url\" content=\"https:\/\/www.compagniadisanpaolo.it\/it\/news\/a-kind-of-future-al-via-i-graphic-days-torino\/\" \/>\n<meta property=\"og:site_name\" content=\"Fondazione Compagnia di San Paolo\" \/>\n<meta property=\"article:publisher\" content=\"https:\/\/www.facebook.com\/CompagniaDiSanPaolo\" \/>\n<meta property=\"article:published_time\" content=\"2024-05-16T09:52:15+00:00\" \/>\n<meta property=\"og:image\" content=\"https:\/\/www.compagniadisanpaolo.it\/wp-content\/uploads\/csp-News-Graphic-days-torino_815X350.jpg\" \/>\n\t<meta property=\"og:image:width\" content=\"815\" \/>\n\t<meta property=\"og:image:height\" content=\"350\" \/>\n\t<meta property=\"og:image:type\" content=\"image\/jpeg\" \/>\n<meta name=\"author\" content=\"Federica\" \/>\n<meta name=\"twitter:card\" content=\"summary_large_image\" \/>\n<meta name=\"twitter:creator\" content=\"@CSP_live\" \/>\n<meta name=\"twitter:site\" content=\"@CSP_live\" \/>\n<meta name=\"twitter:label1\" content=\"Scritto da\" \/>\n\t<meta name=\"twitter:data1\" content=\"Federica\" \/>\n\t<meta name=\"twitter:label2\" content=\"Tempo di lettura stimato\" \/>\n\t<meta name=\"twitter:data2\" content=\"3 minuti\" \/>\n<script type=\"application\/ld+json\" class=\"yoast-schema-graph\">{\"@context\":\"https:\\\/\\\/schema.org\",\"@graph\":[{\"@type\":\"Article\",\"@id\":\"https:\\\/\\\/www.compagniadisanpaolo.it\\\/it\\\/news\\\/a-kind-of-future-al-via-i-graphic-days-torino\\\/#article\",\"isPartOf\":{\"@id\":\"https:\\\/\\\/www.compagniadisanpaolo.it\\\/it\\\/news\\\/a-kind-of-future-al-via-i-graphic-days-torino\\\/\"},\"author\":{\"name\":\"Federica\",\"@id\":\"https:\\\/\\\/www.compagniadisanpaolo.it\\\/it\\\/#\\\/schema\\\/person\\\/b7d5451541c25c82f29c5be1e78456b2\"},\"headline\":\"&#8220;A kind of future&#8221;: al via i Graphic Days\u00ae Torino\",\"datePublished\":\"2024-05-16T09:52:15+00:00\",\"mainEntityOfPage\":{\"@id\":\"https:\\\/\\\/www.compagniadisanpaolo.it\\\/it\\\/news\\\/a-kind-of-future-al-via-i-graphic-days-torino\\\/\"},\"wordCount\":580,\"publisher\":{\"@id\":\"https:\\\/\\\/www.compagniadisanpaolo.it\\\/it\\\/#organization\"},\"image\":{\"@id\":\"https:\\\/\\\/www.compagniadisanpaolo.it\\\/it\\\/news\\\/a-kind-of-future-al-via-i-graphic-days-torino\\\/#primaryimage\"},\"thumbnailUrl\":\"https:\\\/\\\/www.compagniadisanpaolo.it\\\/wp-content\\\/uploads\\\/csp-News-Graphic-days-torino_815X350.jpg\",\"keywords\":[\"arte\",\"creativit\u00e0 ed esperienze attive\",\"cultura contemporanea\",\"cultura contemporanea e design\"],\"articleSection\":[\"News\"],\"inLanguage\":\"it-IT\"},{\"@type\":\"WebPage\",\"@id\":\"https:\\\/\\\/www.compagniadisanpaolo.it\\\/it\\\/news\\\/a-kind-of-future-al-via-i-graphic-days-torino\\\/\",\"url\":\"https:\\\/\\\/www.compagniadisanpaolo.it\\\/it\\\/news\\\/a-kind-of-future-al-via-i-graphic-days-torino\\\/\",\"name\":\"\\\"A kind of future\\\": al via i Graphic Days\u00ae Torino - Fondazione Compagnia di San Paolo\",\"isPartOf\":{\"@id\":\"https:\\\/\\\/www.compagniadisanpaolo.it\\\/it\\\/#website\"},\"primaryImageOfPage\":{\"@id\":\"https:\\\/\\\/www.compagniadisanpaolo.it\\\/it\\\/news\\\/a-kind-of-future-al-via-i-graphic-days-torino\\\/#primaryimage\"},\"image\":{\"@id\":\"https:\\\/\\\/www.compagniadisanpaolo.it\\\/it\\\/news\\\/a-kind-of-future-al-via-i-graphic-days-torino\\\/#primaryimage\"},\"thumbnailUrl\":\"https:\\\/\\\/www.compagniadisanpaolo.it\\\/wp-content\\\/uploads\\\/csp-News-Graphic-days-torino_815X350.jpg\",\"datePublished\":\"2024-05-16T09:52:15+00:00\",\"description\":\"La Fondazione Compagnia di San Paolo rinnova il suo sostegno ai Graphic Days\u00ae evento chiave nel panorama torinese dedicato al design, alla grafica e alla comunicazione visiva.\",\"breadcrumb\":{\"@id\":\"https:\\\/\\\/www.compagniadisanpaolo.it\\\/it\\\/news\\\/a-kind-of-future-al-via-i-graphic-days-torino\\\/#breadcrumb\"},\"inLanguage\":\"it-IT\",\"potentialAction\":[{\"@type\":\"ReadAction\",\"target\":[\"https:\\\/\\\/www.compagniadisanpaolo.it\\\/it\\\/news\\\/a-kind-of-future-al-via-i-graphic-days-torino\\\/\"]}]},{\"@type\":\"ImageObject\",\"inLanguage\":\"it-IT\",\"@id\":\"https:\\\/\\\/www.compagniadisanpaolo.it\\\/it\\\/news\\\/a-kind-of-future-al-via-i-graphic-days-torino\\\/#primaryimage\",\"url\":\"https:\\\/\\\/www.compagniadisanpaolo.it\\\/wp-content\\\/uploads\\\/csp-News-Graphic-days-torino_815X350.jpg\",\"contentUrl\":\"https:\\\/\\\/www.compagniadisanpaolo.it\\\/wp-content\\\/uploads\\\/csp-News-Graphic-days-torino_815X350.jpg\",\"width\":815,\"height\":350},{\"@type\":\"BreadcrumbList\",\"@id\":\"https:\\\/\\\/www.compagniadisanpaolo.it\\\/it\\\/news\\\/a-kind-of-future-al-via-i-graphic-days-torino\\\/#breadcrumb\",\"itemListElement\":[{\"@type\":\"ListItem\",\"position\":1,\"name\":\"Home\",\"item\":\"https:\\\/\\\/www.compagniadisanpaolo.it\\\/it\\\/\"},{\"@type\":\"ListItem\",\"position\":2,\"name\":\"&#8220;A kind of future&#8221;: al via i Graphic Days\u00ae Torino\"}]},{\"@type\":\"WebSite\",\"@id\":\"https:\\\/\\\/www.compagniadisanpaolo.it\\\/it\\\/#website\",\"url\":\"https:\\\/\\\/www.compagniadisanpaolo.it\\\/it\\\/\",\"name\":\"Fondazione Compagnia di San Paolo\",\"description\":\"\",\"publisher\":{\"@id\":\"https:\\\/\\\/www.compagniadisanpaolo.it\\\/it\\\/#organization\"},\"potentialAction\":[{\"@type\":\"SearchAction\",\"target\":{\"@type\":\"EntryPoint\",\"urlTemplate\":\"https:\\\/\\\/www.compagniadisanpaolo.it\\\/it\\\/?s={search_term_string}\"},\"query-input\":{\"@type\":\"PropertyValueSpecification\",\"valueRequired\":true,\"valueName\":\"search_term_string\"}}],\"inLanguage\":\"it-IT\"},{\"@type\":\"Organization\",\"@id\":\"https:\\\/\\\/www.compagniadisanpaolo.it\\\/it\\\/#organization\",\"name\":\"Fondazione Compagnia di San Paolo\",\"url\":\"https:\\\/\\\/www.compagniadisanpaolo.it\\\/it\\\/\",\"logo\":{\"@type\":\"ImageObject\",\"inLanguage\":\"it-IT\",\"@id\":\"https:\\\/\\\/www.compagniadisanpaolo.it\\\/it\\\/#\\\/schema\\\/logo\\\/image\\\/\",\"url\":\"https:\\\/\\\/www.compagniadisanpaolo.it\\\/wp-content\\\/uploads\\\/logo.svg\",\"contentUrl\":\"https:\\\/\\\/www.compagniadisanpaolo.it\\\/wp-content\\\/uploads\\\/logo.svg\",\"width\":769,\"height\":323,\"caption\":\"Fondazione Compagnia di San Paolo\"},\"image\":{\"@id\":\"https:\\\/\\\/www.compagniadisanpaolo.it\\\/it\\\/#\\\/schema\\\/logo\\\/image\\\/\"},\"sameAs\":[\"https:\\\/\\\/www.facebook.com\\\/CompagniaDiSanPaolo\",\"https:\\\/\\\/x.com\\\/CSP_live\",\"http:\\\/\\\/instagram.com\\\/compagniadisanpaolo?ref=badge\",\"https:\\\/\\\/www.linkedin.com\\\/company\\\/compagnia-di-san-paolo\",\"https:\\\/\\\/www.youtube.com\\\/user\\\/compagniadisanpaolo\",\"https:\\\/\\\/it.wikipedia.org\\\/wiki\\\/Compagnia_di_San_Paolo\"]},{\"@type\":\"Person\",\"@id\":\"https:\\\/\\\/www.compagniadisanpaolo.it\\\/it\\\/#\\\/schema\\\/person\\\/b7d5451541c25c82f29c5be1e78456b2\",\"name\":\"Federica\",\"image\":{\"@type\":\"ImageObject\",\"inLanguage\":\"it-IT\",\"@id\":\"https:\\\/\\\/secure.gravatar.com\\\/avatar\\\/b5698fa13ac389b1f1fb1263a4626e219d853d7ccf112e854aea8c9c087d24ae?s=96&d=mm&r=g\",\"url\":\"https:\\\/\\\/secure.gravatar.com\\\/avatar\\\/b5698fa13ac389b1f1fb1263a4626e219d853d7ccf112e854aea8c9c087d24ae?s=96&d=mm&r=g\",\"contentUrl\":\"https:\\\/\\\/secure.gravatar.com\\\/avatar\\\/b5698fa13ac389b1f1fb1263a4626e219d853d7ccf112e854aea8c9c087d24ae?s=96&d=mm&r=g\",\"caption\":\"Federica\"}}]}<\/script>\n<!-- \/ Yoast SEO plugin. -->","yoast_head_json":{"title":"\"A kind of future\": al via i Graphic Days\u00ae Torino - Fondazione Compagnia di San Paolo","description":"La Fondazione Compagnia di San Paolo rinnova il suo sostegno ai Graphic Days\u00ae evento chiave nel panorama torinese dedicato al design, alla grafica e alla comunicazione visiva.","robots":{"index":"index","follow":"follow","max-snippet":"max-snippet:-1","max-image-preview":"max-image-preview:large","max-video-preview":"max-video-preview:-1"},"canonical":"https:\/\/www.compagniadisanpaolo.it\/it\/news\/a-kind-of-future-al-via-i-graphic-days-torino\/","og_locale":"it_IT","og_type":"article","og_title":"\"A kind of future\": al via i Graphic Days\u00ae Torino - Fondazione Compagnia di San Paolo","og_description":"La Fondazione Compagnia di San Paolo rinnova il suo sostegno ai Graphic Days\u00ae evento chiave nel panorama torinese dedicato al design, alla grafica e alla comunicazione visiva.","og_url":"https:\/\/www.compagniadisanpaolo.it\/it\/news\/a-kind-of-future-al-via-i-graphic-days-torino\/","og_site_name":"Fondazione Compagnia di San Paolo","article_publisher":"https:\/\/www.facebook.com\/CompagniaDiSanPaolo","article_published_time":"2024-05-16T09:52:15+00:00","og_image":[{"width":815,"height":350,"url":"https:\/\/www.compagniadisanpaolo.it\/wp-content\/uploads\/csp-News-Graphic-days-torino_815X350.jpg","type":"image\/jpeg"}],"author":"Federica","twitter_card":"summary_large_image","twitter_creator":"@CSP_live","twitter_site":"@CSP_live","twitter_misc":{"Scritto da":"Federica","Tempo di lettura stimato":"3 minuti"},"schema":{"@context":"https:\/\/schema.org","@graph":[{"@type":"Article","@id":"https:\/\/www.compagniadisanpaolo.it\/it\/news\/a-kind-of-future-al-via-i-graphic-days-torino\/#article","isPartOf":{"@id":"https:\/\/www.compagniadisanpaolo.it\/it\/news\/a-kind-of-future-al-via-i-graphic-days-torino\/"},"author":{"name":"Federica","@id":"https:\/\/www.compagniadisanpaolo.it\/it\/#\/schema\/person\/b7d5451541c25c82f29c5be1e78456b2"},"headline":"&#8220;A kind of future&#8221;: al via i Graphic Days\u00ae Torino","datePublished":"2024-05-16T09:52:15+00:00","mainEntityOfPage":{"@id":"https:\/\/www.compagniadisanpaolo.it\/it\/news\/a-kind-of-future-al-via-i-graphic-days-torino\/"},"wordCount":580,"publisher":{"@id":"https:\/\/www.compagniadisanpaolo.it\/it\/#organization"},"image":{"@id":"https:\/\/www.compagniadisanpaolo.it\/it\/news\/a-kind-of-future-al-via-i-graphic-days-torino\/#primaryimage"},"thumbnailUrl":"https:\/\/www.compagniadisanpaolo.it\/wp-content\/uploads\/csp-News-Graphic-days-torino_815X350.jpg","keywords":["arte","creativit\u00e0 ed esperienze attive","cultura contemporanea","cultura contemporanea e design"],"articleSection":["News"],"inLanguage":"it-IT"},{"@type":"WebPage","@id":"https:\/\/www.compagniadisanpaolo.it\/it\/news\/a-kind-of-future-al-via-i-graphic-days-torino\/","url":"https:\/\/www.compagniadisanpaolo.it\/it\/news\/a-kind-of-future-al-via-i-graphic-days-torino\/","name":"\"A kind of future\": al via i Graphic Days\u00ae Torino - Fondazione Compagnia di San Paolo","isPartOf":{"@id":"https:\/\/www.compagniadisanpaolo.it\/it\/#website"},"primaryImageOfPage":{"@id":"https:\/\/www.compagniadisanpaolo.it\/it\/news\/a-kind-of-future-al-via-i-graphic-days-torino\/#primaryimage"},"image":{"@id":"https:\/\/www.compagniadisanpaolo.it\/it\/news\/a-kind-of-future-al-via-i-graphic-days-torino\/#primaryimage"},"thumbnailUrl":"https:\/\/www.compagniadisanpaolo.it\/wp-content\/uploads\/csp-News-Graphic-days-torino_815X350.jpg","datePublished":"2024-05-16T09:52:15+00:00","description":"La Fondazione Compagnia di San Paolo rinnova il suo sostegno ai Graphic Days\u00ae evento chiave nel panorama torinese dedicato al design, alla grafica e alla comunicazione visiva.","breadcrumb":{"@id":"https:\/\/www.compagniadisanpaolo.it\/it\/news\/a-kind-of-future-al-via-i-graphic-days-torino\/#breadcrumb"},"inLanguage":"it-IT","potentialAction":[{"@type":"ReadAction","target":["https:\/\/www.compagniadisanpaolo.it\/it\/news\/a-kind-of-future-al-via-i-graphic-days-torino\/"]}]},{"@type":"ImageObject","inLanguage":"it-IT","@id":"https:\/\/www.compagniadisanpaolo.it\/it\/news\/a-kind-of-future-al-via-i-graphic-days-torino\/#primaryimage","url":"https:\/\/www.compagniadisanpaolo.it\/wp-content\/uploads\/csp-News-Graphic-days-torino_815X350.jpg","contentUrl":"https:\/\/www.compagniadisanpaolo.it\/wp-content\/uploads\/csp-News-Graphic-days-torino_815X350.jpg","width":815,"height":350},{"@type":"BreadcrumbList","@id":"https:\/\/www.compagniadisanpaolo.it\/it\/news\/a-kind-of-future-al-via-i-graphic-days-torino\/#breadcrumb","itemListElement":[{"@type":"ListItem","position":1,"name":"Home","item":"https:\/\/www.compagniadisanpaolo.it\/it\/"},{"@type":"ListItem","position":2,"name":"&#8220;A kind of future&#8221;: al via i Graphic Days\u00ae Torino"}]},{"@type":"WebSite","@id":"https:\/\/www.compagniadisanpaolo.it\/it\/#website","url":"https:\/\/www.compagniadisanpaolo.it\/it\/","name":"Fondazione Compagnia di San Paolo","description":"","publisher":{"@id":"https:\/\/www.compagniadisanpaolo.it\/it\/#organization"},"potentialAction":[{"@type":"SearchAction","target":{"@type":"EntryPoint","urlTemplate":"https:\/\/www.compagniadisanpaolo.it\/it\/?s={search_term_string}"},"query-input":{"@type":"PropertyValueSpecification","valueRequired":true,"valueName":"search_term_string"}}],"inLanguage":"it-IT"},{"@type":"Organization","@id":"https:\/\/www.compagniadisanpaolo.it\/it\/#organization","name":"Fondazione Compagnia di San Paolo","url":"https:\/\/www.compagniadisanpaolo.it\/it\/","logo":{"@type":"ImageObject","inLanguage":"it-IT","@id":"https:\/\/www.compagniadisanpaolo.it\/it\/#\/schema\/logo\/image\/","url":"https:\/\/www.compagniadisanpaolo.it\/wp-content\/uploads\/logo.svg","contentUrl":"https:\/\/www.compagniadisanpaolo.it\/wp-content\/uploads\/logo.svg","width":769,"height":323,"caption":"Fondazione Compagnia di San Paolo"},"image":{"@id":"https:\/\/www.compagniadisanpaolo.it\/it\/#\/schema\/logo\/image\/"},"sameAs":["https:\/\/www.facebook.com\/CompagniaDiSanPaolo","https:\/\/x.com\/CSP_live","http:\/\/instagram.com\/compagniadisanpaolo?ref=badge","https:\/\/www.linkedin.com\/company\/compagnia-di-san-paolo","https:\/\/www.youtube.com\/user\/compagniadisanpaolo","https:\/\/it.wikipedia.org\/wiki\/Compagnia_di_San_Paolo"]},{"@type":"Person","@id":"https:\/\/www.compagniadisanpaolo.it\/it\/#\/schema\/person\/b7d5451541c25c82f29c5be1e78456b2","name":"Federica","image":{"@type":"ImageObject","inLanguage":"it-IT","@id":"https:\/\/secure.gravatar.com\/avatar\/b5698fa13ac389b1f1fb1263a4626e219d853d7ccf112e854aea8c9c087d24ae?s=96&d=mm&r=g","url":"https:\/\/secure.gravatar.com\/avatar\/b5698fa13ac389b1f1fb1263a4626e219d853d7ccf112e854aea8c9c087d24ae?s=96&d=mm&r=g","contentUrl":"https:\/\/secure.gravatar.com\/avatar\/b5698fa13ac389b1f1fb1263a4626e219d853d7ccf112e854aea8c9c087d24ae?s=96&d=mm&r=g","caption":"Federica"}}]}},"amp_enabled":true,"_links":{"self":[{"href":"https:\/\/www.compagniadisanpaolo.it\/it\/wp-json\/wp\/v2\/posts\/29231","targetHints":{"allow":["GET"]}}],"collection":[{"href":"https:\/\/www.compagniadisanpaolo.it\/it\/wp-json\/wp\/v2\/posts"}],"about":[{"href":"https:\/\/www.compagniadisanpaolo.it\/it\/wp-json\/wp\/v2\/types\/post"}],"author":[{"embeddable":true,"href":"https:\/\/www.compagniadisanpaolo.it\/it\/wp-json\/wp\/v2\/users\/19"}],"replies":[{"embeddable":true,"href":"https:\/\/www.compagniadisanpaolo.it\/it\/wp-json\/wp\/v2\/comments?post=29231"}],"version-history":[{"count":1,"href":"https:\/\/www.compagniadisanpaolo.it\/it\/wp-json\/wp\/v2\/posts\/29231\/revisions"}],"predecessor-version":[{"id":29240,"href":"https:\/\/www.compagniadisanpaolo.it\/it\/wp-json\/wp\/v2\/posts\/29231\/revisions\/29240"}],"wp:featuredmedia":[{"embeddable":true,"href":"https:\/\/www.compagniadisanpaolo.it\/it\/wp-json\/wp\/v2\/media\/29236"}],"wp:attachment":[{"href":"https:\/\/www.compagniadisanpaolo.it\/it\/wp-json\/wp\/v2\/media?parent=29231"}],"wp:term":[{"taxonomy":"category","embeddable":true,"href":"https:\/\/www.compagniadisanpaolo.it\/it\/wp-json\/wp\/v2\/categories?post=29231"},{"taxonomy":"post_tag","embeddable":true,"href":"https:\/\/www.compagniadisanpaolo.it\/it\/wp-json\/wp\/v2\/tags?post=29231"}],"curies":[{"name":"wp","href":"https:\/\/api.w.org\/{rel}","templated":true}]}}