{"id":27027,"date":"2024-02-07T18:08:17","date_gmt":"2024-02-07T17:08:17","guid":{"rendered":"https:\/\/www.compagniadisanpaolo.it\/?p=27027"},"modified":"2024-02-08T12:40:47","modified_gmt":"2024-02-08T11:40:47","slug":"annunciato-il-progetto-vincitore-del-concorso-abitare-villa-mater","status":"publish","type":"post","link":"https:\/\/www.compagniadisanpaolo.it\/it\/news\/annunciato-il-progetto-vincitore-del-concorso-abitare-villa-mater\/","title":{"rendered":"Annunciato il progetto vincitore del concorso \u201cAbitare Villa Mater\u201d"},"content":{"rendered":"<div class=\"wpb-content-wrapper\">[vc_row][vc_column][vc_column_text el_class=&#8221;text-headline2&#8243;]Il progetto ideato dallo studio R3architetti \u00e8 stato selezionato come vincitore del concorso internazionale di progettazione per il recupero e la rifunzionalizzazione del compendio \u201cVilla Mater \u2013 Riccardo De Angeli\u201d a Rivoli (Torino) con l\u2019obiettivo di realizzare una \u201cresidenza collaborativa per la longevit\u00e0\u201d.[\/vc_column_text][\/vc_column][\/vc_row][vc_row][vc_column][vc_column_text]\n<div class=\"info-box mission\">\n\t\t<div class=\"info-box-wrap info-box-hor row pb-0\">\n\n\t\t      \n\t\t      <div class=\"spalla col-12 col-md-12\">\n\t\t\t<div class=\"info-box sharing-box\">\n\t\t\t  <span class=\"label\">Condividi:<\/span>\n\t\t\t  <div class=\"social-sharing\">\n\t\t\t    <span class=\"box\">\n\t\t\t      <a class=\"fb\" href=\"https:\/\/www.facebook.com\/sharer.php?u=https:\/\/www.compagniadisanpaolo.it\/it\/news\/annunciato-il-progetto-vincitore-del-concorso-abitare-villa-mater\/\" target=\"_blank\">\n\t\t\t\t<span class=\"sr-only\">Facebook<\/span>\n\t\t\t\t<i class=\"fab fa-facebook-f\"><\/i>\n\t\t\t      <\/a>\n\t\t\t    <\/span>\n\t\t\t    \n\t\t\t    <style>\n.twitter, .twitter:hover{\ncolor:#000000 !important;}\n<\/style>\n\n\n\t\t\t    <span class=\"box\">\n\t\t\t      <a class=\"twitter\" href=\"https:\/\/twitter.com\/intent\/tweet?url=https:\/\/www.compagniadisanpaolo.it\/it\/news\/annunciato-il-progetto-vincitore-del-concorso-abitare-villa-mater\/\">\n\t\t\t\t<span class=\"sr-only\">Twitter<\/span>\n\t\t\t\t<i class=\"fa-brands fa-x-twitter\"><\/i>\n\t\t\t      <\/a>\n\t\t\t    <\/span>\n\n\t\t\t    \n\t\t\t    <span class=\"box\">\n\t\t\t      <a class=\"linkedin\" href=\"https:\/\/www.linkedin.com\/shareArticle?mini=true&url=https:\/\/www.compagniadisanpaolo.it\/it\/news\/annunciato-il-progetto-vincitore-del-concorso-abitare-villa-mater\/\">\n\t\t\t\t<span class=\"sr-only\">Linkedin<\/span>\n\t\t\t\t  <i class=\"fa-brands fa-linkedin-in\"><\/i>\n\t\t\t      <\/a>\n\t\t\t    <\/span>\n\n\t\t\t    <span class=\"box\">\n\t\t\t      <a class=\"whatsapp\" href=\"whatsapp:\/\/send?text=https:\/\/www.compagniadisanpaolo.it\/it\/news\/annunciato-il-progetto-vincitore-del-concorso-abitare-villa-mater\/\" data-action=\"share\/whatsapp\/share\">\n\t\t\t\t<span class=\"sr-only\">Whatsapp<\/span>\n\t\t\t\t<i class=\"fa-brands fa-whatsapp\"><\/i>\n\t\t\t      <\/a>\n\t\t\t    <\/span>\n\n\t\t\t    <span class=\"box\">\n\t\t\t      <a class=\"mail\" href=\"mailto:?subject=Annunciato il progetto vincitore del concorso \u201cAbitare Villa Mater\u201d&body=https:\/\/www.compagniadisanpaolo.it\/it\/news\/annunciato-il-progetto-vincitore-del-concorso-abitare-villa-mater\/\">\n\t\t\t\t<span class=\"sr-only\">Mail<\/span>\n\t\t\t\t <i class=\"fa-solid fa-envelope\"><\/i>\n\t\t\t      <\/a>\n\t\t\t    <\/span>\n\t\t\t    \n\t\t\t  <\/div>\n\t\t\t<\/div>\n\t      <\/div>\n\t    <\/div><\/div>\n[\/vc_column_text][\/vc_column][\/vc_row][vc_row][vc_column width=&#8221;1\/4&#8243;][vc_column_text]\n\n\n\t\t<div class=\"info-box-wrap\">\n\n\t  <div class=\"info-box date-pub\">\n\t  \t<span class=\"label\">Data di pubblicazione:<\/span>\n\t    <span class=\"value\">7 Febbraio 2024<\/span>\n\t  <\/div>\n\t\t\t\t  <div class=\"info-box obj-people\">\n\t\t\t\t\t  <div class=\"info-box obj\"><span class=\"label\">Obiettivo<\/span>\n\t\t\t\t\t    <div class=\"obj-small-box\">\n\t\t\t\t\t      <span>Persone.<\/span>\n\t\t\t\t\t    <\/div>\n\t\t\t\t\t  <\/div>\n\t\t\t\t  <\/div>\n\t\t\t  <div class=\"info-box mission\"><span class=\"label\">Tag<\/span><a href=\"https:\/\/www.compagniadisanpaolo.it\/it\/tags\/risultati\/?_sft_post_tag=coesione-sociale\" class=\"tag-element\">Coesione sociale<\/a><a href=\"https:\/\/www.compagniadisanpaolo.it\/it\/tags\/risultati\/?_sft_post_tag=housing-collaborativo\" class=\"tag-element\">Housing collaborativo<\/a><a href=\"https:\/\/www.compagniadisanpaolo.it\/it\/tags\/risultati\/?_sft_post_tag=protagonismo-delle-comunita\" class=\"tag-element\">Protagonismo delle comunit\u00e0<\/a><a href=\"https:\/\/www.compagniadisanpaolo.it\/it\/tags\/risultati\/?_sft_post_tag=rigenerazione-urbana\" class=\"tag-element\">Rigenerazione urbana<\/a><a href=\"https:\/\/www.compagniadisanpaolo.it\/it\/tags\/risultati\/?_sft_post_tag=sviluppo-organizzativo\" class=\"tag-element\">Sviluppo organizzativo<\/a><a href=\"https:\/\/www.compagniadisanpaolo.it\/it\/tags\/risultati\/?_sft_post_tag=sviluppo-sostenibile\" class=\"tag-element\">Sviluppo sostenibile<\/a><\/div>\t  \n\t<\/div>\n[\/vc_column_text][\/vc_column][vc_column width=&#8221;3\/4&#8243; el_class=&#8221;page-content&#8221;][vc_column_text el_class=&#8221;text&#8221;]La Commissione giudicatrice del Concorso, presieduta dall\u2019Arch. Massimo Alvisi, fondatore dello studio Alvisi Kirimoto, e composta da Sophie Agata Ambroise, architetto-paesaggista, fondatrice di Officina del Paesaggio; Giordana Ferri, architetto, Direttore esecutivo Fondazione Housing Sociale; Franca Maino, Presidente Fondazione Ufficio Pio; Marco Sisti, gi\u00e0 Presidente Fondazione Ufficio Pio, ha individuato il r<em>aggruppamento R3architetti vincitore del Concorso internazionale \u201cAbitare Villa Mater\u201d <\/em>indetto da <strong>Fondazione Ufficio Pio<\/strong> insieme a <strong>Fondazione Compagnia di San Paolo<\/strong> e a <strong>Fondazione per l\u2019Architettura\/Torino<\/strong>, con il patrocinio della <strong>Citt\u00e0 di Rivoli (TO)<\/strong>.<\/p>\n<p><em>La proposta presentata si \u00e8 distinta per la capacit\u00e0 di rispondere al meglio alle richieste progettuali e per la qualit\u00e0 della composizione architettonica e paesaggistica, con particolare attenzione al recupero dell\u2019esistente, alla valorizzazione dell\u2019identit\u00e0 storica di Villa Mater, alla relazione del compendio con il contesto, agli aspetti funzionali e ai fattori di benessere ambientale. <\/em><\/p>\n<p><em>La Commissione sottolinea come la soluzione proposta si muova in prefetto equilibrio tra il recupero delle caratteristiche originarie del giardino e degli edifici e l\u2019inserimento di elementi architettonici innovativi e di valore estetico.\u00a0 <\/em><\/p>\n<p>Un nuovo modo di concepire gli spazi di Villa Mater reso possibile dall\u2019Ufficio Pio che \u2013 attraverso un <strong>investimento di oltre 4 milioni di euro<\/strong>, cifra a cui si potr\u00e0 aggiungere un contributo di Compagnia di San Paolo al fine di adeguare il budget all\u2019incremento del costo dei materiali &#8211; si propone di trasformare, nel prossimo biennio, il complesso immobiliare ormai in disuso in un presidio comunitario dedicato al tema della <strong>longevit\u00e0 attiva.<\/strong><\/p>\n<p><strong>Finalit\u00e0 dell\u2019iniziativa \u00e8 <\/strong>quella di<strong> offrire<\/strong> alle <strong>persone over 60<\/strong> una soluzione abitativa dai tratti innovativi, accogliendo al contempo una <strong>sfida sociale e culturale<\/strong> derivante dall\u2019evoluzione demografica della nostra societ\u00e0.<\/p>\n<p>Il compendio incorporer\u00e0 varie aree suddivise tra <strong>unit\u00e0 abitative autonome in locazione<\/strong>, spazi e servizi per incoraggiare la socialit\u00e0 tra i residenti; <strong>parco<\/strong> e <strong>spazi aperti al pubblico<\/strong> per favorire l&#8217;interazione sociale a scala di quartiere, insediando anche funzioni commerciali &#8211; quali ad esempio attivit\u00e0 di ristorazione, caffetteria, foresteria &#8211; e una animazione sociale e culturale.<\/p>\n<p><em>\u00abIn un contesto nel quale gi\u00e0 oggi e ancora di pi\u00f9 nel prossimo futuro i grandi cambiamenti demografici vedranno le nostre societ\u00e0 con un numero sempre crescente di grandi adulti, anche per la Fondazione Compagnia di San Paolo il tema dell\u2019invecchiamento attivo rappresenta al contempo una sfida e un\u2019opportunit\u00e0 a cui guardiamo con grande attenzione. Di qui il nostro impegno sui temi dell\u2019abitare sociale e collaborativo e della rigenerazione urbana, con l\u2019intenzione di migliorare la qualit\u00e0 di vita delle persone a rischio di fragilit\u00e0, anche attraverso il supporto al ruolo delle comunit\u00e0 e delle reti di prossimit\u00e0 nel contrastare fenomeni di isolamento e povert\u00e0 relazionale. La Compagnia insieme alla Fondazione Ufficio Pio partecipa quindi alla realizzazione dell\u2019intervento di rifunzionalizzazione del compendio immobiliare di Villa Mater: per noi costituir\u00e0 un modello che condivideremo con altri soggetti e che potr\u00e0 essere replicato anche in altri contesti per contribuire a stimolare la socialit\u00e0, l\u2019attivazione personale, la cura degli spazi comuni, migliorando il benessere delle persone over 60 che vi risiederanno<\/em><em>\u00bb. Ha <\/em>affermato <strong>Alberto Anfossi,<\/strong> Segretario Generale della Fondazione Compagnia di San Paolo, presente alla premiazione avvenuta questa mattina.<\/p>\n<p><em>\u00abVilla Mater sar\u00e0 una \u201cresidenza collaborativa per la longevit\u00e0\u201d ovvero un nuovo modello di residenzialit\u00e0 capace di mitigare la vulnerabilit\u00e0, la solitudine e il rischio esclusione sociale legate all\u2019avanzare dell\u2019et\u00e0 -ha specificato <\/em>invece <strong>Franca Maino<\/strong>, Presidente della Fondazione Ufficio Pio &#8211; La <em>struttura si rivolger\u00e0 principalmente a \u201cfuturi anziani\u201d, persone o coppie over 60 unite dal desiderio di non sentirsi sole e da valori condivisi nella scelta di vivere in un contesto abitativo pi\u00f9 adeguato rispetto al proprio e ai bisogni dell\u2019et\u00e0 che avanza, stimolati anche da nuove opportunit\u00e0 di impiego del proprio tempo. A questo fine sar\u00e0 a breve avviata la prossima importante fase dell\u2019iter progettuale, la ricerca dei futuri residenti scelti anche tra persone che manifestano l\u2019interesse a svolgere attivit\u00e0 di impegno culturale, sociale, di comunit\u00e0<\/em><em>\u00bb. <\/em><\/p>\n<p>Per approfondire le finalit\u00e0 del concorso \u201c<strong>Abitare Villa Mater<\/strong>\u201d, leggi il comunicato stampa completo disponibile a <a href=\"https:\/\/www.compagniadisanpaolo.it\/it\/documenti\/comunicato-stampa-annunciato-il-progetto-vincitore-del-concorso-abitare-villa-mater\/\" target=\"_blank\" rel=\"noopener\"><strong>questo link<\/strong><\/a>.<\/p>\n<p>Tutti gli elaborati e la documentazione del Concorso sono reperibili sul sito <a href=\"http:\/\/www.abitarevillamater.concorrimi.it\" target=\"_blank\" rel=\"noopener\">www.abitarevillamater.concorrimi.it<\/a>.<\/p>\n<p>Per saperne di pi\u00f9 visita il sito di <a href=\"https:\/\/www.ufficiopio.it\/programmi\/programmi-istituzionali\/villamater\/\" target=\"_blank\" rel=\"noopener\"><strong>Villa Mater<\/strong><\/a>.[\/vc_column_text][vc_media_grid initial_loading_animation=&#8221;none&#8221; grid_id=&#8221;vc_gid:1707392133222-345c1e63-437c-7&#8243; include=&#8221;27135,27153,27137,27125,27105,27091,27157,27155,27057,27061,27067,27069,27047,27063,27071,27073,27075,27077,27079,27081,27083,27085,27087,27089,27093,27095,27097,27099,27101,27103,27107,27109,27111,27113,27115,27117,27119,27121,27123,27127,27129,27131,27133,27139,27141,27143,27145,27147,27149,27151,27159,27161,27163,27165,27167,27169,27171,27173&#8243;][\/vc_column][\/vc_row][vc_row el_class=&#8221;sdg-list-wrap&#8221;][vc_column][vc_raw_html]JTVCU2V6aW9uZV9Eb2N1bWVudGklNUQ=[\/vc_raw_html][\/vc_column][\/vc_row][vc_row][vc_column]<div class=\"templatera_shortcode\"><div data-vc-full-width=\"true\" data-vc-full-width-temp=\"true\" data-vc-full-width-init=\"false\" class=\"vc_row wpb_row vc_row-fluid newsletter-wrap\"><div class=\"wpb_column vc_column_container vc_col-sm-12\"><div class=\"vc_column-inner\"><div class=\"wpb_wrapper\">\n\t<div class=\"wpb_raw_code wpb_raw_html wpb_content_element\" >\n\t\t<div class=\"wpb_wrapper\">\n\t\t\t    <div class=\"container\">\n      <div class=\"row align-items-center\">\n\t<div class=\"col-12 col-lg-6 col-xl-5 mb-3 mb-lg-0 pr-0\">\n\t  <h2 class=\"title\">Rimani aggiornato sui nostri bandi e sui nostri progetti<\/h2>\n\t<\/div>\n\t<div class=\"col-12 col-lg-6 col-xl-7 pl-xl-4\">\n\t  <a class=\"standard-link-block\" href=\"\/it\/newsletter\/\">\n\t    Compila il form e decidi su quale argomento vuoi ricevere notizie.\t    <strong>\u00a0 ISCRIVITI!<\/strong>\n\t  <\/a>\n\t<\/div>\n      <\/div>\n    <\/div>\n\t\t<\/div>\n\t<\/div>\n<\/div><\/div><\/div><\/div><div class=\"vc_row-full-width vc_clearfix\"><\/div><\/div>[\/vc_column][\/vc_row]\n<\/div>","protected":false},"excerpt":{"rendered":"<p>Il progetto ideato dallo studio R3architetti \u00e8 stato selezionato come vincitore del concorso internazionale di progettazione per il recupero e la rifunzionalizzazione del compendio \u201cVilla Mater \u2013 Riccardo De Angeli\u201d a Rivoli (Torino) con l\u2019obiettivo di realizzare una \u201cresidenza collaborativa per la longevit\u00e0\u201d<\/p>\n","protected":false},"author":19,"featured_media":27036,"comment_status":"closed","ping_status":"closed","sticky":false,"template":"","format":"standard","meta":{"_acf_changed":false,"content-type":"","footnotes":""},"categories":[17],"tags":[51,76,90,77,61,68],"class_list":["post-27027","post","type-post","status-publish","format-standard","has-post-thumbnail","hentry","category-news","tag-coesione-sociale","tag-housing-collaborativo","tag-protagonismo-delle-comunita","tag-rigenerazione-urbana","tag-sviluppo-organizzativo","tag-sviluppo-sostenibile","entry","post-inner"],"acf":[],"yoast_head":"<!-- This site is optimized with the Yoast SEO plugin v27.3 - https:\/\/yoast.com\/product\/yoast-seo-wordpress\/ -->\n<title>Annunciato il progetto vincitore del concorso \u201cAbitare Villa Mater\u201d - Fondazione Compagnia di San Paolo<\/title>\n<meta name=\"description\" content=\"Il progetto ideato dallo studio R3architetti \u00e8 stato selezionato come vincitore del concorso internazionale di progettazione per il recupero e la rifunzionalizzazione del compendio \u201cVilla Mater&quot;.\" \/>\n<meta name=\"robots\" content=\"index, follow, max-snippet:-1, max-image-preview:large, max-video-preview:-1\" \/>\n<link rel=\"canonical\" href=\"https:\/\/www.compagniadisanpaolo.it\/it\/news\/annunciato-il-progetto-vincitore-del-concorso-abitare-villa-mater\/\" \/>\n<meta property=\"og:locale\" content=\"it_IT\" \/>\n<meta property=\"og:type\" content=\"article\" \/>\n<meta property=\"og:title\" content=\"Annunciato il progetto vincitore del concorso \u201cAbitare Villa Mater\u201d - Fondazione Compagnia di San Paolo\" \/>\n<meta property=\"og:description\" content=\"Il progetto ideato dallo studio R3architetti \u00e8 stato selezionato come vincitore del concorso internazionale di progettazione per il recupero e la rifunzionalizzazione del compendio \u201cVilla Mater&quot;.\" \/>\n<meta property=\"og:url\" content=\"https:\/\/www.compagniadisanpaolo.it\/it\/news\/annunciato-il-progetto-vincitore-del-concorso-abitare-villa-mater\/\" \/>\n<meta property=\"og:site_name\" content=\"Fondazione Compagnia di San Paolo\" \/>\n<meta property=\"article:publisher\" content=\"https:\/\/www.facebook.com\/CompagniaDiSanPaolo\" \/>\n<meta property=\"article:published_time\" content=\"2024-02-07T17:08:17+00:00\" \/>\n<meta property=\"article:modified_time\" content=\"2024-02-08T11:40:47+00:00\" \/>\n<meta property=\"og:image\" content=\"https:\/\/www.compagniadisanpaolo.it\/wp-content\/uploads\/Taglio-news-vincitori-progetto-villa-mater_815X350.jpg\" \/>\n\t<meta property=\"og:image:width\" content=\"815\" \/>\n\t<meta property=\"og:image:height\" content=\"350\" \/>\n\t<meta property=\"og:image:type\" content=\"image\/jpeg\" \/>\n<meta name=\"author\" content=\"Federica\" \/>\n<meta name=\"twitter:card\" content=\"summary_large_image\" \/>\n<meta name=\"twitter:creator\" content=\"@CSP_live\" \/>\n<meta name=\"twitter:site\" content=\"@CSP_live\" \/>\n<meta name=\"twitter:label1\" content=\"Scritto da\" \/>\n\t<meta name=\"twitter:data1\" content=\"Federica\" \/>\n\t<meta name=\"twitter:label2\" content=\"Tempo di lettura stimato\" \/>\n\t<meta name=\"twitter:data2\" content=\"4 minuti\" \/>\n<script type=\"application\/ld+json\" class=\"yoast-schema-graph\">{\"@context\":\"https:\\\/\\\/schema.org\",\"@graph\":[{\"@type\":\"Article\",\"@id\":\"https:\\\/\\\/www.compagniadisanpaolo.it\\\/it\\\/news\\\/annunciato-il-progetto-vincitore-del-concorso-abitare-villa-mater\\\/#article\",\"isPartOf\":{\"@id\":\"https:\\\/\\\/www.compagniadisanpaolo.it\\\/it\\\/news\\\/annunciato-il-progetto-vincitore-del-concorso-abitare-villa-mater\\\/\"},\"author\":{\"name\":\"Federica\",\"@id\":\"https:\\\/\\\/www.compagniadisanpaolo.it\\\/it\\\/#\\\/schema\\\/person\\\/b7d5451541c25c82f29c5be1e78456b2\"},\"headline\":\"Annunciato il progetto vincitore del concorso \u201cAbitare Villa Mater\u201d\",\"datePublished\":\"2024-02-07T17:08:17+00:00\",\"dateModified\":\"2024-02-08T11:40:47+00:00\",\"mainEntityOfPage\":{\"@id\":\"https:\\\/\\\/www.compagniadisanpaolo.it\\\/it\\\/news\\\/annunciato-il-progetto-vincitore-del-concorso-abitare-villa-mater\\\/\"},\"wordCount\":871,\"publisher\":{\"@id\":\"https:\\\/\\\/www.compagniadisanpaolo.it\\\/it\\\/#organization\"},\"image\":{\"@id\":\"https:\\\/\\\/www.compagniadisanpaolo.it\\\/it\\\/news\\\/annunciato-il-progetto-vincitore-del-concorso-abitare-villa-mater\\\/#primaryimage\"},\"thumbnailUrl\":\"https:\\\/\\\/www.compagniadisanpaolo.it\\\/wp-content\\\/uploads\\\/Taglio-news-vincitori-progetto-villa-mater_815X350.jpg\",\"keywords\":[\"coesione sociale\",\"housing collaborativo\",\"protagonismo delle comunit\u00e0\",\"rigenerazione urbana\",\"sviluppo organizzativo\",\"sviluppo sostenibile\"],\"articleSection\":[\"News\"],\"inLanguage\":\"it-IT\"},{\"@type\":\"WebPage\",\"@id\":\"https:\\\/\\\/www.compagniadisanpaolo.it\\\/it\\\/news\\\/annunciato-il-progetto-vincitore-del-concorso-abitare-villa-mater\\\/\",\"url\":\"https:\\\/\\\/www.compagniadisanpaolo.it\\\/it\\\/news\\\/annunciato-il-progetto-vincitore-del-concorso-abitare-villa-mater\\\/\",\"name\":\"Annunciato il progetto vincitore del concorso \u201cAbitare Villa Mater\u201d - Fondazione Compagnia di San Paolo\",\"isPartOf\":{\"@id\":\"https:\\\/\\\/www.compagniadisanpaolo.it\\\/it\\\/#website\"},\"primaryImageOfPage\":{\"@id\":\"https:\\\/\\\/www.compagniadisanpaolo.it\\\/it\\\/news\\\/annunciato-il-progetto-vincitore-del-concorso-abitare-villa-mater\\\/#primaryimage\"},\"image\":{\"@id\":\"https:\\\/\\\/www.compagniadisanpaolo.it\\\/it\\\/news\\\/annunciato-il-progetto-vincitore-del-concorso-abitare-villa-mater\\\/#primaryimage\"},\"thumbnailUrl\":\"https:\\\/\\\/www.compagniadisanpaolo.it\\\/wp-content\\\/uploads\\\/Taglio-news-vincitori-progetto-villa-mater_815X350.jpg\",\"datePublished\":\"2024-02-07T17:08:17+00:00\",\"dateModified\":\"2024-02-08T11:40:47+00:00\",\"description\":\"Il progetto ideato dallo studio R3architetti \u00e8 stato selezionato come vincitore del concorso internazionale di progettazione per il recupero e la rifunzionalizzazione del compendio \u201cVilla Mater\\\".\",\"breadcrumb\":{\"@id\":\"https:\\\/\\\/www.compagniadisanpaolo.it\\\/it\\\/news\\\/annunciato-il-progetto-vincitore-del-concorso-abitare-villa-mater\\\/#breadcrumb\"},\"inLanguage\":\"it-IT\",\"potentialAction\":[{\"@type\":\"ReadAction\",\"target\":[\"https:\\\/\\\/www.compagniadisanpaolo.it\\\/it\\\/news\\\/annunciato-il-progetto-vincitore-del-concorso-abitare-villa-mater\\\/\"]}]},{\"@type\":\"ImageObject\",\"inLanguage\":\"it-IT\",\"@id\":\"https:\\\/\\\/www.compagniadisanpaolo.it\\\/it\\\/news\\\/annunciato-il-progetto-vincitore-del-concorso-abitare-villa-mater\\\/#primaryimage\",\"url\":\"https:\\\/\\\/www.compagniadisanpaolo.it\\\/wp-content\\\/uploads\\\/Taglio-news-vincitori-progetto-villa-mater_815X350.jpg\",\"contentUrl\":\"https:\\\/\\\/www.compagniadisanpaolo.it\\\/wp-content\\\/uploads\\\/Taglio-news-vincitori-progetto-villa-mater_815X350.jpg\",\"width\":815,\"height\":350},{\"@type\":\"BreadcrumbList\",\"@id\":\"https:\\\/\\\/www.compagniadisanpaolo.it\\\/it\\\/news\\\/annunciato-il-progetto-vincitore-del-concorso-abitare-villa-mater\\\/#breadcrumb\",\"itemListElement\":[{\"@type\":\"ListItem\",\"position\":1,\"name\":\"Home\",\"item\":\"https:\\\/\\\/www.compagniadisanpaolo.it\\\/it\\\/\"},{\"@type\":\"ListItem\",\"position\":2,\"name\":\"Annunciato il progetto vincitore del concorso \u201cAbitare Villa Mater\u201d\"}]},{\"@type\":\"WebSite\",\"@id\":\"https:\\\/\\\/www.compagniadisanpaolo.it\\\/it\\\/#website\",\"url\":\"https:\\\/\\\/www.compagniadisanpaolo.it\\\/it\\\/\",\"name\":\"Fondazione Compagnia di San Paolo\",\"description\":\"\",\"publisher\":{\"@id\":\"https:\\\/\\\/www.compagniadisanpaolo.it\\\/it\\\/#organization\"},\"potentialAction\":[{\"@type\":\"SearchAction\",\"target\":{\"@type\":\"EntryPoint\",\"urlTemplate\":\"https:\\\/\\\/www.compagniadisanpaolo.it\\\/it\\\/?s={search_term_string}\"},\"query-input\":{\"@type\":\"PropertyValueSpecification\",\"valueRequired\":true,\"valueName\":\"search_term_string\"}}],\"inLanguage\":\"it-IT\"},{\"@type\":\"Organization\",\"@id\":\"https:\\\/\\\/www.compagniadisanpaolo.it\\\/it\\\/#organization\",\"name\":\"Fondazione Compagnia di San Paolo\",\"url\":\"https:\\\/\\\/www.compagniadisanpaolo.it\\\/it\\\/\",\"logo\":{\"@type\":\"ImageObject\",\"inLanguage\":\"it-IT\",\"@id\":\"https:\\\/\\\/www.compagniadisanpaolo.it\\\/it\\\/#\\\/schema\\\/logo\\\/image\\\/\",\"url\":\"https:\\\/\\\/www.compagniadisanpaolo.it\\\/wp-content\\\/uploads\\\/logo.svg\",\"contentUrl\":\"https:\\\/\\\/www.compagniadisanpaolo.it\\\/wp-content\\\/uploads\\\/logo.svg\",\"width\":769,\"height\":323,\"caption\":\"Fondazione Compagnia di San Paolo\"},\"image\":{\"@id\":\"https:\\\/\\\/www.compagniadisanpaolo.it\\\/it\\\/#\\\/schema\\\/logo\\\/image\\\/\"},\"sameAs\":[\"https:\\\/\\\/www.facebook.com\\\/CompagniaDiSanPaolo\",\"https:\\\/\\\/x.com\\\/CSP_live\",\"http:\\\/\\\/instagram.com\\\/compagniadisanpaolo?ref=badge\",\"https:\\\/\\\/www.linkedin.com\\\/company\\\/compagnia-di-san-paolo\",\"https:\\\/\\\/www.youtube.com\\\/user\\\/compagniadisanpaolo\",\"https:\\\/\\\/it.wikipedia.org\\\/wiki\\\/Compagnia_di_San_Paolo\"]},{\"@type\":\"Person\",\"@id\":\"https:\\\/\\\/www.compagniadisanpaolo.it\\\/it\\\/#\\\/schema\\\/person\\\/b7d5451541c25c82f29c5be1e78456b2\",\"name\":\"Federica\",\"image\":{\"@type\":\"ImageObject\",\"inLanguage\":\"it-IT\",\"@id\":\"https:\\\/\\\/secure.gravatar.com\\\/avatar\\\/b5698fa13ac389b1f1fb1263a4626e219d853d7ccf112e854aea8c9c087d24ae?s=96&d=mm&r=g\",\"url\":\"https:\\\/\\\/secure.gravatar.com\\\/avatar\\\/b5698fa13ac389b1f1fb1263a4626e219d853d7ccf112e854aea8c9c087d24ae?s=96&d=mm&r=g\",\"contentUrl\":\"https:\\\/\\\/secure.gravatar.com\\\/avatar\\\/b5698fa13ac389b1f1fb1263a4626e219d853d7ccf112e854aea8c9c087d24ae?s=96&d=mm&r=g\",\"caption\":\"Federica\"}}]}<\/script>\n<!-- \/ Yoast SEO plugin. -->","yoast_head_json":{"title":"Annunciato il progetto vincitore del concorso \u201cAbitare Villa Mater\u201d - Fondazione Compagnia di San Paolo","description":"Il progetto ideato dallo studio R3architetti \u00e8 stato selezionato come vincitore del concorso internazionale di progettazione per il recupero e la rifunzionalizzazione del compendio \u201cVilla Mater\".","robots":{"index":"index","follow":"follow","max-snippet":"max-snippet:-1","max-image-preview":"max-image-preview:large","max-video-preview":"max-video-preview:-1"},"canonical":"https:\/\/www.compagniadisanpaolo.it\/it\/news\/annunciato-il-progetto-vincitore-del-concorso-abitare-villa-mater\/","og_locale":"it_IT","og_type":"article","og_title":"Annunciato il progetto vincitore del concorso \u201cAbitare Villa Mater\u201d - Fondazione Compagnia di San Paolo","og_description":"Il progetto ideato dallo studio R3architetti \u00e8 stato selezionato come vincitore del concorso internazionale di progettazione per il recupero e la rifunzionalizzazione del compendio \u201cVilla Mater\".","og_url":"https:\/\/www.compagniadisanpaolo.it\/it\/news\/annunciato-il-progetto-vincitore-del-concorso-abitare-villa-mater\/","og_site_name":"Fondazione Compagnia di San Paolo","article_publisher":"https:\/\/www.facebook.com\/CompagniaDiSanPaolo","article_published_time":"2024-02-07T17:08:17+00:00","article_modified_time":"2024-02-08T11:40:47+00:00","og_image":[{"width":815,"height":350,"url":"https:\/\/www.compagniadisanpaolo.it\/wp-content\/uploads\/Taglio-news-vincitori-progetto-villa-mater_815X350.jpg","type":"image\/jpeg"}],"author":"Federica","twitter_card":"summary_large_image","twitter_creator":"@CSP_live","twitter_site":"@CSP_live","twitter_misc":{"Scritto da":"Federica","Tempo di lettura stimato":"4 minuti"},"schema":{"@context":"https:\/\/schema.org","@graph":[{"@type":"Article","@id":"https:\/\/www.compagniadisanpaolo.it\/it\/news\/annunciato-il-progetto-vincitore-del-concorso-abitare-villa-mater\/#article","isPartOf":{"@id":"https:\/\/www.compagniadisanpaolo.it\/it\/news\/annunciato-il-progetto-vincitore-del-concorso-abitare-villa-mater\/"},"author":{"name":"Federica","@id":"https:\/\/www.compagniadisanpaolo.it\/it\/#\/schema\/person\/b7d5451541c25c82f29c5be1e78456b2"},"headline":"Annunciato il progetto vincitore del concorso \u201cAbitare Villa Mater\u201d","datePublished":"2024-02-07T17:08:17+00:00","dateModified":"2024-02-08T11:40:47+00:00","mainEntityOfPage":{"@id":"https:\/\/www.compagniadisanpaolo.it\/it\/news\/annunciato-il-progetto-vincitore-del-concorso-abitare-villa-mater\/"},"wordCount":871,"publisher":{"@id":"https:\/\/www.compagniadisanpaolo.it\/it\/#organization"},"image":{"@id":"https:\/\/www.compagniadisanpaolo.it\/it\/news\/annunciato-il-progetto-vincitore-del-concorso-abitare-villa-mater\/#primaryimage"},"thumbnailUrl":"https:\/\/www.compagniadisanpaolo.it\/wp-content\/uploads\/Taglio-news-vincitori-progetto-villa-mater_815X350.jpg","keywords":["coesione sociale","housing collaborativo","protagonismo delle comunit\u00e0","rigenerazione urbana","sviluppo organizzativo","sviluppo sostenibile"],"articleSection":["News"],"inLanguage":"it-IT"},{"@type":"WebPage","@id":"https:\/\/www.compagniadisanpaolo.it\/it\/news\/annunciato-il-progetto-vincitore-del-concorso-abitare-villa-mater\/","url":"https:\/\/www.compagniadisanpaolo.it\/it\/news\/annunciato-il-progetto-vincitore-del-concorso-abitare-villa-mater\/","name":"Annunciato il progetto vincitore del concorso \u201cAbitare Villa Mater\u201d - Fondazione Compagnia di San Paolo","isPartOf":{"@id":"https:\/\/www.compagniadisanpaolo.it\/it\/#website"},"primaryImageOfPage":{"@id":"https:\/\/www.compagniadisanpaolo.it\/it\/news\/annunciato-il-progetto-vincitore-del-concorso-abitare-villa-mater\/#primaryimage"},"image":{"@id":"https:\/\/www.compagniadisanpaolo.it\/it\/news\/annunciato-il-progetto-vincitore-del-concorso-abitare-villa-mater\/#primaryimage"},"thumbnailUrl":"https:\/\/www.compagniadisanpaolo.it\/wp-content\/uploads\/Taglio-news-vincitori-progetto-villa-mater_815X350.jpg","datePublished":"2024-02-07T17:08:17+00:00","dateModified":"2024-02-08T11:40:47+00:00","description":"Il progetto ideato dallo studio R3architetti \u00e8 stato selezionato come vincitore del concorso internazionale di progettazione per il recupero e la rifunzionalizzazione del compendio \u201cVilla Mater\".","breadcrumb":{"@id":"https:\/\/www.compagniadisanpaolo.it\/it\/news\/annunciato-il-progetto-vincitore-del-concorso-abitare-villa-mater\/#breadcrumb"},"inLanguage":"it-IT","potentialAction":[{"@type":"ReadAction","target":["https:\/\/www.compagniadisanpaolo.it\/it\/news\/annunciato-il-progetto-vincitore-del-concorso-abitare-villa-mater\/"]}]},{"@type":"ImageObject","inLanguage":"it-IT","@id":"https:\/\/www.compagniadisanpaolo.it\/it\/news\/annunciato-il-progetto-vincitore-del-concorso-abitare-villa-mater\/#primaryimage","url":"https:\/\/www.compagniadisanpaolo.it\/wp-content\/uploads\/Taglio-news-vincitori-progetto-villa-mater_815X350.jpg","contentUrl":"https:\/\/www.compagniadisanpaolo.it\/wp-content\/uploads\/Taglio-news-vincitori-progetto-villa-mater_815X350.jpg","width":815,"height":350},{"@type":"BreadcrumbList","@id":"https:\/\/www.compagniadisanpaolo.it\/it\/news\/annunciato-il-progetto-vincitore-del-concorso-abitare-villa-mater\/#breadcrumb","itemListElement":[{"@type":"ListItem","position":1,"name":"Home","item":"https:\/\/www.compagniadisanpaolo.it\/it\/"},{"@type":"ListItem","position":2,"name":"Annunciato il progetto vincitore del concorso \u201cAbitare Villa Mater\u201d"}]},{"@type":"WebSite","@id":"https:\/\/www.compagniadisanpaolo.it\/it\/#website","url":"https:\/\/www.compagniadisanpaolo.it\/it\/","name":"Fondazione Compagnia di San Paolo","description":"","publisher":{"@id":"https:\/\/www.compagniadisanpaolo.it\/it\/#organization"},"potentialAction":[{"@type":"SearchAction","target":{"@type":"EntryPoint","urlTemplate":"https:\/\/www.compagniadisanpaolo.it\/it\/?s={search_term_string}"},"query-input":{"@type":"PropertyValueSpecification","valueRequired":true,"valueName":"search_term_string"}}],"inLanguage":"it-IT"},{"@type":"Organization","@id":"https:\/\/www.compagniadisanpaolo.it\/it\/#organization","name":"Fondazione Compagnia di San Paolo","url":"https:\/\/www.compagniadisanpaolo.it\/it\/","logo":{"@type":"ImageObject","inLanguage":"it-IT","@id":"https:\/\/www.compagniadisanpaolo.it\/it\/#\/schema\/logo\/image\/","url":"https:\/\/www.compagniadisanpaolo.it\/wp-content\/uploads\/logo.svg","contentUrl":"https:\/\/www.compagniadisanpaolo.it\/wp-content\/uploads\/logo.svg","width":769,"height":323,"caption":"Fondazione Compagnia di San Paolo"},"image":{"@id":"https:\/\/www.compagniadisanpaolo.it\/it\/#\/schema\/logo\/image\/"},"sameAs":["https:\/\/www.facebook.com\/CompagniaDiSanPaolo","https:\/\/x.com\/CSP_live","http:\/\/instagram.com\/compagniadisanpaolo?ref=badge","https:\/\/www.linkedin.com\/company\/compagnia-di-san-paolo","https:\/\/www.youtube.com\/user\/compagniadisanpaolo","https:\/\/it.wikipedia.org\/wiki\/Compagnia_di_San_Paolo"]},{"@type":"Person","@id":"https:\/\/www.compagniadisanpaolo.it\/it\/#\/schema\/person\/b7d5451541c25c82f29c5be1e78456b2","name":"Federica","image":{"@type":"ImageObject","inLanguage":"it-IT","@id":"https:\/\/secure.gravatar.com\/avatar\/b5698fa13ac389b1f1fb1263a4626e219d853d7ccf112e854aea8c9c087d24ae?s=96&d=mm&r=g","url":"https:\/\/secure.gravatar.com\/avatar\/b5698fa13ac389b1f1fb1263a4626e219d853d7ccf112e854aea8c9c087d24ae?s=96&d=mm&r=g","contentUrl":"https:\/\/secure.gravatar.com\/avatar\/b5698fa13ac389b1f1fb1263a4626e219d853d7ccf112e854aea8c9c087d24ae?s=96&d=mm&r=g","caption":"Federica"}}]}},"amp_enabled":true,"_links":{"self":[{"href":"https:\/\/www.compagniadisanpaolo.it\/it\/wp-json\/wp\/v2\/posts\/27027","targetHints":{"allow":["GET"]}}],"collection":[{"href":"https:\/\/www.compagniadisanpaolo.it\/it\/wp-json\/wp\/v2\/posts"}],"about":[{"href":"https:\/\/www.compagniadisanpaolo.it\/it\/wp-json\/wp\/v2\/types\/post"}],"author":[{"embeddable":true,"href":"https:\/\/www.compagniadisanpaolo.it\/it\/wp-json\/wp\/v2\/users\/19"}],"replies":[{"embeddable":true,"href":"https:\/\/www.compagniadisanpaolo.it\/it\/wp-json\/wp\/v2\/comments?post=27027"}],"version-history":[{"count":5,"href":"https:\/\/www.compagniadisanpaolo.it\/it\/wp-json\/wp\/v2\/posts\/27027\/revisions"}],"predecessor-version":[{"id":27179,"href":"https:\/\/www.compagniadisanpaolo.it\/it\/wp-json\/wp\/v2\/posts\/27027\/revisions\/27179"}],"wp:featuredmedia":[{"embeddable":true,"href":"https:\/\/www.compagniadisanpaolo.it\/it\/wp-json\/wp\/v2\/media\/27036"}],"wp:attachment":[{"href":"https:\/\/www.compagniadisanpaolo.it\/it\/wp-json\/wp\/v2\/media?parent=27027"}],"wp:term":[{"taxonomy":"category","embeddable":true,"href":"https:\/\/www.compagniadisanpaolo.it\/it\/wp-json\/wp\/v2\/categories?post=27027"},{"taxonomy":"post_tag","embeddable":true,"href":"https:\/\/www.compagniadisanpaolo.it\/it\/wp-json\/wp\/v2\/tags?post=27027"}],"curies":[{"name":"wp","href":"https:\/\/api.w.org\/{rel}","templated":true}]}}