{"id":22073,"date":"2023-04-04T18:06:08","date_gmt":"2023-04-04T16:06:08","guid":{"rendered":"https:\/\/www.compagniadisanpaolo.it\/?p=22073"},"modified":"2023-04-04T18:06:08","modified_gmt":"2023-04-04T16:06:08","slug":"la-fondazione-per-il-salone-internazionale-del-libro-di-torino-2023","status":"publish","type":"post","link":"https:\/\/www.compagniadisanpaolo.it\/it\/news\/la-fondazione-per-il-salone-internazionale-del-libro-di-torino-2023\/","title":{"rendered":"La Fondazione per il Salone Internazionale del Libro di Torino 2023"},"content":{"rendered":"<div class=\"wpb-content-wrapper\">[vc_row][vc_column][vc_column_text el_class=&#8221;text-headline2&#8243;]Attraverso lo specchio \u00e8 il tema della XXXV edizione del Salone Internazionale del Libro, l\u2019evento che ogni anno riunisce e valorizza l\u2019intera &#8220;filiera del libro\u201d. Presentato quest\u2019oggi il programma della prossima edizione.[\/vc_column_text][\/vc_column][\/vc_row][vc_row][vc_column][vc_column_text]\n<div class=\"info-box mission\">\n\t\t<div class=\"info-box-wrap info-box-hor row pb-0\">\n\n\t\t      \n\t\t      <div class=\"spalla col-12 col-md-12\">\n\t\t\t<div class=\"info-box sharing-box\">\n\t\t\t  <span class=\"label\">Condividi:<\/span>\n\t\t\t  <div class=\"social-sharing\">\n\t\t\t    <span class=\"box\">\n\t\t\t      <a class=\"fb\" href=\"https:\/\/www.facebook.com\/sharer.php?u=https:\/\/www.compagniadisanpaolo.it\/it\/news\/la-fondazione-per-il-salone-internazionale-del-libro-di-torino-2023\/\" target=\"_blank\">\n\t\t\t\t<span class=\"sr-only\">Facebook<\/span>\n\t\t\t\t<i class=\"fab fa-facebook-f\"><\/i>\n\t\t\t      <\/a>\n\t\t\t    <\/span>\n\t\t\t    \n\t\t\t    <style>\n.twitter, .twitter:hover{\ncolor:#000000 !important;}\n<\/style>\n\n\n\t\t\t    <span class=\"box\">\n\t\t\t      <a class=\"twitter\" href=\"https:\/\/twitter.com\/intent\/tweet?url=https:\/\/www.compagniadisanpaolo.it\/it\/news\/la-fondazione-per-il-salone-internazionale-del-libro-di-torino-2023\/\">\n\t\t\t\t<span class=\"sr-only\">Twitter<\/span>\n\t\t\t\t<i class=\"fa-brands fa-x-twitter\"><\/i>\n\t\t\t      <\/a>\n\t\t\t    <\/span>\n\n\t\t\t    \n\t\t\t    <span class=\"box\">\n\t\t\t      <a class=\"linkedin\" href=\"https:\/\/www.linkedin.com\/shareArticle?mini=true&url=https:\/\/www.compagniadisanpaolo.it\/it\/news\/la-fondazione-per-il-salone-internazionale-del-libro-di-torino-2023\/\">\n\t\t\t\t<span class=\"sr-only\">Linkedin<\/span>\n\t\t\t\t  <i class=\"fa-brands fa-linkedin-in\"><\/i>\n\t\t\t      <\/a>\n\t\t\t    <\/span>\n\n\t\t\t    <span class=\"box\">\n\t\t\t      <a class=\"whatsapp\" href=\"whatsapp:\/\/send?text=https:\/\/www.compagniadisanpaolo.it\/it\/news\/la-fondazione-per-il-salone-internazionale-del-libro-di-torino-2023\/\" data-action=\"share\/whatsapp\/share\">\n\t\t\t\t<span class=\"sr-only\">Whatsapp<\/span>\n\t\t\t\t<i class=\"fa-brands fa-whatsapp\"><\/i>\n\t\t\t      <\/a>\n\t\t\t    <\/span>\n\n\t\t\t    <span class=\"box\">\n\t\t\t      <a class=\"mail\" href=\"mailto:?subject=La Fondazione per il Salone Internazionale del Libro di Torino 2023&body=https:\/\/www.compagniadisanpaolo.it\/it\/news\/la-fondazione-per-il-salone-internazionale-del-libro-di-torino-2023\/\">\n\t\t\t\t<span class=\"sr-only\">Mail<\/span>\n\t\t\t\t <i class=\"fa-solid fa-envelope\"><\/i>\n\t\t\t      <\/a>\n\t\t\t    <\/span>\n\t\t\t    \n\t\t\t  <\/div>\n\t\t\t<\/div>\n\t      <\/div>\n\t    <\/div><\/div>\n[\/vc_column_text][\/vc_column][\/vc_row][vc_row][vc_column width=&#8221;1\/4&#8243;][vc_column_text]\n\n\n\t\t<div class=\"info-box-wrap\">\n\n\t  <div class=\"info-box date-pub\">\n\t  \t<span class=\"label\">Data di pubblicazione:<\/span>\n\t    <span class=\"value\">4 Aprile 2023<\/span>\n\t  <\/div>\n\t\t\t\t  <div class=\"info-box obj-culture\">\n\t\t\t\t\t  <div class=\"info-box obj\"><span class=\"label\">Obiettivo<\/span>\n\t\t\t\t\t    <div class=\"obj-small-box\">\n\t\t\t\t\t      <span>Cultura.<\/span>\n\t\t\t\t\t    <\/div>\n\t\t\t\t\t  <\/div>\n\t\t\t\t  <\/div>\n\t\t\t  <div class=\"info-box mission\"><span class=\"label\">Tag<\/span><a href=\"https:\/\/www.compagniadisanpaolo.it\/it\/tags\/risultati\/?_sft_post_tag=agenda-2030\" class=\"tag-element\">Agenda 2030<\/a><a href=\"https:\/\/www.compagniadisanpaolo.it\/it\/tags\/risultati\/?_sft_post_tag=arte-e-musei\" class=\"tag-element\">Arte e musei<\/a><a href=\"https:\/\/www.compagniadisanpaolo.it\/it\/tags\/risultati\/?_sft_post_tag=cittadinanza-attiva\" class=\"tag-element\">Cittadinanza attiva<\/a><a href=\"https:\/\/www.compagniadisanpaolo.it\/it\/tags\/risultati\/?_sft_post_tag=creativita-ed-esperienze-attive\" class=\"tag-element\">Creativit\u00e0 ed esperienze attive<\/a><a href=\"https:\/\/www.compagniadisanpaolo.it\/it\/tags\/risultati\/?_sft_post_tag=identita-culturali\" class=\"tag-element\">Identit\u00e0 culturali<\/a><a href=\"https:\/\/www.compagniadisanpaolo.it\/it\/tags\/risultati\/?_sft_post_tag=leadership-dei-minori\" class=\"tag-element\">Leadership dei minori<\/a><a href=\"https:\/\/www.compagniadisanpaolo.it\/it\/tags\/risultati\/?_sft_post_tag=saperi\" class=\"tag-element\">Saperi<\/a><\/div>\t  \n\t<\/div>\n[\/vc_column_text][\/vc_column][vc_column width=&#8221;3\/4&#8243; el_class=&#8221;page-content&#8221;][vc_column_text el_class=&#8221;text&#8221;]La Fondazione Compagnia di San Paolo lavora al fianco delle istituzioni per promuovere la <strong>cultura<\/strong> come <strong>strumento<\/strong> <strong>per costruire una societ\u00e0 capace di coinvolgere e accogliere le persone<\/strong> ed \u00e8 proprio in questo contesto che rinnova il suo impegno e il suo sostegno per l\u2019<strong>edizione 2023<\/strong> del <strong>Salone Internazionale del Libro di Torino<\/strong>, l&#8217;ultima guidata da <strong>Nicola Lagioia<\/strong>, a cui succeder\u00e0 dal 2024 <strong>Annalena Benini<\/strong>.<\/p>\n<p>La grande manifestazione internazionale della cultura, che <strong>dal 18 al 22 maggio 2023<\/strong> riunir\u00e0 a <strong>Torino<\/strong> 2.000 ospiti da ogni parte del mondo con 1.200 eventi e attivit\u00e0 per coinvolgere le persone di ogni et\u00e0.<\/p>\n<p>\u201c<strong>Attraverso lo specchio<\/strong>\u201d \u00e8 il tema dell\u2019edizione <strong>2023<\/strong>, un omaggio al celebre autore inglese <strong>Lewis<\/strong> <strong>Carroll<\/strong> che invita i lettori e le lettrici a saltare dentro nuovi mondi, <strong>sempre attenti al presente<\/strong> ma con la \u201c<strong>testa tra le pagine<\/strong>\u201d. Proprio come per Alice, lo specchio \u00e8 il luogo in cui <strong>vedersi in un nuovo contesto<\/strong>, <strong>re-immaginarsi<\/strong> e <strong>re-immaginare il proprio tempo<\/strong>. \u00c8 dunque un invito alla curiosit\u00e0, <strong>all\u2019esplorazione<\/strong> e <strong>alla scoperta<\/strong> quello proposto dalle attivit\u00e0 del Salone, per acquisire nuove conoscenze e nuove competenze utili ad arricchire il nostro bagaglio culturale, per riorientare le azioni nel presente e costruire il futuro con pi\u00f9 strumenti.<\/p>\n<p>Questo lo stimolo che si vuol dare ai giovani che parteciperanno al ricco programma di <strong>Bookstock<\/strong> il progetto dedicato alla sperimentazione e ai laboratori, realizzato da 16 anni grazie al sostegno della <strong>Fondazione Compagnia di San Paolo<\/strong>: una superficie di 7.500 metri quadri suddivisa in due aree una dedicata a bambine e bambini dagli 0- ai 13 anni e una dedicata a ragazze e ragazzi dai 14 in su con 10 spazi laboratoriali, 3 sale e una grande arena.<\/p>\n<p>Proprio all\u2019interno del Bookstock la fondazione filantropica racconter\u00e0 il proprio impegno per il bene comune in collaborazione con <strong>15 enti del territorio<\/strong> che animeranno i suoi <strong>tre spazi laboratoriali<\/strong>, realizzando <strong>95 attivit\u00e0 rivolte alle scuole<\/strong> di ogni ordine e grado (dall\u2019infanzia alle secondarie di secondo grado), <strong>alle famiglie<\/strong> e ai <strong>docenti<\/strong>.<\/p>\n<p><strong>Creativit\u00e0<\/strong> e <strong>intelligenza<\/strong> <strong>artificiale<\/strong>, <strong>cittadinanza<\/strong> <strong>attiva<\/strong>, <strong>ambiente<\/strong>, <strong>sostenibilit\u00e0<\/strong>, <strong>futuro<\/strong> e <strong>scoperta<\/strong> e <strong>tutela<\/strong> <strong>del patrimonio cultural<\/strong>e, sono solo alcuni dei temi che verranno affrontati all\u2019interno degli spazi laboratoriali della Fondazione:<\/p>\n<p>\u2022 <strong>Laboratorio Cultura<\/strong>: <em>attivit\u00e0 dentro la bellezza, l\u2019immaginazione, l\u2019identit\u00e0 e la partecipazione<\/em>;<br \/>\n\u2022 <strong>Laboratorio Persone<\/strong>: <em>attivit\u00e0 per crescere insieme in una societ\u00e0 pi\u00f9 equa e inclusiva<\/em>;<br \/>\n\u2022 <strong>Laboratorio Pianeta<\/strong>: a<em>ttivit\u00e0 che fanno bene anche alla Terra.<\/em><\/p>\n<p>Di seguito presentiamo l\u2019elenco degli enti che accompagneranno la Fondazione Compagnia di San Paolo durante le giornate del salone. <strong>ACMOS<\/strong> in collaborazione con <strong>LIBERA<\/strong> <strong>Piemonte<\/strong>; <strong>Alle Ortiche APS<\/strong>; <strong>DAFNE Soc. Coop<\/strong>; <strong>DAPPERTUTTOZERO6<\/strong>; <strong>European Research Institute<\/strong>; <strong>Fondazione Teatro Ragazzi e Giovani Onlus<\/strong>; <strong>The Sharing<\/strong> in collaborazione con <strong>cheARIArespiro<\/strong>; <strong>Museo A come Ambiente<\/strong> \u2013 <strong>MacA<\/strong>; <strong>YEPP Italia aps<\/strong>. Inoltre, tra gli enti del Gruppo Compagnia saranno presenti: <strong>Fondazione per la Scuola<\/strong> con il progetto <strong>Riconnessioni 2050<\/strong>, il <strong>Consorzio Xk\u00e8? ZeroTredici con Xk\u00e8?<\/strong> <strong>Il laboratorio della curiosit\u00e0<\/strong> e <strong>Spazio ZeroSei<\/strong>, <strong>Fondazione Links<\/strong> e <strong>Fondazione 1563<\/strong> per l\u2019Arte e la Cultura che curer\u00e0 le attivit\u00e0 con la <strong>Fondazione Museo Nazionale dell\u2019Ebraismo Italiano e della Shoah-MEIS di Ferrara<\/strong>.<\/p>\n<p>A <a href=\"https:\/\/www.compagniadisanpaolo.it\/it\/documenti\/salone-del-libro-2023-programma-laboratori-fondazione-compagnia-di-san-paolo\/\"><strong>questo link<\/strong><\/a> \u00e8 disponibile il <strong>programma completo dei laboratori<\/strong>.<\/p>\n<p>Sempre all\u2019interno dell\u2019area <strong>Bookstock<\/strong>, nello spazio Arena, si terr\u00e0 il prossimo <strong>18 maggio alle ore 12:15<\/strong> uno degli eventi pi\u00f9 importanti della Fondazione:<br \/>\n\u201c<strong>Abbiamo diritto a un\u2019altra possibilit\u00e0?<\/strong>\u201d che ospiter\u00e0 le testimonianze di <strong>Gherardo<\/strong> <strong>Colombo<\/strong>, <strong>Kento<\/strong> e <strong>Mazel<\/strong> <strong>El Gamal<\/strong>, moderati da <strong>Michele Miravalle<\/strong>.<\/p>\n<p>Tema dell\u2019evento il <strong>reinserimento all\u2019interno della comunit\u00e0<\/strong>. A tutte le persone pu\u00f2 infatti capitare di commettere uno sbaglio, ma \u00e8 importante sapere che la nostra Costituzione riconosce e tutela il diritto ad una seconda opportunit\u00e0.<br \/>\nPartendo dagli articoli 2, 3 e 27, si parler\u00e0 del senso della giustizia e della responsabilit\u00e0, di come diffondere ogni giorno la cultura del rispetto delle persone, della partecipazione attiva nella societ\u00e0 e dell\u2019importanza di avere un\u2019altra opportunit\u00e0.<\/p>\n<p>Di particolare rilevanza anche gli appuntamenti organizzati dagli enti strumentali della Fondazione Compagnia di San Paolo tra cui la <strong>Fondazione 1563<\/strong> e la <strong>Fondazione per la Scuola<\/strong>.<\/p>\n<p>Appuntamento il <strong>19 maggio alle 10.30<\/strong> per l\u2019evento \u201c<strong>L\u2019educazione al centro della trasformazione e della crescita dei territori. La sfida lanciata dalla &#8220;Citt\u00e0 dell&#8217;Educazione<\/strong>&#8221; che ospiter\u00e0 un dialogo sul tema tra il presidente della Fondazione Compagnia di San Paolo, <strong>Francesco Profumo<\/strong> con Roberto Ricci, Carlotta Salerno e Tom Wambeke. Il panel indagher\u00e0 la sfida che l\u2019iniziativa \u201cCitt\u00e0 dell\u2019Educazione\u201d ha deciso di lanciare alle citt\u00e0 tra Percorsi educativi di qualit\u00e0 che consentano di guidare le trasformazioni rappresentate dalle transizioni sociali, ecologiche e digitali, il ruolo della scuola in questo cambio di passo epocale e tanto altro.<\/p>\n<p>Per scoprire tutti gli <strong>eventi<\/strong> in programma visita <a href=\"https:\/\/www.compagniadisanpaolo.it\/it\/documenti\/salone-del-libro-2023-programma-eventi-fondazione-compagnia-di-san-paolo\/\"><strong>questo link<\/strong><\/a>.<\/p>\n<p>Il palinsesto previsto per le scuole sar\u00e0 online dal <strong>5 aprile<\/strong>, i docenti potranno prenotare gli incontri e i laboratori dedicati alle classi tramite la piattaforma <a href=\"https:\/\/saltopiu.salonelibro.it\/\"><strong>SalTo+<\/strong><\/a>. La prenotazione sar\u00e0 accessibile solo ai docenti che hanno gi\u00e0 riservato i biglietti d\u2019ingresso al Salone per le proprie classi.<\/p>\n<p>Tutte le informazioni saranno presto presenti al sito <strong><a href=\"https:\/\/www.salonelibro.it\/\">www.salonelibro.it<\/a><\/strong>[\/vc_column_text][\/vc_column][\/vc_row][vc_row el_class=&#8221;sdg-list-wrap&#8221;][vc_column][vc_raw_html]JTVCbW9zdHJhU0RHUyU1RA==[\/vc_raw_html][\/vc_column][\/vc_row][vc_row full_width=&#8221;stretch_row&#8221; el_class=&#8221;download-area-wrap mt-0 mb-0&#8243; css=&#8221;.vc_custom_1649781722387{margin-bottom: 0px !important;}&#8221;][vc_column el_class=&#8221;download-area&#8221;][vc_raw_html]JTVCU2V6aW9uZV9Eb2N1bWVudGklNUQ=[\/vc_raw_html][\/vc_column][\/vc_row][vc_row][vc_column]<div class=\"templatera_shortcode\"><div data-vc-full-width=\"true\" data-vc-full-width-temp=\"true\" data-vc-full-width-init=\"false\" class=\"vc_row wpb_row vc_row-fluid newsletter-wrap\"><div class=\"wpb_column vc_column_container vc_col-sm-12\"><div class=\"vc_column-inner\"><div class=\"wpb_wrapper\">\n\t<div class=\"wpb_raw_code wpb_raw_html wpb_content_element\" >\n\t\t<div class=\"wpb_wrapper\">\n\t\t\t    <div class=\"container\">\n      <div class=\"row align-items-center\">\n\t<div class=\"col-12 col-lg-6 col-xl-5 mb-3 mb-lg-0 pr-0\">\n\t  <h2 class=\"title\">Rimani aggiornato sui nostri bandi e sui nostri progetti<\/h2>\n\t<\/div>\n\t<div class=\"col-12 col-lg-6 col-xl-7 pl-xl-4\">\n\t  <a class=\"standard-link-block\" href=\"\/it\/newsletter\/\">\n\t    Compila il form e decidi su quale argomento vuoi ricevere notizie.\t    <strong>\u00a0 ISCRIVITI!<\/strong>\n\t  <\/a>\n\t<\/div>\n      <\/div>\n    <\/div>\n\t\t<\/div>\n\t<\/div>\n<\/div><\/div><\/div><\/div><div class=\"vc_row-full-width vc_clearfix\"><\/div><\/div>[\/vc_column][\/vc_row]\n<\/div>","protected":false},"excerpt":{"rendered":"<p>Attraverso lo specchio \u00e8 il tema della XXXV edizione del Salone Internazionale del Libro, l\u2019evento che ogni anno riunisce e valorizza l\u2019intera &#8220;filiera del libro\u201d. Presentato il 4 aprile il programma della prossima edizione.<\/p>\n","protected":false},"author":19,"featured_media":22074,"comment_status":"closed","ping_status":"closed","sticky":false,"template":"","format":"standard","meta":{"_acf_changed":false,"content-type":"","footnotes":""},"categories":[17],"tags":[67,87,84,63,94,56,58],"class_list":["post-22073","post","type-post","status-publish","format-standard","has-post-thumbnail","hentry","category-news","tag-agenda-2030","tag-arte-e-musei","tag-cittadinanza-attiva","tag-creativita-ed-esperienze-attive","tag-identita-culturali","tag-leadership-dei-minori","tag-saperi","entry","post-inner"],"acf":[],"yoast_head":"<!-- This site is optimized with the Yoast SEO plugin v27.3 - https:\/\/yoast.com\/product\/yoast-seo-wordpress\/ -->\n<title>La Fondazione per il Salone Internazionale del Libro di Torino 2023 - Fondazione Compagnia di San Paolo<\/title>\n<meta name=\"description\" content=\"Attraverso lo specchio \u00e8 il tema della XXXV edizione del Salone Internazionale del Libro, l\u2019evento che ogni anno riunisce e valorizza l\u2019intera &quot;filiera del libro\u201d.\" \/>\n<meta name=\"robots\" content=\"index, follow, max-snippet:-1, max-image-preview:large, max-video-preview:-1\" \/>\n<link rel=\"canonical\" href=\"https:\/\/www.compagniadisanpaolo.it\/it\/news\/la-fondazione-per-il-salone-internazionale-del-libro-di-torino-2023\/\" \/>\n<meta property=\"og:locale\" content=\"it_IT\" \/>\n<meta property=\"og:type\" content=\"article\" \/>\n<meta property=\"og:title\" content=\"La Fondazione per il Salone Internazionale del Libro di Torino 2023 - Fondazione Compagnia di San Paolo\" \/>\n<meta property=\"og:description\" content=\"Attraverso lo specchio \u00e8 il tema della XXXV edizione del Salone Internazionale del Libro, l\u2019evento che ogni anno riunisce e valorizza l\u2019intera &quot;filiera del libro\u201d.\" \/>\n<meta property=\"og:url\" content=\"https:\/\/www.compagniadisanpaolo.it\/it\/news\/la-fondazione-per-il-salone-internazionale-del-libro-di-torino-2023\/\" \/>\n<meta property=\"og:site_name\" content=\"Fondazione Compagnia di San Paolo\" \/>\n<meta property=\"article:publisher\" content=\"https:\/\/www.facebook.com\/CompagniaDiSanPaolo\" \/>\n<meta property=\"article:published_time\" content=\"2023-04-04T16:06:08+00:00\" \/>\n<meta property=\"og:image\" content=\"https:\/\/www.compagniadisanpaolo.it\/wp-content\/uploads\/1.Banner-per-articolo-815X350.png\" \/>\n\t<meta property=\"og:image:width\" content=\"815\" \/>\n\t<meta property=\"og:image:height\" content=\"350\" \/>\n\t<meta property=\"og:image:type\" content=\"image\/png\" \/>\n<meta name=\"author\" content=\"Federica\" \/>\n<meta name=\"twitter:card\" content=\"summary_large_image\" \/>\n<meta name=\"twitter:creator\" content=\"@CSP_live\" \/>\n<meta name=\"twitter:site\" content=\"@CSP_live\" \/>\n<meta name=\"twitter:label1\" content=\"Scritto da\" \/>\n\t<meta name=\"twitter:data1\" content=\"Federica\" \/>\n\t<meta name=\"twitter:label2\" content=\"Tempo di lettura stimato\" \/>\n\t<meta name=\"twitter:data2\" content=\"5 minuti\" \/>\n<script type=\"application\/ld+json\" class=\"yoast-schema-graph\">{\"@context\":\"https:\\\/\\\/schema.org\",\"@graph\":[{\"@type\":\"Article\",\"@id\":\"https:\\\/\\\/www.compagniadisanpaolo.it\\\/it\\\/news\\\/la-fondazione-per-il-salone-internazionale-del-libro-di-torino-2023\\\/#article\",\"isPartOf\":{\"@id\":\"https:\\\/\\\/www.compagniadisanpaolo.it\\\/it\\\/news\\\/la-fondazione-per-il-salone-internazionale-del-libro-di-torino-2023\\\/\"},\"author\":{\"name\":\"Federica\",\"@id\":\"https:\\\/\\\/www.compagniadisanpaolo.it\\\/it\\\/#\\\/schema\\\/person\\\/b7d5451541c25c82f29c5be1e78456b2\"},\"headline\":\"La Fondazione per il Salone Internazionale del Libro di Torino 2023\",\"datePublished\":\"2023-04-04T16:06:08+00:00\",\"mainEntityOfPage\":{\"@id\":\"https:\\\/\\\/www.compagniadisanpaolo.it\\\/it\\\/news\\\/la-fondazione-per-il-salone-internazionale-del-libro-di-torino-2023\\\/\"},\"wordCount\":996,\"publisher\":{\"@id\":\"https:\\\/\\\/www.compagniadisanpaolo.it\\\/it\\\/#organization\"},\"image\":{\"@id\":\"https:\\\/\\\/www.compagniadisanpaolo.it\\\/it\\\/news\\\/la-fondazione-per-il-salone-internazionale-del-libro-di-torino-2023\\\/#primaryimage\"},\"thumbnailUrl\":\"https:\\\/\\\/www.compagniadisanpaolo.it\\\/wp-content\\\/uploads\\\/1.Banner-per-articolo-815X350.png\",\"keywords\":[\"agenda 2030\",\"arte e musei\",\"cittadinanza attiva\",\"creativit\u00e0 ed esperienze attive\",\"identit\u00e0 culturali\",\"leadership dei minori\",\"saperi\"],\"articleSection\":[\"News\"],\"inLanguage\":\"it-IT\"},{\"@type\":\"WebPage\",\"@id\":\"https:\\\/\\\/www.compagniadisanpaolo.it\\\/it\\\/news\\\/la-fondazione-per-il-salone-internazionale-del-libro-di-torino-2023\\\/\",\"url\":\"https:\\\/\\\/www.compagniadisanpaolo.it\\\/it\\\/news\\\/la-fondazione-per-il-salone-internazionale-del-libro-di-torino-2023\\\/\",\"name\":\"La Fondazione per il Salone Internazionale del Libro di Torino 2023 - Fondazione Compagnia di San Paolo\",\"isPartOf\":{\"@id\":\"https:\\\/\\\/www.compagniadisanpaolo.it\\\/it\\\/#website\"},\"primaryImageOfPage\":{\"@id\":\"https:\\\/\\\/www.compagniadisanpaolo.it\\\/it\\\/news\\\/la-fondazione-per-il-salone-internazionale-del-libro-di-torino-2023\\\/#primaryimage\"},\"image\":{\"@id\":\"https:\\\/\\\/www.compagniadisanpaolo.it\\\/it\\\/news\\\/la-fondazione-per-il-salone-internazionale-del-libro-di-torino-2023\\\/#primaryimage\"},\"thumbnailUrl\":\"https:\\\/\\\/www.compagniadisanpaolo.it\\\/wp-content\\\/uploads\\\/1.Banner-per-articolo-815X350.png\",\"datePublished\":\"2023-04-04T16:06:08+00:00\",\"description\":\"Attraverso lo specchio \u00e8 il tema della XXXV edizione del Salone Internazionale del Libro, l\u2019evento che ogni anno riunisce e valorizza l\u2019intera \\\"filiera del libro\u201d.\",\"breadcrumb\":{\"@id\":\"https:\\\/\\\/www.compagniadisanpaolo.it\\\/it\\\/news\\\/la-fondazione-per-il-salone-internazionale-del-libro-di-torino-2023\\\/#breadcrumb\"},\"inLanguage\":\"it-IT\",\"potentialAction\":[{\"@type\":\"ReadAction\",\"target\":[\"https:\\\/\\\/www.compagniadisanpaolo.it\\\/it\\\/news\\\/la-fondazione-per-il-salone-internazionale-del-libro-di-torino-2023\\\/\"]}]},{\"@type\":\"ImageObject\",\"inLanguage\":\"it-IT\",\"@id\":\"https:\\\/\\\/www.compagniadisanpaolo.it\\\/it\\\/news\\\/la-fondazione-per-il-salone-internazionale-del-libro-di-torino-2023\\\/#primaryimage\",\"url\":\"https:\\\/\\\/www.compagniadisanpaolo.it\\\/wp-content\\\/uploads\\\/1.Banner-per-articolo-815X350.png\",\"contentUrl\":\"https:\\\/\\\/www.compagniadisanpaolo.it\\\/wp-content\\\/uploads\\\/1.Banner-per-articolo-815X350.png\",\"width\":815,\"height\":350},{\"@type\":\"BreadcrumbList\",\"@id\":\"https:\\\/\\\/www.compagniadisanpaolo.it\\\/it\\\/news\\\/la-fondazione-per-il-salone-internazionale-del-libro-di-torino-2023\\\/#breadcrumb\",\"itemListElement\":[{\"@type\":\"ListItem\",\"position\":1,\"name\":\"Home\",\"item\":\"https:\\\/\\\/www.compagniadisanpaolo.it\\\/it\\\/\"},{\"@type\":\"ListItem\",\"position\":2,\"name\":\"La Fondazione per il Salone Internazionale del Libro di Torino 2023\"}]},{\"@type\":\"WebSite\",\"@id\":\"https:\\\/\\\/www.compagniadisanpaolo.it\\\/it\\\/#website\",\"url\":\"https:\\\/\\\/www.compagniadisanpaolo.it\\\/it\\\/\",\"name\":\"Fondazione Compagnia di San Paolo\",\"description\":\"\",\"publisher\":{\"@id\":\"https:\\\/\\\/www.compagniadisanpaolo.it\\\/it\\\/#organization\"},\"potentialAction\":[{\"@type\":\"SearchAction\",\"target\":{\"@type\":\"EntryPoint\",\"urlTemplate\":\"https:\\\/\\\/www.compagniadisanpaolo.it\\\/it\\\/?s={search_term_string}\"},\"query-input\":{\"@type\":\"PropertyValueSpecification\",\"valueRequired\":true,\"valueName\":\"search_term_string\"}}],\"inLanguage\":\"it-IT\"},{\"@type\":\"Organization\",\"@id\":\"https:\\\/\\\/www.compagniadisanpaolo.it\\\/it\\\/#organization\",\"name\":\"Fondazione Compagnia di San Paolo\",\"url\":\"https:\\\/\\\/www.compagniadisanpaolo.it\\\/it\\\/\",\"logo\":{\"@type\":\"ImageObject\",\"inLanguage\":\"it-IT\",\"@id\":\"https:\\\/\\\/www.compagniadisanpaolo.it\\\/it\\\/#\\\/schema\\\/logo\\\/image\\\/\",\"url\":\"https:\\\/\\\/www.compagniadisanpaolo.it\\\/wp-content\\\/uploads\\\/logo.svg\",\"contentUrl\":\"https:\\\/\\\/www.compagniadisanpaolo.it\\\/wp-content\\\/uploads\\\/logo.svg\",\"width\":769,\"height\":323,\"caption\":\"Fondazione Compagnia di San Paolo\"},\"image\":{\"@id\":\"https:\\\/\\\/www.compagniadisanpaolo.it\\\/it\\\/#\\\/schema\\\/logo\\\/image\\\/\"},\"sameAs\":[\"https:\\\/\\\/www.facebook.com\\\/CompagniaDiSanPaolo\",\"https:\\\/\\\/x.com\\\/CSP_live\",\"http:\\\/\\\/instagram.com\\\/compagniadisanpaolo?ref=badge\",\"https:\\\/\\\/www.linkedin.com\\\/company\\\/compagnia-di-san-paolo\",\"https:\\\/\\\/www.youtube.com\\\/user\\\/compagniadisanpaolo\",\"https:\\\/\\\/it.wikipedia.org\\\/wiki\\\/Compagnia_di_San_Paolo\"]},{\"@type\":\"Person\",\"@id\":\"https:\\\/\\\/www.compagniadisanpaolo.it\\\/it\\\/#\\\/schema\\\/person\\\/b7d5451541c25c82f29c5be1e78456b2\",\"name\":\"Federica\",\"image\":{\"@type\":\"ImageObject\",\"inLanguage\":\"it-IT\",\"@id\":\"https:\\\/\\\/secure.gravatar.com\\\/avatar\\\/b5698fa13ac389b1f1fb1263a4626e219d853d7ccf112e854aea8c9c087d24ae?s=96&d=mm&r=g\",\"url\":\"https:\\\/\\\/secure.gravatar.com\\\/avatar\\\/b5698fa13ac389b1f1fb1263a4626e219d853d7ccf112e854aea8c9c087d24ae?s=96&d=mm&r=g\",\"contentUrl\":\"https:\\\/\\\/secure.gravatar.com\\\/avatar\\\/b5698fa13ac389b1f1fb1263a4626e219d853d7ccf112e854aea8c9c087d24ae?s=96&d=mm&r=g\",\"caption\":\"Federica\"}}]}<\/script>\n<!-- \/ Yoast SEO plugin. -->","yoast_head_json":{"title":"La Fondazione per il Salone Internazionale del Libro di Torino 2023 - Fondazione Compagnia di San Paolo","description":"Attraverso lo specchio \u00e8 il tema della XXXV edizione del Salone Internazionale del Libro, l\u2019evento che ogni anno riunisce e valorizza l\u2019intera \"filiera del libro\u201d.","robots":{"index":"index","follow":"follow","max-snippet":"max-snippet:-1","max-image-preview":"max-image-preview:large","max-video-preview":"max-video-preview:-1"},"canonical":"https:\/\/www.compagniadisanpaolo.it\/it\/news\/la-fondazione-per-il-salone-internazionale-del-libro-di-torino-2023\/","og_locale":"it_IT","og_type":"article","og_title":"La Fondazione per il Salone Internazionale del Libro di Torino 2023 - Fondazione Compagnia di San Paolo","og_description":"Attraverso lo specchio \u00e8 il tema della XXXV edizione del Salone Internazionale del Libro, l\u2019evento che ogni anno riunisce e valorizza l\u2019intera \"filiera del libro\u201d.","og_url":"https:\/\/www.compagniadisanpaolo.it\/it\/news\/la-fondazione-per-il-salone-internazionale-del-libro-di-torino-2023\/","og_site_name":"Fondazione Compagnia di San Paolo","article_publisher":"https:\/\/www.facebook.com\/CompagniaDiSanPaolo","article_published_time":"2023-04-04T16:06:08+00:00","og_image":[{"width":815,"height":350,"url":"https:\/\/www.compagniadisanpaolo.it\/wp-content\/uploads\/1.Banner-per-articolo-815X350.png","type":"image\/png"}],"author":"Federica","twitter_card":"summary_large_image","twitter_creator":"@CSP_live","twitter_site":"@CSP_live","twitter_misc":{"Scritto da":"Federica","Tempo di lettura stimato":"5 minuti"},"schema":{"@context":"https:\/\/schema.org","@graph":[{"@type":"Article","@id":"https:\/\/www.compagniadisanpaolo.it\/it\/news\/la-fondazione-per-il-salone-internazionale-del-libro-di-torino-2023\/#article","isPartOf":{"@id":"https:\/\/www.compagniadisanpaolo.it\/it\/news\/la-fondazione-per-il-salone-internazionale-del-libro-di-torino-2023\/"},"author":{"name":"Federica","@id":"https:\/\/www.compagniadisanpaolo.it\/it\/#\/schema\/person\/b7d5451541c25c82f29c5be1e78456b2"},"headline":"La Fondazione per il Salone Internazionale del Libro di Torino 2023","datePublished":"2023-04-04T16:06:08+00:00","mainEntityOfPage":{"@id":"https:\/\/www.compagniadisanpaolo.it\/it\/news\/la-fondazione-per-il-salone-internazionale-del-libro-di-torino-2023\/"},"wordCount":996,"publisher":{"@id":"https:\/\/www.compagniadisanpaolo.it\/it\/#organization"},"image":{"@id":"https:\/\/www.compagniadisanpaolo.it\/it\/news\/la-fondazione-per-il-salone-internazionale-del-libro-di-torino-2023\/#primaryimage"},"thumbnailUrl":"https:\/\/www.compagniadisanpaolo.it\/wp-content\/uploads\/1.Banner-per-articolo-815X350.png","keywords":["agenda 2030","arte e musei","cittadinanza attiva","creativit\u00e0 ed esperienze attive","identit\u00e0 culturali","leadership dei minori","saperi"],"articleSection":["News"],"inLanguage":"it-IT"},{"@type":"WebPage","@id":"https:\/\/www.compagniadisanpaolo.it\/it\/news\/la-fondazione-per-il-salone-internazionale-del-libro-di-torino-2023\/","url":"https:\/\/www.compagniadisanpaolo.it\/it\/news\/la-fondazione-per-il-salone-internazionale-del-libro-di-torino-2023\/","name":"La Fondazione per il Salone Internazionale del Libro di Torino 2023 - Fondazione Compagnia di San Paolo","isPartOf":{"@id":"https:\/\/www.compagniadisanpaolo.it\/it\/#website"},"primaryImageOfPage":{"@id":"https:\/\/www.compagniadisanpaolo.it\/it\/news\/la-fondazione-per-il-salone-internazionale-del-libro-di-torino-2023\/#primaryimage"},"image":{"@id":"https:\/\/www.compagniadisanpaolo.it\/it\/news\/la-fondazione-per-il-salone-internazionale-del-libro-di-torino-2023\/#primaryimage"},"thumbnailUrl":"https:\/\/www.compagniadisanpaolo.it\/wp-content\/uploads\/1.Banner-per-articolo-815X350.png","datePublished":"2023-04-04T16:06:08+00:00","description":"Attraverso lo specchio \u00e8 il tema della XXXV edizione del Salone Internazionale del Libro, l\u2019evento che ogni anno riunisce e valorizza l\u2019intera \"filiera del libro\u201d.","breadcrumb":{"@id":"https:\/\/www.compagniadisanpaolo.it\/it\/news\/la-fondazione-per-il-salone-internazionale-del-libro-di-torino-2023\/#breadcrumb"},"inLanguage":"it-IT","potentialAction":[{"@type":"ReadAction","target":["https:\/\/www.compagniadisanpaolo.it\/it\/news\/la-fondazione-per-il-salone-internazionale-del-libro-di-torino-2023\/"]}]},{"@type":"ImageObject","inLanguage":"it-IT","@id":"https:\/\/www.compagniadisanpaolo.it\/it\/news\/la-fondazione-per-il-salone-internazionale-del-libro-di-torino-2023\/#primaryimage","url":"https:\/\/www.compagniadisanpaolo.it\/wp-content\/uploads\/1.Banner-per-articolo-815X350.png","contentUrl":"https:\/\/www.compagniadisanpaolo.it\/wp-content\/uploads\/1.Banner-per-articolo-815X350.png","width":815,"height":350},{"@type":"BreadcrumbList","@id":"https:\/\/www.compagniadisanpaolo.it\/it\/news\/la-fondazione-per-il-salone-internazionale-del-libro-di-torino-2023\/#breadcrumb","itemListElement":[{"@type":"ListItem","position":1,"name":"Home","item":"https:\/\/www.compagniadisanpaolo.it\/it\/"},{"@type":"ListItem","position":2,"name":"La Fondazione per il Salone Internazionale del Libro di Torino 2023"}]},{"@type":"WebSite","@id":"https:\/\/www.compagniadisanpaolo.it\/it\/#website","url":"https:\/\/www.compagniadisanpaolo.it\/it\/","name":"Fondazione Compagnia di San Paolo","description":"","publisher":{"@id":"https:\/\/www.compagniadisanpaolo.it\/it\/#organization"},"potentialAction":[{"@type":"SearchAction","target":{"@type":"EntryPoint","urlTemplate":"https:\/\/www.compagniadisanpaolo.it\/it\/?s={search_term_string}"},"query-input":{"@type":"PropertyValueSpecification","valueRequired":true,"valueName":"search_term_string"}}],"inLanguage":"it-IT"},{"@type":"Organization","@id":"https:\/\/www.compagniadisanpaolo.it\/it\/#organization","name":"Fondazione Compagnia di San Paolo","url":"https:\/\/www.compagniadisanpaolo.it\/it\/","logo":{"@type":"ImageObject","inLanguage":"it-IT","@id":"https:\/\/www.compagniadisanpaolo.it\/it\/#\/schema\/logo\/image\/","url":"https:\/\/www.compagniadisanpaolo.it\/wp-content\/uploads\/logo.svg","contentUrl":"https:\/\/www.compagniadisanpaolo.it\/wp-content\/uploads\/logo.svg","width":769,"height":323,"caption":"Fondazione Compagnia di San Paolo"},"image":{"@id":"https:\/\/www.compagniadisanpaolo.it\/it\/#\/schema\/logo\/image\/"},"sameAs":["https:\/\/www.facebook.com\/CompagniaDiSanPaolo","https:\/\/x.com\/CSP_live","http:\/\/instagram.com\/compagniadisanpaolo?ref=badge","https:\/\/www.linkedin.com\/company\/compagnia-di-san-paolo","https:\/\/www.youtube.com\/user\/compagniadisanpaolo","https:\/\/it.wikipedia.org\/wiki\/Compagnia_di_San_Paolo"]},{"@type":"Person","@id":"https:\/\/www.compagniadisanpaolo.it\/it\/#\/schema\/person\/b7d5451541c25c82f29c5be1e78456b2","name":"Federica","image":{"@type":"ImageObject","inLanguage":"it-IT","@id":"https:\/\/secure.gravatar.com\/avatar\/b5698fa13ac389b1f1fb1263a4626e219d853d7ccf112e854aea8c9c087d24ae?s=96&d=mm&r=g","url":"https:\/\/secure.gravatar.com\/avatar\/b5698fa13ac389b1f1fb1263a4626e219d853d7ccf112e854aea8c9c087d24ae?s=96&d=mm&r=g","contentUrl":"https:\/\/secure.gravatar.com\/avatar\/b5698fa13ac389b1f1fb1263a4626e219d853d7ccf112e854aea8c9c087d24ae?s=96&d=mm&r=g","caption":"Federica"}}]}},"amp_enabled":true,"_links":{"self":[{"href":"https:\/\/www.compagniadisanpaolo.it\/it\/wp-json\/wp\/v2\/posts\/22073","targetHints":{"allow":["GET"]}}],"collection":[{"href":"https:\/\/www.compagniadisanpaolo.it\/it\/wp-json\/wp\/v2\/posts"}],"about":[{"href":"https:\/\/www.compagniadisanpaolo.it\/it\/wp-json\/wp\/v2\/types\/post"}],"author":[{"embeddable":true,"href":"https:\/\/www.compagniadisanpaolo.it\/it\/wp-json\/wp\/v2\/users\/19"}],"replies":[{"embeddable":true,"href":"https:\/\/www.compagniadisanpaolo.it\/it\/wp-json\/wp\/v2\/comments?post=22073"}],"version-history":[{"count":5,"href":"https:\/\/www.compagniadisanpaolo.it\/it\/wp-json\/wp\/v2\/posts\/22073\/revisions"}],"predecessor-version":[{"id":22091,"href":"https:\/\/www.compagniadisanpaolo.it\/it\/wp-json\/wp\/v2\/posts\/22073\/revisions\/22091"}],"wp:featuredmedia":[{"embeddable":true,"href":"https:\/\/www.compagniadisanpaolo.it\/it\/wp-json\/wp\/v2\/media\/22074"}],"wp:attachment":[{"href":"https:\/\/www.compagniadisanpaolo.it\/it\/wp-json\/wp\/v2\/media?parent=22073"}],"wp:term":[{"taxonomy":"category","embeddable":true,"href":"https:\/\/www.compagniadisanpaolo.it\/it\/wp-json\/wp\/v2\/categories?post=22073"},{"taxonomy":"post_tag","embeddable":true,"href":"https:\/\/www.compagniadisanpaolo.it\/it\/wp-json\/wp\/v2\/tags?post=22073"}],"curies":[{"name":"wp","href":"https:\/\/api.w.org\/{rel}","templated":true}]}}