{"id":21519,"date":"2023-03-03T17:17:40","date_gmt":"2023-03-03T16:17:40","guid":{"rendered":"https:\/\/www.compagniadisanpaolo.it\/?p=21519"},"modified":"2023-03-10T13:03:37","modified_gmt":"2023-03-10T12:03:37","slug":"inaugurati-la-nuova-piazza-arbarello-e-il-rinnovato-corso-siccardi","status":"publish","type":"post","link":"https:\/\/www.compagniadisanpaolo.it\/it\/news\/inaugurati-la-nuova-piazza-arbarello-e-il-rinnovato-corso-siccardi\/","title":{"rendered":"Inaugurati la nuova piazza Arbarello e il rinnovato corso Siccardi"},"content":{"rendered":"<div class=\"wpb-content-wrapper\">[vc_row][vc_column][vc_column_text el_class=&#8221;text-headline2&#8243;]Grazie al lavoro congiunto di Citt\u00e0 di Torino, Fondazione Compagnia di San Paolo e Reale Foundation i torinesi dispongono ora di nuovi spazi di comunit\u00e0, a beneficio di una migliore qualit\u00e0 ambientale.[\/vc_column_text][\/vc_column][\/vc_row][vc_row][vc_column][vc_column_text]\n<div class=\"info-box mission\">\n\t\t<div class=\"info-box-wrap info-box-hor row pb-0\">\n\n\t\t      \n\t\t      <div class=\"spalla col-12 col-md-12\">\n\t\t\t<div class=\"info-box sharing-box\">\n\t\t\t  <span class=\"label\">Condividi:<\/span>\n\t\t\t  <div class=\"social-sharing\">\n\t\t\t    <span class=\"box\">\n\t\t\t      <a class=\"fb\" href=\"https:\/\/www.facebook.com\/sharer.php?u=https:\/\/www.compagniadisanpaolo.it\/it\/news\/inaugurati-la-nuova-piazza-arbarello-e-il-rinnovato-corso-siccardi\/\" target=\"_blank\">\n\t\t\t\t<span class=\"sr-only\">Facebook<\/span>\n\t\t\t\t<i class=\"fab fa-facebook-f\"><\/i>\n\t\t\t      <\/a>\n\t\t\t    <\/span>\n\t\t\t    \n\t\t\t    <style>\n.twitter, .twitter:hover{\ncolor:#000000 !important;}\n<\/style>\n\n\n\t\t\t    <span class=\"box\">\n\t\t\t      <a class=\"twitter\" href=\"https:\/\/twitter.com\/intent\/tweet?url=https:\/\/www.compagniadisanpaolo.it\/it\/news\/inaugurati-la-nuova-piazza-arbarello-e-il-rinnovato-corso-siccardi\/\">\n\t\t\t\t<span class=\"sr-only\">Twitter<\/span>\n\t\t\t\t<i class=\"fa-brands fa-x-twitter\"><\/i>\n\t\t\t      <\/a>\n\t\t\t    <\/span>\n\n\t\t\t    \n\t\t\t    <span class=\"box\">\n\t\t\t      <a class=\"linkedin\" href=\"https:\/\/www.linkedin.com\/shareArticle?mini=true&url=https:\/\/www.compagniadisanpaolo.it\/it\/news\/inaugurati-la-nuova-piazza-arbarello-e-il-rinnovato-corso-siccardi\/\">\n\t\t\t\t<span class=\"sr-only\">Linkedin<\/span>\n\t\t\t\t  <i class=\"fa-brands fa-linkedin-in\"><\/i>\n\t\t\t      <\/a>\n\t\t\t    <\/span>\n\n\t\t\t    <span class=\"box\">\n\t\t\t      <a class=\"whatsapp\" href=\"whatsapp:\/\/send?text=https:\/\/www.compagniadisanpaolo.it\/it\/news\/inaugurati-la-nuova-piazza-arbarello-e-il-rinnovato-corso-siccardi\/\" data-action=\"share\/whatsapp\/share\">\n\t\t\t\t<span class=\"sr-only\">Whatsapp<\/span>\n\t\t\t\t<i class=\"fa-brands fa-whatsapp\"><\/i>\n\t\t\t      <\/a>\n\t\t\t    <\/span>\n\n\t\t\t    <span class=\"box\">\n\t\t\t      <a class=\"mail\" href=\"mailto:?subject=Inaugurati la nuova piazza Arbarello e il rinnovato corso Siccardi&body=https:\/\/www.compagniadisanpaolo.it\/it\/news\/inaugurati-la-nuova-piazza-arbarello-e-il-rinnovato-corso-siccardi\/\">\n\t\t\t\t<span class=\"sr-only\">Mail<\/span>\n\t\t\t\t <i class=\"fa-solid fa-envelope\"><\/i>\n\t\t\t      <\/a>\n\t\t\t    <\/span>\n\t\t\t    \n\t\t\t  <\/div>\n\t\t\t<\/div>\n\t      <\/div>\n\t    <\/div><\/div>\n[\/vc_column_text][\/vc_column][\/vc_row][vc_row][vc_column width=&#8221;1\/4&#8243;][vc_column_text]\n\n\n\t\t<div class=\"info-box-wrap\">\n\n\t  <div class=\"info-box date-pub\">\n\t  \t<span class=\"label\">Data di pubblicazione:<\/span>\n\t    <span class=\"value\">3 Marzo 2023<\/span>\n\t  <\/div>\n\t\t\t\t  <div class=\"info-box obj-institutional\">\n\t\t\t\t\t  <div class=\"info-box obj\">\n\t\t\t\t\t    <div class=\"obj-small-box\">\n\t\t\t\t\t      <span>Istituzionale<\/span>\n\t\t\t\t\t    <\/div>\n\t\t\t\t\t  <\/div>\n\t\t\t\t  <\/div>\n\t\t\t  <div class=\"info-box mission\"><span class=\"label\">Tag<\/span><a href=\"https:\/\/www.compagniadisanpaolo.it\/it\/tags\/risultati\/?_sft_post_tag=dinamiche-internazionali\" class=\"tag-element\">Dinamiche internazionali<\/a><a href=\"https:\/\/www.compagniadisanpaolo.it\/it\/tags\/risultati\/?_sft_post_tag=innovazione\" class=\"tag-element\">Innovazione<\/a><a href=\"https:\/\/www.compagniadisanpaolo.it\/it\/tags\/risultati\/?_sft_post_tag=investitori\" class=\"tag-element\">Investitori<\/a><a href=\"https:\/\/www.compagniadisanpaolo.it\/it\/tags\/risultati\/?_sft_post_tag=mobilita-sostenibile\" class=\"tag-element\">Mobilit\u00e0 sostenibile<\/a><a href=\"https:\/\/www.compagniadisanpaolo.it\/it\/tags\/risultati\/?_sft_post_tag=sviluppo-organizzativo\" class=\"tag-element\">Sviluppo organizzativo<\/a><a href=\"https:\/\/www.compagniadisanpaolo.it\/it\/tags\/risultati\/?_sft_post_tag=svolta-green\" class=\"tag-element\">Svolta green<\/a><\/div>\t  \n\t<\/div>\n[\/vc_column_text][\/vc_column][vc_column width=&#8221;3\/4&#8243; el_class=&#8221;page-content&#8221;][vc_column_text el_class=&#8221;text&#8221;]Si \u00e8 tenuto questo pomeriggio il tradizionale taglio del nastro per il <strong>nuovo viale alberato di corso Siccardi<\/strong> e la <strong>rinnovata piazza Arbarello<\/strong>, restituiti ai cittadini del capoluogo piemontese in una veste completamente modificata, <strong>a seguito dell\u2019intervento di riqualificazione <\/strong>voluto dalla<strong> Citt\u00e0 di Torino<\/strong> e realizzato<strong> grazie al contributo della Fondazione Compagnia di San Paolo e di Reale Foundation<\/strong>.<\/p>\n<p>Dopo i significativi investimenti immobiliari attuati nell\u2019area circostante nel corso degli ultimi anni &#8211; tra cui la nuova sede del Collegio Carlo Alberto &#8211; le <strong>due fondazioni torinesi <\/strong>hanno garantito la completa copertura economica per l\u2019attuazione dell\u2019intervento, <strong>erogando un contributo di oltre un milione di euro<\/strong>, con lo scopo di recuperare l\u2019originale dimensione di piazza Arbarello come luogo d\u2019<strong>incontri e socialit\u00e0<\/strong>.<\/p>\n<p>All\u2019ombra del grande tiglio posto al centro della piazza, infatti, \u00e8 stata ora realizzata un\u2019<strong>isola pedonale attrezzata<\/strong> con panchine e arredi urbani. Una porzione dell\u2019area sul fronte nord, sar\u00e0 invece riservata all&#8217;installazione di dehors da parte degli esercizi pubblici, creando cos\u00ec ulteriori <strong>spazi di aggregazione<\/strong>.<\/p>\n<p>Anche il viale alberato di<strong> corso Siccardi<\/strong> diventa ora un <strong>collegamento pedonale e ciclabile<\/strong> che unisce piazza Arbarello, via Barbaroux con corso Galileo Ferraris.<br \/>\nIl viale diventa quindi <strong>una delle porte d&#8217;accesso ciclo-pedonale dalla zona ovest al centro storico<\/strong>, completando il percorso, in parte gi\u00e0 realizzato, sull&#8217;asse di corso Galileo Ferraris.<\/p>\n<p>Il restyling ha comportato, inoltre, <strong>importanti miglioramenti a livello di accessibilit\u00e0<\/strong>, grazie all\u2019<strong>adeguamento dell\u2019impianto semaforico<\/strong> di via Bertola, per una migliore percorrenza del viale da parte di pedoni e ciclisti. Di particolare rilevanza inoltre il fatto che, lungo tutti i percorsi di attraversamento, siano state <strong>abbattute tutte le barriere architettoniche presenti fino a oggi<\/strong>.<\/p>\n<p>\u201c<em>Oggi inauguriamo una rinnovata piazza Arbarello e questo ci fa particolarmente piacere<\/em> \u2013 ha dichiarato <a href=\"https:\/\/www.compagniadisanpaolo.it\/it\/fondazione\/organi\/alberto-anfossi-segretario-generale\/\"><strong>Alberto Anfossi<\/strong><\/a>, <strong>Segretario Generale della Fondazione Compagnia di San Paolo<\/strong>. <em>Siamo convinti che la citt\u00e0 sia un luogo dell\u2019incontro e certamente la rifunzionalizzazione di aree pubbliche, laddove il Comune individua opportunit\u00e0 e priorit\u00e0, costituisce uno strumento essenziale per favorire l&#8217;integrazione territoriale e rivitalizzare i territori. Le sinergie di prossimit\u00e0 possibili sono moltissime, anche nell\u2019uso di questo spazio pubblico da parte delle istituzioni culturali e di formazione che qui costituiscono quasi un \u201cdistretto\u201d: a partire dall\u2019antistante Collegio Carlo Alberto, l\u2019attuale sede della Biblioteca Civica Centrale, l\u2019Archivio di Stato in via Piave, il Polo del \u2018900 ed il Collegio degli Artigianelli. Con questa collaborazione pubblico-privata si realizza parte di quella visione della citt\u00e0-comunit\u00e0 sulla quale la Compagnia \u00e8 sempre pronta a collaborare con il Comune, gli enti del territorio e la cittadinanza<\/em>\u201d.<\/p>\n<p>Per leggere il comunicato stampa completo e approfondire tutti gli interventi attuati all\u2019interno delle aree interessate dall\u2019intervento di rinnovo, leggi il comunicato stampa completo a <a href=\"https:\/\/www.compagniadisanpaolo.it\/wp-content\/uploads\/Comunicato-stampa-Riqualificazione-Piazza-Arbarello.pdf\">questo link<\/a>.[\/vc_column_text][\/vc_column][\/vc_row][vc_row][vc_column][vc_column_text]\n<div id=\"kgvid_kgvid_0_wrapper\" class=\"kgvid_wrapper kgvid_wrapper_auto_left kgvid_wrapper_auto_right\">\n\t\t\t<div id=\"video_kgvid_0_div\" class=\"fitvidsignore kgvid_videodiv\" data-id=\"kgvid_0\" data-kgvid_video_vars=\"{&quot;id&quot;:&quot;kgvid_0&quot;,&quot;attachment_id&quot;:0,&quot;player_type&quot;:&quot;Video.js v8&quot;,&quot;width&quot;:&quot;640&quot;,&quot;height&quot;:&quot;360&quot;,&quot;fullwidth&quot;:&quot;true&quot;,&quot;fixed_aspect&quot;:&quot;vertical&quot;,&quot;countable&quot;:false,&quot;count_views&quot;:&quot;start_complete&quot;,&quot;start&quot;:&quot;&quot;,&quot;autoplay&quot;:&quot;false&quot;,&quot;pauseothervideos&quot;:&quot;true&quot;,&quot;set_volume&quot;:&quot;1&quot;,&quot;muted&quot;:&quot;false&quot;,&quot;meta&quot;:false,&quot;endofvideooverlay&quot;:&quot;&quot;,&quot;resize&quot;:&quot;true&quot;,&quot;auto_res&quot;:&quot;automatic&quot;,&quot;pixel_ratio&quot;:&quot;true&quot;,&quot;right_click&quot;:&quot;on&quot;,&quot;playback_rate&quot;:&quot;false&quot;,&quot;title&quot;:&quot;23_03_03_tg3_arbarello.mp4&quot;,&quot;skip_buttons&quot;:[],&quot;nativecontrolsfortouch&quot;:&quot;false&quot;,&quot;locale&quot;:&quot;it&quot;,&quot;enable_resolutions_plugin&quot;:false}\" itemprop=\"video\" itemscope itemtype=\"https:\/\/schema.org\/VideoObject\"><meta itemprop=\"thumbnailUrl\" content=\"https:\/\/www.compagniadisanpaolo.it\/wp-content\/uploads\/poster-video.jpg\"><meta itemprop=\"embedUrl\" content=\"https:\/\/influxis.gommunity.com\/compagnia\/video\/mp4\/23_03_03_tg3_arbarello.mp4\"><meta itemprop=\"contentUrl\" content=\"https:\/\/influxis.gommunity.com\/compagnia\/video\/mp4\/23_03_03_tg3_arbarello.mp4\"><meta itemprop=\"name\" content=\"23_03_03_tg3_arbarello.mp4\"><meta itemprop=\"description\" content=\"Video\"><meta itemprop=\"uploadDate\" content=\"2023-03-03T17:17:40+01:00\">\n\t\t\t\t<video id=\"video_kgvid_0\" playsinline controls preload=\"metadata\" poster=\"https:\/\/www.compagniadisanpaolo.it\/wp-content\/uploads\/poster-video.jpg\" width=\"640\" height=\"360\" class=\"fitvidsignore video-js kg-video-js-skin\">\n\t\t\t\t\t<source src=\"https:\/\/influxis.gommunity.com\/compagnia\/video\/mp4\/23_03_03_tg3_arbarello.mp4?id=0\" type=\"video\/mp4\" data-res=\"Full\">\n\t\t\t\t<\/video>\n\t\t\t<\/div>\n\t\t<\/div>[\/vc_column_text][\/vc_column][\/vc_row][vc_row el_class=&#8221;sdg-list-wrap&#8221;][vc_column]<style type='text\/css'>\n\t\t\t\t#gallery-1 {\n\t\t\t\t\tmargin: auto;\n\t\t\t\t}\n\t\t\t\t#gallery-1.FGM-Collage .fg-gallery-item {\n\t\t\t\t\ttext-align: center;\t\t\t\n\t\t\t\t}\n\t\t\t\t#gallery-1 .fg-gallery-caption {\n\t\t\t\t\tmargin-left: 0;\n\t\t\t\t}\n\t\t\t\t#gallery-1.fastgallery_mosaic .fg-gallery-caption, \n\t\t\t\t#gallery-1.fastgallery_mosaic .fg-gallery-caption:hover {\n\t\t\t\t\tbackground-color:rgba( 252 , 97 , 93 , 1);\n\t\t\t\t}\n\t\t\t\t#gallery-1.fastgallery_mosaic.gallery .gallery-icon .fg_zoom a, \n\t\t\t\t#gallery-1.fastgallery_mosaic.gallery .gallery-icon .fg_zoom a:hover {\n\t\t\t\t\tcolor:#FC615D;\n\t\t\t\t}\n\t\t\t\t#gallery-1.fastgallery_mosaic.fg_style1 .fg-gallery-caption {\n\t\t\t\t\tcolor:#FFFFFF;\t\n\t\t\t\t}\n\t\t\t\t#gallery-1.fastgallery_mosaic.gallery.fg_style2 .gallery-icon .fg_zoom a {\n\t\t\t\t\tbackground:rgba( 255 , 255 , 255 , 0.3);\n\t\t\t\t}\n\t\t\t\t#gallery-1.fastgallery_mosaic.fg_style2 .fg-gallery-caption {\n\t\t\t\t\tcolor:#FFFFFF;\t\n\t\t\t\t}\t\t\t\n\t\t\t\t#gallery-1.fastgallery_mosaic.gallery.fg_style3 .fg_zoom, #gallery-1.fastgallery_mosaic.gallery.fg_style3 .fg_zoom:hover {\n\t\t\t\t\tbackground:rgba( 252 , 97 , 93 , 1);\n\t\t\t\t}\n\t\t\t\t#gallery-1.fastgallery_mosaic.fg_style3 .fg-gallery-caption {\n\t\t\t\t\tcolor:#FFFFFF;\t\n\t\t\t\t}\t\t\t\t\n\t\t\t\t#gallery-1.fastgallery_mosaic.fg_style4 .fg-gallery-caption,\t\t\t\n\t\t\t\t#gallery-1.fastgallery_mosaic.gallery.fg_style4 .gallery-icon .fg_zoom a, \n\t\t\t\t#gallery-1.fastgallery_mosaic.gallery.fg_style4 .gallery-icon .fg_zoom a:hover {\n\t\t\t\t\tcolor:#FFFFFF;\n\t\t\t\t}\n\t\t\t\t#gallery-1.fastgallery_mosaic.gallery.fg_style4 .gallery-icon .fg_zoom a, \n\t\t\t\t#gallery-1.fastgallery_mosaic.gallery.fg_style4 .gallery-icon .fg_zoom a:hover\t{\n\t\t\t\t\tbackground:rgba( 252 , 97 , 93 , 1);\n\t\t\t\t}\t\t\t\n\t\t\t\t#gallery-1.fastgallery_mosaic.gallery.fg_style5 .gallery-icon .fg_zoom a, \n\t\t\t\t#gallery-1.fastgallery_mosaic.gallery.fg_style5 .gallery-icon .fg_zoom a:hover\t{\n\t\t\t\t\tcolor:#FFFFFF;\n\t\t\t\t\tbackground-color:rgba( 252 , 97 , 93 , 1);\n\t\t\t\t}\t\t\t\t\t\n\t\t\t\t#gallery-1.fastgallery_mosaic.gallery.fg_style6 .gallery-icon .fg_zoom a,\n\t\t\t\t#gallery-1.fastgallery_mosaic.gallery.fg_style6 .gallery-icon .fg_zoom a:hover {\n\t\t\t\t\tcolor:#FFFFFF;\n\t\t\t\t\tbackground:rgba( 252 , 97 , 93 , 1);\t\t\t\t\n\t\t\t\t}\n\t\t\t\n\t\t\t\t#gallery-1.fastgallery_mosaic.fg_style6 .fg-gallery-caption {\n\t\t\t\t\tcolor:#FFFFFF;\t\n\t\t\t\t}\n\t\t\t\t#gallery-1.fastgallery_mosaic.gallery.fg_style7 .gallery-icon .fg_zoom a,\n\t\t\t\t#gallery-1.fastgallery_mosaic.gallery.fg_style7 .gallery-icon .fg_zoom a:hover {\n\t\t\t\t\tcolor:#FFFFFF;\n\t\t\t\t\tbackground:rgba( 252 , 97 , 93 , 1);\t\t\t\t\n\t\t\t\t}\t\t\n\t\t\t\t#gallery-1.fastgallery_mosaic.fg_style7 .fg-gallery-caption {\n\t\t\t\t\tcolor:#FFFFFF;\t\n\t\t\t\t}\n\t\t\t\t\n\t\t\t\t#gallery-1.fastgallery_mosaic.gallery.fg_style8 .gallery-icon .fg_zoom a,\n\t\t\t\t#gallery-1.fastgallery_mosaic.gallery.fg_style8 .gallery-icon .fg_zoom a:hover {\n\t\t\t\t\tcolor:#FFFFFF;\n\t\t\t\t\tbackground:rgba( 252 , 97 , 93 , 1);\t\t\t\t\n\t\t\t\t}\n\t\t\t\n\t\t\t\t#gallery-1.fastgallery_mosaic.fg_style8 .fg-gallery-caption {\n\t\t\t\t\tcolor:#FFFFFF;\t\n\t\t\t\t}\n\t\t\t\t\n\t\t\t\t#gallery-1.fastgallery_mosaic.gallery.fg_style9 .gallery-icon .fg_zoom a,\n\t\t\t\t#gallery-1.fastgallery_mosaic.gallery.fg_style9 .gallery-icon .fg_zoom a:hover {\n\t\t\t\t\tcolor:#FFFFFF;\n\t\t\t\t\tbackground:rgba( 252 , 97 , 93 , 1);\t\t\t\t\n\t\t\t\t}\t\t\n\t\t\t\t#gallery-1.fastgallery_mosaic.fg_style9 .fg-gallery-caption {\n\t\t\t\t\tcolor:#FFFFFF;\t\n\t\t\t\t}\n\t\t\t\t\n\t\t\t\t#gallery-1.fastgallery_mosaic.gallery.fg_style10 .gallery-icon .fg_zoom a,\n\t\t\t\t#gallery-1.fastgallery_mosaic.gallery.fg_style10 .gallery-icon .fg_zoom a:hover {\n\t\t\t\t\tcolor:#FFFFFF;\n\t\t\t\t\tbackground:rgba( 252 , 97 , 93 , 1);\t\t\t\t\n\t\t\t\t}\t\t\n\t\t\t\t#gallery-1.fastgallery_mosaic.fg_style10 .fg-gallery-caption {\n\t\t\t\t\tcolor:#FFFFFF;\t\n\t\t\t\t}#gallery-1.fastgallery_mosaic.gallery span {\n\t\t\t\t\t\t\t\t\t\tfont-size:20px!important;\n\t\t\t\t\t}\n\t\t\t\t\t#gallery-1.fastgallery_mosaic.gallery .gallery-icon .fg-zoom-icon {\n\t\t\t\t\t\t\t\t\t\tmargin-left:-10px!important;\n\t\t\t\t\t\t\t\t\t\tmargin-top:-40px;\n\t\t\t\t\t}\n\t\t\t\t\t#gallery-1.fastgallery_mosaic.gallery.fg_style2 .gallery-icon .fg-zoom-icon,\n\t\t\t\t\t#gallery-1.fastgallery_mosaic.gallery.fg_style5 .gallery-icon .fg-zoom-icon  {\n\t\t\t\t\t\t\t\t\t\tmargin-top:-10px;\n\t\t\t\t\t}\t\t\n\t\t\t\t\t#gallery-1.fastgallery_mosaic.gallery .gallery-icon.no-caption .fg-zoom-icon {\n\t\t\t\t\t\t\t\t\t\tmargin-top:-10px!important;\n\t\t\t\t\t}\n\t\t\t\t\t#gallery-1.fastgallery_mosaic.fg_style7 .fg-gallery-caption,\n\t\t\t\t\t#gallery-1.fastgallery_mosaic.fg_style8 .fg-gallery-caption {\n\t\t\t\t\t\t\t\t\t\ttop:55%;\n\t\t\t\t\t}\n\t\t\t\t\t<\/style>\n\t\t<script type=\"text\/javascript\">jQuery(function($){\n\t\t\t\t\t\t$(window).load(function () {\n\t\t\t\t\t\t\t\t\t$(document).ready(function(){\n\t\t\t\t\t\t\t\t\t\tcollage();\n\t\t\t\t\t\t\t\t\t});\n\t\t\t\t\t\t\t\t\tfunction collage() {\n\t\t\t\t\t\t\t\t\t\t$('#gallery-1.FGM-Collage').removeWhitespace().collagePlus(\n\t\t\t\t\t\t\t\t\t\t{\n\t\t\t\t\t\t\t\t\t\t\t\t'targetHeight'  \t\t: 300,\n\t\t\t\t\t\t\t\t\t\t\t\t'padding'\t\t\t\t: 20,\n\t\t\t\t\t\t\t\t\t\t\t\t'allowPartialLastRow'   : true\n\t\t\t\t\t\t\t\t\t\t\t}\n\t\t\t\t\t\t\t\t\t\t);\n\t\t\t\t\t\t\t\t\t};\t\n\t\t\t\t\t\t\t\t\tvar resizeTimer = null;\n\t\t\t\t\t\t\t\t\t$(window).bind('resize', function() {\n\t\t\t\t\t\t\t\t\t\t$('.FGM-Collage .fg-gallery-item').css(\"opacity\", 0);\n\t\t\t\t\t\t\t\t\t\tif (resizeTimer) clearTimeout(resizeTimer);\n\t\t\t\t\t\t\t\t\t\tresizeTimer = setTimeout(collage, 200);\n\t\t\t\t\t\t\t\t\t});\t\n\t\t\t\t\t});\n\t\t\t\t\t});<\/script><script type=\"text\/javascript\">\n\t\t\t\t\t\tjQuery(function($){\n\t\t\t\t\t\t\t$('#gallery-1.gallery.fastgallery_mosaic').lightGallery({\n\t\t\t\t\t\t\t\tmode:'slide',\n\t\t\t\t\t\t\t\tspeed: 2000,\n\t\t\t\t\t\t\t\tthumbnail: true,\n\t\t\t\t\t\t\t\tcontrols: true\t\t\t\t\t\t\t\t\n\t\t\t\t\t\t\t});\n\t\t\t\t\t\t});\t\t\n\t\t\t\t\t<\/script>\n\t\t<div id='gallery-1' class='FGM-Collage gallery galleryid-1 gallery-size-fg_layout5 fastgallery_mosaic fg_responsive fg_style1 fg_over_image_off fg_layout5'><div data-src='https:\/\/www.compagniadisanpaolo.it\/wp-content\/uploads\/CSP_Riqualificazione-Piazza-Arbarello-12-1000x800.jpg' class='fg-gallery-item  '><div class='gallery-icon landscape no-caption'><div class='fg_zoom'><img loading=\"lazy\" decoding=\"async\" width=\"1400\" height=\"800\" src=\"https:\/\/www.compagniadisanpaolo.it\/wp-content\/uploads\/CSP_Riqualificazione-Piazza-Arbarello-12-1400x800.jpg\" class=\"attachment-fgm-1-6 size-fgm-1-6\" alt=\"\" srcset=\"https:\/\/www.compagniadisanpaolo.it\/wp-content\/uploads\/CSP_Riqualificazione-Piazza-Arbarello-12-1400x800.jpg 1400w, https:\/\/www.compagniadisanpaolo.it\/wp-content\/uploads\/CSP_Riqualificazione-Piazza-Arbarello-12-540x310.jpg 540w\" sizes=\"auto, (max-width: 1400px) 100vw, 1400px\" \/><a href='https:\/\/www.compagniadisanpaolo.it\/wp-content\/uploads\/CSP_Riqualificazione-Piazza-Arbarello-12-1000x800.jpg'><span class='fg-zoom-icon icon-plus'><\/span><\/a><\/div><\/div><\/div><div data-src='https:\/\/www.compagniadisanpaolo.it\/wp-content\/uploads\/CSP_press-Riqualificazione-Piazza-Arbarello-6-1000x800.jpg' class='fg-gallery-item  '><div class='gallery-icon landscape no-caption'><div class='fg_zoom'><img loading=\"lazy\" decoding=\"async\" width=\"1400\" height=\"800\" src=\"https:\/\/www.compagniadisanpaolo.it\/wp-content\/uploads\/CSP_press-Riqualificazione-Piazza-Arbarello-6-1400x800.jpg\" class=\"attachment-fgm-1-6 size-fgm-1-6\" alt=\"\" srcset=\"https:\/\/www.compagniadisanpaolo.it\/wp-content\/uploads\/CSP_press-Riqualificazione-Piazza-Arbarello-6-1400x800.jpg 1400w, https:\/\/www.compagniadisanpaolo.it\/wp-content\/uploads\/CSP_press-Riqualificazione-Piazza-Arbarello-6-540x310.jpg 540w\" sizes=\"auto, (max-width: 1400px) 100vw, 1400px\" \/><a href='https:\/\/www.compagniadisanpaolo.it\/wp-content\/uploads\/CSP_press-Riqualificazione-Piazza-Arbarello-6-1000x800.jpg'><span class='fg-zoom-icon icon-plus'><\/span><\/a><\/div><\/div><\/div><div data-src='https:\/\/www.compagniadisanpaolo.it\/wp-content\/uploads\/CSP_press-Riqualificazione-Piazza-Arbarello-2-1000x800.jpg' class='fg-gallery-item  '><div class='gallery-icon landscape no-caption'><div class='fg_zoom'><img loading=\"lazy\" decoding=\"async\" width=\"1000\" height=\"800\" src=\"https:\/\/www.compagniadisanpaolo.it\/wp-content\/uploads\/CSP_press-Riqualificazione-Piazza-Arbarello-2-1000x800.jpg\" class=\"attachment-fgm-2-6 size-fgm-2-6\" alt=\"\" \/><a href='https:\/\/www.compagniadisanpaolo.it\/wp-content\/uploads\/CSP_press-Riqualificazione-Piazza-Arbarello-2-1000x800.jpg'><span class='fg-zoom-icon icon-plus'><\/span><\/a><\/div><\/div><\/div><div data-src='https:\/\/www.compagniadisanpaolo.it\/wp-content\/uploads\/CSP_Press-23-1000x800.jpg' class='fg-gallery-item  '><div class='gallery-icon landscape no-caption'><div class='fg_zoom'><img loading=\"lazy\" decoding=\"async\" width=\"1000\" height=\"800\" src=\"https:\/\/www.compagniadisanpaolo.it\/wp-content\/uploads\/CSP_Press-23-1000x800.jpg\" class=\"attachment-fgm-2-6 size-fgm-2-6\" alt=\"\" \/><a href='https:\/\/www.compagniadisanpaolo.it\/wp-content\/uploads\/CSP_Press-23-1000x800.jpg'><span class='fg-zoom-icon icon-plus'><\/span><\/a><\/div><\/div><\/div><div data-src='https:\/\/www.compagniadisanpaolo.it\/wp-content\/uploads\/CSP_Press-26-1000x800.jpg' class='fg-gallery-item  '><div class='gallery-icon landscape no-caption'><div class='fg_zoom'><img loading=\"lazy\" decoding=\"async\" width=\"1200\" height=\"800\" src=\"https:\/\/www.compagniadisanpaolo.it\/wp-content\/uploads\/CSP_Press-26-1200x800.jpg\" class=\"attachment-fgm-3-6 size-fgm-3-6\" alt=\"\" srcset=\"https:\/\/www.compagniadisanpaolo.it\/wp-content\/uploads\/CSP_Press-26-1200x800.jpg 1200w, https:\/\/www.compagniadisanpaolo.it\/wp-content\/uploads\/CSP_Press-26-300x200.jpg 300w, https:\/\/www.compagniadisanpaolo.it\/wp-content\/uploads\/CSP_Press-26-1024x683.jpg 1024w, https:\/\/www.compagniadisanpaolo.it\/wp-content\/uploads\/CSP_Press-26-768x512.jpg 768w, https:\/\/www.compagniadisanpaolo.it\/wp-content\/uploads\/CSP_Press-26-1536x1024.jpg 1536w, https:\/\/www.compagniadisanpaolo.it\/wp-content\/uploads\/CSP_Press-26-500x333.jpg 500w, https:\/\/www.compagniadisanpaolo.it\/wp-content\/uploads\/CSP_Press-26.jpg 1890w\" sizes=\"auto, (max-width: 1200px) 100vw, 1200px\" \/><a href='https:\/\/www.compagniadisanpaolo.it\/wp-content\/uploads\/CSP_Press-26-1000x800.jpg'><span class='fg-zoom-icon icon-plus'><\/span><\/a><\/div><\/div><\/div><div data-src='https:\/\/www.compagniadisanpaolo.it\/wp-content\/uploads\/CSP_Press-17-1000x800.jpg' class='fg-gallery-item  '><div class='gallery-icon landscape no-caption'><div class='fg_zoom'><img loading=\"lazy\" decoding=\"async\" width=\"1200\" height=\"800\" src=\"https:\/\/www.compagniadisanpaolo.it\/wp-content\/uploads\/CSP_Press-17-1200x800.jpg\" class=\"attachment-fgm-3-6 size-fgm-3-6\" alt=\"\" srcset=\"https:\/\/www.compagniadisanpaolo.it\/wp-content\/uploads\/CSP_Press-17-1200x800.jpg 1200w, https:\/\/www.compagniadisanpaolo.it\/wp-content\/uploads\/CSP_Press-17-300x200.jpg 300w, https:\/\/www.compagniadisanpaolo.it\/wp-content\/uploads\/CSP_Press-17-1024x683.jpg 1024w, https:\/\/www.compagniadisanpaolo.it\/wp-content\/uploads\/CSP_Press-17-768x512.jpg 768w, https:\/\/www.compagniadisanpaolo.it\/wp-content\/uploads\/CSP_Press-17-1536x1024.jpg 1536w, https:\/\/www.compagniadisanpaolo.it\/wp-content\/uploads\/CSP_Press-17-500x333.jpg 500w, https:\/\/www.compagniadisanpaolo.it\/wp-content\/uploads\/CSP_Press-17.jpg 1890w\" sizes=\"auto, (max-width: 1200px) 100vw, 1200px\" \/><a href='https:\/\/www.compagniadisanpaolo.it\/wp-content\/uploads\/CSP_Press-17-1000x800.jpg'><span class='fg-zoom-icon icon-plus'><\/span><\/a><\/div><\/div><\/div><div data-src='https:\/\/www.compagniadisanpaolo.it\/wp-content\/uploads\/CSP_Press-Riqualificazione-Piazza-Arbarello-27-1000x800.jpg' class='fg-gallery-item  '><div class='gallery-icon landscape no-caption'><div class='fg_zoom'><img loading=\"lazy\" decoding=\"async\" width=\"1400\" height=\"800\" src=\"https:\/\/www.compagniadisanpaolo.it\/wp-content\/uploads\/CSP_Press-Riqualificazione-Piazza-Arbarello-27-1400x800.jpg\" class=\"attachment-fgm-1-6 size-fgm-1-6\" alt=\"\" srcset=\"https:\/\/www.compagniadisanpaolo.it\/wp-content\/uploads\/CSP_Press-Riqualificazione-Piazza-Arbarello-27-1400x800.jpg 1400w, https:\/\/www.compagniadisanpaolo.it\/wp-content\/uploads\/CSP_Press-Riqualificazione-Piazza-Arbarello-27-540x310.jpg 540w\" sizes=\"auto, (max-width: 1400px) 100vw, 1400px\" \/><a href='https:\/\/www.compagniadisanpaolo.it\/wp-content\/uploads\/CSP_Press-Riqualificazione-Piazza-Arbarello-27-1000x800.jpg'><span class='fg-zoom-icon icon-plus'><\/span><\/a><\/div><\/div><\/div>\n\t\t\t\t\t<\/div>\n[vc_empty_space][\/vc_column][vc_column][vc_raw_html]JTVCbW9zdHJhU0RHUyU1RA==[\/vc_raw_html][\/vc_column][\/vc_row][vc_row disable_element=&#8221;yes&#8221; el_class=&#8221;sdg-list-wrap&#8221;][vc_column][vc_raw_html]JTVCU2V6aW9uZV9Eb2N1bWVudGklNUQ=[\/vc_raw_html][\/vc_column][\/vc_row][vc_row][vc_column]<div class=\"templatera_shortcode\"><div data-vc-full-width=\"true\" data-vc-full-width-temp=\"true\" data-vc-full-width-init=\"false\" class=\"vc_row wpb_row vc_row-fluid newsletter-wrap\"><div class=\"wpb_column vc_column_container vc_col-sm-12\"><div class=\"vc_column-inner\"><div class=\"wpb_wrapper\">\n\t<div class=\"wpb_raw_code wpb_raw_html wpb_content_element\" >\n\t\t<div class=\"wpb_wrapper\">\n\t\t\t    <div class=\"container\">\n      <div class=\"row align-items-center\">\n\t<div class=\"col-12 col-lg-6 col-xl-5 mb-3 mb-lg-0 pr-0\">\n\t  <h2 class=\"title\">Rimani aggiornato sui nostri bandi e sui nostri progetti<\/h2>\n\t<\/div>\n\t<div class=\"col-12 col-lg-6 col-xl-7 pl-xl-4\">\n\t  <a class=\"standard-link-block\" href=\"\/it\/newsletter\/\">\n\t    Compila il form e decidi su quale argomento vuoi ricevere notizie.\t    <strong>\u00a0 ISCRIVITI!<\/strong>\n\t  <\/a>\n\t<\/div>\n      <\/div>\n    <\/div>\n\t\t<\/div>\n\t<\/div>\n<\/div><\/div><\/div><\/div><div class=\"vc_row-full-width vc_clearfix\"><\/div><\/div>[\/vc_column][\/vc_row]\n<\/div>","protected":false},"excerpt":{"rendered":"<p>Grazie al lavoro congiunto di Citt\u00e0 di Torino, Fondazione Compagnia di San Paolo e Reale Foundation i torinesi dispongono ora di nuovi spazi di comunit\u00e0, a beneficio di una migliore qualit\u00e0 ambientale.<\/p>\n","protected":false},"author":19,"featured_media":21546,"comment_status":"closed","ping_status":"closed","sticky":false,"template":"","format":"standard","meta":{"_acf_changed":false,"content-type":"","footnotes":""},"categories":[17],"tags":[96,59,60,102,61,72],"class_list":["post-21519","post","type-post","status-publish","format-standard","has-post-thumbnail","hentry","category-news","tag-dinamiche-internazionali","tag-innovazione","tag-investitori","tag-mobilita-sostenibile","tag-sviluppo-organizzativo","tag-svolta-green","entry","post-inner"],"acf":[],"yoast_head":"<!-- This site is optimized with the Yoast SEO plugin v27.3 - https:\/\/yoast.com\/product\/yoast-seo-wordpress\/ -->\n<title>Inaugurati la nuova piazza Arbarello e il rinnovato corso Siccardi - Fondazione Compagnia di San Paolo<\/title>\n<meta name=\"description\" content=\"Grazie al lavoro congiunto di Citt\u00e0 di Torino, Fondazione Compagnia di San Paolo e Reale Foundation i torinesi dispongono ora di nuovi spazi di comunit\u00e0, a beneficio di una migliore qualit\u00e0 ambientale.\" \/>\n<meta name=\"robots\" content=\"index, follow, max-snippet:-1, max-image-preview:large, max-video-preview:-1\" \/>\n<link rel=\"canonical\" href=\"https:\/\/www.compagniadisanpaolo.it\/it\/news\/inaugurati-la-nuova-piazza-arbarello-e-il-rinnovato-corso-siccardi\/\" \/>\n<meta property=\"og:locale\" content=\"it_IT\" \/>\n<meta property=\"og:type\" content=\"article\" \/>\n<meta property=\"og:title\" content=\"Inaugurati la nuova piazza Arbarello e il rinnovato corso Siccardi - Fondazione Compagnia di San Paolo\" \/>\n<meta property=\"og:description\" content=\"Grazie al lavoro congiunto di Citt\u00e0 di Torino, Fondazione Compagnia di San Paolo e Reale Foundation i torinesi dispongono ora di nuovi spazi di comunit\u00e0, a beneficio di una migliore qualit\u00e0 ambientale.\" \/>\n<meta property=\"og:url\" content=\"https:\/\/www.compagniadisanpaolo.it\/it\/news\/inaugurati-la-nuova-piazza-arbarello-e-il-rinnovato-corso-siccardi\/\" \/>\n<meta property=\"og:site_name\" content=\"Fondazione Compagnia di San Paolo\" \/>\n<meta property=\"article:publisher\" content=\"https:\/\/www.facebook.com\/CompagniaDiSanPaolo\" \/>\n<meta property=\"article:published_time\" content=\"2023-03-03T16:17:40+00:00\" \/>\n<meta property=\"article:modified_time\" content=\"2023-03-10T12:03:37+00:00\" \/>\n<meta property=\"og:image\" content=\"https:\/\/www.compagniadisanpaolo.it\/wp-content\/uploads\/Banner-per-articolo-815X494-pixel.jpg\" \/>\n\t<meta property=\"og:image:width\" content=\"815\" \/>\n\t<meta property=\"og:image:height\" content=\"494\" \/>\n\t<meta property=\"og:image:type\" content=\"image\/jpeg\" \/>\n<meta name=\"author\" content=\"Federica\" \/>\n<meta name=\"twitter:card\" content=\"summary_large_image\" \/>\n<meta name=\"twitter:creator\" content=\"@CSP_live\" \/>\n<meta name=\"twitter:site\" content=\"@CSP_live\" \/>\n<meta name=\"twitter:label1\" content=\"Scritto da\" \/>\n\t<meta name=\"twitter:data1\" content=\"Federica\" \/>\n\t<meta name=\"twitter:label2\" content=\"Tempo di lettura stimato\" \/>\n\t<meta name=\"twitter:data2\" content=\"3 minuti\" \/>\n<script type=\"application\/ld+json\" class=\"yoast-schema-graph\">{\"@context\":\"https:\\\/\\\/schema.org\",\"@graph\":[{\"@type\":\"Article\",\"@id\":\"https:\\\/\\\/www.compagniadisanpaolo.it\\\/it\\\/news\\\/inaugurati-la-nuova-piazza-arbarello-e-il-rinnovato-corso-siccardi\\\/#article\",\"isPartOf\":{\"@id\":\"https:\\\/\\\/www.compagniadisanpaolo.it\\\/it\\\/news\\\/inaugurati-la-nuova-piazza-arbarello-e-il-rinnovato-corso-siccardi\\\/\"},\"author\":{\"name\":\"Federica\",\"@id\":\"https:\\\/\\\/www.compagniadisanpaolo.it\\\/it\\\/#\\\/schema\\\/person\\\/b7d5451541c25c82f29c5be1e78456b2\"},\"headline\":\"Inaugurati la nuova piazza Arbarello e il rinnovato corso Siccardi\",\"datePublished\":\"2023-03-03T16:17:40+00:00\",\"dateModified\":\"2023-03-10T12:03:37+00:00\",\"mainEntityOfPage\":{\"@id\":\"https:\\\/\\\/www.compagniadisanpaolo.it\\\/it\\\/news\\\/inaugurati-la-nuova-piazza-arbarello-e-il-rinnovato-corso-siccardi\\\/\"},\"wordCount\":677,\"publisher\":{\"@id\":\"https:\\\/\\\/www.compagniadisanpaolo.it\\\/it\\\/#organization\"},\"image\":{\"@id\":\"https:\\\/\\\/www.compagniadisanpaolo.it\\\/it\\\/news\\\/inaugurati-la-nuova-piazza-arbarello-e-il-rinnovato-corso-siccardi\\\/#primaryimage\"},\"thumbnailUrl\":\"https:\\\/\\\/www.compagniadisanpaolo.it\\\/wp-content\\\/uploads\\\/Banner-per-articolo-815X494-pixel.jpg\",\"keywords\":[\"dinamiche internazionali\",\"innovazione\",\"investitori\",\"mobilit\u00e0 sostenibile\",\"sviluppo organizzativo\",\"svolta green\"],\"articleSection\":[\"News\"],\"inLanguage\":\"it-IT\"},{\"@type\":\"WebPage\",\"@id\":\"https:\\\/\\\/www.compagniadisanpaolo.it\\\/it\\\/news\\\/inaugurati-la-nuova-piazza-arbarello-e-il-rinnovato-corso-siccardi\\\/\",\"url\":\"https:\\\/\\\/www.compagniadisanpaolo.it\\\/it\\\/news\\\/inaugurati-la-nuova-piazza-arbarello-e-il-rinnovato-corso-siccardi\\\/\",\"name\":\"Inaugurati la nuova piazza Arbarello e il rinnovato corso Siccardi - Fondazione Compagnia di San Paolo\",\"isPartOf\":{\"@id\":\"https:\\\/\\\/www.compagniadisanpaolo.it\\\/it\\\/#website\"},\"primaryImageOfPage\":{\"@id\":\"https:\\\/\\\/www.compagniadisanpaolo.it\\\/it\\\/news\\\/inaugurati-la-nuova-piazza-arbarello-e-il-rinnovato-corso-siccardi\\\/#primaryimage\"},\"image\":{\"@id\":\"https:\\\/\\\/www.compagniadisanpaolo.it\\\/it\\\/news\\\/inaugurati-la-nuova-piazza-arbarello-e-il-rinnovato-corso-siccardi\\\/#primaryimage\"},\"thumbnailUrl\":\"https:\\\/\\\/www.compagniadisanpaolo.it\\\/wp-content\\\/uploads\\\/Banner-per-articolo-815X494-pixel.jpg\",\"datePublished\":\"2023-03-03T16:17:40+00:00\",\"dateModified\":\"2023-03-10T12:03:37+00:00\",\"description\":\"Grazie al lavoro congiunto di Citt\u00e0 di Torino, Fondazione Compagnia di San Paolo e Reale Foundation i torinesi dispongono ora di nuovi spazi di comunit\u00e0, a beneficio di una migliore qualit\u00e0 ambientale.\",\"breadcrumb\":{\"@id\":\"https:\\\/\\\/www.compagniadisanpaolo.it\\\/it\\\/news\\\/inaugurati-la-nuova-piazza-arbarello-e-il-rinnovato-corso-siccardi\\\/#breadcrumb\"},\"inLanguage\":\"it-IT\",\"potentialAction\":[{\"@type\":\"ReadAction\",\"target\":[\"https:\\\/\\\/www.compagniadisanpaolo.it\\\/it\\\/news\\\/inaugurati-la-nuova-piazza-arbarello-e-il-rinnovato-corso-siccardi\\\/\"]}]},{\"@type\":\"ImageObject\",\"inLanguage\":\"it-IT\",\"@id\":\"https:\\\/\\\/www.compagniadisanpaolo.it\\\/it\\\/news\\\/inaugurati-la-nuova-piazza-arbarello-e-il-rinnovato-corso-siccardi\\\/#primaryimage\",\"url\":\"https:\\\/\\\/www.compagniadisanpaolo.it\\\/wp-content\\\/uploads\\\/Banner-per-articolo-815X494-pixel.jpg\",\"contentUrl\":\"https:\\\/\\\/www.compagniadisanpaolo.it\\\/wp-content\\\/uploads\\\/Banner-per-articolo-815X494-pixel.jpg\",\"width\":815,\"height\":494},{\"@type\":\"BreadcrumbList\",\"@id\":\"https:\\\/\\\/www.compagniadisanpaolo.it\\\/it\\\/news\\\/inaugurati-la-nuova-piazza-arbarello-e-il-rinnovato-corso-siccardi\\\/#breadcrumb\",\"itemListElement\":[{\"@type\":\"ListItem\",\"position\":1,\"name\":\"Home\",\"item\":\"https:\\\/\\\/www.compagniadisanpaolo.it\\\/it\\\/\"},{\"@type\":\"ListItem\",\"position\":2,\"name\":\"Inaugurati la nuova piazza Arbarello e il rinnovato corso Siccardi\"}]},{\"@type\":\"WebSite\",\"@id\":\"https:\\\/\\\/www.compagniadisanpaolo.it\\\/it\\\/#website\",\"url\":\"https:\\\/\\\/www.compagniadisanpaolo.it\\\/it\\\/\",\"name\":\"Fondazione Compagnia di San Paolo\",\"description\":\"\",\"publisher\":{\"@id\":\"https:\\\/\\\/www.compagniadisanpaolo.it\\\/it\\\/#organization\"},\"potentialAction\":[{\"@type\":\"SearchAction\",\"target\":{\"@type\":\"EntryPoint\",\"urlTemplate\":\"https:\\\/\\\/www.compagniadisanpaolo.it\\\/it\\\/?s={search_term_string}\"},\"query-input\":{\"@type\":\"PropertyValueSpecification\",\"valueRequired\":true,\"valueName\":\"search_term_string\"}}],\"inLanguage\":\"it-IT\"},{\"@type\":\"Organization\",\"@id\":\"https:\\\/\\\/www.compagniadisanpaolo.it\\\/it\\\/#organization\",\"name\":\"Fondazione Compagnia di San Paolo\",\"url\":\"https:\\\/\\\/www.compagniadisanpaolo.it\\\/it\\\/\",\"logo\":{\"@type\":\"ImageObject\",\"inLanguage\":\"it-IT\",\"@id\":\"https:\\\/\\\/www.compagniadisanpaolo.it\\\/it\\\/#\\\/schema\\\/logo\\\/image\\\/\",\"url\":\"https:\\\/\\\/www.compagniadisanpaolo.it\\\/wp-content\\\/uploads\\\/logo.svg\",\"contentUrl\":\"https:\\\/\\\/www.compagniadisanpaolo.it\\\/wp-content\\\/uploads\\\/logo.svg\",\"width\":769,\"height\":323,\"caption\":\"Fondazione Compagnia di San Paolo\"},\"image\":{\"@id\":\"https:\\\/\\\/www.compagniadisanpaolo.it\\\/it\\\/#\\\/schema\\\/logo\\\/image\\\/\"},\"sameAs\":[\"https:\\\/\\\/www.facebook.com\\\/CompagniaDiSanPaolo\",\"https:\\\/\\\/x.com\\\/CSP_live\",\"http:\\\/\\\/instagram.com\\\/compagniadisanpaolo?ref=badge\",\"https:\\\/\\\/www.linkedin.com\\\/company\\\/compagnia-di-san-paolo\",\"https:\\\/\\\/www.youtube.com\\\/user\\\/compagniadisanpaolo\",\"https:\\\/\\\/it.wikipedia.org\\\/wiki\\\/Compagnia_di_San_Paolo\"]},{\"@type\":\"Person\",\"@id\":\"https:\\\/\\\/www.compagniadisanpaolo.it\\\/it\\\/#\\\/schema\\\/person\\\/b7d5451541c25c82f29c5be1e78456b2\",\"name\":\"Federica\",\"image\":{\"@type\":\"ImageObject\",\"inLanguage\":\"it-IT\",\"@id\":\"https:\\\/\\\/secure.gravatar.com\\\/avatar\\\/b5698fa13ac389b1f1fb1263a4626e219d853d7ccf112e854aea8c9c087d24ae?s=96&d=mm&r=g\",\"url\":\"https:\\\/\\\/secure.gravatar.com\\\/avatar\\\/b5698fa13ac389b1f1fb1263a4626e219d853d7ccf112e854aea8c9c087d24ae?s=96&d=mm&r=g\",\"contentUrl\":\"https:\\\/\\\/secure.gravatar.com\\\/avatar\\\/b5698fa13ac389b1f1fb1263a4626e219d853d7ccf112e854aea8c9c087d24ae?s=96&d=mm&r=g\",\"caption\":\"Federica\"}}]}<\/script>\n<!-- \/ Yoast SEO plugin. -->","yoast_head_json":{"title":"Inaugurati la nuova piazza Arbarello e il rinnovato corso Siccardi - Fondazione Compagnia di San Paolo","description":"Grazie al lavoro congiunto di Citt\u00e0 di Torino, Fondazione Compagnia di San Paolo e Reale Foundation i torinesi dispongono ora di nuovi spazi di comunit\u00e0, a beneficio di una migliore qualit\u00e0 ambientale.","robots":{"index":"index","follow":"follow","max-snippet":"max-snippet:-1","max-image-preview":"max-image-preview:large","max-video-preview":"max-video-preview:-1"},"canonical":"https:\/\/www.compagniadisanpaolo.it\/it\/news\/inaugurati-la-nuova-piazza-arbarello-e-il-rinnovato-corso-siccardi\/","og_locale":"it_IT","og_type":"article","og_title":"Inaugurati la nuova piazza Arbarello e il rinnovato corso Siccardi - Fondazione Compagnia di San Paolo","og_description":"Grazie al lavoro congiunto di Citt\u00e0 di Torino, Fondazione Compagnia di San Paolo e Reale Foundation i torinesi dispongono ora di nuovi spazi di comunit\u00e0, a beneficio di una migliore qualit\u00e0 ambientale.","og_url":"https:\/\/www.compagniadisanpaolo.it\/it\/news\/inaugurati-la-nuova-piazza-arbarello-e-il-rinnovato-corso-siccardi\/","og_site_name":"Fondazione Compagnia di San Paolo","article_publisher":"https:\/\/www.facebook.com\/CompagniaDiSanPaolo","article_published_time":"2023-03-03T16:17:40+00:00","article_modified_time":"2023-03-10T12:03:37+00:00","og_image":[{"width":815,"height":494,"url":"https:\/\/www.compagniadisanpaolo.it\/wp-content\/uploads\/Banner-per-articolo-815X494-pixel.jpg","type":"image\/jpeg"}],"author":"Federica","twitter_card":"summary_large_image","twitter_creator":"@CSP_live","twitter_site":"@CSP_live","twitter_misc":{"Scritto da":"Federica","Tempo di lettura stimato":"3 minuti"},"schema":{"@context":"https:\/\/schema.org","@graph":[{"@type":"Article","@id":"https:\/\/www.compagniadisanpaolo.it\/it\/news\/inaugurati-la-nuova-piazza-arbarello-e-il-rinnovato-corso-siccardi\/#article","isPartOf":{"@id":"https:\/\/www.compagniadisanpaolo.it\/it\/news\/inaugurati-la-nuova-piazza-arbarello-e-il-rinnovato-corso-siccardi\/"},"author":{"name":"Federica","@id":"https:\/\/www.compagniadisanpaolo.it\/it\/#\/schema\/person\/b7d5451541c25c82f29c5be1e78456b2"},"headline":"Inaugurati la nuova piazza Arbarello e il rinnovato corso Siccardi","datePublished":"2023-03-03T16:17:40+00:00","dateModified":"2023-03-10T12:03:37+00:00","mainEntityOfPage":{"@id":"https:\/\/www.compagniadisanpaolo.it\/it\/news\/inaugurati-la-nuova-piazza-arbarello-e-il-rinnovato-corso-siccardi\/"},"wordCount":677,"publisher":{"@id":"https:\/\/www.compagniadisanpaolo.it\/it\/#organization"},"image":{"@id":"https:\/\/www.compagniadisanpaolo.it\/it\/news\/inaugurati-la-nuova-piazza-arbarello-e-il-rinnovato-corso-siccardi\/#primaryimage"},"thumbnailUrl":"https:\/\/www.compagniadisanpaolo.it\/wp-content\/uploads\/Banner-per-articolo-815X494-pixel.jpg","keywords":["dinamiche internazionali","innovazione","investitori","mobilit\u00e0 sostenibile","sviluppo organizzativo","svolta green"],"articleSection":["News"],"inLanguage":"it-IT"},{"@type":"WebPage","@id":"https:\/\/www.compagniadisanpaolo.it\/it\/news\/inaugurati-la-nuova-piazza-arbarello-e-il-rinnovato-corso-siccardi\/","url":"https:\/\/www.compagniadisanpaolo.it\/it\/news\/inaugurati-la-nuova-piazza-arbarello-e-il-rinnovato-corso-siccardi\/","name":"Inaugurati la nuova piazza Arbarello e il rinnovato corso Siccardi - Fondazione Compagnia di San Paolo","isPartOf":{"@id":"https:\/\/www.compagniadisanpaolo.it\/it\/#website"},"primaryImageOfPage":{"@id":"https:\/\/www.compagniadisanpaolo.it\/it\/news\/inaugurati-la-nuova-piazza-arbarello-e-il-rinnovato-corso-siccardi\/#primaryimage"},"image":{"@id":"https:\/\/www.compagniadisanpaolo.it\/it\/news\/inaugurati-la-nuova-piazza-arbarello-e-il-rinnovato-corso-siccardi\/#primaryimage"},"thumbnailUrl":"https:\/\/www.compagniadisanpaolo.it\/wp-content\/uploads\/Banner-per-articolo-815X494-pixel.jpg","datePublished":"2023-03-03T16:17:40+00:00","dateModified":"2023-03-10T12:03:37+00:00","description":"Grazie al lavoro congiunto di Citt\u00e0 di Torino, Fondazione Compagnia di San Paolo e Reale Foundation i torinesi dispongono ora di nuovi spazi di comunit\u00e0, a beneficio di una migliore qualit\u00e0 ambientale.","breadcrumb":{"@id":"https:\/\/www.compagniadisanpaolo.it\/it\/news\/inaugurati-la-nuova-piazza-arbarello-e-il-rinnovato-corso-siccardi\/#breadcrumb"},"inLanguage":"it-IT","potentialAction":[{"@type":"ReadAction","target":["https:\/\/www.compagniadisanpaolo.it\/it\/news\/inaugurati-la-nuova-piazza-arbarello-e-il-rinnovato-corso-siccardi\/"]}]},{"@type":"ImageObject","inLanguage":"it-IT","@id":"https:\/\/www.compagniadisanpaolo.it\/it\/news\/inaugurati-la-nuova-piazza-arbarello-e-il-rinnovato-corso-siccardi\/#primaryimage","url":"https:\/\/www.compagniadisanpaolo.it\/wp-content\/uploads\/Banner-per-articolo-815X494-pixel.jpg","contentUrl":"https:\/\/www.compagniadisanpaolo.it\/wp-content\/uploads\/Banner-per-articolo-815X494-pixel.jpg","width":815,"height":494},{"@type":"BreadcrumbList","@id":"https:\/\/www.compagniadisanpaolo.it\/it\/news\/inaugurati-la-nuova-piazza-arbarello-e-il-rinnovato-corso-siccardi\/#breadcrumb","itemListElement":[{"@type":"ListItem","position":1,"name":"Home","item":"https:\/\/www.compagniadisanpaolo.it\/it\/"},{"@type":"ListItem","position":2,"name":"Inaugurati la nuova piazza Arbarello e il rinnovato corso Siccardi"}]},{"@type":"WebSite","@id":"https:\/\/www.compagniadisanpaolo.it\/it\/#website","url":"https:\/\/www.compagniadisanpaolo.it\/it\/","name":"Fondazione Compagnia di San Paolo","description":"","publisher":{"@id":"https:\/\/www.compagniadisanpaolo.it\/it\/#organization"},"potentialAction":[{"@type":"SearchAction","target":{"@type":"EntryPoint","urlTemplate":"https:\/\/www.compagniadisanpaolo.it\/it\/?s={search_term_string}"},"query-input":{"@type":"PropertyValueSpecification","valueRequired":true,"valueName":"search_term_string"}}],"inLanguage":"it-IT"},{"@type":"Organization","@id":"https:\/\/www.compagniadisanpaolo.it\/it\/#organization","name":"Fondazione Compagnia di San Paolo","url":"https:\/\/www.compagniadisanpaolo.it\/it\/","logo":{"@type":"ImageObject","inLanguage":"it-IT","@id":"https:\/\/www.compagniadisanpaolo.it\/it\/#\/schema\/logo\/image\/","url":"https:\/\/www.compagniadisanpaolo.it\/wp-content\/uploads\/logo.svg","contentUrl":"https:\/\/www.compagniadisanpaolo.it\/wp-content\/uploads\/logo.svg","width":769,"height":323,"caption":"Fondazione Compagnia di San Paolo"},"image":{"@id":"https:\/\/www.compagniadisanpaolo.it\/it\/#\/schema\/logo\/image\/"},"sameAs":["https:\/\/www.facebook.com\/CompagniaDiSanPaolo","https:\/\/x.com\/CSP_live","http:\/\/instagram.com\/compagniadisanpaolo?ref=badge","https:\/\/www.linkedin.com\/company\/compagnia-di-san-paolo","https:\/\/www.youtube.com\/user\/compagniadisanpaolo","https:\/\/it.wikipedia.org\/wiki\/Compagnia_di_San_Paolo"]},{"@type":"Person","@id":"https:\/\/www.compagniadisanpaolo.it\/it\/#\/schema\/person\/b7d5451541c25c82f29c5be1e78456b2","name":"Federica","image":{"@type":"ImageObject","inLanguage":"it-IT","@id":"https:\/\/secure.gravatar.com\/avatar\/b5698fa13ac389b1f1fb1263a4626e219d853d7ccf112e854aea8c9c087d24ae?s=96&d=mm&r=g","url":"https:\/\/secure.gravatar.com\/avatar\/b5698fa13ac389b1f1fb1263a4626e219d853d7ccf112e854aea8c9c087d24ae?s=96&d=mm&r=g","contentUrl":"https:\/\/secure.gravatar.com\/avatar\/b5698fa13ac389b1f1fb1263a4626e219d853d7ccf112e854aea8c9c087d24ae?s=96&d=mm&r=g","caption":"Federica"}}]}},"amp_enabled":true,"_links":{"self":[{"href":"https:\/\/www.compagniadisanpaolo.it\/it\/wp-json\/wp\/v2\/posts\/21519","targetHints":{"allow":["GET"]}}],"collection":[{"href":"https:\/\/www.compagniadisanpaolo.it\/it\/wp-json\/wp\/v2\/posts"}],"about":[{"href":"https:\/\/www.compagniadisanpaolo.it\/it\/wp-json\/wp\/v2\/types\/post"}],"author":[{"embeddable":true,"href":"https:\/\/www.compagniadisanpaolo.it\/it\/wp-json\/wp\/v2\/users\/19"}],"replies":[{"embeddable":true,"href":"https:\/\/www.compagniadisanpaolo.it\/it\/wp-json\/wp\/v2\/comments?post=21519"}],"version-history":[{"count":4,"href":"https:\/\/www.compagniadisanpaolo.it\/it\/wp-json\/wp\/v2\/posts\/21519\/revisions"}],"predecessor-version":[{"id":21657,"href":"https:\/\/www.compagniadisanpaolo.it\/it\/wp-json\/wp\/v2\/posts\/21519\/revisions\/21657"}],"wp:featuredmedia":[{"embeddable":true,"href":"https:\/\/www.compagniadisanpaolo.it\/it\/wp-json\/wp\/v2\/media\/21546"}],"wp:attachment":[{"href":"https:\/\/www.compagniadisanpaolo.it\/it\/wp-json\/wp\/v2\/media?parent=21519"}],"wp:term":[{"taxonomy":"category","embeddable":true,"href":"https:\/\/www.compagniadisanpaolo.it\/it\/wp-json\/wp\/v2\/categories?post=21519"},{"taxonomy":"post_tag","embeddable":true,"href":"https:\/\/www.compagniadisanpaolo.it\/it\/wp-json\/wp\/v2\/tags?post=21519"}],"curies":[{"name":"wp","href":"https:\/\/api.w.org\/{rel}","templated":true}]}}