{"id":19772,"date":"2022-10-10T10:33:22","date_gmt":"2022-10-10T08:33:22","guid":{"rendered":"https:\/\/www.compagniadisanpaolo.it\/?p=19772"},"modified":"2024-03-08T13:35:56","modified_gmt":"2024-03-08T12:35:56","slug":"urbanpromo-progetti-per-il-paese","status":"publish","type":"post","link":"https:\/\/www.compagniadisanpaolo.it\/it\/news\/urbanpromo-progetti-per-il-paese\/","title":{"rendered":"Urbanpromo Progetti per il Paese"},"content":{"rendered":"<div class=\"wpb-content-wrapper\">[vc_row][vc_column][vc_column_text el_class=&#8221;text-headline2&#8243;]Torna Urbanpromo, la manifestazione sulla rigenerazione urbana che dal 2004 a oggi si \u00e8 evoluta, mantenendosi in sintonia con il cambiamento della societ\u00e0 e dell\u2019economia, spostando il proprio sguardo sui temi e sulle innovazioni di maggior rilievo nella trasformazione delle citt\u00e0 italiane.[\/vc_column_text][\/vc_column][\/vc_row][vc_row][vc_column][vc_column_text]\n<div class=\"info-box mission\">\n\t\t<div class=\"info-box-wrap info-box-hor row pb-0\">\n\n\t\t      \n\t\t      <div class=\"spalla col-12 col-md-12\">\n\t\t\t<div class=\"info-box sharing-box\">\n\t\t\t  <span class=\"label\">Condividi:<\/span>\n\t\t\t  <div class=\"social-sharing\">\n\t\t\t    <span class=\"box\">\n\t\t\t      <a class=\"fb\" href=\"https:\/\/www.facebook.com\/sharer.php?u=https:\/\/www.compagniadisanpaolo.it\/it\/news\/urbanpromo-progetti-per-il-paese\/\" target=\"_blank\">\n\t\t\t\t<span class=\"sr-only\">Facebook<\/span>\n\t\t\t\t<i class=\"fab fa-facebook-f\"><\/i>\n\t\t\t      <\/a>\n\t\t\t    <\/span>\n\t\t\t    \n\t\t\t    <style>\n.twitter, .twitter:hover{\ncolor:#000000 !important;}\n<\/style>\n\n\n\t\t\t    <span class=\"box\">\n\t\t\t      <a class=\"twitter\" href=\"https:\/\/twitter.com\/intent\/tweet?url=https:\/\/www.compagniadisanpaolo.it\/it\/news\/urbanpromo-progetti-per-il-paese\/\">\n\t\t\t\t<span class=\"sr-only\">Twitter<\/span>\n\t\t\t\t<i class=\"fa-brands fa-x-twitter\"><\/i>\n\t\t\t      <\/a>\n\t\t\t    <\/span>\n\n\t\t\t    \n\t\t\t    <span class=\"box\">\n\t\t\t      <a class=\"linkedin\" href=\"https:\/\/www.linkedin.com\/shareArticle?mini=true&url=https:\/\/www.compagniadisanpaolo.it\/it\/news\/urbanpromo-progetti-per-il-paese\/\">\n\t\t\t\t<span class=\"sr-only\">Linkedin<\/span>\n\t\t\t\t  <i class=\"fa-brands fa-linkedin-in\"><\/i>\n\t\t\t      <\/a>\n\t\t\t    <\/span>\n\n\t\t\t    <span class=\"box\">\n\t\t\t      <a class=\"whatsapp\" href=\"whatsapp:\/\/send?text=https:\/\/www.compagniadisanpaolo.it\/it\/news\/urbanpromo-progetti-per-il-paese\/\" data-action=\"share\/whatsapp\/share\">\n\t\t\t\t<span class=\"sr-only\">Whatsapp<\/span>\n\t\t\t\t<i class=\"fa-brands fa-whatsapp\"><\/i>\n\t\t\t      <\/a>\n\t\t\t    <\/span>\n\n\t\t\t    <span class=\"box\">\n\t\t\t      <a class=\"mail\" href=\"mailto:?subject=Urbanpromo Progetti per il Paese&body=https:\/\/www.compagniadisanpaolo.it\/it\/news\/urbanpromo-progetti-per-il-paese\/\">\n\t\t\t\t<span class=\"sr-only\">Mail<\/span>\n\t\t\t\t <i class=\"fa-solid fa-envelope\"><\/i>\n\t\t\t      <\/a>\n\t\t\t    <\/span>\n\t\t\t    \n\t\t\t  <\/div>\n\t\t\t<\/div>\n\t      <\/div>\n\t    <\/div><\/div>\n[\/vc_column_text][\/vc_column][\/vc_row][vc_row][vc_column width=&#8221;1\/4&#8243;][vc_column_text]\n\n\n\t\t<div class=\"info-box-wrap\">\n\n\t  <div class=\"info-box date-pub\">\n\t  \t<span class=\"label\">Data di pubblicazione:<\/span>\n\t    <span class=\"value\">10 Ottobre 2022<\/span>\n\t  <\/div>\n\t\t\t\t  <div class=\"info-box obj-people\">\n\t\t\t\t\t  <div class=\"info-box obj\"><span class=\"label\">Obiettivo<\/span>\n\t\t\t\t\t    <div class=\"obj-small-box\">\n\t\t\t\t\t      <span>Persone.<\/span>\n\t\t\t\t\t    <\/div>\n\t\t\t\t\t  <\/div>\n\t\t\t\t  <\/div>\n\t\t\t  <div class=\"info-box mission\"><span class=\"label\">Tag<\/span><a href=\"https:\/\/www.compagniadisanpaolo.it\/it\/tags\/risultati\/?_sft_post_tag=coesione-sociale\" class=\"tag-element\">Coesione sociale<\/a><a href=\"https:\/\/www.compagniadisanpaolo.it\/it\/tags\/risultati\/?_sft_post_tag=housing-collaborativo\" class=\"tag-element\">Housing collaborativo<\/a><a href=\"https:\/\/www.compagniadisanpaolo.it\/it\/tags\/risultati\/?_sft_post_tag=non-discriminazione\" class=\"tag-element\">Non discriminazione<\/a><a href=\"https:\/\/www.compagniadisanpaolo.it\/it\/tags\/risultati\/?_sft_post_tag=protagonismo-delle-comunita\" class=\"tag-element\">Protagonismo delle comunit\u00e0<\/a><a href=\"https:\/\/www.compagniadisanpaolo.it\/it\/tags\/risultati\/?_sft_post_tag=rigenerazione-urbana\" class=\"tag-element\">Rigenerazione urbana<\/a><a href=\"https:\/\/www.compagniadisanpaolo.it\/it\/tags\/risultati\/?_sft_post_tag=sviluppo-organizzativo\" class=\"tag-element\">Sviluppo organizzativo<\/a><a href=\"https:\/\/www.compagniadisanpaolo.it\/it\/tags\/risultati\/?_sft_post_tag=sviluppo-sostenibile\" class=\"tag-element\">Sviluppo sostenibile<\/a><\/div>\t  \n\t<\/div>\n[\/vc_column_text][\/vc_column][vc_column width=&#8221;3\/4&#8243; el_class=&#8221;page-content&#8221;][vc_column_text el_class=&#8221;text&#8221;]Dall&#8217;<strong>11 al 14 ottobre torna a Torino Urbanpromo<\/strong>, la manifestazione di riferimento sulla rigenerazione urbana promossa da <strong>INU &#8211; Istituto Nazionale di Urbanistica<\/strong> insieme con <strong>Fondazione Compagnia di San Paolo<\/strong>, <strong>Fondazione Cariplo<\/strong>, <strong>Fondazione Sviluppo e Crescita CRT<\/strong> e <strong>Fondazione CR Cuneo<\/strong>, con la collaborazione di <strong>CDP Immobiliare.<\/strong><strong>\u00a0<\/strong><\/p>\n<p>Giunto alla sua XIX edizione, <strong>Urbanpromo 2022<\/strong> si terr\u00e0 nella location di <strong>Cascina Fossata<\/strong>, un luogo che \u00e8 anche un simbolo perch\u00e9 frutto di un progetto il cui obiettivo \u00e8 stato quello di <strong>restituire alla citt\u00e0 uno spazio di vita e di incontro di qualit\u00e0<\/strong>, capace di intercettare nuovi bisogni abitativi e di socialit\u00e0 in uno spazio urbano in cambiamento.<\/p>\n<p>La manifestazione si articoler\u00e0 in quattro eventi paralleli: \u201c<strong>Urbanpromo Citt\u00e0<\/strong>\u201d, \u201c<strong>Urbanpromo Social Housing<\/strong>\u201d, \u201c<strong>Urbanpromo Green<\/strong>\u201d e \u201c<strong>Urbanpromo Digital<\/strong>\u201d, secondo la formula consueta che abbina un ricco programma di incontri e convegni che si terranno sia nella sede di Cascina Fossata che online, su <a href=\"http:\/\/www.urbanpromo.it\" target=\"_blank\" rel=\"noopener\">www.urbanpromo.it<\/a>.<\/p>\n<p>Ospite della prima sessione di <strong>Urbanpromo Social Housing<\/strong>, che si terr\u00e0 nella mattinata di domani, il <strong>Segretario Generale<\/strong> della Fondazione Compagnia di San Paolo, <a href=\"https:\/\/www.compagniadisanpaolo.it\/it\/fondazione\/organi\/alberto-anfossi-segretario-generale\/\" target=\"_blank\" rel=\"noopener\"><strong>Alberto Anfossi<\/strong><\/a>. Nel corso di questa prima seduta verr\u00e0 delineato lo <strong>scenario nazionale attuale<\/strong>, dando conto della domanda di infrastrutture sociali nelle attuali condizioni dei mercati dell\u2019immobiliare e delle costruzioni, anche alla luce delle criticit\u00e0 di origine energetica.<\/p>\n<p>Rispetto a tale scenario saranno oggetto di confronto le strategie che i Comuni, le Fondazioni e CDP Immobiliare Sgr stanno mettendo in atto.<\/p>\n<p>La Fondazione Compagnia di San Paolo sar\u00e0 inoltre presente in tanti altri eventi previsti dalla manifestazione. Di seguito l\u2019elenco completo delle sessioni nel corso delle quali la Fondazione avr\u00e0 modo di presentare diversi progetti attivati sul territorio:<\/p>\n<p><strong>Urbanpromo Social Housing<\/strong><\/p>\n<p><u>11 ottobre pomeriggio<\/u><strong>\u00a0<\/strong><\/p>\n<ul>\n<li>Leggere le citt\u00e0 in trasformazione per dialogare con gli abitanti, presentazione di <a href=\"https:\/\/www.compagniadisanpaolo.it\/it\/news\/convegno-identita-territoriale-e-rigenerazione-urbana\/?noamp=mobile\" target=\"_blank\" rel=\"noopener\"><strong>Ma.Ri. House<\/strong><\/a><strong>\u00a0e <a href=\"https:\/\/www.compagniadisanpaolo.it\/it\/news\/inaugurata-cascina-filanda\/\" target=\"_blank\" rel=\"noopener\">Cascina Filanda<\/a><\/strong>;<\/li>\n<\/ul>\n<p>&nbsp;<\/p>\n<p><strong>Urbanpromo Green<\/strong><\/p>\n<p><u>11 ottobre mattina<\/u><\/p>\n<ul>\n<li>Materiali e tecnologie per un\u2019edilizia sostenibile e socialmente inclusiva, presentazione del <a href=\"https:\/\/www.compagniadisanpaolo.it\/it\/contributi\/benefficientiamo-riqualificazione-energetica-per-il-sociale\/\" target=\"_blank\" rel=\"noopener\"><strong>bando benEfficientiamo<\/strong><\/a>;<\/li>\n<\/ul>\n<p><u>11 ottobre pomeriggio<\/u><\/p>\n<ul>\n<li>Come invertire i processi di degrado dei paesaggi, presentazione del <strong><a href=\"https:\/\/www.compagniadisanpaolo.it\/it\/news\/simbiosi-insieme-alla-natura-per-il-futuro-del-pianeta\/\" target=\"_blank\" rel=\"noopener\">bando Simbiosi<\/a><\/strong>;<\/li>\n<\/ul>\n<p><u>13 ottobre mattina:<\/u><\/p>\n<ul>\n<li>Acquisto, raccolta e ridistribuzione del cibo: pratiche trasformative all\u2019interno delle comunit\u00e0 locali, presentazione del<a href=\"https:\/\/www.compagniadisanpaolo.it\/it\/contributi\/b2-il-bene-x-bene-sistemi-di-prossimita-per-contrastare-la-poverta-2022\/\" target=\"_blank\" rel=\"noopener\"><strong> bando<\/strong> <strong>B2<\/strong><\/a><strong>, <a href=\"https:\/\/ricibo.org\/\" target=\"_blank\" rel=\"noopener\">Ricibo<\/a><\/strong><strong>, Torino Solidale<\/strong>;<\/li>\n<\/ul>\n<p><u>13 ottobre pomeriggio:<\/u><\/p>\n<ul>\n<li>Le comunit\u00e0 energetiche rinnovabili, presentazione del <a href=\"https:\/\/www.compagniadisanpaolo.it\/it\/contributi\/sinergie\/\" target=\"_blank\" rel=\"noopener\"><strong>bando Sinergie<\/strong><\/a>;<\/li>\n<\/ul>\n<p>&nbsp;<\/p>\n<p><strong>Urbanpromo Citt\u00e0<\/strong><strong>\u00a0<\/strong><\/p>\n<p><u>11 ottobre pomeriggio:<\/u><\/p>\n<ul>\n<li>La rigenerazione degli spazi pubblici urbani, presentazione del <a href=\"https:\/\/www.compagniadisanpaolo.it\/it\/contributi\/bando-space-spazi-di-partecipazione-al-centro\/\" target=\"_blank\" rel=\"noopener\"><strong>bando Space<\/strong><\/a>.<\/li>\n<\/ul>\n<p><u>13 ottobre mattina<\/u>:<\/p>\n<ul>\n<li>Rigenerare citt\u00e0 e comunit\u00e0, presentazione del progetto <a href=\"https:\/\/www.compagniadisanpaolo.it\/it\/progetti\/moi-migranti-unopportunita-dinclusione\/\" target=\"_blank\" rel=\"noopener\"><strong>MOI &#8211; Migranti, un\u2019Opportunit\u00e0 di Inclusione<\/strong><\/a>\u00a0nell\u2019ambito del FASP \u2013 Fondo Abitare Sostenibile Piemonte.<\/li>\n<\/ul>\n<p><u>13 ottobre pomeriggio<\/u>:<\/p>\n<ul>\n<li>La Fondazione Compagnia di San Paolo ritira il Premio Urbanistica, assegnato alla piattaforma <strong><a href=\"https:\/\/www.compagniadisanpaolo.it\/it\/progetti\/ioabitosocial\/\" target=\"_blank\" rel=\"noopener\">ioabitosocial<\/a>;<\/strong><\/li>\n<li>Transizioni Urbane Cooperative, presentazione del progetto del nuovo Condominio solidale per senior housing a Nichelino, sostenuto dalla Fondazione.<\/li>\n<\/ul>\n<p>&nbsp;<\/p>\n<p><strong>Urbanpromo Digital<\/strong><strong>\u00a0<\/strong><\/p>\n<p><u>14 ottobre pomeriggio:<\/u><\/p>\n<ul>\n<li>Le forme del futuro: tecnologie digitali a supporto della resilienza territoriale, la Fondazione partecipa sull\u2019asse Trasporti, servizi e mobilit\u00e0 a partire dalle esperienze di <strong><a href=\"https:\/\/www.compagniadisanpaolo.it\/it\/progetti\/techstars-smart-mobility-accelerator\/\" target=\"_blank\" rel=\"noopener\">TechStars<\/a>.<\/strong><\/li>\n<\/ul>\n<p>&nbsp;<\/p>\n<p>Per consultare il programma completo dell\u2019iniziativa e scoprire tutti gli eventi previsti dalla manifestazione visita <a href=\"https:\/\/www.compagniadisanpaolo.it\/it\/documenti\/urbanpromo-2022-programma\/\" target=\"_blank\" rel=\"noopener\"><strong>questo link<\/strong><\/a>.[\/vc_column_text][\/vc_column][\/vc_row][vc_row el_class=&#8221;sdg-list-wrap&#8221;][vc_column][vc_raw_html]JTVCbW9zdHJhU0RHUyU1RA==[\/vc_raw_html][\/vc_column][\/vc_row][vc_row full_width=&#8221;stretch_row&#8221; el_class=&#8221;download-area-wrap mt-0 mb-0&#8243; css=&#8221;.vc_custom_1587069376729{margin-bottom: 0px !important;}&#8221;][vc_column el_class=&#8221;download-area&#8221;][vc_raw_html]JTVCU2V6aW9uZV9Eb2N1bWVudGklNUQ=[\/vc_raw_html][\/vc_column][\/vc_row][vc_row][vc_column]<div class=\"templatera_shortcode\"><div data-vc-full-width=\"true\" data-vc-full-width-temp=\"true\" data-vc-full-width-init=\"false\" class=\"vc_row wpb_row vc_row-fluid newsletter-wrap\"><div class=\"wpb_column vc_column_container vc_col-sm-12\"><div class=\"vc_column-inner\"><div class=\"wpb_wrapper\">\n\t<div class=\"wpb_raw_code wpb_raw_html wpb_content_element\" >\n\t\t<div class=\"wpb_wrapper\">\n\t\t\t    <div class=\"container\">\n      <div class=\"row align-items-center\">\n\t<div class=\"col-12 col-lg-6 col-xl-5 mb-3 mb-lg-0 pr-0\">\n\t  <h2 class=\"title\">Rimani aggiornato sui nostri bandi e sui nostri progetti<\/h2>\n\t<\/div>\n\t<div class=\"col-12 col-lg-6 col-xl-7 pl-xl-4\">\n\t  <a class=\"standard-link-block\" href=\"\/it\/newsletter\/\">\n\t    Compila il form e decidi su quale argomento vuoi ricevere notizie.\t    <strong>\u00a0 ISCRIVITI!<\/strong>\n\t  <\/a>\n\t<\/div>\n      <\/div>\n    <\/div>\n\t\t<\/div>\n\t<\/div>\n<\/div><\/div><\/div><\/div><div class=\"vc_row-full-width vc_clearfix\"><\/div><\/div>[\/vc_column][\/vc_row]\n<\/div>","protected":false},"excerpt":{"rendered":"<p>Torna Urbanpromo, la manifestazione sulla rigenerazione urbana che dal 2004 a oggi si \u00e8 evoluta, mantenendosi in sintonia con il cambiamento della societ\u00e0 e dell\u2019economia, spostando il proprio sguardo sui temi e sulle innovazioni di maggior rilievo nella trasformazione delle citt\u00e0 italiane.<\/p>\n","protected":false},"author":19,"featured_media":19773,"comment_status":"closed","ping_status":"closed","sticky":false,"template":"","format":"standard","meta":{"_acf_changed":false,"content-type":"","footnotes":""},"categories":[17],"tags":[51,76,50,90,77,61,68],"class_list":["post-19772","post","type-post","status-publish","format-standard","has-post-thumbnail","hentry","category-news","tag-coesione-sociale","tag-housing-collaborativo","tag-non-discriminazione","tag-protagonismo-delle-comunita","tag-rigenerazione-urbana","tag-sviluppo-organizzativo","tag-sviluppo-sostenibile","entry","post-inner"],"acf":[],"yoast_head":"<!-- This site is optimized with the Yoast SEO plugin v27.3 - https:\/\/yoast.com\/product\/yoast-seo-wordpress\/ -->\n<title>Urbanpromo Progetti per il Paese - Fondazione Compagnia di San Paolo<\/title>\n<meta name=\"description\" content=\"Torna Urbanpromo, la manifestazione sulla rigenerazione urbana che dal 2004 a oggi si \u00e8 evoluta, mantenendosi in sintonia con il cambiamento della societ\u00e0 e dell\u2019economia, spostando il proprio sguardo sui temi e sulle innovazioni di maggior rilievo nella trasformazione delle citt\u00e0 italiane.\" \/>\n<meta name=\"robots\" content=\"index, follow, max-snippet:-1, max-image-preview:large, max-video-preview:-1\" \/>\n<link rel=\"canonical\" href=\"https:\/\/www.compagniadisanpaolo.it\/it\/news\/urbanpromo-progetti-per-il-paese\/\" \/>\n<meta property=\"og:locale\" content=\"it_IT\" \/>\n<meta property=\"og:type\" content=\"article\" \/>\n<meta property=\"og:title\" content=\"Urbanpromo Progetti per il Paese - Fondazione Compagnia di San Paolo\" \/>\n<meta property=\"og:description\" content=\"Torna Urbanpromo, la manifestazione sulla rigenerazione urbana che dal 2004 a oggi si \u00e8 evoluta, mantenendosi in sintonia con il cambiamento della societ\u00e0 e dell\u2019economia, spostando il proprio sguardo sui temi e sulle innovazioni di maggior rilievo nella trasformazione delle citt\u00e0 italiane.\" \/>\n<meta property=\"og:url\" content=\"https:\/\/www.compagniadisanpaolo.it\/it\/news\/urbanpromo-progetti-per-il-paese\/\" \/>\n<meta property=\"og:site_name\" content=\"Fondazione Compagnia di San Paolo\" \/>\n<meta property=\"article:publisher\" content=\"https:\/\/www.facebook.com\/CompagniaDiSanPaolo\" \/>\n<meta property=\"article:published_time\" content=\"2022-10-10T08:33:22+00:00\" \/>\n<meta property=\"article:modified_time\" content=\"2024-03-08T12:35:56+00:00\" \/>\n<meta property=\"og:image\" content=\"https:\/\/www.compagniadisanpaolo.it\/wp-content\/uploads\/urbanpromo-22-head.png\" \/>\n\t<meta property=\"og:image:width\" content=\"815\" \/>\n\t<meta property=\"og:image:height\" content=\"350\" \/>\n\t<meta property=\"og:image:type\" content=\"image\/png\" \/>\n<meta name=\"author\" content=\"Federica\" \/>\n<meta name=\"twitter:card\" content=\"summary_large_image\" \/>\n<meta name=\"twitter:creator\" content=\"@CSP_live\" \/>\n<meta name=\"twitter:site\" content=\"@CSP_live\" \/>\n<meta name=\"twitter:label1\" content=\"Scritto da\" \/>\n\t<meta name=\"twitter:data1\" content=\"Federica\" \/>\n\t<meta name=\"twitter:label2\" content=\"Tempo di lettura stimato\" \/>\n\t<meta name=\"twitter:data2\" content=\"3 minuti\" \/>\n<script type=\"application\/ld+json\" class=\"yoast-schema-graph\">{\"@context\":\"https:\\\/\\\/schema.org\",\"@graph\":[{\"@type\":\"Article\",\"@id\":\"https:\\\/\\\/www.compagniadisanpaolo.it\\\/it\\\/news\\\/urbanpromo-progetti-per-il-paese\\\/#article\",\"isPartOf\":{\"@id\":\"https:\\\/\\\/www.compagniadisanpaolo.it\\\/it\\\/news\\\/urbanpromo-progetti-per-il-paese\\\/\"},\"author\":{\"name\":\"Federica\",\"@id\":\"https:\\\/\\\/www.compagniadisanpaolo.it\\\/it\\\/#\\\/schema\\\/person\\\/b7d5451541c25c82f29c5be1e78456b2\"},\"headline\":\"Urbanpromo Progetti per il Paese\",\"datePublished\":\"2022-10-10T08:33:22+00:00\",\"dateModified\":\"2024-03-08T12:35:56+00:00\",\"mainEntityOfPage\":{\"@id\":\"https:\\\/\\\/www.compagniadisanpaolo.it\\\/it\\\/news\\\/urbanpromo-progetti-per-il-paese\\\/\"},\"wordCount\":666,\"publisher\":{\"@id\":\"https:\\\/\\\/www.compagniadisanpaolo.it\\\/it\\\/#organization\"},\"image\":{\"@id\":\"https:\\\/\\\/www.compagniadisanpaolo.it\\\/it\\\/news\\\/urbanpromo-progetti-per-il-paese\\\/#primaryimage\"},\"thumbnailUrl\":\"https:\\\/\\\/www.compagniadisanpaolo.it\\\/wp-content\\\/uploads\\\/urbanpromo-22-head.png\",\"keywords\":[\"coesione sociale\",\"housing collaborativo\",\"non discriminazione\",\"protagonismo delle comunit\u00e0\",\"rigenerazione urbana\",\"sviluppo organizzativo\",\"sviluppo sostenibile\"],\"articleSection\":[\"News\"],\"inLanguage\":\"it-IT\"},{\"@type\":\"WebPage\",\"@id\":\"https:\\\/\\\/www.compagniadisanpaolo.it\\\/it\\\/news\\\/urbanpromo-progetti-per-il-paese\\\/\",\"url\":\"https:\\\/\\\/www.compagniadisanpaolo.it\\\/it\\\/news\\\/urbanpromo-progetti-per-il-paese\\\/\",\"name\":\"Urbanpromo Progetti per il Paese - Fondazione Compagnia di San Paolo\",\"isPartOf\":{\"@id\":\"https:\\\/\\\/www.compagniadisanpaolo.it\\\/it\\\/#website\"},\"primaryImageOfPage\":{\"@id\":\"https:\\\/\\\/www.compagniadisanpaolo.it\\\/it\\\/news\\\/urbanpromo-progetti-per-il-paese\\\/#primaryimage\"},\"image\":{\"@id\":\"https:\\\/\\\/www.compagniadisanpaolo.it\\\/it\\\/news\\\/urbanpromo-progetti-per-il-paese\\\/#primaryimage\"},\"thumbnailUrl\":\"https:\\\/\\\/www.compagniadisanpaolo.it\\\/wp-content\\\/uploads\\\/urbanpromo-22-head.png\",\"datePublished\":\"2022-10-10T08:33:22+00:00\",\"dateModified\":\"2024-03-08T12:35:56+00:00\",\"description\":\"Torna Urbanpromo, la manifestazione sulla rigenerazione urbana che dal 2004 a oggi si \u00e8 evoluta, mantenendosi in sintonia con il cambiamento della societ\u00e0 e dell\u2019economia, spostando il proprio sguardo sui temi e sulle innovazioni di maggior rilievo nella trasformazione delle citt\u00e0 italiane.\",\"breadcrumb\":{\"@id\":\"https:\\\/\\\/www.compagniadisanpaolo.it\\\/it\\\/news\\\/urbanpromo-progetti-per-il-paese\\\/#breadcrumb\"},\"inLanguage\":\"it-IT\",\"potentialAction\":[{\"@type\":\"ReadAction\",\"target\":[\"https:\\\/\\\/www.compagniadisanpaolo.it\\\/it\\\/news\\\/urbanpromo-progetti-per-il-paese\\\/\"]}]},{\"@type\":\"ImageObject\",\"inLanguage\":\"it-IT\",\"@id\":\"https:\\\/\\\/www.compagniadisanpaolo.it\\\/it\\\/news\\\/urbanpromo-progetti-per-il-paese\\\/#primaryimage\",\"url\":\"https:\\\/\\\/www.compagniadisanpaolo.it\\\/wp-content\\\/uploads\\\/urbanpromo-22-head.png\",\"contentUrl\":\"https:\\\/\\\/www.compagniadisanpaolo.it\\\/wp-content\\\/uploads\\\/urbanpromo-22-head.png\",\"width\":815,\"height\":350},{\"@type\":\"BreadcrumbList\",\"@id\":\"https:\\\/\\\/www.compagniadisanpaolo.it\\\/it\\\/news\\\/urbanpromo-progetti-per-il-paese\\\/#breadcrumb\",\"itemListElement\":[{\"@type\":\"ListItem\",\"position\":1,\"name\":\"Home\",\"item\":\"https:\\\/\\\/www.compagniadisanpaolo.it\\\/it\\\/\"},{\"@type\":\"ListItem\",\"position\":2,\"name\":\"Urbanpromo Progetti per il Paese\"}]},{\"@type\":\"WebSite\",\"@id\":\"https:\\\/\\\/www.compagniadisanpaolo.it\\\/it\\\/#website\",\"url\":\"https:\\\/\\\/www.compagniadisanpaolo.it\\\/it\\\/\",\"name\":\"Fondazione Compagnia di San Paolo\",\"description\":\"\",\"publisher\":{\"@id\":\"https:\\\/\\\/www.compagniadisanpaolo.it\\\/it\\\/#organization\"},\"potentialAction\":[{\"@type\":\"SearchAction\",\"target\":{\"@type\":\"EntryPoint\",\"urlTemplate\":\"https:\\\/\\\/www.compagniadisanpaolo.it\\\/it\\\/?s={search_term_string}\"},\"query-input\":{\"@type\":\"PropertyValueSpecification\",\"valueRequired\":true,\"valueName\":\"search_term_string\"}}],\"inLanguage\":\"it-IT\"},{\"@type\":\"Organization\",\"@id\":\"https:\\\/\\\/www.compagniadisanpaolo.it\\\/it\\\/#organization\",\"name\":\"Fondazione Compagnia di San Paolo\",\"url\":\"https:\\\/\\\/www.compagniadisanpaolo.it\\\/it\\\/\",\"logo\":{\"@type\":\"ImageObject\",\"inLanguage\":\"it-IT\",\"@id\":\"https:\\\/\\\/www.compagniadisanpaolo.it\\\/it\\\/#\\\/schema\\\/logo\\\/image\\\/\",\"url\":\"https:\\\/\\\/www.compagniadisanpaolo.it\\\/wp-content\\\/uploads\\\/logo.svg\",\"contentUrl\":\"https:\\\/\\\/www.compagniadisanpaolo.it\\\/wp-content\\\/uploads\\\/logo.svg\",\"width\":769,\"height\":323,\"caption\":\"Fondazione Compagnia di San Paolo\"},\"image\":{\"@id\":\"https:\\\/\\\/www.compagniadisanpaolo.it\\\/it\\\/#\\\/schema\\\/logo\\\/image\\\/\"},\"sameAs\":[\"https:\\\/\\\/www.facebook.com\\\/CompagniaDiSanPaolo\",\"https:\\\/\\\/x.com\\\/CSP_live\",\"http:\\\/\\\/instagram.com\\\/compagniadisanpaolo?ref=badge\",\"https:\\\/\\\/www.linkedin.com\\\/company\\\/compagnia-di-san-paolo\",\"https:\\\/\\\/www.youtube.com\\\/user\\\/compagniadisanpaolo\",\"https:\\\/\\\/it.wikipedia.org\\\/wiki\\\/Compagnia_di_San_Paolo\"]},{\"@type\":\"Person\",\"@id\":\"https:\\\/\\\/www.compagniadisanpaolo.it\\\/it\\\/#\\\/schema\\\/person\\\/b7d5451541c25c82f29c5be1e78456b2\",\"name\":\"Federica\",\"image\":{\"@type\":\"ImageObject\",\"inLanguage\":\"it-IT\",\"@id\":\"https:\\\/\\\/secure.gravatar.com\\\/avatar\\\/b5698fa13ac389b1f1fb1263a4626e219d853d7ccf112e854aea8c9c087d24ae?s=96&d=mm&r=g\",\"url\":\"https:\\\/\\\/secure.gravatar.com\\\/avatar\\\/b5698fa13ac389b1f1fb1263a4626e219d853d7ccf112e854aea8c9c087d24ae?s=96&d=mm&r=g\",\"contentUrl\":\"https:\\\/\\\/secure.gravatar.com\\\/avatar\\\/b5698fa13ac389b1f1fb1263a4626e219d853d7ccf112e854aea8c9c087d24ae?s=96&d=mm&r=g\",\"caption\":\"Federica\"}}]}<\/script>\n<!-- \/ Yoast SEO plugin. -->","yoast_head_json":{"title":"Urbanpromo Progetti per il Paese - Fondazione Compagnia di San Paolo","description":"Torna Urbanpromo, la manifestazione sulla rigenerazione urbana che dal 2004 a oggi si \u00e8 evoluta, mantenendosi in sintonia con il cambiamento della societ\u00e0 e dell\u2019economia, spostando il proprio sguardo sui temi e sulle innovazioni di maggior rilievo nella trasformazione delle citt\u00e0 italiane.","robots":{"index":"index","follow":"follow","max-snippet":"max-snippet:-1","max-image-preview":"max-image-preview:large","max-video-preview":"max-video-preview:-1"},"canonical":"https:\/\/www.compagniadisanpaolo.it\/it\/news\/urbanpromo-progetti-per-il-paese\/","og_locale":"it_IT","og_type":"article","og_title":"Urbanpromo Progetti per il Paese - Fondazione Compagnia di San Paolo","og_description":"Torna Urbanpromo, la manifestazione sulla rigenerazione urbana che dal 2004 a oggi si \u00e8 evoluta, mantenendosi in sintonia con il cambiamento della societ\u00e0 e dell\u2019economia, spostando il proprio sguardo sui temi e sulle innovazioni di maggior rilievo nella trasformazione delle citt\u00e0 italiane.","og_url":"https:\/\/www.compagniadisanpaolo.it\/it\/news\/urbanpromo-progetti-per-il-paese\/","og_site_name":"Fondazione Compagnia di San Paolo","article_publisher":"https:\/\/www.facebook.com\/CompagniaDiSanPaolo","article_published_time":"2022-10-10T08:33:22+00:00","article_modified_time":"2024-03-08T12:35:56+00:00","og_image":[{"width":815,"height":350,"url":"https:\/\/www.compagniadisanpaolo.it\/wp-content\/uploads\/urbanpromo-22-head.png","type":"image\/png"}],"author":"Federica","twitter_card":"summary_large_image","twitter_creator":"@CSP_live","twitter_site":"@CSP_live","twitter_misc":{"Scritto da":"Federica","Tempo di lettura stimato":"3 minuti"},"schema":{"@context":"https:\/\/schema.org","@graph":[{"@type":"Article","@id":"https:\/\/www.compagniadisanpaolo.it\/it\/news\/urbanpromo-progetti-per-il-paese\/#article","isPartOf":{"@id":"https:\/\/www.compagniadisanpaolo.it\/it\/news\/urbanpromo-progetti-per-il-paese\/"},"author":{"name":"Federica","@id":"https:\/\/www.compagniadisanpaolo.it\/it\/#\/schema\/person\/b7d5451541c25c82f29c5be1e78456b2"},"headline":"Urbanpromo Progetti per il Paese","datePublished":"2022-10-10T08:33:22+00:00","dateModified":"2024-03-08T12:35:56+00:00","mainEntityOfPage":{"@id":"https:\/\/www.compagniadisanpaolo.it\/it\/news\/urbanpromo-progetti-per-il-paese\/"},"wordCount":666,"publisher":{"@id":"https:\/\/www.compagniadisanpaolo.it\/it\/#organization"},"image":{"@id":"https:\/\/www.compagniadisanpaolo.it\/it\/news\/urbanpromo-progetti-per-il-paese\/#primaryimage"},"thumbnailUrl":"https:\/\/www.compagniadisanpaolo.it\/wp-content\/uploads\/urbanpromo-22-head.png","keywords":["coesione sociale","housing collaborativo","non discriminazione","protagonismo delle comunit\u00e0","rigenerazione urbana","sviluppo organizzativo","sviluppo sostenibile"],"articleSection":["News"],"inLanguage":"it-IT"},{"@type":"WebPage","@id":"https:\/\/www.compagniadisanpaolo.it\/it\/news\/urbanpromo-progetti-per-il-paese\/","url":"https:\/\/www.compagniadisanpaolo.it\/it\/news\/urbanpromo-progetti-per-il-paese\/","name":"Urbanpromo Progetti per il Paese - Fondazione Compagnia di San Paolo","isPartOf":{"@id":"https:\/\/www.compagniadisanpaolo.it\/it\/#website"},"primaryImageOfPage":{"@id":"https:\/\/www.compagniadisanpaolo.it\/it\/news\/urbanpromo-progetti-per-il-paese\/#primaryimage"},"image":{"@id":"https:\/\/www.compagniadisanpaolo.it\/it\/news\/urbanpromo-progetti-per-il-paese\/#primaryimage"},"thumbnailUrl":"https:\/\/www.compagniadisanpaolo.it\/wp-content\/uploads\/urbanpromo-22-head.png","datePublished":"2022-10-10T08:33:22+00:00","dateModified":"2024-03-08T12:35:56+00:00","description":"Torna Urbanpromo, la manifestazione sulla rigenerazione urbana che dal 2004 a oggi si \u00e8 evoluta, mantenendosi in sintonia con il cambiamento della societ\u00e0 e dell\u2019economia, spostando il proprio sguardo sui temi e sulle innovazioni di maggior rilievo nella trasformazione delle citt\u00e0 italiane.","breadcrumb":{"@id":"https:\/\/www.compagniadisanpaolo.it\/it\/news\/urbanpromo-progetti-per-il-paese\/#breadcrumb"},"inLanguage":"it-IT","potentialAction":[{"@type":"ReadAction","target":["https:\/\/www.compagniadisanpaolo.it\/it\/news\/urbanpromo-progetti-per-il-paese\/"]}]},{"@type":"ImageObject","inLanguage":"it-IT","@id":"https:\/\/www.compagniadisanpaolo.it\/it\/news\/urbanpromo-progetti-per-il-paese\/#primaryimage","url":"https:\/\/www.compagniadisanpaolo.it\/wp-content\/uploads\/urbanpromo-22-head.png","contentUrl":"https:\/\/www.compagniadisanpaolo.it\/wp-content\/uploads\/urbanpromo-22-head.png","width":815,"height":350},{"@type":"BreadcrumbList","@id":"https:\/\/www.compagniadisanpaolo.it\/it\/news\/urbanpromo-progetti-per-il-paese\/#breadcrumb","itemListElement":[{"@type":"ListItem","position":1,"name":"Home","item":"https:\/\/www.compagniadisanpaolo.it\/it\/"},{"@type":"ListItem","position":2,"name":"Urbanpromo Progetti per il Paese"}]},{"@type":"WebSite","@id":"https:\/\/www.compagniadisanpaolo.it\/it\/#website","url":"https:\/\/www.compagniadisanpaolo.it\/it\/","name":"Fondazione Compagnia di San Paolo","description":"","publisher":{"@id":"https:\/\/www.compagniadisanpaolo.it\/it\/#organization"},"potentialAction":[{"@type":"SearchAction","target":{"@type":"EntryPoint","urlTemplate":"https:\/\/www.compagniadisanpaolo.it\/it\/?s={search_term_string}"},"query-input":{"@type":"PropertyValueSpecification","valueRequired":true,"valueName":"search_term_string"}}],"inLanguage":"it-IT"},{"@type":"Organization","@id":"https:\/\/www.compagniadisanpaolo.it\/it\/#organization","name":"Fondazione Compagnia di San Paolo","url":"https:\/\/www.compagniadisanpaolo.it\/it\/","logo":{"@type":"ImageObject","inLanguage":"it-IT","@id":"https:\/\/www.compagniadisanpaolo.it\/it\/#\/schema\/logo\/image\/","url":"https:\/\/www.compagniadisanpaolo.it\/wp-content\/uploads\/logo.svg","contentUrl":"https:\/\/www.compagniadisanpaolo.it\/wp-content\/uploads\/logo.svg","width":769,"height":323,"caption":"Fondazione Compagnia di San Paolo"},"image":{"@id":"https:\/\/www.compagniadisanpaolo.it\/it\/#\/schema\/logo\/image\/"},"sameAs":["https:\/\/www.facebook.com\/CompagniaDiSanPaolo","https:\/\/x.com\/CSP_live","http:\/\/instagram.com\/compagniadisanpaolo?ref=badge","https:\/\/www.linkedin.com\/company\/compagnia-di-san-paolo","https:\/\/www.youtube.com\/user\/compagniadisanpaolo","https:\/\/it.wikipedia.org\/wiki\/Compagnia_di_San_Paolo"]},{"@type":"Person","@id":"https:\/\/www.compagniadisanpaolo.it\/it\/#\/schema\/person\/b7d5451541c25c82f29c5be1e78456b2","name":"Federica","image":{"@type":"ImageObject","inLanguage":"it-IT","@id":"https:\/\/secure.gravatar.com\/avatar\/b5698fa13ac389b1f1fb1263a4626e219d853d7ccf112e854aea8c9c087d24ae?s=96&d=mm&r=g","url":"https:\/\/secure.gravatar.com\/avatar\/b5698fa13ac389b1f1fb1263a4626e219d853d7ccf112e854aea8c9c087d24ae?s=96&d=mm&r=g","contentUrl":"https:\/\/secure.gravatar.com\/avatar\/b5698fa13ac389b1f1fb1263a4626e219d853d7ccf112e854aea8c9c087d24ae?s=96&d=mm&r=g","caption":"Federica"}}]}},"amp_enabled":true,"_links":{"self":[{"href":"https:\/\/www.compagniadisanpaolo.it\/it\/wp-json\/wp\/v2\/posts\/19772","targetHints":{"allow":["GET"]}}],"collection":[{"href":"https:\/\/www.compagniadisanpaolo.it\/it\/wp-json\/wp\/v2\/posts"}],"about":[{"href":"https:\/\/www.compagniadisanpaolo.it\/it\/wp-json\/wp\/v2\/types\/post"}],"author":[{"embeddable":true,"href":"https:\/\/www.compagniadisanpaolo.it\/it\/wp-json\/wp\/v2\/users\/19"}],"replies":[{"embeddable":true,"href":"https:\/\/www.compagniadisanpaolo.it\/it\/wp-json\/wp\/v2\/comments?post=19772"}],"version-history":[{"count":5,"href":"https:\/\/www.compagniadisanpaolo.it\/it\/wp-json\/wp\/v2\/posts\/19772\/revisions"}],"predecessor-version":[{"id":27679,"href":"https:\/\/www.compagniadisanpaolo.it\/it\/wp-json\/wp\/v2\/posts\/19772\/revisions\/27679"}],"wp:featuredmedia":[{"embeddable":true,"href":"https:\/\/www.compagniadisanpaolo.it\/it\/wp-json\/wp\/v2\/media\/19773"}],"wp:attachment":[{"href":"https:\/\/www.compagniadisanpaolo.it\/it\/wp-json\/wp\/v2\/media?parent=19772"}],"wp:term":[{"taxonomy":"category","embeddable":true,"href":"https:\/\/www.compagniadisanpaolo.it\/it\/wp-json\/wp\/v2\/categories?post=19772"},{"taxonomy":"post_tag","embeddable":true,"href":"https:\/\/www.compagniadisanpaolo.it\/it\/wp-json\/wp\/v2\/tags?post=19772"}],"curies":[{"name":"wp","href":"https:\/\/api.w.org\/{rel}","templated":true}]}}