{"id":19547,"date":"2022-09-19T14:36:46","date_gmt":"2022-09-19T12:36:46","guid":{"rendered":"https:\/\/www.compagniadisanpaolo.it\/?p=19547"},"modified":"2022-09-26T13:43:45","modified_gmt":"2022-09-26T11:43:45","slug":"la-fondazione-rinnova-la-propria-partecipazione-a-terra-madre","status":"publish","type":"post","link":"https:\/\/www.compagniadisanpaolo.it\/it\/news\/la-fondazione-rinnova-la-propria-partecipazione-a-terra-madre\/","title":{"rendered":"La Fondazione rinnova la propria partecipazione a Terra Madre"},"content":{"rendered":"<div class=\"wpb-content-wrapper\">[vc_row][vc_column][vc_column_text el_class=&#8221;text-headline2&#8243;]Anche nel 2022 la Fondazione Compagnia di San Paolo parteciper\u00e0 a Terra Madre Salone del Gusto con due appuntamenti dedicati ad alcuni dei principi fondamentali per lo sviluppo sostenibile.[\/vc_column_text][\/vc_column][\/vc_row][vc_row][vc_column][vc_column_text]\n<div class=\"info-box mission\">\n\t\t<div class=\"info-box-wrap info-box-hor row pb-0\">\n\n\t\t      \n\t\t      <div class=\"spalla col-12 col-md-12\">\n\t\t\t<div class=\"info-box sharing-box\">\n\t\t\t  <span class=\"label\">Condividi:<\/span>\n\t\t\t  <div class=\"social-sharing\">\n\t\t\t    <span class=\"box\">\n\t\t\t      <a class=\"fb\" href=\"https:\/\/www.facebook.com\/sharer.php?u=https:\/\/www.compagniadisanpaolo.it\/it\/news\/la-fondazione-rinnova-la-propria-partecipazione-a-terra-madre\/\" target=\"_blank\">\n\t\t\t\t<span class=\"sr-only\">Facebook<\/span>\n\t\t\t\t<i class=\"fab fa-facebook-f\"><\/i>\n\t\t\t      <\/a>\n\t\t\t    <\/span>\n\t\t\t    \n\t\t\t    <style>\n.twitter, .twitter:hover{\ncolor:#000000 !important;}\n<\/style>\n\n\n\t\t\t    <span class=\"box\">\n\t\t\t      <a class=\"twitter\" href=\"https:\/\/twitter.com\/intent\/tweet?url=https:\/\/www.compagniadisanpaolo.it\/it\/news\/la-fondazione-rinnova-la-propria-partecipazione-a-terra-madre\/\">\n\t\t\t\t<span class=\"sr-only\">Twitter<\/span>\n\t\t\t\t<i class=\"fa-brands fa-x-twitter\"><\/i>\n\t\t\t      <\/a>\n\t\t\t    <\/span>\n\n\t\t\t    \n\t\t\t    <span class=\"box\">\n\t\t\t      <a class=\"linkedin\" href=\"https:\/\/www.linkedin.com\/shareArticle?mini=true&url=https:\/\/www.compagniadisanpaolo.it\/it\/news\/la-fondazione-rinnova-la-propria-partecipazione-a-terra-madre\/\">\n\t\t\t\t<span class=\"sr-only\">Linkedin<\/span>\n\t\t\t\t  <i class=\"fa-brands fa-linkedin-in\"><\/i>\n\t\t\t      <\/a>\n\t\t\t    <\/span>\n\n\t\t\t    <span class=\"box\">\n\t\t\t      <a class=\"whatsapp\" href=\"whatsapp:\/\/send?text=https:\/\/www.compagniadisanpaolo.it\/it\/news\/la-fondazione-rinnova-la-propria-partecipazione-a-terra-madre\/\" data-action=\"share\/whatsapp\/share\">\n\t\t\t\t<span class=\"sr-only\">Whatsapp<\/span>\n\t\t\t\t<i class=\"fa-brands fa-whatsapp\"><\/i>\n\t\t\t      <\/a>\n\t\t\t    <\/span>\n\n\t\t\t    <span class=\"box\">\n\t\t\t      <a class=\"mail\" href=\"mailto:?subject=La Fondazione rinnova la propria partecipazione a Terra Madre&body=https:\/\/www.compagniadisanpaolo.it\/it\/news\/la-fondazione-rinnova-la-propria-partecipazione-a-terra-madre\/\">\n\t\t\t\t<span class=\"sr-only\">Mail<\/span>\n\t\t\t\t <i class=\"fa-solid fa-envelope\"><\/i>\n\t\t\t      <\/a>\n\t\t\t    <\/span>\n\t\t\t    \n\t\t\t  <\/div>\n\t\t\t<\/div>\n\t      <\/div>\n\t    <\/div><\/div>\n[\/vc_column_text][\/vc_column][\/vc_row][vc_row][vc_column width=&#8221;1\/4&#8243;][vc_column_text]\n\n\n\t\t<div class=\"info-box-wrap\">\n\n\t  <div class=\"info-box date-pub\">\n\t  \t<span class=\"label\">Data di pubblicazione:<\/span>\n\t    <span class=\"value\">19 Settembre 2022<\/span>\n\t  <\/div>\n\t\t\t\t  <div class=\"info-box obj-people\">\n\t\t\t\t\t  <div class=\"info-box obj\"><span class=\"label\">Obiettivo<\/span>\n\t\t\t\t\t    <div class=\"obj-small-box\">\n\t\t\t\t\t      <span>Persone.<\/span>\n\t\t\t\t\t    <\/div>\n\t\t\t\t\t  <\/div>\n\t\t\t\t  <\/div>\n\t\t\t  <div class=\"info-box mission\"><span class=\"label\">Tag<\/span><a href=\"https:\/\/www.compagniadisanpaolo.it\/it\/tags\/risultati\/?_sft_post_tag=biodiversita\" class=\"tag-element\">Biodiversit\u00e0<\/a><a href=\"https:\/\/www.compagniadisanpaolo.it\/it\/tags\/risultati\/?_sft_post_tag=capitale-naturale\" class=\"tag-element\">Capitale naturale<\/a><a href=\"https:\/\/www.compagniadisanpaolo.it\/it\/tags\/risultati\/?_sft_post_tag=dinamiche-internazionali\" class=\"tag-element\">Dinamiche internazionali<\/a><a href=\"https:\/\/www.compagniadisanpaolo.it\/it\/tags\/risultati\/?_sft_post_tag=oltre-lerogazione\" class=\"tag-element\">Oltre l'erogazione<\/a><a href=\"https:\/\/www.compagniadisanpaolo.it\/it\/tags\/risultati\/?_sft_post_tag=partnership-con-enti-istituzionali\" class=\"tag-element\">Partnership con enti istituzionali<\/a><a href=\"https:\/\/www.compagniadisanpaolo.it\/it\/tags\/risultati\/?_sft_post_tag=sani-stili-di-vita\" class=\"tag-element\">Sani stili di vita<\/a><a href=\"https:\/\/www.compagniadisanpaolo.it\/it\/tags\/risultati\/?_sft_post_tag=sustainable-food-system\" class=\"tag-element\">Sustainable food system<\/a><a href=\"https:\/\/www.compagniadisanpaolo.it\/it\/tags\/risultati\/?_sft_post_tag=sviluppo-sostenibile\" class=\"tag-element\">Sviluppo sostenibile<\/a><\/div>\t  \n\t<\/div>\n[\/vc_column_text][\/vc_column][vc_column width=&#8221;3\/4&#8243; el_class=&#8221;page-content&#8221;][vc_column_text el_class=&#8221;text&#8221;]La collaborazione tra la <strong>Fondazione Compagnia di San Paolo<\/strong> con <strong>Slow Food<\/strong> e <strong>Terra Madre<\/strong> \u00e8 consolidata nel tempo e affonda le proprie radici nella condivisione di alcuni dei principi fondamentali per lo <strong>sviluppo sostenibile<\/strong> come ad esempio la <strong>promozione della sovranit\u00e0 alimentare<\/strong> per tutti, la <strong>salvaguardia dell\u2019ambiente<\/strong>, il sostegno alla <strong>dimensione della prossimit\u00e0<\/strong> e il riconoscimento del ruolo decisivo che organizzazioni \u00a0della societ\u00e0 civile possono avere in riferimento alla <strong>costruzione di sistemi locali sostenibili del cibo<\/strong>.<\/p>\n<p>Il <strong>coinvolgimento delle nuove generazioni<\/strong> nella costruzione di un futuro pi\u00f9 verde, pi\u00f9 inclusivo e pi\u00f9 sostenibile \u00e8 un altro degli aspetti fondamentali condivisi.<\/p>\n<p>La Fondazione Compagnia di San Paolo investe infatti da tempo affinch\u00e9 <strong>ai giovani<\/strong> <strong>vengano garantiti voce e reali possibilit\u00e0 di influenzare<\/strong> le scelte della societ\u00e0 in cui viviamo, come dimostra la creazione dello <strong>Young Advisory Board<\/strong>: un gruppo di giovani selezionati per offrire indicazioni alla governance della Fondazione rispetto alle sue strategie pluriennali.<\/p>\n<p>In linea con questo contesto, nell\u2019ambito della manifestazione che si terr\u00e0 <strong>a Torino dal 22 al 26 settembre 2022, <\/strong>sono stati organizzati due appuntamenti.<\/p>\n<p>Il primo appuntamento dal titolo \u201c<strong>Tavole Allegre \u2013 la convivialit\u00e0 per rafforzare reti sociali fragili<\/strong>\u201d \u00e8 previsto per <strong>domenica 25 settembre dalle 14.30 alle 16.30 <\/strong>e approfondir\u00e0 il percorso del progetto \u201c<strong><a href=\"https:\/\/www.compagniadisanpaolo.it\/it\/progetti\/tavole-allegre\/\" target=\"_blank\" rel=\"noopener\">Tavole Allegre<\/a>\u201d<\/strong>, realizzato a Torino dalla <strong>Fondazione Compagnia di San Paolo<\/strong> in collaborazione con la <strong>Fondazione Ufficio Pio<\/strong> e <strong>Slow Food Italia<\/strong> per creare occasioni di incontro e conoscenza, scambio e solidariet\u00e0, ricostruire reti sociali e rapporti di prossimit\u00e0 nella vita quotidiana, in modo naturale, semplice e coinvolgente attraverso pranzi di vicinato, incontri di comunit\u00e0, scambi online.<strong>\u00a0<\/strong><\/p>\n<p>L\u2019incontro si svolger\u00e0 in due momenti:<\/p>\n<p>nella <strong>prima parte<\/strong> <strong>Barbara Nappini<\/strong> &#8211; Presidente Slow Food Italia, <strong>Marzia Sica<\/strong> &#8211; responsabile Obiettivo Persone Fondazione Compagnia di San Paolo, <strong>Silvia Cordero<\/strong> \u2013 direttrice Fondazione Ufficio Pio e <strong>Samuele Poy<\/strong> &#8211; ricercatore Universit\u00e0 Piemonte Orientale <strong>racconteranno il percorso del progetto<\/strong> e i suoi esiti.<\/p>\n<p>Nella <strong>seconda fase<\/strong> dell\u2019appuntamento, che si terr\u00e0 <strong>in forma laboratoriale<\/strong>, sar\u00e0 invece possibile approfondire gli aspetti metodologici dell\u2019iniziativa, ascoltando le diverse voci di chi ha partecipato.<\/p>\n<p>Per partecipare \u00e8 necessario iscriversi tramite <strong><a href=\"https:\/\/2022.terramadresalonedelgusto.com\/pagamento\/?add-to-cart=98829\" target=\"_blank\" rel=\"noopener\">questo link<\/a><\/strong>.<\/p>\n<p>Sempre <strong>Domenica 25 settembre dalle 16:30 alle 17:30<\/strong>, presso l\u2019Arena Gino Strada si terr\u00e0 il secondo appuntamento dal titolo \u201c<strong>Le cose che abbiamo da dirci: dialogo tra generazioni sul futuro del cibo<\/strong>\u201d<\/p>\n<p>In questo incontro giovani rappresentanti dello <strong>Slow Food Youth Network<\/strong> e dello <strong>Young Advisory Board della Fondazione Compagnia di San Paolo<\/strong> dialogheranno con <a href=\"https:\/\/www.compagniadisanpaolo.it\/it\/fondazione\/organi\/francesco-profumo-presidente\/\" target=\"_blank\" rel=\"noopener\"><strong>Francesco Profumo<\/strong><\/a>, <strong>Presidente della Fondazione Compagnia di San Paolo <\/strong>e\u00a0<strong>Carlo Petrini<\/strong>, fondatore del movimento Slow Food.<\/p>\n<p>In questo incontro verranno discusse le questioni pi\u00f9 importanti legate alla sostenibilit\u00e0 dei sistemi alimentari tra cui lo spreco, la sovranit\u00e0 alimentare, il ruolo dei giovani nella creazione di un modello pi\u00f9 sostenibile.<\/p>\n<p>La Fondazione Compagnia di San Paolo parteciper\u00e0 inoltre ad altri appuntamenti relativi ai temi dello <strong>sviluppo sostenibile dei sistemi alimentari<\/strong>, in particolare con focus \u00a0sull\u2019economia circolare, presentando la sua esperienza nell\u2019ambito del progetto <strong><a href=\"https:\/\/innovazionesviluppo.org\/\" target=\"_blank\" rel=\"noopener\">Innovazione per lo Sviluppo<\/a><\/strong>, realizzato in collaborazione con altre Fondazione Cariplo.<\/p>\n<p>Per leggere il comunicato stampa completo, visita questo <strong><a href=\"https:\/\/www.compagniadisanpaolo.it\/it\/comunicati-stampa\/la-fondazione-compagnia-di-san-paolo-per-terra-madre-2022\/\" target=\"_blank\" rel=\"noopener\">link<\/a>.<\/strong>[\/vc_column_text][\/vc_column][\/vc_row][vc_row][vc_column]<style type='text\/css'>\n\t\t\t\t#gallery-1 {\n\t\t\t\t\tmargin: auto;\n\t\t\t\t}\n\t\t\t\t#gallery-1.FGM-Collage .fg-gallery-item {\n\t\t\t\t\ttext-align: center;\t\t\t\n\t\t\t\t}\n\t\t\t\t#gallery-1 .fg-gallery-caption {\n\t\t\t\t\tmargin-left: 0;\n\t\t\t\t}\n\t\t\t\t#gallery-1.fastgallery_mosaic .fg-gallery-caption, \n\t\t\t\t#gallery-1.fastgallery_mosaic .fg-gallery-caption:hover {\n\t\t\t\t\tbackground-color:rgba( 4 , 106 , 56 , 1);\n\t\t\t\t}\n\t\t\t\t#gallery-1.fastgallery_mosaic.gallery .gallery-icon .fg_zoom a, \n\t\t\t\t#gallery-1.fastgallery_mosaic.gallery .gallery-icon .fg_zoom a:hover {\n\t\t\t\t\tcolor:#046a38;\n\t\t\t\t}\n\t\t\t\t#gallery-1.fastgallery_mosaic.fg_style1 .fg-gallery-caption {\n\t\t\t\t\tcolor:#ffffff;\t\n\t\t\t\t}\n\t\t\t\t#gallery-1.fastgallery_mosaic.gallery.fg_style2 .gallery-icon .fg_zoom a {\n\t\t\t\t\tbackground:rgba( 255 , 255 , 255 , 0.3);\n\t\t\t\t}\n\t\t\t\t#gallery-1.fastgallery_mosaic.fg_style2 .fg-gallery-caption {\n\t\t\t\t\tcolor:#ffffff;\t\n\t\t\t\t}\t\t\t\n\t\t\t\t#gallery-1.fastgallery_mosaic.gallery.fg_style3 .fg_zoom, #gallery-1.fastgallery_mosaic.gallery.fg_style3 .fg_zoom:hover {\n\t\t\t\t\tbackground:rgba( 4 , 106 , 56 , 1);\n\t\t\t\t}\n\t\t\t\t#gallery-1.fastgallery_mosaic.fg_style3 .fg-gallery-caption {\n\t\t\t\t\tcolor:#ffffff;\t\n\t\t\t\t}\t\t\t\t\n\t\t\t\t#gallery-1.fastgallery_mosaic.fg_style4 .fg-gallery-caption,\t\t\t\n\t\t\t\t#gallery-1.fastgallery_mosaic.gallery.fg_style4 .gallery-icon .fg_zoom a, \n\t\t\t\t#gallery-1.fastgallery_mosaic.gallery.fg_style4 .gallery-icon .fg_zoom a:hover {\n\t\t\t\t\tcolor:#ffffff;\n\t\t\t\t}\n\t\t\t\t#gallery-1.fastgallery_mosaic.gallery.fg_style4 .gallery-icon .fg_zoom a, \n\t\t\t\t#gallery-1.fastgallery_mosaic.gallery.fg_style4 .gallery-icon .fg_zoom a:hover\t{\n\t\t\t\t\tbackground:rgba( 4 , 106 , 56 , 1);\n\t\t\t\t}\t\t\t\n\t\t\t\t#gallery-1.fastgallery_mosaic.gallery.fg_style5 .gallery-icon .fg_zoom a, \n\t\t\t\t#gallery-1.fastgallery_mosaic.gallery.fg_style5 .gallery-icon .fg_zoom a:hover\t{\n\t\t\t\t\tcolor:#ffffff;\n\t\t\t\t\tbackground-color:rgba( 4 , 106 , 56 , 1);\n\t\t\t\t}\t\t\t\t\t\n\t\t\t\t#gallery-1.fastgallery_mosaic.gallery.fg_style6 .gallery-icon .fg_zoom a,\n\t\t\t\t#gallery-1.fastgallery_mosaic.gallery.fg_style6 .gallery-icon .fg_zoom a:hover {\n\t\t\t\t\tcolor:#ffffff;\n\t\t\t\t\tbackground:rgba( 4 , 106 , 56 , 1);\t\t\t\t\n\t\t\t\t}\n\t\t\t\n\t\t\t\t#gallery-1.fastgallery_mosaic.fg_style6 .fg-gallery-caption {\n\t\t\t\t\tcolor:#ffffff;\t\n\t\t\t\t}\n\t\t\t\t#gallery-1.fastgallery_mosaic.gallery.fg_style7 .gallery-icon .fg_zoom a,\n\t\t\t\t#gallery-1.fastgallery_mosaic.gallery.fg_style7 .gallery-icon .fg_zoom a:hover {\n\t\t\t\t\tcolor:#ffffff;\n\t\t\t\t\tbackground:rgba( 4 , 106 , 56 , 1);\t\t\t\t\n\t\t\t\t}\t\t\n\t\t\t\t#gallery-1.fastgallery_mosaic.fg_style7 .fg-gallery-caption {\n\t\t\t\t\tcolor:#ffffff;\t\n\t\t\t\t}\n\t\t\t\t\n\t\t\t\t#gallery-1.fastgallery_mosaic.gallery.fg_style8 .gallery-icon .fg_zoom a,\n\t\t\t\t#gallery-1.fastgallery_mosaic.gallery.fg_style8 .gallery-icon .fg_zoom a:hover {\n\t\t\t\t\tcolor:#ffffff;\n\t\t\t\t\tbackground:rgba( 4 , 106 , 56 , 1);\t\t\t\t\n\t\t\t\t}\n\t\t\t\n\t\t\t\t#gallery-1.fastgallery_mosaic.fg_style8 .fg-gallery-caption {\n\t\t\t\t\tcolor:#ffffff;\t\n\t\t\t\t}\n\t\t\t\t\n\t\t\t\t#gallery-1.fastgallery_mosaic.gallery.fg_style9 .gallery-icon .fg_zoom a,\n\t\t\t\t#gallery-1.fastgallery_mosaic.gallery.fg_style9 .gallery-icon .fg_zoom a:hover {\n\t\t\t\t\tcolor:#ffffff;\n\t\t\t\t\tbackground:rgba( 4 , 106 , 56 , 1);\t\t\t\t\n\t\t\t\t}\t\t\n\t\t\t\t#gallery-1.fastgallery_mosaic.fg_style9 .fg-gallery-caption {\n\t\t\t\t\tcolor:#ffffff;\t\n\t\t\t\t}\n\t\t\t\t\n\t\t\t\t#gallery-1.fastgallery_mosaic.gallery.fg_style10 .gallery-icon .fg_zoom a,\n\t\t\t\t#gallery-1.fastgallery_mosaic.gallery.fg_style10 .gallery-icon .fg_zoom a:hover {\n\t\t\t\t\tcolor:#ffffff;\n\t\t\t\t\tbackground:rgba( 4 , 106 , 56 , 1);\t\t\t\t\n\t\t\t\t}\t\t\n\t\t\t\t#gallery-1.fastgallery_mosaic.fg_style10 .fg-gallery-caption {\n\t\t\t\t\tcolor:#ffffff;\t\n\t\t\t\t}#gallery-1.fastgallery_mosaic.gallery .gallery-icon .icon-plus:before {\t\n\t\t\t\t\t\t\t\t\t\tcontent: \"\\e6ef\"!important;\n\t\t\t\t\t}#gallery-1.fastgallery_mosaic.gallery span {\n\t\t\t\t\t\t\t\t\t\tfont-size:20px!important;\n\t\t\t\t\t}\n\t\t\t\t\t#gallery-1.fastgallery_mosaic.gallery .gallery-icon .fg-zoom-icon {\n\t\t\t\t\t\t\t\t\t\tmargin-left:-10px!important;\n\t\t\t\t\t\t\t\t\t\tmargin-top:-40px;\n\t\t\t\t\t}\n\t\t\t\t\t#gallery-1.fastgallery_mosaic.gallery.fg_style2 .gallery-icon .fg-zoom-icon,\n\t\t\t\t\t#gallery-1.fastgallery_mosaic.gallery.fg_style5 .gallery-icon .fg-zoom-icon  {\n\t\t\t\t\t\t\t\t\t\tmargin-top:-10px;\n\t\t\t\t\t}\t\t\n\t\t\t\t\t#gallery-1.fastgallery_mosaic.gallery .gallery-icon.no-caption .fg-zoom-icon {\n\t\t\t\t\t\t\t\t\t\tmargin-top:-10px!important;\n\t\t\t\t\t}\n\t\t\t\t\t#gallery-1.fastgallery_mosaic.fg_style7 .fg-gallery-caption,\n\t\t\t\t\t#gallery-1.fastgallery_mosaic.fg_style8 .fg-gallery-caption {\n\t\t\t\t\t\t\t\t\t\ttop:55%;\n\t\t\t\t\t}\n\t\t\t\t\t<\/style>\n\t\t<script type=\"text\/javascript\">jQuery(function($){\n\t\t\t\t\t\t$(window).load(function () {\n\t\t\t\t\t\t\t\t\t$(document).ready(function(){\n\t\t\t\t\t\t\t\t\t\tcollage();\n\t\t\t\t\t\t\t\t\t});\n\t\t\t\t\t\t\t\t\tfunction collage() {\n\t\t\t\t\t\t\t\t\t\t$('#gallery-1.FGM-Collage').removeWhitespace().collagePlus(\n\t\t\t\t\t\t\t\t\t\t{\n\t\t\t\t\t\t\t\t\t\t\t\t'targetHeight'  \t\t: 300,\n\t\t\t\t\t\t\t\t\t\t\t\t'padding'\t\t\t\t: 20,\n\t\t\t\t\t\t\t\t\t\t\t\t'allowPartialLastRow'   : true\n\t\t\t\t\t\t\t\t\t\t\t}\n\t\t\t\t\t\t\t\t\t\t);\n\t\t\t\t\t\t\t\t\t};\t\n\t\t\t\t\t\t\t\t\tvar resizeTimer = null;\n\t\t\t\t\t\t\t\t\t$(window).bind('resize', function() {\n\t\t\t\t\t\t\t\t\t\t$('.FGM-Collage .fg-gallery-item').css(\"opacity\", 0);\n\t\t\t\t\t\t\t\t\t\tif (resizeTimer) clearTimeout(resizeTimer);\n\t\t\t\t\t\t\t\t\t\tresizeTimer = setTimeout(collage, 200);\n\t\t\t\t\t\t\t\t\t});\t\n\t\t\t\t\t});\n\t\t\t\t\t});<\/script><script type=\"text\/javascript\">\n\t\t\t\t\t\tjQuery(function($){\n\t\t\t\t\t\t\t$('#gallery-1.gallery.fastgallery_mosaic').lightGallery({\n\t\t\t\t\t\t\t\tmode:'slide',\n\t\t\t\t\t\t\t\tspeed: 2000,\n\t\t\t\t\t\t\t\tthumbnail: true,\n\t\t\t\t\t\t\t\tcontrols: true\t\t\t\t\t\t\t\t\n\t\t\t\t\t\t\t});\n\t\t\t\t\t\t});\t\t\n\t\t\t\t\t<\/script>\n\t\t<div id='gallery-1' class='FGM-Collage gallery galleryid-1 gallery-size-fg_layout1 fastgallery_mosaic fg_responsive fg_style1 fg_over_image_off fg_layout1'><div data-src='https:\/\/www.compagniadisanpaolo.it\/wp-content\/uploads\/CSP_GUSTO_FutureFood-006-1000x800.jpg' class='fg-gallery-item  '><div class='gallery-icon landscape no-caption'><div class='fg_zoom'><img loading=\"lazy\" decoding=\"async\" width=\"1000\" height=\"800\" src=\"https:\/\/www.compagniadisanpaolo.it\/wp-content\/uploads\/CSP_GUSTO_FutureFood-006-1000x800.jpg\" class=\"attachment-fgm-2-6 size-fgm-2-6\" alt=\"\" \/><a href='https:\/\/www.compagniadisanpaolo.it\/wp-content\/uploads\/CSP_GUSTO_FutureFood-006-1000x800.jpg'><span class='fg-zoom-icon icon-plus'><\/span><\/a><\/div><\/div><\/div><div data-src='https:\/\/www.compagniadisanpaolo.it\/wp-content\/uploads\/CSP_GUSTO_FutureFood-026-1000x800.jpg' class='fg-gallery-item  '><div class='gallery-icon landscape no-caption'><div class='fg_zoom'><img loading=\"lazy\" decoding=\"async\" width=\"1400\" height=\"800\" src=\"https:\/\/www.compagniadisanpaolo.it\/wp-content\/uploads\/CSP_GUSTO_FutureFood-026-1400x800.jpg\" class=\"attachment-fgm-1-6 size-fgm-1-6\" alt=\"\" srcset=\"https:\/\/www.compagniadisanpaolo.it\/wp-content\/uploads\/CSP_GUSTO_FutureFood-026-1400x800.jpg 1400w, https:\/\/www.compagniadisanpaolo.it\/wp-content\/uploads\/CSP_GUSTO_FutureFood-026-540x310.jpg 540w\" sizes=\"auto, (max-width: 1400px) 100vw, 1400px\" \/><a href='https:\/\/www.compagniadisanpaolo.it\/wp-content\/uploads\/CSP_GUSTO_FutureFood-026-1000x800.jpg'><span class='fg-zoom-icon icon-plus'><\/span><\/a><\/div><\/div><\/div><div data-src='https:\/\/www.compagniadisanpaolo.it\/wp-content\/uploads\/CSP_GUSTO_FutureFood-030-1000x800.jpg' class='fg-gallery-item  '><div class='gallery-icon landscape no-caption'><div class='fg_zoom'><img loading=\"lazy\" decoding=\"async\" width=\"1200\" height=\"800\" src=\"https:\/\/www.compagniadisanpaolo.it\/wp-content\/uploads\/CSP_GUSTO_FutureFood-030-1200x800.jpg\" class=\"attachment-fgm-3-6 size-fgm-3-6\" alt=\"\" srcset=\"https:\/\/www.compagniadisanpaolo.it\/wp-content\/uploads\/CSP_GUSTO_FutureFood-030-1200x800.jpg 1200w, https:\/\/www.compagniadisanpaolo.it\/wp-content\/uploads\/CSP_GUSTO_FutureFood-030-300x200.jpg 300w, https:\/\/www.compagniadisanpaolo.it\/wp-content\/uploads\/CSP_GUSTO_FutureFood-030-1024x683.jpg 1024w, https:\/\/www.compagniadisanpaolo.it\/wp-content\/uploads\/CSP_GUSTO_FutureFood-030-768x512.jpg 768w, https:\/\/www.compagniadisanpaolo.it\/wp-content\/uploads\/CSP_GUSTO_FutureFood-030-1536x1024.jpg 1536w, https:\/\/www.compagniadisanpaolo.it\/wp-content\/uploads\/CSP_GUSTO_FutureFood-030-2048x1365.jpg 2048w, https:\/\/www.compagniadisanpaolo.it\/wp-content\/uploads\/CSP_GUSTO_FutureFood-030-500x333.jpg 500w\" sizes=\"auto, (max-width: 1200px) 100vw, 1200px\" \/><a href='https:\/\/www.compagniadisanpaolo.it\/wp-content\/uploads\/CSP_GUSTO_FutureFood-030-1000x800.jpg'><span class='fg-zoom-icon icon-plus'><\/span><\/a><\/div><\/div><\/div><div data-src='https:\/\/www.compagniadisanpaolo.it\/wp-content\/uploads\/CSP_GUSTO_FutureFood-032-1000x800.jpg' class='fg-gallery-item  '><div class='gallery-icon landscape no-caption'><div class='fg_zoom'><img loading=\"lazy\" decoding=\"async\" width=\"1400\" height=\"800\" src=\"https:\/\/www.compagniadisanpaolo.it\/wp-content\/uploads\/CSP_GUSTO_FutureFood-032-1400x800.jpg\" class=\"attachment-fgm-1-6 size-fgm-1-6\" alt=\"\" srcset=\"https:\/\/www.compagniadisanpaolo.it\/wp-content\/uploads\/CSP_GUSTO_FutureFood-032-1400x800.jpg 1400w, https:\/\/www.compagniadisanpaolo.it\/wp-content\/uploads\/CSP_GUSTO_FutureFood-032-540x310.jpg 540w\" sizes=\"auto, (max-width: 1400px) 100vw, 1400px\" \/><a href='https:\/\/www.compagniadisanpaolo.it\/wp-content\/uploads\/CSP_GUSTO_FutureFood-032-1000x800.jpg'><span class='fg-zoom-icon icon-plus'><\/span><\/a><\/div><\/div><\/div><div data-src='https:\/\/www.compagniadisanpaolo.it\/wp-content\/uploads\/CSP_GUSTO_FutureFood-055-1000x800.jpg' class='fg-gallery-item  '><div class='gallery-icon landscape no-caption'><div class='fg_zoom'><img loading=\"lazy\" decoding=\"async\" width=\"1000\" height=\"800\" src=\"https:\/\/www.compagniadisanpaolo.it\/wp-content\/uploads\/CSP_GUSTO_FutureFood-055-1000x800.jpg\" class=\"attachment-fgm-2-6 size-fgm-2-6\" alt=\"\" \/><a href='https:\/\/www.compagniadisanpaolo.it\/wp-content\/uploads\/CSP_GUSTO_FutureFood-055-1000x800.jpg'><span class='fg-zoom-icon icon-plus'><\/span><\/a><\/div><\/div><\/div><div data-src='https:\/\/www.compagniadisanpaolo.it\/wp-content\/uploads\/CSP_GUSTO_FutureFood-062-1000x800.jpg' class='fg-gallery-item  '><div class='gallery-icon landscape no-caption'><div class='fg_zoom'><img loading=\"lazy\" decoding=\"async\" width=\"1200\" height=\"800\" src=\"https:\/\/www.compagniadisanpaolo.it\/wp-content\/uploads\/CSP_GUSTO_FutureFood-062-1200x800.jpg\" class=\"attachment-fgm-3-6 size-fgm-3-6\" alt=\"\" srcset=\"https:\/\/www.compagniadisanpaolo.it\/wp-content\/uploads\/CSP_GUSTO_FutureFood-062-1200x800.jpg 1200w, https:\/\/www.compagniadisanpaolo.it\/wp-content\/uploads\/CSP_GUSTO_FutureFood-062-300x200.jpg 300w, https:\/\/www.compagniadisanpaolo.it\/wp-content\/uploads\/CSP_GUSTO_FutureFood-062-1024x683.jpg 1024w, https:\/\/www.compagniadisanpaolo.it\/wp-content\/uploads\/CSP_GUSTO_FutureFood-062-768x512.jpg 768w, https:\/\/www.compagniadisanpaolo.it\/wp-content\/uploads\/CSP_GUSTO_FutureFood-062-1536x1024.jpg 1536w, https:\/\/www.compagniadisanpaolo.it\/wp-content\/uploads\/CSP_GUSTO_FutureFood-062-2048x1365.jpg 2048w, https:\/\/www.compagniadisanpaolo.it\/wp-content\/uploads\/CSP_GUSTO_FutureFood-062-500x333.jpg 500w\" sizes=\"auto, (max-width: 1200px) 100vw, 1200px\" \/><a href='https:\/\/www.compagniadisanpaolo.it\/wp-content\/uploads\/CSP_GUSTO_FutureFood-062-1000x800.jpg'><span class='fg-zoom-icon icon-plus'><\/span><\/a><\/div><\/div><\/div><div data-src='https:\/\/www.compagniadisanpaolo.it\/wp-content\/uploads\/CSP_GUSTO_FutureFood-068-1000x800.jpg' class='fg-gallery-item  '><div class='gallery-icon landscape no-caption'><div class='fg_zoom'><img loading=\"lazy\" decoding=\"async\" width=\"1200\" height=\"800\" src=\"https:\/\/www.compagniadisanpaolo.it\/wp-content\/uploads\/CSP_GUSTO_FutureFood-068-1200x800.jpg\" class=\"attachment-fgm-3-6 size-fgm-3-6\" alt=\"\" srcset=\"https:\/\/www.compagniadisanpaolo.it\/wp-content\/uploads\/CSP_GUSTO_FutureFood-068-1200x800.jpg 1200w, https:\/\/www.compagniadisanpaolo.it\/wp-content\/uploads\/CSP_GUSTO_FutureFood-068-300x200.jpg 300w, https:\/\/www.compagniadisanpaolo.it\/wp-content\/uploads\/CSP_GUSTO_FutureFood-068-1024x683.jpg 1024w, https:\/\/www.compagniadisanpaolo.it\/wp-content\/uploads\/CSP_GUSTO_FutureFood-068-768x512.jpg 768w, https:\/\/www.compagniadisanpaolo.it\/wp-content\/uploads\/CSP_GUSTO_FutureFood-068-1536x1024.jpg 1536w, https:\/\/www.compagniadisanpaolo.it\/wp-content\/uploads\/CSP_GUSTO_FutureFood-068-2048x1365.jpg 2048w, https:\/\/www.compagniadisanpaolo.it\/wp-content\/uploads\/CSP_GUSTO_FutureFood-068-500x333.jpg 500w\" sizes=\"auto, (max-width: 1200px) 100vw, 1200px\" \/><a href='https:\/\/www.compagniadisanpaolo.it\/wp-content\/uploads\/CSP_GUSTO_FutureFood-068-1000x800.jpg'><span class='fg-zoom-icon icon-plus'><\/span><\/a><\/div><\/div><\/div><div data-src='https:\/\/www.compagniadisanpaolo.it\/wp-content\/uploads\/CSP_GUSTO_FutureFood-081-1000x800.jpg' class='fg-gallery-item  '><div class='gallery-icon landscape no-caption'><div class='fg_zoom'><img loading=\"lazy\" decoding=\"async\" width=\"1000\" height=\"800\" src=\"https:\/\/www.compagniadisanpaolo.it\/wp-content\/uploads\/CSP_GUSTO_FutureFood-081-1000x800.jpg\" class=\"attachment-fgm-2-6 size-fgm-2-6\" alt=\"\" \/><a href='https:\/\/www.compagniadisanpaolo.it\/wp-content\/uploads\/CSP_GUSTO_FutureFood-081-1000x800.jpg'><span class='fg-zoom-icon icon-plus'><\/span><\/a><\/div><\/div><\/div><div data-src='https:\/\/www.compagniadisanpaolo.it\/wp-content\/uploads\/CSP_GUSTO_FutureFood-084-1000x800.jpg' class='fg-gallery-item  '><div class='gallery-icon landscape no-caption'><div class='fg_zoom'><img loading=\"lazy\" decoding=\"async\" width=\"1400\" height=\"800\" src=\"https:\/\/www.compagniadisanpaolo.it\/wp-content\/uploads\/CSP_GUSTO_FutureFood-084-1400x800.jpg\" class=\"attachment-fgm-1-6 size-fgm-1-6\" alt=\"\" srcset=\"https:\/\/www.compagniadisanpaolo.it\/wp-content\/uploads\/CSP_GUSTO_FutureFood-084-1400x800.jpg 1400w, https:\/\/www.compagniadisanpaolo.it\/wp-content\/uploads\/CSP_GUSTO_FutureFood-084-540x310.jpg 540w\" sizes=\"auto, (max-width: 1400px) 100vw, 1400px\" \/><a href='https:\/\/www.compagniadisanpaolo.it\/wp-content\/uploads\/CSP_GUSTO_FutureFood-084-1000x800.jpg'><span class='fg-zoom-icon icon-plus'><\/span><\/a><\/div><\/div><\/div><div data-src='https:\/\/www.compagniadisanpaolo.it\/wp-content\/uploads\/CSP_GUSTO_FutureFood-086-1000x800.jpg' class='fg-gallery-item  '><div class='gallery-icon landscape no-caption'><div class='fg_zoom'><img loading=\"lazy\" decoding=\"async\" width=\"1000\" height=\"800\" src=\"https:\/\/www.compagniadisanpaolo.it\/wp-content\/uploads\/CSP_GUSTO_FutureFood-086-1000x800.jpg\" class=\"attachment-fgm-2-6 size-fgm-2-6\" alt=\"\" \/><a href='https:\/\/www.compagniadisanpaolo.it\/wp-content\/uploads\/CSP_GUSTO_FutureFood-086-1000x800.jpg'><span class='fg-zoom-icon icon-plus'><\/span><\/a><\/div><\/div><\/div><div data-src='https:\/\/www.compagniadisanpaolo.it\/wp-content\/uploads\/CSP_GustoTavoleAllegre-004-1000x800.jpg' class='fg-gallery-item  '><div class='gallery-icon landscape no-caption'><div class='fg_zoom'><img loading=\"lazy\" decoding=\"async\" width=\"1400\" height=\"800\" src=\"https:\/\/www.compagniadisanpaolo.it\/wp-content\/uploads\/CSP_GustoTavoleAllegre-004-1400x800.jpg\" class=\"attachment-fgm-1-6 size-fgm-1-6\" alt=\"\" srcset=\"https:\/\/www.compagniadisanpaolo.it\/wp-content\/uploads\/CSP_GustoTavoleAllegre-004-1400x800.jpg 1400w, https:\/\/www.compagniadisanpaolo.it\/wp-content\/uploads\/CSP_GustoTavoleAllegre-004-540x310.jpg 540w\" sizes=\"auto, (max-width: 1400px) 100vw, 1400px\" \/><a href='https:\/\/www.compagniadisanpaolo.it\/wp-content\/uploads\/CSP_GustoTavoleAllegre-004-1000x800.jpg'><span class='fg-zoom-icon icon-plus'><\/span><\/a><\/div><\/div><\/div><div data-src='https:\/\/www.compagniadisanpaolo.it\/wp-content\/uploads\/CSP_GustoTavoleAllegre-017-1000x800.jpg' class='fg-gallery-item  '><div class='gallery-icon landscape no-caption'><div class='fg_zoom'><img loading=\"lazy\" decoding=\"async\" width=\"1200\" height=\"800\" src=\"https:\/\/www.compagniadisanpaolo.it\/wp-content\/uploads\/CSP_GustoTavoleAllegre-017-1200x800.jpg\" class=\"attachment-fgm-3-6 size-fgm-3-6\" alt=\"\" srcset=\"https:\/\/www.compagniadisanpaolo.it\/wp-content\/uploads\/CSP_GustoTavoleAllegre-017-1200x800.jpg 1200w, https:\/\/www.compagniadisanpaolo.it\/wp-content\/uploads\/CSP_GustoTavoleAllegre-017-300x200.jpg 300w, https:\/\/www.compagniadisanpaolo.it\/wp-content\/uploads\/CSP_GustoTavoleAllegre-017-1024x683.jpg 1024w, https:\/\/www.compagniadisanpaolo.it\/wp-content\/uploads\/CSP_GustoTavoleAllegre-017-768x512.jpg 768w, https:\/\/www.compagniadisanpaolo.it\/wp-content\/uploads\/CSP_GustoTavoleAllegre-017-1536x1024.jpg 1536w, https:\/\/www.compagniadisanpaolo.it\/wp-content\/uploads\/CSP_GustoTavoleAllegre-017-2048x1365.jpg 2048w, https:\/\/www.compagniadisanpaolo.it\/wp-content\/uploads\/CSP_GustoTavoleAllegre-017-500x333.jpg 500w\" sizes=\"auto, (max-width: 1200px) 100vw, 1200px\" \/><a href='https:\/\/www.compagniadisanpaolo.it\/wp-content\/uploads\/CSP_GustoTavoleAllegre-017-1000x800.jpg'><span class='fg-zoom-icon icon-plus'><\/span><\/a><\/div><\/div><\/div><div data-src='https:\/\/www.compagniadisanpaolo.it\/wp-content\/uploads\/CSP_GustoTavoleAllegre-028-1000x800.jpg' class='fg-gallery-item  '><div class='gallery-icon landscape no-caption'><div class='fg_zoom'><img loading=\"lazy\" decoding=\"async\" width=\"1000\" height=\"800\" src=\"https:\/\/www.compagniadisanpaolo.it\/wp-content\/uploads\/CSP_GustoTavoleAllegre-028-1000x800.jpg\" class=\"attachment-fgm-2-6 size-fgm-2-6\" alt=\"\" \/><a href='https:\/\/www.compagniadisanpaolo.it\/wp-content\/uploads\/CSP_GustoTavoleAllegre-028-1000x800.jpg'><span class='fg-zoom-icon icon-plus'><\/span><\/a><\/div><\/div><\/div><div data-src='https:\/\/www.compagniadisanpaolo.it\/wp-content\/uploads\/CSP_GustoTavoleAllegre-035-1000x800.jpg' class='fg-gallery-item  '><div class='gallery-icon landscape no-caption'><div class='fg_zoom'><img loading=\"lazy\" decoding=\"async\" width=\"1400\" height=\"800\" src=\"https:\/\/www.compagniadisanpaolo.it\/wp-content\/uploads\/CSP_GustoTavoleAllegre-035-1400x800.jpg\" class=\"attachment-fgm-1-6 size-fgm-1-6\" alt=\"\" srcset=\"https:\/\/www.compagniadisanpaolo.it\/wp-content\/uploads\/CSP_GustoTavoleAllegre-035-1400x800.jpg 1400w, https:\/\/www.compagniadisanpaolo.it\/wp-content\/uploads\/CSP_GustoTavoleAllegre-035-540x310.jpg 540w\" sizes=\"auto, (max-width: 1400px) 100vw, 1400px\" \/><a href='https:\/\/www.compagniadisanpaolo.it\/wp-content\/uploads\/CSP_GustoTavoleAllegre-035-1000x800.jpg'><span class='fg-zoom-icon icon-plus'><\/span><\/a><\/div><\/div><\/div><div data-src='https:\/\/www.compagniadisanpaolo.it\/wp-content\/uploads\/CSP_GustoTavoleAllegre-045-1000x800.jpg' class='fg-gallery-item  '><div class='gallery-icon landscape no-caption'><div class='fg_zoom'><img loading=\"lazy\" decoding=\"async\" width=\"1200\" height=\"800\" src=\"https:\/\/www.compagniadisanpaolo.it\/wp-content\/uploads\/CSP_GustoTavoleAllegre-045-1200x800.jpg\" class=\"attachment-fgm-3-6 size-fgm-3-6\" alt=\"\" srcset=\"https:\/\/www.compagniadisanpaolo.it\/wp-content\/uploads\/CSP_GustoTavoleAllegre-045-1200x800.jpg 1200w, https:\/\/www.compagniadisanpaolo.it\/wp-content\/uploads\/CSP_GustoTavoleAllegre-045-300x200.jpg 300w, https:\/\/www.compagniadisanpaolo.it\/wp-content\/uploads\/CSP_GustoTavoleAllegre-045-1024x683.jpg 1024w, https:\/\/www.compagniadisanpaolo.it\/wp-content\/uploads\/CSP_GustoTavoleAllegre-045-768x512.jpg 768w, https:\/\/www.compagniadisanpaolo.it\/wp-content\/uploads\/CSP_GustoTavoleAllegre-045-1536x1024.jpg 1536w, https:\/\/www.compagniadisanpaolo.it\/wp-content\/uploads\/CSP_GustoTavoleAllegre-045-2048x1365.jpg 2048w, https:\/\/www.compagniadisanpaolo.it\/wp-content\/uploads\/CSP_GustoTavoleAllegre-045-500x333.jpg 500w\" sizes=\"auto, (max-width: 1200px) 100vw, 1200px\" \/><a href='https:\/\/www.compagniadisanpaolo.it\/wp-content\/uploads\/CSP_GustoTavoleAllegre-045-1000x800.jpg'><span class='fg-zoom-icon icon-plus'><\/span><\/a><\/div><\/div><\/div><div data-src='https:\/\/www.compagniadisanpaolo.it\/wp-content\/uploads\/CSP_GustoTavoleAllegre-064-1000x800.jpg' class='fg-gallery-item  '><div class='gallery-icon landscape no-caption'><div class='fg_zoom'><img loading=\"lazy\" decoding=\"async\" width=\"1400\" height=\"800\" src=\"https:\/\/www.compagniadisanpaolo.it\/wp-content\/uploads\/CSP_GustoTavoleAllegre-064-1400x800.jpg\" class=\"attachment-fgm-1-6 size-fgm-1-6\" alt=\"\" srcset=\"https:\/\/www.compagniadisanpaolo.it\/wp-content\/uploads\/CSP_GustoTavoleAllegre-064-1400x800.jpg 1400w, https:\/\/www.compagniadisanpaolo.it\/wp-content\/uploads\/CSP_GustoTavoleAllegre-064-540x310.jpg 540w\" sizes=\"auto, (max-width: 1400px) 100vw, 1400px\" \/><a href='https:\/\/www.compagniadisanpaolo.it\/wp-content\/uploads\/CSP_GustoTavoleAllegre-064-1000x800.jpg'><span class='fg-zoom-icon icon-plus'><\/span><\/a><\/div><\/div><\/div><div data-src='https:\/\/www.compagniadisanpaolo.it\/wp-content\/uploads\/CSP_GustoTavoleAllegre-067-1000x800.jpg' class='fg-gallery-item  '><div class='gallery-icon landscape no-caption'><div class='fg_zoom'><img loading=\"lazy\" decoding=\"async\" width=\"1000\" height=\"800\" src=\"https:\/\/www.compagniadisanpaolo.it\/wp-content\/uploads\/CSP_GustoTavoleAllegre-067-1000x800.jpg\" class=\"attachment-fgm-2-6 size-fgm-2-6\" alt=\"\" \/><a href='https:\/\/www.compagniadisanpaolo.it\/wp-content\/uploads\/CSP_GustoTavoleAllegre-067-1000x800.jpg'><span class='fg-zoom-icon icon-plus'><\/span><\/a><\/div><\/div><\/div><div data-src='https:\/\/www.compagniadisanpaolo.it\/wp-content\/uploads\/CSP_GustoTavoleAllegre-074-1000x800.jpg' class='fg-gallery-item  '><div class='gallery-icon landscape no-caption'><div class='fg_zoom'><img loading=\"lazy\" decoding=\"async\" width=\"1200\" height=\"800\" src=\"https:\/\/www.compagniadisanpaolo.it\/wp-content\/uploads\/CSP_GustoTavoleAllegre-074-1200x800.jpg\" class=\"attachment-fgm-3-6 size-fgm-3-6\" alt=\"\" srcset=\"https:\/\/www.compagniadisanpaolo.it\/wp-content\/uploads\/CSP_GustoTavoleAllegre-074-1200x800.jpg 1200w, https:\/\/www.compagniadisanpaolo.it\/wp-content\/uploads\/CSP_GustoTavoleAllegre-074-300x200.jpg 300w, https:\/\/www.compagniadisanpaolo.it\/wp-content\/uploads\/CSP_GustoTavoleAllegre-074-1024x683.jpg 1024w, https:\/\/www.compagniadisanpaolo.it\/wp-content\/uploads\/CSP_GustoTavoleAllegre-074-768x512.jpg 768w, https:\/\/www.compagniadisanpaolo.it\/wp-content\/uploads\/CSP_GustoTavoleAllegre-074-1536x1024.jpg 1536w, https:\/\/www.compagniadisanpaolo.it\/wp-content\/uploads\/CSP_GustoTavoleAllegre-074-2048x1365.jpg 2048w, https:\/\/www.compagniadisanpaolo.it\/wp-content\/uploads\/CSP_GustoTavoleAllegre-074-500x333.jpg 500w\" sizes=\"auto, (max-width: 1200px) 100vw, 1200px\" \/><a href='https:\/\/www.compagniadisanpaolo.it\/wp-content\/uploads\/CSP_GustoTavoleAllegre-074-1000x800.jpg'><span class='fg-zoom-icon icon-plus'><\/span><\/a><\/div><\/div><\/div><div data-src='https:\/\/www.compagniadisanpaolo.it\/wp-content\/uploads\/CSP_GustoTavoleAllegre-077-1000x800.jpg' class='fg-gallery-item  '><div class='gallery-icon landscape no-caption'><div class='fg_zoom'><img loading=\"lazy\" decoding=\"async\" width=\"1200\" height=\"800\" src=\"https:\/\/www.compagniadisanpaolo.it\/wp-content\/uploads\/CSP_GustoTavoleAllegre-077-1200x800.jpg\" class=\"attachment-fgm-3-6 size-fgm-3-6\" alt=\"\" srcset=\"https:\/\/www.compagniadisanpaolo.it\/wp-content\/uploads\/CSP_GustoTavoleAllegre-077-1200x800.jpg 1200w, https:\/\/www.compagniadisanpaolo.it\/wp-content\/uploads\/CSP_GustoTavoleAllegre-077-300x200.jpg 300w, https:\/\/www.compagniadisanpaolo.it\/wp-content\/uploads\/CSP_GustoTavoleAllegre-077-1024x683.jpg 1024w, https:\/\/www.compagniadisanpaolo.it\/wp-content\/uploads\/CSP_GustoTavoleAllegre-077-768x512.jpg 768w, https:\/\/www.compagniadisanpaolo.it\/wp-content\/uploads\/CSP_GustoTavoleAllegre-077-1536x1024.jpg 1536w, https:\/\/www.compagniadisanpaolo.it\/wp-content\/uploads\/CSP_GustoTavoleAllegre-077-2048x1365.jpg 2048w, https:\/\/www.compagniadisanpaolo.it\/wp-content\/uploads\/CSP_GustoTavoleAllegre-077-500x333.jpg 500w\" sizes=\"auto, (max-width: 1200px) 100vw, 1200px\" \/><a href='https:\/\/www.compagniadisanpaolo.it\/wp-content\/uploads\/CSP_GustoTavoleAllegre-077-1000x800.jpg'><span class='fg-zoom-icon icon-plus'><\/span><\/a><\/div><\/div><\/div>\n\t\t\t\t\t<\/div>\n[\/vc_column][\/vc_row][vc_row el_class=&#8221;sdg-list-wrap&#8221;][vc_column][vc_raw_html]JTVCbW9zdHJhU0RHUyU1RA==[\/vc_raw_html][\/vc_column][\/vc_row][vc_row disable_element=&#8221;yes&#8221;][vc_column][vc_raw_html]JTVCU2V6aW9uZV9Eb2N1bWVudGklNUQ=[\/vc_raw_html][\/vc_column][\/vc_row][vc_row][vc_column]<div class=\"templatera_shortcode\"><div data-vc-full-width=\"true\" data-vc-full-width-temp=\"true\" data-vc-full-width-init=\"false\" class=\"vc_row wpb_row vc_row-fluid newsletter-wrap\"><div class=\"wpb_column vc_column_container vc_col-sm-12\"><div class=\"vc_column-inner\"><div class=\"wpb_wrapper\">\n\t<div class=\"wpb_raw_code wpb_raw_html wpb_content_element\" >\n\t\t<div class=\"wpb_wrapper\">\n\t\t\t    <div class=\"container\">\n      <div class=\"row align-items-center\">\n\t<div class=\"col-12 col-lg-6 col-xl-5 mb-3 mb-lg-0 pr-0\">\n\t  <h2 class=\"title\">Rimani aggiornato sui nostri bandi e sui nostri progetti<\/h2>\n\t<\/div>\n\t<div class=\"col-12 col-lg-6 col-xl-7 pl-xl-4\">\n\t  <a class=\"standard-link-block\" href=\"\/it\/newsletter\/\">\n\t    Compila il form e decidi su quale argomento vuoi ricevere notizie.\t    <strong>\u00a0 ISCRIVITI!<\/strong>\n\t  <\/a>\n\t<\/div>\n      <\/div>\n    <\/div>\n\t\t<\/div>\n\t<\/div>\n<\/div><\/div><\/div><\/div><div class=\"vc_row-full-width vc_clearfix\"><\/div><\/div>[\/vc_column][\/vc_row]\n<\/div>","protected":false},"excerpt":{"rendered":"<p>Anche nel 2022 la Fondazione Compagnia di San Paolo parteciper\u00e0 a Terra Madre Salone del Gusto con due appuntamenti dedicati ad alcuni dei principi fondamentali per lo sviluppo sostenibile.<\/p>\n","protected":false},"author":19,"featured_media":19542,"comment_status":"closed","ping_status":"closed","sticky":false,"template":"","format":"standard","meta":{"_acf_changed":false,"content-type":"","footnotes":""},"categories":[17],"tags":[99,100,96,69,62,82,73,68],"class_list":["post-19547","post","type-post","status-publish","format-standard","has-post-thumbnail","hentry","category-news","tag-biodiversita","tag-capitale-naturale","tag-dinamiche-internazionali","tag-oltre-lerogazione","tag-partnership-con-enti-istituzionali","tag-sani-stili-di-vita","tag-sustainable-food-system","tag-sviluppo-sostenibile","entry","post-inner"],"acf":[],"yoast_head":"<!-- This site is optimized with the Yoast SEO plugin v27.3 - https:\/\/yoast.com\/product\/yoast-seo-wordpress\/ -->\n<title>La Fondazione rinnova la propria partecipazione a Terra Madre - Fondazione Compagnia di San Paolo<\/title>\n<meta name=\"description\" content=\"Anche nel 2022 la Fondazione Compagnia di San Paolo parteciper\u00e0 a Terra Madre Salone del Gusto con due appuntamenti dedicati ad alcuni dei principi fondamentali per lo sviluppo sostenibile.\" \/>\n<meta name=\"robots\" content=\"index, follow, max-snippet:-1, max-image-preview:large, max-video-preview:-1\" \/>\n<link rel=\"canonical\" href=\"https:\/\/www.compagniadisanpaolo.it\/it\/news\/la-fondazione-rinnova-la-propria-partecipazione-a-terra-madre\/\" \/>\n<meta property=\"og:locale\" content=\"it_IT\" \/>\n<meta property=\"og:type\" content=\"article\" \/>\n<meta property=\"og:title\" content=\"La Fondazione rinnova la propria partecipazione a Terra Madre - Fondazione Compagnia di San Paolo\" \/>\n<meta property=\"og:description\" content=\"Anche nel 2022 la Fondazione Compagnia di San Paolo parteciper\u00e0 a Terra Madre Salone del Gusto con due appuntamenti dedicati ad alcuni dei principi fondamentali per lo sviluppo sostenibile.\" \/>\n<meta property=\"og:url\" content=\"https:\/\/www.compagniadisanpaolo.it\/it\/news\/la-fondazione-rinnova-la-propria-partecipazione-a-terra-madre\/\" \/>\n<meta property=\"og:site_name\" content=\"Fondazione Compagnia di San Paolo\" \/>\n<meta property=\"article:publisher\" content=\"https:\/\/www.facebook.com\/CompagniaDiSanPaolo\" \/>\n<meta property=\"article:published_time\" content=\"2022-09-19T12:36:46+00:00\" \/>\n<meta property=\"article:modified_time\" content=\"2022-09-26T11:43:45+00:00\" \/>\n<meta property=\"og:image\" content=\"https:\/\/www.compagniadisanpaolo.it\/wp-content\/uploads\/terra-madre-22-head.png\" \/>\n\t<meta property=\"og:image:width\" content=\"815\" \/>\n\t<meta property=\"og:image:height\" content=\"350\" \/>\n\t<meta property=\"og:image:type\" content=\"image\/png\" \/>\n<meta name=\"author\" content=\"Federica\" \/>\n<meta name=\"twitter:card\" content=\"summary_large_image\" \/>\n<meta name=\"twitter:creator\" content=\"@CSP_live\" \/>\n<meta name=\"twitter:site\" content=\"@CSP_live\" \/>\n<meta name=\"twitter:label1\" content=\"Scritto da\" \/>\n\t<meta name=\"twitter:data1\" content=\"Federica\" \/>\n\t<meta name=\"twitter:label2\" content=\"Tempo di lettura stimato\" \/>\n\t<meta name=\"twitter:data2\" content=\"3 minuti\" \/>\n<script type=\"application\/ld+json\" class=\"yoast-schema-graph\">{\"@context\":\"https:\\\/\\\/schema.org\",\"@graph\":[{\"@type\":\"Article\",\"@id\":\"https:\\\/\\\/www.compagniadisanpaolo.it\\\/it\\\/news\\\/la-fondazione-rinnova-la-propria-partecipazione-a-terra-madre\\\/#article\",\"isPartOf\":{\"@id\":\"https:\\\/\\\/www.compagniadisanpaolo.it\\\/it\\\/news\\\/la-fondazione-rinnova-la-propria-partecipazione-a-terra-madre\\\/\"},\"author\":{\"name\":\"Federica\",\"@id\":\"https:\\\/\\\/www.compagniadisanpaolo.it\\\/it\\\/#\\\/schema\\\/person\\\/b7d5451541c25c82f29c5be1e78456b2\"},\"headline\":\"La Fondazione rinnova la propria partecipazione a Terra Madre\",\"datePublished\":\"2022-09-19T12:36:46+00:00\",\"dateModified\":\"2022-09-26T11:43:45+00:00\",\"mainEntityOfPage\":{\"@id\":\"https:\\\/\\\/www.compagniadisanpaolo.it\\\/it\\\/news\\\/la-fondazione-rinnova-la-propria-partecipazione-a-terra-madre\\\/\"},\"wordCount\":698,\"publisher\":{\"@id\":\"https:\\\/\\\/www.compagniadisanpaolo.it\\\/it\\\/#organization\"},\"image\":{\"@id\":\"https:\\\/\\\/www.compagniadisanpaolo.it\\\/it\\\/news\\\/la-fondazione-rinnova-la-propria-partecipazione-a-terra-madre\\\/#primaryimage\"},\"thumbnailUrl\":\"https:\\\/\\\/www.compagniadisanpaolo.it\\\/wp-content\\\/uploads\\\/terra-madre-22-head.png\",\"keywords\":[\"biodiversit\u00e0\",\"capitale naturale\",\"dinamiche internazionali\",\"oltre l'erogazione\",\"partnership con enti istituzionali\",\"sani stili di vita\",\"sustainable food system\",\"sviluppo sostenibile\"],\"articleSection\":[\"News\"],\"inLanguage\":\"it-IT\"},{\"@type\":\"WebPage\",\"@id\":\"https:\\\/\\\/www.compagniadisanpaolo.it\\\/it\\\/news\\\/la-fondazione-rinnova-la-propria-partecipazione-a-terra-madre\\\/\",\"url\":\"https:\\\/\\\/www.compagniadisanpaolo.it\\\/it\\\/news\\\/la-fondazione-rinnova-la-propria-partecipazione-a-terra-madre\\\/\",\"name\":\"La Fondazione rinnova la propria partecipazione a Terra Madre - Fondazione Compagnia di San Paolo\",\"isPartOf\":{\"@id\":\"https:\\\/\\\/www.compagniadisanpaolo.it\\\/it\\\/#website\"},\"primaryImageOfPage\":{\"@id\":\"https:\\\/\\\/www.compagniadisanpaolo.it\\\/it\\\/news\\\/la-fondazione-rinnova-la-propria-partecipazione-a-terra-madre\\\/#primaryimage\"},\"image\":{\"@id\":\"https:\\\/\\\/www.compagniadisanpaolo.it\\\/it\\\/news\\\/la-fondazione-rinnova-la-propria-partecipazione-a-terra-madre\\\/#primaryimage\"},\"thumbnailUrl\":\"https:\\\/\\\/www.compagniadisanpaolo.it\\\/wp-content\\\/uploads\\\/terra-madre-22-head.png\",\"datePublished\":\"2022-09-19T12:36:46+00:00\",\"dateModified\":\"2022-09-26T11:43:45+00:00\",\"description\":\"Anche nel 2022 la Fondazione Compagnia di San Paolo parteciper\u00e0 a Terra Madre Salone del Gusto con due appuntamenti dedicati ad alcuni dei principi fondamentali per lo sviluppo sostenibile.\",\"breadcrumb\":{\"@id\":\"https:\\\/\\\/www.compagniadisanpaolo.it\\\/it\\\/news\\\/la-fondazione-rinnova-la-propria-partecipazione-a-terra-madre\\\/#breadcrumb\"},\"inLanguage\":\"it-IT\",\"potentialAction\":[{\"@type\":\"ReadAction\",\"target\":[\"https:\\\/\\\/www.compagniadisanpaolo.it\\\/it\\\/news\\\/la-fondazione-rinnova-la-propria-partecipazione-a-terra-madre\\\/\"]}]},{\"@type\":\"ImageObject\",\"inLanguage\":\"it-IT\",\"@id\":\"https:\\\/\\\/www.compagniadisanpaolo.it\\\/it\\\/news\\\/la-fondazione-rinnova-la-propria-partecipazione-a-terra-madre\\\/#primaryimage\",\"url\":\"https:\\\/\\\/www.compagniadisanpaolo.it\\\/wp-content\\\/uploads\\\/terra-madre-22-head.png\",\"contentUrl\":\"https:\\\/\\\/www.compagniadisanpaolo.it\\\/wp-content\\\/uploads\\\/terra-madre-22-head.png\",\"width\":815,\"height\":350},{\"@type\":\"BreadcrumbList\",\"@id\":\"https:\\\/\\\/www.compagniadisanpaolo.it\\\/it\\\/news\\\/la-fondazione-rinnova-la-propria-partecipazione-a-terra-madre\\\/#breadcrumb\",\"itemListElement\":[{\"@type\":\"ListItem\",\"position\":1,\"name\":\"Home\",\"item\":\"https:\\\/\\\/www.compagniadisanpaolo.it\\\/it\\\/\"},{\"@type\":\"ListItem\",\"position\":2,\"name\":\"La Fondazione rinnova la propria partecipazione a Terra Madre\"}]},{\"@type\":\"WebSite\",\"@id\":\"https:\\\/\\\/www.compagniadisanpaolo.it\\\/it\\\/#website\",\"url\":\"https:\\\/\\\/www.compagniadisanpaolo.it\\\/it\\\/\",\"name\":\"Fondazione Compagnia di San Paolo\",\"description\":\"\",\"publisher\":{\"@id\":\"https:\\\/\\\/www.compagniadisanpaolo.it\\\/it\\\/#organization\"},\"potentialAction\":[{\"@type\":\"SearchAction\",\"target\":{\"@type\":\"EntryPoint\",\"urlTemplate\":\"https:\\\/\\\/www.compagniadisanpaolo.it\\\/it\\\/?s={search_term_string}\"},\"query-input\":{\"@type\":\"PropertyValueSpecification\",\"valueRequired\":true,\"valueName\":\"search_term_string\"}}],\"inLanguage\":\"it-IT\"},{\"@type\":\"Organization\",\"@id\":\"https:\\\/\\\/www.compagniadisanpaolo.it\\\/it\\\/#organization\",\"name\":\"Fondazione Compagnia di San Paolo\",\"url\":\"https:\\\/\\\/www.compagniadisanpaolo.it\\\/it\\\/\",\"logo\":{\"@type\":\"ImageObject\",\"inLanguage\":\"it-IT\",\"@id\":\"https:\\\/\\\/www.compagniadisanpaolo.it\\\/it\\\/#\\\/schema\\\/logo\\\/image\\\/\",\"url\":\"https:\\\/\\\/www.compagniadisanpaolo.it\\\/wp-content\\\/uploads\\\/logo.svg\",\"contentUrl\":\"https:\\\/\\\/www.compagniadisanpaolo.it\\\/wp-content\\\/uploads\\\/logo.svg\",\"width\":769,\"height\":323,\"caption\":\"Fondazione Compagnia di San Paolo\"},\"image\":{\"@id\":\"https:\\\/\\\/www.compagniadisanpaolo.it\\\/it\\\/#\\\/schema\\\/logo\\\/image\\\/\"},\"sameAs\":[\"https:\\\/\\\/www.facebook.com\\\/CompagniaDiSanPaolo\",\"https:\\\/\\\/x.com\\\/CSP_live\",\"http:\\\/\\\/instagram.com\\\/compagniadisanpaolo?ref=badge\",\"https:\\\/\\\/www.linkedin.com\\\/company\\\/compagnia-di-san-paolo\",\"https:\\\/\\\/www.youtube.com\\\/user\\\/compagniadisanpaolo\",\"https:\\\/\\\/it.wikipedia.org\\\/wiki\\\/Compagnia_di_San_Paolo\"]},{\"@type\":\"Person\",\"@id\":\"https:\\\/\\\/www.compagniadisanpaolo.it\\\/it\\\/#\\\/schema\\\/person\\\/b7d5451541c25c82f29c5be1e78456b2\",\"name\":\"Federica\",\"image\":{\"@type\":\"ImageObject\",\"inLanguage\":\"it-IT\",\"@id\":\"https:\\\/\\\/secure.gravatar.com\\\/avatar\\\/b5698fa13ac389b1f1fb1263a4626e219d853d7ccf112e854aea8c9c087d24ae?s=96&d=mm&r=g\",\"url\":\"https:\\\/\\\/secure.gravatar.com\\\/avatar\\\/b5698fa13ac389b1f1fb1263a4626e219d853d7ccf112e854aea8c9c087d24ae?s=96&d=mm&r=g\",\"contentUrl\":\"https:\\\/\\\/secure.gravatar.com\\\/avatar\\\/b5698fa13ac389b1f1fb1263a4626e219d853d7ccf112e854aea8c9c087d24ae?s=96&d=mm&r=g\",\"caption\":\"Federica\"}}]}<\/script>\n<!-- \/ Yoast SEO plugin. -->","yoast_head_json":{"title":"La Fondazione rinnova la propria partecipazione a Terra Madre - Fondazione Compagnia di San Paolo","description":"Anche nel 2022 la Fondazione Compagnia di San Paolo parteciper\u00e0 a Terra Madre Salone del Gusto con due appuntamenti dedicati ad alcuni dei principi fondamentali per lo sviluppo sostenibile.","robots":{"index":"index","follow":"follow","max-snippet":"max-snippet:-1","max-image-preview":"max-image-preview:large","max-video-preview":"max-video-preview:-1"},"canonical":"https:\/\/www.compagniadisanpaolo.it\/it\/news\/la-fondazione-rinnova-la-propria-partecipazione-a-terra-madre\/","og_locale":"it_IT","og_type":"article","og_title":"La Fondazione rinnova la propria partecipazione a Terra Madre - Fondazione Compagnia di San Paolo","og_description":"Anche nel 2022 la Fondazione Compagnia di San Paolo parteciper\u00e0 a Terra Madre Salone del Gusto con due appuntamenti dedicati ad alcuni dei principi fondamentali per lo sviluppo sostenibile.","og_url":"https:\/\/www.compagniadisanpaolo.it\/it\/news\/la-fondazione-rinnova-la-propria-partecipazione-a-terra-madre\/","og_site_name":"Fondazione Compagnia di San Paolo","article_publisher":"https:\/\/www.facebook.com\/CompagniaDiSanPaolo","article_published_time":"2022-09-19T12:36:46+00:00","article_modified_time":"2022-09-26T11:43:45+00:00","og_image":[{"width":815,"height":350,"url":"https:\/\/www.compagniadisanpaolo.it\/wp-content\/uploads\/terra-madre-22-head.png","type":"image\/png"}],"author":"Federica","twitter_card":"summary_large_image","twitter_creator":"@CSP_live","twitter_site":"@CSP_live","twitter_misc":{"Scritto da":"Federica","Tempo di lettura stimato":"3 minuti"},"schema":{"@context":"https:\/\/schema.org","@graph":[{"@type":"Article","@id":"https:\/\/www.compagniadisanpaolo.it\/it\/news\/la-fondazione-rinnova-la-propria-partecipazione-a-terra-madre\/#article","isPartOf":{"@id":"https:\/\/www.compagniadisanpaolo.it\/it\/news\/la-fondazione-rinnova-la-propria-partecipazione-a-terra-madre\/"},"author":{"name":"Federica","@id":"https:\/\/www.compagniadisanpaolo.it\/it\/#\/schema\/person\/b7d5451541c25c82f29c5be1e78456b2"},"headline":"La Fondazione rinnova la propria partecipazione a Terra Madre","datePublished":"2022-09-19T12:36:46+00:00","dateModified":"2022-09-26T11:43:45+00:00","mainEntityOfPage":{"@id":"https:\/\/www.compagniadisanpaolo.it\/it\/news\/la-fondazione-rinnova-la-propria-partecipazione-a-terra-madre\/"},"wordCount":698,"publisher":{"@id":"https:\/\/www.compagniadisanpaolo.it\/it\/#organization"},"image":{"@id":"https:\/\/www.compagniadisanpaolo.it\/it\/news\/la-fondazione-rinnova-la-propria-partecipazione-a-terra-madre\/#primaryimage"},"thumbnailUrl":"https:\/\/www.compagniadisanpaolo.it\/wp-content\/uploads\/terra-madre-22-head.png","keywords":["biodiversit\u00e0","capitale naturale","dinamiche internazionali","oltre l'erogazione","partnership con enti istituzionali","sani stili di vita","sustainable food system","sviluppo sostenibile"],"articleSection":["News"],"inLanguage":"it-IT"},{"@type":"WebPage","@id":"https:\/\/www.compagniadisanpaolo.it\/it\/news\/la-fondazione-rinnova-la-propria-partecipazione-a-terra-madre\/","url":"https:\/\/www.compagniadisanpaolo.it\/it\/news\/la-fondazione-rinnova-la-propria-partecipazione-a-terra-madre\/","name":"La Fondazione rinnova la propria partecipazione a Terra Madre - Fondazione Compagnia di San Paolo","isPartOf":{"@id":"https:\/\/www.compagniadisanpaolo.it\/it\/#website"},"primaryImageOfPage":{"@id":"https:\/\/www.compagniadisanpaolo.it\/it\/news\/la-fondazione-rinnova-la-propria-partecipazione-a-terra-madre\/#primaryimage"},"image":{"@id":"https:\/\/www.compagniadisanpaolo.it\/it\/news\/la-fondazione-rinnova-la-propria-partecipazione-a-terra-madre\/#primaryimage"},"thumbnailUrl":"https:\/\/www.compagniadisanpaolo.it\/wp-content\/uploads\/terra-madre-22-head.png","datePublished":"2022-09-19T12:36:46+00:00","dateModified":"2022-09-26T11:43:45+00:00","description":"Anche nel 2022 la Fondazione Compagnia di San Paolo parteciper\u00e0 a Terra Madre Salone del Gusto con due appuntamenti dedicati ad alcuni dei principi fondamentali per lo sviluppo sostenibile.","breadcrumb":{"@id":"https:\/\/www.compagniadisanpaolo.it\/it\/news\/la-fondazione-rinnova-la-propria-partecipazione-a-terra-madre\/#breadcrumb"},"inLanguage":"it-IT","potentialAction":[{"@type":"ReadAction","target":["https:\/\/www.compagniadisanpaolo.it\/it\/news\/la-fondazione-rinnova-la-propria-partecipazione-a-terra-madre\/"]}]},{"@type":"ImageObject","inLanguage":"it-IT","@id":"https:\/\/www.compagniadisanpaolo.it\/it\/news\/la-fondazione-rinnova-la-propria-partecipazione-a-terra-madre\/#primaryimage","url":"https:\/\/www.compagniadisanpaolo.it\/wp-content\/uploads\/terra-madre-22-head.png","contentUrl":"https:\/\/www.compagniadisanpaolo.it\/wp-content\/uploads\/terra-madre-22-head.png","width":815,"height":350},{"@type":"BreadcrumbList","@id":"https:\/\/www.compagniadisanpaolo.it\/it\/news\/la-fondazione-rinnova-la-propria-partecipazione-a-terra-madre\/#breadcrumb","itemListElement":[{"@type":"ListItem","position":1,"name":"Home","item":"https:\/\/www.compagniadisanpaolo.it\/it\/"},{"@type":"ListItem","position":2,"name":"La Fondazione rinnova la propria partecipazione a Terra Madre"}]},{"@type":"WebSite","@id":"https:\/\/www.compagniadisanpaolo.it\/it\/#website","url":"https:\/\/www.compagniadisanpaolo.it\/it\/","name":"Fondazione Compagnia di San Paolo","description":"","publisher":{"@id":"https:\/\/www.compagniadisanpaolo.it\/it\/#organization"},"potentialAction":[{"@type":"SearchAction","target":{"@type":"EntryPoint","urlTemplate":"https:\/\/www.compagniadisanpaolo.it\/it\/?s={search_term_string}"},"query-input":{"@type":"PropertyValueSpecification","valueRequired":true,"valueName":"search_term_string"}}],"inLanguage":"it-IT"},{"@type":"Organization","@id":"https:\/\/www.compagniadisanpaolo.it\/it\/#organization","name":"Fondazione Compagnia di San Paolo","url":"https:\/\/www.compagniadisanpaolo.it\/it\/","logo":{"@type":"ImageObject","inLanguage":"it-IT","@id":"https:\/\/www.compagniadisanpaolo.it\/it\/#\/schema\/logo\/image\/","url":"https:\/\/www.compagniadisanpaolo.it\/wp-content\/uploads\/logo.svg","contentUrl":"https:\/\/www.compagniadisanpaolo.it\/wp-content\/uploads\/logo.svg","width":769,"height":323,"caption":"Fondazione Compagnia di San Paolo"},"image":{"@id":"https:\/\/www.compagniadisanpaolo.it\/it\/#\/schema\/logo\/image\/"},"sameAs":["https:\/\/www.facebook.com\/CompagniaDiSanPaolo","https:\/\/x.com\/CSP_live","http:\/\/instagram.com\/compagniadisanpaolo?ref=badge","https:\/\/www.linkedin.com\/company\/compagnia-di-san-paolo","https:\/\/www.youtube.com\/user\/compagniadisanpaolo","https:\/\/it.wikipedia.org\/wiki\/Compagnia_di_San_Paolo"]},{"@type":"Person","@id":"https:\/\/www.compagniadisanpaolo.it\/it\/#\/schema\/person\/b7d5451541c25c82f29c5be1e78456b2","name":"Federica","image":{"@type":"ImageObject","inLanguage":"it-IT","@id":"https:\/\/secure.gravatar.com\/avatar\/b5698fa13ac389b1f1fb1263a4626e219d853d7ccf112e854aea8c9c087d24ae?s=96&d=mm&r=g","url":"https:\/\/secure.gravatar.com\/avatar\/b5698fa13ac389b1f1fb1263a4626e219d853d7ccf112e854aea8c9c087d24ae?s=96&d=mm&r=g","contentUrl":"https:\/\/secure.gravatar.com\/avatar\/b5698fa13ac389b1f1fb1263a4626e219d853d7ccf112e854aea8c9c087d24ae?s=96&d=mm&r=g","caption":"Federica"}}]}},"amp_enabled":true,"_links":{"self":[{"href":"https:\/\/www.compagniadisanpaolo.it\/it\/wp-json\/wp\/v2\/posts\/19547","targetHints":{"allow":["GET"]}}],"collection":[{"href":"https:\/\/www.compagniadisanpaolo.it\/it\/wp-json\/wp\/v2\/posts"}],"about":[{"href":"https:\/\/www.compagniadisanpaolo.it\/it\/wp-json\/wp\/v2\/types\/post"}],"author":[{"embeddable":true,"href":"https:\/\/www.compagniadisanpaolo.it\/it\/wp-json\/wp\/v2\/users\/19"}],"replies":[{"embeddable":true,"href":"https:\/\/www.compagniadisanpaolo.it\/it\/wp-json\/wp\/v2\/comments?post=19547"}],"version-history":[{"count":7,"href":"https:\/\/www.compagniadisanpaolo.it\/it\/wp-json\/wp\/v2\/posts\/19547\/revisions"}],"predecessor-version":[{"id":19646,"href":"https:\/\/www.compagniadisanpaolo.it\/it\/wp-json\/wp\/v2\/posts\/19547\/revisions\/19646"}],"wp:featuredmedia":[{"embeddable":true,"href":"https:\/\/www.compagniadisanpaolo.it\/it\/wp-json\/wp\/v2\/media\/19542"}],"wp:attachment":[{"href":"https:\/\/www.compagniadisanpaolo.it\/it\/wp-json\/wp\/v2\/media?parent=19547"}],"wp:term":[{"taxonomy":"category","embeddable":true,"href":"https:\/\/www.compagniadisanpaolo.it\/it\/wp-json\/wp\/v2\/categories?post=19547"},{"taxonomy":"post_tag","embeddable":true,"href":"https:\/\/www.compagniadisanpaolo.it\/it\/wp-json\/wp\/v2\/tags?post=19547"}],"curies":[{"name":"wp","href":"https:\/\/api.w.org\/{rel}","templated":true}]}}