{"id":19306,"date":"2022-07-22T13:41:29","date_gmt":"2022-07-22T11:41:29","guid":{"rendered":"https:\/\/www.compagniadisanpaolo.it\/?p=19306"},"modified":"2022-07-22T13:41:29","modified_gmt":"2022-07-22T11:41:29","slug":"al-via-la-fase-2-del-bando-artwaves","status":"publish","type":"post","link":"https:\/\/www.compagniadisanpaolo.it\/it\/news\/al-via-la-fase-2-del-bando-artwaves\/","title":{"rendered":"Al via la fase 2 del bando ART~WAVES"},"content":{"rendered":"<div class=\"wpb-content-wrapper\">[vc_row][vc_column][vc_column_text el_class=&#8221;text-headline2&#8243;]La Fondazione Compagnia di San Paolo lancia la seconda fase del bando \u201cART~WAVES Linea Produzioni\u201d, dedicata ai soggetti selezionati nella Fase 2.[\/vc_column_text][\/vc_column][\/vc_row][vc_row][vc_column][vc_column_text]\n<div class=\"info-box mission\">\n\t\t<div class=\"info-box-wrap info-box-hor row pb-0\">\n\n\t\t      \n\t\t      <div class=\"spalla col-12 col-md-12\">\n\t\t\t<div class=\"info-box sharing-box\">\n\t\t\t  <span class=\"label\">Condividi:<\/span>\n\t\t\t  <div class=\"social-sharing\">\n\t\t\t    <span class=\"box\">\n\t\t\t      <a class=\"fb\" href=\"https:\/\/www.facebook.com\/sharer.php?u=https:\/\/www.compagniadisanpaolo.it\/it\/news\/al-via-la-fase-2-del-bando-artwaves\/\" target=\"_blank\">\n\t\t\t\t<span class=\"sr-only\">Facebook<\/span>\n\t\t\t\t<i class=\"fab fa-facebook-f\"><\/i>\n\t\t\t      <\/a>\n\t\t\t    <\/span>\n\t\t\t    \n\t\t\t    <style>\n.twitter, .twitter:hover{\ncolor:#000000 !important;}\n<\/style>\n\n\n\t\t\t    <span class=\"box\">\n\t\t\t      <a class=\"twitter\" href=\"https:\/\/twitter.com\/intent\/tweet?url=https:\/\/www.compagniadisanpaolo.it\/it\/news\/al-via-la-fase-2-del-bando-artwaves\/\">\n\t\t\t\t<span class=\"sr-only\">Twitter<\/span>\n\t\t\t\t<i class=\"fa-brands fa-x-twitter\"><\/i>\n\t\t\t      <\/a>\n\t\t\t    <\/span>\n\n\t\t\t    \n\t\t\t    <span class=\"box\">\n\t\t\t      <a class=\"linkedin\" href=\"https:\/\/www.linkedin.com\/shareArticle?mini=true&url=https:\/\/www.compagniadisanpaolo.it\/it\/news\/al-via-la-fase-2-del-bando-artwaves\/\">\n\t\t\t\t<span class=\"sr-only\">Linkedin<\/span>\n\t\t\t\t  <i class=\"fa-brands fa-linkedin-in\"><\/i>\n\t\t\t      <\/a>\n\t\t\t    <\/span>\n\n\t\t\t    <span class=\"box\">\n\t\t\t      <a class=\"whatsapp\" href=\"whatsapp:\/\/send?text=https:\/\/www.compagniadisanpaolo.it\/it\/news\/al-via-la-fase-2-del-bando-artwaves\/\" data-action=\"share\/whatsapp\/share\">\n\t\t\t\t<span class=\"sr-only\">Whatsapp<\/span>\n\t\t\t\t<i class=\"fa-brands fa-whatsapp\"><\/i>\n\t\t\t      <\/a>\n\t\t\t    <\/span>\n\n\t\t\t    <span class=\"box\">\n\t\t\t      <a class=\"mail\" href=\"mailto:?subject=Al via la fase 2 del bando ART~WAVES&body=https:\/\/www.compagniadisanpaolo.it\/it\/news\/al-via-la-fase-2-del-bando-artwaves\/\">\n\t\t\t\t<span class=\"sr-only\">Mail<\/span>\n\t\t\t\t <i class=\"fa-solid fa-envelope\"><\/i>\n\t\t\t      <\/a>\n\t\t\t    <\/span>\n\t\t\t    \n\t\t\t  <\/div>\n\t\t\t<\/div>\n\t      <\/div>\n\t    <\/div><\/div>\n[\/vc_column_text][\/vc_column][\/vc_row][vc_row][vc_column width=&#8221;1\/4&#8243;][vc_column_text]\n\n\n\t\t<div class=\"info-box-wrap\">\n\n\t  <div class=\"info-box date-pub\">\n\t  \t<span class=\"label\">Data di pubblicazione:<\/span>\n\t    <span class=\"value\">22 Luglio 2022<\/span>\n\t  <\/div>\n\t\t\t\t  <div class=\"info-box obj-culture\">\n\t\t\t\t\t  <div class=\"info-box obj\"><span class=\"label\">Obiettivo<\/span>\n\t\t\t\t\t    <div class=\"obj-small-box\">\n\t\t\t\t\t      <span>Cultura.<\/span>\n\t\t\t\t\t    <\/div>\n\t\t\t\t\t  <\/div>\n\t\t\t\t  <\/div>\n\t\t\t  <div class=\"info-box mission\"><span class=\"label\">Tag<\/span><a href=\"https:\/\/www.compagniadisanpaolo.it\/it\/tags\/risultati\/?_sft_post_tag=arte-e-musei\" class=\"tag-element\">Arte e musei<\/a><a href=\"https:\/\/www.compagniadisanpaolo.it\/it\/tags\/risultati\/?_sft_post_tag=cinema\" class=\"tag-element\">Cinema<\/a><a href=\"https:\/\/www.compagniadisanpaolo.it\/it\/tags\/risultati\/?_sft_post_tag=conservazione-del-patrimonio\" class=\"tag-element\">Conservazione del patrimonio<\/a><a href=\"https:\/\/www.compagniadisanpaolo.it\/it\/tags\/risultati\/?_sft_post_tag=creativita-ed-esperienze-attive\" class=\"tag-element\">Creativit\u00e0 ed esperienze attive<\/a><a href=\"https:\/\/www.compagniadisanpaolo.it\/it\/tags\/risultati\/?_sft_post_tag=creazione-di-reti-solide\" class=\"tag-element\">Creazione di reti solide<\/a><a href=\"https:\/\/www.compagniadisanpaolo.it\/it\/tags\/risultati\/?_sft_post_tag=cultura-contemporanea-e-design\" class=\"tag-element\">Cultura contemporanea e design<\/a><a href=\"https:\/\/www.compagniadisanpaolo.it\/it\/tags\/risultati\/?_sft_post_tag=identita-culturali\" class=\"tag-element\">Identit\u00e0 culturali<\/a><a href=\"https:\/\/www.compagniadisanpaolo.it\/it\/tags\/risultati\/?_sft_post_tag=paesaggio\" class=\"tag-element\">Paesaggio<\/a><a href=\"https:\/\/www.compagniadisanpaolo.it\/it\/tags\/risultati\/?_sft_post_tag=performing-arts\" class=\"tag-element\">Performing arts<\/a><\/div>\t  \n\t<\/div>\n[\/vc_column_text][\/vc_column][vc_column width=&#8221;3\/4&#8243; el_class=&#8221;page-content&#8221;][vc_column_text el_class=&#8221;text&#8221;]La Fondazione Compagnia di San Paolo sostiene la cultura in\u00a0<strong>Piemonte<\/strong>,\u00a0<strong>Liguria<\/strong>\u00a0e\u00a0<strong>Valle d\u2019Aosta<\/strong>\u00a0attraverso la\u00a0<strong>valorizzazione dei beni e del patrimonio culturale<\/strong>\u00a0e il supporto alla produzione e alla programmazione artistica e creativa.<\/p>\n<p>Il bando \u201c<a href=\"https:\/\/www.compagniadisanpaolo.it\/it\/contributi\/artwaves-per-la-creativita-dallidea-alla-scena\/\" target=\"_blank\" rel=\"noopener\"><strong>ART~WAVES. Per la creativit\u00e0, dall\u2019idea alla scena<\/strong><\/a>\u201d, promosso dalla della <a href=\"https:\/\/www.compagniadisanpaolo.it\/it\/le-nostre-sfide\/obiettivo-cultura\/creare-attrattivita\/\" target=\"_blank\" rel=\"noopener\"><strong>Missione Creare attrattivit\u00e0<\/strong><\/a>\u00a0dell\u2019<a href=\"https:\/\/www.compagniadisanpaolo.it\/it\/le-nostre-sfide\/obiettivo-cultura\/\" target=\"_blank\" rel=\"noopener\"><strong>Obiettivo Cultura<\/strong><\/a>, \u00a0intende\u00a0<strong>consolidare l\u2019identit\u00e0 creativa dei territori<\/strong>\u00a0attraverso il\u00a0<strong>sostegno alla programmazione e alla produzione orientata alla ricerca<\/strong>, al\u00a0<strong>rischio culturale<\/strong>\u00a0e all\u2019<strong>innovazione dei linguaggi<\/strong>, dei media e delle metodologie, favorendo il consolidamento di un<strong>\u00a0ecosistema che unisca ricerca, produzione, offerta e distribuzione<\/strong>.<\/p>\n<p>Il bando, coerentemente con l\u2019approccio definito nel\u00a0<strong>Piano Strategico 2021-2024 della Fondazione Compagnia di San Paolo<\/strong>, integra diversi strumenti della cassetta degli attrezzi.<\/p>\n<p>\u201cART~WAVES\u201d ha infatti\u00a0<strong>durata biennale<\/strong>,\u00a0<strong>per lavorare su un orizzonte temporale adeguato al raggiungimento degli obiettivi posti<\/strong>\u00a0e all\u2019accompagnamento degli enti selezionati, ma \u00e8 anche a\u00a0<strong>due fasi<\/strong>, per stimolare\u00a0<strong>un\u2019evoluzione dei progetti che superi l\u2019idea della pura riproposizione annuale delle iniziative<\/strong>.<\/p>\n<p>La\u00a0<strong>prima annualit\u00e0 2021-2022<\/strong>\u00a0(<strong>Fase 1<\/strong>) ha accolto\u00a0<strong>23 programmazioni<\/strong>\u00a0di\u00a0<strong>performing arts<\/strong>\u00a0e\u00a0<strong>15 produzioni\u00a0<\/strong>che saranno realizzate entro settembre 2022.<\/p>\n<p><strong>La seconda annualit\u00e0 del Bando per la Linea Produzioni \u00e8 dedicata esclusivamente ai soggetti selezionati in Fase 1<\/strong>.<\/p>\n<p>Il bando si propone di:<\/p>\n<ul>\n<li><strong>Consolidare l\u2019identit\u00e0 creativa dei territori<\/strong>;<\/li>\n<li><strong>Attrarre realt\u00e0 culturali in Piemonte, Liguria e Valle d\u2019Aosta<\/strong>;<\/li>\n<li><strong>Favorire il consolidamento di un ecosistema\u00a0che unisca ricerca, produzione, offerta e distribuzione<\/strong>.<\/li>\n<\/ul>\n<p>In particolare, per la seconda annualit\u00e0 (Fase 2) della linea Produzioni il bando intende stimolare gli enti selezionati ad agire su due finalit\u00e0 specifiche, emerse da un approfondimento sui progetti presentati, dal monitoraggio delle produzioni e dall\u2019assesment realizzato in occasione del percorso di capacity building ed empowerment.<\/p>\n<ul>\n<li>La <strong>prima finalit\u00e0<\/strong> riguarda <strong>il progetto e il processo produttivo<\/strong> e agisce sulla <strong>valorizzazione della vocazione creativa del territorio attraverso la ricerca e la produzione nei linguaggi artistici contemporanei<\/strong>. Gli enti proponenti sono chiamati, coerentemente con la strategia pluriennale proposta lo scorso anno, a implementare la proposta selezionata e realizzata in fase 1 andando a sviluppare e approfondire elementi di ricerca e di avanguardia nei linguaggi espressivi contemporanei, sviluppando soluzioni e formati modulabili e trasferibili e valorizzando la vocazione creativa e sperimentale del territorio tramite collaborazioni con artisti e realt\u00e0 produttive culturali locali e con relazioni con altri contesti settoriali. I prodotti sviluppati nel corso del biennio Art~Waves dovranno dimostrarsi solidi e qualitativamente rilevanti dal punto di vista artistico.<\/li>\n<li>La <strong>seconda finalit\u00e0<\/strong> riguarda <strong>le reti e le relazioni con il territorio<\/strong> e altri stakeholder e agisce sulla <strong>definizione e consolidamento delle relazioni con la filiera e il sistema culturale locale, per sviluppare progetti di rilevanza nazionale e internazionale<\/strong>: le produzioni sviluppate nel corso della seconda annualit\u00e0 dovranno saper cogliere le opportunit\u00e0 offerte dal sistema territoriale per sviluppare produzioni di qualit\u00e0, replicabili e programmabili a livello nazionale e internazionale.<\/li>\n<\/ul>\n<p>Per quanto concerne\u00a0<strong>l\u2019entit\u00e0 delle erogazioni<\/strong>, la Fondazione potrebbe accordare contributi\u00a0<strong>per la linea \u201cproduzioni\u201d,<\/strong>\u00a0fino a\u00a0<strong>\u20ac 50.000<\/strong>\u00a0a copertura del 75% dei costi complessivi del progetto.<\/p>\n<p>La\u00a0<strong>scadenza di presentazione<\/strong>\u00a0delle candidature \u00e8 fissata alle\u00a0<strong>ore 12 del 12 ottobre 2022<\/strong>.<\/p>\n<p>Per approfondire, scarica il documento relativo alla Fase 2 del bando visitando <a href=\"https:\/\/www.compagniadisanpaolo.it\/it\/documenti\/artwaves-linea-produzioni-fase-2\/\" target=\"_blank\" rel=\"noopener\"><strong>questo link<\/strong><\/a>.[\/vc_column_text][\/vc_column][\/vc_row][vc_row el_class=&#8221;sdg-list-wrap&#8221;][vc_column][vc_raw_html]JTVCbW9zdHJhU0RHUyU1RA==[\/vc_raw_html][\/vc_column][\/vc_row][vc_row][vc_column]<div class=\"templatera_shortcode\"><div data-vc-full-width=\"true\" data-vc-full-width-temp=\"true\" data-vc-full-width-init=\"false\" class=\"vc_row wpb_row vc_row-fluid newsletter-wrap\"><div class=\"wpb_column vc_column_container vc_col-sm-12\"><div class=\"vc_column-inner\"><div class=\"wpb_wrapper\">\n\t<div class=\"wpb_raw_code wpb_raw_html wpb_content_element\" >\n\t\t<div class=\"wpb_wrapper\">\n\t\t\t    <div class=\"container\">\n      <div class=\"row align-items-center\">\n\t<div class=\"col-12 col-lg-6 col-xl-5 mb-3 mb-lg-0 pr-0\">\n\t  <h2 class=\"title\">Rimani aggiornato sui nostri bandi e sui nostri progetti<\/h2>\n\t<\/div>\n\t<div class=\"col-12 col-lg-6 col-xl-7 pl-xl-4\">\n\t  <a class=\"standard-link-block\" href=\"\/it\/newsletter\/\">\n\t    Compila il form e decidi su quale argomento vuoi ricevere notizie.\t    <strong>\u00a0 ISCRIVITI!<\/strong>\n\t  <\/a>\n\t<\/div>\n      <\/div>\n    <\/div>\n\t\t<\/div>\n\t<\/div>\n<\/div><\/div><\/div><\/div><div class=\"vc_row-full-width vc_clearfix\"><\/div><\/div>[\/vc_column][\/vc_row]\n<\/div>","protected":false},"excerpt":{"rendered":"<p>La Fondazione Compagnia di San Paolo lancia la seconda fase del bando \u201cART~WAVES Linea Produzioni\u201d, dedicata ai soggetti selezionati nella Fase 2.<\/p>\n","protected":false},"author":19,"featured_media":13198,"comment_status":"closed","ping_status":"closed","sticky":false,"template":"","format":"standard","meta":{"_acf_changed":false,"content-type":"","footnotes":""},"categories":[17],"tags":[87,88,91,63,70,86,94,98,64],"class_list":["post-19306","post","type-post","status-publish","format-standard","has-post-thumbnail","hentry","category-news","tag-arte-e-musei","tag-cinema","tag-conservazione-del-patrimonio","tag-creativita-ed-esperienze-attive","tag-creazione-di-reti-solide","tag-cultura-contemporanea-e-design","tag-identita-culturali","tag-paesaggio","tag-performing-arts","entry","post-inner"],"acf":[],"yoast_head":"<!-- This site is optimized with the Yoast SEO plugin v27.3 - https:\/\/yoast.com\/product\/yoast-seo-wordpress\/ -->\n<title>Al via la fase 2 del bando ART~WAVES - Fondazione Compagnia di San Paolo<\/title>\n<meta name=\"description\" content=\"La Fondazione Compagnia di San Paolo lancia la seconda fase del bando \u201cART~WAVES Linea Produzioni\u201d, dedicata ai soggetti selezionati nella Fase 2.\" \/>\n<meta name=\"robots\" content=\"index, follow, max-snippet:-1, max-image-preview:large, max-video-preview:-1\" \/>\n<link rel=\"canonical\" href=\"https:\/\/www.compagniadisanpaolo.it\/it\/news\/al-via-la-fase-2-del-bando-artwaves\/\" \/>\n<meta property=\"og:locale\" content=\"it_IT\" \/>\n<meta property=\"og:type\" content=\"article\" \/>\n<meta property=\"og:title\" content=\"Al via la fase 2 del bando ART~WAVES - Fondazione Compagnia di San Paolo\" \/>\n<meta property=\"og:description\" content=\"La Fondazione Compagnia di San Paolo lancia la seconda fase del bando \u201cART~WAVES Linea Produzioni\u201d, dedicata ai soggetti selezionati nella Fase 2.\" \/>\n<meta property=\"og:url\" content=\"https:\/\/www.compagniadisanpaolo.it\/it\/news\/al-via-la-fase-2-del-bando-artwaves\/\" \/>\n<meta property=\"og:site_name\" content=\"Fondazione Compagnia di San Paolo\" \/>\n<meta property=\"article:publisher\" content=\"https:\/\/www.facebook.com\/CompagniaDiSanPaolo\" \/>\n<meta property=\"article:published_time\" content=\"2022-07-22T11:41:29+00:00\" \/>\n<meta property=\"og:image\" content=\"https:\/\/www.compagniadisanpaolo.it\/wp-content\/uploads\/art-waves-head.jpg\" \/>\n\t<meta property=\"og:image:width\" content=\"815\" \/>\n\t<meta property=\"og:image:height\" content=\"350\" \/>\n\t<meta property=\"og:image:type\" content=\"image\/jpeg\" \/>\n<meta name=\"author\" content=\"Federica\" \/>\n<meta name=\"twitter:card\" content=\"summary_large_image\" \/>\n<meta name=\"twitter:creator\" content=\"@CSP_live\" \/>\n<meta name=\"twitter:site\" content=\"@CSP_live\" \/>\n<meta name=\"twitter:label1\" content=\"Scritto da\" \/>\n\t<meta name=\"twitter:data1\" content=\"Federica\" \/>\n\t<meta name=\"twitter:label2\" content=\"Tempo di lettura stimato\" \/>\n\t<meta name=\"twitter:data2\" content=\"4 minuti\" \/>\n<script type=\"application\/ld+json\" class=\"yoast-schema-graph\">{\"@context\":\"https:\\\/\\\/schema.org\",\"@graph\":[{\"@type\":\"Article\",\"@id\":\"https:\\\/\\\/www.compagniadisanpaolo.it\\\/it\\\/news\\\/al-via-la-fase-2-del-bando-artwaves\\\/#article\",\"isPartOf\":{\"@id\":\"https:\\\/\\\/www.compagniadisanpaolo.it\\\/it\\\/news\\\/al-via-la-fase-2-del-bando-artwaves\\\/\"},\"author\":{\"name\":\"Federica\",\"@id\":\"https:\\\/\\\/www.compagniadisanpaolo.it\\\/it\\\/#\\\/schema\\\/person\\\/b7d5451541c25c82f29c5be1e78456b2\"},\"headline\":\"Al via la fase 2 del bando ART~WAVES\",\"datePublished\":\"2022-07-22T11:41:29+00:00\",\"mainEntityOfPage\":{\"@id\":\"https:\\\/\\\/www.compagniadisanpaolo.it\\\/it\\\/news\\\/al-via-la-fase-2-del-bando-artwaves\\\/\"},\"wordCount\":649,\"publisher\":{\"@id\":\"https:\\\/\\\/www.compagniadisanpaolo.it\\\/it\\\/#organization\"},\"image\":{\"@id\":\"https:\\\/\\\/www.compagniadisanpaolo.it\\\/it\\\/news\\\/al-via-la-fase-2-del-bando-artwaves\\\/#primaryimage\"},\"thumbnailUrl\":\"https:\\\/\\\/www.compagniadisanpaolo.it\\\/wp-content\\\/uploads\\\/art-waves-head.jpg\",\"keywords\":[\"arte e musei\",\"cinema\",\"conservazione del patrimonio\",\"creativit\u00e0 ed esperienze attive\",\"creazione di reti solide\",\"cultura contemporanea e design\",\"identit\u00e0 culturali\",\"paesaggio\",\"performing arts\"],\"articleSection\":[\"News\"],\"inLanguage\":\"it-IT\"},{\"@type\":\"WebPage\",\"@id\":\"https:\\\/\\\/www.compagniadisanpaolo.it\\\/it\\\/news\\\/al-via-la-fase-2-del-bando-artwaves\\\/\",\"url\":\"https:\\\/\\\/www.compagniadisanpaolo.it\\\/it\\\/news\\\/al-via-la-fase-2-del-bando-artwaves\\\/\",\"name\":\"Al via la fase 2 del bando ART~WAVES - Fondazione Compagnia di San Paolo\",\"isPartOf\":{\"@id\":\"https:\\\/\\\/www.compagniadisanpaolo.it\\\/it\\\/#website\"},\"primaryImageOfPage\":{\"@id\":\"https:\\\/\\\/www.compagniadisanpaolo.it\\\/it\\\/news\\\/al-via-la-fase-2-del-bando-artwaves\\\/#primaryimage\"},\"image\":{\"@id\":\"https:\\\/\\\/www.compagniadisanpaolo.it\\\/it\\\/news\\\/al-via-la-fase-2-del-bando-artwaves\\\/#primaryimage\"},\"thumbnailUrl\":\"https:\\\/\\\/www.compagniadisanpaolo.it\\\/wp-content\\\/uploads\\\/art-waves-head.jpg\",\"datePublished\":\"2022-07-22T11:41:29+00:00\",\"description\":\"La Fondazione Compagnia di San Paolo lancia la seconda fase del bando \u201cART~WAVES Linea Produzioni\u201d, dedicata ai soggetti selezionati nella Fase 2.\",\"breadcrumb\":{\"@id\":\"https:\\\/\\\/www.compagniadisanpaolo.it\\\/it\\\/news\\\/al-via-la-fase-2-del-bando-artwaves\\\/#breadcrumb\"},\"inLanguage\":\"it-IT\",\"potentialAction\":[{\"@type\":\"ReadAction\",\"target\":[\"https:\\\/\\\/www.compagniadisanpaolo.it\\\/it\\\/news\\\/al-via-la-fase-2-del-bando-artwaves\\\/\"]}]},{\"@type\":\"ImageObject\",\"inLanguage\":\"it-IT\",\"@id\":\"https:\\\/\\\/www.compagniadisanpaolo.it\\\/it\\\/news\\\/al-via-la-fase-2-del-bando-artwaves\\\/#primaryimage\",\"url\":\"https:\\\/\\\/www.compagniadisanpaolo.it\\\/wp-content\\\/uploads\\\/art-waves-head.jpg\",\"contentUrl\":\"https:\\\/\\\/www.compagniadisanpaolo.it\\\/wp-content\\\/uploads\\\/art-waves-head.jpg\",\"width\":815,\"height\":350},{\"@type\":\"BreadcrumbList\",\"@id\":\"https:\\\/\\\/www.compagniadisanpaolo.it\\\/it\\\/news\\\/al-via-la-fase-2-del-bando-artwaves\\\/#breadcrumb\",\"itemListElement\":[{\"@type\":\"ListItem\",\"position\":1,\"name\":\"Home\",\"item\":\"https:\\\/\\\/www.compagniadisanpaolo.it\\\/it\\\/\"},{\"@type\":\"ListItem\",\"position\":2,\"name\":\"Al via la fase 2 del bando ART~WAVES\"}]},{\"@type\":\"WebSite\",\"@id\":\"https:\\\/\\\/www.compagniadisanpaolo.it\\\/it\\\/#website\",\"url\":\"https:\\\/\\\/www.compagniadisanpaolo.it\\\/it\\\/\",\"name\":\"Fondazione Compagnia di San Paolo\",\"description\":\"\",\"publisher\":{\"@id\":\"https:\\\/\\\/www.compagniadisanpaolo.it\\\/it\\\/#organization\"},\"potentialAction\":[{\"@type\":\"SearchAction\",\"target\":{\"@type\":\"EntryPoint\",\"urlTemplate\":\"https:\\\/\\\/www.compagniadisanpaolo.it\\\/it\\\/?s={search_term_string}\"},\"query-input\":{\"@type\":\"PropertyValueSpecification\",\"valueRequired\":true,\"valueName\":\"search_term_string\"}}],\"inLanguage\":\"it-IT\"},{\"@type\":\"Organization\",\"@id\":\"https:\\\/\\\/www.compagniadisanpaolo.it\\\/it\\\/#organization\",\"name\":\"Fondazione Compagnia di San Paolo\",\"url\":\"https:\\\/\\\/www.compagniadisanpaolo.it\\\/it\\\/\",\"logo\":{\"@type\":\"ImageObject\",\"inLanguage\":\"it-IT\",\"@id\":\"https:\\\/\\\/www.compagniadisanpaolo.it\\\/it\\\/#\\\/schema\\\/logo\\\/image\\\/\",\"url\":\"https:\\\/\\\/www.compagniadisanpaolo.it\\\/wp-content\\\/uploads\\\/logo.svg\",\"contentUrl\":\"https:\\\/\\\/www.compagniadisanpaolo.it\\\/wp-content\\\/uploads\\\/logo.svg\",\"width\":769,\"height\":323,\"caption\":\"Fondazione Compagnia di San Paolo\"},\"image\":{\"@id\":\"https:\\\/\\\/www.compagniadisanpaolo.it\\\/it\\\/#\\\/schema\\\/logo\\\/image\\\/\"},\"sameAs\":[\"https:\\\/\\\/www.facebook.com\\\/CompagniaDiSanPaolo\",\"https:\\\/\\\/x.com\\\/CSP_live\",\"http:\\\/\\\/instagram.com\\\/compagniadisanpaolo?ref=badge\",\"https:\\\/\\\/www.linkedin.com\\\/company\\\/compagnia-di-san-paolo\",\"https:\\\/\\\/www.youtube.com\\\/user\\\/compagniadisanpaolo\",\"https:\\\/\\\/it.wikipedia.org\\\/wiki\\\/Compagnia_di_San_Paolo\"]},{\"@type\":\"Person\",\"@id\":\"https:\\\/\\\/www.compagniadisanpaolo.it\\\/it\\\/#\\\/schema\\\/person\\\/b7d5451541c25c82f29c5be1e78456b2\",\"name\":\"Federica\",\"image\":{\"@type\":\"ImageObject\",\"inLanguage\":\"it-IT\",\"@id\":\"https:\\\/\\\/secure.gravatar.com\\\/avatar\\\/b5698fa13ac389b1f1fb1263a4626e219d853d7ccf112e854aea8c9c087d24ae?s=96&d=mm&r=g\",\"url\":\"https:\\\/\\\/secure.gravatar.com\\\/avatar\\\/b5698fa13ac389b1f1fb1263a4626e219d853d7ccf112e854aea8c9c087d24ae?s=96&d=mm&r=g\",\"contentUrl\":\"https:\\\/\\\/secure.gravatar.com\\\/avatar\\\/b5698fa13ac389b1f1fb1263a4626e219d853d7ccf112e854aea8c9c087d24ae?s=96&d=mm&r=g\",\"caption\":\"Federica\"}}]}<\/script>\n<!-- \/ Yoast SEO plugin. -->","yoast_head_json":{"title":"Al via la fase 2 del bando ART~WAVES - Fondazione Compagnia di San Paolo","description":"La Fondazione Compagnia di San Paolo lancia la seconda fase del bando \u201cART~WAVES Linea Produzioni\u201d, dedicata ai soggetti selezionati nella Fase 2.","robots":{"index":"index","follow":"follow","max-snippet":"max-snippet:-1","max-image-preview":"max-image-preview:large","max-video-preview":"max-video-preview:-1"},"canonical":"https:\/\/www.compagniadisanpaolo.it\/it\/news\/al-via-la-fase-2-del-bando-artwaves\/","og_locale":"it_IT","og_type":"article","og_title":"Al via la fase 2 del bando ART~WAVES - Fondazione Compagnia di San Paolo","og_description":"La Fondazione Compagnia di San Paolo lancia la seconda fase del bando \u201cART~WAVES Linea Produzioni\u201d, dedicata ai soggetti selezionati nella Fase 2.","og_url":"https:\/\/www.compagniadisanpaolo.it\/it\/news\/al-via-la-fase-2-del-bando-artwaves\/","og_site_name":"Fondazione Compagnia di San Paolo","article_publisher":"https:\/\/www.facebook.com\/CompagniaDiSanPaolo","article_published_time":"2022-07-22T11:41:29+00:00","og_image":[{"width":815,"height":350,"url":"https:\/\/www.compagniadisanpaolo.it\/wp-content\/uploads\/art-waves-head.jpg","type":"image\/jpeg"}],"author":"Federica","twitter_card":"summary_large_image","twitter_creator":"@CSP_live","twitter_site":"@CSP_live","twitter_misc":{"Scritto da":"Federica","Tempo di lettura stimato":"4 minuti"},"schema":{"@context":"https:\/\/schema.org","@graph":[{"@type":"Article","@id":"https:\/\/www.compagniadisanpaolo.it\/it\/news\/al-via-la-fase-2-del-bando-artwaves\/#article","isPartOf":{"@id":"https:\/\/www.compagniadisanpaolo.it\/it\/news\/al-via-la-fase-2-del-bando-artwaves\/"},"author":{"name":"Federica","@id":"https:\/\/www.compagniadisanpaolo.it\/it\/#\/schema\/person\/b7d5451541c25c82f29c5be1e78456b2"},"headline":"Al via la fase 2 del bando ART~WAVES","datePublished":"2022-07-22T11:41:29+00:00","mainEntityOfPage":{"@id":"https:\/\/www.compagniadisanpaolo.it\/it\/news\/al-via-la-fase-2-del-bando-artwaves\/"},"wordCount":649,"publisher":{"@id":"https:\/\/www.compagniadisanpaolo.it\/it\/#organization"},"image":{"@id":"https:\/\/www.compagniadisanpaolo.it\/it\/news\/al-via-la-fase-2-del-bando-artwaves\/#primaryimage"},"thumbnailUrl":"https:\/\/www.compagniadisanpaolo.it\/wp-content\/uploads\/art-waves-head.jpg","keywords":["arte e musei","cinema","conservazione del patrimonio","creativit\u00e0 ed esperienze attive","creazione di reti solide","cultura contemporanea e design","identit\u00e0 culturali","paesaggio","performing arts"],"articleSection":["News"],"inLanguage":"it-IT"},{"@type":"WebPage","@id":"https:\/\/www.compagniadisanpaolo.it\/it\/news\/al-via-la-fase-2-del-bando-artwaves\/","url":"https:\/\/www.compagniadisanpaolo.it\/it\/news\/al-via-la-fase-2-del-bando-artwaves\/","name":"Al via la fase 2 del bando ART~WAVES - Fondazione Compagnia di San Paolo","isPartOf":{"@id":"https:\/\/www.compagniadisanpaolo.it\/it\/#website"},"primaryImageOfPage":{"@id":"https:\/\/www.compagniadisanpaolo.it\/it\/news\/al-via-la-fase-2-del-bando-artwaves\/#primaryimage"},"image":{"@id":"https:\/\/www.compagniadisanpaolo.it\/it\/news\/al-via-la-fase-2-del-bando-artwaves\/#primaryimage"},"thumbnailUrl":"https:\/\/www.compagniadisanpaolo.it\/wp-content\/uploads\/art-waves-head.jpg","datePublished":"2022-07-22T11:41:29+00:00","description":"La Fondazione Compagnia di San Paolo lancia la seconda fase del bando \u201cART~WAVES Linea Produzioni\u201d, dedicata ai soggetti selezionati nella Fase 2.","breadcrumb":{"@id":"https:\/\/www.compagniadisanpaolo.it\/it\/news\/al-via-la-fase-2-del-bando-artwaves\/#breadcrumb"},"inLanguage":"it-IT","potentialAction":[{"@type":"ReadAction","target":["https:\/\/www.compagniadisanpaolo.it\/it\/news\/al-via-la-fase-2-del-bando-artwaves\/"]}]},{"@type":"ImageObject","inLanguage":"it-IT","@id":"https:\/\/www.compagniadisanpaolo.it\/it\/news\/al-via-la-fase-2-del-bando-artwaves\/#primaryimage","url":"https:\/\/www.compagniadisanpaolo.it\/wp-content\/uploads\/art-waves-head.jpg","contentUrl":"https:\/\/www.compagniadisanpaolo.it\/wp-content\/uploads\/art-waves-head.jpg","width":815,"height":350},{"@type":"BreadcrumbList","@id":"https:\/\/www.compagniadisanpaolo.it\/it\/news\/al-via-la-fase-2-del-bando-artwaves\/#breadcrumb","itemListElement":[{"@type":"ListItem","position":1,"name":"Home","item":"https:\/\/www.compagniadisanpaolo.it\/it\/"},{"@type":"ListItem","position":2,"name":"Al via la fase 2 del bando ART~WAVES"}]},{"@type":"WebSite","@id":"https:\/\/www.compagniadisanpaolo.it\/it\/#website","url":"https:\/\/www.compagniadisanpaolo.it\/it\/","name":"Fondazione Compagnia di San Paolo","description":"","publisher":{"@id":"https:\/\/www.compagniadisanpaolo.it\/it\/#organization"},"potentialAction":[{"@type":"SearchAction","target":{"@type":"EntryPoint","urlTemplate":"https:\/\/www.compagniadisanpaolo.it\/it\/?s={search_term_string}"},"query-input":{"@type":"PropertyValueSpecification","valueRequired":true,"valueName":"search_term_string"}}],"inLanguage":"it-IT"},{"@type":"Organization","@id":"https:\/\/www.compagniadisanpaolo.it\/it\/#organization","name":"Fondazione Compagnia di San Paolo","url":"https:\/\/www.compagniadisanpaolo.it\/it\/","logo":{"@type":"ImageObject","inLanguage":"it-IT","@id":"https:\/\/www.compagniadisanpaolo.it\/it\/#\/schema\/logo\/image\/","url":"https:\/\/www.compagniadisanpaolo.it\/wp-content\/uploads\/logo.svg","contentUrl":"https:\/\/www.compagniadisanpaolo.it\/wp-content\/uploads\/logo.svg","width":769,"height":323,"caption":"Fondazione Compagnia di San Paolo"},"image":{"@id":"https:\/\/www.compagniadisanpaolo.it\/it\/#\/schema\/logo\/image\/"},"sameAs":["https:\/\/www.facebook.com\/CompagniaDiSanPaolo","https:\/\/x.com\/CSP_live","http:\/\/instagram.com\/compagniadisanpaolo?ref=badge","https:\/\/www.linkedin.com\/company\/compagnia-di-san-paolo","https:\/\/www.youtube.com\/user\/compagniadisanpaolo","https:\/\/it.wikipedia.org\/wiki\/Compagnia_di_San_Paolo"]},{"@type":"Person","@id":"https:\/\/www.compagniadisanpaolo.it\/it\/#\/schema\/person\/b7d5451541c25c82f29c5be1e78456b2","name":"Federica","image":{"@type":"ImageObject","inLanguage":"it-IT","@id":"https:\/\/secure.gravatar.com\/avatar\/b5698fa13ac389b1f1fb1263a4626e219d853d7ccf112e854aea8c9c087d24ae?s=96&d=mm&r=g","url":"https:\/\/secure.gravatar.com\/avatar\/b5698fa13ac389b1f1fb1263a4626e219d853d7ccf112e854aea8c9c087d24ae?s=96&d=mm&r=g","contentUrl":"https:\/\/secure.gravatar.com\/avatar\/b5698fa13ac389b1f1fb1263a4626e219d853d7ccf112e854aea8c9c087d24ae?s=96&d=mm&r=g","caption":"Federica"}}]}},"amp_enabled":true,"_links":{"self":[{"href":"https:\/\/www.compagniadisanpaolo.it\/it\/wp-json\/wp\/v2\/posts\/19306","targetHints":{"allow":["GET"]}}],"collection":[{"href":"https:\/\/www.compagniadisanpaolo.it\/it\/wp-json\/wp\/v2\/posts"}],"about":[{"href":"https:\/\/www.compagniadisanpaolo.it\/it\/wp-json\/wp\/v2\/types\/post"}],"author":[{"embeddable":true,"href":"https:\/\/www.compagniadisanpaolo.it\/it\/wp-json\/wp\/v2\/users\/19"}],"replies":[{"embeddable":true,"href":"https:\/\/www.compagniadisanpaolo.it\/it\/wp-json\/wp\/v2\/comments?post=19306"}],"version-history":[{"count":4,"href":"https:\/\/www.compagniadisanpaolo.it\/it\/wp-json\/wp\/v2\/posts\/19306\/revisions"}],"predecessor-version":[{"id":19313,"href":"https:\/\/www.compagniadisanpaolo.it\/it\/wp-json\/wp\/v2\/posts\/19306\/revisions\/19313"}],"wp:featuredmedia":[{"embeddable":true,"href":"https:\/\/www.compagniadisanpaolo.it\/it\/wp-json\/wp\/v2\/media\/13198"}],"wp:attachment":[{"href":"https:\/\/www.compagniadisanpaolo.it\/it\/wp-json\/wp\/v2\/media?parent=19306"}],"wp:term":[{"taxonomy":"category","embeddable":true,"href":"https:\/\/www.compagniadisanpaolo.it\/it\/wp-json\/wp\/v2\/categories?post=19306"},{"taxonomy":"post_tag","embeddable":true,"href":"https:\/\/www.compagniadisanpaolo.it\/it\/wp-json\/wp\/v2\/tags?post=19306"}],"curies":[{"name":"wp","href":"https:\/\/api.w.org\/{rel}","templated":true}]}}