{"id":18983,"date":"2022-07-04T18:15:17","date_gmt":"2022-07-04T16:15:17","guid":{"rendered":"https:\/\/www.compagniadisanpaolo.it\/?p=18983"},"modified":"2022-07-04T18:15:17","modified_gmt":"2022-07-04T16:15:17","slug":"concorso-cavallerizza-reale-di-torino-scelti-i-componenti-della-commissione","status":"publish","type":"post","link":"https:\/\/www.compagniadisanpaolo.it\/it\/news\/concorso-cavallerizza-reale-di-torino-scelti-i-componenti-della-commissione\/","title":{"rendered":"Concorso \u201cCavallerizza Reale di Torino\u201d: scelti i componenti della Commissione"},"content":{"rendered":"<div class=\"wpb-content-wrapper\">[vc_row][vc_column][vc_column_text el_class=&#8221;text-headline2&#8243;]La Fondazione comunica i nomi dei componenti della commissione giudicatrice del concorso di progettazione che ha come obiettivo principale quello di realizzare un polo culturale internazionale nel cuore della citt\u00e0.[\/vc_column_text][\/vc_column][\/vc_row][vc_row][vc_column][vc_column_text]\n<div class=\"info-box mission\">\n\t\t<div class=\"info-box-wrap info-box-hor row pb-0\">\n\n\t\t      \n\t\t      <div class=\"spalla col-12 col-md-12\">\n\t\t\t<div class=\"info-box sharing-box\">\n\t\t\t  <span class=\"label\">Condividi:<\/span>\n\t\t\t  <div class=\"social-sharing\">\n\t\t\t    <span class=\"box\">\n\t\t\t      <a class=\"fb\" href=\"https:\/\/www.facebook.com\/sharer.php?u=https:\/\/www.compagniadisanpaolo.it\/it\/news\/concorso-cavallerizza-reale-di-torino-scelti-i-componenti-della-commissione\/\" target=\"_blank\">\n\t\t\t\t<span class=\"sr-only\">Facebook<\/span>\n\t\t\t\t<i class=\"fab fa-facebook-f\"><\/i>\n\t\t\t      <\/a>\n\t\t\t    <\/span>\n\t\t\t    \n\t\t\t    <style>\n.twitter, .twitter:hover{\ncolor:#000000 !important;}\n<\/style>\n\n\n\t\t\t    <span class=\"box\">\n\t\t\t      <a class=\"twitter\" href=\"https:\/\/twitter.com\/intent\/tweet?url=https:\/\/www.compagniadisanpaolo.it\/it\/news\/concorso-cavallerizza-reale-di-torino-scelti-i-componenti-della-commissione\/\">\n\t\t\t\t<span class=\"sr-only\">Twitter<\/span>\n\t\t\t\t<i class=\"fa-brands fa-x-twitter\"><\/i>\n\t\t\t      <\/a>\n\t\t\t    <\/span>\n\n\t\t\t    \n\t\t\t    <span class=\"box\">\n\t\t\t      <a class=\"linkedin\" href=\"https:\/\/www.linkedin.com\/shareArticle?mini=true&url=https:\/\/www.compagniadisanpaolo.it\/it\/news\/concorso-cavallerizza-reale-di-torino-scelti-i-componenti-della-commissione\/\">\n\t\t\t\t<span class=\"sr-only\">Linkedin<\/span>\n\t\t\t\t  <i class=\"fa-brands fa-linkedin-in\"><\/i>\n\t\t\t      <\/a>\n\t\t\t    <\/span>\n\n\t\t\t    <span class=\"box\">\n\t\t\t      <a class=\"whatsapp\" href=\"whatsapp:\/\/send?text=https:\/\/www.compagniadisanpaolo.it\/it\/news\/concorso-cavallerizza-reale-di-torino-scelti-i-componenti-della-commissione\/\" data-action=\"share\/whatsapp\/share\">\n\t\t\t\t<span class=\"sr-only\">Whatsapp<\/span>\n\t\t\t\t<i class=\"fa-brands fa-whatsapp\"><\/i>\n\t\t\t      <\/a>\n\t\t\t    <\/span>\n\n\t\t\t    <span class=\"box\">\n\t\t\t      <a class=\"mail\" href=\"mailto:?subject=Concorso \u201cCavallerizza Reale di Torino\u201d: scelti i componenti della Commissione&body=https:\/\/www.compagniadisanpaolo.it\/it\/news\/concorso-cavallerizza-reale-di-torino-scelti-i-componenti-della-commissione\/\">\n\t\t\t\t<span class=\"sr-only\">Mail<\/span>\n\t\t\t\t <i class=\"fa-solid fa-envelope\"><\/i>\n\t\t\t      <\/a>\n\t\t\t    <\/span>\n\t\t\t    \n\t\t\t  <\/div>\n\t\t\t<\/div>\n\t      <\/div>\n\t    <\/div><\/div>\n[\/vc_column_text][\/vc_column][\/vc_row][vc_row][vc_column width=&#8221;1\/4&#8243;][vc_column_text]\n\n\n\t\t<div class=\"info-box-wrap\">\n\n\t  <div class=\"info-box date-pub\">\n\t  \t<span class=\"label\">Data di pubblicazione:<\/span>\n\t    <span class=\"value\">4 Luglio 2022<\/span>\n\t  <\/div>\n\t\t\t\t  <div class=\"info-box obj-institutional\">\n\t\t\t\t\t  <div class=\"info-box obj\">\n\t\t\t\t\t    <div class=\"obj-small-box\">\n\t\t\t\t\t      <span>Istituzionale<\/span>\n\t\t\t\t\t    <\/div>\n\t\t\t\t\t  <\/div>\n\t\t\t\t  <\/div>\n\t\t\t  <div class=\"info-box mission\"><span class=\"label\">Tag<\/span><a href=\"https:\/\/www.compagniadisanpaolo.it\/it\/tags\/risultati\/?_sft_post_tag=conservazione-del-patrimonio\" class=\"tag-element\">Conservazione del patrimonio<\/a><a href=\"https:\/\/www.compagniadisanpaolo.it\/it\/tags\/risultati\/?_sft_post_tag=identita-culturali\" class=\"tag-element\">Identit\u00e0 culturali<\/a><a href=\"https:\/\/www.compagniadisanpaolo.it\/it\/tags\/risultati\/?_sft_post_tag=partnership-con-enti-istituzionali\" class=\"tag-element\">Partnership con enti istituzionali<\/a><a href=\"https:\/\/www.compagniadisanpaolo.it\/it\/tags\/risultati\/?_sft_post_tag=rigenerazione-territoriale\" class=\"tag-element\">Rigenerazione territoriale<\/a><\/div>\t  \n\t<\/div>\n[\/vc_column_text][\/vc_column][vc_column width=&#8221;3\/4&#8243; el_class=&#8221;page-content&#8221;][vc_column_text el_class=&#8221;text&#8221;]In accordo con l&#8217;<strong>Universit\u00e0 degli Studi di Torino <\/strong>e la <strong>Citt\u00e0 di Torino<\/strong>, la Fondazione Compagnia di San Paolo &#8211; in qualit\u00e0 di Ente Banditore del progetto &#8211; rende noti i nominativi dei componenti della Commissione giudicatrice per il Concorso internazionale di progettazione \u201cCavallerizza Reale di Torino\u201d.<\/p>\n<p>Nello specifico, la commissione risulta cos\u00ec composta:<\/p>\n<ul>\n<li>Professor <strong>Francesco Profumo<\/strong>, Presidente della Fondazione Compagnia di San Paolo;<\/li>\n<li>Dottor <strong>Alberto Anfossi<\/strong>, Segretario Generale della Fondazione Compagnia di San Paolo;<\/li>\n<li>Architetto <strong>Vittorio Magnago Lampugnani<\/strong>, Professore emerito di Storia della progettazione urbana presso lo Swiss Federal Institute of Technology (ETH Zurich);<\/li>\n<li>Architetto <strong>Elli Mosayebi<\/strong>, Professore associato di Architettura e progettazione presso lo Swiss Federal Institute of Technology (ETH Zurich);<\/li>\n<li>Architetto<strong> Luisa Papotti<\/strong>, gi\u00e0 Soprintendente Archeologia Belle Arti e Paesaggio per la citt\u00e0 metropolitana di Torino;<\/li>\n<li>Professoressa <strong>Sara Whiting<\/strong>, Preside della Facolt\u00e0 di Architettura presso l\u2019Harvard University Graduate School of Design.<\/li>\n<\/ul>\n<p>Presidente della Commissione, l\u2019Architetto <strong>Michele De Lucchi <\/strong>che ha dichiarato<strong>: <\/strong>\u201cIl complesso della Cavallerizza Reale merita un\u2019attenzione e una valutazione progettuale che va ben oltre i limiti della citt\u00e0 di Torino, dell\u2019Italia e dell\u2019Europea stessa: infatti la trasformazione del complesso di Palazzo Reale in una parte importante del centro urbano potrebbe diventare un modello di riferimento per molti interventi. Il tema delle riconversioni \u00e8 un tema molto dibattuto in tutto il mondo, soprattutto per la sostenibilit\u00e0 climatica, sociale ed economica.\u201d<\/p>\n<p>Ricordiamo che il limite ultimo per la presentazione delle domande di partecipazione dei progetti di referenza, cv e relazione metodologica per il concorso \u00e8 fissata per il <strong>27 luglio 2022<\/strong>.<\/p>\n<p>Leggi il comunicato stampa completo a <a href=\"https:\/\/www.compagniadisanpaolo.it\/it\/comunicati-stampa\/concorso-internazionale-di-progettazione-cavallerizza-reale-di-torino-scelti-i-componenti-della-commissione-giudicatrice\/\" target=\"_blank\" rel=\"noopener\"><strong>questo link<\/strong><\/a>.<\/p>\n<p>Per saperne di pi\u00f9 in merito al Concorso leggi <a href=\"https:\/\/www.compagniadisanpaolo.it\/it\/news\/concorso-internazionale-di-progettazione-cavallerizza-reale-di-torino\/\" target=\"_blank\" rel=\"noopener\"><strong>questa news<\/strong><\/a>.[\/vc_column_text][\/vc_column][\/vc_row][vc_row disable_element=&#8221;yes&#8221; el_class=&#8221;sdg-list-wrap&#8221;][vc_column][vc_raw_html]JTVCU2V6aW9uZV9Eb2N1bWVudGklNUQ=[\/vc_raw_html][\/vc_column][\/vc_row][vc_row][vc_column]<div class=\"templatera_shortcode\"><div data-vc-full-width=\"true\" data-vc-full-width-temp=\"true\" data-vc-full-width-init=\"false\" class=\"vc_row wpb_row vc_row-fluid newsletter-wrap\"><div class=\"wpb_column vc_column_container vc_col-sm-12\"><div class=\"vc_column-inner\"><div class=\"wpb_wrapper\">\n\t<div class=\"wpb_raw_code wpb_raw_html wpb_content_element\" >\n\t\t<div class=\"wpb_wrapper\">\n\t\t\t    <div class=\"container\">\n      <div class=\"row align-items-center\">\n\t<div class=\"col-12 col-lg-6 col-xl-5 mb-3 mb-lg-0 pr-0\">\n\t  <h2 class=\"title\">Rimani aggiornato sui nostri bandi e sui nostri progetti<\/h2>\n\t<\/div>\n\t<div class=\"col-12 col-lg-6 col-xl-7 pl-xl-4\">\n\t  <a class=\"standard-link-block\" href=\"\/it\/newsletter\/\">\n\t    Compila il form e decidi su quale argomento vuoi ricevere notizie.\t    <strong>\u00a0 ISCRIVITI!<\/strong>\n\t  <\/a>\n\t<\/div>\n      <\/div>\n    <\/div>\n\t\t<\/div>\n\t<\/div>\n<\/div><\/div><\/div><\/div><div class=\"vc_row-full-width vc_clearfix\"><\/div><\/div>[\/vc_column][\/vc_row]\n<\/div>","protected":false},"excerpt":{"rendered":"La Fondazione comunica i nomi dei componenti della commissione giudicatrice del concorso di progettazione che ha come obiettivo principale quello di realizzare un polo culturale internazionale nel cuore della citt\u00e0. Condividi: Facebook Twitter Linkedin Whatsapp Mail Data di pubblicazione: 4 Luglio 2022 Istituzionale TagConservazione del patrimonioIdentit\u00e0 culturaliPartnership con enti istituzionaliRigenerazione territoriale In accordo con l'Universit\u00e0 degli Studi di Torino e la Citt\u00e0 di Torino, la Fondazione Compagnia di San Paolo - in qualit\u00e0 di Ente Banditore del progetto - rende noti i nominativi dei componenti della Commissione giudicatrice per il Concorso internazionale di progettazione \u201cCavallerizza Reale di Torino\u201d. Nello specifico, la commissione risulta cos\u00ec composta: Professor Francesco Profumo, Presidente della Fondazione Compagnia di San Paolo; Dottor Alberto Anfossi, Segretario Generale della Fondazione Compagnia di San Paolo; Architetto Vittorio Magnago Lampugnani, Professore emerito di Storia della progettazione urbana presso lo Swiss Federal Institute of Technology (ETH Zurich); Architetto Elli Mosayebi, Professore associato di Architettura e progettazione presso lo Swiss Federal Institute of Technology (ETH Zurich); Architetto Luisa Papotti, gi\u00e0 Soprintendente Archeologia Belle Arti e Paesaggio per la citt\u00e0 metropolitana di Torino; Professoressa Sara Whiting, Preside della Facolt\u00e0 di Architettura presso l\u2019Harvard University Graduate School of Design. Presidente della Commissione, l\u2019Architetto Michele De Lucchi che ha dichiarato: \u201cIl complesso della Cavallerizza Reale merita un\u2019attenzione e una valutazione progettuale che va ben oltre i limiti della citt\u00e0 di Torino, dell\u2019Italia e dell\u2019Europea stessa: infatti la trasformazione del complesso di Palazzo Reale in una parte importante del centro urbano potrebbe diventare un modello di riferimento per molti interventi. Il tema delle riconversioni \u00e8 un tema molto dibattuto in tutto il mondo, soprattutto per la sostenibilit\u00e0 climatica, sociale ed economica.\u201d Ricordiamo che il limite ultimo per la presentazione delle domande di partecipazione dei progetti di referenza, cv e relazione metodologica per il concorso \u00e8 fissata per il 27 luglio 2022. Leggi il comunicato stampa completo a questo link. Per saperne di pi\u00f9 in merito al Concorso leggi questa news. Rimani aggiornato sui nostri bandi e sui nostri progetti Compila il form e decidi su quale argomento vuoi ricevere notizie. \u00a0 ISCRIVITI!","protected":false},"author":19,"featured_media":18619,"comment_status":"closed","ping_status":"closed","sticky":false,"template":"","format":"standard","meta":{"_acf_changed":false,"content-type":"","footnotes":""},"categories":[17],"tags":[91,94,62,75],"class_list":["post-18983","post","type-post","status-publish","format-standard","has-post-thumbnail","hentry","category-news","tag-conservazione-del-patrimonio","tag-identita-culturali","tag-partnership-con-enti-istituzionali","tag-rigenerazione-territoriale","entry","post-inner"],"acf":[],"yoast_head":"<!-- This site is optimized with the Yoast SEO plugin v27.3 - https:\/\/yoast.com\/product\/yoast-seo-wordpress\/ -->\n<title>Concorso \u201cCavallerizza Reale di Torino\u201d: scelti i componenti della Commissione - Fondazione Compagnia di San Paolo<\/title>\n<meta name=\"description\" content=\"La Fondazione comunica i nomi dei componenti della commissione giudicatrice del concorso di progettazione che ha come obiettivo principale quello di realizzare un polo culturale internazionale nel cuore della citt\u00e0.\" \/>\n<meta name=\"robots\" content=\"index, follow, max-snippet:-1, max-image-preview:large, max-video-preview:-1\" \/>\n<link rel=\"canonical\" href=\"https:\/\/www.compagniadisanpaolo.it\/it\/news\/concorso-cavallerizza-reale-di-torino-scelti-i-componenti-della-commissione\/\" \/>\n<meta property=\"og:locale\" content=\"it_IT\" \/>\n<meta property=\"og:type\" content=\"article\" \/>\n<meta property=\"og:title\" content=\"Concorso \u201cCavallerizza Reale di Torino\u201d: scelti i componenti della Commissione - Fondazione Compagnia di San Paolo\" \/>\n<meta property=\"og:description\" content=\"La Fondazione comunica i nomi dei componenti della commissione giudicatrice del concorso di progettazione che ha come obiettivo principale quello di realizzare un polo culturale internazionale nel cuore della citt\u00e0.\" \/>\n<meta property=\"og:url\" content=\"https:\/\/www.compagniadisanpaolo.it\/it\/news\/concorso-cavallerizza-reale-di-torino-scelti-i-componenti-della-commissione\/\" \/>\n<meta property=\"og:site_name\" content=\"Fondazione Compagnia di San Paolo\" \/>\n<meta property=\"article:publisher\" content=\"https:\/\/www.facebook.com\/CompagniaDiSanPaolo\" \/>\n<meta property=\"article:published_time\" content=\"2022-07-04T16:15:17+00:00\" \/>\n<meta property=\"og:image\" content=\"https:\/\/www.compagniadisanpaolo.it\/wp-content\/uploads\/concorso-cavallerizza-head.jpg\" \/>\n\t<meta property=\"og:image:width\" content=\"815\" \/>\n\t<meta property=\"og:image:height\" content=\"350\" \/>\n\t<meta property=\"og:image:type\" content=\"image\/jpeg\" \/>\n<meta name=\"author\" content=\"Federica\" \/>\n<meta name=\"twitter:card\" content=\"summary_large_image\" \/>\n<meta name=\"twitter:creator\" content=\"@CSP_live\" \/>\n<meta name=\"twitter:site\" content=\"@CSP_live\" \/>\n<meta name=\"twitter:label1\" content=\"Scritto da\" \/>\n\t<meta name=\"twitter:data1\" content=\"Federica\" \/>\n\t<meta name=\"twitter:label2\" content=\"Tempo di lettura stimato\" \/>\n\t<meta name=\"twitter:data2\" content=\"2 minuti\" \/>\n<script type=\"application\/ld+json\" class=\"yoast-schema-graph\">{\"@context\":\"https:\\\/\\\/schema.org\",\"@graph\":[{\"@type\":\"Article\",\"@id\":\"https:\\\/\\\/www.compagniadisanpaolo.it\\\/it\\\/news\\\/concorso-cavallerizza-reale-di-torino-scelti-i-componenti-della-commissione\\\/#article\",\"isPartOf\":{\"@id\":\"https:\\\/\\\/www.compagniadisanpaolo.it\\\/it\\\/news\\\/concorso-cavallerizza-reale-di-torino-scelti-i-componenti-della-commissione\\\/\"},\"author\":{\"name\":\"Federica\",\"@id\":\"https:\\\/\\\/www.compagniadisanpaolo.it\\\/it\\\/#\\\/schema\\\/person\\\/b7d5451541c25c82f29c5be1e78456b2\"},\"headline\":\"Concorso \u201cCavallerizza Reale di Torino\u201d: scelti i componenti della Commissione\",\"datePublished\":\"2022-07-04T16:15:17+00:00\",\"mainEntityOfPage\":{\"@id\":\"https:\\\/\\\/www.compagniadisanpaolo.it\\\/it\\\/news\\\/concorso-cavallerizza-reale-di-torino-scelti-i-componenti-della-commissione\\\/\"},\"wordCount\":417,\"publisher\":{\"@id\":\"https:\\\/\\\/www.compagniadisanpaolo.it\\\/it\\\/#organization\"},\"image\":{\"@id\":\"https:\\\/\\\/www.compagniadisanpaolo.it\\\/it\\\/news\\\/concorso-cavallerizza-reale-di-torino-scelti-i-componenti-della-commissione\\\/#primaryimage\"},\"thumbnailUrl\":\"https:\\\/\\\/www.compagniadisanpaolo.it\\\/wp-content\\\/uploads\\\/concorso-cavallerizza-head.jpg\",\"keywords\":[\"conservazione del patrimonio\",\"identit\u00e0 culturali\",\"partnership con enti istituzionali\",\"rigenerazione territoriale\"],\"articleSection\":[\"News\"],\"inLanguage\":\"it-IT\"},{\"@type\":\"WebPage\",\"@id\":\"https:\\\/\\\/www.compagniadisanpaolo.it\\\/it\\\/news\\\/concorso-cavallerizza-reale-di-torino-scelti-i-componenti-della-commissione\\\/\",\"url\":\"https:\\\/\\\/www.compagniadisanpaolo.it\\\/it\\\/news\\\/concorso-cavallerizza-reale-di-torino-scelti-i-componenti-della-commissione\\\/\",\"name\":\"Concorso \u201cCavallerizza Reale di Torino\u201d: scelti i componenti della Commissione - Fondazione Compagnia di San Paolo\",\"isPartOf\":{\"@id\":\"https:\\\/\\\/www.compagniadisanpaolo.it\\\/it\\\/#website\"},\"primaryImageOfPage\":{\"@id\":\"https:\\\/\\\/www.compagniadisanpaolo.it\\\/it\\\/news\\\/concorso-cavallerizza-reale-di-torino-scelti-i-componenti-della-commissione\\\/#primaryimage\"},\"image\":{\"@id\":\"https:\\\/\\\/www.compagniadisanpaolo.it\\\/it\\\/news\\\/concorso-cavallerizza-reale-di-torino-scelti-i-componenti-della-commissione\\\/#primaryimage\"},\"thumbnailUrl\":\"https:\\\/\\\/www.compagniadisanpaolo.it\\\/wp-content\\\/uploads\\\/concorso-cavallerizza-head.jpg\",\"datePublished\":\"2022-07-04T16:15:17+00:00\",\"description\":\"La Fondazione comunica i nomi dei componenti della commissione giudicatrice del concorso di progettazione che ha come obiettivo principale quello di realizzare un polo culturale internazionale nel cuore della citt\u00e0.\",\"breadcrumb\":{\"@id\":\"https:\\\/\\\/www.compagniadisanpaolo.it\\\/it\\\/news\\\/concorso-cavallerizza-reale-di-torino-scelti-i-componenti-della-commissione\\\/#breadcrumb\"},\"inLanguage\":\"it-IT\",\"potentialAction\":[{\"@type\":\"ReadAction\",\"target\":[\"https:\\\/\\\/www.compagniadisanpaolo.it\\\/it\\\/news\\\/concorso-cavallerizza-reale-di-torino-scelti-i-componenti-della-commissione\\\/\"]}]},{\"@type\":\"ImageObject\",\"inLanguage\":\"it-IT\",\"@id\":\"https:\\\/\\\/www.compagniadisanpaolo.it\\\/it\\\/news\\\/concorso-cavallerizza-reale-di-torino-scelti-i-componenti-della-commissione\\\/#primaryimage\",\"url\":\"https:\\\/\\\/www.compagniadisanpaolo.it\\\/wp-content\\\/uploads\\\/concorso-cavallerizza-head.jpg\",\"contentUrl\":\"https:\\\/\\\/www.compagniadisanpaolo.it\\\/wp-content\\\/uploads\\\/concorso-cavallerizza-head.jpg\",\"width\":815,\"height\":350},{\"@type\":\"BreadcrumbList\",\"@id\":\"https:\\\/\\\/www.compagniadisanpaolo.it\\\/it\\\/news\\\/concorso-cavallerizza-reale-di-torino-scelti-i-componenti-della-commissione\\\/#breadcrumb\",\"itemListElement\":[{\"@type\":\"ListItem\",\"position\":1,\"name\":\"Home\",\"item\":\"https:\\\/\\\/www.compagniadisanpaolo.it\\\/it\\\/\"},{\"@type\":\"ListItem\",\"position\":2,\"name\":\"Concorso \u201cCavallerizza Reale di Torino\u201d: scelti i componenti della Commissione\"}]},{\"@type\":\"WebSite\",\"@id\":\"https:\\\/\\\/www.compagniadisanpaolo.it\\\/it\\\/#website\",\"url\":\"https:\\\/\\\/www.compagniadisanpaolo.it\\\/it\\\/\",\"name\":\"Fondazione Compagnia di San Paolo\",\"description\":\"\",\"publisher\":{\"@id\":\"https:\\\/\\\/www.compagniadisanpaolo.it\\\/it\\\/#organization\"},\"potentialAction\":[{\"@type\":\"SearchAction\",\"target\":{\"@type\":\"EntryPoint\",\"urlTemplate\":\"https:\\\/\\\/www.compagniadisanpaolo.it\\\/it\\\/?s={search_term_string}\"},\"query-input\":{\"@type\":\"PropertyValueSpecification\",\"valueRequired\":true,\"valueName\":\"search_term_string\"}}],\"inLanguage\":\"it-IT\"},{\"@type\":\"Organization\",\"@id\":\"https:\\\/\\\/www.compagniadisanpaolo.it\\\/it\\\/#organization\",\"name\":\"Fondazione Compagnia di San Paolo\",\"url\":\"https:\\\/\\\/www.compagniadisanpaolo.it\\\/it\\\/\",\"logo\":{\"@type\":\"ImageObject\",\"inLanguage\":\"it-IT\",\"@id\":\"https:\\\/\\\/www.compagniadisanpaolo.it\\\/it\\\/#\\\/schema\\\/logo\\\/image\\\/\",\"url\":\"https:\\\/\\\/www.compagniadisanpaolo.it\\\/wp-content\\\/uploads\\\/logo.svg\",\"contentUrl\":\"https:\\\/\\\/www.compagniadisanpaolo.it\\\/wp-content\\\/uploads\\\/logo.svg\",\"width\":769,\"height\":323,\"caption\":\"Fondazione Compagnia di San Paolo\"},\"image\":{\"@id\":\"https:\\\/\\\/www.compagniadisanpaolo.it\\\/it\\\/#\\\/schema\\\/logo\\\/image\\\/\"},\"sameAs\":[\"https:\\\/\\\/www.facebook.com\\\/CompagniaDiSanPaolo\",\"https:\\\/\\\/x.com\\\/CSP_live\",\"http:\\\/\\\/instagram.com\\\/compagniadisanpaolo?ref=badge\",\"https:\\\/\\\/www.linkedin.com\\\/company\\\/compagnia-di-san-paolo\",\"https:\\\/\\\/www.youtube.com\\\/user\\\/compagniadisanpaolo\",\"https:\\\/\\\/it.wikipedia.org\\\/wiki\\\/Compagnia_di_San_Paolo\"]},{\"@type\":\"Person\",\"@id\":\"https:\\\/\\\/www.compagniadisanpaolo.it\\\/it\\\/#\\\/schema\\\/person\\\/b7d5451541c25c82f29c5be1e78456b2\",\"name\":\"Federica\",\"image\":{\"@type\":\"ImageObject\",\"inLanguage\":\"it-IT\",\"@id\":\"https:\\\/\\\/secure.gravatar.com\\\/avatar\\\/b5698fa13ac389b1f1fb1263a4626e219d853d7ccf112e854aea8c9c087d24ae?s=96&d=mm&r=g\",\"url\":\"https:\\\/\\\/secure.gravatar.com\\\/avatar\\\/b5698fa13ac389b1f1fb1263a4626e219d853d7ccf112e854aea8c9c087d24ae?s=96&d=mm&r=g\",\"contentUrl\":\"https:\\\/\\\/secure.gravatar.com\\\/avatar\\\/b5698fa13ac389b1f1fb1263a4626e219d853d7ccf112e854aea8c9c087d24ae?s=96&d=mm&r=g\",\"caption\":\"Federica\"}}]}<\/script>\n<!-- \/ Yoast SEO plugin. -->","yoast_head_json":{"title":"Concorso \u201cCavallerizza Reale di Torino\u201d: scelti i componenti della Commissione - Fondazione Compagnia di San Paolo","description":"La Fondazione comunica i nomi dei componenti della commissione giudicatrice del concorso di progettazione che ha come obiettivo principale quello di realizzare un polo culturale internazionale nel cuore della citt\u00e0.","robots":{"index":"index","follow":"follow","max-snippet":"max-snippet:-1","max-image-preview":"max-image-preview:large","max-video-preview":"max-video-preview:-1"},"canonical":"https:\/\/www.compagniadisanpaolo.it\/it\/news\/concorso-cavallerizza-reale-di-torino-scelti-i-componenti-della-commissione\/","og_locale":"it_IT","og_type":"article","og_title":"Concorso \u201cCavallerizza Reale di Torino\u201d: scelti i componenti della Commissione - Fondazione Compagnia di San Paolo","og_description":"La Fondazione comunica i nomi dei componenti della commissione giudicatrice del concorso di progettazione che ha come obiettivo principale quello di realizzare un polo culturale internazionale nel cuore della citt\u00e0.","og_url":"https:\/\/www.compagniadisanpaolo.it\/it\/news\/concorso-cavallerizza-reale-di-torino-scelti-i-componenti-della-commissione\/","og_site_name":"Fondazione Compagnia di San Paolo","article_publisher":"https:\/\/www.facebook.com\/CompagniaDiSanPaolo","article_published_time":"2022-07-04T16:15:17+00:00","og_image":[{"width":815,"height":350,"url":"https:\/\/www.compagniadisanpaolo.it\/wp-content\/uploads\/concorso-cavallerizza-head.jpg","type":"image\/jpeg"}],"author":"Federica","twitter_card":"summary_large_image","twitter_creator":"@CSP_live","twitter_site":"@CSP_live","twitter_misc":{"Scritto da":"Federica","Tempo di lettura stimato":"2 minuti"},"schema":{"@context":"https:\/\/schema.org","@graph":[{"@type":"Article","@id":"https:\/\/www.compagniadisanpaolo.it\/it\/news\/concorso-cavallerizza-reale-di-torino-scelti-i-componenti-della-commissione\/#article","isPartOf":{"@id":"https:\/\/www.compagniadisanpaolo.it\/it\/news\/concorso-cavallerizza-reale-di-torino-scelti-i-componenti-della-commissione\/"},"author":{"name":"Federica","@id":"https:\/\/www.compagniadisanpaolo.it\/it\/#\/schema\/person\/b7d5451541c25c82f29c5be1e78456b2"},"headline":"Concorso \u201cCavallerizza Reale di Torino\u201d: scelti i componenti della Commissione","datePublished":"2022-07-04T16:15:17+00:00","mainEntityOfPage":{"@id":"https:\/\/www.compagniadisanpaolo.it\/it\/news\/concorso-cavallerizza-reale-di-torino-scelti-i-componenti-della-commissione\/"},"wordCount":417,"publisher":{"@id":"https:\/\/www.compagniadisanpaolo.it\/it\/#organization"},"image":{"@id":"https:\/\/www.compagniadisanpaolo.it\/it\/news\/concorso-cavallerizza-reale-di-torino-scelti-i-componenti-della-commissione\/#primaryimage"},"thumbnailUrl":"https:\/\/www.compagniadisanpaolo.it\/wp-content\/uploads\/concorso-cavallerizza-head.jpg","keywords":["conservazione del patrimonio","identit\u00e0 culturali","partnership con enti istituzionali","rigenerazione territoriale"],"articleSection":["News"],"inLanguage":"it-IT"},{"@type":"WebPage","@id":"https:\/\/www.compagniadisanpaolo.it\/it\/news\/concorso-cavallerizza-reale-di-torino-scelti-i-componenti-della-commissione\/","url":"https:\/\/www.compagniadisanpaolo.it\/it\/news\/concorso-cavallerizza-reale-di-torino-scelti-i-componenti-della-commissione\/","name":"Concorso \u201cCavallerizza Reale di Torino\u201d: scelti i componenti della Commissione - Fondazione Compagnia di San Paolo","isPartOf":{"@id":"https:\/\/www.compagniadisanpaolo.it\/it\/#website"},"primaryImageOfPage":{"@id":"https:\/\/www.compagniadisanpaolo.it\/it\/news\/concorso-cavallerizza-reale-di-torino-scelti-i-componenti-della-commissione\/#primaryimage"},"image":{"@id":"https:\/\/www.compagniadisanpaolo.it\/it\/news\/concorso-cavallerizza-reale-di-torino-scelti-i-componenti-della-commissione\/#primaryimage"},"thumbnailUrl":"https:\/\/www.compagniadisanpaolo.it\/wp-content\/uploads\/concorso-cavallerizza-head.jpg","datePublished":"2022-07-04T16:15:17+00:00","description":"La Fondazione comunica i nomi dei componenti della commissione giudicatrice del concorso di progettazione che ha come obiettivo principale quello di realizzare un polo culturale internazionale nel cuore della citt\u00e0.","breadcrumb":{"@id":"https:\/\/www.compagniadisanpaolo.it\/it\/news\/concorso-cavallerizza-reale-di-torino-scelti-i-componenti-della-commissione\/#breadcrumb"},"inLanguage":"it-IT","potentialAction":[{"@type":"ReadAction","target":["https:\/\/www.compagniadisanpaolo.it\/it\/news\/concorso-cavallerizza-reale-di-torino-scelti-i-componenti-della-commissione\/"]}]},{"@type":"ImageObject","inLanguage":"it-IT","@id":"https:\/\/www.compagniadisanpaolo.it\/it\/news\/concorso-cavallerizza-reale-di-torino-scelti-i-componenti-della-commissione\/#primaryimage","url":"https:\/\/www.compagniadisanpaolo.it\/wp-content\/uploads\/concorso-cavallerizza-head.jpg","contentUrl":"https:\/\/www.compagniadisanpaolo.it\/wp-content\/uploads\/concorso-cavallerizza-head.jpg","width":815,"height":350},{"@type":"BreadcrumbList","@id":"https:\/\/www.compagniadisanpaolo.it\/it\/news\/concorso-cavallerizza-reale-di-torino-scelti-i-componenti-della-commissione\/#breadcrumb","itemListElement":[{"@type":"ListItem","position":1,"name":"Home","item":"https:\/\/www.compagniadisanpaolo.it\/it\/"},{"@type":"ListItem","position":2,"name":"Concorso \u201cCavallerizza Reale di Torino\u201d: scelti i componenti della Commissione"}]},{"@type":"WebSite","@id":"https:\/\/www.compagniadisanpaolo.it\/it\/#website","url":"https:\/\/www.compagniadisanpaolo.it\/it\/","name":"Fondazione Compagnia di San Paolo","description":"","publisher":{"@id":"https:\/\/www.compagniadisanpaolo.it\/it\/#organization"},"potentialAction":[{"@type":"SearchAction","target":{"@type":"EntryPoint","urlTemplate":"https:\/\/www.compagniadisanpaolo.it\/it\/?s={search_term_string}"},"query-input":{"@type":"PropertyValueSpecification","valueRequired":true,"valueName":"search_term_string"}}],"inLanguage":"it-IT"},{"@type":"Organization","@id":"https:\/\/www.compagniadisanpaolo.it\/it\/#organization","name":"Fondazione Compagnia di San Paolo","url":"https:\/\/www.compagniadisanpaolo.it\/it\/","logo":{"@type":"ImageObject","inLanguage":"it-IT","@id":"https:\/\/www.compagniadisanpaolo.it\/it\/#\/schema\/logo\/image\/","url":"https:\/\/www.compagniadisanpaolo.it\/wp-content\/uploads\/logo.svg","contentUrl":"https:\/\/www.compagniadisanpaolo.it\/wp-content\/uploads\/logo.svg","width":769,"height":323,"caption":"Fondazione Compagnia di San Paolo"},"image":{"@id":"https:\/\/www.compagniadisanpaolo.it\/it\/#\/schema\/logo\/image\/"},"sameAs":["https:\/\/www.facebook.com\/CompagniaDiSanPaolo","https:\/\/x.com\/CSP_live","http:\/\/instagram.com\/compagniadisanpaolo?ref=badge","https:\/\/www.linkedin.com\/company\/compagnia-di-san-paolo","https:\/\/www.youtube.com\/user\/compagniadisanpaolo","https:\/\/it.wikipedia.org\/wiki\/Compagnia_di_San_Paolo"]},{"@type":"Person","@id":"https:\/\/www.compagniadisanpaolo.it\/it\/#\/schema\/person\/b7d5451541c25c82f29c5be1e78456b2","name":"Federica","image":{"@type":"ImageObject","inLanguage":"it-IT","@id":"https:\/\/secure.gravatar.com\/avatar\/b5698fa13ac389b1f1fb1263a4626e219d853d7ccf112e854aea8c9c087d24ae?s=96&d=mm&r=g","url":"https:\/\/secure.gravatar.com\/avatar\/b5698fa13ac389b1f1fb1263a4626e219d853d7ccf112e854aea8c9c087d24ae?s=96&d=mm&r=g","contentUrl":"https:\/\/secure.gravatar.com\/avatar\/b5698fa13ac389b1f1fb1263a4626e219d853d7ccf112e854aea8c9c087d24ae?s=96&d=mm&r=g","caption":"Federica"}}]}},"amp_enabled":true,"_links":{"self":[{"href":"https:\/\/www.compagniadisanpaolo.it\/it\/wp-json\/wp\/v2\/posts\/18983","targetHints":{"allow":["GET"]}}],"collection":[{"href":"https:\/\/www.compagniadisanpaolo.it\/it\/wp-json\/wp\/v2\/posts"}],"about":[{"href":"https:\/\/www.compagniadisanpaolo.it\/it\/wp-json\/wp\/v2\/types\/post"}],"author":[{"embeddable":true,"href":"https:\/\/www.compagniadisanpaolo.it\/it\/wp-json\/wp\/v2\/users\/19"}],"replies":[{"embeddable":true,"href":"https:\/\/www.compagniadisanpaolo.it\/it\/wp-json\/wp\/v2\/comments?post=18983"}],"version-history":[{"count":2,"href":"https:\/\/www.compagniadisanpaolo.it\/it\/wp-json\/wp\/v2\/posts\/18983\/revisions"}],"predecessor-version":[{"id":18999,"href":"https:\/\/www.compagniadisanpaolo.it\/it\/wp-json\/wp\/v2\/posts\/18983\/revisions\/18999"}],"wp:featuredmedia":[{"embeddable":true,"href":"https:\/\/www.compagniadisanpaolo.it\/it\/wp-json\/wp\/v2\/media\/18619"}],"wp:attachment":[{"href":"https:\/\/www.compagniadisanpaolo.it\/it\/wp-json\/wp\/v2\/media?parent=18983"}],"wp:term":[{"taxonomy":"category","embeddable":true,"href":"https:\/\/www.compagniadisanpaolo.it\/it\/wp-json\/wp\/v2\/categories?post=18983"},{"taxonomy":"post_tag","embeddable":true,"href":"https:\/\/www.compagniadisanpaolo.it\/it\/wp-json\/wp\/v2\/tags?post=18983"}],"curies":[{"name":"wp","href":"https:\/\/api.w.org\/{rel}","templated":true}]}}