{"id":18904,"date":"2022-07-01T10:28:06","date_gmt":"2022-07-01T08:28:06","guid":{"rendered":"https:\/\/www.compagniadisanpaolo.it\/?p=18904"},"modified":"2022-07-01T10:28:06","modified_gmt":"2022-07-01T08:28:06","slug":"casa-di-reclusione-di-saluzzo-inaugurata-la-sezione-unito","status":"publish","type":"post","link":"https:\/\/www.compagniadisanpaolo.it\/it\/news\/casa-di-reclusione-di-saluzzo-inaugurata-la-sezione-unito\/","title":{"rendered":"Casa di Reclusione di Saluzzo: inaugurata la Sezione \u201cUnito\u201d"},"content":{"rendered":"<div class=\"wpb-content-wrapper\">[vc_row][vc_column][vc_column_text el_class=&#8221;text-headline2&#8243;]Sostenuto dalla Fondazione Compagnia di San Paolo, il progetto rientra nel Polo Universitario per Detenuti dell\u2019Universit\u00e0 di Torino ed \u00e8 dedicato agli studenti detenuti iscritti ai corsi di laurea.[\/vc_column_text][\/vc_column][\/vc_row][vc_row][vc_column][vc_column_text]\n<div class=\"info-box mission\">\n\t\t<div class=\"info-box-wrap info-box-hor row pb-0\">\n\n\t\t      \n\t\t      <div class=\"spalla col-12 col-md-12\">\n\t\t\t<div class=\"info-box sharing-box\">\n\t\t\t  <span class=\"label\">Condividi:<\/span>\n\t\t\t  <div class=\"social-sharing\">\n\t\t\t    <span class=\"box\">\n\t\t\t      <a class=\"fb\" href=\"https:\/\/www.facebook.com\/sharer.php?u=https:\/\/www.compagniadisanpaolo.it\/it\/news\/casa-di-reclusione-di-saluzzo-inaugurata-la-sezione-unito\/\" target=\"_blank\">\n\t\t\t\t<span class=\"sr-only\">Facebook<\/span>\n\t\t\t\t<i class=\"fab fa-facebook-f\"><\/i>\n\t\t\t      <\/a>\n\t\t\t    <\/span>\n\t\t\t    \n\t\t\t    <style>\n.twitter, .twitter:hover{\ncolor:#000000 !important;}\n<\/style>\n\n\n\t\t\t    <span class=\"box\">\n\t\t\t      <a class=\"twitter\" href=\"https:\/\/twitter.com\/intent\/tweet?url=https:\/\/www.compagniadisanpaolo.it\/it\/news\/casa-di-reclusione-di-saluzzo-inaugurata-la-sezione-unito\/\">\n\t\t\t\t<span class=\"sr-only\">Twitter<\/span>\n\t\t\t\t<i class=\"fa-brands fa-x-twitter\"><\/i>\n\t\t\t      <\/a>\n\t\t\t    <\/span>\n\n\t\t\t    \n\t\t\t    <span class=\"box\">\n\t\t\t      <a class=\"linkedin\" href=\"https:\/\/www.linkedin.com\/shareArticle?mini=true&url=https:\/\/www.compagniadisanpaolo.it\/it\/news\/casa-di-reclusione-di-saluzzo-inaugurata-la-sezione-unito\/\">\n\t\t\t\t<span class=\"sr-only\">Linkedin<\/span>\n\t\t\t\t  <i class=\"fa-brands fa-linkedin-in\"><\/i>\n\t\t\t      <\/a>\n\t\t\t    <\/span>\n\n\t\t\t    <span class=\"box\">\n\t\t\t      <a class=\"whatsapp\" href=\"whatsapp:\/\/send?text=https:\/\/www.compagniadisanpaolo.it\/it\/news\/casa-di-reclusione-di-saluzzo-inaugurata-la-sezione-unito\/\" data-action=\"share\/whatsapp\/share\">\n\t\t\t\t<span class=\"sr-only\">Whatsapp<\/span>\n\t\t\t\t<i class=\"fa-brands fa-whatsapp\"><\/i>\n\t\t\t      <\/a>\n\t\t\t    <\/span>\n\n\t\t\t    <span class=\"box\">\n\t\t\t      <a class=\"mail\" href=\"mailto:?subject=Casa di Reclusione di Saluzzo: inaugurata la Sezione \u201cUnito\u201d&body=https:\/\/www.compagniadisanpaolo.it\/it\/news\/casa-di-reclusione-di-saluzzo-inaugurata-la-sezione-unito\/\">\n\t\t\t\t<span class=\"sr-only\">Mail<\/span>\n\t\t\t\t <i class=\"fa-solid fa-envelope\"><\/i>\n\t\t\t      <\/a>\n\t\t\t    <\/span>\n\t\t\t    \n\t\t\t  <\/div>\n\t\t\t<\/div>\n\t      <\/div>\n\t    <\/div><\/div>\n[\/vc_column_text][\/vc_column][\/vc_row][vc_row][vc_column width=&#8221;1\/4&#8243;][vc_column_text]\n\n\n\t\t<div class=\"info-box-wrap\">\n\n\t  <div class=\"info-box date-pub\">\n\t  \t<span class=\"label\">Data di pubblicazione:<\/span>\n\t    <span class=\"value\">1 Luglio 2022<\/span>\n\t  <\/div>\n\t\t\t\t  <div class=\"info-box obj-people\">\n\t\t\t\t\t  <div class=\"info-box obj\"><span class=\"label\">Obiettivo<\/span>\n\t\t\t\t\t    <div class=\"obj-small-box\">\n\t\t\t\t\t      <span>Persone.<\/span>\n\t\t\t\t\t    <\/div>\n\t\t\t\t\t  <\/div>\n\t\t\t\t  <\/div>\n\t\t\t  <div class=\"info-box mission\"><span class=\"label\">Tag<\/span><a href=\"https:\/\/www.compagniadisanpaolo.it\/it\/tags\/risultati\/?_sft_post_tag=comunita-educanti\" class=\"tag-element\">Comunit\u00e0 educanti<\/a><a href=\"https:\/\/www.compagniadisanpaolo.it\/it\/tags\/risultati\/?_sft_post_tag=formazione\" class=\"tag-element\">Formazione<\/a><a href=\"https:\/\/www.compagniadisanpaolo.it\/it\/tags\/risultati\/?_sft_post_tag=piena-cittadinanza-e-diritti\" class=\"tag-element\">Piena cittadinanza e diritti<\/a><\/div>\t  \n\t<\/div>\n[\/vc_column_text][\/vc_column][vc_column width=&#8221;3\/4&#8243; el_class=&#8221;page-content&#8221;][vc_column_text el_class=&#8221;text&#8221;]\u00c8 stata inaugurata ieri, nella <strong>Casa di Reclusione \u201cRodolfo Morandi\u201d<\/strong> di Saluzzo, una nuova Sezione dedicata agli studenti detenuti e iscritti all\u2019<strong>Universit\u00e0 degli Studi di Torino<\/strong>.<\/p>\n<p>Realizzata grazie all\u2019impegno dell\u2019Universit\u00e0 di Torino, sostenuto dal contributo della <strong>Compagnia di San Paolo<\/strong>, in accordo con la <strong>Direzione dell\u2019Istituto e il Provveditorato Regionale dell\u2019Amministrazione Penitenziaria<\/strong> (<strong>PRAP<\/strong>), la nuova Sezione \u00e8 stata dotata di tutte <strong>le attrezzature informatiche<\/strong> necessarie ed \u00e8 interamente <strong>dedicata agli studenti universitari<\/strong>. All\u2019interno dell\u2019area \u00e8 garantita la presenza di docenti, borsisti, tutor che tengono lezioni e seminari e seguono i percorsi di studio e le relative prove di esame e di laurea.<\/p>\n<p>\u201cIl Polo Universitario per Detenuti, che abbiamo il piacere e l\u2019onore di inaugurare oggi, conferma l\u2019impegno della Compagnia a sostenere iniziative che, attraverso un approccio olistico alla persona e ai suoi bisogni, propongano interventi multidimensionali e di sistema, in coerenza con il rinnovato disegno politico nazionale e di ispirazione europea. Contribuiamo cos\u00ec a promuovere cambiamento, per guardare con maggiore serenit\u00e0 al futuro delle persone detenute e delle nostre comunit\u00e0, in un percorso di costruzione di societ\u00e0 pi\u00f9 coese e pi\u00f9 inclusive\u201d ha affermato il Presidente della Fondazione Compagnia di San Paolo, <a href=\"https:\/\/www.compagniadisanpaolo.it\/it\/fondazione\/organi\/francesco-profumo-presidente\/\" target=\"_blank\" rel=\"noopener\"><strong>Francesco Profumo<\/strong><\/a>, nel corso dell\u2019evento inaugurale.<\/p>\n<p>Oltre al Presidente Profumo, hanno preso parte all\u2019inaugurazione anche il Rettore <strong>Stefano Geuna<\/strong>, il <strong>Direttore generale Andrea Silvestri<\/strong>, il <strong>delegato del Rettore per il Polo studenti detenuti<\/strong> <strong>Franco Prina<\/strong>, il vicesindaco di Saluzzo <strong>Franco Demaria<\/strong>, la dirigenza del <strong>PRAP<\/strong> e dell\u2019<strong>Ufficio per l\u2019esecuzione penale esterna di Cuneo <\/strong>(UEPE), i <strong>Garanti per i Diritti dei detenuti<\/strong>, il Garante regionale <strong>Bruno Mellano<\/strong> e quello della Citt\u00e0 di Saluzzo <strong>Paolo Allemano<\/strong>.<\/p>\n<p>Presenti inoltre le <strong>Fondazioni Musy e<\/strong> <a href=\"https:\/\/www.ufficiopio.it\/\" target=\"_blank\" rel=\"noopener\"><strong>Ufficio Pio<\/strong><\/a>\u00a0attualmente impegnati in un progetto di sviluppo e supporto al reinserimento lavorativo degli studenti detenuti che si siano laureati.<\/p>\n<p><strong>Attualmente risultano iscritti all\u2019Universit\u00e0 di Torino 66 studenti, dei quali 24 a Saluzzo<\/strong>. I Dipartimenti coinvolti sono: <strong>Culture Politica e Societ\u00e0<\/strong>, <strong>Giurisprudenza<\/strong>, <strong>Studi Umanistici<\/strong>, <strong>Matematica,<\/strong> per un totale di 7 corsi di laurea triennali e 5 corsi di laurea magistrali, oltre al Ciclo unico di <strong>Giurisprudenza<\/strong>.<\/p>\n<p>Il progetto del Polo per studenti detenuti a Saluzzo ha visto un\u2019adesione iniziale di 8 studenti che nel corso dei 3 anni di attivit\u00e0, nonostante le notevoli difficolt\u00e0 correlate con l\u2019emergenza sanitaria, si \u00e8 man mano ampliata, arrivando ai 24 attuali e con prospettive di crescita nel prossimo anno accademico.<\/p>\n<p>Per leggere il comunicato stampa completo, visita <a href=\"https:\/\/www.compagniadisanpaolo.it\/it\/documenti\/inaugurazione-sezione-polo-saluzzo-comunicato-stampa\/\" target=\"_blank\" rel=\"noopener\"><strong>questo link.<\/strong><\/a>[\/vc_column_text][\/vc_column][\/vc_row][vc_row][vc_column]<style type='text\/css'>\n\t\t\t\t#gallery-1 {\n\t\t\t\t\tmargin: auto;\n\t\t\t\t}\n\t\t\t\t#gallery-1.FGM-Collage .fg-gallery-item {\n\t\t\t\t\ttext-align: center;\t\t\t\n\t\t\t\t}\n\t\t\t\t#gallery-1 .fg-gallery-caption {\n\t\t\t\t\tmargin-left: 0;\n\t\t\t\t}\n\t\t\t\t#gallery-1.fastgallery_mosaic .fg-gallery-caption, \n\t\t\t\t#gallery-1.fastgallery_mosaic .fg-gallery-caption:hover {\n\t\t\t\t\tbackground-color:rgba( 4 , 106 , 56 , 1);\n\t\t\t\t}\n\t\t\t\t#gallery-1.fastgallery_mosaic.gallery .gallery-icon .fg_zoom a, \n\t\t\t\t#gallery-1.fastgallery_mosaic.gallery .gallery-icon .fg_zoom a:hover {\n\t\t\t\t\tcolor:#046a38;\n\t\t\t\t}\n\t\t\t\t#gallery-1.fastgallery_mosaic.fg_style1 .fg-gallery-caption {\n\t\t\t\t\tcolor:#ffffff;\t\n\t\t\t\t}\n\t\t\t\t#gallery-1.fastgallery_mosaic.gallery.fg_style2 .gallery-icon .fg_zoom a {\n\t\t\t\t\tbackground:rgba( 255 , 255 , 255 , 0.3);\n\t\t\t\t}\n\t\t\t\t#gallery-1.fastgallery_mosaic.fg_style2 .fg-gallery-caption {\n\t\t\t\t\tcolor:#ffffff;\t\n\t\t\t\t}\t\t\t\n\t\t\t\t#gallery-1.fastgallery_mosaic.gallery.fg_style3 .fg_zoom, #gallery-1.fastgallery_mosaic.gallery.fg_style3 .fg_zoom:hover {\n\t\t\t\t\tbackground:rgba( 4 , 106 , 56 , 1);\n\t\t\t\t}\n\t\t\t\t#gallery-1.fastgallery_mosaic.fg_style3 .fg-gallery-caption {\n\t\t\t\t\tcolor:#ffffff;\t\n\t\t\t\t}\t\t\t\t\n\t\t\t\t#gallery-1.fastgallery_mosaic.fg_style4 .fg-gallery-caption,\t\t\t\n\t\t\t\t#gallery-1.fastgallery_mosaic.gallery.fg_style4 .gallery-icon .fg_zoom a, \n\t\t\t\t#gallery-1.fastgallery_mosaic.gallery.fg_style4 .gallery-icon .fg_zoom a:hover {\n\t\t\t\t\tcolor:#ffffff;\n\t\t\t\t}\n\t\t\t\t#gallery-1.fastgallery_mosaic.gallery.fg_style4 .gallery-icon .fg_zoom a, \n\t\t\t\t#gallery-1.fastgallery_mosaic.gallery.fg_style4 .gallery-icon .fg_zoom a:hover\t{\n\t\t\t\t\tbackground:rgba( 4 , 106 , 56 , 1);\n\t\t\t\t}\t\t\t\n\t\t\t\t#gallery-1.fastgallery_mosaic.gallery.fg_style5 .gallery-icon .fg_zoom a, \n\t\t\t\t#gallery-1.fastgallery_mosaic.gallery.fg_style5 .gallery-icon .fg_zoom a:hover\t{\n\t\t\t\t\tcolor:#ffffff;\n\t\t\t\t\tbackground-color:rgba( 4 , 106 , 56 , 1);\n\t\t\t\t}\t\t\t\t\t\n\t\t\t\t#gallery-1.fastgallery_mosaic.gallery.fg_style6 .gallery-icon .fg_zoom a,\n\t\t\t\t#gallery-1.fastgallery_mosaic.gallery.fg_style6 .gallery-icon .fg_zoom a:hover {\n\t\t\t\t\tcolor:#ffffff;\n\t\t\t\t\tbackground:rgba( 4 , 106 , 56 , 1);\t\t\t\t\n\t\t\t\t}\n\t\t\t\n\t\t\t\t#gallery-1.fastgallery_mosaic.fg_style6 .fg-gallery-caption {\n\t\t\t\t\tcolor:#ffffff;\t\n\t\t\t\t}\n\t\t\t\t#gallery-1.fastgallery_mosaic.gallery.fg_style7 .gallery-icon .fg_zoom a,\n\t\t\t\t#gallery-1.fastgallery_mosaic.gallery.fg_style7 .gallery-icon .fg_zoom a:hover {\n\t\t\t\t\tcolor:#ffffff;\n\t\t\t\t\tbackground:rgba( 4 , 106 , 56 , 1);\t\t\t\t\n\t\t\t\t}\t\t\n\t\t\t\t#gallery-1.fastgallery_mosaic.fg_style7 .fg-gallery-caption {\n\t\t\t\t\tcolor:#ffffff;\t\n\t\t\t\t}\n\t\t\t\t\n\t\t\t\t#gallery-1.fastgallery_mosaic.gallery.fg_style8 .gallery-icon .fg_zoom a,\n\t\t\t\t#gallery-1.fastgallery_mosaic.gallery.fg_style8 .gallery-icon .fg_zoom a:hover {\n\t\t\t\t\tcolor:#ffffff;\n\t\t\t\t\tbackground:rgba( 4 , 106 , 56 , 1);\t\t\t\t\n\t\t\t\t}\n\t\t\t\n\t\t\t\t#gallery-1.fastgallery_mosaic.fg_style8 .fg-gallery-caption {\n\t\t\t\t\tcolor:#ffffff;\t\n\t\t\t\t}\n\t\t\t\t\n\t\t\t\t#gallery-1.fastgallery_mosaic.gallery.fg_style9 .gallery-icon .fg_zoom a,\n\t\t\t\t#gallery-1.fastgallery_mosaic.gallery.fg_style9 .gallery-icon .fg_zoom a:hover {\n\t\t\t\t\tcolor:#ffffff;\n\t\t\t\t\tbackground:rgba( 4 , 106 , 56 , 1);\t\t\t\t\n\t\t\t\t}\t\t\n\t\t\t\t#gallery-1.fastgallery_mosaic.fg_style9 .fg-gallery-caption {\n\t\t\t\t\tcolor:#ffffff;\t\n\t\t\t\t}\n\t\t\t\t\n\t\t\t\t#gallery-1.fastgallery_mosaic.gallery.fg_style10 .gallery-icon .fg_zoom a,\n\t\t\t\t#gallery-1.fastgallery_mosaic.gallery.fg_style10 .gallery-icon .fg_zoom a:hover {\n\t\t\t\t\tcolor:#ffffff;\n\t\t\t\t\tbackground:rgba( 4 , 106 , 56 , 1);\t\t\t\t\n\t\t\t\t}\t\t\n\t\t\t\t#gallery-1.fastgallery_mosaic.fg_style10 .fg-gallery-caption {\n\t\t\t\t\tcolor:#ffffff;\t\n\t\t\t\t}#gallery-1.fastgallery_mosaic.gallery .gallery-icon .icon-plus:before {\t\n\t\t\t\t\t\t\t\t\t\tcontent: \"\\e6ef\"!important;\n\t\t\t\t\t}#gallery-1.fastgallery_mosaic.gallery span {\n\t\t\t\t\t\t\t\t\t\tfont-size:20px!important;\n\t\t\t\t\t}\n\t\t\t\t\t#gallery-1.fastgallery_mosaic.gallery .gallery-icon .fg-zoom-icon {\n\t\t\t\t\t\t\t\t\t\tmargin-left:-10px!important;\n\t\t\t\t\t\t\t\t\t\tmargin-top:-40px;\n\t\t\t\t\t}\n\t\t\t\t\t#gallery-1.fastgallery_mosaic.gallery.fg_style2 .gallery-icon .fg-zoom-icon,\n\t\t\t\t\t#gallery-1.fastgallery_mosaic.gallery.fg_style5 .gallery-icon .fg-zoom-icon  {\n\t\t\t\t\t\t\t\t\t\tmargin-top:-10px;\n\t\t\t\t\t}\t\t\n\t\t\t\t\t#gallery-1.fastgallery_mosaic.gallery .gallery-icon.no-caption .fg-zoom-icon {\n\t\t\t\t\t\t\t\t\t\tmargin-top:-10px!important;\n\t\t\t\t\t}\n\t\t\t\t\t#gallery-1.fastgallery_mosaic.fg_style7 .fg-gallery-caption,\n\t\t\t\t\t#gallery-1.fastgallery_mosaic.fg_style8 .fg-gallery-caption {\n\t\t\t\t\t\t\t\t\t\ttop:55%;\n\t\t\t\t\t}\n\t\t\t\t\t<\/style>\n\t\t<script type=\"text\/javascript\">jQuery(function($){\n\t\t\t\t\t\t$(window).load(function () {\n\t\t\t\t\t\t\t\t\t$(document).ready(function(){\n\t\t\t\t\t\t\t\t\t\tcollage();\n\t\t\t\t\t\t\t\t\t});\n\t\t\t\t\t\t\t\t\tfunction collage() {\n\t\t\t\t\t\t\t\t\t\t$('#gallery-1.FGM-Collage').removeWhitespace().collagePlus(\n\t\t\t\t\t\t\t\t\t\t{\n\t\t\t\t\t\t\t\t\t\t\t\t'targetHeight'  \t\t: 300,\n\t\t\t\t\t\t\t\t\t\t\t\t'padding'\t\t\t\t: 20,\n\t\t\t\t\t\t\t\t\t\t\t\t'allowPartialLastRow'   : true\n\t\t\t\t\t\t\t\t\t\t\t}\n\t\t\t\t\t\t\t\t\t\t);\n\t\t\t\t\t\t\t\t\t};\t\n\t\t\t\t\t\t\t\t\tvar resizeTimer = null;\n\t\t\t\t\t\t\t\t\t$(window).bind('resize', function() {\n\t\t\t\t\t\t\t\t\t\t$('.FGM-Collage .fg-gallery-item').css(\"opacity\", 0);\n\t\t\t\t\t\t\t\t\t\tif (resizeTimer) clearTimeout(resizeTimer);\n\t\t\t\t\t\t\t\t\t\tresizeTimer = setTimeout(collage, 200);\n\t\t\t\t\t\t\t\t\t});\t\n\t\t\t\t\t});\n\t\t\t\t\t});<\/script><script type=\"text\/javascript\">\n\t\t\t\t\t\tjQuery(function($){\n\t\t\t\t\t\t\t$('#gallery-1.gallery.fastgallery_mosaic').lightGallery({\n\t\t\t\t\t\t\t\tmode:'slide',\n\t\t\t\t\t\t\t\tspeed: 2000,\n\t\t\t\t\t\t\t\tthumbnail: true,\n\t\t\t\t\t\t\t\tcontrols: true\t\t\t\t\t\t\t\t\n\t\t\t\t\t\t\t});\n\t\t\t\t\t\t});\t\t\n\t\t\t\t\t<\/script>\n\t\t<div id='gallery-1' class='FGM-Collage gallery galleryid-1 gallery-size-fg_layout1 fastgallery_mosaic fg_responsive fg_style1 fg_over_image_off fg_layout1'><div data-src='https:\/\/www.compagniadisanpaolo.it\/wp-content\/uploads\/Presidente-Profumo-1000x800.jpg' class='fg-gallery-item  '><div class='gallery-icon landscape no-caption'><div class='fg_zoom'><img loading=\"lazy\" decoding=\"async\" width=\"1000\" height=\"800\" src=\"https:\/\/www.compagniadisanpaolo.it\/wp-content\/uploads\/Presidente-Profumo-1000x800.jpg\" class=\"attachment-fgm-2-6 size-fgm-2-6\" alt=\"\" \/><a href='https:\/\/www.compagniadisanpaolo.it\/wp-content\/uploads\/Presidente-Profumo-1000x800.jpg'><span class='fg-zoom-icon icon-plus'><\/span><\/a><\/div><\/div><\/div><div data-src='https:\/\/www.compagniadisanpaolo.it\/wp-content\/uploads\/Inaugurazione-Sezione-UniTo-Casa-Reclusione-Saluzzo-1000x800.jpg' class='fg-gallery-item  '><div class='gallery-icon landscape no-caption'><div class='fg_zoom'><img loading=\"lazy\" decoding=\"async\" width=\"1400\" height=\"800\" src=\"https:\/\/www.compagniadisanpaolo.it\/wp-content\/uploads\/Inaugurazione-Sezione-UniTo-Casa-Reclusione-Saluzzo-1400x800.jpg\" class=\"attachment-fgm-1-6 size-fgm-1-6\" alt=\"\" srcset=\"https:\/\/www.compagniadisanpaolo.it\/wp-content\/uploads\/Inaugurazione-Sezione-UniTo-Casa-Reclusione-Saluzzo-1400x800.jpg 1400w, https:\/\/www.compagniadisanpaolo.it\/wp-content\/uploads\/Inaugurazione-Sezione-UniTo-Casa-Reclusione-Saluzzo-540x310.jpg 540w\" sizes=\"auto, (max-width: 1400px) 100vw, 1400px\" \/><a href='https:\/\/www.compagniadisanpaolo.it\/wp-content\/uploads\/Inaugurazione-Sezione-UniTo-Casa-Reclusione-Saluzzo-1000x800.jpg'><span class='fg-zoom-icon icon-plus'><\/span><\/a><\/div><\/div><\/div><div data-src='https:\/\/www.compagniadisanpaolo.it\/wp-content\/uploads\/saluzzo_sezioneunito-1000x800.jpg' class='fg-gallery-item  '><div class='gallery-icon landscape no-caption'><div class='fg_zoom'><img loading=\"lazy\" decoding=\"async\" width=\"1200\" height=\"800\" src=\"https:\/\/www.compagniadisanpaolo.it\/wp-content\/uploads\/saluzzo_sezioneunito-1200x800.jpg\" class=\"attachment-fgm-3-6 size-fgm-3-6\" alt=\"\" \/><a href='https:\/\/www.compagniadisanpaolo.it\/wp-content\/uploads\/saluzzo_sezioneunito-1000x800.jpg'><span class='fg-zoom-icon icon-plus'><\/span><\/a><\/div><\/div><\/div>\n\t\t\t\t\t<\/div>\n[\/vc_column][\/vc_row][vc_row el_class=&#8221;sdg-list-wrap&#8221;][vc_column][vc_raw_html]JTVCbW9zdHJhU0RHUyU1RA==[\/vc_raw_html][\/vc_column][\/vc_row][vc_row el_class=&#8221;sdg-list-wrap&#8221;][vc_column][vc_raw_html]JTVCU2V6aW9uZV9Eb2N1bWVudGklNUQ=[\/vc_raw_html][\/vc_column][\/vc_row][vc_row][vc_column]<div class=\"templatera_shortcode\"><div data-vc-full-width=\"true\" data-vc-full-width-temp=\"true\" data-vc-full-width-init=\"false\" class=\"vc_row wpb_row vc_row-fluid newsletter-wrap\"><div class=\"wpb_column vc_column_container vc_col-sm-12\"><div class=\"vc_column-inner\"><div class=\"wpb_wrapper\">\n\t<div class=\"wpb_raw_code wpb_raw_html wpb_content_element\" >\n\t\t<div class=\"wpb_wrapper\">\n\t\t\t    <div class=\"container\">\n      <div class=\"row align-items-center\">\n\t<div class=\"col-12 col-lg-6 col-xl-5 mb-3 mb-lg-0 pr-0\">\n\t  <h2 class=\"title\">Rimani aggiornato sui nostri bandi e sui nostri progetti<\/h2>\n\t<\/div>\n\t<div class=\"col-12 col-lg-6 col-xl-7 pl-xl-4\">\n\t  <a class=\"standard-link-block\" href=\"\/it\/newsletter\/\">\n\t    Compila il form e decidi su quale argomento vuoi ricevere notizie.\t    <strong>\u00a0 ISCRIVITI!<\/strong>\n\t  <\/a>\n\t<\/div>\n      <\/div>\n    <\/div>\n\t\t<\/div>\n\t<\/div>\n<\/div><\/div><\/div><\/div><div class=\"vc_row-full-width vc_clearfix\"><\/div><\/div>[\/vc_column][\/vc_row]\n<\/div>","protected":false},"excerpt":{"rendered":"Sostenuto dalla Fondazione Compagnia di San Paolo, il progetto rientra nel Polo Universitario per Detenuti dell\u2019Universit\u00e0 di Torino ed \u00e8 dedicato agli studenti detenuti iscritti ai corsi di laurea. Condividi: Facebook Twitter Linkedin Whatsapp Mail Data di pubblicazione: 1 Luglio 2022 Obiettivo Persone. TagComunit\u00e0 educantiFormazionePiena cittadinanza e diritti \u00c8 stata inaugurata ieri, nella Casa di Reclusione \u201cRodolfo Morandi\u201d di Saluzzo, una nuova Sezione dedicata agli studenti detenuti e iscritti all\u2019Universit\u00e0 degli Studi di Torino. Realizzata grazie all\u2019impegno dell\u2019Universit\u00e0 di Torino, sostenuto dal contributo della Compagnia di San Paolo, in accordo con la Direzione dell\u2019Istituto e il Provveditorato Regionale dell\u2019Amministrazione Penitenziaria (PRAP), la nuova Sezione \u00e8 stata dotata di tutte le attrezzature informatiche necessarie ed \u00e8 interamente dedicata agli studenti universitari. All\u2019interno dell\u2019area \u00e8 garantita la presenza di docenti, borsisti, tutor che tengono lezioni e seminari e seguono i percorsi di studio e le relative prove di esame e di laurea. \u201cIl Polo Universitario per Detenuti, che abbiamo il piacere e l\u2019onore di inaugurare oggi, conferma l\u2019impegno della Compagnia a sostenere iniziative che, attraverso un approccio olistico alla persona e ai suoi bisogni, propongano interventi multidimensionali e di sistema, in coerenza con il rinnovato disegno politico nazionale e di ispirazione europea. Contribuiamo cos\u00ec a promuovere cambiamento, per guardare con maggiore serenit\u00e0 al futuro delle persone detenute e delle nostre comunit\u00e0, in un percorso di costruzione di societ\u00e0 pi\u00f9 coese e pi\u00f9 inclusive\u201d ha affermato il Presidente della Fondazione Compagnia di San Paolo, Francesco Profumo, nel corso dell\u2019evento inaugurale. Oltre al Presidente Profumo, hanno preso parte all\u2019inaugurazione anche il Rettore Stefano Geuna, il Direttore generale Andrea Silvestri, il delegato del Rettore per il Polo studenti detenuti Franco Prina, il vicesindaco di Saluzzo Franco Demaria, la dirigenza del PRAP e dell\u2019Ufficio per l\u2019esecuzione penale esterna di Cuneo (UEPE), i Garanti per i Diritti dei detenuti, il Garante regionale Bruno Mellano e quello della Citt\u00e0 di Saluzzo Paolo Allemano. Presenti inoltre le Fondazioni Musy e Ufficio Pio\u00a0attualmente impegnati in un progetto di sviluppo e supporto al reinserimento lavorativo degli studenti detenuti che si siano laureati. Attualmente risultano iscritti all\u2019Universit\u00e0 di Torino 66 studenti, dei quali 24 a Saluzzo. I Dipartimenti coinvolti sono: Culture Politica e Societ\u00e0, Giurisprudenza, Studi Umanistici, Matematica, per un totale di 7 corsi di laurea triennali e 5 corsi di laurea magistrali, oltre al Ciclo unico di Giurisprudenza. Il progetto del Polo per studenti detenuti a Saluzzo ha visto un\u2019adesione iniziale di 8 studenti che nel corso dei 3 anni di attivit\u00e0, nonostante le notevoli difficolt\u00e0 correlate con l\u2019emergenza sanitaria, si \u00e8 man mano ampliata, arrivando ai 24 attuali e con prospettive di crescita nel prossimo anno accademico. Per leggere il comunicato stampa completo, visita questo link. Questa iniziativa contribuisce al raggiungimento dei seguenti Obiettivi di Sviluppo Sostenibile Documenti di riferimento Inaugurazione sezione Polo Saluzzo - Comunicato stampa Scarica il documento Rimani aggiornato sui nostri bandi e sui nostri progetti Compila il form e decidi su quale argomento vuoi ricevere notizie. \u00a0 ISCRIVITI!","protected":false},"author":19,"featured_media":18905,"comment_status":"closed","ping_status":"closed","sticky":false,"template":"","format":"standard","meta":{"_acf_changed":false,"content-type":"","footnotes":""},"categories":[17],"tags":[81,53,93],"class_list":["post-18904","post","type-post","status-publish","format-standard","has-post-thumbnail","hentry","category-news","tag-comunita-educanti","tag-formazione","tag-piena-cittadinanza-e-diritti","entry","post-inner"],"acf":[],"yoast_head":"<!-- This site is optimized with the Yoast SEO plugin v27.3 - https:\/\/yoast.com\/product\/yoast-seo-wordpress\/ -->\n<title>Casa di Reclusione di Saluzzo: inaugurata la Sezione \u201cUnito\u201d - Fondazione Compagnia di San Paolo<\/title>\n<meta name=\"description\" content=\"Sostenuto dalla Fondazione Compagnia di San Paolo, il progetto rientra nel Polo Universitario per Detenuti dell\u2019Universit\u00e0 di Torino\" \/>\n<meta name=\"robots\" content=\"index, follow, max-snippet:-1, max-image-preview:large, max-video-preview:-1\" \/>\n<link rel=\"canonical\" href=\"https:\/\/www.compagniadisanpaolo.it\/it\/news\/casa-di-reclusione-di-saluzzo-inaugurata-la-sezione-unito\/\" \/>\n<meta property=\"og:locale\" content=\"it_IT\" \/>\n<meta property=\"og:type\" content=\"article\" \/>\n<meta property=\"og:title\" content=\"Casa di Reclusione di Saluzzo: inaugurata la Sezione \u201cUnito\u201d - Fondazione Compagnia di San Paolo\" \/>\n<meta property=\"og:description\" content=\"Sostenuto dalla Fondazione Compagnia di San Paolo, il progetto rientra nel Polo Universitario per Detenuti dell\u2019Universit\u00e0 di Torino\" \/>\n<meta property=\"og:url\" content=\"https:\/\/www.compagniadisanpaolo.it\/it\/news\/casa-di-reclusione-di-saluzzo-inaugurata-la-sezione-unito\/\" \/>\n<meta property=\"og:site_name\" content=\"Fondazione Compagnia di San Paolo\" \/>\n<meta property=\"article:publisher\" content=\"https:\/\/www.facebook.com\/CompagniaDiSanPaolo\" \/>\n<meta property=\"article:published_time\" content=\"2022-07-01T08:28:06+00:00\" \/>\n<meta property=\"og:image\" content=\"https:\/\/www.compagniadisanpaolo.it\/wp-content\/uploads\/saluzzo-head.jpg\" \/>\n\t<meta property=\"og:image:width\" content=\"815\" \/>\n\t<meta property=\"og:image:height\" content=\"350\" \/>\n\t<meta property=\"og:image:type\" content=\"image\/jpeg\" \/>\n<meta name=\"author\" content=\"Federica\" \/>\n<meta name=\"twitter:card\" content=\"summary_large_image\" \/>\n<meta name=\"twitter:creator\" content=\"@CSP_live\" \/>\n<meta name=\"twitter:site\" content=\"@CSP_live\" \/>\n<meta name=\"twitter:label1\" content=\"Scritto da\" \/>\n\t<meta name=\"twitter:data1\" content=\"Federica\" \/>\n\t<meta name=\"twitter:label2\" content=\"Tempo di lettura stimato\" \/>\n\t<meta name=\"twitter:data2\" content=\"3 minuti\" \/>\n<script type=\"application\/ld+json\" class=\"yoast-schema-graph\">{\"@context\":\"https:\\\/\\\/schema.org\",\"@graph\":[{\"@type\":\"Article\",\"@id\":\"https:\\\/\\\/www.compagniadisanpaolo.it\\\/it\\\/news\\\/casa-di-reclusione-di-saluzzo-inaugurata-la-sezione-unito\\\/#article\",\"isPartOf\":{\"@id\":\"https:\\\/\\\/www.compagniadisanpaolo.it\\\/it\\\/news\\\/casa-di-reclusione-di-saluzzo-inaugurata-la-sezione-unito\\\/\"},\"author\":{\"name\":\"Federica\",\"@id\":\"https:\\\/\\\/www.compagniadisanpaolo.it\\\/it\\\/#\\\/schema\\\/person\\\/b7d5451541c25c82f29c5be1e78456b2\"},\"headline\":\"Casa di Reclusione di Saluzzo: inaugurata la Sezione \u201cUnito\u201d\",\"datePublished\":\"2022-07-01T08:28:06+00:00\",\"mainEntityOfPage\":{\"@id\":\"https:\\\/\\\/www.compagniadisanpaolo.it\\\/it\\\/news\\\/casa-di-reclusione-di-saluzzo-inaugurata-la-sezione-unito\\\/\"},\"wordCount\":600,\"publisher\":{\"@id\":\"https:\\\/\\\/www.compagniadisanpaolo.it\\\/it\\\/#organization\"},\"image\":{\"@id\":\"https:\\\/\\\/www.compagniadisanpaolo.it\\\/it\\\/news\\\/casa-di-reclusione-di-saluzzo-inaugurata-la-sezione-unito\\\/#primaryimage\"},\"thumbnailUrl\":\"https:\\\/\\\/www.compagniadisanpaolo.it\\\/wp-content\\\/uploads\\\/saluzzo-head.jpg\",\"keywords\":[\"comunit\u00e0 educanti\",\"formazione\",\"piena cittadinanza e diritti\"],\"articleSection\":[\"News\"],\"inLanguage\":\"it-IT\"},{\"@type\":\"WebPage\",\"@id\":\"https:\\\/\\\/www.compagniadisanpaolo.it\\\/it\\\/news\\\/casa-di-reclusione-di-saluzzo-inaugurata-la-sezione-unito\\\/\",\"url\":\"https:\\\/\\\/www.compagniadisanpaolo.it\\\/it\\\/news\\\/casa-di-reclusione-di-saluzzo-inaugurata-la-sezione-unito\\\/\",\"name\":\"Casa di Reclusione di Saluzzo: inaugurata la Sezione \u201cUnito\u201d - Fondazione Compagnia di San Paolo\",\"isPartOf\":{\"@id\":\"https:\\\/\\\/www.compagniadisanpaolo.it\\\/it\\\/#website\"},\"primaryImageOfPage\":{\"@id\":\"https:\\\/\\\/www.compagniadisanpaolo.it\\\/it\\\/news\\\/casa-di-reclusione-di-saluzzo-inaugurata-la-sezione-unito\\\/#primaryimage\"},\"image\":{\"@id\":\"https:\\\/\\\/www.compagniadisanpaolo.it\\\/it\\\/news\\\/casa-di-reclusione-di-saluzzo-inaugurata-la-sezione-unito\\\/#primaryimage\"},\"thumbnailUrl\":\"https:\\\/\\\/www.compagniadisanpaolo.it\\\/wp-content\\\/uploads\\\/saluzzo-head.jpg\",\"datePublished\":\"2022-07-01T08:28:06+00:00\",\"description\":\"Sostenuto dalla Fondazione Compagnia di San Paolo, il progetto rientra nel Polo Universitario per Detenuti dell\u2019Universit\u00e0 di Torino\",\"breadcrumb\":{\"@id\":\"https:\\\/\\\/www.compagniadisanpaolo.it\\\/it\\\/news\\\/casa-di-reclusione-di-saluzzo-inaugurata-la-sezione-unito\\\/#breadcrumb\"},\"inLanguage\":\"it-IT\",\"potentialAction\":[{\"@type\":\"ReadAction\",\"target\":[\"https:\\\/\\\/www.compagniadisanpaolo.it\\\/it\\\/news\\\/casa-di-reclusione-di-saluzzo-inaugurata-la-sezione-unito\\\/\"]}]},{\"@type\":\"ImageObject\",\"inLanguage\":\"it-IT\",\"@id\":\"https:\\\/\\\/www.compagniadisanpaolo.it\\\/it\\\/news\\\/casa-di-reclusione-di-saluzzo-inaugurata-la-sezione-unito\\\/#primaryimage\",\"url\":\"https:\\\/\\\/www.compagniadisanpaolo.it\\\/wp-content\\\/uploads\\\/saluzzo-head.jpg\",\"contentUrl\":\"https:\\\/\\\/www.compagniadisanpaolo.it\\\/wp-content\\\/uploads\\\/saluzzo-head.jpg\",\"width\":815,\"height\":350},{\"@type\":\"BreadcrumbList\",\"@id\":\"https:\\\/\\\/www.compagniadisanpaolo.it\\\/it\\\/news\\\/casa-di-reclusione-di-saluzzo-inaugurata-la-sezione-unito\\\/#breadcrumb\",\"itemListElement\":[{\"@type\":\"ListItem\",\"position\":1,\"name\":\"Home\",\"item\":\"https:\\\/\\\/www.compagniadisanpaolo.it\\\/it\\\/\"},{\"@type\":\"ListItem\",\"position\":2,\"name\":\"Casa di Reclusione di Saluzzo: inaugurata la Sezione \u201cUnito\u201d\"}]},{\"@type\":\"WebSite\",\"@id\":\"https:\\\/\\\/www.compagniadisanpaolo.it\\\/it\\\/#website\",\"url\":\"https:\\\/\\\/www.compagniadisanpaolo.it\\\/it\\\/\",\"name\":\"Fondazione Compagnia di San Paolo\",\"description\":\"\",\"publisher\":{\"@id\":\"https:\\\/\\\/www.compagniadisanpaolo.it\\\/it\\\/#organization\"},\"potentialAction\":[{\"@type\":\"SearchAction\",\"target\":{\"@type\":\"EntryPoint\",\"urlTemplate\":\"https:\\\/\\\/www.compagniadisanpaolo.it\\\/it\\\/?s={search_term_string}\"},\"query-input\":{\"@type\":\"PropertyValueSpecification\",\"valueRequired\":true,\"valueName\":\"search_term_string\"}}],\"inLanguage\":\"it-IT\"},{\"@type\":\"Organization\",\"@id\":\"https:\\\/\\\/www.compagniadisanpaolo.it\\\/it\\\/#organization\",\"name\":\"Fondazione Compagnia di San Paolo\",\"url\":\"https:\\\/\\\/www.compagniadisanpaolo.it\\\/it\\\/\",\"logo\":{\"@type\":\"ImageObject\",\"inLanguage\":\"it-IT\",\"@id\":\"https:\\\/\\\/www.compagniadisanpaolo.it\\\/it\\\/#\\\/schema\\\/logo\\\/image\\\/\",\"url\":\"https:\\\/\\\/www.compagniadisanpaolo.it\\\/wp-content\\\/uploads\\\/logo.svg\",\"contentUrl\":\"https:\\\/\\\/www.compagniadisanpaolo.it\\\/wp-content\\\/uploads\\\/logo.svg\",\"width\":769,\"height\":323,\"caption\":\"Fondazione Compagnia di San Paolo\"},\"image\":{\"@id\":\"https:\\\/\\\/www.compagniadisanpaolo.it\\\/it\\\/#\\\/schema\\\/logo\\\/image\\\/\"},\"sameAs\":[\"https:\\\/\\\/www.facebook.com\\\/CompagniaDiSanPaolo\",\"https:\\\/\\\/x.com\\\/CSP_live\",\"http:\\\/\\\/instagram.com\\\/compagniadisanpaolo?ref=badge\",\"https:\\\/\\\/www.linkedin.com\\\/company\\\/compagnia-di-san-paolo\",\"https:\\\/\\\/www.youtube.com\\\/user\\\/compagniadisanpaolo\",\"https:\\\/\\\/it.wikipedia.org\\\/wiki\\\/Compagnia_di_San_Paolo\"]},{\"@type\":\"Person\",\"@id\":\"https:\\\/\\\/www.compagniadisanpaolo.it\\\/it\\\/#\\\/schema\\\/person\\\/b7d5451541c25c82f29c5be1e78456b2\",\"name\":\"Federica\",\"image\":{\"@type\":\"ImageObject\",\"inLanguage\":\"it-IT\",\"@id\":\"https:\\\/\\\/secure.gravatar.com\\\/avatar\\\/b5698fa13ac389b1f1fb1263a4626e219d853d7ccf112e854aea8c9c087d24ae?s=96&d=mm&r=g\",\"url\":\"https:\\\/\\\/secure.gravatar.com\\\/avatar\\\/b5698fa13ac389b1f1fb1263a4626e219d853d7ccf112e854aea8c9c087d24ae?s=96&d=mm&r=g\",\"contentUrl\":\"https:\\\/\\\/secure.gravatar.com\\\/avatar\\\/b5698fa13ac389b1f1fb1263a4626e219d853d7ccf112e854aea8c9c087d24ae?s=96&d=mm&r=g\",\"caption\":\"Federica\"}}]}<\/script>\n<!-- \/ Yoast SEO plugin. -->","yoast_head_json":{"title":"Casa di Reclusione di Saluzzo: inaugurata la Sezione \u201cUnito\u201d - Fondazione Compagnia di San Paolo","description":"Sostenuto dalla Fondazione Compagnia di San Paolo, il progetto rientra nel Polo Universitario per Detenuti dell\u2019Universit\u00e0 di Torino","robots":{"index":"index","follow":"follow","max-snippet":"max-snippet:-1","max-image-preview":"max-image-preview:large","max-video-preview":"max-video-preview:-1"},"canonical":"https:\/\/www.compagniadisanpaolo.it\/it\/news\/casa-di-reclusione-di-saluzzo-inaugurata-la-sezione-unito\/","og_locale":"it_IT","og_type":"article","og_title":"Casa di Reclusione di Saluzzo: inaugurata la Sezione \u201cUnito\u201d - Fondazione Compagnia di San Paolo","og_description":"Sostenuto dalla Fondazione Compagnia di San Paolo, il progetto rientra nel Polo Universitario per Detenuti dell\u2019Universit\u00e0 di Torino","og_url":"https:\/\/www.compagniadisanpaolo.it\/it\/news\/casa-di-reclusione-di-saluzzo-inaugurata-la-sezione-unito\/","og_site_name":"Fondazione Compagnia di San Paolo","article_publisher":"https:\/\/www.facebook.com\/CompagniaDiSanPaolo","article_published_time":"2022-07-01T08:28:06+00:00","og_image":[{"width":815,"height":350,"url":"https:\/\/www.compagniadisanpaolo.it\/wp-content\/uploads\/saluzzo-head.jpg","type":"image\/jpeg"}],"author":"Federica","twitter_card":"summary_large_image","twitter_creator":"@CSP_live","twitter_site":"@CSP_live","twitter_misc":{"Scritto da":"Federica","Tempo di lettura stimato":"3 minuti"},"schema":{"@context":"https:\/\/schema.org","@graph":[{"@type":"Article","@id":"https:\/\/www.compagniadisanpaolo.it\/it\/news\/casa-di-reclusione-di-saluzzo-inaugurata-la-sezione-unito\/#article","isPartOf":{"@id":"https:\/\/www.compagniadisanpaolo.it\/it\/news\/casa-di-reclusione-di-saluzzo-inaugurata-la-sezione-unito\/"},"author":{"name":"Federica","@id":"https:\/\/www.compagniadisanpaolo.it\/it\/#\/schema\/person\/b7d5451541c25c82f29c5be1e78456b2"},"headline":"Casa di Reclusione di Saluzzo: inaugurata la Sezione \u201cUnito\u201d","datePublished":"2022-07-01T08:28:06+00:00","mainEntityOfPage":{"@id":"https:\/\/www.compagniadisanpaolo.it\/it\/news\/casa-di-reclusione-di-saluzzo-inaugurata-la-sezione-unito\/"},"wordCount":600,"publisher":{"@id":"https:\/\/www.compagniadisanpaolo.it\/it\/#organization"},"image":{"@id":"https:\/\/www.compagniadisanpaolo.it\/it\/news\/casa-di-reclusione-di-saluzzo-inaugurata-la-sezione-unito\/#primaryimage"},"thumbnailUrl":"https:\/\/www.compagniadisanpaolo.it\/wp-content\/uploads\/saluzzo-head.jpg","keywords":["comunit\u00e0 educanti","formazione","piena cittadinanza e diritti"],"articleSection":["News"],"inLanguage":"it-IT"},{"@type":"WebPage","@id":"https:\/\/www.compagniadisanpaolo.it\/it\/news\/casa-di-reclusione-di-saluzzo-inaugurata-la-sezione-unito\/","url":"https:\/\/www.compagniadisanpaolo.it\/it\/news\/casa-di-reclusione-di-saluzzo-inaugurata-la-sezione-unito\/","name":"Casa di Reclusione di Saluzzo: inaugurata la Sezione \u201cUnito\u201d - Fondazione Compagnia di San Paolo","isPartOf":{"@id":"https:\/\/www.compagniadisanpaolo.it\/it\/#website"},"primaryImageOfPage":{"@id":"https:\/\/www.compagniadisanpaolo.it\/it\/news\/casa-di-reclusione-di-saluzzo-inaugurata-la-sezione-unito\/#primaryimage"},"image":{"@id":"https:\/\/www.compagniadisanpaolo.it\/it\/news\/casa-di-reclusione-di-saluzzo-inaugurata-la-sezione-unito\/#primaryimage"},"thumbnailUrl":"https:\/\/www.compagniadisanpaolo.it\/wp-content\/uploads\/saluzzo-head.jpg","datePublished":"2022-07-01T08:28:06+00:00","description":"Sostenuto dalla Fondazione Compagnia di San Paolo, il progetto rientra nel Polo Universitario per Detenuti dell\u2019Universit\u00e0 di Torino","breadcrumb":{"@id":"https:\/\/www.compagniadisanpaolo.it\/it\/news\/casa-di-reclusione-di-saluzzo-inaugurata-la-sezione-unito\/#breadcrumb"},"inLanguage":"it-IT","potentialAction":[{"@type":"ReadAction","target":["https:\/\/www.compagniadisanpaolo.it\/it\/news\/casa-di-reclusione-di-saluzzo-inaugurata-la-sezione-unito\/"]}]},{"@type":"ImageObject","inLanguage":"it-IT","@id":"https:\/\/www.compagniadisanpaolo.it\/it\/news\/casa-di-reclusione-di-saluzzo-inaugurata-la-sezione-unito\/#primaryimage","url":"https:\/\/www.compagniadisanpaolo.it\/wp-content\/uploads\/saluzzo-head.jpg","contentUrl":"https:\/\/www.compagniadisanpaolo.it\/wp-content\/uploads\/saluzzo-head.jpg","width":815,"height":350},{"@type":"BreadcrumbList","@id":"https:\/\/www.compagniadisanpaolo.it\/it\/news\/casa-di-reclusione-di-saluzzo-inaugurata-la-sezione-unito\/#breadcrumb","itemListElement":[{"@type":"ListItem","position":1,"name":"Home","item":"https:\/\/www.compagniadisanpaolo.it\/it\/"},{"@type":"ListItem","position":2,"name":"Casa di Reclusione di Saluzzo: inaugurata la Sezione \u201cUnito\u201d"}]},{"@type":"WebSite","@id":"https:\/\/www.compagniadisanpaolo.it\/it\/#website","url":"https:\/\/www.compagniadisanpaolo.it\/it\/","name":"Fondazione Compagnia di San Paolo","description":"","publisher":{"@id":"https:\/\/www.compagniadisanpaolo.it\/it\/#organization"},"potentialAction":[{"@type":"SearchAction","target":{"@type":"EntryPoint","urlTemplate":"https:\/\/www.compagniadisanpaolo.it\/it\/?s={search_term_string}"},"query-input":{"@type":"PropertyValueSpecification","valueRequired":true,"valueName":"search_term_string"}}],"inLanguage":"it-IT"},{"@type":"Organization","@id":"https:\/\/www.compagniadisanpaolo.it\/it\/#organization","name":"Fondazione Compagnia di San Paolo","url":"https:\/\/www.compagniadisanpaolo.it\/it\/","logo":{"@type":"ImageObject","inLanguage":"it-IT","@id":"https:\/\/www.compagniadisanpaolo.it\/it\/#\/schema\/logo\/image\/","url":"https:\/\/www.compagniadisanpaolo.it\/wp-content\/uploads\/logo.svg","contentUrl":"https:\/\/www.compagniadisanpaolo.it\/wp-content\/uploads\/logo.svg","width":769,"height":323,"caption":"Fondazione Compagnia di San Paolo"},"image":{"@id":"https:\/\/www.compagniadisanpaolo.it\/it\/#\/schema\/logo\/image\/"},"sameAs":["https:\/\/www.facebook.com\/CompagniaDiSanPaolo","https:\/\/x.com\/CSP_live","http:\/\/instagram.com\/compagniadisanpaolo?ref=badge","https:\/\/www.linkedin.com\/company\/compagnia-di-san-paolo","https:\/\/www.youtube.com\/user\/compagniadisanpaolo","https:\/\/it.wikipedia.org\/wiki\/Compagnia_di_San_Paolo"]},{"@type":"Person","@id":"https:\/\/www.compagniadisanpaolo.it\/it\/#\/schema\/person\/b7d5451541c25c82f29c5be1e78456b2","name":"Federica","image":{"@type":"ImageObject","inLanguage":"it-IT","@id":"https:\/\/secure.gravatar.com\/avatar\/b5698fa13ac389b1f1fb1263a4626e219d853d7ccf112e854aea8c9c087d24ae?s=96&d=mm&r=g","url":"https:\/\/secure.gravatar.com\/avatar\/b5698fa13ac389b1f1fb1263a4626e219d853d7ccf112e854aea8c9c087d24ae?s=96&d=mm&r=g","contentUrl":"https:\/\/secure.gravatar.com\/avatar\/b5698fa13ac389b1f1fb1263a4626e219d853d7ccf112e854aea8c9c087d24ae?s=96&d=mm&r=g","caption":"Federica"}}]}},"amp_enabled":true,"_links":{"self":[{"href":"https:\/\/www.compagniadisanpaolo.it\/it\/wp-json\/wp\/v2\/posts\/18904","targetHints":{"allow":["GET"]}}],"collection":[{"href":"https:\/\/www.compagniadisanpaolo.it\/it\/wp-json\/wp\/v2\/posts"}],"about":[{"href":"https:\/\/www.compagniadisanpaolo.it\/it\/wp-json\/wp\/v2\/types\/post"}],"author":[{"embeddable":true,"href":"https:\/\/www.compagniadisanpaolo.it\/it\/wp-json\/wp\/v2\/users\/19"}],"replies":[{"embeddable":true,"href":"https:\/\/www.compagniadisanpaolo.it\/it\/wp-json\/wp\/v2\/comments?post=18904"}],"version-history":[{"count":3,"href":"https:\/\/www.compagniadisanpaolo.it\/it\/wp-json\/wp\/v2\/posts\/18904\/revisions"}],"predecessor-version":[{"id":18919,"href":"https:\/\/www.compagniadisanpaolo.it\/it\/wp-json\/wp\/v2\/posts\/18904\/revisions\/18919"}],"wp:featuredmedia":[{"embeddable":true,"href":"https:\/\/www.compagniadisanpaolo.it\/it\/wp-json\/wp\/v2\/media\/18905"}],"wp:attachment":[{"href":"https:\/\/www.compagniadisanpaolo.it\/it\/wp-json\/wp\/v2\/media?parent=18904"}],"wp:term":[{"taxonomy":"category","embeddable":true,"href":"https:\/\/www.compagniadisanpaolo.it\/it\/wp-json\/wp\/v2\/categories?post=18904"},{"taxonomy":"post_tag","embeddable":true,"href":"https:\/\/www.compagniadisanpaolo.it\/it\/wp-json\/wp\/v2\/tags?post=18904"}],"curies":[{"name":"wp","href":"https:\/\/api.w.org\/{rel}","templated":true}]}}