{"id":18539,"date":"2022-06-08T14:27:04","date_gmt":"2022-06-08T12:27:04","guid":{"rendered":"https:\/\/www.compagniadisanpaolo.it\/?p=18539"},"modified":"2022-06-09T17:00:38","modified_gmt":"2022-06-09T15:00:38","slug":"conclusi-i-lavori-di-restauro-di-palazzo-rosso","status":"publish","type":"post","link":"https:\/\/www.compagniadisanpaolo.it\/it\/news\/conclusi-i-lavori-di-restauro-di-palazzo-rosso\/","title":{"rendered":"Conclusi i lavori di restauro di Palazzo Rosso"},"content":{"rendered":"<div class=\"wpb-content-wrapper\">[vc_row][vc_column][vc_column_text el_class=&#8221;text-headline2&#8243;]Riaprono oggi alla fruizione del pubblico le collezioni conservate a Palazzo Rosso, la seicentesca residenza dei Brignole-Sale nella citt\u00e0 di Genova, patrimonio dell\u2019UNESCO dal 2006. [\/vc_column_text][\/vc_column][\/vc_row][vc_row][vc_column][vc_column_text]\n<div class=\"info-box mission\">\n\t\t<div class=\"info-box-wrap info-box-hor row pb-0\">\n\n\t\t      \n\t\t      <div class=\"spalla col-12 col-md-12\">\n\t\t\t<div class=\"info-box sharing-box\">\n\t\t\t  <span class=\"label\">Condividi:<\/span>\n\t\t\t  <div class=\"social-sharing\">\n\t\t\t    <span class=\"box\">\n\t\t\t      <a class=\"fb\" href=\"https:\/\/www.facebook.com\/sharer.php?u=https:\/\/www.compagniadisanpaolo.it\/it\/news\/conclusi-i-lavori-di-restauro-di-palazzo-rosso\/\" target=\"_blank\">\n\t\t\t\t<span class=\"sr-only\">Facebook<\/span>\n\t\t\t\t<i class=\"fab fa-facebook-f\"><\/i>\n\t\t\t      <\/a>\n\t\t\t    <\/span>\n\t\t\t    \n\t\t\t    <style>\n.twitter, .twitter:hover{\ncolor:#000000 !important;}\n<\/style>\n\n\n\t\t\t    <span class=\"box\">\n\t\t\t      <a class=\"twitter\" href=\"https:\/\/twitter.com\/intent\/tweet?url=https:\/\/www.compagniadisanpaolo.it\/it\/news\/conclusi-i-lavori-di-restauro-di-palazzo-rosso\/\">\n\t\t\t\t<span class=\"sr-only\">Twitter<\/span>\n\t\t\t\t<i class=\"fa-brands fa-x-twitter\"><\/i>\n\t\t\t      <\/a>\n\t\t\t    <\/span>\n\n\t\t\t    \n\t\t\t    <span class=\"box\">\n\t\t\t      <a class=\"linkedin\" href=\"https:\/\/www.linkedin.com\/shareArticle?mini=true&url=https:\/\/www.compagniadisanpaolo.it\/it\/news\/conclusi-i-lavori-di-restauro-di-palazzo-rosso\/\">\n\t\t\t\t<span class=\"sr-only\">Linkedin<\/span>\n\t\t\t\t  <i class=\"fa-brands fa-linkedin-in\"><\/i>\n\t\t\t      <\/a>\n\t\t\t    <\/span>\n\n\t\t\t    <span class=\"box\">\n\t\t\t      <a class=\"whatsapp\" href=\"whatsapp:\/\/send?text=https:\/\/www.compagniadisanpaolo.it\/it\/news\/conclusi-i-lavori-di-restauro-di-palazzo-rosso\/\" data-action=\"share\/whatsapp\/share\">\n\t\t\t\t<span class=\"sr-only\">Whatsapp<\/span>\n\t\t\t\t<i class=\"fa-brands fa-whatsapp\"><\/i>\n\t\t\t      <\/a>\n\t\t\t    <\/span>\n\n\t\t\t    <span class=\"box\">\n\t\t\t      <a class=\"mail\" href=\"mailto:?subject=Conclusi i lavori di restauro di Palazzo Rosso&body=https:\/\/www.compagniadisanpaolo.it\/it\/news\/conclusi-i-lavori-di-restauro-di-palazzo-rosso\/\">\n\t\t\t\t<span class=\"sr-only\">Mail<\/span>\n\t\t\t\t <i class=\"fa-solid fa-envelope\"><\/i>\n\t\t\t      <\/a>\n\t\t\t    <\/span>\n\t\t\t    \n\t\t\t  <\/div>\n\t\t\t<\/div>\n\t      <\/div>\n\t    <\/div><\/div>\n[\/vc_column_text][\/vc_column][\/vc_row][vc_row][vc_column width=&#8221;1\/4&#8243;][vc_column_text]\n\n\n\t\t<div class=\"info-box-wrap\">\n\n\t  <div class=\"info-box date-pub\">\n\t  \t<span class=\"label\">Data di pubblicazione:<\/span>\n\t    <span class=\"value\">8 Giugno 2022<\/span>\n\t  <\/div>\n\t\t\t\t  <div class=\"info-box obj-culture\">\n\t\t\t\t\t  <div class=\"info-box obj\"><span class=\"label\">Obiettivo<\/span>\n\t\t\t\t\t    <div class=\"obj-small-box\">\n\t\t\t\t\t      <span>Cultura.<\/span>\n\t\t\t\t\t    <\/div>\n\t\t\t\t\t  <\/div>\n\t\t\t\t  <\/div>\n\t\t\t  <div class=\"info-box mission\"><span class=\"label\">Tag<\/span><a href=\"https:\/\/www.compagniadisanpaolo.it\/it\/tags\/risultati\/?_sft_post_tag=arte-e-musei\" class=\"tag-element\">Arte e musei<\/a><a href=\"https:\/\/www.compagniadisanpaolo.it\/it\/tags\/risultati\/?_sft_post_tag=conservazione-del-patrimonio\" class=\"tag-element\">Conservazione del patrimonio<\/a><a href=\"https:\/\/www.compagniadisanpaolo.it\/it\/tags\/risultati\/?_sft_post_tag=identita-culturali\" class=\"tag-element\">Identit\u00e0 culturali<\/a><a href=\"https:\/\/www.compagniadisanpaolo.it\/it\/tags\/risultati\/?_sft_post_tag=partnership-con-enti-istituzionali\" class=\"tag-element\">Partnership con enti istituzionali<\/a><\/div>\t  \n\t<\/div>\n[\/vc_column_text][\/vc_column][vc_column width=&#8221;3\/4&#8243; el_class=&#8221;page-content&#8221;][vc_column_text el_class=&#8221;text&#8221;]Dopo una serie di importanti interventi di adeguamento impiantistico e strutturale, riaprono oggi al pubblico le sale di Palazzo Rosso, uno tra i pi\u00f9 importanti musei della citt\u00e0 di Genova.<\/p>\n<p>I lavori, che hanno adeguato la struttura ai vigenti standard di qualit\u00e0 e sicurezza, sono iniziati alla fine del 2019 e sono stati finanziati grazie al \u201cPatto per Genova\u201d.<\/p>\n<p>Tra i sostenitori del progetto anche la Fondazione Compagnia di San Paolo che, nell\u2019ambito del <strong>Protocollo Quadro 2019-20<\/strong> tra la Fondazione e il Comune di Genova, ha finanziato il <strong>restauro della facciata di Palazzo Rosso<\/strong>, <strong>la Sala d\u2019Autunno<\/strong>, <strong>la Loggia delle rovine<\/strong> e ricompreso nell\u2019intervento anche i <strong>giardini<\/strong>, con l\u2019obiettivo di una completa riapertura dell\u2019emergenza architettonica, rendendone la visita pi\u00f9 attrattiva, interessante e ricca.<\/p>\n<p>Dal 2000 il Comune di Genova e la Fondazione Compagnia di San Paolo hanno infatti intrapreso un ambizioso progetto di riqualificazione e valorizzazione di quello che \u00e8 diventato uno dei pi\u00f9 importanti distretti museali del capoluogo ligure, l\u2019antica e spettacolare Strada Nuova, attuale via Garibaldi, in piena coerenza con l\u2019<a href=\"https:\/\/www.compagniadisanpaolo.it\/it\/le-nostre-sfide\/obiettivo-cultura\/\" target=\"_blank\" rel=\"noopener\"><strong>Obiettivo Cultura<\/strong><\/a>\u00a0della Fondazione che si impegna a <strong>preservare e conservare il\u00a0 patrimonio architettonico e artistico<\/strong>, nella convinzione che rappresenti una risorsa fondamentale del territorio e che meriti non solo grande attenzione, ma anche politiche di investimento di medio e lungo periodo.<\/p>\n<p>Tra i lavori realizzati a Palazzo Rosso anche l\u2019ammodernamento tecnologico e la messa a norma degli impianti, con <strong>adeguamenti necessari per l\u2019utilizzo delle reti informatiche<\/strong> che, nei musei moderni, permettono di offrire ai visitatori esperienze di visita del tutto differenti rispetto al passato. Per la nuova progettazione degli impianti \u00e8 stata dedicata particolare attenzione a trovare soluzioni che non danneggiassero l\u2019apparato decorativo parietale del secondo piano nobile e i pavimenti di marmo, avendo il progetto tra le sue finalit\u00e0 proprio il <strong>totale rispetto delle caratteristiche storiche del complesso e degli interventi eseguiti negli anni \u201850<\/strong> ad opera dell\u2019architetto <strong>Franco Albini<\/strong>.<\/p>\n<p>Accanto agli interventi impiantistici e tecnologici, sono state realizzate due importantissime operazioni conservative ovvero: il restauro della Sala della Grotta del secondo piano ammezzato con la sua \u201calcova\u201d, che rappresenta un vero e proprio unicum fra gli interni dei palazzi genovesi e <strong>che viene ora aperto al pubblico <\/strong>e il <strong>restauro della volta della Sala della Primavera<\/strong>, affrescata da Gregorio De Ferrari, un autentico capolavoro della grande decorazione genovese barocca.<\/p>\n<p>Leggi il comunicato stampa completo a <strong><a href=\"https:\/\/www.compagniadisanpaolo.it\/it\/documenti\/riapertura-palazzo-rosso-comunicato-stampa\/\" target=\"_blank\" rel=\"noopener\">questo link<\/a><\/strong>.[\/vc_column_text][\/vc_column][\/vc_row][vc_row el_class=&#8221;sdg-list-wrap&#8221;][vc_column][vc_raw_html]JTVCbW9zdHJhU0RHUyU1RA==[\/vc_raw_html][\/vc_column][\/vc_row][vc_row el_class=&#8221;sdg-list-wrap&#8221;][vc_column][vc_raw_html]JTVCU2V6aW9uZV9Eb2N1bWVudGklNUQ=[\/vc_raw_html][\/vc_column][\/vc_row][vc_row][vc_column]<div class=\"templatera_shortcode\"><div data-vc-full-width=\"true\" data-vc-full-width-temp=\"true\" data-vc-full-width-init=\"false\" class=\"vc_row wpb_row vc_row-fluid newsletter-wrap\"><div class=\"wpb_column vc_column_container vc_col-sm-12\"><div class=\"vc_column-inner\"><div class=\"wpb_wrapper\">\n\t<div class=\"wpb_raw_code wpb_raw_html wpb_content_element\" >\n\t\t<div class=\"wpb_wrapper\">\n\t\t\t    <div class=\"container\">\n      <div class=\"row align-items-center\">\n\t<div class=\"col-12 col-lg-6 col-xl-5 mb-3 mb-lg-0 pr-0\">\n\t  <h2 class=\"title\">Rimani aggiornato sui nostri bandi e sui nostri progetti<\/h2>\n\t<\/div>\n\t<div class=\"col-12 col-lg-6 col-xl-7 pl-xl-4\">\n\t  <a class=\"standard-link-block\" href=\"\/it\/newsletter\/\">\n\t    Compila il form e decidi su quale argomento vuoi ricevere notizie.\t    <strong>\u00a0 ISCRIVITI!<\/strong>\n\t  <\/a>\n\t<\/div>\n      <\/div>\n    <\/div>\n\t\t<\/div>\n\t<\/div>\n<\/div><\/div><\/div><\/div><div class=\"vc_row-full-width vc_clearfix\"><\/div><\/div>[\/vc_column][\/vc_row]\n<\/div>","protected":false},"excerpt":{"rendered":"Riaprono oggi alla fruizione del pubblico le collezioni conservate a Palazzo Rosso, la seicentesca residenza dei Brignole-Sale nella citt\u00e0 di Genova, patrimonio dell\u2019UNESCO dal 2006. Condividi: Facebook Twitter Linkedin Whatsapp Mail Data di pubblicazione: 8 Giugno 2022 Obiettivo Cultura. TagArte e museiConservazione del patrimonioIdentit\u00e0 culturaliPartnership con enti istituzionali Dopo una serie di importanti interventi di adeguamento impiantistico e strutturale, riaprono oggi al pubblico le sale di Palazzo Rosso, uno tra i pi\u00f9 importanti musei della citt\u00e0 di Genova. I lavori, che hanno adeguato la struttura ai vigenti standard di qualit\u00e0 e sicurezza, sono iniziati alla fine del 2019 e sono stati finanziati grazie al \u201cPatto per Genova\u201d. Tra i sostenitori del progetto anche la Fondazione Compagnia di San Paolo che, nell\u2019ambito del Protocollo Quadro 2019-20 tra la Fondazione e il Comune di Genova, ha finanziato il restauro della facciata di Palazzo Rosso, la Sala d\u2019Autunno, la Loggia delle rovine e ricompreso nell\u2019intervento anche i giardini, con l\u2019obiettivo di una completa riapertura dell\u2019emergenza architettonica, rendendone la visita pi\u00f9 attrattiva, interessante e ricca. Dal 2000 il Comune di Genova e la Fondazione Compagnia di San Paolo hanno infatti intrapreso un ambizioso progetto di riqualificazione e valorizzazione di quello che \u00e8 diventato uno dei pi\u00f9 importanti distretti museali del capoluogo ligure, l\u2019antica e spettacolare Strada Nuova, attuale via Garibaldi, in piena coerenza con l\u2019Obiettivo Cultura\u00a0della Fondazione che si impegna a preservare e conservare il\u00a0 patrimonio architettonico e artistico, nella convinzione che rappresenti una risorsa fondamentale del territorio e che meriti non solo grande attenzione, ma anche politiche di investimento di medio e lungo periodo. Tra i lavori realizzati a Palazzo Rosso anche l\u2019ammodernamento tecnologico e la messa a norma degli impianti, con adeguamenti necessari per l\u2019utilizzo delle reti informatiche che, nei musei moderni, permettono di offrire ai visitatori esperienze di visita del tutto differenti rispetto al passato. Per la nuova progettazione degli impianti \u00e8 stata dedicata particolare attenzione a trovare soluzioni che non danneggiassero l\u2019apparato decorativo parietale del secondo piano nobile e i pavimenti di marmo, avendo il progetto tra le sue finalit\u00e0 proprio il totale rispetto delle caratteristiche storiche del complesso e degli interventi eseguiti negli anni \u201850 ad opera dell\u2019architetto Franco Albini. Accanto agli interventi impiantistici e tecnologici, sono state realizzate due importantissime operazioni conservative ovvero: il restauro della Sala della Grotta del secondo piano ammezzato con la sua \u201calcova\u201d, che rappresenta un vero e proprio unicum fra gli interni dei palazzi genovesi e che viene ora aperto al pubblico e il restauro della volta della Sala della Primavera, affrescata da Gregorio De Ferrari, un autentico capolavoro della grande decorazione genovese barocca. Leggi il comunicato stampa completo a questo link. Questa iniziativa contribuisce al raggiungimento dei seguenti Obiettivi di Sviluppo Sostenibile Documenti di riferimento Riapertura Palazzo Rosso - Comunicato stampa Scarica il documento Riapertura Palazzo Rosso - Relazione sintetica e documentazione fotografica sulle attivit\u00e0 di restauro e adeguamento normativo Scarica il documento Rimani aggiornato sui nostri bandi e sui nostri progetti Compila il form e decidi su quale argomento vuoi ricevere notizie. \u00a0 ISCRIVITI!","protected":false},"author":19,"featured_media":18583,"comment_status":"closed","ping_status":"closed","sticky":false,"template":"","format":"standard","meta":{"_acf_changed":false,"content-type":"","footnotes":""},"categories":[17],"tags":[87,91,94,62],"class_list":["post-18539","post","type-post","status-publish","format-standard","has-post-thumbnail","hentry","category-news","tag-arte-e-musei","tag-conservazione-del-patrimonio","tag-identita-culturali","tag-partnership-con-enti-istituzionali","entry","post-inner"],"acf":[],"yoast_head":"<!-- This site is optimized with the Yoast SEO plugin v27.3 - https:\/\/yoast.com\/product\/yoast-seo-wordpress\/ -->\n<title>Conclusi i lavori di restauro di Palazzo Rosso - Fondazione Compagnia di San Paolo<\/title>\n<meta name=\"description\" content=\"Riaprono oggi alla fruizione del pubblico le collezioni conservate a Palazzo Rosso, la seicentesca residenza dei Brignole-Sale nella citt\u00e0 di Genova\" \/>\n<meta name=\"robots\" content=\"index, follow, max-snippet:-1, max-image-preview:large, max-video-preview:-1\" \/>\n<link rel=\"canonical\" href=\"https:\/\/www.compagniadisanpaolo.it\/it\/news\/conclusi-i-lavori-di-restauro-di-palazzo-rosso\/\" \/>\n<meta property=\"og:locale\" content=\"it_IT\" \/>\n<meta property=\"og:type\" content=\"article\" \/>\n<meta property=\"og:title\" content=\"Conclusi i lavori di restauro di Palazzo Rosso - Fondazione Compagnia di San Paolo\" \/>\n<meta property=\"og:description\" content=\"Riaprono oggi alla fruizione del pubblico le collezioni conservate a Palazzo Rosso, la seicentesca residenza dei Brignole-Sale nella citt\u00e0 di Genova\" \/>\n<meta property=\"og:url\" content=\"https:\/\/www.compagniadisanpaolo.it\/it\/news\/conclusi-i-lavori-di-restauro-di-palazzo-rosso\/\" \/>\n<meta property=\"og:site_name\" content=\"Fondazione Compagnia di San Paolo\" \/>\n<meta property=\"article:publisher\" content=\"https:\/\/www.facebook.com\/CompagniaDiSanPaolo\" \/>\n<meta property=\"article:published_time\" content=\"2022-06-08T12:27:04+00:00\" \/>\n<meta property=\"article:modified_time\" content=\"2022-06-09T15:00:38+00:00\" \/>\n<meta property=\"og:image\" content=\"https:\/\/www.compagniadisanpaolo.it\/wp-content\/uploads\/header-palazzo-rosso-v2.jpg\" \/>\n\t<meta property=\"og:image:width\" content=\"815\" \/>\n\t<meta property=\"og:image:height\" content=\"350\" \/>\n\t<meta property=\"og:image:type\" content=\"image\/jpeg\" \/>\n<meta name=\"author\" content=\"Federica\" \/>\n<meta name=\"twitter:card\" content=\"summary_large_image\" \/>\n<meta name=\"twitter:creator\" content=\"@CSP_live\" \/>\n<meta name=\"twitter:site\" content=\"@CSP_live\" \/>\n<meta name=\"twitter:label1\" content=\"Scritto da\" \/>\n\t<meta name=\"twitter:data1\" content=\"Federica\" \/>\n\t<meta name=\"twitter:label2\" content=\"Tempo di lettura stimato\" \/>\n\t<meta name=\"twitter:data2\" content=\"3 minuti\" \/>\n<script type=\"application\/ld+json\" class=\"yoast-schema-graph\">{\"@context\":\"https:\\\/\\\/schema.org\",\"@graph\":[{\"@type\":\"Article\",\"@id\":\"https:\\\/\\\/www.compagniadisanpaolo.it\\\/it\\\/news\\\/conclusi-i-lavori-di-restauro-di-palazzo-rosso\\\/#article\",\"isPartOf\":{\"@id\":\"https:\\\/\\\/www.compagniadisanpaolo.it\\\/it\\\/news\\\/conclusi-i-lavori-di-restauro-di-palazzo-rosso\\\/\"},\"author\":{\"name\":\"Federica\",\"@id\":\"https:\\\/\\\/www.compagniadisanpaolo.it\\\/it\\\/#\\\/schema\\\/person\\\/b7d5451541c25c82f29c5be1e78456b2\"},\"headline\":\"Conclusi i lavori di restauro di Palazzo Rosso\",\"datePublished\":\"2022-06-08T12:27:04+00:00\",\"dateModified\":\"2022-06-09T15:00:38+00:00\",\"mainEntityOfPage\":{\"@id\":\"https:\\\/\\\/www.compagniadisanpaolo.it\\\/it\\\/news\\\/conclusi-i-lavori-di-restauro-di-palazzo-rosso\\\/\"},\"wordCount\":552,\"publisher\":{\"@id\":\"https:\\\/\\\/www.compagniadisanpaolo.it\\\/it\\\/#organization\"},\"image\":{\"@id\":\"https:\\\/\\\/www.compagniadisanpaolo.it\\\/it\\\/news\\\/conclusi-i-lavori-di-restauro-di-palazzo-rosso\\\/#primaryimage\"},\"thumbnailUrl\":\"https:\\\/\\\/www.compagniadisanpaolo.it\\\/wp-content\\\/uploads\\\/header-palazzo-rosso-v2.jpg\",\"keywords\":[\"arte e musei\",\"conservazione del patrimonio\",\"identit\u00e0 culturali\",\"partnership con enti istituzionali\"],\"articleSection\":[\"News\"],\"inLanguage\":\"it-IT\"},{\"@type\":\"WebPage\",\"@id\":\"https:\\\/\\\/www.compagniadisanpaolo.it\\\/it\\\/news\\\/conclusi-i-lavori-di-restauro-di-palazzo-rosso\\\/\",\"url\":\"https:\\\/\\\/www.compagniadisanpaolo.it\\\/it\\\/news\\\/conclusi-i-lavori-di-restauro-di-palazzo-rosso\\\/\",\"name\":\"Conclusi i lavori di restauro di Palazzo Rosso - Fondazione Compagnia di San Paolo\",\"isPartOf\":{\"@id\":\"https:\\\/\\\/www.compagniadisanpaolo.it\\\/it\\\/#website\"},\"primaryImageOfPage\":{\"@id\":\"https:\\\/\\\/www.compagniadisanpaolo.it\\\/it\\\/news\\\/conclusi-i-lavori-di-restauro-di-palazzo-rosso\\\/#primaryimage\"},\"image\":{\"@id\":\"https:\\\/\\\/www.compagniadisanpaolo.it\\\/it\\\/news\\\/conclusi-i-lavori-di-restauro-di-palazzo-rosso\\\/#primaryimage\"},\"thumbnailUrl\":\"https:\\\/\\\/www.compagniadisanpaolo.it\\\/wp-content\\\/uploads\\\/header-palazzo-rosso-v2.jpg\",\"datePublished\":\"2022-06-08T12:27:04+00:00\",\"dateModified\":\"2022-06-09T15:00:38+00:00\",\"description\":\"Riaprono oggi alla fruizione del pubblico le collezioni conservate a Palazzo Rosso, la seicentesca residenza dei Brignole-Sale nella citt\u00e0 di Genova\",\"breadcrumb\":{\"@id\":\"https:\\\/\\\/www.compagniadisanpaolo.it\\\/it\\\/news\\\/conclusi-i-lavori-di-restauro-di-palazzo-rosso\\\/#breadcrumb\"},\"inLanguage\":\"it-IT\",\"potentialAction\":[{\"@type\":\"ReadAction\",\"target\":[\"https:\\\/\\\/www.compagniadisanpaolo.it\\\/it\\\/news\\\/conclusi-i-lavori-di-restauro-di-palazzo-rosso\\\/\"]}]},{\"@type\":\"ImageObject\",\"inLanguage\":\"it-IT\",\"@id\":\"https:\\\/\\\/www.compagniadisanpaolo.it\\\/it\\\/news\\\/conclusi-i-lavori-di-restauro-di-palazzo-rosso\\\/#primaryimage\",\"url\":\"https:\\\/\\\/www.compagniadisanpaolo.it\\\/wp-content\\\/uploads\\\/header-palazzo-rosso-v2.jpg\",\"contentUrl\":\"https:\\\/\\\/www.compagniadisanpaolo.it\\\/wp-content\\\/uploads\\\/header-palazzo-rosso-v2.jpg\",\"width\":815,\"height\":350},{\"@type\":\"BreadcrumbList\",\"@id\":\"https:\\\/\\\/www.compagniadisanpaolo.it\\\/it\\\/news\\\/conclusi-i-lavori-di-restauro-di-palazzo-rosso\\\/#breadcrumb\",\"itemListElement\":[{\"@type\":\"ListItem\",\"position\":1,\"name\":\"Home\",\"item\":\"https:\\\/\\\/www.compagniadisanpaolo.it\\\/it\\\/\"},{\"@type\":\"ListItem\",\"position\":2,\"name\":\"Conclusi i lavori di restauro di Palazzo Rosso\"}]},{\"@type\":\"WebSite\",\"@id\":\"https:\\\/\\\/www.compagniadisanpaolo.it\\\/it\\\/#website\",\"url\":\"https:\\\/\\\/www.compagniadisanpaolo.it\\\/it\\\/\",\"name\":\"Fondazione Compagnia di San Paolo\",\"description\":\"\",\"publisher\":{\"@id\":\"https:\\\/\\\/www.compagniadisanpaolo.it\\\/it\\\/#organization\"},\"potentialAction\":[{\"@type\":\"SearchAction\",\"target\":{\"@type\":\"EntryPoint\",\"urlTemplate\":\"https:\\\/\\\/www.compagniadisanpaolo.it\\\/it\\\/?s={search_term_string}\"},\"query-input\":{\"@type\":\"PropertyValueSpecification\",\"valueRequired\":true,\"valueName\":\"search_term_string\"}}],\"inLanguage\":\"it-IT\"},{\"@type\":\"Organization\",\"@id\":\"https:\\\/\\\/www.compagniadisanpaolo.it\\\/it\\\/#organization\",\"name\":\"Fondazione Compagnia di San Paolo\",\"url\":\"https:\\\/\\\/www.compagniadisanpaolo.it\\\/it\\\/\",\"logo\":{\"@type\":\"ImageObject\",\"inLanguage\":\"it-IT\",\"@id\":\"https:\\\/\\\/www.compagniadisanpaolo.it\\\/it\\\/#\\\/schema\\\/logo\\\/image\\\/\",\"url\":\"https:\\\/\\\/www.compagniadisanpaolo.it\\\/wp-content\\\/uploads\\\/logo.svg\",\"contentUrl\":\"https:\\\/\\\/www.compagniadisanpaolo.it\\\/wp-content\\\/uploads\\\/logo.svg\",\"width\":769,\"height\":323,\"caption\":\"Fondazione Compagnia di San Paolo\"},\"image\":{\"@id\":\"https:\\\/\\\/www.compagniadisanpaolo.it\\\/it\\\/#\\\/schema\\\/logo\\\/image\\\/\"},\"sameAs\":[\"https:\\\/\\\/www.facebook.com\\\/CompagniaDiSanPaolo\",\"https:\\\/\\\/x.com\\\/CSP_live\",\"http:\\\/\\\/instagram.com\\\/compagniadisanpaolo?ref=badge\",\"https:\\\/\\\/www.linkedin.com\\\/company\\\/compagnia-di-san-paolo\",\"https:\\\/\\\/www.youtube.com\\\/user\\\/compagniadisanpaolo\",\"https:\\\/\\\/it.wikipedia.org\\\/wiki\\\/Compagnia_di_San_Paolo\"]},{\"@type\":\"Person\",\"@id\":\"https:\\\/\\\/www.compagniadisanpaolo.it\\\/it\\\/#\\\/schema\\\/person\\\/b7d5451541c25c82f29c5be1e78456b2\",\"name\":\"Federica\",\"image\":{\"@type\":\"ImageObject\",\"inLanguage\":\"it-IT\",\"@id\":\"https:\\\/\\\/secure.gravatar.com\\\/avatar\\\/b5698fa13ac389b1f1fb1263a4626e219d853d7ccf112e854aea8c9c087d24ae?s=96&d=mm&r=g\",\"url\":\"https:\\\/\\\/secure.gravatar.com\\\/avatar\\\/b5698fa13ac389b1f1fb1263a4626e219d853d7ccf112e854aea8c9c087d24ae?s=96&d=mm&r=g\",\"contentUrl\":\"https:\\\/\\\/secure.gravatar.com\\\/avatar\\\/b5698fa13ac389b1f1fb1263a4626e219d853d7ccf112e854aea8c9c087d24ae?s=96&d=mm&r=g\",\"caption\":\"Federica\"}}]}<\/script>\n<!-- \/ Yoast SEO plugin. -->","yoast_head_json":{"title":"Conclusi i lavori di restauro di Palazzo Rosso - Fondazione Compagnia di San Paolo","description":"Riaprono oggi alla fruizione del pubblico le collezioni conservate a Palazzo Rosso, la seicentesca residenza dei Brignole-Sale nella citt\u00e0 di Genova","robots":{"index":"index","follow":"follow","max-snippet":"max-snippet:-1","max-image-preview":"max-image-preview:large","max-video-preview":"max-video-preview:-1"},"canonical":"https:\/\/www.compagniadisanpaolo.it\/it\/news\/conclusi-i-lavori-di-restauro-di-palazzo-rosso\/","og_locale":"it_IT","og_type":"article","og_title":"Conclusi i lavori di restauro di Palazzo Rosso - Fondazione Compagnia di San Paolo","og_description":"Riaprono oggi alla fruizione del pubblico le collezioni conservate a Palazzo Rosso, la seicentesca residenza dei Brignole-Sale nella citt\u00e0 di Genova","og_url":"https:\/\/www.compagniadisanpaolo.it\/it\/news\/conclusi-i-lavori-di-restauro-di-palazzo-rosso\/","og_site_name":"Fondazione Compagnia di San Paolo","article_publisher":"https:\/\/www.facebook.com\/CompagniaDiSanPaolo","article_published_time":"2022-06-08T12:27:04+00:00","article_modified_time":"2022-06-09T15:00:38+00:00","og_image":[{"width":815,"height":350,"url":"https:\/\/www.compagniadisanpaolo.it\/wp-content\/uploads\/header-palazzo-rosso-v2.jpg","type":"image\/jpeg"}],"author":"Federica","twitter_card":"summary_large_image","twitter_creator":"@CSP_live","twitter_site":"@CSP_live","twitter_misc":{"Scritto da":"Federica","Tempo di lettura stimato":"3 minuti"},"schema":{"@context":"https:\/\/schema.org","@graph":[{"@type":"Article","@id":"https:\/\/www.compagniadisanpaolo.it\/it\/news\/conclusi-i-lavori-di-restauro-di-palazzo-rosso\/#article","isPartOf":{"@id":"https:\/\/www.compagniadisanpaolo.it\/it\/news\/conclusi-i-lavori-di-restauro-di-palazzo-rosso\/"},"author":{"name":"Federica","@id":"https:\/\/www.compagniadisanpaolo.it\/it\/#\/schema\/person\/b7d5451541c25c82f29c5be1e78456b2"},"headline":"Conclusi i lavori di restauro di Palazzo Rosso","datePublished":"2022-06-08T12:27:04+00:00","dateModified":"2022-06-09T15:00:38+00:00","mainEntityOfPage":{"@id":"https:\/\/www.compagniadisanpaolo.it\/it\/news\/conclusi-i-lavori-di-restauro-di-palazzo-rosso\/"},"wordCount":552,"publisher":{"@id":"https:\/\/www.compagniadisanpaolo.it\/it\/#organization"},"image":{"@id":"https:\/\/www.compagniadisanpaolo.it\/it\/news\/conclusi-i-lavori-di-restauro-di-palazzo-rosso\/#primaryimage"},"thumbnailUrl":"https:\/\/www.compagniadisanpaolo.it\/wp-content\/uploads\/header-palazzo-rosso-v2.jpg","keywords":["arte e musei","conservazione del patrimonio","identit\u00e0 culturali","partnership con enti istituzionali"],"articleSection":["News"],"inLanguage":"it-IT"},{"@type":"WebPage","@id":"https:\/\/www.compagniadisanpaolo.it\/it\/news\/conclusi-i-lavori-di-restauro-di-palazzo-rosso\/","url":"https:\/\/www.compagniadisanpaolo.it\/it\/news\/conclusi-i-lavori-di-restauro-di-palazzo-rosso\/","name":"Conclusi i lavori di restauro di Palazzo Rosso - Fondazione Compagnia di San Paolo","isPartOf":{"@id":"https:\/\/www.compagniadisanpaolo.it\/it\/#website"},"primaryImageOfPage":{"@id":"https:\/\/www.compagniadisanpaolo.it\/it\/news\/conclusi-i-lavori-di-restauro-di-palazzo-rosso\/#primaryimage"},"image":{"@id":"https:\/\/www.compagniadisanpaolo.it\/it\/news\/conclusi-i-lavori-di-restauro-di-palazzo-rosso\/#primaryimage"},"thumbnailUrl":"https:\/\/www.compagniadisanpaolo.it\/wp-content\/uploads\/header-palazzo-rosso-v2.jpg","datePublished":"2022-06-08T12:27:04+00:00","dateModified":"2022-06-09T15:00:38+00:00","description":"Riaprono oggi alla fruizione del pubblico le collezioni conservate a Palazzo Rosso, la seicentesca residenza dei Brignole-Sale nella citt\u00e0 di Genova","breadcrumb":{"@id":"https:\/\/www.compagniadisanpaolo.it\/it\/news\/conclusi-i-lavori-di-restauro-di-palazzo-rosso\/#breadcrumb"},"inLanguage":"it-IT","potentialAction":[{"@type":"ReadAction","target":["https:\/\/www.compagniadisanpaolo.it\/it\/news\/conclusi-i-lavori-di-restauro-di-palazzo-rosso\/"]}]},{"@type":"ImageObject","inLanguage":"it-IT","@id":"https:\/\/www.compagniadisanpaolo.it\/it\/news\/conclusi-i-lavori-di-restauro-di-palazzo-rosso\/#primaryimage","url":"https:\/\/www.compagniadisanpaolo.it\/wp-content\/uploads\/header-palazzo-rosso-v2.jpg","contentUrl":"https:\/\/www.compagniadisanpaolo.it\/wp-content\/uploads\/header-palazzo-rosso-v2.jpg","width":815,"height":350},{"@type":"BreadcrumbList","@id":"https:\/\/www.compagniadisanpaolo.it\/it\/news\/conclusi-i-lavori-di-restauro-di-palazzo-rosso\/#breadcrumb","itemListElement":[{"@type":"ListItem","position":1,"name":"Home","item":"https:\/\/www.compagniadisanpaolo.it\/it\/"},{"@type":"ListItem","position":2,"name":"Conclusi i lavori di restauro di Palazzo Rosso"}]},{"@type":"WebSite","@id":"https:\/\/www.compagniadisanpaolo.it\/it\/#website","url":"https:\/\/www.compagniadisanpaolo.it\/it\/","name":"Fondazione Compagnia di San Paolo","description":"","publisher":{"@id":"https:\/\/www.compagniadisanpaolo.it\/it\/#organization"},"potentialAction":[{"@type":"SearchAction","target":{"@type":"EntryPoint","urlTemplate":"https:\/\/www.compagniadisanpaolo.it\/it\/?s={search_term_string}"},"query-input":{"@type":"PropertyValueSpecification","valueRequired":true,"valueName":"search_term_string"}}],"inLanguage":"it-IT"},{"@type":"Organization","@id":"https:\/\/www.compagniadisanpaolo.it\/it\/#organization","name":"Fondazione Compagnia di San Paolo","url":"https:\/\/www.compagniadisanpaolo.it\/it\/","logo":{"@type":"ImageObject","inLanguage":"it-IT","@id":"https:\/\/www.compagniadisanpaolo.it\/it\/#\/schema\/logo\/image\/","url":"https:\/\/www.compagniadisanpaolo.it\/wp-content\/uploads\/logo.svg","contentUrl":"https:\/\/www.compagniadisanpaolo.it\/wp-content\/uploads\/logo.svg","width":769,"height":323,"caption":"Fondazione Compagnia di San Paolo"},"image":{"@id":"https:\/\/www.compagniadisanpaolo.it\/it\/#\/schema\/logo\/image\/"},"sameAs":["https:\/\/www.facebook.com\/CompagniaDiSanPaolo","https:\/\/x.com\/CSP_live","http:\/\/instagram.com\/compagniadisanpaolo?ref=badge","https:\/\/www.linkedin.com\/company\/compagnia-di-san-paolo","https:\/\/www.youtube.com\/user\/compagniadisanpaolo","https:\/\/it.wikipedia.org\/wiki\/Compagnia_di_San_Paolo"]},{"@type":"Person","@id":"https:\/\/www.compagniadisanpaolo.it\/it\/#\/schema\/person\/b7d5451541c25c82f29c5be1e78456b2","name":"Federica","image":{"@type":"ImageObject","inLanguage":"it-IT","@id":"https:\/\/secure.gravatar.com\/avatar\/b5698fa13ac389b1f1fb1263a4626e219d853d7ccf112e854aea8c9c087d24ae?s=96&d=mm&r=g","url":"https:\/\/secure.gravatar.com\/avatar\/b5698fa13ac389b1f1fb1263a4626e219d853d7ccf112e854aea8c9c087d24ae?s=96&d=mm&r=g","contentUrl":"https:\/\/secure.gravatar.com\/avatar\/b5698fa13ac389b1f1fb1263a4626e219d853d7ccf112e854aea8c9c087d24ae?s=96&d=mm&r=g","caption":"Federica"}}]}},"amp_enabled":true,"_links":{"self":[{"href":"https:\/\/www.compagniadisanpaolo.it\/it\/wp-json\/wp\/v2\/posts\/18539","targetHints":{"allow":["GET"]}}],"collection":[{"href":"https:\/\/www.compagniadisanpaolo.it\/it\/wp-json\/wp\/v2\/posts"}],"about":[{"href":"https:\/\/www.compagniadisanpaolo.it\/it\/wp-json\/wp\/v2\/types\/post"}],"author":[{"embeddable":true,"href":"https:\/\/www.compagniadisanpaolo.it\/it\/wp-json\/wp\/v2\/users\/19"}],"replies":[{"embeddable":true,"href":"https:\/\/www.compagniadisanpaolo.it\/it\/wp-json\/wp\/v2\/comments?post=18539"}],"version-history":[{"count":3,"href":"https:\/\/www.compagniadisanpaolo.it\/it\/wp-json\/wp\/v2\/posts\/18539\/revisions"}],"predecessor-version":[{"id":18551,"href":"https:\/\/www.compagniadisanpaolo.it\/it\/wp-json\/wp\/v2\/posts\/18539\/revisions\/18551"}],"wp:featuredmedia":[{"embeddable":true,"href":"https:\/\/www.compagniadisanpaolo.it\/it\/wp-json\/wp\/v2\/media\/18583"}],"wp:attachment":[{"href":"https:\/\/www.compagniadisanpaolo.it\/it\/wp-json\/wp\/v2\/media?parent=18539"}],"wp:term":[{"taxonomy":"category","embeddable":true,"href":"https:\/\/www.compagniadisanpaolo.it\/it\/wp-json\/wp\/v2\/categories?post=18539"},{"taxonomy":"post_tag","embeddable":true,"href":"https:\/\/www.compagniadisanpaolo.it\/it\/wp-json\/wp\/v2\/tags?post=18539"}],"curies":[{"name":"wp","href":"https:\/\/api.w.org\/{rel}","templated":true}]}}