{"id":18372,"date":"2022-05-25T16:42:23","date_gmt":"2022-05-25T14:42:23","guid":{"rendered":"https:\/\/www.compagniadisanpaolo.it\/?p=18372"},"modified":"2022-06-16T12:02:34","modified_gmt":"2022-06-16T10:02:34","slug":"presentazione-volume-luigi-arcuti-insieme-si-cresce","status":"publish","type":"post","link":"https:\/\/www.compagniadisanpaolo.it\/it\/news\/presentazione-volume-luigi-arcuti-insieme-si-cresce\/","title":{"rendered":"Presentazione volume \u201cLuigi Arcuti, Insieme si cresce\u201d"},"content":{"rendered":"<div class=\"wpb-content-wrapper\">[vc_row][vc_column][vc_column_text el_class=&#8221;text-headline2&#8243;]Appuntamento online il prossimo 13 giugno per la presentazione di un volume che fa luce sulla figura di Luigi Arcuti, attivo fautore della modernizzazione dell\u2019economia e della banca universale.[\/vc_column_text][\/vc_column][\/vc_row][vc_row][vc_column][vc_column_text]\n<div class=\"info-box mission\">\n\t\t<div class=\"info-box-wrap info-box-hor row pb-0\">\n\n\t\t      \n\t\t      <div class=\"spalla col-12 col-md-12\">\n\t\t\t<div class=\"info-box sharing-box\">\n\t\t\t  <span class=\"label\">Condividi:<\/span>\n\t\t\t  <div class=\"social-sharing\">\n\t\t\t    <span class=\"box\">\n\t\t\t      <a class=\"fb\" href=\"https:\/\/www.facebook.com\/sharer.php?u=https:\/\/www.compagniadisanpaolo.it\/it\/news\/presentazione-volume-luigi-arcuti-insieme-si-cresce\/\" target=\"_blank\">\n\t\t\t\t<span class=\"sr-only\">Facebook<\/span>\n\t\t\t\t<i class=\"fab fa-facebook-f\"><\/i>\n\t\t\t      <\/a>\n\t\t\t    <\/span>\n\t\t\t    \n\t\t\t    <style>\n.twitter, .twitter:hover{\ncolor:#000000 !important;}\n<\/style>\n\n\n\t\t\t    <span class=\"box\">\n\t\t\t      <a class=\"twitter\" href=\"https:\/\/twitter.com\/intent\/tweet?url=https:\/\/www.compagniadisanpaolo.it\/it\/news\/presentazione-volume-luigi-arcuti-insieme-si-cresce\/\">\n\t\t\t\t<span class=\"sr-only\">Twitter<\/span>\n\t\t\t\t<i class=\"fa-brands fa-x-twitter\"><\/i>\n\t\t\t      <\/a>\n\t\t\t    <\/span>\n\n\t\t\t    \n\t\t\t    <span class=\"box\">\n\t\t\t      <a class=\"linkedin\" href=\"https:\/\/www.linkedin.com\/shareArticle?mini=true&url=https:\/\/www.compagniadisanpaolo.it\/it\/news\/presentazione-volume-luigi-arcuti-insieme-si-cresce\/\">\n\t\t\t\t<span class=\"sr-only\">Linkedin<\/span>\n\t\t\t\t  <i class=\"fa-brands fa-linkedin-in\"><\/i>\n\t\t\t      <\/a>\n\t\t\t    <\/span>\n\n\t\t\t    <span class=\"box\">\n\t\t\t      <a class=\"whatsapp\" href=\"whatsapp:\/\/send?text=https:\/\/www.compagniadisanpaolo.it\/it\/news\/presentazione-volume-luigi-arcuti-insieme-si-cresce\/\" data-action=\"share\/whatsapp\/share\">\n\t\t\t\t<span class=\"sr-only\">Whatsapp<\/span>\n\t\t\t\t<i class=\"fa-brands fa-whatsapp\"><\/i>\n\t\t\t      <\/a>\n\t\t\t    <\/span>\n\n\t\t\t    <span class=\"box\">\n\t\t\t      <a class=\"mail\" href=\"mailto:?subject=Presentazione volume \u201cLuigi Arcuti, Insieme si cresce\u201d&body=https:\/\/www.compagniadisanpaolo.it\/it\/news\/presentazione-volume-luigi-arcuti-insieme-si-cresce\/\">\n\t\t\t\t<span class=\"sr-only\">Mail<\/span>\n\t\t\t\t <i class=\"fa-solid fa-envelope\"><\/i>\n\t\t\t      <\/a>\n\t\t\t    <\/span>\n\t\t\t    \n\t\t\t  <\/div>\n\t\t\t<\/div>\n\t      <\/div>\n\t    <\/div><\/div>\n[\/vc_column_text][\/vc_column][\/vc_row][vc_row][vc_column width=&#8221;1\/4&#8243;][vc_column_text]\n\n\n\t\t<div class=\"info-box-wrap\">\n\n\t  <div class=\"info-box date-pub\">\n\t  \t<span class=\"label\">Data di pubblicazione:<\/span>\n\t    <span class=\"value\">25 Maggio 2022<\/span>\n\t  <\/div>\n\t\t\t\t  <div class=\"info-box obj-institutional\">\n\t\t\t\t\t  <div class=\"info-box obj\">\n\t\t\t\t\t    <div class=\"obj-small-box\">\n\t\t\t\t\t      <span>Istituzionale<\/span>\n\t\t\t\t\t    <\/div>\n\t\t\t\t\t  <\/div>\n\t\t\t\t  <\/div>\n\t\t\t  <div class=\"info-box mission\"><span class=\"label\">Tag<\/span><a href=\"https:\/\/www.compagniadisanpaolo.it\/it\/tags\/risultati\/?_sft_post_tag=oltre-lerogazione\" class=\"tag-element\">Oltre l'erogazione<\/a><\/div>\t  \n\t<\/div>\n[\/vc_column_text][\/vc_column][vc_column width=&#8221;3\/4&#8243; el_class=&#8221;page-content&#8221;][vc_column_text el_class=&#8221;text&#8221;]Luned\u00ec <strong>13 giugno alle 15:30<\/strong>, si terr\u00e0 la presentazione del libro \u201c<strong>Luigi Arcuti, Insieme si cresce. Scritti di banca e finanza, 1950-1998<\/strong>\u201d, a cura di <strong>Francesco Cesarini<\/strong>, <strong>Alfonso Iozzo<\/strong> e <strong>Francesca Pino<\/strong>, quarto volume della collana \u201cQuaderni dell\u2019Archivio Storico della Compagnia di San Paolo\u201d, edito da Leo S. Olschki (Firenze), 2021.<\/p>\n<p>Il volume indaga la figura di <strong>Luigi Arcuti<\/strong> (1924-2013), banchiere antidogmatico, attivo fautore della modernizzazione dell\u2019economia e della banca universale, che port\u00f2 a un grande sviluppo entrambi gli istituti a lui affidati, il <strong>San Paolo di Torino<\/strong> e l\u2019<strong>Istituto Mobiliare Italiano<\/strong>, confluiti nel 1998 in Sanpaolo IMI e, dal 2007, in <strong>Intesa Sanpaolo<\/strong>.<\/p>\n<p>Il <strong>quarto numero dei Quaderni dell\u2019Archivio Storico<\/strong>, una silloge di documenti perlopi\u00f9 inediti tra cui contiamo lettere personali e ufficiali, relazioni, interviste, \u00e8 <strong>arricchito dai saggi e dalle note introduttive che danno conto del convinto europeismo <\/strong>di<strong> Arcuti<\/strong>, delle proposte di riforma del sistema e della sua assoluta indipendenza di giudizio.<\/p>\n<p>All\u2019evento, organizzato dalla <strong>Fondazione 1563<\/strong> e dalla <strong>Fondazione Compagnia di San Paolo<\/strong>, in collaborazione con <strong>ABI e ACRI<\/strong>, interverranno i curatori del volume, oltre ad alcune personalit\u00e0 che condivideranno personali testimonianze su Luigi Arcuti.<\/p>\n<p>La presentazione sar\u00e0 trasmetta in streaming, per seguirla sar\u00e0 necessario registrarsi su <strong><a href=\"http:\/\/csp-webinar.it\">csp-webinar.it<\/a><\/strong><\/p>\n<p>Per scoprire i relatori dell\u2019evento, visita <a href=\"https:\/\/www.compagniadisanpaolo.it\/it\/documenti\/invito-presentazione-volume-luigi-arcuti-insieme-si-cresce\/\" target=\"_blank\" rel=\"noopener\"><strong>questo link<\/strong><\/a>.[\/vc_column_text][\/vc_column][\/vc_row][vc_row el_class=&#8221;video-wrapper&#8221; css=&#8221;.vc_custom_1615199204566{margin-bottom: 70px !important;}&#8221;][vc_column][vc_video link=&#8221;https:\/\/www.youtube.com\/watch?v=BiYMDdSCPxU&#8221; align=&#8221;center&#8221;][\/vc_column][\/vc_row][vc_row disable_element=&#8221;yes&#8221; el_class=&#8221;sdg-list-wrap&#8221;][vc_column][vc_raw_html]JTVCbW9zdHJhU0RHUyU1RA==[\/vc_raw_html][\/vc_column][\/vc_row][vc_row el_class=&#8221;sdg-list-wrap&#8221;][vc_column][vc_raw_html]JTVCU2V6aW9uZV9Eb2N1bWVudGklNUQ=[\/vc_raw_html][\/vc_column][\/vc_row][vc_row][vc_column]<div class=\"templatera_shortcode\"><div data-vc-full-width=\"true\" data-vc-full-width-temp=\"true\" data-vc-full-width-init=\"false\" class=\"vc_row wpb_row vc_row-fluid newsletter-wrap\"><div class=\"wpb_column vc_column_container vc_col-sm-12\"><div class=\"vc_column-inner\"><div class=\"wpb_wrapper\">\n\t<div class=\"wpb_raw_code wpb_raw_html wpb_content_element\" >\n\t\t<div class=\"wpb_wrapper\">\n\t\t\t    <div class=\"container\">\n      <div class=\"row align-items-center\">\n\t<div class=\"col-12 col-lg-6 col-xl-5 mb-3 mb-lg-0 pr-0\">\n\t  <h2 class=\"title\">Rimani aggiornato sui nostri bandi e sui nostri progetti<\/h2>\n\t<\/div>\n\t<div class=\"col-12 col-lg-6 col-xl-7 pl-xl-4\">\n\t  <a class=\"standard-link-block\" href=\"\/it\/newsletter\/\">\n\t    Compila il form e decidi su quale argomento vuoi ricevere notizie.\t    <strong>\u00a0 ISCRIVITI!<\/strong>\n\t  <\/a>\n\t<\/div>\n      <\/div>\n    <\/div>\n\t\t<\/div>\n\t<\/div>\n<\/div><\/div><\/div><\/div><div class=\"vc_row-full-width vc_clearfix\"><\/div><\/div>[\/vc_column][\/vc_row]\n<\/div>","protected":false},"excerpt":{"rendered":"Appuntamento online il prossimo 13 giugno per la presentazione di un volume che fa luce sulla figura di Luigi Arcuti, attivo fautore della modernizzazione dell\u2019economia e della banca universale. Condividi: Facebook Twitter Linkedin Whatsapp Mail Data di pubblicazione: 25 Maggio 2022 Istituzionale TagOltre l'erogazione Luned\u00ec 13 giugno alle 15:30, si terr\u00e0 la presentazione del libro \u201cLuigi Arcuti, Insieme si cresce. Scritti di banca e finanza, 1950-1998\u201d, a cura di Francesco Cesarini, Alfonso Iozzo e Francesca Pino, quarto volume della collana \u201cQuaderni dell\u2019Archivio Storico della Compagnia di San Paolo\u201d, edito da Leo S. Olschki (Firenze), 2021. Il volume indaga la figura di Luigi Arcuti (1924-2013), banchiere antidogmatico, attivo fautore della modernizzazione dell\u2019economia e della banca universale, che port\u00f2 a un grande sviluppo entrambi gli istituti a lui affidati, il San Paolo di Torino e l\u2019Istituto Mobiliare Italiano, confluiti nel 1998 in Sanpaolo IMI e, dal 2007, in Intesa Sanpaolo. Il quarto numero dei Quaderni dell\u2019Archivio Storico, una silloge di documenti perlopi\u00f9 inediti tra cui contiamo lettere personali e ufficiali, relazioni, interviste, \u00e8 arricchito dai saggi e dalle note introduttive che danno conto del convinto europeismo di Arcuti, delle proposte di riforma del sistema e della sua assoluta indipendenza di giudizio. All\u2019evento, organizzato dalla Fondazione 1563 e dalla Fondazione Compagnia di San Paolo, in collaborazione con ABI e ACRI, interverranno i curatori del volume, oltre ad alcune personalit\u00e0 che condivideranno personali testimonianze su Luigi Arcuti. La presentazione sar\u00e0 trasmetta in streaming, per seguirla sar\u00e0 necessario registrarsi su csp-webinar.it Per scoprire i relatori dell\u2019evento, visita questo link. Documenti di riferimento Invito - Presentazione volume \u201cLuigi Arcuti, Insieme si cresce.\u201d Scarica il documento Rimani aggiornato sui nostri bandi e sui nostri progetti Compila il form e decidi su quale argomento vuoi ricevere notizie. \u00a0 ISCRIVITI!","protected":false},"author":19,"featured_media":2565,"comment_status":"closed","ping_status":"closed","sticky":false,"template":"","format":"standard","meta":{"_acf_changed":false,"content-type":"","footnotes":""},"categories":[17],"tags":[69],"class_list":["post-18372","post","type-post","status-publish","format-standard","has-post-thumbnail","hentry","category-news","tag-oltre-lerogazione","entry","post-inner"],"acf":[],"yoast_head":"<!-- This site is optimized with the Yoast SEO plugin v27.3 - https:\/\/yoast.com\/product\/yoast-seo-wordpress\/ -->\n<title>Presentazione volume \u201cLuigi Arcuti, Insieme si cresce\u201d - Fondazione Compagnia di San Paolo<\/title>\n<meta name=\"description\" content=\"Appuntamento online il prossimo 13 giugno per la presentazione di un volume che fa luce sulla figura di Luigi Arcuti, attivo fautore della modernizzazione dell\u2019economia e della banca universale.\" \/>\n<meta name=\"robots\" content=\"index, follow, max-snippet:-1, max-image-preview:large, max-video-preview:-1\" \/>\n<link rel=\"canonical\" href=\"https:\/\/www.compagniadisanpaolo.it\/it\/news\/presentazione-volume-luigi-arcuti-insieme-si-cresce\/\" \/>\n<meta property=\"og:locale\" content=\"it_IT\" \/>\n<meta property=\"og:type\" content=\"article\" \/>\n<meta property=\"og:title\" content=\"Presentazione volume \u201cLuigi Arcuti, Insieme si cresce\u201d - Fondazione Compagnia di San Paolo\" \/>\n<meta property=\"og:description\" content=\"Appuntamento online il prossimo 13 giugno per la presentazione di un volume che fa luce sulla figura di Luigi Arcuti, attivo fautore della modernizzazione dell\u2019economia e della banca universale.\" \/>\n<meta property=\"og:url\" content=\"https:\/\/www.compagniadisanpaolo.it\/it\/news\/presentazione-volume-luigi-arcuti-insieme-si-cresce\/\" \/>\n<meta property=\"og:site_name\" content=\"Fondazione Compagnia di San Paolo\" \/>\n<meta property=\"article:publisher\" content=\"https:\/\/www.facebook.com\/CompagniaDiSanPaolo\" \/>\n<meta property=\"article:published_time\" content=\"2022-05-25T14:42:23+00:00\" \/>\n<meta property=\"article:modified_time\" content=\"2022-06-16T10:02:34+00:00\" \/>\n<meta property=\"og:image\" content=\"https:\/\/www.compagniadisanpaolo.it\/wp-content\/uploads\/PLACEHOLDER-OBIETTIVI-ISTITUZIONALE-BIG.jpg\" \/>\n\t<meta property=\"og:image:width\" content=\"1600\" \/>\n\t<meta property=\"og:image:height\" content=\"900\" \/>\n\t<meta property=\"og:image:type\" content=\"image\/jpeg\" \/>\n<meta name=\"author\" content=\"Federica\" \/>\n<meta name=\"twitter:card\" content=\"summary_large_image\" \/>\n<meta name=\"twitter:creator\" content=\"@CSP_live\" \/>\n<meta name=\"twitter:site\" content=\"@CSP_live\" \/>\n<meta name=\"twitter:label1\" content=\"Scritto da\" \/>\n\t<meta name=\"twitter:data1\" content=\"Federica\" \/>\n\t<meta name=\"twitter:label2\" content=\"Tempo di lettura stimato\" \/>\n\t<meta name=\"twitter:data2\" content=\"2 minuti\" \/>\n<script type=\"application\/ld+json\" class=\"yoast-schema-graph\">{\"@context\":\"https:\\\/\\\/schema.org\",\"@graph\":[{\"@type\":\"Article\",\"@id\":\"https:\\\/\\\/www.compagniadisanpaolo.it\\\/it\\\/news\\\/presentazione-volume-luigi-arcuti-insieme-si-cresce\\\/#article\",\"isPartOf\":{\"@id\":\"https:\\\/\\\/www.compagniadisanpaolo.it\\\/it\\\/news\\\/presentazione-volume-luigi-arcuti-insieme-si-cresce\\\/\"},\"author\":{\"name\":\"Federica\",\"@id\":\"https:\\\/\\\/www.compagniadisanpaolo.it\\\/it\\\/#\\\/schema\\\/person\\\/b7d5451541c25c82f29c5be1e78456b2\"},\"headline\":\"Presentazione volume \u201cLuigi Arcuti, Insieme si cresce\u201d\",\"datePublished\":\"2022-05-25T14:42:23+00:00\",\"dateModified\":\"2022-06-16T10:02:34+00:00\",\"mainEntityOfPage\":{\"@id\":\"https:\\\/\\\/www.compagniadisanpaolo.it\\\/it\\\/news\\\/presentazione-volume-luigi-arcuti-insieme-si-cresce\\\/\"},\"wordCount\":399,\"publisher\":{\"@id\":\"https:\\\/\\\/www.compagniadisanpaolo.it\\\/it\\\/#organization\"},\"image\":{\"@id\":\"https:\\\/\\\/www.compagniadisanpaolo.it\\\/it\\\/news\\\/presentazione-volume-luigi-arcuti-insieme-si-cresce\\\/#primaryimage\"},\"thumbnailUrl\":\"https:\\\/\\\/www.compagniadisanpaolo.it\\\/wp-content\\\/uploads\\\/PLACEHOLDER-OBIETTIVI-ISTITUZIONALE-BIG.jpg\",\"keywords\":[\"oltre l'erogazione\"],\"articleSection\":[\"News\"],\"inLanguage\":\"it-IT\"},{\"@type\":\"WebPage\",\"@id\":\"https:\\\/\\\/www.compagniadisanpaolo.it\\\/it\\\/news\\\/presentazione-volume-luigi-arcuti-insieme-si-cresce\\\/\",\"url\":\"https:\\\/\\\/www.compagniadisanpaolo.it\\\/it\\\/news\\\/presentazione-volume-luigi-arcuti-insieme-si-cresce\\\/\",\"name\":\"Presentazione volume \u201cLuigi Arcuti, Insieme si cresce\u201d - Fondazione Compagnia di San Paolo\",\"isPartOf\":{\"@id\":\"https:\\\/\\\/www.compagniadisanpaolo.it\\\/it\\\/#website\"},\"primaryImageOfPage\":{\"@id\":\"https:\\\/\\\/www.compagniadisanpaolo.it\\\/it\\\/news\\\/presentazione-volume-luigi-arcuti-insieme-si-cresce\\\/#primaryimage\"},\"image\":{\"@id\":\"https:\\\/\\\/www.compagniadisanpaolo.it\\\/it\\\/news\\\/presentazione-volume-luigi-arcuti-insieme-si-cresce\\\/#primaryimage\"},\"thumbnailUrl\":\"https:\\\/\\\/www.compagniadisanpaolo.it\\\/wp-content\\\/uploads\\\/PLACEHOLDER-OBIETTIVI-ISTITUZIONALE-BIG.jpg\",\"datePublished\":\"2022-05-25T14:42:23+00:00\",\"dateModified\":\"2022-06-16T10:02:34+00:00\",\"description\":\"Appuntamento online il prossimo 13 giugno per la presentazione di un volume che fa luce sulla figura di Luigi Arcuti, attivo fautore della modernizzazione dell\u2019economia e della banca universale.\",\"breadcrumb\":{\"@id\":\"https:\\\/\\\/www.compagniadisanpaolo.it\\\/it\\\/news\\\/presentazione-volume-luigi-arcuti-insieme-si-cresce\\\/#breadcrumb\"},\"inLanguage\":\"it-IT\",\"potentialAction\":[{\"@type\":\"ReadAction\",\"target\":[\"https:\\\/\\\/www.compagniadisanpaolo.it\\\/it\\\/news\\\/presentazione-volume-luigi-arcuti-insieme-si-cresce\\\/\"]}]},{\"@type\":\"ImageObject\",\"inLanguage\":\"it-IT\",\"@id\":\"https:\\\/\\\/www.compagniadisanpaolo.it\\\/it\\\/news\\\/presentazione-volume-luigi-arcuti-insieme-si-cresce\\\/#primaryimage\",\"url\":\"https:\\\/\\\/www.compagniadisanpaolo.it\\\/wp-content\\\/uploads\\\/PLACEHOLDER-OBIETTIVI-ISTITUZIONALE-BIG.jpg\",\"contentUrl\":\"https:\\\/\\\/www.compagniadisanpaolo.it\\\/wp-content\\\/uploads\\\/PLACEHOLDER-OBIETTIVI-ISTITUZIONALE-BIG.jpg\",\"width\":1600,\"height\":900},{\"@type\":\"BreadcrumbList\",\"@id\":\"https:\\\/\\\/www.compagniadisanpaolo.it\\\/it\\\/news\\\/presentazione-volume-luigi-arcuti-insieme-si-cresce\\\/#breadcrumb\",\"itemListElement\":[{\"@type\":\"ListItem\",\"position\":1,\"name\":\"Home\",\"item\":\"https:\\\/\\\/www.compagniadisanpaolo.it\\\/it\\\/\"},{\"@type\":\"ListItem\",\"position\":2,\"name\":\"Presentazione volume \u201cLuigi Arcuti, Insieme si cresce\u201d\"}]},{\"@type\":\"WebSite\",\"@id\":\"https:\\\/\\\/www.compagniadisanpaolo.it\\\/it\\\/#website\",\"url\":\"https:\\\/\\\/www.compagniadisanpaolo.it\\\/it\\\/\",\"name\":\"Fondazione Compagnia di San Paolo\",\"description\":\"\",\"publisher\":{\"@id\":\"https:\\\/\\\/www.compagniadisanpaolo.it\\\/it\\\/#organization\"},\"potentialAction\":[{\"@type\":\"SearchAction\",\"target\":{\"@type\":\"EntryPoint\",\"urlTemplate\":\"https:\\\/\\\/www.compagniadisanpaolo.it\\\/it\\\/?s={search_term_string}\"},\"query-input\":{\"@type\":\"PropertyValueSpecification\",\"valueRequired\":true,\"valueName\":\"search_term_string\"}}],\"inLanguage\":\"it-IT\"},{\"@type\":\"Organization\",\"@id\":\"https:\\\/\\\/www.compagniadisanpaolo.it\\\/it\\\/#organization\",\"name\":\"Fondazione Compagnia di San Paolo\",\"url\":\"https:\\\/\\\/www.compagniadisanpaolo.it\\\/it\\\/\",\"logo\":{\"@type\":\"ImageObject\",\"inLanguage\":\"it-IT\",\"@id\":\"https:\\\/\\\/www.compagniadisanpaolo.it\\\/it\\\/#\\\/schema\\\/logo\\\/image\\\/\",\"url\":\"https:\\\/\\\/www.compagniadisanpaolo.it\\\/wp-content\\\/uploads\\\/logo.svg\",\"contentUrl\":\"https:\\\/\\\/www.compagniadisanpaolo.it\\\/wp-content\\\/uploads\\\/logo.svg\",\"width\":769,\"height\":323,\"caption\":\"Fondazione Compagnia di San Paolo\"},\"image\":{\"@id\":\"https:\\\/\\\/www.compagniadisanpaolo.it\\\/it\\\/#\\\/schema\\\/logo\\\/image\\\/\"},\"sameAs\":[\"https:\\\/\\\/www.facebook.com\\\/CompagniaDiSanPaolo\",\"https:\\\/\\\/x.com\\\/CSP_live\",\"http:\\\/\\\/instagram.com\\\/compagniadisanpaolo?ref=badge\",\"https:\\\/\\\/www.linkedin.com\\\/company\\\/compagnia-di-san-paolo\",\"https:\\\/\\\/www.youtube.com\\\/user\\\/compagniadisanpaolo\",\"https:\\\/\\\/it.wikipedia.org\\\/wiki\\\/Compagnia_di_San_Paolo\"]},{\"@type\":\"Person\",\"@id\":\"https:\\\/\\\/www.compagniadisanpaolo.it\\\/it\\\/#\\\/schema\\\/person\\\/b7d5451541c25c82f29c5be1e78456b2\",\"name\":\"Federica\",\"image\":{\"@type\":\"ImageObject\",\"inLanguage\":\"it-IT\",\"@id\":\"https:\\\/\\\/secure.gravatar.com\\\/avatar\\\/b5698fa13ac389b1f1fb1263a4626e219d853d7ccf112e854aea8c9c087d24ae?s=96&d=mm&r=g\",\"url\":\"https:\\\/\\\/secure.gravatar.com\\\/avatar\\\/b5698fa13ac389b1f1fb1263a4626e219d853d7ccf112e854aea8c9c087d24ae?s=96&d=mm&r=g\",\"contentUrl\":\"https:\\\/\\\/secure.gravatar.com\\\/avatar\\\/b5698fa13ac389b1f1fb1263a4626e219d853d7ccf112e854aea8c9c087d24ae?s=96&d=mm&r=g\",\"caption\":\"Federica\"}}]}<\/script>\n<!-- \/ Yoast SEO plugin. -->","yoast_head_json":{"title":"Presentazione volume \u201cLuigi Arcuti, Insieme si cresce\u201d - Fondazione Compagnia di San Paolo","description":"Appuntamento online il prossimo 13 giugno per la presentazione di un volume che fa luce sulla figura di Luigi Arcuti, attivo fautore della modernizzazione dell\u2019economia e della banca universale.","robots":{"index":"index","follow":"follow","max-snippet":"max-snippet:-1","max-image-preview":"max-image-preview:large","max-video-preview":"max-video-preview:-1"},"canonical":"https:\/\/www.compagniadisanpaolo.it\/it\/news\/presentazione-volume-luigi-arcuti-insieme-si-cresce\/","og_locale":"it_IT","og_type":"article","og_title":"Presentazione volume \u201cLuigi Arcuti, Insieme si cresce\u201d - Fondazione Compagnia di San Paolo","og_description":"Appuntamento online il prossimo 13 giugno per la presentazione di un volume che fa luce sulla figura di Luigi Arcuti, attivo fautore della modernizzazione dell\u2019economia e della banca universale.","og_url":"https:\/\/www.compagniadisanpaolo.it\/it\/news\/presentazione-volume-luigi-arcuti-insieme-si-cresce\/","og_site_name":"Fondazione Compagnia di San Paolo","article_publisher":"https:\/\/www.facebook.com\/CompagniaDiSanPaolo","article_published_time":"2022-05-25T14:42:23+00:00","article_modified_time":"2022-06-16T10:02:34+00:00","og_image":[{"width":1600,"height":900,"url":"https:\/\/www.compagniadisanpaolo.it\/wp-content\/uploads\/PLACEHOLDER-OBIETTIVI-ISTITUZIONALE-BIG.jpg","type":"image\/jpeg"}],"author":"Federica","twitter_card":"summary_large_image","twitter_creator":"@CSP_live","twitter_site":"@CSP_live","twitter_misc":{"Scritto da":"Federica","Tempo di lettura stimato":"2 minuti"},"schema":{"@context":"https:\/\/schema.org","@graph":[{"@type":"Article","@id":"https:\/\/www.compagniadisanpaolo.it\/it\/news\/presentazione-volume-luigi-arcuti-insieme-si-cresce\/#article","isPartOf":{"@id":"https:\/\/www.compagniadisanpaolo.it\/it\/news\/presentazione-volume-luigi-arcuti-insieme-si-cresce\/"},"author":{"name":"Federica","@id":"https:\/\/www.compagniadisanpaolo.it\/it\/#\/schema\/person\/b7d5451541c25c82f29c5be1e78456b2"},"headline":"Presentazione volume \u201cLuigi Arcuti, Insieme si cresce\u201d","datePublished":"2022-05-25T14:42:23+00:00","dateModified":"2022-06-16T10:02:34+00:00","mainEntityOfPage":{"@id":"https:\/\/www.compagniadisanpaolo.it\/it\/news\/presentazione-volume-luigi-arcuti-insieme-si-cresce\/"},"wordCount":399,"publisher":{"@id":"https:\/\/www.compagniadisanpaolo.it\/it\/#organization"},"image":{"@id":"https:\/\/www.compagniadisanpaolo.it\/it\/news\/presentazione-volume-luigi-arcuti-insieme-si-cresce\/#primaryimage"},"thumbnailUrl":"https:\/\/www.compagniadisanpaolo.it\/wp-content\/uploads\/PLACEHOLDER-OBIETTIVI-ISTITUZIONALE-BIG.jpg","keywords":["oltre l'erogazione"],"articleSection":["News"],"inLanguage":"it-IT"},{"@type":"WebPage","@id":"https:\/\/www.compagniadisanpaolo.it\/it\/news\/presentazione-volume-luigi-arcuti-insieme-si-cresce\/","url":"https:\/\/www.compagniadisanpaolo.it\/it\/news\/presentazione-volume-luigi-arcuti-insieme-si-cresce\/","name":"Presentazione volume \u201cLuigi Arcuti, Insieme si cresce\u201d - Fondazione Compagnia di San Paolo","isPartOf":{"@id":"https:\/\/www.compagniadisanpaolo.it\/it\/#website"},"primaryImageOfPage":{"@id":"https:\/\/www.compagniadisanpaolo.it\/it\/news\/presentazione-volume-luigi-arcuti-insieme-si-cresce\/#primaryimage"},"image":{"@id":"https:\/\/www.compagniadisanpaolo.it\/it\/news\/presentazione-volume-luigi-arcuti-insieme-si-cresce\/#primaryimage"},"thumbnailUrl":"https:\/\/www.compagniadisanpaolo.it\/wp-content\/uploads\/PLACEHOLDER-OBIETTIVI-ISTITUZIONALE-BIG.jpg","datePublished":"2022-05-25T14:42:23+00:00","dateModified":"2022-06-16T10:02:34+00:00","description":"Appuntamento online il prossimo 13 giugno per la presentazione di un volume che fa luce sulla figura di Luigi Arcuti, attivo fautore della modernizzazione dell\u2019economia e della banca universale.","breadcrumb":{"@id":"https:\/\/www.compagniadisanpaolo.it\/it\/news\/presentazione-volume-luigi-arcuti-insieme-si-cresce\/#breadcrumb"},"inLanguage":"it-IT","potentialAction":[{"@type":"ReadAction","target":["https:\/\/www.compagniadisanpaolo.it\/it\/news\/presentazione-volume-luigi-arcuti-insieme-si-cresce\/"]}]},{"@type":"ImageObject","inLanguage":"it-IT","@id":"https:\/\/www.compagniadisanpaolo.it\/it\/news\/presentazione-volume-luigi-arcuti-insieme-si-cresce\/#primaryimage","url":"https:\/\/www.compagniadisanpaolo.it\/wp-content\/uploads\/PLACEHOLDER-OBIETTIVI-ISTITUZIONALE-BIG.jpg","contentUrl":"https:\/\/www.compagniadisanpaolo.it\/wp-content\/uploads\/PLACEHOLDER-OBIETTIVI-ISTITUZIONALE-BIG.jpg","width":1600,"height":900},{"@type":"BreadcrumbList","@id":"https:\/\/www.compagniadisanpaolo.it\/it\/news\/presentazione-volume-luigi-arcuti-insieme-si-cresce\/#breadcrumb","itemListElement":[{"@type":"ListItem","position":1,"name":"Home","item":"https:\/\/www.compagniadisanpaolo.it\/it\/"},{"@type":"ListItem","position":2,"name":"Presentazione volume \u201cLuigi Arcuti, Insieme si cresce\u201d"}]},{"@type":"WebSite","@id":"https:\/\/www.compagniadisanpaolo.it\/it\/#website","url":"https:\/\/www.compagniadisanpaolo.it\/it\/","name":"Fondazione Compagnia di San Paolo","description":"","publisher":{"@id":"https:\/\/www.compagniadisanpaolo.it\/it\/#organization"},"potentialAction":[{"@type":"SearchAction","target":{"@type":"EntryPoint","urlTemplate":"https:\/\/www.compagniadisanpaolo.it\/it\/?s={search_term_string}"},"query-input":{"@type":"PropertyValueSpecification","valueRequired":true,"valueName":"search_term_string"}}],"inLanguage":"it-IT"},{"@type":"Organization","@id":"https:\/\/www.compagniadisanpaolo.it\/it\/#organization","name":"Fondazione Compagnia di San Paolo","url":"https:\/\/www.compagniadisanpaolo.it\/it\/","logo":{"@type":"ImageObject","inLanguage":"it-IT","@id":"https:\/\/www.compagniadisanpaolo.it\/it\/#\/schema\/logo\/image\/","url":"https:\/\/www.compagniadisanpaolo.it\/wp-content\/uploads\/logo.svg","contentUrl":"https:\/\/www.compagniadisanpaolo.it\/wp-content\/uploads\/logo.svg","width":769,"height":323,"caption":"Fondazione Compagnia di San Paolo"},"image":{"@id":"https:\/\/www.compagniadisanpaolo.it\/it\/#\/schema\/logo\/image\/"},"sameAs":["https:\/\/www.facebook.com\/CompagniaDiSanPaolo","https:\/\/x.com\/CSP_live","http:\/\/instagram.com\/compagniadisanpaolo?ref=badge","https:\/\/www.linkedin.com\/company\/compagnia-di-san-paolo","https:\/\/www.youtube.com\/user\/compagniadisanpaolo","https:\/\/it.wikipedia.org\/wiki\/Compagnia_di_San_Paolo"]},{"@type":"Person","@id":"https:\/\/www.compagniadisanpaolo.it\/it\/#\/schema\/person\/b7d5451541c25c82f29c5be1e78456b2","name":"Federica","image":{"@type":"ImageObject","inLanguage":"it-IT","@id":"https:\/\/secure.gravatar.com\/avatar\/b5698fa13ac389b1f1fb1263a4626e219d853d7ccf112e854aea8c9c087d24ae?s=96&d=mm&r=g","url":"https:\/\/secure.gravatar.com\/avatar\/b5698fa13ac389b1f1fb1263a4626e219d853d7ccf112e854aea8c9c087d24ae?s=96&d=mm&r=g","contentUrl":"https:\/\/secure.gravatar.com\/avatar\/b5698fa13ac389b1f1fb1263a4626e219d853d7ccf112e854aea8c9c087d24ae?s=96&d=mm&r=g","caption":"Federica"}}]}},"amp_enabled":true,"_links":{"self":[{"href":"https:\/\/www.compagniadisanpaolo.it\/it\/wp-json\/wp\/v2\/posts\/18372","targetHints":{"allow":["GET"]}}],"collection":[{"href":"https:\/\/www.compagniadisanpaolo.it\/it\/wp-json\/wp\/v2\/posts"}],"about":[{"href":"https:\/\/www.compagniadisanpaolo.it\/it\/wp-json\/wp\/v2\/types\/post"}],"author":[{"embeddable":true,"href":"https:\/\/www.compagniadisanpaolo.it\/it\/wp-json\/wp\/v2\/users\/19"}],"replies":[{"embeddable":true,"href":"https:\/\/www.compagniadisanpaolo.it\/it\/wp-json\/wp\/v2\/comments?post=18372"}],"version-history":[{"count":4,"href":"https:\/\/www.compagniadisanpaolo.it\/it\/wp-json\/wp\/v2\/posts\/18372\/revisions"}],"predecessor-version":[{"id":18611,"href":"https:\/\/www.compagniadisanpaolo.it\/it\/wp-json\/wp\/v2\/posts\/18372\/revisions\/18611"}],"wp:featuredmedia":[{"embeddable":true,"href":"https:\/\/www.compagniadisanpaolo.it\/it\/wp-json\/wp\/v2\/media\/2565"}],"wp:attachment":[{"href":"https:\/\/www.compagniadisanpaolo.it\/it\/wp-json\/wp\/v2\/media?parent=18372"}],"wp:term":[{"taxonomy":"category","embeddable":true,"href":"https:\/\/www.compagniadisanpaolo.it\/it\/wp-json\/wp\/v2\/categories?post=18372"},{"taxonomy":"post_tag","embeddable":true,"href":"https:\/\/www.compagniadisanpaolo.it\/it\/wp-json\/wp\/v2\/tags?post=18372"}],"curies":[{"name":"wp","href":"https:\/\/api.w.org\/{rel}","templated":true}]}}