{"id":17999,"date":"2022-05-04T14:39:49","date_gmt":"2022-05-04T12:39:49","guid":{"rendered":"https:\/\/www.compagniadisanpaolo.it\/?p=17999"},"modified":"2022-05-04T14:39:49","modified_gmt":"2022-05-04T12:39:49","slug":"pubblicati-gli-esiti-della-call-for-action-equilibri","status":"publish","type":"post","link":"https:\/\/www.compagniadisanpaolo.it\/it\/news\/pubblicati-gli-esiti-della-call-for-action-equilibri\/","title":{"rendered":"Pubblicati gli esiti della Call for Action Equilibri"},"content":{"rendered":"<div class=\"wpb-content-wrapper\">[vc_row][vc_column][vc_column_text el_class=&#8221;text-headline2&#8243;]A conclusione delle procedure di valutazione previste per la call for action \u201cEquilibri&#8221;, la Fondazione Compagnia di San Paolo ha deliberato l\u2019accesso alla fase II della dell&#8217;iniziativa per 3 progetti su 16 pervenuti.[\/vc_column_text][\/vc_column][\/vc_row][vc_row][vc_column][vc_column_text]\n<div class=\"info-box mission\">\n\t\t<div class=\"info-box-wrap info-box-hor row pb-0\">\n\n\t\t      \n\t\t      <div class=\"spalla col-12 col-md-12\">\n\t\t\t<div class=\"info-box sharing-box\">\n\t\t\t  <span class=\"label\">Condividi:<\/span>\n\t\t\t  <div class=\"social-sharing\">\n\t\t\t    <span class=\"box\">\n\t\t\t      <a class=\"fb\" href=\"https:\/\/www.facebook.com\/sharer.php?u=https:\/\/www.compagniadisanpaolo.it\/it\/news\/pubblicati-gli-esiti-della-call-for-action-equilibri\/\" target=\"_blank\">\n\t\t\t\t<span class=\"sr-only\">Facebook<\/span>\n\t\t\t\t<i class=\"fab fa-facebook-f\"><\/i>\n\t\t\t      <\/a>\n\t\t\t    <\/span>\n\t\t\t    \n\t\t\t    <style>\n.twitter, .twitter:hover{\ncolor:#000000 !important;}\n<\/style>\n\n\n\t\t\t    <span class=\"box\">\n\t\t\t      <a class=\"twitter\" href=\"https:\/\/twitter.com\/intent\/tweet?url=https:\/\/www.compagniadisanpaolo.it\/it\/news\/pubblicati-gli-esiti-della-call-for-action-equilibri\/\">\n\t\t\t\t<span class=\"sr-only\">Twitter<\/span>\n\t\t\t\t<i class=\"fa-brands fa-x-twitter\"><\/i>\n\t\t\t      <\/a>\n\t\t\t    <\/span>\n\n\t\t\t    \n\t\t\t    <span class=\"box\">\n\t\t\t      <a class=\"linkedin\" href=\"https:\/\/www.linkedin.com\/shareArticle?mini=true&url=https:\/\/www.compagniadisanpaolo.it\/it\/news\/pubblicati-gli-esiti-della-call-for-action-equilibri\/\">\n\t\t\t\t<span class=\"sr-only\">Linkedin<\/span>\n\t\t\t\t  <i class=\"fa-brands fa-linkedin-in\"><\/i>\n\t\t\t      <\/a>\n\t\t\t    <\/span>\n\n\t\t\t    <span class=\"box\">\n\t\t\t      <a class=\"whatsapp\" href=\"whatsapp:\/\/send?text=https:\/\/www.compagniadisanpaolo.it\/it\/news\/pubblicati-gli-esiti-della-call-for-action-equilibri\/\" data-action=\"share\/whatsapp\/share\">\n\t\t\t\t<span class=\"sr-only\">Whatsapp<\/span>\n\t\t\t\t<i class=\"fa-brands fa-whatsapp\"><\/i>\n\t\t\t      <\/a>\n\t\t\t    <\/span>\n\n\t\t\t    <span class=\"box\">\n\t\t\t      <a class=\"mail\" href=\"mailto:?subject=Pubblicati gli esiti della Call for Action Equilibri&body=https:\/\/www.compagniadisanpaolo.it\/it\/news\/pubblicati-gli-esiti-della-call-for-action-equilibri\/\">\n\t\t\t\t<span class=\"sr-only\">Mail<\/span>\n\t\t\t\t <i class=\"fa-solid fa-envelope\"><\/i>\n\t\t\t      <\/a>\n\t\t\t    <\/span>\n\t\t\t    \n\t\t\t  <\/div>\n\t\t\t<\/div>\n\t      <\/div>\n\t    <\/div><\/div>\n[\/vc_column_text][\/vc_column][\/vc_row][vc_row][vc_column width=&#8221;1\/4&#8243;][vc_column_text]\n\n\n\t\t<div class=\"info-box-wrap\">\n\n\t  <div class=\"info-box date-pub\">\n\t  \t<span class=\"label\">Data di pubblicazione:<\/span>\n\t    <span class=\"value\">4 Maggio 2022<\/span>\n\t  <\/div>\n\t\t\t\t  <div class=\"info-box obj-people\">\n\t\t\t\t\t  <div class=\"info-box obj\"><span class=\"label\">Obiettivo<\/span>\n\t\t\t\t\t    <div class=\"obj-small-box\">\n\t\t\t\t\t      <span>Persone.<\/span>\n\t\t\t\t\t    <\/div>\n\t\t\t\t\t  <\/div>\n\t\t\t\t  <\/div>\n\t\t\t  <div class=\"info-box mission\"><span class=\"label\">Tag<\/span><a href=\"https:\/\/www.compagniadisanpaolo.it\/it\/tags\/risultati\/?_sft_post_tag=coesione-sociale\" class=\"tag-element\">Coesione sociale<\/a><a href=\"https:\/\/www.compagniadisanpaolo.it\/it\/tags\/risultati\/?_sft_post_tag=leadership-dei-minori\" class=\"tag-element\">Leadership dei minori<\/a><a href=\"https:\/\/www.compagniadisanpaolo.it\/it\/tags\/risultati\/?_sft_post_tag=pari-opportunita\" class=\"tag-element\">Pari opportunit\u00e0<\/a><a href=\"https:\/\/www.compagniadisanpaolo.it\/it\/tags\/risultati\/?_sft_post_tag=piena-cittadinanza-e-diritti\" class=\"tag-element\">Piena cittadinanza e diritti<\/a><\/div>\t  \n\t<\/div>\n[\/vc_column_text][\/vc_column][vc_column width=&#8221;3\/4&#8243; el_class=&#8221;page-content&#8221;][vc_column_text el_class=&#8221;text&#8221;]Sono stati pubblicati in data odierna gli esiti della <strong>Call for Action<\/strong> &#8220;<strong>Equilibri \u2013 Una sfida per le reti territoriali: lavoro delle donne e percorsi educativi di bambine e bambini.&#8221;<\/strong>, attivata dalla Fondazione Compagnia di San Paolo per fronteggiare alcune problematiche sociali del nostro Paese, come la <strong>bassa partecipazione femminile<\/strong> <strong>al mondo del lavoro<\/strong> e l\u2019alta <strong>incidenza della povert\u00e0 educativa minorile<\/strong>.<\/p>\n<p>L\u2019iniziativa, in particolare, intende raggiungere i seguenti obiettivi:<\/p>\n<ul>\n<li><strong>favorire l\u2019ingresso e la permanenza al lavoro di donne<\/strong> a rischio o in situazione di svantaggio con figli minori, disoccupate e\/o inattive, o occupate con bisogni di conciliazione;<\/li>\n<li><strong>garantire la fruizione da parte dei loro figli minori di percorsi educativi di qualit\u00e0<\/strong> e misure di contrasto della povert\u00e0 educativa;<\/li>\n<li><strong>sperimentare azioni sistemiche di welfare aziendale e welfare di comunit\u00e0 <\/strong>attraverso la collaborazione di un\u2019ampia rete di servizi, aziende e di attori, anche non convenzionali.<\/li>\n<\/ul>\n<p>Il progetto, consentir\u00e0 inoltre di sperimentare modalit\u00e0 di intervento innovative che potranno successivamente integrarsi con le <strong>politiche europee<\/strong>, <strong>nazionali<\/strong> e <strong>regionali <\/strong>che saranno realizzate nei prossimi anni grazie alle risorse del <strong>PNRR<\/strong>, della programmazione <strong>EU 2021-2027<\/strong> e nel quadro della <strong>Child Guarantee<\/strong>.<\/p>\n<p>Attraverso la Call for Action \u201cEquilibri\u201d, la <strong>Fondazione Compagnia di San Paolo<\/strong> intende quindi <strong>rafforzare e sviluppare le infrastrutture sociali dei sistemi territoriali<\/strong>, affinch\u00e9 si consolidino forme di collaborazione e capacit\u00e0 di risposte integrate per promuovere il <strong>lavoro femminile<\/strong>, <strong>servizi di conciliazione e di cura<\/strong>, misure di <strong>contrasto alla povert\u00e0<\/strong> <strong>educativa <\/strong>e <strong>servizi educativi di qualit\u00e0<\/strong>.<\/p>\n<p>La <strong>Fondazione Compagnia di San Paolo<\/strong> ringrazia la <strong>Fondazione Cassa di Risparmio di Biella<\/strong> per aver deciso di contribuire alla proposta \u201c<strong>Bi-lanciare<\/strong>\u201d, promossa dal partenariato di soggetti biellesi e per il supporto che vorr\u00e0 assicurare durante l\u2019intero sviluppo dell\u2019iniziativa. La proposta \u201cBi-lanciare\u201d, infatti, si inserisce nel percorso dell\u2019osservatorio territoriale del Biellese \u201cOsservabiella\u201d avviato dalla Fondazione Cassa di Risparmio di Biella.<\/p>\n<p>Per consultare l\u2019elenco delle iniziative selezionate, <a href=\"https:\/\/www.compagniadisanpaolo.it\/it\/documenti\/call-for-action-equilibri-esiti\/\" target=\"_blank\" rel=\"noopener\"><strong>clicca qui<\/strong><\/a>.[\/vc_column_text][\/vc_column][\/vc_row][vc_row el_class=&#8221;sdg-list-wrap&#8221;][vc_column][vc_raw_html]JTVCbW9zdHJhU0RHUyU1RA==[\/vc_raw_html][\/vc_column][\/vc_row][vc_row full_width=&#8221;stretch_row&#8221; el_class=&#8221;download-area-wrap mt-0 mb-0&#8243; css=&#8221;.vc_custom_1649781722387{margin-bottom: 0px !important;}&#8221;][vc_column el_class=&#8221;download-area&#8221;][vc_raw_html]JTVCU2V6aW9uZV9Eb2N1bWVudGklNUQ=[\/vc_raw_html][\/vc_column][\/vc_row][vc_row][vc_column]<div class=\"templatera_shortcode\"><div data-vc-full-width=\"true\" data-vc-full-width-temp=\"true\" data-vc-full-width-init=\"false\" class=\"vc_row wpb_row vc_row-fluid newsletter-wrap\"><div class=\"wpb_column vc_column_container vc_col-sm-12\"><div class=\"vc_column-inner\"><div class=\"wpb_wrapper\">\n\t<div class=\"wpb_raw_code wpb_raw_html wpb_content_element\" >\n\t\t<div class=\"wpb_wrapper\">\n\t\t\t    <div class=\"container\">\n      <div class=\"row align-items-center\">\n\t<div class=\"col-12 col-lg-6 col-xl-5 mb-3 mb-lg-0 pr-0\">\n\t  <h2 class=\"title\">Rimani aggiornato sui nostri bandi e sui nostri progetti<\/h2>\n\t<\/div>\n\t<div class=\"col-12 col-lg-6 col-xl-7 pl-xl-4\">\n\t  <a class=\"standard-link-block\" href=\"\/it\/newsletter\/\">\n\t    Compila il form e decidi su quale argomento vuoi ricevere notizie.\t    <strong>\u00a0 ISCRIVITI!<\/strong>\n\t  <\/a>\n\t<\/div>\n      <\/div>\n    <\/div>\n\t\t<\/div>\n\t<\/div>\n<\/div><\/div><\/div><\/div><div class=\"vc_row-full-width vc_clearfix\"><\/div><\/div>[\/vc_column][\/vc_row]\n<\/div>","protected":false},"excerpt":{"rendered":"A conclusione delle procedure di valutazione previste per la call for action \u201cEquilibri\", la Fondazione Compagnia di San Paolo ha deliberato l\u2019accesso alla fase II della dell'iniziativa per 3 progetti su 16 pervenuti. Condividi: Facebook Twitter Linkedin Whatsapp Mail Data di pubblicazione: 4 Maggio 2022 Obiettivo Persone. TagCoesione socialeLeadership dei minoriPari opportunit\u00e0Piena cittadinanza e diritti Sono stati pubblicati in data odierna gli esiti della Call for Action \"Equilibri \u2013 Una sfida per le reti territoriali: lavoro delle donne e percorsi educativi di bambine e bambini.\", attivata dalla Fondazione Compagnia di San Paolo per fronteggiare alcune problematiche sociali del nostro Paese, come la bassa partecipazione femminile al mondo del lavoro e l\u2019alta incidenza della povert\u00e0 educativa minorile. L\u2019iniziativa, in particolare, intende raggiungere i seguenti obiettivi: favorire l\u2019ingresso e la permanenza al lavoro di donne a rischio o in situazione di svantaggio con figli minori, disoccupate e\/o inattive, o occupate con bisogni di conciliazione; garantire la fruizione da parte dei loro figli minori di percorsi educativi di qualit\u00e0 e misure di contrasto della povert\u00e0 educativa; sperimentare azioni sistemiche di welfare aziendale e welfare di comunit\u00e0 attraverso la collaborazione di un\u2019ampia rete di servizi, aziende e di attori, anche non convenzionali. Il progetto, consentir\u00e0 inoltre di sperimentare modalit\u00e0 di intervento innovative che potranno successivamente integrarsi con le politiche europee, nazionali e regionali che saranno realizzate nei prossimi anni grazie alle risorse del PNRR, della programmazione EU 2021-2027 e nel quadro della Child Guarantee. Attraverso la Call for Action \u201cEquilibri\u201d, la Fondazione Compagnia di San Paolo intende quindi rafforzare e sviluppare le infrastrutture sociali dei sistemi territoriali, affinch\u00e9 si consolidino forme di collaborazione e capacit\u00e0 di risposte integrate per promuovere il lavoro femminile, servizi di conciliazione e di cura, misure di contrasto alla povert\u00e0 educativa e servizi educativi di qualit\u00e0. La Fondazione Compagnia di San Paolo ringrazia la Fondazione Cassa di Risparmio di Biella per aver deciso di contribuire alla proposta \u201cBi-lanciare\u201d, promossa dal partenariato di soggetti biellesi e per il supporto che vorr\u00e0 assicurare durante l\u2019intero sviluppo dell\u2019iniziativa. La proposta \u201cBi-lanciare\u201d, infatti, si inserisce nel percorso dell\u2019osservatorio territoriale del Biellese \u201cOsservabiella\u201d avviato dalla Fondazione Cassa di Risparmio di Biella. Per consultare l\u2019elenco delle iniziative selezionate, clicca qui. Questo Bando contribuisce al raggiungimento dei seguenti Obiettivi di Sviluppo Sostenibile Documenti di riferimento Call for Action Equilibri - Esiti Scarica il documento Rimani aggiornato sui nostri bandi e sui nostri progetti Compila il form e decidi su quale argomento vuoi ricevere notizie. \u00a0 ISCRIVITI!","protected":false},"author":19,"featured_media":18008,"comment_status":"closed","ping_status":"closed","sticky":false,"template":"","format":"standard","meta":{"_acf_changed":false,"content-type":"","footnotes":""},"categories":[17],"tags":[51,56,79,93],"class_list":["post-17999","post","type-post","status-publish","format-standard","has-post-thumbnail","hentry","category-news","tag-coesione-sociale","tag-leadership-dei-minori","tag-pari-opportunita","tag-piena-cittadinanza-e-diritti","entry","post-inner"],"acf":[],"yoast_head":"<!-- This site is optimized with the Yoast SEO plugin v27.3 - https:\/\/yoast.com\/product\/yoast-seo-wordpress\/ -->\n<title>Pubblicati gli esiti della Call for Action Equilibri - Fondazione Compagnia di San Paolo<\/title>\n<meta name=\"description\" content=\"A conclusione delle procedure di valutazione previste per la call for action \u201cEquilibri&quot;, la Fondazione Compagnia di San Paolo ha deliberato l\u2019accesso alla fase II della dell&#039;iniziativa per 3 progetti su 16 pervenuti.\" \/>\n<meta name=\"robots\" content=\"index, follow, max-snippet:-1, max-image-preview:large, max-video-preview:-1\" \/>\n<link rel=\"canonical\" href=\"https:\/\/www.compagniadisanpaolo.it\/it\/news\/pubblicati-gli-esiti-della-call-for-action-equilibri\/\" \/>\n<meta property=\"og:locale\" content=\"it_IT\" \/>\n<meta property=\"og:type\" content=\"article\" \/>\n<meta property=\"og:title\" content=\"Pubblicati gli esiti della Call for Action Equilibri - Fondazione Compagnia di San Paolo\" \/>\n<meta property=\"og:description\" content=\"A conclusione delle procedure di valutazione previste per la call for action \u201cEquilibri&quot;, la Fondazione Compagnia di San Paolo ha deliberato l\u2019accesso alla fase II della dell&#039;iniziativa per 3 progetti su 16 pervenuti.\" \/>\n<meta property=\"og:url\" content=\"https:\/\/www.compagniadisanpaolo.it\/it\/news\/pubblicati-gli-esiti-della-call-for-action-equilibri\/\" \/>\n<meta property=\"og:site_name\" content=\"Fondazione Compagnia di San Paolo\" \/>\n<meta property=\"article:publisher\" content=\"https:\/\/www.facebook.com\/CompagniaDiSanPaolo\" \/>\n<meta property=\"article:published_time\" content=\"2022-05-04T12:39:49+00:00\" \/>\n<meta property=\"og:image\" content=\"https:\/\/www.compagniadisanpaolo.it\/wp-content\/uploads\/equilibri-head-4.jpg\" \/>\n\t<meta property=\"og:image:width\" content=\"815\" \/>\n\t<meta property=\"og:image:height\" content=\"350\" \/>\n\t<meta property=\"og:image:type\" content=\"image\/jpeg\" \/>\n<meta name=\"author\" content=\"Federica\" \/>\n<meta name=\"twitter:card\" content=\"summary_large_image\" \/>\n<meta name=\"twitter:creator\" content=\"@CSP_live\" \/>\n<meta name=\"twitter:site\" content=\"@CSP_live\" \/>\n<meta name=\"twitter:label1\" content=\"Scritto da\" \/>\n\t<meta name=\"twitter:data1\" content=\"Federica\" \/>\n\t<meta name=\"twitter:label2\" content=\"Tempo di lettura stimato\" \/>\n\t<meta name=\"twitter:data2\" content=\"2 minuti\" \/>\n<script type=\"application\/ld+json\" class=\"yoast-schema-graph\">{\"@context\":\"https:\\\/\\\/schema.org\",\"@graph\":[{\"@type\":\"Article\",\"@id\":\"https:\\\/\\\/www.compagniadisanpaolo.it\\\/it\\\/news\\\/pubblicati-gli-esiti-della-call-for-action-equilibri\\\/#article\",\"isPartOf\":{\"@id\":\"https:\\\/\\\/www.compagniadisanpaolo.it\\\/it\\\/news\\\/pubblicati-gli-esiti-della-call-for-action-equilibri\\\/\"},\"author\":{\"name\":\"Federica\",\"@id\":\"https:\\\/\\\/www.compagniadisanpaolo.it\\\/it\\\/#\\\/schema\\\/person\\\/b7d5451541c25c82f29c5be1e78456b2\"},\"headline\":\"Pubblicati gli esiti della Call for Action Equilibri\",\"datePublished\":\"2022-05-04T12:39:49+00:00\",\"mainEntityOfPage\":{\"@id\":\"https:\\\/\\\/www.compagniadisanpaolo.it\\\/it\\\/news\\\/pubblicati-gli-esiti-della-call-for-action-equilibri\\\/\"},\"wordCount\":493,\"publisher\":{\"@id\":\"https:\\\/\\\/www.compagniadisanpaolo.it\\\/it\\\/#organization\"},\"image\":{\"@id\":\"https:\\\/\\\/www.compagniadisanpaolo.it\\\/it\\\/news\\\/pubblicati-gli-esiti-della-call-for-action-equilibri\\\/#primaryimage\"},\"thumbnailUrl\":\"https:\\\/\\\/www.compagniadisanpaolo.it\\\/wp-content\\\/uploads\\\/equilibri-head-4.jpg\",\"keywords\":[\"coesione sociale\",\"leadership dei minori\",\"pari opportunit\u00e0\",\"piena cittadinanza e diritti\"],\"articleSection\":[\"News\"],\"inLanguage\":\"it-IT\"},{\"@type\":\"WebPage\",\"@id\":\"https:\\\/\\\/www.compagniadisanpaolo.it\\\/it\\\/news\\\/pubblicati-gli-esiti-della-call-for-action-equilibri\\\/\",\"url\":\"https:\\\/\\\/www.compagniadisanpaolo.it\\\/it\\\/news\\\/pubblicati-gli-esiti-della-call-for-action-equilibri\\\/\",\"name\":\"Pubblicati gli esiti della Call for Action Equilibri - Fondazione Compagnia di San Paolo\",\"isPartOf\":{\"@id\":\"https:\\\/\\\/www.compagniadisanpaolo.it\\\/it\\\/#website\"},\"primaryImageOfPage\":{\"@id\":\"https:\\\/\\\/www.compagniadisanpaolo.it\\\/it\\\/news\\\/pubblicati-gli-esiti-della-call-for-action-equilibri\\\/#primaryimage\"},\"image\":{\"@id\":\"https:\\\/\\\/www.compagniadisanpaolo.it\\\/it\\\/news\\\/pubblicati-gli-esiti-della-call-for-action-equilibri\\\/#primaryimage\"},\"thumbnailUrl\":\"https:\\\/\\\/www.compagniadisanpaolo.it\\\/wp-content\\\/uploads\\\/equilibri-head-4.jpg\",\"datePublished\":\"2022-05-04T12:39:49+00:00\",\"description\":\"A conclusione delle procedure di valutazione previste per la call for action \u201cEquilibri\\\", la Fondazione Compagnia di San Paolo ha deliberato l\u2019accesso alla fase II della dell'iniziativa per 3 progetti su 16 pervenuti.\",\"breadcrumb\":{\"@id\":\"https:\\\/\\\/www.compagniadisanpaolo.it\\\/it\\\/news\\\/pubblicati-gli-esiti-della-call-for-action-equilibri\\\/#breadcrumb\"},\"inLanguage\":\"it-IT\",\"potentialAction\":[{\"@type\":\"ReadAction\",\"target\":[\"https:\\\/\\\/www.compagniadisanpaolo.it\\\/it\\\/news\\\/pubblicati-gli-esiti-della-call-for-action-equilibri\\\/\"]}]},{\"@type\":\"ImageObject\",\"inLanguage\":\"it-IT\",\"@id\":\"https:\\\/\\\/www.compagniadisanpaolo.it\\\/it\\\/news\\\/pubblicati-gli-esiti-della-call-for-action-equilibri\\\/#primaryimage\",\"url\":\"https:\\\/\\\/www.compagniadisanpaolo.it\\\/wp-content\\\/uploads\\\/equilibri-head-4.jpg\",\"contentUrl\":\"https:\\\/\\\/www.compagniadisanpaolo.it\\\/wp-content\\\/uploads\\\/equilibri-head-4.jpg\",\"width\":815,\"height\":350},{\"@type\":\"BreadcrumbList\",\"@id\":\"https:\\\/\\\/www.compagniadisanpaolo.it\\\/it\\\/news\\\/pubblicati-gli-esiti-della-call-for-action-equilibri\\\/#breadcrumb\",\"itemListElement\":[{\"@type\":\"ListItem\",\"position\":1,\"name\":\"Home\",\"item\":\"https:\\\/\\\/www.compagniadisanpaolo.it\\\/it\\\/\"},{\"@type\":\"ListItem\",\"position\":2,\"name\":\"Pubblicati gli esiti della Call for Action Equilibri\"}]},{\"@type\":\"WebSite\",\"@id\":\"https:\\\/\\\/www.compagniadisanpaolo.it\\\/it\\\/#website\",\"url\":\"https:\\\/\\\/www.compagniadisanpaolo.it\\\/it\\\/\",\"name\":\"Fondazione Compagnia di San Paolo\",\"description\":\"\",\"publisher\":{\"@id\":\"https:\\\/\\\/www.compagniadisanpaolo.it\\\/it\\\/#organization\"},\"potentialAction\":[{\"@type\":\"SearchAction\",\"target\":{\"@type\":\"EntryPoint\",\"urlTemplate\":\"https:\\\/\\\/www.compagniadisanpaolo.it\\\/it\\\/?s={search_term_string}\"},\"query-input\":{\"@type\":\"PropertyValueSpecification\",\"valueRequired\":true,\"valueName\":\"search_term_string\"}}],\"inLanguage\":\"it-IT\"},{\"@type\":\"Organization\",\"@id\":\"https:\\\/\\\/www.compagniadisanpaolo.it\\\/it\\\/#organization\",\"name\":\"Fondazione Compagnia di San Paolo\",\"url\":\"https:\\\/\\\/www.compagniadisanpaolo.it\\\/it\\\/\",\"logo\":{\"@type\":\"ImageObject\",\"inLanguage\":\"it-IT\",\"@id\":\"https:\\\/\\\/www.compagniadisanpaolo.it\\\/it\\\/#\\\/schema\\\/logo\\\/image\\\/\",\"url\":\"https:\\\/\\\/www.compagniadisanpaolo.it\\\/wp-content\\\/uploads\\\/logo.svg\",\"contentUrl\":\"https:\\\/\\\/www.compagniadisanpaolo.it\\\/wp-content\\\/uploads\\\/logo.svg\",\"width\":769,\"height\":323,\"caption\":\"Fondazione Compagnia di San Paolo\"},\"image\":{\"@id\":\"https:\\\/\\\/www.compagniadisanpaolo.it\\\/it\\\/#\\\/schema\\\/logo\\\/image\\\/\"},\"sameAs\":[\"https:\\\/\\\/www.facebook.com\\\/CompagniaDiSanPaolo\",\"https:\\\/\\\/x.com\\\/CSP_live\",\"http:\\\/\\\/instagram.com\\\/compagniadisanpaolo?ref=badge\",\"https:\\\/\\\/www.linkedin.com\\\/company\\\/compagnia-di-san-paolo\",\"https:\\\/\\\/www.youtube.com\\\/user\\\/compagniadisanpaolo\",\"https:\\\/\\\/it.wikipedia.org\\\/wiki\\\/Compagnia_di_San_Paolo\"]},{\"@type\":\"Person\",\"@id\":\"https:\\\/\\\/www.compagniadisanpaolo.it\\\/it\\\/#\\\/schema\\\/person\\\/b7d5451541c25c82f29c5be1e78456b2\",\"name\":\"Federica\",\"image\":{\"@type\":\"ImageObject\",\"inLanguage\":\"it-IT\",\"@id\":\"https:\\\/\\\/secure.gravatar.com\\\/avatar\\\/b5698fa13ac389b1f1fb1263a4626e219d853d7ccf112e854aea8c9c087d24ae?s=96&d=mm&r=g\",\"url\":\"https:\\\/\\\/secure.gravatar.com\\\/avatar\\\/b5698fa13ac389b1f1fb1263a4626e219d853d7ccf112e854aea8c9c087d24ae?s=96&d=mm&r=g\",\"contentUrl\":\"https:\\\/\\\/secure.gravatar.com\\\/avatar\\\/b5698fa13ac389b1f1fb1263a4626e219d853d7ccf112e854aea8c9c087d24ae?s=96&d=mm&r=g\",\"caption\":\"Federica\"}}]}<\/script>\n<!-- \/ Yoast SEO plugin. -->","yoast_head_json":{"title":"Pubblicati gli esiti della Call for Action Equilibri - Fondazione Compagnia di San Paolo","description":"A conclusione delle procedure di valutazione previste per la call for action \u201cEquilibri\", la Fondazione Compagnia di San Paolo ha deliberato l\u2019accesso alla fase II della dell'iniziativa per 3 progetti su 16 pervenuti.","robots":{"index":"index","follow":"follow","max-snippet":"max-snippet:-1","max-image-preview":"max-image-preview:large","max-video-preview":"max-video-preview:-1"},"canonical":"https:\/\/www.compagniadisanpaolo.it\/it\/news\/pubblicati-gli-esiti-della-call-for-action-equilibri\/","og_locale":"it_IT","og_type":"article","og_title":"Pubblicati gli esiti della Call for Action Equilibri - Fondazione Compagnia di San Paolo","og_description":"A conclusione delle procedure di valutazione previste per la call for action \u201cEquilibri\", la Fondazione Compagnia di San Paolo ha deliberato l\u2019accesso alla fase II della dell'iniziativa per 3 progetti su 16 pervenuti.","og_url":"https:\/\/www.compagniadisanpaolo.it\/it\/news\/pubblicati-gli-esiti-della-call-for-action-equilibri\/","og_site_name":"Fondazione Compagnia di San Paolo","article_publisher":"https:\/\/www.facebook.com\/CompagniaDiSanPaolo","article_published_time":"2022-05-04T12:39:49+00:00","og_image":[{"width":815,"height":350,"url":"https:\/\/www.compagniadisanpaolo.it\/wp-content\/uploads\/equilibri-head-4.jpg","type":"image\/jpeg"}],"author":"Federica","twitter_card":"summary_large_image","twitter_creator":"@CSP_live","twitter_site":"@CSP_live","twitter_misc":{"Scritto da":"Federica","Tempo di lettura stimato":"2 minuti"},"schema":{"@context":"https:\/\/schema.org","@graph":[{"@type":"Article","@id":"https:\/\/www.compagniadisanpaolo.it\/it\/news\/pubblicati-gli-esiti-della-call-for-action-equilibri\/#article","isPartOf":{"@id":"https:\/\/www.compagniadisanpaolo.it\/it\/news\/pubblicati-gli-esiti-della-call-for-action-equilibri\/"},"author":{"name":"Federica","@id":"https:\/\/www.compagniadisanpaolo.it\/it\/#\/schema\/person\/b7d5451541c25c82f29c5be1e78456b2"},"headline":"Pubblicati gli esiti della Call for Action Equilibri","datePublished":"2022-05-04T12:39:49+00:00","mainEntityOfPage":{"@id":"https:\/\/www.compagniadisanpaolo.it\/it\/news\/pubblicati-gli-esiti-della-call-for-action-equilibri\/"},"wordCount":493,"publisher":{"@id":"https:\/\/www.compagniadisanpaolo.it\/it\/#organization"},"image":{"@id":"https:\/\/www.compagniadisanpaolo.it\/it\/news\/pubblicati-gli-esiti-della-call-for-action-equilibri\/#primaryimage"},"thumbnailUrl":"https:\/\/www.compagniadisanpaolo.it\/wp-content\/uploads\/equilibri-head-4.jpg","keywords":["coesione sociale","leadership dei minori","pari opportunit\u00e0","piena cittadinanza e diritti"],"articleSection":["News"],"inLanguage":"it-IT"},{"@type":"WebPage","@id":"https:\/\/www.compagniadisanpaolo.it\/it\/news\/pubblicati-gli-esiti-della-call-for-action-equilibri\/","url":"https:\/\/www.compagniadisanpaolo.it\/it\/news\/pubblicati-gli-esiti-della-call-for-action-equilibri\/","name":"Pubblicati gli esiti della Call for Action Equilibri - Fondazione Compagnia di San Paolo","isPartOf":{"@id":"https:\/\/www.compagniadisanpaolo.it\/it\/#website"},"primaryImageOfPage":{"@id":"https:\/\/www.compagniadisanpaolo.it\/it\/news\/pubblicati-gli-esiti-della-call-for-action-equilibri\/#primaryimage"},"image":{"@id":"https:\/\/www.compagniadisanpaolo.it\/it\/news\/pubblicati-gli-esiti-della-call-for-action-equilibri\/#primaryimage"},"thumbnailUrl":"https:\/\/www.compagniadisanpaolo.it\/wp-content\/uploads\/equilibri-head-4.jpg","datePublished":"2022-05-04T12:39:49+00:00","description":"A conclusione delle procedure di valutazione previste per la call for action \u201cEquilibri\", la Fondazione Compagnia di San Paolo ha deliberato l\u2019accesso alla fase II della dell'iniziativa per 3 progetti su 16 pervenuti.","breadcrumb":{"@id":"https:\/\/www.compagniadisanpaolo.it\/it\/news\/pubblicati-gli-esiti-della-call-for-action-equilibri\/#breadcrumb"},"inLanguage":"it-IT","potentialAction":[{"@type":"ReadAction","target":["https:\/\/www.compagniadisanpaolo.it\/it\/news\/pubblicati-gli-esiti-della-call-for-action-equilibri\/"]}]},{"@type":"ImageObject","inLanguage":"it-IT","@id":"https:\/\/www.compagniadisanpaolo.it\/it\/news\/pubblicati-gli-esiti-della-call-for-action-equilibri\/#primaryimage","url":"https:\/\/www.compagniadisanpaolo.it\/wp-content\/uploads\/equilibri-head-4.jpg","contentUrl":"https:\/\/www.compagniadisanpaolo.it\/wp-content\/uploads\/equilibri-head-4.jpg","width":815,"height":350},{"@type":"BreadcrumbList","@id":"https:\/\/www.compagniadisanpaolo.it\/it\/news\/pubblicati-gli-esiti-della-call-for-action-equilibri\/#breadcrumb","itemListElement":[{"@type":"ListItem","position":1,"name":"Home","item":"https:\/\/www.compagniadisanpaolo.it\/it\/"},{"@type":"ListItem","position":2,"name":"Pubblicati gli esiti della Call for Action Equilibri"}]},{"@type":"WebSite","@id":"https:\/\/www.compagniadisanpaolo.it\/it\/#website","url":"https:\/\/www.compagniadisanpaolo.it\/it\/","name":"Fondazione Compagnia di San Paolo","description":"","publisher":{"@id":"https:\/\/www.compagniadisanpaolo.it\/it\/#organization"},"potentialAction":[{"@type":"SearchAction","target":{"@type":"EntryPoint","urlTemplate":"https:\/\/www.compagniadisanpaolo.it\/it\/?s={search_term_string}"},"query-input":{"@type":"PropertyValueSpecification","valueRequired":true,"valueName":"search_term_string"}}],"inLanguage":"it-IT"},{"@type":"Organization","@id":"https:\/\/www.compagniadisanpaolo.it\/it\/#organization","name":"Fondazione Compagnia di San Paolo","url":"https:\/\/www.compagniadisanpaolo.it\/it\/","logo":{"@type":"ImageObject","inLanguage":"it-IT","@id":"https:\/\/www.compagniadisanpaolo.it\/it\/#\/schema\/logo\/image\/","url":"https:\/\/www.compagniadisanpaolo.it\/wp-content\/uploads\/logo.svg","contentUrl":"https:\/\/www.compagniadisanpaolo.it\/wp-content\/uploads\/logo.svg","width":769,"height":323,"caption":"Fondazione Compagnia di San Paolo"},"image":{"@id":"https:\/\/www.compagniadisanpaolo.it\/it\/#\/schema\/logo\/image\/"},"sameAs":["https:\/\/www.facebook.com\/CompagniaDiSanPaolo","https:\/\/x.com\/CSP_live","http:\/\/instagram.com\/compagniadisanpaolo?ref=badge","https:\/\/www.linkedin.com\/company\/compagnia-di-san-paolo","https:\/\/www.youtube.com\/user\/compagniadisanpaolo","https:\/\/it.wikipedia.org\/wiki\/Compagnia_di_San_Paolo"]},{"@type":"Person","@id":"https:\/\/www.compagniadisanpaolo.it\/it\/#\/schema\/person\/b7d5451541c25c82f29c5be1e78456b2","name":"Federica","image":{"@type":"ImageObject","inLanguage":"it-IT","@id":"https:\/\/secure.gravatar.com\/avatar\/b5698fa13ac389b1f1fb1263a4626e219d853d7ccf112e854aea8c9c087d24ae?s=96&d=mm&r=g","url":"https:\/\/secure.gravatar.com\/avatar\/b5698fa13ac389b1f1fb1263a4626e219d853d7ccf112e854aea8c9c087d24ae?s=96&d=mm&r=g","contentUrl":"https:\/\/secure.gravatar.com\/avatar\/b5698fa13ac389b1f1fb1263a4626e219d853d7ccf112e854aea8c9c087d24ae?s=96&d=mm&r=g","caption":"Federica"}}]}},"amp_enabled":true,"_links":{"self":[{"href":"https:\/\/www.compagniadisanpaolo.it\/it\/wp-json\/wp\/v2\/posts\/17999","targetHints":{"allow":["GET"]}}],"collection":[{"href":"https:\/\/www.compagniadisanpaolo.it\/it\/wp-json\/wp\/v2\/posts"}],"about":[{"href":"https:\/\/www.compagniadisanpaolo.it\/it\/wp-json\/wp\/v2\/types\/post"}],"author":[{"embeddable":true,"href":"https:\/\/www.compagniadisanpaolo.it\/it\/wp-json\/wp\/v2\/users\/19"}],"replies":[{"embeddable":true,"href":"https:\/\/www.compagniadisanpaolo.it\/it\/wp-json\/wp\/v2\/comments?post=17999"}],"version-history":[{"count":4,"href":"https:\/\/www.compagniadisanpaolo.it\/it\/wp-json\/wp\/v2\/posts\/17999\/revisions"}],"predecessor-version":[{"id":18016,"href":"https:\/\/www.compagniadisanpaolo.it\/it\/wp-json\/wp\/v2\/posts\/17999\/revisions\/18016"}],"wp:featuredmedia":[{"embeddable":true,"href":"https:\/\/www.compagniadisanpaolo.it\/it\/wp-json\/wp\/v2\/media\/18008"}],"wp:attachment":[{"href":"https:\/\/www.compagniadisanpaolo.it\/it\/wp-json\/wp\/v2\/media?parent=17999"}],"wp:term":[{"taxonomy":"category","embeddable":true,"href":"https:\/\/www.compagniadisanpaolo.it\/it\/wp-json\/wp\/v2\/categories?post=17999"},{"taxonomy":"post_tag","embeddable":true,"href":"https:\/\/www.compagniadisanpaolo.it\/it\/wp-json\/wp\/v2\/tags?post=17999"}],"curies":[{"name":"wp","href":"https:\/\/api.w.org\/{rel}","templated":true}]}}