{"id":17808,"date":"2022-04-29T14:50:17","date_gmt":"2022-04-29T12:50:17","guid":{"rendered":"https:\/\/www.compagniadisanpaolo.it\/?p=17808"},"modified":"2022-04-29T14:50:17","modified_gmt":"2022-04-29T12:50:17","slug":"la-bella-stagione-2022-e-pronta-a-partire","status":"publish","type":"post","link":"https:\/\/www.compagniadisanpaolo.it\/it\/news\/la-bella-stagione-2022-e-pronta-a-partire\/","title":{"rendered":"&#8220;La Bella Stagione 2022&#8221; \u00e8 pronta a partire"},"content":{"rendered":"<div class=\"wpb-content-wrapper\">[vc_row][vc_column][vc_column_text el_class=&#8221;text-headline2&#8243;]Pubblicati i nomi degli enti che contribuiranno a costruire il palinsesto di attivit\u00e0 previste dall&#8217;iniziativa \u201cLa Bella Stagione 2022\u201d, messa in campo per offrire ai pi\u00f9 giovani nuove occasioni di partecipazione e di crescita nel corso delle settimane estive.[\/vc_column_text][\/vc_column][\/vc_row][vc_row][vc_column][vc_column_text]\n<div class=\"info-box mission\">\n\t\t<div class=\"info-box-wrap info-box-hor row pb-0\">\n\n\t\t      \n\t\t      <div class=\"spalla col-12 col-md-12\">\n\t\t\t<div class=\"info-box sharing-box\">\n\t\t\t  <span class=\"label\">Condividi:<\/span>\n\t\t\t  <div class=\"social-sharing\">\n\t\t\t    <span class=\"box\">\n\t\t\t      <a class=\"fb\" href=\"https:\/\/www.facebook.com\/sharer.php?u=https:\/\/www.compagniadisanpaolo.it\/it\/news\/la-bella-stagione-2022-e-pronta-a-partire\/\" target=\"_blank\">\n\t\t\t\t<span class=\"sr-only\">Facebook<\/span>\n\t\t\t\t<i class=\"fab fa-facebook-f\"><\/i>\n\t\t\t      <\/a>\n\t\t\t    <\/span>\n\t\t\t    \n\t\t\t    <style>\n.twitter, .twitter:hover{\ncolor:#000000 !important;}\n<\/style>\n\n\n\t\t\t    <span class=\"box\">\n\t\t\t      <a class=\"twitter\" href=\"https:\/\/twitter.com\/intent\/tweet?url=https:\/\/www.compagniadisanpaolo.it\/it\/news\/la-bella-stagione-2022-e-pronta-a-partire\/\">\n\t\t\t\t<span class=\"sr-only\">Twitter<\/span>\n\t\t\t\t<i class=\"fa-brands fa-x-twitter\"><\/i>\n\t\t\t      <\/a>\n\t\t\t    <\/span>\n\n\t\t\t    \n\t\t\t    <span class=\"box\">\n\t\t\t      <a class=\"linkedin\" href=\"https:\/\/www.linkedin.com\/shareArticle?mini=true&url=https:\/\/www.compagniadisanpaolo.it\/it\/news\/la-bella-stagione-2022-e-pronta-a-partire\/\">\n\t\t\t\t<span class=\"sr-only\">Linkedin<\/span>\n\t\t\t\t  <i class=\"fa-brands fa-linkedin-in\"><\/i>\n\t\t\t      <\/a>\n\t\t\t    <\/span>\n\n\t\t\t    <span class=\"box\">\n\t\t\t      <a class=\"whatsapp\" href=\"whatsapp:\/\/send?text=https:\/\/www.compagniadisanpaolo.it\/it\/news\/la-bella-stagione-2022-e-pronta-a-partire\/\" data-action=\"share\/whatsapp\/share\">\n\t\t\t\t<span class=\"sr-only\">Whatsapp<\/span>\n\t\t\t\t<i class=\"fa-brands fa-whatsapp\"><\/i>\n\t\t\t      <\/a>\n\t\t\t    <\/span>\n\n\t\t\t    <span class=\"box\">\n\t\t\t      <a class=\"mail\" href=\"mailto:?subject=\"La Bella Stagione 2022\" \u00e8 pronta a partire&body=https:\/\/www.compagniadisanpaolo.it\/it\/news\/la-bella-stagione-2022-e-pronta-a-partire\/\">\n\t\t\t\t<span class=\"sr-only\">Mail<\/span>\n\t\t\t\t <i class=\"fa-solid fa-envelope\"><\/i>\n\t\t\t      <\/a>\n\t\t\t    <\/span>\n\t\t\t    \n\t\t\t  <\/div>\n\t\t\t<\/div>\n\t      <\/div>\n\t    <\/div><\/div>\n[\/vc_column_text][\/vc_column][\/vc_row][vc_row][vc_column width=&#8221;1\/4&#8243;][vc_column_text]\n\n\n\t\t<div class=\"info-box-wrap\">\n\n\t  <div class=\"info-box date-pub\">\n\t  \t<span class=\"label\">Data di pubblicazione:<\/span>\n\t    <span class=\"value\">29 Aprile 2022<\/span>\n\t  <\/div>\n\t\t\t\t  <div class=\"info-box obj-culture\">\n\t\t\t\t\t  <div class=\"info-box obj\"><span class=\"label\">Obiettivo<\/span>\n\t\t\t\t\t    <div class=\"obj-small-box\">\n\t\t\t\t\t      <span>Cultura.<\/span>\n\t\t\t\t\t    <\/div>\n\t\t\t\t\t  <\/div>\n\t\t\t\t  <\/div>\n\t\t\t  \n\t\t  \t   <div class=\"info-box obj-people\">\n\t\t\t\t  <div class=\"info-box obj\"><span class=\"label\">Obiettivo<\/span>\n\t\t\t\t    <div class=\"obj-small-box\">\n\t\t\t\t      <span>Persone.<\/span>\n\t\t\t\t    <\/div>\n\t\t\t\t  <\/div>\n\t\t\t  <\/div><div class=\"info-box mission\"><span class=\"label\">Tag<\/span><a href=\"https:\/\/www.compagniadisanpaolo.it\/it\/tags\/risultati\/?_sft_post_tag=cittadinanza-attiva\" class=\"tag-element\">Cittadinanza attiva<\/a><a href=\"https:\/\/www.compagniadisanpaolo.it\/it\/tags\/risultati\/?_sft_post_tag=comunita-educanti\" class=\"tag-element\">Comunit\u00e0 educanti<\/a><a href=\"https:\/\/www.compagniadisanpaolo.it\/it\/tags\/risultati\/?_sft_post_tag=creativita-ed-esperienze-attive\" class=\"tag-element\">Creativit\u00e0 ed esperienze attive<\/a><a href=\"https:\/\/www.compagniadisanpaolo.it\/it\/tags\/risultati\/?_sft_post_tag=creazione-di-reti-solide\" class=\"tag-element\">Creazione di reti solide<\/a><a href=\"https:\/\/www.compagniadisanpaolo.it\/it\/tags\/risultati\/?_sft_post_tag=empowerment-delle-famiglie\" class=\"tag-element\">Empowerment delle famiglie<\/a><a href=\"https:\/\/www.compagniadisanpaolo.it\/it\/tags\/risultati\/?_sft_post_tag=nuove-generazioni\" class=\"tag-element\">Nuove generazioni<\/a><a href=\"https:\/\/www.compagniadisanpaolo.it\/it\/tags\/risultati\/?_sft_post_tag=protagonismo-delle-comunita\" class=\"tag-element\">Protagonismo delle comunit\u00e0<\/a><\/div>\t  \n\t<\/div>\n[\/vc_column_text][\/vc_column][vc_column width=&#8221;3\/4&#8243; el_class=&#8221;page-content&#8221;][vc_column_text el_class=&#8221;text&#8221;]Sono <strong>29 gli enti museali e 41 gli enti di partecipazione <\/strong>che hanno risposto alla call for proposals \u201c<a href=\"https:\/\/www.compagniadisanpaolo.it\/it\/news\/lanciata-la-call-for-proposals-la-bella-stagione-2022\/\" target=\"_blank\" rel=\"noopener\"><strong>La Bella Stagione 2022 \u2013 un palinsesto di esperienze in citt\u00e0<\/strong><\/a>\u201d. L\u2019iniziativa \u00e8 parte del programma \u201c<strong>2022. Un\u2019Estate Insieme<\/strong>\u201d che mira a definire un <strong>palinsesto aperto di attivit\u00e0 creative<\/strong> ed <strong>esperienziali<\/strong> oltre a occasioni di <strong>scoperta<\/strong>, <strong>socialit\u00e0 <\/strong>e <strong>movimento a Torino e prima cintura<\/strong> da offrire durante le settimane estive all\u2019<strong>Estate Ragazzi del Comune di Torino \u2013 ITER<\/strong>, agli <strong>Oratori<\/strong> e alle <strong>associazioni del territorio<\/strong>, anche coinvolte nell\u2019iniziativa \u201cSam non va in vacanza\u201d.<\/p>\n<p>Dopo il successo ottenuto nell\u2019edizione 2021 de \u201cLa Bella Stagione\u201d, con oltre 18.000 ingressi registrati, <strong>cresce il numero degli enti e delle attivit\u00e0<\/strong> che quest\u2019anno faranno parte del programma. Sono <strong>118<\/strong> le <strong>iniziative proposte<\/strong>, cos\u00ec suddivise:<\/p>\n<ul>\n<li>46 attivit\u00e0 didattiche museali;<\/li>\n<li>41 laboratori di promozione artistica e creativa;<\/li>\n<li>12 laboratori di divulgazione scientifica ed educazione ambientale;<\/li>\n<li>9 passeggiate urbane;<\/li>\n<li>6 percorsi naturalistici;<\/li>\n<li>4 iniziative di partecipazione attiva.<\/li>\n<\/ul>\n<p>Il palinsesto sar\u00e0 attivo dal <strong>13 giugno al 9 settembre 2022<\/strong> con l\u2019obiettivo di potenziare le occasioni di partecipazione e crescita di bambini, bambine, ragazzi e ragazze nel corso delle settimane estive.<\/p>\n<p>A garantire l\u2019accesso al palinsesto saranno gli <strong>Abbonamenti Musei Junior<\/strong>, che verranno <strong>messi a disposizione dei partecipanti dalla Fondazione Compagnia di San Paolo<\/strong>, grazie alla collaborazione attivata con l\u2019<strong>Associazione Abbonamento Musei<\/strong>. Le tessere Abbonamento Musei Junior potranno essere utilizzare <strong>fino al 10 giugno 2023<\/strong> in tutti i <strong>musei di Piemonte e Valle d\u2019Aosta<\/strong> inseriti nel circuito Abbonamento Musei: un\u2019opportunit\u00e0 per migliaia di bambine e bambini di continuare a fruire e partecipare attivamente la bellezza diffusa dei musei con le proprie famiglie.<\/p>\n<p><a href=\"https:\/\/www.compagniadisanpaolo.it\/it\/documenti\/la-bella-stagione-2022-esiti\/\" target=\"_blank\" rel=\"noopener\"><strong>Qui<\/strong><\/a>\u00a0\u00e8 possibile scaricare l\u2019elenco completo degli enti che hanno risposto alla <strong>call for proposals<\/strong> e che, con le loro attivit\u00e0, comporranno il palinsesto de <strong>La Bella Stagione 2022<\/strong>.<\/p>\n<p>Gli enti inclusi nell\u2019elenco sono invitati a un primo momento di incontro e confronto tra tutti i soggetti che prendono parte a \u201c<strong>2022. Un\u2019Estate Insieme<\/strong>\u201d, lanciato dalla <strong>Fondazione Compagnia di San Paolo, <\/strong>con le missioni <a href=\"https:\/\/www.compagniadisanpaolo.it\/it\/le-nostre-sfide\/obiettivo-persone\/educare-per-crescere-insieme\/\" target=\"_blank\" rel=\"noopener\"><strong>Educare per crescere insieme<\/strong><\/a>\u00a0dell\u2019<a href=\"https:\/\/www.compagniadisanpaolo.it\/it\/le-nostre-sfide\/obiettivo-persone\/\" target=\"_blank\" rel=\"noopener\"><strong>Obiettivo Persone<\/strong><\/a> e <a href=\"https:\/\/www.compagniadisanpaolo.it\/it\/le-nostre-sfide\/obiettivo-cultura\/sviluppare-competenze\/\" target=\"_blank\" rel=\"noopener\"><strong>Sviluppare competenze<\/strong><\/a> dell\u2019<a href=\"https:\/\/www.compagniadisanpaolo.it\/it\/le-nostre-sfide\/obiettivo-cultura\/\" target=\"_blank\" rel=\"noopener\"><strong>Obiettivo Cultura<\/strong><\/a>, insieme ai suoi enti strumentali <strong>Fondazione per la Scuola<\/strong>, <strong>Ufficio Pio<\/strong> e <strong>Consorzio Xk\u00e9?<\/strong> <strong>ZeroTredici<\/strong>, in collaborazione con la <strong>Citt\u00e0 di Torino<\/strong>, l\u2019<strong>Ufficio Scolastico Regionale per il Piemonte<\/strong>, le <strong>organizzazioni territoriali<\/strong> e le <strong>istituzioni scolastiche<\/strong>. \u201c2022. Un\u2019estate insieme\u201d intende concorrere a restituire nei prossimi mesi una <strong>dimensione di relazioni<\/strong>, <strong>rafforzamento di apprendimenti<\/strong> e <strong>momenti di svago<\/strong> a bambini, bambine, ragazzi e ragazze della citt\u00e0.<\/p>\n<p>L\u2019appuntamento si svolger\u00e0 <strong>online mercoled\u00ec 4 maggio<\/strong> alle ore <strong>16.30<\/strong>. Indicazioni puntuali verranno fornite prossimamente tramite e-mail.[\/vc_column_text][\/vc_column][\/vc_row][vc_row el_class=&#8221;sdg-list-wrap&#8221;][vc_column][vc_raw_html]JTVCbW9zdHJhU0RHUyU1RA==[\/vc_raw_html][\/vc_column][\/vc_row][vc_row el_class=&#8221;sdg-list-wrap&#8221;][vc_column][vc_raw_html]JTVCU2V6aW9uZV9Eb2N1bWVudGklNUQ=[\/vc_raw_html][\/vc_column][\/vc_row][vc_row][vc_column]<div class=\"templatera_shortcode\"><div data-vc-full-width=\"true\" data-vc-full-width-temp=\"true\" data-vc-full-width-init=\"false\" class=\"vc_row wpb_row vc_row-fluid newsletter-wrap\"><div class=\"wpb_column vc_column_container vc_col-sm-12\"><div class=\"vc_column-inner\"><div class=\"wpb_wrapper\">\n\t<div class=\"wpb_raw_code wpb_raw_html wpb_content_element\" >\n\t\t<div class=\"wpb_wrapper\">\n\t\t\t    <div class=\"container\">\n      <div class=\"row align-items-center\">\n\t<div class=\"col-12 col-lg-6 col-xl-5 mb-3 mb-lg-0 pr-0\">\n\t  <h2 class=\"title\">Rimani aggiornato sui nostri bandi e sui nostri progetti<\/h2>\n\t<\/div>\n\t<div class=\"col-12 col-lg-6 col-xl-7 pl-xl-4\">\n\t  <a class=\"standard-link-block\" href=\"\/it\/newsletter\/\">\n\t    Compila il form e decidi su quale argomento vuoi ricevere notizie.\t    <strong>\u00a0 ISCRIVITI!<\/strong>\n\t  <\/a>\n\t<\/div>\n      <\/div>\n    <\/div>\n\t\t<\/div>\n\t<\/div>\n<\/div><\/div><\/div><\/div><div class=\"vc_row-full-width vc_clearfix\"><\/div><\/div>[\/vc_column][\/vc_row]\n<\/div>","protected":false},"excerpt":{"rendered":"Pubblicati i nomi degli enti che contribuiranno a costruire il palinsesto di attivit\u00e0 previste dall'iniziativa \u201cLa Bella Stagione 2022\u201d, messa in campo per offrire ai pi\u00f9 giovani nuove occasioni di partecipazione e di crescita nel corso delle settimane estive. Condividi: Facebook Twitter Linkedin Whatsapp Mail Data di pubblicazione: 29 Aprile 2022 Obiettivo Cultura. Obiettivo Persone. TagCittadinanza attivaComunit\u00e0 educantiCreativit\u00e0 ed esperienze attiveCreazione di reti solideEmpowerment delle famiglieNuove generazioniProtagonismo delle comunit\u00e0 Sono 29 gli enti museali e 41 gli enti di partecipazione che hanno risposto alla call for proposals \u201cLa Bella Stagione 2022 \u2013 un palinsesto di esperienze in citt\u00e0\u201d. L\u2019iniziativa \u00e8 parte del programma \u201c2022. Un\u2019Estate Insieme\u201d che mira a definire un palinsesto aperto di attivit\u00e0 creative ed esperienziali oltre a occasioni di scoperta, socialit\u00e0 e movimento a Torino e prima cintura da offrire durante le settimane estive all\u2019Estate Ragazzi del Comune di Torino \u2013 ITER, agli Oratori e alle associazioni del territorio, anche coinvolte nell\u2019iniziativa \u201cSam non va in vacanza\u201d. Dopo il successo ottenuto nell\u2019edizione 2021 de \u201cLa Bella Stagione\u201d, con oltre 18.000 ingressi registrati, cresce il numero degli enti e delle attivit\u00e0 che quest\u2019anno faranno parte del programma. Sono 118 le iniziative proposte, cos\u00ec suddivise: 46 attivit\u00e0 didattiche museali; 41 laboratori di promozione artistica e creativa; 12 laboratori di divulgazione scientifica ed educazione ambientale; 9 passeggiate urbane; 6 percorsi naturalistici; 4 iniziative di partecipazione attiva. Il palinsesto sar\u00e0 attivo dal 13 giugno al 9 settembre 2022 con l\u2019obiettivo di potenziare le occasioni di partecipazione e crescita di bambini, bambine, ragazzi e ragazze nel corso delle settimane estive. A garantire l\u2019accesso al palinsesto saranno gli Abbonamenti Musei Junior, che verranno messi a disposizione dei partecipanti dalla Fondazione Compagnia di San Paolo, grazie alla collaborazione attivata con l\u2019Associazione Abbonamento Musei. Le tessere Abbonamento Musei Junior potranno essere utilizzare fino al 10 giugno 2023 in tutti i musei di Piemonte e Valle d\u2019Aosta inseriti nel circuito Abbonamento Musei: un\u2019opportunit\u00e0 per migliaia di bambine e bambini di continuare a fruire e partecipare attivamente la bellezza diffusa dei musei con le proprie famiglie. Qui\u00a0\u00e8 possibile scaricare l\u2019elenco completo degli enti che hanno risposto alla call for proposals e che, con le loro attivit\u00e0, comporranno il palinsesto de La Bella Stagione 2022. Gli enti inclusi nell\u2019elenco sono invitati a un primo momento di incontro e confronto tra tutti i soggetti che prendono parte a \u201c2022. Un\u2019Estate Insieme\u201d, lanciato dalla Fondazione Compagnia di San Paolo, con le missioni Educare per crescere insieme\u00a0dell\u2019Obiettivo Persone e Sviluppare competenze dell\u2019Obiettivo Cultura, insieme ai suoi enti strumentali Fondazione per la Scuola, Ufficio Pio e Consorzio Xk\u00e9? ZeroTredici, in collaborazione con la Citt\u00e0 di Torino, l\u2019Ufficio Scolastico Regionale per il Piemonte, le organizzazioni territoriali e le istituzioni scolastiche. \u201c2022. Un\u2019estate insieme\u201d intende concorrere a restituire nei prossimi mesi una dimensione di relazioni, rafforzamento di apprendimenti e momenti di svago a bambini, bambine, ragazzi e ragazze della citt\u00e0. L\u2019appuntamento si svolger\u00e0 online mercoled\u00ec 4 maggio alle ore 16.30. Indicazioni puntuali verranno fornite prossimamente tramite e-mail. Questa iniziativa contribuisce al raggiungimento dei seguenti Obiettivi di Sviluppo Sostenibile Documenti di riferimento La Bella Stagione 2022 - Esiti Scarica il documento Rimani aggiornato sui nostri bandi e sui nostri progetti Compila il form e decidi su quale argomento vuoi ricevere notizie. \u00a0 ISCRIVITI!","protected":false},"author":19,"featured_media":12473,"comment_status":"closed","ping_status":"closed","sticky":false,"template":"","format":"standard","meta":{"_acf_changed":false,"content-type":"","footnotes":""},"categories":[17],"tags":[84,81,63,70,80,54,90],"class_list":["post-17808","post","type-post","status-publish","format-standard","has-post-thumbnail","hentry","category-news","tag-cittadinanza-attiva","tag-comunita-educanti","tag-creativita-ed-esperienze-attive","tag-creazione-di-reti-solide","tag-empowerment-delle-famiglie","tag-nuove-generazioni","tag-protagonismo-delle-comunita","entry","post-inner"],"acf":[],"yoast_head":"<!-- This site is optimized with the Yoast SEO plugin v27.3 - https:\/\/yoast.com\/product\/yoast-seo-wordpress\/ -->\n<title>&quot;La Bella Stagione 2022&quot; \u00e8 pronta a partire - Fondazione Compagnia di San Paolo<\/title>\n<meta name=\"description\" content=\"Pubblicati i nomi degli enti che contribuiranno a costruire il palinsesto di attivit\u00e0 previste dall&#039;iniziativa \u201cLa Bella Stagione 2022\u201d\" \/>\n<meta name=\"robots\" content=\"index, follow, max-snippet:-1, max-image-preview:large, max-video-preview:-1\" \/>\n<link rel=\"canonical\" href=\"https:\/\/www.compagniadisanpaolo.it\/it\/news\/la-bella-stagione-2022-e-pronta-a-partire\/\" \/>\n<meta property=\"og:locale\" content=\"it_IT\" \/>\n<meta property=\"og:type\" content=\"article\" \/>\n<meta property=\"og:title\" content=\"&quot;La Bella Stagione 2022&quot; \u00e8 pronta a partire - Fondazione Compagnia di San Paolo\" \/>\n<meta property=\"og:description\" content=\"Pubblicati i nomi degli enti che contribuiranno a costruire il palinsesto di attivit\u00e0 previste dall&#039;iniziativa \u201cLa Bella Stagione 2022\u201d\" \/>\n<meta property=\"og:url\" content=\"https:\/\/www.compagniadisanpaolo.it\/it\/news\/la-bella-stagione-2022-e-pronta-a-partire\/\" \/>\n<meta property=\"og:site_name\" content=\"Fondazione Compagnia di San Paolo\" \/>\n<meta property=\"article:publisher\" content=\"https:\/\/www.facebook.com\/CompagniaDiSanPaolo\" \/>\n<meta property=\"article:published_time\" content=\"2022-04-29T12:50:17+00:00\" \/>\n<meta property=\"og:image\" content=\"https:\/\/www.compagniadisanpaolo.it\/wp-content\/uploads\/la-bella-stagione-header.jpg\" \/>\n\t<meta property=\"og:image:width\" content=\"815\" \/>\n\t<meta property=\"og:image:height\" content=\"350\" \/>\n\t<meta property=\"og:image:type\" content=\"image\/jpeg\" \/>\n<meta name=\"author\" content=\"Federica\" \/>\n<meta name=\"twitter:card\" content=\"summary_large_image\" \/>\n<meta name=\"twitter:creator\" content=\"@CSP_live\" \/>\n<meta name=\"twitter:site\" content=\"@CSP_live\" \/>\n<meta name=\"twitter:label1\" content=\"Scritto da\" \/>\n\t<meta name=\"twitter:data1\" content=\"Federica\" \/>\n\t<meta name=\"twitter:label2\" content=\"Tempo di lettura stimato\" \/>\n\t<meta name=\"twitter:data2\" content=\"3 minuti\" \/>\n<script type=\"application\/ld+json\" class=\"yoast-schema-graph\">{\"@context\":\"https:\\\/\\\/schema.org\",\"@graph\":[{\"@type\":\"Article\",\"@id\":\"https:\\\/\\\/www.compagniadisanpaolo.it\\\/it\\\/news\\\/la-bella-stagione-2022-e-pronta-a-partire\\\/#article\",\"isPartOf\":{\"@id\":\"https:\\\/\\\/www.compagniadisanpaolo.it\\\/it\\\/news\\\/la-bella-stagione-2022-e-pronta-a-partire\\\/\"},\"author\":{\"name\":\"Federica\",\"@id\":\"https:\\\/\\\/www.compagniadisanpaolo.it\\\/it\\\/#\\\/schema\\\/person\\\/b7d5451541c25c82f29c5be1e78456b2\"},\"headline\":\"&#8220;La Bella Stagione 2022&#8221; \u00e8 pronta a partire\",\"datePublished\":\"2022-04-29T12:50:17+00:00\",\"mainEntityOfPage\":{\"@id\":\"https:\\\/\\\/www.compagniadisanpaolo.it\\\/it\\\/news\\\/la-bella-stagione-2022-e-pronta-a-partire\\\/\"},\"wordCount\":583,\"publisher\":{\"@id\":\"https:\\\/\\\/www.compagniadisanpaolo.it\\\/it\\\/#organization\"},\"image\":{\"@id\":\"https:\\\/\\\/www.compagniadisanpaolo.it\\\/it\\\/news\\\/la-bella-stagione-2022-e-pronta-a-partire\\\/#primaryimage\"},\"thumbnailUrl\":\"https:\\\/\\\/www.compagniadisanpaolo.it\\\/wp-content\\\/uploads\\\/la-bella-stagione-header.jpg\",\"keywords\":[\"cittadinanza attiva\",\"comunit\u00e0 educanti\",\"creativit\u00e0 ed esperienze attive\",\"creazione di reti solide\",\"empowerment delle famiglie\",\"nuove generazioni\",\"protagonismo delle comunit\u00e0\"],\"articleSection\":[\"News\"],\"inLanguage\":\"it-IT\"},{\"@type\":\"WebPage\",\"@id\":\"https:\\\/\\\/www.compagniadisanpaolo.it\\\/it\\\/news\\\/la-bella-stagione-2022-e-pronta-a-partire\\\/\",\"url\":\"https:\\\/\\\/www.compagniadisanpaolo.it\\\/it\\\/news\\\/la-bella-stagione-2022-e-pronta-a-partire\\\/\",\"name\":\"\\\"La Bella Stagione 2022\\\" \u00e8 pronta a partire - Fondazione Compagnia di San Paolo\",\"isPartOf\":{\"@id\":\"https:\\\/\\\/www.compagniadisanpaolo.it\\\/it\\\/#website\"},\"primaryImageOfPage\":{\"@id\":\"https:\\\/\\\/www.compagniadisanpaolo.it\\\/it\\\/news\\\/la-bella-stagione-2022-e-pronta-a-partire\\\/#primaryimage\"},\"image\":{\"@id\":\"https:\\\/\\\/www.compagniadisanpaolo.it\\\/it\\\/news\\\/la-bella-stagione-2022-e-pronta-a-partire\\\/#primaryimage\"},\"thumbnailUrl\":\"https:\\\/\\\/www.compagniadisanpaolo.it\\\/wp-content\\\/uploads\\\/la-bella-stagione-header.jpg\",\"datePublished\":\"2022-04-29T12:50:17+00:00\",\"description\":\"Pubblicati i nomi degli enti che contribuiranno a costruire il palinsesto di attivit\u00e0 previste dall'iniziativa \u201cLa Bella Stagione 2022\u201d\",\"breadcrumb\":{\"@id\":\"https:\\\/\\\/www.compagniadisanpaolo.it\\\/it\\\/news\\\/la-bella-stagione-2022-e-pronta-a-partire\\\/#breadcrumb\"},\"inLanguage\":\"it-IT\",\"potentialAction\":[{\"@type\":\"ReadAction\",\"target\":[\"https:\\\/\\\/www.compagniadisanpaolo.it\\\/it\\\/news\\\/la-bella-stagione-2022-e-pronta-a-partire\\\/\"]}]},{\"@type\":\"ImageObject\",\"inLanguage\":\"it-IT\",\"@id\":\"https:\\\/\\\/www.compagniadisanpaolo.it\\\/it\\\/news\\\/la-bella-stagione-2022-e-pronta-a-partire\\\/#primaryimage\",\"url\":\"https:\\\/\\\/www.compagniadisanpaolo.it\\\/wp-content\\\/uploads\\\/la-bella-stagione-header.jpg\",\"contentUrl\":\"https:\\\/\\\/www.compagniadisanpaolo.it\\\/wp-content\\\/uploads\\\/la-bella-stagione-header.jpg\",\"width\":815,\"height\":350},{\"@type\":\"BreadcrumbList\",\"@id\":\"https:\\\/\\\/www.compagniadisanpaolo.it\\\/it\\\/news\\\/la-bella-stagione-2022-e-pronta-a-partire\\\/#breadcrumb\",\"itemListElement\":[{\"@type\":\"ListItem\",\"position\":1,\"name\":\"Home\",\"item\":\"https:\\\/\\\/www.compagniadisanpaolo.it\\\/it\\\/\"},{\"@type\":\"ListItem\",\"position\":2,\"name\":\"&#8220;La Bella Stagione 2022&#8221; \u00e8 pronta a partire\"}]},{\"@type\":\"WebSite\",\"@id\":\"https:\\\/\\\/www.compagniadisanpaolo.it\\\/it\\\/#website\",\"url\":\"https:\\\/\\\/www.compagniadisanpaolo.it\\\/it\\\/\",\"name\":\"Fondazione Compagnia di San Paolo\",\"description\":\"\",\"publisher\":{\"@id\":\"https:\\\/\\\/www.compagniadisanpaolo.it\\\/it\\\/#organization\"},\"potentialAction\":[{\"@type\":\"SearchAction\",\"target\":{\"@type\":\"EntryPoint\",\"urlTemplate\":\"https:\\\/\\\/www.compagniadisanpaolo.it\\\/it\\\/?s={search_term_string}\"},\"query-input\":{\"@type\":\"PropertyValueSpecification\",\"valueRequired\":true,\"valueName\":\"search_term_string\"}}],\"inLanguage\":\"it-IT\"},{\"@type\":\"Organization\",\"@id\":\"https:\\\/\\\/www.compagniadisanpaolo.it\\\/it\\\/#organization\",\"name\":\"Fondazione Compagnia di San Paolo\",\"url\":\"https:\\\/\\\/www.compagniadisanpaolo.it\\\/it\\\/\",\"logo\":{\"@type\":\"ImageObject\",\"inLanguage\":\"it-IT\",\"@id\":\"https:\\\/\\\/www.compagniadisanpaolo.it\\\/it\\\/#\\\/schema\\\/logo\\\/image\\\/\",\"url\":\"https:\\\/\\\/www.compagniadisanpaolo.it\\\/wp-content\\\/uploads\\\/logo.svg\",\"contentUrl\":\"https:\\\/\\\/www.compagniadisanpaolo.it\\\/wp-content\\\/uploads\\\/logo.svg\",\"width\":769,\"height\":323,\"caption\":\"Fondazione Compagnia di San Paolo\"},\"image\":{\"@id\":\"https:\\\/\\\/www.compagniadisanpaolo.it\\\/it\\\/#\\\/schema\\\/logo\\\/image\\\/\"},\"sameAs\":[\"https:\\\/\\\/www.facebook.com\\\/CompagniaDiSanPaolo\",\"https:\\\/\\\/x.com\\\/CSP_live\",\"http:\\\/\\\/instagram.com\\\/compagniadisanpaolo?ref=badge\",\"https:\\\/\\\/www.linkedin.com\\\/company\\\/compagnia-di-san-paolo\",\"https:\\\/\\\/www.youtube.com\\\/user\\\/compagniadisanpaolo\",\"https:\\\/\\\/it.wikipedia.org\\\/wiki\\\/Compagnia_di_San_Paolo\"]},{\"@type\":\"Person\",\"@id\":\"https:\\\/\\\/www.compagniadisanpaolo.it\\\/it\\\/#\\\/schema\\\/person\\\/b7d5451541c25c82f29c5be1e78456b2\",\"name\":\"Federica\",\"image\":{\"@type\":\"ImageObject\",\"inLanguage\":\"it-IT\",\"@id\":\"https:\\\/\\\/secure.gravatar.com\\\/avatar\\\/b5698fa13ac389b1f1fb1263a4626e219d853d7ccf112e854aea8c9c087d24ae?s=96&d=mm&r=g\",\"url\":\"https:\\\/\\\/secure.gravatar.com\\\/avatar\\\/b5698fa13ac389b1f1fb1263a4626e219d853d7ccf112e854aea8c9c087d24ae?s=96&d=mm&r=g\",\"contentUrl\":\"https:\\\/\\\/secure.gravatar.com\\\/avatar\\\/b5698fa13ac389b1f1fb1263a4626e219d853d7ccf112e854aea8c9c087d24ae?s=96&d=mm&r=g\",\"caption\":\"Federica\"}}]}<\/script>\n<!-- \/ Yoast SEO plugin. -->","yoast_head_json":{"title":"\"La Bella Stagione 2022\" \u00e8 pronta a partire - Fondazione Compagnia di San Paolo","description":"Pubblicati i nomi degli enti che contribuiranno a costruire il palinsesto di attivit\u00e0 previste dall'iniziativa \u201cLa Bella Stagione 2022\u201d","robots":{"index":"index","follow":"follow","max-snippet":"max-snippet:-1","max-image-preview":"max-image-preview:large","max-video-preview":"max-video-preview:-1"},"canonical":"https:\/\/www.compagniadisanpaolo.it\/it\/news\/la-bella-stagione-2022-e-pronta-a-partire\/","og_locale":"it_IT","og_type":"article","og_title":"\"La Bella Stagione 2022\" \u00e8 pronta a partire - Fondazione Compagnia di San Paolo","og_description":"Pubblicati i nomi degli enti che contribuiranno a costruire il palinsesto di attivit\u00e0 previste dall'iniziativa \u201cLa Bella Stagione 2022\u201d","og_url":"https:\/\/www.compagniadisanpaolo.it\/it\/news\/la-bella-stagione-2022-e-pronta-a-partire\/","og_site_name":"Fondazione Compagnia di San Paolo","article_publisher":"https:\/\/www.facebook.com\/CompagniaDiSanPaolo","article_published_time":"2022-04-29T12:50:17+00:00","og_image":[{"width":815,"height":350,"url":"https:\/\/www.compagniadisanpaolo.it\/wp-content\/uploads\/la-bella-stagione-header.jpg","type":"image\/jpeg"}],"author":"Federica","twitter_card":"summary_large_image","twitter_creator":"@CSP_live","twitter_site":"@CSP_live","twitter_misc":{"Scritto da":"Federica","Tempo di lettura stimato":"3 minuti"},"schema":{"@context":"https:\/\/schema.org","@graph":[{"@type":"Article","@id":"https:\/\/www.compagniadisanpaolo.it\/it\/news\/la-bella-stagione-2022-e-pronta-a-partire\/#article","isPartOf":{"@id":"https:\/\/www.compagniadisanpaolo.it\/it\/news\/la-bella-stagione-2022-e-pronta-a-partire\/"},"author":{"name":"Federica","@id":"https:\/\/www.compagniadisanpaolo.it\/it\/#\/schema\/person\/b7d5451541c25c82f29c5be1e78456b2"},"headline":"&#8220;La Bella Stagione 2022&#8221; \u00e8 pronta a partire","datePublished":"2022-04-29T12:50:17+00:00","mainEntityOfPage":{"@id":"https:\/\/www.compagniadisanpaolo.it\/it\/news\/la-bella-stagione-2022-e-pronta-a-partire\/"},"wordCount":583,"publisher":{"@id":"https:\/\/www.compagniadisanpaolo.it\/it\/#organization"},"image":{"@id":"https:\/\/www.compagniadisanpaolo.it\/it\/news\/la-bella-stagione-2022-e-pronta-a-partire\/#primaryimage"},"thumbnailUrl":"https:\/\/www.compagniadisanpaolo.it\/wp-content\/uploads\/la-bella-stagione-header.jpg","keywords":["cittadinanza attiva","comunit\u00e0 educanti","creativit\u00e0 ed esperienze attive","creazione di reti solide","empowerment delle famiglie","nuove generazioni","protagonismo delle comunit\u00e0"],"articleSection":["News"],"inLanguage":"it-IT"},{"@type":"WebPage","@id":"https:\/\/www.compagniadisanpaolo.it\/it\/news\/la-bella-stagione-2022-e-pronta-a-partire\/","url":"https:\/\/www.compagniadisanpaolo.it\/it\/news\/la-bella-stagione-2022-e-pronta-a-partire\/","name":"\"La Bella Stagione 2022\" \u00e8 pronta a partire - Fondazione Compagnia di San Paolo","isPartOf":{"@id":"https:\/\/www.compagniadisanpaolo.it\/it\/#website"},"primaryImageOfPage":{"@id":"https:\/\/www.compagniadisanpaolo.it\/it\/news\/la-bella-stagione-2022-e-pronta-a-partire\/#primaryimage"},"image":{"@id":"https:\/\/www.compagniadisanpaolo.it\/it\/news\/la-bella-stagione-2022-e-pronta-a-partire\/#primaryimage"},"thumbnailUrl":"https:\/\/www.compagniadisanpaolo.it\/wp-content\/uploads\/la-bella-stagione-header.jpg","datePublished":"2022-04-29T12:50:17+00:00","description":"Pubblicati i nomi degli enti che contribuiranno a costruire il palinsesto di attivit\u00e0 previste dall'iniziativa \u201cLa Bella Stagione 2022\u201d","breadcrumb":{"@id":"https:\/\/www.compagniadisanpaolo.it\/it\/news\/la-bella-stagione-2022-e-pronta-a-partire\/#breadcrumb"},"inLanguage":"it-IT","potentialAction":[{"@type":"ReadAction","target":["https:\/\/www.compagniadisanpaolo.it\/it\/news\/la-bella-stagione-2022-e-pronta-a-partire\/"]}]},{"@type":"ImageObject","inLanguage":"it-IT","@id":"https:\/\/www.compagniadisanpaolo.it\/it\/news\/la-bella-stagione-2022-e-pronta-a-partire\/#primaryimage","url":"https:\/\/www.compagniadisanpaolo.it\/wp-content\/uploads\/la-bella-stagione-header.jpg","contentUrl":"https:\/\/www.compagniadisanpaolo.it\/wp-content\/uploads\/la-bella-stagione-header.jpg","width":815,"height":350},{"@type":"BreadcrumbList","@id":"https:\/\/www.compagniadisanpaolo.it\/it\/news\/la-bella-stagione-2022-e-pronta-a-partire\/#breadcrumb","itemListElement":[{"@type":"ListItem","position":1,"name":"Home","item":"https:\/\/www.compagniadisanpaolo.it\/it\/"},{"@type":"ListItem","position":2,"name":"&#8220;La Bella Stagione 2022&#8221; \u00e8 pronta a partire"}]},{"@type":"WebSite","@id":"https:\/\/www.compagniadisanpaolo.it\/it\/#website","url":"https:\/\/www.compagniadisanpaolo.it\/it\/","name":"Fondazione Compagnia di San Paolo","description":"","publisher":{"@id":"https:\/\/www.compagniadisanpaolo.it\/it\/#organization"},"potentialAction":[{"@type":"SearchAction","target":{"@type":"EntryPoint","urlTemplate":"https:\/\/www.compagniadisanpaolo.it\/it\/?s={search_term_string}"},"query-input":{"@type":"PropertyValueSpecification","valueRequired":true,"valueName":"search_term_string"}}],"inLanguage":"it-IT"},{"@type":"Organization","@id":"https:\/\/www.compagniadisanpaolo.it\/it\/#organization","name":"Fondazione Compagnia di San Paolo","url":"https:\/\/www.compagniadisanpaolo.it\/it\/","logo":{"@type":"ImageObject","inLanguage":"it-IT","@id":"https:\/\/www.compagniadisanpaolo.it\/it\/#\/schema\/logo\/image\/","url":"https:\/\/www.compagniadisanpaolo.it\/wp-content\/uploads\/logo.svg","contentUrl":"https:\/\/www.compagniadisanpaolo.it\/wp-content\/uploads\/logo.svg","width":769,"height":323,"caption":"Fondazione Compagnia di San Paolo"},"image":{"@id":"https:\/\/www.compagniadisanpaolo.it\/it\/#\/schema\/logo\/image\/"},"sameAs":["https:\/\/www.facebook.com\/CompagniaDiSanPaolo","https:\/\/x.com\/CSP_live","http:\/\/instagram.com\/compagniadisanpaolo?ref=badge","https:\/\/www.linkedin.com\/company\/compagnia-di-san-paolo","https:\/\/www.youtube.com\/user\/compagniadisanpaolo","https:\/\/it.wikipedia.org\/wiki\/Compagnia_di_San_Paolo"]},{"@type":"Person","@id":"https:\/\/www.compagniadisanpaolo.it\/it\/#\/schema\/person\/b7d5451541c25c82f29c5be1e78456b2","name":"Federica","image":{"@type":"ImageObject","inLanguage":"it-IT","@id":"https:\/\/secure.gravatar.com\/avatar\/b5698fa13ac389b1f1fb1263a4626e219d853d7ccf112e854aea8c9c087d24ae?s=96&d=mm&r=g","url":"https:\/\/secure.gravatar.com\/avatar\/b5698fa13ac389b1f1fb1263a4626e219d853d7ccf112e854aea8c9c087d24ae?s=96&d=mm&r=g","contentUrl":"https:\/\/secure.gravatar.com\/avatar\/b5698fa13ac389b1f1fb1263a4626e219d853d7ccf112e854aea8c9c087d24ae?s=96&d=mm&r=g","caption":"Federica"}}]}},"amp_enabled":true,"_links":{"self":[{"href":"https:\/\/www.compagniadisanpaolo.it\/it\/wp-json\/wp\/v2\/posts\/17808","targetHints":{"allow":["GET"]}}],"collection":[{"href":"https:\/\/www.compagniadisanpaolo.it\/it\/wp-json\/wp\/v2\/posts"}],"about":[{"href":"https:\/\/www.compagniadisanpaolo.it\/it\/wp-json\/wp\/v2\/types\/post"}],"author":[{"embeddable":true,"href":"https:\/\/www.compagniadisanpaolo.it\/it\/wp-json\/wp\/v2\/users\/19"}],"replies":[{"embeddable":true,"href":"https:\/\/www.compagniadisanpaolo.it\/it\/wp-json\/wp\/v2\/comments?post=17808"}],"version-history":[{"count":2,"href":"https:\/\/www.compagniadisanpaolo.it\/it\/wp-json\/wp\/v2\/posts\/17808\/revisions"}],"predecessor-version":[{"id":17811,"href":"https:\/\/www.compagniadisanpaolo.it\/it\/wp-json\/wp\/v2\/posts\/17808\/revisions\/17811"}],"wp:featuredmedia":[{"embeddable":true,"href":"https:\/\/www.compagniadisanpaolo.it\/it\/wp-json\/wp\/v2\/media\/12473"}],"wp:attachment":[{"href":"https:\/\/www.compagniadisanpaolo.it\/it\/wp-json\/wp\/v2\/media?parent=17808"}],"wp:term":[{"taxonomy":"category","embeddable":true,"href":"https:\/\/www.compagniadisanpaolo.it\/it\/wp-json\/wp\/v2\/categories?post=17808"},{"taxonomy":"post_tag","embeddable":true,"href":"https:\/\/www.compagniadisanpaolo.it\/it\/wp-json\/wp\/v2\/tags?post=17808"}],"curies":[{"name":"wp","href":"https:\/\/api.w.org\/{rel}","templated":true}]}}